{"id":4048,"date":"2025-03-23T13:00:00","date_gmt":"2025-03-23T12:00:00","guid":{"rendered":"https:\/\/unaymilletras.com\/?p=4048"},"modified":"2025-03-20T13:12:11","modified_gmt":"2025-03-20T12:12:11","slug":"la-plataforma-max-ha-anunciado-la-renovacion-de-su-serie-original-siguiendo-a-conan-obrien-por-una-tercera-temporada-antes-incluso-del-estreno-de-su-segunda-entrega-programada-para-mayo","status":"publish","type":"post","link":"https:\/\/unaymilletras.com\/en\/la-plataforma-max-ha-anunciado-la-renovacion-de-su-serie-original-siguiendo-a-conan-obrien-por-una-tercera-temporada-antes-incluso-del-estreno-de-su-segunda-entrega-programada-para-mayo\/","title":{"rendered":"Max renueva &#8216;Siguiendo a Conan O&#8217;Brien&#8217; por una tercera temporada y adelanta im\u00e1genes de la segunda"},"content":{"rendered":"<div data-elementor-type=\"wp-post\" data-elementor-id=\"4048\" class=\"elementor elementor-4048\">\n\t\t\t\t\t\t<section class=\"elementor-section elementor-top-section elementor-element elementor-element-29797539 elementor-section-boxed elementor-section-height-default elementor-section-height-default\" data-id=\"29797539\" data-element_type=\"section\" data-e-type=\"section\">\n\t\t\t\t\t\t<div class=\"elementor-container elementor-column-gap-default\">\n\t\t\t\t\t<div class=\"elementor-column elementor-col-100 elementor-top-column elementor-element elementor-element-1fef9ef5\" data-id=\"1fef9ef5\" data-element_type=\"column\" data-e-type=\"column\">\n\t\t\t<div class=\"elementor-widget-wrap elementor-element-populated\">\n\t\t\t\t\t\t<div class=\"elementor-element elementor-element-612920b1 elementor-widget elementor-widget-text-editor\" data-id=\"612920b1\" data-element_type=\"widget\" data-e-type=\"widget\" data-widget_type=\"text-editor.default\">\n\t\t\t\t<div class=\"elementor-widget-container\">\n\t\t\t\t\t\t\t\t\t\n<h3 class=\"wp-block-heading\" style=\"text-align: center;\"><span style=\"color: #808080;\"><em>La serie \u00abSiguiendo a Conan O&#8217;Brien\u00bb, ganadora de un Emmy\u00ae, regresa con m\u00e1s viajes y humor irreverente, con Javier Bardem como estrella invitada<\/em><\/span><\/h3>\n\n<p>La plataforma Max ha anunciado la renovaci\u00f3n de su serie original <em><strong>Siguiendo a Conan O&#8217;Brien<\/strong><\/em> por una tercera temporada, antes incluso del estreno de su segunda entrega, programada para mayo. La serie ha sido galardonada con un Emmy\u00ae.<\/p>\n\n<p>Para emocionar a los fans, Max ha compartido las primeras <strong>im\u00e1genes de la segunda temporada<\/strong>, que constar\u00e1 de tres episodios en los que Conan visitar\u00e1 Nueva Zelanda, Austria y Espa\u00f1a. Como gran atractivo de esta nueva entrega, el actor espa\u00f1ol <strong>Javier Bardem<\/strong> ser\u00e1 una de las estrellas invitadas, sum\u00e1ndose a las aventuras del c\u00f3mico.<\/p>\n\n<figure class=\"wp-block-gallery has-nested-images columns-default is-cropped wp-block-gallery-2 is-layout-flex wp-block-gallery-is-layout-flex\">\n<figure class=\"wp-block-image size-large\"><img fetchpriority=\"high\" decoding=\"async\" width=\"1024\" height=\"683\" data-id=\"4052\" class=\"wp-image-4052\" src=\"https:\/\/unaymilletras.com\/wp-content\/uploads\/2025\/03\/CC_02884-1024x683.jpg\" alt=\"\" srcset=\"https:\/\/unaymilletras.com\/wp-content\/uploads\/2025\/03\/CC_02884-1024x683.jpg 1024w, https:\/\/unaymilletras.com\/wp-content\/uploads\/2025\/03\/CC_02884-300x200.jpg 300w, https:\/\/unaymilletras.com\/wp-content\/uploads\/2025\/03\/CC_02884-768x512.jpg 768w, https:\/\/unaymilletras.com\/wp-content\/uploads\/2025\/03\/CC_02884-1536x1024.jpg 1536w, https:\/\/unaymilletras.com\/wp-content\/uploads\/2025\/03\/CC_02884-2048x1365.jpg 2048w, https:\/\/unaymilletras.com\/wp-content\/uploads\/2025\/03\/CC_02884-18x12.jpg 18w\" sizes=\"(max-width: 1024px) 100vw, 1024px\" \/><\/figure>\n\n<figure class=\"wp-block-image size-large\"><img decoding=\"async\" width=\"1024\" height=\"887\" data-id=\"4053\" class=\"wp-image-4053\" src=\"https:\/\/unaymilletras.com\/wp-content\/uploads\/2025\/03\/CC_00661-1024x887.jpg\" alt=\"\" srcset=\"https:\/\/unaymilletras.com\/wp-content\/uploads\/2025\/03\/CC_00661-1024x887.jpg 1024w, https:\/\/unaymilletras.com\/wp-content\/uploads\/2025\/03\/CC_00661-300x260.jpg 300w, https:\/\/unaymilletras.com\/wp-content\/uploads\/2025\/03\/CC_00661-768x666.jpg 768w, https:\/\/unaymilletras.com\/wp-content\/uploads\/2025\/03\/CC_00661-1536x1331.jpg 1536w, https:\/\/unaymilletras.com\/wp-content\/uploads\/2025\/03\/CC_00661-2048x1775.jpg 2048w, https:\/\/unaymilletras.com\/wp-content\/uploads\/2025\/03\/CC_00661-14x12.jpg 14w\" sizes=\"(max-width: 1024px) 100vw, 1024px\" \/><\/figure>\n\n<figure class=\"wp-block-image size-large\"><img decoding=\"async\" width=\"1024\" height=\"683\" data-id=\"4051\" class=\"wp-image-4051\" src=\"https:\/\/unaymilletras.com\/wp-content\/uploads\/2025\/03\/CC_00758-1024x683.jpg\" alt=\"\" srcset=\"https:\/\/unaymilletras.com\/wp-content\/uploads\/2025\/03\/CC_00758-1024x683.jpg 1024w, https:\/\/unaymilletras.com\/wp-content\/uploads\/2025\/03\/CC_00758-300x200.jpg 300w, https:\/\/unaymilletras.com\/wp-content\/uploads\/2025\/03\/CC_00758-768x512.jpg 768w, https:\/\/unaymilletras.com\/wp-content\/uploads\/2025\/03\/CC_00758-1536x1024.jpg 1536w, https:\/\/unaymilletras.com\/wp-content\/uploads\/2025\/03\/CC_00758-2048x1365.jpg 2048w, https:\/\/unaymilletras.com\/wp-content\/uploads\/2025\/03\/CC_00758-18x12.jpg 18w\" sizes=\"(max-width: 1024px) 100vw, 1024px\" \/><\/figure>\n\n<figure class=\"wp-block-image size-large\"><img loading=\"lazy\" decoding=\"async\" width=\"1024\" height=\"683\" data-id=\"4054\" class=\"wp-image-4054\" src=\"https:\/\/unaymilletras.com\/wp-content\/uploads\/2025\/03\/CC_01997-1024x683.jpg\" alt=\"\" srcset=\"https:\/\/unaymilletras.com\/wp-content\/uploads\/2025\/03\/CC_01997-1024x683.jpg 1024w, https:\/\/unaymilletras.com\/wp-content\/uploads\/2025\/03\/CC_01997-300x200.jpg 300w, https:\/\/unaymilletras.com\/wp-content\/uploads\/2025\/03\/CC_01997-768x512.jpg 768w, https:\/\/unaymilletras.com\/wp-content\/uploads\/2025\/03\/CC_01997-1536x1024.jpg 1536w, https:\/\/unaymilletras.com\/wp-content\/uploads\/2025\/03\/CC_01997-2048x1365.jpg 2048w, https:\/\/unaymilletras.com\/wp-content\/uploads\/2025\/03\/CC_01997-18x12.jpg 18w\" sizes=\"(max-width: 1024px) 100vw, 1024px\" \/><\/figure>\n<\/figure>\n\n<p>Nina Rosenstein, vicepresidenta ejecutiva de HBO Programming, Late Night &amp; Specials, ha comentado sobre la serie: \u00abTrabajar con Conan y su equipo en <em><strong>Conan O&#8217;Brien Must Go<\/strong><\/em> es el viaje de tu vida. Son irritantemente brillantes y nadie puede hacer que los lugare\u00f1os se sientan tan profundamente inc\u00f3modos en su propio pa\u00eds como Conan&#8230; \u00a1esta temporada en lederhosen!\u00bb.<\/p>\n\n<p>La segunda temporada de <em>Siguiendo a Conan O&#8217;Brien<\/em> est\u00e1 producida por Conaco, con Conan O&#8217;Brien y Jeff Ross como productores ejecutivos.<\/p>\n\t\t\t\t\t\t\t\t<\/div>\n\t\t\t\t<\/div>\n\t\t\t\t\t<\/div>\n\t\t<\/div>\n\t\t\t\t\t<\/div>\n\t\t<\/section>\n\t\t\t\t<\/div>","protected":false},"excerpt":{"rendered":"<p>La serie \u00abSiguiendo a Conan O&#8217;Brien\u00bb, ganadora de un Emmy\u00ae, regresa con m\u00e1s viajes y humor irreverente, con Javier Bardem como estrella invitada La plataforma Max ha anunciado la renovaci\u00f3n de su serie original Siguiendo a Conan O&#8217;Brien por una tercera temporada, antes incluso del estreno de su segunda entrega, programada para mayo. La serie [&hellip;]<\/p>\n","protected":false},"author":9,"featured_media":4051,"comment_status":"closed","ping_status":"closed","sticky":false,"template":"","format":"standard","meta":{"footnotes":""},"categories":[117],"tags":[156],"class_list":["post-4048","post","type-post","status-publish","format-standard","has-post-thumbnail","hentry","category-peliculas-y-series","tag-hbo-max"],"yoast_head":"<!-- This site is optimized with the Yoast SEO plugin v27.4 - https:\/\/yoast.com\/product\/yoast-seo-wordpress\/ -->\n<title>HBO MAX renueva &#039;Siguiendo a Conan&#039;<\/title>\n<meta name=\"description\" content=\"La plataforma Max ha anunciado la renovaci\u00f3n de su serie original Siguiendo a Conan O&#039;Brien por una tercera temporada.\" \/>\n<meta name=\"robots\" content=\"index, follow, max-snippet:-1, max-image-preview:large, max-video-preview:-1\" \/>\n<link rel=\"canonical\" href=\"https:\/\/unaymilletras.com\/en\/la-plataforma-max-ha-anunciado-la-renovacion-de-su-serie-original-siguiendo-a-conan-obrien-por-una-tercera-temporada-antes-incluso-del-estreno-de-su-segunda-entrega-programada-para-mayo\/\" \/>\n<meta property=\"og:locale\" content=\"en_GB\" \/>\n<meta property=\"og:type\" content=\"article\" \/>\n<meta property=\"og:title\" content=\"HBO MAX renueva &#039;Siguiendo a Conan&#039;\" \/>\n<meta property=\"og:description\" content=\"La plataforma Max ha anunciado la renovaci\u00f3n de su serie original Siguiendo a Conan O&#039;Brien por una tercera temporada.\" \/>\n<meta property=\"og:url\" content=\"https:\/\/unaymilletras.com\/en\/la-plataforma-max-ha-anunciado-la-renovacion-de-su-serie-original-siguiendo-a-conan-obrien-por-una-tercera-temporada-antes-incluso-del-estreno-de-su-segunda-entrega-programada-para-mayo\/\" \/>\n<meta property=\"og:site_name\" content=\"Una y Mil Letras\" \/>\n<meta property=\"article:published_time\" content=\"2025-03-23T12:00:00+00:00\" \/>\n<meta property=\"og:image\" content=\"https:\/\/unaymilletras.com\/wp-content\/uploads\/2025\/03\/CC_00758-scaled.jpg\" \/>\n\t<meta property=\"og:image:width\" content=\"2560\" \/>\n\t<meta property=\"og:image:height\" content=\"1707\" \/>\n\t<meta property=\"og:image:type\" content=\"image\/jpeg\" \/>\n<meta name=\"author\" content=\"Victoria Hern\u00e1ndez\" \/>\n<meta name=\"twitter:card\" content=\"summary_large_image\" \/>\n<meta name=\"twitter:creator\" content=\"@UnaYMilLetras\" \/>\n<meta name=\"twitter:site\" content=\"@UnaYMilLetras\" \/>\n<meta name=\"twitter:label1\" content=\"Written by\" \/>\n\t<meta name=\"twitter:data1\" content=\"Victoria Hern\u00e1ndez\" \/>\n\t<meta name=\"twitter:label2\" content=\"Estimated reading time\" \/>\n\t<meta name=\"twitter:data2\" content=\"2 minutes\" \/>\n<script type=\"application\/ld+json\" class=\"yoast-schema-graph\">{\"@context\":\"https:\\\/\\\/schema.org\",\"@graph\":[{\"@type\":\"Article\",\"@id\":\"https:\\\/\\\/unaymilletras.com\\\/la-plataforma-max-ha-anunciado-la-renovacion-de-su-serie-original-siguiendo-a-conan-obrien-por-una-tercera-temporada-antes-incluso-del-estreno-de-su-segunda-entrega-programada-para-mayo\\\/#article\",\"isPartOf\":{\"@id\":\"https:\\\/\\\/unaymilletras.com\\\/la-plataforma-max-ha-anunciado-la-renovacion-de-su-serie-original-siguiendo-a-conan-obrien-por-una-tercera-temporada-antes-incluso-del-estreno-de-su-segunda-entrega-programada-para-mayo\\\/\"},\"author\":{\"name\":\"Victoria Hern\u00e1ndez\",\"@id\":\"http:\\\/\\\/unaymilletras.com\\\/#\\\/schema\\\/person\\\/90f1e88e4c10951a79965c8106280f0a\"},\"headline\":\"Max renueva &#8216;Siguiendo a Conan O&#8217;Brien&#8217; por una tercera temporada y adelanta im\u00e1genes de la segunda\",\"datePublished\":\"2025-03-23T12:00:00+00:00\",\"mainEntityOfPage\":{\"@id\":\"https:\\\/\\\/unaymilletras.com\\\/la-plataforma-max-ha-anunciado-la-renovacion-de-su-serie-original-siguiendo-a-conan-obrien-por-una-tercera-temporada-antes-incluso-del-estreno-de-su-segunda-entrega-programada-para-mayo\\\/\"},\"wordCount\":227,\"publisher\":{\"@id\":\"http:\\\/\\\/unaymilletras.com\\\/#organization\"},\"image\":{\"@id\":\"https:\\\/\\\/unaymilletras.com\\\/la-plataforma-max-ha-anunciado-la-renovacion-de-su-serie-original-siguiendo-a-conan-obrien-por-una-tercera-temporada-antes-incluso-del-estreno-de-su-segunda-entrega-programada-para-mayo\\\/#primaryimage\"},\"thumbnailUrl\":\"https:\\\/\\\/unaymilletras.com\\\/wp-content\\\/uploads\\\/2025\\\/03\\\/CC_00758-scaled.jpg\",\"keywords\":[\"HBO MAX\"],\"articleSection\":[\"Pel\u00edculas y Series\"],\"inLanguage\":\"en-GB\"},{\"@type\":\"WebPage\",\"@id\":\"https:\\\/\\\/unaymilletras.com\\\/la-plataforma-max-ha-anunciado-la-renovacion-de-su-serie-original-siguiendo-a-conan-obrien-por-una-tercera-temporada-antes-incluso-del-estreno-de-su-segunda-entrega-programada-para-mayo\\\/\",\"url\":\"https:\\\/\\\/unaymilletras.com\\\/la-plataforma-max-ha-anunciado-la-renovacion-de-su-serie-original-siguiendo-a-conan-obrien-por-una-tercera-temporada-antes-incluso-del-estreno-de-su-segunda-entrega-programada-para-mayo\\\/\",\"name\":\"HBO MAX renueva 'Siguiendo a Conan'\",\"isPartOf\":{\"@id\":\"http:\\\/\\\/unaymilletras.com\\\/#website\"},\"primaryImageOfPage\":{\"@id\":\"https:\\\/\\\/unaymilletras.com\\\/la-plataforma-max-ha-anunciado-la-renovacion-de-su-serie-original-siguiendo-a-conan-obrien-por-una-tercera-temporada-antes-incluso-del-estreno-de-su-segunda-entrega-programada-para-mayo\\\/#primaryimage\"},\"image\":{\"@id\":\"https:\\\/\\\/unaymilletras.com\\\/la-plataforma-max-ha-anunciado-la-renovacion-de-su-serie-original-siguiendo-a-conan-obrien-por-una-tercera-temporada-antes-incluso-del-estreno-de-su-segunda-entrega-programada-para-mayo\\\/#primaryimage\"},\"thumbnailUrl\":\"https:\\\/\\\/unaymilletras.com\\\/wp-content\\\/uploads\\\/2025\\\/03\\\/CC_00758-scaled.jpg\",\"datePublished\":\"2025-03-23T12:00:00+00:00\",\"description\":\"La plataforma Max ha anunciado la renovaci\u00f3n de su serie original Siguiendo a Conan O'Brien por una tercera temporada.\",\"breadcrumb\":{\"@id\":\"https:\\\/\\\/unaymilletras.com\\\/la-plataforma-max-ha-anunciado-la-renovacion-de-su-serie-original-siguiendo-a-conan-obrien-por-una-tercera-temporada-antes-incluso-del-estreno-de-su-segunda-entrega-programada-para-mayo\\\/#breadcrumb\"},\"inLanguage\":\"en-GB\",\"potentialAction\":[{\"@type\":\"ReadAction\",\"target\":[\"https:\\\/\\\/unaymilletras.com\\\/la-plataforma-max-ha-anunciado-la-renovacion-de-su-serie-original-siguiendo-a-conan-obrien-por-una-tercera-temporada-antes-incluso-del-estreno-de-su-segunda-entrega-programada-para-mayo\\\/\"]}]},{\"@type\":\"ImageObject\",\"inLanguage\":\"en-GB\",\"@id\":\"https:\\\/\\\/unaymilletras.com\\\/la-plataforma-max-ha-anunciado-la-renovacion-de-su-serie-original-siguiendo-a-conan-obrien-por-una-tercera-temporada-antes-incluso-del-estreno-de-su-segunda-entrega-programada-para-mayo\\\/#primaryimage\",\"url\":\"https:\\\/\\\/unaymilletras.com\\\/wp-content\\\/uploads\\\/2025\\\/03\\\/CC_00758-scaled.jpg\",\"contentUrl\":\"https:\\\/\\\/unaymilletras.com\\\/wp-content\\\/uploads\\\/2025\\\/03\\\/CC_00758-scaled.jpg\",\"width\":2560,\"height\":1707,\"caption\":\"Siguiendo a Conan O'Brien\"},{\"@type\":\"BreadcrumbList\",\"@id\":\"https:\\\/\\\/unaymilletras.com\\\/la-plataforma-max-ha-anunciado-la-renovacion-de-su-serie-original-siguiendo-a-conan-obrien-por-una-tercera-temporada-antes-incluso-del-estreno-de-su-segunda-entrega-programada-para-mayo\\\/#breadcrumb\",\"itemListElement\":[{\"@type\":\"ListItem\",\"position\":1,\"name\":\"Home\",\"item\":\"http:\\\/\\\/unaymilletras.com\\\/\"},{\"@type\":\"ListItem\",\"position\":2,\"name\":\"Max renueva &#8216;Siguiendo a Conan O&#8217;Brien&#8217; por una tercera temporada y adelanta im\u00e1genes de la segunda\"}]},{\"@type\":\"WebSite\",\"@id\":\"http:\\\/\\\/unaymilletras.com\\\/#website\",\"url\":\"http:\\\/\\\/unaymilletras.com\\\/\",\"name\":\"Una y Mil Letras\",\"description\":\"\",\"publisher\":{\"@id\":\"http:\\\/\\\/unaymilletras.com\\\/#organization\"},\"potentialAction\":[{\"@type\":\"SearchAction\",\"target\":{\"@type\":\"EntryPoint\",\"urlTemplate\":\"http:\\\/\\\/unaymilletras.com\\\/?s={search_term_string}\"},\"query-input\":{\"@type\":\"PropertyValueSpecification\",\"valueRequired\":true,\"valueName\":\"search_term_string\"}}],\"inLanguage\":\"en-GB\"},{\"@type\":\"Organization\",\"@id\":\"http:\\\/\\\/unaymilletras.com\\\/#organization\",\"name\":\"Una y Mil Letras\",\"url\":\"http:\\\/\\\/unaymilletras.com\\\/\",\"logo\":{\"@type\":\"ImageObject\",\"inLanguage\":\"en-GB\",\"@id\":\"http:\\\/\\\/unaymilletras.com\\\/#\\\/schema\\\/logo\\\/image\\\/\",\"url\":\"https:\\\/\\\/unaymilletras.com\\\/wp-content\\\/uploads\\\/2024\\\/06\\\/cropped-Logo-removebg-preview.png\",\"contentUrl\":\"https:\\\/\\\/unaymilletras.com\\\/wp-content\\\/uploads\\\/2024\\\/06\\\/cropped-Logo-removebg-preview.png\",\"width\":512,\"height\":512,\"caption\":\"Una y Mil Letras\"},\"image\":{\"@id\":\"http:\\\/\\\/unaymilletras.com\\\/#\\\/schema\\\/logo\\\/image\\\/\"},\"sameAs\":[\"https:\\\/\\\/x.com\\\/UnaYMilLetras\",\"https:\\\/\\\/instagram.com\\\/UnaYMilLetras\"]},{\"@type\":\"Person\",\"@id\":\"http:\\\/\\\/unaymilletras.com\\\/#\\\/schema\\\/person\\\/90f1e88e4c10951a79965c8106280f0a\",\"name\":\"Victoria Hern\u00e1ndez\",\"image\":{\"@type\":\"ImageObject\",\"inLanguage\":\"en-GB\",\"@id\":\"https:\\\/\\\/secure.gravatar.com\\\/avatar\\\/4a6a914c964cf29cc45dd00ef5c74e847f221f6a1039c94b8aa244949baeeda4?s=96&d=mm&r=g\",\"url\":\"https:\\\/\\\/secure.gravatar.com\\\/avatar\\\/4a6a914c964cf29cc45dd00ef5c74e847f221f6a1039c94b8aa244949baeeda4?s=96&d=mm&r=g\",\"contentUrl\":\"https:\\\/\\\/secure.gravatar.com\\\/avatar\\\/4a6a914c964cf29cc45dd00ef5c74e847f221f6a1039c94b8aa244949baeeda4?s=96&d=mm&r=g\",\"caption\":\"Victoria Hern\u00e1ndez\"},\"url\":\"https:\\\/\\\/unaymilletras.com\\\/en\\\/author\\\/victoriahernandez\\\/\"}]}<\/script>\n<!-- \/ Yoast SEO plugin. -->","yoast_head_json":{"title":"HBO MAX renueva 'Siguiendo a Conan'","description":"La plataforma Max ha anunciado la renovaci\u00f3n de su serie original Siguiendo a Conan O'Brien por una tercera temporada.","robots":{"index":"index","follow":"follow","max-snippet":"max-snippet:-1","max-image-preview":"max-image-preview:large","max-video-preview":"max-video-preview:-1"},"canonical":"https:\/\/unaymilletras.com\/en\/la-plataforma-max-ha-anunciado-la-renovacion-de-su-serie-original-siguiendo-a-conan-obrien-por-una-tercera-temporada-antes-incluso-del-estreno-de-su-segunda-entrega-programada-para-mayo\/","og_locale":"en_GB","og_type":"article","og_title":"HBO MAX renueva 'Siguiendo a Conan'","og_description":"La plataforma Max ha anunciado la renovaci\u00f3n de su serie original Siguiendo a Conan O'Brien por una tercera temporada.","og_url":"https:\/\/unaymilletras.com\/en\/la-plataforma-max-ha-anunciado-la-renovacion-de-su-serie-original-siguiendo-a-conan-obrien-por-una-tercera-temporada-antes-incluso-del-estreno-de-su-segunda-entrega-programada-para-mayo\/","og_site_name":"Una y Mil Letras","article_published_time":"2025-03-23T12:00:00+00:00","og_image":[{"width":2560,"height":1707,"url":"https:\/\/unaymilletras.com\/wp-content\/uploads\/2025\/03\/CC_00758-scaled.jpg","type":"image\/jpeg"}],"author":"Victoria Hern\u00e1ndez","twitter_card":"summary_large_image","twitter_creator":"@UnaYMilLetras","twitter_site":"@UnaYMilLetras","twitter_misc":{"Written by":"Victoria Hern\u00e1ndez","Estimated reading time":"2 minutes"},"schema":{"@context":"https:\/\/schema.org","@graph":[{"@type":"Article","@id":"https:\/\/unaymilletras.com\/la-plataforma-max-ha-anunciado-la-renovacion-de-su-serie-original-siguiendo-a-conan-obrien-por-una-tercera-temporada-antes-incluso-del-estreno-de-su-segunda-entrega-programada-para-mayo\/#article","isPartOf":{"@id":"https:\/\/unaymilletras.com\/la-plataforma-max-ha-anunciado-la-renovacion-de-su-serie-original-siguiendo-a-conan-obrien-por-una-tercera-temporada-antes-incluso-del-estreno-de-su-segunda-entrega-programada-para-mayo\/"},"author":{"name":"Victoria Hern\u00e1ndez","@id":"http:\/\/unaymilletras.com\/#\/schema\/person\/90f1e88e4c10951a79965c8106280f0a"},"headline":"Max renueva &#8216;Siguiendo a Conan O&#8217;Brien&#8217; por una tercera temporada y adelanta im\u00e1genes de la segunda","datePublished":"2025-03-23T12:00:00+00:00","mainEntityOfPage":{"@id":"https:\/\/unaymilletras.com\/la-plataforma-max-ha-anunciado-la-renovacion-de-su-serie-original-siguiendo-a-conan-obrien-por-una-tercera-temporada-antes-incluso-del-estreno-de-su-segunda-entrega-programada-para-mayo\/"},"wordCount":227,"publisher":{"@id":"http:\/\/unaymilletras.com\/#organization"},"image":{"@id":"https:\/\/unaymilletras.com\/la-plataforma-max-ha-anunciado-la-renovacion-de-su-serie-original-siguiendo-a-conan-obrien-por-una-tercera-temporada-antes-incluso-del-estreno-de-su-segunda-entrega-programada-para-mayo\/#primaryimage"},"thumbnailUrl":"https:\/\/unaymilletras.com\/wp-content\/uploads\/2025\/03\/CC_00758-scaled.jpg","keywords":["HBO MAX"],"articleSection":["Pel\u00edculas y Series"],"inLanguage":"en-GB"},{"@type":"WebPage","@id":"https:\/\/unaymilletras.com\/la-plataforma-max-ha-anunciado-la-renovacion-de-su-serie-original-siguiendo-a-conan-obrien-por-una-tercera-temporada-antes-incluso-del-estreno-de-su-segunda-entrega-programada-para-mayo\/","url":"https:\/\/unaymilletras.com\/la-plataforma-max-ha-anunciado-la-renovacion-de-su-serie-original-siguiendo-a-conan-obrien-por-una-tercera-temporada-antes-incluso-del-estreno-de-su-segunda-entrega-programada-para-mayo\/","name":"HBO MAX renueva 'Siguiendo a Conan'","isPartOf":{"@id":"http:\/\/unaymilletras.com\/#website"},"primaryImageOfPage":{"@id":"https:\/\/unaymilletras.com\/la-plataforma-max-ha-anunciado-la-renovacion-de-su-serie-original-siguiendo-a-conan-obrien-por-una-tercera-temporada-antes-incluso-del-estreno-de-su-segunda-entrega-programada-para-mayo\/#primaryimage"},"image":{"@id":"https:\/\/unaymilletras.com\/la-plataforma-max-ha-anunciado-la-renovacion-de-su-serie-original-siguiendo-a-conan-obrien-por-una-tercera-temporada-antes-incluso-del-estreno-de-su-segunda-entrega-programada-para-mayo\/#primaryimage"},"thumbnailUrl":"https:\/\/unaymilletras.com\/wp-content\/uploads\/2025\/03\/CC_00758-scaled.jpg","datePublished":"2025-03-23T12:00:00+00:00","description":"La plataforma Max ha anunciado la renovaci\u00f3n de su serie original Siguiendo a Conan O'Brien por una tercera temporada.","breadcrumb":{"@id":"https:\/\/unaymilletras.com\/la-plataforma-max-ha-anunciado-la-renovacion-de-su-serie-original-siguiendo-a-conan-obrien-por-una-tercera-temporada-antes-incluso-del-estreno-de-su-segunda-entrega-programada-para-mayo\/#breadcrumb"},"inLanguage":"en-GB","potentialAction":[{"@type":"ReadAction","target":["https:\/\/unaymilletras.com\/la-plataforma-max-ha-anunciado-la-renovacion-de-su-serie-original-siguiendo-a-conan-obrien-por-una-tercera-temporada-antes-incluso-del-estreno-de-su-segunda-entrega-programada-para-mayo\/"]}]},{"@type":"ImageObject","inLanguage":"en-GB","@id":"https:\/\/unaymilletras.com\/la-plataforma-max-ha-anunciado-la-renovacion-de-su-serie-original-siguiendo-a-conan-obrien-por-una-tercera-temporada-antes-incluso-del-estreno-de-su-segunda-entrega-programada-para-mayo\/#primaryimage","url":"https:\/\/unaymilletras.com\/wp-content\/uploads\/2025\/03\/CC_00758-scaled.jpg","contentUrl":"https:\/\/unaymilletras.com\/wp-content\/uploads\/2025\/03\/CC_00758-scaled.jpg","width":2560,"height":1707,"caption":"Siguiendo a Conan O'Brien"},{"@type":"BreadcrumbList","@id":"https:\/\/unaymilletras.com\/la-plataforma-max-ha-anunciado-la-renovacion-de-su-serie-original-siguiendo-a-conan-obrien-por-una-tercera-temporada-antes-incluso-del-estreno-de-su-segunda-entrega-programada-para-mayo\/#breadcrumb","itemListElement":[{"@type":"ListItem","position":1,"name":"Home","item":"http:\/\/unaymilletras.com\/"},{"@type":"ListItem","position":2,"name":"Max renueva &#8216;Siguiendo a Conan O&#8217;Brien&#8217; por una tercera temporada y adelanta im\u00e1genes de la segunda"}]},{"@type":"WebSite","@id":"http:\/\/unaymilletras.com\/#website","url":"http:\/\/unaymilletras.com\/","name":"Una y Mil Letras","description":"","publisher":{"@id":"http:\/\/unaymilletras.com\/#organization"},"potentialAction":[{"@type":"SearchAction","target":{"@type":"EntryPoint","urlTemplate":"http:\/\/unaymilletras.com\/?s={search_term_string}"},"query-input":{"@type":"PropertyValueSpecification","valueRequired":true,"valueName":"search_term_string"}}],"inLanguage":"en-GB"},{"@type":"Organization","@id":"http:\/\/unaymilletras.com\/#organization","name":"Una y Mil Letras","url":"http:\/\/unaymilletras.com\/","logo":{"@type":"ImageObject","inLanguage":"en-GB","@id":"http:\/\/unaymilletras.com\/#\/schema\/logo\/image\/","url":"https:\/\/unaymilletras.com\/wp-content\/uploads\/2024\/06\/cropped-Logo-removebg-preview.png","contentUrl":"https:\/\/unaymilletras.com\/wp-content\/uploads\/2024\/06\/cropped-Logo-removebg-preview.png","width":512,"height":512,"caption":"Una y Mil Letras"},"image":{"@id":"http:\/\/unaymilletras.com\/#\/schema\/logo\/image\/"},"sameAs":["https:\/\/x.com\/UnaYMilLetras","https:\/\/instagram.com\/UnaYMilLetras"]},{"@type":"Person","@id":"http:\/\/unaymilletras.com\/#\/schema\/person\/90f1e88e4c10951a79965c8106280f0a","name":"Victoria Hern\u00e1ndez","image":{"@type":"ImageObject","inLanguage":"en-GB","@id":"https:\/\/secure.gravatar.com\/avatar\/4a6a914c964cf29cc45dd00ef5c74e847f221f6a1039c94b8aa244949baeeda4?s=96&d=mm&r=g","url":"https:\/\/secure.gravatar.com\/avatar\/4a6a914c964cf29cc45dd00ef5c74e847f221f6a1039c94b8aa244949baeeda4?s=96&d=mm&r=g","contentUrl":"https:\/\/secure.gravatar.com\/avatar\/4a6a914c964cf29cc45dd00ef5c74e847f221f6a1039c94b8aa244949baeeda4?s=96&d=mm&r=g","caption":"Victoria Hern\u00e1ndez"},"url":"https:\/\/unaymilletras.com\/en\/author\/victoriahernandez\/"}]}},"_links":{"self":[{"href":"https:\/\/unaymilletras.com\/en\/wp-json\/wp\/v2\/posts\/4048","targetHints":{"allow":["GET"]}}],"collection":[{"href":"https:\/\/unaymilletras.com\/en\/wp-json\/wp\/v2\/posts"}],"about":[{"href":"https:\/\/unaymilletras.com\/en\/wp-json\/wp\/v2\/types\/post"}],"author":[{"embeddable":true,"href":"https:\/\/unaymilletras.com\/en\/wp-json\/wp\/v2\/users\/9"}],"replies":[{"embeddable":true,"href":"https:\/\/unaymilletras.com\/en\/wp-json\/wp\/v2\/comments?post=4048"}],"version-history":[{"count":7,"href":"https:\/\/unaymilletras.com\/en\/wp-json\/wp\/v2\/posts\/4048\/revisions"}],"predecessor-version":[{"id":4155,"href":"https:\/\/unaymilletras.com\/en\/wp-json\/wp\/v2\/posts\/4048\/revisions\/4155"}],"wp:featuredmedia":[{"embeddable":true,"href":"https:\/\/unaymilletras.com\/en\/wp-json\/wp\/v2\/media\/4051"}],"wp:attachment":[{"href":"https:\/\/unaymilletras.com\/en\/wp-json\/wp\/v2\/media?parent=4048"}],"wp:term":[{"taxonomy":"category","embeddable":true,"href":"https:\/\/unaymilletras.com\/en\/wp-json\/wp\/v2\/categories?post=4048"},{"taxonomy":"post_tag","embeddable":true,"href":"https:\/\/unaymilletras.com\/en\/wp-json\/wp\/v2\/tags?post=4048"}],"curies":[{"name":"wp","href":"https:\/\/api.w.org\/{rel}","templated":true}]}}