{"id":4059,"date":"2025-03-18T10:37:17","date_gmt":"2025-03-18T09:37:17","guid":{"rendered":"https:\/\/unaymilletras.com\/?p=4059"},"modified":"2025-03-22T16:38:22","modified_gmt":"2025-03-22T15:38:22","slug":"bad-gyal-y-8belial-presentan-orilla-una-combinacion-esperada-en-la-escena-urbana","status":"publish","type":"post","link":"https:\/\/unaymilletras.com\/en\/bad-gyal-y-8belial-presentan-orilla-una-combinacion-esperada-en-la-escena-urbana\/","title":{"rendered":"Bad Gyal y 8belial presentan &#8216;Orilla&#8217;: una combinaci\u00f3n esperada en la escena urbana"},"content":{"rendered":"<div data-elementor-type=\"wp-post\" data-elementor-id=\"4059\" class=\"elementor elementor-4059\">\n\t\t\t\t\t\t<section class=\"elementor-section elementor-top-section elementor-element elementor-element-1d07470c elementor-section-boxed elementor-section-height-default elementor-section-height-default\" data-id=\"1d07470c\" data-element_type=\"section\" data-e-type=\"section\">\n\t\t\t\t\t\t<div class=\"elementor-container elementor-column-gap-default\">\n\t\t\t\t\t<div class=\"elementor-column elementor-col-100 elementor-top-column elementor-element elementor-element-53602137\" data-id=\"53602137\" data-element_type=\"column\" data-e-type=\"column\">\n\t\t\t<div class=\"elementor-widget-wrap elementor-element-populated\">\n\t\t\t\t\t\t<div class=\"elementor-element elementor-element-8c1b95e elementor-widget elementor-widget-text-editor\" data-id=\"8c1b95e\" data-element_type=\"widget\" data-e-type=\"widget\" data-widget_type=\"text-editor.default\">\n\t\t\t\t<div class=\"elementor-widget-container\">\n\t\t\t\t\t\t\t\t\t<h2 style=\"text-align: center;\"><span style=\"color: #808080;\"><em><strong>La cantante Bad Gyal cierra un mes de \u00e9xitos y eventos entre Premio Lo Nuestro, Fashion Weeks y su cumplea\u00f1os<\/strong><\/em><\/span><\/h2>\t\t\t\t\t\t\t\t<\/div>\n\t\t\t\t<\/div>\n\t\t\t\t<div class=\"elementor-element elementor-element-ca175db elementor-widget elementor-widget-text-editor\" data-id=\"ca175db\" data-element_type=\"widget\" data-e-type=\"widget\" data-widget_type=\"text-editor.default\">\n\t\t\t\t<div class=\"elementor-widget-container\">\n\t\t\t\t\t\t\t\t\t<p>El pasado 14 de marzo sali\u00f3 a la luz <i>Orilla<\/i>, el single que completa la \u00faltima mixtape del madrile\u00f1o Mr. Fino Riddim. Este lanzamiento junto a Bad Gyal marca el cierre de un proyecto que ha consolidado a <strong>8belial<\/strong> como un artista de los m\u00e1s prometedores de la escena urbana y destaca la afinidad art\u00edstica entre ambos artistas.<\/p>\n<p><i>Orilla<\/i>\u00a0establece un paralelismo entre el ascenso del joven talento y los inicios de Bad Gyal en la industria. Evidencia as\u00ed su visi\u00f3n conjunta para desarrollar un estilo \u00fanico dentro del panorama musical.<\/p>\n<p><!-- \/wp:paragraph --><!-- wp:paragraph --><\/p>\n<p>El estreno de <i>Orilla<\/i>\u00a0llega en un <strong>momento clave<\/strong> para Bad Gyal, quien ha tenido un mes repleto de logros. En febrero, la artista arras\u00f3 en la gala de los <em>Premio Lo Nuestro<\/em> en Miami al obtener el galard\u00f3n a <em>Mejor EuroSong<\/em> por\u00a0<span style=\"color: var( --e-global-color-text ); font-family: var( --e-global-typography-text-font-family ), Sans-serif; font-weight: var( --e-global-typography-text-font-weight );\"><i>Chulo pt.2<\/i>\u00a0junto a <\/span><strong style=\"color: var( --e-global-color-text ); font-family: var( --e-global-typography-text-font-family ), Sans-serif;\">Tokischa <\/strong><span style=\"color: var( --e-global-color-text ); font-family: var( --e-global-typography-text-font-family ), Sans-serif; font-weight: var( --e-global-typography-text-font-weight );\">y <\/span><strong style=\"color: var( --e-global-color-text ); font-family: var( --e-global-typography-text-font-family ), Sans-serif;\">Young Miko<\/strong><span style=\"color: var( --e-global-color-text ); font-family: var( --e-global-typography-text-font-family ), Sans-serif; font-weight: var( --e-global-typography-text-font-weight );\">.<\/span><\/p>\n<p>Su presencia en la escena internacional continu\u00f3 con apariciones destacadas en la <em>Fashion Week<\/em> de Mil\u00e1n, donde asisti\u00f3 al desfile de Versace. Tambi\u00e9n en la <em>Fashion Week<\/em> de Par\u00eds, donde acapar\u00f3 miradas en los desfiles de Courr\u00e8ges y Balmain, luciendo un nuevo <em>pixie cut<\/em> que revolucion\u00f3 las redes sociales.<\/p>\n<p><!-- \/wp:paragraph --><!-- wp:paragraph --><\/p>\n<p>El pasado fin de semana, Bad Gyal culmin\u00f3 este exitoso periodo con la celebraci\u00f3n de su cumplea\u00f1os, sorprendiendo con una actuaci\u00f3n especial en el <strong>concierto de <span style=\"color: #808080;\"><a style=\"color: #808080;\" href=\"https:\/\/unaymilletras.com\/en\/trueno-a-punto-de-volver-a-espan\/\">Trueno<\/a><\/span> en Barcelona<\/strong>. Juntos interpretaron <i>Angelito<\/i>, su \u00faltimo hit, desatando la euforia entre sus seguidores.<\/p>\n<p><!-- \/wp:paragraph --><!-- wp:paragraph \/--><\/p>\t\t\t\t\t\t\t\t<\/div>\n\t\t\t\t<\/div>\n\t\t\t\t<div class=\"elementor-element elementor-element-77f9cf1 elementor-widget elementor-widget-image\" data-id=\"77f9cf1\" data-element_type=\"widget\" data-e-type=\"widget\" data-widget_type=\"image.default\">\n\t\t\t\t<div class=\"elementor-widget-container\">\n\t\t\t\t\t\t\t\t\t\t\t\t\t\t\t<img fetchpriority=\"high\" decoding=\"async\" width=\"640\" height=\"640\" src=\"https:\/\/unaymilletras.com\/wp-content\/uploads\/2025\/03\/unnamed-2-1024x1024.jpg\" class=\"attachment-large size-large wp-image-4060\" alt=\"Bad Gyal\" srcset=\"https:\/\/unaymilletras.com\/wp-content\/uploads\/2025\/03\/unnamed-2-1024x1024.jpg 1024w, https:\/\/unaymilletras.com\/wp-content\/uploads\/2025\/03\/unnamed-2-300x300.jpg 300w, https:\/\/unaymilletras.com\/wp-content\/uploads\/2025\/03\/unnamed-2-150x150.jpg 150w, https:\/\/unaymilletras.com\/wp-content\/uploads\/2025\/03\/unnamed-2-768x768.jpg 768w, https:\/\/unaymilletras.com\/wp-content\/uploads\/2025\/03\/unnamed-2-12x12.jpg 12w, https:\/\/unaymilletras.com\/wp-content\/uploads\/2025\/03\/unnamed-2-e1742290309762.jpg 600w\" sizes=\"(max-width: 640px) 100vw, 640px\" \/>\t\t\t\t\t\t\t\t\t\t\t\t\t\t\t<\/div>\n\t\t\t\t<\/div>\n\t\t\t\t\t<\/div>\n\t\t<\/div>\n\t\t\t\t\t<\/div>\n\t\t<\/section>\n\t\t\t\t<section class=\"elementor-section elementor-top-section elementor-element elementor-element-4b0ec97 elementor-section-boxed elementor-section-height-default elementor-section-height-default\" data-id=\"4b0ec97\" data-element_type=\"section\" data-e-type=\"section\">\n\t\t\t\t\t\t<div class=\"elementor-container elementor-column-gap-default\">\n\t\t\t\t\t<div class=\"elementor-column elementor-col-100 elementor-top-column elementor-element elementor-element-6722d59\" data-id=\"6722d59\" data-element_type=\"column\" data-e-type=\"column\">\n\t\t\t<div class=\"elementor-widget-wrap elementor-element-populated\">\n\t\t\t\t\t\t<div class=\"elementor-element elementor-element-753bab2 elementor-widget elementor-widget-text-editor\" data-id=\"753bab2\" data-element_type=\"widget\" data-e-type=\"widget\" data-widget_type=\"text-editor.default\">\n\t\t\t\t<div class=\"elementor-widget-container\">\n\t\t\t\t\t\t\t\t\t<p>Bad Gyal har\u00e1 una parada especial en <strong>Madrid<\/strong> durante el Puro Latino Festival los d\u00edas 27 y 28 de junio. Aqu\u00ed se espera que interprete sus \u00faltimos \u00e9xitos ante miles de fans. La capital vibrar\u00e1 con su energ\u00eda y su caracter\u00edstico estilo urbano.<\/p>\n<p><!-- \/wp:paragraph --><!-- wp:paragraph --><\/p>\n<p>Por otro lado, <strong>Barcelona<\/strong> tambi\u00e9n ser\u00e1 protagonista del tour con su actuaci\u00f3n en el Share Festival los d\u00edas 20 y 21 de junio. La ciudad recibir\u00e1 a la artista en un evento que promete ser inolvidable, con un setlist cargado de hits y una producci\u00f3n espectacular.<\/p>\t\t\t\t\t\t\t\t<\/div>\n\t\t\t\t<\/div>\n\t\t\t\t<div class=\"elementor-element elementor-element-b21c329 elementor-widget elementor-widget-video\" data-id=\"b21c329\" data-element_type=\"widget\" data-e-type=\"widget\" data-settings=\"{&quot;youtube_url&quot;:&quot;https:\\\/\\\/youtu.be\\\/gZv8Wu9BVBQ?si=RSpTGNJzhn3ionpB&quot;,&quot;video_type&quot;:&quot;youtube&quot;,&quot;controls&quot;:&quot;yes&quot;}\" data-widget_type=\"video.default\">\n\t\t\t\t<div class=\"elementor-widget-container\">\n\t\t\t\t\t\t\t<div class=\"elementor-wrapper elementor-open-inline\">\n\t\t\t<div class=\"elementor-video\"><\/div>\t\t<\/div>\n\t\t\t\t\t\t<\/div>\n\t\t\t\t<\/div>\n\t\t\t\t\t<\/div>\n\t\t<\/div>\n\t\t\t\t\t<\/div>\n\t\t<\/section>\n\t\t\t\t<\/div>","protected":false},"excerpt":{"rendered":"<p>La cantante Bad Gyal cierra un mes de \u00e9xitos y eventos entre Premio Lo Nuestro, Fashion Weeks y su cumplea\u00f1os El pasado 14 de marzo sali\u00f3 a la luz Orilla, el single que completa la \u00faltima mixtape del madrile\u00f1o Mr. Fino Riddim. Este lanzamiento junto a Bad Gyal marca el cierre de un proyecto que [&hellip;]<\/p>\n","protected":false},"author":8,"featured_media":4064,"comment_status":"closed","ping_status":"closed","sticky":false,"template":"","format":"standard","meta":{"footnotes":""},"categories":[4],"tags":[],"class_list":["post-4059","post","type-post","status-publish","format-standard","has-post-thumbnail","hentry","category-musica"],"yoast_head":"<!-- This site is optimized with the Yoast SEO plugin v27.4 - https:\/\/yoast.com\/product\/yoast-seo-wordpress\/ -->\n<title>Bad Gyal y 8belial presentan &#039;Orilla&#039;: una combinaci\u00f3n esperada en la escena urbana &#8902; Una y Mil Letras<\/title>\n<meta name=\"description\" content=\"El lanzamiento junto a Bad Gyal marca el cierre del proyecto que ha consolidado a 8belial como artista muy prometedor de la escena urbana\" \/>\n<meta name=\"robots\" content=\"index, follow, max-snippet:-1, max-image-preview:large, max-video-preview:-1\" \/>\n<link rel=\"canonical\" href=\"https:\/\/unaymilletras.com\/en\/bad-gyal-y-8belial-presentan-orilla-una-combinacion-esperada-en-la-escena-urbana\/\" \/>\n<meta property=\"og:locale\" content=\"en_GB\" \/>\n<meta property=\"og:type\" content=\"article\" \/>\n<meta property=\"og:title\" content=\"Bad Gyal y 8belial presentan &#039;Orilla&#039;: una combinaci\u00f3n esperada en la escena urbana &#8902; Una y Mil Letras\" \/>\n<meta property=\"og:description\" content=\"El lanzamiento junto a Bad Gyal marca el cierre del proyecto que ha consolidado a 8belial como artista muy prometedor de la escena urbana\" \/>\n<meta property=\"og:url\" content=\"https:\/\/unaymilletras.com\/en\/bad-gyal-y-8belial-presentan-orilla-una-combinacion-esperada-en-la-escena-urbana\/\" \/>\n<meta property=\"og:site_name\" content=\"Una y Mil Letras\" \/>\n<meta property=\"article:published_time\" content=\"2025-03-18T09:37:17+00:00\" \/>\n<meta property=\"article:modified_time\" content=\"2025-03-22T15:38:22+00:00\" \/>\n<meta property=\"og:image\" content=\"http:\/\/unaymilletras.com\/wp-content\/uploads\/2025\/03\/unnamed-1-e1742290408837.jpg\" \/>\n\t<meta property=\"og:image:width\" content=\"600\" \/>\n\t<meta property=\"og:image:height\" content=\"600\" \/>\n\t<meta property=\"og:image:type\" content=\"image\/jpeg\" \/>\n<meta name=\"author\" content=\"Alvany Pereira\" \/>\n<meta name=\"twitter:card\" content=\"summary_large_image\" \/>\n<meta name=\"twitter:creator\" content=\"@UnaYMilLetras\" \/>\n<meta name=\"twitter:site\" content=\"@UnaYMilLetras\" \/>\n<meta name=\"twitter:label1\" content=\"Written by\" \/>\n\t<meta name=\"twitter:data1\" content=\"Alvany Pereira\" \/>\n\t<meta name=\"twitter:label2\" content=\"Estimated reading time\" \/>\n\t<meta name=\"twitter:data2\" content=\"2 minutes\" \/>\n<script type=\"application\/ld+json\" class=\"yoast-schema-graph\">{\"@context\":\"https:\\\/\\\/schema.org\",\"@graph\":[{\"@type\":\"Article\",\"@id\":\"https:\\\/\\\/unaymilletras.com\\\/bad-gyal-y-8belial-presentan-orilla-una-combinacion-esperada-en-la-escena-urbana\\\/#article\",\"isPartOf\":{\"@id\":\"https:\\\/\\\/unaymilletras.com\\\/bad-gyal-y-8belial-presentan-orilla-una-combinacion-esperada-en-la-escena-urbana\\\/\"},\"author\":{\"name\":\"Alvany Pereira\",\"@id\":\"http:\\\/\\\/unaymilletras.com\\\/#\\\/schema\\\/person\\\/f9792b0b93704f9d3f6cef46c2048d7d\"},\"headline\":\"Bad Gyal y 8belial presentan &#8216;Orilla&#8217;: una combinaci\u00f3n esperada en la escena urbana\",\"datePublished\":\"2025-03-18T09:37:17+00:00\",\"dateModified\":\"2025-03-22T15:38:22+00:00\",\"mainEntityOfPage\":{\"@id\":\"https:\\\/\\\/unaymilletras.com\\\/bad-gyal-y-8belial-presentan-orilla-una-combinacion-esperada-en-la-escena-urbana\\\/\"},\"wordCount\":379,\"publisher\":{\"@id\":\"http:\\\/\\\/unaymilletras.com\\\/#organization\"},\"image\":{\"@id\":\"https:\\\/\\\/unaymilletras.com\\\/bad-gyal-y-8belial-presentan-orilla-una-combinacion-esperada-en-la-escena-urbana\\\/#primaryimage\"},\"thumbnailUrl\":\"https:\\\/\\\/unaymilletras.com\\\/wp-content\\\/uploads\\\/2025\\\/03\\\/unnamed-1-e1742290408837.jpg\",\"articleSection\":[\"M\u00fasica\"],\"inLanguage\":\"en-GB\"},{\"@type\":\"WebPage\",\"@id\":\"https:\\\/\\\/unaymilletras.com\\\/bad-gyal-y-8belial-presentan-orilla-una-combinacion-esperada-en-la-escena-urbana\\\/\",\"url\":\"https:\\\/\\\/unaymilletras.com\\\/bad-gyal-y-8belial-presentan-orilla-una-combinacion-esperada-en-la-escena-urbana\\\/\",\"name\":\"Bad Gyal y 8belial presentan 'Orilla': una combinaci\u00f3n esperada en la escena urbana &#8902; Una y Mil Letras\",\"isPartOf\":{\"@id\":\"http:\\\/\\\/unaymilletras.com\\\/#website\"},\"primaryImageOfPage\":{\"@id\":\"https:\\\/\\\/unaymilletras.com\\\/bad-gyal-y-8belial-presentan-orilla-una-combinacion-esperada-en-la-escena-urbana\\\/#primaryimage\"},\"image\":{\"@id\":\"https:\\\/\\\/unaymilletras.com\\\/bad-gyal-y-8belial-presentan-orilla-una-combinacion-esperada-en-la-escena-urbana\\\/#primaryimage\"},\"thumbnailUrl\":\"https:\\\/\\\/unaymilletras.com\\\/wp-content\\\/uploads\\\/2025\\\/03\\\/unnamed-1-e1742290408837.jpg\",\"datePublished\":\"2025-03-18T09:37:17+00:00\",\"dateModified\":\"2025-03-22T15:38:22+00:00\",\"description\":\"El lanzamiento junto a Bad Gyal marca el cierre del proyecto que ha consolidado a 8belial como artista muy prometedor de la escena urbana\",\"breadcrumb\":{\"@id\":\"https:\\\/\\\/unaymilletras.com\\\/bad-gyal-y-8belial-presentan-orilla-una-combinacion-esperada-en-la-escena-urbana\\\/#breadcrumb\"},\"inLanguage\":\"en-GB\",\"potentialAction\":[{\"@type\":\"ReadAction\",\"target\":[\"https:\\\/\\\/unaymilletras.com\\\/bad-gyal-y-8belial-presentan-orilla-una-combinacion-esperada-en-la-escena-urbana\\\/\"]}]},{\"@type\":\"ImageObject\",\"inLanguage\":\"en-GB\",\"@id\":\"https:\\\/\\\/unaymilletras.com\\\/bad-gyal-y-8belial-presentan-orilla-una-combinacion-esperada-en-la-escena-urbana\\\/#primaryimage\",\"url\":\"https:\\\/\\\/unaymilletras.com\\\/wp-content\\\/uploads\\\/2025\\\/03\\\/unnamed-1-e1742290408837.jpg\",\"contentUrl\":\"https:\\\/\\\/unaymilletras.com\\\/wp-content\\\/uploads\\\/2025\\\/03\\\/unnamed-1-e1742290408837.jpg\",\"width\":600,\"height\":600,\"caption\":\"Bad Gyal\"},{\"@type\":\"BreadcrumbList\",\"@id\":\"https:\\\/\\\/unaymilletras.com\\\/bad-gyal-y-8belial-presentan-orilla-una-combinacion-esperada-en-la-escena-urbana\\\/#breadcrumb\",\"itemListElement\":[{\"@type\":\"ListItem\",\"position\":1,\"name\":\"Home\",\"item\":\"http:\\\/\\\/unaymilletras.com\\\/\"},{\"@type\":\"ListItem\",\"position\":2,\"name\":\"Bad Gyal y 8belial presentan &#8216;Orilla&#8217;: una combinaci\u00f3n esperada en la escena urbana\"}]},{\"@type\":\"WebSite\",\"@id\":\"http:\\\/\\\/unaymilletras.com\\\/#website\",\"url\":\"http:\\\/\\\/unaymilletras.com\\\/\",\"name\":\"Una y Mil Letras\",\"description\":\"\",\"publisher\":{\"@id\":\"http:\\\/\\\/unaymilletras.com\\\/#organization\"},\"potentialAction\":[{\"@type\":\"SearchAction\",\"target\":{\"@type\":\"EntryPoint\",\"urlTemplate\":\"http:\\\/\\\/unaymilletras.com\\\/?s={search_term_string}\"},\"query-input\":{\"@type\":\"PropertyValueSpecification\",\"valueRequired\":true,\"valueName\":\"search_term_string\"}}],\"inLanguage\":\"en-GB\"},{\"@type\":\"Organization\",\"@id\":\"http:\\\/\\\/unaymilletras.com\\\/#organization\",\"name\":\"Una y Mil Letras\",\"url\":\"http:\\\/\\\/unaymilletras.com\\\/\",\"logo\":{\"@type\":\"ImageObject\",\"inLanguage\":\"en-GB\",\"@id\":\"http:\\\/\\\/unaymilletras.com\\\/#\\\/schema\\\/logo\\\/image\\\/\",\"url\":\"https:\\\/\\\/unaymilletras.com\\\/wp-content\\\/uploads\\\/2024\\\/06\\\/cropped-Logo-removebg-preview.png\",\"contentUrl\":\"https:\\\/\\\/unaymilletras.com\\\/wp-content\\\/uploads\\\/2024\\\/06\\\/cropped-Logo-removebg-preview.png\",\"width\":512,\"height\":512,\"caption\":\"Una y Mil Letras\"},\"image\":{\"@id\":\"http:\\\/\\\/unaymilletras.com\\\/#\\\/schema\\\/logo\\\/image\\\/\"},\"sameAs\":[\"https:\\\/\\\/x.com\\\/UnaYMilLetras\",\"https:\\\/\\\/instagram.com\\\/UnaYMilLetras\"]},{\"@type\":\"Person\",\"@id\":\"http:\\\/\\\/unaymilletras.com\\\/#\\\/schema\\\/person\\\/f9792b0b93704f9d3f6cef46c2048d7d\",\"name\":\"Alvany Pereira\",\"image\":{\"@type\":\"ImageObject\",\"inLanguage\":\"en-GB\",\"@id\":\"https:\\\/\\\/secure.gravatar.com\\\/avatar\\\/1a5fbcc81714220624d70f391a6187cd1434ccfcb154238afd238d6b8bb7f593?s=96&d=mm&r=g\",\"url\":\"https:\\\/\\\/secure.gravatar.com\\\/avatar\\\/1a5fbcc81714220624d70f391a6187cd1434ccfcb154238afd238d6b8bb7f593?s=96&d=mm&r=g\",\"contentUrl\":\"https:\\\/\\\/secure.gravatar.com\\\/avatar\\\/1a5fbcc81714220624d70f391a6187cd1434ccfcb154238afd238d6b8bb7f593?s=96&d=mm&r=g\",\"caption\":\"Alvany Pereira\"},\"url\":\"https:\\\/\\\/unaymilletras.com\\\/en\\\/author\\\/alvanysophia\\\/\"}]}<\/script>\n<!-- \/ Yoast SEO plugin. -->","yoast_head_json":{"title":"Bad Gyal y 8belial presentan 'Orilla': una combinaci\u00f3n esperada en la escena urbana &#8902; Una y Mil Letras","description":"El lanzamiento junto a Bad Gyal marca el cierre del proyecto que ha consolidado a 8belial como artista muy prometedor de la escena urbana","robots":{"index":"index","follow":"follow","max-snippet":"max-snippet:-1","max-image-preview":"max-image-preview:large","max-video-preview":"max-video-preview:-1"},"canonical":"https:\/\/unaymilletras.com\/en\/bad-gyal-y-8belial-presentan-orilla-una-combinacion-esperada-en-la-escena-urbana\/","og_locale":"en_GB","og_type":"article","og_title":"Bad Gyal y 8belial presentan 'Orilla': una combinaci\u00f3n esperada en la escena urbana &#8902; Una y Mil Letras","og_description":"El lanzamiento junto a Bad Gyal marca el cierre del proyecto que ha consolidado a 8belial como artista muy prometedor de la escena urbana","og_url":"https:\/\/unaymilletras.com\/en\/bad-gyal-y-8belial-presentan-orilla-una-combinacion-esperada-en-la-escena-urbana\/","og_site_name":"Una y Mil Letras","article_published_time":"2025-03-18T09:37:17+00:00","article_modified_time":"2025-03-22T15:38:22+00:00","og_image":[{"width":600,"height":600,"url":"http:\/\/unaymilletras.com\/wp-content\/uploads\/2025\/03\/unnamed-1-e1742290408837.jpg","type":"image\/jpeg"}],"author":"Alvany Pereira","twitter_card":"summary_large_image","twitter_creator":"@UnaYMilLetras","twitter_site":"@UnaYMilLetras","twitter_misc":{"Written by":"Alvany Pereira","Estimated reading time":"2 minutes"},"schema":{"@context":"https:\/\/schema.org","@graph":[{"@type":"Article","@id":"https:\/\/unaymilletras.com\/bad-gyal-y-8belial-presentan-orilla-una-combinacion-esperada-en-la-escena-urbana\/#article","isPartOf":{"@id":"https:\/\/unaymilletras.com\/bad-gyal-y-8belial-presentan-orilla-una-combinacion-esperada-en-la-escena-urbana\/"},"author":{"name":"Alvany Pereira","@id":"http:\/\/unaymilletras.com\/#\/schema\/person\/f9792b0b93704f9d3f6cef46c2048d7d"},"headline":"Bad Gyal y 8belial presentan &#8216;Orilla&#8217;: una combinaci\u00f3n esperada en la escena urbana","datePublished":"2025-03-18T09:37:17+00:00","dateModified":"2025-03-22T15:38:22+00:00","mainEntityOfPage":{"@id":"https:\/\/unaymilletras.com\/bad-gyal-y-8belial-presentan-orilla-una-combinacion-esperada-en-la-escena-urbana\/"},"wordCount":379,"publisher":{"@id":"http:\/\/unaymilletras.com\/#organization"},"image":{"@id":"https:\/\/unaymilletras.com\/bad-gyal-y-8belial-presentan-orilla-una-combinacion-esperada-en-la-escena-urbana\/#primaryimage"},"thumbnailUrl":"https:\/\/unaymilletras.com\/wp-content\/uploads\/2025\/03\/unnamed-1-e1742290408837.jpg","articleSection":["M\u00fasica"],"inLanguage":"en-GB"},{"@type":"WebPage","@id":"https:\/\/unaymilletras.com\/bad-gyal-y-8belial-presentan-orilla-una-combinacion-esperada-en-la-escena-urbana\/","url":"https:\/\/unaymilletras.com\/bad-gyal-y-8belial-presentan-orilla-una-combinacion-esperada-en-la-escena-urbana\/","name":"Bad Gyal y 8belial presentan 'Orilla': una combinaci\u00f3n esperada en la escena urbana &#8902; Una y Mil Letras","isPartOf":{"@id":"http:\/\/unaymilletras.com\/#website"},"primaryImageOfPage":{"@id":"https:\/\/unaymilletras.com\/bad-gyal-y-8belial-presentan-orilla-una-combinacion-esperada-en-la-escena-urbana\/#primaryimage"},"image":{"@id":"https:\/\/unaymilletras.com\/bad-gyal-y-8belial-presentan-orilla-una-combinacion-esperada-en-la-escena-urbana\/#primaryimage"},"thumbnailUrl":"https:\/\/unaymilletras.com\/wp-content\/uploads\/2025\/03\/unnamed-1-e1742290408837.jpg","datePublished":"2025-03-18T09:37:17+00:00","dateModified":"2025-03-22T15:38:22+00:00","description":"El lanzamiento junto a Bad Gyal marca el cierre del proyecto que ha consolidado a 8belial como artista muy prometedor de la escena urbana","breadcrumb":{"@id":"https:\/\/unaymilletras.com\/bad-gyal-y-8belial-presentan-orilla-una-combinacion-esperada-en-la-escena-urbana\/#breadcrumb"},"inLanguage":"en-GB","potentialAction":[{"@type":"ReadAction","target":["https:\/\/unaymilletras.com\/bad-gyal-y-8belial-presentan-orilla-una-combinacion-esperada-en-la-escena-urbana\/"]}]},{"@type":"ImageObject","inLanguage":"en-GB","@id":"https:\/\/unaymilletras.com\/bad-gyal-y-8belial-presentan-orilla-una-combinacion-esperada-en-la-escena-urbana\/#primaryimage","url":"https:\/\/unaymilletras.com\/wp-content\/uploads\/2025\/03\/unnamed-1-e1742290408837.jpg","contentUrl":"https:\/\/unaymilletras.com\/wp-content\/uploads\/2025\/03\/unnamed-1-e1742290408837.jpg","width":600,"height":600,"caption":"Bad Gyal"},{"@type":"BreadcrumbList","@id":"https:\/\/unaymilletras.com\/bad-gyal-y-8belial-presentan-orilla-una-combinacion-esperada-en-la-escena-urbana\/#breadcrumb","itemListElement":[{"@type":"ListItem","position":1,"name":"Home","item":"http:\/\/unaymilletras.com\/"},{"@type":"ListItem","position":2,"name":"Bad Gyal y 8belial presentan &#8216;Orilla&#8217;: una combinaci\u00f3n esperada en la escena urbana"}]},{"@type":"WebSite","@id":"http:\/\/unaymilletras.com\/#website","url":"http:\/\/unaymilletras.com\/","name":"Una y Mil Letras","description":"","publisher":{"@id":"http:\/\/unaymilletras.com\/#organization"},"potentialAction":[{"@type":"SearchAction","target":{"@type":"EntryPoint","urlTemplate":"http:\/\/unaymilletras.com\/?s={search_term_string}"},"query-input":{"@type":"PropertyValueSpecification","valueRequired":true,"valueName":"search_term_string"}}],"inLanguage":"en-GB"},{"@type":"Organization","@id":"http:\/\/unaymilletras.com\/#organization","name":"Una y Mil Letras","url":"http:\/\/unaymilletras.com\/","logo":{"@type":"ImageObject","inLanguage":"en-GB","@id":"http:\/\/unaymilletras.com\/#\/schema\/logo\/image\/","url":"https:\/\/unaymilletras.com\/wp-content\/uploads\/2024\/06\/cropped-Logo-removebg-preview.png","contentUrl":"https:\/\/unaymilletras.com\/wp-content\/uploads\/2024\/06\/cropped-Logo-removebg-preview.png","width":512,"height":512,"caption":"Una y Mil Letras"},"image":{"@id":"http:\/\/unaymilletras.com\/#\/schema\/logo\/image\/"},"sameAs":["https:\/\/x.com\/UnaYMilLetras","https:\/\/instagram.com\/UnaYMilLetras"]},{"@type":"Person","@id":"http:\/\/unaymilletras.com\/#\/schema\/person\/f9792b0b93704f9d3f6cef46c2048d7d","name":"Alvany Pereira","image":{"@type":"ImageObject","inLanguage":"en-GB","@id":"https:\/\/secure.gravatar.com\/avatar\/1a5fbcc81714220624d70f391a6187cd1434ccfcb154238afd238d6b8bb7f593?s=96&d=mm&r=g","url":"https:\/\/secure.gravatar.com\/avatar\/1a5fbcc81714220624d70f391a6187cd1434ccfcb154238afd238d6b8bb7f593?s=96&d=mm&r=g","contentUrl":"https:\/\/secure.gravatar.com\/avatar\/1a5fbcc81714220624d70f391a6187cd1434ccfcb154238afd238d6b8bb7f593?s=96&d=mm&r=g","caption":"Alvany Pereira"},"url":"https:\/\/unaymilletras.com\/en\/author\/alvanysophia\/"}]}},"_links":{"self":[{"href":"https:\/\/unaymilletras.com\/en\/wp-json\/wp\/v2\/posts\/4059","targetHints":{"allow":["GET"]}}],"collection":[{"href":"https:\/\/unaymilletras.com\/en\/wp-json\/wp\/v2\/posts"}],"about":[{"href":"https:\/\/unaymilletras.com\/en\/wp-json\/wp\/v2\/types\/post"}],"author":[{"embeddable":true,"href":"https:\/\/unaymilletras.com\/en\/wp-json\/wp\/v2\/users\/8"}],"replies":[{"embeddable":true,"href":"https:\/\/unaymilletras.com\/en\/wp-json\/wp\/v2\/comments?post=4059"}],"version-history":[{"count":15,"href":"https:\/\/unaymilletras.com\/en\/wp-json\/wp\/v2\/posts\/4059\/revisions"}],"predecessor-version":[{"id":4176,"href":"https:\/\/unaymilletras.com\/en\/wp-json\/wp\/v2\/posts\/4059\/revisions\/4176"}],"wp:featuredmedia":[{"embeddable":true,"href":"https:\/\/unaymilletras.com\/en\/wp-json\/wp\/v2\/media\/4064"}],"wp:attachment":[{"href":"https:\/\/unaymilletras.com\/en\/wp-json\/wp\/v2\/media?parent=4059"}],"wp:term":[{"taxonomy":"category","embeddable":true,"href":"https:\/\/unaymilletras.com\/en\/wp-json\/wp\/v2\/categories?post=4059"},{"taxonomy":"post_tag","embeddable":true,"href":"https:\/\/unaymilletras.com\/en\/wp-json\/wp\/v2\/tags?post=4059"}],"curies":[{"name":"wp","href":"https:\/\/api.w.org\/{rel}","templated":true}]}}