{"id":4108,"date":"2025-03-20T14:00:00","date_gmt":"2025-03-20T13:00:00","guid":{"rendered":"https:\/\/unaymilletras.com\/?p=4108"},"modified":"2025-03-20T00:21:39","modified_gmt":"2025-03-19T23:21:39","slug":"maluma-da-comienzo-a-su-gira-europea-pretty-dirty-en-barcelona","status":"publish","type":"post","link":"https:\/\/unaymilletras.com\/en\/maluma-da-comienzo-a-su-gira-europea-pretty-dirty-en-barcelona\/","title":{"rendered":"Maluma da comienzo a su gira europea \u00ab+PRETTY +DIRTY\u00bb en Barcelona"},"content":{"rendered":"<div data-elementor-type=\"wp-post\" data-elementor-id=\"4108\" class=\"elementor elementor-4108\">\n\t\t\t\t\t\t<section class=\"elementor-section elementor-top-section elementor-element elementor-element-54c7aea3 elementor-section-boxed elementor-section-height-default elementor-section-height-default\" data-id=\"54c7aea3\" data-element_type=\"section\" data-e-type=\"section\">\n\t\t\t\t\t\t<div class=\"elementor-container elementor-column-gap-default\">\n\t\t\t\t\t<div class=\"elementor-column elementor-col-100 elementor-top-column elementor-element elementor-element-1bd6dc39\" data-id=\"1bd6dc39\" data-element_type=\"column\" data-e-type=\"column\">\n\t\t\t<div class=\"elementor-widget-wrap elementor-element-populated\">\n\t\t\t\t\t\t<div class=\"elementor-element elementor-element-604460eb elementor-widget elementor-widget-text-editor\" data-id=\"604460eb\" data-element_type=\"widget\" data-e-type=\"widget\" data-widget_type=\"text-editor.default\">\n\t\t\t\t<div class=\"elementor-widget-container\">\n\t\t\t\t\t\t\t\t\t<h2 style=\"text-align: center;\"><span style=\"color: #808080;\"><em>La superestrella Maluma inici\u00f3 su tour el s\u00e1bado en el Palau Sant Jordi de Barcelona con las entradas agotadas desde hace meses<\/em><\/span><\/h2>\n<p><!-- \/wp:heading --><!-- wp:gallery {\"linkTo\":\"none\"} --><\/p>\n<figure class=\"wp-block-gallery has-nested-images columns-default is-cropped\"><!-- wp:image {\"id\":4117,\"sizeSlug\":\"large\",\"linkDestination\":\"none\"} -->\n<p>\u00a0<\/p>\n<figure class=\"wp-block-image size-large\"><img fetchpriority=\"high\" decoding=\"async\" width=\"683\" height=\"1024\" class=\"wp-image-4117\" src=\"https:\/\/unaymilletras.com\/wp-content\/uploads\/2025\/03\/250315-MalumaStJordi-013-683x1024.jpg\" alt=\"\" \/>\n<p>\u00a0<\/p>\n<figcaption class=\"wp-element-caption\">Juanjo Innercia\u00a9<\/figcaption>\n<\/figure>\n<p><!-- \/wp:image --><!-- wp:image {\"id\":4118,\"sizeSlug\":\"large\",\"linkDestination\":\"none\"} --><\/p>\n<figure class=\"wp-block-image size-large\"><img decoding=\"async\" width=\"683\" height=\"1024\" class=\"wp-image-4118\" src=\"https:\/\/unaymilletras.com\/wp-content\/uploads\/2025\/03\/250315-MalumaStJordi-014-683x1024.jpg\" alt=\"\" \/>\n<p>\u00a0<\/p>\n<figcaption class=\"wp-element-caption\">Juanjo Innercia\u00a9<\/figcaption>\n<\/figure>\n<p><!-- \/wp:image --><!-- wp:image {\"id\":4120,\"sizeSlug\":\"large\",\"linkDestination\":\"none\"} --><\/p>\n<figure class=\"wp-block-image size-large\"><img decoding=\"async\" width=\"1024\" height=\"683\" class=\"wp-image-4120\" src=\"https:\/\/unaymilletras.com\/wp-content\/uploads\/2025\/03\/250315-MalumaStJordi-016-1024x683.jpg\" alt=\"\" \/>\n<p>\u00a0<\/p>\n<figcaption class=\"wp-element-caption\">Juanjo Innercia\u00a9<\/figcaption>\n<\/figure>\n<p><!-- \/wp:image --><\/p>\n<\/figure>\n<p><!-- \/wp:gallery --><!-- wp:paragraph --><\/p>\n<p>Maluma, el icono de la m\u00fasica latina, ha dado el pistoletazo de salida a su esperada gira europea <strong>\u00ab+PRETTY +DIRTY\u00bb<\/strong> con un espectacular concierto en el <strong>Palau Sant Jordi<\/strong> de Barcelona ante m\u00e1s de <strong>17.000 espectadores<\/strong>. Las entradas para este evento se agotaron con meses de antelaci\u00f3n.<\/p>\n<p><!-- \/wp:paragraph --><!-- wp:paragraph --><\/p>\n<p>El colombiano, con casi <strong>15 a\u00f1os de carrera<\/strong>, deslumbr\u00f3 con un show vibrante y en\u00e9rgico en el que repas\u00f3 sus <strong>grandes \u00e9xitos<\/strong>. Este tour supone un hito en su trayectoria, consolid\u00e1ndose como uno de los m\u00e1s esperados del a\u00f1o.<\/p>\n<p><!-- \/wp:paragraph --><!-- wp:heading {\"level\":3} --><\/p>\n<h3 class=\"wp-block-heading\">Maluma regresa a Madrid con tres fechas imperdibles<\/h3>\n<p><!-- \/wp:heading --><!-- wp:paragraph --><\/p>\n<p>Tras su paso por varias ciudades europeas, Maluma volver\u00e1 a Espa\u00f1a para ofrecer <strong>tres conciertos<\/strong> en el <strong>Movistar Arena de Madrid<\/strong> durante el mes de abril. Con las dos primeras fechas completamente agotadas, a\u00fan quedan las \u00faltimas entradas para la tercera y \u00faltima fecha el<strong> 9 de abril<\/strong>. Las entradas est\u00e1n disponibles en los principales canales de venta: Mitaquilla.com, El Corte Ingl\u00e9s, Entradas.com, Seetickets.com, Movistar Arena &#8211; Baila, The Ticket Company y Tomaticket.<\/p>\n<p><!-- \/wp:paragraph --><!-- wp:paragraph --><\/p>\n<p>Con m\u00e1s de 55.000 entradas vendidas en Espa\u00f1a, esta gira se posiciona como una de las m\u00e1s exitosas de los \u00faltimos a\u00f1os en el pa\u00eds. La demanda del p\u00fablico ha sido extraordinaria, logrando un <em>\u00absold out\u00bb<\/em> en dos de las tres fechas programadas para Madrid.<\/p>\n<p><!-- \/wp:paragraph --><!-- wp:heading {\"level\":3} --><\/p>\n<h3 class=\"wp-block-heading\">Un espect\u00e1culo de primer nivel<\/h3>\n<p><!-- \/wp:heading --><!-- wp:paragraph --><\/p>\n<p>Maluma, uno de los artistas latinos m\u00e1s ic\u00f3nicos de la \u00faltima d\u00e9cada, regresa en 2025 con una producci\u00f3n visual y sonora de vanguardia. Su tour <strong>\u00ab+PRETTY +DIRTY\u00bb<\/strong> promete ser un despliegue de luces, coreograf\u00edas y emociones, combinando sus baladas rom\u00e1nticas con ritmos urbanos y pop.<\/p>\n<p><!-- \/wp:paragraph --><!-- wp:paragraph --><\/p>\n<p>Su \u00faltimo single, <span style=\"color: #808080;\"><a style=\"color: #808080;\" href=\"https:\/\/open.spotify.com\/intl-es\/track\/0iVEujJcafOBnxa654fJYu?si=c0a659c8798b4344\"><em><strong>Cosas Pendientes<\/strong><\/em><\/a><\/span>, compuesto junto a Edgar Barrera, Keityn y Casta, marca el inicio de una nueva era para el artista, rindiendo homenaje a su ic\u00f3nico \u00e1lbum \u00ab<em>Pretty Boy, Dirty Boy<\/em>\u00bb de 2015.<\/p>\n<p><!-- \/wp:paragraph --><!-- wp:paragraph --><\/p>\n<p>Adem\u00e1s, Maluma sigue sumando reconocimientos a su carrera. Recientemente, fue galardonado con los premios a la Mejor Gira y al Artista Global Latino en <strong>Los 40 Music Awards<\/strong>. Asimismo, ha sido nominado a los <strong>GRAMMY Awards<\/strong> por su disco <i>Don Juan<\/i> y obtuvo un<strong> Latin GRAMMY<\/strong> en 2018 al Mejor \u00c1lbum de Pop Vocal Contempor\u00e1neo por \u00abF.A.M.E.\u00bb.<\/p>\n<p><!-- \/wp:paragraph --><!-- wp:image {\"id\":4124,\"sizeSlug\":\"large\",\"linkDestination\":\"none\"} --><\/p>\n<figure class=\"wp-block-image size-large\"><img loading=\"lazy\" decoding=\"async\" width=\"1024\" height=\"683\" class=\"wp-image-4124\" src=\"http:\/\/unaymilletras.com\/wp-content\/uploads\/2025\/03\/250315-MalumaStJordi-020-1024x683.jpg\" alt=\"\" \/><\/figure>\n<p><!-- \/wp:image --><!-- wp:paragraph --><\/p>\n<p>Con una energ\u00eda inigualable, una puesta en escena espectacular y un repertorio que ha marcado a toda una generaci\u00f3n, Maluma promete convertir cada noche de su gira en una fiesta inolvidable. La cuenta regresiva ha comenzado, y quienes han sido testigos de su poder esc\u00e9nico, saben que <strong>lo mejor est\u00e1 por venir<\/strong>.<\/p>\n<p><!-- \/wp:paragraph --><\/p>\t\t\t\t\t\t\t\t<\/div>\n\t\t\t\t<\/div>\n\t\t\t\t\t<\/div>\n\t\t<\/div>\n\t\t\t\t\t<\/div>\n\t\t<\/section>\n\t\t\t\t<\/div>","protected":false},"excerpt":{"rendered":"<p>La superestrella Maluma inici\u00f3 su tour el s\u00e1bado en el Palau Sant Jordi de Barcelona con las entradas agotadas desde hace meses \u00a0 \u00a0Juanjo Innercia\u00a9 \u00a0Juanjo Innercia\u00a9 \u00a0Juanjo Innercia\u00a9 Maluma, el icono de la m\u00fasica latina, ha dado el pistoletazo de salida a su esperada gira europea \u00ab+PRETTY +DIRTY\u00bb con un espectacular concierto en el [&hellip;]<\/p>\n","protected":false},"author":9,"featured_media":4121,"comment_status":"closed","ping_status":"closed","sticky":false,"template":"","format":"standard","meta":{"footnotes":""},"categories":[4],"tags":[157],"class_list":["post-4108","post","type-post","status-publish","format-standard","has-post-thumbnail","hentry","category-musica","tag-maluma"],"yoast_head":"<!-- This site is optimized with the Yoast SEO plugin v27.4 - https:\/\/yoast.com\/product\/yoast-seo-wordpress\/ -->\n<title>Maluma da comienzo a su gira europea &quot;+PRETTY +DIRTY&quot; en Barcelona<\/title>\n<meta name=\"description\" content=\"Maluma, ha dado inicio a su esperada gira europea &quot;+PRETTY +DIRTY&quot; con un espectacular concierto en el Palau Sant Jordi.\" \/>\n<meta name=\"robots\" content=\"index, follow, max-snippet:-1, max-image-preview:large, max-video-preview:-1\" \/>\n<link rel=\"canonical\" href=\"https:\/\/unaymilletras.com\/en\/maluma-da-comienzo-a-su-gira-europea-pretty-dirty-en-barcelona\/\" \/>\n<meta property=\"og:locale\" content=\"en_GB\" \/>\n<meta property=\"og:type\" content=\"article\" \/>\n<meta property=\"og:title\" content=\"Maluma da comienzo a su gira europea &quot;+PRETTY +DIRTY&quot; en Barcelona\" \/>\n<meta property=\"og:description\" content=\"Maluma, ha dado inicio a su esperada gira europea &quot;+PRETTY +DIRTY&quot; con un espectacular concierto en el Palau Sant Jordi.\" \/>\n<meta property=\"og:url\" content=\"https:\/\/unaymilletras.com\/en\/maluma-da-comienzo-a-su-gira-europea-pretty-dirty-en-barcelona\/\" \/>\n<meta property=\"og:site_name\" content=\"Una y Mil Letras\" \/>\n<meta property=\"article:published_time\" content=\"2025-03-20T13:00:00+00:00\" \/>\n<meta property=\"og:image\" content=\"https:\/\/unaymilletras.com\/wp-content\/uploads\/2025\/03\/250315-MalumaStJordi-017-scaled-e1742320004987.jpg\" \/>\n\t<meta property=\"og:image:width\" content=\"600\" \/>\n\t<meta property=\"og:image:height\" content=\"400\" \/>\n\t<meta property=\"og:image:type\" content=\"image\/jpeg\" \/>\n<meta name=\"author\" content=\"Victoria Hern\u00e1ndez\" \/>\n<meta name=\"twitter:card\" content=\"summary_large_image\" \/>\n<meta name=\"twitter:creator\" content=\"@UnaYMilLetras\" \/>\n<meta name=\"twitter:site\" content=\"@UnaYMilLetras\" \/>\n<meta name=\"twitter:label1\" content=\"Written by\" \/>\n\t<meta name=\"twitter:data1\" content=\"Victoria Hern\u00e1ndez\" \/>\n\t<meta name=\"twitter:label2\" content=\"Estimated reading time\" \/>\n\t<meta name=\"twitter:data2\" content=\"3 minutes\" \/>\n<script type=\"application\/ld+json\" class=\"yoast-schema-graph\">{\"@context\":\"https:\\\/\\\/schema.org\",\"@graph\":[{\"@type\":\"Article\",\"@id\":\"https:\\\/\\\/unaymilletras.com\\\/maluma-da-comienzo-a-su-gira-europea-pretty-dirty-en-barcelona\\\/#article\",\"isPartOf\":{\"@id\":\"https:\\\/\\\/unaymilletras.com\\\/maluma-da-comienzo-a-su-gira-europea-pretty-dirty-en-barcelona\\\/\"},\"author\":{\"name\":\"Victoria Hern\u00e1ndez\",\"@id\":\"http:\\\/\\\/unaymilletras.com\\\/#\\\/schema\\\/person\\\/90f1e88e4c10951a79965c8106280f0a\"},\"headline\":\"Maluma da comienzo a su gira europea \u00ab+PRETTY +DIRTY\u00bb en Barcelona\",\"datePublished\":\"2025-03-20T13:00:00+00:00\",\"mainEntityOfPage\":{\"@id\":\"https:\\\/\\\/unaymilletras.com\\\/maluma-da-comienzo-a-su-gira-europea-pretty-dirty-en-barcelona\\\/\"},\"wordCount\":475,\"publisher\":{\"@id\":\"http:\\\/\\\/unaymilletras.com\\\/#organization\"},\"image\":{\"@id\":\"https:\\\/\\\/unaymilletras.com\\\/maluma-da-comienzo-a-su-gira-europea-pretty-dirty-en-barcelona\\\/#primaryimage\"},\"thumbnailUrl\":\"https:\\\/\\\/unaymilletras.com\\\/wp-content\\\/uploads\\\/2025\\\/03\\\/250315-MalumaStJordi-017-scaled-e1742320004987.jpg\",\"keywords\":[\"Maluma\"],\"articleSection\":[\"M\u00fasica\"],\"inLanguage\":\"en-GB\"},{\"@type\":\"WebPage\",\"@id\":\"https:\\\/\\\/unaymilletras.com\\\/maluma-da-comienzo-a-su-gira-europea-pretty-dirty-en-barcelona\\\/\",\"url\":\"https:\\\/\\\/unaymilletras.com\\\/maluma-da-comienzo-a-su-gira-europea-pretty-dirty-en-barcelona\\\/\",\"name\":\"Maluma da comienzo a su gira europea \\\"+PRETTY +DIRTY\\\" en Barcelona\",\"isPartOf\":{\"@id\":\"http:\\\/\\\/unaymilletras.com\\\/#website\"},\"primaryImageOfPage\":{\"@id\":\"https:\\\/\\\/unaymilletras.com\\\/maluma-da-comienzo-a-su-gira-europea-pretty-dirty-en-barcelona\\\/#primaryimage\"},\"image\":{\"@id\":\"https:\\\/\\\/unaymilletras.com\\\/maluma-da-comienzo-a-su-gira-europea-pretty-dirty-en-barcelona\\\/#primaryimage\"},\"thumbnailUrl\":\"https:\\\/\\\/unaymilletras.com\\\/wp-content\\\/uploads\\\/2025\\\/03\\\/250315-MalumaStJordi-017-scaled-e1742320004987.jpg\",\"datePublished\":\"2025-03-20T13:00:00+00:00\",\"description\":\"Maluma, ha dado inicio a su esperada gira europea \\\"+PRETTY +DIRTY\\\" con un espectacular concierto en el Palau Sant Jordi.\",\"breadcrumb\":{\"@id\":\"https:\\\/\\\/unaymilletras.com\\\/maluma-da-comienzo-a-su-gira-europea-pretty-dirty-en-barcelona\\\/#breadcrumb\"},\"inLanguage\":\"en-GB\",\"potentialAction\":[{\"@type\":\"ReadAction\",\"target\":[\"https:\\\/\\\/unaymilletras.com\\\/maluma-da-comienzo-a-su-gira-europea-pretty-dirty-en-barcelona\\\/\"]}]},{\"@type\":\"ImageObject\",\"inLanguage\":\"en-GB\",\"@id\":\"https:\\\/\\\/unaymilletras.com\\\/maluma-da-comienzo-a-su-gira-europea-pretty-dirty-en-barcelona\\\/#primaryimage\",\"url\":\"https:\\\/\\\/unaymilletras.com\\\/wp-content\\\/uploads\\\/2025\\\/03\\\/250315-MalumaStJordi-017-scaled-e1742320004987.jpg\",\"contentUrl\":\"https:\\\/\\\/unaymilletras.com\\\/wp-content\\\/uploads\\\/2025\\\/03\\\/250315-MalumaStJordi-017-scaled-e1742320004987.jpg\",\"width\":600,\"height\":400,\"caption\":\"Juanjo Innercia\u00a9\"},{\"@type\":\"BreadcrumbList\",\"@id\":\"https:\\\/\\\/unaymilletras.com\\\/maluma-da-comienzo-a-su-gira-europea-pretty-dirty-en-barcelona\\\/#breadcrumb\",\"itemListElement\":[{\"@type\":\"ListItem\",\"position\":1,\"name\":\"Home\",\"item\":\"http:\\\/\\\/unaymilletras.com\\\/\"},{\"@type\":\"ListItem\",\"position\":2,\"name\":\"Maluma da comienzo a su gira europea \u00ab+PRETTY +DIRTY\u00bb en Barcelona\"}]},{\"@type\":\"WebSite\",\"@id\":\"http:\\\/\\\/unaymilletras.com\\\/#website\",\"url\":\"http:\\\/\\\/unaymilletras.com\\\/\",\"name\":\"Una y Mil Letras\",\"description\":\"\",\"publisher\":{\"@id\":\"http:\\\/\\\/unaymilletras.com\\\/#organization\"},\"potentialAction\":[{\"@type\":\"SearchAction\",\"target\":{\"@type\":\"EntryPoint\",\"urlTemplate\":\"http:\\\/\\\/unaymilletras.com\\\/?s={search_term_string}\"},\"query-input\":{\"@type\":\"PropertyValueSpecification\",\"valueRequired\":true,\"valueName\":\"search_term_string\"}}],\"inLanguage\":\"en-GB\"},{\"@type\":\"Organization\",\"@id\":\"http:\\\/\\\/unaymilletras.com\\\/#organization\",\"name\":\"Una y Mil Letras\",\"url\":\"http:\\\/\\\/unaymilletras.com\\\/\",\"logo\":{\"@type\":\"ImageObject\",\"inLanguage\":\"en-GB\",\"@id\":\"http:\\\/\\\/unaymilletras.com\\\/#\\\/schema\\\/logo\\\/image\\\/\",\"url\":\"https:\\\/\\\/unaymilletras.com\\\/wp-content\\\/uploads\\\/2024\\\/06\\\/cropped-Logo-removebg-preview.png\",\"contentUrl\":\"https:\\\/\\\/unaymilletras.com\\\/wp-content\\\/uploads\\\/2024\\\/06\\\/cropped-Logo-removebg-preview.png\",\"width\":512,\"height\":512,\"caption\":\"Una y Mil Letras\"},\"image\":{\"@id\":\"http:\\\/\\\/unaymilletras.com\\\/#\\\/schema\\\/logo\\\/image\\\/\"},\"sameAs\":[\"https:\\\/\\\/x.com\\\/UnaYMilLetras\",\"https:\\\/\\\/instagram.com\\\/UnaYMilLetras\"]},{\"@type\":\"Person\",\"@id\":\"http:\\\/\\\/unaymilletras.com\\\/#\\\/schema\\\/person\\\/90f1e88e4c10951a79965c8106280f0a\",\"name\":\"Victoria Hern\u00e1ndez\",\"image\":{\"@type\":\"ImageObject\",\"inLanguage\":\"en-GB\",\"@id\":\"https:\\\/\\\/secure.gravatar.com\\\/avatar\\\/4a6a914c964cf29cc45dd00ef5c74e847f221f6a1039c94b8aa244949baeeda4?s=96&d=mm&r=g\",\"url\":\"https:\\\/\\\/secure.gravatar.com\\\/avatar\\\/4a6a914c964cf29cc45dd00ef5c74e847f221f6a1039c94b8aa244949baeeda4?s=96&d=mm&r=g\",\"contentUrl\":\"https:\\\/\\\/secure.gravatar.com\\\/avatar\\\/4a6a914c964cf29cc45dd00ef5c74e847f221f6a1039c94b8aa244949baeeda4?s=96&d=mm&r=g\",\"caption\":\"Victoria Hern\u00e1ndez\"},\"url\":\"https:\\\/\\\/unaymilletras.com\\\/en\\\/author\\\/victoriahernandez\\\/\"}]}<\/script>\n<!-- \/ Yoast SEO plugin. -->","yoast_head_json":{"title":"Maluma da comienzo a su gira europea \"+PRETTY +DIRTY\" en Barcelona","description":"Maluma, ha dado inicio a su esperada gira europea \"+PRETTY +DIRTY\" con un espectacular concierto en el Palau Sant Jordi.","robots":{"index":"index","follow":"follow","max-snippet":"max-snippet:-1","max-image-preview":"max-image-preview:large","max-video-preview":"max-video-preview:-1"},"canonical":"https:\/\/unaymilletras.com\/en\/maluma-da-comienzo-a-su-gira-europea-pretty-dirty-en-barcelona\/","og_locale":"en_GB","og_type":"article","og_title":"Maluma da comienzo a su gira europea \"+PRETTY +DIRTY\" en Barcelona","og_description":"Maluma, ha dado inicio a su esperada gira europea \"+PRETTY +DIRTY\" con un espectacular concierto en el Palau Sant Jordi.","og_url":"https:\/\/unaymilletras.com\/en\/maluma-da-comienzo-a-su-gira-europea-pretty-dirty-en-barcelona\/","og_site_name":"Una y Mil Letras","article_published_time":"2025-03-20T13:00:00+00:00","og_image":[{"width":600,"height":400,"url":"https:\/\/unaymilletras.com\/wp-content\/uploads\/2025\/03\/250315-MalumaStJordi-017-scaled-e1742320004987.jpg","type":"image\/jpeg"}],"author":"Victoria Hern\u00e1ndez","twitter_card":"summary_large_image","twitter_creator":"@UnaYMilLetras","twitter_site":"@UnaYMilLetras","twitter_misc":{"Written by":"Victoria Hern\u00e1ndez","Estimated reading time":"3 minutes"},"schema":{"@context":"https:\/\/schema.org","@graph":[{"@type":"Article","@id":"https:\/\/unaymilletras.com\/maluma-da-comienzo-a-su-gira-europea-pretty-dirty-en-barcelona\/#article","isPartOf":{"@id":"https:\/\/unaymilletras.com\/maluma-da-comienzo-a-su-gira-europea-pretty-dirty-en-barcelona\/"},"author":{"name":"Victoria Hern\u00e1ndez","@id":"http:\/\/unaymilletras.com\/#\/schema\/person\/90f1e88e4c10951a79965c8106280f0a"},"headline":"Maluma da comienzo a su gira europea \u00ab+PRETTY +DIRTY\u00bb en Barcelona","datePublished":"2025-03-20T13:00:00+00:00","mainEntityOfPage":{"@id":"https:\/\/unaymilletras.com\/maluma-da-comienzo-a-su-gira-europea-pretty-dirty-en-barcelona\/"},"wordCount":475,"publisher":{"@id":"http:\/\/unaymilletras.com\/#organization"},"image":{"@id":"https:\/\/unaymilletras.com\/maluma-da-comienzo-a-su-gira-europea-pretty-dirty-en-barcelona\/#primaryimage"},"thumbnailUrl":"https:\/\/unaymilletras.com\/wp-content\/uploads\/2025\/03\/250315-MalumaStJordi-017-scaled-e1742320004987.jpg","keywords":["Maluma"],"articleSection":["M\u00fasica"],"inLanguage":"en-GB"},{"@type":"WebPage","@id":"https:\/\/unaymilletras.com\/maluma-da-comienzo-a-su-gira-europea-pretty-dirty-en-barcelona\/","url":"https:\/\/unaymilletras.com\/maluma-da-comienzo-a-su-gira-europea-pretty-dirty-en-barcelona\/","name":"Maluma da comienzo a su gira europea \"+PRETTY +DIRTY\" en Barcelona","isPartOf":{"@id":"http:\/\/unaymilletras.com\/#website"},"primaryImageOfPage":{"@id":"https:\/\/unaymilletras.com\/maluma-da-comienzo-a-su-gira-europea-pretty-dirty-en-barcelona\/#primaryimage"},"image":{"@id":"https:\/\/unaymilletras.com\/maluma-da-comienzo-a-su-gira-europea-pretty-dirty-en-barcelona\/#primaryimage"},"thumbnailUrl":"https:\/\/unaymilletras.com\/wp-content\/uploads\/2025\/03\/250315-MalumaStJordi-017-scaled-e1742320004987.jpg","datePublished":"2025-03-20T13:00:00+00:00","description":"Maluma, ha dado inicio a su esperada gira europea \"+PRETTY +DIRTY\" con un espectacular concierto en el Palau Sant Jordi.","breadcrumb":{"@id":"https:\/\/unaymilletras.com\/maluma-da-comienzo-a-su-gira-europea-pretty-dirty-en-barcelona\/#breadcrumb"},"inLanguage":"en-GB","potentialAction":[{"@type":"ReadAction","target":["https:\/\/unaymilletras.com\/maluma-da-comienzo-a-su-gira-europea-pretty-dirty-en-barcelona\/"]}]},{"@type":"ImageObject","inLanguage":"en-GB","@id":"https:\/\/unaymilletras.com\/maluma-da-comienzo-a-su-gira-europea-pretty-dirty-en-barcelona\/#primaryimage","url":"https:\/\/unaymilletras.com\/wp-content\/uploads\/2025\/03\/250315-MalumaStJordi-017-scaled-e1742320004987.jpg","contentUrl":"https:\/\/unaymilletras.com\/wp-content\/uploads\/2025\/03\/250315-MalumaStJordi-017-scaled-e1742320004987.jpg","width":600,"height":400,"caption":"Juanjo Innercia\u00a9"},{"@type":"BreadcrumbList","@id":"https:\/\/unaymilletras.com\/maluma-da-comienzo-a-su-gira-europea-pretty-dirty-en-barcelona\/#breadcrumb","itemListElement":[{"@type":"ListItem","position":1,"name":"Home","item":"http:\/\/unaymilletras.com\/"},{"@type":"ListItem","position":2,"name":"Maluma da comienzo a su gira europea \u00ab+PRETTY +DIRTY\u00bb en Barcelona"}]},{"@type":"WebSite","@id":"http:\/\/unaymilletras.com\/#website","url":"http:\/\/unaymilletras.com\/","name":"Una y Mil Letras","description":"","publisher":{"@id":"http:\/\/unaymilletras.com\/#organization"},"potentialAction":[{"@type":"SearchAction","target":{"@type":"EntryPoint","urlTemplate":"http:\/\/unaymilletras.com\/?s={search_term_string}"},"query-input":{"@type":"PropertyValueSpecification","valueRequired":true,"valueName":"search_term_string"}}],"inLanguage":"en-GB"},{"@type":"Organization","@id":"http:\/\/unaymilletras.com\/#organization","name":"Una y Mil Letras","url":"http:\/\/unaymilletras.com\/","logo":{"@type":"ImageObject","inLanguage":"en-GB","@id":"http:\/\/unaymilletras.com\/#\/schema\/logo\/image\/","url":"https:\/\/unaymilletras.com\/wp-content\/uploads\/2024\/06\/cropped-Logo-removebg-preview.png","contentUrl":"https:\/\/unaymilletras.com\/wp-content\/uploads\/2024\/06\/cropped-Logo-removebg-preview.png","width":512,"height":512,"caption":"Una y Mil Letras"},"image":{"@id":"http:\/\/unaymilletras.com\/#\/schema\/logo\/image\/"},"sameAs":["https:\/\/x.com\/UnaYMilLetras","https:\/\/instagram.com\/UnaYMilLetras"]},{"@type":"Person","@id":"http:\/\/unaymilletras.com\/#\/schema\/person\/90f1e88e4c10951a79965c8106280f0a","name":"Victoria Hern\u00e1ndez","image":{"@type":"ImageObject","inLanguage":"en-GB","@id":"https:\/\/secure.gravatar.com\/avatar\/4a6a914c964cf29cc45dd00ef5c74e847f221f6a1039c94b8aa244949baeeda4?s=96&d=mm&r=g","url":"https:\/\/secure.gravatar.com\/avatar\/4a6a914c964cf29cc45dd00ef5c74e847f221f6a1039c94b8aa244949baeeda4?s=96&d=mm&r=g","contentUrl":"https:\/\/secure.gravatar.com\/avatar\/4a6a914c964cf29cc45dd00ef5c74e847f221f6a1039c94b8aa244949baeeda4?s=96&d=mm&r=g","caption":"Victoria Hern\u00e1ndez"},"url":"https:\/\/unaymilletras.com\/en\/author\/victoriahernandez\/"}]}},"_links":{"self":[{"href":"https:\/\/unaymilletras.com\/en\/wp-json\/wp\/v2\/posts\/4108","targetHints":{"allow":["GET"]}}],"collection":[{"href":"https:\/\/unaymilletras.com\/en\/wp-json\/wp\/v2\/posts"}],"about":[{"href":"https:\/\/unaymilletras.com\/en\/wp-json\/wp\/v2\/types\/post"}],"author":[{"embeddable":true,"href":"https:\/\/unaymilletras.com\/en\/wp-json\/wp\/v2\/users\/9"}],"replies":[{"embeddable":true,"href":"https:\/\/unaymilletras.com\/en\/wp-json\/wp\/v2\/comments?post=4108"}],"version-history":[{"count":7,"href":"https:\/\/unaymilletras.com\/en\/wp-json\/wp\/v2\/posts\/4108\/revisions"}],"predecessor-version":[{"id":4131,"href":"https:\/\/unaymilletras.com\/en\/wp-json\/wp\/v2\/posts\/4108\/revisions\/4131"}],"wp:featuredmedia":[{"embeddable":true,"href":"https:\/\/unaymilletras.com\/en\/wp-json\/wp\/v2\/media\/4121"}],"wp:attachment":[{"href":"https:\/\/unaymilletras.com\/en\/wp-json\/wp\/v2\/media?parent=4108"}],"wp:term":[{"taxonomy":"category","embeddable":true,"href":"https:\/\/unaymilletras.com\/en\/wp-json\/wp\/v2\/categories?post=4108"},{"taxonomy":"post_tag","embeddable":true,"href":"https:\/\/unaymilletras.com\/en\/wp-json\/wp\/v2\/tags?post=4108"}],"curies":[{"name":"wp","href":"https:\/\/api.w.org\/{rel}","templated":true}]}}