{"id":4138,"date":"2025-03-20T10:39:26","date_gmt":"2025-03-20T09:39:26","guid":{"rendered":"https:\/\/unaymilletras.com\/?p=4138"},"modified":"2025-08-09T12:01:59","modified_gmt":"2025-08-09T10:01:59","slug":"jhayco-incendia-barcelona-con-el-arranque-de-su-murci-city-tour","status":"publish","type":"post","link":"https:\/\/unaymilletras.com\/en\/jhayco-incendia-barcelona-con-el-arranque-de-su-murci-city-tour\/","title":{"rendered":"Jhayco incendia Barcelona con el arranque de su Murci City Tour"},"content":{"rendered":"<div data-elementor-type=\"wp-post\" data-elementor-id=\"4138\" class=\"elementor elementor-4138\">\n\t\t\t\t\t\t<section class=\"elementor-section elementor-top-section elementor-element elementor-element-bddb2cf elementor-section-boxed elementor-section-height-default elementor-section-height-default\" data-id=\"bddb2cf\" data-element_type=\"section\" data-e-type=\"section\">\n\t\t\t\t\t\t<div class=\"elementor-container elementor-column-gap-default\">\n\t\t\t\t\t<div class=\"elementor-column elementor-col-100 elementor-top-column elementor-element elementor-element-73f3239\" data-id=\"73f3239\" data-element_type=\"column\" data-e-type=\"column\">\n\t\t\t<div class=\"elementor-widget-wrap elementor-element-populated\">\n\t\t\t\t\t\t<div class=\"elementor-element elementor-element-d558b66 elementor-widget elementor-widget-text-editor\" data-id=\"d558b66\" data-element_type=\"widget\" data-e-type=\"widget\" data-widget_type=\"text-editor.default\">\n\t\t\t\t<div class=\"elementor-widget-container\">\n\t\t\t\t\t\t\t\t\t<h2 style=\"text-align: center;\"><em><span style=\"color: #808080;\">El artista hizo vibrar el Sant Jordi Club con un show cargado de energ\u00eda y reafirm\u00f3 por qu\u00e9 Jhayco sigue siendo un referente del g\u00e9nero<\/span><\/em><\/h2>\t\t\t\t\t\t\t\t<\/div>\n\t\t\t\t<\/div>\n\t\t\t\t\t<\/div>\n\t\t<\/div>\n\t\t\t\t\t<\/div>\n\t\t<\/section>\n\t\t\t\t<section class=\"elementor-section elementor-top-section elementor-element elementor-element-57a383b elementor-section-boxed elementor-section-height-default elementor-section-height-default\" data-id=\"57a383b\" data-element_type=\"section\" data-e-type=\"section\">\n\t\t\t\t\t\t<div class=\"elementor-container elementor-column-gap-default\">\n\t\t\t\t\t<div class=\"elementor-column elementor-col-100 elementor-top-column elementor-element elementor-element-2a30dd6\" data-id=\"2a30dd6\" data-element_type=\"column\" data-e-type=\"column\">\n\t\t\t<div class=\"elementor-widget-wrap elementor-element-populated\">\n\t\t\t\t\t\t<div class=\"elementor-element elementor-element-2115ae1 elementor-widget elementor-widget-text-editor\" data-id=\"2115ae1\" data-element_type=\"widget\" data-e-type=\"widget\" data-widget_type=\"text-editor.default\">\n\t\t\t\t<div class=\"elementor-widget-container\">\n\t\t\t\t\t\t\t\t\t<p class=\"p1\">Jhay Cortez, m\u00e1s conocido como <b>Jhayco<\/b>, ha hecho vibrar el Sant Jordi Club de Barcelona con el arranque de su gira Murci City Tour, donde ha presentado su \u00faltimo \u00e1lbum, <i><b>Le Clique: Vidarockstar X<\/b><\/i>.<\/p>\n<p class=\"p1\">Desde sus inicios como compositor para artistas de la talla de Zion &amp; Lennox y Ozuna hasta su ascenso como solista con hits como <i>No Me Conoce<\/i> o <i>Costear<\/i>, Jhayco ha demostrado ser un referente indiscutible del g\u00e9nero. Su regreso a los escenarios despu\u00e9s de tres a\u00f1os ha sido un evento esperado con ansias por sus seguidores, y el Sant Jordi Club ha sido testigo de una noche de pura energ\u00eda y espect\u00e1culo.<\/p>\t\t\t\t\t\t\t\t<\/div>\n\t\t\t\t<\/div>\n\t\t\t\t\t<\/div>\n\t\t<\/div>\n\t\t\t\t\t<\/div>\n\t\t<\/section>\n\t\t\t\t<section class=\"elementor-section elementor-top-section elementor-element elementor-element-25c6560 elementor-section-boxed elementor-section-height-default elementor-section-height-default\" data-id=\"25c6560\" data-element_type=\"section\" data-e-type=\"section\">\n\t\t\t\t\t\t<div class=\"elementor-container elementor-column-gap-default\">\n\t\t\t\t\t<div class=\"elementor-column elementor-col-100 elementor-top-column elementor-element elementor-element-ce36a19\" data-id=\"ce36a19\" data-element_type=\"column\" data-e-type=\"column\">\n\t\t\t<div class=\"elementor-widget-wrap elementor-element-populated\">\n\t\t\t\t\t\t<div class=\"elementor-element elementor-element-cd3219d elementor-widget elementor-widget-image\" data-id=\"cd3219d\" data-element_type=\"widget\" data-e-type=\"widget\" data-widget_type=\"image.default\">\n\t\t\t\t<div class=\"elementor-widget-container\">\n\t\t\t\t\t\t\t\t\t\t\t\t<figure class=\"wp-caption\">\n\t\t\t\t\t\t\t\t\t\t<img fetchpriority=\"high\" decoding=\"async\" width=\"640\" height=\"512\" src=\"https:\/\/unaymilletras.com\/wp-content\/uploads\/2025\/03\/DSC07668-1024x819.jpg\" class=\"attachment-large size-large wp-image-4140\" alt=\"Jhayco\" srcset=\"https:\/\/unaymilletras.com\/wp-content\/uploads\/2025\/03\/DSC07668-1024x819.jpg 1024w, https:\/\/unaymilletras.com\/wp-content\/uploads\/2025\/03\/DSC07668-300x240.jpg 300w, https:\/\/unaymilletras.com\/wp-content\/uploads\/2025\/03\/DSC07668-768x614.jpg 768w, https:\/\/unaymilletras.com\/wp-content\/uploads\/2025\/03\/DSC07668-1536x1229.jpg 1536w, https:\/\/unaymilletras.com\/wp-content\/uploads\/2025\/03\/DSC07668-2048x1638.jpg 2048w, https:\/\/unaymilletras.com\/wp-content\/uploads\/2025\/03\/DSC07668-15x12.jpg 15w, https:\/\/unaymilletras.com\/wp-content\/uploads\/2025\/03\/DSC07668-scaled-e1742463549381.jpg 600w\" sizes=\"(max-width: 640px) 100vw, 640px\" \/>\t\t\t\t\t\t\t\t\t\t\t<figcaption class=\"widget-image-caption wp-caption-text\">Fot\u00f3grafa: Judith Fern\u00e1ndez<\/figcaption>\n\t\t\t\t\t\t\t\t\t\t<\/figure>\n\t\t\t\t\t\t\t\t\t<\/div>\n\t\t\t\t<\/div>\n\t\t\t\t\t<\/div>\n\t\t<\/div>\n\t\t\t\t\t<\/div>\n\t\t<\/section>\n\t\t\t\t<section class=\"elementor-section elementor-top-section elementor-element elementor-element-33bebef elementor-section-boxed elementor-section-height-default elementor-section-height-default\" data-id=\"33bebef\" data-element_type=\"section\" data-e-type=\"section\">\n\t\t\t\t\t\t<div class=\"elementor-container elementor-column-gap-default\">\n\t\t\t\t\t<div class=\"elementor-column elementor-col-100 elementor-top-column elementor-element elementor-element-535c34f\" data-id=\"535c34f\" data-element_type=\"column\" data-e-type=\"column\">\n\t\t\t<div class=\"elementor-widget-wrap elementor-element-populated\">\n\t\t\t\t\t\t<div class=\"elementor-element elementor-element-8ea048e elementor-widget elementor-widget-text-editor\" data-id=\"8ea048e\" data-element_type=\"widget\" data-e-type=\"widget\" data-widget_type=\"text-editor.default\">\n\t\t\t\t<div class=\"elementor-widget-container\">\n\t\t\t\t\t\t\t\t\t<p class=\"p1\">El concierto ha estado marcado por una puesta en escena impactante, con una narrativa basada en los cuatro elementos: aire, agua, fuego y tierra. Este hilo conceptual ha dado cohesi\u00f3n a la experiencia y ha sumergido al p\u00fablico en el universo del Murci City Tour.<\/p><p class=\"p1\">Desde el inicio, el puertorrique\u00f1o ha encendido la sala con una entrada explosiva, interpretando <i>Holanda<\/i>, <i>Cuerpecito<\/i> y <i>En To Lao<\/i>. Luego ha seguido animando al p\u00fablico con temas como F<i>ANTASMA<\/i>, <i>Tarot<\/i> y <i>Mami Chula<\/i>. A medida que avanzaba el show, los elementos han ido tomando protagonismo: el bloque de <i>Aire<\/i> ha culminado con la interpretaci\u00f3n de <i>D\u00c1KITI<\/i>, donde el p\u00fablico se ha volcado de lleno con el artista, mientras que en <i>Agua<\/i> han resonado temas como <i>Memorias<\/i> y <i>512<\/i>, sus dos colaboraciones con Mora.<\/p>\t\t\t\t\t\t\t\t<\/div>\n\t\t\t\t<\/div>\n\t\t\t\t\t<\/div>\n\t\t<\/div>\n\t\t\t\t\t<\/div>\n\t\t<\/section>\n\t\t\t\t<section class=\"elementor-section elementor-top-section elementor-element elementor-element-bc33a33 elementor-section-boxed elementor-section-height-default elementor-section-height-default\" data-id=\"bc33a33\" data-element_type=\"section\" data-e-type=\"section\">\n\t\t\t\t\t\t<div class=\"elementor-container elementor-column-gap-default\">\n\t\t\t\t\t<div class=\"elementor-column elementor-col-50 elementor-top-column elementor-element elementor-element-c2fb51e\" data-id=\"c2fb51e\" data-element_type=\"column\" data-e-type=\"column\">\n\t\t\t<div class=\"elementor-widget-wrap elementor-element-populated\">\n\t\t\t\t\t\t<div class=\"elementor-element elementor-element-c3b96b0 elementor-widget elementor-widget-image\" data-id=\"c3b96b0\" data-element_type=\"widget\" data-e-type=\"widget\" data-widget_type=\"image.default\">\n\t\t\t\t<div class=\"elementor-widget-container\">\n\t\t\t\t\t\t\t\t\t\t\t\t<figure class=\"wp-caption\">\n\t\t\t\t\t\t\t\t\t\t<img decoding=\"async\" width=\"640\" height=\"800\" src=\"https:\/\/unaymilletras.com\/wp-content\/uploads\/2025\/03\/DSC07439-819x1024.jpg\" class=\"attachment-large size-large wp-image-4141\" alt=\"Jhayco\" srcset=\"https:\/\/unaymilletras.com\/wp-content\/uploads\/2025\/03\/DSC07439-819x1024.jpg 819w, https:\/\/unaymilletras.com\/wp-content\/uploads\/2025\/03\/DSC07439-240x300.jpg 240w, https:\/\/unaymilletras.com\/wp-content\/uploads\/2025\/03\/DSC07439-768x960.jpg 768w, https:\/\/unaymilletras.com\/wp-content\/uploads\/2025\/03\/DSC07439-1229x1536.jpg 1229w, https:\/\/unaymilletras.com\/wp-content\/uploads\/2025\/03\/DSC07439-1639x2048.jpg 1639w, https:\/\/unaymilletras.com\/wp-content\/uploads\/2025\/03\/DSC07439-10x12.jpg 10w, https:\/\/unaymilletras.com\/wp-content\/uploads\/2025\/03\/DSC07439-1024x1280.jpg 1024w, https:\/\/unaymilletras.com\/wp-content\/uploads\/2025\/03\/DSC07439-scaled-e1742463584948.jpg 600w\" sizes=\"(max-width: 640px) 100vw, 640px\" \/>\t\t\t\t\t\t\t\t\t\t\t<figcaption class=\"widget-image-caption wp-caption-text\">Fot\u00f3grafa: Judith Fern\u00e1ndez<\/figcaption>\n\t\t\t\t\t\t\t\t\t\t<\/figure>\n\t\t\t\t\t\t\t\t\t<\/div>\n\t\t\t\t<\/div>\n\t\t\t\t\t<\/div>\n\t\t<\/div>\n\t\t\t\t<div class=\"elementor-column elementor-col-50 elementor-top-column elementor-element elementor-element-150024c\" data-id=\"150024c\" data-element_type=\"column\" data-e-type=\"column\">\n\t\t\t<div class=\"elementor-widget-wrap elementor-element-populated\">\n\t\t\t\t\t\t<div class=\"elementor-element elementor-element-998d1bd elementor-widget elementor-widget-image\" data-id=\"998d1bd\" data-element_type=\"widget\" data-e-type=\"widget\" data-widget_type=\"image.default\">\n\t\t\t\t<div class=\"elementor-widget-container\">\n\t\t\t\t\t\t\t\t\t\t\t\t<figure class=\"wp-caption\">\n\t\t\t\t\t\t\t\t\t\t<img decoding=\"async\" width=\"640\" height=\"800\" src=\"https:\/\/unaymilletras.com\/wp-content\/uploads\/2025\/03\/DSC07753-819x1024.jpg\" class=\"attachment-large size-large wp-image-4142\" alt=\"Jhayco\" srcset=\"https:\/\/unaymilletras.com\/wp-content\/uploads\/2025\/03\/DSC07753-819x1024.jpg 819w, https:\/\/unaymilletras.com\/wp-content\/uploads\/2025\/03\/DSC07753-240x300.jpg 240w, https:\/\/unaymilletras.com\/wp-content\/uploads\/2025\/03\/DSC07753-768x960.jpg 768w, https:\/\/unaymilletras.com\/wp-content\/uploads\/2025\/03\/DSC07753-1229x1536.jpg 1229w, https:\/\/unaymilletras.com\/wp-content\/uploads\/2025\/03\/DSC07753-1638x2048.jpg 1638w, https:\/\/unaymilletras.com\/wp-content\/uploads\/2025\/03\/DSC07753-10x12.jpg 10w, https:\/\/unaymilletras.com\/wp-content\/uploads\/2025\/03\/DSC07753-1024x1280.jpg 1024w, https:\/\/unaymilletras.com\/wp-content\/uploads\/2025\/03\/DSC07753-scaled-e1742463602536.jpg 600w\" sizes=\"(max-width: 640px) 100vw, 640px\" \/>\t\t\t\t\t\t\t\t\t\t\t<figcaption class=\"widget-image-caption wp-caption-text\">Fot\u00f3grafa: Judith Fern\u00e1ndez<\/figcaption>\n\t\t\t\t\t\t\t\t\t\t<\/figure>\n\t\t\t\t\t\t\t\t\t<\/div>\n\t\t\t\t<\/div>\n\t\t\t\t\t<\/div>\n\t\t<\/div>\n\t\t\t\t\t<\/div>\n\t\t<\/section>\n\t\t\t\t<section class=\"elementor-section elementor-top-section elementor-element elementor-element-f7c5a1b elementor-section-boxed elementor-section-height-default elementor-section-height-default\" data-id=\"f7c5a1b\" data-element_type=\"section\" data-e-type=\"section\">\n\t\t\t\t\t\t<div class=\"elementor-container elementor-column-gap-default\">\n\t\t\t\t\t<div class=\"elementor-column elementor-col-100 elementor-top-column elementor-element elementor-element-1c5e966\" data-id=\"1c5e966\" data-element_type=\"column\" data-e-type=\"column\">\n\t\t\t<div class=\"elementor-widget-wrap elementor-element-populated\">\n\t\t\t\t\t\t<div class=\"elementor-element elementor-element-7e0485b elementor-widget elementor-widget-text-editor\" data-id=\"7e0485b\" data-element_type=\"widget\" data-e-type=\"widget\" data-widget_type=\"text-editor.default\">\n\t\t\t\t<div class=\"elementor-widget-container\">\n\t\t\t\t\t\t\t\t\t<h6><span style=\"color: #808080;\"><strong>Cr\u00f3nica: Judith Fern\u00e1ndez<\/strong><\/span><\/h6>\t\t\t\t\t\t\t\t<\/div>\n\t\t\t\t<\/div>\n\t\t\t\t\t<\/div>\n\t\t<\/div>\n\t\t\t\t\t<\/div>\n\t\t<\/section>\n\t\t\t\t<\/div>","protected":false},"excerpt":{"rendered":"<p>El artista hizo vibrar el Sant Jordi Club con un show cargado de energ\u00eda y reafirm\u00f3 por qu\u00e9 Jhayco sigue siendo un referente del g\u00e9nero Jhay Cortez, m\u00e1s conocido como Jhayco, ha hecho vibrar el Sant Jordi Club de Barcelona con el arranque de su gira Murci City Tour, donde ha presentado su \u00faltimo \u00e1lbum, [&hellip;]<\/p>\n","protected":false},"author":6,"featured_media":4140,"comment_status":"closed","ping_status":"closed","sticky":false,"template":"","format":"standard","meta":{"footnotes":""},"categories":[4],"tags":[],"class_list":["post-4138","post","type-post","status-publish","format-standard","has-post-thumbnail","hentry","category-musica"],"yoast_head":"<!-- This site is optimized with the Yoast SEO plugin v27.4 - https:\/\/yoast.com\/product\/yoast-seo-wordpress\/ -->\n<title>Jhayco incendia Barcelona con el arranque de su Murci City Tour<\/title>\n<meta name=\"description\" content=\"El artista hizo vibrar el Sant Jordi Club con un show cargado de energ\u00eda y reafirm\u00f3 por qu\u00e9 Jhayco sigue siendo un referente del g\u00e9nero\" \/>\n<meta name=\"robots\" content=\"index, follow, max-snippet:-1, max-image-preview:large, max-video-preview:-1\" \/>\n<link rel=\"canonical\" href=\"https:\/\/unaymilletras.com\/en\/jhayco-incendia-barcelona-con-el-arranque-de-su-murci-city-tour\/\" \/>\n<meta property=\"og:locale\" content=\"en_GB\" \/>\n<meta property=\"og:type\" content=\"article\" \/>\n<meta property=\"og:title\" content=\"Jhayco incendia Barcelona con el arranque de su Murci City Tour\" \/>\n<meta property=\"og:description\" content=\"El artista hizo vibrar el Sant Jordi Club con un show cargado de energ\u00eda y reafirm\u00f3 por qu\u00e9 Jhayco sigue siendo un referente del g\u00e9nero\" \/>\n<meta property=\"og:url\" content=\"https:\/\/unaymilletras.com\/en\/jhayco-incendia-barcelona-con-el-arranque-de-su-murci-city-tour\/\" \/>\n<meta property=\"og:site_name\" content=\"Una y Mil Letras\" \/>\n<meta property=\"article:published_time\" content=\"2025-03-20T09:39:26+00:00\" \/>\n<meta property=\"article:modified_time\" content=\"2025-08-09T10:01:59+00:00\" \/>\n<meta property=\"og:image\" content=\"http:\/\/unaymilletras.com\/wp-content\/uploads\/2025\/03\/DSC07668-scaled-e1742463549381.jpg\" \/>\n\t<meta property=\"og:image:width\" content=\"600\" \/>\n\t<meta property=\"og:image:height\" content=\"480\" \/>\n\t<meta property=\"og:image:type\" content=\"image\/jpeg\" \/>\n<meta name=\"author\" content=\"Redacci\u00f3n\" \/>\n<meta name=\"twitter:card\" content=\"summary_large_image\" \/>\n<meta name=\"twitter:creator\" content=\"@UnaYMilLetras\" \/>\n<meta name=\"twitter:site\" content=\"@UnaYMilLetras\" \/>\n<meta name=\"twitter:label1\" content=\"Written by\" \/>\n\t<meta name=\"twitter:data1\" content=\"Redacci\u00f3n\" \/>\n\t<meta name=\"twitter:label2\" content=\"Estimated reading time\" \/>\n\t<meta name=\"twitter:data2\" content=\"2 minutes\" \/>\n<script type=\"application\/ld+json\" class=\"yoast-schema-graph\">{\"@context\":\"https:\\\/\\\/schema.org\",\"@graph\":[{\"@type\":\"Article\",\"@id\":\"https:\\\/\\\/unaymilletras.com\\\/jhayco-incendia-barcelona-con-el-arranque-de-su-murci-city-tour\\\/#article\",\"isPartOf\":{\"@id\":\"https:\\\/\\\/unaymilletras.com\\\/jhayco-incendia-barcelona-con-el-arranque-de-su-murci-city-tour\\\/\"},\"author\":{\"name\":\"Redacci\u00f3n\",\"@id\":\"http:\\\/\\\/unaymilletras.com\\\/#\\\/schema\\\/person\\\/0860dc8a218329991ee2c7591f4f849d\"},\"headline\":\"Jhayco incendia Barcelona con el arranque de su Murci City Tour\",\"datePublished\":\"2025-03-20T09:39:26+00:00\",\"dateModified\":\"2025-08-09T10:01:59+00:00\",\"mainEntityOfPage\":{\"@id\":\"https:\\\/\\\/unaymilletras.com\\\/jhayco-incendia-barcelona-con-el-arranque-de-su-murci-city-tour\\\/\"},\"wordCount\":306,\"publisher\":{\"@id\":\"http:\\\/\\\/unaymilletras.com\\\/#organization\"},\"image\":{\"@id\":\"https:\\\/\\\/unaymilletras.com\\\/jhayco-incendia-barcelona-con-el-arranque-de-su-murci-city-tour\\\/#primaryimage\"},\"thumbnailUrl\":\"https:\\\/\\\/unaymilletras.com\\\/wp-content\\\/uploads\\\/2025\\\/03\\\/DSC07668-scaled-e1742463549381.jpg\",\"articleSection\":[\"M\u00fasica\"],\"inLanguage\":\"en-GB\"},{\"@type\":\"WebPage\",\"@id\":\"https:\\\/\\\/unaymilletras.com\\\/jhayco-incendia-barcelona-con-el-arranque-de-su-murci-city-tour\\\/\",\"url\":\"https:\\\/\\\/unaymilletras.com\\\/jhayco-incendia-barcelona-con-el-arranque-de-su-murci-city-tour\\\/\",\"name\":\"Jhayco incendia Barcelona con el arranque de su Murci City Tour\",\"isPartOf\":{\"@id\":\"http:\\\/\\\/unaymilletras.com\\\/#website\"},\"primaryImageOfPage\":{\"@id\":\"https:\\\/\\\/unaymilletras.com\\\/jhayco-incendia-barcelona-con-el-arranque-de-su-murci-city-tour\\\/#primaryimage\"},\"image\":{\"@id\":\"https:\\\/\\\/unaymilletras.com\\\/jhayco-incendia-barcelona-con-el-arranque-de-su-murci-city-tour\\\/#primaryimage\"},\"thumbnailUrl\":\"https:\\\/\\\/unaymilletras.com\\\/wp-content\\\/uploads\\\/2025\\\/03\\\/DSC07668-scaled-e1742463549381.jpg\",\"datePublished\":\"2025-03-20T09:39:26+00:00\",\"dateModified\":\"2025-08-09T10:01:59+00:00\",\"description\":\"El artista hizo vibrar el Sant Jordi Club con un show cargado de energ\u00eda y reafirm\u00f3 por qu\u00e9 Jhayco sigue siendo un referente del g\u00e9nero\",\"breadcrumb\":{\"@id\":\"https:\\\/\\\/unaymilletras.com\\\/jhayco-incendia-barcelona-con-el-arranque-de-su-murci-city-tour\\\/#breadcrumb\"},\"inLanguage\":\"en-GB\",\"potentialAction\":[{\"@type\":\"ReadAction\",\"target\":[\"https:\\\/\\\/unaymilletras.com\\\/jhayco-incendia-barcelona-con-el-arranque-de-su-murci-city-tour\\\/\"]}]},{\"@type\":\"ImageObject\",\"inLanguage\":\"en-GB\",\"@id\":\"https:\\\/\\\/unaymilletras.com\\\/jhayco-incendia-barcelona-con-el-arranque-de-su-murci-city-tour\\\/#primaryimage\",\"url\":\"https:\\\/\\\/unaymilletras.com\\\/wp-content\\\/uploads\\\/2025\\\/03\\\/DSC07668-scaled-e1742463549381.jpg\",\"contentUrl\":\"https:\\\/\\\/unaymilletras.com\\\/wp-content\\\/uploads\\\/2025\\\/03\\\/DSC07668-scaled-e1742463549381.jpg\",\"width\":600,\"height\":480,\"caption\":\"Fot\u00f3grafa: Judith Fern\u00e1ndez\"},{\"@type\":\"BreadcrumbList\",\"@id\":\"https:\\\/\\\/unaymilletras.com\\\/jhayco-incendia-barcelona-con-el-arranque-de-su-murci-city-tour\\\/#breadcrumb\",\"itemListElement\":[{\"@type\":\"ListItem\",\"position\":1,\"name\":\"Home\",\"item\":\"http:\\\/\\\/unaymilletras.com\\\/\"},{\"@type\":\"ListItem\",\"position\":2,\"name\":\"Jhayco incendia Barcelona con el arranque de su Murci City Tour\"}]},{\"@type\":\"WebSite\",\"@id\":\"http:\\\/\\\/unaymilletras.com\\\/#website\",\"url\":\"http:\\\/\\\/unaymilletras.com\\\/\",\"name\":\"Una y Mil Letras\",\"description\":\"\",\"publisher\":{\"@id\":\"http:\\\/\\\/unaymilletras.com\\\/#organization\"},\"potentialAction\":[{\"@type\":\"SearchAction\",\"target\":{\"@type\":\"EntryPoint\",\"urlTemplate\":\"http:\\\/\\\/unaymilletras.com\\\/?s={search_term_string}\"},\"query-input\":{\"@type\":\"PropertyValueSpecification\",\"valueRequired\":true,\"valueName\":\"search_term_string\"}}],\"inLanguage\":\"en-GB\"},{\"@type\":\"Organization\",\"@id\":\"http:\\\/\\\/unaymilletras.com\\\/#organization\",\"name\":\"Una y Mil Letras\",\"url\":\"http:\\\/\\\/unaymilletras.com\\\/\",\"logo\":{\"@type\":\"ImageObject\",\"inLanguage\":\"en-GB\",\"@id\":\"http:\\\/\\\/unaymilletras.com\\\/#\\\/schema\\\/logo\\\/image\\\/\",\"url\":\"https:\\\/\\\/unaymilletras.com\\\/wp-content\\\/uploads\\\/2024\\\/06\\\/cropped-Logo-removebg-preview.png\",\"contentUrl\":\"https:\\\/\\\/unaymilletras.com\\\/wp-content\\\/uploads\\\/2024\\\/06\\\/cropped-Logo-removebg-preview.png\",\"width\":512,\"height\":512,\"caption\":\"Una y Mil Letras\"},\"image\":{\"@id\":\"http:\\\/\\\/unaymilletras.com\\\/#\\\/schema\\\/logo\\\/image\\\/\"},\"sameAs\":[\"https:\\\/\\\/x.com\\\/UnaYMilLetras\",\"https:\\\/\\\/instagram.com\\\/UnaYMilLetras\"]},{\"@type\":\"Person\",\"@id\":\"http:\\\/\\\/unaymilletras.com\\\/#\\\/schema\\\/person\\\/0860dc8a218329991ee2c7591f4f849d\",\"name\":\"Redacci\u00f3n\",\"image\":{\"@type\":\"ImageObject\",\"inLanguage\":\"en-GB\",\"@id\":\"https:\\\/\\\/secure.gravatar.com\\\/avatar\\\/d8f55e05a8b6597e45c55a1dcbdbfe44f4a360d88b48e00de5216a79b7732796?s=96&d=mm&r=g\",\"url\":\"https:\\\/\\\/secure.gravatar.com\\\/avatar\\\/d8f55e05a8b6597e45c55a1dcbdbfe44f4a360d88b48e00de5216a79b7732796?s=96&d=mm&r=g\",\"contentUrl\":\"https:\\\/\\\/secure.gravatar.com\\\/avatar\\\/d8f55e05a8b6597e45c55a1dcbdbfe44f4a360d88b48e00de5216a79b7732796?s=96&d=mm&r=g\",\"caption\":\"Redacci\u00f3n\"},\"url\":\"https:\\\/\\\/unaymilletras.com\\\/en\\\/author\\\/redaccion\\\/\"}]}<\/script>\n<!-- \/ Yoast SEO plugin. -->","yoast_head_json":{"title":"Jhayco incendia Barcelona con el arranque de su Murci City Tour","description":"El artista hizo vibrar el Sant Jordi Club con un show cargado de energ\u00eda y reafirm\u00f3 por qu\u00e9 Jhayco sigue siendo un referente del g\u00e9nero","robots":{"index":"index","follow":"follow","max-snippet":"max-snippet:-1","max-image-preview":"max-image-preview:large","max-video-preview":"max-video-preview:-1"},"canonical":"https:\/\/unaymilletras.com\/en\/jhayco-incendia-barcelona-con-el-arranque-de-su-murci-city-tour\/","og_locale":"en_GB","og_type":"article","og_title":"Jhayco incendia Barcelona con el arranque de su Murci City Tour","og_description":"El artista hizo vibrar el Sant Jordi Club con un show cargado de energ\u00eda y reafirm\u00f3 por qu\u00e9 Jhayco sigue siendo un referente del g\u00e9nero","og_url":"https:\/\/unaymilletras.com\/en\/jhayco-incendia-barcelona-con-el-arranque-de-su-murci-city-tour\/","og_site_name":"Una y Mil Letras","article_published_time":"2025-03-20T09:39:26+00:00","article_modified_time":"2025-08-09T10:01:59+00:00","og_image":[{"width":600,"height":480,"url":"http:\/\/unaymilletras.com\/wp-content\/uploads\/2025\/03\/DSC07668-scaled-e1742463549381.jpg","type":"image\/jpeg"}],"author":"Redacci\u00f3n","twitter_card":"summary_large_image","twitter_creator":"@UnaYMilLetras","twitter_site":"@UnaYMilLetras","twitter_misc":{"Written by":"Redacci\u00f3n","Estimated reading time":"2 minutes"},"schema":{"@context":"https:\/\/schema.org","@graph":[{"@type":"Article","@id":"https:\/\/unaymilletras.com\/jhayco-incendia-barcelona-con-el-arranque-de-su-murci-city-tour\/#article","isPartOf":{"@id":"https:\/\/unaymilletras.com\/jhayco-incendia-barcelona-con-el-arranque-de-su-murci-city-tour\/"},"author":{"name":"Redacci\u00f3n","@id":"http:\/\/unaymilletras.com\/#\/schema\/person\/0860dc8a218329991ee2c7591f4f849d"},"headline":"Jhayco incendia Barcelona con el arranque de su Murci City Tour","datePublished":"2025-03-20T09:39:26+00:00","dateModified":"2025-08-09T10:01:59+00:00","mainEntityOfPage":{"@id":"https:\/\/unaymilletras.com\/jhayco-incendia-barcelona-con-el-arranque-de-su-murci-city-tour\/"},"wordCount":306,"publisher":{"@id":"http:\/\/unaymilletras.com\/#organization"},"image":{"@id":"https:\/\/unaymilletras.com\/jhayco-incendia-barcelona-con-el-arranque-de-su-murci-city-tour\/#primaryimage"},"thumbnailUrl":"https:\/\/unaymilletras.com\/wp-content\/uploads\/2025\/03\/DSC07668-scaled-e1742463549381.jpg","articleSection":["M\u00fasica"],"inLanguage":"en-GB"},{"@type":"WebPage","@id":"https:\/\/unaymilletras.com\/jhayco-incendia-barcelona-con-el-arranque-de-su-murci-city-tour\/","url":"https:\/\/unaymilletras.com\/jhayco-incendia-barcelona-con-el-arranque-de-su-murci-city-tour\/","name":"Jhayco incendia Barcelona con el arranque de su Murci City Tour","isPartOf":{"@id":"http:\/\/unaymilletras.com\/#website"},"primaryImageOfPage":{"@id":"https:\/\/unaymilletras.com\/jhayco-incendia-barcelona-con-el-arranque-de-su-murci-city-tour\/#primaryimage"},"image":{"@id":"https:\/\/unaymilletras.com\/jhayco-incendia-barcelona-con-el-arranque-de-su-murci-city-tour\/#primaryimage"},"thumbnailUrl":"https:\/\/unaymilletras.com\/wp-content\/uploads\/2025\/03\/DSC07668-scaled-e1742463549381.jpg","datePublished":"2025-03-20T09:39:26+00:00","dateModified":"2025-08-09T10:01:59+00:00","description":"El artista hizo vibrar el Sant Jordi Club con un show cargado de energ\u00eda y reafirm\u00f3 por qu\u00e9 Jhayco sigue siendo un referente del g\u00e9nero","breadcrumb":{"@id":"https:\/\/unaymilletras.com\/jhayco-incendia-barcelona-con-el-arranque-de-su-murci-city-tour\/#breadcrumb"},"inLanguage":"en-GB","potentialAction":[{"@type":"ReadAction","target":["https:\/\/unaymilletras.com\/jhayco-incendia-barcelona-con-el-arranque-de-su-murci-city-tour\/"]}]},{"@type":"ImageObject","inLanguage":"en-GB","@id":"https:\/\/unaymilletras.com\/jhayco-incendia-barcelona-con-el-arranque-de-su-murci-city-tour\/#primaryimage","url":"https:\/\/unaymilletras.com\/wp-content\/uploads\/2025\/03\/DSC07668-scaled-e1742463549381.jpg","contentUrl":"https:\/\/unaymilletras.com\/wp-content\/uploads\/2025\/03\/DSC07668-scaled-e1742463549381.jpg","width":600,"height":480,"caption":"Fot\u00f3grafa: Judith Fern\u00e1ndez"},{"@type":"BreadcrumbList","@id":"https:\/\/unaymilletras.com\/jhayco-incendia-barcelona-con-el-arranque-de-su-murci-city-tour\/#breadcrumb","itemListElement":[{"@type":"ListItem","position":1,"name":"Home","item":"http:\/\/unaymilletras.com\/"},{"@type":"ListItem","position":2,"name":"Jhayco incendia Barcelona con el arranque de su Murci City Tour"}]},{"@type":"WebSite","@id":"http:\/\/unaymilletras.com\/#website","url":"http:\/\/unaymilletras.com\/","name":"Una y Mil Letras","description":"","publisher":{"@id":"http:\/\/unaymilletras.com\/#organization"},"potentialAction":[{"@type":"SearchAction","target":{"@type":"EntryPoint","urlTemplate":"http:\/\/unaymilletras.com\/?s={search_term_string}"},"query-input":{"@type":"PropertyValueSpecification","valueRequired":true,"valueName":"search_term_string"}}],"inLanguage":"en-GB"},{"@type":"Organization","@id":"http:\/\/unaymilletras.com\/#organization","name":"Una y Mil Letras","url":"http:\/\/unaymilletras.com\/","logo":{"@type":"ImageObject","inLanguage":"en-GB","@id":"http:\/\/unaymilletras.com\/#\/schema\/logo\/image\/","url":"https:\/\/unaymilletras.com\/wp-content\/uploads\/2024\/06\/cropped-Logo-removebg-preview.png","contentUrl":"https:\/\/unaymilletras.com\/wp-content\/uploads\/2024\/06\/cropped-Logo-removebg-preview.png","width":512,"height":512,"caption":"Una y Mil Letras"},"image":{"@id":"http:\/\/unaymilletras.com\/#\/schema\/logo\/image\/"},"sameAs":["https:\/\/x.com\/UnaYMilLetras","https:\/\/instagram.com\/UnaYMilLetras"]},{"@type":"Person","@id":"http:\/\/unaymilletras.com\/#\/schema\/person\/0860dc8a218329991ee2c7591f4f849d","name":"Redacci\u00f3n","image":{"@type":"ImageObject","inLanguage":"en-GB","@id":"https:\/\/secure.gravatar.com\/avatar\/d8f55e05a8b6597e45c55a1dcbdbfe44f4a360d88b48e00de5216a79b7732796?s=96&d=mm&r=g","url":"https:\/\/secure.gravatar.com\/avatar\/d8f55e05a8b6597e45c55a1dcbdbfe44f4a360d88b48e00de5216a79b7732796?s=96&d=mm&r=g","contentUrl":"https:\/\/secure.gravatar.com\/avatar\/d8f55e05a8b6597e45c55a1dcbdbfe44f4a360d88b48e00de5216a79b7732796?s=96&d=mm&r=g","caption":"Redacci\u00f3n"},"url":"https:\/\/unaymilletras.com\/en\/author\/redaccion\/"}]}},"_links":{"self":[{"href":"https:\/\/unaymilletras.com\/en\/wp-json\/wp\/v2\/posts\/4138","targetHints":{"allow":["GET"]}}],"collection":[{"href":"https:\/\/unaymilletras.com\/en\/wp-json\/wp\/v2\/posts"}],"about":[{"href":"https:\/\/unaymilletras.com\/en\/wp-json\/wp\/v2\/types\/post"}],"author":[{"embeddable":true,"href":"https:\/\/unaymilletras.com\/en\/wp-json\/wp\/v2\/users\/6"}],"replies":[{"embeddable":true,"href":"https:\/\/unaymilletras.com\/en\/wp-json\/wp\/v2\/comments?post=4138"}],"version-history":[{"count":7,"href":"https:\/\/unaymilletras.com\/en\/wp-json\/wp\/v2\/posts\/4138\/revisions"}],"predecessor-version":[{"id":4148,"href":"https:\/\/unaymilletras.com\/en\/wp-json\/wp\/v2\/posts\/4138\/revisions\/4148"}],"wp:featuredmedia":[{"embeddable":true,"href":"https:\/\/unaymilletras.com\/en\/wp-json\/wp\/v2\/media\/4140"}],"wp:attachment":[{"href":"https:\/\/unaymilletras.com\/en\/wp-json\/wp\/v2\/media?parent=4138"}],"wp:term":[{"taxonomy":"category","embeddable":true,"href":"https:\/\/unaymilletras.com\/en\/wp-json\/wp\/v2\/categories?post=4138"},{"taxonomy":"post_tag","embeddable":true,"href":"https:\/\/unaymilletras.com\/en\/wp-json\/wp\/v2\/tags?post=4138"}],"curies":[{"name":"wp","href":"https:\/\/api.w.org\/{rel}","templated":true}]}}