{"id":4158,"date":"2025-03-21T12:36:14","date_gmt":"2025-03-21T11:36:14","guid":{"rendered":"https:\/\/unaymilletras.com\/?p=4158"},"modified":"2025-03-24T15:38:27","modified_gmt":"2025-03-24T14:38:27","slug":"duki-arranca-su-gira-con-un-historico-sold-out-en-argentina","status":"publish","type":"post","link":"https:\/\/unaymilletras.com\/en\/duki-arranca-su-gira-con-un-historico-sold-out-en-argentina\/","title":{"rendered":"Duki arranca su gira con un hist\u00f3rico sold out en Argentina"},"content":{"rendered":"<div data-elementor-type=\"wp-post\" data-elementor-id=\"4158\" class=\"elementor elementor-4158\">\n\t\t\t\t\t\t<section class=\"elementor-section elementor-top-section elementor-element elementor-element-c9f7f93 elementor-section-boxed elementor-section-height-default elementor-section-height-default\" data-id=\"c9f7f93\" data-element_type=\"section\" data-e-type=\"section\">\n\t\t\t\t\t\t<div class=\"elementor-container elementor-column-gap-default\">\n\t\t\t\t\t<div class=\"elementor-column elementor-col-100 elementor-top-column elementor-element elementor-element-cc2c65b\" data-id=\"cc2c65b\" data-element_type=\"column\" data-e-type=\"column\">\n\t\t\t<div class=\"elementor-widget-wrap elementor-element-populated\">\n\t\t\t\t\t\t<div class=\"elementor-element elementor-element-91f0a67 elementor-widget elementor-widget-text-editor\" data-id=\"91f0a67\" data-element_type=\"widget\" data-e-type=\"widget\" data-widget_type=\"text-editor.default\">\n\t\t\t\t<div class=\"elementor-widget-container\">\n\t\t\t\t\t\t\t\t\t<h2 style=\"text-align: center\"><span style=\"color: #808080\"><em><strong>El cantante argentino Duki arranca su tour con estadios repletos\u00a0<\/strong><\/em><\/span><\/h2>\t\t\t\t\t\t\t\t<\/div>\n\t\t\t\t<\/div>\n\t\t\t\t\t<\/div>\n\t\t<\/div>\n\t\t\t\t\t<\/div>\n\t\t<\/section>\n\t\t\t\t<section class=\"elementor-section elementor-top-section elementor-element elementor-element-1fc6f96 elementor-section-boxed elementor-section-height-default elementor-section-height-default\" data-id=\"1fc6f96\" data-element_type=\"section\" data-e-type=\"section\">\n\t\t\t\t\t\t<div class=\"elementor-container elementor-column-gap-default\">\n\t\t\t\t\t<div class=\"elementor-column elementor-col-100 elementor-top-column elementor-element elementor-element-b6d7744\" data-id=\"b6d7744\" data-element_type=\"column\" data-e-type=\"column\">\n\t\t\t<div class=\"elementor-widget-wrap elementor-element-populated\">\n\t\t\t\t\t\t<div class=\"elementor-element elementor-element-fa691a9 elementor-widget elementor-widget-text-editor\" data-id=\"fa691a9\" data-element_type=\"widget\" data-e-type=\"widget\" data-widget_type=\"text-editor.default\">\n\t\t\t\t<div class=\"elementor-widget-container\">\n\t\t\t\t\t\t\t\t\t<p><span style=\"font-weight: 400\">Duki sigue demostrando su impacto en la escena musical con el inicio de su \u201cWORLD TOUR\u201d, proyecto que lo llevar\u00e1 por <strong>Estados Unidos, Latinoam\u00e9rica y Espa\u00f1a<\/strong>, conquistando escenarios y reafirmando su liderazgo en el g\u00e9nero del <strong>trap<\/strong>.\u00a0<\/span><\/p>\t\t\t\t\t\t\t\t<\/div>\n\t\t\t\t<\/div>\n\t\t\t\t<div class=\"elementor-element elementor-element-4ea5a37 elementor-widget elementor-widget-image\" data-id=\"4ea5a37\" data-element_type=\"widget\" data-e-type=\"widget\" data-widget_type=\"image.default\">\n\t\t\t\t<div class=\"elementor-widget-container\">\n\t\t\t\t\t\t\t\t\t\t\t\t\t\t\t<img fetchpriority=\"high\" decoding=\"async\" width=\"640\" height=\"428\" src=\"https:\/\/unaymilletras.com\/wp-content\/uploads\/2025\/03\/unnamed-3-1024x684.jpg\" class=\"attachment-large size-large wp-image-4161\" alt=\"Duki\" srcset=\"https:\/\/unaymilletras.com\/wp-content\/uploads\/2025\/03\/unnamed-3-1024x684.jpg 1024w, https:\/\/unaymilletras.com\/wp-content\/uploads\/2025\/03\/unnamed-3-300x200.jpg 300w, https:\/\/unaymilletras.com\/wp-content\/uploads\/2025\/03\/unnamed-3-768x513.jpg 768w, https:\/\/unaymilletras.com\/wp-content\/uploads\/2025\/03\/unnamed-3-1536x1025.jpg 1536w, https:\/\/unaymilletras.com\/wp-content\/uploads\/2025\/03\/unnamed-3-18x12.jpg 18w, https:\/\/unaymilletras.com\/wp-content\/uploads\/2025\/03\/unnamed-3-e1742556422908.jpg 600w\" sizes=\"(max-width: 640px) 100vw, 640px\" \/>\t\t\t\t\t\t\t\t\t\t\t\t\t\t\t<\/div>\n\t\t\t\t<\/div>\n\t\t\t\t<div class=\"elementor-element elementor-element-af5c658 elementor-widget elementor-widget-text-editor\" data-id=\"af5c658\" data-element_type=\"widget\" data-e-type=\"widget\" data-widget_type=\"text-editor.default\">\n\t\t\t\t<div class=\"elementor-widget-container\">\n\t\t\t\t\t\t\t\t\t<p><span style=\"font-weight: 400;\">Con m\u00e1s de <strong>300.000 entradas vendidas<\/strong> en las primeras horas y conciertos programados en<strong> 15 pa\u00edses,<\/strong> Duki ha convertido su gira en un verdadero hito. <span style=\"color: #808080;\"><a style=\"color: #808080;\" href=\"https:\/\/unaymilletras.com\/en\/duki-anuncia-la-tercera-fecha-en-madrid-del-ameri-world-tour\/\"><em>WORLD TOUR<\/em><\/a><\/span> no es solo la presentaci\u00f3n de su \u00e1lbum <span style=\"color: #808080;\"><a style=\"color: #808080;\" href=\"https:\/\/open.spotify.com\/intl-es\/album\/3rVk419T7ct4qoW52h2q2d?si=20745171380e4c13\"><em>AMERI<\/em><\/a><\/span>, sino un <strong>momento crucial<\/strong> en su carrera, en el que entrega todo su ser en un proyecto que representa a toda una <strong>generaci\u00f3n<\/strong>.<\/span><\/p><p><span style=\"font-weight: 400;\">El repertorio <strong>incluye temas<\/strong> como <\/span><i><span style=\"font-weight: 400;\">Nueva Era<\/span><\/i><span style=\"font-weight: 400;\">, <\/span><i><span style=\"font-weight: 400;\">Brindis<\/span><\/i><span style=\"font-weight: 400;\"> y <\/span><i><span style=\"font-weight: 400;\">Constelaci\u00f3n<\/span><\/i><span style=\"font-weight: 400;\">; adem\u00e1s de sus cl\u00e1sicos \u00e9xitos: <\/span><i><span style=\"font-weight: 400;\">Givenchy, Rockstar<\/span><\/i><span style=\"font-weight: 400;\"> y <\/span><i><span style=\"font-weight: 400;\">She Don\u00b4t Give a Fo<\/span><\/i><span style=\"font-weight: 400;\">. Seguidos de temas como <\/span><i><span style=\"font-weight: 400;\">Malbec, Si me sobrara el tiempo <\/span><\/i><span style=\"font-weight: 400;\">y <\/span><i><span style=\"font-weight: 400;\">No me llores<\/span><\/i><span style=\"font-weight: 400;\">.\u00a0<\/span><\/p><p><span style=\"font-weight: 400;\">Duki, quien ya ha llenado <strong>estadios de renombre<\/strong> alrededor del mundo, est\u00e1 listo para llevar esta energ\u00eda a cada rinc\u00f3n de su gira, ofreciendo momentos de cercan\u00eda y conexi\u00f3n inolvidables en cada puesta en escena.<\/span><\/p>\t\t\t\t\t\t\t\t<\/div>\n\t\t\t\t<\/div>\n\t\t\t\t<div class=\"elementor-element elementor-element-c7fb57e elementor-widget elementor-widget-image\" data-id=\"c7fb57e\" data-element_type=\"widget\" data-e-type=\"widget\" data-widget_type=\"image.default\">\n\t\t\t\t<div class=\"elementor-widget-container\">\n\t\t\t\t\t\t\t\t\t\t\t\t\t\t\t<img decoding=\"async\" width=\"640\" height=\"427\" src=\"https:\/\/unaymilletras.com\/wp-content\/uploads\/2025\/03\/Duki1-x-@irishsuarez-054-1024x683.jpg\" class=\"attachment-large size-large wp-image-4162\" alt=\"\" srcset=\"https:\/\/unaymilletras.com\/wp-content\/uploads\/2025\/03\/Duki1-x-@irishsuarez-054-1024x683.jpg 1024w, https:\/\/unaymilletras.com\/wp-content\/uploads\/2025\/03\/Duki1-x-@irishsuarez-054-300x200.jpg 300w, https:\/\/unaymilletras.com\/wp-content\/uploads\/2025\/03\/Duki1-x-@irishsuarez-054-768x512.jpg 768w, https:\/\/unaymilletras.com\/wp-content\/uploads\/2025\/03\/Duki1-x-@irishsuarez-054-1536x1024.jpg 1536w, https:\/\/unaymilletras.com\/wp-content\/uploads\/2025\/03\/Duki1-x-@irishsuarez-054-2048x1365.jpg 2048w, https:\/\/unaymilletras.com\/wp-content\/uploads\/2025\/03\/Duki1-x-@irishsuarez-054-18x12.jpg 18w, https:\/\/unaymilletras.com\/wp-content\/uploads\/2025\/03\/Duki1-x-@irishsuarez-054-scaled-e1742556696591.jpg 600w\" sizes=\"(max-width: 640px) 100vw, 640px\" \/>\t\t\t\t\t\t\t\t\t\t\t\t\t\t\t<\/div>\n\t\t\t\t<\/div>\n\t\t\t\t<div class=\"elementor-element elementor-element-be99255 elementor-widget elementor-widget-text-editor\" data-id=\"be99255\" data-element_type=\"widget\" data-e-type=\"widget\" data-widget_type=\"text-editor.default\">\n\t\t\t\t<div class=\"elementor-widget-container\">\n\t\t\t\t\t\t\t\t\t<p><span style=\"font-weight: 400\">Las entradas para los conciertos de la gira en Espa\u00f1a est\u00e1n <strong>disponibles<\/strong> a trav\u00e9s de los portales oficiales <strong>Livenation.es y Ticketmaster<\/strong>. Con precios desde 42\u20ac (+ gastos de distribuci\u00f3n), los espect\u00e1culos en <strong>Sevilla<\/strong> y A <strong>Coru\u00f1a<\/strong> ya han <strong>agotado<\/strong> todas sus localidades, mientras que las \u00faltimas entradas para el show en <strong>Barcelona<\/strong> el 24 de octubre siguen disponibles.\u00a0<\/span><\/p><p><span style=\"font-weight: 400\">En <strong>Madrid<\/strong>, donde Duki se presentar\u00e1 en el <strong>Movistar Arena<\/strong>, a\u00fan hay entradas para la funci\u00f3n del 27 de octubre, mientras que las fechas del 28 y 29 est\u00e1n completamente <strong>agotadas<\/strong>. Se recomienda a los fans adquirir sus entradas con antelaci\u00f3n, ya que la demanda es alta y las fechas <strong>se agotan r\u00e1pidamente.<\/strong><\/span><\/p>\t\t\t\t\t\t\t\t<\/div>\n\t\t\t\t<\/div>\n\t\t\t\t<div class=\"elementor-element elementor-element-a2b7d8c elementor-widget elementor-widget-video\" data-id=\"a2b7d8c\" data-element_type=\"widget\" data-e-type=\"widget\" data-settings=\"{&quot;youtube_url&quot;:&quot;https:\\\/\\\/youtu.be\\\/wgvqiH7iCRo?si=4MlaPizK3i-uSwr4&quot;,&quot;video_type&quot;:&quot;youtube&quot;,&quot;controls&quot;:&quot;yes&quot;}\" data-widget_type=\"video.default\">\n\t\t\t\t<div class=\"elementor-widget-container\">\n\t\t\t\t\t\t\t<div class=\"elementor-wrapper elementor-open-inline\">\n\t\t\t<div class=\"elementor-video\"><\/div>\t\t<\/div>\n\t\t\t\t\t\t<\/div>\n\t\t\t\t<\/div>\n\t\t\t\t\t<\/div>\n\t\t<\/div>\n\t\t\t\t\t<\/div>\n\t\t<\/section>\n\t\t\t\t<\/div>","protected":false},"excerpt":{"rendered":"<p>El cantante argentino Duki arranca su tour con estadios repletos\u00a0 Duki sigue demostrando su impacto en la escena musical con el inicio de su \u201cWORLD TOUR\u201d, proyecto que lo llevar\u00e1 por Estados Unidos, Latinoam\u00e9rica y Espa\u00f1a, conquistando escenarios y reafirmando su liderazgo en el g\u00e9nero del trap.\u00a0 Con m\u00e1s de 300.000 entradas vendidas en las [&hellip;]<\/p>\n","protected":false},"author":8,"featured_media":4159,"comment_status":"closed","ping_status":"closed","sticky":false,"template":"","format":"standard","meta":{"footnotes":""},"categories":[4],"tags":[],"class_list":["post-4158","post","type-post","status-publish","format-standard","has-post-thumbnail","hentry","category-musica"],"yoast_head":"<!-- This site is optimized with the Yoast SEO plugin v27.4 - https:\/\/yoast.com\/product\/yoast-seo-wordpress\/ -->\n<title>Duki arranca su gira con un hist\u00f3rico sold out en Argentina &#8902; Una y Mil Letras<\/title>\n<meta name=\"description\" content=\"Duki vive el inicio de su \u201cWORLD TOUR\u201d, proyecto que lo llevar\u00e1 por Estados Unidos, Latinoam\u00e9rica y Espa\u00f1a.\" \/>\n<meta name=\"robots\" content=\"index, follow, max-snippet:-1, max-image-preview:large, max-video-preview:-1\" \/>\n<link rel=\"canonical\" href=\"https:\/\/unaymilletras.com\/en\/duki-arranca-su-gira-con-un-historico-sold-out-en-argentina\/\" \/>\n<meta property=\"og:locale\" content=\"en_GB\" \/>\n<meta property=\"og:type\" content=\"article\" \/>\n<meta property=\"og:title\" content=\"Duki arranca su gira con un hist\u00f3rico sold out en Argentina &#8902; Una y Mil Letras\" \/>\n<meta property=\"og:description\" content=\"Duki vive el inicio de su \u201cWORLD TOUR\u201d, proyecto que lo llevar\u00e1 por Estados Unidos, Latinoam\u00e9rica y Espa\u00f1a.\" \/>\n<meta property=\"og:url\" content=\"https:\/\/unaymilletras.com\/en\/duki-arranca-su-gira-con-un-historico-sold-out-en-argentina\/\" \/>\n<meta property=\"og:site_name\" content=\"Una y Mil Letras\" \/>\n<meta property=\"article:published_time\" content=\"2025-03-21T11:36:14+00:00\" \/>\n<meta property=\"article:modified_time\" content=\"2025-03-24T14:38:27+00:00\" \/>\n<meta property=\"og:image\" content=\"http:\/\/unaymilletras.com\/wp-content\/uploads\/2025\/03\/unnamed-4-scaled-e1742556286406.jpg\" \/>\n\t<meta property=\"og:image:width\" content=\"600\" \/>\n\t<meta property=\"og:image:height\" content=\"400\" \/>\n\t<meta property=\"og:image:type\" content=\"image\/jpeg\" \/>\n<meta name=\"author\" content=\"Alvany Pereira\" \/>\n<meta name=\"twitter:card\" content=\"summary_large_image\" \/>\n<meta name=\"twitter:creator\" content=\"@UnaYMilLetras\" \/>\n<meta name=\"twitter:site\" content=\"@UnaYMilLetras\" \/>\n<meta name=\"twitter:label1\" content=\"Written by\" \/>\n\t<meta name=\"twitter:data1\" content=\"Alvany Pereira\" \/>\n\t<meta name=\"twitter:label2\" content=\"Estimated reading time\" \/>\n\t<meta name=\"twitter:data2\" content=\"2 minutes\" \/>\n<script type=\"application\/ld+json\" class=\"yoast-schema-graph\">{\"@context\":\"https:\\\/\\\/schema.org\",\"@graph\":[{\"@type\":\"Article\",\"@id\":\"https:\\\/\\\/unaymilletras.com\\\/duki-arranca-su-gira-con-un-historico-sold-out-en-argentina\\\/#article\",\"isPartOf\":{\"@id\":\"https:\\\/\\\/unaymilletras.com\\\/duki-arranca-su-gira-con-un-historico-sold-out-en-argentina\\\/\"},\"author\":{\"name\":\"Alvany Pereira\",\"@id\":\"http:\\\/\\\/unaymilletras.com\\\/#\\\/schema\\\/person\\\/f9792b0b93704f9d3f6cef46c2048d7d\"},\"headline\":\"Duki arranca su gira con un hist\u00f3rico sold out en Argentina\",\"datePublished\":\"2025-03-21T11:36:14+00:00\",\"dateModified\":\"2025-03-24T14:38:27+00:00\",\"mainEntityOfPage\":{\"@id\":\"https:\\\/\\\/unaymilletras.com\\\/duki-arranca-su-gira-con-un-historico-sold-out-en-argentina\\\/\"},\"wordCount\":328,\"publisher\":{\"@id\":\"http:\\\/\\\/unaymilletras.com\\\/#organization\"},\"image\":{\"@id\":\"https:\\\/\\\/unaymilletras.com\\\/duki-arranca-su-gira-con-un-historico-sold-out-en-argentina\\\/#primaryimage\"},\"thumbnailUrl\":\"https:\\\/\\\/unaymilletras.com\\\/wp-content\\\/uploads\\\/2025\\\/03\\\/unnamed-4-scaled-e1742556286406.jpg\",\"articleSection\":[\"M\u00fasica\"],\"inLanguage\":\"en-GB\"},{\"@type\":\"WebPage\",\"@id\":\"https:\\\/\\\/unaymilletras.com\\\/duki-arranca-su-gira-con-un-historico-sold-out-en-argentina\\\/\",\"url\":\"https:\\\/\\\/unaymilletras.com\\\/duki-arranca-su-gira-con-un-historico-sold-out-en-argentina\\\/\",\"name\":\"Duki arranca su gira con un hist\u00f3rico sold out en Argentina &#8902; Una y Mil Letras\",\"isPartOf\":{\"@id\":\"http:\\\/\\\/unaymilletras.com\\\/#website\"},\"primaryImageOfPage\":{\"@id\":\"https:\\\/\\\/unaymilletras.com\\\/duki-arranca-su-gira-con-un-historico-sold-out-en-argentina\\\/#primaryimage\"},\"image\":{\"@id\":\"https:\\\/\\\/unaymilletras.com\\\/duki-arranca-su-gira-con-un-historico-sold-out-en-argentina\\\/#primaryimage\"},\"thumbnailUrl\":\"https:\\\/\\\/unaymilletras.com\\\/wp-content\\\/uploads\\\/2025\\\/03\\\/unnamed-4-scaled-e1742556286406.jpg\",\"datePublished\":\"2025-03-21T11:36:14+00:00\",\"dateModified\":\"2025-03-24T14:38:27+00:00\",\"description\":\"Duki vive el inicio de su \u201cWORLD TOUR\u201d, proyecto que lo llevar\u00e1 por Estados Unidos, Latinoam\u00e9rica y Espa\u00f1a.\",\"breadcrumb\":{\"@id\":\"https:\\\/\\\/unaymilletras.com\\\/duki-arranca-su-gira-con-un-historico-sold-out-en-argentina\\\/#breadcrumb\"},\"inLanguage\":\"en-GB\",\"potentialAction\":[{\"@type\":\"ReadAction\",\"target\":[\"https:\\\/\\\/unaymilletras.com\\\/duki-arranca-su-gira-con-un-historico-sold-out-en-argentina\\\/\"]}]},{\"@type\":\"ImageObject\",\"inLanguage\":\"en-GB\",\"@id\":\"https:\\\/\\\/unaymilletras.com\\\/duki-arranca-su-gira-con-un-historico-sold-out-en-argentina\\\/#primaryimage\",\"url\":\"https:\\\/\\\/unaymilletras.com\\\/wp-content\\\/uploads\\\/2025\\\/03\\\/unnamed-4-scaled-e1742556286406.jpg\",\"contentUrl\":\"https:\\\/\\\/unaymilletras.com\\\/wp-content\\\/uploads\\\/2025\\\/03\\\/unnamed-4-scaled-e1742556286406.jpg\",\"width\":600,\"height\":400,\"caption\":\"Duki\"},{\"@type\":\"BreadcrumbList\",\"@id\":\"https:\\\/\\\/unaymilletras.com\\\/duki-arranca-su-gira-con-un-historico-sold-out-en-argentina\\\/#breadcrumb\",\"itemListElement\":[{\"@type\":\"ListItem\",\"position\":1,\"name\":\"Home\",\"item\":\"http:\\\/\\\/unaymilletras.com\\\/\"},{\"@type\":\"ListItem\",\"position\":2,\"name\":\"Duki arranca su gira con un hist\u00f3rico sold out en Argentina\"}]},{\"@type\":\"WebSite\",\"@id\":\"http:\\\/\\\/unaymilletras.com\\\/#website\",\"url\":\"http:\\\/\\\/unaymilletras.com\\\/\",\"name\":\"Una y Mil Letras\",\"description\":\"\",\"publisher\":{\"@id\":\"http:\\\/\\\/unaymilletras.com\\\/#organization\"},\"potentialAction\":[{\"@type\":\"SearchAction\",\"target\":{\"@type\":\"EntryPoint\",\"urlTemplate\":\"http:\\\/\\\/unaymilletras.com\\\/?s={search_term_string}\"},\"query-input\":{\"@type\":\"PropertyValueSpecification\",\"valueRequired\":true,\"valueName\":\"search_term_string\"}}],\"inLanguage\":\"en-GB\"},{\"@type\":\"Organization\",\"@id\":\"http:\\\/\\\/unaymilletras.com\\\/#organization\",\"name\":\"Una y Mil Letras\",\"url\":\"http:\\\/\\\/unaymilletras.com\\\/\",\"logo\":{\"@type\":\"ImageObject\",\"inLanguage\":\"en-GB\",\"@id\":\"http:\\\/\\\/unaymilletras.com\\\/#\\\/schema\\\/logo\\\/image\\\/\",\"url\":\"https:\\\/\\\/unaymilletras.com\\\/wp-content\\\/uploads\\\/2024\\\/06\\\/cropped-Logo-removebg-preview.png\",\"contentUrl\":\"https:\\\/\\\/unaymilletras.com\\\/wp-content\\\/uploads\\\/2024\\\/06\\\/cropped-Logo-removebg-preview.png\",\"width\":512,\"height\":512,\"caption\":\"Una y Mil Letras\"},\"image\":{\"@id\":\"http:\\\/\\\/unaymilletras.com\\\/#\\\/schema\\\/logo\\\/image\\\/\"},\"sameAs\":[\"https:\\\/\\\/x.com\\\/UnaYMilLetras\",\"https:\\\/\\\/instagram.com\\\/UnaYMilLetras\"]},{\"@type\":\"Person\",\"@id\":\"http:\\\/\\\/unaymilletras.com\\\/#\\\/schema\\\/person\\\/f9792b0b93704f9d3f6cef46c2048d7d\",\"name\":\"Alvany Pereira\",\"image\":{\"@type\":\"ImageObject\",\"inLanguage\":\"en-GB\",\"@id\":\"https:\\\/\\\/secure.gravatar.com\\\/avatar\\\/1a5fbcc81714220624d70f391a6187cd1434ccfcb154238afd238d6b8bb7f593?s=96&d=mm&r=g\",\"url\":\"https:\\\/\\\/secure.gravatar.com\\\/avatar\\\/1a5fbcc81714220624d70f391a6187cd1434ccfcb154238afd238d6b8bb7f593?s=96&d=mm&r=g\",\"contentUrl\":\"https:\\\/\\\/secure.gravatar.com\\\/avatar\\\/1a5fbcc81714220624d70f391a6187cd1434ccfcb154238afd238d6b8bb7f593?s=96&d=mm&r=g\",\"caption\":\"Alvany Pereira\"},\"url\":\"https:\\\/\\\/unaymilletras.com\\\/en\\\/author\\\/alvanysophia\\\/\"}]}<\/script>\n<!-- \/ Yoast SEO plugin. -->","yoast_head_json":{"title":"Duki arranca su gira con un hist\u00f3rico sold out en Argentina &#8902; Una y Mil Letras","description":"Duki vive el inicio de su \u201cWORLD TOUR\u201d, proyecto que lo llevar\u00e1 por Estados Unidos, Latinoam\u00e9rica y Espa\u00f1a.","robots":{"index":"index","follow":"follow","max-snippet":"max-snippet:-1","max-image-preview":"max-image-preview:large","max-video-preview":"max-video-preview:-1"},"canonical":"https:\/\/unaymilletras.com\/en\/duki-arranca-su-gira-con-un-historico-sold-out-en-argentina\/","og_locale":"en_GB","og_type":"article","og_title":"Duki arranca su gira con un hist\u00f3rico sold out en Argentina &#8902; Una y Mil Letras","og_description":"Duki vive el inicio de su \u201cWORLD TOUR\u201d, proyecto que lo llevar\u00e1 por Estados Unidos, Latinoam\u00e9rica y Espa\u00f1a.","og_url":"https:\/\/unaymilletras.com\/en\/duki-arranca-su-gira-con-un-historico-sold-out-en-argentina\/","og_site_name":"Una y Mil Letras","article_published_time":"2025-03-21T11:36:14+00:00","article_modified_time":"2025-03-24T14:38:27+00:00","og_image":[{"width":600,"height":400,"url":"http:\/\/unaymilletras.com\/wp-content\/uploads\/2025\/03\/unnamed-4-scaled-e1742556286406.jpg","type":"image\/jpeg"}],"author":"Alvany Pereira","twitter_card":"summary_large_image","twitter_creator":"@UnaYMilLetras","twitter_site":"@UnaYMilLetras","twitter_misc":{"Written by":"Alvany Pereira","Estimated reading time":"2 minutes"},"schema":{"@context":"https:\/\/schema.org","@graph":[{"@type":"Article","@id":"https:\/\/unaymilletras.com\/duki-arranca-su-gira-con-un-historico-sold-out-en-argentina\/#article","isPartOf":{"@id":"https:\/\/unaymilletras.com\/duki-arranca-su-gira-con-un-historico-sold-out-en-argentina\/"},"author":{"name":"Alvany Pereira","@id":"http:\/\/unaymilletras.com\/#\/schema\/person\/f9792b0b93704f9d3f6cef46c2048d7d"},"headline":"Duki arranca su gira con un hist\u00f3rico sold out en Argentina","datePublished":"2025-03-21T11:36:14+00:00","dateModified":"2025-03-24T14:38:27+00:00","mainEntityOfPage":{"@id":"https:\/\/unaymilletras.com\/duki-arranca-su-gira-con-un-historico-sold-out-en-argentina\/"},"wordCount":328,"publisher":{"@id":"http:\/\/unaymilletras.com\/#organization"},"image":{"@id":"https:\/\/unaymilletras.com\/duki-arranca-su-gira-con-un-historico-sold-out-en-argentina\/#primaryimage"},"thumbnailUrl":"https:\/\/unaymilletras.com\/wp-content\/uploads\/2025\/03\/unnamed-4-scaled-e1742556286406.jpg","articleSection":["M\u00fasica"],"inLanguage":"en-GB"},{"@type":"WebPage","@id":"https:\/\/unaymilletras.com\/duki-arranca-su-gira-con-un-historico-sold-out-en-argentina\/","url":"https:\/\/unaymilletras.com\/duki-arranca-su-gira-con-un-historico-sold-out-en-argentina\/","name":"Duki arranca su gira con un hist\u00f3rico sold out en Argentina &#8902; Una y Mil Letras","isPartOf":{"@id":"http:\/\/unaymilletras.com\/#website"},"primaryImageOfPage":{"@id":"https:\/\/unaymilletras.com\/duki-arranca-su-gira-con-un-historico-sold-out-en-argentina\/#primaryimage"},"image":{"@id":"https:\/\/unaymilletras.com\/duki-arranca-su-gira-con-un-historico-sold-out-en-argentina\/#primaryimage"},"thumbnailUrl":"https:\/\/unaymilletras.com\/wp-content\/uploads\/2025\/03\/unnamed-4-scaled-e1742556286406.jpg","datePublished":"2025-03-21T11:36:14+00:00","dateModified":"2025-03-24T14:38:27+00:00","description":"Duki vive el inicio de su \u201cWORLD TOUR\u201d, proyecto que lo llevar\u00e1 por Estados Unidos, Latinoam\u00e9rica y Espa\u00f1a.","breadcrumb":{"@id":"https:\/\/unaymilletras.com\/duki-arranca-su-gira-con-un-historico-sold-out-en-argentina\/#breadcrumb"},"inLanguage":"en-GB","potentialAction":[{"@type":"ReadAction","target":["https:\/\/unaymilletras.com\/duki-arranca-su-gira-con-un-historico-sold-out-en-argentina\/"]}]},{"@type":"ImageObject","inLanguage":"en-GB","@id":"https:\/\/unaymilletras.com\/duki-arranca-su-gira-con-un-historico-sold-out-en-argentina\/#primaryimage","url":"https:\/\/unaymilletras.com\/wp-content\/uploads\/2025\/03\/unnamed-4-scaled-e1742556286406.jpg","contentUrl":"https:\/\/unaymilletras.com\/wp-content\/uploads\/2025\/03\/unnamed-4-scaled-e1742556286406.jpg","width":600,"height":400,"caption":"Duki"},{"@type":"BreadcrumbList","@id":"https:\/\/unaymilletras.com\/duki-arranca-su-gira-con-un-historico-sold-out-en-argentina\/#breadcrumb","itemListElement":[{"@type":"ListItem","position":1,"name":"Home","item":"http:\/\/unaymilletras.com\/"},{"@type":"ListItem","position":2,"name":"Duki arranca su gira con un hist\u00f3rico sold out en Argentina"}]},{"@type":"WebSite","@id":"http:\/\/unaymilletras.com\/#website","url":"http:\/\/unaymilletras.com\/","name":"Una y Mil Letras","description":"","publisher":{"@id":"http:\/\/unaymilletras.com\/#organization"},"potentialAction":[{"@type":"SearchAction","target":{"@type":"EntryPoint","urlTemplate":"http:\/\/unaymilletras.com\/?s={search_term_string}"},"query-input":{"@type":"PropertyValueSpecification","valueRequired":true,"valueName":"search_term_string"}}],"inLanguage":"en-GB"},{"@type":"Organization","@id":"http:\/\/unaymilletras.com\/#organization","name":"Una y Mil Letras","url":"http:\/\/unaymilletras.com\/","logo":{"@type":"ImageObject","inLanguage":"en-GB","@id":"http:\/\/unaymilletras.com\/#\/schema\/logo\/image\/","url":"https:\/\/unaymilletras.com\/wp-content\/uploads\/2024\/06\/cropped-Logo-removebg-preview.png","contentUrl":"https:\/\/unaymilletras.com\/wp-content\/uploads\/2024\/06\/cropped-Logo-removebg-preview.png","width":512,"height":512,"caption":"Una y Mil Letras"},"image":{"@id":"http:\/\/unaymilletras.com\/#\/schema\/logo\/image\/"},"sameAs":["https:\/\/x.com\/UnaYMilLetras","https:\/\/instagram.com\/UnaYMilLetras"]},{"@type":"Person","@id":"http:\/\/unaymilletras.com\/#\/schema\/person\/f9792b0b93704f9d3f6cef46c2048d7d","name":"Alvany Pereira","image":{"@type":"ImageObject","inLanguage":"en-GB","@id":"https:\/\/secure.gravatar.com\/avatar\/1a5fbcc81714220624d70f391a6187cd1434ccfcb154238afd238d6b8bb7f593?s=96&d=mm&r=g","url":"https:\/\/secure.gravatar.com\/avatar\/1a5fbcc81714220624d70f391a6187cd1434ccfcb154238afd238d6b8bb7f593?s=96&d=mm&r=g","contentUrl":"https:\/\/secure.gravatar.com\/avatar\/1a5fbcc81714220624d70f391a6187cd1434ccfcb154238afd238d6b8bb7f593?s=96&d=mm&r=g","caption":"Alvany Pereira"},"url":"https:\/\/unaymilletras.com\/en\/author\/alvanysophia\/"}]}},"_links":{"self":[{"href":"https:\/\/unaymilletras.com\/en\/wp-json\/wp\/v2\/posts\/4158","targetHints":{"allow":["GET"]}}],"collection":[{"href":"https:\/\/unaymilletras.com\/en\/wp-json\/wp\/v2\/posts"}],"about":[{"href":"https:\/\/unaymilletras.com\/en\/wp-json\/wp\/v2\/types\/post"}],"author":[{"embeddable":true,"href":"https:\/\/unaymilletras.com\/en\/wp-json\/wp\/v2\/users\/8"}],"replies":[{"embeddable":true,"href":"https:\/\/unaymilletras.com\/en\/wp-json\/wp\/v2\/comments?post=4158"}],"version-history":[{"count":14,"href":"https:\/\/unaymilletras.com\/en\/wp-json\/wp\/v2\/posts\/4158\/revisions"}],"predecessor-version":[{"id":4190,"href":"https:\/\/unaymilletras.com\/en\/wp-json\/wp\/v2\/posts\/4158\/revisions\/4190"}],"wp:featuredmedia":[{"embeddable":true,"href":"https:\/\/unaymilletras.com\/en\/wp-json\/wp\/v2\/media\/4159"}],"wp:attachment":[{"href":"https:\/\/unaymilletras.com\/en\/wp-json\/wp\/v2\/media?parent=4158"}],"wp:term":[{"taxonomy":"category","embeddable":true,"href":"https:\/\/unaymilletras.com\/en\/wp-json\/wp\/v2\/categories?post=4158"},{"taxonomy":"post_tag","embeddable":true,"href":"https:\/\/unaymilletras.com\/en\/wp-json\/wp\/v2\/tags?post=4158"}],"curies":[{"name":"wp","href":"https:\/\/api.w.org\/{rel}","templated":true}]}}