{"id":4179,"date":"2025-03-24T15:29:39","date_gmt":"2025-03-24T14:29:39","guid":{"rendered":"https:\/\/unaymilletras.com\/?p=4179"},"modified":"2025-04-01T00:07:03","modified_gmt":"2025-03-31T22:07:03","slug":"viva-suecia-llena-dos-movistar-arena-en-48-horas","status":"publish","type":"post","link":"https:\/\/unaymilletras.com\/en\/viva-suecia-llena-dos-movistar-arena-en-48-horas\/","title":{"rendered":"Viva Suecia llena dos Movistar Arena en 48 horas"},"content":{"rendered":"<div data-elementor-type=\"wp-post\" data-elementor-id=\"4179\" class=\"elementor elementor-4179\">\n\t\t\t\t\t\t<section class=\"elementor-section elementor-top-section elementor-element elementor-element-929d2aa elementor-section-boxed elementor-section-height-default elementor-section-height-default\" data-id=\"929d2aa\" data-element_type=\"section\" data-e-type=\"section\">\n\t\t\t\t\t\t<div class=\"elementor-container elementor-column-gap-default\">\n\t\t\t\t\t<div class=\"elementor-column elementor-col-100 elementor-top-column elementor-element elementor-element-4c7c87b\" data-id=\"4c7c87b\" data-element_type=\"column\" data-e-type=\"column\">\n\t\t\t<div class=\"elementor-widget-wrap elementor-element-populated\">\n\t\t\t\t\t\t<div class=\"elementor-element elementor-element-4f9f21a elementor-widget elementor-widget-text-editor\" data-id=\"4f9f21a\" data-element_type=\"widget\" data-e-type=\"widget\" data-widget_type=\"text-editor.default\">\n\t\t\t\t<div class=\"elementor-widget-container\">\n\t\t\t\t\t\t\t\t\t<h2 style=\"text-align: center;\"><span style=\"color: #808080;\"><em><strong>La banda murciana Viva Suecia hace dos \u201csold out\u201d en menos de 48 horas <\/strong><\/em><\/span><\/h2>\t\t\t\t\t\t\t\t<\/div>\n\t\t\t\t<\/div>\n\t\t\t\t<div class=\"elementor-element elementor-element-825d2fb elementor-widget elementor-widget-text-editor\" data-id=\"825d2fb\" data-element_type=\"widget\" data-e-type=\"widget\" data-widget_type=\"text-editor.default\">\n\t\t\t\t<div class=\"elementor-widget-container\">\n\t\t\t\t\t\t\t\t\t<p><span style=\"font-weight: 400;\">Viva Suecia contin\u00faa rompiendo en la escena musical espa\u00f1ola, la semana pasada colg\u00f3 por <strong>segunda vez<\/strong> el cartel de <strong>\u201centradas agotadas\u201d<\/strong> en el Movistar Arena de Madrid, tras vender en tiempo r\u00e9cord las<strong> 15.000 entradas<\/strong> disponibles para su primera fecha, el <strong>31 de octubre de 2025.<\/strong> En respuesta a la abrumadora demanda, anunciaron una segunda fecha el<strong> 7 de marzo de 2026<\/strong>, tambi\u00e9n agotada en apenas 48 horas.\u00a0<\/span><\/p>\t\t\t\t\t\t\t\t<\/div>\n\t\t\t\t<\/div>\n\t\t\t\t<div class=\"elementor-element elementor-element-a81abbd elementor-widget elementor-widget-image\" data-id=\"a81abbd\" data-element_type=\"widget\" data-e-type=\"widget\" data-widget_type=\"image.default\">\n\t\t\t\t<div class=\"elementor-widget-container\">\n\t\t\t\t\t\t\t\t\t\t\t\t\t\t\t<img fetchpriority=\"high\" decoding=\"async\" width=\"640\" height=\"905\" src=\"https:\/\/unaymilletras.com\/wp-content\/uploads\/2025\/03\/unnamed-5-724x1024.jpg\" class=\"attachment-large size-large wp-image-4180\" alt=\"Viva Suecia\" srcset=\"https:\/\/unaymilletras.com\/wp-content\/uploads\/2025\/03\/unnamed-5-724x1024.jpg 724w, https:\/\/unaymilletras.com\/wp-content\/uploads\/2025\/03\/unnamed-5-212x300.jpg 212w, https:\/\/unaymilletras.com\/wp-content\/uploads\/2025\/03\/unnamed-5-768x1086.jpg 768w, https:\/\/unaymilletras.com\/wp-content\/uploads\/2025\/03\/unnamed-5-1086x1536.jpg 1086w, https:\/\/unaymilletras.com\/wp-content\/uploads\/2025\/03\/unnamed-5-1448x2048.jpg 1448w, https:\/\/unaymilletras.com\/wp-content\/uploads\/2025\/03\/unnamed-5-8x12.jpg 8w, https:\/\/unaymilletras.com\/wp-content\/uploads\/2025\/03\/unnamed-5-1024x1448.jpg 1024w, https:\/\/unaymilletras.com\/wp-content\/uploads\/2025\/03\/unnamed-5-scaled-e1742826224574.jpg 600w\" sizes=\"(max-width: 640px) 100vw, 640px\" \/>\t\t\t\t\t\t\t\t\t\t\t\t\t\t\t<\/div>\n\t\t\t\t<\/div>\n\t\t\t\t<div class=\"elementor-element elementor-element-93f47a3 elementor-widget elementor-widget-text-editor\" data-id=\"93f47a3\" data-element_type=\"widget\" data-e-type=\"widget\" data-widget_type=\"text-editor.default\">\n\t\t\t\t<div class=\"elementor-widget-container\">\n\t\t\t\t\t\t\t\t\t<p><span style=\"font-weight: 400;\">Este \u00e9xito posiciona a\u00a0 Viva Suecia como uno de los <strong>referentes<\/strong> indiscutibles en el panorama musical. Tras el rotundo triunfo de su anterior disco, <\/span><span style=\"color: #808080;\"><a style=\"color: #808080;\" href=\"https:\/\/open.spotify.com\/intl-es\/album\/6ngQjvcKpIuJ9yIFhmuuSZ?si=6e2428ceb5804744\"><strong><i>El amor de la clase que sea<\/i><\/strong><\/a><\/span><span style=\"font-weight: 400;\">, que les vali\u00f3 un Disco de Platino, y una gira de X Aniversario que reafirm\u00f3 su poder de convocatoria, el grupo inicia una nueva etapa con <strong>cifras impresionantes<\/strong>. Su reciente single, <\/span><i><span style=\"font-weight: 400;\">Dolor y Gloria<\/span><\/i><span style=\"font-weight: 400;\">, primer adelanto de su pr\u00f3ximo \u00e1lbum, ya acumula millones de reproducciones en plataformas digitales, se\u00f1al de que su m\u00fasica sigue <strong>conquistando<\/strong> a miles de seguidores.<\/span><\/p><p><span style=\"font-weight: 400;\">Con un <strong>sonido contundente<\/strong>, letras cargadas de emoci\u00f3n y una energ\u00eda inigualable en <strong>directo<\/strong>, Viva Suecia ha conseguido conectar con una legi\u00f3n de fans y consolidarse como un <strong>referente del rock actual.<\/strong><\/span><\/p>\t\t\t\t\t\t\t\t<\/div>\n\t\t\t\t<\/div>\n\t\t\t\t<div class=\"elementor-element elementor-element-c598dc0 elementor-widget elementor-widget-video\" data-id=\"c598dc0\" data-element_type=\"widget\" data-e-type=\"widget\" data-settings=\"{&quot;youtube_url&quot;:&quot;https:\\\/\\\/youtu.be\\\/Yeke1krzPFM?si=qaF7E1e2QGUTiG1h&quot;,&quot;video_type&quot;:&quot;youtube&quot;,&quot;controls&quot;:&quot;yes&quot;}\" data-widget_type=\"video.default\">\n\t\t\t\t<div class=\"elementor-widget-container\">\n\t\t\t\t\t\t\t<div class=\"elementor-wrapper elementor-open-inline\">\n\t\t\t<div class=\"elementor-video\"><\/div>\t\t<\/div>\n\t\t\t\t\t\t<\/div>\n\t\t\t\t<\/div>\n\t\t\t\t\t<\/div>\n\t\t<\/div>\n\t\t\t\t\t<\/div>\n\t\t<\/section>\n\t\t\t\t<\/div>","protected":false},"excerpt":{"rendered":"<p>La banda murciana Viva Suecia hace dos \u201csold out\u201d en menos de 48 horas Viva Suecia contin\u00faa rompiendo en la escena musical espa\u00f1ola, la semana pasada colg\u00f3 por segunda vez el cartel de \u201centradas agotadas\u201d en el Movistar Arena de Madrid, tras vender en tiempo r\u00e9cord las 15.000 entradas disponibles para su primera fecha, el [&hellip;]<\/p>\n","protected":false},"author":8,"featured_media":4180,"comment_status":"closed","ping_status":"closed","sticky":false,"template":"","format":"standard","meta":{"footnotes":""},"categories":[4],"tags":[],"class_list":["post-4179","post","type-post","status-publish","format-standard","has-post-thumbnail","hentry","category-musica"],"yoast_head":"<!-- This site is optimized with the Yoast SEO plugin v27.4 - https:\/\/yoast.com\/product\/yoast-seo-wordpress\/ -->\n<title>Viva Suecia llena dos Movistar Arena en 48 horas &#8902; Una y Mil Letras<\/title>\n<meta name=\"description\" content=\"La banda murciana Viva Suecia hace dos \u201csold out\u201d en menos de 48 horas, llenando dos fechas del Movistar Arena de Madrid\" \/>\n<meta name=\"robots\" content=\"index, follow, max-snippet:-1, max-image-preview:large, max-video-preview:-1\" \/>\n<link rel=\"canonical\" href=\"https:\/\/unaymilletras.com\/en\/viva-suecia-llena-dos-movistar-arena-en-48-horas\/\" \/>\n<meta property=\"og:locale\" content=\"en_GB\" \/>\n<meta property=\"og:type\" content=\"article\" \/>\n<meta property=\"og:title\" content=\"Viva Suecia llena dos Movistar Arena en 48 horas &#8902; Una y Mil Letras\" \/>\n<meta property=\"og:description\" content=\"La banda murciana Viva Suecia hace dos \u201csold out\u201d en menos de 48 horas, llenando dos fechas del Movistar Arena de Madrid\" \/>\n<meta property=\"og:url\" content=\"https:\/\/unaymilletras.com\/en\/viva-suecia-llena-dos-movistar-arena-en-48-horas\/\" \/>\n<meta property=\"og:site_name\" content=\"Una y Mil Letras\" \/>\n<meta property=\"article:published_time\" content=\"2025-03-24T14:29:39+00:00\" \/>\n<meta property=\"article:modified_time\" content=\"2025-03-31T22:07:03+00:00\" \/>\n<meta property=\"og:image\" content=\"http:\/\/unaymilletras.com\/wp-content\/uploads\/2025\/03\/unnamed-5-scaled-e1742826224574.jpg\" \/>\n\t<meta property=\"og:image:width\" content=\"600\" \/>\n\t<meta property=\"og:image:height\" content=\"849\" \/>\n\t<meta property=\"og:image:type\" content=\"image\/jpeg\" \/>\n<meta name=\"author\" content=\"Alvany Pereira\" \/>\n<meta name=\"twitter:card\" content=\"summary_large_image\" \/>\n<meta name=\"twitter:creator\" content=\"@UnaYMilLetras\" \/>\n<meta name=\"twitter:site\" content=\"@UnaYMilLetras\" \/>\n<meta name=\"twitter:label1\" content=\"Written by\" \/>\n\t<meta name=\"twitter:data1\" content=\"Alvany Pereira\" \/>\n\t<meta name=\"twitter:label2\" content=\"Estimated reading time\" \/>\n\t<meta name=\"twitter:data2\" content=\"2 minutes\" \/>\n<script type=\"application\/ld+json\" class=\"yoast-schema-graph\">{\"@context\":\"https:\\\/\\\/schema.org\",\"@graph\":[{\"@type\":\"Article\",\"@id\":\"https:\\\/\\\/unaymilletras.com\\\/viva-suecia-llena-dos-movistar-arena-en-48-horas\\\/#article\",\"isPartOf\":{\"@id\":\"https:\\\/\\\/unaymilletras.com\\\/viva-suecia-llena-dos-movistar-arena-en-48-horas\\\/\"},\"author\":{\"name\":\"Alvany Pereira\",\"@id\":\"http:\\\/\\\/unaymilletras.com\\\/#\\\/schema\\\/person\\\/f9792b0b93704f9d3f6cef46c2048d7d\"},\"headline\":\"Viva Suecia llena dos Movistar Arena en 48 horas\",\"datePublished\":\"2025-03-24T14:29:39+00:00\",\"dateModified\":\"2025-03-31T22:07:03+00:00\",\"mainEntityOfPage\":{\"@id\":\"https:\\\/\\\/unaymilletras.com\\\/viva-suecia-llena-dos-movistar-arena-en-48-horas\\\/\"},\"wordCount\":226,\"publisher\":{\"@id\":\"http:\\\/\\\/unaymilletras.com\\\/#organization\"},\"image\":{\"@id\":\"https:\\\/\\\/unaymilletras.com\\\/viva-suecia-llena-dos-movistar-arena-en-48-horas\\\/#primaryimage\"},\"thumbnailUrl\":\"https:\\\/\\\/unaymilletras.com\\\/wp-content\\\/uploads\\\/2025\\\/03\\\/unnamed-5-scaled-e1742826224574.jpg\",\"articleSection\":[\"M\u00fasica\"],\"inLanguage\":\"en-GB\"},{\"@type\":\"WebPage\",\"@id\":\"https:\\\/\\\/unaymilletras.com\\\/viva-suecia-llena-dos-movistar-arena-en-48-horas\\\/\",\"url\":\"https:\\\/\\\/unaymilletras.com\\\/viva-suecia-llena-dos-movistar-arena-en-48-horas\\\/\",\"name\":\"Viva Suecia llena dos Movistar Arena en 48 horas &#8902; Una y Mil Letras\",\"isPartOf\":{\"@id\":\"http:\\\/\\\/unaymilletras.com\\\/#website\"},\"primaryImageOfPage\":{\"@id\":\"https:\\\/\\\/unaymilletras.com\\\/viva-suecia-llena-dos-movistar-arena-en-48-horas\\\/#primaryimage\"},\"image\":{\"@id\":\"https:\\\/\\\/unaymilletras.com\\\/viva-suecia-llena-dos-movistar-arena-en-48-horas\\\/#primaryimage\"},\"thumbnailUrl\":\"https:\\\/\\\/unaymilletras.com\\\/wp-content\\\/uploads\\\/2025\\\/03\\\/unnamed-5-scaled-e1742826224574.jpg\",\"datePublished\":\"2025-03-24T14:29:39+00:00\",\"dateModified\":\"2025-03-31T22:07:03+00:00\",\"description\":\"La banda murciana Viva Suecia hace dos \u201csold out\u201d en menos de 48 horas, llenando dos fechas del Movistar Arena de Madrid\",\"breadcrumb\":{\"@id\":\"https:\\\/\\\/unaymilletras.com\\\/viva-suecia-llena-dos-movistar-arena-en-48-horas\\\/#breadcrumb\"},\"inLanguage\":\"en-GB\",\"potentialAction\":[{\"@type\":\"ReadAction\",\"target\":[\"https:\\\/\\\/unaymilletras.com\\\/viva-suecia-llena-dos-movistar-arena-en-48-horas\\\/\"]}]},{\"@type\":\"ImageObject\",\"inLanguage\":\"en-GB\",\"@id\":\"https:\\\/\\\/unaymilletras.com\\\/viva-suecia-llena-dos-movistar-arena-en-48-horas\\\/#primaryimage\",\"url\":\"https:\\\/\\\/unaymilletras.com\\\/wp-content\\\/uploads\\\/2025\\\/03\\\/unnamed-5-scaled-e1742826224574.jpg\",\"contentUrl\":\"https:\\\/\\\/unaymilletras.com\\\/wp-content\\\/uploads\\\/2025\\\/03\\\/unnamed-5-scaled-e1742826224574.jpg\",\"width\":600,\"height\":849,\"caption\":\"Viva Suecia\"},{\"@type\":\"BreadcrumbList\",\"@id\":\"https:\\\/\\\/unaymilletras.com\\\/viva-suecia-llena-dos-movistar-arena-en-48-horas\\\/#breadcrumb\",\"itemListElement\":[{\"@type\":\"ListItem\",\"position\":1,\"name\":\"Home\",\"item\":\"http:\\\/\\\/unaymilletras.com\\\/\"},{\"@type\":\"ListItem\",\"position\":2,\"name\":\"Viva Suecia llena dos Movistar Arena en 48 horas\"}]},{\"@type\":\"WebSite\",\"@id\":\"http:\\\/\\\/unaymilletras.com\\\/#website\",\"url\":\"http:\\\/\\\/unaymilletras.com\\\/\",\"name\":\"Una y Mil Letras\",\"description\":\"\",\"publisher\":{\"@id\":\"http:\\\/\\\/unaymilletras.com\\\/#organization\"},\"potentialAction\":[{\"@type\":\"SearchAction\",\"target\":{\"@type\":\"EntryPoint\",\"urlTemplate\":\"http:\\\/\\\/unaymilletras.com\\\/?s={search_term_string}\"},\"query-input\":{\"@type\":\"PropertyValueSpecification\",\"valueRequired\":true,\"valueName\":\"search_term_string\"}}],\"inLanguage\":\"en-GB\"},{\"@type\":\"Organization\",\"@id\":\"http:\\\/\\\/unaymilletras.com\\\/#organization\",\"name\":\"Una y Mil Letras\",\"url\":\"http:\\\/\\\/unaymilletras.com\\\/\",\"logo\":{\"@type\":\"ImageObject\",\"inLanguage\":\"en-GB\",\"@id\":\"http:\\\/\\\/unaymilletras.com\\\/#\\\/schema\\\/logo\\\/image\\\/\",\"url\":\"https:\\\/\\\/unaymilletras.com\\\/wp-content\\\/uploads\\\/2024\\\/06\\\/cropped-Logo-removebg-preview.png\",\"contentUrl\":\"https:\\\/\\\/unaymilletras.com\\\/wp-content\\\/uploads\\\/2024\\\/06\\\/cropped-Logo-removebg-preview.png\",\"width\":512,\"height\":512,\"caption\":\"Una y Mil Letras\"},\"image\":{\"@id\":\"http:\\\/\\\/unaymilletras.com\\\/#\\\/schema\\\/logo\\\/image\\\/\"},\"sameAs\":[\"https:\\\/\\\/x.com\\\/UnaYMilLetras\",\"https:\\\/\\\/instagram.com\\\/UnaYMilLetras\"]},{\"@type\":\"Person\",\"@id\":\"http:\\\/\\\/unaymilletras.com\\\/#\\\/schema\\\/person\\\/f9792b0b93704f9d3f6cef46c2048d7d\",\"name\":\"Alvany Pereira\",\"image\":{\"@type\":\"ImageObject\",\"inLanguage\":\"en-GB\",\"@id\":\"https:\\\/\\\/secure.gravatar.com\\\/avatar\\\/1a5fbcc81714220624d70f391a6187cd1434ccfcb154238afd238d6b8bb7f593?s=96&d=mm&r=g\",\"url\":\"https:\\\/\\\/secure.gravatar.com\\\/avatar\\\/1a5fbcc81714220624d70f391a6187cd1434ccfcb154238afd238d6b8bb7f593?s=96&d=mm&r=g\",\"contentUrl\":\"https:\\\/\\\/secure.gravatar.com\\\/avatar\\\/1a5fbcc81714220624d70f391a6187cd1434ccfcb154238afd238d6b8bb7f593?s=96&d=mm&r=g\",\"caption\":\"Alvany Pereira\"},\"url\":\"https:\\\/\\\/unaymilletras.com\\\/en\\\/author\\\/alvanysophia\\\/\"}]}<\/script>\n<!-- \/ Yoast SEO plugin. -->","yoast_head_json":{"title":"Viva Suecia llena dos Movistar Arena en 48 horas &#8902; Una y Mil Letras","description":"La banda murciana Viva Suecia hace dos \u201csold out\u201d en menos de 48 horas, llenando dos fechas del Movistar Arena de Madrid","robots":{"index":"index","follow":"follow","max-snippet":"max-snippet:-1","max-image-preview":"max-image-preview:large","max-video-preview":"max-video-preview:-1"},"canonical":"https:\/\/unaymilletras.com\/en\/viva-suecia-llena-dos-movistar-arena-en-48-horas\/","og_locale":"en_GB","og_type":"article","og_title":"Viva Suecia llena dos Movistar Arena en 48 horas &#8902; Una y Mil Letras","og_description":"La banda murciana Viva Suecia hace dos \u201csold out\u201d en menos de 48 horas, llenando dos fechas del Movistar Arena de Madrid","og_url":"https:\/\/unaymilletras.com\/en\/viva-suecia-llena-dos-movistar-arena-en-48-horas\/","og_site_name":"Una y Mil Letras","article_published_time":"2025-03-24T14:29:39+00:00","article_modified_time":"2025-03-31T22:07:03+00:00","og_image":[{"width":600,"height":849,"url":"http:\/\/unaymilletras.com\/wp-content\/uploads\/2025\/03\/unnamed-5-scaled-e1742826224574.jpg","type":"image\/jpeg"}],"author":"Alvany Pereira","twitter_card":"summary_large_image","twitter_creator":"@UnaYMilLetras","twitter_site":"@UnaYMilLetras","twitter_misc":{"Written by":"Alvany Pereira","Estimated reading time":"2 minutes"},"schema":{"@context":"https:\/\/schema.org","@graph":[{"@type":"Article","@id":"https:\/\/unaymilletras.com\/viva-suecia-llena-dos-movistar-arena-en-48-horas\/#article","isPartOf":{"@id":"https:\/\/unaymilletras.com\/viva-suecia-llena-dos-movistar-arena-en-48-horas\/"},"author":{"name":"Alvany Pereira","@id":"http:\/\/unaymilletras.com\/#\/schema\/person\/f9792b0b93704f9d3f6cef46c2048d7d"},"headline":"Viva Suecia llena dos Movistar Arena en 48 horas","datePublished":"2025-03-24T14:29:39+00:00","dateModified":"2025-03-31T22:07:03+00:00","mainEntityOfPage":{"@id":"https:\/\/unaymilletras.com\/viva-suecia-llena-dos-movistar-arena-en-48-horas\/"},"wordCount":226,"publisher":{"@id":"http:\/\/unaymilletras.com\/#organization"},"image":{"@id":"https:\/\/unaymilletras.com\/viva-suecia-llena-dos-movistar-arena-en-48-horas\/#primaryimage"},"thumbnailUrl":"https:\/\/unaymilletras.com\/wp-content\/uploads\/2025\/03\/unnamed-5-scaled-e1742826224574.jpg","articleSection":["M\u00fasica"],"inLanguage":"en-GB"},{"@type":"WebPage","@id":"https:\/\/unaymilletras.com\/viva-suecia-llena-dos-movistar-arena-en-48-horas\/","url":"https:\/\/unaymilletras.com\/viva-suecia-llena-dos-movistar-arena-en-48-horas\/","name":"Viva Suecia llena dos Movistar Arena en 48 horas &#8902; Una y Mil Letras","isPartOf":{"@id":"http:\/\/unaymilletras.com\/#website"},"primaryImageOfPage":{"@id":"https:\/\/unaymilletras.com\/viva-suecia-llena-dos-movistar-arena-en-48-horas\/#primaryimage"},"image":{"@id":"https:\/\/unaymilletras.com\/viva-suecia-llena-dos-movistar-arena-en-48-horas\/#primaryimage"},"thumbnailUrl":"https:\/\/unaymilletras.com\/wp-content\/uploads\/2025\/03\/unnamed-5-scaled-e1742826224574.jpg","datePublished":"2025-03-24T14:29:39+00:00","dateModified":"2025-03-31T22:07:03+00:00","description":"La banda murciana Viva Suecia hace dos \u201csold out\u201d en menos de 48 horas, llenando dos fechas del Movistar Arena de Madrid","breadcrumb":{"@id":"https:\/\/unaymilletras.com\/viva-suecia-llena-dos-movistar-arena-en-48-horas\/#breadcrumb"},"inLanguage":"en-GB","potentialAction":[{"@type":"ReadAction","target":["https:\/\/unaymilletras.com\/viva-suecia-llena-dos-movistar-arena-en-48-horas\/"]}]},{"@type":"ImageObject","inLanguage":"en-GB","@id":"https:\/\/unaymilletras.com\/viva-suecia-llena-dos-movistar-arena-en-48-horas\/#primaryimage","url":"https:\/\/unaymilletras.com\/wp-content\/uploads\/2025\/03\/unnamed-5-scaled-e1742826224574.jpg","contentUrl":"https:\/\/unaymilletras.com\/wp-content\/uploads\/2025\/03\/unnamed-5-scaled-e1742826224574.jpg","width":600,"height":849,"caption":"Viva Suecia"},{"@type":"BreadcrumbList","@id":"https:\/\/unaymilletras.com\/viva-suecia-llena-dos-movistar-arena-en-48-horas\/#breadcrumb","itemListElement":[{"@type":"ListItem","position":1,"name":"Home","item":"http:\/\/unaymilletras.com\/"},{"@type":"ListItem","position":2,"name":"Viva Suecia llena dos Movistar Arena en 48 horas"}]},{"@type":"WebSite","@id":"http:\/\/unaymilletras.com\/#website","url":"http:\/\/unaymilletras.com\/","name":"Una y Mil Letras","description":"","publisher":{"@id":"http:\/\/unaymilletras.com\/#organization"},"potentialAction":[{"@type":"SearchAction","target":{"@type":"EntryPoint","urlTemplate":"http:\/\/unaymilletras.com\/?s={search_term_string}"},"query-input":{"@type":"PropertyValueSpecification","valueRequired":true,"valueName":"search_term_string"}}],"inLanguage":"en-GB"},{"@type":"Organization","@id":"http:\/\/unaymilletras.com\/#organization","name":"Una y Mil Letras","url":"http:\/\/unaymilletras.com\/","logo":{"@type":"ImageObject","inLanguage":"en-GB","@id":"http:\/\/unaymilletras.com\/#\/schema\/logo\/image\/","url":"https:\/\/unaymilletras.com\/wp-content\/uploads\/2024\/06\/cropped-Logo-removebg-preview.png","contentUrl":"https:\/\/unaymilletras.com\/wp-content\/uploads\/2024\/06\/cropped-Logo-removebg-preview.png","width":512,"height":512,"caption":"Una y Mil Letras"},"image":{"@id":"http:\/\/unaymilletras.com\/#\/schema\/logo\/image\/"},"sameAs":["https:\/\/x.com\/UnaYMilLetras","https:\/\/instagram.com\/UnaYMilLetras"]},{"@type":"Person","@id":"http:\/\/unaymilletras.com\/#\/schema\/person\/f9792b0b93704f9d3f6cef46c2048d7d","name":"Alvany Pereira","image":{"@type":"ImageObject","inLanguage":"en-GB","@id":"https:\/\/secure.gravatar.com\/avatar\/1a5fbcc81714220624d70f391a6187cd1434ccfcb154238afd238d6b8bb7f593?s=96&d=mm&r=g","url":"https:\/\/secure.gravatar.com\/avatar\/1a5fbcc81714220624d70f391a6187cd1434ccfcb154238afd238d6b8bb7f593?s=96&d=mm&r=g","contentUrl":"https:\/\/secure.gravatar.com\/avatar\/1a5fbcc81714220624d70f391a6187cd1434ccfcb154238afd238d6b8bb7f593?s=96&d=mm&r=g","caption":"Alvany Pereira"},"url":"https:\/\/unaymilletras.com\/en\/author\/alvanysophia\/"}]}},"_links":{"self":[{"href":"https:\/\/unaymilletras.com\/en\/wp-json\/wp\/v2\/posts\/4179","targetHints":{"allow":["GET"]}}],"collection":[{"href":"https:\/\/unaymilletras.com\/en\/wp-json\/wp\/v2\/posts"}],"about":[{"href":"https:\/\/unaymilletras.com\/en\/wp-json\/wp\/v2\/types\/post"}],"author":[{"embeddable":true,"href":"https:\/\/unaymilletras.com\/en\/wp-json\/wp\/v2\/users\/8"}],"replies":[{"embeddable":true,"href":"https:\/\/unaymilletras.com\/en\/wp-json\/wp\/v2\/comments?post=4179"}],"version-history":[{"count":7,"href":"https:\/\/unaymilletras.com\/en\/wp-json\/wp\/v2\/posts\/4179\/revisions"}],"predecessor-version":[{"id":4312,"href":"https:\/\/unaymilletras.com\/en\/wp-json\/wp\/v2\/posts\/4179\/revisions\/4312"}],"wp:featuredmedia":[{"embeddable":true,"href":"https:\/\/unaymilletras.com\/en\/wp-json\/wp\/v2\/media\/4180"}],"wp:attachment":[{"href":"https:\/\/unaymilletras.com\/en\/wp-json\/wp\/v2\/media?parent=4179"}],"wp:term":[{"taxonomy":"category","embeddable":true,"href":"https:\/\/unaymilletras.com\/en\/wp-json\/wp\/v2\/categories?post=4179"},{"taxonomy":"post_tag","embeddable":true,"href":"https:\/\/unaymilletras.com\/en\/wp-json\/wp\/v2\/tags?post=4179"}],"curies":[{"name":"wp","href":"https:\/\/api.w.org\/{rel}","templated":true}]}}