{"id":4191,"date":"2025-03-26T18:00:00","date_gmt":"2025-03-26T17:00:00","guid":{"rendered":"https:\/\/unaymilletras.com\/?p=4191"},"modified":"2025-03-25T22:20:34","modified_gmt":"2025-03-25T21:20:34","slug":"delaossa-presenta-su-nuevo-album-la-madruga","status":"publish","type":"post","link":"https:\/\/unaymilletras.com\/en\/delaossa-presenta-su-nuevo-album-la-madruga\/","title":{"rendered":"Delaossa presenta su nuevo \u00e1lbum \u201cLa Madrug\u00e1\u201d."},"content":{"rendered":"<div data-elementor-type=\"wp-post\" data-elementor-id=\"4191\" class=\"elementor elementor-4191\">\n\t\t\t\t\t\t<section class=\"elementor-section elementor-top-section elementor-element elementor-element-38b22b2 elementor-section-boxed elementor-section-height-default elementor-section-height-default\" data-id=\"38b22b2\" data-element_type=\"section\" data-e-type=\"section\">\n\t\t\t\t\t\t<div class=\"elementor-container elementor-column-gap-default\">\n\t\t\t\t\t<div class=\"elementor-column elementor-col-100 elementor-top-column elementor-element elementor-element-00a94d0\" data-id=\"00a94d0\" data-element_type=\"column\" data-e-type=\"column\">\n\t\t\t<div class=\"elementor-widget-wrap elementor-element-populated\">\n\t\t\t\t\t\t<div class=\"elementor-element elementor-element-ff5e56d elementor-widget elementor-widget-text-editor\" data-id=\"ff5e56d\" data-element_type=\"widget\" data-e-type=\"widget\" data-widget_type=\"text-editor.default\">\n\t\t\t\t<div class=\"elementor-widget-container\">\n\t\t\t\t\t\t\t\t\t<h2 style=\"text-align: center;\"><span style=\"color: #808080;\"><em><strong>Delaossa agot\u00f3 las entradas de su listening party en el Palacio de Vistalegre<\/strong><\/em><\/span><\/h2>\t\t\t\t\t\t\t\t<\/div>\n\t\t\t\t<\/div>\n\t\t\t\t<div class=\"elementor-element elementor-element-023b949 elementor-widget elementor-widget-text-editor\" data-id=\"023b949\" data-element_type=\"widget\" data-e-type=\"widget\" data-widget_type=\"text-editor.default\">\n\t\t\t\t<div class=\"elementor-widget-container\">\n\t\t\t\t\t\t\t\t\t<p><span style=\"font-weight: 400\">El artista malague\u00f1o <strong>Delaossa<\/strong> ha dado un paso trascendental en su carrera con la presentaci\u00f3n de su nuevo \u00e1lbum, <\/span><strong><i>La Madrug\u00e1<\/i><\/strong><span style=\"font-weight: 400\">. Un proyecto con el que no solo ha dejado huella en la industria musical, sino que tambi\u00e9n ha marcado <strong>un antes y un despu\u00e9s<\/strong> en su vida personal. <\/span><\/p><p><span style=\"font-weight: 400\">La expectaci\u00f3n por este trabajo era tal que, en menos de 48 horas, se agotaron todas las entradas para la <strong>preescucha del disco<\/strong> en el Palacio de Vistalegre de Madrid, donde Delaossa comparti\u00f3 con su p\u00fablico cada una de las canciones que componen este esperado lanzamiento.<\/span><\/p>\t\t\t\t\t\t\t\t<\/div>\n\t\t\t\t<\/div>\n\t\t\t\t<div class=\"elementor-element elementor-element-de7dbd0 elementor-widget elementor-widget-image\" data-id=\"de7dbd0\" data-element_type=\"widget\" data-e-type=\"widget\" data-widget_type=\"image.default\">\n\t\t\t\t<div class=\"elementor-widget-container\">\n\t\t\t\t\t\t\t\t\t\t\t\t\t\t\t<img fetchpriority=\"high\" decoding=\"async\" width=\"640\" height=\"960\" src=\"https:\/\/unaymilletras.com\/wp-content\/uploads\/2025\/03\/DELAOSSA-683x1024.jpg\" class=\"attachment-large size-large wp-image-4194\" alt=\"Delaossa\" srcset=\"https:\/\/unaymilletras.com\/wp-content\/uploads\/2025\/03\/DELAOSSA-683x1024.jpg 683w, https:\/\/unaymilletras.com\/wp-content\/uploads\/2025\/03\/DELAOSSA-200x300.jpg 200w, https:\/\/unaymilletras.com\/wp-content\/uploads\/2025\/03\/DELAOSSA-768x1152.jpg 768w, https:\/\/unaymilletras.com\/wp-content\/uploads\/2025\/03\/DELAOSSA-1024x1536.jpg 1024w, https:\/\/unaymilletras.com\/wp-content\/uploads\/2025\/03\/DELAOSSA-1365x2048.jpg 1365w, https:\/\/unaymilletras.com\/wp-content\/uploads\/2025\/03\/DELAOSSA-8x12.jpg 8w, https:\/\/unaymilletras.com\/wp-content\/uploads\/2025\/03\/DELAOSSA-scaled-e1742828587241.jpg 600w\" sizes=\"(max-width: 640px) 100vw, 640px\" \/>\t\t\t\t\t\t\t\t\t\t\t\t\t\t\t<\/div>\n\t\t\t\t<\/div>\n\t\t\t\t<div class=\"elementor-element elementor-element-198fa01 elementor-widget elementor-widget-text-editor\" data-id=\"198fa01\" data-element_type=\"widget\" data-e-type=\"widget\" data-widget_type=\"text-editor.default\">\n\t\t\t\t<div class=\"elementor-widget-container\">\n\t\t\t\t\t\t\t\t\t<p><span style=\"font-weight: 400\">El pasado<strong> 19 de marzo<\/strong>, un d\u00eda antes del estreno oficial del \u00e1lbum, m\u00e1s de <strong>7.000 seguidores<\/strong> se congregaron en el Palacio de Vistalegre para ser testigos de la primera escucha de <\/span><i><span style=\"font-weight: 400\">La Madrug\u00e1<\/span><\/i><span style=\"font-weight: 400\">. <\/span><\/p><p><span style=\"font-weight: 400\">El evento, <strong>anunciado por sorpresa<\/strong> en redes sociales solo dos d\u00edas antes, se convirti\u00f3 en un hito dentro de la trayectoria del artista, quien volvi\u00f3 a subirse a un escenario despu\u00e9s de <strong>un a\u00f1o fuera del panorama musical.<\/strong><\/span><\/p><p><span style=\"font-weight: 400\">Acompa\u00f1ado de sus amigos, familiares y compa\u00f1eros de profesi\u00f3n, Delaossa present\u00f3 su trabajo hasta ahora m\u00e1s personal. entre los invitados especiales de la velada estuvieron algunos de los colaboradores del disco, como <strong>Pepe y Vizio o Recycled J<\/strong>, quienes compartieron con \u00e9l la emoci\u00f3n de la noche. <\/span><\/p><p><span style=\"font-weight: 400\">El p\u00fablico, emocionado y en muchas ocasiones entre <strong>l\u00e1grimas<\/strong>, escuch\u00f3 con atenci\u00f3n cada una de las canciones, sintiendo que finalmente <\/span><i><span style=\"font-weight: 400\">La Madrug\u00e1<\/span><\/i><span style=\"font-weight: 400\"> se hac\u00eda realidad tras a\u00f1os de espera.<\/span><\/p>\t\t\t\t\t\t\t\t<\/div>\n\t\t\t\t<\/div>\n\t\t\t\t<div class=\"elementor-element elementor-element-6432377 elementor-widget elementor-widget-image\" data-id=\"6432377\" data-element_type=\"widget\" data-e-type=\"widget\" data-widget_type=\"image.default\">\n\t\t\t\t<div class=\"elementor-widget-container\">\n\t\t\t\t\t\t\t\t\t\t\t\t\t\t\t<img decoding=\"async\" width=\"640\" height=\"640\" src=\"https:\/\/unaymilletras.com\/wp-content\/uploads\/2025\/03\/Portada_LAMADRUGA-1024x1024.png\" class=\"attachment-large size-large wp-image-4192\" alt=\"Delaossa\" srcset=\"https:\/\/unaymilletras.com\/wp-content\/uploads\/2025\/03\/Portada_LAMADRUGA-1024x1024.png 1024w, https:\/\/unaymilletras.com\/wp-content\/uploads\/2025\/03\/Portada_LAMADRUGA-300x300.png 300w, https:\/\/unaymilletras.com\/wp-content\/uploads\/2025\/03\/Portada_LAMADRUGA-150x150.png 150w, https:\/\/unaymilletras.com\/wp-content\/uploads\/2025\/03\/Portada_LAMADRUGA-768x768.png 768w, https:\/\/unaymilletras.com\/wp-content\/uploads\/2025\/03\/Portada_LAMADRUGA-1536x1536.png 1536w, https:\/\/unaymilletras.com\/wp-content\/uploads\/2025\/03\/Portada_LAMADRUGA-2048x2048.png 2048w, https:\/\/unaymilletras.com\/wp-content\/uploads\/2025\/03\/Portada_LAMADRUGA-12x12.png 12w, https:\/\/unaymilletras.com\/wp-content\/uploads\/2025\/03\/Portada_LAMADRUGA-e1742828371902.png 600w\" sizes=\"(max-width: 640px) 100vw, 640px\" \/>\t\t\t\t\t\t\t\t\t\t\t\t\t\t\t<\/div>\n\t\t\t\t<\/div>\n\t\t\t\t<div class=\"elementor-element elementor-element-5763263 elementor-widget elementor-widget-text-editor\" data-id=\"5763263\" data-element_type=\"widget\" data-e-type=\"widget\" data-widget_type=\"text-editor.default\">\n\t\t\t\t<div class=\"elementor-widget-container\">\n\t\t\t\t\t\t\t\t\t<p><span style=\"font-weight: 400\">Delaossa llev\u00f3 <strong>m\u00e1s de cuatro a\u00f1os trabajando<\/strong> en este proyecto, que no solo es el m\u00e1s importante de su carrera hasta la fecha, sino tambi\u00e9n un reflejo de su evoluci\u00f3n personal. <\/span><i><span style=\"font-weight: 400\">La Madrug\u00e1<\/span><\/i><span style=\"font-weight: 400\"> simboliza la <strong>transici\u00f3n<\/strong> de la oscuridad a la luz, de la lucha interna a la sanaci\u00f3n, algo que se refleja en cada una de sus letras. Tal y como explica el propio artista:<\/span><\/p><h4 style=\"text-align: center\"><span style=\"color: #808080\"><em><span style=\"font-weight: 400\">\u00ab<\/span><span style=\"font-weight: 400\">La Madrug\u00e1<\/span><span style=\"font-weight: 400\"> es el corto lapso de tiempo que transcurre desde la noche hasta los primeros rayos de luz del amanecer, ese ef\u00edmero tiempo donde se es feliz pero se escapa y nunca puede ser eterno.\u00bb<\/span><\/em><\/span><\/h4>\t\t\t\t\t\t\t\t<\/div>\n\t\t\t\t<\/div>\n\t\t\t\t<div class=\"elementor-element elementor-element-ace4355 elementor-widget elementor-widget-image\" data-id=\"ace4355\" data-element_type=\"widget\" data-e-type=\"widget\" data-widget_type=\"image.default\">\n\t\t\t\t<div class=\"elementor-widget-container\">\n\t\t\t\t\t\t\t\t\t\t\t\t\t\t\t<img decoding=\"async\" width=\"640\" height=\"960\" src=\"https:\/\/unaymilletras.com\/wp-content\/uploads\/2025\/03\/DELAOSSA-1-683x1024.jpg\" class=\"attachment-large size-large wp-image-4195\" alt=\"\" srcset=\"https:\/\/unaymilletras.com\/wp-content\/uploads\/2025\/03\/DELAOSSA-1-683x1024.jpg 683w, https:\/\/unaymilletras.com\/wp-content\/uploads\/2025\/03\/DELAOSSA-1-200x300.jpg 200w, https:\/\/unaymilletras.com\/wp-content\/uploads\/2025\/03\/DELAOSSA-1-768x1152.jpg 768w, https:\/\/unaymilletras.com\/wp-content\/uploads\/2025\/03\/DELAOSSA-1-1024x1536.jpg 1024w, https:\/\/unaymilletras.com\/wp-content\/uploads\/2025\/03\/DELAOSSA-1-1365x2048.jpg 1365w, https:\/\/unaymilletras.com\/wp-content\/uploads\/2025\/03\/DELAOSSA-1-8x12.jpg 8w, https:\/\/unaymilletras.com\/wp-content\/uploads\/2025\/03\/DELAOSSA-1-scaled-e1742828835884.jpg 600w\" sizes=\"(max-width: 640px) 100vw, 640px\" \/>\t\t\t\t\t\t\t\t\t\t\t\t\t\t\t<\/div>\n\t\t\t\t<\/div>\n\t\t\t\t<div class=\"elementor-element elementor-element-90c69cc elementor-widget elementor-widget-text-editor\" data-id=\"90c69cc\" data-element_type=\"widget\" data-e-type=\"widget\" data-widget_type=\"text-editor.default\">\n\t\t\t\t<div class=\"elementor-widget-container\">\n\t\t\t\t\t\t\t\t\t<p><span style=\"font-weight: 400\">Este concepto queda plasmado tambi\u00e9n en la <strong>portada del disco,<\/strong> donde se ve a Delaossa emergiendo del agua bajo la lluvia, pero con un <strong>semblante tranquilo.<\/strong> Una imagen poderosa que representa su superaci\u00f3n personal y la <strong>paz<\/strong> que ha logrado encontrar despu\u00e9s de afrontar sus <strong>tormentas internas.<\/strong><\/span><\/p><p><span style=\"font-weight: 400\">El \u00e1lbum cuenta con una <strong>selecci\u00f3n de colaboraciones<\/strong> destacadas, tanto nacionales como internacionales. Desde la emotiva \u00abVulnerable\u00bb con Nicki Nicole, pasando por \u00abSi T\u00fa Supieras\u00bb junto a Pepe y Vizio, hasta \u00abEliseos\u00bb con Cruz Cafun\u00e9, una canci\u00f3n que habla sobre el precio del \u00e9xito y la desilusi\u00f3n que a veces conlleva.<\/span><\/p><p><span style=\"font-weight: 400\">Adem\u00e1s, el proyecto incluye \u00abStill Luvin\u00bb con <strong>Quevedo<\/strong>, un tema que en solo una semana acumul\u00f3 m\u00e1s de<strong> 5 millones de reproducciones<\/strong>, y \u00abOtro Amanecer\u00bb, una joya final en colaboraci\u00f3n con el legendario <strong>Andr\u00e9s Calamaro.<\/strong><\/span><\/p><p><span style=\"font-weight: 400\">El sonido de <\/span><i><span style=\"font-weight: 400\">La Madrug\u00e1<\/span><\/i><span style=\"font-weight: 400\"> tambi\u00e9n representa una evoluci\u00f3n dentro del estilo de Delaossa, con una producci\u00f3n cuidada al detalle por <strong>Kiddo y Bigla,<\/strong> quienes han incorporado nuevos elementos instrumentales como <strong>contrabajos<\/strong>, <strong>\u00f3rganos<\/strong> y <strong>violines<\/strong>, aportando una riqueza musical que hace de este \u00e1lbum el m\u00e1s ambicioso del artista hasta la fecha.<\/span><\/p>\t\t\t\t\t\t\t\t<\/div>\n\t\t\t\t<\/div>\n\t\t\t\t<div class=\"elementor-element elementor-element-dad64a6 elementor-widget elementor-widget-image\" data-id=\"dad64a6\" data-element_type=\"widget\" data-e-type=\"widget\" data-widget_type=\"image.default\">\n\t\t\t\t<div class=\"elementor-widget-container\">\n\t\t\t\t\t\t\t\t\t\t\t\t\t\t\t<img loading=\"lazy\" decoding=\"async\" width=\"640\" height=\"960\" src=\"https:\/\/unaymilletras.com\/wp-content\/uploads\/2025\/03\/GENERICA-STILL-LUVIN-683x1024.jpg\" class=\"attachment-large size-large wp-image-4082\" alt=\"delaossa\" srcset=\"https:\/\/unaymilletras.com\/wp-content\/uploads\/2025\/03\/GENERICA-STILL-LUVIN-683x1024.jpg 683w, https:\/\/unaymilletras.com\/wp-content\/uploads\/2025\/03\/GENERICA-STILL-LUVIN-200x300.jpg 200w, https:\/\/unaymilletras.com\/wp-content\/uploads\/2025\/03\/GENERICA-STILL-LUVIN-768x1152.jpg 768w, https:\/\/unaymilletras.com\/wp-content\/uploads\/2025\/03\/GENERICA-STILL-LUVIN-1024x1536.jpg 1024w, https:\/\/unaymilletras.com\/wp-content\/uploads\/2025\/03\/GENERICA-STILL-LUVIN-1365x2048.jpg 1365w, https:\/\/unaymilletras.com\/wp-content\/uploads\/2025\/03\/GENERICA-STILL-LUVIN-8x12.jpg 8w, https:\/\/unaymilletras.com\/wp-content\/uploads\/2025\/03\/GENERICA-STILL-LUVIN-scaled-e1742307848626.jpg 600w\" sizes=\"(max-width: 640px) 100vw, 640px\" \/>\t\t\t\t\t\t\t\t\t\t\t\t\t\t\t<\/div>\n\t\t\t\t<\/div>\n\t\t\t\t<div class=\"elementor-element elementor-element-59a1c1b elementor-widget elementor-widget-text-editor\" data-id=\"59a1c1b\" data-element_type=\"widget\" data-e-type=\"widget\" data-widget_type=\"text-editor.default\">\n\t\t\t\t<div class=\"elementor-widget-container\">\n\t\t\t\t\t\t\t\t\t<p><span style=\"font-weight: 400\">A lo largo de <\/span><i><span style=\"font-weight: 400\">La Madrug\u00e1<\/span><\/i><span style=\"font-weight: 400\">, Delaossa explora temas como el <strong>amor<\/strong>, la <strong>identidad<\/strong>, la <strong>adicci\u00f3n<\/strong> y la b\u00fasqueda de un <strong>nuevo comienzo<\/strong>. Canciones como \u00ab\u00c1ngel\u00bb y \u00abCu\u00e1nto Falta\u00bb muestran su <strong>vulnerabilidad<\/strong>, mientras que \u00abDemonios de Blanco\u00bb con <strong>Recycled J<\/strong> retrata el conflicto interno que muchos atraviesan en su lucha por el <strong>cambio<\/strong>.<\/span><\/p><p><span style=\"font-weight: 400\">Desde su primer adelanto, \u00abNueva Season\u00bb, hasta el cierre del \u00e1lbum con \u00abEstrella\u00bb, dedicada a su <strong>madre<\/strong>, el proyecto refleja un viaje de autodescubrimiento y crecimiento personal por medio del luto.<\/span><\/p><p><span style=\"font-weight: 400\">Delaossa ha demostrado con <\/span><i><span style=\"font-weight: 400\">La Madrug\u00e1<\/span><\/i><span style=\"font-weight: 400\"> que su m\u00fasica trasciende el g\u00e9nero urbano, llevando su arte a un nivel de <strong>profundidad<\/strong> y <strong>emotividad<\/strong> pocas veces visto en la escena espa\u00f1ola. Su capacidad para narrar historias, su honestidad en las letras y la impecable producci\u00f3n convierten este disco en un hito en su carrera.<\/span><\/p><p><span style=\"font-weight: 400\">Con un recibimiento abrumador por parte de sus seguidores y el \u00e9xito inmediato de sus sencillos, <\/span><i><span style=\"font-weight: 400\">La Madrug\u00e1<\/span><\/i><span style=\"font-weight: 400\"> ya se perfila como uno de los discos m\u00e1s importantes del a\u00f1o. Y, sin duda, como el <strong>renacimiento<\/strong> de un artista que ha sabido transformar sus sombras en luz.<\/span><\/p>\t\t\t\t\t\t\t\t<\/div>\n\t\t\t\t<\/div>\n\t\t\t\t<div class=\"elementor-element elementor-element-d7906db elementor-widget elementor-widget-video\" data-id=\"d7906db\" data-element_type=\"widget\" data-e-type=\"widget\" data-settings=\"{&quot;youtube_url&quot;:&quot;https:\\\/\\\/youtu.be\\\/9FF26oMTtDY?si=nk98AGCFl5sNcSss&quot;,&quot;video_type&quot;:&quot;youtube&quot;,&quot;controls&quot;:&quot;yes&quot;}\" data-widget_type=\"video.default\">\n\t\t\t\t<div class=\"elementor-widget-container\">\n\t\t\t\t\t\t\t<div class=\"elementor-wrapper elementor-open-inline\">\n\t\t\t<div class=\"elementor-video\"><\/div>\t\t<\/div>\n\t\t\t\t\t\t<\/div>\n\t\t\t\t<\/div>\n\t\t\t\t\t<\/div>\n\t\t<\/div>\n\t\t\t\t\t<\/div>\n\t\t<\/section>\n\t\t\t\t<\/div>","protected":false},"excerpt":{"rendered":"<p>Delaossa agot\u00f3 las entradas de su listening party en el Palacio de Vistalegre El artista malague\u00f1o Delaossa ha dado un paso trascendental en su carrera con la presentaci\u00f3n de su nuevo \u00e1lbum, La Madrug\u00e1. Un proyecto con el que no solo ha dejado huella en la industria musical, sino que tambi\u00e9n ha marcado un antes [&hellip;]<\/p>\n","protected":false},"author":8,"featured_media":4192,"comment_status":"closed","ping_status":"closed","sticky":false,"template":"","format":"standard","meta":{"footnotes":""},"categories":[4],"tags":[],"class_list":["post-4191","post","type-post","status-publish","format-standard","has-post-thumbnail","hentry","category-musica"],"yoast_head":"<!-- This site is optimized with the Yoast SEO plugin v27.4 - https:\/\/yoast.com\/product\/yoast-seo-wordpress\/ -->\n<title>Delaossa presenta su nuevo \u00e1lbum \u201cLa Madrug\u00e1\u201d. &#8902; Una y Mil Letras<\/title>\n<meta name=\"description\" content=\"El artista malague\u00f1o Delaossa ha dado un paso trascendental en su carrera con la presentaci\u00f3n de su nuevo \u00e1lbum, La Madrug\u00e1.\" \/>\n<meta name=\"robots\" content=\"index, follow, max-snippet:-1, max-image-preview:large, max-video-preview:-1\" \/>\n<link rel=\"canonical\" href=\"https:\/\/unaymilletras.com\/en\/delaossa-presenta-su-nuevo-album-la-madruga\/\" \/>\n<meta property=\"og:locale\" content=\"en_GB\" \/>\n<meta property=\"og:type\" content=\"article\" \/>\n<meta property=\"og:title\" content=\"Delaossa presenta su nuevo \u00e1lbum \u201cLa Madrug\u00e1\u201d. &#8902; Una y Mil Letras\" \/>\n<meta property=\"og:description\" content=\"El artista malague\u00f1o Delaossa ha dado un paso trascendental en su carrera con la presentaci\u00f3n de su nuevo \u00e1lbum, La Madrug\u00e1.\" \/>\n<meta property=\"og:url\" content=\"https:\/\/unaymilletras.com\/en\/delaossa-presenta-su-nuevo-album-la-madruga\/\" \/>\n<meta property=\"og:site_name\" content=\"Una y Mil Letras\" \/>\n<meta property=\"article:published_time\" content=\"2025-03-26T17:00:00+00:00\" \/>\n<meta property=\"og:image\" content=\"https:\/\/unaymilletras.com\/wp-content\/uploads\/2025\/03\/Portada_LAMADRUGA-e1742828371902.png\" \/>\n\t<meta property=\"og:image:width\" content=\"600\" \/>\n\t<meta property=\"og:image:height\" content=\"600\" \/>\n\t<meta property=\"og:image:type\" content=\"image\/png\" \/>\n<meta name=\"author\" content=\"Alvany Pereira\" \/>\n<meta name=\"twitter:card\" content=\"summary_large_image\" \/>\n<meta name=\"twitter:creator\" content=\"@UnaYMilLetras\" \/>\n<meta name=\"twitter:site\" content=\"@UnaYMilLetras\" \/>\n<meta name=\"twitter:label1\" content=\"Written by\" \/>\n\t<meta name=\"twitter:data1\" content=\"Alvany Pereira\" \/>\n\t<meta name=\"twitter:label2\" content=\"Estimated reading time\" \/>\n\t<meta name=\"twitter:data2\" content=\"5 minutes\" \/>\n<script type=\"application\/ld+json\" class=\"yoast-schema-graph\">{\"@context\":\"https:\\\/\\\/schema.org\",\"@graph\":[{\"@type\":\"Article\",\"@id\":\"https:\\\/\\\/unaymilletras.com\\\/delaossa-presenta-su-nuevo-album-la-madruga\\\/#article\",\"isPartOf\":{\"@id\":\"https:\\\/\\\/unaymilletras.com\\\/delaossa-presenta-su-nuevo-album-la-madruga\\\/\"},\"author\":{\"name\":\"Alvany Pereira\",\"@id\":\"http:\\\/\\\/unaymilletras.com\\\/#\\\/schema\\\/person\\\/f9792b0b93704f9d3f6cef46c2048d7d\"},\"headline\":\"Delaossa presenta su nuevo \u00e1lbum \u201cLa Madrug\u00e1\u201d.\",\"datePublished\":\"2025-03-26T17:00:00+00:00\",\"mainEntityOfPage\":{\"@id\":\"https:\\\/\\\/unaymilletras.com\\\/delaossa-presenta-su-nuevo-album-la-madruga\\\/\"},\"wordCount\":791,\"publisher\":{\"@id\":\"http:\\\/\\\/unaymilletras.com\\\/#organization\"},\"image\":{\"@id\":\"https:\\\/\\\/unaymilletras.com\\\/delaossa-presenta-su-nuevo-album-la-madruga\\\/#primaryimage\"},\"thumbnailUrl\":\"https:\\\/\\\/unaymilletras.com\\\/wp-content\\\/uploads\\\/2025\\\/03\\\/Portada_LAMADRUGA-e1742828371902.png\",\"articleSection\":[\"M\u00fasica\"],\"inLanguage\":\"en-GB\"},{\"@type\":\"WebPage\",\"@id\":\"https:\\\/\\\/unaymilletras.com\\\/delaossa-presenta-su-nuevo-album-la-madruga\\\/\",\"url\":\"https:\\\/\\\/unaymilletras.com\\\/delaossa-presenta-su-nuevo-album-la-madruga\\\/\",\"name\":\"Delaossa presenta su nuevo \u00e1lbum \u201cLa Madrug\u00e1\u201d. &#8902; Una y Mil Letras\",\"isPartOf\":{\"@id\":\"http:\\\/\\\/unaymilletras.com\\\/#website\"},\"primaryImageOfPage\":{\"@id\":\"https:\\\/\\\/unaymilletras.com\\\/delaossa-presenta-su-nuevo-album-la-madruga\\\/#primaryimage\"},\"image\":{\"@id\":\"https:\\\/\\\/unaymilletras.com\\\/delaossa-presenta-su-nuevo-album-la-madruga\\\/#primaryimage\"},\"thumbnailUrl\":\"https:\\\/\\\/unaymilletras.com\\\/wp-content\\\/uploads\\\/2025\\\/03\\\/Portada_LAMADRUGA-e1742828371902.png\",\"datePublished\":\"2025-03-26T17:00:00+00:00\",\"description\":\"El artista malague\u00f1o Delaossa ha dado un paso trascendental en su carrera con la presentaci\u00f3n de su nuevo \u00e1lbum, La Madrug\u00e1.\",\"breadcrumb\":{\"@id\":\"https:\\\/\\\/unaymilletras.com\\\/delaossa-presenta-su-nuevo-album-la-madruga\\\/#breadcrumb\"},\"inLanguage\":\"en-GB\",\"potentialAction\":[{\"@type\":\"ReadAction\",\"target\":[\"https:\\\/\\\/unaymilletras.com\\\/delaossa-presenta-su-nuevo-album-la-madruga\\\/\"]}]},{\"@type\":\"ImageObject\",\"inLanguage\":\"en-GB\",\"@id\":\"https:\\\/\\\/unaymilletras.com\\\/delaossa-presenta-su-nuevo-album-la-madruga\\\/#primaryimage\",\"url\":\"https:\\\/\\\/unaymilletras.com\\\/wp-content\\\/uploads\\\/2025\\\/03\\\/Portada_LAMADRUGA-e1742828371902.png\",\"contentUrl\":\"https:\\\/\\\/unaymilletras.com\\\/wp-content\\\/uploads\\\/2025\\\/03\\\/Portada_LAMADRUGA-e1742828371902.png\",\"width\":600,\"height\":600,\"caption\":\"Delaossa\"},{\"@type\":\"BreadcrumbList\",\"@id\":\"https:\\\/\\\/unaymilletras.com\\\/delaossa-presenta-su-nuevo-album-la-madruga\\\/#breadcrumb\",\"itemListElement\":[{\"@type\":\"ListItem\",\"position\":1,\"name\":\"Home\",\"item\":\"http:\\\/\\\/unaymilletras.com\\\/\"},{\"@type\":\"ListItem\",\"position\":2,\"name\":\"Delaossa presenta su nuevo \u00e1lbum \u201cLa Madrug\u00e1\u201d.\"}]},{\"@type\":\"WebSite\",\"@id\":\"http:\\\/\\\/unaymilletras.com\\\/#website\",\"url\":\"http:\\\/\\\/unaymilletras.com\\\/\",\"name\":\"Una y Mil Letras\",\"description\":\"\",\"publisher\":{\"@id\":\"http:\\\/\\\/unaymilletras.com\\\/#organization\"},\"potentialAction\":[{\"@type\":\"SearchAction\",\"target\":{\"@type\":\"EntryPoint\",\"urlTemplate\":\"http:\\\/\\\/unaymilletras.com\\\/?s={search_term_string}\"},\"query-input\":{\"@type\":\"PropertyValueSpecification\",\"valueRequired\":true,\"valueName\":\"search_term_string\"}}],\"inLanguage\":\"en-GB\"},{\"@type\":\"Organization\",\"@id\":\"http:\\\/\\\/unaymilletras.com\\\/#organization\",\"name\":\"Una y Mil Letras\",\"url\":\"http:\\\/\\\/unaymilletras.com\\\/\",\"logo\":{\"@type\":\"ImageObject\",\"inLanguage\":\"en-GB\",\"@id\":\"http:\\\/\\\/unaymilletras.com\\\/#\\\/schema\\\/logo\\\/image\\\/\",\"url\":\"https:\\\/\\\/unaymilletras.com\\\/wp-content\\\/uploads\\\/2024\\\/06\\\/cropped-Logo-removebg-preview.png\",\"contentUrl\":\"https:\\\/\\\/unaymilletras.com\\\/wp-content\\\/uploads\\\/2024\\\/06\\\/cropped-Logo-removebg-preview.png\",\"width\":512,\"height\":512,\"caption\":\"Una y Mil Letras\"},\"image\":{\"@id\":\"http:\\\/\\\/unaymilletras.com\\\/#\\\/schema\\\/logo\\\/image\\\/\"},\"sameAs\":[\"https:\\\/\\\/x.com\\\/UnaYMilLetras\",\"https:\\\/\\\/instagram.com\\\/UnaYMilLetras\"]},{\"@type\":\"Person\",\"@id\":\"http:\\\/\\\/unaymilletras.com\\\/#\\\/schema\\\/person\\\/f9792b0b93704f9d3f6cef46c2048d7d\",\"name\":\"Alvany Pereira\",\"image\":{\"@type\":\"ImageObject\",\"inLanguage\":\"en-GB\",\"@id\":\"https:\\\/\\\/secure.gravatar.com\\\/avatar\\\/1a5fbcc81714220624d70f391a6187cd1434ccfcb154238afd238d6b8bb7f593?s=96&d=mm&r=g\",\"url\":\"https:\\\/\\\/secure.gravatar.com\\\/avatar\\\/1a5fbcc81714220624d70f391a6187cd1434ccfcb154238afd238d6b8bb7f593?s=96&d=mm&r=g\",\"contentUrl\":\"https:\\\/\\\/secure.gravatar.com\\\/avatar\\\/1a5fbcc81714220624d70f391a6187cd1434ccfcb154238afd238d6b8bb7f593?s=96&d=mm&r=g\",\"caption\":\"Alvany Pereira\"},\"url\":\"https:\\\/\\\/unaymilletras.com\\\/en\\\/author\\\/alvanysophia\\\/\"}]}<\/script>\n<!-- \/ Yoast SEO plugin. -->","yoast_head_json":{"title":"Delaossa presenta su nuevo \u00e1lbum \u201cLa Madrug\u00e1\u201d. &#8902; Una y Mil Letras","description":"El artista malague\u00f1o Delaossa ha dado un paso trascendental en su carrera con la presentaci\u00f3n de su nuevo \u00e1lbum, La Madrug\u00e1.","robots":{"index":"index","follow":"follow","max-snippet":"max-snippet:-1","max-image-preview":"max-image-preview:large","max-video-preview":"max-video-preview:-1"},"canonical":"https:\/\/unaymilletras.com\/en\/delaossa-presenta-su-nuevo-album-la-madruga\/","og_locale":"en_GB","og_type":"article","og_title":"Delaossa presenta su nuevo \u00e1lbum \u201cLa Madrug\u00e1\u201d. &#8902; Una y Mil Letras","og_description":"El artista malague\u00f1o Delaossa ha dado un paso trascendental en su carrera con la presentaci\u00f3n de su nuevo \u00e1lbum, La Madrug\u00e1.","og_url":"https:\/\/unaymilletras.com\/en\/delaossa-presenta-su-nuevo-album-la-madruga\/","og_site_name":"Una y Mil Letras","article_published_time":"2025-03-26T17:00:00+00:00","og_image":[{"width":600,"height":600,"url":"https:\/\/unaymilletras.com\/wp-content\/uploads\/2025\/03\/Portada_LAMADRUGA-e1742828371902.png","type":"image\/png"}],"author":"Alvany Pereira","twitter_card":"summary_large_image","twitter_creator":"@UnaYMilLetras","twitter_site":"@UnaYMilLetras","twitter_misc":{"Written by":"Alvany Pereira","Estimated reading time":"5 minutes"},"schema":{"@context":"https:\/\/schema.org","@graph":[{"@type":"Article","@id":"https:\/\/unaymilletras.com\/delaossa-presenta-su-nuevo-album-la-madruga\/#article","isPartOf":{"@id":"https:\/\/unaymilletras.com\/delaossa-presenta-su-nuevo-album-la-madruga\/"},"author":{"name":"Alvany Pereira","@id":"http:\/\/unaymilletras.com\/#\/schema\/person\/f9792b0b93704f9d3f6cef46c2048d7d"},"headline":"Delaossa presenta su nuevo \u00e1lbum \u201cLa Madrug\u00e1\u201d.","datePublished":"2025-03-26T17:00:00+00:00","mainEntityOfPage":{"@id":"https:\/\/unaymilletras.com\/delaossa-presenta-su-nuevo-album-la-madruga\/"},"wordCount":791,"publisher":{"@id":"http:\/\/unaymilletras.com\/#organization"},"image":{"@id":"https:\/\/unaymilletras.com\/delaossa-presenta-su-nuevo-album-la-madruga\/#primaryimage"},"thumbnailUrl":"https:\/\/unaymilletras.com\/wp-content\/uploads\/2025\/03\/Portada_LAMADRUGA-e1742828371902.png","articleSection":["M\u00fasica"],"inLanguage":"en-GB"},{"@type":"WebPage","@id":"https:\/\/unaymilletras.com\/delaossa-presenta-su-nuevo-album-la-madruga\/","url":"https:\/\/unaymilletras.com\/delaossa-presenta-su-nuevo-album-la-madruga\/","name":"Delaossa presenta su nuevo \u00e1lbum \u201cLa Madrug\u00e1\u201d. &#8902; Una y Mil Letras","isPartOf":{"@id":"http:\/\/unaymilletras.com\/#website"},"primaryImageOfPage":{"@id":"https:\/\/unaymilletras.com\/delaossa-presenta-su-nuevo-album-la-madruga\/#primaryimage"},"image":{"@id":"https:\/\/unaymilletras.com\/delaossa-presenta-su-nuevo-album-la-madruga\/#primaryimage"},"thumbnailUrl":"https:\/\/unaymilletras.com\/wp-content\/uploads\/2025\/03\/Portada_LAMADRUGA-e1742828371902.png","datePublished":"2025-03-26T17:00:00+00:00","description":"El artista malague\u00f1o Delaossa ha dado un paso trascendental en su carrera con la presentaci\u00f3n de su nuevo \u00e1lbum, La Madrug\u00e1.","breadcrumb":{"@id":"https:\/\/unaymilletras.com\/delaossa-presenta-su-nuevo-album-la-madruga\/#breadcrumb"},"inLanguage":"en-GB","potentialAction":[{"@type":"ReadAction","target":["https:\/\/unaymilletras.com\/delaossa-presenta-su-nuevo-album-la-madruga\/"]}]},{"@type":"ImageObject","inLanguage":"en-GB","@id":"https:\/\/unaymilletras.com\/delaossa-presenta-su-nuevo-album-la-madruga\/#primaryimage","url":"https:\/\/unaymilletras.com\/wp-content\/uploads\/2025\/03\/Portada_LAMADRUGA-e1742828371902.png","contentUrl":"https:\/\/unaymilletras.com\/wp-content\/uploads\/2025\/03\/Portada_LAMADRUGA-e1742828371902.png","width":600,"height":600,"caption":"Delaossa"},{"@type":"BreadcrumbList","@id":"https:\/\/unaymilletras.com\/delaossa-presenta-su-nuevo-album-la-madruga\/#breadcrumb","itemListElement":[{"@type":"ListItem","position":1,"name":"Home","item":"http:\/\/unaymilletras.com\/"},{"@type":"ListItem","position":2,"name":"Delaossa presenta su nuevo \u00e1lbum \u201cLa Madrug\u00e1\u201d."}]},{"@type":"WebSite","@id":"http:\/\/unaymilletras.com\/#website","url":"http:\/\/unaymilletras.com\/","name":"Una y Mil Letras","description":"","publisher":{"@id":"http:\/\/unaymilletras.com\/#organization"},"potentialAction":[{"@type":"SearchAction","target":{"@type":"EntryPoint","urlTemplate":"http:\/\/unaymilletras.com\/?s={search_term_string}"},"query-input":{"@type":"PropertyValueSpecification","valueRequired":true,"valueName":"search_term_string"}}],"inLanguage":"en-GB"},{"@type":"Organization","@id":"http:\/\/unaymilletras.com\/#organization","name":"Una y Mil Letras","url":"http:\/\/unaymilletras.com\/","logo":{"@type":"ImageObject","inLanguage":"en-GB","@id":"http:\/\/unaymilletras.com\/#\/schema\/logo\/image\/","url":"https:\/\/unaymilletras.com\/wp-content\/uploads\/2024\/06\/cropped-Logo-removebg-preview.png","contentUrl":"https:\/\/unaymilletras.com\/wp-content\/uploads\/2024\/06\/cropped-Logo-removebg-preview.png","width":512,"height":512,"caption":"Una y Mil Letras"},"image":{"@id":"http:\/\/unaymilletras.com\/#\/schema\/logo\/image\/"},"sameAs":["https:\/\/x.com\/UnaYMilLetras","https:\/\/instagram.com\/UnaYMilLetras"]},{"@type":"Person","@id":"http:\/\/unaymilletras.com\/#\/schema\/person\/f9792b0b93704f9d3f6cef46c2048d7d","name":"Alvany Pereira","image":{"@type":"ImageObject","inLanguage":"en-GB","@id":"https:\/\/secure.gravatar.com\/avatar\/1a5fbcc81714220624d70f391a6187cd1434ccfcb154238afd238d6b8bb7f593?s=96&d=mm&r=g","url":"https:\/\/secure.gravatar.com\/avatar\/1a5fbcc81714220624d70f391a6187cd1434ccfcb154238afd238d6b8bb7f593?s=96&d=mm&r=g","contentUrl":"https:\/\/secure.gravatar.com\/avatar\/1a5fbcc81714220624d70f391a6187cd1434ccfcb154238afd238d6b8bb7f593?s=96&d=mm&r=g","caption":"Alvany Pereira"},"url":"https:\/\/unaymilletras.com\/en\/author\/alvanysophia\/"}]}},"_links":{"self":[{"href":"https:\/\/unaymilletras.com\/en\/wp-json\/wp\/v2\/posts\/4191","targetHints":{"allow":["GET"]}}],"collection":[{"href":"https:\/\/unaymilletras.com\/en\/wp-json\/wp\/v2\/posts"}],"about":[{"href":"https:\/\/unaymilletras.com\/en\/wp-json\/wp\/v2\/types\/post"}],"author":[{"embeddable":true,"href":"https:\/\/unaymilletras.com\/en\/wp-json\/wp\/v2\/users\/8"}],"replies":[{"embeddable":true,"href":"https:\/\/unaymilletras.com\/en\/wp-json\/wp\/v2\/comments?post=4191"}],"version-history":[{"count":14,"href":"https:\/\/unaymilletras.com\/en\/wp-json\/wp\/v2\/posts\/4191\/revisions"}],"predecessor-version":[{"id":4272,"href":"https:\/\/unaymilletras.com\/en\/wp-json\/wp\/v2\/posts\/4191\/revisions\/4272"}],"wp:featuredmedia":[{"embeddable":true,"href":"https:\/\/unaymilletras.com\/en\/wp-json\/wp\/v2\/media\/4192"}],"wp:attachment":[{"href":"https:\/\/unaymilletras.com\/en\/wp-json\/wp\/v2\/media?parent=4191"}],"wp:term":[{"taxonomy":"category","embeddable":true,"href":"https:\/\/unaymilletras.com\/en\/wp-json\/wp\/v2\/categories?post=4191"},{"taxonomy":"post_tag","embeddable":true,"href":"https:\/\/unaymilletras.com\/en\/wp-json\/wp\/v2\/tags?post=4191"}],"curies":[{"name":"wp","href":"https:\/\/api.w.org\/{rel}","templated":true}]}}