{"id":4204,"date":"2025-03-26T12:22:00","date_gmt":"2025-03-26T11:22:00","guid":{"rendered":"https:\/\/unaymilletras.com\/?p=4204"},"modified":"2025-03-25T22:22:47","modified_gmt":"2025-03-25T21:22:47","slug":"espinita-remix-la-esperada-colaboracion-de-marasmo-y-beret-ya-esta-aqui","status":"publish","type":"post","link":"https:\/\/unaymilletras.com\/en\/espinita-remix-la-esperada-colaboracion-de-marasmo-y-beret-ya-esta-aqui\/","title":{"rendered":"\u201cEspinita Remix\u201d: La esperada colaboraci\u00f3n de Marasmo y Beret ya est\u00e1 aqu\u00ed"},"content":{"rendered":"\t\t<div data-elementor-type=\"wp-post\" data-elementor-id=\"4204\" class=\"elementor elementor-4204\">\n\t\t\t\t\t\t<section class=\"elementor-section elementor-top-section elementor-element elementor-element-392dbd28 elementor-section-boxed elementor-section-height-default elementor-section-height-default\" data-id=\"392dbd28\" data-element_type=\"section\" data-e-type=\"section\">\n\t\t\t\t\t\t<div class=\"elementor-container elementor-column-gap-default\">\n\t\t\t\t\t<div class=\"elementor-column elementor-col-100 elementor-top-column elementor-element elementor-element-6f8bc5c9\" data-id=\"6f8bc5c9\" data-element_type=\"column\" data-e-type=\"column\">\n\t\t\t<div class=\"elementor-widget-wrap elementor-element-populated\">\n\t\t\t\t\t\t<div class=\"elementor-element elementor-element-4adedf50 elementor-widget elementor-widget-text-editor\" data-id=\"4adedf50\" data-element_type=\"widget\" data-e-type=\"widget\" data-widget_type=\"text-editor.default\">\n\t\t\t\t<div class=\"elementor-widget-container\">\n\t\t\t\t\t\t\t\t\t<h2 class=\"wp-block-heading\"><em><strong>Marasmo y Beret unen sus talentos en Espinita Remix, una versi\u00f3n renovada del \u00e9xito de 2023.<\/strong><\/em><\/h2>\n<p><!-- \/wp:heading --><!-- wp:paragraph --><\/p>\n<p><span style=\"color: var( --e-global-color-text ); font-family: var( --e-global-typography-text-font-family ), Sans-serif; font-weight: var( --e-global-typography-text-font-weight );\">El esperado remix de <\/span><b><em style=\"color: var( --e-global-color-text ); font-family: var( --e-global-typography-text-font-family ), Sans-serif;\">Espinita<\/em>\u00a0<\/b>junto a Beret\u00a0<span style=\"color: var( --e-global-color-text ); font-family: var( --e-global-typography-text-font-family ), Sans-serif; font-weight: var( --e-global-typography-text-font-weight );\">ya est\u00e1 disponible en todas las plataformas digitales y promete convertirse en uno de los temas m\u00e1s destacados del mes.<\/span><\/p>\n<p><!-- \/wp:paragraph --><!-- wp:paragraph --><!-- \/wp:paragraph --><\/p>\t\t\t\t\t\t\t\t<\/div>\n\t\t\t\t<\/div>\n\t\t\t\t\t<\/div>\n\t\t<\/div>\n\t\t\t\t\t<\/div>\n\t\t<\/section>\n\t\t\t\t<section class=\"elementor-section elementor-top-section elementor-element elementor-element-f43024d elementor-section-boxed elementor-section-height-default elementor-section-height-default\" data-id=\"f43024d\" data-element_type=\"section\" data-e-type=\"section\">\n\t\t\t\t\t\t<div class=\"elementor-container elementor-column-gap-default\">\n\t\t\t\t\t<div class=\"elementor-column elementor-col-50 elementor-top-column elementor-element elementor-element-759da93\" data-id=\"759da93\" data-element_type=\"column\" data-e-type=\"column\">\n\t\t\t<div class=\"elementor-widget-wrap elementor-element-populated\">\n\t\t\t\t\t\t<div class=\"elementor-element elementor-element-96faf76 elementor-widget elementor-widget-text-editor\" data-id=\"96faf76\" data-element_type=\"widget\" data-e-type=\"widget\" data-widget_type=\"text-editor.default\">\n\t\t\t\t<div class=\"elementor-widget-container\">\n\t\t\t\t\t\t\t\t\t<p>La colaboraci\u00f3n entre <b>Marasmo <\/b>y <b>Beret <\/b>ha sido una de las m\u00e1s esperadas por sus seguidores, y finalmente ha visto la luz con el lanzamiento de <em>E<b>spinita Remix<\/b><\/em>. Esta nueva versi\u00f3n de la canci\u00f3n, originalmente estrenada por Marasmo en 2023, mantiene su esencia melanc\u00f3lica, pero con el inconfundible sello del artista sevillano, conocido por su capacidad de transmitir emociones a trav\u00e9s de sus letras.<\/p>\n<p><!-- \/wp:paragraph --><!-- wp:paragraph --><\/p>\n<p>Marasmo, un artista enigm\u00e1tico cuya identidad se mantiene oculta tras una m\u00e1scara, ha dado un paso importante en su carrera con este remix. Su estilo introspectivo y emocional se fusiona a la perfecci\u00f3n con la sensibilidad de Beret, creando una pieza que promete resonar profundamente con el p\u00fablico.<\/p>\n<p><!-- \/wp:paragraph --><!-- wp:paragraph --><\/p>\n<p>La llegada de <em><b>Espinita Remix<\/b><\/em> refuerza la posici\u00f3n de Marasmo en la escena musical emergente y consolida a <b>Beret <\/b>como uno de los nombres m\u00e1s influyentes del panorama espa\u00f1ol.<\/p>\n<p><!-- \/wp:paragraph --><!-- wp:embed {\"providerNameSlug\":\"spotify\",\"responsive\":true} \/--><!-- wp:paragraph --><\/p>\n<p>\u00a0<\/p>\t\t\t\t\t\t\t\t<\/div>\n\t\t\t\t<\/div>\n\t\t\t\t\t<\/div>\n\t\t<\/div>\n\t\t\t\t<div class=\"elementor-column elementor-col-50 elementor-top-column elementor-element elementor-element-895a1ed\" data-id=\"895a1ed\" data-element_type=\"column\" data-e-type=\"column\">\n\t\t\t<div class=\"elementor-widget-wrap elementor-element-populated\">\n\t\t\t\t\t\t<div class=\"elementor-element elementor-element-78bf480 elementor-widget elementor-widget-image\" data-id=\"78bf480\" data-element_type=\"widget\" data-e-type=\"widget\" data-widget_type=\"image.default\">\n\t\t\t\t<div class=\"elementor-widget-container\">\n\t\t\t\t\t\t\t\t\t\t\t\t\t\t\t<img fetchpriority=\"high\" decoding=\"async\" width=\"640\" height=\"960\" src=\"https:\/\/unaymilletras.com\/wp-content\/uploads\/2025\/03\/Promo-Beret_VIT6812-768x1152.jpg\" class=\"attachment-medium_large size-medium_large wp-image-4205\" alt=\"\" srcset=\"https:\/\/unaymilletras.com\/wp-content\/uploads\/2025\/03\/Promo-Beret_VIT6812-768x1152.jpg 768w, https:\/\/unaymilletras.com\/wp-content\/uploads\/2025\/03\/Promo-Beret_VIT6812-200x300.jpg 200w, https:\/\/unaymilletras.com\/wp-content\/uploads\/2025\/03\/Promo-Beret_VIT6812-683x1024.jpg 683w, https:\/\/unaymilletras.com\/wp-content\/uploads\/2025\/03\/Promo-Beret_VIT6812-1024x1536.jpg 1024w, https:\/\/unaymilletras.com\/wp-content\/uploads\/2025\/03\/Promo-Beret_VIT6812-1365x2048.jpg 1365w, https:\/\/unaymilletras.com\/wp-content\/uploads\/2025\/03\/Promo-Beret_VIT6812-8x12.jpg 8w, https:\/\/unaymilletras.com\/wp-content\/uploads\/2025\/03\/Promo-Beret_VIT6812-scaled-e1742834053233.jpg 600w\" sizes=\"(max-width: 640px) 100vw, 640px\" \/>\t\t\t\t\t\t\t\t\t\t\t\t\t\t\t<\/div>\n\t\t\t\t<\/div>\n\t\t\t\t\t<\/div>\n\t\t<\/div>\n\t\t\t\t\t<\/div>\n\t\t<\/section>\n\t\t\t\t<section class=\"elementor-section elementor-top-section elementor-element elementor-element-3c1d485 elementor-section-boxed elementor-section-height-default elementor-section-height-default\" data-id=\"3c1d485\" data-element_type=\"section\" data-e-type=\"section\">\n\t\t\t\t\t\t<div class=\"elementor-container elementor-column-gap-default\">\n\t\t\t\t\t<div class=\"elementor-column elementor-col-100 elementor-top-column elementor-element elementor-element-0337784\" data-id=\"0337784\" data-element_type=\"column\" data-e-type=\"column\">\n\t\t\t<div class=\"elementor-widget-wrap elementor-element-populated\">\n\t\t\t\t\t\t<div class=\"elementor-element elementor-element-423bc2b elementor-widget elementor-widget-text-editor\" data-id=\"423bc2b\" data-element_type=\"widget\" data-e-type=\"widget\" data-widget_type=\"text-editor.default\">\n\t\t\t\t<div class=\"elementor-widget-container\">\n\t\t\t\t\t\t\t\t\t<div class=\"flex max-w-full flex-col flex-grow\">\n<div class=\"min-h-8 text-message relative flex w-full flex-col items-end gap-2 whitespace-normal break-words text-start [.text-message+&amp;]:mt-5\" dir=\"auto\" data-message-author-role=\"assistant\" data-message-id=\"48348a8e-d60f-4fb2-b8ca-337105975531\" data-message-model-slug=\"gpt-4o\">\n<div class=\"flex w-full flex-col gap-1 empty:hidden first:pt-[3px]\">\n<div class=\"markdown prose w-full break-words dark:prose-invert light\">\n<p class=\"\" data-start=\"15\" data-end=\"509\">Con <strong><em data-start=\"19\" data-end=\"35\">Espinita Remix<\/em><\/strong>, Marasmo y Beret han logrado una fusi\u00f3n que potencia la emotividad de la canci\u00f3n original, ofreciendo a sus seguidores una nueva forma de sentirla. Esta colaboraci\u00f3n no solo refuerza el <b>crecimiento <\/b>art\u00edstico de Marasmo, sino que tambi\u00e9n demuestra la <b>versatilidad <\/b>de Beret para adaptarse a distintos estilos sin perder su esencia. Ahora, solo queda ver c\u00f3mo el p\u00fablico recibe esta nueva versi\u00f3n, que promete seguir acumulando reproducciones y emociones en los pr\u00f3ximos d\u00edas.<\/p>\n<\/div>\n<\/div>\n<\/div>\n<\/div>\t\t\t\t\t\t\t\t<\/div>\n\t\t\t\t<\/div>\n\t\t\t\t\t<\/div>\n\t\t<\/div>\n\t\t\t\t\t<\/div>\n\t\t<\/section>\n\t\t\t\t<section class=\"elementor-section elementor-top-section elementor-element elementor-element-493d800 elementor-section-boxed elementor-section-height-default elementor-section-height-default\" data-id=\"493d800\" data-element_type=\"section\" data-e-type=\"section\">\n\t\t\t\t\t\t<div class=\"elementor-container elementor-column-gap-default\">\n\t\t\t\t\t<div class=\"elementor-column elementor-col-100 elementor-top-column elementor-element elementor-element-72c400d\" data-id=\"72c400d\" data-element_type=\"column\" data-e-type=\"column\">\n\t\t\t<div class=\"elementor-widget-wrap elementor-element-populated\">\n\t\t\t\t\t\t<div class=\"elementor-element elementor-element-0770b75 elementor-align-center elementor-widget elementor-widget-button\" data-id=\"0770b75\" data-element_type=\"widget\" data-e-type=\"widget\" data-widget_type=\"button.default\">\n\t\t\t\t<div class=\"elementor-widget-container\">\n\t\t\t\t\t\t\t\t\t<div class=\"elementor-button-wrapper\">\n\t\t\t\t\t<a class=\"elementor-button elementor-button-link elementor-size-sm\" href=\"https:\/\/open.spotify.com\/intl-es\/track\/0YWD0Ki2mjRzqvyfbhT6J5?si=6f252704ae1a4027\">\n\t\t\t\t\t\t<span class=\"elementor-button-content-wrapper\">\n\t\t\t\t\t\t<span class=\"elementor-button-icon\">\n\t\t\t\t<i aria-hidden=\"true\" class=\"fab fa-spotify\"><\/i>\t\t\t<\/span>\n\t\t\t\t\t\t\t\t\t<span class=\"elementor-button-text\">Escucha ESPINITA REMIX en Spotity<\/span>\n\t\t\t\t\t<\/span>\n\t\t\t\t\t<\/a>\n\t\t\t\t<\/div>\n\t\t\t\t\t\t\t\t<\/div>\n\t\t\t\t<\/div>\n\t\t\t\t\t<\/div>\n\t\t<\/div>\n\t\t\t\t\t<\/div>\n\t\t<\/section>\n\t\t\t\t<\/div>\n\t\t","protected":false},"excerpt":{"rendered":"<p>Marasmo y Beret unen sus talentos en Espinita Remix, una versi\u00f3n renovada del \u00e9xito de 2023. El esperado remix de Espinita\u00a0junto a Beret\u00a0ya est\u00e1 disponible en todas las plataformas digitales y promete convertirse en uno de los temas m\u00e1s destacados del mes. La colaboraci\u00f3n entre Marasmo y Beret ha sido una de las m\u00e1s esperadas [&hellip;]<\/p>\n","protected":false},"author":9,"featured_media":4205,"comment_status":"closed","ping_status":"closed","sticky":false,"template":"","format":"standard","meta":{"footnotes":""},"categories":[4],"tags":[158,159],"class_list":["post-4204","post","type-post","status-publish","format-standard","has-post-thumbnail","hentry","category-musica","tag-beret","tag-marasmo"],"yoast_head":"<!-- This site is optimized with the Yoast SEO plugin v27.4 - https:\/\/yoast.com\/product\/yoast-seo-wordpress\/ -->\n<title>&quot;Espinita Remix&quot;: la esperada colaboraci\u00f3n entre Beret y Marasmo<\/title>\n<meta name=\"description\" content=\"Marasmo y Beret han unido sus talentos en Espinita Remix, una versi\u00f3n renovada del \u00e9xito de 2023.\" \/>\n<meta name=\"robots\" content=\"index, follow, max-snippet:-1, max-image-preview:large, max-video-preview:-1\" \/>\n<link rel=\"canonical\" href=\"https:\/\/unaymilletras.com\/en\/espinita-remix-la-esperada-colaboracion-de-marasmo-y-beret-ya-esta-aqui\/\" \/>\n<meta property=\"og:locale\" content=\"en_GB\" \/>\n<meta property=\"og:type\" content=\"article\" \/>\n<meta property=\"og:title\" content=\"&quot;Espinita Remix&quot;: la esperada colaboraci\u00f3n entre Beret y Marasmo\" \/>\n<meta property=\"og:description\" content=\"Marasmo y Beret han unido sus talentos en Espinita Remix, una versi\u00f3n renovada del \u00e9xito de 2023.\" \/>\n<meta property=\"og:url\" content=\"https:\/\/unaymilletras.com\/en\/espinita-remix-la-esperada-colaboracion-de-marasmo-y-beret-ya-esta-aqui\/\" \/>\n<meta property=\"og:site_name\" content=\"Una y Mil Letras\" \/>\n<meta property=\"article:published_time\" content=\"2025-03-26T11:22:00+00:00\" \/>\n<meta property=\"og:image\" content=\"https:\/\/unaymilletras.com\/wp-content\/uploads\/2025\/03\/Promo-Beret_VIT6812-scaled-e1742834053233.jpg\" \/>\n\t<meta property=\"og:image:width\" content=\"600\" \/>\n\t<meta property=\"og:image:height\" content=\"900\" \/>\n\t<meta property=\"og:image:type\" content=\"image\/jpeg\" \/>\n<meta name=\"author\" content=\"Victoria Hern\u00e1ndez\" \/>\n<meta name=\"twitter:card\" content=\"summary_large_image\" \/>\n<meta name=\"twitter:creator\" content=\"@UnaYMilLetras\" \/>\n<meta name=\"twitter:site\" content=\"@UnaYMilLetras\" \/>\n<meta name=\"twitter:label1\" content=\"Written by\" \/>\n\t<meta name=\"twitter:data1\" content=\"Victoria Hern\u00e1ndez\" \/>\n\t<meta name=\"twitter:label2\" content=\"Estimated reading time\" \/>\n\t<meta name=\"twitter:data2\" content=\"2 minutes\" \/>\n<script type=\"application\/ld+json\" class=\"yoast-schema-graph\">{\"@context\":\"https:\\\/\\\/schema.org\",\"@graph\":[{\"@type\":\"Article\",\"@id\":\"https:\\\/\\\/unaymilletras.com\\\/espinita-remix-la-esperada-colaboracion-de-marasmo-y-beret-ya-esta-aqui\\\/#article\",\"isPartOf\":{\"@id\":\"https:\\\/\\\/unaymilletras.com\\\/espinita-remix-la-esperada-colaboracion-de-marasmo-y-beret-ya-esta-aqui\\\/\"},\"author\":{\"name\":\"Victoria Hern\u00e1ndez\",\"@id\":\"http:\\\/\\\/unaymilletras.com\\\/#\\\/schema\\\/person\\\/90f1e88e4c10951a79965c8106280f0a\"},\"headline\":\"\u201cEspinita Remix\u201d: La esperada colaboraci\u00f3n de Marasmo y Beret ya est\u00e1 aqu\u00ed\",\"datePublished\":\"2025-03-26T11:22:00+00:00\",\"mainEntityOfPage\":{\"@id\":\"https:\\\/\\\/unaymilletras.com\\\/espinita-remix-la-esperada-colaboracion-de-marasmo-y-beret-ya-esta-aqui\\\/\"},\"wordCount\":302,\"publisher\":{\"@id\":\"http:\\\/\\\/unaymilletras.com\\\/#organization\"},\"image\":{\"@id\":\"https:\\\/\\\/unaymilletras.com\\\/espinita-remix-la-esperada-colaboracion-de-marasmo-y-beret-ya-esta-aqui\\\/#primaryimage\"},\"thumbnailUrl\":\"https:\\\/\\\/unaymilletras.com\\\/wp-content\\\/uploads\\\/2025\\\/03\\\/Promo-Beret_VIT6812-scaled-e1742834053233.jpg\",\"keywords\":[\"Beret\",\"Marasmo\"],\"articleSection\":[\"M\u00fasica\"],\"inLanguage\":\"en-GB\"},{\"@type\":\"WebPage\",\"@id\":\"https:\\\/\\\/unaymilletras.com\\\/espinita-remix-la-esperada-colaboracion-de-marasmo-y-beret-ya-esta-aqui\\\/\",\"url\":\"https:\\\/\\\/unaymilletras.com\\\/espinita-remix-la-esperada-colaboracion-de-marasmo-y-beret-ya-esta-aqui\\\/\",\"name\":\"\\\"Espinita Remix\\\": la esperada colaboraci\u00f3n entre Beret y Marasmo\",\"isPartOf\":{\"@id\":\"http:\\\/\\\/unaymilletras.com\\\/#website\"},\"primaryImageOfPage\":{\"@id\":\"https:\\\/\\\/unaymilletras.com\\\/espinita-remix-la-esperada-colaboracion-de-marasmo-y-beret-ya-esta-aqui\\\/#primaryimage\"},\"image\":{\"@id\":\"https:\\\/\\\/unaymilletras.com\\\/espinita-remix-la-esperada-colaboracion-de-marasmo-y-beret-ya-esta-aqui\\\/#primaryimage\"},\"thumbnailUrl\":\"https:\\\/\\\/unaymilletras.com\\\/wp-content\\\/uploads\\\/2025\\\/03\\\/Promo-Beret_VIT6812-scaled-e1742834053233.jpg\",\"datePublished\":\"2025-03-26T11:22:00+00:00\",\"description\":\"Marasmo y Beret han unido sus talentos en Espinita Remix, una versi\u00f3n renovada del \u00e9xito de 2023.\",\"breadcrumb\":{\"@id\":\"https:\\\/\\\/unaymilletras.com\\\/espinita-remix-la-esperada-colaboracion-de-marasmo-y-beret-ya-esta-aqui\\\/#breadcrumb\"},\"inLanguage\":\"en-GB\",\"potentialAction\":[{\"@type\":\"ReadAction\",\"target\":[\"https:\\\/\\\/unaymilletras.com\\\/espinita-remix-la-esperada-colaboracion-de-marasmo-y-beret-ya-esta-aqui\\\/\"]}]},{\"@type\":\"ImageObject\",\"inLanguage\":\"en-GB\",\"@id\":\"https:\\\/\\\/unaymilletras.com\\\/espinita-remix-la-esperada-colaboracion-de-marasmo-y-beret-ya-esta-aqui\\\/#primaryimage\",\"url\":\"https:\\\/\\\/unaymilletras.com\\\/wp-content\\\/uploads\\\/2025\\\/03\\\/Promo-Beret_VIT6812-scaled-e1742834053233.jpg\",\"contentUrl\":\"https:\\\/\\\/unaymilletras.com\\\/wp-content\\\/uploads\\\/2025\\\/03\\\/Promo-Beret_VIT6812-scaled-e1742834053233.jpg\",\"width\":600,\"height\":900,\"caption\":\"Beret y Marasmo Promo \\\"ESPINITA REMIX\\\"\"},{\"@type\":\"BreadcrumbList\",\"@id\":\"https:\\\/\\\/unaymilletras.com\\\/espinita-remix-la-esperada-colaboracion-de-marasmo-y-beret-ya-esta-aqui\\\/#breadcrumb\",\"itemListElement\":[{\"@type\":\"ListItem\",\"position\":1,\"name\":\"Home\",\"item\":\"http:\\\/\\\/unaymilletras.com\\\/\"},{\"@type\":\"ListItem\",\"position\":2,\"name\":\"\u201cEspinita Remix\u201d: La esperada colaboraci\u00f3n de Marasmo y Beret ya est\u00e1 aqu\u00ed\"}]},{\"@type\":\"WebSite\",\"@id\":\"http:\\\/\\\/unaymilletras.com\\\/#website\",\"url\":\"http:\\\/\\\/unaymilletras.com\\\/\",\"name\":\"Una y Mil Letras\",\"description\":\"\",\"publisher\":{\"@id\":\"http:\\\/\\\/unaymilletras.com\\\/#organization\"},\"potentialAction\":[{\"@type\":\"SearchAction\",\"target\":{\"@type\":\"EntryPoint\",\"urlTemplate\":\"http:\\\/\\\/unaymilletras.com\\\/?s={search_term_string}\"},\"query-input\":{\"@type\":\"PropertyValueSpecification\",\"valueRequired\":true,\"valueName\":\"search_term_string\"}}],\"inLanguage\":\"en-GB\"},{\"@type\":\"Organization\",\"@id\":\"http:\\\/\\\/unaymilletras.com\\\/#organization\",\"name\":\"Una y Mil Letras\",\"url\":\"http:\\\/\\\/unaymilletras.com\\\/\",\"logo\":{\"@type\":\"ImageObject\",\"inLanguage\":\"en-GB\",\"@id\":\"http:\\\/\\\/unaymilletras.com\\\/#\\\/schema\\\/logo\\\/image\\\/\",\"url\":\"https:\\\/\\\/unaymilletras.com\\\/wp-content\\\/uploads\\\/2024\\\/06\\\/cropped-Logo-removebg-preview.png\",\"contentUrl\":\"https:\\\/\\\/unaymilletras.com\\\/wp-content\\\/uploads\\\/2024\\\/06\\\/cropped-Logo-removebg-preview.png\",\"width\":512,\"height\":512,\"caption\":\"Una y Mil Letras\"},\"image\":{\"@id\":\"http:\\\/\\\/unaymilletras.com\\\/#\\\/schema\\\/logo\\\/image\\\/\"},\"sameAs\":[\"https:\\\/\\\/x.com\\\/UnaYMilLetras\",\"https:\\\/\\\/instagram.com\\\/UnaYMilLetras\"]},{\"@type\":\"Person\",\"@id\":\"http:\\\/\\\/unaymilletras.com\\\/#\\\/schema\\\/person\\\/90f1e88e4c10951a79965c8106280f0a\",\"name\":\"Victoria Hern\u00e1ndez\",\"image\":{\"@type\":\"ImageObject\",\"inLanguage\":\"en-GB\",\"@id\":\"https:\\\/\\\/secure.gravatar.com\\\/avatar\\\/4a6a914c964cf29cc45dd00ef5c74e847f221f6a1039c94b8aa244949baeeda4?s=96&d=mm&r=g\",\"url\":\"https:\\\/\\\/secure.gravatar.com\\\/avatar\\\/4a6a914c964cf29cc45dd00ef5c74e847f221f6a1039c94b8aa244949baeeda4?s=96&d=mm&r=g\",\"contentUrl\":\"https:\\\/\\\/secure.gravatar.com\\\/avatar\\\/4a6a914c964cf29cc45dd00ef5c74e847f221f6a1039c94b8aa244949baeeda4?s=96&d=mm&r=g\",\"caption\":\"Victoria Hern\u00e1ndez\"},\"url\":\"https:\\\/\\\/unaymilletras.com\\\/en\\\/author\\\/victoriahernandez\\\/\"}]}<\/script>\n<!-- \/ Yoast SEO plugin. -->","yoast_head_json":{"title":"\"Espinita Remix\": la esperada colaboraci\u00f3n entre Beret y Marasmo","description":"Marasmo y Beret han unido sus talentos en Espinita Remix, una versi\u00f3n renovada del \u00e9xito de 2023.","robots":{"index":"index","follow":"follow","max-snippet":"max-snippet:-1","max-image-preview":"max-image-preview:large","max-video-preview":"max-video-preview:-1"},"canonical":"https:\/\/unaymilletras.com\/en\/espinita-remix-la-esperada-colaboracion-de-marasmo-y-beret-ya-esta-aqui\/","og_locale":"en_GB","og_type":"article","og_title":"\"Espinita Remix\": la esperada colaboraci\u00f3n entre Beret y Marasmo","og_description":"Marasmo y Beret han unido sus talentos en Espinita Remix, una versi\u00f3n renovada del \u00e9xito de 2023.","og_url":"https:\/\/unaymilletras.com\/en\/espinita-remix-la-esperada-colaboracion-de-marasmo-y-beret-ya-esta-aqui\/","og_site_name":"Una y Mil Letras","article_published_time":"2025-03-26T11:22:00+00:00","og_image":[{"width":600,"height":900,"url":"https:\/\/unaymilletras.com\/wp-content\/uploads\/2025\/03\/Promo-Beret_VIT6812-scaled-e1742834053233.jpg","type":"image\/jpeg"}],"author":"Victoria Hern\u00e1ndez","twitter_card":"summary_large_image","twitter_creator":"@UnaYMilLetras","twitter_site":"@UnaYMilLetras","twitter_misc":{"Written by":"Victoria Hern\u00e1ndez","Estimated reading time":"2 minutes"},"schema":{"@context":"https:\/\/schema.org","@graph":[{"@type":"Article","@id":"https:\/\/unaymilletras.com\/espinita-remix-la-esperada-colaboracion-de-marasmo-y-beret-ya-esta-aqui\/#article","isPartOf":{"@id":"https:\/\/unaymilletras.com\/espinita-remix-la-esperada-colaboracion-de-marasmo-y-beret-ya-esta-aqui\/"},"author":{"name":"Victoria Hern\u00e1ndez","@id":"http:\/\/unaymilletras.com\/#\/schema\/person\/90f1e88e4c10951a79965c8106280f0a"},"headline":"\u201cEspinita Remix\u201d: La esperada colaboraci\u00f3n de Marasmo y Beret ya est\u00e1 aqu\u00ed","datePublished":"2025-03-26T11:22:00+00:00","mainEntityOfPage":{"@id":"https:\/\/unaymilletras.com\/espinita-remix-la-esperada-colaboracion-de-marasmo-y-beret-ya-esta-aqui\/"},"wordCount":302,"publisher":{"@id":"http:\/\/unaymilletras.com\/#organization"},"image":{"@id":"https:\/\/unaymilletras.com\/espinita-remix-la-esperada-colaboracion-de-marasmo-y-beret-ya-esta-aqui\/#primaryimage"},"thumbnailUrl":"https:\/\/unaymilletras.com\/wp-content\/uploads\/2025\/03\/Promo-Beret_VIT6812-scaled-e1742834053233.jpg","keywords":["Beret","Marasmo"],"articleSection":["M\u00fasica"],"inLanguage":"en-GB"},{"@type":"WebPage","@id":"https:\/\/unaymilletras.com\/espinita-remix-la-esperada-colaboracion-de-marasmo-y-beret-ya-esta-aqui\/","url":"https:\/\/unaymilletras.com\/espinita-remix-la-esperada-colaboracion-de-marasmo-y-beret-ya-esta-aqui\/","name":"\"Espinita Remix\": la esperada colaboraci\u00f3n entre Beret y Marasmo","isPartOf":{"@id":"http:\/\/unaymilletras.com\/#website"},"primaryImageOfPage":{"@id":"https:\/\/unaymilletras.com\/espinita-remix-la-esperada-colaboracion-de-marasmo-y-beret-ya-esta-aqui\/#primaryimage"},"image":{"@id":"https:\/\/unaymilletras.com\/espinita-remix-la-esperada-colaboracion-de-marasmo-y-beret-ya-esta-aqui\/#primaryimage"},"thumbnailUrl":"https:\/\/unaymilletras.com\/wp-content\/uploads\/2025\/03\/Promo-Beret_VIT6812-scaled-e1742834053233.jpg","datePublished":"2025-03-26T11:22:00+00:00","description":"Marasmo y Beret han unido sus talentos en Espinita Remix, una versi\u00f3n renovada del \u00e9xito de 2023.","breadcrumb":{"@id":"https:\/\/unaymilletras.com\/espinita-remix-la-esperada-colaboracion-de-marasmo-y-beret-ya-esta-aqui\/#breadcrumb"},"inLanguage":"en-GB","potentialAction":[{"@type":"ReadAction","target":["https:\/\/unaymilletras.com\/espinita-remix-la-esperada-colaboracion-de-marasmo-y-beret-ya-esta-aqui\/"]}]},{"@type":"ImageObject","inLanguage":"en-GB","@id":"https:\/\/unaymilletras.com\/espinita-remix-la-esperada-colaboracion-de-marasmo-y-beret-ya-esta-aqui\/#primaryimage","url":"https:\/\/unaymilletras.com\/wp-content\/uploads\/2025\/03\/Promo-Beret_VIT6812-scaled-e1742834053233.jpg","contentUrl":"https:\/\/unaymilletras.com\/wp-content\/uploads\/2025\/03\/Promo-Beret_VIT6812-scaled-e1742834053233.jpg","width":600,"height":900,"caption":"Beret y Marasmo Promo \"ESPINITA REMIX\""},{"@type":"BreadcrumbList","@id":"https:\/\/unaymilletras.com\/espinita-remix-la-esperada-colaboracion-de-marasmo-y-beret-ya-esta-aqui\/#breadcrumb","itemListElement":[{"@type":"ListItem","position":1,"name":"Home","item":"http:\/\/unaymilletras.com\/"},{"@type":"ListItem","position":2,"name":"\u201cEspinita Remix\u201d: La esperada colaboraci\u00f3n de Marasmo y Beret ya est\u00e1 aqu\u00ed"}]},{"@type":"WebSite","@id":"http:\/\/unaymilletras.com\/#website","url":"http:\/\/unaymilletras.com\/","name":"Una y Mil Letras","description":"","publisher":{"@id":"http:\/\/unaymilletras.com\/#organization"},"potentialAction":[{"@type":"SearchAction","target":{"@type":"EntryPoint","urlTemplate":"http:\/\/unaymilletras.com\/?s={search_term_string}"},"query-input":{"@type":"PropertyValueSpecification","valueRequired":true,"valueName":"search_term_string"}}],"inLanguage":"en-GB"},{"@type":"Organization","@id":"http:\/\/unaymilletras.com\/#organization","name":"Una y Mil Letras","url":"http:\/\/unaymilletras.com\/","logo":{"@type":"ImageObject","inLanguage":"en-GB","@id":"http:\/\/unaymilletras.com\/#\/schema\/logo\/image\/","url":"https:\/\/unaymilletras.com\/wp-content\/uploads\/2024\/06\/cropped-Logo-removebg-preview.png","contentUrl":"https:\/\/unaymilletras.com\/wp-content\/uploads\/2024\/06\/cropped-Logo-removebg-preview.png","width":512,"height":512,"caption":"Una y Mil Letras"},"image":{"@id":"http:\/\/unaymilletras.com\/#\/schema\/logo\/image\/"},"sameAs":["https:\/\/x.com\/UnaYMilLetras","https:\/\/instagram.com\/UnaYMilLetras"]},{"@type":"Person","@id":"http:\/\/unaymilletras.com\/#\/schema\/person\/90f1e88e4c10951a79965c8106280f0a","name":"Victoria Hern\u00e1ndez","image":{"@type":"ImageObject","inLanguage":"en-GB","@id":"https:\/\/secure.gravatar.com\/avatar\/4a6a914c964cf29cc45dd00ef5c74e847f221f6a1039c94b8aa244949baeeda4?s=96&d=mm&r=g","url":"https:\/\/secure.gravatar.com\/avatar\/4a6a914c964cf29cc45dd00ef5c74e847f221f6a1039c94b8aa244949baeeda4?s=96&d=mm&r=g","contentUrl":"https:\/\/secure.gravatar.com\/avatar\/4a6a914c964cf29cc45dd00ef5c74e847f221f6a1039c94b8aa244949baeeda4?s=96&d=mm&r=g","caption":"Victoria Hern\u00e1ndez"},"url":"https:\/\/unaymilletras.com\/en\/author\/victoriahernandez\/"}]}},"_links":{"self":[{"href":"https:\/\/unaymilletras.com\/en\/wp-json\/wp\/v2\/posts\/4204","targetHints":{"allow":["GET"]}}],"collection":[{"href":"https:\/\/unaymilletras.com\/en\/wp-json\/wp\/v2\/posts"}],"about":[{"href":"https:\/\/unaymilletras.com\/en\/wp-json\/wp\/v2\/types\/post"}],"author":[{"embeddable":true,"href":"https:\/\/unaymilletras.com\/en\/wp-json\/wp\/v2\/users\/9"}],"replies":[{"embeddable":true,"href":"https:\/\/unaymilletras.com\/en\/wp-json\/wp\/v2\/comments?post=4204"}],"version-history":[{"count":12,"href":"https:\/\/unaymilletras.com\/en\/wp-json\/wp\/v2\/posts\/4204\/revisions"}],"predecessor-version":[{"id":4278,"href":"https:\/\/unaymilletras.com\/en\/wp-json\/wp\/v2\/posts\/4204\/revisions\/4278"}],"wp:featuredmedia":[{"embeddable":true,"href":"https:\/\/unaymilletras.com\/en\/wp-json\/wp\/v2\/media\/4205"}],"wp:attachment":[{"href":"https:\/\/unaymilletras.com\/en\/wp-json\/wp\/v2\/media?parent=4204"}],"wp:term":[{"taxonomy":"category","embeddable":true,"href":"https:\/\/unaymilletras.com\/en\/wp-json\/wp\/v2\/categories?post=4204"},{"taxonomy":"post_tag","embeddable":true,"href":"https:\/\/unaymilletras.com\/en\/wp-json\/wp\/v2\/tags?post=4204"}],"curies":[{"name":"wp","href":"https:\/\/api.w.org\/{rel}","templated":true}]}}