{"id":4222,"date":"2025-03-27T20:00:00","date_gmt":"2025-03-27T19:00:00","guid":{"rendered":"https:\/\/unaymilletras.com\/?p=4222"},"modified":"2025-03-25T22:20:53","modified_gmt":"2025-03-25T21:20:53","slug":"selena-gomez-y-benny-blanco-lanzan-su-primer-album-colaborativo-i-said-i-love-you-first","status":"publish","type":"post","link":"https:\/\/unaymilletras.com\/en\/selena-gomez-y-benny-blanco-lanzan-su-primer-album-colaborativo-i-said-i-love-you-first\/","title":{"rendered":"Selena Gomez y benny blanco lanzan su primer \u00e1lbum colaborativo \u00abI Said I Love You First\u00bb"},"content":{"rendered":"<div data-elementor-type=\"wp-post\" data-elementor-id=\"4222\" class=\"elementor elementor-4222\">\n\t\t\t\t\t\t<section class=\"elementor-section elementor-top-section elementor-element elementor-element-d7cd283 elementor-section-boxed elementor-section-height-default elementor-section-height-default\" data-id=\"d7cd283\" data-element_type=\"section\" data-e-type=\"section\">\n\t\t\t\t\t\t<div class=\"elementor-container elementor-column-gap-default\">\n\t\t\t\t\t<div class=\"elementor-column elementor-col-100 elementor-top-column elementor-element elementor-element-a22bcb9\" data-id=\"a22bcb9\" data-element_type=\"column\" data-e-type=\"column\">\n\t\t\t<div class=\"elementor-widget-wrap elementor-element-populated\">\n\t\t\t\t\t\t<div class=\"elementor-element elementor-element-762db1a elementor-widget elementor-widget-text-editor\" data-id=\"762db1a\" data-element_type=\"widget\" data-e-type=\"widget\" data-widget_type=\"text-editor.default\">\n\t\t\t\t<div class=\"elementor-widget-container\">\n\t\t\t\t\t\t\t\t\t<h2 class=\"elementor-heading-title elementor-size-default elementor-inline-editing pen\" style=\"text-align: center;\" contenteditable=\"true\" data-elementor-setting-key=\"title\" data-pen-placeholder=\"Teclea aqu\u00ed...\"><span style=\"color: #808080;\"><em>El disco ofrece una mirada \u00edntima a su historia de amor y su conexi\u00f3n art\u00edstica<\/em><\/span><\/h2>\t\t\t\t\t\t\t\t<\/div>\n\t\t\t\t<\/div>\n\t\t\t\t\t<\/div>\n\t\t<\/div>\n\t\t\t\t\t<\/div>\n\t\t<\/section>\n\t\t\t\t<section class=\"elementor-section elementor-top-section elementor-element elementor-element-baf4a3b elementor-section-boxed elementor-section-height-default elementor-section-height-default\" data-id=\"baf4a3b\" data-element_type=\"section\" data-e-type=\"section\">\n\t\t\t\t\t\t<div class=\"elementor-container elementor-column-gap-default\">\n\t\t\t\t\t<div class=\"elementor-column elementor-col-100 elementor-top-column elementor-element elementor-element-884c6a2\" data-id=\"884c6a2\" data-element_type=\"column\" data-e-type=\"column\">\n\t\t\t<div class=\"elementor-widget-wrap elementor-element-populated\">\n\t\t\t\t\t\t<div class=\"elementor-element elementor-element-998ff28 elementor-widget elementor-widget-text-editor\" data-id=\"998ff28\" data-element_type=\"widget\" data-e-type=\"widget\" data-widget_type=\"text-editor.default\">\n\t\t\t\t<div class=\"elementor-widget-container\">\n\t\t\t\t\t\t\t\t\t<p data-pm-slice=\"1 1 []\">El esperado primer \u00e1lbum colaborativo de la artista multiplatino nominada al GRAMMY\u00ae, <strong>Selena Gomez<\/strong>, y el productor discogr\u00e1fico y compositor tambi\u00e9n nominado al GRAMMY\u00ae, <strong>benny blanco<\/strong>, ya est\u00e1 disponible a trav\u00e9s de SMG Music \/ Friends Keep Secrets \/ Interscope Records. <span style=\"color: #000000;\"><a style=\"color: #000000;\" href=\"https:\/\/open.spotify.com\/intl-es\/album\/5v7xYJyke25Nmt3l2R7YkR?si=1cbec6e922bf4f06\"><em><strong>I Said I Love You First<\/strong><\/em><\/a><\/span>\u00a0llega acompa\u00f1ado del estreno del videoclip de <em><strong>Younger and Hotter Than Me<\/strong><\/em>, dirigido por Jake Schreier, quien ha colaborado en otras ocasiones con blanco.\u00a0<\/p>\t\t\t\t\t\t\t\t<\/div>\n\t\t\t\t<\/div>\n\t\t\t\t\t<\/div>\n\t\t<\/div>\n\t\t\t\t\t<\/div>\n\t\t<\/section>\n\t\t\t\t<section class=\"elementor-section elementor-top-section elementor-element elementor-element-f185167 elementor-section-boxed elementor-section-height-default elementor-section-height-default\" data-id=\"f185167\" data-element_type=\"section\" data-e-type=\"section\">\n\t\t\t\t\t\t<div class=\"elementor-container elementor-column-gap-default\">\n\t\t\t\t\t<div class=\"elementor-column elementor-col-100 elementor-top-column elementor-element elementor-element-7bfa742\" data-id=\"7bfa742\" data-element_type=\"column\" data-e-type=\"column\">\n\t\t\t<div class=\"elementor-widget-wrap elementor-element-populated\">\n\t\t\t\t\t\t<div class=\"elementor-element elementor-element-ba93d8f elementor-widget elementor-widget-video\" data-id=\"ba93d8f\" data-element_type=\"widget\" data-e-type=\"widget\" data-settings=\"{&quot;youtube_url&quot;:&quot;https:\\\/\\\/youtu.be\\\/B783S7tAPOY?si=9mknr_RYJAMcbeET&quot;,&quot;video_type&quot;:&quot;youtube&quot;,&quot;controls&quot;:&quot;yes&quot;}\" data-widget_type=\"video.default\">\n\t\t\t\t<div class=\"elementor-widget-container\">\n\t\t\t\t\t\t\t<div class=\"elementor-wrapper elementor-open-inline\">\n\t\t\t<div class=\"elementor-video\"><\/div>\t\t<\/div>\n\t\t\t\t\t\t<\/div>\n\t\t\t\t<\/div>\n\t\t\t\t<div class=\"elementor-element elementor-element-245a08f elementor-widget elementor-widget-heading\" data-id=\"245a08f\" data-element_type=\"widget\" data-e-type=\"widget\" data-widget_type=\"heading.default\">\n\t\t\t\t<div class=\"elementor-widget-container\">\n\t\t\t\t\t<h3 class=\"elementor-heading-title elementor-size-default\">Un recorrido por su historia de amor <\/h3>\t\t\t\t<\/div>\n\t\t\t\t<\/div>\n\t\t\t\t\t<\/div>\n\t\t<\/div>\n\t\t\t\t\t<\/div>\n\t\t<\/section>\n\t\t\t\t<section class=\"elementor-section elementor-top-section elementor-element elementor-element-e545f5c elementor-section-boxed elementor-section-height-default elementor-section-height-default\" data-id=\"e545f5c\" data-element_type=\"section\" data-e-type=\"section\">\n\t\t\t\t\t\t<div class=\"elementor-container elementor-column-gap-default\">\n\t\t\t\t\t<div class=\"elementor-column elementor-col-100 elementor-top-column elementor-element elementor-element-3a3de6c\" data-id=\"3a3de6c\" data-element_type=\"column\" data-e-type=\"column\">\n\t\t\t<div class=\"elementor-widget-wrap elementor-element-populated\">\n\t\t\t\t\t\t<div class=\"elementor-element elementor-element-e2454fd elementor-widget elementor-widget-text-editor\" data-id=\"e2454fd\" data-element_type=\"widget\" data-e-type=\"widget\" data-widget_type=\"text-editor.default\">\n\t\t\t\t<div class=\"elementor-widget-container\">\n\t\t\t\t\t\t\t\t\t<p data-pm-slice=\"1 1 []\">Este trabajo discogr\u00e1fico incluye sencillos previamente lanzados como <em><strong>Scared of Loving You<\/strong><\/em>, una emotiva balada pop coescrita por Gomez, blanco y el ganador del GRAMMY\u00ae <strong>FINNEAS<\/strong>; <em><strong>Call Me When You Break Up<\/strong><\/em>, en colaboraci\u00f3n con la cantante y compositora nominada al GRAMMY\u00ae <strong>Gracie Abrams<\/strong>; y <em><strong>Sunset Blvd<\/strong><\/em>, una canci\u00f3n inspirada en la primera cita de la pareja en la ic\u00f3nica avenida de Hollywood, cuyo video fue dirigido por Petra Collins, frecuente colaboradora de Gomez.<\/p>\t\t\t\t\t\t\t\t<\/div>\n\t\t\t\t<\/div>\n\t\t\t\t\t<\/div>\n\t\t<\/div>\n\t\t\t\t\t<\/div>\n\t\t<\/section>\n\t\t\t\t<section class=\"elementor-section elementor-top-section elementor-element elementor-element-e0e7f23 elementor-section-boxed elementor-section-height-default elementor-section-height-default\" data-id=\"e0e7f23\" data-element_type=\"section\" data-e-type=\"section\">\n\t\t\t\t\t\t<div class=\"elementor-container elementor-column-gap-default\">\n\t\t\t\t\t<div class=\"elementor-column elementor-col-100 elementor-top-column elementor-element elementor-element-061d280\" data-id=\"061d280\" data-element_type=\"column\" data-e-type=\"column\">\n\t\t\t<div class=\"elementor-widget-wrap elementor-element-populated\">\n\t\t\t\t\t\t<div class=\"elementor-element elementor-element-05cd98f elementor-widget elementor-widget-video\" data-id=\"05cd98f\" data-element_type=\"widget\" data-e-type=\"widget\" data-settings=\"{&quot;youtube_url&quot;:&quot;https:\\\/\\\/youtu.be\\\/nJG5CWsne8E?si=ajhEy71l0cDZlpdu&quot;,&quot;video_type&quot;:&quot;youtube&quot;,&quot;controls&quot;:&quot;yes&quot;}\" data-widget_type=\"video.default\">\n\t\t\t\t<div class=\"elementor-widget-container\">\n\t\t\t\t\t\t\t<div class=\"elementor-wrapper elementor-open-inline\">\n\t\t\t<div class=\"elementor-video\"><\/div>\t\t<\/div>\n\t\t\t\t\t\t<\/div>\n\t\t\t\t<\/div>\n\t\t\t\t\t<\/div>\n\t\t<\/div>\n\t\t\t\t\t<\/div>\n\t\t<\/section>\n\t\t\t\t<section class=\"elementor-section elementor-top-section elementor-element elementor-element-7fe86bc elementor-section-boxed elementor-section-height-default elementor-section-height-default\" data-id=\"7fe86bc\" data-element_type=\"section\" data-e-type=\"section\">\n\t\t\t\t\t\t<div class=\"elementor-container elementor-column-gap-default\">\n\t\t\t\t\t<div class=\"elementor-column elementor-col-100 elementor-top-column elementor-element elementor-element-3b54d1b\" data-id=\"3b54d1b\" data-element_type=\"column\" data-e-type=\"column\">\n\t\t\t<div class=\"elementor-widget-wrap elementor-element-populated\">\n\t\t\t\t\t\t<div class=\"elementor-element elementor-element-4bb5f62 elementor-widget elementor-widget-text-editor\" data-id=\"4bb5f62\" data-element_type=\"widget\" data-e-type=\"widget\" data-widget_type=\"text-editor.default\">\n\t\t\t\t<div class=\"elementor-widget-container\">\n\t\t\t\t\t\t\t\t\t<p data-pm-slice=\"1 1 []\">El \u00e1lbum ofrece <strong>una mirada \u00edntima a la historia de amor entre Gomez y blanco<\/strong>, relatando su viaje desde antes de conocerse hasta su relaci\u00f3n actual y su futuro juntos. Surgi\u00f3 de manera org\u00e1nica gracias a la c\u00f3moda din\u00e1mica creativa entre ambos artistas, lo que les permiti\u00f3 plasmar <strong>experiencias personales<\/strong> en cada canci\u00f3n.<\/p>\n<p><strong>Selena Gomez<\/strong>, una de las figuras m\u00e1s influyentes de su generaci\u00f3n, ha vendido m\u00e1s de 197 millones de sencillos y acumula m\u00e1s de 34 mil millones de reproducciones a nivel mundial. Ha lanzado tres \u00e1lbumes de estudio en solitario, todos debutando en el primer lugar del ranking de Billboard 200. Su reciente \u00e9xito <em>Calm Down<\/em>&nbsp;junto a Rema se convirti\u00f3 en la canci\u00f3n afrobeat m\u00e1s exitosa de la historia y en la m\u00e1s longeva en la lista Pop Airplay de Billboard EE.UU.<\/p>\n<p>Por su parte, <strong>benny blanco<\/strong> es un reconocido productor discogr\u00e1fico, compositor y artista que ha trabajado con figuras como Ed Sheeran, SZA, Rihanna y Katy Perry, contribuyendo a la venta de cientos de millones de discos. Como solista, sus \u00e1lbumes <em>FRIENDS KEEP SECRETS<\/em>&nbsp;y <em>FRIENDS KEEP SECRETS 2<\/em>&nbsp;han acumulado m\u00e1s de 11 mil millones de reproducciones y han generado varios \u00e9xitos <strong>multiplatino<\/strong>.<\/p>\t\t\t\t\t\t\t\t<\/div>\n\t\t\t\t<\/div>\n\t\t\t\t<div class=\"elementor-element elementor-element-13bdeed elementor-widget elementor-widget-heading\" data-id=\"13bdeed\" data-element_type=\"widget\" data-e-type=\"widget\" data-widget_type=\"heading.default\">\n\t\t\t\t<div class=\"elementor-widget-container\">\n\t\t\t\t\t<h3 class=\"elementor-heading-title elementor-size-default\">Un testimonio de amor a trav\u00e9s de la m\u00fasica<\/h3>\t\t\t\t<\/div>\n\t\t\t\t<\/div>\n\t\t\t\t\t<\/div>\n\t\t<\/div>\n\t\t\t\t\t<\/div>\n\t\t<\/section>\n\t\t\t\t<section class=\"elementor-section elementor-top-section elementor-element elementor-element-07d73be elementor-section-boxed elementor-section-height-default elementor-section-height-default\" data-id=\"07d73be\" data-element_type=\"section\" data-e-type=\"section\">\n\t\t\t\t\t\t<div class=\"elementor-container elementor-column-gap-default\">\n\t\t\t\t\t<div class=\"elementor-column elementor-col-50 elementor-top-column elementor-element elementor-element-fa67f76\" data-id=\"fa67f76\" data-element_type=\"column\" data-e-type=\"column\">\n\t\t\t<div class=\"elementor-widget-wrap elementor-element-populated\">\n\t\t\t\t\t\t<div class=\"elementor-element elementor-element-4d47d9f elementor-widget elementor-widget-text-editor\" data-id=\"4d47d9f\" data-element_type=\"widget\" data-e-type=\"widget\" data-widget_type=\"text-editor.default\">\n\t\t\t\t<div class=\"elementor-widget-container\">\n\t\t\t\t\t\t\t\t\t<p data-pm-slice=\"1 1 []\">Con <em><strong>I Said I Love You First<\/strong><\/em>, Gomez y blanco no solo exploran su conexi\u00f3n personal y art\u00edstica, sino que tambi\u00e9n ofrecen un testimonio sincero y emotivo de su <strong>amor a trav\u00e9s de la m\u00fasica<\/strong>.<\/p>\t\t\t\t\t\t\t\t<\/div>\n\t\t\t\t<\/div>\n\t\t\t\t\t<\/div>\n\t\t<\/div>\n\t\t\t\t<div class=\"elementor-column elementor-col-50 elementor-top-column elementor-element elementor-element-3fd8d9c\" data-id=\"3fd8d9c\" data-element_type=\"column\" data-e-type=\"column\">\n\t\t\t<div class=\"elementor-widget-wrap elementor-element-populated\">\n\t\t\t\t\t\t<div class=\"elementor-element elementor-element-97bd528 elementor-widget elementor-widget-image\" data-id=\"97bd528\" data-element_type=\"widget\" data-e-type=\"widget\" data-widget_type=\"image.default\">\n\t\t\t\t<div class=\"elementor-widget-container\">\n\t\t\t\t\t\t\t\t\t\t\t\t\t\t\t<img fetchpriority=\"high\" decoding=\"async\" width=\"600\" height=\"600\" src=\"https:\/\/unaymilletras.com\/wp-content\/uploads\/2025\/03\/Portada-album-Selena-Gomez-e1742841225579.jpg\" class=\"attachment-large size-large wp-image-4224\" alt=\"\" \/>\t\t\t\t\t\t\t\t\t\t\t\t\t\t\t<\/div>\n\t\t\t\t<\/div>\n\t\t\t\t\t<\/div>\n\t\t<\/div>\n\t\t\t\t\t<\/div>\n\t\t<\/section>\n\t\t\t\t<section class=\"elementor-section elementor-top-section elementor-element elementor-element-3b488e2 elementor-section-boxed elementor-section-height-default elementor-section-height-default\" data-id=\"3b488e2\" data-element_type=\"section\" data-e-type=\"section\">\n\t\t\t\t\t\t<div class=\"elementor-container elementor-column-gap-default\">\n\t\t\t\t\t<div class=\"elementor-column elementor-col-100 elementor-top-column elementor-element elementor-element-dec0064\" data-id=\"dec0064\" data-element_type=\"column\" data-e-type=\"column\">\n\t\t\t<div class=\"elementor-widget-wrap elementor-element-populated\">\n\t\t\t\t\t\t<div class=\"elementor-element elementor-element-e94c309 elementor-widget elementor-widget-spacer\" data-id=\"e94c309\" data-element_type=\"widget\" data-e-type=\"widget\" data-widget_type=\"spacer.default\">\n\t\t\t\t<div class=\"elementor-widget-container\">\n\t\t\t\t\t\t\t<div class=\"elementor-spacer\">\n\t\t\t<div class=\"elementor-spacer-inner\"><\/div>\n\t\t<\/div>\n\t\t\t\t\t\t<\/div>\n\t\t\t\t<\/div>\n\t\t\t\t\t<\/div>\n\t\t<\/div>\n\t\t\t\t\t<\/div>\n\t\t<\/section>\n\t\t\t\t<section class=\"elementor-section elementor-top-section elementor-element elementor-element-2714ae9 elementor-section-boxed elementor-section-height-default elementor-section-height-default\" data-id=\"2714ae9\" data-element_type=\"section\" data-e-type=\"section\">\n\t\t\t\t\t\t<div class=\"elementor-container elementor-column-gap-default\">\n\t\t\t\t\t<div class=\"elementor-column elementor-col-100 elementor-top-column elementor-element elementor-element-2019984\" data-id=\"2019984\" data-element_type=\"column\" data-e-type=\"column\">\n\t\t\t<div class=\"elementor-widget-wrap elementor-element-populated\">\n\t\t\t\t\t\t<div class=\"elementor-element elementor-element-387439b elementor-align-center elementor-widget elementor-widget-button\" data-id=\"387439b\" data-element_type=\"widget\" data-e-type=\"widget\" data-widget_type=\"button.default\">\n\t\t\t\t<div class=\"elementor-widget-container\">\n\t\t\t\t\t\t\t\t\t<div class=\"elementor-button-wrapper\">\n\t\t\t\t\t<a class=\"elementor-button elementor-button-link elementor-size-sm\" href=\"https:\/\/umusices.lnk.to\/7EA1XGZvEM?utm_campaign=695662_Selena%20Gomez%20with%20benny%20blanco%20-%20I%20SAID%20I%20LOVE%20YOU%20FIRST_231700_ES&#038;utm_medium=email&#038;utm_source=dotmailer&#038;dm_t=0,0,0,0,0\">\n\t\t\t\t\t\t<span class=\"elementor-button-content-wrapper\">\n\t\t\t\t\t\t<span class=\"elementor-button-icon\">\n\t\t\t\t<i aria-hidden=\"true\" class=\"fas fa-music\"><\/i>\t\t\t<\/span>\n\t\t\t\t\t\t\t\t\t<span class=\"elementor-button-text\">Escucha el \u00e1lbum completo aqu\u00ed<\/span>\n\t\t\t\t\t<\/span>\n\t\t\t\t\t<\/a>\n\t\t\t\t<\/div>\n\t\t\t\t\t\t\t\t<\/div>\n\t\t\t\t<\/div>\n\t\t\t\t\t<\/div>\n\t\t<\/div>\n\t\t\t\t\t<\/div>\n\t\t<\/section>\n\t\t\t\t<\/div>","protected":false},"excerpt":{"rendered":"<p>El disco ofrece una mirada \u00edntima a su historia de amor y su conexi\u00f3n art\u00edstica El esperado primer \u00e1lbum colaborativo de la artista multiplatino nominada al GRAMMY\u00ae, Selena Gomez, y el productor discogr\u00e1fico y compositor tambi\u00e9n nominado al GRAMMY\u00ae, benny blanco, ya est\u00e1 disponible a trav\u00e9s de SMG Music \/ Friends Keep Secrets \/ Interscope [&hellip;]<\/p>\n","protected":false},"author":9,"featured_media":4224,"comment_status":"closed","ping_status":"closed","sticky":false,"template":"","format":"standard","meta":{"footnotes":""},"categories":[4],"tags":[161,160],"class_list":["post-4222","post","type-post","status-publish","format-standard","has-post-thumbnail","hentry","category-musica","tag-benny-blanco","tag-selena-gomez"],"yoast_head":"<!-- This site is optimized with the Yoast SEO plugin v27.4 - https:\/\/yoast.com\/product\/yoast-seo-wordpress\/ -->\n<title>Selena Gomez y benny blanco lanzan su primer \u00e1lbum colaborativo &quot;I Said I Love You First&quot; &#8902; Una y Mil Letras<\/title>\n<meta name=\"robots\" content=\"index, follow, max-snippet:-1, max-image-preview:large, max-video-preview:-1\" \/>\n<link rel=\"canonical\" href=\"https:\/\/unaymilletras.com\/en\/selena-gomez-y-benny-blanco-lanzan-su-primer-album-colaborativo-i-said-i-love-you-first\/\" \/>\n<meta property=\"og:locale\" content=\"en_GB\" \/>\n<meta property=\"og:type\" content=\"article\" \/>\n<meta property=\"og:title\" content=\"Selena Gomez y benny blanco lanzan su primer \u00e1lbum colaborativo &quot;I Said I Love You First&quot; &#8902; Una y Mil Letras\" \/>\n<meta property=\"og:description\" content=\"El disco ofrece una mirada \u00edntima a su historia de amor y su conexi\u00f3n art\u00edstica El esperado primer \u00e1lbum colaborativo de la artista multiplatino nominada al GRAMMY\u00ae, Selena Gomez, y el productor discogr\u00e1fico y compositor tambi\u00e9n nominado al GRAMMY\u00ae, benny blanco, ya est\u00e1 disponible a trav\u00e9s de SMG Music \/ Friends Keep Secrets \/ Interscope [&hellip;]\" \/>\n<meta property=\"og:url\" content=\"https:\/\/unaymilletras.com\/en\/selena-gomez-y-benny-blanco-lanzan-su-primer-album-colaborativo-i-said-i-love-you-first\/\" \/>\n<meta property=\"og:site_name\" content=\"Una y Mil Letras\" \/>\n<meta property=\"article:published_time\" content=\"2025-03-27T19:00:00+00:00\" \/>\n<meta property=\"og:image\" content=\"https:\/\/unaymilletras.com\/wp-content\/uploads\/2025\/03\/Portada-album-Selena-Gomez-e1742841225579.jpg\" \/>\n\t<meta property=\"og:image:width\" content=\"600\" \/>\n\t<meta property=\"og:image:height\" content=\"600\" \/>\n\t<meta property=\"og:image:type\" content=\"image\/jpeg\" \/>\n<meta name=\"author\" content=\"Victoria Hern\u00e1ndez\" \/>\n<meta name=\"twitter:card\" content=\"summary_large_image\" \/>\n<meta name=\"twitter:creator\" content=\"@UnaYMilLetras\" \/>\n<meta name=\"twitter:site\" content=\"@UnaYMilLetras\" \/>\n<meta name=\"twitter:label1\" content=\"Written by\" \/>\n\t<meta name=\"twitter:data1\" content=\"Victoria Hern\u00e1ndez\" \/>\n\t<meta name=\"twitter:label2\" content=\"Estimated reading time\" \/>\n\t<meta name=\"twitter:data2\" content=\"3 minutes\" \/>\n<script type=\"application\/ld+json\" class=\"yoast-schema-graph\">{\"@context\":\"https:\\\/\\\/schema.org\",\"@graph\":[{\"@type\":\"Article\",\"@id\":\"https:\\\/\\\/unaymilletras.com\\\/selena-gomez-y-benny-blanco-lanzan-su-primer-album-colaborativo-i-said-i-love-you-first\\\/#article\",\"isPartOf\":{\"@id\":\"https:\\\/\\\/unaymilletras.com\\\/selena-gomez-y-benny-blanco-lanzan-su-primer-album-colaborativo-i-said-i-love-you-first\\\/\"},\"author\":{\"name\":\"Victoria Hern\u00e1ndez\",\"@id\":\"http:\\\/\\\/unaymilletras.com\\\/#\\\/schema\\\/person\\\/90f1e88e4c10951a79965c8106280f0a\"},\"headline\":\"Selena Gomez y benny blanco lanzan su primer \u00e1lbum colaborativo \u00abI Said I Love You First\u00bb\",\"datePublished\":\"2025-03-27T19:00:00+00:00\",\"mainEntityOfPage\":{\"@id\":\"https:\\\/\\\/unaymilletras.com\\\/selena-gomez-y-benny-blanco-lanzan-su-primer-album-colaborativo-i-said-i-love-you-first\\\/\"},\"wordCount\":476,\"publisher\":{\"@id\":\"http:\\\/\\\/unaymilletras.com\\\/#organization\"},\"image\":{\"@id\":\"https:\\\/\\\/unaymilletras.com\\\/selena-gomez-y-benny-blanco-lanzan-su-primer-album-colaborativo-i-said-i-love-you-first\\\/#primaryimage\"},\"thumbnailUrl\":\"https:\\\/\\\/unaymilletras.com\\\/wp-content\\\/uploads\\\/2025\\\/03\\\/Portada-album-Selena-Gomez-e1742841225579.jpg\",\"keywords\":[\"benny blanco\",\"Selena Gomez\"],\"articleSection\":[\"M\u00fasica\"],\"inLanguage\":\"en-GB\"},{\"@type\":\"WebPage\",\"@id\":\"https:\\\/\\\/unaymilletras.com\\\/selena-gomez-y-benny-blanco-lanzan-su-primer-album-colaborativo-i-said-i-love-you-first\\\/\",\"url\":\"https:\\\/\\\/unaymilletras.com\\\/selena-gomez-y-benny-blanco-lanzan-su-primer-album-colaborativo-i-said-i-love-you-first\\\/\",\"name\":\"Selena Gomez y benny blanco lanzan su primer \u00e1lbum colaborativo \\\"I Said I Love You First\\\" &#8902; Una y Mil Letras\",\"isPartOf\":{\"@id\":\"http:\\\/\\\/unaymilletras.com\\\/#website\"},\"primaryImageOfPage\":{\"@id\":\"https:\\\/\\\/unaymilletras.com\\\/selena-gomez-y-benny-blanco-lanzan-su-primer-album-colaborativo-i-said-i-love-you-first\\\/#primaryimage\"},\"image\":{\"@id\":\"https:\\\/\\\/unaymilletras.com\\\/selena-gomez-y-benny-blanco-lanzan-su-primer-album-colaborativo-i-said-i-love-you-first\\\/#primaryimage\"},\"thumbnailUrl\":\"https:\\\/\\\/unaymilletras.com\\\/wp-content\\\/uploads\\\/2025\\\/03\\\/Portada-album-Selena-Gomez-e1742841225579.jpg\",\"datePublished\":\"2025-03-27T19:00:00+00:00\",\"breadcrumb\":{\"@id\":\"https:\\\/\\\/unaymilletras.com\\\/selena-gomez-y-benny-blanco-lanzan-su-primer-album-colaborativo-i-said-i-love-you-first\\\/#breadcrumb\"},\"inLanguage\":\"en-GB\",\"potentialAction\":[{\"@type\":\"ReadAction\",\"target\":[\"https:\\\/\\\/unaymilletras.com\\\/selena-gomez-y-benny-blanco-lanzan-su-primer-album-colaborativo-i-said-i-love-you-first\\\/\"]}]},{\"@type\":\"ImageObject\",\"inLanguage\":\"en-GB\",\"@id\":\"https:\\\/\\\/unaymilletras.com\\\/selena-gomez-y-benny-blanco-lanzan-su-primer-album-colaborativo-i-said-i-love-you-first\\\/#primaryimage\",\"url\":\"https:\\\/\\\/unaymilletras.com\\\/wp-content\\\/uploads\\\/2025\\\/03\\\/Portada-album-Selena-Gomez-e1742841225579.jpg\",\"contentUrl\":\"https:\\\/\\\/unaymilletras.com\\\/wp-content\\\/uploads\\\/2025\\\/03\\\/Portada-album-Selena-Gomez-e1742841225579.jpg\",\"width\":600,\"height\":600,\"caption\":\"Portada del \u00e1lbum. Cr\u00e9dito de la foto: Petra Collins\"},{\"@type\":\"BreadcrumbList\",\"@id\":\"https:\\\/\\\/unaymilletras.com\\\/selena-gomez-y-benny-blanco-lanzan-su-primer-album-colaborativo-i-said-i-love-you-first\\\/#breadcrumb\",\"itemListElement\":[{\"@type\":\"ListItem\",\"position\":1,\"name\":\"Home\",\"item\":\"http:\\\/\\\/unaymilletras.com\\\/\"},{\"@type\":\"ListItem\",\"position\":2,\"name\":\"Selena Gomez y benny blanco lanzan su primer \u00e1lbum colaborativo \u00abI Said I Love You First\u00bb\"}]},{\"@type\":\"WebSite\",\"@id\":\"http:\\\/\\\/unaymilletras.com\\\/#website\",\"url\":\"http:\\\/\\\/unaymilletras.com\\\/\",\"name\":\"Una y Mil Letras\",\"description\":\"\",\"publisher\":{\"@id\":\"http:\\\/\\\/unaymilletras.com\\\/#organization\"},\"potentialAction\":[{\"@type\":\"SearchAction\",\"target\":{\"@type\":\"EntryPoint\",\"urlTemplate\":\"http:\\\/\\\/unaymilletras.com\\\/?s={search_term_string}\"},\"query-input\":{\"@type\":\"PropertyValueSpecification\",\"valueRequired\":true,\"valueName\":\"search_term_string\"}}],\"inLanguage\":\"en-GB\"},{\"@type\":\"Organization\",\"@id\":\"http:\\\/\\\/unaymilletras.com\\\/#organization\",\"name\":\"Una y Mil Letras\",\"url\":\"http:\\\/\\\/unaymilletras.com\\\/\",\"logo\":{\"@type\":\"ImageObject\",\"inLanguage\":\"en-GB\",\"@id\":\"http:\\\/\\\/unaymilletras.com\\\/#\\\/schema\\\/logo\\\/image\\\/\",\"url\":\"https:\\\/\\\/unaymilletras.com\\\/wp-content\\\/uploads\\\/2024\\\/06\\\/cropped-Logo-removebg-preview.png\",\"contentUrl\":\"https:\\\/\\\/unaymilletras.com\\\/wp-content\\\/uploads\\\/2024\\\/06\\\/cropped-Logo-removebg-preview.png\",\"width\":512,\"height\":512,\"caption\":\"Una y Mil Letras\"},\"image\":{\"@id\":\"http:\\\/\\\/unaymilletras.com\\\/#\\\/schema\\\/logo\\\/image\\\/\"},\"sameAs\":[\"https:\\\/\\\/x.com\\\/UnaYMilLetras\",\"https:\\\/\\\/instagram.com\\\/UnaYMilLetras\"]},{\"@type\":\"Person\",\"@id\":\"http:\\\/\\\/unaymilletras.com\\\/#\\\/schema\\\/person\\\/90f1e88e4c10951a79965c8106280f0a\",\"name\":\"Victoria Hern\u00e1ndez\",\"image\":{\"@type\":\"ImageObject\",\"inLanguage\":\"en-GB\",\"@id\":\"https:\\\/\\\/secure.gravatar.com\\\/avatar\\\/4a6a914c964cf29cc45dd00ef5c74e847f221f6a1039c94b8aa244949baeeda4?s=96&d=mm&r=g\",\"url\":\"https:\\\/\\\/secure.gravatar.com\\\/avatar\\\/4a6a914c964cf29cc45dd00ef5c74e847f221f6a1039c94b8aa244949baeeda4?s=96&d=mm&r=g\",\"contentUrl\":\"https:\\\/\\\/secure.gravatar.com\\\/avatar\\\/4a6a914c964cf29cc45dd00ef5c74e847f221f6a1039c94b8aa244949baeeda4?s=96&d=mm&r=g\",\"caption\":\"Victoria Hern\u00e1ndez\"},\"url\":\"https:\\\/\\\/unaymilletras.com\\\/en\\\/author\\\/victoriahernandez\\\/\"}]}<\/script>\n<!-- \/ Yoast SEO plugin. -->","yoast_head_json":{"title":"Selena Gomez y benny blanco lanzan su primer \u00e1lbum colaborativo \"I Said I Love You First\" &#8902; Una y Mil Letras","robots":{"index":"index","follow":"follow","max-snippet":"max-snippet:-1","max-image-preview":"max-image-preview:large","max-video-preview":"max-video-preview:-1"},"canonical":"https:\/\/unaymilletras.com\/en\/selena-gomez-y-benny-blanco-lanzan-su-primer-album-colaborativo-i-said-i-love-you-first\/","og_locale":"en_GB","og_type":"article","og_title":"Selena Gomez y benny blanco lanzan su primer \u00e1lbum colaborativo \"I Said I Love You First\" &#8902; Una y Mil Letras","og_description":"El disco ofrece una mirada \u00edntima a su historia de amor y su conexi\u00f3n art\u00edstica El esperado primer \u00e1lbum colaborativo de la artista multiplatino nominada al GRAMMY\u00ae, Selena Gomez, y el productor discogr\u00e1fico y compositor tambi\u00e9n nominado al GRAMMY\u00ae, benny blanco, ya est\u00e1 disponible a trav\u00e9s de SMG Music \/ Friends Keep Secrets \/ Interscope [&hellip;]","og_url":"https:\/\/unaymilletras.com\/en\/selena-gomez-y-benny-blanco-lanzan-su-primer-album-colaborativo-i-said-i-love-you-first\/","og_site_name":"Una y Mil Letras","article_published_time":"2025-03-27T19:00:00+00:00","og_image":[{"width":600,"height":600,"url":"https:\/\/unaymilletras.com\/wp-content\/uploads\/2025\/03\/Portada-album-Selena-Gomez-e1742841225579.jpg","type":"image\/jpeg"}],"author":"Victoria Hern\u00e1ndez","twitter_card":"summary_large_image","twitter_creator":"@UnaYMilLetras","twitter_site":"@UnaYMilLetras","twitter_misc":{"Written by":"Victoria Hern\u00e1ndez","Estimated reading time":"3 minutes"},"schema":{"@context":"https:\/\/schema.org","@graph":[{"@type":"Article","@id":"https:\/\/unaymilletras.com\/selena-gomez-y-benny-blanco-lanzan-su-primer-album-colaborativo-i-said-i-love-you-first\/#article","isPartOf":{"@id":"https:\/\/unaymilletras.com\/selena-gomez-y-benny-blanco-lanzan-su-primer-album-colaborativo-i-said-i-love-you-first\/"},"author":{"name":"Victoria Hern\u00e1ndez","@id":"http:\/\/unaymilletras.com\/#\/schema\/person\/90f1e88e4c10951a79965c8106280f0a"},"headline":"Selena Gomez y benny blanco lanzan su primer \u00e1lbum colaborativo \u00abI Said I Love You First\u00bb","datePublished":"2025-03-27T19:00:00+00:00","mainEntityOfPage":{"@id":"https:\/\/unaymilletras.com\/selena-gomez-y-benny-blanco-lanzan-su-primer-album-colaborativo-i-said-i-love-you-first\/"},"wordCount":476,"publisher":{"@id":"http:\/\/unaymilletras.com\/#organization"},"image":{"@id":"https:\/\/unaymilletras.com\/selena-gomez-y-benny-blanco-lanzan-su-primer-album-colaborativo-i-said-i-love-you-first\/#primaryimage"},"thumbnailUrl":"https:\/\/unaymilletras.com\/wp-content\/uploads\/2025\/03\/Portada-album-Selena-Gomez-e1742841225579.jpg","keywords":["benny blanco","Selena Gomez"],"articleSection":["M\u00fasica"],"inLanguage":"en-GB"},{"@type":"WebPage","@id":"https:\/\/unaymilletras.com\/selena-gomez-y-benny-blanco-lanzan-su-primer-album-colaborativo-i-said-i-love-you-first\/","url":"https:\/\/unaymilletras.com\/selena-gomez-y-benny-blanco-lanzan-su-primer-album-colaborativo-i-said-i-love-you-first\/","name":"Selena Gomez y benny blanco lanzan su primer \u00e1lbum colaborativo \"I Said I Love You First\" &#8902; Una y Mil Letras","isPartOf":{"@id":"http:\/\/unaymilletras.com\/#website"},"primaryImageOfPage":{"@id":"https:\/\/unaymilletras.com\/selena-gomez-y-benny-blanco-lanzan-su-primer-album-colaborativo-i-said-i-love-you-first\/#primaryimage"},"image":{"@id":"https:\/\/unaymilletras.com\/selena-gomez-y-benny-blanco-lanzan-su-primer-album-colaborativo-i-said-i-love-you-first\/#primaryimage"},"thumbnailUrl":"https:\/\/unaymilletras.com\/wp-content\/uploads\/2025\/03\/Portada-album-Selena-Gomez-e1742841225579.jpg","datePublished":"2025-03-27T19:00:00+00:00","breadcrumb":{"@id":"https:\/\/unaymilletras.com\/selena-gomez-y-benny-blanco-lanzan-su-primer-album-colaborativo-i-said-i-love-you-first\/#breadcrumb"},"inLanguage":"en-GB","potentialAction":[{"@type":"ReadAction","target":["https:\/\/unaymilletras.com\/selena-gomez-y-benny-blanco-lanzan-su-primer-album-colaborativo-i-said-i-love-you-first\/"]}]},{"@type":"ImageObject","inLanguage":"en-GB","@id":"https:\/\/unaymilletras.com\/selena-gomez-y-benny-blanco-lanzan-su-primer-album-colaborativo-i-said-i-love-you-first\/#primaryimage","url":"https:\/\/unaymilletras.com\/wp-content\/uploads\/2025\/03\/Portada-album-Selena-Gomez-e1742841225579.jpg","contentUrl":"https:\/\/unaymilletras.com\/wp-content\/uploads\/2025\/03\/Portada-album-Selena-Gomez-e1742841225579.jpg","width":600,"height":600,"caption":"Portada del \u00e1lbum. Cr\u00e9dito de la foto: Petra Collins"},{"@type":"BreadcrumbList","@id":"https:\/\/unaymilletras.com\/selena-gomez-y-benny-blanco-lanzan-su-primer-album-colaborativo-i-said-i-love-you-first\/#breadcrumb","itemListElement":[{"@type":"ListItem","position":1,"name":"Home","item":"http:\/\/unaymilletras.com\/"},{"@type":"ListItem","position":2,"name":"Selena Gomez y benny blanco lanzan su primer \u00e1lbum colaborativo \u00abI Said I Love You First\u00bb"}]},{"@type":"WebSite","@id":"http:\/\/unaymilletras.com\/#website","url":"http:\/\/unaymilletras.com\/","name":"Una y Mil Letras","description":"","publisher":{"@id":"http:\/\/unaymilletras.com\/#organization"},"potentialAction":[{"@type":"SearchAction","target":{"@type":"EntryPoint","urlTemplate":"http:\/\/unaymilletras.com\/?s={search_term_string}"},"query-input":{"@type":"PropertyValueSpecification","valueRequired":true,"valueName":"search_term_string"}}],"inLanguage":"en-GB"},{"@type":"Organization","@id":"http:\/\/unaymilletras.com\/#organization","name":"Una y Mil Letras","url":"http:\/\/unaymilletras.com\/","logo":{"@type":"ImageObject","inLanguage":"en-GB","@id":"http:\/\/unaymilletras.com\/#\/schema\/logo\/image\/","url":"https:\/\/unaymilletras.com\/wp-content\/uploads\/2024\/06\/cropped-Logo-removebg-preview.png","contentUrl":"https:\/\/unaymilletras.com\/wp-content\/uploads\/2024\/06\/cropped-Logo-removebg-preview.png","width":512,"height":512,"caption":"Una y Mil Letras"},"image":{"@id":"http:\/\/unaymilletras.com\/#\/schema\/logo\/image\/"},"sameAs":["https:\/\/x.com\/UnaYMilLetras","https:\/\/instagram.com\/UnaYMilLetras"]},{"@type":"Person","@id":"http:\/\/unaymilletras.com\/#\/schema\/person\/90f1e88e4c10951a79965c8106280f0a","name":"Victoria Hern\u00e1ndez","image":{"@type":"ImageObject","inLanguage":"en-GB","@id":"https:\/\/secure.gravatar.com\/avatar\/4a6a914c964cf29cc45dd00ef5c74e847f221f6a1039c94b8aa244949baeeda4?s=96&d=mm&r=g","url":"https:\/\/secure.gravatar.com\/avatar\/4a6a914c964cf29cc45dd00ef5c74e847f221f6a1039c94b8aa244949baeeda4?s=96&d=mm&r=g","contentUrl":"https:\/\/secure.gravatar.com\/avatar\/4a6a914c964cf29cc45dd00ef5c74e847f221f6a1039c94b8aa244949baeeda4?s=96&d=mm&r=g","caption":"Victoria Hern\u00e1ndez"},"url":"https:\/\/unaymilletras.com\/en\/author\/victoriahernandez\/"}]}},"_links":{"self":[{"href":"https:\/\/unaymilletras.com\/en\/wp-json\/wp\/v2\/posts\/4222","targetHints":{"allow":["GET"]}}],"collection":[{"href":"https:\/\/unaymilletras.com\/en\/wp-json\/wp\/v2\/posts"}],"about":[{"href":"https:\/\/unaymilletras.com\/en\/wp-json\/wp\/v2\/types\/post"}],"author":[{"embeddable":true,"href":"https:\/\/unaymilletras.com\/en\/wp-json\/wp\/v2\/users\/9"}],"replies":[{"embeddable":true,"href":"https:\/\/unaymilletras.com\/en\/wp-json\/wp\/v2\/comments?post=4222"}],"version-history":[{"count":13,"href":"https:\/\/unaymilletras.com\/en\/wp-json\/wp\/v2\/posts\/4222\/revisions"}],"predecessor-version":[{"id":4275,"href":"https:\/\/unaymilletras.com\/en\/wp-json\/wp\/v2\/posts\/4222\/revisions\/4275"}],"wp:featuredmedia":[{"embeddable":true,"href":"https:\/\/unaymilletras.com\/en\/wp-json\/wp\/v2\/media\/4224"}],"wp:attachment":[{"href":"https:\/\/unaymilletras.com\/en\/wp-json\/wp\/v2\/media?parent=4222"}],"wp:term":[{"taxonomy":"category","embeddable":true,"href":"https:\/\/unaymilletras.com\/en\/wp-json\/wp\/v2\/categories?post=4222"},{"taxonomy":"post_tag","embeddable":true,"href":"https:\/\/unaymilletras.com\/en\/wp-json\/wp\/v2\/tags?post=4222"}],"curies":[{"name":"wp","href":"https:\/\/api.w.org\/{rel}","templated":true}]}}