{"id":4260,"date":"2025-03-25T21:39:15","date_gmt":"2025-03-25T20:39:15","guid":{"rendered":"https:\/\/unaymilletras.com\/?p=4260"},"modified":"2025-03-25T22:19:23","modified_gmt":"2025-03-25T21:19:23","slug":"andy-cm-el-productor-detras-del-exito-de-algo-bonito","status":"publish","type":"post","link":"https:\/\/unaymilletras.com\/en\/andy-cm-el-productor-detras-del-exito-de-algo-bonito\/","title":{"rendered":"Andy CM, el productor detr\u00e1s del \u00e9xito de \u00abAlgo Bonito\u00bb"},"content":{"rendered":"<div data-elementor-type=\"wp-post\" data-elementor-id=\"4260\" class=\"elementor elementor-4260\">\n\t\t\t\t\t\t<section class=\"elementor-section elementor-top-section elementor-element elementor-element-4f26017 elementor-section-boxed elementor-section-height-default elementor-section-height-default\" data-id=\"4f26017\" data-element_type=\"section\" data-e-type=\"section\">\n\t\t\t\t\t\t<div class=\"elementor-container elementor-column-gap-default\">\n\t\t\t\t\t<div class=\"elementor-column elementor-col-100 elementor-top-column elementor-element elementor-element-af3153b\" data-id=\"af3153b\" data-element_type=\"column\" data-e-type=\"column\">\n\t\t\t<div class=\"elementor-widget-wrap elementor-element-populated\">\n\t\t\t\t\t\t<div class=\"elementor-element elementor-element-4a82517 elementor-widget elementor-widget-text-editor\" data-id=\"4a82517\" data-element_type=\"widget\" data-e-type=\"widget\" data-widget_type=\"text-editor.default\">\n\t\t\t\t<div class=\"elementor-widget-container\">\n\t\t\t\t\t\t\t\t\t<h2 style=\"text-align: center;\"><span style=\"color: #808080;\"><em>El tema de Nyno Vargas, producido por Andy CM, se convierte en banda sonora de Supervivientes y suma millones de escuchas en pocas semanas<\/em><\/span><\/h2>\t\t\t\t\t\t\t\t<\/div>\n\t\t\t\t<\/div>\n\t\t\t\t\t<\/div>\n\t\t<\/div>\n\t\t\t\t\t<\/div>\n\t\t<\/section>\n\t\t\t\t<section class=\"elementor-section elementor-top-section elementor-element elementor-element-9ec3ab0 elementor-section-boxed elementor-section-height-default elementor-section-height-default\" data-id=\"9ec3ab0\" data-element_type=\"section\" data-e-type=\"section\">\n\t\t\t\t\t\t<div class=\"elementor-container elementor-column-gap-default\">\n\t\t\t\t\t<div class=\"elementor-column elementor-col-100 elementor-top-column elementor-element elementor-element-f978b24\" data-id=\"f978b24\" data-element_type=\"column\" data-e-type=\"column\">\n\t\t\t<div class=\"elementor-widget-wrap elementor-element-populated\">\n\t\t\t\t\t\t<div class=\"elementor-element elementor-element-58f732e elementor-widget elementor-widget-text-editor\" data-id=\"58f732e\" data-element_type=\"widget\" data-e-type=\"widget\" data-widget_type=\"text-editor.default\">\n\t\t\t\t<div class=\"elementor-widget-container\">\n\t\t\t\t\t\t\t\t\t<p class=\"\" data-start=\"254\" data-end=\"886\">Si has seguido los primeros episodios de <strong data-start=\"295\" data-end=\"313\">Supervivientes<\/strong>, seguramente ya has escuchado su pegadizo estribillo: <strong data-start=\"368\" data-end=\"435\">\u00abYo le ped\u00ed a Dios algo bonito, pero contigo se le fue la mano\u00bb<\/strong>. Se trata de <strong data-start=\"449\" data-end=\"466\"><em>Algo Bonito<\/em><\/strong>, la nueva canci\u00f3n de <strong data-start=\"488\" data-end=\"503\">Nyno Vargas<\/strong>, producida y mezclada \u00edntegramente por <strong data-start=\"543\" data-end=\"554\">Andy CM<\/strong>, el productor que est\u00e1 revolucionando la m\u00fasica urbana.<\/p><p class=\"\" data-start=\"254\" data-end=\"886\">La fusi\u00f3n de ritmos latinos y urbanos creada por Andy CM ha convertido el tema en un \u00e9xito inmediato. En menos de tres semanas, ha sumado <strong data-start=\"749\" data-end=\"801\">casi tres millones de visualizaciones en YouTube<\/strong> y su presencia en el reality ha impulsado su popularidad en plataformas digitales.<\/p>\t\t\t\t\t\t\t\t<\/div>\n\t\t\t\t<\/div>\n\t\t\t\t\t<\/div>\n\t\t<\/div>\n\t\t\t\t\t<\/div>\n\t\t<\/section>\n\t\t\t\t<section class=\"elementor-section elementor-top-section elementor-element elementor-element-3c8b116 elementor-section-boxed elementor-section-height-default elementor-section-height-default\" data-id=\"3c8b116\" data-element_type=\"section\" data-e-type=\"section\">\n\t\t\t\t\t\t<div class=\"elementor-container elementor-column-gap-default\">\n\t\t\t\t\t<div class=\"elementor-column elementor-col-50 elementor-top-column elementor-element elementor-element-13daeee\" data-id=\"13daeee\" data-element_type=\"column\" data-e-type=\"column\">\n\t\t\t<div class=\"elementor-widget-wrap elementor-element-populated\">\n\t\t\t\t\t\t<div class=\"elementor-element elementor-element-e379a3e elementor-widget elementor-widget-text-editor\" data-id=\"e379a3e\" data-element_type=\"widget\" data-e-type=\"widget\" data-widget_type=\"text-editor.default\">\n\t\t\t\t<div class=\"elementor-widget-container\">\n\t\t\t\t\t\t\t\t\t<p class=\"\" data-start=\"888\" data-end=\"1283\">Esta no es la primera vez que <strong data-start=\"918\" data-end=\"943\">Nyno Vargas y Andy CM<\/strong> unen fuerzas para crear un hit. Juntos han firmado temas como <em><strong data-start=\"1006\" data-end=\"1018\">Morena<\/strong><\/em>\u00a0y <em><strong data-start=\"1021\" data-end=\"1044\">Matamos las ganas<\/strong><\/em>, que tuvieron una gran acogida entre el p\u00fablico. Ahora, con <strong data-start=\"1105\" data-end=\"1122\"><em>Algo Bonito<\/em><\/strong>, vuelven a demostrar que su alianza es sin\u00f3nimo de \u00e9xito. Y no ser\u00e1 la \u00faltima: ambos han confirmado que ya est\u00e1n trabajando en un <strong data-start=\"1253\" data-end=\"1280\">nuevo proyecto conjunto<\/strong>.<\/p><p class=\"\" data-start=\"1285\" data-end=\"1862\">El ascenso de Andy CM en la industria ha sido mete\u00f3rico. Su versatilidad y creatividad lo han convertido en un productor clave en la escena urbana, con presencia en emisoras como <strong data-start=\"1464\" data-end=\"1518\">Gozadera FM, Muy Buenas, La Patrona y Los 40 Urban<\/strong>.\u00a0<\/p><p class=\"\" data-start=\"1285\" data-end=\"1862\">Adem\u00e1s, ha compartido escenario como telonero de artistas como <strong data-start=\"1583\" data-end=\"1626\">\u00d1engo Flow, Camilo, Beele y Omar Montes<\/strong>. Entre sus \u00faltimos trabajos tambi\u00e9n destaca <strong data-start=\"1671\" data-end=\"1689\"><em>El Envidioso<\/em><\/strong>, en colaboraci\u00f3n con <strong data-start=\"1711\" data-end=\"1724\">Siskuflow<\/strong>, un tema que ha sido muy bien recibido. Este \u00e9xito se suma a una larga lista de producciones y colaboraciones con artistas de renombre.<\/p>\t\t\t\t\t\t\t\t<\/div>\n\t\t\t\t<\/div>\n\t\t\t\t\t<\/div>\n\t\t<\/div>\n\t\t\t\t<div class=\"elementor-column elementor-col-50 elementor-top-column elementor-element elementor-element-d327371\" data-id=\"d327371\" data-element_type=\"column\" data-e-type=\"column\">\n\t\t\t<div class=\"elementor-widget-wrap elementor-element-populated\">\n\t\t\t\t\t\t<div class=\"elementor-element elementor-element-148be3d elementor-widget elementor-widget-image\" data-id=\"148be3d\" data-element_type=\"widget\" data-e-type=\"widget\" data-widget_type=\"image.default\">\n\t\t\t\t<div class=\"elementor-widget-container\">\n\t\t\t\t\t\t\t\t\t\t\t\t\t\t\t<img fetchpriority=\"high\" decoding=\"async\" width=\"640\" height=\"960\" src=\"https:\/\/unaymilletras.com\/wp-content\/uploads\/2025\/03\/image-683x1024.jpg\" class=\"attachment-large size-large wp-image-4262\" alt=\"Andy CM\" srcset=\"https:\/\/unaymilletras.com\/wp-content\/uploads\/2025\/03\/image-683x1024.jpg 683w, https:\/\/unaymilletras.com\/wp-content\/uploads\/2025\/03\/image-200x300.jpg 200w, https:\/\/unaymilletras.com\/wp-content\/uploads\/2025\/03\/image-768x1152.jpg 768w, https:\/\/unaymilletras.com\/wp-content\/uploads\/2025\/03\/image-1024x1536.jpg 1024w, https:\/\/unaymilletras.com\/wp-content\/uploads\/2025\/03\/image-1365x2048.jpg 1365w, https:\/\/unaymilletras.com\/wp-content\/uploads\/2025\/03\/image-8x12.jpg 8w, https:\/\/unaymilletras.com\/wp-content\/uploads\/2025\/03\/image-scaled-e1742935340251.jpg 600w\" sizes=\"(max-width: 640px) 100vw, 640px\" \/>\t\t\t\t\t\t\t\t\t\t\t\t\t\t\t<\/div>\n\t\t\t\t<\/div>\n\t\t\t\t\t<\/div>\n\t\t<\/div>\n\t\t\t\t\t<\/div>\n\t\t<\/section>\n\t\t\t\t<section class=\"elementor-section elementor-top-section elementor-element elementor-element-a546819 elementor-section-boxed elementor-section-height-default elementor-section-height-default\" data-id=\"a546819\" data-element_type=\"section\" data-e-type=\"section\">\n\t\t\t\t\t\t<div class=\"elementor-container elementor-column-gap-default\">\n\t\t\t\t\t<div class=\"elementor-column elementor-col-100 elementor-top-column elementor-element elementor-element-b1925d1\" data-id=\"b1925d1\" data-element_type=\"column\" data-e-type=\"column\">\n\t\t\t<div class=\"elementor-widget-wrap elementor-element-populated\">\n\t\t\t\t\t\t<div class=\"elementor-element elementor-element-9328cea elementor-widget elementor-widget-text-editor\" data-id=\"9328cea\" data-element_type=\"widget\" data-e-type=\"widget\" data-widget_type=\"text-editor.default\">\n\t\t\t\t<div class=\"elementor-widget-container\">\n\t\t\t\t\t\t\t\t\t<p class=\"\" data-start=\"1864\" data-end=\"2722\">Andy CM no solo produce, sino que tambi\u00e9n es <strong data-start=\"1909\" data-end=\"1934\">cantante y compositor<\/strong>, facetas en las que trabaja desde los <strong data-start=\"1973\" data-end=\"1984\">11 a\u00f1os<\/strong>. A lo largo de su carrera ha lanzado varios sencillos en solitario, como <strong data-start=\"2058\" data-end=\"2074\"><em>Vuela Alto<\/em><\/strong> y <strong data-start=\"2077\" data-end=\"2105\"><em>Te Escrib\u00ed una Bachata<\/em><\/strong>, demostrando su versatilidad dentro del g\u00e9nero urbano. Nacido en <strong data-start=\"2171\" data-end=\"2191\">Guant\u00e1namo, Cuba<\/strong>, en 1995, Andy CM desarroll\u00f3 su talento musical desde muy joven.<\/p><p class=\"\" data-start=\"1864\" data-end=\"2722\">A los <strong data-start=\"2263\" data-end=\"2306\">17 a\u00f1os se traslad\u00f3 a Castell\u00f3n, Espa\u00f1a<\/strong>, donde trabaj\u00f3 en un bar familiar mientras persegu\u00eda su sue\u00f1o musical. Su esfuerzo dio frutos y, a los <strong data-start=\"2410\" data-end=\"2421\">19 a\u00f1os<\/strong>, fund\u00f3 su propio estudio, colaborando con figuras como <strong data-start=\"2477\" data-end=\"2570\">Omar Montes, Mayel Jim\u00e9nez, Chimbala, Bandaga, Keen Levy, JRei, Moncho Chavea y Siskuflow<\/strong>, entre otros. Su gran logro lleg\u00f3 con el \u00e9xito <strong data-start=\"2618\" data-end=\"2629\"><em>Ronea<\/em><\/strong>, junto a <strong data-start=\"2639\" data-end=\"2685\">Omar Montes, Moncho Chavea y Mayel Jim\u00e9nez<\/strong>, que le vali\u00f3 un <strong data-start=\"2703\" data-end=\"2719\">Disco de Oro<\/strong>.<\/p><p class=\"\" data-start=\"2724\" data-end=\"2955\">Con <strong data-start=\"2728\" data-end=\"2745\"><em>Algo Bonito<\/em><\/strong>, Andy CM reafirma su posici\u00f3n como uno de los productores m\u00e1s influyentes del g\u00e9nero urbano. Su talento y visi\u00f3n innovadora siguen conquistando audiencias, y su futuro en la industria promete seguir brillando.<\/p>\t\t\t\t\t\t\t\t<\/div>\n\t\t\t\t<\/div>\n\t\t\t\t\t<\/div>\n\t\t<\/div>\n\t\t\t\t\t<\/div>\n\t\t<\/section>\n\t\t\t\t<\/div>","protected":false},"excerpt":{"rendered":"<p>El tema de Nyno Vargas, producido por Andy CM, se convierte en banda sonora de Supervivientes y suma millones de escuchas en pocas semanas Si has seguido los primeros episodios de Supervivientes, seguramente ya has escuchado su pegadizo estribillo: \u00abYo le ped\u00ed a Dios algo bonito, pero contigo se le fue la mano\u00bb. Se trata [&hellip;]<\/p>\n","protected":false},"author":6,"featured_media":4262,"comment_status":"closed","ping_status":"closed","sticky":false,"template":"","format":"standard","meta":{"footnotes":""},"categories":[4],"tags":[],"class_list":["post-4260","post","type-post","status-publish","format-standard","has-post-thumbnail","hentry","category-musica"],"yoast_head":"<!-- This site is optimized with the Yoast SEO plugin v27.4 - https:\/\/yoast.com\/product\/yoast-seo-wordpress\/ -->\n<title>Andy CM, el productor detr\u00e1s del \u00e9xito de &quot;Algo Bonito&quot;<\/title>\n<meta name=\"description\" content=\"El tema de Nyno Vargas, producido por Andy CM, se convierte en banda sonora de Supervivientes y suma millones de escuchas en pocas semanas\" \/>\n<meta name=\"robots\" content=\"index, follow, max-snippet:-1, max-image-preview:large, max-video-preview:-1\" \/>\n<link rel=\"canonical\" href=\"https:\/\/unaymilletras.com\/en\/andy-cm-el-productor-detras-del-exito-de-algo-bonito\/\" \/>\n<meta property=\"og:locale\" content=\"en_GB\" \/>\n<meta property=\"og:type\" content=\"article\" \/>\n<meta property=\"og:title\" content=\"Andy CM, el productor detr\u00e1s del \u00e9xito de &quot;Algo Bonito&quot;\" \/>\n<meta property=\"og:description\" content=\"El tema de Nyno Vargas, producido por Andy CM, se convierte en banda sonora de Supervivientes y suma millones de escuchas en pocas semanas\" \/>\n<meta property=\"og:url\" content=\"https:\/\/unaymilletras.com\/en\/andy-cm-el-productor-detras-del-exito-de-algo-bonito\/\" \/>\n<meta property=\"og:site_name\" content=\"Una y Mil Letras\" \/>\n<meta property=\"article:published_time\" content=\"2025-03-25T20:39:15+00:00\" \/>\n<meta property=\"article:modified_time\" content=\"2025-03-25T21:19:23+00:00\" \/>\n<meta property=\"og:image\" content=\"http:\/\/unaymilletras.com\/wp-content\/uploads\/2025\/03\/image-scaled-e1742935340251.jpg\" \/>\n\t<meta property=\"og:image:width\" content=\"600\" \/>\n\t<meta property=\"og:image:height\" content=\"900\" \/>\n\t<meta property=\"og:image:type\" content=\"image\/jpeg\" \/>\n<meta name=\"author\" content=\"Redacci\u00f3n\" \/>\n<meta name=\"twitter:card\" content=\"summary_large_image\" \/>\n<meta name=\"twitter:creator\" content=\"@UnaYMilLetras\" \/>\n<meta name=\"twitter:site\" content=\"@UnaYMilLetras\" \/>\n<meta name=\"twitter:label1\" content=\"Written by\" \/>\n\t<meta name=\"twitter:data1\" content=\"Redacci\u00f3n\" \/>\n\t<meta name=\"twitter:label2\" content=\"Estimated reading time\" \/>\n\t<meta name=\"twitter:data2\" content=\"3 minutes\" \/>\n<script type=\"application\/ld+json\" class=\"yoast-schema-graph\">{\"@context\":\"https:\\\/\\\/schema.org\",\"@graph\":[{\"@type\":\"Article\",\"@id\":\"https:\\\/\\\/unaymilletras.com\\\/andy-cm-el-productor-detras-del-exito-de-algo-bonito\\\/#article\",\"isPartOf\":{\"@id\":\"https:\\\/\\\/unaymilletras.com\\\/andy-cm-el-productor-detras-del-exito-de-algo-bonito\\\/\"},\"author\":{\"name\":\"Redacci\u00f3n\",\"@id\":\"http:\\\/\\\/unaymilletras.com\\\/#\\\/schema\\\/person\\\/0860dc8a218329991ee2c7591f4f849d\"},\"headline\":\"Andy CM, el productor detr\u00e1s del \u00e9xito de \u00abAlgo Bonito\u00bb\",\"datePublished\":\"2025-03-25T20:39:15+00:00\",\"dateModified\":\"2025-03-25T21:19:23+00:00\",\"mainEntityOfPage\":{\"@id\":\"https:\\\/\\\/unaymilletras.com\\\/andy-cm-el-productor-detras-del-exito-de-algo-bonito\\\/\"},\"wordCount\":491,\"publisher\":{\"@id\":\"http:\\\/\\\/unaymilletras.com\\\/#organization\"},\"image\":{\"@id\":\"https:\\\/\\\/unaymilletras.com\\\/andy-cm-el-productor-detras-del-exito-de-algo-bonito\\\/#primaryimage\"},\"thumbnailUrl\":\"https:\\\/\\\/unaymilletras.com\\\/wp-content\\\/uploads\\\/2025\\\/03\\\/image-scaled-e1742935340251.jpg\",\"articleSection\":[\"M\u00fasica\"],\"inLanguage\":\"en-GB\"},{\"@type\":\"WebPage\",\"@id\":\"https:\\\/\\\/unaymilletras.com\\\/andy-cm-el-productor-detras-del-exito-de-algo-bonito\\\/\",\"url\":\"https:\\\/\\\/unaymilletras.com\\\/andy-cm-el-productor-detras-del-exito-de-algo-bonito\\\/\",\"name\":\"Andy CM, el productor detr\u00e1s del \u00e9xito de \\\"Algo Bonito\\\"\",\"isPartOf\":{\"@id\":\"http:\\\/\\\/unaymilletras.com\\\/#website\"},\"primaryImageOfPage\":{\"@id\":\"https:\\\/\\\/unaymilletras.com\\\/andy-cm-el-productor-detras-del-exito-de-algo-bonito\\\/#primaryimage\"},\"image\":{\"@id\":\"https:\\\/\\\/unaymilletras.com\\\/andy-cm-el-productor-detras-del-exito-de-algo-bonito\\\/#primaryimage\"},\"thumbnailUrl\":\"https:\\\/\\\/unaymilletras.com\\\/wp-content\\\/uploads\\\/2025\\\/03\\\/image-scaled-e1742935340251.jpg\",\"datePublished\":\"2025-03-25T20:39:15+00:00\",\"dateModified\":\"2025-03-25T21:19:23+00:00\",\"description\":\"El tema de Nyno Vargas, producido por Andy CM, se convierte en banda sonora de Supervivientes y suma millones de escuchas en pocas semanas\",\"breadcrumb\":{\"@id\":\"https:\\\/\\\/unaymilletras.com\\\/andy-cm-el-productor-detras-del-exito-de-algo-bonito\\\/#breadcrumb\"},\"inLanguage\":\"en-GB\",\"potentialAction\":[{\"@type\":\"ReadAction\",\"target\":[\"https:\\\/\\\/unaymilletras.com\\\/andy-cm-el-productor-detras-del-exito-de-algo-bonito\\\/\"]}]},{\"@type\":\"ImageObject\",\"inLanguage\":\"en-GB\",\"@id\":\"https:\\\/\\\/unaymilletras.com\\\/andy-cm-el-productor-detras-del-exito-de-algo-bonito\\\/#primaryimage\",\"url\":\"https:\\\/\\\/unaymilletras.com\\\/wp-content\\\/uploads\\\/2025\\\/03\\\/image-scaled-e1742935340251.jpg\",\"contentUrl\":\"https:\\\/\\\/unaymilletras.com\\\/wp-content\\\/uploads\\\/2025\\\/03\\\/image-scaled-e1742935340251.jpg\",\"width\":600,\"height\":900,\"caption\":\"Andy CM\"},{\"@type\":\"BreadcrumbList\",\"@id\":\"https:\\\/\\\/unaymilletras.com\\\/andy-cm-el-productor-detras-del-exito-de-algo-bonito\\\/#breadcrumb\",\"itemListElement\":[{\"@type\":\"ListItem\",\"position\":1,\"name\":\"Home\",\"item\":\"http:\\\/\\\/unaymilletras.com\\\/\"},{\"@type\":\"ListItem\",\"position\":2,\"name\":\"Andy CM, el productor detr\u00e1s del \u00e9xito de \u00abAlgo Bonito\u00bb\"}]},{\"@type\":\"WebSite\",\"@id\":\"http:\\\/\\\/unaymilletras.com\\\/#website\",\"url\":\"http:\\\/\\\/unaymilletras.com\\\/\",\"name\":\"Una y Mil Letras\",\"description\":\"\",\"publisher\":{\"@id\":\"http:\\\/\\\/unaymilletras.com\\\/#organization\"},\"potentialAction\":[{\"@type\":\"SearchAction\",\"target\":{\"@type\":\"EntryPoint\",\"urlTemplate\":\"http:\\\/\\\/unaymilletras.com\\\/?s={search_term_string}\"},\"query-input\":{\"@type\":\"PropertyValueSpecification\",\"valueRequired\":true,\"valueName\":\"search_term_string\"}}],\"inLanguage\":\"en-GB\"},{\"@type\":\"Organization\",\"@id\":\"http:\\\/\\\/unaymilletras.com\\\/#organization\",\"name\":\"Una y Mil Letras\",\"url\":\"http:\\\/\\\/unaymilletras.com\\\/\",\"logo\":{\"@type\":\"ImageObject\",\"inLanguage\":\"en-GB\",\"@id\":\"http:\\\/\\\/unaymilletras.com\\\/#\\\/schema\\\/logo\\\/image\\\/\",\"url\":\"https:\\\/\\\/unaymilletras.com\\\/wp-content\\\/uploads\\\/2024\\\/06\\\/cropped-Logo-removebg-preview.png\",\"contentUrl\":\"https:\\\/\\\/unaymilletras.com\\\/wp-content\\\/uploads\\\/2024\\\/06\\\/cropped-Logo-removebg-preview.png\",\"width\":512,\"height\":512,\"caption\":\"Una y Mil Letras\"},\"image\":{\"@id\":\"http:\\\/\\\/unaymilletras.com\\\/#\\\/schema\\\/logo\\\/image\\\/\"},\"sameAs\":[\"https:\\\/\\\/x.com\\\/UnaYMilLetras\",\"https:\\\/\\\/instagram.com\\\/UnaYMilLetras\"]},{\"@type\":\"Person\",\"@id\":\"http:\\\/\\\/unaymilletras.com\\\/#\\\/schema\\\/person\\\/0860dc8a218329991ee2c7591f4f849d\",\"name\":\"Redacci\u00f3n\",\"image\":{\"@type\":\"ImageObject\",\"inLanguage\":\"en-GB\",\"@id\":\"https:\\\/\\\/secure.gravatar.com\\\/avatar\\\/d8f55e05a8b6597e45c55a1dcbdbfe44f4a360d88b48e00de5216a79b7732796?s=96&d=mm&r=g\",\"url\":\"https:\\\/\\\/secure.gravatar.com\\\/avatar\\\/d8f55e05a8b6597e45c55a1dcbdbfe44f4a360d88b48e00de5216a79b7732796?s=96&d=mm&r=g\",\"contentUrl\":\"https:\\\/\\\/secure.gravatar.com\\\/avatar\\\/d8f55e05a8b6597e45c55a1dcbdbfe44f4a360d88b48e00de5216a79b7732796?s=96&d=mm&r=g\",\"caption\":\"Redacci\u00f3n\"},\"url\":\"https:\\\/\\\/unaymilletras.com\\\/en\\\/author\\\/redaccion\\\/\"}]}<\/script>\n<!-- \/ Yoast SEO plugin. -->","yoast_head_json":{"title":"Andy CM, el productor detr\u00e1s del \u00e9xito de \"Algo Bonito\"","description":"El tema de Nyno Vargas, producido por Andy CM, se convierte en banda sonora de Supervivientes y suma millones de escuchas en pocas semanas","robots":{"index":"index","follow":"follow","max-snippet":"max-snippet:-1","max-image-preview":"max-image-preview:large","max-video-preview":"max-video-preview:-1"},"canonical":"https:\/\/unaymilletras.com\/en\/andy-cm-el-productor-detras-del-exito-de-algo-bonito\/","og_locale":"en_GB","og_type":"article","og_title":"Andy CM, el productor detr\u00e1s del \u00e9xito de \"Algo Bonito\"","og_description":"El tema de Nyno Vargas, producido por Andy CM, se convierte en banda sonora de Supervivientes y suma millones de escuchas en pocas semanas","og_url":"https:\/\/unaymilletras.com\/en\/andy-cm-el-productor-detras-del-exito-de-algo-bonito\/","og_site_name":"Una y Mil Letras","article_published_time":"2025-03-25T20:39:15+00:00","article_modified_time":"2025-03-25T21:19:23+00:00","og_image":[{"width":600,"height":900,"url":"http:\/\/unaymilletras.com\/wp-content\/uploads\/2025\/03\/image-scaled-e1742935340251.jpg","type":"image\/jpeg"}],"author":"Redacci\u00f3n","twitter_card":"summary_large_image","twitter_creator":"@UnaYMilLetras","twitter_site":"@UnaYMilLetras","twitter_misc":{"Written by":"Redacci\u00f3n","Estimated reading time":"3 minutes"},"schema":{"@context":"https:\/\/schema.org","@graph":[{"@type":"Article","@id":"https:\/\/unaymilletras.com\/andy-cm-el-productor-detras-del-exito-de-algo-bonito\/#article","isPartOf":{"@id":"https:\/\/unaymilletras.com\/andy-cm-el-productor-detras-del-exito-de-algo-bonito\/"},"author":{"name":"Redacci\u00f3n","@id":"http:\/\/unaymilletras.com\/#\/schema\/person\/0860dc8a218329991ee2c7591f4f849d"},"headline":"Andy CM, el productor detr\u00e1s del \u00e9xito de \u00abAlgo Bonito\u00bb","datePublished":"2025-03-25T20:39:15+00:00","dateModified":"2025-03-25T21:19:23+00:00","mainEntityOfPage":{"@id":"https:\/\/unaymilletras.com\/andy-cm-el-productor-detras-del-exito-de-algo-bonito\/"},"wordCount":491,"publisher":{"@id":"http:\/\/unaymilletras.com\/#organization"},"image":{"@id":"https:\/\/unaymilletras.com\/andy-cm-el-productor-detras-del-exito-de-algo-bonito\/#primaryimage"},"thumbnailUrl":"https:\/\/unaymilletras.com\/wp-content\/uploads\/2025\/03\/image-scaled-e1742935340251.jpg","articleSection":["M\u00fasica"],"inLanguage":"en-GB"},{"@type":"WebPage","@id":"https:\/\/unaymilletras.com\/andy-cm-el-productor-detras-del-exito-de-algo-bonito\/","url":"https:\/\/unaymilletras.com\/andy-cm-el-productor-detras-del-exito-de-algo-bonito\/","name":"Andy CM, el productor detr\u00e1s del \u00e9xito de \"Algo Bonito\"","isPartOf":{"@id":"http:\/\/unaymilletras.com\/#website"},"primaryImageOfPage":{"@id":"https:\/\/unaymilletras.com\/andy-cm-el-productor-detras-del-exito-de-algo-bonito\/#primaryimage"},"image":{"@id":"https:\/\/unaymilletras.com\/andy-cm-el-productor-detras-del-exito-de-algo-bonito\/#primaryimage"},"thumbnailUrl":"https:\/\/unaymilletras.com\/wp-content\/uploads\/2025\/03\/image-scaled-e1742935340251.jpg","datePublished":"2025-03-25T20:39:15+00:00","dateModified":"2025-03-25T21:19:23+00:00","description":"El tema de Nyno Vargas, producido por Andy CM, se convierte en banda sonora de Supervivientes y suma millones de escuchas en pocas semanas","breadcrumb":{"@id":"https:\/\/unaymilletras.com\/andy-cm-el-productor-detras-del-exito-de-algo-bonito\/#breadcrumb"},"inLanguage":"en-GB","potentialAction":[{"@type":"ReadAction","target":["https:\/\/unaymilletras.com\/andy-cm-el-productor-detras-del-exito-de-algo-bonito\/"]}]},{"@type":"ImageObject","inLanguage":"en-GB","@id":"https:\/\/unaymilletras.com\/andy-cm-el-productor-detras-del-exito-de-algo-bonito\/#primaryimage","url":"https:\/\/unaymilletras.com\/wp-content\/uploads\/2025\/03\/image-scaled-e1742935340251.jpg","contentUrl":"https:\/\/unaymilletras.com\/wp-content\/uploads\/2025\/03\/image-scaled-e1742935340251.jpg","width":600,"height":900,"caption":"Andy CM"},{"@type":"BreadcrumbList","@id":"https:\/\/unaymilletras.com\/andy-cm-el-productor-detras-del-exito-de-algo-bonito\/#breadcrumb","itemListElement":[{"@type":"ListItem","position":1,"name":"Home","item":"http:\/\/unaymilletras.com\/"},{"@type":"ListItem","position":2,"name":"Andy CM, el productor detr\u00e1s del \u00e9xito de \u00abAlgo Bonito\u00bb"}]},{"@type":"WebSite","@id":"http:\/\/unaymilletras.com\/#website","url":"http:\/\/unaymilletras.com\/","name":"Una y Mil Letras","description":"","publisher":{"@id":"http:\/\/unaymilletras.com\/#organization"},"potentialAction":[{"@type":"SearchAction","target":{"@type":"EntryPoint","urlTemplate":"http:\/\/unaymilletras.com\/?s={search_term_string}"},"query-input":{"@type":"PropertyValueSpecification","valueRequired":true,"valueName":"search_term_string"}}],"inLanguage":"en-GB"},{"@type":"Organization","@id":"http:\/\/unaymilletras.com\/#organization","name":"Una y Mil Letras","url":"http:\/\/unaymilletras.com\/","logo":{"@type":"ImageObject","inLanguage":"en-GB","@id":"http:\/\/unaymilletras.com\/#\/schema\/logo\/image\/","url":"https:\/\/unaymilletras.com\/wp-content\/uploads\/2024\/06\/cropped-Logo-removebg-preview.png","contentUrl":"https:\/\/unaymilletras.com\/wp-content\/uploads\/2024\/06\/cropped-Logo-removebg-preview.png","width":512,"height":512,"caption":"Una y Mil Letras"},"image":{"@id":"http:\/\/unaymilletras.com\/#\/schema\/logo\/image\/"},"sameAs":["https:\/\/x.com\/UnaYMilLetras","https:\/\/instagram.com\/UnaYMilLetras"]},{"@type":"Person","@id":"http:\/\/unaymilletras.com\/#\/schema\/person\/0860dc8a218329991ee2c7591f4f849d","name":"Redacci\u00f3n","image":{"@type":"ImageObject","inLanguage":"en-GB","@id":"https:\/\/secure.gravatar.com\/avatar\/d8f55e05a8b6597e45c55a1dcbdbfe44f4a360d88b48e00de5216a79b7732796?s=96&d=mm&r=g","url":"https:\/\/secure.gravatar.com\/avatar\/d8f55e05a8b6597e45c55a1dcbdbfe44f4a360d88b48e00de5216a79b7732796?s=96&d=mm&r=g","contentUrl":"https:\/\/secure.gravatar.com\/avatar\/d8f55e05a8b6597e45c55a1dcbdbfe44f4a360d88b48e00de5216a79b7732796?s=96&d=mm&r=g","caption":"Redacci\u00f3n"},"url":"https:\/\/unaymilletras.com\/en\/author\/redaccion\/"}]}},"_links":{"self":[{"href":"https:\/\/unaymilletras.com\/en\/wp-json\/wp\/v2\/posts\/4260","targetHints":{"allow":["GET"]}}],"collection":[{"href":"https:\/\/unaymilletras.com\/en\/wp-json\/wp\/v2\/posts"}],"about":[{"href":"https:\/\/unaymilletras.com\/en\/wp-json\/wp\/v2\/types\/post"}],"author":[{"embeddable":true,"href":"https:\/\/unaymilletras.com\/en\/wp-json\/wp\/v2\/users\/6"}],"replies":[{"embeddable":true,"href":"https:\/\/unaymilletras.com\/en\/wp-json\/wp\/v2\/comments?post=4260"}],"version-history":[{"count":7,"href":"https:\/\/unaymilletras.com\/en\/wp-json\/wp\/v2\/posts\/4260\/revisions"}],"predecessor-version":[{"id":4268,"href":"https:\/\/unaymilletras.com\/en\/wp-json\/wp\/v2\/posts\/4260\/revisions\/4268"}],"wp:featuredmedia":[{"embeddable":true,"href":"https:\/\/unaymilletras.com\/en\/wp-json\/wp\/v2\/media\/4262"}],"wp:attachment":[{"href":"https:\/\/unaymilletras.com\/en\/wp-json\/wp\/v2\/media?parent=4260"}],"wp:term":[{"taxonomy":"category","embeddable":true,"href":"https:\/\/unaymilletras.com\/en\/wp-json\/wp\/v2\/categories?post=4260"},{"taxonomy":"post_tag","embeddable":true,"href":"https:\/\/unaymilletras.com\/en\/wp-json\/wp\/v2\/tags?post=4260"}],"curies":[{"name":"wp","href":"https:\/\/api.w.org\/{rel}","templated":true}]}}