{"id":4279,"date":"2025-03-28T16:39:32","date_gmt":"2025-03-28T15:39:32","guid":{"rendered":"https:\/\/unaymilletras.com\/?p=4279"},"modified":"2025-03-28T17:29:03","modified_gmt":"2025-03-28T16:29:03","slug":"alleh-y-yorghaki-traen-la-ciudad-a-madrid","status":"publish","type":"post","link":"https:\/\/unaymilletras.com\/en\/alleh-y-yorghaki-traen-la-ciudad-a-madrid\/","title":{"rendered":"Alleh y Yorghaki traen La Ciudad a Madrid"},"content":{"rendered":"<div data-elementor-type=\"wp-post\" data-elementor-id=\"4279\" class=\"elementor elementor-4279\">\n\t\t\t\t\t\t<section class=\"elementor-section elementor-top-section elementor-element elementor-element-207a9db elementor-section-boxed elementor-section-height-default elementor-section-height-default\" data-id=\"207a9db\" data-element_type=\"section\" data-e-type=\"section\">\n\t\t\t\t\t\t<div class=\"elementor-container elementor-column-gap-default\">\n\t\t\t\t\t<div class=\"elementor-column elementor-col-100 elementor-top-column elementor-element elementor-element-b6e0be6\" data-id=\"b6e0be6\" data-element_type=\"column\" data-e-type=\"column\">\n\t\t\t<div class=\"elementor-widget-wrap elementor-element-populated\">\n\t\t\t\t\t\t<div class=\"elementor-element elementor-element-aa72760 elementor-widget elementor-widget-text-editor\" data-id=\"aa72760\" data-element_type=\"widget\" data-e-type=\"widget\" data-widget_type=\"text-editor.default\">\n\t\t\t\t<div class=\"elementor-widget-container\">\n\t\t\t\t\t\t\t\t\t<h2 style=\"text-align: center;\"><em><span style=\"color: #808080;\">El d\u00fao venezolano Alleh y Yorghaki llen\u00f3 la sala Mon en dos noches protagonizadas por la energ\u00eda, el ritmo y la pasi\u00f3n<\/span><\/em><\/h2>\t\t\t\t\t\t\t\t<\/div>\n\t\t\t\t<\/div>\n\t\t\t\t\t<\/div>\n\t\t<\/div>\n\t\t\t\t\t<\/div>\n\t\t<\/section>\n\t\t\t\t<section class=\"elementor-section elementor-top-section elementor-element elementor-element-da28a69 elementor-section-boxed elementor-section-height-default elementor-section-height-default\" data-id=\"da28a69\" data-element_type=\"section\" data-e-type=\"section\">\n\t\t\t\t\t\t<div class=\"elementor-container elementor-column-gap-default\">\n\t\t\t\t\t<div class=\"elementor-column elementor-col-100 elementor-top-column elementor-element elementor-element-8ffc821\" data-id=\"8ffc821\" data-element_type=\"column\" data-e-type=\"column\">\n\t\t\t<div class=\"elementor-widget-wrap elementor-element-populated\">\n\t\t\t\t\t\t<div class=\"elementor-element elementor-element-f54eb40 elementor-widget elementor-widget-text-editor\" data-id=\"f54eb40\" data-element_type=\"widget\" data-e-type=\"widget\" data-widget_type=\"text-editor.default\">\n\t\t\t\t<div class=\"elementor-widget-container\">\n\t\t\t\t\t\t\t\t\t<p data-pm-slice=\"1 1 []\">Madrid se rindi\u00f3 ante <b>Alleh y Yorghaki<\/b>. La noche del 27 de marzo, la sala Mon se convirti\u00f3 en el epicentro de la fiesta gracias al d\u00fao venezolano, que llegaba a la capital espa\u00f1ola tras su exitoso paso por Barcelona. Con entradas agotadas en ambas ciudades, la expectaci\u00f3n era m\u00e1xima y los artistas no decepcionaron.<\/p>\t\t\t\t\t\t\t\t<\/div>\n\t\t\t\t<\/div>\n\t\t\t\t\t<\/div>\n\t\t<\/div>\n\t\t\t\t\t<\/div>\n\t\t<\/section>\n\t\t\t\t<section class=\"elementor-section elementor-top-section elementor-element elementor-element-9f16802 elementor-section-boxed elementor-section-height-default elementor-section-height-default\" data-id=\"9f16802\" data-element_type=\"section\" data-e-type=\"section\">\n\t\t\t\t\t\t<div class=\"elementor-container elementor-column-gap-default\">\n\t\t\t\t\t<div class=\"elementor-column elementor-col-100 elementor-top-column elementor-element elementor-element-1fd264e\" data-id=\"1fd264e\" data-element_type=\"column\" data-e-type=\"column\">\n\t\t\t<div class=\"elementor-widget-wrap elementor-element-populated\">\n\t\t\t\t\t\t<div class=\"elementor-element elementor-element-60bd226 elementor-widget elementor-widget-image\" data-id=\"60bd226\" data-element_type=\"widget\" data-e-type=\"widget\" data-widget_type=\"image.default\">\n\t\t\t\t<div class=\"elementor-widget-container\">\n\t\t\t\t\t\t\t\t\t\t\t\t<figure class=\"wp-caption\">\n\t\t\t\t\t\t\t\t\t\t<img fetchpriority=\"high\" decoding=\"async\" width=\"640\" height=\"427\" src=\"https:\/\/unaymilletras.com\/wp-content\/uploads\/2025\/03\/AllehYor-@alexandrapestana_-115-1024x683.jpg\" class=\"attachment-large size-large wp-image-4281\" alt=\"Alleh y Yorghaki\" srcset=\"https:\/\/unaymilletras.com\/wp-content\/uploads\/2025\/03\/AllehYor-@alexandrapestana_-115-1024x683.jpg 1024w, https:\/\/unaymilletras.com\/wp-content\/uploads\/2025\/03\/AllehYor-@alexandrapestana_-115-300x200.jpg 300w, https:\/\/unaymilletras.com\/wp-content\/uploads\/2025\/03\/AllehYor-@alexandrapestana_-115-768x512.jpg 768w, https:\/\/unaymilletras.com\/wp-content\/uploads\/2025\/03\/AllehYor-@alexandrapestana_-115-1536x1024.jpg 1536w, https:\/\/unaymilletras.com\/wp-content\/uploads\/2025\/03\/AllehYor-@alexandrapestana_-115-2048x1365.jpg 2048w, https:\/\/unaymilletras.com\/wp-content\/uploads\/2025\/03\/AllehYor-@alexandrapestana_-115-18x12.jpg 18w, https:\/\/unaymilletras.com\/wp-content\/uploads\/2025\/03\/AllehYor-@alexandrapestana_-115-scaled-e1743254867763.jpg 600w\" sizes=\"(max-width: 640px) 100vw, 640px\" \/>\t\t\t\t\t\t\t\t\t\t\t<figcaption class=\"widget-image-caption wp-caption-text\">Fot\u00f3grafa: Alexandra Pestana<\/figcaption>\n\t\t\t\t\t\t\t\t\t\t<\/figure>\n\t\t\t\t\t\t\t\t\t<\/div>\n\t\t\t\t<\/div>\n\t\t\t\t\t<\/div>\n\t\t<\/div>\n\t\t\t\t\t<\/div>\n\t\t<\/section>\n\t\t\t\t<section class=\"elementor-section elementor-top-section elementor-element elementor-element-2193356 elementor-section-boxed elementor-section-height-default elementor-section-height-default\" data-id=\"2193356\" data-element_type=\"section\" data-e-type=\"section\">\n\t\t\t\t\t\t<div class=\"elementor-container elementor-column-gap-default\">\n\t\t\t\t\t<div class=\"elementor-column elementor-col-100 elementor-top-column elementor-element elementor-element-01b2a53\" data-id=\"01b2a53\" data-element_type=\"column\" data-e-type=\"column\">\n\t\t\t<div class=\"elementor-widget-wrap elementor-element-populated\">\n\t\t\t\t\t\t<div class=\"elementor-element elementor-element-8b945e1 elementor-widget elementor-widget-text-editor\" data-id=\"8b945e1\" data-element_type=\"widget\" data-e-type=\"widget\" data-widget_type=\"text-editor.default\">\n\t\t\t\t<div class=\"elementor-widget-container\">\n\t\t\t\t\t\t\t\t\t<p data-pm-slice=\"1 1 []\">Desde el primer minuto, la energ\u00eda en el recinto fue palpable. Yorghaki irrumpi\u00f3 en el escenario con su caracter\u00edstico carisma, desatando los primeros gritos de euforia, seguido de Alleh y su compatriota Gus. La apertura con \u00abLa Ciudad\u00bb, tema que da nombre a su \u00e1lbum debut, marc\u00f3 el inicio de una noche vibrante en la que la conexi\u00f3n entre el p\u00fablico y los artistas fue absoluta.<\/p><p>El concierto se estructur\u00f3 en cuatro actos o \u00abcap\u00edtulos\u00bb, cada uno representando una faceta distinta del universo musical del d\u00fao. En cada secci\u00f3n, Alleh y Yorghaki guiaron al p\u00fablico por una narrativa sonora que combin\u00f3 ritmos tropicales, urbanos y un toque de nostalgia. La propuesta musical del d\u00fao ha sabido ganarse un lugar especial entre la nueva generaci\u00f3n de oyentes, que corearon cada letra con pasi\u00f3n.<\/p>\t\t\t\t\t\t\t\t<\/div>\n\t\t\t\t<\/div>\n\t\t\t\t\t<\/div>\n\t\t<\/div>\n\t\t\t\t\t<\/div>\n\t\t<\/section>\n\t\t\t\t<section class=\"elementor-section elementor-top-section elementor-element elementor-element-bc9d016 elementor-section-boxed elementor-section-height-default elementor-section-height-default\" data-id=\"bc9d016\" data-element_type=\"section\" data-e-type=\"section\">\n\t\t\t\t\t\t<div class=\"elementor-container elementor-column-gap-default\">\n\t\t\t\t\t<div class=\"elementor-column elementor-col-50 elementor-top-column elementor-element elementor-element-d57eb1c\" data-id=\"d57eb1c\" data-element_type=\"column\" data-e-type=\"column\">\n\t\t\t<div class=\"elementor-widget-wrap elementor-element-populated\">\n\t\t\t\t\t\t<div class=\"elementor-element elementor-element-4b26c22 elementor-widget elementor-widget-image\" data-id=\"4b26c22\" data-element_type=\"widget\" data-e-type=\"widget\" data-widget_type=\"image.default\">\n\t\t\t\t<div class=\"elementor-widget-container\">\n\t\t\t\t\t\t\t\t\t\t\t\t<figure class=\"wp-caption\">\n\t\t\t\t\t\t\t\t\t\t<img decoding=\"async\" width=\"640\" height=\"960\" src=\"https:\/\/unaymilletras.com\/wp-content\/uploads\/2025\/03\/AllehYor-@alexandrapestana_-4-683x1024.jpg\" class=\"attachment-large size-large wp-image-4282\" alt=\"\" srcset=\"https:\/\/unaymilletras.com\/wp-content\/uploads\/2025\/03\/AllehYor-@alexandrapestana_-4-683x1024.jpg 683w, https:\/\/unaymilletras.com\/wp-content\/uploads\/2025\/03\/AllehYor-@alexandrapestana_-4-200x300.jpg 200w, https:\/\/unaymilletras.com\/wp-content\/uploads\/2025\/03\/AllehYor-@alexandrapestana_-4-768x1152.jpg 768w, https:\/\/unaymilletras.com\/wp-content\/uploads\/2025\/03\/AllehYor-@alexandrapestana_-4-1024x1536.jpg 1024w, https:\/\/unaymilletras.com\/wp-content\/uploads\/2025\/03\/AllehYor-@alexandrapestana_-4-1365x2048.jpg 1365w, https:\/\/unaymilletras.com\/wp-content\/uploads\/2025\/03\/AllehYor-@alexandrapestana_-4-8x12.jpg 8w, https:\/\/unaymilletras.com\/wp-content\/uploads\/2025\/03\/AllehYor-@alexandrapestana_-4-scaled-e1743254857629.jpg 600w\" sizes=\"(max-width: 640px) 100vw, 640px\" \/>\t\t\t\t\t\t\t\t\t\t\t<figcaption class=\"widget-image-caption wp-caption-text\">Fot\u00f3grafa: Alexandra Pestana<\/figcaption>\n\t\t\t\t\t\t\t\t\t\t<\/figure>\n\t\t\t\t\t\t\t\t\t<\/div>\n\t\t\t\t<\/div>\n\t\t\t\t\t<\/div>\n\t\t<\/div>\n\t\t\t\t<div class=\"elementor-column elementor-col-50 elementor-top-column elementor-element elementor-element-c10fc3f\" data-id=\"c10fc3f\" data-element_type=\"column\" data-e-type=\"column\">\n\t\t\t<div class=\"elementor-widget-wrap elementor-element-populated\">\n\t\t\t\t\t\t<div class=\"elementor-element elementor-element-db214a4 elementor-widget elementor-widget-image\" data-id=\"db214a4\" data-element_type=\"widget\" data-e-type=\"widget\" data-widget_type=\"image.default\">\n\t\t\t\t<div class=\"elementor-widget-container\">\n\t\t\t\t\t\t\t\t\t\t\t\t<figure class=\"wp-caption\">\n\t\t\t\t\t\t\t\t\t\t<img decoding=\"async\" width=\"640\" height=\"960\" src=\"https:\/\/unaymilletras.com\/wp-content\/uploads\/2025\/03\/AllehYor-@alexandrapestana_-21-683x1024.jpg\" class=\"attachment-large size-large wp-image-4283\" alt=\"\" srcset=\"https:\/\/unaymilletras.com\/wp-content\/uploads\/2025\/03\/AllehYor-@alexandrapestana_-21-683x1024.jpg 683w, https:\/\/unaymilletras.com\/wp-content\/uploads\/2025\/03\/AllehYor-@alexandrapestana_-21-200x300.jpg 200w, https:\/\/unaymilletras.com\/wp-content\/uploads\/2025\/03\/AllehYor-@alexandrapestana_-21-768x1152.jpg 768w, https:\/\/unaymilletras.com\/wp-content\/uploads\/2025\/03\/AllehYor-@alexandrapestana_-21-1024x1536.jpg 1024w, https:\/\/unaymilletras.com\/wp-content\/uploads\/2025\/03\/AllehYor-@alexandrapestana_-21-1365x2048.jpg 1365w, https:\/\/unaymilletras.com\/wp-content\/uploads\/2025\/03\/AllehYor-@alexandrapestana_-21-8x12.jpg 8w, https:\/\/unaymilletras.com\/wp-content\/uploads\/2025\/03\/AllehYor-@alexandrapestana_-21-scaled-e1743254848837.jpg 600w\" sizes=\"(max-width: 640px) 100vw, 640px\" \/>\t\t\t\t\t\t\t\t\t\t\t<figcaption class=\"widget-image-caption wp-caption-text\">Fot\u00f3grafa: Alexandra Pestana<\/figcaption>\n\t\t\t\t\t\t\t\t\t\t<\/figure>\n\t\t\t\t\t\t\t\t\t<\/div>\n\t\t\t\t<\/div>\n\t\t\t\t\t<\/div>\n\t\t<\/div>\n\t\t\t\t\t<\/div>\n\t\t<\/section>\n\t\t\t\t<section class=\"elementor-section elementor-top-section elementor-element elementor-element-93ed57f elementor-section-boxed elementor-section-height-default elementor-section-height-default\" data-id=\"93ed57f\" data-element_type=\"section\" data-e-type=\"section\">\n\t\t\t\t\t\t<div class=\"elementor-container elementor-column-gap-default\">\n\t\t\t\t\t<div class=\"elementor-column elementor-col-100 elementor-top-column elementor-element elementor-element-7e3e21f\" data-id=\"7e3e21f\" data-element_type=\"column\" data-e-type=\"column\">\n\t\t\t<div class=\"elementor-widget-wrap elementor-element-populated\">\n\t\t\t\t\t\t<div class=\"elementor-element elementor-element-12237d3 elementor-widget elementor-widget-text-editor\" data-id=\"12237d3\" data-element_type=\"widget\" data-e-type=\"widget\" data-widget_type=\"text-editor.default\">\n\t\t\t\t<div class=\"elementor-widget-container\">\n\t\t\t\t\t\t\t\t\t<p data-pm-slice=\"1 1 []\">El repertorio incluy\u00f3 algunos de sus mayores \u00e9xitos, como <em>Capaz<\/em>, que ha alcanzado el primer puesto en las listas espa\u00f1olas, <em>La Radio<\/em>, <em>Deja Vu<\/em>, <em>Ultravioleta<\/em>, <em>El Ingeniero<\/em> y <em>Me Late<\/em>. Cada canci\u00f3n fue recibida con euforia, con un p\u00fablico que no dej\u00f3 de bailar y cantar en ning\u00fan momento. La fusi\u00f3n de merengue con ritmos urbanos que caracteriza su propuesta demostr\u00f3 ser una combinaci\u00f3n ganadora en vivo.<\/p><p>Uno de los momentos m\u00e1s emotivos de la noche lleg\u00f3 cuando Alleh y Yorghaki se dirigieron al p\u00fablico para agradecer el apoyo recibido desde que iniciaron su carrera. \u00abEsto es un sue\u00f1o hecho realidad. Verlos aqu\u00ed, sentir su energ\u00eda y ver c\u00f3mo nuestra m\u00fasica trasciende es algo que nunca vamos a olvidar\u00bb, dijo Alleh con visible emoci\u00f3n.<\/p>\t\t\t\t\t\t\t\t<\/div>\n\t\t\t\t<\/div>\n\t\t\t\t\t<\/div>\n\t\t<\/div>\n\t\t\t\t\t<\/div>\n\t\t<\/section>\n\t\t\t\t<section class=\"elementor-section elementor-top-section elementor-element elementor-element-b1337a5 elementor-section-boxed elementor-section-height-default elementor-section-height-default\" data-id=\"b1337a5\" data-element_type=\"section\" data-e-type=\"section\">\n\t\t\t\t\t\t<div class=\"elementor-container elementor-column-gap-default\">\n\t\t\t\t\t<div class=\"elementor-column elementor-col-100 elementor-top-column elementor-element elementor-element-aaf0ec2\" data-id=\"aaf0ec2\" data-element_type=\"column\" data-e-type=\"column\">\n\t\t\t<div class=\"elementor-widget-wrap elementor-element-populated\">\n\t\t\t\t\t\t<div class=\"elementor-element elementor-element-92fad9d elementor-widget elementor-widget-image\" data-id=\"92fad9d\" data-element_type=\"widget\" data-e-type=\"widget\" data-widget_type=\"image.default\">\n\t\t\t\t<div class=\"elementor-widget-container\">\n\t\t\t\t\t\t\t\t\t\t\t\t<figure class=\"wp-caption\">\n\t\t\t\t\t\t\t\t\t\t<img loading=\"lazy\" decoding=\"async\" width=\"640\" height=\"427\" src=\"https:\/\/unaymilletras.com\/wp-content\/uploads\/2025\/03\/AllehYor-@alexandrapestana_-84-1024x683.png\" class=\"attachment-large size-large wp-image-4284\" alt=\"\" srcset=\"https:\/\/unaymilletras.com\/wp-content\/uploads\/2025\/03\/AllehYor-@alexandrapestana_-84-1024x683.png 1024w, https:\/\/unaymilletras.com\/wp-content\/uploads\/2025\/03\/AllehYor-@alexandrapestana_-84-300x200.png 300w, https:\/\/unaymilletras.com\/wp-content\/uploads\/2025\/03\/AllehYor-@alexandrapestana_-84-768x512.png 768w, https:\/\/unaymilletras.com\/wp-content\/uploads\/2025\/03\/AllehYor-@alexandrapestana_-84-1536x1024.png 1536w, https:\/\/unaymilletras.com\/wp-content\/uploads\/2025\/03\/AllehYor-@alexandrapestana_-84-2048x1365.png 2048w, https:\/\/unaymilletras.com\/wp-content\/uploads\/2025\/03\/AllehYor-@alexandrapestana_-84-18x12.png 18w, https:\/\/unaymilletras.com\/wp-content\/uploads\/2025\/03\/AllehYor-@alexandrapestana_-84-e1743254838844.png 600w\" sizes=\"(max-width: 640px) 100vw, 640px\" \/>\t\t\t\t\t\t\t\t\t\t\t<figcaption class=\"widget-image-caption wp-caption-text\">Fot\u00f3grafa: Alexandra Pestana<\/figcaption>\n\t\t\t\t\t\t\t\t\t\t<\/figure>\n\t\t\t\t\t\t\t\t\t<\/div>\n\t\t\t\t<\/div>\n\t\t\t\t\t<\/div>\n\t\t<\/div>\n\t\t\t\t\t<\/div>\n\t\t<\/section>\n\t\t\t\t<section class=\"elementor-section elementor-top-section elementor-element elementor-element-9b6873b elementor-section-boxed elementor-section-height-default elementor-section-height-default\" data-id=\"9b6873b\" data-element_type=\"section\" data-e-type=\"section\">\n\t\t\t\t\t\t<div class=\"elementor-container elementor-column-gap-default\">\n\t\t\t\t\t<div class=\"elementor-column elementor-col-100 elementor-top-column elementor-element elementor-element-26ddc05\" data-id=\"26ddc05\" data-element_type=\"column\" data-e-type=\"column\">\n\t\t\t<div class=\"elementor-widget-wrap elementor-element-populated\">\n\t\t\t\t\t\t<div class=\"elementor-element elementor-element-eec4a81 elementor-widget elementor-widget-text-editor\" data-id=\"eec4a81\" data-element_type=\"widget\" data-e-type=\"widget\" data-widget_type=\"text-editor.default\">\n\t\t\t\t<div class=\"elementor-widget-container\">\n\t\t\t\t\t\t\t\t\t<p data-pm-slice=\"1 1 []\">La puesta en escena estuvo a la altura de la ocasi\u00f3n: un impresionante juego de luces, efectos visuales y una banda en vivo que dio mayor profundidad a sus temas. El sonido impecable y la entrega de los artistas hicieron que cada canci\u00f3n sonara como un himno coreado por la multitud.<\/p><p>La llegada de Alleh y Yorghaki a Espa\u00f1a ha sido un rotundo \u00e9xito. Con estos conciertos, han dejado claro que su m\u00fasica no solo es capaz de hacer vibrar a su p\u00fablico, sino que tambi\u00e9n tiene el potencial de marcar un antes y un despu\u00e9s en la escena latina. El merenguet\u00f3n ha encontrado en ellos a sus mejores embajadores y Madrid ya espera con ansias su regreso.<\/p>\t\t\t\t\t\t\t\t<\/div>\n\t\t\t\t<\/div>\n\t\t\t\t\t<\/div>\n\t\t<\/div>\n\t\t\t\t\t<\/div>\n\t\t<\/section>\n\t\t\t\t<\/div>","protected":false},"excerpt":{"rendered":"<p>El d\u00fao venezolano Alleh y Yorghaki llen\u00f3 la sala Mon en dos noches protagonizadas por la energ\u00eda, el ritmo y la pasi\u00f3n Madrid se rindi\u00f3 ante Alleh y Yorghaki. La noche del 27 de marzo, la sala Mon se convirti\u00f3 en el epicentro de la fiesta gracias al d\u00fao venezolano, que llegaba a la capital [&hellip;]<\/p>\n","protected":false},"author":6,"featured_media":4281,"comment_status":"closed","ping_status":"closed","sticky":false,"template":"","format":"standard","meta":{"footnotes":""},"categories":[4],"tags":[],"class_list":["post-4279","post","type-post","status-publish","format-standard","has-post-thumbnail","hentry","category-musica"],"yoast_head":"<!-- This site is optimized with the Yoast SEO plugin v27.4 - https:\/\/yoast.com\/product\/yoast-seo-wordpress\/ -->\n<title>Alleh y Yorghaki traen La Ciudad a Madrid<\/title>\n<meta name=\"description\" content=\"El d\u00fao venezolano Alleh y Yorghaki llen\u00f3 la sala Mon en dos noches inolvidables protagonizadas por la energ\u00eda, el ritmo y la pasi\u00f3n\" \/>\n<meta name=\"robots\" content=\"index, follow, max-snippet:-1, max-image-preview:large, max-video-preview:-1\" \/>\n<link rel=\"canonical\" href=\"https:\/\/unaymilletras.com\/en\/alleh-y-yorghaki-traen-la-ciudad-a-madrid\/\" \/>\n<meta property=\"og:locale\" content=\"en_GB\" \/>\n<meta property=\"og:type\" content=\"article\" \/>\n<meta property=\"og:title\" content=\"Alleh y Yorghaki traen La Ciudad a Madrid\" \/>\n<meta property=\"og:description\" content=\"El d\u00fao venezolano Alleh y Yorghaki llen\u00f3 la sala Mon en dos noches inolvidables protagonizadas por la energ\u00eda, el ritmo y la pasi\u00f3n\" \/>\n<meta property=\"og:url\" content=\"https:\/\/unaymilletras.com\/en\/alleh-y-yorghaki-traen-la-ciudad-a-madrid\/\" \/>\n<meta property=\"og:site_name\" content=\"Una y Mil Letras\" \/>\n<meta property=\"article:published_time\" content=\"2025-03-28T15:39:32+00:00\" \/>\n<meta property=\"article:modified_time\" content=\"2025-03-28T16:29:03+00:00\" \/>\n<meta property=\"og:image\" content=\"http:\/\/unaymilletras.com\/wp-content\/uploads\/2025\/03\/AllehYor-@alexandrapestana_-115-scaled.jpg\" \/>\n\t<meta property=\"og:image:width\" content=\"2560\" \/>\n\t<meta property=\"og:image:height\" content=\"1706\" \/>\n\t<meta property=\"og:image:type\" content=\"image\/jpeg\" \/>\n<meta name=\"author\" content=\"Redacci\u00f3n\" \/>\n<meta name=\"twitter:card\" content=\"summary_large_image\" \/>\n<meta name=\"twitter:creator\" content=\"@UnaYMilLetras\" \/>\n<meta name=\"twitter:site\" content=\"@UnaYMilLetras\" \/>\n<meta name=\"twitter:label1\" content=\"Written by\" \/>\n\t<meta name=\"twitter:data1\" content=\"Redacci\u00f3n\" \/>\n\t<meta name=\"twitter:label2\" content=\"Estimated reading time\" \/>\n\t<meta name=\"twitter:data2\" content=\"3 minutes\" \/>\n<script type=\"application\/ld+json\" class=\"yoast-schema-graph\">{\"@context\":\"https:\\\/\\\/schema.org\",\"@graph\":[{\"@type\":\"Article\",\"@id\":\"https:\\\/\\\/unaymilletras.com\\\/alleh-y-yorghaki-traen-la-ciudad-a-madrid\\\/#article\",\"isPartOf\":{\"@id\":\"https:\\\/\\\/unaymilletras.com\\\/alleh-y-yorghaki-traen-la-ciudad-a-madrid\\\/\"},\"author\":{\"name\":\"Redacci\u00f3n\",\"@id\":\"http:\\\/\\\/unaymilletras.com\\\/#\\\/schema\\\/person\\\/0860dc8a218329991ee2c7591f4f849d\"},\"headline\":\"Alleh y Yorghaki traen La Ciudad a Madrid\",\"datePublished\":\"2025-03-28T15:39:32+00:00\",\"dateModified\":\"2025-03-28T16:29:03+00:00\",\"mainEntityOfPage\":{\"@id\":\"https:\\\/\\\/unaymilletras.com\\\/alleh-y-yorghaki-traen-la-ciudad-a-madrid\\\/\"},\"wordCount\":513,\"publisher\":{\"@id\":\"http:\\\/\\\/unaymilletras.com\\\/#organization\"},\"image\":{\"@id\":\"https:\\\/\\\/unaymilletras.com\\\/alleh-y-yorghaki-traen-la-ciudad-a-madrid\\\/#primaryimage\"},\"thumbnailUrl\":\"https:\\\/\\\/unaymilletras.com\\\/wp-content\\\/uploads\\\/2025\\\/03\\\/AllehYor-@alexandrapestana_-115-scaled-e1743254867763.jpg\",\"articleSection\":[\"M\u00fasica\"],\"inLanguage\":\"en-GB\"},{\"@type\":\"WebPage\",\"@id\":\"https:\\\/\\\/unaymilletras.com\\\/alleh-y-yorghaki-traen-la-ciudad-a-madrid\\\/\",\"url\":\"https:\\\/\\\/unaymilletras.com\\\/alleh-y-yorghaki-traen-la-ciudad-a-madrid\\\/\",\"name\":\"Alleh y Yorghaki traen La Ciudad a Madrid\",\"isPartOf\":{\"@id\":\"http:\\\/\\\/unaymilletras.com\\\/#website\"},\"primaryImageOfPage\":{\"@id\":\"https:\\\/\\\/unaymilletras.com\\\/alleh-y-yorghaki-traen-la-ciudad-a-madrid\\\/#primaryimage\"},\"image\":{\"@id\":\"https:\\\/\\\/unaymilletras.com\\\/alleh-y-yorghaki-traen-la-ciudad-a-madrid\\\/#primaryimage\"},\"thumbnailUrl\":\"https:\\\/\\\/unaymilletras.com\\\/wp-content\\\/uploads\\\/2025\\\/03\\\/AllehYor-@alexandrapestana_-115-scaled-e1743254867763.jpg\",\"datePublished\":\"2025-03-28T15:39:32+00:00\",\"dateModified\":\"2025-03-28T16:29:03+00:00\",\"description\":\"El d\u00fao venezolano Alleh y Yorghaki llen\u00f3 la sala Mon en dos noches inolvidables protagonizadas por la energ\u00eda, el ritmo y la pasi\u00f3n\",\"breadcrumb\":{\"@id\":\"https:\\\/\\\/unaymilletras.com\\\/alleh-y-yorghaki-traen-la-ciudad-a-madrid\\\/#breadcrumb\"},\"inLanguage\":\"en-GB\",\"potentialAction\":[{\"@type\":\"ReadAction\",\"target\":[\"https:\\\/\\\/unaymilletras.com\\\/alleh-y-yorghaki-traen-la-ciudad-a-madrid\\\/\"]}]},{\"@type\":\"ImageObject\",\"inLanguage\":\"en-GB\",\"@id\":\"https:\\\/\\\/unaymilletras.com\\\/alleh-y-yorghaki-traen-la-ciudad-a-madrid\\\/#primaryimage\",\"url\":\"https:\\\/\\\/unaymilletras.com\\\/wp-content\\\/uploads\\\/2025\\\/03\\\/AllehYor-@alexandrapestana_-115-scaled-e1743254867763.jpg\",\"contentUrl\":\"https:\\\/\\\/unaymilletras.com\\\/wp-content\\\/uploads\\\/2025\\\/03\\\/AllehYor-@alexandrapestana_-115-scaled-e1743254867763.jpg\",\"width\":600,\"height\":400,\"caption\":\"Fot\u00f3grafa: Alexandra Pestana\"},{\"@type\":\"BreadcrumbList\",\"@id\":\"https:\\\/\\\/unaymilletras.com\\\/alleh-y-yorghaki-traen-la-ciudad-a-madrid\\\/#breadcrumb\",\"itemListElement\":[{\"@type\":\"ListItem\",\"position\":1,\"name\":\"Home\",\"item\":\"http:\\\/\\\/unaymilletras.com\\\/\"},{\"@type\":\"ListItem\",\"position\":2,\"name\":\"Alleh y Yorghaki traen La Ciudad a Madrid\"}]},{\"@type\":\"WebSite\",\"@id\":\"http:\\\/\\\/unaymilletras.com\\\/#website\",\"url\":\"http:\\\/\\\/unaymilletras.com\\\/\",\"name\":\"Una y Mil Letras\",\"description\":\"\",\"publisher\":{\"@id\":\"http:\\\/\\\/unaymilletras.com\\\/#organization\"},\"potentialAction\":[{\"@type\":\"SearchAction\",\"target\":{\"@type\":\"EntryPoint\",\"urlTemplate\":\"http:\\\/\\\/unaymilletras.com\\\/?s={search_term_string}\"},\"query-input\":{\"@type\":\"PropertyValueSpecification\",\"valueRequired\":true,\"valueName\":\"search_term_string\"}}],\"inLanguage\":\"en-GB\"},{\"@type\":\"Organization\",\"@id\":\"http:\\\/\\\/unaymilletras.com\\\/#organization\",\"name\":\"Una y Mil Letras\",\"url\":\"http:\\\/\\\/unaymilletras.com\\\/\",\"logo\":{\"@type\":\"ImageObject\",\"inLanguage\":\"en-GB\",\"@id\":\"http:\\\/\\\/unaymilletras.com\\\/#\\\/schema\\\/logo\\\/image\\\/\",\"url\":\"https:\\\/\\\/unaymilletras.com\\\/wp-content\\\/uploads\\\/2024\\\/06\\\/cropped-Logo-removebg-preview.png\",\"contentUrl\":\"https:\\\/\\\/unaymilletras.com\\\/wp-content\\\/uploads\\\/2024\\\/06\\\/cropped-Logo-removebg-preview.png\",\"width\":512,\"height\":512,\"caption\":\"Una y Mil Letras\"},\"image\":{\"@id\":\"http:\\\/\\\/unaymilletras.com\\\/#\\\/schema\\\/logo\\\/image\\\/\"},\"sameAs\":[\"https:\\\/\\\/x.com\\\/UnaYMilLetras\",\"https:\\\/\\\/instagram.com\\\/UnaYMilLetras\"]},{\"@type\":\"Person\",\"@id\":\"http:\\\/\\\/unaymilletras.com\\\/#\\\/schema\\\/person\\\/0860dc8a218329991ee2c7591f4f849d\",\"name\":\"Redacci\u00f3n\",\"image\":{\"@type\":\"ImageObject\",\"inLanguage\":\"en-GB\",\"@id\":\"https:\\\/\\\/secure.gravatar.com\\\/avatar\\\/d8f55e05a8b6597e45c55a1dcbdbfe44f4a360d88b48e00de5216a79b7732796?s=96&d=mm&r=g\",\"url\":\"https:\\\/\\\/secure.gravatar.com\\\/avatar\\\/d8f55e05a8b6597e45c55a1dcbdbfe44f4a360d88b48e00de5216a79b7732796?s=96&d=mm&r=g\",\"contentUrl\":\"https:\\\/\\\/secure.gravatar.com\\\/avatar\\\/d8f55e05a8b6597e45c55a1dcbdbfe44f4a360d88b48e00de5216a79b7732796?s=96&d=mm&r=g\",\"caption\":\"Redacci\u00f3n\"},\"url\":\"https:\\\/\\\/unaymilletras.com\\\/en\\\/author\\\/redaccion\\\/\"}]}<\/script>\n<!-- \/ Yoast SEO plugin. -->","yoast_head_json":{"title":"Alleh y Yorghaki traen La Ciudad a Madrid","description":"El d\u00fao venezolano Alleh y Yorghaki llen\u00f3 la sala Mon en dos noches inolvidables protagonizadas por la energ\u00eda, el ritmo y la pasi\u00f3n","robots":{"index":"index","follow":"follow","max-snippet":"max-snippet:-1","max-image-preview":"max-image-preview:large","max-video-preview":"max-video-preview:-1"},"canonical":"https:\/\/unaymilletras.com\/en\/alleh-y-yorghaki-traen-la-ciudad-a-madrid\/","og_locale":"en_GB","og_type":"article","og_title":"Alleh y Yorghaki traen La Ciudad a Madrid","og_description":"El d\u00fao venezolano Alleh y Yorghaki llen\u00f3 la sala Mon en dos noches inolvidables protagonizadas por la energ\u00eda, el ritmo y la pasi\u00f3n","og_url":"https:\/\/unaymilletras.com\/en\/alleh-y-yorghaki-traen-la-ciudad-a-madrid\/","og_site_name":"Una y Mil Letras","article_published_time":"2025-03-28T15:39:32+00:00","article_modified_time":"2025-03-28T16:29:03+00:00","og_image":[{"width":2560,"height":1706,"url":"http:\/\/unaymilletras.com\/wp-content\/uploads\/2025\/03\/AllehYor-@alexandrapestana_-115-scaled.jpg","type":"image\/jpeg"}],"author":"Redacci\u00f3n","twitter_card":"summary_large_image","twitter_creator":"@UnaYMilLetras","twitter_site":"@UnaYMilLetras","twitter_misc":{"Written by":"Redacci\u00f3n","Estimated reading time":"3 minutes"},"schema":{"@context":"https:\/\/schema.org","@graph":[{"@type":"Article","@id":"https:\/\/unaymilletras.com\/alleh-y-yorghaki-traen-la-ciudad-a-madrid\/#article","isPartOf":{"@id":"https:\/\/unaymilletras.com\/alleh-y-yorghaki-traen-la-ciudad-a-madrid\/"},"author":{"name":"Redacci\u00f3n","@id":"http:\/\/unaymilletras.com\/#\/schema\/person\/0860dc8a218329991ee2c7591f4f849d"},"headline":"Alleh y Yorghaki traen La Ciudad a Madrid","datePublished":"2025-03-28T15:39:32+00:00","dateModified":"2025-03-28T16:29:03+00:00","mainEntityOfPage":{"@id":"https:\/\/unaymilletras.com\/alleh-y-yorghaki-traen-la-ciudad-a-madrid\/"},"wordCount":513,"publisher":{"@id":"http:\/\/unaymilletras.com\/#organization"},"image":{"@id":"https:\/\/unaymilletras.com\/alleh-y-yorghaki-traen-la-ciudad-a-madrid\/#primaryimage"},"thumbnailUrl":"https:\/\/unaymilletras.com\/wp-content\/uploads\/2025\/03\/AllehYor-@alexandrapestana_-115-scaled-e1743254867763.jpg","articleSection":["M\u00fasica"],"inLanguage":"en-GB"},{"@type":"WebPage","@id":"https:\/\/unaymilletras.com\/alleh-y-yorghaki-traen-la-ciudad-a-madrid\/","url":"https:\/\/unaymilletras.com\/alleh-y-yorghaki-traen-la-ciudad-a-madrid\/","name":"Alleh y Yorghaki traen La Ciudad a Madrid","isPartOf":{"@id":"http:\/\/unaymilletras.com\/#website"},"primaryImageOfPage":{"@id":"https:\/\/unaymilletras.com\/alleh-y-yorghaki-traen-la-ciudad-a-madrid\/#primaryimage"},"image":{"@id":"https:\/\/unaymilletras.com\/alleh-y-yorghaki-traen-la-ciudad-a-madrid\/#primaryimage"},"thumbnailUrl":"https:\/\/unaymilletras.com\/wp-content\/uploads\/2025\/03\/AllehYor-@alexandrapestana_-115-scaled-e1743254867763.jpg","datePublished":"2025-03-28T15:39:32+00:00","dateModified":"2025-03-28T16:29:03+00:00","description":"El d\u00fao venezolano Alleh y Yorghaki llen\u00f3 la sala Mon en dos noches inolvidables protagonizadas por la energ\u00eda, el ritmo y la pasi\u00f3n","breadcrumb":{"@id":"https:\/\/unaymilletras.com\/alleh-y-yorghaki-traen-la-ciudad-a-madrid\/#breadcrumb"},"inLanguage":"en-GB","potentialAction":[{"@type":"ReadAction","target":["https:\/\/unaymilletras.com\/alleh-y-yorghaki-traen-la-ciudad-a-madrid\/"]}]},{"@type":"ImageObject","inLanguage":"en-GB","@id":"https:\/\/unaymilletras.com\/alleh-y-yorghaki-traen-la-ciudad-a-madrid\/#primaryimage","url":"https:\/\/unaymilletras.com\/wp-content\/uploads\/2025\/03\/AllehYor-@alexandrapestana_-115-scaled-e1743254867763.jpg","contentUrl":"https:\/\/unaymilletras.com\/wp-content\/uploads\/2025\/03\/AllehYor-@alexandrapestana_-115-scaled-e1743254867763.jpg","width":600,"height":400,"caption":"Fot\u00f3grafa: Alexandra Pestana"},{"@type":"BreadcrumbList","@id":"https:\/\/unaymilletras.com\/alleh-y-yorghaki-traen-la-ciudad-a-madrid\/#breadcrumb","itemListElement":[{"@type":"ListItem","position":1,"name":"Home","item":"http:\/\/unaymilletras.com\/"},{"@type":"ListItem","position":2,"name":"Alleh y Yorghaki traen La Ciudad a Madrid"}]},{"@type":"WebSite","@id":"http:\/\/unaymilletras.com\/#website","url":"http:\/\/unaymilletras.com\/","name":"Una y Mil Letras","description":"","publisher":{"@id":"http:\/\/unaymilletras.com\/#organization"},"potentialAction":[{"@type":"SearchAction","target":{"@type":"EntryPoint","urlTemplate":"http:\/\/unaymilletras.com\/?s={search_term_string}"},"query-input":{"@type":"PropertyValueSpecification","valueRequired":true,"valueName":"search_term_string"}}],"inLanguage":"en-GB"},{"@type":"Organization","@id":"http:\/\/unaymilletras.com\/#organization","name":"Una y Mil Letras","url":"http:\/\/unaymilletras.com\/","logo":{"@type":"ImageObject","inLanguage":"en-GB","@id":"http:\/\/unaymilletras.com\/#\/schema\/logo\/image\/","url":"https:\/\/unaymilletras.com\/wp-content\/uploads\/2024\/06\/cropped-Logo-removebg-preview.png","contentUrl":"https:\/\/unaymilletras.com\/wp-content\/uploads\/2024\/06\/cropped-Logo-removebg-preview.png","width":512,"height":512,"caption":"Una y Mil Letras"},"image":{"@id":"http:\/\/unaymilletras.com\/#\/schema\/logo\/image\/"},"sameAs":["https:\/\/x.com\/UnaYMilLetras","https:\/\/instagram.com\/UnaYMilLetras"]},{"@type":"Person","@id":"http:\/\/unaymilletras.com\/#\/schema\/person\/0860dc8a218329991ee2c7591f4f849d","name":"Redacci\u00f3n","image":{"@type":"ImageObject","inLanguage":"en-GB","@id":"https:\/\/secure.gravatar.com\/avatar\/d8f55e05a8b6597e45c55a1dcbdbfe44f4a360d88b48e00de5216a79b7732796?s=96&d=mm&r=g","url":"https:\/\/secure.gravatar.com\/avatar\/d8f55e05a8b6597e45c55a1dcbdbfe44f4a360d88b48e00de5216a79b7732796?s=96&d=mm&r=g","contentUrl":"https:\/\/secure.gravatar.com\/avatar\/d8f55e05a8b6597e45c55a1dcbdbfe44f4a360d88b48e00de5216a79b7732796?s=96&d=mm&r=g","caption":"Redacci\u00f3n"},"url":"https:\/\/unaymilletras.com\/en\/author\/redaccion\/"}]}},"_links":{"self":[{"href":"https:\/\/unaymilletras.com\/en\/wp-json\/wp\/v2\/posts\/4279","targetHints":{"allow":["GET"]}}],"collection":[{"href":"https:\/\/unaymilletras.com\/en\/wp-json\/wp\/v2\/posts"}],"about":[{"href":"https:\/\/unaymilletras.com\/en\/wp-json\/wp\/v2\/types\/post"}],"author":[{"embeddable":true,"href":"https:\/\/unaymilletras.com\/en\/wp-json\/wp\/v2\/users\/6"}],"replies":[{"embeddable":true,"href":"https:\/\/unaymilletras.com\/en\/wp-json\/wp\/v2\/comments?post=4279"}],"version-history":[{"count":10,"href":"https:\/\/unaymilletras.com\/en\/wp-json\/wp\/v2\/posts\/4279\/revisions"}],"predecessor-version":[{"id":4294,"href":"https:\/\/unaymilletras.com\/en\/wp-json\/wp\/v2\/posts\/4279\/revisions\/4294"}],"wp:featuredmedia":[{"embeddable":true,"href":"https:\/\/unaymilletras.com\/en\/wp-json\/wp\/v2\/media\/4281"}],"wp:attachment":[{"href":"https:\/\/unaymilletras.com\/en\/wp-json\/wp\/v2\/media?parent=4279"}],"wp:term":[{"taxonomy":"category","embeddable":true,"href":"https:\/\/unaymilletras.com\/en\/wp-json\/wp\/v2\/categories?post=4279"},{"taxonomy":"post_tag","embeddable":true,"href":"https:\/\/unaymilletras.com\/en\/wp-json\/wp\/v2\/tags?post=4279"}],"curies":[{"name":"wp","href":"https:\/\/api.w.org\/{rel}","templated":true}]}}