{"id":428,"date":"2023-04-02T21:02:52","date_gmt":"2023-04-02T21:02:52","guid":{"rendered":"https:\/\/unaymilletras.wordpress.com\/?p=428"},"modified":"2023-05-06T14:06:57","modified_gmt":"2023-05-06T14:06:57","slug":"3am-dara-su-primer-show-en-espana-el-13-de-mayo","status":"publish","type":"post","link":"https:\/\/unaymilletras.com\/en\/3am-dara-su-primer-show-en-espana-el-13-de-mayo\/","title":{"rendered":"3AM dar\u00e1 su primer show en Espa\u00f1a el 13 de mayo"},"content":{"rendered":"<p class=\"has-text-align-center has-large-font-size\"><em>El teatro MAGNO de Madrid acoger\u00e1 el pr\u00f3ximo 13 de mayo el primer concierto de 3AM en Espa\u00f1a <\/em><\/p>\n\n\n\n<p class=\"has-text-align-justify has-small-font-size\">El 13 de mayo <strong><a href=\"https:\/\/open.spotify.com\/artist\/1LU7BxbUvvuA4eNDdEO22D?si=G2Alm_NPSOybumGsoNg4Rw\">3AM<\/a><\/strong> actuar\u00e1n en el <strong><a href=\"https:\/\/teatromagno.com\/\">Teatro MAGNO<\/a><\/strong> de <strong>Madrid<\/strong>. Se trata de su primer concierto en Espa\u00f1a y ya est\u00e1n a la <a href=\"https:\/\/www.fourvenues.com\/en\/tomas-herrero-laporte\/events\/3am---teatro-magno-13-05-2023-F5CT\">venta<\/a> las entradas para el concierto. Hay 100 entradas disponibles de preventa que tendr\u00e1n un descuento con respecto a las generales. Asimismo, existen unas entradas VIP que dan acceso al <em>afterparty<\/em> oficial con la compa\u00f1\u00eda de los artistas. Hay 50 entradas que tienen descuento. <\/p>\n\n\n\n<p class=\"has-text-align-justify has-small-font-size\">El show comenzar\u00e1 a las 20:00 y finalizar\u00e1 a las 7:30. El concierto es apto para p\u00fablicos de todas las edades, pero al <em>afterparty<\/em> tan solo podr\u00e1n entrar aquellos que sean mayores de 18 a\u00f1os. <\/p>\n\n\n\n<p class=\"has-text-align-justify has-small-font-size\">Hace unos d\u00edas el d\u00fao venezolano anunciaba que dar\u00edan un concierto en Espa\u00f1a en poco tiempo, antes de que finalizase su estancia en el pa\u00eds. El pasado viernes Rych, uno de sus integrantes, anunci\u00f3 a trav\u00e9s de sus historias de <a href=\"https:\/\/www.instagram.com\/rych3am\/\">Instagram<\/a> que el 13 de mayo tendr\u00eda lugar su primer show en Espa\u00f1a despu\u00e9s de haber venido hace meses. Dos d\u00edas m\u00e1s tarde lo anunciaban de forma oficial poniendo a la venta las entradas.<\/p>\n\n\n\n<p class=\"has-text-align-justify has-small-font-size\">Con m\u00e1s de 4 millones y medio de oyentes mensuales en Spotify el d\u00fao viene dispuesto a conquistar Espa\u00f1a. Desde que llegaron al pa\u00eds no han parado de compartir historias en las que se les ve en el estudio trabajando junto a otros artistas y productores. Lo que es seguro es que est\u00e1n trabajando en nuevos proyectos y cumpliendo sus sue\u00f1os a lo grande. <\/p>","protected":false},"excerpt":{"rendered":"<p>El teatro MAGNO de Madrid acoger\u00e1 el pr\u00f3ximo 13 de mayo el primer concierto de 3AM en Espa\u00f1a El 13 de mayo 3AM actuar\u00e1n en el Teatro MAGNO de Madrid. Se trata de su primer concierto en Espa\u00f1a y ya est\u00e1n a la venta las entradas para el concierto. Hay 100 entradas disponibles de preventa [&hellip;]<\/p>\n","protected":false},"author":1,"featured_media":433,"comment_status":"open","ping_status":"open","sticky":false,"template":"","format":"standard","meta":{"footnotes":""},"categories":[4],"tags":[],"class_list":["post-428","post","type-post","status-publish","format-standard","has-post-thumbnail","hentry","category-musica"],"yoast_head":"<!-- This site is optimized with the Yoast SEO plugin v27.4 - https:\/\/yoast.com\/product\/yoast-seo-wordpress\/ -->\n<title>3AM dar\u00e1 su primer show en Espa\u00f1a el 13 de mayo &#8902; Una y Mil Letras<\/title>\n<meta name=\"robots\" content=\"index, follow, max-snippet:-1, max-image-preview:large, max-video-preview:-1\" \/>\n<link rel=\"canonical\" href=\"https:\/\/unaymilletras.com\/en\/3am-dara-su-primer-show-en-espana-el-13-de-mayo\/\" \/>\n<meta property=\"og:locale\" content=\"en_GB\" \/>\n<meta property=\"og:type\" content=\"article\" \/>\n<meta property=\"og:title\" content=\"3AM dar\u00e1 su primer show en Espa\u00f1a el 13 de mayo &#8902; Una y Mil Letras\" \/>\n<meta property=\"og:description\" content=\"El teatro MAGNO de Madrid acoger\u00e1 el pr\u00f3ximo 13 de mayo el primer concierto de 3AM en Espa\u00f1a El 13 de mayo 3AM actuar\u00e1n en el Teatro MAGNO de Madrid. Se trata de su primer concierto en Espa\u00f1a y ya est\u00e1n a la venta las entradas para el concierto. Hay 100 entradas disponibles de preventa [&hellip;]\" \/>\n<meta property=\"og:url\" content=\"https:\/\/unaymilletras.com\/en\/3am-dara-su-primer-show-en-espana-el-13-de-mayo\/\" \/>\n<meta property=\"og:site_name\" content=\"Una y Mil Letras\" \/>\n<meta property=\"article:published_time\" content=\"2023-04-02T21:02:52+00:00\" \/>\n<meta property=\"article:modified_time\" content=\"2023-05-06T14:06:57+00:00\" \/>\n<meta property=\"og:image\" content=\"https:\/\/unaymilletras.com\/wp-content\/uploads\/2023\/04\/captura-de-pantalla-2023-04-02-a-las-20.54.10.png\" \/>\n\t<meta property=\"og:image:width\" content=\"588\" \/>\n\t<meta property=\"og:image:height\" content=\"737\" \/>\n\t<meta property=\"og:image:type\" content=\"image\/png\" \/>\n<meta name=\"author\" content=\"Maria Gil Robledo\" \/>\n<meta name=\"twitter:card\" content=\"summary_large_image\" \/>\n<meta name=\"twitter:creator\" content=\"@UnaYMilLetras\" \/>\n<meta name=\"twitter:site\" content=\"@UnaYMilLetras\" \/>\n<meta name=\"twitter:label1\" content=\"Written by\" \/>\n\t<meta name=\"twitter:data1\" content=\"Maria Gil Robledo\" \/>\n\t<meta name=\"twitter:label2\" content=\"Estimated reading time\" \/>\n\t<meta name=\"twitter:data2\" content=\"1 minute\" \/>\n<script type=\"application\/ld+json\" class=\"yoast-schema-graph\">{\"@context\":\"https:\\\/\\\/schema.org\",\"@graph\":[{\"@type\":\"Article\",\"@id\":\"https:\\\/\\\/unaymilletras.com\\\/3am-dara-su-primer-show-en-espana-el-13-de-mayo\\\/#article\",\"isPartOf\":{\"@id\":\"https:\\\/\\\/unaymilletras.com\\\/3am-dara-su-primer-show-en-espana-el-13-de-mayo\\\/\"},\"author\":{\"name\":\"Maria Gil Robledo\",\"@id\":\"http:\\\/\\\/unaymilletras.com\\\/#\\\/schema\\\/person\\\/d55ba681b8a4e463d8982dbe36a5dc94\"},\"headline\":\"3AM dar\u00e1 su primer show en Espa\u00f1a el 13 de mayo\",\"datePublished\":\"2023-04-02T21:02:52+00:00\",\"dateModified\":\"2023-05-06T14:06:57+00:00\",\"mainEntityOfPage\":{\"@id\":\"https:\\\/\\\/unaymilletras.com\\\/3am-dara-su-primer-show-en-espana-el-13-de-mayo\\\/\"},\"wordCount\":289,\"commentCount\":0,\"publisher\":{\"@id\":\"http:\\\/\\\/unaymilletras.com\\\/#organization\"},\"image\":{\"@id\":\"https:\\\/\\\/unaymilletras.com\\\/3am-dara-su-primer-show-en-espana-el-13-de-mayo\\\/#primaryimage\"},\"thumbnailUrl\":\"https:\\\/\\\/unaymilletras.com\\\/wp-content\\\/uploads\\\/2023\\\/04\\\/captura-de-pantalla-2023-04-02-a-las-20.54.10.png\",\"articleSection\":[\"M\u00fasica\"],\"inLanguage\":\"en-GB\",\"potentialAction\":[{\"@type\":\"CommentAction\",\"name\":\"Comment\",\"target\":[\"https:\\\/\\\/unaymilletras.com\\\/3am-dara-su-primer-show-en-espana-el-13-de-mayo\\\/#respond\"]}]},{\"@type\":\"WebPage\",\"@id\":\"https:\\\/\\\/unaymilletras.com\\\/3am-dara-su-primer-show-en-espana-el-13-de-mayo\\\/\",\"url\":\"https:\\\/\\\/unaymilletras.com\\\/3am-dara-su-primer-show-en-espana-el-13-de-mayo\\\/\",\"name\":\"3AM dar\u00e1 su primer show en Espa\u00f1a el 13 de mayo &#8902; Una y Mil Letras\",\"isPartOf\":{\"@id\":\"http:\\\/\\\/unaymilletras.com\\\/#website\"},\"primaryImageOfPage\":{\"@id\":\"https:\\\/\\\/unaymilletras.com\\\/3am-dara-su-primer-show-en-espana-el-13-de-mayo\\\/#primaryimage\"},\"image\":{\"@id\":\"https:\\\/\\\/unaymilletras.com\\\/3am-dara-su-primer-show-en-espana-el-13-de-mayo\\\/#primaryimage\"},\"thumbnailUrl\":\"https:\\\/\\\/unaymilletras.com\\\/wp-content\\\/uploads\\\/2023\\\/04\\\/captura-de-pantalla-2023-04-02-a-las-20.54.10.png\",\"datePublished\":\"2023-04-02T21:02:52+00:00\",\"dateModified\":\"2023-05-06T14:06:57+00:00\",\"breadcrumb\":{\"@id\":\"https:\\\/\\\/unaymilletras.com\\\/3am-dara-su-primer-show-en-espana-el-13-de-mayo\\\/#breadcrumb\"},\"inLanguage\":\"en-GB\",\"potentialAction\":[{\"@type\":\"ReadAction\",\"target\":[\"https:\\\/\\\/unaymilletras.com\\\/3am-dara-su-primer-show-en-espana-el-13-de-mayo\\\/\"]}]},{\"@type\":\"ImageObject\",\"inLanguage\":\"en-GB\",\"@id\":\"https:\\\/\\\/unaymilletras.com\\\/3am-dara-su-primer-show-en-espana-el-13-de-mayo\\\/#primaryimage\",\"url\":\"https:\\\/\\\/unaymilletras.com\\\/wp-content\\\/uploads\\\/2023\\\/04\\\/captura-de-pantalla-2023-04-02-a-las-20.54.10.png\",\"contentUrl\":\"https:\\\/\\\/unaymilletras.com\\\/wp-content\\\/uploads\\\/2023\\\/04\\\/captura-de-pantalla-2023-04-02-a-las-20.54.10.png\",\"width\":588,\"height\":737},{\"@type\":\"BreadcrumbList\",\"@id\":\"https:\\\/\\\/unaymilletras.com\\\/3am-dara-su-primer-show-en-espana-el-13-de-mayo\\\/#breadcrumb\",\"itemListElement\":[{\"@type\":\"ListItem\",\"position\":1,\"name\":\"Home\",\"item\":\"http:\\\/\\\/unaymilletras.com\\\/\"},{\"@type\":\"ListItem\",\"position\":2,\"name\":\"3AM dar\u00e1 su primer show en Espa\u00f1a el 13 de mayo\"}]},{\"@type\":\"WebSite\",\"@id\":\"http:\\\/\\\/unaymilletras.com\\\/#website\",\"url\":\"http:\\\/\\\/unaymilletras.com\\\/\",\"name\":\"Una y Mil Letras\",\"description\":\"\",\"publisher\":{\"@id\":\"http:\\\/\\\/unaymilletras.com\\\/#organization\"},\"potentialAction\":[{\"@type\":\"SearchAction\",\"target\":{\"@type\":\"EntryPoint\",\"urlTemplate\":\"http:\\\/\\\/unaymilletras.com\\\/?s={search_term_string}\"},\"query-input\":{\"@type\":\"PropertyValueSpecification\",\"valueRequired\":true,\"valueName\":\"search_term_string\"}}],\"inLanguage\":\"en-GB\"},{\"@type\":\"Organization\",\"@id\":\"http:\\\/\\\/unaymilletras.com\\\/#organization\",\"name\":\"Una y Mil Letras\",\"url\":\"http:\\\/\\\/unaymilletras.com\\\/\",\"logo\":{\"@type\":\"ImageObject\",\"inLanguage\":\"en-GB\",\"@id\":\"http:\\\/\\\/unaymilletras.com\\\/#\\\/schema\\\/logo\\\/image\\\/\",\"url\":\"https:\\\/\\\/unaymilletras.com\\\/wp-content\\\/uploads\\\/2024\\\/06\\\/cropped-Logo-removebg-preview.png\",\"contentUrl\":\"https:\\\/\\\/unaymilletras.com\\\/wp-content\\\/uploads\\\/2024\\\/06\\\/cropped-Logo-removebg-preview.png\",\"width\":512,\"height\":512,\"caption\":\"Una y Mil Letras\"},\"image\":{\"@id\":\"http:\\\/\\\/unaymilletras.com\\\/#\\\/schema\\\/logo\\\/image\\\/\"},\"sameAs\":[\"https:\\\/\\\/x.com\\\/UnaYMilLetras\",\"https:\\\/\\\/instagram.com\\\/UnaYMilLetras\"]},{\"@type\":\"Person\",\"@id\":\"http:\\\/\\\/unaymilletras.com\\\/#\\\/schema\\\/person\\\/d55ba681b8a4e463d8982dbe36a5dc94\",\"name\":\"Maria Gil Robledo\",\"image\":{\"@type\":\"ImageObject\",\"inLanguage\":\"en-GB\",\"@id\":\"https:\\\/\\\/secure.gravatar.com\\\/avatar\\\/4b8e5102e0015789407eb4870b12f0f2857952d83ca124058f92b764bd1840c3?s=96&d=mm&r=g\",\"url\":\"https:\\\/\\\/secure.gravatar.com\\\/avatar\\\/4b8e5102e0015789407eb4870b12f0f2857952d83ca124058f92b764bd1840c3?s=96&d=mm&r=g\",\"contentUrl\":\"https:\\\/\\\/secure.gravatar.com\\\/avatar\\\/4b8e5102e0015789407eb4870b12f0f2857952d83ca124058f92b764bd1840c3?s=96&d=mm&r=g\",\"caption\":\"Maria Gil Robledo\"},\"sameAs\":[\"http:\\\/\\\/unaymilletras.com\"],\"url\":\"https:\\\/\\\/unaymilletras.com\\\/en\\\/author\\\/mariiagiil02_\\\/\"}]}<\/script>\n<!-- \/ Yoast SEO plugin. -->","yoast_head_json":{"title":"3AM dar\u00e1 su primer show en Espa\u00f1a el 13 de mayo &#8902; Una y Mil Letras","robots":{"index":"index","follow":"follow","max-snippet":"max-snippet:-1","max-image-preview":"max-image-preview:large","max-video-preview":"max-video-preview:-1"},"canonical":"https:\/\/unaymilletras.com\/en\/3am-dara-su-primer-show-en-espana-el-13-de-mayo\/","og_locale":"en_GB","og_type":"article","og_title":"3AM dar\u00e1 su primer show en Espa\u00f1a el 13 de mayo &#8902; Una y Mil Letras","og_description":"El teatro MAGNO de Madrid acoger\u00e1 el pr\u00f3ximo 13 de mayo el primer concierto de 3AM en Espa\u00f1a El 13 de mayo 3AM actuar\u00e1n en el Teatro MAGNO de Madrid. Se trata de su primer concierto en Espa\u00f1a y ya est\u00e1n a la venta las entradas para el concierto. Hay 100 entradas disponibles de preventa [&hellip;]","og_url":"https:\/\/unaymilletras.com\/en\/3am-dara-su-primer-show-en-espana-el-13-de-mayo\/","og_site_name":"Una y Mil Letras","article_published_time":"2023-04-02T21:02:52+00:00","article_modified_time":"2023-05-06T14:06:57+00:00","og_image":[{"width":588,"height":737,"url":"https:\/\/unaymilletras.com\/wp-content\/uploads\/2023\/04\/captura-de-pantalla-2023-04-02-a-las-20.54.10.png","type":"image\/png"}],"author":"Maria Gil Robledo","twitter_card":"summary_large_image","twitter_creator":"@UnaYMilLetras","twitter_site":"@UnaYMilLetras","twitter_misc":{"Written by":"Maria Gil Robledo","Estimated reading time":"1 minute"},"schema":{"@context":"https:\/\/schema.org","@graph":[{"@type":"Article","@id":"https:\/\/unaymilletras.com\/3am-dara-su-primer-show-en-espana-el-13-de-mayo\/#article","isPartOf":{"@id":"https:\/\/unaymilletras.com\/3am-dara-su-primer-show-en-espana-el-13-de-mayo\/"},"author":{"name":"Maria Gil Robledo","@id":"http:\/\/unaymilletras.com\/#\/schema\/person\/d55ba681b8a4e463d8982dbe36a5dc94"},"headline":"3AM dar\u00e1 su primer show en Espa\u00f1a el 13 de mayo","datePublished":"2023-04-02T21:02:52+00:00","dateModified":"2023-05-06T14:06:57+00:00","mainEntityOfPage":{"@id":"https:\/\/unaymilletras.com\/3am-dara-su-primer-show-en-espana-el-13-de-mayo\/"},"wordCount":289,"commentCount":0,"publisher":{"@id":"http:\/\/unaymilletras.com\/#organization"},"image":{"@id":"https:\/\/unaymilletras.com\/3am-dara-su-primer-show-en-espana-el-13-de-mayo\/#primaryimage"},"thumbnailUrl":"https:\/\/unaymilletras.com\/wp-content\/uploads\/2023\/04\/captura-de-pantalla-2023-04-02-a-las-20.54.10.png","articleSection":["M\u00fasica"],"inLanguage":"en-GB","potentialAction":[{"@type":"CommentAction","name":"Comment","target":["https:\/\/unaymilletras.com\/3am-dara-su-primer-show-en-espana-el-13-de-mayo\/#respond"]}]},{"@type":"WebPage","@id":"https:\/\/unaymilletras.com\/3am-dara-su-primer-show-en-espana-el-13-de-mayo\/","url":"https:\/\/unaymilletras.com\/3am-dara-su-primer-show-en-espana-el-13-de-mayo\/","name":"3AM dar\u00e1 su primer show en Espa\u00f1a el 13 de mayo &#8902; Una y Mil Letras","isPartOf":{"@id":"http:\/\/unaymilletras.com\/#website"},"primaryImageOfPage":{"@id":"https:\/\/unaymilletras.com\/3am-dara-su-primer-show-en-espana-el-13-de-mayo\/#primaryimage"},"image":{"@id":"https:\/\/unaymilletras.com\/3am-dara-su-primer-show-en-espana-el-13-de-mayo\/#primaryimage"},"thumbnailUrl":"https:\/\/unaymilletras.com\/wp-content\/uploads\/2023\/04\/captura-de-pantalla-2023-04-02-a-las-20.54.10.png","datePublished":"2023-04-02T21:02:52+00:00","dateModified":"2023-05-06T14:06:57+00:00","breadcrumb":{"@id":"https:\/\/unaymilletras.com\/3am-dara-su-primer-show-en-espana-el-13-de-mayo\/#breadcrumb"},"inLanguage":"en-GB","potentialAction":[{"@type":"ReadAction","target":["https:\/\/unaymilletras.com\/3am-dara-su-primer-show-en-espana-el-13-de-mayo\/"]}]},{"@type":"ImageObject","inLanguage":"en-GB","@id":"https:\/\/unaymilletras.com\/3am-dara-su-primer-show-en-espana-el-13-de-mayo\/#primaryimage","url":"https:\/\/unaymilletras.com\/wp-content\/uploads\/2023\/04\/captura-de-pantalla-2023-04-02-a-las-20.54.10.png","contentUrl":"https:\/\/unaymilletras.com\/wp-content\/uploads\/2023\/04\/captura-de-pantalla-2023-04-02-a-las-20.54.10.png","width":588,"height":737},{"@type":"BreadcrumbList","@id":"https:\/\/unaymilletras.com\/3am-dara-su-primer-show-en-espana-el-13-de-mayo\/#breadcrumb","itemListElement":[{"@type":"ListItem","position":1,"name":"Home","item":"http:\/\/unaymilletras.com\/"},{"@type":"ListItem","position":2,"name":"3AM dar\u00e1 su primer show en Espa\u00f1a el 13 de mayo"}]},{"@type":"WebSite","@id":"http:\/\/unaymilletras.com\/#website","url":"http:\/\/unaymilletras.com\/","name":"Una y Mil Letras","description":"","publisher":{"@id":"http:\/\/unaymilletras.com\/#organization"},"potentialAction":[{"@type":"SearchAction","target":{"@type":"EntryPoint","urlTemplate":"http:\/\/unaymilletras.com\/?s={search_term_string}"},"query-input":{"@type":"PropertyValueSpecification","valueRequired":true,"valueName":"search_term_string"}}],"inLanguage":"en-GB"},{"@type":"Organization","@id":"http:\/\/unaymilletras.com\/#organization","name":"Una y Mil Letras","url":"http:\/\/unaymilletras.com\/","logo":{"@type":"ImageObject","inLanguage":"en-GB","@id":"http:\/\/unaymilletras.com\/#\/schema\/logo\/image\/","url":"https:\/\/unaymilletras.com\/wp-content\/uploads\/2024\/06\/cropped-Logo-removebg-preview.png","contentUrl":"https:\/\/unaymilletras.com\/wp-content\/uploads\/2024\/06\/cropped-Logo-removebg-preview.png","width":512,"height":512,"caption":"Una y Mil Letras"},"image":{"@id":"http:\/\/unaymilletras.com\/#\/schema\/logo\/image\/"},"sameAs":["https:\/\/x.com\/UnaYMilLetras","https:\/\/instagram.com\/UnaYMilLetras"]},{"@type":"Person","@id":"http:\/\/unaymilletras.com\/#\/schema\/person\/d55ba681b8a4e463d8982dbe36a5dc94","name":"Maria Gil Robledo","image":{"@type":"ImageObject","inLanguage":"en-GB","@id":"https:\/\/secure.gravatar.com\/avatar\/4b8e5102e0015789407eb4870b12f0f2857952d83ca124058f92b764bd1840c3?s=96&d=mm&r=g","url":"https:\/\/secure.gravatar.com\/avatar\/4b8e5102e0015789407eb4870b12f0f2857952d83ca124058f92b764bd1840c3?s=96&d=mm&r=g","contentUrl":"https:\/\/secure.gravatar.com\/avatar\/4b8e5102e0015789407eb4870b12f0f2857952d83ca124058f92b764bd1840c3?s=96&d=mm&r=g","caption":"Maria Gil Robledo"},"sameAs":["http:\/\/unaymilletras.com"],"url":"https:\/\/unaymilletras.com\/en\/author\/mariiagiil02_\/"}]}},"_links":{"self":[{"href":"https:\/\/unaymilletras.com\/en\/wp-json\/wp\/v2\/posts\/428","targetHints":{"allow":["GET"]}}],"collection":[{"href":"https:\/\/unaymilletras.com\/en\/wp-json\/wp\/v2\/posts"}],"about":[{"href":"https:\/\/unaymilletras.com\/en\/wp-json\/wp\/v2\/types\/post"}],"author":[{"embeddable":true,"href":"https:\/\/unaymilletras.com\/en\/wp-json\/wp\/v2\/users\/1"}],"replies":[{"embeddable":true,"href":"https:\/\/unaymilletras.com\/en\/wp-json\/wp\/v2\/comments?post=428"}],"version-history":[{"count":1,"href":"https:\/\/unaymilletras.com\/en\/wp-json\/wp\/v2\/posts\/428\/revisions"}],"predecessor-version":[{"id":540,"href":"https:\/\/unaymilletras.com\/en\/wp-json\/wp\/v2\/posts\/428\/revisions\/540"}],"wp:featuredmedia":[{"embeddable":true,"href":"https:\/\/unaymilletras.com\/en\/wp-json\/wp\/v2\/media\/433"}],"wp:attachment":[{"href":"https:\/\/unaymilletras.com\/en\/wp-json\/wp\/v2\/media?parent=428"}],"wp:term":[{"taxonomy":"category","embeddable":true,"href":"https:\/\/unaymilletras.com\/en\/wp-json\/wp\/v2\/categories?post=428"},{"taxonomy":"post_tag","embeddable":true,"href":"https:\/\/unaymilletras.com\/en\/wp-json\/wp\/v2\/tags?post=428"}],"curies":[{"name":"wp","href":"https:\/\/api.w.org\/{rel}","templated":true}]}}