{"id":4295,"date":"2025-03-29T14:47:53","date_gmt":"2025-03-29T13:47:53","guid":{"rendered":"https:\/\/unaymilletras.com\/?p=4295"},"modified":"2025-03-29T15:43:31","modified_gmt":"2025-03-29T14:43:31","slug":"jack-jack-llegan-a-espana-con-dos-conciertos-exclusivos-en-abril","status":"publish","type":"post","link":"https:\/\/unaymilletras.com\/en\/jack-jack-llegan-a-espana-con-dos-conciertos-exclusivos-en-abril\/","title":{"rendered":"Jack &amp; Jack llegan a Espa\u00f1a con dos conciertos exclusivos en abril"},"content":{"rendered":"<div data-elementor-type=\"wp-post\" data-elementor-id=\"4295\" class=\"elementor elementor-4295\">\n\t\t\t\t\t\t<section class=\"elementor-section elementor-top-section elementor-element elementor-element-cd4a907 elementor-section-boxed elementor-section-height-default elementor-section-height-default\" data-id=\"cd4a907\" data-element_type=\"section\" data-e-type=\"section\">\n\t\t\t\t\t\t<div class=\"elementor-container elementor-column-gap-default\">\n\t\t\t\t\t<div class=\"elementor-column elementor-col-100 elementor-top-column elementor-element elementor-element-ee2b8bb\" data-id=\"ee2b8bb\" data-element_type=\"column\" data-e-type=\"column\">\n\t\t\t<div class=\"elementor-widget-wrap elementor-element-populated\">\n\t\t\t\t\t\t<div class=\"elementor-element elementor-element-7259624 elementor-widget elementor-widget-text-editor\" data-id=\"7259624\" data-element_type=\"widget\" data-e-type=\"widget\" data-widget_type=\"text-editor.default\">\n\t\t\t\t<div class=\"elementor-widget-container\">\n\t\t\t\t\t\t\t\t\t<h2 style=\"text-align: center;\"><span style=\"color: #808080;\"><em>El d\u00fao estadounidense Jack &amp; Jack actuar\u00e1 en Barcelona y Madrid en un regreso muy esperado tras su \u00e9xito internacional<\/em><\/span><\/h2>\t\t\t\t\t\t\t\t<\/div>\n\t\t\t\t<\/div>\n\t\t\t\t\t<\/div>\n\t\t<\/div>\n\t\t\t\t\t<\/div>\n\t\t<\/section>\n\t\t\t\t<section class=\"elementor-section elementor-top-section elementor-element elementor-element-8e1cea1 elementor-section-boxed elementor-section-height-default elementor-section-height-default\" data-id=\"8e1cea1\" data-element_type=\"section\" data-e-type=\"section\">\n\t\t\t\t\t\t<div class=\"elementor-container elementor-column-gap-default\">\n\t\t\t\t\t<div class=\"elementor-column elementor-col-100 elementor-top-column elementor-element elementor-element-80c0301\" data-id=\"80c0301\" data-element_type=\"column\" data-e-type=\"column\">\n\t\t\t<div class=\"elementor-widget-wrap elementor-element-populated\">\n\t\t\t\t\t\t<div class=\"elementor-element elementor-element-fe30bb9 elementor-widget elementor-widget-text-editor\" data-id=\"fe30bb9\" data-element_type=\"widget\" data-e-type=\"widget\" data-widget_type=\"text-editor.default\">\n\t\t\t\t<div class=\"elementor-widget-container\">\n\t\t\t\t\t\t\t\t\t<p class=\"\" data-start=\"192\" data-end=\"516\">La espera est\u00e1 a punto de terminar. <strong data-start=\"228\" data-end=\"243\">Jack &amp; Jack<\/strong>, el ic\u00f3nico d\u00fao que conquist\u00f3 al p\u00fablico con su estilo y energ\u00eda, llega a <strong data-start=\"340\" data-end=\"359\">Espa\u00f1a en abril.<\/strong>&nbsp;Ofrecer\u00e1n dos conciertos \u00fanicos. La cita ser\u00e1 el <strong data-start=\"412\" data-end=\"464\">13 de abril en la sala Razzmatazz 2 de Barcelona<\/strong> y el <strong data-start=\"470\" data-end=\"513\">14 de abril en la sala Chang\u00f3 de Madrid<\/strong>.<\/p>\t\t\t\t\t\t\t\t<\/div>\n\t\t\t\t<\/div>\n\t\t\t\t\t<\/div>\n\t\t<\/div>\n\t\t\t\t\t<\/div>\n\t\t<\/section>\n\t\t\t\t<section class=\"elementor-section elementor-top-section elementor-element elementor-element-fefbf96 elementor-section-boxed elementor-section-height-default elementor-section-height-default\" data-id=\"fefbf96\" data-element_type=\"section\" data-e-type=\"section\">\n\t\t\t\t\t\t<div class=\"elementor-container elementor-column-gap-default\">\n\t\t\t\t\t<div class=\"elementor-column elementor-col-100 elementor-top-column elementor-element elementor-element-0362e20\" data-id=\"0362e20\" data-element_type=\"column\" data-e-type=\"column\">\n\t\t\t<div class=\"elementor-widget-wrap elementor-element-populated\">\n\t\t\t\t\t\t<div class=\"elementor-element elementor-element-cde1a92 elementor-widget elementor-widget-image\" data-id=\"cde1a92\" data-element_type=\"widget\" data-e-type=\"widget\" data-widget_type=\"image.default\">\n\t\t\t\t<div class=\"elementor-widget-container\">\n\t\t\t\t\t\t\t\t\t\t\t\t\t\t\t<img fetchpriority=\"high\" decoding=\"async\" width=\"640\" height=\"213\" src=\"https:\/\/unaymilletras.com\/wp-content\/uploads\/2025\/03\/cartel-jj-1024x341.jpg\" class=\"attachment-large size-large wp-image-4297\" alt=\"Jack &amp; Jack\" srcset=\"https:\/\/unaymilletras.com\/wp-content\/uploads\/2025\/03\/cartel-jj-1024x341.jpg 1024w, https:\/\/unaymilletras.com\/wp-content\/uploads\/2025\/03\/cartel-jj-300x100.jpg 300w, https:\/\/unaymilletras.com\/wp-content\/uploads\/2025\/03\/cartel-jj-768x256.jpg 768w, https:\/\/unaymilletras.com\/wp-content\/uploads\/2025\/03\/cartel-jj-18x6.jpg 18w, https:\/\/unaymilletras.com\/wp-content\/uploads\/2025\/03\/cartel-jj-e1743254875361.jpg 600w\" sizes=\"(max-width: 640px) 100vw, 640px\" \/>\t\t\t\t\t\t\t\t\t\t\t\t\t\t\t<\/div>\n\t\t\t\t<\/div>\n\t\t\t\t\t<\/div>\n\t\t<\/div>\n\t\t\t\t\t<\/div>\n\t\t<\/section>\n\t\t\t\t<section class=\"elementor-section elementor-top-section elementor-element elementor-element-9aba7da elementor-section-boxed elementor-section-height-default elementor-section-height-default\" data-id=\"9aba7da\" data-element_type=\"section\" data-e-type=\"section\">\n\t\t\t\t\t\t<div class=\"elementor-container elementor-column-gap-default\">\n\t\t\t\t\t<div class=\"elementor-column elementor-col-100 elementor-top-column elementor-element elementor-element-4d3a3ec\" data-id=\"4d3a3ec\" data-element_type=\"column\" data-e-type=\"column\">\n\t\t\t<div class=\"elementor-widget-wrap elementor-element-populated\">\n\t\t\t\t\t\t<div class=\"elementor-element elementor-element-e147772 elementor-widget elementor-widget-text-editor\" data-id=\"e147772\" data-element_type=\"widget\" data-e-type=\"widget\" data-widget_type=\"text-editor.default\">\n\t\t\t\t<div class=\"elementor-widget-container\">\n\t\t\t\t\t\t\t\t\t<p class=\"\" data-start=\"518\" data-end=\"1133\">Tras una pausa de <strong data-start=\"536\" data-end=\"549\">tres a\u00f1os<\/strong>, la banda ha vuelto con m\u00e1s fuerza que nunca. Su \u00faltimo single, <strong data-start=\"614\" data-end=\"646\"><i>Like That (Jack\u2019s Version)<\/i><\/strong>, ha superado los <strong data-start=\"664\" data-end=\"708\">60 millones de reproducciones en Spotify<\/strong> en apenas unos meses. Reafirman as\u00ed el gran impacto de su m\u00fasica. Con hits globales como <strong data-start=\"796\" data-end=\"824\"><i>No One Compares to You<\/i><\/strong>&nbsp;en colaboraci\u00f3n con <strong data-start=\"889\" data-end=\"903\">Jonas Blue<\/strong>, han logrado posicionarse en lo m\u00e1s alto de las listas. Su m\u00fasica ha alcanzado el <strong data-start=\"986\" data-end=\"1026\">n\u00famero 1 en la radio del Reino Unido<\/strong> y se ha colado en el <strong data-start=\"1048\" data-end=\"1076\">Top 40 de Estados Unidos<\/strong>, consolidando su presencia en la escena internacional.<\/p>\n<p class=\"\" data-start=\"1135\" data-end=\"1614\">Jack &amp; Jack no solo han brillado en las listas de \u00e9xitos, sino que tambi\u00e9n han sido protagonistas en algunos de los eventos m\u00e1s importantes del mundo del entretenimiento. Han actuado en el <strong data-start=\"1324\" data-end=\"1374\">Desfile del D\u00eda de Acci\u00f3n de Gracias de Macy\u2019s<\/strong>, el <strong data-start=\"1379\" data-end=\"1414\">Late Late Show con James Corden<\/strong>, los <strong data-start=\"1420\" data-end=\"1429\">VMA\u2019s<\/strong> y los <strong data-start=\"1436\" data-end=\"1455\">BBC Teen Awards<\/strong>. Adem\u00e1s, han sido reconocidos como <strong data-start=\"1491\" data-end=\"1521\">YouTube Artist on the Rise<\/strong> y <strong data-start=\"1524\" data-end=\"1560\">Artistas del Mes por Elvis Duran<\/strong>, reafirmando su influencia en la industria musical.<\/p>\t\t\t\t\t\t\t\t<\/div>\n\t\t\t\t<\/div>\n\t\t\t\t\t<\/div>\n\t\t<\/div>\n\t\t\t\t\t<\/div>\n\t\t<\/section>\n\t\t\t\t<section class=\"elementor-section elementor-top-section elementor-element elementor-element-a7e2c2f elementor-section-boxed elementor-section-height-default elementor-section-height-default\" data-id=\"a7e2c2f\" data-element_type=\"section\" data-e-type=\"section\">\n\t\t\t\t\t\t<div class=\"elementor-container elementor-column-gap-default\">\n\t\t\t\t\t<div class=\"elementor-column elementor-col-100 elementor-top-column elementor-element elementor-element-f22acf6\" data-id=\"f22acf6\" data-element_type=\"column\" data-e-type=\"column\">\n\t\t\t<div class=\"elementor-widget-wrap elementor-element-populated\">\n\t\t\t\t\t\t<div class=\"elementor-element elementor-element-266d25c elementor-widget elementor-widget-video\" data-id=\"266d25c\" data-element_type=\"widget\" data-e-type=\"widget\" data-settings=\"{&quot;youtube_url&quot;:&quot;https:\\\/\\\/youtu.be\\\/hfovd8b6PvM?si=qPOmWcgE3IZ5knhC&quot;,&quot;video_type&quot;:&quot;youtube&quot;,&quot;controls&quot;:&quot;yes&quot;}\" data-widget_type=\"video.default\">\n\t\t\t\t<div class=\"elementor-widget-container\">\n\t\t\t\t\t\t\t<div class=\"elementor-wrapper elementor-open-inline\">\n\t\t\t<div class=\"elementor-video\"><\/div>\t\t<\/div>\n\t\t\t\t\t\t<\/div>\n\t\t\t\t<\/div>\n\t\t\t\t\t<\/div>\n\t\t<\/div>\n\t\t\t\t\t<\/div>\n\t\t<\/section>\n\t\t\t\t<section class=\"elementor-section elementor-top-section elementor-element elementor-element-fb2389d elementor-section-boxed elementor-section-height-default elementor-section-height-default\" data-id=\"fb2389d\" data-element_type=\"section\" data-e-type=\"section\">\n\t\t\t\t\t\t<div class=\"elementor-container elementor-column-gap-default\">\n\t\t\t\t\t<div class=\"elementor-column elementor-col-100 elementor-top-column elementor-element elementor-element-3f6c7dc\" data-id=\"3f6c7dc\" data-element_type=\"column\" data-e-type=\"column\">\n\t\t\t<div class=\"elementor-widget-wrap elementor-element-populated\">\n\t\t\t\t\t\t<div class=\"elementor-element elementor-element-599f9dd elementor-widget elementor-widget-text-editor\" data-id=\"599f9dd\" data-element_type=\"widget\" data-e-type=\"widget\" data-widget_type=\"text-editor.default\">\n\t\t\t\t<div class=\"elementor-widget-container\">\n\t\t\t\t\t\t\t\t\t<p class=\"\" data-start=\"1616\" data-end=\"2024\">Con m\u00e1s de <strong data-start=\"1627\" data-end=\"1673\">3 millones de oyentes mensuales en Spotify<\/strong>, el d\u00fao ha demostrado que su regreso es un \u00e9xito. Su reciente gira por Estados Unidos, en la que <strong data-start=\"1771\" data-end=\"1807\">vendieron m\u00e1s de 12.000 entradas<\/strong>, ha sido solo el inicio de una nueva etapa en su carrera. Adem\u00e1s, su impacto va m\u00e1s all\u00e1 de la m\u00fasica, colaborando con marcas de renombre como <strong data-start=\"1951\" data-end=\"1967\">Calvin Klein<\/strong>, lo que refuerza su influencia en el mundo de la moda.<\/p><p class=\"\" data-start=\"2026\" data-end=\"2319\">Las entradas para los conciertos en Espa\u00f1a se pusieron a la venta en diciembre a trav\u00e9s de <strong data-start=\"2117\" data-end=\"2147\">Live Nation y <span style=\"color: #808080;\"><a style=\"color: #808080;\" href=\"https:\/\/www.ticketmaster.es\/artist\/jack-jack-entradas\/946484?gad_source=1&amp;gclid=Cj0KCQjwtJ6_BhDWARIsAGanmKeyHJPi7RkQFukhvIXteqi_hexlMRNeNV5qLyXtwZleYfVXmHnc7VkaAgRoEALw_wcB&amp;gclsrc=aw.ds&amp;language=es-es&amp;utm_campaign=co%3AES%20%7C%20cpn%3AGenre%20%7C%20chl%3AGn%20%7C%20cat%3AMusic%20%7C%20bud%3ATM%20%7C%20tp%3ATMES%20%7C%20catID%3A10001%20%7C%20Exclusive&amp;utm_content=an%3AJack%20%26%20Jack%20%7C%20ed%3A14-04-2025%20%7C%20vn%3ASala%20Chang%C3%B3%20%7C%20a%3A946484%20%7C%20v%3A3443%20%7C%20Exclusive&amp;utm_medium=cpc&amp;utm_source=TM-google\">Ticketmaster<\/a><\/span><\/strong>, con precios a partir de <strong data-start=\"2173\" data-end=\"2180\">24\u20ac<\/strong> m\u00e1s gastos de distribuci\u00f3n. La expectaci\u00f3n es m\u00e1xima y se espera que ambas fechas cuelguen el cartel de <strong data-start=\"2285\" data-end=\"2297\">sold out<\/strong> en los pr\u00f3ximos d\u00edas<\/p>\t\t\t\t\t\t\t\t<\/div>\n\t\t\t\t<\/div>\n\t\t\t\t\t<\/div>\n\t\t<\/div>\n\t\t\t\t\t<\/div>\n\t\t<\/section>\n\t\t\t\t<\/div>","protected":false},"excerpt":{"rendered":"<p>El d\u00fao estadounidense Jack &amp; Jack actuar\u00e1 en Barcelona y Madrid en un regreso muy esperado tras su \u00e9xito internacional La espera est\u00e1 a punto de terminar. Jack &amp; Jack, el ic\u00f3nico d\u00fao que conquist\u00f3 al p\u00fablico con su estilo y energ\u00eda, llega a Espa\u00f1a en abril.&nbsp;Ofrecer\u00e1n dos conciertos \u00fanicos. La cita ser\u00e1 el 13 [&hellip;]<\/p>\n","protected":false},"author":6,"featured_media":4297,"comment_status":"closed","ping_status":"closed","sticky":false,"template":"","format":"standard","meta":{"footnotes":""},"categories":[4],"tags":[],"class_list":["post-4295","post","type-post","status-publish","format-standard","has-post-thumbnail","hentry","category-musica"],"yoast_head":"<!-- This site is optimized with the Yoast SEO plugin v27.4 - https:\/\/yoast.com\/product\/yoast-seo-wordpress\/ -->\n<title>Jack &amp; Jack llegan a Espa\u00f1a con dos conciertos exclusivos en abril<\/title>\n<meta name=\"description\" content=\"El d\u00fao estadounidense Jack &amp; Jack actuar\u00e1 en Barcelona y Madrid en un regreso muy esperado tras su \u00e9xito internacional\" \/>\n<meta name=\"robots\" content=\"index, follow, max-snippet:-1, max-image-preview:large, max-video-preview:-1\" \/>\n<link rel=\"canonical\" href=\"https:\/\/unaymilletras.com\/en\/jack-jack-llegan-a-espana-con-dos-conciertos-exclusivos-en-abril\/\" \/>\n<meta property=\"og:locale\" content=\"en_GB\" \/>\n<meta property=\"og:type\" content=\"article\" \/>\n<meta property=\"og:title\" content=\"Jack &amp; Jack llegan a Espa\u00f1a con dos conciertos exclusivos en abril\" \/>\n<meta property=\"og:description\" content=\"El d\u00fao estadounidense Jack &amp; Jack actuar\u00e1 en Barcelona y Madrid en un regreso muy esperado tras su \u00e9xito internacional\" \/>\n<meta property=\"og:url\" content=\"https:\/\/unaymilletras.com\/en\/jack-jack-llegan-a-espana-con-dos-conciertos-exclusivos-en-abril\/\" \/>\n<meta property=\"og:site_name\" content=\"Una y Mil Letras\" \/>\n<meta property=\"article:published_time\" content=\"2025-03-29T13:47:53+00:00\" \/>\n<meta property=\"article:modified_time\" content=\"2025-03-29T14:43:31+00:00\" \/>\n<meta property=\"og:image\" content=\"http:\/\/unaymilletras.com\/wp-content\/uploads\/2025\/03\/cartel-jj-e1743254875361.jpg\" \/>\n\t<meta property=\"og:image:width\" content=\"600\" \/>\n\t<meta property=\"og:image:height\" content=\"200\" \/>\n\t<meta property=\"og:image:type\" content=\"image\/jpeg\" \/>\n<meta name=\"author\" content=\"Redacci\u00f3n\" \/>\n<meta name=\"twitter:card\" content=\"summary_large_image\" \/>\n<meta name=\"twitter:creator\" content=\"@UnaYMilLetras\" \/>\n<meta name=\"twitter:site\" content=\"@UnaYMilLetras\" \/>\n<meta name=\"twitter:label1\" content=\"Written by\" \/>\n\t<meta name=\"twitter:data1\" content=\"Redacci\u00f3n\" \/>\n\t<meta name=\"twitter:label2\" content=\"Estimated reading time\" \/>\n\t<meta name=\"twitter:data2\" content=\"2 minutes\" \/>\n<script type=\"application\/ld+json\" class=\"yoast-schema-graph\">{\"@context\":\"https:\\\/\\\/schema.org\",\"@graph\":[{\"@type\":\"Article\",\"@id\":\"https:\\\/\\\/unaymilletras.com\\\/jack-jack-llegan-a-espana-con-dos-conciertos-exclusivos-en-abril\\\/#article\",\"isPartOf\":{\"@id\":\"https:\\\/\\\/unaymilletras.com\\\/jack-jack-llegan-a-espana-con-dos-conciertos-exclusivos-en-abril\\\/\"},\"author\":{\"name\":\"Redacci\u00f3n\",\"@id\":\"http:\\\/\\\/unaymilletras.com\\\/#\\\/schema\\\/person\\\/0860dc8a218329991ee2c7591f4f849d\"},\"headline\":\"Jack &amp; Jack llegan a Espa\u00f1a con dos conciertos exclusivos en abril\",\"datePublished\":\"2025-03-29T13:47:53+00:00\",\"dateModified\":\"2025-03-29T14:43:31+00:00\",\"mainEntityOfPage\":{\"@id\":\"https:\\\/\\\/unaymilletras.com\\\/jack-jack-llegan-a-espana-con-dos-conciertos-exclusivos-en-abril\\\/\"},\"wordCount\":430,\"publisher\":{\"@id\":\"http:\\\/\\\/unaymilletras.com\\\/#organization\"},\"image\":{\"@id\":\"https:\\\/\\\/unaymilletras.com\\\/jack-jack-llegan-a-espana-con-dos-conciertos-exclusivos-en-abril\\\/#primaryimage\"},\"thumbnailUrl\":\"https:\\\/\\\/unaymilletras.com\\\/wp-content\\\/uploads\\\/2025\\\/03\\\/cartel-jj-e1743254875361.jpg\",\"articleSection\":[\"M\u00fasica\"],\"inLanguage\":\"en-GB\"},{\"@type\":\"WebPage\",\"@id\":\"https:\\\/\\\/unaymilletras.com\\\/jack-jack-llegan-a-espana-con-dos-conciertos-exclusivos-en-abril\\\/\",\"url\":\"https:\\\/\\\/unaymilletras.com\\\/jack-jack-llegan-a-espana-con-dos-conciertos-exclusivos-en-abril\\\/\",\"name\":\"Jack &amp; Jack llegan a Espa\u00f1a con dos conciertos exclusivos en abril\",\"isPartOf\":{\"@id\":\"http:\\\/\\\/unaymilletras.com\\\/#website\"},\"primaryImageOfPage\":{\"@id\":\"https:\\\/\\\/unaymilletras.com\\\/jack-jack-llegan-a-espana-con-dos-conciertos-exclusivos-en-abril\\\/#primaryimage\"},\"image\":{\"@id\":\"https:\\\/\\\/unaymilletras.com\\\/jack-jack-llegan-a-espana-con-dos-conciertos-exclusivos-en-abril\\\/#primaryimage\"},\"thumbnailUrl\":\"https:\\\/\\\/unaymilletras.com\\\/wp-content\\\/uploads\\\/2025\\\/03\\\/cartel-jj-e1743254875361.jpg\",\"datePublished\":\"2025-03-29T13:47:53+00:00\",\"dateModified\":\"2025-03-29T14:43:31+00:00\",\"description\":\"El d\u00fao estadounidense Jack & Jack actuar\u00e1 en Barcelona y Madrid en un regreso muy esperado tras su \u00e9xito internacional\",\"breadcrumb\":{\"@id\":\"https:\\\/\\\/unaymilletras.com\\\/jack-jack-llegan-a-espana-con-dos-conciertos-exclusivos-en-abril\\\/#breadcrumb\"},\"inLanguage\":\"en-GB\",\"potentialAction\":[{\"@type\":\"ReadAction\",\"target\":[\"https:\\\/\\\/unaymilletras.com\\\/jack-jack-llegan-a-espana-con-dos-conciertos-exclusivos-en-abril\\\/\"]}]},{\"@type\":\"ImageObject\",\"inLanguage\":\"en-GB\",\"@id\":\"https:\\\/\\\/unaymilletras.com\\\/jack-jack-llegan-a-espana-con-dos-conciertos-exclusivos-en-abril\\\/#primaryimage\",\"url\":\"https:\\\/\\\/unaymilletras.com\\\/wp-content\\\/uploads\\\/2025\\\/03\\\/cartel-jj-e1743254875361.jpg\",\"contentUrl\":\"https:\\\/\\\/unaymilletras.com\\\/wp-content\\\/uploads\\\/2025\\\/03\\\/cartel-jj-e1743254875361.jpg\",\"width\":600,\"height\":200,\"caption\":\"Jack & Jack\"},{\"@type\":\"BreadcrumbList\",\"@id\":\"https:\\\/\\\/unaymilletras.com\\\/jack-jack-llegan-a-espana-con-dos-conciertos-exclusivos-en-abril\\\/#breadcrumb\",\"itemListElement\":[{\"@type\":\"ListItem\",\"position\":1,\"name\":\"Home\",\"item\":\"http:\\\/\\\/unaymilletras.com\\\/\"},{\"@type\":\"ListItem\",\"position\":2,\"name\":\"Jack &amp; Jack llegan a Espa\u00f1a con dos conciertos exclusivos en abril\"}]},{\"@type\":\"WebSite\",\"@id\":\"http:\\\/\\\/unaymilletras.com\\\/#website\",\"url\":\"http:\\\/\\\/unaymilletras.com\\\/\",\"name\":\"Una y Mil Letras\",\"description\":\"\",\"publisher\":{\"@id\":\"http:\\\/\\\/unaymilletras.com\\\/#organization\"},\"potentialAction\":[{\"@type\":\"SearchAction\",\"target\":{\"@type\":\"EntryPoint\",\"urlTemplate\":\"http:\\\/\\\/unaymilletras.com\\\/?s={search_term_string}\"},\"query-input\":{\"@type\":\"PropertyValueSpecification\",\"valueRequired\":true,\"valueName\":\"search_term_string\"}}],\"inLanguage\":\"en-GB\"},{\"@type\":\"Organization\",\"@id\":\"http:\\\/\\\/unaymilletras.com\\\/#organization\",\"name\":\"Una y Mil Letras\",\"url\":\"http:\\\/\\\/unaymilletras.com\\\/\",\"logo\":{\"@type\":\"ImageObject\",\"inLanguage\":\"en-GB\",\"@id\":\"http:\\\/\\\/unaymilletras.com\\\/#\\\/schema\\\/logo\\\/image\\\/\",\"url\":\"https:\\\/\\\/unaymilletras.com\\\/wp-content\\\/uploads\\\/2024\\\/06\\\/cropped-Logo-removebg-preview.png\",\"contentUrl\":\"https:\\\/\\\/unaymilletras.com\\\/wp-content\\\/uploads\\\/2024\\\/06\\\/cropped-Logo-removebg-preview.png\",\"width\":512,\"height\":512,\"caption\":\"Una y Mil Letras\"},\"image\":{\"@id\":\"http:\\\/\\\/unaymilletras.com\\\/#\\\/schema\\\/logo\\\/image\\\/\"},\"sameAs\":[\"https:\\\/\\\/x.com\\\/UnaYMilLetras\",\"https:\\\/\\\/instagram.com\\\/UnaYMilLetras\"]},{\"@type\":\"Person\",\"@id\":\"http:\\\/\\\/unaymilletras.com\\\/#\\\/schema\\\/person\\\/0860dc8a218329991ee2c7591f4f849d\",\"name\":\"Redacci\u00f3n\",\"image\":{\"@type\":\"ImageObject\",\"inLanguage\":\"en-GB\",\"@id\":\"https:\\\/\\\/secure.gravatar.com\\\/avatar\\\/d8f55e05a8b6597e45c55a1dcbdbfe44f4a360d88b48e00de5216a79b7732796?s=96&d=mm&r=g\",\"url\":\"https:\\\/\\\/secure.gravatar.com\\\/avatar\\\/d8f55e05a8b6597e45c55a1dcbdbfe44f4a360d88b48e00de5216a79b7732796?s=96&d=mm&r=g\",\"contentUrl\":\"https:\\\/\\\/secure.gravatar.com\\\/avatar\\\/d8f55e05a8b6597e45c55a1dcbdbfe44f4a360d88b48e00de5216a79b7732796?s=96&d=mm&r=g\",\"caption\":\"Redacci\u00f3n\"},\"url\":\"https:\\\/\\\/unaymilletras.com\\\/en\\\/author\\\/redaccion\\\/\"}]}<\/script>\n<!-- \/ Yoast SEO plugin. -->","yoast_head_json":{"title":"Jack &amp; Jack llegan a Espa\u00f1a con dos conciertos exclusivos en abril","description":"El d\u00fao estadounidense Jack & Jack actuar\u00e1 en Barcelona y Madrid en un regreso muy esperado tras su \u00e9xito internacional","robots":{"index":"index","follow":"follow","max-snippet":"max-snippet:-1","max-image-preview":"max-image-preview:large","max-video-preview":"max-video-preview:-1"},"canonical":"https:\/\/unaymilletras.com\/en\/jack-jack-llegan-a-espana-con-dos-conciertos-exclusivos-en-abril\/","og_locale":"en_GB","og_type":"article","og_title":"Jack &amp; Jack llegan a Espa\u00f1a con dos conciertos exclusivos en abril","og_description":"El d\u00fao estadounidense Jack & Jack actuar\u00e1 en Barcelona y Madrid en un regreso muy esperado tras su \u00e9xito internacional","og_url":"https:\/\/unaymilletras.com\/en\/jack-jack-llegan-a-espana-con-dos-conciertos-exclusivos-en-abril\/","og_site_name":"Una y Mil Letras","article_published_time":"2025-03-29T13:47:53+00:00","article_modified_time":"2025-03-29T14:43:31+00:00","og_image":[{"width":600,"height":200,"url":"http:\/\/unaymilletras.com\/wp-content\/uploads\/2025\/03\/cartel-jj-e1743254875361.jpg","type":"image\/jpeg"}],"author":"Redacci\u00f3n","twitter_card":"summary_large_image","twitter_creator":"@UnaYMilLetras","twitter_site":"@UnaYMilLetras","twitter_misc":{"Written by":"Redacci\u00f3n","Estimated reading time":"2 minutes"},"schema":{"@context":"https:\/\/schema.org","@graph":[{"@type":"Article","@id":"https:\/\/unaymilletras.com\/jack-jack-llegan-a-espana-con-dos-conciertos-exclusivos-en-abril\/#article","isPartOf":{"@id":"https:\/\/unaymilletras.com\/jack-jack-llegan-a-espana-con-dos-conciertos-exclusivos-en-abril\/"},"author":{"name":"Redacci\u00f3n","@id":"http:\/\/unaymilletras.com\/#\/schema\/person\/0860dc8a218329991ee2c7591f4f849d"},"headline":"Jack &amp; Jack llegan a Espa\u00f1a con dos conciertos exclusivos en abril","datePublished":"2025-03-29T13:47:53+00:00","dateModified":"2025-03-29T14:43:31+00:00","mainEntityOfPage":{"@id":"https:\/\/unaymilletras.com\/jack-jack-llegan-a-espana-con-dos-conciertos-exclusivos-en-abril\/"},"wordCount":430,"publisher":{"@id":"http:\/\/unaymilletras.com\/#organization"},"image":{"@id":"https:\/\/unaymilletras.com\/jack-jack-llegan-a-espana-con-dos-conciertos-exclusivos-en-abril\/#primaryimage"},"thumbnailUrl":"https:\/\/unaymilletras.com\/wp-content\/uploads\/2025\/03\/cartel-jj-e1743254875361.jpg","articleSection":["M\u00fasica"],"inLanguage":"en-GB"},{"@type":"WebPage","@id":"https:\/\/unaymilletras.com\/jack-jack-llegan-a-espana-con-dos-conciertos-exclusivos-en-abril\/","url":"https:\/\/unaymilletras.com\/jack-jack-llegan-a-espana-con-dos-conciertos-exclusivos-en-abril\/","name":"Jack &amp; Jack llegan a Espa\u00f1a con dos conciertos exclusivos en abril","isPartOf":{"@id":"http:\/\/unaymilletras.com\/#website"},"primaryImageOfPage":{"@id":"https:\/\/unaymilletras.com\/jack-jack-llegan-a-espana-con-dos-conciertos-exclusivos-en-abril\/#primaryimage"},"image":{"@id":"https:\/\/unaymilletras.com\/jack-jack-llegan-a-espana-con-dos-conciertos-exclusivos-en-abril\/#primaryimage"},"thumbnailUrl":"https:\/\/unaymilletras.com\/wp-content\/uploads\/2025\/03\/cartel-jj-e1743254875361.jpg","datePublished":"2025-03-29T13:47:53+00:00","dateModified":"2025-03-29T14:43:31+00:00","description":"El d\u00fao estadounidense Jack & Jack actuar\u00e1 en Barcelona y Madrid en un regreso muy esperado tras su \u00e9xito internacional","breadcrumb":{"@id":"https:\/\/unaymilletras.com\/jack-jack-llegan-a-espana-con-dos-conciertos-exclusivos-en-abril\/#breadcrumb"},"inLanguage":"en-GB","potentialAction":[{"@type":"ReadAction","target":["https:\/\/unaymilletras.com\/jack-jack-llegan-a-espana-con-dos-conciertos-exclusivos-en-abril\/"]}]},{"@type":"ImageObject","inLanguage":"en-GB","@id":"https:\/\/unaymilletras.com\/jack-jack-llegan-a-espana-con-dos-conciertos-exclusivos-en-abril\/#primaryimage","url":"https:\/\/unaymilletras.com\/wp-content\/uploads\/2025\/03\/cartel-jj-e1743254875361.jpg","contentUrl":"https:\/\/unaymilletras.com\/wp-content\/uploads\/2025\/03\/cartel-jj-e1743254875361.jpg","width":600,"height":200,"caption":"Jack & Jack"},{"@type":"BreadcrumbList","@id":"https:\/\/unaymilletras.com\/jack-jack-llegan-a-espana-con-dos-conciertos-exclusivos-en-abril\/#breadcrumb","itemListElement":[{"@type":"ListItem","position":1,"name":"Home","item":"http:\/\/unaymilletras.com\/"},{"@type":"ListItem","position":2,"name":"Jack &amp; Jack llegan a Espa\u00f1a con dos conciertos exclusivos en abril"}]},{"@type":"WebSite","@id":"http:\/\/unaymilletras.com\/#website","url":"http:\/\/unaymilletras.com\/","name":"Una y Mil Letras","description":"","publisher":{"@id":"http:\/\/unaymilletras.com\/#organization"},"potentialAction":[{"@type":"SearchAction","target":{"@type":"EntryPoint","urlTemplate":"http:\/\/unaymilletras.com\/?s={search_term_string}"},"query-input":{"@type":"PropertyValueSpecification","valueRequired":true,"valueName":"search_term_string"}}],"inLanguage":"en-GB"},{"@type":"Organization","@id":"http:\/\/unaymilletras.com\/#organization","name":"Una y Mil Letras","url":"http:\/\/unaymilletras.com\/","logo":{"@type":"ImageObject","inLanguage":"en-GB","@id":"http:\/\/unaymilletras.com\/#\/schema\/logo\/image\/","url":"https:\/\/unaymilletras.com\/wp-content\/uploads\/2024\/06\/cropped-Logo-removebg-preview.png","contentUrl":"https:\/\/unaymilletras.com\/wp-content\/uploads\/2024\/06\/cropped-Logo-removebg-preview.png","width":512,"height":512,"caption":"Una y Mil Letras"},"image":{"@id":"http:\/\/unaymilletras.com\/#\/schema\/logo\/image\/"},"sameAs":["https:\/\/x.com\/UnaYMilLetras","https:\/\/instagram.com\/UnaYMilLetras"]},{"@type":"Person","@id":"http:\/\/unaymilletras.com\/#\/schema\/person\/0860dc8a218329991ee2c7591f4f849d","name":"Redacci\u00f3n","image":{"@type":"ImageObject","inLanguage":"en-GB","@id":"https:\/\/secure.gravatar.com\/avatar\/d8f55e05a8b6597e45c55a1dcbdbfe44f4a360d88b48e00de5216a79b7732796?s=96&d=mm&r=g","url":"https:\/\/secure.gravatar.com\/avatar\/d8f55e05a8b6597e45c55a1dcbdbfe44f4a360d88b48e00de5216a79b7732796?s=96&d=mm&r=g","contentUrl":"https:\/\/secure.gravatar.com\/avatar\/d8f55e05a8b6597e45c55a1dcbdbfe44f4a360d88b48e00de5216a79b7732796?s=96&d=mm&r=g","caption":"Redacci\u00f3n"},"url":"https:\/\/unaymilletras.com\/en\/author\/redaccion\/"}]}},"_links":{"self":[{"href":"https:\/\/unaymilletras.com\/en\/wp-json\/wp\/v2\/posts\/4295","targetHints":{"allow":["GET"]}}],"collection":[{"href":"https:\/\/unaymilletras.com\/en\/wp-json\/wp\/v2\/posts"}],"about":[{"href":"https:\/\/unaymilletras.com\/en\/wp-json\/wp\/v2\/types\/post"}],"author":[{"embeddable":true,"href":"https:\/\/unaymilletras.com\/en\/wp-json\/wp\/v2\/users\/6"}],"replies":[{"embeddable":true,"href":"https:\/\/unaymilletras.com\/en\/wp-json\/wp\/v2\/comments?post=4295"}],"version-history":[{"count":7,"href":"https:\/\/unaymilletras.com\/en\/wp-json\/wp\/v2\/posts\/4295\/revisions"}],"predecessor-version":[{"id":4303,"href":"https:\/\/unaymilletras.com\/en\/wp-json\/wp\/v2\/posts\/4295\/revisions\/4303"}],"wp:featuredmedia":[{"embeddable":true,"href":"https:\/\/unaymilletras.com\/en\/wp-json\/wp\/v2\/media\/4297"}],"wp:attachment":[{"href":"https:\/\/unaymilletras.com\/en\/wp-json\/wp\/v2\/media?parent=4295"}],"wp:term":[{"taxonomy":"category","embeddable":true,"href":"https:\/\/unaymilletras.com\/en\/wp-json\/wp\/v2\/categories?post=4295"},{"taxonomy":"post_tag","embeddable":true,"href":"https:\/\/unaymilletras.com\/en\/wp-json\/wp\/v2\/tags?post=4295"}],"curies":[{"name":"wp","href":"https:\/\/api.w.org\/{rel}","templated":true}]}}