{"id":4304,"date":"2025-04-01T14:00:00","date_gmt":"2025-04-01T12:00:00","guid":{"rendered":"https:\/\/unaymilletras.com\/?p=4304"},"modified":"2025-04-01T00:02:17","modified_gmt":"2025-03-31T22:02:17","slug":"kidd-keo-lleva-su-esencia-a-la-coruna","status":"publish","type":"post","link":"https:\/\/unaymilletras.com\/en\/kidd-keo-lleva-su-esencia-a-la-coruna\/","title":{"rendered":"Kidd Keo lleva su esencia a La Coru\u00f1a"},"content":{"rendered":"<div data-elementor-type=\"wp-post\" data-elementor-id=\"4304\" class=\"elementor elementor-4304\">\n\t\t\t\t\t\t<section class=\"elementor-section elementor-top-section elementor-element elementor-element-192964a elementor-section-boxed elementor-section-height-default elementor-section-height-default\" data-id=\"192964a\" data-element_type=\"section\" data-e-type=\"section\">\n\t\t\t\t\t\t<div class=\"elementor-container elementor-column-gap-default\">\n\t\t\t\t\t<div class=\"elementor-column elementor-col-100 elementor-top-column elementor-element elementor-element-91d1f7d\" data-id=\"91d1f7d\" data-element_type=\"column\" data-e-type=\"column\">\n\t\t\t<div class=\"elementor-widget-wrap elementor-element-populated\">\n\t\t\t\t\t\t<div class=\"elementor-element elementor-element-b0263c0 elementor-widget elementor-widget-text-editor\" data-id=\"b0263c0\" data-element_type=\"widget\" data-e-type=\"widget\" data-widget_type=\"text-editor.default\">\n\t\t\t\t<div class=\"elementor-widget-container\">\n\t\t\t\t\t\t\t\t\t<h2 style=\"text-align: center;\"><span style=\"color: #808080;\"><em>Kidd Keo conquist\u00f3 al p\u00fablico gallego con un concierto cargado de energ\u00eda, sorpresas y un repertorio que repas\u00f3 sus mayores \u00e9xitos<\/em><\/span><\/h2>\t\t\t\t\t\t\t\t<\/div>\n\t\t\t\t<\/div>\n\t\t\t\t\t<\/div>\n\t\t<\/div>\n\t\t\t\t\t<\/div>\n\t\t<\/section>\n\t\t\t\t<section class=\"elementor-section elementor-top-section elementor-element elementor-element-0efddb1 elementor-section-boxed elementor-section-height-default elementor-section-height-default\" data-id=\"0efddb1\" data-element_type=\"section\" data-e-type=\"section\">\n\t\t\t\t\t\t<div class=\"elementor-container elementor-column-gap-default\">\n\t\t\t\t\t<div class=\"elementor-column elementor-col-100 elementor-top-column elementor-element elementor-element-9309a6f\" data-id=\"9309a6f\" data-element_type=\"column\" data-e-type=\"column\">\n\t\t\t<div class=\"elementor-widget-wrap elementor-element-populated\">\n\t\t\t\t\t\t<div class=\"elementor-element elementor-element-5169ace elementor-widget elementor-widget-text-editor\" data-id=\"5169ace\" data-element_type=\"widget\" data-e-type=\"widget\" data-widget_type=\"text-editor.default\">\n\t\t\t\t<div class=\"elementor-widget-container\">\n\t\t\t\t\t\t\t\t\t<p data-pm-slice=\"1 1 []\">El pasado 29 de marzo, la <b>Sala Pel\u00edcano de A Coru\u00f1a<\/b> se convirti\u00f3 en el epicentro del trap gracias a la esperada actuaci\u00f3n de <b>Kidd Keo<\/b>. Con un show que combin\u00f3 potencia esc\u00e9nica, una selecci\u00f3n impecable de temas y una producci\u00f3n visual impresionante, el artista demostr\u00f3 por qu\u00e9 sigue siendo uno de los nombres m\u00e1s relevantes de la escena urbana en espa\u00f1ol.<\/p>\n<p>Desde el primer momento, Kidd Keo demostr\u00f3 su habilidad para conectar con el p\u00fablico. Su presencia en el escenario estuvo acompa\u00f1ada de bailarinas de pole dancing y strip dancing, quienes con su destreza y sensualidad aportaron un extra de dinamismo y espectacularidad a la velada. La fusi\u00f3n entre la est\u00e9tica urbana del artista y la coreograf\u00eda electrizante de su equipo visual cre\u00f3 un ambiente que mantuvo a la audiencia hipnotizada de principio a fin.<\/p>\t\t\t\t\t\t\t\t<\/div>\n\t\t\t\t<\/div>\n\t\t\t\t\t<\/div>\n\t\t<\/div>\n\t\t\t\t\t<\/div>\n\t\t<\/section>\n\t\t\t\t<section class=\"elementor-section elementor-top-section elementor-element elementor-element-b94484b elementor-section-boxed elementor-section-height-default elementor-section-height-default\" data-id=\"b94484b\" data-element_type=\"section\" data-e-type=\"section\">\n\t\t\t\t\t\t<div class=\"elementor-container elementor-column-gap-default\">\n\t\t\t\t\t<div class=\"elementor-column elementor-col-100 elementor-top-column elementor-element elementor-element-bac214a\" data-id=\"bac214a\" data-element_type=\"column\" data-e-type=\"column\">\n\t\t\t<div class=\"elementor-widget-wrap elementor-element-populated\">\n\t\t\t\t\t\t<div class=\"elementor-element elementor-element-d4db5dc elementor-widget elementor-widget-image\" data-id=\"d4db5dc\" data-element_type=\"widget\" data-e-type=\"widget\" data-widget_type=\"image.default\">\n\t\t\t\t<div class=\"elementor-widget-container\">\n\t\t\t\t\t\t\t\t\t\t\t\t<figure class=\"wp-caption\">\n\t\t\t\t\t\t\t\t\t\t<img fetchpriority=\"high\" decoding=\"async\" width=\"640\" height=\"360\" src=\"https:\/\/unaymilletras.com\/wp-content\/uploads\/2025\/03\/51b516bc-612b-4c64-8357-9b6f2f9d-1024x576.jpg\" class=\"attachment-large size-large wp-image-4306\" alt=\"Kidd Keo\" srcset=\"https:\/\/unaymilletras.com\/wp-content\/uploads\/2025\/03\/51b516bc-612b-4c64-8357-9b6f2f9d-1024x576.jpg 1024w, https:\/\/unaymilletras.com\/wp-content\/uploads\/2025\/03\/51b516bc-612b-4c64-8357-9b6f2f9d-300x169.jpg 300w, https:\/\/unaymilletras.com\/wp-content\/uploads\/2025\/03\/51b516bc-612b-4c64-8357-9b6f2f9d-768x432.jpg 768w, https:\/\/unaymilletras.com\/wp-content\/uploads\/2025\/03\/51b516bc-612b-4c64-8357-9b6f2f9d-1536x864.jpg 1536w, https:\/\/unaymilletras.com\/wp-content\/uploads\/2025\/03\/51b516bc-612b-4c64-8357-9b6f2f9d-18x10.jpg 18w, https:\/\/unaymilletras.com\/wp-content\/uploads\/2025\/03\/51b516bc-612b-4c64-8357-9b6f2f9d-1280x720.jpg 1280w, https:\/\/unaymilletras.com\/wp-content\/uploads\/2025\/03\/51b516bc-612b-4c64-8357-9b6f2f9d-e1743458267715.jpg 600w\" sizes=\"(max-width: 640px) 100vw, 640px\" \/>\t\t\t\t\t\t\t\t\t\t\t<figcaption class=\"widget-image-caption wp-caption-text\">Fot\u00f3grafa: Lourdes de Vicente<\/figcaption>\n\t\t\t\t\t\t\t\t\t\t<\/figure>\n\t\t\t\t\t\t\t\t\t<\/div>\n\t\t\t\t<\/div>\n\t\t\t\t\t<\/div>\n\t\t<\/div>\n\t\t\t\t\t<\/div>\n\t\t<\/section>\n\t\t\t\t<section class=\"elementor-section elementor-top-section elementor-element elementor-element-eca8e12 elementor-section-boxed elementor-section-height-default elementor-section-height-default\" data-id=\"eca8e12\" data-element_type=\"section\" data-e-type=\"section\">\n\t\t\t\t\t\t<div class=\"elementor-container elementor-column-gap-default\">\n\t\t\t\t\t<div class=\"elementor-column elementor-col-100 elementor-top-column elementor-element elementor-element-0207e02\" data-id=\"0207e02\" data-element_type=\"column\" data-e-type=\"column\">\n\t\t\t<div class=\"elementor-widget-wrap elementor-element-populated\">\n\t\t\t\t\t\t<div class=\"elementor-element elementor-element-1d5a18d elementor-widget__width-initial elementor-widget elementor-widget-text-editor\" data-id=\"1d5a18d\" data-element_type=\"widget\" data-e-type=\"widget\" data-widget_type=\"text-editor.default\">\n\t\t\t\t<div class=\"elementor-widget-container\">\n\t\t\t\t\t\t\t\t\t<p data-pm-slice=\"1 1 []\">El repertorio de la noche fue un viaje a trav\u00e9s de su trayectoria musical, combinando sus \u00e9xitos m\u00e1s antiguos con sus lanzamientos m\u00e1s recientes. Cl\u00e1sicos como <b><i>BESOS<\/i><\/b>&nbsp;y <b><i>Dracukeo<\/i><\/b>&nbsp;encendieron al p\u00fablico, mientras que temas m\u00e1s actuales reforzaron su constante evoluci\u00f3n dentro del g\u00e9nero. La variedad de la selecci\u00f3n asegur\u00f3 que tanto los seguidores de siempre como los nuevos oyentes disfrutaran cada instante del concierto.<\/p>\n<p>Uno de los momentos m\u00e1s impactantes de la noche fue la aparici\u00f3n sorpresa de <b>El Patr\u00f3n<\/b> como invitado especial. Su presencia en el escenario gener\u00f3 una ovaci\u00f3n inmediata y demostr\u00f3 el poder de las colaboraciones en la escena urbana. Esta inesperada intervenci\u00f3n reforz\u00f3 la sensaci\u00f3n de exclusividad del evento, dejando a los asistentes con la impresi\u00f3n de haber presenciado algo \u00fanico.<\/p>\t\t\t\t\t\t\t\t<\/div>\n\t\t\t\t<\/div>\n\t\t\t\t\t<\/div>\n\t\t<\/div>\n\t\t\t\t\t<\/div>\n\t\t<\/section>\n\t\t\t\t<section class=\"elementor-section elementor-top-section elementor-element elementor-element-502ac07 elementor-section-boxed elementor-section-height-default elementor-section-height-default\" data-id=\"502ac07\" data-element_type=\"section\" data-e-type=\"section\">\n\t\t\t\t\t\t<div class=\"elementor-container elementor-column-gap-default\">\n\t\t\t\t\t<div class=\"elementor-column elementor-col-100 elementor-top-column elementor-element elementor-element-b9fb8be\" data-id=\"b9fb8be\" data-element_type=\"column\" data-e-type=\"column\">\n\t\t\t<div class=\"elementor-widget-wrap elementor-element-populated\">\n\t\t\t\t\t\t<div class=\"elementor-element elementor-element-9176383 elementor-widget elementor-widget-video\" data-id=\"9176383\" data-element_type=\"widget\" data-e-type=\"widget\" data-settings=\"{&quot;youtube_url&quot;:&quot;https:\\\/\\\/www.youtube.com\\\/watch?v=FWZEbdqo14o&amp;ab_channel=KiddKeo&quot;,&quot;video_type&quot;:&quot;youtube&quot;,&quot;controls&quot;:&quot;yes&quot;}\" data-widget_type=\"video.default\">\n\t\t\t\t<div class=\"elementor-widget-container\">\n\t\t\t\t\t\t\t<div class=\"elementor-wrapper elementor-open-inline\">\n\t\t\t<div class=\"elementor-video\"><\/div>\t\t<\/div>\n\t\t\t\t\t\t<\/div>\n\t\t\t\t<\/div>\n\t\t\t\t\t<\/div>\n\t\t<\/div>\n\t\t\t\t\t<\/div>\n\t\t<\/section>\n\t\t\t\t<section class=\"elementor-section elementor-top-section elementor-element elementor-element-80ad244 elementor-section-boxed elementor-section-height-default elementor-section-height-default\" data-id=\"80ad244\" data-element_type=\"section\" data-e-type=\"section\">\n\t\t\t\t\t\t<div class=\"elementor-container elementor-column-gap-default\">\n\t\t\t\t\t<div class=\"elementor-column elementor-col-100 elementor-top-column elementor-element elementor-element-0fc7e43\" data-id=\"0fc7e43\" data-element_type=\"column\" data-e-type=\"column\">\n\t\t\t<div class=\"elementor-widget-wrap elementor-element-populated\">\n\t\t\t\t\t\t<div class=\"elementor-element elementor-element-d98a026 elementor-widget elementor-widget-text-editor\" data-id=\"d98a026\" data-element_type=\"widget\" data-e-type=\"widget\" data-widget_type=\"text-editor.default\">\n\t\t\t\t<div class=\"elementor-widget-container\">\n\t\t\t\t\t\t\t\t\t<p data-pm-slice=\"1 1 []\">Otro de los puntos a destacar fue la interacci\u00f3n de Kidd Keo con su p\u00fablico. Mantuvo en todo momento su esencia, transparencia y naturalidad, dirigi\u00e9ndose a sus fans con respeto y cercan\u00eda. No dud\u00f3 en repetir algunas canciones a petici\u00f3n de la audiencia, mostrando su gratitud y entrega absoluta. Este gesto hizo que la conexi\u00f3n entre el artista y los asistentes fuera a\u00fan m\u00e1s especial.<\/p><p>El despliegue t\u00e9cnico del concierto tambi\u00e9n estuvo a la altura de la ocasi\u00f3n. Un juego de luces impresionante, efectos visuales potentes y un sonido impecable contribuyeron a la experiencia inmersiva que Kidd Keo prepar\u00f3 para su p\u00fablico en A Coru\u00f1a. La atm\u00f3sfera creada en la Sala Pel\u00edcano hizo que cada canci\u00f3n se viviera con intensidad, convirtiendo la noche en una aut\u00e9ntica celebraci\u00f3n del trap.<\/p><p>Al final de la noche, los comentarios entre los asistentes eran un\u00e1nimes: un concierto inolvidable que super\u00f3 todas las expectativas. La energ\u00eda, la entrega y la profesionalidad de Kidd Keo dejaron claro que sigue en la cima del g\u00e9nero urbano, y que su p\u00fablico, sin duda, est\u00e1 listo para repetir la experiencia en cuanto tenga la oportunidad.<\/p>\t\t\t\t\t\t\t\t<\/div>\n\t\t\t\t<\/div>\n\t\t\t\t\t<\/div>\n\t\t<\/div>\n\t\t\t\t\t<\/div>\n\t\t<\/section>\n\t\t\t\t<\/div>","protected":false},"excerpt":{"rendered":"<p>Kidd Keo conquist\u00f3 al p\u00fablico gallego con un concierto cargado de energ\u00eda, sorpresas y un repertorio que repas\u00f3 sus mayores \u00e9xitos El pasado 29 de marzo, la Sala Pel\u00edcano de A Coru\u00f1a se convirti\u00f3 en el epicentro del trap gracias a la esperada actuaci\u00f3n de Kidd Keo. Con un show que combin\u00f3 potencia esc\u00e9nica, una [&hellip;]<\/p>\n","protected":false},"author":6,"featured_media":4306,"comment_status":"closed","ping_status":"closed","sticky":false,"template":"","format":"standard","meta":{"footnotes":""},"categories":[4],"tags":[],"class_list":["post-4304","post","type-post","status-publish","format-standard","has-post-thumbnail","hentry","category-musica"],"yoast_head":"<!-- This site is optimized with the Yoast SEO plugin v27.4 - https:\/\/yoast.com\/product\/yoast-seo-wordpress\/ -->\n<title>Kidd Keo lleva su esencia a La Coru\u00f1a<\/title>\n<meta name=\"description\" content=\"Kidd Keo conquist\u00f3 al p\u00fablico gallego con un concierto cargado de energ\u00eda, sorpresas y un repertorio que repas\u00f3 sus mayores \u00e9xitos\" \/>\n<meta name=\"robots\" content=\"index, follow, max-snippet:-1, max-image-preview:large, max-video-preview:-1\" \/>\n<link rel=\"canonical\" href=\"https:\/\/unaymilletras.com\/en\/kidd-keo-lleva-su-esencia-a-la-coruna\/\" \/>\n<meta property=\"og:locale\" content=\"en_GB\" \/>\n<meta property=\"og:type\" content=\"article\" \/>\n<meta property=\"og:title\" content=\"Kidd Keo lleva su esencia a La Coru\u00f1a\" \/>\n<meta property=\"og:description\" content=\"Kidd Keo conquist\u00f3 al p\u00fablico gallego con un concierto cargado de energ\u00eda, sorpresas y un repertorio que repas\u00f3 sus mayores \u00e9xitos\" \/>\n<meta property=\"og:url\" content=\"https:\/\/unaymilletras.com\/en\/kidd-keo-lleva-su-esencia-a-la-coruna\/\" \/>\n<meta property=\"og:site_name\" content=\"Una y Mil Letras\" \/>\n<meta property=\"article:published_time\" content=\"2025-04-01T12:00:00+00:00\" \/>\n<meta property=\"og:image\" content=\"https:\/\/unaymilletras.com\/wp-content\/uploads\/2025\/03\/51b516bc-612b-4c64-8357-9b6f2f9d-e1743458267715.jpg\" \/>\n\t<meta property=\"og:image:width\" content=\"600\" \/>\n\t<meta property=\"og:image:height\" content=\"338\" \/>\n\t<meta property=\"og:image:type\" content=\"image\/jpeg\" \/>\n<meta name=\"author\" content=\"Redacci\u00f3n\" \/>\n<meta name=\"twitter:card\" content=\"summary_large_image\" \/>\n<meta name=\"twitter:creator\" content=\"@UnaYMilLetras\" \/>\n<meta name=\"twitter:site\" content=\"@UnaYMilLetras\" \/>\n<meta name=\"twitter:label1\" content=\"Written by\" \/>\n\t<meta name=\"twitter:data1\" content=\"Redacci\u00f3n\" \/>\n\t<meta name=\"twitter:label2\" content=\"Estimated reading time\" \/>\n\t<meta name=\"twitter:data2\" content=\"3 minutes\" \/>\n<script type=\"application\/ld+json\" class=\"yoast-schema-graph\">{\"@context\":\"https:\\\/\\\/schema.org\",\"@graph\":[{\"@type\":\"Article\",\"@id\":\"https:\\\/\\\/unaymilletras.com\\\/kidd-keo-lleva-su-esencia-a-la-coruna\\\/#article\",\"isPartOf\":{\"@id\":\"https:\\\/\\\/unaymilletras.com\\\/kidd-keo-lleva-su-esencia-a-la-coruna\\\/\"},\"author\":{\"name\":\"Redacci\u00f3n\",\"@id\":\"http:\\\/\\\/unaymilletras.com\\\/#\\\/schema\\\/person\\\/0860dc8a218329991ee2c7591f4f849d\"},\"headline\":\"Kidd Keo lleva su esencia a La Coru\u00f1a\",\"datePublished\":\"2025-04-01T12:00:00+00:00\",\"mainEntityOfPage\":{\"@id\":\"https:\\\/\\\/unaymilletras.com\\\/kidd-keo-lleva-su-esencia-a-la-coruna\\\/\"},\"wordCount\":547,\"publisher\":{\"@id\":\"http:\\\/\\\/unaymilletras.com\\\/#organization\"},\"image\":{\"@id\":\"https:\\\/\\\/unaymilletras.com\\\/kidd-keo-lleva-su-esencia-a-la-coruna\\\/#primaryimage\"},\"thumbnailUrl\":\"https:\\\/\\\/unaymilletras.com\\\/wp-content\\\/uploads\\\/2025\\\/03\\\/51b516bc-612b-4c64-8357-9b6f2f9d-e1743458267715.jpg\",\"articleSection\":[\"M\u00fasica\"],\"inLanguage\":\"en-GB\"},{\"@type\":\"WebPage\",\"@id\":\"https:\\\/\\\/unaymilletras.com\\\/kidd-keo-lleva-su-esencia-a-la-coruna\\\/\",\"url\":\"https:\\\/\\\/unaymilletras.com\\\/kidd-keo-lleva-su-esencia-a-la-coruna\\\/\",\"name\":\"Kidd Keo lleva su esencia a La Coru\u00f1a\",\"isPartOf\":{\"@id\":\"http:\\\/\\\/unaymilletras.com\\\/#website\"},\"primaryImageOfPage\":{\"@id\":\"https:\\\/\\\/unaymilletras.com\\\/kidd-keo-lleva-su-esencia-a-la-coruna\\\/#primaryimage\"},\"image\":{\"@id\":\"https:\\\/\\\/unaymilletras.com\\\/kidd-keo-lleva-su-esencia-a-la-coruna\\\/#primaryimage\"},\"thumbnailUrl\":\"https:\\\/\\\/unaymilletras.com\\\/wp-content\\\/uploads\\\/2025\\\/03\\\/51b516bc-612b-4c64-8357-9b6f2f9d-e1743458267715.jpg\",\"datePublished\":\"2025-04-01T12:00:00+00:00\",\"description\":\"Kidd Keo conquist\u00f3 al p\u00fablico gallego con un concierto cargado de energ\u00eda, sorpresas y un repertorio que repas\u00f3 sus mayores \u00e9xitos\",\"breadcrumb\":{\"@id\":\"https:\\\/\\\/unaymilletras.com\\\/kidd-keo-lleva-su-esencia-a-la-coruna\\\/#breadcrumb\"},\"inLanguage\":\"en-GB\",\"potentialAction\":[{\"@type\":\"ReadAction\",\"target\":[\"https:\\\/\\\/unaymilletras.com\\\/kidd-keo-lleva-su-esencia-a-la-coruna\\\/\"]}]},{\"@type\":\"ImageObject\",\"inLanguage\":\"en-GB\",\"@id\":\"https:\\\/\\\/unaymilletras.com\\\/kidd-keo-lleva-su-esencia-a-la-coruna\\\/#primaryimage\",\"url\":\"https:\\\/\\\/unaymilletras.com\\\/wp-content\\\/uploads\\\/2025\\\/03\\\/51b516bc-612b-4c64-8357-9b6f2f9d-e1743458267715.jpg\",\"contentUrl\":\"https:\\\/\\\/unaymilletras.com\\\/wp-content\\\/uploads\\\/2025\\\/03\\\/51b516bc-612b-4c64-8357-9b6f2f9d-e1743458267715.jpg\",\"width\":600,\"height\":338,\"caption\":\"Fot\u00f3grafa: Lourdes de Vicente\"},{\"@type\":\"BreadcrumbList\",\"@id\":\"https:\\\/\\\/unaymilletras.com\\\/kidd-keo-lleva-su-esencia-a-la-coruna\\\/#breadcrumb\",\"itemListElement\":[{\"@type\":\"ListItem\",\"position\":1,\"name\":\"Home\",\"item\":\"http:\\\/\\\/unaymilletras.com\\\/\"},{\"@type\":\"ListItem\",\"position\":2,\"name\":\"Kidd Keo lleva su esencia a La Coru\u00f1a\"}]},{\"@type\":\"WebSite\",\"@id\":\"http:\\\/\\\/unaymilletras.com\\\/#website\",\"url\":\"http:\\\/\\\/unaymilletras.com\\\/\",\"name\":\"Una y Mil Letras\",\"description\":\"\",\"publisher\":{\"@id\":\"http:\\\/\\\/unaymilletras.com\\\/#organization\"},\"potentialAction\":[{\"@type\":\"SearchAction\",\"target\":{\"@type\":\"EntryPoint\",\"urlTemplate\":\"http:\\\/\\\/unaymilletras.com\\\/?s={search_term_string}\"},\"query-input\":{\"@type\":\"PropertyValueSpecification\",\"valueRequired\":true,\"valueName\":\"search_term_string\"}}],\"inLanguage\":\"en-GB\"},{\"@type\":\"Organization\",\"@id\":\"http:\\\/\\\/unaymilletras.com\\\/#organization\",\"name\":\"Una y Mil Letras\",\"url\":\"http:\\\/\\\/unaymilletras.com\\\/\",\"logo\":{\"@type\":\"ImageObject\",\"inLanguage\":\"en-GB\",\"@id\":\"http:\\\/\\\/unaymilletras.com\\\/#\\\/schema\\\/logo\\\/image\\\/\",\"url\":\"https:\\\/\\\/unaymilletras.com\\\/wp-content\\\/uploads\\\/2024\\\/06\\\/cropped-Logo-removebg-preview.png\",\"contentUrl\":\"https:\\\/\\\/unaymilletras.com\\\/wp-content\\\/uploads\\\/2024\\\/06\\\/cropped-Logo-removebg-preview.png\",\"width\":512,\"height\":512,\"caption\":\"Una y Mil Letras\"},\"image\":{\"@id\":\"http:\\\/\\\/unaymilletras.com\\\/#\\\/schema\\\/logo\\\/image\\\/\"},\"sameAs\":[\"https:\\\/\\\/x.com\\\/UnaYMilLetras\",\"https:\\\/\\\/instagram.com\\\/UnaYMilLetras\"]},{\"@type\":\"Person\",\"@id\":\"http:\\\/\\\/unaymilletras.com\\\/#\\\/schema\\\/person\\\/0860dc8a218329991ee2c7591f4f849d\",\"name\":\"Redacci\u00f3n\",\"image\":{\"@type\":\"ImageObject\",\"inLanguage\":\"en-GB\",\"@id\":\"https:\\\/\\\/secure.gravatar.com\\\/avatar\\\/d8f55e05a8b6597e45c55a1dcbdbfe44f4a360d88b48e00de5216a79b7732796?s=96&d=mm&r=g\",\"url\":\"https:\\\/\\\/secure.gravatar.com\\\/avatar\\\/d8f55e05a8b6597e45c55a1dcbdbfe44f4a360d88b48e00de5216a79b7732796?s=96&d=mm&r=g\",\"contentUrl\":\"https:\\\/\\\/secure.gravatar.com\\\/avatar\\\/d8f55e05a8b6597e45c55a1dcbdbfe44f4a360d88b48e00de5216a79b7732796?s=96&d=mm&r=g\",\"caption\":\"Redacci\u00f3n\"},\"url\":\"https:\\\/\\\/unaymilletras.com\\\/en\\\/author\\\/redaccion\\\/\"}]}<\/script>\n<!-- \/ Yoast SEO plugin. -->","yoast_head_json":{"title":"Kidd Keo lleva su esencia a La Coru\u00f1a","description":"Kidd Keo conquist\u00f3 al p\u00fablico gallego con un concierto cargado de energ\u00eda, sorpresas y un repertorio que repas\u00f3 sus mayores \u00e9xitos","robots":{"index":"index","follow":"follow","max-snippet":"max-snippet:-1","max-image-preview":"max-image-preview:large","max-video-preview":"max-video-preview:-1"},"canonical":"https:\/\/unaymilletras.com\/en\/kidd-keo-lleva-su-esencia-a-la-coruna\/","og_locale":"en_GB","og_type":"article","og_title":"Kidd Keo lleva su esencia a La Coru\u00f1a","og_description":"Kidd Keo conquist\u00f3 al p\u00fablico gallego con un concierto cargado de energ\u00eda, sorpresas y un repertorio que repas\u00f3 sus mayores \u00e9xitos","og_url":"https:\/\/unaymilletras.com\/en\/kidd-keo-lleva-su-esencia-a-la-coruna\/","og_site_name":"Una y Mil Letras","article_published_time":"2025-04-01T12:00:00+00:00","og_image":[{"width":600,"height":338,"url":"https:\/\/unaymilletras.com\/wp-content\/uploads\/2025\/03\/51b516bc-612b-4c64-8357-9b6f2f9d-e1743458267715.jpg","type":"image\/jpeg"}],"author":"Redacci\u00f3n","twitter_card":"summary_large_image","twitter_creator":"@UnaYMilLetras","twitter_site":"@UnaYMilLetras","twitter_misc":{"Written by":"Redacci\u00f3n","Estimated reading time":"3 minutes"},"schema":{"@context":"https:\/\/schema.org","@graph":[{"@type":"Article","@id":"https:\/\/unaymilletras.com\/kidd-keo-lleva-su-esencia-a-la-coruna\/#article","isPartOf":{"@id":"https:\/\/unaymilletras.com\/kidd-keo-lleva-su-esencia-a-la-coruna\/"},"author":{"name":"Redacci\u00f3n","@id":"http:\/\/unaymilletras.com\/#\/schema\/person\/0860dc8a218329991ee2c7591f4f849d"},"headline":"Kidd Keo lleva su esencia a La Coru\u00f1a","datePublished":"2025-04-01T12:00:00+00:00","mainEntityOfPage":{"@id":"https:\/\/unaymilletras.com\/kidd-keo-lleva-su-esencia-a-la-coruna\/"},"wordCount":547,"publisher":{"@id":"http:\/\/unaymilletras.com\/#organization"},"image":{"@id":"https:\/\/unaymilletras.com\/kidd-keo-lleva-su-esencia-a-la-coruna\/#primaryimage"},"thumbnailUrl":"https:\/\/unaymilletras.com\/wp-content\/uploads\/2025\/03\/51b516bc-612b-4c64-8357-9b6f2f9d-e1743458267715.jpg","articleSection":["M\u00fasica"],"inLanguage":"en-GB"},{"@type":"WebPage","@id":"https:\/\/unaymilletras.com\/kidd-keo-lleva-su-esencia-a-la-coruna\/","url":"https:\/\/unaymilletras.com\/kidd-keo-lleva-su-esencia-a-la-coruna\/","name":"Kidd Keo lleva su esencia a La Coru\u00f1a","isPartOf":{"@id":"http:\/\/unaymilletras.com\/#website"},"primaryImageOfPage":{"@id":"https:\/\/unaymilletras.com\/kidd-keo-lleva-su-esencia-a-la-coruna\/#primaryimage"},"image":{"@id":"https:\/\/unaymilletras.com\/kidd-keo-lleva-su-esencia-a-la-coruna\/#primaryimage"},"thumbnailUrl":"https:\/\/unaymilletras.com\/wp-content\/uploads\/2025\/03\/51b516bc-612b-4c64-8357-9b6f2f9d-e1743458267715.jpg","datePublished":"2025-04-01T12:00:00+00:00","description":"Kidd Keo conquist\u00f3 al p\u00fablico gallego con un concierto cargado de energ\u00eda, sorpresas y un repertorio que repas\u00f3 sus mayores \u00e9xitos","breadcrumb":{"@id":"https:\/\/unaymilletras.com\/kidd-keo-lleva-su-esencia-a-la-coruna\/#breadcrumb"},"inLanguage":"en-GB","potentialAction":[{"@type":"ReadAction","target":["https:\/\/unaymilletras.com\/kidd-keo-lleva-su-esencia-a-la-coruna\/"]}]},{"@type":"ImageObject","inLanguage":"en-GB","@id":"https:\/\/unaymilletras.com\/kidd-keo-lleva-su-esencia-a-la-coruna\/#primaryimage","url":"https:\/\/unaymilletras.com\/wp-content\/uploads\/2025\/03\/51b516bc-612b-4c64-8357-9b6f2f9d-e1743458267715.jpg","contentUrl":"https:\/\/unaymilletras.com\/wp-content\/uploads\/2025\/03\/51b516bc-612b-4c64-8357-9b6f2f9d-e1743458267715.jpg","width":600,"height":338,"caption":"Fot\u00f3grafa: Lourdes de Vicente"},{"@type":"BreadcrumbList","@id":"https:\/\/unaymilletras.com\/kidd-keo-lleva-su-esencia-a-la-coruna\/#breadcrumb","itemListElement":[{"@type":"ListItem","position":1,"name":"Home","item":"http:\/\/unaymilletras.com\/"},{"@type":"ListItem","position":2,"name":"Kidd Keo lleva su esencia a La Coru\u00f1a"}]},{"@type":"WebSite","@id":"http:\/\/unaymilletras.com\/#website","url":"http:\/\/unaymilletras.com\/","name":"Una y Mil Letras","description":"","publisher":{"@id":"http:\/\/unaymilletras.com\/#organization"},"potentialAction":[{"@type":"SearchAction","target":{"@type":"EntryPoint","urlTemplate":"http:\/\/unaymilletras.com\/?s={search_term_string}"},"query-input":{"@type":"PropertyValueSpecification","valueRequired":true,"valueName":"search_term_string"}}],"inLanguage":"en-GB"},{"@type":"Organization","@id":"http:\/\/unaymilletras.com\/#organization","name":"Una y Mil Letras","url":"http:\/\/unaymilletras.com\/","logo":{"@type":"ImageObject","inLanguage":"en-GB","@id":"http:\/\/unaymilletras.com\/#\/schema\/logo\/image\/","url":"https:\/\/unaymilletras.com\/wp-content\/uploads\/2024\/06\/cropped-Logo-removebg-preview.png","contentUrl":"https:\/\/unaymilletras.com\/wp-content\/uploads\/2024\/06\/cropped-Logo-removebg-preview.png","width":512,"height":512,"caption":"Una y Mil Letras"},"image":{"@id":"http:\/\/unaymilletras.com\/#\/schema\/logo\/image\/"},"sameAs":["https:\/\/x.com\/UnaYMilLetras","https:\/\/instagram.com\/UnaYMilLetras"]},{"@type":"Person","@id":"http:\/\/unaymilletras.com\/#\/schema\/person\/0860dc8a218329991ee2c7591f4f849d","name":"Redacci\u00f3n","image":{"@type":"ImageObject","inLanguage":"en-GB","@id":"https:\/\/secure.gravatar.com\/avatar\/d8f55e05a8b6597e45c55a1dcbdbfe44f4a360d88b48e00de5216a79b7732796?s=96&d=mm&r=g","url":"https:\/\/secure.gravatar.com\/avatar\/d8f55e05a8b6597e45c55a1dcbdbfe44f4a360d88b48e00de5216a79b7732796?s=96&d=mm&r=g","contentUrl":"https:\/\/secure.gravatar.com\/avatar\/d8f55e05a8b6597e45c55a1dcbdbfe44f4a360d88b48e00de5216a79b7732796?s=96&d=mm&r=g","caption":"Redacci\u00f3n"},"url":"https:\/\/unaymilletras.com\/en\/author\/redaccion\/"}]}},"_links":{"self":[{"href":"https:\/\/unaymilletras.com\/en\/wp-json\/wp\/v2\/posts\/4304","targetHints":{"allow":["GET"]}}],"collection":[{"href":"https:\/\/unaymilletras.com\/en\/wp-json\/wp\/v2\/posts"}],"about":[{"href":"https:\/\/unaymilletras.com\/en\/wp-json\/wp\/v2\/types\/post"}],"author":[{"embeddable":true,"href":"https:\/\/unaymilletras.com\/en\/wp-json\/wp\/v2\/users\/6"}],"replies":[{"embeddable":true,"href":"https:\/\/unaymilletras.com\/en\/wp-json\/wp\/v2\/comments?post=4304"}],"version-history":[{"count":4,"href":"https:\/\/unaymilletras.com\/en\/wp-json\/wp\/v2\/posts\/4304\/revisions"}],"predecessor-version":[{"id":4309,"href":"https:\/\/unaymilletras.com\/en\/wp-json\/wp\/v2\/posts\/4304\/revisions\/4309"}],"wp:featuredmedia":[{"embeddable":true,"href":"https:\/\/unaymilletras.com\/en\/wp-json\/wp\/v2\/media\/4306"}],"wp:attachment":[{"href":"https:\/\/unaymilletras.com\/en\/wp-json\/wp\/v2\/media?parent=4304"}],"wp:term":[{"taxonomy":"category","embeddable":true,"href":"https:\/\/unaymilletras.com\/en\/wp-json\/wp\/v2\/categories?post=4304"},{"taxonomy":"post_tag","embeddable":true,"href":"https:\/\/unaymilletras.com\/en\/wp-json\/wp\/v2\/tags?post=4304"}],"curies":[{"name":"wp","href":"https:\/\/api.w.org\/{rel}","templated":true}]}}