{"id":4317,"date":"2025-04-02T16:01:31","date_gmt":"2025-04-02T14:01:31","guid":{"rendered":"https:\/\/unaymilletras.com\/?p=4317"},"modified":"2025-04-02T16:05:22","modified_gmt":"2025-04-02T14:05:22","slug":"gemeliers-triunfan-remember-tour-por-su-decimo-aniversario","status":"publish","type":"post","link":"https:\/\/unaymilletras.com\/en\/gemeliers-triunfan-remember-tour-por-su-decimo-aniversario\/","title":{"rendered":"Gemeliers triunfan Remember Tour por su d\u00e9cimo aniversario"},"content":{"rendered":"<div data-elementor-type=\"wp-post\" data-elementor-id=\"4317\" class=\"elementor elementor-4317\">\n\t\t\t\t\t\t<section class=\"elementor-section elementor-top-section elementor-element elementor-element-8b9114b elementor-section-boxed elementor-section-height-default elementor-section-height-default\" data-id=\"8b9114b\" data-element_type=\"section\" data-e-type=\"section\">\n\t\t\t\t\t\t<div class=\"elementor-container elementor-column-gap-default\">\n\t\t\t\t\t<div class=\"elementor-column elementor-col-100 elementor-top-column elementor-element elementor-element-6a25587\" data-id=\"6a25587\" data-element_type=\"column\" data-e-type=\"column\">\n\t\t\t<div class=\"elementor-widget-wrap elementor-element-populated\">\n\t\t\t\t\t\t<div class=\"elementor-element elementor-element-a966276 elementor-widget elementor-widget-text-editor\" data-id=\"a966276\" data-element_type=\"widget\" data-e-type=\"widget\" data-widget_type=\"text-editor.default\">\n\t\t\t\t<div class=\"elementor-widget-container\">\n\t\t\t\t\t\t\t\t\t<h2 style=\"text-align: center;\"><span style=\"color: #808080;\"><em>El d\u00fao sevillano Gemeliers suma nuevas citas y cambia recintos tras agotar entradas en varias ciudades<\/em><\/span><\/h2>\t\t\t\t\t\t\t\t<\/div>\n\t\t\t\t<\/div>\n\t\t\t\t\t<\/div>\n\t\t<\/div>\n\t\t\t\t\t<\/div>\n\t\t<\/section>\n\t\t\t\t<section class=\"elementor-section elementor-top-section elementor-element elementor-element-f0d4b30 elementor-section-boxed elementor-section-height-default elementor-section-height-default\" data-id=\"f0d4b30\" data-element_type=\"section\" data-e-type=\"section\">\n\t\t\t\t\t\t<div class=\"elementor-container elementor-column-gap-default\">\n\t\t\t\t\t<div class=\"elementor-column elementor-col-100 elementor-top-column elementor-element elementor-element-34232a6\" data-id=\"34232a6\" data-element_type=\"column\" data-e-type=\"column\">\n\t\t\t<div class=\"elementor-widget-wrap elementor-element-populated\">\n\t\t\t\t\t\t<div class=\"elementor-element elementor-element-4518465 elementor-widget elementor-widget-text-editor\" data-id=\"4518465\" data-element_type=\"widget\" data-e-type=\"widget\" data-widget_type=\"text-editor.default\">\n\t\t\t\t<div class=\"elementor-widget-container\">\n\t\t\t\t\t\t\t\t\t<p class=\"\" data-start=\"221\" data-end=\"738\">El regreso de <strong data-start=\"235\" data-end=\"248\">Gemeliers<\/strong> a los escenarios est\u00e1 siendo un \u00e9xito rotundo. Su gira <strong data-start=\"304\" data-end=\"321\">Remember Tour<\/strong>, con la que celebran <strong data-start=\"343\" data-end=\"371\">diez a\u00f1os de trayectoria<\/strong>, ha despertado una enorme expectaci\u00f3n entre sus seguidores. Tanto es as\u00ed que las entradas para <strong data-start=\"467\" data-end=\"477\">M\u00e1laga<\/strong> ya est\u00e1n agotadas, y en <strong data-start=\"502\" data-end=\"512\">Madrid<\/strong> y <strong data-start=\"515\" data-end=\"526\">Sevilla<\/strong> han tenido que a\u00f1adir <strong data-start=\"549\" data-end=\"568\">segundas fechas<\/strong>. Adem\u00e1s, el concierto de <strong data-start=\"637\" data-end=\"668\">Barcelona cambia de recinto<\/strong> para dar cabida a m\u00e1s p\u00fablico, traslad\u00e1ndose a la <strong data-start=\"719\" data-end=\"735\">sala Apolo 1<\/strong>.<\/p>\t\t\t\t\t\t\t\t<\/div>\n\t\t\t\t<\/div>\n\t\t\t\t\t<\/div>\n\t\t<\/div>\n\t\t\t\t\t<\/div>\n\t\t<\/section>\n\t\t\t\t<section class=\"elementor-section elementor-top-section elementor-element elementor-element-37f98a5 elementor-section-boxed elementor-section-height-default elementor-section-height-default\" data-id=\"37f98a5\" data-element_type=\"section\" data-e-type=\"section\">\n\t\t\t\t\t\t<div class=\"elementor-container elementor-column-gap-default\">\n\t\t\t\t\t<div class=\"elementor-column elementor-col-100 elementor-top-column elementor-element elementor-element-6e30023\" data-id=\"6e30023\" data-element_type=\"column\" data-e-type=\"column\">\n\t\t\t<div class=\"elementor-widget-wrap elementor-element-populated\">\n\t\t\t\t\t\t<div class=\"elementor-element elementor-element-e590b15 elementor-widget elementor-widget-image\" data-id=\"e590b15\" data-element_type=\"widget\" data-e-type=\"widget\" data-widget_type=\"image.default\">\n\t\t\t\t<div class=\"elementor-widget-container\">\n\t\t\t\t\t\t\t\t\t\t\t\t\t\t\t<img fetchpriority=\"high\" decoding=\"async\" width=\"640\" height=\"360\" src=\"https:\/\/unaymilletras.com\/wp-content\/uploads\/2025\/04\/clipping_bs18xp_e69c-1024x576.jpg\" class=\"attachment-large size-large wp-image-4319\" alt=\"Gemeliers\" srcset=\"https:\/\/unaymilletras.com\/wp-content\/uploads\/2025\/04\/clipping_bs18xp_e69c-1024x576.jpg 1024w, https:\/\/unaymilletras.com\/wp-content\/uploads\/2025\/04\/clipping_bs18xp_e69c-300x169.jpg 300w, https:\/\/unaymilletras.com\/wp-content\/uploads\/2025\/04\/clipping_bs18xp_e69c-768x432.jpg 768w, https:\/\/unaymilletras.com\/wp-content\/uploads\/2025\/04\/clipping_bs18xp_e69c-18x10.jpg 18w, https:\/\/unaymilletras.com\/wp-content\/uploads\/2025\/04\/clipping_bs18xp_e69c-e1743602019994.jpg 600w\" sizes=\"(max-width: 640px) 100vw, 640px\" \/>\t\t\t\t\t\t\t\t\t\t\t\t\t\t\t<\/div>\n\t\t\t\t<\/div>\n\t\t\t\t\t<\/div>\n\t\t<\/div>\n\t\t\t\t\t<\/div>\n\t\t<\/section>\n\t\t\t\t<section class=\"elementor-section elementor-top-section elementor-element elementor-element-dac68d6 elementor-section-boxed elementor-section-height-default elementor-section-height-default\" data-id=\"dac68d6\" data-element_type=\"section\" data-e-type=\"section\">\n\t\t\t\t\t\t<div class=\"elementor-container elementor-column-gap-default\">\n\t\t\t\t\t<div class=\"elementor-column elementor-col-100 elementor-top-column elementor-element elementor-element-61c67d0\" data-id=\"61c67d0\" data-element_type=\"column\" data-e-type=\"column\">\n\t\t\t<div class=\"elementor-widget-wrap elementor-element-populated\">\n\t\t\t\t\t\t<div class=\"elementor-element elementor-element-66fefbb elementor-widget elementor-widget-text-editor\" data-id=\"66fefbb\" data-element_type=\"widget\" data-e-type=\"widget\" data-widget_type=\"text-editor.default\">\n\t\t\t\t<div class=\"elementor-widget-container\">\n\t\t\t\t\t\t\t\t\t<p class=\"\" data-start=\"740\" data-end=\"1270\">La gira, que promete revivir los grandes \u00e9xitos del d\u00fao, contar\u00e1 con una <strong data-start=\"813\" data-end=\"853\">nueva fecha en Madrid el 24 de abril<\/strong> y otra en <strong data-start=\"864\" data-end=\"889\">Sevilla el 30 de mayo<\/strong>, debido a la gran demanda de entradas. A estas novedades se suma tambi\u00e9n la confirmaci\u00f3n de su primer concierto en <strong data-start=\"1005\" data-end=\"1016\">Granada<\/strong>, que tendr\u00e1 lugar el <strong data-start=\"1038\" data-end=\"1073\">5 de junio en Industrial Copera<\/strong>. Este anuncio ha sido recibido con entusiasmo por sus seguidores, quienes han mostrado su emoci\u00f3n en redes sociales. El hashtag <strong data-start=\"1208\" data-end=\"1229\">#RememberTour2025<\/strong> ha sido tendencia en varias ocasiones.<\/p>\n<p class=\"\" data-start=\"1272\" data-end=\"1648\">Desde su debut, <strong data-start=\"1288\" data-end=\"1301\">Gemeliers<\/strong> han marcado a toda una generaci\u00f3n con su m\u00fasica, consolid\u00e1ndose como una de las duplas m\u00e1s queridas del pop espa\u00f1ol. Con el <strong data-start=\"1426\" data-end=\"1443\">Remember Tour<\/strong>, buscan llevar a sus fans en un viaje a trav\u00e9s de sus canciones m\u00e1s emblem\u00e1ticas, con una puesta en escena renovada, banda en directo y una producci\u00f3n que promete momentos llenos de emoci\u00f3n y nostalgia.<\/p>\t\t\t\t\t\t\t\t<\/div>\n\t\t\t\t<\/div>\n\t\t\t\t\t<\/div>\n\t\t<\/div>\n\t\t\t\t\t<\/div>\n\t\t<\/section>\n\t\t\t\t<section class=\"elementor-section elementor-top-section elementor-element elementor-element-46d949b elementor-section-boxed elementor-section-height-default elementor-section-height-default\" data-id=\"46d949b\" data-element_type=\"section\" data-e-type=\"section\">\n\t\t\t\t\t\t<div class=\"elementor-container elementor-column-gap-default\">\n\t\t\t\t\t<div class=\"elementor-column elementor-col-100 elementor-top-column elementor-element elementor-element-015ae1e\" data-id=\"015ae1e\" data-element_type=\"column\" data-e-type=\"column\">\n\t\t\t<div class=\"elementor-widget-wrap elementor-element-populated\">\n\t\t\t\t\t\t<div class=\"elementor-element elementor-element-430e039 elementor-widget elementor-widget-video\" data-id=\"430e039\" data-element_type=\"widget\" data-e-type=\"widget\" data-settings=\"{&quot;youtube_url&quot;:&quot;https:\\\/\\\/www.youtube.com\\\/watch?v=PvuZysfaVN0&amp;ab_channel=GemeliersMusic&quot;,&quot;video_type&quot;:&quot;youtube&quot;,&quot;controls&quot;:&quot;yes&quot;}\" data-widget_type=\"video.default\">\n\t\t\t\t<div class=\"elementor-widget-container\">\n\t\t\t\t\t\t\t<div class=\"elementor-wrapper elementor-open-inline\">\n\t\t\t<div class=\"elementor-video\"><\/div>\t\t<\/div>\n\t\t\t\t\t\t<\/div>\n\t\t\t\t<\/div>\n\t\t\t\t\t<\/div>\n\t\t<\/div>\n\t\t\t\t\t<\/div>\n\t\t<\/section>\n\t\t\t\t<section class=\"elementor-section elementor-top-section elementor-element elementor-element-b1393e3 elementor-section-boxed elementor-section-height-default elementor-section-height-default\" data-id=\"b1393e3\" data-element_type=\"section\" data-e-type=\"section\">\n\t\t\t\t\t\t<div class=\"elementor-container elementor-column-gap-default\">\n\t\t\t\t\t<div class=\"elementor-column elementor-col-100 elementor-top-column elementor-element elementor-element-03461c3\" data-id=\"03461c3\" data-element_type=\"column\" data-e-type=\"column\">\n\t\t\t<div class=\"elementor-widget-wrap elementor-element-populated\">\n\t\t\t\t\t\t<div class=\"elementor-element elementor-element-259e94d elementor-widget elementor-widget-text-editor\" data-id=\"259e94d\" data-element_type=\"widget\" data-e-type=\"widget\" data-widget_type=\"text-editor.default\">\n\t\t\t\t<div class=\"elementor-widget-container\">\n\t\t\t\t\t\t\t\t\t<p class=\"\" data-start=\"1650\" data-end=\"1856\">\u00ab<strong data-start=\"1651\" data-end=\"1816\">Es un regalo para nuestros seguidores, que han estado con nosotros desde el principio. Queremos revivir juntos estos diez a\u00f1os de m\u00fasica y recuerdos inolvidables<\/strong>\u00ab, han afirmado Jes\u00fas y Daniel Oviedo.<\/p><p class=\"\" data-start=\"1858\" data-end=\"2223\">El \u00e9xito de la gira no ha pasado desapercibido, y muchos fans ya piden m\u00e1s fechas en otras ciudades. Mientras tanto, las entradas siguen a la venta en <span style=\"color: #808080;\"><strong data-start=\"2009\" data-end=\"2070\"><a class=\"\" style=\"color: #808080; text-decoration: underline;\" href=\"https:\/\/enterticket.net\/giragemeliers2025\/\" target=\"_new\" rel=\"noopener\" data-start=\"2011\" data-end=\"2068\">Enterticket<\/a><\/strong><\/span>, aunque, viendo la rapidez con la que se est\u00e1n agotando, todo apunta a que m\u00e1s localidades colgar\u00e1n el cartel de \u00abno hay billetes\u00bb en los pr\u00f3ximos d\u00edas.<\/p>\t\t\t\t\t\t\t\t<\/div>\n\t\t\t\t<\/div>\n\t\t\t\t\t<\/div>\n\t\t<\/div>\n\t\t\t\t\t<\/div>\n\t\t<\/section>\n\t\t\t\t<\/div>","protected":false},"excerpt":{"rendered":"<p>El d\u00fao sevillano Gemeliers suma nuevas citas y cambia recintos tras agotar entradas en varias ciudades El regreso de Gemeliers a los escenarios est\u00e1 siendo un \u00e9xito rotundo. Su gira Remember Tour, con la que celebran diez a\u00f1os de trayectoria, ha despertado una enorme expectaci\u00f3n entre sus seguidores. Tanto es as\u00ed que las entradas para [&hellip;]<\/p>\n","protected":false},"author":6,"featured_media":4319,"comment_status":"closed","ping_status":"closed","sticky":false,"template":"","format":"standard","meta":{"footnotes":""},"categories":[4],"tags":[],"class_list":["post-4317","post","type-post","status-publish","format-standard","has-post-thumbnail","hentry","category-musica"],"yoast_head":"<!-- This site is optimized with the Yoast SEO plugin v27.4 - https:\/\/yoast.com\/product\/yoast-seo-wordpress\/ -->\n<title>Gemeliers triunfan Remember Tour por su d\u00e9cimo aniversario<\/title>\n<meta name=\"description\" content=\"El d\u00fao sevillano Gemeliers suma nuevas citas tras agotar entradas en varias ciudades y cambia de recinto en Barcelona para ampliar aforo\" \/>\n<meta name=\"robots\" content=\"index, follow, max-snippet:-1, max-image-preview:large, max-video-preview:-1\" \/>\n<link rel=\"canonical\" href=\"https:\/\/unaymilletras.com\/en\/gemeliers-triunfan-remember-tour-por-su-decimo-aniversario\/\" \/>\n<meta property=\"og:locale\" content=\"en_GB\" \/>\n<meta property=\"og:type\" content=\"article\" \/>\n<meta property=\"og:title\" content=\"Gemeliers triunfan Remember Tour por su d\u00e9cimo aniversario\" \/>\n<meta property=\"og:description\" content=\"El d\u00fao sevillano Gemeliers suma nuevas citas tras agotar entradas en varias ciudades y cambia de recinto en Barcelona para ampliar aforo\" \/>\n<meta property=\"og:url\" content=\"https:\/\/unaymilletras.com\/en\/gemeliers-triunfan-remember-tour-por-su-decimo-aniversario\/\" \/>\n<meta property=\"og:site_name\" content=\"Una y Mil Letras\" \/>\n<meta property=\"article:published_time\" content=\"2025-04-02T14:01:31+00:00\" \/>\n<meta property=\"article:modified_time\" content=\"2025-04-02T14:05:22+00:00\" \/>\n<meta property=\"og:image\" content=\"http:\/\/unaymilletras.com\/wp-content\/uploads\/2025\/04\/clipping_bs18xp_e69c-e1743602019994.jpg\" \/>\n\t<meta property=\"og:image:width\" content=\"600\" \/>\n\t<meta property=\"og:image:height\" content=\"338\" \/>\n\t<meta property=\"og:image:type\" content=\"image\/jpeg\" \/>\n<meta name=\"author\" content=\"Redacci\u00f3n\" \/>\n<meta name=\"twitter:card\" content=\"summary_large_image\" \/>\n<meta name=\"twitter:creator\" content=\"@UnaYMilLetras\" \/>\n<meta name=\"twitter:site\" content=\"@UnaYMilLetras\" \/>\n<meta name=\"twitter:label1\" content=\"Written by\" \/>\n\t<meta name=\"twitter:data1\" content=\"Redacci\u00f3n\" \/>\n\t<meta name=\"twitter:label2\" content=\"Estimated reading time\" \/>\n\t<meta name=\"twitter:data2\" content=\"2 minutes\" \/>\n<script type=\"application\/ld+json\" class=\"yoast-schema-graph\">{\"@context\":\"https:\\\/\\\/schema.org\",\"@graph\":[{\"@type\":\"Article\",\"@id\":\"https:\\\/\\\/unaymilletras.com\\\/gemeliers-triunfan-remember-tour-por-su-decimo-aniversario\\\/#article\",\"isPartOf\":{\"@id\":\"https:\\\/\\\/unaymilletras.com\\\/gemeliers-triunfan-remember-tour-por-su-decimo-aniversario\\\/\"},\"author\":{\"name\":\"Redacci\u00f3n\",\"@id\":\"http:\\\/\\\/unaymilletras.com\\\/#\\\/schema\\\/person\\\/0860dc8a218329991ee2c7591f4f849d\"},\"headline\":\"Gemeliers triunfan Remember Tour por su d\u00e9cimo aniversario\",\"datePublished\":\"2025-04-02T14:01:31+00:00\",\"dateModified\":\"2025-04-02T14:05:22+00:00\",\"mainEntityOfPage\":{\"@id\":\"https:\\\/\\\/unaymilletras.com\\\/gemeliers-triunfan-remember-tour-por-su-decimo-aniversario\\\/\"},\"wordCount\":375,\"publisher\":{\"@id\":\"http:\\\/\\\/unaymilletras.com\\\/#organization\"},\"image\":{\"@id\":\"https:\\\/\\\/unaymilletras.com\\\/gemeliers-triunfan-remember-tour-por-su-decimo-aniversario\\\/#primaryimage\"},\"thumbnailUrl\":\"https:\\\/\\\/unaymilletras.com\\\/wp-content\\\/uploads\\\/2025\\\/04\\\/clipping_bs18xp_e69c-e1743602019994.jpg\",\"articleSection\":[\"M\u00fasica\"],\"inLanguage\":\"en-GB\"},{\"@type\":\"WebPage\",\"@id\":\"https:\\\/\\\/unaymilletras.com\\\/gemeliers-triunfan-remember-tour-por-su-decimo-aniversario\\\/\",\"url\":\"https:\\\/\\\/unaymilletras.com\\\/gemeliers-triunfan-remember-tour-por-su-decimo-aniversario\\\/\",\"name\":\"Gemeliers triunfan Remember Tour por su d\u00e9cimo aniversario\",\"isPartOf\":{\"@id\":\"http:\\\/\\\/unaymilletras.com\\\/#website\"},\"primaryImageOfPage\":{\"@id\":\"https:\\\/\\\/unaymilletras.com\\\/gemeliers-triunfan-remember-tour-por-su-decimo-aniversario\\\/#primaryimage\"},\"image\":{\"@id\":\"https:\\\/\\\/unaymilletras.com\\\/gemeliers-triunfan-remember-tour-por-su-decimo-aniversario\\\/#primaryimage\"},\"thumbnailUrl\":\"https:\\\/\\\/unaymilletras.com\\\/wp-content\\\/uploads\\\/2025\\\/04\\\/clipping_bs18xp_e69c-e1743602019994.jpg\",\"datePublished\":\"2025-04-02T14:01:31+00:00\",\"dateModified\":\"2025-04-02T14:05:22+00:00\",\"description\":\"El d\u00fao sevillano Gemeliers suma nuevas citas tras agotar entradas en varias ciudades y cambia de recinto en Barcelona para ampliar aforo\",\"breadcrumb\":{\"@id\":\"https:\\\/\\\/unaymilletras.com\\\/gemeliers-triunfan-remember-tour-por-su-decimo-aniversario\\\/#breadcrumb\"},\"inLanguage\":\"en-GB\",\"potentialAction\":[{\"@type\":\"ReadAction\",\"target\":[\"https:\\\/\\\/unaymilletras.com\\\/gemeliers-triunfan-remember-tour-por-su-decimo-aniversario\\\/\"]}]},{\"@type\":\"ImageObject\",\"inLanguage\":\"en-GB\",\"@id\":\"https:\\\/\\\/unaymilletras.com\\\/gemeliers-triunfan-remember-tour-por-su-decimo-aniversario\\\/#primaryimage\",\"url\":\"https:\\\/\\\/unaymilletras.com\\\/wp-content\\\/uploads\\\/2025\\\/04\\\/clipping_bs18xp_e69c-e1743602019994.jpg\",\"contentUrl\":\"https:\\\/\\\/unaymilletras.com\\\/wp-content\\\/uploads\\\/2025\\\/04\\\/clipping_bs18xp_e69c-e1743602019994.jpg\",\"width\":600,\"height\":338,\"caption\":\"Gemeliers\"},{\"@type\":\"BreadcrumbList\",\"@id\":\"https:\\\/\\\/unaymilletras.com\\\/gemeliers-triunfan-remember-tour-por-su-decimo-aniversario\\\/#breadcrumb\",\"itemListElement\":[{\"@type\":\"ListItem\",\"position\":1,\"name\":\"Home\",\"item\":\"http:\\\/\\\/unaymilletras.com\\\/\"},{\"@type\":\"ListItem\",\"position\":2,\"name\":\"Gemeliers triunfan Remember Tour por su d\u00e9cimo aniversario\"}]},{\"@type\":\"WebSite\",\"@id\":\"http:\\\/\\\/unaymilletras.com\\\/#website\",\"url\":\"http:\\\/\\\/unaymilletras.com\\\/\",\"name\":\"Una y Mil Letras\",\"description\":\"\",\"publisher\":{\"@id\":\"http:\\\/\\\/unaymilletras.com\\\/#organization\"},\"potentialAction\":[{\"@type\":\"SearchAction\",\"target\":{\"@type\":\"EntryPoint\",\"urlTemplate\":\"http:\\\/\\\/unaymilletras.com\\\/?s={search_term_string}\"},\"query-input\":{\"@type\":\"PropertyValueSpecification\",\"valueRequired\":true,\"valueName\":\"search_term_string\"}}],\"inLanguage\":\"en-GB\"},{\"@type\":\"Organization\",\"@id\":\"http:\\\/\\\/unaymilletras.com\\\/#organization\",\"name\":\"Una y Mil Letras\",\"url\":\"http:\\\/\\\/unaymilletras.com\\\/\",\"logo\":{\"@type\":\"ImageObject\",\"inLanguage\":\"en-GB\",\"@id\":\"http:\\\/\\\/unaymilletras.com\\\/#\\\/schema\\\/logo\\\/image\\\/\",\"url\":\"https:\\\/\\\/unaymilletras.com\\\/wp-content\\\/uploads\\\/2024\\\/06\\\/cropped-Logo-removebg-preview.png\",\"contentUrl\":\"https:\\\/\\\/unaymilletras.com\\\/wp-content\\\/uploads\\\/2024\\\/06\\\/cropped-Logo-removebg-preview.png\",\"width\":512,\"height\":512,\"caption\":\"Una y Mil Letras\"},\"image\":{\"@id\":\"http:\\\/\\\/unaymilletras.com\\\/#\\\/schema\\\/logo\\\/image\\\/\"},\"sameAs\":[\"https:\\\/\\\/x.com\\\/UnaYMilLetras\",\"https:\\\/\\\/instagram.com\\\/UnaYMilLetras\"]},{\"@type\":\"Person\",\"@id\":\"http:\\\/\\\/unaymilletras.com\\\/#\\\/schema\\\/person\\\/0860dc8a218329991ee2c7591f4f849d\",\"name\":\"Redacci\u00f3n\",\"image\":{\"@type\":\"ImageObject\",\"inLanguage\":\"en-GB\",\"@id\":\"https:\\\/\\\/secure.gravatar.com\\\/avatar\\\/d8f55e05a8b6597e45c55a1dcbdbfe44f4a360d88b48e00de5216a79b7732796?s=96&d=mm&r=g\",\"url\":\"https:\\\/\\\/secure.gravatar.com\\\/avatar\\\/d8f55e05a8b6597e45c55a1dcbdbfe44f4a360d88b48e00de5216a79b7732796?s=96&d=mm&r=g\",\"contentUrl\":\"https:\\\/\\\/secure.gravatar.com\\\/avatar\\\/d8f55e05a8b6597e45c55a1dcbdbfe44f4a360d88b48e00de5216a79b7732796?s=96&d=mm&r=g\",\"caption\":\"Redacci\u00f3n\"},\"url\":\"https:\\\/\\\/unaymilletras.com\\\/en\\\/author\\\/redaccion\\\/\"}]}<\/script>\n<!-- \/ Yoast SEO plugin. -->","yoast_head_json":{"title":"Gemeliers triunfan Remember Tour por su d\u00e9cimo aniversario","description":"El d\u00fao sevillano Gemeliers suma nuevas citas tras agotar entradas en varias ciudades y cambia de recinto en Barcelona para ampliar aforo","robots":{"index":"index","follow":"follow","max-snippet":"max-snippet:-1","max-image-preview":"max-image-preview:large","max-video-preview":"max-video-preview:-1"},"canonical":"https:\/\/unaymilletras.com\/en\/gemeliers-triunfan-remember-tour-por-su-decimo-aniversario\/","og_locale":"en_GB","og_type":"article","og_title":"Gemeliers triunfan Remember Tour por su d\u00e9cimo aniversario","og_description":"El d\u00fao sevillano Gemeliers suma nuevas citas tras agotar entradas en varias ciudades y cambia de recinto en Barcelona para ampliar aforo","og_url":"https:\/\/unaymilletras.com\/en\/gemeliers-triunfan-remember-tour-por-su-decimo-aniversario\/","og_site_name":"Una y Mil Letras","article_published_time":"2025-04-02T14:01:31+00:00","article_modified_time":"2025-04-02T14:05:22+00:00","og_image":[{"width":600,"height":338,"url":"http:\/\/unaymilletras.com\/wp-content\/uploads\/2025\/04\/clipping_bs18xp_e69c-e1743602019994.jpg","type":"image\/jpeg"}],"author":"Redacci\u00f3n","twitter_card":"summary_large_image","twitter_creator":"@UnaYMilLetras","twitter_site":"@UnaYMilLetras","twitter_misc":{"Written by":"Redacci\u00f3n","Estimated reading time":"2 minutes"},"schema":{"@context":"https:\/\/schema.org","@graph":[{"@type":"Article","@id":"https:\/\/unaymilletras.com\/gemeliers-triunfan-remember-tour-por-su-decimo-aniversario\/#article","isPartOf":{"@id":"https:\/\/unaymilletras.com\/gemeliers-triunfan-remember-tour-por-su-decimo-aniversario\/"},"author":{"name":"Redacci\u00f3n","@id":"http:\/\/unaymilletras.com\/#\/schema\/person\/0860dc8a218329991ee2c7591f4f849d"},"headline":"Gemeliers triunfan Remember Tour por su d\u00e9cimo aniversario","datePublished":"2025-04-02T14:01:31+00:00","dateModified":"2025-04-02T14:05:22+00:00","mainEntityOfPage":{"@id":"https:\/\/unaymilletras.com\/gemeliers-triunfan-remember-tour-por-su-decimo-aniversario\/"},"wordCount":375,"publisher":{"@id":"http:\/\/unaymilletras.com\/#organization"},"image":{"@id":"https:\/\/unaymilletras.com\/gemeliers-triunfan-remember-tour-por-su-decimo-aniversario\/#primaryimage"},"thumbnailUrl":"https:\/\/unaymilletras.com\/wp-content\/uploads\/2025\/04\/clipping_bs18xp_e69c-e1743602019994.jpg","articleSection":["M\u00fasica"],"inLanguage":"en-GB"},{"@type":"WebPage","@id":"https:\/\/unaymilletras.com\/gemeliers-triunfan-remember-tour-por-su-decimo-aniversario\/","url":"https:\/\/unaymilletras.com\/gemeliers-triunfan-remember-tour-por-su-decimo-aniversario\/","name":"Gemeliers triunfan Remember Tour por su d\u00e9cimo aniversario","isPartOf":{"@id":"http:\/\/unaymilletras.com\/#website"},"primaryImageOfPage":{"@id":"https:\/\/unaymilletras.com\/gemeliers-triunfan-remember-tour-por-su-decimo-aniversario\/#primaryimage"},"image":{"@id":"https:\/\/unaymilletras.com\/gemeliers-triunfan-remember-tour-por-su-decimo-aniversario\/#primaryimage"},"thumbnailUrl":"https:\/\/unaymilletras.com\/wp-content\/uploads\/2025\/04\/clipping_bs18xp_e69c-e1743602019994.jpg","datePublished":"2025-04-02T14:01:31+00:00","dateModified":"2025-04-02T14:05:22+00:00","description":"El d\u00fao sevillano Gemeliers suma nuevas citas tras agotar entradas en varias ciudades y cambia de recinto en Barcelona para ampliar aforo","breadcrumb":{"@id":"https:\/\/unaymilletras.com\/gemeliers-triunfan-remember-tour-por-su-decimo-aniversario\/#breadcrumb"},"inLanguage":"en-GB","potentialAction":[{"@type":"ReadAction","target":["https:\/\/unaymilletras.com\/gemeliers-triunfan-remember-tour-por-su-decimo-aniversario\/"]}]},{"@type":"ImageObject","inLanguage":"en-GB","@id":"https:\/\/unaymilletras.com\/gemeliers-triunfan-remember-tour-por-su-decimo-aniversario\/#primaryimage","url":"https:\/\/unaymilletras.com\/wp-content\/uploads\/2025\/04\/clipping_bs18xp_e69c-e1743602019994.jpg","contentUrl":"https:\/\/unaymilletras.com\/wp-content\/uploads\/2025\/04\/clipping_bs18xp_e69c-e1743602019994.jpg","width":600,"height":338,"caption":"Gemeliers"},{"@type":"BreadcrumbList","@id":"https:\/\/unaymilletras.com\/gemeliers-triunfan-remember-tour-por-su-decimo-aniversario\/#breadcrumb","itemListElement":[{"@type":"ListItem","position":1,"name":"Home","item":"http:\/\/unaymilletras.com\/"},{"@type":"ListItem","position":2,"name":"Gemeliers triunfan Remember Tour por su d\u00e9cimo aniversario"}]},{"@type":"WebSite","@id":"http:\/\/unaymilletras.com\/#website","url":"http:\/\/unaymilletras.com\/","name":"Una y Mil Letras","description":"","publisher":{"@id":"http:\/\/unaymilletras.com\/#organization"},"potentialAction":[{"@type":"SearchAction","target":{"@type":"EntryPoint","urlTemplate":"http:\/\/unaymilletras.com\/?s={search_term_string}"},"query-input":{"@type":"PropertyValueSpecification","valueRequired":true,"valueName":"search_term_string"}}],"inLanguage":"en-GB"},{"@type":"Organization","@id":"http:\/\/unaymilletras.com\/#organization","name":"Una y Mil Letras","url":"http:\/\/unaymilletras.com\/","logo":{"@type":"ImageObject","inLanguage":"en-GB","@id":"http:\/\/unaymilletras.com\/#\/schema\/logo\/image\/","url":"https:\/\/unaymilletras.com\/wp-content\/uploads\/2024\/06\/cropped-Logo-removebg-preview.png","contentUrl":"https:\/\/unaymilletras.com\/wp-content\/uploads\/2024\/06\/cropped-Logo-removebg-preview.png","width":512,"height":512,"caption":"Una y Mil Letras"},"image":{"@id":"http:\/\/unaymilletras.com\/#\/schema\/logo\/image\/"},"sameAs":["https:\/\/x.com\/UnaYMilLetras","https:\/\/instagram.com\/UnaYMilLetras"]},{"@type":"Person","@id":"http:\/\/unaymilletras.com\/#\/schema\/person\/0860dc8a218329991ee2c7591f4f849d","name":"Redacci\u00f3n","image":{"@type":"ImageObject","inLanguage":"en-GB","@id":"https:\/\/secure.gravatar.com\/avatar\/d8f55e05a8b6597e45c55a1dcbdbfe44f4a360d88b48e00de5216a79b7732796?s=96&d=mm&r=g","url":"https:\/\/secure.gravatar.com\/avatar\/d8f55e05a8b6597e45c55a1dcbdbfe44f4a360d88b48e00de5216a79b7732796?s=96&d=mm&r=g","contentUrl":"https:\/\/secure.gravatar.com\/avatar\/d8f55e05a8b6597e45c55a1dcbdbfe44f4a360d88b48e00de5216a79b7732796?s=96&d=mm&r=g","caption":"Redacci\u00f3n"},"url":"https:\/\/unaymilletras.com\/en\/author\/redaccion\/"}]}},"_links":{"self":[{"href":"https:\/\/unaymilletras.com\/en\/wp-json\/wp\/v2\/posts\/4317","targetHints":{"allow":["GET"]}}],"collection":[{"href":"https:\/\/unaymilletras.com\/en\/wp-json\/wp\/v2\/posts"}],"about":[{"href":"https:\/\/unaymilletras.com\/en\/wp-json\/wp\/v2\/types\/post"}],"author":[{"embeddable":true,"href":"https:\/\/unaymilletras.com\/en\/wp-json\/wp\/v2\/users\/6"}],"replies":[{"embeddable":true,"href":"https:\/\/unaymilletras.com\/en\/wp-json\/wp\/v2\/comments?post=4317"}],"version-history":[{"count":7,"href":"https:\/\/unaymilletras.com\/en\/wp-json\/wp\/v2\/posts\/4317\/revisions"}],"predecessor-version":[{"id":4325,"href":"https:\/\/unaymilletras.com\/en\/wp-json\/wp\/v2\/posts\/4317\/revisions\/4325"}],"wp:featuredmedia":[{"embeddable":true,"href":"https:\/\/unaymilletras.com\/en\/wp-json\/wp\/v2\/media\/4319"}],"wp:attachment":[{"href":"https:\/\/unaymilletras.com\/en\/wp-json\/wp\/v2\/media?parent=4317"}],"wp:term":[{"taxonomy":"category","embeddable":true,"href":"https:\/\/unaymilletras.com\/en\/wp-json\/wp\/v2\/categories?post=4317"},{"taxonomy":"post_tag","embeddable":true,"href":"https:\/\/unaymilletras.com\/en\/wp-json\/wp\/v2\/tags?post=4317"}],"curies":[{"name":"wp","href":"https:\/\/api.w.org\/{rel}","templated":true}]}}