{"id":4327,"date":"2025-04-03T20:30:00","date_gmt":"2025-04-03T18:30:00","guid":{"rendered":"https:\/\/unaymilletras.com\/?p=4327"},"modified":"2025-04-03T13:40:36","modified_gmt":"2025-04-03T11:40:36","slug":"feid-y-ty-dolla-ign-fusionan-sus-estilos-en-su-nuevo-sencillo-dallax","status":"publish","type":"post","link":"https:\/\/unaymilletras.com\/en\/feid-y-ty-dolla-ign-fusionan-sus-estilos-en-su-nuevo-sencillo-dallax\/","title":{"rendered":"Feid y Ty Dolla $ign fusionan reggaet\u00f3n y R&amp;B en su nuevo sencillo \u00abDALLAX\u00bb"},"content":{"rendered":"<h2 class=\"wp-block-heading\"><strong>Una colaboraci\u00f3n explosiva de Feid y Ty Dolla $ign que fusiona reggaet\u00f3n y R&amp;B con una vibra nost\u00e1lgica<\/strong><\/h2>\n\n\n<div class=\"wp-block-image\">\n<figure class=\"aligncenter size-large\"><img fetchpriority=\"high\" decoding=\"async\" width=\"1024\" height=\"768\" src=\"https:\/\/unaymilletras.com\/wp-content\/uploads\/2025\/04\/Ferxxo-Dallax-49-1024x768.jpg\" alt=\"\" class=\"wp-image-4328\"\/><figcaption class=\"wp-element-caption\"><em>Palacios, Salomon<br><\/em><\/figcaption><\/figure>\n<\/div>\n\n\n<p><strong>Feid<\/strong>, el cantautor y productor colombiano galardonado con un Latin GRAMMY y nominado al GRAMMY, se une al reconocido rapero y productor Ty Dolla $ign para lanzar <strong><em>DALLAX<\/em><\/strong>\u00ab, su segundo sencillo del a\u00f1o. La canci\u00f3n logra una combinaci\u00f3n explosiva entre el inconfundible estilo de Feid y la versatilidad de Ty, quien aporta su caracter\u00edstico flow mel\u00f3dico sobre un beat de reggaet\u00f3n. Con una mezcla perfecta entre el R&amp;B y los ritmos urbanos, <em><strong>DALLAX<\/strong><\/em> se perfila como un \u00e9xito global.<\/p>\n\n\n\n<p>El tema, que fusiona sonidos latinoamericanos con la <strong>esencia urbana de la m\u00fasica norteamericana<\/strong>, es una oda a la nostalgia y al anhelo por un amor perdido. A trav\u00e9s de una letra que alterna entre espa\u00f1ol e ingl\u00e9s, Feid y Ty Dolla $ign narran la historia de dos personas que tomaron caminos diferentes pero que a\u00fan sienten el deseo de reencontrarse. Con una producci\u00f3n envolvente y un ritmo hipn\u00f3tico, \u00ab<strong><em>DALLAX<\/em><\/strong>\u00bb promete conectar con cualquier persona que haya experimentado la melancol\u00eda de un amor inconcluso.<\/p>\n\n\n\n<h2 class=\"wp-block-heading\"><strong>Un videoclip con esencia Y2K<\/strong><\/h2>\n\n\n\n<p>Dirigido por <strong>Sebas S\u00e1nchez \/ Look Into My Eyes<\/strong>, el videoclip de <em>DALLAX<\/em> transporta a los espectadores a <strong>principios de los 2000<\/strong>, con una est\u00e9tica retro que incluye elementos como reproductores de casetes, tel\u00e9fonos de tapa y pantallas pixeladas de computadoras antiguas. En el video, Feid y Ty Dolla $ign se sumergen en la vibra de la canci\u00f3n mientras recorren distintos lugares ic\u00f3nicos de <strong>Los \u00c1ngeles<\/strong>, incluyendo un estacionamiento y un restaurante que refuerzan el concepto nost\u00e1lgico del sencillo.<\/p>\n\n\n\n<figure class=\"wp-block-embed is-type-video is-provider-youtube wp-block-embed-youtube wp-embed-aspect-16-9 wp-has-aspect-ratio\"><div class=\"wp-block-embed__wrapper\">\n<iframe title=\"Feid, Ty Dolla $ign - DALLAX (Official Video)\" width=\"640\" height=\"360\" src=\"https:\/\/www.youtube.com\/embed\/SSWM9wWp1Rk?feature=oembed\" frameborder=\"0\" allow=\"accelerometer; autoplay; clipboard-write; encrypted-media; gyroscope; picture-in-picture; web-share\" referrerpolicy=\"strict-origin-when-cross-origin\" allowfullscreen><\/iframe>\n<\/div><\/figure>\n\n\n\n<h2 class=\"wp-block-heading\"><strong>Innovaci\u00f3n en la promoci\u00f3n: un videojuego para los fans<\/strong><\/h2>\n\n\n\n<p>Siempre buscando maneras de conectar con su p\u00fablico, Feid lanz\u00f3 un <strong>videojuego interactivo<\/strong> para incentivar el pre-save de <em>DALLAX<\/em>. En este juego, los seguidores deb\u00edan ayudar a Feid a llegar a su concierto mientras recolectaban gemas para personalizar su avatar. Adem\u00e1s, el reto inclu\u00eda correr <strong>10 kil\u00f3metros<\/strong>, en homenaje al <a href=\"https:\/\/los40.com\/2024\/12\/10\/feid-rompe-un-nuevo-record-guinness-que-nada-tiene-que-ver-con-la-musica\/\">r\u00e9cord Guinness de Feid<\/a> por la mayor distancia recorrida en un escenario. Al completar la misi\u00f3n, los fans desbloquearon un adelanto exclusivo de la canci\u00f3n, convirtiendo la espera en una experiencia \u00fanica.<\/p>\n\n\n\n<h2 class=\"wp-block-heading\"><strong>Feid sigue conquistando Europa con su <em>\u00abEurope Fastest Tour\u00bb<\/em><\/strong><\/h2>\n\n\n\n<p>Actualmente, Feid se encuentra de gira por Europa con su exitoso <strong><em>\u00abEurope Fastest Tour\u00bb<\/em><\/strong>, que ya ha conquistado ciudades como <strong>Berl\u00edn, Lisboa, Viena y Mil\u00e1n<\/strong>. Adem\u00e1s de llenar arenas, el artista ha sorprendido a sus seguidores con encuentros exclusivos en caf\u00e9s locales, fortaleciendo su cercan\u00eda con los fans.<\/p>\n\n\n\n<figure class=\"wp-block-embed is-type-rich is-provider-spotify wp-block-embed-spotify wp-embed-aspect-21-9 wp-has-aspect-ratio\"><div class=\"wp-block-embed__wrapper\">\n<iframe title=\"Spotify Embed: DALLAX\" style=\"border-radius: 12px\" width=\"100%\" height=\"152\" frameborder=\"0\" allowfullscreen allow=\"autoplay; clipboard-write; encrypted-media; fullscreen; picture-in-picture\" loading=\"lazy\" src=\"https:\/\/open.spotify.com\/embed\/track\/4cZiqNmLWLoAx67ENn53YG?si=fd09c252143c48ed&#038;utm_source=oembed\"><\/iframe>\n<\/div><\/figure>\n\n\n\n<p><\/p>","protected":false},"excerpt":{"rendered":"<p>Una colaboraci\u00f3n explosiva de Feid y Ty Dolla $ign que fusiona reggaet\u00f3n y R&amp;B con una vibra nost\u00e1lgica Feid, el cantautor y productor colombiano galardonado con un Latin GRAMMY y nominado al GRAMMY, se une al reconocido rapero y productor Ty Dolla $ign para lanzar DALLAX\u00ab, su segundo sencillo del a\u00f1o. La canci\u00f3n logra una [&hellip;]<\/p>\n","protected":false},"author":9,"featured_media":4328,"comment_status":"closed","ping_status":"closed","sticky":false,"template":"","format":"standard","meta":{"footnotes":""},"categories":[4],"tags":[],"class_list":["post-4327","post","type-post","status-publish","format-standard","has-post-thumbnail","hentry","category-musica"],"yoast_head":"<!-- This site is optimized with the Yoast SEO plugin v27.4 - https:\/\/yoast.com\/product\/yoast-seo-wordpress\/ -->\n<title>Feid y Ty Dolla $ign fusionan sus estilos en su nuevo sencillo &quot;DALLAX&quot;<\/title>\n<meta name=\"description\" content=\"Feid, se une al reconocido rapero y productor Ty Dolla $ign para lanzar &quot;DALLAX&quot;, su segundo sencillo del a\u00f1o.\" \/>\n<meta name=\"robots\" content=\"index, follow, max-snippet:-1, max-image-preview:large, max-video-preview:-1\" \/>\n<link rel=\"canonical\" href=\"https:\/\/unaymilletras.com\/en\/feid-y-ty-dolla-ign-fusionan-sus-estilos-en-su-nuevo-sencillo-dallax\/\" \/>\n<meta property=\"og:locale\" content=\"en_GB\" \/>\n<meta property=\"og:type\" content=\"article\" \/>\n<meta property=\"og:title\" content=\"Feid y Ty Dolla $ign fusionan sus estilos en su nuevo sencillo &quot;DALLAX&quot;\" \/>\n<meta property=\"og:description\" content=\"Feid, se une al reconocido rapero y productor Ty Dolla $ign para lanzar &quot;DALLAX&quot;, su segundo sencillo del a\u00f1o.\" \/>\n<meta property=\"og:url\" content=\"https:\/\/unaymilletras.com\/en\/feid-y-ty-dolla-ign-fusionan-sus-estilos-en-su-nuevo-sencillo-dallax\/\" \/>\n<meta property=\"og:site_name\" content=\"Una y Mil Letras\" \/>\n<meta property=\"article:published_time\" content=\"2025-04-03T18:30:00+00:00\" \/>\n<meta property=\"og:image\" content=\"https:\/\/unaymilletras.com\/wp-content\/uploads\/2025\/04\/Ferxxo-Dallax-49-scaled-e1743607798830.jpg\" \/>\n\t<meta property=\"og:image:width\" content=\"600\" \/>\n\t<meta property=\"og:image:height\" content=\"450\" \/>\n\t<meta property=\"og:image:type\" content=\"image\/jpeg\" \/>\n<meta name=\"author\" content=\"Victoria Hern\u00e1ndez\" \/>\n<meta name=\"twitter:card\" content=\"summary_large_image\" \/>\n<meta name=\"twitter:creator\" content=\"@UnaYMilLetras\" \/>\n<meta name=\"twitter:site\" content=\"@UnaYMilLetras\" \/>\n<meta name=\"twitter:label1\" content=\"Written by\" \/>\n\t<meta name=\"twitter:data1\" content=\"Victoria Hern\u00e1ndez\" \/>\n\t<meta name=\"twitter:label2\" content=\"Estimated reading time\" \/>\n\t<meta name=\"twitter:data2\" content=\"3 minutes\" \/>\n<script type=\"application\/ld+json\" class=\"yoast-schema-graph\">{\"@context\":\"https:\\\/\\\/schema.org\",\"@graph\":[{\"@type\":\"Article\",\"@id\":\"https:\\\/\\\/unaymilletras.com\\\/feid-y-ty-dolla-ign-fusionan-sus-estilos-en-su-nuevo-sencillo-dallax\\\/#article\",\"isPartOf\":{\"@id\":\"https:\\\/\\\/unaymilletras.com\\\/feid-y-ty-dolla-ign-fusionan-sus-estilos-en-su-nuevo-sencillo-dallax\\\/\"},\"author\":{\"name\":\"Victoria Hern\u00e1ndez\",\"@id\":\"http:\\\/\\\/unaymilletras.com\\\/#\\\/schema\\\/person\\\/90f1e88e4c10951a79965c8106280f0a\"},\"headline\":\"Feid y Ty Dolla $ign fusionan reggaet\u00f3n y R&amp;B en su nuevo sencillo \u00abDALLAX\u00bb\",\"datePublished\":\"2025-04-03T18:30:00+00:00\",\"mainEntityOfPage\":{\"@id\":\"https:\\\/\\\/unaymilletras.com\\\/feid-y-ty-dolla-ign-fusionan-sus-estilos-en-su-nuevo-sencillo-dallax\\\/\"},\"wordCount\":497,\"publisher\":{\"@id\":\"http:\\\/\\\/unaymilletras.com\\\/#organization\"},\"image\":{\"@id\":\"https:\\\/\\\/unaymilletras.com\\\/feid-y-ty-dolla-ign-fusionan-sus-estilos-en-su-nuevo-sencillo-dallax\\\/#primaryimage\"},\"thumbnailUrl\":\"https:\\\/\\\/unaymilletras.com\\\/wp-content\\\/uploads\\\/2025\\\/04\\\/Ferxxo-Dallax-49-scaled-e1743607798830.jpg\",\"articleSection\":[\"M\u00fasica\"],\"inLanguage\":\"en-GB\"},{\"@type\":\"WebPage\",\"@id\":\"https:\\\/\\\/unaymilletras.com\\\/feid-y-ty-dolla-ign-fusionan-sus-estilos-en-su-nuevo-sencillo-dallax\\\/\",\"url\":\"https:\\\/\\\/unaymilletras.com\\\/feid-y-ty-dolla-ign-fusionan-sus-estilos-en-su-nuevo-sencillo-dallax\\\/\",\"name\":\"Feid y Ty Dolla $ign fusionan sus estilos en su nuevo sencillo \\\"DALLAX\\\"\",\"isPartOf\":{\"@id\":\"http:\\\/\\\/unaymilletras.com\\\/#website\"},\"primaryImageOfPage\":{\"@id\":\"https:\\\/\\\/unaymilletras.com\\\/feid-y-ty-dolla-ign-fusionan-sus-estilos-en-su-nuevo-sencillo-dallax\\\/#primaryimage\"},\"image\":{\"@id\":\"https:\\\/\\\/unaymilletras.com\\\/feid-y-ty-dolla-ign-fusionan-sus-estilos-en-su-nuevo-sencillo-dallax\\\/#primaryimage\"},\"thumbnailUrl\":\"https:\\\/\\\/unaymilletras.com\\\/wp-content\\\/uploads\\\/2025\\\/04\\\/Ferxxo-Dallax-49-scaled-e1743607798830.jpg\",\"datePublished\":\"2025-04-03T18:30:00+00:00\",\"description\":\"Feid, se une al reconocido rapero y productor Ty Dolla $ign para lanzar \\\"DALLAX\\\", su segundo sencillo del a\u00f1o.\",\"breadcrumb\":{\"@id\":\"https:\\\/\\\/unaymilletras.com\\\/feid-y-ty-dolla-ign-fusionan-sus-estilos-en-su-nuevo-sencillo-dallax\\\/#breadcrumb\"},\"inLanguage\":\"en-GB\",\"potentialAction\":[{\"@type\":\"ReadAction\",\"target\":[\"https:\\\/\\\/unaymilletras.com\\\/feid-y-ty-dolla-ign-fusionan-sus-estilos-en-su-nuevo-sencillo-dallax\\\/\"]}]},{\"@type\":\"ImageObject\",\"inLanguage\":\"en-GB\",\"@id\":\"https:\\\/\\\/unaymilletras.com\\\/feid-y-ty-dolla-ign-fusionan-sus-estilos-en-su-nuevo-sencillo-dallax\\\/#primaryimage\",\"url\":\"https:\\\/\\\/unaymilletras.com\\\/wp-content\\\/uploads\\\/2025\\\/04\\\/Ferxxo-Dallax-49-scaled-e1743607798830.jpg\",\"contentUrl\":\"https:\\\/\\\/unaymilletras.com\\\/wp-content\\\/uploads\\\/2025\\\/04\\\/Ferxxo-Dallax-49-scaled-e1743607798830.jpg\",\"width\":600,\"height\":450,\"caption\":\"Palacios, Salomon\"},{\"@type\":\"BreadcrumbList\",\"@id\":\"https:\\\/\\\/unaymilletras.com\\\/feid-y-ty-dolla-ign-fusionan-sus-estilos-en-su-nuevo-sencillo-dallax\\\/#breadcrumb\",\"itemListElement\":[{\"@type\":\"ListItem\",\"position\":1,\"name\":\"Home\",\"item\":\"http:\\\/\\\/unaymilletras.com\\\/\"},{\"@type\":\"ListItem\",\"position\":2,\"name\":\"Feid y Ty Dolla $ign fusionan reggaet\u00f3n y R&amp;B en su nuevo sencillo \u00abDALLAX\u00bb\"}]},{\"@type\":\"WebSite\",\"@id\":\"http:\\\/\\\/unaymilletras.com\\\/#website\",\"url\":\"http:\\\/\\\/unaymilletras.com\\\/\",\"name\":\"Una y Mil Letras\",\"description\":\"\",\"publisher\":{\"@id\":\"http:\\\/\\\/unaymilletras.com\\\/#organization\"},\"potentialAction\":[{\"@type\":\"SearchAction\",\"target\":{\"@type\":\"EntryPoint\",\"urlTemplate\":\"http:\\\/\\\/unaymilletras.com\\\/?s={search_term_string}\"},\"query-input\":{\"@type\":\"PropertyValueSpecification\",\"valueRequired\":true,\"valueName\":\"search_term_string\"}}],\"inLanguage\":\"en-GB\"},{\"@type\":\"Organization\",\"@id\":\"http:\\\/\\\/unaymilletras.com\\\/#organization\",\"name\":\"Una y Mil Letras\",\"url\":\"http:\\\/\\\/unaymilletras.com\\\/\",\"logo\":{\"@type\":\"ImageObject\",\"inLanguage\":\"en-GB\",\"@id\":\"http:\\\/\\\/unaymilletras.com\\\/#\\\/schema\\\/logo\\\/image\\\/\",\"url\":\"https:\\\/\\\/unaymilletras.com\\\/wp-content\\\/uploads\\\/2024\\\/06\\\/cropped-Logo-removebg-preview.png\",\"contentUrl\":\"https:\\\/\\\/unaymilletras.com\\\/wp-content\\\/uploads\\\/2024\\\/06\\\/cropped-Logo-removebg-preview.png\",\"width\":512,\"height\":512,\"caption\":\"Una y Mil Letras\"},\"image\":{\"@id\":\"http:\\\/\\\/unaymilletras.com\\\/#\\\/schema\\\/logo\\\/image\\\/\"},\"sameAs\":[\"https:\\\/\\\/x.com\\\/UnaYMilLetras\",\"https:\\\/\\\/instagram.com\\\/UnaYMilLetras\"]},{\"@type\":\"Person\",\"@id\":\"http:\\\/\\\/unaymilletras.com\\\/#\\\/schema\\\/person\\\/90f1e88e4c10951a79965c8106280f0a\",\"name\":\"Victoria Hern\u00e1ndez\",\"image\":{\"@type\":\"ImageObject\",\"inLanguage\":\"en-GB\",\"@id\":\"https:\\\/\\\/secure.gravatar.com\\\/avatar\\\/4a6a914c964cf29cc45dd00ef5c74e847f221f6a1039c94b8aa244949baeeda4?s=96&d=mm&r=g\",\"url\":\"https:\\\/\\\/secure.gravatar.com\\\/avatar\\\/4a6a914c964cf29cc45dd00ef5c74e847f221f6a1039c94b8aa244949baeeda4?s=96&d=mm&r=g\",\"contentUrl\":\"https:\\\/\\\/secure.gravatar.com\\\/avatar\\\/4a6a914c964cf29cc45dd00ef5c74e847f221f6a1039c94b8aa244949baeeda4?s=96&d=mm&r=g\",\"caption\":\"Victoria Hern\u00e1ndez\"},\"url\":\"https:\\\/\\\/unaymilletras.com\\\/en\\\/author\\\/victoriahernandez\\\/\"}]}<\/script>\n<!-- \/ Yoast SEO plugin. -->","yoast_head_json":{"title":"Feid y Ty Dolla $ign fusionan sus estilos en su nuevo sencillo \"DALLAX\"","description":"Feid, se une al reconocido rapero y productor Ty Dolla $ign para lanzar \"DALLAX\", su segundo sencillo del a\u00f1o.","robots":{"index":"index","follow":"follow","max-snippet":"max-snippet:-1","max-image-preview":"max-image-preview:large","max-video-preview":"max-video-preview:-1"},"canonical":"https:\/\/unaymilletras.com\/en\/feid-y-ty-dolla-ign-fusionan-sus-estilos-en-su-nuevo-sencillo-dallax\/","og_locale":"en_GB","og_type":"article","og_title":"Feid y Ty Dolla $ign fusionan sus estilos en su nuevo sencillo \"DALLAX\"","og_description":"Feid, se une al reconocido rapero y productor Ty Dolla $ign para lanzar \"DALLAX\", su segundo sencillo del a\u00f1o.","og_url":"https:\/\/unaymilletras.com\/en\/feid-y-ty-dolla-ign-fusionan-sus-estilos-en-su-nuevo-sencillo-dallax\/","og_site_name":"Una y Mil Letras","article_published_time":"2025-04-03T18:30:00+00:00","og_image":[{"width":600,"height":450,"url":"https:\/\/unaymilletras.com\/wp-content\/uploads\/2025\/04\/Ferxxo-Dallax-49-scaled-e1743607798830.jpg","type":"image\/jpeg"}],"author":"Victoria Hern\u00e1ndez","twitter_card":"summary_large_image","twitter_creator":"@UnaYMilLetras","twitter_site":"@UnaYMilLetras","twitter_misc":{"Written by":"Victoria Hern\u00e1ndez","Estimated reading time":"3 minutes"},"schema":{"@context":"https:\/\/schema.org","@graph":[{"@type":"Article","@id":"https:\/\/unaymilletras.com\/feid-y-ty-dolla-ign-fusionan-sus-estilos-en-su-nuevo-sencillo-dallax\/#article","isPartOf":{"@id":"https:\/\/unaymilletras.com\/feid-y-ty-dolla-ign-fusionan-sus-estilos-en-su-nuevo-sencillo-dallax\/"},"author":{"name":"Victoria Hern\u00e1ndez","@id":"http:\/\/unaymilletras.com\/#\/schema\/person\/90f1e88e4c10951a79965c8106280f0a"},"headline":"Feid y Ty Dolla $ign fusionan reggaet\u00f3n y R&amp;B en su nuevo sencillo \u00abDALLAX\u00bb","datePublished":"2025-04-03T18:30:00+00:00","mainEntityOfPage":{"@id":"https:\/\/unaymilletras.com\/feid-y-ty-dolla-ign-fusionan-sus-estilos-en-su-nuevo-sencillo-dallax\/"},"wordCount":497,"publisher":{"@id":"http:\/\/unaymilletras.com\/#organization"},"image":{"@id":"https:\/\/unaymilletras.com\/feid-y-ty-dolla-ign-fusionan-sus-estilos-en-su-nuevo-sencillo-dallax\/#primaryimage"},"thumbnailUrl":"https:\/\/unaymilletras.com\/wp-content\/uploads\/2025\/04\/Ferxxo-Dallax-49-scaled-e1743607798830.jpg","articleSection":["M\u00fasica"],"inLanguage":"en-GB"},{"@type":"WebPage","@id":"https:\/\/unaymilletras.com\/feid-y-ty-dolla-ign-fusionan-sus-estilos-en-su-nuevo-sencillo-dallax\/","url":"https:\/\/unaymilletras.com\/feid-y-ty-dolla-ign-fusionan-sus-estilos-en-su-nuevo-sencillo-dallax\/","name":"Feid y Ty Dolla $ign fusionan sus estilos en su nuevo sencillo \"DALLAX\"","isPartOf":{"@id":"http:\/\/unaymilletras.com\/#website"},"primaryImageOfPage":{"@id":"https:\/\/unaymilletras.com\/feid-y-ty-dolla-ign-fusionan-sus-estilos-en-su-nuevo-sencillo-dallax\/#primaryimage"},"image":{"@id":"https:\/\/unaymilletras.com\/feid-y-ty-dolla-ign-fusionan-sus-estilos-en-su-nuevo-sencillo-dallax\/#primaryimage"},"thumbnailUrl":"https:\/\/unaymilletras.com\/wp-content\/uploads\/2025\/04\/Ferxxo-Dallax-49-scaled-e1743607798830.jpg","datePublished":"2025-04-03T18:30:00+00:00","description":"Feid, se une al reconocido rapero y productor Ty Dolla $ign para lanzar \"DALLAX\", su segundo sencillo del a\u00f1o.","breadcrumb":{"@id":"https:\/\/unaymilletras.com\/feid-y-ty-dolla-ign-fusionan-sus-estilos-en-su-nuevo-sencillo-dallax\/#breadcrumb"},"inLanguage":"en-GB","potentialAction":[{"@type":"ReadAction","target":["https:\/\/unaymilletras.com\/feid-y-ty-dolla-ign-fusionan-sus-estilos-en-su-nuevo-sencillo-dallax\/"]}]},{"@type":"ImageObject","inLanguage":"en-GB","@id":"https:\/\/unaymilletras.com\/feid-y-ty-dolla-ign-fusionan-sus-estilos-en-su-nuevo-sencillo-dallax\/#primaryimage","url":"https:\/\/unaymilletras.com\/wp-content\/uploads\/2025\/04\/Ferxxo-Dallax-49-scaled-e1743607798830.jpg","contentUrl":"https:\/\/unaymilletras.com\/wp-content\/uploads\/2025\/04\/Ferxxo-Dallax-49-scaled-e1743607798830.jpg","width":600,"height":450,"caption":"Palacios, Salomon"},{"@type":"BreadcrumbList","@id":"https:\/\/unaymilletras.com\/feid-y-ty-dolla-ign-fusionan-sus-estilos-en-su-nuevo-sencillo-dallax\/#breadcrumb","itemListElement":[{"@type":"ListItem","position":1,"name":"Home","item":"http:\/\/unaymilletras.com\/"},{"@type":"ListItem","position":2,"name":"Feid y Ty Dolla $ign fusionan reggaet\u00f3n y R&amp;B en su nuevo sencillo \u00abDALLAX\u00bb"}]},{"@type":"WebSite","@id":"http:\/\/unaymilletras.com\/#website","url":"http:\/\/unaymilletras.com\/","name":"Una y Mil Letras","description":"","publisher":{"@id":"http:\/\/unaymilletras.com\/#organization"},"potentialAction":[{"@type":"SearchAction","target":{"@type":"EntryPoint","urlTemplate":"http:\/\/unaymilletras.com\/?s={search_term_string}"},"query-input":{"@type":"PropertyValueSpecification","valueRequired":true,"valueName":"search_term_string"}}],"inLanguage":"en-GB"},{"@type":"Organization","@id":"http:\/\/unaymilletras.com\/#organization","name":"Una y Mil Letras","url":"http:\/\/unaymilletras.com\/","logo":{"@type":"ImageObject","inLanguage":"en-GB","@id":"http:\/\/unaymilletras.com\/#\/schema\/logo\/image\/","url":"https:\/\/unaymilletras.com\/wp-content\/uploads\/2024\/06\/cropped-Logo-removebg-preview.png","contentUrl":"https:\/\/unaymilletras.com\/wp-content\/uploads\/2024\/06\/cropped-Logo-removebg-preview.png","width":512,"height":512,"caption":"Una y Mil Letras"},"image":{"@id":"http:\/\/unaymilletras.com\/#\/schema\/logo\/image\/"},"sameAs":["https:\/\/x.com\/UnaYMilLetras","https:\/\/instagram.com\/UnaYMilLetras"]},{"@type":"Person","@id":"http:\/\/unaymilletras.com\/#\/schema\/person\/90f1e88e4c10951a79965c8106280f0a","name":"Victoria Hern\u00e1ndez","image":{"@type":"ImageObject","inLanguage":"en-GB","@id":"https:\/\/secure.gravatar.com\/avatar\/4a6a914c964cf29cc45dd00ef5c74e847f221f6a1039c94b8aa244949baeeda4?s=96&d=mm&r=g","url":"https:\/\/secure.gravatar.com\/avatar\/4a6a914c964cf29cc45dd00ef5c74e847f221f6a1039c94b8aa244949baeeda4?s=96&d=mm&r=g","contentUrl":"https:\/\/secure.gravatar.com\/avatar\/4a6a914c964cf29cc45dd00ef5c74e847f221f6a1039c94b8aa244949baeeda4?s=96&d=mm&r=g","caption":"Victoria Hern\u00e1ndez"},"url":"https:\/\/unaymilletras.com\/en\/author\/victoriahernandez\/"}]}},"_links":{"self":[{"href":"https:\/\/unaymilletras.com\/en\/wp-json\/wp\/v2\/posts\/4327","targetHints":{"allow":["GET"]}}],"collection":[{"href":"https:\/\/unaymilletras.com\/en\/wp-json\/wp\/v2\/posts"}],"about":[{"href":"https:\/\/unaymilletras.com\/en\/wp-json\/wp\/v2\/types\/post"}],"author":[{"embeddable":true,"href":"https:\/\/unaymilletras.com\/en\/wp-json\/wp\/v2\/users\/9"}],"replies":[{"embeddable":true,"href":"https:\/\/unaymilletras.com\/en\/wp-json\/wp\/v2\/comments?post=4327"}],"version-history":[{"count":4,"href":"https:\/\/unaymilletras.com\/en\/wp-json\/wp\/v2\/posts\/4327\/revisions"}],"predecessor-version":[{"id":4351,"href":"https:\/\/unaymilletras.com\/en\/wp-json\/wp\/v2\/posts\/4327\/revisions\/4351"}],"wp:featuredmedia":[{"embeddable":true,"href":"https:\/\/unaymilletras.com\/en\/wp-json\/wp\/v2\/media\/4328"}],"wp:attachment":[{"href":"https:\/\/unaymilletras.com\/en\/wp-json\/wp\/v2\/media?parent=4327"}],"wp:term":[{"taxonomy":"category","embeddable":true,"href":"https:\/\/unaymilletras.com\/en\/wp-json\/wp\/v2\/categories?post=4327"},{"taxonomy":"post_tag","embeddable":true,"href":"https:\/\/unaymilletras.com\/en\/wp-json\/wp\/v2\/tags?post=4327"}],"curies":[{"name":"wp","href":"https:\/\/api.w.org\/{rel}","templated":true}]}}