{"id":4332,"date":"2025-04-03T18:00:00","date_gmt":"2025-04-03T16:00:00","guid":{"rendered":"https:\/\/unaymilletras.com\/?p=4332"},"modified":"2025-04-03T13:38:11","modified_gmt":"2025-04-03T11:38:11","slug":"mon-laferte-estrena-otra-noche-de-llorar","status":"publish","type":"post","link":"https:\/\/unaymilletras.com\/en\/mon-laferte-estrena-otra-noche-de-llorar\/","title":{"rendered":"Mon Laferte estrena \u00abOtra Noche de Llorar\u00bb"},"content":{"rendered":"<div data-elementor-type=\"wp-post\" data-elementor-id=\"4332\" class=\"elementor elementor-4332\">\n\t\t\t\t\t\t<section class=\"elementor-section elementor-top-section elementor-element elementor-element-731d0ef8 elementor-section-boxed elementor-section-height-default elementor-section-height-default\" data-id=\"731d0ef8\" data-element_type=\"section\" data-e-type=\"section\">\n\t\t\t\t\t\t<div class=\"elementor-container elementor-column-gap-default\">\n\t\t\t\t\t<div class=\"elementor-column elementor-col-100 elementor-top-column elementor-element elementor-element-400634f4\" data-id=\"400634f4\" data-element_type=\"column\" data-e-type=\"column\">\n\t\t\t<div class=\"elementor-widget-wrap elementor-element-populated\">\n\t\t\t\t\t\t<div class=\"elementor-element elementor-element-d97c4af elementor-widget elementor-widget-text-editor\" data-id=\"d97c4af\" data-element_type=\"widget\" data-e-type=\"widget\" data-widget_type=\"text-editor.default\">\n\t\t\t\t<div class=\"elementor-widget-container\">\n\t\t\t\t\t\t\t\t\t\n<h2 class=\"wp-block-heading\">Mon Laferte presenta el primer tema de su nuevo \u00e1lbum \u00abFemme Fatale\u00bb, un viaje de nostalgia y pasi\u00f3n.<\/h2>\n<div class=\"wp-block-image\">\n<figure class=\"aligncenter size-full\"><img fetchpriority=\"high\" decoding=\"async\" width=\"444\" height=\"443\" class=\"wp-image-4333\" src=\"https:\/\/unaymilletras.com\/wp-content\/uploads\/2025\/04\/image.png\" alt=\"Portada de &quot;Otra Noche de Llorar&quot;\" srcset=\"https:\/\/unaymilletras.com\/wp-content\/uploads\/2025\/04\/image.png 444w, https:\/\/unaymilletras.com\/wp-content\/uploads\/2025\/04\/image-300x300.png 300w, https:\/\/unaymilletras.com\/wp-content\/uploads\/2025\/04\/image-150x150.png 150w, https:\/\/unaymilletras.com\/wp-content\/uploads\/2025\/04\/image-12x12.png 12w\" sizes=\"(max-width: 444px) 100vw, 444px\" \/><\/figure>\n<\/div>\n<p><strong>Mon Laferte<\/strong> regresa con un tema que promete tocar las fibras m\u00e1s sensibles de sus oyentes. <strong><em>\u00abOtra Noche de Llorar\u00bb<\/em><\/strong> es el primer adelanto de su pr\u00f3ximo \u00e1lbum de estudio, <strong><em>\u00abFemme Fatale\u00bb<\/em><\/strong>, y encapsula la esencia de la p\u00e9rdida y la nostalgia con una fusi\u00f3n de jazz, cabaret y m\u00fasica rom\u00e1ntica nocturna.<\/p>\n\n<p>Con su inconfundible voz, la cantautora chilena convierte el dolor en arte, transportando a su p\u00fablico a un universo de emociones intensas. Su interpretaci\u00f3n desgarradora hace imposible permanecer indiferente, convirtiendo el tema en una <strong>experiencia sensorial<\/strong> completa.<\/p>\n\n<p>El videoclip de la canci\u00f3n, dirigido por <strong>Camila Grandi<\/strong>, refuerza la narrativa emotiva con una est\u00e9tica visual impecable. Laferte present\u00f3 el tema en vivo durante presentaciones memorables en los festivales Vive Latino de M\u00e9xico, Lollapalooza Argentina, Lollapalooza Chile y su primera presentaci\u00f3n en S\u00e3o Paulo, Brasil. Adem\u00e1s, se prepara para emocionar a sus seguidores en los festivales Est\u00e9reo Picnic de Colombia y Pa&#8217;l Norte de Monterrey, M\u00e9xico.<\/p>\n\n<figure class=\"wp-block-embed is-type-video is-provider-youtube wp-block-embed-youtube wp-embed-aspect-4-3 wp-has-aspect-ratio\">\n<div class=\"wp-block-embed__wrapper\">https:\/\/youtu.be\/Z8DcUVribEg?si=UyevPJZ_tpMPSfY1<\/div>\n<\/figure>\n\n<p>Tras el \u00e9xito de <strong><em>\u00abAutopoi\u00e9tica\u00bb<\/em><\/strong> (2023), \u00e1lbum que le vali\u00f3 el Latin GRAMMY a Mejor \u00c1lbum de M\u00fasica Alternativa en 2024, Mon Laferte sigue evolucionando art\u00edsticamente. Su talento no se limita a la m\u00fasica, sino que tambi\u00e9n se ha expandido al mundo de las artes visuales con su exposici\u00f3n \u00abTe Amo, Mon Laferte Visual\u00bb en Santiago de Chile, donde muestra su pasi\u00f3n y versatilidad creativa.<\/p>\n\n<p>Mon Laferte est\u00e1 lista para seguir conquistando corazones. <em>\u00abOtra Noche de Llorar\u00bb<\/em> ya est\u00e1 disponible en todas las plataformas.<\/p>\n\n<figure class=\"wp-block-embed is-type-rich is-provider-spotify wp-block-embed-spotify wp-embed-aspect-21-9 wp-has-aspect-ratio\">\n<div class=\"wp-block-embed__wrapper\">https:\/\/open.spotify.com\/intl-es\/track\/5F8pOPLxQBJK6am1pNcN79?si=a23d69389d8f4750<\/div>\n<\/figure>\n\n<p>\u00a0<\/p>\n\t\t\t\t\t\t\t\t<\/div>\n\t\t\t\t<\/div>\n\t\t\t\t\t<\/div>\n\t\t<\/div>\n\t\t\t\t\t<\/div>\n\t\t<\/section>\n\t\t\t\t<\/div>","protected":false},"excerpt":{"rendered":"<p>Mon Laferte presenta el primer tema de su nuevo \u00e1lbum \u00abFemme Fatale\u00bb, un viaje de nostalgia y pasi\u00f3n. Mon Laferte regresa con un tema que promete tocar las fibras m\u00e1s sensibles de sus oyentes. \u00abOtra Noche de Llorar\u00bb es el primer adelanto de su pr\u00f3ximo \u00e1lbum de estudio, \u00abFemme Fatale\u00bb, y encapsula la esencia de [&hellip;]<\/p>\n","protected":false},"author":9,"featured_media":4333,"comment_status":"closed","ping_status":"closed","sticky":false,"template":"","format":"standard","meta":{"footnotes":""},"categories":[4],"tags":[162],"class_list":["post-4332","post","type-post","status-publish","format-standard","has-post-thumbnail","hentry","category-musica","tag-mon-laferte"],"yoast_head":"<!-- This site is optimized with the Yoast SEO plugin v27.4 - https:\/\/yoast.com\/product\/yoast-seo-wordpress\/ -->\n<title>Mon Laferte estrena &quot;Otra Noche de Llorar&quot; &#8902; Una y Mil Letras<\/title>\n<meta name=\"description\" content=\"&quot;Otra Noche de Llorar&quot; es el primer adelanto del pr\u00f3ximo \u00e1lbum de Mon Laferte, &quot;Femme Fatale&quot;, en este encapsula la p\u00e9rdida y la nostalgia.\" \/>\n<meta name=\"robots\" content=\"index, follow, max-snippet:-1, max-image-preview:large, max-video-preview:-1\" \/>\n<link rel=\"canonical\" href=\"https:\/\/unaymilletras.com\/en\/mon-laferte-estrena-otra-noche-de-llorar\/\" \/>\n<meta property=\"og:locale\" content=\"en_GB\" \/>\n<meta property=\"og:type\" content=\"article\" \/>\n<meta property=\"og:title\" content=\"Mon Laferte estrena &quot;Otra Noche de Llorar&quot; &#8902; Una y Mil Letras\" \/>\n<meta property=\"og:description\" content=\"&quot;Otra Noche de Llorar&quot; es el primer adelanto del pr\u00f3ximo \u00e1lbum de Mon Laferte, &quot;Femme Fatale&quot;, en este encapsula la p\u00e9rdida y la nostalgia.\" \/>\n<meta property=\"og:url\" content=\"https:\/\/unaymilletras.com\/en\/mon-laferte-estrena-otra-noche-de-llorar\/\" \/>\n<meta property=\"og:site_name\" content=\"Una y Mil Letras\" \/>\n<meta property=\"article:published_time\" content=\"2025-04-03T16:00:00+00:00\" \/>\n<meta property=\"og:image\" content=\"https:\/\/unaymilletras.com\/wp-content\/uploads\/2025\/04\/image.png\" \/>\n\t<meta property=\"og:image:width\" content=\"444\" \/>\n\t<meta property=\"og:image:height\" content=\"443\" \/>\n\t<meta property=\"og:image:type\" content=\"image\/png\" \/>\n<meta name=\"author\" content=\"Victoria Hern\u00e1ndez\" \/>\n<meta name=\"twitter:card\" content=\"summary_large_image\" \/>\n<meta name=\"twitter:creator\" content=\"@UnaYMilLetras\" \/>\n<meta name=\"twitter:site\" content=\"@UnaYMilLetras\" \/>\n<meta name=\"twitter:label1\" content=\"Written by\" \/>\n\t<meta name=\"twitter:data1\" content=\"Victoria Hern\u00e1ndez\" \/>\n\t<meta name=\"twitter:label2\" content=\"Estimated reading time\" \/>\n\t<meta name=\"twitter:data2\" content=\"2 minutes\" \/>\n<script type=\"application\/ld+json\" class=\"yoast-schema-graph\">{\"@context\":\"https:\\\/\\\/schema.org\",\"@graph\":[{\"@type\":\"Article\",\"@id\":\"https:\\\/\\\/unaymilletras.com\\\/mon-laferte-estrena-otra-noche-de-llorar\\\/#article\",\"isPartOf\":{\"@id\":\"https:\\\/\\\/unaymilletras.com\\\/mon-laferte-estrena-otra-noche-de-llorar\\\/\"},\"author\":{\"name\":\"Victoria Hern\u00e1ndez\",\"@id\":\"http:\\\/\\\/unaymilletras.com\\\/#\\\/schema\\\/person\\\/90f1e88e4c10951a79965c8106280f0a\"},\"headline\":\"Mon Laferte estrena \u00abOtra Noche de Llorar\u00bb\",\"datePublished\":\"2025-04-03T16:00:00+00:00\",\"mainEntityOfPage\":{\"@id\":\"https:\\\/\\\/unaymilletras.com\\\/mon-laferte-estrena-otra-noche-de-llorar\\\/\"},\"wordCount\":311,\"publisher\":{\"@id\":\"http:\\\/\\\/unaymilletras.com\\\/#organization\"},\"image\":{\"@id\":\"https:\\\/\\\/unaymilletras.com\\\/mon-laferte-estrena-otra-noche-de-llorar\\\/#primaryimage\"},\"thumbnailUrl\":\"https:\\\/\\\/unaymilletras.com\\\/wp-content\\\/uploads\\\/2025\\\/04\\\/image.png\",\"keywords\":[\"Mon Laferte\"],\"articleSection\":[\"M\u00fasica\"],\"inLanguage\":\"en-GB\"},{\"@type\":\"WebPage\",\"@id\":\"https:\\\/\\\/unaymilletras.com\\\/mon-laferte-estrena-otra-noche-de-llorar\\\/\",\"url\":\"https:\\\/\\\/unaymilletras.com\\\/mon-laferte-estrena-otra-noche-de-llorar\\\/\",\"name\":\"Mon Laferte estrena \\\"Otra Noche de Llorar\\\" &#8902; Una y Mil Letras\",\"isPartOf\":{\"@id\":\"http:\\\/\\\/unaymilletras.com\\\/#website\"},\"primaryImageOfPage\":{\"@id\":\"https:\\\/\\\/unaymilletras.com\\\/mon-laferte-estrena-otra-noche-de-llorar\\\/#primaryimage\"},\"image\":{\"@id\":\"https:\\\/\\\/unaymilletras.com\\\/mon-laferte-estrena-otra-noche-de-llorar\\\/#primaryimage\"},\"thumbnailUrl\":\"https:\\\/\\\/unaymilletras.com\\\/wp-content\\\/uploads\\\/2025\\\/04\\\/image.png\",\"datePublished\":\"2025-04-03T16:00:00+00:00\",\"description\":\"\\\"Otra Noche de Llorar\\\" es el primer adelanto del pr\u00f3ximo \u00e1lbum de Mon Laferte, \\\"Femme Fatale\\\", en este encapsula la p\u00e9rdida y la nostalgia.\",\"breadcrumb\":{\"@id\":\"https:\\\/\\\/unaymilletras.com\\\/mon-laferte-estrena-otra-noche-de-llorar\\\/#breadcrumb\"},\"inLanguage\":\"en-GB\",\"potentialAction\":[{\"@type\":\"ReadAction\",\"target\":[\"https:\\\/\\\/unaymilletras.com\\\/mon-laferte-estrena-otra-noche-de-llorar\\\/\"]}]},{\"@type\":\"ImageObject\",\"inLanguage\":\"en-GB\",\"@id\":\"https:\\\/\\\/unaymilletras.com\\\/mon-laferte-estrena-otra-noche-de-llorar\\\/#primaryimage\",\"url\":\"https:\\\/\\\/unaymilletras.com\\\/wp-content\\\/uploads\\\/2025\\\/04\\\/image.png\",\"contentUrl\":\"https:\\\/\\\/unaymilletras.com\\\/wp-content\\\/uploads\\\/2025\\\/04\\\/image.png\",\"width\":444,\"height\":443,\"caption\":\"Mon Laferte\"},{\"@type\":\"BreadcrumbList\",\"@id\":\"https:\\\/\\\/unaymilletras.com\\\/mon-laferte-estrena-otra-noche-de-llorar\\\/#breadcrumb\",\"itemListElement\":[{\"@type\":\"ListItem\",\"position\":1,\"name\":\"Home\",\"item\":\"http:\\\/\\\/unaymilletras.com\\\/\"},{\"@type\":\"ListItem\",\"position\":2,\"name\":\"Mon Laferte estrena \u00abOtra Noche de Llorar\u00bb\"}]},{\"@type\":\"WebSite\",\"@id\":\"http:\\\/\\\/unaymilletras.com\\\/#website\",\"url\":\"http:\\\/\\\/unaymilletras.com\\\/\",\"name\":\"Una y Mil Letras\",\"description\":\"\",\"publisher\":{\"@id\":\"http:\\\/\\\/unaymilletras.com\\\/#organization\"},\"potentialAction\":[{\"@type\":\"SearchAction\",\"target\":{\"@type\":\"EntryPoint\",\"urlTemplate\":\"http:\\\/\\\/unaymilletras.com\\\/?s={search_term_string}\"},\"query-input\":{\"@type\":\"PropertyValueSpecification\",\"valueRequired\":true,\"valueName\":\"search_term_string\"}}],\"inLanguage\":\"en-GB\"},{\"@type\":\"Organization\",\"@id\":\"http:\\\/\\\/unaymilletras.com\\\/#organization\",\"name\":\"Una y Mil Letras\",\"url\":\"http:\\\/\\\/unaymilletras.com\\\/\",\"logo\":{\"@type\":\"ImageObject\",\"inLanguage\":\"en-GB\",\"@id\":\"http:\\\/\\\/unaymilletras.com\\\/#\\\/schema\\\/logo\\\/image\\\/\",\"url\":\"https:\\\/\\\/unaymilletras.com\\\/wp-content\\\/uploads\\\/2024\\\/06\\\/cropped-Logo-removebg-preview.png\",\"contentUrl\":\"https:\\\/\\\/unaymilletras.com\\\/wp-content\\\/uploads\\\/2024\\\/06\\\/cropped-Logo-removebg-preview.png\",\"width\":512,\"height\":512,\"caption\":\"Una y Mil Letras\"},\"image\":{\"@id\":\"http:\\\/\\\/unaymilletras.com\\\/#\\\/schema\\\/logo\\\/image\\\/\"},\"sameAs\":[\"https:\\\/\\\/x.com\\\/UnaYMilLetras\",\"https:\\\/\\\/instagram.com\\\/UnaYMilLetras\"]},{\"@type\":\"Person\",\"@id\":\"http:\\\/\\\/unaymilletras.com\\\/#\\\/schema\\\/person\\\/90f1e88e4c10951a79965c8106280f0a\",\"name\":\"Victoria Hern\u00e1ndez\",\"image\":{\"@type\":\"ImageObject\",\"inLanguage\":\"en-GB\",\"@id\":\"https:\\\/\\\/secure.gravatar.com\\\/avatar\\\/4a6a914c964cf29cc45dd00ef5c74e847f221f6a1039c94b8aa244949baeeda4?s=96&d=mm&r=g\",\"url\":\"https:\\\/\\\/secure.gravatar.com\\\/avatar\\\/4a6a914c964cf29cc45dd00ef5c74e847f221f6a1039c94b8aa244949baeeda4?s=96&d=mm&r=g\",\"contentUrl\":\"https:\\\/\\\/secure.gravatar.com\\\/avatar\\\/4a6a914c964cf29cc45dd00ef5c74e847f221f6a1039c94b8aa244949baeeda4?s=96&d=mm&r=g\",\"caption\":\"Victoria Hern\u00e1ndez\"},\"url\":\"https:\\\/\\\/unaymilletras.com\\\/en\\\/author\\\/victoriahernandez\\\/\"}]}<\/script>\n<!-- \/ Yoast SEO plugin. -->","yoast_head_json":{"title":"Mon Laferte estrena \"Otra Noche de Llorar\" &#8902; Una y Mil Letras","description":"\"Otra Noche de Llorar\" es el primer adelanto del pr\u00f3ximo \u00e1lbum de Mon Laferte, \"Femme Fatale\", en este encapsula la p\u00e9rdida y la nostalgia.","robots":{"index":"index","follow":"follow","max-snippet":"max-snippet:-1","max-image-preview":"max-image-preview:large","max-video-preview":"max-video-preview:-1"},"canonical":"https:\/\/unaymilletras.com\/en\/mon-laferte-estrena-otra-noche-de-llorar\/","og_locale":"en_GB","og_type":"article","og_title":"Mon Laferte estrena \"Otra Noche de Llorar\" &#8902; Una y Mil Letras","og_description":"\"Otra Noche de Llorar\" es el primer adelanto del pr\u00f3ximo \u00e1lbum de Mon Laferte, \"Femme Fatale\", en este encapsula la p\u00e9rdida y la nostalgia.","og_url":"https:\/\/unaymilletras.com\/en\/mon-laferte-estrena-otra-noche-de-llorar\/","og_site_name":"Una y Mil Letras","article_published_time":"2025-04-03T16:00:00+00:00","og_image":[{"width":444,"height":443,"url":"https:\/\/unaymilletras.com\/wp-content\/uploads\/2025\/04\/image.png","type":"image\/png"}],"author":"Victoria Hern\u00e1ndez","twitter_card":"summary_large_image","twitter_creator":"@UnaYMilLetras","twitter_site":"@UnaYMilLetras","twitter_misc":{"Written by":"Victoria Hern\u00e1ndez","Estimated reading time":"2 minutes"},"schema":{"@context":"https:\/\/schema.org","@graph":[{"@type":"Article","@id":"https:\/\/unaymilletras.com\/mon-laferte-estrena-otra-noche-de-llorar\/#article","isPartOf":{"@id":"https:\/\/unaymilletras.com\/mon-laferte-estrena-otra-noche-de-llorar\/"},"author":{"name":"Victoria Hern\u00e1ndez","@id":"http:\/\/unaymilletras.com\/#\/schema\/person\/90f1e88e4c10951a79965c8106280f0a"},"headline":"Mon Laferte estrena \u00abOtra Noche de Llorar\u00bb","datePublished":"2025-04-03T16:00:00+00:00","mainEntityOfPage":{"@id":"https:\/\/unaymilletras.com\/mon-laferte-estrena-otra-noche-de-llorar\/"},"wordCount":311,"publisher":{"@id":"http:\/\/unaymilletras.com\/#organization"},"image":{"@id":"https:\/\/unaymilletras.com\/mon-laferte-estrena-otra-noche-de-llorar\/#primaryimage"},"thumbnailUrl":"https:\/\/unaymilletras.com\/wp-content\/uploads\/2025\/04\/image.png","keywords":["Mon Laferte"],"articleSection":["M\u00fasica"],"inLanguage":"en-GB"},{"@type":"WebPage","@id":"https:\/\/unaymilletras.com\/mon-laferte-estrena-otra-noche-de-llorar\/","url":"https:\/\/unaymilletras.com\/mon-laferte-estrena-otra-noche-de-llorar\/","name":"Mon Laferte estrena \"Otra Noche de Llorar\" &#8902; Una y Mil Letras","isPartOf":{"@id":"http:\/\/unaymilletras.com\/#website"},"primaryImageOfPage":{"@id":"https:\/\/unaymilletras.com\/mon-laferte-estrena-otra-noche-de-llorar\/#primaryimage"},"image":{"@id":"https:\/\/unaymilletras.com\/mon-laferte-estrena-otra-noche-de-llorar\/#primaryimage"},"thumbnailUrl":"https:\/\/unaymilletras.com\/wp-content\/uploads\/2025\/04\/image.png","datePublished":"2025-04-03T16:00:00+00:00","description":"\"Otra Noche de Llorar\" es el primer adelanto del pr\u00f3ximo \u00e1lbum de Mon Laferte, \"Femme Fatale\", en este encapsula la p\u00e9rdida y la nostalgia.","breadcrumb":{"@id":"https:\/\/unaymilletras.com\/mon-laferte-estrena-otra-noche-de-llorar\/#breadcrumb"},"inLanguage":"en-GB","potentialAction":[{"@type":"ReadAction","target":["https:\/\/unaymilletras.com\/mon-laferte-estrena-otra-noche-de-llorar\/"]}]},{"@type":"ImageObject","inLanguage":"en-GB","@id":"https:\/\/unaymilletras.com\/mon-laferte-estrena-otra-noche-de-llorar\/#primaryimage","url":"https:\/\/unaymilletras.com\/wp-content\/uploads\/2025\/04\/image.png","contentUrl":"https:\/\/unaymilletras.com\/wp-content\/uploads\/2025\/04\/image.png","width":444,"height":443,"caption":"Mon Laferte"},{"@type":"BreadcrumbList","@id":"https:\/\/unaymilletras.com\/mon-laferte-estrena-otra-noche-de-llorar\/#breadcrumb","itemListElement":[{"@type":"ListItem","position":1,"name":"Home","item":"http:\/\/unaymilletras.com\/"},{"@type":"ListItem","position":2,"name":"Mon Laferte estrena \u00abOtra Noche de Llorar\u00bb"}]},{"@type":"WebSite","@id":"http:\/\/unaymilletras.com\/#website","url":"http:\/\/unaymilletras.com\/","name":"Una y Mil Letras","description":"","publisher":{"@id":"http:\/\/unaymilletras.com\/#organization"},"potentialAction":[{"@type":"SearchAction","target":{"@type":"EntryPoint","urlTemplate":"http:\/\/unaymilletras.com\/?s={search_term_string}"},"query-input":{"@type":"PropertyValueSpecification","valueRequired":true,"valueName":"search_term_string"}}],"inLanguage":"en-GB"},{"@type":"Organization","@id":"http:\/\/unaymilletras.com\/#organization","name":"Una y Mil Letras","url":"http:\/\/unaymilletras.com\/","logo":{"@type":"ImageObject","inLanguage":"en-GB","@id":"http:\/\/unaymilletras.com\/#\/schema\/logo\/image\/","url":"https:\/\/unaymilletras.com\/wp-content\/uploads\/2024\/06\/cropped-Logo-removebg-preview.png","contentUrl":"https:\/\/unaymilletras.com\/wp-content\/uploads\/2024\/06\/cropped-Logo-removebg-preview.png","width":512,"height":512,"caption":"Una y Mil Letras"},"image":{"@id":"http:\/\/unaymilletras.com\/#\/schema\/logo\/image\/"},"sameAs":["https:\/\/x.com\/UnaYMilLetras","https:\/\/instagram.com\/UnaYMilLetras"]},{"@type":"Person","@id":"http:\/\/unaymilletras.com\/#\/schema\/person\/90f1e88e4c10951a79965c8106280f0a","name":"Victoria Hern\u00e1ndez","image":{"@type":"ImageObject","inLanguage":"en-GB","@id":"https:\/\/secure.gravatar.com\/avatar\/4a6a914c964cf29cc45dd00ef5c74e847f221f6a1039c94b8aa244949baeeda4?s=96&d=mm&r=g","url":"https:\/\/secure.gravatar.com\/avatar\/4a6a914c964cf29cc45dd00ef5c74e847f221f6a1039c94b8aa244949baeeda4?s=96&d=mm&r=g","contentUrl":"https:\/\/secure.gravatar.com\/avatar\/4a6a914c964cf29cc45dd00ef5c74e847f221f6a1039c94b8aa244949baeeda4?s=96&d=mm&r=g","caption":"Victoria Hern\u00e1ndez"},"url":"https:\/\/unaymilletras.com\/en\/author\/victoriahernandez\/"}]}},"_links":{"self":[{"href":"https:\/\/unaymilletras.com\/en\/wp-json\/wp\/v2\/posts\/4332","targetHints":{"allow":["GET"]}}],"collection":[{"href":"https:\/\/unaymilletras.com\/en\/wp-json\/wp\/v2\/posts"}],"about":[{"href":"https:\/\/unaymilletras.com\/en\/wp-json\/wp\/v2\/types\/post"}],"author":[{"embeddable":true,"href":"https:\/\/unaymilletras.com\/en\/wp-json\/wp\/v2\/users\/9"}],"replies":[{"embeddable":true,"href":"https:\/\/unaymilletras.com\/en\/wp-json\/wp\/v2\/comments?post=4332"}],"version-history":[{"count":5,"href":"https:\/\/unaymilletras.com\/en\/wp-json\/wp\/v2\/posts\/4332\/revisions"}],"predecessor-version":[{"id":4349,"href":"https:\/\/unaymilletras.com\/en\/wp-json\/wp\/v2\/posts\/4332\/revisions\/4349"}],"wp:featuredmedia":[{"embeddable":true,"href":"https:\/\/unaymilletras.com\/en\/wp-json\/wp\/v2\/media\/4333"}],"wp:attachment":[{"href":"https:\/\/unaymilletras.com\/en\/wp-json\/wp\/v2\/media?parent=4332"}],"wp:term":[{"taxonomy":"category","embeddable":true,"href":"https:\/\/unaymilletras.com\/en\/wp-json\/wp\/v2\/categories?post=4332"},{"taxonomy":"post_tag","embeddable":true,"href":"https:\/\/unaymilletras.com\/en\/wp-json\/wp\/v2\/tags?post=4332"}],"curies":[{"name":"wp","href":"https:\/\/api.w.org\/{rel}","templated":true}]}}