{"id":4352,"date":"2025-04-04T18:14:13","date_gmt":"2025-04-04T16:14:13","guid":{"rendered":"https:\/\/unaymilletras.com\/?p=4352"},"modified":"2025-08-09T12:01:47","modified_gmt":"2025-08-09T10:01:47","slug":"los40-primavera-pop-2025-ultimas-entradas-para-el-festival-pop-del-ano","status":"publish","type":"post","link":"https:\/\/unaymilletras.com\/en\/los40-primavera-pop-2025-ultimas-entradas-para-el-festival-pop-del-ano\/","title":{"rendered":"LOS40 Primavera Pop 2025: \u00daltimas entradas para el festival pop del a\u00f1o"},"content":{"rendered":"\t\t<div data-elementor-type=\"wp-post\" data-elementor-id=\"4352\" class=\"elementor elementor-4352\">\n\t\t\t\t\t\t<section class=\"elementor-section elementor-top-section elementor-element elementor-element-2001187 elementor-section-boxed elementor-section-height-default elementor-section-height-default\" data-id=\"2001187\" data-element_type=\"section\" data-e-type=\"section\">\n\t\t\t\t\t\t<div class=\"elementor-container elementor-column-gap-default\">\n\t\t\t\t\t<div class=\"elementor-column elementor-col-100 elementor-top-column elementor-element elementor-element-e33a832\" data-id=\"e33a832\" data-element_type=\"column\" data-e-type=\"column\">\n\t\t\t<div class=\"elementor-widget-wrap elementor-element-populated\">\n\t\t\t\t\t\t<div class=\"elementor-element elementor-element-2db9732 elementor-widget elementor-widget-text-editor\" data-id=\"2db9732\" data-element_type=\"widget\" data-e-type=\"widget\" data-widget_type=\"text-editor.default\">\n\t\t\t\t<div class=\"elementor-widget-container\">\n\t\t\t\t\t\t\t\t\t<h2 style=\"text-align: center;\"><span style=\"color: #808080;\"><em>Madrid y Badalona se preparan para recibir a los artistas m\u00e1s destacados del panorama musical en Los40 Primavera Pop<\/em><\/span><\/h2>\t\t\t\t\t\t\t\t<\/div>\n\t\t\t\t<\/div>\n\t\t\t\t\t<\/div>\n\t\t<\/div>\n\t\t\t\t\t<\/div>\n\t\t<\/section>\n\t\t\t\t<section class=\"elementor-section elementor-top-section elementor-element elementor-element-4108de5 elementor-section-boxed elementor-section-height-default elementor-section-height-default\" data-id=\"4108de5\" data-element_type=\"section\" data-e-type=\"section\">\n\t\t\t\t\t\t<div class=\"elementor-container elementor-column-gap-default\">\n\t\t\t\t\t<div class=\"elementor-column elementor-col-100 elementor-top-column elementor-element elementor-element-59abda7\" data-id=\"59abda7\" data-element_type=\"column\" data-e-type=\"column\">\n\t\t\t<div class=\"elementor-widget-wrap elementor-element-populated\">\n\t\t\t\t\t\t<div class=\"elementor-element elementor-element-d516845 elementor-widget elementor-widget-text-editor\" data-id=\"d516845\" data-element_type=\"widget\" data-e-type=\"widget\" data-widget_type=\"text-editor.default\">\n\t\t\t\t<div class=\"elementor-widget-container\">\n\t\t\t\t\t\t\t\t\t<p class=\"\" data-start=\"189\" data-end=\"346\"><span class=\"relative -mx-px my-[-0.2rem] rounded-sm px-px py-[0.2rem]\">El festival <strong data-start=\"12\" data-end=\"40\">LOS40 Primavera Pop 2025<\/strong> est\u00e1 a punto de dar el pistoletazo de salida a la temporada de conciertos en Espa\u00f1a.<\/span> <span class=\"relative -mx-px my-[-0.2rem] rounded-sm px-px py-[0.2rem]\">Con fechas programadas para el <strong data-start=\"31\" data-end=\"56\">11 de abril en Madrid<\/strong> y el <strong data-start=\"62\" data-end=\"89\">12 de abril en <span style=\"color: #808080;\"><a style=\"color: #808080;\" href=\"https:\/\/unaymilletras.com\/los40-primavera-pop-mas-artistas-y-nueva-edicion-en-rubi\/\">Badalona<\/a><\/span><\/strong>, el evento promete ser una cita ineludible para los amantes de la m\u00fasica pop.<\/span> <span class=\"relative -mx-px my-[-0.2rem] rounded-sm px-px py-[0.2rem]\">Las entradas est\u00e1n volando, y los organizadores han anunciado que quedan las \u00faltimas disponibles para ambos conciertos.<\/span>\u200b<\/p>\t\t\t\t\t\t\t\t<\/div>\n\t\t\t\t<\/div>\n\t\t\t\t\t<\/div>\n\t\t<\/div>\n\t\t\t\t\t<\/div>\n\t\t<\/section>\n\t\t\t\t<section class=\"elementor-section elementor-top-section elementor-element elementor-element-b0211b8 elementor-section-boxed elementor-section-height-default elementor-section-height-default\" data-id=\"b0211b8\" data-element_type=\"section\" data-e-type=\"section\">\n\t\t\t\t\t\t<div class=\"elementor-container elementor-column-gap-default\">\n\t\t\t\t\t<div class=\"elementor-column elementor-col-100 elementor-top-column elementor-element elementor-element-2c52d09\" data-id=\"2c52d09\" data-element_type=\"column\" data-e-type=\"column\">\n\t\t\t<div class=\"elementor-widget-wrap elementor-element-populated\">\n\t\t\t\t\t\t<div class=\"elementor-element elementor-element-6cf769f elementor-widget elementor-widget-image\" data-id=\"6cf769f\" data-element_type=\"widget\" data-e-type=\"widget\" data-widget_type=\"image.default\">\n\t\t\t\t<div class=\"elementor-widget-container\">\n\t\t\t\t\t\t\t\t\t\t\t\t\t\t\t<img fetchpriority=\"high\" decoding=\"async\" width=\"640\" height=\"360\" src=\"https:\/\/unaymilletras.com\/wp-content\/uploads\/2025\/04\/DTUP4PB2ONGDZKHBXY6IPTUJVM-1024x576.jpg\" class=\"attachment-large size-large wp-image-4354\" alt=\"LOS40 Primavera Pop\" srcset=\"https:\/\/unaymilletras.com\/wp-content\/uploads\/2025\/04\/DTUP4PB2ONGDZKHBXY6IPTUJVM-1024x576.jpg 1024w, https:\/\/unaymilletras.com\/wp-content\/uploads\/2025\/04\/DTUP4PB2ONGDZKHBXY6IPTUJVM-300x169.jpg 300w, https:\/\/unaymilletras.com\/wp-content\/uploads\/2025\/04\/DTUP4PB2ONGDZKHBXY6IPTUJVM-768x432.jpg 768w, https:\/\/unaymilletras.com\/wp-content\/uploads\/2025\/04\/DTUP4PB2ONGDZKHBXY6IPTUJVM-18x10.jpg 18w, https:\/\/unaymilletras.com\/wp-content\/uploads\/2025\/04\/DTUP4PB2ONGDZKHBXY6IPTUJVM-e1743783017508.jpg 600w\" sizes=\"(max-width: 640px) 100vw, 640px\" \/>\t\t\t\t\t\t\t\t\t\t\t\t\t\t\t<\/div>\n\t\t\t\t<\/div>\n\t\t\t\t\t<\/div>\n\t\t<\/div>\n\t\t\t\t\t<\/div>\n\t\t<\/section>\n\t\t\t\t<section class=\"elementor-section elementor-top-section elementor-element elementor-element-fc63332 elementor-section-boxed elementor-section-height-default elementor-section-height-default\" data-id=\"fc63332\" data-element_type=\"section\" data-e-type=\"section\">\n\t\t\t\t\t\t<div class=\"elementor-container elementor-column-gap-default\">\n\t\t\t\t\t<div class=\"elementor-column elementor-col-100 elementor-top-column elementor-element elementor-element-c887bc0\" data-id=\"c887bc0\" data-element_type=\"column\" data-e-type=\"column\">\n\t\t\t<div class=\"elementor-widget-wrap elementor-element-populated\">\n\t\t\t\t\t\t<div class=\"elementor-element elementor-element-c1e0101 elementor-widget elementor-widget-text-editor\" data-id=\"c1e0101\" data-element_type=\"widget\" data-e-type=\"widget\" data-widget_type=\"text-editor.default\">\n\t\t\t\t<div class=\"elementor-widget-container\">\n\t\t\t\t\t\t\t\t\t<p class=\"\" data-start=\"348\" data-end=\"467\"><span class=\"relative -mx-px my-[-0.2rem] rounded-sm px-px py-[0.2rem]\">El cartel de este a\u00f1o re\u00fane a una selecci\u00f3n de artistas nacionales e internacionales que han marcado tendencia en las listas de \u00e9xitos.<\/span> <span class=\"relative -mx-px my-[-0.2rem] rounded-sm px-px py-[0.2rem]\">Aunque LOS40 a\u00fan no ha desvelado todos los nombres, se espera que el line-up incluya a figuras destacadas del pop actual, siguiendo la estela de ediciones anteriores.<\/span>\u200b<\/p><p class=\"\" data-start=\"469\" data-end=\"588\"><span class=\"relative -mx-px my-[-0.2rem] rounded-sm px-px py-[0.2rem]\">El <strong data-start=\"3\" data-end=\"30\">WiZink Center de Madrid<\/strong> ser\u00e1 el escenario del primer concierto el 11 de abril, mientras que el <strong data-start=\"102\" data-end=\"133\">Pavell\u00f3 Ol\u00edmpic de Badalona<\/strong> acoger\u00e1 el espect\u00e1culo al d\u00eda siguiente, el 12 de abril.<\/span> <span class=\"relative -mx-px my-[-0.2rem] rounded-sm px-px py-[0.2rem]\">Ambos recintos est\u00e1n preparados para recibir a miles de fans que disfrutar\u00e1n de una noche llena de m\u00fasica y sorpresas.<\/span><\/p>\t\t\t\t\t\t\t\t<\/div>\n\t\t\t\t<\/div>\n\t\t\t\t\t<\/div>\n\t\t<\/div>\n\t\t\t\t\t<\/div>\n\t\t<\/section>\n\t\t\t\t<section class=\"elementor-section elementor-top-section elementor-element elementor-element-0adc939 elementor-section-boxed elementor-section-height-default elementor-section-height-default\" data-id=\"0adc939\" data-element_type=\"section\" data-e-type=\"section\">\n\t\t\t\t\t\t<div class=\"elementor-container elementor-column-gap-default\">\n\t\t\t\t\t<div class=\"elementor-column elementor-col-100 elementor-top-column elementor-element elementor-element-7cf5196\" data-id=\"7cf5196\" data-element_type=\"column\" data-e-type=\"column\">\n\t\t\t<div class=\"elementor-widget-wrap elementor-element-populated\">\n\t\t\t\t\t\t<div class=\"elementor-element elementor-element-241b6c5 elementor-widget elementor-widget-video\" data-id=\"241b6c5\" data-element_type=\"widget\" data-e-type=\"widget\" data-settings=\"{&quot;youtube_url&quot;:&quot;https:\\\/\\\/www.youtube.com\\\/watch?v=cKrxJ0Rw4S4&amp;ab_channel=LOS40&quot;,&quot;video_type&quot;:&quot;youtube&quot;,&quot;controls&quot;:&quot;yes&quot;}\" data-widget_type=\"video.default\">\n\t\t\t\t<div class=\"elementor-widget-container\">\n\t\t\t\t\t\t\t<div class=\"elementor-wrapper elementor-open-inline\">\n\t\t\t<div class=\"elementor-video\"><\/div>\t\t<\/div>\n\t\t\t\t\t\t<\/div>\n\t\t\t\t<\/div>\n\t\t\t\t\t<\/div>\n\t\t<\/div>\n\t\t\t\t\t<\/div>\n\t\t<\/section>\n\t\t\t\t<section class=\"elementor-section elementor-top-section elementor-element elementor-element-86e7a9f elementor-section-boxed elementor-section-height-default elementor-section-height-default\" data-id=\"86e7a9f\" data-element_type=\"section\" data-e-type=\"section\">\n\t\t\t\t\t\t<div class=\"elementor-container elementor-column-gap-default\">\n\t\t\t\t\t<div class=\"elementor-column elementor-col-100 elementor-top-column elementor-element elementor-element-9ca1120\" data-id=\"9ca1120\" data-element_type=\"column\" data-e-type=\"column\">\n\t\t\t<div class=\"elementor-widget-wrap elementor-element-populated\">\n\t\t\t\t\t\t<div class=\"elementor-element elementor-element-0ec717c elementor-widget elementor-widget-text-editor\" data-id=\"0ec717c\" data-element_type=\"widget\" data-e-type=\"widget\" data-widget_type=\"text-editor.default\">\n\t\t\t\t<div class=\"elementor-widget-container\">\n\t\t\t\t\t\t\t\t\t<p class=\"\" data-start=\"590\" data-end=\"715\"><span class=\"relative -mx-px my-[-0.2rem] rounded-sm px-px py-[0.2rem]\">Para aquellos que a\u00fan no han adquirido sus <span style=\"color: #808080;\"><a style=\"color: #808080;\" href=\"https:\/\/www.ticketmaster.es\/event\/los40-primavera-pop-entradas\/1101771609\">entradas<\/a><\/span>, es recomendable hacerlo cuanto antes, ya que la demanda es alta y se espera un lleno total en ambas ciudades.<\/span> <span class=\"relative -mx-px my-[-0.2rem] rounded-sm px-px py-[0.2rem]\">Las entradas est\u00e1n disponibles a trav\u00e9s de los canales oficiales de LOS40 y en puntos de venta autorizados.<\/span>\u200b<\/p><p class=\"\" data-start=\"717\" data-end=\"842\"><span class=\"relative -mx-px my-[-0.2rem] rounded-sm px-px py-[0.2rem]\">LOS40 Primavera Pop se ha consolidado como uno de los festivales m\u00e1s esperados del a\u00f1o, ofreciendo una plataforma para que artistas emergentes y consagrados compartan escenario y conecten con su p\u00fablico.<\/span> <span class=\"relative -mx-px my-[-0.2rem] rounded-sm px-px py-[0.2rem]\">La edici\u00f3n de 2025 promete mantener el nivel y ofrecer momentos inolvidables a todos los asistentes.<\/span><\/p>\t\t\t\t\t\t\t\t<\/div>\n\t\t\t\t<\/div>\n\t\t\t\t\t<\/div>\n\t\t<\/div>\n\t\t\t\t\t<\/div>\n\t\t<\/section>\n\t\t\t\t<\/div>\n\t\t","protected":false},"excerpt":{"rendered":"<p>Madrid y Badalona se preparan para recibir a los artistas m\u00e1s destacados del panorama musical en Los40 Primavera Pop El festival LOS40 Primavera Pop 2025 est\u00e1 a punto de dar el pistoletazo de salida a la temporada de conciertos en Espa\u00f1a. Con fechas programadas para el 11 de abril en Madrid y el 12 de [&hellip;]<\/p>\n","protected":false},"author":6,"featured_media":4354,"comment_status":"closed","ping_status":"closed","sticky":false,"template":"","format":"standard","meta":{"footnotes":""},"categories":[4],"tags":[],"class_list":["post-4352","post","type-post","status-publish","format-standard","has-post-thumbnail","hentry","category-musica"],"yoast_head":"<!-- This site is optimized with the Yoast SEO plugin v27.4 - https:\/\/yoast.com\/product\/yoast-seo-wordpress\/ -->\n<title>LOS40 Primavera Pop 2025: \u00daltimas entradas para el festival pop del a\u00f1o<\/title>\n<meta name=\"description\" content=\"Madrid y Badalona se preparan para recibir a los artistas m\u00e1s destacados del panorama musical en Los40 Primavera Pop\" \/>\n<meta name=\"robots\" content=\"index, follow, max-snippet:-1, max-image-preview:large, max-video-preview:-1\" \/>\n<link rel=\"canonical\" href=\"https:\/\/unaymilletras.com\/en\/los40-primavera-pop-2025-ultimas-entradas-para-el-festival-pop-del-ano\/\" \/>\n<meta property=\"og:locale\" content=\"en_GB\" \/>\n<meta property=\"og:type\" content=\"article\" \/>\n<meta property=\"og:title\" content=\"LOS40 Primavera Pop 2025: \u00daltimas entradas para el festival pop del a\u00f1o\" \/>\n<meta property=\"og:description\" content=\"Madrid y Badalona se preparan para recibir a los artistas m\u00e1s destacados del panorama musical en Los40 Primavera Pop\" \/>\n<meta property=\"og:url\" content=\"https:\/\/unaymilletras.com\/en\/los40-primavera-pop-2025-ultimas-entradas-para-el-festival-pop-del-ano\/\" \/>\n<meta property=\"og:site_name\" content=\"Una y Mil Letras\" \/>\n<meta property=\"article:published_time\" content=\"2025-04-04T16:14:13+00:00\" \/>\n<meta property=\"article:modified_time\" content=\"2025-08-09T10:01:47+00:00\" \/>\n<meta property=\"og:image\" content=\"http:\/\/unaymilletras.com\/wp-content\/uploads\/2025\/04\/DTUP4PB2ONGDZKHBXY6IPTUJVM-e1743783017508.jpg\" \/>\n\t<meta property=\"og:image:width\" content=\"600\" \/>\n\t<meta property=\"og:image:height\" content=\"338\" \/>\n\t<meta property=\"og:image:type\" content=\"image\/jpeg\" \/>\n<meta name=\"author\" content=\"Redacci\u00f3n\" \/>\n<meta name=\"twitter:card\" content=\"summary_large_image\" \/>\n<meta name=\"twitter:creator\" content=\"@UnaYMilLetras\" \/>\n<meta name=\"twitter:site\" content=\"@UnaYMilLetras\" \/>\n<meta name=\"twitter:label1\" content=\"Written by\" \/>\n\t<meta name=\"twitter:data1\" content=\"Redacci\u00f3n\" \/>\n\t<meta name=\"twitter:label2\" content=\"Estimated reading time\" \/>\n\t<meta name=\"twitter:data2\" content=\"2 minutes\" \/>\n<script type=\"application\/ld+json\" class=\"yoast-schema-graph\">{\"@context\":\"https:\\\/\\\/schema.org\",\"@graph\":[{\"@type\":\"Article\",\"@id\":\"https:\\\/\\\/unaymilletras.com\\\/los40-primavera-pop-2025-ultimas-entradas-para-el-festival-pop-del-ano\\\/#article\",\"isPartOf\":{\"@id\":\"https:\\\/\\\/unaymilletras.com\\\/los40-primavera-pop-2025-ultimas-entradas-para-el-festival-pop-del-ano\\\/\"},\"author\":{\"name\":\"Redacci\u00f3n\",\"@id\":\"http:\\\/\\\/unaymilletras.com\\\/#\\\/schema\\\/person\\\/0860dc8a218329991ee2c7591f4f849d\"},\"headline\":\"LOS40 Primavera Pop 2025: \u00daltimas entradas para el festival pop del a\u00f1o\",\"datePublished\":\"2025-04-04T16:14:13+00:00\",\"dateModified\":\"2025-08-09T10:01:47+00:00\",\"mainEntityOfPage\":{\"@id\":\"https:\\\/\\\/unaymilletras.com\\\/los40-primavera-pop-2025-ultimas-entradas-para-el-festival-pop-del-ano\\\/\"},\"wordCount\":324,\"publisher\":{\"@id\":\"http:\\\/\\\/unaymilletras.com\\\/#organization\"},\"image\":{\"@id\":\"https:\\\/\\\/unaymilletras.com\\\/los40-primavera-pop-2025-ultimas-entradas-para-el-festival-pop-del-ano\\\/#primaryimage\"},\"thumbnailUrl\":\"https:\\\/\\\/unaymilletras.com\\\/wp-content\\\/uploads\\\/2025\\\/04\\\/DTUP4PB2ONGDZKHBXY6IPTUJVM-e1743783017508.jpg\",\"articleSection\":[\"M\u00fasica\"],\"inLanguage\":\"en-GB\"},{\"@type\":\"WebPage\",\"@id\":\"https:\\\/\\\/unaymilletras.com\\\/los40-primavera-pop-2025-ultimas-entradas-para-el-festival-pop-del-ano\\\/\",\"url\":\"https:\\\/\\\/unaymilletras.com\\\/los40-primavera-pop-2025-ultimas-entradas-para-el-festival-pop-del-ano\\\/\",\"name\":\"LOS40 Primavera Pop 2025: \u00daltimas entradas para el festival pop del a\u00f1o\",\"isPartOf\":{\"@id\":\"http:\\\/\\\/unaymilletras.com\\\/#website\"},\"primaryImageOfPage\":{\"@id\":\"https:\\\/\\\/unaymilletras.com\\\/los40-primavera-pop-2025-ultimas-entradas-para-el-festival-pop-del-ano\\\/#primaryimage\"},\"image\":{\"@id\":\"https:\\\/\\\/unaymilletras.com\\\/los40-primavera-pop-2025-ultimas-entradas-para-el-festival-pop-del-ano\\\/#primaryimage\"},\"thumbnailUrl\":\"https:\\\/\\\/unaymilletras.com\\\/wp-content\\\/uploads\\\/2025\\\/04\\\/DTUP4PB2ONGDZKHBXY6IPTUJVM-e1743783017508.jpg\",\"datePublished\":\"2025-04-04T16:14:13+00:00\",\"dateModified\":\"2025-08-09T10:01:47+00:00\",\"description\":\"Madrid y Badalona se preparan para recibir a los artistas m\u00e1s destacados del panorama musical en Los40 Primavera Pop\",\"breadcrumb\":{\"@id\":\"https:\\\/\\\/unaymilletras.com\\\/los40-primavera-pop-2025-ultimas-entradas-para-el-festival-pop-del-ano\\\/#breadcrumb\"},\"inLanguage\":\"en-GB\",\"potentialAction\":[{\"@type\":\"ReadAction\",\"target\":[\"https:\\\/\\\/unaymilletras.com\\\/los40-primavera-pop-2025-ultimas-entradas-para-el-festival-pop-del-ano\\\/\"]}]},{\"@type\":\"ImageObject\",\"inLanguage\":\"en-GB\",\"@id\":\"https:\\\/\\\/unaymilletras.com\\\/los40-primavera-pop-2025-ultimas-entradas-para-el-festival-pop-del-ano\\\/#primaryimage\",\"url\":\"https:\\\/\\\/unaymilletras.com\\\/wp-content\\\/uploads\\\/2025\\\/04\\\/DTUP4PB2ONGDZKHBXY6IPTUJVM-e1743783017508.jpg\",\"contentUrl\":\"https:\\\/\\\/unaymilletras.com\\\/wp-content\\\/uploads\\\/2025\\\/04\\\/DTUP4PB2ONGDZKHBXY6IPTUJVM-e1743783017508.jpg\",\"width\":600,\"height\":338,\"caption\":\"LOS40 Primavera Pop\"},{\"@type\":\"BreadcrumbList\",\"@id\":\"https:\\\/\\\/unaymilletras.com\\\/los40-primavera-pop-2025-ultimas-entradas-para-el-festival-pop-del-ano\\\/#breadcrumb\",\"itemListElement\":[{\"@type\":\"ListItem\",\"position\":1,\"name\":\"Home\",\"item\":\"http:\\\/\\\/unaymilletras.com\\\/\"},{\"@type\":\"ListItem\",\"position\":2,\"name\":\"LOS40 Primavera Pop 2025: \u00daltimas entradas para el festival pop del a\u00f1o\"}]},{\"@type\":\"WebSite\",\"@id\":\"http:\\\/\\\/unaymilletras.com\\\/#website\",\"url\":\"http:\\\/\\\/unaymilletras.com\\\/\",\"name\":\"Una y Mil Letras\",\"description\":\"\",\"publisher\":{\"@id\":\"http:\\\/\\\/unaymilletras.com\\\/#organization\"},\"potentialAction\":[{\"@type\":\"SearchAction\",\"target\":{\"@type\":\"EntryPoint\",\"urlTemplate\":\"http:\\\/\\\/unaymilletras.com\\\/?s={search_term_string}\"},\"query-input\":{\"@type\":\"PropertyValueSpecification\",\"valueRequired\":true,\"valueName\":\"search_term_string\"}}],\"inLanguage\":\"en-GB\"},{\"@type\":\"Organization\",\"@id\":\"http:\\\/\\\/unaymilletras.com\\\/#organization\",\"name\":\"Una y Mil Letras\",\"url\":\"http:\\\/\\\/unaymilletras.com\\\/\",\"logo\":{\"@type\":\"ImageObject\",\"inLanguage\":\"en-GB\",\"@id\":\"http:\\\/\\\/unaymilletras.com\\\/#\\\/schema\\\/logo\\\/image\\\/\",\"url\":\"https:\\\/\\\/unaymilletras.com\\\/wp-content\\\/uploads\\\/2024\\\/06\\\/cropped-Logo-removebg-preview.png\",\"contentUrl\":\"https:\\\/\\\/unaymilletras.com\\\/wp-content\\\/uploads\\\/2024\\\/06\\\/cropped-Logo-removebg-preview.png\",\"width\":512,\"height\":512,\"caption\":\"Una y Mil Letras\"},\"image\":{\"@id\":\"http:\\\/\\\/unaymilletras.com\\\/#\\\/schema\\\/logo\\\/image\\\/\"},\"sameAs\":[\"https:\\\/\\\/x.com\\\/UnaYMilLetras\",\"https:\\\/\\\/instagram.com\\\/UnaYMilLetras\"]},{\"@type\":\"Person\",\"@id\":\"http:\\\/\\\/unaymilletras.com\\\/#\\\/schema\\\/person\\\/0860dc8a218329991ee2c7591f4f849d\",\"name\":\"Redacci\u00f3n\",\"image\":{\"@type\":\"ImageObject\",\"inLanguage\":\"en-GB\",\"@id\":\"https:\\\/\\\/secure.gravatar.com\\\/avatar\\\/d8f55e05a8b6597e45c55a1dcbdbfe44f4a360d88b48e00de5216a79b7732796?s=96&d=mm&r=g\",\"url\":\"https:\\\/\\\/secure.gravatar.com\\\/avatar\\\/d8f55e05a8b6597e45c55a1dcbdbfe44f4a360d88b48e00de5216a79b7732796?s=96&d=mm&r=g\",\"contentUrl\":\"https:\\\/\\\/secure.gravatar.com\\\/avatar\\\/d8f55e05a8b6597e45c55a1dcbdbfe44f4a360d88b48e00de5216a79b7732796?s=96&d=mm&r=g\",\"caption\":\"Redacci\u00f3n\"},\"url\":\"https:\\\/\\\/unaymilletras.com\\\/en\\\/author\\\/redaccion\\\/\"}]}<\/script>\n<!-- \/ Yoast SEO plugin. -->","yoast_head_json":{"title":"LOS40 Primavera Pop 2025: \u00daltimas entradas para el festival pop del a\u00f1o","description":"Madrid y Badalona se preparan para recibir a los artistas m\u00e1s destacados del panorama musical en Los40 Primavera Pop","robots":{"index":"index","follow":"follow","max-snippet":"max-snippet:-1","max-image-preview":"max-image-preview:large","max-video-preview":"max-video-preview:-1"},"canonical":"https:\/\/unaymilletras.com\/en\/los40-primavera-pop-2025-ultimas-entradas-para-el-festival-pop-del-ano\/","og_locale":"en_GB","og_type":"article","og_title":"LOS40 Primavera Pop 2025: \u00daltimas entradas para el festival pop del a\u00f1o","og_description":"Madrid y Badalona se preparan para recibir a los artistas m\u00e1s destacados del panorama musical en Los40 Primavera Pop","og_url":"https:\/\/unaymilletras.com\/en\/los40-primavera-pop-2025-ultimas-entradas-para-el-festival-pop-del-ano\/","og_site_name":"Una y Mil Letras","article_published_time":"2025-04-04T16:14:13+00:00","article_modified_time":"2025-08-09T10:01:47+00:00","og_image":[{"width":600,"height":338,"url":"http:\/\/unaymilletras.com\/wp-content\/uploads\/2025\/04\/DTUP4PB2ONGDZKHBXY6IPTUJVM-e1743783017508.jpg","type":"image\/jpeg"}],"author":"Redacci\u00f3n","twitter_card":"summary_large_image","twitter_creator":"@UnaYMilLetras","twitter_site":"@UnaYMilLetras","twitter_misc":{"Written by":"Redacci\u00f3n","Estimated reading time":"2 minutes"},"schema":{"@context":"https:\/\/schema.org","@graph":[{"@type":"Article","@id":"https:\/\/unaymilletras.com\/los40-primavera-pop-2025-ultimas-entradas-para-el-festival-pop-del-ano\/#article","isPartOf":{"@id":"https:\/\/unaymilletras.com\/los40-primavera-pop-2025-ultimas-entradas-para-el-festival-pop-del-ano\/"},"author":{"name":"Redacci\u00f3n","@id":"http:\/\/unaymilletras.com\/#\/schema\/person\/0860dc8a218329991ee2c7591f4f849d"},"headline":"LOS40 Primavera Pop 2025: \u00daltimas entradas para el festival pop del a\u00f1o","datePublished":"2025-04-04T16:14:13+00:00","dateModified":"2025-08-09T10:01:47+00:00","mainEntityOfPage":{"@id":"https:\/\/unaymilletras.com\/los40-primavera-pop-2025-ultimas-entradas-para-el-festival-pop-del-ano\/"},"wordCount":324,"publisher":{"@id":"http:\/\/unaymilletras.com\/#organization"},"image":{"@id":"https:\/\/unaymilletras.com\/los40-primavera-pop-2025-ultimas-entradas-para-el-festival-pop-del-ano\/#primaryimage"},"thumbnailUrl":"https:\/\/unaymilletras.com\/wp-content\/uploads\/2025\/04\/DTUP4PB2ONGDZKHBXY6IPTUJVM-e1743783017508.jpg","articleSection":["M\u00fasica"],"inLanguage":"en-GB"},{"@type":"WebPage","@id":"https:\/\/unaymilletras.com\/los40-primavera-pop-2025-ultimas-entradas-para-el-festival-pop-del-ano\/","url":"https:\/\/unaymilletras.com\/los40-primavera-pop-2025-ultimas-entradas-para-el-festival-pop-del-ano\/","name":"LOS40 Primavera Pop 2025: \u00daltimas entradas para el festival pop del a\u00f1o","isPartOf":{"@id":"http:\/\/unaymilletras.com\/#website"},"primaryImageOfPage":{"@id":"https:\/\/unaymilletras.com\/los40-primavera-pop-2025-ultimas-entradas-para-el-festival-pop-del-ano\/#primaryimage"},"image":{"@id":"https:\/\/unaymilletras.com\/los40-primavera-pop-2025-ultimas-entradas-para-el-festival-pop-del-ano\/#primaryimage"},"thumbnailUrl":"https:\/\/unaymilletras.com\/wp-content\/uploads\/2025\/04\/DTUP4PB2ONGDZKHBXY6IPTUJVM-e1743783017508.jpg","datePublished":"2025-04-04T16:14:13+00:00","dateModified":"2025-08-09T10:01:47+00:00","description":"Madrid y Badalona se preparan para recibir a los artistas m\u00e1s destacados del panorama musical en Los40 Primavera Pop","breadcrumb":{"@id":"https:\/\/unaymilletras.com\/los40-primavera-pop-2025-ultimas-entradas-para-el-festival-pop-del-ano\/#breadcrumb"},"inLanguage":"en-GB","potentialAction":[{"@type":"ReadAction","target":["https:\/\/unaymilletras.com\/los40-primavera-pop-2025-ultimas-entradas-para-el-festival-pop-del-ano\/"]}]},{"@type":"ImageObject","inLanguage":"en-GB","@id":"https:\/\/unaymilletras.com\/los40-primavera-pop-2025-ultimas-entradas-para-el-festival-pop-del-ano\/#primaryimage","url":"https:\/\/unaymilletras.com\/wp-content\/uploads\/2025\/04\/DTUP4PB2ONGDZKHBXY6IPTUJVM-e1743783017508.jpg","contentUrl":"https:\/\/unaymilletras.com\/wp-content\/uploads\/2025\/04\/DTUP4PB2ONGDZKHBXY6IPTUJVM-e1743783017508.jpg","width":600,"height":338,"caption":"LOS40 Primavera Pop"},{"@type":"BreadcrumbList","@id":"https:\/\/unaymilletras.com\/los40-primavera-pop-2025-ultimas-entradas-para-el-festival-pop-del-ano\/#breadcrumb","itemListElement":[{"@type":"ListItem","position":1,"name":"Home","item":"http:\/\/unaymilletras.com\/"},{"@type":"ListItem","position":2,"name":"LOS40 Primavera Pop 2025: \u00daltimas entradas para el festival pop del a\u00f1o"}]},{"@type":"WebSite","@id":"http:\/\/unaymilletras.com\/#website","url":"http:\/\/unaymilletras.com\/","name":"Una y Mil Letras","description":"","publisher":{"@id":"http:\/\/unaymilletras.com\/#organization"},"potentialAction":[{"@type":"SearchAction","target":{"@type":"EntryPoint","urlTemplate":"http:\/\/unaymilletras.com\/?s={search_term_string}"},"query-input":{"@type":"PropertyValueSpecification","valueRequired":true,"valueName":"search_term_string"}}],"inLanguage":"en-GB"},{"@type":"Organization","@id":"http:\/\/unaymilletras.com\/#organization","name":"Una y Mil Letras","url":"http:\/\/unaymilletras.com\/","logo":{"@type":"ImageObject","inLanguage":"en-GB","@id":"http:\/\/unaymilletras.com\/#\/schema\/logo\/image\/","url":"https:\/\/unaymilletras.com\/wp-content\/uploads\/2024\/06\/cropped-Logo-removebg-preview.png","contentUrl":"https:\/\/unaymilletras.com\/wp-content\/uploads\/2024\/06\/cropped-Logo-removebg-preview.png","width":512,"height":512,"caption":"Una y Mil Letras"},"image":{"@id":"http:\/\/unaymilletras.com\/#\/schema\/logo\/image\/"},"sameAs":["https:\/\/x.com\/UnaYMilLetras","https:\/\/instagram.com\/UnaYMilLetras"]},{"@type":"Person","@id":"http:\/\/unaymilletras.com\/#\/schema\/person\/0860dc8a218329991ee2c7591f4f849d","name":"Redacci\u00f3n","image":{"@type":"ImageObject","inLanguage":"en-GB","@id":"https:\/\/secure.gravatar.com\/avatar\/d8f55e05a8b6597e45c55a1dcbdbfe44f4a360d88b48e00de5216a79b7732796?s=96&d=mm&r=g","url":"https:\/\/secure.gravatar.com\/avatar\/d8f55e05a8b6597e45c55a1dcbdbfe44f4a360d88b48e00de5216a79b7732796?s=96&d=mm&r=g","contentUrl":"https:\/\/secure.gravatar.com\/avatar\/d8f55e05a8b6597e45c55a1dcbdbfe44f4a360d88b48e00de5216a79b7732796?s=96&d=mm&r=g","caption":"Redacci\u00f3n"},"url":"https:\/\/unaymilletras.com\/en\/author\/redaccion\/"}]}},"_links":{"self":[{"href":"https:\/\/unaymilletras.com\/en\/wp-json\/wp\/v2\/posts\/4352","targetHints":{"allow":["GET"]}}],"collection":[{"href":"https:\/\/unaymilletras.com\/en\/wp-json\/wp\/v2\/posts"}],"about":[{"href":"https:\/\/unaymilletras.com\/en\/wp-json\/wp\/v2\/types\/post"}],"author":[{"embeddable":true,"href":"https:\/\/unaymilletras.com\/en\/wp-json\/wp\/v2\/users\/6"}],"replies":[{"embeddable":true,"href":"https:\/\/unaymilletras.com\/en\/wp-json\/wp\/v2\/comments?post=4352"}],"version-history":[{"count":4,"href":"https:\/\/unaymilletras.com\/en\/wp-json\/wp\/v2\/posts\/4352\/revisions"}],"predecessor-version":[{"id":4357,"href":"https:\/\/unaymilletras.com\/en\/wp-json\/wp\/v2\/posts\/4352\/revisions\/4357"}],"wp:featuredmedia":[{"embeddable":true,"href":"https:\/\/unaymilletras.com\/en\/wp-json\/wp\/v2\/media\/4354"}],"wp:attachment":[{"href":"https:\/\/unaymilletras.com\/en\/wp-json\/wp\/v2\/media?parent=4352"}],"wp:term":[{"taxonomy":"category","embeddable":true,"href":"https:\/\/unaymilletras.com\/en\/wp-json\/wp\/v2\/categories?post=4352"},{"taxonomy":"post_tag","embeddable":true,"href":"https:\/\/unaymilletras.com\/en\/wp-json\/wp\/v2\/tags?post=4352"}],"curies":[{"name":"wp","href":"https:\/\/api.w.org\/{rel}","templated":true}]}}