{"id":4360,"date":"2025-04-12T13:00:04","date_gmt":"2025-04-12T11:00:04","guid":{"rendered":"https:\/\/unaymilletras.com\/?p=4360"},"modified":"2025-04-12T12:03:19","modified_gmt":"2025-04-12T10:03:19","slug":"haash-llega-con-no-fue-lo-que-hiciste-y-su-gira-por-espana-2025","status":"publish","type":"post","link":"https:\/\/unaymilletras.com\/en\/haash-llega-con-no-fue-lo-que-hiciste-y-su-gira-por-espana-2025\/","title":{"rendered":"HA*ASH llega con \u201cNo fue lo que hiciste\u201d y su gira por Espa\u00f1a 2025"},"content":{"rendered":"<div data-elementor-type=\"wp-post\" data-elementor-id=\"4360\" class=\"elementor elementor-4360\">\n\t\t\t\t\t\t<section class=\"elementor-section elementor-top-section elementor-element elementor-element-282825f elementor-section-boxed elementor-section-height-default elementor-section-height-default\" data-id=\"282825f\" data-element_type=\"section\" data-e-type=\"section\">\n\t\t\t\t\t\t<div class=\"elementor-container elementor-column-gap-default\">\n\t\t\t\t\t<div class=\"elementor-column elementor-col-100 elementor-top-column elementor-element elementor-element-dce169e\" data-id=\"dce169e\" data-element_type=\"column\" data-e-type=\"column\">\n\t\t\t<div class=\"elementor-widget-wrap elementor-element-populated\">\n\t\t\t\t\t\t<div class=\"elementor-element elementor-element-3ccf4b6 elementor-widget elementor-widget-text-editor\" data-id=\"3ccf4b6\" data-element_type=\"widget\" data-e-type=\"widget\" data-widget_type=\"text-editor.default\">\n\t\t\t\t<div class=\"elementor-widget-container\">\n\t\t\t\t\t\t\t\t\t<h3 style=\"text-align: center;\"><span style=\"color: #808080;\"><em><strong>El tema es una balada \u00edntima que anticipa el tour veraniego de HA*ASH por Espa\u00f1a en 2025<\/strong><\/em><\/span><\/h3>\t\t\t\t\t\t\t\t<\/div>\n\t\t\t\t<\/div>\n\t\t\t\t<div class=\"elementor-element elementor-element-8d5ab8a elementor-widget elementor-widget-text-editor\" data-id=\"8d5ab8a\" data-element_type=\"widget\" data-e-type=\"widget\" data-widget_type=\"text-editor.default\">\n\t\t\t\t<div class=\"elementor-widget-container\">\n\t\t\t\t\t\t\t\t\t<p><span style=\"font-weight: 400;\">El d\u00fao mexicano HA*ASH, conformado por las hermanas<\/span><b> Hanna y Ashley<\/b><span style=\"font-weight: 400;\">, regresa con una de sus canciones <\/span><b>m\u00e1s personales<\/b><span style=\"font-weight: 400;\"> hasta la fecha: <\/span><span style=\"color: #808080;\"><a style=\"color: #808080;\" href=\"https:\/\/open.spotify.com\/intl-es\/track\/31XQ01Q6ld5H4q7dje4VbF?si=f1276204d775497a\"><b><i>No fue lo que hiciste<\/i><\/b><\/a><\/span><span style=\"font-weight: 400;\">, una balada ac\u00fastica cargada de emociones que ya se ha convertido en <\/span><b>favorita<\/b><span style=\"font-weight: 400;\"> de sus fans durante los conciertos de su actual gira. El tema, escrito en colaboraci\u00f3n con <\/span><b>Jos\u00e9 Luis Roma,<\/b><span style=\"font-weight: 400;\"> integrante de R\u00edo Roma, nace de experiencias reales y trata sobre la despedida silenciosa y paulatina de un amor que se<\/span><b> desgasta con el tiempo.<\/b><\/p><p><span style=\"font-weight: 400;\">La canci\u00f3n refleja la <\/span><b>cotidianidad<\/b><span style=\"font-weight: 400;\"> de una relaci\u00f3n que se apaga sin grandes conflictos, pero s\u00ed con la dolorosa indiferencia que se instala entre dos personas. \u201cNo hace falta ahogar a un coraz\u00f3n para quitarle la respiraci\u00f3n\u201d, cantan con una mezcla de <\/span><b>dulzura<\/b><span style=\"font-weight: 400;\"> y <\/span><b>resignaci\u00f3n<\/b><span style=\"font-weight: 400;\">, reafirmando su talento para convertir historias \u00edntimas en himnos compartidos por miles.<\/span><\/p>\t\t\t\t\t\t\t\t<\/div>\n\t\t\t\t<\/div>\n\t\t\t\t<div class=\"elementor-element elementor-element-230c47a elementor-widget elementor-widget-image\" data-id=\"230c47a\" data-element_type=\"widget\" data-e-type=\"widget\" data-widget_type=\"image.default\">\n\t\t\t\t<div class=\"elementor-widget-container\">\n\t\t\t\t\t\t\t\t\t\t\t\t\t\t\t<img fetchpriority=\"high\" decoding=\"async\" width=\"640\" height=\"868\" src=\"https:\/\/unaymilletras.com\/wp-content\/uploads\/2025\/04\/unnamed-7-755x1024.jpg\" class=\"attachment-large size-large wp-image-4363\" alt=\"HA*ASH\" srcset=\"https:\/\/unaymilletras.com\/wp-content\/uploads\/2025\/04\/unnamed-7-755x1024.jpg 755w, https:\/\/unaymilletras.com\/wp-content\/uploads\/2025\/04\/unnamed-7-221x300.jpg 221w, https:\/\/unaymilletras.com\/wp-content\/uploads\/2025\/04\/unnamed-7-768x1042.jpg 768w, https:\/\/unaymilletras.com\/wp-content\/uploads\/2025\/04\/unnamed-7-1132x1536.jpg 1132w, https:\/\/unaymilletras.com\/wp-content\/uploads\/2025\/04\/unnamed-7-1509x2048.jpg 1509w, https:\/\/unaymilletras.com\/wp-content\/uploads\/2025\/04\/unnamed-7-9x12.jpg 9w, https:\/\/unaymilletras.com\/wp-content\/uploads\/2025\/04\/unnamed-7-1024x1389.jpg 1024w, https:\/\/unaymilletras.com\/wp-content\/uploads\/2025\/04\/unnamed-7-scaled-e1743850603189.jpg 600w\" sizes=\"(max-width: 640px) 100vw, 640px\" \/>\t\t\t\t\t\t\t\t\t\t\t\t\t\t\t<\/div>\n\t\t\t\t<\/div>\n\t\t\t\t<div class=\"elementor-element elementor-element-3e5d269 elementor-widget elementor-widget-text-editor\" data-id=\"3e5d269\" data-element_type=\"widget\" data-e-type=\"widget\" data-widget_type=\"text-editor.default\">\n\t\t\t\t<div class=\"elementor-widget-container\">\n\t\t\t\t\t\t\t\t\t<p><span style=\"font-weight: 400\">El tema ha sido interpretado previamente durante <\/span><b>HAASHVILLE<\/b><span style=\"font-weight: 400\">, la gira que el d\u00fao ha llevado a diferentes escenarios y donde la canci\u00f3n ha despertado una fuerte conexi\u00f3n con el p\u00fablico. Las redes sociales se llenaron de peticiones para su <\/span><b>lanzamiento oficial<\/b><span style=\"font-weight: 400\">, algo que finalmente se ha hecho realidad.<\/span><\/p><p><span style=\"font-weight: 400\">Junto al lanzamiento, HA*ASH confirma su <\/span><b>gira por Espa\u00f1a en el verano de 2025<\/b><span style=\"font-weight: 400\">, con cuatro fechas ya anunciadas: el 26 de junio en Murcia (Parque Fof\u00f3), el 27 en Fuengirola (Marenostrum), el 29 en Madrid (Noches del Bot\u00e1nico), y el 5 de julio en Barcelona (Les Nits de Pedralbes).<\/span><\/p>\t\t\t\t\t\t\t\t<\/div>\n\t\t\t\t<\/div>\n\t\t\t\t<div class=\"elementor-element elementor-element-92d1c0f elementor-widget elementor-widget-video\" data-id=\"92d1c0f\" data-element_type=\"widget\" data-e-type=\"widget\" data-settings=\"{&quot;youtube_url&quot;:&quot;https:\\\/\\\/youtu.be\\\/NapNBm0FHA0?si=DVCp2R6Fa2-Q8OxZ&quot;,&quot;video_type&quot;:&quot;youtube&quot;,&quot;controls&quot;:&quot;yes&quot;}\" data-widget_type=\"video.default\">\n\t\t\t\t<div class=\"elementor-widget-container\">\n\t\t\t\t\t\t\t<div class=\"elementor-wrapper elementor-open-inline\">\n\t\t\t<div class=\"elementor-video\"><\/div>\t\t<\/div>\n\t\t\t\t\t\t<\/div>\n\t\t\t\t<\/div>\n\t\t\t\t\t<\/div>\n\t\t<\/div>\n\t\t\t\t\t<\/div>\n\t\t<\/section>\n\t\t\t\t<\/div>","protected":false},"excerpt":{"rendered":"<p>El tema es una balada \u00edntima que anticipa el tour veraniego de HA*ASH por Espa\u00f1a en 2025 El d\u00fao mexicano HA*ASH, conformado por las hermanas Hanna y Ashley, regresa con una de sus canciones m\u00e1s personales hasta la fecha: No fue lo que hiciste, una balada ac\u00fastica cargada de emociones que ya se ha convertido [&hellip;]<\/p>\n","protected":false},"author":8,"featured_media":4361,"comment_status":"closed","ping_status":"closed","sticky":false,"template":"","format":"standard","meta":{"footnotes":""},"categories":[4],"tags":[],"class_list":["post-4360","post","type-post","status-publish","format-standard","has-post-thumbnail","hentry","category-musica"],"yoast_head":"<!-- This site is optimized with the Yoast SEO plugin v27.4 - https:\/\/yoast.com\/product\/yoast-seo-wordpress\/ -->\n<title>HA*ASH llega con \u201cNo fue lo que hiciste\u201d y su gira por Espa\u00f1a 2025 &#8902; Una y Mil Letras<\/title>\n<meta name=\"description\" content=\"El d\u00fao mexicano HA*ASH , regresa con una de sus canciones m\u00e1s personales hasta la fecha: \u201cNo fue lo que hiciste\u201d\" \/>\n<meta name=\"robots\" content=\"index, follow, max-snippet:-1, max-image-preview:large, max-video-preview:-1\" \/>\n<link rel=\"canonical\" href=\"https:\/\/unaymilletras.com\/en\/haash-llega-con-no-fue-lo-que-hiciste-y-su-gira-por-espana-2025\/\" \/>\n<meta property=\"og:locale\" content=\"en_GB\" \/>\n<meta property=\"og:type\" content=\"article\" \/>\n<meta property=\"og:title\" content=\"HA*ASH llega con \u201cNo fue lo que hiciste\u201d y su gira por Espa\u00f1a 2025 &#8902; Una y Mil Letras\" \/>\n<meta property=\"og:description\" content=\"El d\u00fao mexicano HA*ASH , regresa con una de sus canciones m\u00e1s personales hasta la fecha: \u201cNo fue lo que hiciste\u201d\" \/>\n<meta property=\"og:url\" content=\"https:\/\/unaymilletras.com\/en\/haash-llega-con-no-fue-lo-que-hiciste-y-su-gira-por-espana-2025\/\" \/>\n<meta property=\"og:site_name\" content=\"Una y Mil Letras\" \/>\n<meta property=\"article:published_time\" content=\"2025-04-12T11:00:04+00:00\" \/>\n<meta property=\"og:image\" content=\"https:\/\/unaymilletras.com\/wp-content\/uploads\/2025\/04\/unnamed-6-e1743850434315.jpg\" \/>\n\t<meta property=\"og:image:width\" content=\"600\" \/>\n\t<meta property=\"og:image:height\" content=\"600\" \/>\n\t<meta property=\"og:image:type\" content=\"image\/jpeg\" \/>\n<meta name=\"author\" content=\"Alvany Pereira\" \/>\n<meta name=\"twitter:card\" content=\"summary_large_image\" \/>\n<meta name=\"twitter:creator\" content=\"@UnaYMilLetras\" \/>\n<meta name=\"twitter:site\" content=\"@UnaYMilLetras\" \/>\n<meta name=\"twitter:label1\" content=\"Written by\" \/>\n\t<meta name=\"twitter:data1\" content=\"Alvany Pereira\" \/>\n\t<meta name=\"twitter:label2\" content=\"Estimated reading time\" \/>\n\t<meta name=\"twitter:data2\" content=\"2 minutes\" \/>\n<script type=\"application\/ld+json\" class=\"yoast-schema-graph\">{\"@context\":\"https:\\\/\\\/schema.org\",\"@graph\":[{\"@type\":\"Article\",\"@id\":\"https:\\\/\\\/unaymilletras.com\\\/haash-llega-con-no-fue-lo-que-hiciste-y-su-gira-por-espana-2025\\\/#article\",\"isPartOf\":{\"@id\":\"https:\\\/\\\/unaymilletras.com\\\/haash-llega-con-no-fue-lo-que-hiciste-y-su-gira-por-espana-2025\\\/\"},\"author\":{\"name\":\"Alvany Pereira\",\"@id\":\"http:\\\/\\\/unaymilletras.com\\\/#\\\/schema\\\/person\\\/f9792b0b93704f9d3f6cef46c2048d7d\"},\"headline\":\"HA*ASH llega con \u201cNo fue lo que hiciste\u201d y su gira por Espa\u00f1a 2025\",\"datePublished\":\"2025-04-12T11:00:04+00:00\",\"mainEntityOfPage\":{\"@id\":\"https:\\\/\\\/unaymilletras.com\\\/haash-llega-con-no-fue-lo-que-hiciste-y-su-gira-por-espana-2025\\\/\"},\"wordCount\":296,\"publisher\":{\"@id\":\"http:\\\/\\\/unaymilletras.com\\\/#organization\"},\"image\":{\"@id\":\"https:\\\/\\\/unaymilletras.com\\\/haash-llega-con-no-fue-lo-que-hiciste-y-su-gira-por-espana-2025\\\/#primaryimage\"},\"thumbnailUrl\":\"https:\\\/\\\/unaymilletras.com\\\/wp-content\\\/uploads\\\/2025\\\/04\\\/unnamed-6-e1743850434315.jpg\",\"articleSection\":[\"M\u00fasica\"],\"inLanguage\":\"en-GB\"},{\"@type\":\"WebPage\",\"@id\":\"https:\\\/\\\/unaymilletras.com\\\/haash-llega-con-no-fue-lo-que-hiciste-y-su-gira-por-espana-2025\\\/\",\"url\":\"https:\\\/\\\/unaymilletras.com\\\/haash-llega-con-no-fue-lo-que-hiciste-y-su-gira-por-espana-2025\\\/\",\"name\":\"HA*ASH llega con \u201cNo fue lo que hiciste\u201d y su gira por Espa\u00f1a 2025 &#8902; Una y Mil Letras\",\"isPartOf\":{\"@id\":\"http:\\\/\\\/unaymilletras.com\\\/#website\"},\"primaryImageOfPage\":{\"@id\":\"https:\\\/\\\/unaymilletras.com\\\/haash-llega-con-no-fue-lo-que-hiciste-y-su-gira-por-espana-2025\\\/#primaryimage\"},\"image\":{\"@id\":\"https:\\\/\\\/unaymilletras.com\\\/haash-llega-con-no-fue-lo-que-hiciste-y-su-gira-por-espana-2025\\\/#primaryimage\"},\"thumbnailUrl\":\"https:\\\/\\\/unaymilletras.com\\\/wp-content\\\/uploads\\\/2025\\\/04\\\/unnamed-6-e1743850434315.jpg\",\"datePublished\":\"2025-04-12T11:00:04+00:00\",\"description\":\"El d\u00fao mexicano HA*ASH , regresa con una de sus canciones m\u00e1s personales hasta la fecha: \u201cNo fue lo que hiciste\u201d\",\"breadcrumb\":{\"@id\":\"https:\\\/\\\/unaymilletras.com\\\/haash-llega-con-no-fue-lo-que-hiciste-y-su-gira-por-espana-2025\\\/#breadcrumb\"},\"inLanguage\":\"en-GB\",\"potentialAction\":[{\"@type\":\"ReadAction\",\"target\":[\"https:\\\/\\\/unaymilletras.com\\\/haash-llega-con-no-fue-lo-que-hiciste-y-su-gira-por-espana-2025\\\/\"]}]},{\"@type\":\"ImageObject\",\"inLanguage\":\"en-GB\",\"@id\":\"https:\\\/\\\/unaymilletras.com\\\/haash-llega-con-no-fue-lo-que-hiciste-y-su-gira-por-espana-2025\\\/#primaryimage\",\"url\":\"https:\\\/\\\/unaymilletras.com\\\/wp-content\\\/uploads\\\/2025\\\/04\\\/unnamed-6-e1743850434315.jpg\",\"contentUrl\":\"https:\\\/\\\/unaymilletras.com\\\/wp-content\\\/uploads\\\/2025\\\/04\\\/unnamed-6-e1743850434315.jpg\",\"width\":600,\"height\":600,\"caption\":\"HA*ASH\"},{\"@type\":\"BreadcrumbList\",\"@id\":\"https:\\\/\\\/unaymilletras.com\\\/haash-llega-con-no-fue-lo-que-hiciste-y-su-gira-por-espana-2025\\\/#breadcrumb\",\"itemListElement\":[{\"@type\":\"ListItem\",\"position\":1,\"name\":\"Home\",\"item\":\"http:\\\/\\\/unaymilletras.com\\\/\"},{\"@type\":\"ListItem\",\"position\":2,\"name\":\"HA*ASH llega con \u201cNo fue lo que hiciste\u201d y su gira por Espa\u00f1a 2025\"}]},{\"@type\":\"WebSite\",\"@id\":\"http:\\\/\\\/unaymilletras.com\\\/#website\",\"url\":\"http:\\\/\\\/unaymilletras.com\\\/\",\"name\":\"Una y Mil Letras\",\"description\":\"\",\"publisher\":{\"@id\":\"http:\\\/\\\/unaymilletras.com\\\/#organization\"},\"potentialAction\":[{\"@type\":\"SearchAction\",\"target\":{\"@type\":\"EntryPoint\",\"urlTemplate\":\"http:\\\/\\\/unaymilletras.com\\\/?s={search_term_string}\"},\"query-input\":{\"@type\":\"PropertyValueSpecification\",\"valueRequired\":true,\"valueName\":\"search_term_string\"}}],\"inLanguage\":\"en-GB\"},{\"@type\":\"Organization\",\"@id\":\"http:\\\/\\\/unaymilletras.com\\\/#organization\",\"name\":\"Una y Mil Letras\",\"url\":\"http:\\\/\\\/unaymilletras.com\\\/\",\"logo\":{\"@type\":\"ImageObject\",\"inLanguage\":\"en-GB\",\"@id\":\"http:\\\/\\\/unaymilletras.com\\\/#\\\/schema\\\/logo\\\/image\\\/\",\"url\":\"https:\\\/\\\/unaymilletras.com\\\/wp-content\\\/uploads\\\/2024\\\/06\\\/cropped-Logo-removebg-preview.png\",\"contentUrl\":\"https:\\\/\\\/unaymilletras.com\\\/wp-content\\\/uploads\\\/2024\\\/06\\\/cropped-Logo-removebg-preview.png\",\"width\":512,\"height\":512,\"caption\":\"Una y Mil Letras\"},\"image\":{\"@id\":\"http:\\\/\\\/unaymilletras.com\\\/#\\\/schema\\\/logo\\\/image\\\/\"},\"sameAs\":[\"https:\\\/\\\/x.com\\\/UnaYMilLetras\",\"https:\\\/\\\/instagram.com\\\/UnaYMilLetras\"]},{\"@type\":\"Person\",\"@id\":\"http:\\\/\\\/unaymilletras.com\\\/#\\\/schema\\\/person\\\/f9792b0b93704f9d3f6cef46c2048d7d\",\"name\":\"Alvany Pereira\",\"image\":{\"@type\":\"ImageObject\",\"inLanguage\":\"en-GB\",\"@id\":\"https:\\\/\\\/secure.gravatar.com\\\/avatar\\\/1a5fbcc81714220624d70f391a6187cd1434ccfcb154238afd238d6b8bb7f593?s=96&d=mm&r=g\",\"url\":\"https:\\\/\\\/secure.gravatar.com\\\/avatar\\\/1a5fbcc81714220624d70f391a6187cd1434ccfcb154238afd238d6b8bb7f593?s=96&d=mm&r=g\",\"contentUrl\":\"https:\\\/\\\/secure.gravatar.com\\\/avatar\\\/1a5fbcc81714220624d70f391a6187cd1434ccfcb154238afd238d6b8bb7f593?s=96&d=mm&r=g\",\"caption\":\"Alvany Pereira\"},\"url\":\"https:\\\/\\\/unaymilletras.com\\\/en\\\/author\\\/alvanysophia\\\/\"}]}<\/script>\n<!-- \/ Yoast SEO plugin. -->","yoast_head_json":{"title":"HA*ASH llega con \u201cNo fue lo que hiciste\u201d y su gira por Espa\u00f1a 2025 &#8902; Una y Mil Letras","description":"El d\u00fao mexicano HA*ASH , regresa con una de sus canciones m\u00e1s personales hasta la fecha: \u201cNo fue lo que hiciste\u201d","robots":{"index":"index","follow":"follow","max-snippet":"max-snippet:-1","max-image-preview":"max-image-preview:large","max-video-preview":"max-video-preview:-1"},"canonical":"https:\/\/unaymilletras.com\/en\/haash-llega-con-no-fue-lo-que-hiciste-y-su-gira-por-espana-2025\/","og_locale":"en_GB","og_type":"article","og_title":"HA*ASH llega con \u201cNo fue lo que hiciste\u201d y su gira por Espa\u00f1a 2025 &#8902; Una y Mil Letras","og_description":"El d\u00fao mexicano HA*ASH , regresa con una de sus canciones m\u00e1s personales hasta la fecha: \u201cNo fue lo que hiciste\u201d","og_url":"https:\/\/unaymilletras.com\/en\/haash-llega-con-no-fue-lo-que-hiciste-y-su-gira-por-espana-2025\/","og_site_name":"Una y Mil Letras","article_published_time":"2025-04-12T11:00:04+00:00","og_image":[{"width":600,"height":600,"url":"https:\/\/unaymilletras.com\/wp-content\/uploads\/2025\/04\/unnamed-6-e1743850434315.jpg","type":"image\/jpeg"}],"author":"Alvany Pereira","twitter_card":"summary_large_image","twitter_creator":"@UnaYMilLetras","twitter_site":"@UnaYMilLetras","twitter_misc":{"Written by":"Alvany Pereira","Estimated reading time":"2 minutes"},"schema":{"@context":"https:\/\/schema.org","@graph":[{"@type":"Article","@id":"https:\/\/unaymilletras.com\/haash-llega-con-no-fue-lo-que-hiciste-y-su-gira-por-espana-2025\/#article","isPartOf":{"@id":"https:\/\/unaymilletras.com\/haash-llega-con-no-fue-lo-que-hiciste-y-su-gira-por-espana-2025\/"},"author":{"name":"Alvany Pereira","@id":"http:\/\/unaymilletras.com\/#\/schema\/person\/f9792b0b93704f9d3f6cef46c2048d7d"},"headline":"HA*ASH llega con \u201cNo fue lo que hiciste\u201d y su gira por Espa\u00f1a 2025","datePublished":"2025-04-12T11:00:04+00:00","mainEntityOfPage":{"@id":"https:\/\/unaymilletras.com\/haash-llega-con-no-fue-lo-que-hiciste-y-su-gira-por-espana-2025\/"},"wordCount":296,"publisher":{"@id":"http:\/\/unaymilletras.com\/#organization"},"image":{"@id":"https:\/\/unaymilletras.com\/haash-llega-con-no-fue-lo-que-hiciste-y-su-gira-por-espana-2025\/#primaryimage"},"thumbnailUrl":"https:\/\/unaymilletras.com\/wp-content\/uploads\/2025\/04\/unnamed-6-e1743850434315.jpg","articleSection":["M\u00fasica"],"inLanguage":"en-GB"},{"@type":"WebPage","@id":"https:\/\/unaymilletras.com\/haash-llega-con-no-fue-lo-que-hiciste-y-su-gira-por-espana-2025\/","url":"https:\/\/unaymilletras.com\/haash-llega-con-no-fue-lo-que-hiciste-y-su-gira-por-espana-2025\/","name":"HA*ASH llega con \u201cNo fue lo que hiciste\u201d y su gira por Espa\u00f1a 2025 &#8902; Una y Mil Letras","isPartOf":{"@id":"http:\/\/unaymilletras.com\/#website"},"primaryImageOfPage":{"@id":"https:\/\/unaymilletras.com\/haash-llega-con-no-fue-lo-que-hiciste-y-su-gira-por-espana-2025\/#primaryimage"},"image":{"@id":"https:\/\/unaymilletras.com\/haash-llega-con-no-fue-lo-que-hiciste-y-su-gira-por-espana-2025\/#primaryimage"},"thumbnailUrl":"https:\/\/unaymilletras.com\/wp-content\/uploads\/2025\/04\/unnamed-6-e1743850434315.jpg","datePublished":"2025-04-12T11:00:04+00:00","description":"El d\u00fao mexicano HA*ASH , regresa con una de sus canciones m\u00e1s personales hasta la fecha: \u201cNo fue lo que hiciste\u201d","breadcrumb":{"@id":"https:\/\/unaymilletras.com\/haash-llega-con-no-fue-lo-que-hiciste-y-su-gira-por-espana-2025\/#breadcrumb"},"inLanguage":"en-GB","potentialAction":[{"@type":"ReadAction","target":["https:\/\/unaymilletras.com\/haash-llega-con-no-fue-lo-que-hiciste-y-su-gira-por-espana-2025\/"]}]},{"@type":"ImageObject","inLanguage":"en-GB","@id":"https:\/\/unaymilletras.com\/haash-llega-con-no-fue-lo-que-hiciste-y-su-gira-por-espana-2025\/#primaryimage","url":"https:\/\/unaymilletras.com\/wp-content\/uploads\/2025\/04\/unnamed-6-e1743850434315.jpg","contentUrl":"https:\/\/unaymilletras.com\/wp-content\/uploads\/2025\/04\/unnamed-6-e1743850434315.jpg","width":600,"height":600,"caption":"HA*ASH"},{"@type":"BreadcrumbList","@id":"https:\/\/unaymilletras.com\/haash-llega-con-no-fue-lo-que-hiciste-y-su-gira-por-espana-2025\/#breadcrumb","itemListElement":[{"@type":"ListItem","position":1,"name":"Home","item":"http:\/\/unaymilletras.com\/"},{"@type":"ListItem","position":2,"name":"HA*ASH llega con \u201cNo fue lo que hiciste\u201d y su gira por Espa\u00f1a 2025"}]},{"@type":"WebSite","@id":"http:\/\/unaymilletras.com\/#website","url":"http:\/\/unaymilletras.com\/","name":"Una y Mil Letras","description":"","publisher":{"@id":"http:\/\/unaymilletras.com\/#organization"},"potentialAction":[{"@type":"SearchAction","target":{"@type":"EntryPoint","urlTemplate":"http:\/\/unaymilletras.com\/?s={search_term_string}"},"query-input":{"@type":"PropertyValueSpecification","valueRequired":true,"valueName":"search_term_string"}}],"inLanguage":"en-GB"},{"@type":"Organization","@id":"http:\/\/unaymilletras.com\/#organization","name":"Una y Mil Letras","url":"http:\/\/unaymilletras.com\/","logo":{"@type":"ImageObject","inLanguage":"en-GB","@id":"http:\/\/unaymilletras.com\/#\/schema\/logo\/image\/","url":"https:\/\/unaymilletras.com\/wp-content\/uploads\/2024\/06\/cropped-Logo-removebg-preview.png","contentUrl":"https:\/\/unaymilletras.com\/wp-content\/uploads\/2024\/06\/cropped-Logo-removebg-preview.png","width":512,"height":512,"caption":"Una y Mil Letras"},"image":{"@id":"http:\/\/unaymilletras.com\/#\/schema\/logo\/image\/"},"sameAs":["https:\/\/x.com\/UnaYMilLetras","https:\/\/instagram.com\/UnaYMilLetras"]},{"@type":"Person","@id":"http:\/\/unaymilletras.com\/#\/schema\/person\/f9792b0b93704f9d3f6cef46c2048d7d","name":"Alvany Pereira","image":{"@type":"ImageObject","inLanguage":"en-GB","@id":"https:\/\/secure.gravatar.com\/avatar\/1a5fbcc81714220624d70f391a6187cd1434ccfcb154238afd238d6b8bb7f593?s=96&d=mm&r=g","url":"https:\/\/secure.gravatar.com\/avatar\/1a5fbcc81714220624d70f391a6187cd1434ccfcb154238afd238d6b8bb7f593?s=96&d=mm&r=g","contentUrl":"https:\/\/secure.gravatar.com\/avatar\/1a5fbcc81714220624d70f391a6187cd1434ccfcb154238afd238d6b8bb7f593?s=96&d=mm&r=g","caption":"Alvany Pereira"},"url":"https:\/\/unaymilletras.com\/en\/author\/alvanysophia\/"}]}},"_links":{"self":[{"href":"https:\/\/unaymilletras.com\/en\/wp-json\/wp\/v2\/posts\/4360","targetHints":{"allow":["GET"]}}],"collection":[{"href":"https:\/\/unaymilletras.com\/en\/wp-json\/wp\/v2\/posts"}],"about":[{"href":"https:\/\/unaymilletras.com\/en\/wp-json\/wp\/v2\/types\/post"}],"author":[{"embeddable":true,"href":"https:\/\/unaymilletras.com\/en\/wp-json\/wp\/v2\/users\/8"}],"replies":[{"embeddable":true,"href":"https:\/\/unaymilletras.com\/en\/wp-json\/wp\/v2\/comments?post=4360"}],"version-history":[{"count":8,"href":"https:\/\/unaymilletras.com\/en\/wp-json\/wp\/v2\/posts\/4360\/revisions"}],"predecessor-version":[{"id":4398,"href":"https:\/\/unaymilletras.com\/en\/wp-json\/wp\/v2\/posts\/4360\/revisions\/4398"}],"wp:featuredmedia":[{"embeddable":true,"href":"https:\/\/unaymilletras.com\/en\/wp-json\/wp\/v2\/media\/4361"}],"wp:attachment":[{"href":"https:\/\/unaymilletras.com\/en\/wp-json\/wp\/v2\/media?parent=4360"}],"wp:term":[{"taxonomy":"category","embeddable":true,"href":"https:\/\/unaymilletras.com\/en\/wp-json\/wp\/v2\/categories?post=4360"},{"taxonomy":"post_tag","embeddable":true,"href":"https:\/\/unaymilletras.com\/en\/wp-json\/wp\/v2\/tags?post=4360"}],"curies":[{"name":"wp","href":"https:\/\/api.w.org\/{rel}","templated":true}]}}