{"id":4368,"date":"2025-04-11T14:04:13","date_gmt":"2025-04-11T12:04:13","guid":{"rendered":"https:\/\/unaymilletras.com\/?p=4368"},"modified":"2025-04-11T14:04:13","modified_gmt":"2025-04-11T12:04:13","slug":"teo-lucadamo-pone-ritmo-a-la-amistad-en-la-nueva-campana-de-donettes","status":"publish","type":"post","link":"https:\/\/unaymilletras.com\/en\/teo-lucadamo-pone-ritmo-a-la-amistad-en-la-nueva-campana-de-donettes\/","title":{"rendered":"Teo Lucadamo pone ritmo a la amistad en la nueva campa\u00f1a de Donettes\u00ae"},"content":{"rendered":"<div data-elementor-type=\"wp-post\" data-elementor-id=\"4368\" class=\"elementor elementor-4368\">\n\t\t\t\t\t\t<section class=\"elementor-section elementor-top-section elementor-element elementor-element-fe1cb0e elementor-section-boxed elementor-section-height-default elementor-section-height-default\" data-id=\"fe1cb0e\" data-element_type=\"section\" data-e-type=\"section\">\n\t\t\t\t\t\t<div class=\"elementor-container elementor-column-gap-default\">\n\t\t\t\t\t<div class=\"elementor-column elementor-col-100 elementor-top-column elementor-element elementor-element-8341bee\" data-id=\"8341bee\" data-element_type=\"column\" data-e-type=\"column\">\n\t\t\t<div class=\"elementor-widget-wrap elementor-element-populated\">\n\t\t\t\t\t\t<div class=\"elementor-element elementor-element-b0e478e elementor-widget elementor-widget-text-editor\" data-id=\"b0e478e\" data-element_type=\"widget\" data-e-type=\"widget\" data-widget_type=\"text-editor.default\">\n\t\t\t\t<div class=\"elementor-widget-container\">\n\t\t\t\t\t\t\t\t\t<h3 style=\"text-align: center;\"><span style=\"color: #808080;\"><em><strong>El artista Teo Lucadamo sorprende con un tema retro-electro que celebra la amistad<\/strong><\/em><\/span><\/h3>\t\t\t\t\t\t\t\t<\/div>\n\t\t\t\t<\/div>\n\t\t\t\t\t<\/div>\n\t\t<\/div>\n\t\t\t\t\t<\/div>\n\t\t<\/section>\n\t\t\t\t<section class=\"elementor-section elementor-top-section elementor-element elementor-element-2a44c99 elementor-section-boxed elementor-section-height-default elementor-section-height-default\" data-id=\"2a44c99\" data-element_type=\"section\" data-e-type=\"section\">\n\t\t\t\t\t\t<div class=\"elementor-container elementor-column-gap-default\">\n\t\t\t\t\t<div class=\"elementor-column elementor-col-100 elementor-top-column elementor-element elementor-element-3cda40f\" data-id=\"3cda40f\" data-element_type=\"column\" data-e-type=\"column\">\n\t\t\t<div class=\"elementor-widget-wrap elementor-element-populated\">\n\t\t\t\t\t\t<div class=\"elementor-element elementor-element-d7be602 elementor-widget elementor-widget-text-editor\" data-id=\"d7be602\" data-element_type=\"widget\" data-e-type=\"widget\" data-widget_type=\"text-editor.default\">\n\t\t\t\t<div class=\"elementor-widget-container\">\n\t\t\t\t\t\t\t\t\t<p><span style=\"font-weight: 400;\">Teo Lucadamo vuelve a dar de qu\u00e9 hablar con su participaci\u00f3n como <\/span><b>protagonista<\/b><span style=\"font-weight: 400;\"> de la nueva <\/span><b>campa\u00f1a publicitaria de Donettes<\/b><span style=\"font-weight: 400;\">, donde presenta el tema original <\/span><i><span style=\"font-weight: 400;\">\u00abSon Mis Amigos, Donettes\u00ae\u00bb<\/span><\/i><span style=\"font-weight: 400;\">. La canci\u00f3n, compuesta especialmente para el anuncio, captura el esp\u00edritu de las<\/span><b> amistades verdaderas <\/b><span style=\"font-weight: 400;\">con un estilo desenfadado y altamente contagioso en una campa\u00f1a dirigida por <\/span><b>F\u00e9lix<\/b> <b>Bolla\u00edn<\/b><span style=\"font-weight: 400;\"> que mezcla la nostalgia diversi\u00f3n y Donettes.<\/span><\/p><p><i><span style=\"font-weight: 400;\">\u00abSon Mis Amigos, Donettes\u00ae\u00bb<\/span><\/i><span style=\"font-weight: 400;\"> no solo funciona como sinton\u00eda publicitaria: es un homenaje sonoro a esos amigos que hacen que cada momento cuente. Con un beat de inspiraci\u00f3n retro y toques de electro pop, Teo demuestra su <\/span><b>versatilidad art\u00edstica <\/b><span style=\"font-weight: 400;\">al crear una canci\u00f3n que bien podr\u00eda sonar tanto en una playlist como en la televisi\u00f3n.<\/span><\/p>\t\t\t\t\t\t\t\t<\/div>\n\t\t\t\t<\/div>\n\t\t\t\t\t<\/div>\n\t\t<\/div>\n\t\t\t\t\t<\/div>\n\t\t<\/section>\n\t\t\t\t<section class=\"elementor-section elementor-top-section elementor-element elementor-element-6cb2e5b elementor-section-boxed elementor-section-height-default elementor-section-height-default\" data-id=\"6cb2e5b\" data-element_type=\"section\" data-e-type=\"section\">\n\t\t\t\t\t\t<div class=\"elementor-container elementor-column-gap-default\">\n\t\t\t\t\t<div class=\"elementor-column elementor-col-100 elementor-top-column elementor-element elementor-element-539590b\" data-id=\"539590b\" data-element_type=\"column\" data-e-type=\"column\">\n\t\t\t<div class=\"elementor-widget-wrap elementor-element-populated\">\n\t\t\t\t\t\t<div class=\"elementor-element elementor-element-923539b elementor-widget elementor-widget-image\" data-id=\"923539b\" data-element_type=\"widget\" data-e-type=\"widget\" data-widget_type=\"image.default\">\n\t\t\t\t<div class=\"elementor-widget-container\">\n\t\t\t\t\t\t\t\t\t\t\t\t\t\t\t<img fetchpriority=\"high\" decoding=\"async\" width=\"600\" height=\"600\" src=\"https:\/\/unaymilletras.com\/wp-content\/uploads\/2025\/04\/teoluc-e1743854473753.jpg\" class=\"attachment-large size-large wp-image-4370\" alt=\"Teo Lucadamo\" \/>\t\t\t\t\t\t\t\t\t\t\t\t\t\t\t<\/div>\n\t\t\t\t<\/div>\n\t\t\t\t\t<\/div>\n\t\t<\/div>\n\t\t\t\t\t<\/div>\n\t\t<\/section>\n\t\t\t\t<section class=\"elementor-section elementor-top-section elementor-element elementor-element-842cfa3 elementor-section-boxed elementor-section-height-default elementor-section-height-default\" data-id=\"842cfa3\" data-element_type=\"section\" data-e-type=\"section\">\n\t\t\t\t\t\t<div class=\"elementor-container elementor-column-gap-default\">\n\t\t\t\t\t<div class=\"elementor-column elementor-col-100 elementor-top-column elementor-element elementor-element-4c33443\" data-id=\"4c33443\" data-element_type=\"column\" data-e-type=\"column\">\n\t\t\t<div class=\"elementor-widget-wrap elementor-element-populated\">\n\t\t\t\t\t\t<div class=\"elementor-element elementor-element-47f0cb0 elementor-widget elementor-widget-text-editor\" data-id=\"47f0cb0\" data-element_type=\"widget\" data-e-type=\"widget\" data-widget_type=\"text-editor.default\">\n\t\t\t\t<div class=\"elementor-widget-container\">\n\t\t\t\t\t\t\t\t\t<p><span style=\"font-weight: 400;\">\u201cEl tema de <span style=\"color: #808080;\"><a style=\"color: #808080;\" href=\"https:\/\/www.donettes.com\/\">Donettes<\/a><\/span>\u00ae sali\u00f3 solo. Me pidieron que hiciera un<\/span><b> tema sobre la amistad<\/b><span style=\"font-weight: 400;\">, as\u00ed que me puse a investigar c\u00f3mo eran las canciones de los anuncios vintage de Donettes\u00ae. Decid\u00ed apostar por una est\u00e9tica retro con un<\/span><b> beat de electro<\/b><span style=\"font-weight: 400;\">, empec\u00e9 a enumerar nombres de amigos y familia: <\/span><i><span style=\"font-weight: 400;\">\u2018Laura, Yenni, Daniela, Paula, SON MIS AMIGOS\u2019<\/span><\/i><span style=\"font-weight: 400;\">. De ah\u00ed a las estrofas el camino estaba hecho\u201d, cuenta el propio Teo Lucadamo.<\/span><\/p><p><span style=\"font-weight: 400;\">El videoclip, acompa\u00f1a visualmente la propuesta musical mostrando a Teo <\/span><b>pas\u00e1ndoselo en grande <\/b><span style=\"font-weight: 400;\">junto a su grupo de amigos mientras disfrutan de una generosa dosis de Donettes\u00ae. Una pieza cargada de buen rollo, <\/span><b>ritmo, nostalgia y sabor,<\/b><span style=\"font-weight: 400;\"> que conecta directamente con quienes ven en sus amigos un refugio, una fiesta y una excusa para seguir compartiendo.<\/span><\/p>\t\t\t\t\t\t\t\t<\/div>\n\t\t\t\t<\/div>\n\t\t\t\t<div class=\"elementor-element elementor-element-fcae7de elementor-widget elementor-widget-video\" data-id=\"fcae7de\" data-element_type=\"widget\" data-e-type=\"widget\" data-settings=\"{&quot;youtube_url&quot;:&quot;https:\\\/\\\/youtu.be\\\/_LOxgowfepo?si=jMG3JJ7GrsCA0O6g&quot;,&quot;video_type&quot;:&quot;youtube&quot;,&quot;controls&quot;:&quot;yes&quot;}\" data-widget_type=\"video.default\">\n\t\t\t\t<div class=\"elementor-widget-container\">\n\t\t\t\t\t\t\t<div class=\"elementor-wrapper elementor-open-inline\">\n\t\t\t<div class=\"elementor-video\"><\/div>\t\t<\/div>\n\t\t\t\t\t\t<\/div>\n\t\t\t\t<\/div>\n\t\t\t\t\t<\/div>\n\t\t<\/div>\n\t\t\t\t\t<\/div>\n\t\t<\/section>\n\t\t\t\t<\/div>","protected":false},"excerpt":{"rendered":"<p>El artista Teo Lucadamo sorprende con un tema retro-electro que celebra la amistad Teo Lucadamo vuelve a dar de qu\u00e9 hablar con su participaci\u00f3n como protagonista de la nueva campa\u00f1a publicitaria de Donettes, donde presenta el tema original \u00abSon Mis Amigos, Donettes\u00ae\u00bb. La canci\u00f3n, compuesta especialmente para el anuncio, captura el esp\u00edritu de las amistades [&hellip;]<\/p>\n","protected":false},"author":8,"featured_media":4370,"comment_status":"closed","ping_status":"closed","sticky":false,"template":"","format":"standard","meta":{"footnotes":""},"categories":[4],"tags":[],"class_list":["post-4368","post","type-post","status-publish","format-standard","has-post-thumbnail","hentry","category-musica"],"yoast_head":"<!-- This site is optimized with the Yoast SEO plugin v27.4 - https:\/\/yoast.com\/product\/yoast-seo-wordpress\/ -->\n<title>Teo Lucadamo pone ritmo a la amistad en la nueva campa\u00f1a de Donettes\u00ae &#8902; Una y Mil Letras<\/title>\n<meta name=\"description\" content=\"Teo Lucadamo vuelve a dar de qu\u00e9 hablar con su participaci\u00f3n como protagonista de la nueva campa\u00f1a publicitaria de Donettes\" \/>\n<meta name=\"robots\" content=\"index, follow, max-snippet:-1, max-image-preview:large, max-video-preview:-1\" \/>\n<link rel=\"canonical\" href=\"https:\/\/unaymilletras.com\/en\/teo-lucadamo-pone-ritmo-a-la-amistad-en-la-nueva-campana-de-donettes\/\" \/>\n<meta property=\"og:locale\" content=\"en_GB\" \/>\n<meta property=\"og:type\" content=\"article\" \/>\n<meta property=\"og:title\" content=\"Teo Lucadamo pone ritmo a la amistad en la nueva campa\u00f1a de Donettes\u00ae &#8902; Una y Mil Letras\" \/>\n<meta property=\"og:description\" content=\"Teo Lucadamo vuelve a dar de qu\u00e9 hablar con su participaci\u00f3n como protagonista de la nueva campa\u00f1a publicitaria de Donettes\" \/>\n<meta property=\"og:url\" content=\"https:\/\/unaymilletras.com\/en\/teo-lucadamo-pone-ritmo-a-la-amistad-en-la-nueva-campana-de-donettes\/\" \/>\n<meta property=\"og:site_name\" content=\"Una y Mil Letras\" \/>\n<meta property=\"article:published_time\" content=\"2025-04-11T12:04:13+00:00\" \/>\n<meta property=\"og:image\" content=\"http:\/\/unaymilletras.com\/wp-content\/uploads\/2025\/04\/teoluc-e1743854473753.jpg\" \/>\n\t<meta property=\"og:image:width\" content=\"600\" \/>\n\t<meta property=\"og:image:height\" content=\"600\" \/>\n\t<meta property=\"og:image:type\" content=\"image\/jpeg\" \/>\n<meta name=\"author\" content=\"Alvany Pereira\" \/>\n<meta name=\"twitter:card\" content=\"summary_large_image\" \/>\n<meta name=\"twitter:creator\" content=\"@UnaYMilLetras\" \/>\n<meta name=\"twitter:site\" content=\"@UnaYMilLetras\" \/>\n<meta name=\"twitter:label1\" content=\"Written by\" \/>\n\t<meta name=\"twitter:data1\" content=\"Alvany Pereira\" \/>\n\t<meta name=\"twitter:label2\" content=\"Estimated reading time\" \/>\n\t<meta name=\"twitter:data2\" content=\"2 minutes\" \/>\n<script type=\"application\/ld+json\" class=\"yoast-schema-graph\">{\"@context\":\"https:\\\/\\\/schema.org\",\"@graph\":[{\"@type\":\"Article\",\"@id\":\"https:\\\/\\\/unaymilletras.com\\\/teo-lucadamo-pone-ritmo-a-la-amistad-en-la-nueva-campana-de-donettes\\\/#article\",\"isPartOf\":{\"@id\":\"https:\\\/\\\/unaymilletras.com\\\/teo-lucadamo-pone-ritmo-a-la-amistad-en-la-nueva-campana-de-donettes\\\/\"},\"author\":{\"name\":\"Alvany Pereira\",\"@id\":\"http:\\\/\\\/unaymilletras.com\\\/#\\\/schema\\\/person\\\/f9792b0b93704f9d3f6cef46c2048d7d\"},\"headline\":\"Teo Lucadamo pone ritmo a la amistad en la nueva campa\u00f1a de Donettes\u00ae\",\"datePublished\":\"2025-04-11T12:04:13+00:00\",\"mainEntityOfPage\":{\"@id\":\"https:\\\/\\\/unaymilletras.com\\\/teo-lucadamo-pone-ritmo-a-la-amistad-en-la-nueva-campana-de-donettes\\\/\"},\"wordCount\":301,\"publisher\":{\"@id\":\"http:\\\/\\\/unaymilletras.com\\\/#organization\"},\"image\":{\"@id\":\"https:\\\/\\\/unaymilletras.com\\\/teo-lucadamo-pone-ritmo-a-la-amistad-en-la-nueva-campana-de-donettes\\\/#primaryimage\"},\"thumbnailUrl\":\"https:\\\/\\\/unaymilletras.com\\\/wp-content\\\/uploads\\\/2025\\\/04\\\/teoluc-e1743854473753.jpg\",\"articleSection\":[\"M\u00fasica\"],\"inLanguage\":\"en-GB\"},{\"@type\":\"WebPage\",\"@id\":\"https:\\\/\\\/unaymilletras.com\\\/teo-lucadamo-pone-ritmo-a-la-amistad-en-la-nueva-campana-de-donettes\\\/\",\"url\":\"https:\\\/\\\/unaymilletras.com\\\/teo-lucadamo-pone-ritmo-a-la-amistad-en-la-nueva-campana-de-donettes\\\/\",\"name\":\"Teo Lucadamo pone ritmo a la amistad en la nueva campa\u00f1a de Donettes\u00ae &#8902; Una y Mil Letras\",\"isPartOf\":{\"@id\":\"http:\\\/\\\/unaymilletras.com\\\/#website\"},\"primaryImageOfPage\":{\"@id\":\"https:\\\/\\\/unaymilletras.com\\\/teo-lucadamo-pone-ritmo-a-la-amistad-en-la-nueva-campana-de-donettes\\\/#primaryimage\"},\"image\":{\"@id\":\"https:\\\/\\\/unaymilletras.com\\\/teo-lucadamo-pone-ritmo-a-la-amistad-en-la-nueva-campana-de-donettes\\\/#primaryimage\"},\"thumbnailUrl\":\"https:\\\/\\\/unaymilletras.com\\\/wp-content\\\/uploads\\\/2025\\\/04\\\/teoluc-e1743854473753.jpg\",\"datePublished\":\"2025-04-11T12:04:13+00:00\",\"description\":\"Teo Lucadamo vuelve a dar de qu\u00e9 hablar con su participaci\u00f3n como protagonista de la nueva campa\u00f1a publicitaria de Donettes\",\"breadcrumb\":{\"@id\":\"https:\\\/\\\/unaymilletras.com\\\/teo-lucadamo-pone-ritmo-a-la-amistad-en-la-nueva-campana-de-donettes\\\/#breadcrumb\"},\"inLanguage\":\"en-GB\",\"potentialAction\":[{\"@type\":\"ReadAction\",\"target\":[\"https:\\\/\\\/unaymilletras.com\\\/teo-lucadamo-pone-ritmo-a-la-amistad-en-la-nueva-campana-de-donettes\\\/\"]}]},{\"@type\":\"ImageObject\",\"inLanguage\":\"en-GB\",\"@id\":\"https:\\\/\\\/unaymilletras.com\\\/teo-lucadamo-pone-ritmo-a-la-amistad-en-la-nueva-campana-de-donettes\\\/#primaryimage\",\"url\":\"https:\\\/\\\/unaymilletras.com\\\/wp-content\\\/uploads\\\/2025\\\/04\\\/teoluc-e1743854473753.jpg\",\"contentUrl\":\"https:\\\/\\\/unaymilletras.com\\\/wp-content\\\/uploads\\\/2025\\\/04\\\/teoluc-e1743854473753.jpg\",\"width\":600,\"height\":600,\"caption\":\"Teo Lucadamo\"},{\"@type\":\"BreadcrumbList\",\"@id\":\"https:\\\/\\\/unaymilletras.com\\\/teo-lucadamo-pone-ritmo-a-la-amistad-en-la-nueva-campana-de-donettes\\\/#breadcrumb\",\"itemListElement\":[{\"@type\":\"ListItem\",\"position\":1,\"name\":\"Home\",\"item\":\"http:\\\/\\\/unaymilletras.com\\\/\"},{\"@type\":\"ListItem\",\"position\":2,\"name\":\"Teo Lucadamo pone ritmo a la amistad en la nueva campa\u00f1a de Donettes\u00ae\"}]},{\"@type\":\"WebSite\",\"@id\":\"http:\\\/\\\/unaymilletras.com\\\/#website\",\"url\":\"http:\\\/\\\/unaymilletras.com\\\/\",\"name\":\"Una y Mil Letras\",\"description\":\"\",\"publisher\":{\"@id\":\"http:\\\/\\\/unaymilletras.com\\\/#organization\"},\"potentialAction\":[{\"@type\":\"SearchAction\",\"target\":{\"@type\":\"EntryPoint\",\"urlTemplate\":\"http:\\\/\\\/unaymilletras.com\\\/?s={search_term_string}\"},\"query-input\":{\"@type\":\"PropertyValueSpecification\",\"valueRequired\":true,\"valueName\":\"search_term_string\"}}],\"inLanguage\":\"en-GB\"},{\"@type\":\"Organization\",\"@id\":\"http:\\\/\\\/unaymilletras.com\\\/#organization\",\"name\":\"Una y Mil Letras\",\"url\":\"http:\\\/\\\/unaymilletras.com\\\/\",\"logo\":{\"@type\":\"ImageObject\",\"inLanguage\":\"en-GB\",\"@id\":\"http:\\\/\\\/unaymilletras.com\\\/#\\\/schema\\\/logo\\\/image\\\/\",\"url\":\"https:\\\/\\\/unaymilletras.com\\\/wp-content\\\/uploads\\\/2024\\\/06\\\/cropped-Logo-removebg-preview.png\",\"contentUrl\":\"https:\\\/\\\/unaymilletras.com\\\/wp-content\\\/uploads\\\/2024\\\/06\\\/cropped-Logo-removebg-preview.png\",\"width\":512,\"height\":512,\"caption\":\"Una y Mil Letras\"},\"image\":{\"@id\":\"http:\\\/\\\/unaymilletras.com\\\/#\\\/schema\\\/logo\\\/image\\\/\"},\"sameAs\":[\"https:\\\/\\\/x.com\\\/UnaYMilLetras\",\"https:\\\/\\\/instagram.com\\\/UnaYMilLetras\"]},{\"@type\":\"Person\",\"@id\":\"http:\\\/\\\/unaymilletras.com\\\/#\\\/schema\\\/person\\\/f9792b0b93704f9d3f6cef46c2048d7d\",\"name\":\"Alvany Pereira\",\"image\":{\"@type\":\"ImageObject\",\"inLanguage\":\"en-GB\",\"@id\":\"https:\\\/\\\/secure.gravatar.com\\\/avatar\\\/1a5fbcc81714220624d70f391a6187cd1434ccfcb154238afd238d6b8bb7f593?s=96&d=mm&r=g\",\"url\":\"https:\\\/\\\/secure.gravatar.com\\\/avatar\\\/1a5fbcc81714220624d70f391a6187cd1434ccfcb154238afd238d6b8bb7f593?s=96&d=mm&r=g\",\"contentUrl\":\"https:\\\/\\\/secure.gravatar.com\\\/avatar\\\/1a5fbcc81714220624d70f391a6187cd1434ccfcb154238afd238d6b8bb7f593?s=96&d=mm&r=g\",\"caption\":\"Alvany Pereira\"},\"url\":\"https:\\\/\\\/unaymilletras.com\\\/en\\\/author\\\/alvanysophia\\\/\"}]}<\/script>\n<!-- \/ Yoast SEO plugin. -->","yoast_head_json":{"title":"Teo Lucadamo pone ritmo a la amistad en la nueva campa\u00f1a de Donettes\u00ae &#8902; Una y Mil Letras","description":"Teo Lucadamo vuelve a dar de qu\u00e9 hablar con su participaci\u00f3n como protagonista de la nueva campa\u00f1a publicitaria de Donettes","robots":{"index":"index","follow":"follow","max-snippet":"max-snippet:-1","max-image-preview":"max-image-preview:large","max-video-preview":"max-video-preview:-1"},"canonical":"https:\/\/unaymilletras.com\/en\/teo-lucadamo-pone-ritmo-a-la-amistad-en-la-nueva-campana-de-donettes\/","og_locale":"en_GB","og_type":"article","og_title":"Teo Lucadamo pone ritmo a la amistad en la nueva campa\u00f1a de Donettes\u00ae &#8902; Una y Mil Letras","og_description":"Teo Lucadamo vuelve a dar de qu\u00e9 hablar con su participaci\u00f3n como protagonista de la nueva campa\u00f1a publicitaria de Donettes","og_url":"https:\/\/unaymilletras.com\/en\/teo-lucadamo-pone-ritmo-a-la-amistad-en-la-nueva-campana-de-donettes\/","og_site_name":"Una y Mil Letras","article_published_time":"2025-04-11T12:04:13+00:00","og_image":[{"width":600,"height":600,"url":"http:\/\/unaymilletras.com\/wp-content\/uploads\/2025\/04\/teoluc-e1743854473753.jpg","type":"image\/jpeg"}],"author":"Alvany Pereira","twitter_card":"summary_large_image","twitter_creator":"@UnaYMilLetras","twitter_site":"@UnaYMilLetras","twitter_misc":{"Written by":"Alvany Pereira","Estimated reading time":"2 minutes"},"schema":{"@context":"https:\/\/schema.org","@graph":[{"@type":"Article","@id":"https:\/\/unaymilletras.com\/teo-lucadamo-pone-ritmo-a-la-amistad-en-la-nueva-campana-de-donettes\/#article","isPartOf":{"@id":"https:\/\/unaymilletras.com\/teo-lucadamo-pone-ritmo-a-la-amistad-en-la-nueva-campana-de-donettes\/"},"author":{"name":"Alvany Pereira","@id":"http:\/\/unaymilletras.com\/#\/schema\/person\/f9792b0b93704f9d3f6cef46c2048d7d"},"headline":"Teo Lucadamo pone ritmo a la amistad en la nueva campa\u00f1a de Donettes\u00ae","datePublished":"2025-04-11T12:04:13+00:00","mainEntityOfPage":{"@id":"https:\/\/unaymilletras.com\/teo-lucadamo-pone-ritmo-a-la-amistad-en-la-nueva-campana-de-donettes\/"},"wordCount":301,"publisher":{"@id":"http:\/\/unaymilletras.com\/#organization"},"image":{"@id":"https:\/\/unaymilletras.com\/teo-lucadamo-pone-ritmo-a-la-amistad-en-la-nueva-campana-de-donettes\/#primaryimage"},"thumbnailUrl":"https:\/\/unaymilletras.com\/wp-content\/uploads\/2025\/04\/teoluc-e1743854473753.jpg","articleSection":["M\u00fasica"],"inLanguage":"en-GB"},{"@type":"WebPage","@id":"https:\/\/unaymilletras.com\/teo-lucadamo-pone-ritmo-a-la-amistad-en-la-nueva-campana-de-donettes\/","url":"https:\/\/unaymilletras.com\/teo-lucadamo-pone-ritmo-a-la-amistad-en-la-nueva-campana-de-donettes\/","name":"Teo Lucadamo pone ritmo a la amistad en la nueva campa\u00f1a de Donettes\u00ae &#8902; Una y Mil Letras","isPartOf":{"@id":"http:\/\/unaymilletras.com\/#website"},"primaryImageOfPage":{"@id":"https:\/\/unaymilletras.com\/teo-lucadamo-pone-ritmo-a-la-amistad-en-la-nueva-campana-de-donettes\/#primaryimage"},"image":{"@id":"https:\/\/unaymilletras.com\/teo-lucadamo-pone-ritmo-a-la-amistad-en-la-nueva-campana-de-donettes\/#primaryimage"},"thumbnailUrl":"https:\/\/unaymilletras.com\/wp-content\/uploads\/2025\/04\/teoluc-e1743854473753.jpg","datePublished":"2025-04-11T12:04:13+00:00","description":"Teo Lucadamo vuelve a dar de qu\u00e9 hablar con su participaci\u00f3n como protagonista de la nueva campa\u00f1a publicitaria de Donettes","breadcrumb":{"@id":"https:\/\/unaymilletras.com\/teo-lucadamo-pone-ritmo-a-la-amistad-en-la-nueva-campana-de-donettes\/#breadcrumb"},"inLanguage":"en-GB","potentialAction":[{"@type":"ReadAction","target":["https:\/\/unaymilletras.com\/teo-lucadamo-pone-ritmo-a-la-amistad-en-la-nueva-campana-de-donettes\/"]}]},{"@type":"ImageObject","inLanguage":"en-GB","@id":"https:\/\/unaymilletras.com\/teo-lucadamo-pone-ritmo-a-la-amistad-en-la-nueva-campana-de-donettes\/#primaryimage","url":"https:\/\/unaymilletras.com\/wp-content\/uploads\/2025\/04\/teoluc-e1743854473753.jpg","contentUrl":"https:\/\/unaymilletras.com\/wp-content\/uploads\/2025\/04\/teoluc-e1743854473753.jpg","width":600,"height":600,"caption":"Teo Lucadamo"},{"@type":"BreadcrumbList","@id":"https:\/\/unaymilletras.com\/teo-lucadamo-pone-ritmo-a-la-amistad-en-la-nueva-campana-de-donettes\/#breadcrumb","itemListElement":[{"@type":"ListItem","position":1,"name":"Home","item":"http:\/\/unaymilletras.com\/"},{"@type":"ListItem","position":2,"name":"Teo Lucadamo pone ritmo a la amistad en la nueva campa\u00f1a de Donettes\u00ae"}]},{"@type":"WebSite","@id":"http:\/\/unaymilletras.com\/#website","url":"http:\/\/unaymilletras.com\/","name":"Una y Mil Letras","description":"","publisher":{"@id":"http:\/\/unaymilletras.com\/#organization"},"potentialAction":[{"@type":"SearchAction","target":{"@type":"EntryPoint","urlTemplate":"http:\/\/unaymilletras.com\/?s={search_term_string}"},"query-input":{"@type":"PropertyValueSpecification","valueRequired":true,"valueName":"search_term_string"}}],"inLanguage":"en-GB"},{"@type":"Organization","@id":"http:\/\/unaymilletras.com\/#organization","name":"Una y Mil Letras","url":"http:\/\/unaymilletras.com\/","logo":{"@type":"ImageObject","inLanguage":"en-GB","@id":"http:\/\/unaymilletras.com\/#\/schema\/logo\/image\/","url":"https:\/\/unaymilletras.com\/wp-content\/uploads\/2024\/06\/cropped-Logo-removebg-preview.png","contentUrl":"https:\/\/unaymilletras.com\/wp-content\/uploads\/2024\/06\/cropped-Logo-removebg-preview.png","width":512,"height":512,"caption":"Una y Mil Letras"},"image":{"@id":"http:\/\/unaymilletras.com\/#\/schema\/logo\/image\/"},"sameAs":["https:\/\/x.com\/UnaYMilLetras","https:\/\/instagram.com\/UnaYMilLetras"]},{"@type":"Person","@id":"http:\/\/unaymilletras.com\/#\/schema\/person\/f9792b0b93704f9d3f6cef46c2048d7d","name":"Alvany Pereira","image":{"@type":"ImageObject","inLanguage":"en-GB","@id":"https:\/\/secure.gravatar.com\/avatar\/1a5fbcc81714220624d70f391a6187cd1434ccfcb154238afd238d6b8bb7f593?s=96&d=mm&r=g","url":"https:\/\/secure.gravatar.com\/avatar\/1a5fbcc81714220624d70f391a6187cd1434ccfcb154238afd238d6b8bb7f593?s=96&d=mm&r=g","contentUrl":"https:\/\/secure.gravatar.com\/avatar\/1a5fbcc81714220624d70f391a6187cd1434ccfcb154238afd238d6b8bb7f593?s=96&d=mm&r=g","caption":"Alvany Pereira"},"url":"https:\/\/unaymilletras.com\/en\/author\/alvanysophia\/"}]}},"_links":{"self":[{"href":"https:\/\/unaymilletras.com\/en\/wp-json\/wp\/v2\/posts\/4368","targetHints":{"allow":["GET"]}}],"collection":[{"href":"https:\/\/unaymilletras.com\/en\/wp-json\/wp\/v2\/posts"}],"about":[{"href":"https:\/\/unaymilletras.com\/en\/wp-json\/wp\/v2\/types\/post"}],"author":[{"embeddable":true,"href":"https:\/\/unaymilletras.com\/en\/wp-json\/wp\/v2\/users\/8"}],"replies":[{"embeddable":true,"href":"https:\/\/unaymilletras.com\/en\/wp-json\/wp\/v2\/comments?post=4368"}],"version-history":[{"count":7,"href":"https:\/\/unaymilletras.com\/en\/wp-json\/wp\/v2\/posts\/4368\/revisions"}],"predecessor-version":[{"id":4394,"href":"https:\/\/unaymilletras.com\/en\/wp-json\/wp\/v2\/posts\/4368\/revisions\/4394"}],"wp:featuredmedia":[{"embeddable":true,"href":"https:\/\/unaymilletras.com\/en\/wp-json\/wp\/v2\/media\/4370"}],"wp:attachment":[{"href":"https:\/\/unaymilletras.com\/en\/wp-json\/wp\/v2\/media?parent=4368"}],"wp:term":[{"taxonomy":"category","embeddable":true,"href":"https:\/\/unaymilletras.com\/en\/wp-json\/wp\/v2\/categories?post=4368"},{"taxonomy":"post_tag","embeddable":true,"href":"https:\/\/unaymilletras.com\/en\/wp-json\/wp\/v2\/tags?post=4368"}],"curies":[{"name":"wp","href":"https:\/\/api.w.org\/{rel}","templated":true}]}}