{"id":4374,"date":"2025-04-07T21:05:26","date_gmt":"2025-04-07T19:05:26","guid":{"rendered":"https:\/\/unaymilletras.com\/?p=4374"},"modified":"2025-04-07T21:08:19","modified_gmt":"2025-04-07T19:08:19","slug":"prime-video-desvela-fecha-de-estreno-y-primeras-imagenes-de-la-segunda-temporada-de-nine-perfect-strangers","status":"publish","type":"post","link":"https:\/\/unaymilletras.com\/en\/prime-video-desvela-fecha-de-estreno-y-primeras-imagenes-de-la-segunda-temporada-de-nine-perfect-strangers\/","title":{"rendered":"Prime Video desvela fecha de estreno y primeras im\u00e1genes de la segunda temporada de Nine Perfect Strangers"},"content":{"rendered":"<div data-elementor-type=\"wp-post\" data-elementor-id=\"4374\" class=\"elementor elementor-4374\">\n\t\t\t\t\t\t<section class=\"elementor-section elementor-top-section elementor-element elementor-element-ec8b251 elementor-section-boxed elementor-section-height-default elementor-section-height-default\" data-id=\"ec8b251\" data-element_type=\"section\" data-e-type=\"section\">\n\t\t\t\t\t\t<div class=\"elementor-container elementor-column-gap-default\">\n\t\t\t\t\t<div class=\"elementor-column elementor-col-100 elementor-top-column elementor-element elementor-element-8e79bbc\" data-id=\"8e79bbc\" data-element_type=\"column\" data-e-type=\"column\">\n\t\t\t<div class=\"elementor-widget-wrap elementor-element-populated\">\n\t\t\t\t\t\t<div class=\"elementor-element elementor-element-afd40d4 elementor-widget elementor-widget-text-editor\" data-id=\"afd40d4\" data-element_type=\"widget\" data-e-type=\"widget\" data-widget_type=\"text-editor.default\">\n\t\t\t\t<div class=\"elementor-widget-container\">\n\t\t\t\t\t\t\t\t\t<h3 style=\"text-align: center;\"><span style=\"color: #808080;\"><em><strong>Nine Perfect Strangers regresa el 22 de mayo con Nicole Kidman al frente de un nuevo retiro psicod\u00e9lico, esta vez en los Alpes austriacos<\/strong><\/em><\/span><\/h3>\t\t\t\t\t\t\t\t<\/div>\n\t\t\t\t<\/div>\n\t\t\t\t<div class=\"elementor-element elementor-element-5a8adf0 elementor-widget elementor-widget-text-editor\" data-id=\"5a8adf0\" data-element_type=\"widget\" data-e-type=\"widget\" data-widget_type=\"text-editor.default\">\n\t\t\t\t<div class=\"elementor-widget-container\">\n\t\t\t\t\t\t\t\t\t<p><span style=\"font-weight: 400;\"><span style=\"color: #808080;\"><a style=\"color: #808080;\" href=\"https:\/\/www.primevideo.com\/\">Prime Video<\/a><\/span> ha anunciado que la esperada segunda temporada de Nine Perfect Strangers llegar\u00e1 a la plataforma el pr\u00f3ximo <\/span><b>22 de mayo de 2025<\/b><span style=\"font-weight: 400;\">, fecha en la que se estrenar\u00e1n los dos primeros episodios, seguidos de uno nuevo cada semana. La serie estar\u00e1 disponible en m\u00e1s de 240 pa\u00edses y territorios como parte de la suscripci\u00f3n Prime, aunque <\/span><b>con excepci\u00f3n de Estados Unidos.<\/b><\/p><p><span style=\"font-weight: 400;\">Junto con la fecha, Prime Video tambi\u00e9n ha revelado las <\/span><b>primeras im\u00e1gene<\/b><span style=\"font-weight: 400;\">s de esta nueva entrega, en la que vuelve a brillar <\/span><b>Nicole Kidman<\/b><span style=\"font-weight: 400;\"> como la enigm\u00e1tica <\/span><b>Masha Dmitrichenko.<\/b><span style=\"font-weight: 400;\"> Esta vez, la historia traslada su misterioso retiro espiritual desde California hasta los imponentes paisajes de los <\/span><b>Alpes austriacos<\/b><span style=\"font-weight: 400;\">, donde nueve desconocidos aceptan someterse a una intensa experiencia de sanaci\u00f3n <\/span><b>psicod\u00e9lica<\/b><span style=\"font-weight: 400;\">.<\/span><\/p><p><span style=\"font-weight: 400;\">La segunda temporada promete nuevos dilemas, secretos profundos y <\/span><b>conexiones inesperadas<\/b><span style=\"font-weight: 400;\"> entre los participantes, todos reunidos bajo la gu\u00eda (o el desaf\u00edo) de <\/span><b>Masha<\/b><span style=\"font-weight: 400;\">, cuya propia estabilidad emocional tambi\u00e9n pende de un hilo. \u00bfPodr\u00e1 salvarlos&#8230; o salvarse a s\u00ed misma?<\/span><\/p>\t\t\t\t\t\t\t\t<\/div>\n\t\t\t\t<\/div>\n\t\t\t\t<div class=\"elementor-element elementor-element-7ad5c20 elementor-widget elementor-widget-image\" data-id=\"7ad5c20\" data-element_type=\"widget\" data-e-type=\"widget\" data-widget_type=\"image.default\">\n\t\t\t\t<div class=\"elementor-widget-container\">\n\t\t\t\t\t\t\t\t\t\t\t\t\t\t\t<img fetchpriority=\"high\" decoding=\"async\" width=\"640\" height=\"426\" src=\"https:\/\/unaymilletras.com\/wp-content\/uploads\/2025\/04\/NINE-PERFECT-STRANGERS-S2-6-1024x681.jpg\" class=\"attachment-large size-large wp-image-4377\" alt=\"Nine Perfect Strangers\" srcset=\"https:\/\/unaymilletras.com\/wp-content\/uploads\/2025\/04\/NINE-PERFECT-STRANGERS-S2-6-1024x681.jpg 1024w, https:\/\/unaymilletras.com\/wp-content\/uploads\/2025\/04\/NINE-PERFECT-STRANGERS-S2-6-300x200.jpg 300w, https:\/\/unaymilletras.com\/wp-content\/uploads\/2025\/04\/NINE-PERFECT-STRANGERS-S2-6-768x511.jpg 768w, https:\/\/unaymilletras.com\/wp-content\/uploads\/2025\/04\/NINE-PERFECT-STRANGERS-S2-6-1536x1022.jpg 1536w, https:\/\/unaymilletras.com\/wp-content\/uploads\/2025\/04\/NINE-PERFECT-STRANGERS-S2-6-2048x1363.jpg 2048w, https:\/\/unaymilletras.com\/wp-content\/uploads\/2025\/04\/NINE-PERFECT-STRANGERS-S2-6-18x12.jpg 18w, https:\/\/unaymilletras.com\/wp-content\/uploads\/2025\/04\/NINE-PERFECT-STRANGERS-S2-6-scaled-e1743855408261.jpg 600w\" sizes=\"(max-width: 640px) 100vw, 640px\" \/>\t\t\t\t\t\t\t\t\t\t\t\t\t\t\t<\/div>\n\t\t\t\t<\/div>\n\t\t\t\t<div class=\"elementor-element elementor-element-dbf63bf elementor-widget elementor-widget-text-editor\" data-id=\"dbf63bf\" data-element_type=\"widget\" data-e-type=\"widget\" data-widget_type=\"text-editor.default\">\n\t\t\t\t<div class=\"elementor-widget-container\">\n\t\t\t\t\t\t\t\t\t<p><span style=\"font-weight: 400\">El <\/span><b>nuevo repart<\/b><span style=\"font-weight: 400\">o incluye a Henry Golding, Lena Olin, Annie Murphy, Christine Baranski, Murray Bartlett, Lucas Englander, King Princess, Dolly de Leon, Maisie Richardson-Sellers, Mark Strong y Aras Aydin, dando vida a un diverso grupo de personajes con historias tan intensas como impredecibles.<\/span><\/p><p><span style=\"font-weight: 400\">La serie est\u00e1 basada en la <\/span><b>novela de Liane Moriarty<\/b><span style=\"font-weight: 400\"> y cuenta con un s\u00f3lido equipo creativo liderado por <\/span><b>David E. Kelley<\/b><span style=\"font-weight: 400\">, junto a la propia Kidman, Bruna Papandrea y otros productores ejecutivos como Jonathan Levine y Rachel Shukert.<\/span><\/p><p><span style=\"font-weight: 400\">Con una atm\u00f3sfera hipn\u00f3tica, <\/span><b>giros psicol\u00f3gicos<\/b><span style=\"font-weight: 400\"> y un entorno tan <\/span><b>bello como inquietante<\/b><span style=\"font-weight: 400\">, Nine Perfect Strangers regresa con la promesa de superar el impacto de su primera temporada.<\/span><\/p>\t\t\t\t\t\t\t\t<\/div>\n\t\t\t\t<\/div>\n\t\t\t\t<div class=\"elementor-element elementor-element-518bef2 elementor-widget elementor-widget-image\" data-id=\"518bef2\" data-element_type=\"widget\" data-e-type=\"widget\" data-widget_type=\"image.default\">\n\t\t\t\t<div class=\"elementor-widget-container\">\n\t\t\t\t\t\t\t\t\t\t\t\t\t\t\t<img decoding=\"async\" width=\"640\" height=\"426\" src=\"https:\/\/unaymilletras.com\/wp-content\/uploads\/2025\/04\/NINE-PERFECT-STRANGERS-S2-3-1024x681.jpg\" class=\"attachment-large size-large wp-image-4381\" alt=\"Nine Perfect Strangers\" srcset=\"https:\/\/unaymilletras.com\/wp-content\/uploads\/2025\/04\/NINE-PERFECT-STRANGERS-S2-3-1024x681.jpg 1024w, https:\/\/unaymilletras.com\/wp-content\/uploads\/2025\/04\/NINE-PERFECT-STRANGERS-S2-3-300x200.jpg 300w, https:\/\/unaymilletras.com\/wp-content\/uploads\/2025\/04\/NINE-PERFECT-STRANGERS-S2-3-768x511.jpg 768w, https:\/\/unaymilletras.com\/wp-content\/uploads\/2025\/04\/NINE-PERFECT-STRANGERS-S2-3-1536x1022.jpg 1536w, https:\/\/unaymilletras.com\/wp-content\/uploads\/2025\/04\/NINE-PERFECT-STRANGERS-S2-3-2048x1362.jpg 2048w, https:\/\/unaymilletras.com\/wp-content\/uploads\/2025\/04\/NINE-PERFECT-STRANGERS-S2-3-18x12.jpg 18w, https:\/\/unaymilletras.com\/wp-content\/uploads\/2025\/04\/NINE-PERFECT-STRANGERS-S2-3-scaled-e1743855601697.jpg 600w\" sizes=\"(max-width: 640px) 100vw, 640px\" \/>\t\t\t\t\t\t\t\t\t\t\t\t\t\t\t<\/div>\n\t\t\t\t<\/div>\n\t\t\t\t\t<\/div>\n\t\t<\/div>\n\t\t\t\t\t<\/div>\n\t\t<\/section>\n\t\t\t\t<\/div>","protected":false},"excerpt":{"rendered":"<p>Nine Perfect Strangers regresa el 22 de mayo con Nicole Kidman al frente de un nuevo retiro psicod\u00e9lico, esta vez en los Alpes austriacos Prime Video ha anunciado que la esperada segunda temporada de Nine Perfect Strangers llegar\u00e1 a la plataforma el pr\u00f3ximo 22 de mayo de 2025, fecha en la que se estrenar\u00e1n los [&hellip;]<\/p>\n","protected":false},"author":8,"featured_media":4376,"comment_status":"closed","ping_status":"closed","sticky":false,"template":"","format":"standard","meta":{"footnotes":""},"categories":[117],"tags":[],"class_list":["post-4374","post","type-post","status-publish","format-standard","has-post-thumbnail","hentry","category-peliculas-y-series"],"yoast_head":"<!-- This site is optimized with the Yoast SEO plugin v27.4 - https:\/\/yoast.com\/product\/yoast-seo-wordpress\/ -->\n<title>Prime Video desvela fecha de estreno y primeras im\u00e1genes de la segunda temporada de Nine Perfect Strangers<\/title>\n<meta name=\"description\" content=\"Prime Video ha anunciado que la esperada segunda temporada de Nine Perfect Strangers llegar\u00e1 a la plataforma el pr\u00f3ximo 22 de mayo de 2025\" \/>\n<meta name=\"robots\" content=\"index, follow, max-snippet:-1, max-image-preview:large, max-video-preview:-1\" \/>\n<link rel=\"canonical\" href=\"https:\/\/unaymilletras.com\/en\/prime-video-desvela-fecha-de-estreno-y-primeras-imagenes-de-la-segunda-temporada-de-nine-perfect-strangers\/\" \/>\n<meta property=\"og:locale\" content=\"en_GB\" \/>\n<meta property=\"og:type\" content=\"article\" \/>\n<meta property=\"og:title\" content=\"Prime Video desvela fecha de estreno y primeras im\u00e1genes de la segunda temporada de Nine Perfect Strangers\" \/>\n<meta property=\"og:description\" content=\"Prime Video ha anunciado que la esperada segunda temporada de Nine Perfect Strangers llegar\u00e1 a la plataforma el pr\u00f3ximo 22 de mayo de 2025\" \/>\n<meta property=\"og:url\" content=\"https:\/\/unaymilletras.com\/en\/prime-video-desvela-fecha-de-estreno-y-primeras-imagenes-de-la-segunda-temporada-de-nine-perfect-strangers\/\" \/>\n<meta property=\"og:site_name\" content=\"Una y Mil Letras\" \/>\n<meta property=\"article:published_time\" content=\"2025-04-07T19:05:26+00:00\" \/>\n<meta property=\"article:modified_time\" content=\"2025-04-07T19:08:19+00:00\" \/>\n<meta property=\"og:image\" content=\"http:\/\/unaymilletras.com\/wp-content\/uploads\/2025\/04\/NINE-PERFECT-STRANGERS-S2-4-scaled-e1743855361518.jpg\" \/>\n\t<meta property=\"og:image:width\" content=\"600\" \/>\n\t<meta property=\"og:image:height\" content=\"399\" \/>\n\t<meta property=\"og:image:type\" content=\"image\/jpeg\" \/>\n<meta name=\"author\" content=\"Alvany Pereira\" \/>\n<meta name=\"twitter:card\" content=\"summary_large_image\" \/>\n<meta name=\"twitter:creator\" content=\"@UnaYMilLetras\" \/>\n<meta name=\"twitter:site\" content=\"@UnaYMilLetras\" \/>\n<meta name=\"twitter:label1\" content=\"Written by\" \/>\n\t<meta name=\"twitter:data1\" content=\"Alvany Pereira\" \/>\n\t<meta name=\"twitter:label2\" content=\"Estimated reading time\" \/>\n\t<meta name=\"twitter:data2\" content=\"2 minutes\" \/>\n<script type=\"application\/ld+json\" class=\"yoast-schema-graph\">{\"@context\":\"https:\\\/\\\/schema.org\",\"@graph\":[{\"@type\":\"Article\",\"@id\":\"https:\\\/\\\/unaymilletras.com\\\/prime-video-desvela-fecha-de-estreno-y-primeras-imagenes-de-la-segunda-temporada-de-nine-perfect-strangers\\\/#article\",\"isPartOf\":{\"@id\":\"https:\\\/\\\/unaymilletras.com\\\/prime-video-desvela-fecha-de-estreno-y-primeras-imagenes-de-la-segunda-temporada-de-nine-perfect-strangers\\\/\"},\"author\":{\"name\":\"Alvany Pereira\",\"@id\":\"http:\\\/\\\/unaymilletras.com\\\/#\\\/schema\\\/person\\\/f9792b0b93704f9d3f6cef46c2048d7d\"},\"headline\":\"Prime Video desvela fecha de estreno y primeras im\u00e1genes de la segunda temporada de Nine Perfect Strangers\",\"datePublished\":\"2025-04-07T19:05:26+00:00\",\"dateModified\":\"2025-04-07T19:08:19+00:00\",\"mainEntityOfPage\":{\"@id\":\"https:\\\/\\\/unaymilletras.com\\\/prime-video-desvela-fecha-de-estreno-y-primeras-imagenes-de-la-segunda-temporada-de-nine-perfect-strangers\\\/\"},\"wordCount\":330,\"publisher\":{\"@id\":\"http:\\\/\\\/unaymilletras.com\\\/#organization\"},\"image\":{\"@id\":\"https:\\\/\\\/unaymilletras.com\\\/prime-video-desvela-fecha-de-estreno-y-primeras-imagenes-de-la-segunda-temporada-de-nine-perfect-strangers\\\/#primaryimage\"},\"thumbnailUrl\":\"https:\\\/\\\/unaymilletras.com\\\/wp-content\\\/uploads\\\/2025\\\/04\\\/NINE-PERFECT-STRANGERS-S2-4-scaled-e1743855361518.jpg\",\"articleSection\":[\"Pel\u00edculas y Series\"],\"inLanguage\":\"en-GB\"},{\"@type\":\"WebPage\",\"@id\":\"https:\\\/\\\/unaymilletras.com\\\/prime-video-desvela-fecha-de-estreno-y-primeras-imagenes-de-la-segunda-temporada-de-nine-perfect-strangers\\\/\",\"url\":\"https:\\\/\\\/unaymilletras.com\\\/prime-video-desvela-fecha-de-estreno-y-primeras-imagenes-de-la-segunda-temporada-de-nine-perfect-strangers\\\/\",\"name\":\"Prime Video desvela fecha de estreno y primeras im\u00e1genes de la segunda temporada de Nine Perfect Strangers\",\"isPartOf\":{\"@id\":\"http:\\\/\\\/unaymilletras.com\\\/#website\"},\"primaryImageOfPage\":{\"@id\":\"https:\\\/\\\/unaymilletras.com\\\/prime-video-desvela-fecha-de-estreno-y-primeras-imagenes-de-la-segunda-temporada-de-nine-perfect-strangers\\\/#primaryimage\"},\"image\":{\"@id\":\"https:\\\/\\\/unaymilletras.com\\\/prime-video-desvela-fecha-de-estreno-y-primeras-imagenes-de-la-segunda-temporada-de-nine-perfect-strangers\\\/#primaryimage\"},\"thumbnailUrl\":\"https:\\\/\\\/unaymilletras.com\\\/wp-content\\\/uploads\\\/2025\\\/04\\\/NINE-PERFECT-STRANGERS-S2-4-scaled-e1743855361518.jpg\",\"datePublished\":\"2025-04-07T19:05:26+00:00\",\"dateModified\":\"2025-04-07T19:08:19+00:00\",\"description\":\"Prime Video ha anunciado que la esperada segunda temporada de Nine Perfect Strangers llegar\u00e1 a la plataforma el pr\u00f3ximo 22 de mayo de 2025\",\"breadcrumb\":{\"@id\":\"https:\\\/\\\/unaymilletras.com\\\/prime-video-desvela-fecha-de-estreno-y-primeras-imagenes-de-la-segunda-temporada-de-nine-perfect-strangers\\\/#breadcrumb\"},\"inLanguage\":\"en-GB\",\"potentialAction\":[{\"@type\":\"ReadAction\",\"target\":[\"https:\\\/\\\/unaymilletras.com\\\/prime-video-desvela-fecha-de-estreno-y-primeras-imagenes-de-la-segunda-temporada-de-nine-perfect-strangers\\\/\"]}]},{\"@type\":\"ImageObject\",\"inLanguage\":\"en-GB\",\"@id\":\"https:\\\/\\\/unaymilletras.com\\\/prime-video-desvela-fecha-de-estreno-y-primeras-imagenes-de-la-segunda-temporada-de-nine-perfect-strangers\\\/#primaryimage\",\"url\":\"https:\\\/\\\/unaymilletras.com\\\/wp-content\\\/uploads\\\/2025\\\/04\\\/NINE-PERFECT-STRANGERS-S2-4-scaled-e1743855361518.jpg\",\"contentUrl\":\"https:\\\/\\\/unaymilletras.com\\\/wp-content\\\/uploads\\\/2025\\\/04\\\/NINE-PERFECT-STRANGERS-S2-4-scaled-e1743855361518.jpg\",\"width\":600,\"height\":399,\"caption\":\"NINE PERFECT STRANGERS - Nine new strangers connected in ways they could never imagine are invited by mysterious guru, Masha Dmitrichenko (Nicole Kidman), to join a transformational wellness retreat in the Austrian Alps. Over the course of a week, she takes them to the brink. Will they make it? Will she? Masha is willing to try anything in the interest of healing everyone involved, including herself. (Disney\\\/Reiner Bajo) NICOLE KIDMAN\"},{\"@type\":\"BreadcrumbList\",\"@id\":\"https:\\\/\\\/unaymilletras.com\\\/prime-video-desvela-fecha-de-estreno-y-primeras-imagenes-de-la-segunda-temporada-de-nine-perfect-strangers\\\/#breadcrumb\",\"itemListElement\":[{\"@type\":\"ListItem\",\"position\":1,\"name\":\"Home\",\"item\":\"http:\\\/\\\/unaymilletras.com\\\/\"},{\"@type\":\"ListItem\",\"position\":2,\"name\":\"Prime Video desvela fecha de estreno y primeras im\u00e1genes de la segunda temporada de Nine Perfect Strangers\"}]},{\"@type\":\"WebSite\",\"@id\":\"http:\\\/\\\/unaymilletras.com\\\/#website\",\"url\":\"http:\\\/\\\/unaymilletras.com\\\/\",\"name\":\"Una y Mil Letras\",\"description\":\"\",\"publisher\":{\"@id\":\"http:\\\/\\\/unaymilletras.com\\\/#organization\"},\"potentialAction\":[{\"@type\":\"SearchAction\",\"target\":{\"@type\":\"EntryPoint\",\"urlTemplate\":\"http:\\\/\\\/unaymilletras.com\\\/?s={search_term_string}\"},\"query-input\":{\"@type\":\"PropertyValueSpecification\",\"valueRequired\":true,\"valueName\":\"search_term_string\"}}],\"inLanguage\":\"en-GB\"},{\"@type\":\"Organization\",\"@id\":\"http:\\\/\\\/unaymilletras.com\\\/#organization\",\"name\":\"Una y Mil Letras\",\"url\":\"http:\\\/\\\/unaymilletras.com\\\/\",\"logo\":{\"@type\":\"ImageObject\",\"inLanguage\":\"en-GB\",\"@id\":\"http:\\\/\\\/unaymilletras.com\\\/#\\\/schema\\\/logo\\\/image\\\/\",\"url\":\"https:\\\/\\\/unaymilletras.com\\\/wp-content\\\/uploads\\\/2024\\\/06\\\/cropped-Logo-removebg-preview.png\",\"contentUrl\":\"https:\\\/\\\/unaymilletras.com\\\/wp-content\\\/uploads\\\/2024\\\/06\\\/cropped-Logo-removebg-preview.png\",\"width\":512,\"height\":512,\"caption\":\"Una y Mil Letras\"},\"image\":{\"@id\":\"http:\\\/\\\/unaymilletras.com\\\/#\\\/schema\\\/logo\\\/image\\\/\"},\"sameAs\":[\"https:\\\/\\\/x.com\\\/UnaYMilLetras\",\"https:\\\/\\\/instagram.com\\\/UnaYMilLetras\"]},{\"@type\":\"Person\",\"@id\":\"http:\\\/\\\/unaymilletras.com\\\/#\\\/schema\\\/person\\\/f9792b0b93704f9d3f6cef46c2048d7d\",\"name\":\"Alvany Pereira\",\"image\":{\"@type\":\"ImageObject\",\"inLanguage\":\"en-GB\",\"@id\":\"https:\\\/\\\/secure.gravatar.com\\\/avatar\\\/1a5fbcc81714220624d70f391a6187cd1434ccfcb154238afd238d6b8bb7f593?s=96&d=mm&r=g\",\"url\":\"https:\\\/\\\/secure.gravatar.com\\\/avatar\\\/1a5fbcc81714220624d70f391a6187cd1434ccfcb154238afd238d6b8bb7f593?s=96&d=mm&r=g\",\"contentUrl\":\"https:\\\/\\\/secure.gravatar.com\\\/avatar\\\/1a5fbcc81714220624d70f391a6187cd1434ccfcb154238afd238d6b8bb7f593?s=96&d=mm&r=g\",\"caption\":\"Alvany Pereira\"},\"url\":\"https:\\\/\\\/unaymilletras.com\\\/en\\\/author\\\/alvanysophia\\\/\"}]}<\/script>\n<!-- \/ Yoast SEO plugin. -->","yoast_head_json":{"title":"Prime Video desvela fecha de estreno y primeras im\u00e1genes de la segunda temporada de Nine Perfect Strangers","description":"Prime Video ha anunciado que la esperada segunda temporada de Nine Perfect Strangers llegar\u00e1 a la plataforma el pr\u00f3ximo 22 de mayo de 2025","robots":{"index":"index","follow":"follow","max-snippet":"max-snippet:-1","max-image-preview":"max-image-preview:large","max-video-preview":"max-video-preview:-1"},"canonical":"https:\/\/unaymilletras.com\/en\/prime-video-desvela-fecha-de-estreno-y-primeras-imagenes-de-la-segunda-temporada-de-nine-perfect-strangers\/","og_locale":"en_GB","og_type":"article","og_title":"Prime Video desvela fecha de estreno y primeras im\u00e1genes de la segunda temporada de Nine Perfect Strangers","og_description":"Prime Video ha anunciado que la esperada segunda temporada de Nine Perfect Strangers llegar\u00e1 a la plataforma el pr\u00f3ximo 22 de mayo de 2025","og_url":"https:\/\/unaymilletras.com\/en\/prime-video-desvela-fecha-de-estreno-y-primeras-imagenes-de-la-segunda-temporada-de-nine-perfect-strangers\/","og_site_name":"Una y Mil Letras","article_published_time":"2025-04-07T19:05:26+00:00","article_modified_time":"2025-04-07T19:08:19+00:00","og_image":[{"width":600,"height":399,"url":"http:\/\/unaymilletras.com\/wp-content\/uploads\/2025\/04\/NINE-PERFECT-STRANGERS-S2-4-scaled-e1743855361518.jpg","type":"image\/jpeg"}],"author":"Alvany Pereira","twitter_card":"summary_large_image","twitter_creator":"@UnaYMilLetras","twitter_site":"@UnaYMilLetras","twitter_misc":{"Written by":"Alvany Pereira","Estimated reading time":"2 minutes"},"schema":{"@context":"https:\/\/schema.org","@graph":[{"@type":"Article","@id":"https:\/\/unaymilletras.com\/prime-video-desvela-fecha-de-estreno-y-primeras-imagenes-de-la-segunda-temporada-de-nine-perfect-strangers\/#article","isPartOf":{"@id":"https:\/\/unaymilletras.com\/prime-video-desvela-fecha-de-estreno-y-primeras-imagenes-de-la-segunda-temporada-de-nine-perfect-strangers\/"},"author":{"name":"Alvany Pereira","@id":"http:\/\/unaymilletras.com\/#\/schema\/person\/f9792b0b93704f9d3f6cef46c2048d7d"},"headline":"Prime Video desvela fecha de estreno y primeras im\u00e1genes de la segunda temporada de Nine Perfect Strangers","datePublished":"2025-04-07T19:05:26+00:00","dateModified":"2025-04-07T19:08:19+00:00","mainEntityOfPage":{"@id":"https:\/\/unaymilletras.com\/prime-video-desvela-fecha-de-estreno-y-primeras-imagenes-de-la-segunda-temporada-de-nine-perfect-strangers\/"},"wordCount":330,"publisher":{"@id":"http:\/\/unaymilletras.com\/#organization"},"image":{"@id":"https:\/\/unaymilletras.com\/prime-video-desvela-fecha-de-estreno-y-primeras-imagenes-de-la-segunda-temporada-de-nine-perfect-strangers\/#primaryimage"},"thumbnailUrl":"https:\/\/unaymilletras.com\/wp-content\/uploads\/2025\/04\/NINE-PERFECT-STRANGERS-S2-4-scaled-e1743855361518.jpg","articleSection":["Pel\u00edculas y Series"],"inLanguage":"en-GB"},{"@type":"WebPage","@id":"https:\/\/unaymilletras.com\/prime-video-desvela-fecha-de-estreno-y-primeras-imagenes-de-la-segunda-temporada-de-nine-perfect-strangers\/","url":"https:\/\/unaymilletras.com\/prime-video-desvela-fecha-de-estreno-y-primeras-imagenes-de-la-segunda-temporada-de-nine-perfect-strangers\/","name":"Prime Video desvela fecha de estreno y primeras im\u00e1genes de la segunda temporada de Nine Perfect Strangers","isPartOf":{"@id":"http:\/\/unaymilletras.com\/#website"},"primaryImageOfPage":{"@id":"https:\/\/unaymilletras.com\/prime-video-desvela-fecha-de-estreno-y-primeras-imagenes-de-la-segunda-temporada-de-nine-perfect-strangers\/#primaryimage"},"image":{"@id":"https:\/\/unaymilletras.com\/prime-video-desvela-fecha-de-estreno-y-primeras-imagenes-de-la-segunda-temporada-de-nine-perfect-strangers\/#primaryimage"},"thumbnailUrl":"https:\/\/unaymilletras.com\/wp-content\/uploads\/2025\/04\/NINE-PERFECT-STRANGERS-S2-4-scaled-e1743855361518.jpg","datePublished":"2025-04-07T19:05:26+00:00","dateModified":"2025-04-07T19:08:19+00:00","description":"Prime Video ha anunciado que la esperada segunda temporada de Nine Perfect Strangers llegar\u00e1 a la plataforma el pr\u00f3ximo 22 de mayo de 2025","breadcrumb":{"@id":"https:\/\/unaymilletras.com\/prime-video-desvela-fecha-de-estreno-y-primeras-imagenes-de-la-segunda-temporada-de-nine-perfect-strangers\/#breadcrumb"},"inLanguage":"en-GB","potentialAction":[{"@type":"ReadAction","target":["https:\/\/unaymilletras.com\/prime-video-desvela-fecha-de-estreno-y-primeras-imagenes-de-la-segunda-temporada-de-nine-perfect-strangers\/"]}]},{"@type":"ImageObject","inLanguage":"en-GB","@id":"https:\/\/unaymilletras.com\/prime-video-desvela-fecha-de-estreno-y-primeras-imagenes-de-la-segunda-temporada-de-nine-perfect-strangers\/#primaryimage","url":"https:\/\/unaymilletras.com\/wp-content\/uploads\/2025\/04\/NINE-PERFECT-STRANGERS-S2-4-scaled-e1743855361518.jpg","contentUrl":"https:\/\/unaymilletras.com\/wp-content\/uploads\/2025\/04\/NINE-PERFECT-STRANGERS-S2-4-scaled-e1743855361518.jpg","width":600,"height":399,"caption":"NINE PERFECT STRANGERS - Nine new strangers connected in ways they could never imagine are invited by mysterious guru, Masha Dmitrichenko (Nicole Kidman), to join a transformational wellness retreat in the Austrian Alps. Over the course of a week, she takes them to the brink. Will they make it? Will she? Masha is willing to try anything in the interest of healing everyone involved, including herself. (Disney\/Reiner Bajo) NICOLE KIDMAN"},{"@type":"BreadcrumbList","@id":"https:\/\/unaymilletras.com\/prime-video-desvela-fecha-de-estreno-y-primeras-imagenes-de-la-segunda-temporada-de-nine-perfect-strangers\/#breadcrumb","itemListElement":[{"@type":"ListItem","position":1,"name":"Home","item":"http:\/\/unaymilletras.com\/"},{"@type":"ListItem","position":2,"name":"Prime Video desvela fecha de estreno y primeras im\u00e1genes de la segunda temporada de Nine Perfect Strangers"}]},{"@type":"WebSite","@id":"http:\/\/unaymilletras.com\/#website","url":"http:\/\/unaymilletras.com\/","name":"Una y Mil Letras","description":"","publisher":{"@id":"http:\/\/unaymilletras.com\/#organization"},"potentialAction":[{"@type":"SearchAction","target":{"@type":"EntryPoint","urlTemplate":"http:\/\/unaymilletras.com\/?s={search_term_string}"},"query-input":{"@type":"PropertyValueSpecification","valueRequired":true,"valueName":"search_term_string"}}],"inLanguage":"en-GB"},{"@type":"Organization","@id":"http:\/\/unaymilletras.com\/#organization","name":"Una y Mil Letras","url":"http:\/\/unaymilletras.com\/","logo":{"@type":"ImageObject","inLanguage":"en-GB","@id":"http:\/\/unaymilletras.com\/#\/schema\/logo\/image\/","url":"https:\/\/unaymilletras.com\/wp-content\/uploads\/2024\/06\/cropped-Logo-removebg-preview.png","contentUrl":"https:\/\/unaymilletras.com\/wp-content\/uploads\/2024\/06\/cropped-Logo-removebg-preview.png","width":512,"height":512,"caption":"Una y Mil Letras"},"image":{"@id":"http:\/\/unaymilletras.com\/#\/schema\/logo\/image\/"},"sameAs":["https:\/\/x.com\/UnaYMilLetras","https:\/\/instagram.com\/UnaYMilLetras"]},{"@type":"Person","@id":"http:\/\/unaymilletras.com\/#\/schema\/person\/f9792b0b93704f9d3f6cef46c2048d7d","name":"Alvany Pereira","image":{"@type":"ImageObject","inLanguage":"en-GB","@id":"https:\/\/secure.gravatar.com\/avatar\/1a5fbcc81714220624d70f391a6187cd1434ccfcb154238afd238d6b8bb7f593?s=96&d=mm&r=g","url":"https:\/\/secure.gravatar.com\/avatar\/1a5fbcc81714220624d70f391a6187cd1434ccfcb154238afd238d6b8bb7f593?s=96&d=mm&r=g","contentUrl":"https:\/\/secure.gravatar.com\/avatar\/1a5fbcc81714220624d70f391a6187cd1434ccfcb154238afd238d6b8bb7f593?s=96&d=mm&r=g","caption":"Alvany Pereira"},"url":"https:\/\/unaymilletras.com\/en\/author\/alvanysophia\/"}]}},"_links":{"self":[{"href":"https:\/\/unaymilletras.com\/en\/wp-json\/wp\/v2\/posts\/4374","targetHints":{"allow":["GET"]}}],"collection":[{"href":"https:\/\/unaymilletras.com\/en\/wp-json\/wp\/v2\/posts"}],"about":[{"href":"https:\/\/unaymilletras.com\/en\/wp-json\/wp\/v2\/types\/post"}],"author":[{"embeddable":true,"href":"https:\/\/unaymilletras.com\/en\/wp-json\/wp\/v2\/users\/8"}],"replies":[{"embeddable":true,"href":"https:\/\/unaymilletras.com\/en\/wp-json\/wp\/v2\/comments?post=4374"}],"version-history":[{"count":14,"href":"https:\/\/unaymilletras.com\/en\/wp-json\/wp\/v2\/posts\/4374\/revisions"}],"predecessor-version":[{"id":4391,"href":"https:\/\/unaymilletras.com\/en\/wp-json\/wp\/v2\/posts\/4374\/revisions\/4391"}],"wp:featuredmedia":[{"embeddable":true,"href":"https:\/\/unaymilletras.com\/en\/wp-json\/wp\/v2\/media\/4376"}],"wp:attachment":[{"href":"https:\/\/unaymilletras.com\/en\/wp-json\/wp\/v2\/media?parent=4374"}],"wp:term":[{"taxonomy":"category","embeddable":true,"href":"https:\/\/unaymilletras.com\/en\/wp-json\/wp\/v2\/categories?post=4374"},{"taxonomy":"post_tag","embeddable":true,"href":"https:\/\/unaymilletras.com\/en\/wp-json\/wp\/v2\/tags?post=4374"}],"curies":[{"name":"wp","href":"https:\/\/api.w.org\/{rel}","templated":true}]}}