{"id":4432,"date":"2025-04-18T20:07:49","date_gmt":"2025-04-18T18:07:49","guid":{"rendered":"https:\/\/unaymilletras.com\/?p=4432"},"modified":"2025-04-18T20:12:19","modified_gmt":"2025-04-18T18:12:19","slug":"dystinct-lanza-ya-baba-junto-a-french-montana-primer-adelanto-de-su-tercer-album","status":"publish","type":"post","link":"https:\/\/unaymilletras.com\/en\/dystinct-lanza-ya-baba-junto-a-french-montana-primer-adelanto-de-su-tercer-album\/","title":{"rendered":"DYSTINCT lanza \u201cYa Baba\u201d junto a French Montana, primer adelanto de su tercer \u00e1lbum"},"content":{"rendered":"<div data-elementor-type=\"wp-post\" data-elementor-id=\"4432\" class=\"elementor elementor-4432\">\n\t\t\t\t\t\t<section class=\"elementor-section elementor-top-section elementor-element elementor-element-d58c9c3 elementor-section-boxed elementor-section-height-default elementor-section-height-default\" data-id=\"d58c9c3\" data-element_type=\"section\" data-e-type=\"section\">\n\t\t\t\t\t\t<div class=\"elementor-container elementor-column-gap-default\">\n\t\t\t\t\t<div class=\"elementor-column elementor-col-100 elementor-top-column elementor-element elementor-element-5490089\" data-id=\"5490089\" data-element_type=\"column\" data-e-type=\"column\">\n\t\t\t<div class=\"elementor-widget-wrap elementor-element-populated\">\n\t\t\t\t\t\t<div class=\"elementor-element elementor-element-65bd4f7 elementor-widget elementor-widget-text-editor\" data-id=\"65bd4f7\" data-element_type=\"widget\" data-e-type=\"widget\" data-widget_type=\"text-editor.default\">\n\t\t\t\t<div class=\"elementor-widget-container\">\n\t\t\t\t\t\t\t\t\t<h2 style=\"text-align: center;\"><span style=\"color: #808080;\"><em>La colaboraci\u00f3n de DYSTINCT une influencias marroqu\u00edes, afrobeat y letras multiling\u00fces en un potente tema<\/em><\/span><\/h2>\t\t\t\t\t\t\t\t<\/div>\n\t\t\t\t<\/div>\n\t\t\t\t\t<\/div>\n\t\t<\/div>\n\t\t\t\t\t<\/div>\n\t\t<\/section>\n\t\t\t\t<section class=\"elementor-section elementor-top-section elementor-element elementor-element-9d94146 elementor-section-boxed elementor-section-height-default elementor-section-height-default\" data-id=\"9d94146\" data-element_type=\"section\" data-e-type=\"section\">\n\t\t\t\t\t\t<div class=\"elementor-container elementor-column-gap-default\">\n\t\t\t\t\t<div class=\"elementor-column elementor-col-100 elementor-top-column elementor-element elementor-element-ea73c3a\" data-id=\"ea73c3a\" data-element_type=\"column\" data-e-type=\"column\">\n\t\t\t<div class=\"elementor-widget-wrap elementor-element-populated\">\n\t\t\t\t\t\t<div class=\"elementor-element elementor-element-1e5fe93 elementor-widget elementor-widget-text-editor\" data-id=\"1e5fe93\" data-element_type=\"widget\" data-e-type=\"widget\" data-widget_type=\"text-editor.default\">\n\t\t\t\t<div class=\"elementor-widget-container\">\n\t\t\t\t\t\t\t\t\t<p class=\"\" data-start=\"217\" data-end=\"535\">El artista belga-marroqu\u00ed <strong data-start=\"243\" data-end=\"255\">DYSTINCT<\/strong> presenta <strong data-start=\"265\" data-end=\"278\"><i>Ya Baba<\/i><\/strong>, el primer sencillo de su esperado tercer \u00e1lbum de estudio. La canci\u00f3n, que ver\u00e1 la luz el <strong data-start=\"370\" data-end=\"385\">18 de abril<\/strong>, cuenta con la colaboraci\u00f3n del rapero internacional <strong data-start=\"439\" data-end=\"457\">French Montana<\/strong>, en lo que promete ser una de las uniones musicales m\u00e1s comentadas del a\u00f1o.<\/p><p class=\"\" data-start=\"537\" data-end=\"878\"><span style=\"color: #808080;\"><a style=\"color: #808080;\" href=\"https:\/\/open.spotify.com\/intl-es\/track\/48l6xps5kWSsxtYdXHgz0Y?si=81fffb07f29b4243\"><i>Ya Baba<\/i><\/a><\/span> es una fusi\u00f3n sonora que mezcla el \u00e1rabe y el ingl\u00e9s con ritmos <strong data-start=\"611\" data-end=\"620\">Gnawa<\/strong> y <strong data-start=\"623\" data-end=\"635\">afrobeat<\/strong>, retratando el impacto emocional del \u00e9xito a trav\u00e9s del lema <strong data-start=\"697\" data-end=\"728\">\u201cMore money, more problems\u201d<\/strong>. El lanzamiento destaca tambi\u00e9n por el hist\u00f3rico verso de <strong data-start=\"787\" data-end=\"805\">French Montana<\/strong> en marroqu\u00ed, siendo la primera vez que el artista canta en ese idioma.<\/p>\t\t\t\t\t\t\t\t<\/div>\n\t\t\t\t<\/div>\n\t\t\t\t\t<\/div>\n\t\t<\/div>\n\t\t\t\t\t<\/div>\n\t\t<\/section>\n\t\t\t\t<section class=\"elementor-section elementor-top-section elementor-element elementor-element-d2cdbcf elementor-section-boxed elementor-section-height-default elementor-section-height-default\" data-id=\"d2cdbcf\" data-element_type=\"section\" data-e-type=\"section\">\n\t\t\t\t\t\t<div class=\"elementor-container elementor-column-gap-default\">\n\t\t\t\t\t<div class=\"elementor-column elementor-col-50 elementor-top-column elementor-element elementor-element-862b545\" data-id=\"862b545\" data-element_type=\"column\" data-e-type=\"column\">\n\t\t\t<div class=\"elementor-widget-wrap elementor-element-populated\">\n\t\t\t\t\t\t<div class=\"elementor-element elementor-element-2267c7b elementor-widget elementor-widget-image\" data-id=\"2267c7b\" data-element_type=\"widget\" data-e-type=\"widget\" data-widget_type=\"image.default\">\n\t\t\t\t<div class=\"elementor-widget-container\">\n\t\t\t\t\t\t\t\t\t\t\t\t\t\t\t<img fetchpriority=\"high\" decoding=\"async\" width=\"640\" height=\"800\" src=\"https:\/\/unaymilletras.com\/wp-content\/uploads\/2025\/04\/EXPORT-DYSTINCT-FRENCH-MONTANA-202-819x1024.jpg\" class=\"attachment-large size-large wp-image-4435\" alt=\"DYSTINCT\" srcset=\"https:\/\/unaymilletras.com\/wp-content\/uploads\/2025\/04\/EXPORT-DYSTINCT-FRENCH-MONTANA-202-819x1024.jpg 819w, https:\/\/unaymilletras.com\/wp-content\/uploads\/2025\/04\/EXPORT-DYSTINCT-FRENCH-MONTANA-202-240x300.jpg 240w, https:\/\/unaymilletras.com\/wp-content\/uploads\/2025\/04\/EXPORT-DYSTINCT-FRENCH-MONTANA-202-768x960.jpg 768w, https:\/\/unaymilletras.com\/wp-content\/uploads\/2025\/04\/EXPORT-DYSTINCT-FRENCH-MONTANA-202-1229x1536.jpg 1229w, https:\/\/unaymilletras.com\/wp-content\/uploads\/2025\/04\/EXPORT-DYSTINCT-FRENCH-MONTANA-202-1638x2048.jpg 1638w, https:\/\/unaymilletras.com\/wp-content\/uploads\/2025\/04\/EXPORT-DYSTINCT-FRENCH-MONTANA-202-10x12.jpg 10w, https:\/\/unaymilletras.com\/wp-content\/uploads\/2025\/04\/EXPORT-DYSTINCT-FRENCH-MONTANA-202-1024x1280.jpg 1024w, https:\/\/unaymilletras.com\/wp-content\/uploads\/2025\/04\/EXPORT-DYSTINCT-FRENCH-MONTANA-202-scaled-e1744999605585.jpg 600w\" sizes=\"(max-width: 640px) 100vw, 640px\" \/>\t\t\t\t\t\t\t\t\t\t\t\t\t\t\t<\/div>\n\t\t\t\t<\/div>\n\t\t\t\t\t<\/div>\n\t\t<\/div>\n\t\t\t\t<div class=\"elementor-column elementor-col-50 elementor-top-column elementor-element elementor-element-3d8b27f\" data-id=\"3d8b27f\" data-element_type=\"column\" data-e-type=\"column\">\n\t\t\t<div class=\"elementor-widget-wrap elementor-element-populated\">\n\t\t\t\t\t\t<div class=\"elementor-element elementor-element-4269836 elementor-widget elementor-widget-image\" data-id=\"4269836\" data-element_type=\"widget\" data-e-type=\"widget\" data-widget_type=\"image.default\">\n\t\t\t\t<div class=\"elementor-widget-container\">\n\t\t\t\t\t\t\t\t\t\t\t\t\t\t\t<img decoding=\"async\" width=\"640\" height=\"800\" src=\"https:\/\/unaymilletras.com\/wp-content\/uploads\/2025\/04\/EXPORT-DYSTINCT-FRENCH-MONTANA-163-819x1024.jpg\" class=\"attachment-large size-large wp-image-4434\" alt=\"\" srcset=\"https:\/\/unaymilletras.com\/wp-content\/uploads\/2025\/04\/EXPORT-DYSTINCT-FRENCH-MONTANA-163-819x1024.jpg 819w, https:\/\/unaymilletras.com\/wp-content\/uploads\/2025\/04\/EXPORT-DYSTINCT-FRENCH-MONTANA-163-240x300.jpg 240w, https:\/\/unaymilletras.com\/wp-content\/uploads\/2025\/04\/EXPORT-DYSTINCT-FRENCH-MONTANA-163-768x960.jpg 768w, https:\/\/unaymilletras.com\/wp-content\/uploads\/2025\/04\/EXPORT-DYSTINCT-FRENCH-MONTANA-163-1229x1536.jpg 1229w, https:\/\/unaymilletras.com\/wp-content\/uploads\/2025\/04\/EXPORT-DYSTINCT-FRENCH-MONTANA-163-1638x2048.jpg 1638w, https:\/\/unaymilletras.com\/wp-content\/uploads\/2025\/04\/EXPORT-DYSTINCT-FRENCH-MONTANA-163-10x12.jpg 10w, https:\/\/unaymilletras.com\/wp-content\/uploads\/2025\/04\/EXPORT-DYSTINCT-FRENCH-MONTANA-163-1024x1280.jpg 1024w, https:\/\/unaymilletras.com\/wp-content\/uploads\/2025\/04\/EXPORT-DYSTINCT-FRENCH-MONTANA-163-scaled-e1744915571555.jpg 600w\" sizes=\"(max-width: 640px) 100vw, 640px\" \/>\t\t\t\t\t\t\t\t\t\t\t\t\t\t\t<\/div>\n\t\t\t\t<\/div>\n\t\t\t\t\t<\/div>\n\t\t<\/div>\n\t\t\t\t\t<\/div>\n\t\t<\/section>\n\t\t\t\t<section class=\"elementor-section elementor-top-section elementor-element elementor-element-30fe089 elementor-section-boxed elementor-section-height-default elementor-section-height-default\" data-id=\"30fe089\" data-element_type=\"section\" data-e-type=\"section\">\n\t\t\t\t\t\t<div class=\"elementor-container elementor-column-gap-default\">\n\t\t\t\t\t<div class=\"elementor-column elementor-col-100 elementor-top-column elementor-element elementor-element-71b2317\" data-id=\"71b2317\" data-element_type=\"column\" data-e-type=\"column\">\n\t\t\t<div class=\"elementor-widget-wrap elementor-element-populated\">\n\t\t\t\t\t\t<div class=\"elementor-element elementor-element-ffc51e7 elementor-widget elementor-widget-text-editor\" data-id=\"ffc51e7\" data-element_type=\"widget\" data-e-type=\"widget\" data-widget_type=\"text-editor.default\">\n\t\t\t\t<div class=\"elementor-widget-container\">\n\t\t\t\t\t\t\t\t\t<p class=\"\" data-start=\"880\" data-end=\"1175\">El videoclip fue rodado en <strong data-start=\"907\" data-end=\"920\">Marruecos<\/strong> y muestra escenas cotidianas del pa\u00eds, como ni\u00f1os jugando o momentos familiares, combinados con una mirada m\u00e1s cruda y realista. DYSTINCT utiliza estas im\u00e1genes para rendir homenaje a sus ra\u00edces y compartir su herencia cultural con audiencias globales.<\/p><p class=\"\" data-start=\"1177\" data-end=\"1537\">Tras los \u00e9xitos de <em>Ghazali<\/em> y su primer \u00e1lbum <em>Mon Voyage<\/em>, DYSTINCT ha acumulado m\u00e1s de <strong data-start=\"1267\" data-end=\"1302\">7 millones de oyentes mensuales<\/strong> y una s\u00f3lida base de fans en <strong data-start=\"1332\" data-end=\"1378\">Europa, el norte de \u00c1frica y Oriente Medio<\/strong>. Con premios como el <strong data-start=\"1400\" data-end=\"1446\">Trace Award al Mejor Artista Norteafricano<\/strong> y dos <strong data-start=\"1453\" data-end=\"1486\">Billboard Arabia Music Awards<\/strong>, su crecimiento internacional ha sido constante.<\/p>\t\t\t\t\t\t\t\t<\/div>\n\t\t\t\t<\/div>\n\t\t\t\t\t<\/div>\n\t\t<\/div>\n\t\t\t\t\t<\/div>\n\t\t<\/section>\n\t\t\t\t<section class=\"elementor-section elementor-top-section elementor-element elementor-element-deccb17 elementor-section-boxed elementor-section-height-default elementor-section-height-default\" data-id=\"deccb17\" data-element_type=\"section\" data-e-type=\"section\">\n\t\t\t\t\t\t<div class=\"elementor-container elementor-column-gap-default\">\n\t\t\t\t\t<div class=\"elementor-column elementor-col-100 elementor-top-column elementor-element elementor-element-3c20a01\" data-id=\"3c20a01\" data-element_type=\"column\" data-e-type=\"column\">\n\t\t\t<div class=\"elementor-widget-wrap elementor-element-populated\">\n\t\t\t\t\t\t<div class=\"elementor-element elementor-element-2b627b5 elementor-widget elementor-widget-video\" data-id=\"2b627b5\" data-element_type=\"widget\" data-e-type=\"widget\" data-settings=\"{&quot;youtube_url&quot;:&quot;https:\\\/\\\/www.youtube.com\\\/watch?v=pX_TaoV6azw&amp;ab_channel=AvalonMusic&quot;,&quot;video_type&quot;:&quot;youtube&quot;,&quot;controls&quot;:&quot;yes&quot;}\" data-widget_type=\"video.default\">\n\t\t\t\t<div class=\"elementor-widget-container\">\n\t\t\t\t\t\t\t<div class=\"elementor-wrapper elementor-open-inline\">\n\t\t\t<div class=\"elementor-video\"><\/div>\t\t<\/div>\n\t\t\t\t\t\t<\/div>\n\t\t\t\t<\/div>\n\t\t\t\t\t<\/div>\n\t\t<\/div>\n\t\t\t\t\t<\/div>\n\t\t<\/section>\n\t\t\t\t<section class=\"elementor-section elementor-top-section elementor-element elementor-element-d2f7ce8 elementor-section-boxed elementor-section-height-default elementor-section-height-default\" data-id=\"d2f7ce8\" data-element_type=\"section\" data-e-type=\"section\">\n\t\t\t\t\t\t<div class=\"elementor-container elementor-column-gap-default\">\n\t\t\t\t\t<div class=\"elementor-column elementor-col-100 elementor-top-column elementor-element elementor-element-77f69d1\" data-id=\"77f69d1\" data-element_type=\"column\" data-e-type=\"column\">\n\t\t\t<div class=\"elementor-widget-wrap elementor-element-populated\">\n\t\t\t\t\t\t<div class=\"elementor-element elementor-element-e483e48 elementor-widget elementor-widget-text-editor\" data-id=\"e483e48\" data-element_type=\"widget\" data-e-type=\"widget\" data-widget_type=\"text-editor.default\">\n\t\t\t\t<div class=\"elementor-widget-container\">\n\t\t\t\t\t\t\t\t\t<p class=\"\" data-start=\"1539\" data-end=\"1847\">Este nuevo proyecto se plantea como el m\u00e1s personal hasta la fecha. Seg\u00fan DYSTINCT, el \u00e1lbum ahondar\u00e1 en su historia personal sin dejar de lado su misi\u00f3n de unir culturas. Fiel a su estilo, el artista sigue tendiendo puentes entre mundos musicales, con colaboraciones \u00fanicas y sonidos que cruzan fronteras.<\/p><p class=\"\" data-start=\"1849\" data-end=\"2086\"><em>Ya Baba<\/em>\u00a0es solo el comienzo de un viaje musical que promete ser m\u00e1s grande, ambicioso y emotivo. El nuevo \u00e1lbum de DYSTINCT ya genera expectativas entre sus seguidores, que aguardan m\u00e1s sorpresas y colaboraciones en los pr\u00f3ximos meses.<\/p>\t\t\t\t\t\t\t\t<\/div>\n\t\t\t\t<\/div>\n\t\t\t\t\t<\/div>\n\t\t<\/div>\n\t\t\t\t\t<\/div>\n\t\t<\/section>\n\t\t\t\t<\/div>","protected":false},"excerpt":{"rendered":"<p>La colaboraci\u00f3n de DYSTINCT une influencias marroqu\u00edes, afrobeat y letras multiling\u00fces en un potente tema El artista belga-marroqu\u00ed DYSTINCT presenta Ya Baba, el primer sencillo de su esperado tercer \u00e1lbum de estudio. La canci\u00f3n, que ver\u00e1 la luz el 18 de abril, cuenta con la colaboraci\u00f3n del rapero internacional French Montana, en lo que promete [&hellip;]<\/p>\n","protected":false},"author":6,"featured_media":4435,"comment_status":"closed","ping_status":"closed","sticky":false,"template":"","format":"standard","meta":{"footnotes":""},"categories":[4],"tags":[],"class_list":["post-4432","post","type-post","status-publish","format-standard","has-post-thumbnail","hentry","category-musica"],"yoast_head":"<!-- This site is optimized with the Yoast SEO plugin v27.4 - https:\/\/yoast.com\/product\/yoast-seo-wordpress\/ -->\n<title>DYSTINCT lanza \u201cYa Baba\u201d junto a French Montana, primer adelanto de su tercer \u00e1lbum<\/title>\n<meta name=\"description\" content=\"La colaboraci\u00f3n de DYSTINCT une influencias marroqu\u00edes, afrobeat y letras multiling\u00fces en un potente retrato de \u00e9xito y ra\u00edces\" \/>\n<meta name=\"robots\" content=\"index, follow, max-snippet:-1, max-image-preview:large, max-video-preview:-1\" \/>\n<link rel=\"canonical\" href=\"https:\/\/unaymilletras.com\/en\/dystinct-lanza-ya-baba-junto-a-french-montana-primer-adelanto-de-su-tercer-album\/\" \/>\n<meta property=\"og:locale\" content=\"en_GB\" \/>\n<meta property=\"og:type\" content=\"article\" \/>\n<meta property=\"og:title\" content=\"DYSTINCT lanza \u201cYa Baba\u201d junto a French Montana, primer adelanto de su tercer \u00e1lbum\" \/>\n<meta property=\"og:description\" content=\"La colaboraci\u00f3n de DYSTINCT une influencias marroqu\u00edes, afrobeat y letras multiling\u00fces en un potente retrato de \u00e9xito y ra\u00edces\" \/>\n<meta property=\"og:url\" content=\"https:\/\/unaymilletras.com\/en\/dystinct-lanza-ya-baba-junto-a-french-montana-primer-adelanto-de-su-tercer-album\/\" \/>\n<meta property=\"og:site_name\" content=\"Una y Mil Letras\" \/>\n<meta property=\"article:published_time\" content=\"2025-04-18T18:07:49+00:00\" \/>\n<meta property=\"article:modified_time\" content=\"2025-04-18T18:12:19+00:00\" \/>\n<meta property=\"og:image\" content=\"http:\/\/unaymilletras.com\/wp-content\/uploads\/2025\/04\/EXPORT-DYSTINCT-FRENCH-MONTANA-202-scaled-e1744999605585.jpg\" \/>\n\t<meta property=\"og:image:width\" content=\"600\" \/>\n\t<meta property=\"og:image:height\" content=\"750\" \/>\n\t<meta property=\"og:image:type\" content=\"image\/jpeg\" \/>\n<meta name=\"author\" content=\"Redacci\u00f3n\" \/>\n<meta name=\"twitter:card\" content=\"summary_large_image\" \/>\n<meta name=\"twitter:creator\" content=\"@UnaYMilLetras\" \/>\n<meta name=\"twitter:site\" content=\"@UnaYMilLetras\" \/>\n<meta name=\"twitter:label1\" content=\"Written by\" \/>\n\t<meta name=\"twitter:data1\" content=\"Redacci\u00f3n\" \/>\n\t<meta name=\"twitter:label2\" content=\"Estimated reading time\" \/>\n\t<meta name=\"twitter:data2\" content=\"2 minutes\" \/>\n<script type=\"application\/ld+json\" class=\"yoast-schema-graph\">{\"@context\":\"https:\\\/\\\/schema.org\",\"@graph\":[{\"@type\":\"Article\",\"@id\":\"https:\\\/\\\/unaymilletras.com\\\/dystinct-lanza-ya-baba-junto-a-french-montana-primer-adelanto-de-su-tercer-album\\\/#article\",\"isPartOf\":{\"@id\":\"https:\\\/\\\/unaymilletras.com\\\/dystinct-lanza-ya-baba-junto-a-french-montana-primer-adelanto-de-su-tercer-album\\\/\"},\"author\":{\"name\":\"Redacci\u00f3n\",\"@id\":\"http:\\\/\\\/unaymilletras.com\\\/#\\\/schema\\\/person\\\/0860dc8a218329991ee2c7591f4f849d\"},\"headline\":\"DYSTINCT lanza \u201cYa Baba\u201d junto a French Montana, primer adelanto de su tercer \u00e1lbum\",\"datePublished\":\"2025-04-18T18:07:49+00:00\",\"dateModified\":\"2025-04-18T18:12:19+00:00\",\"mainEntityOfPage\":{\"@id\":\"https:\\\/\\\/unaymilletras.com\\\/dystinct-lanza-ya-baba-junto-a-french-montana-primer-adelanto-de-su-tercer-album\\\/\"},\"wordCount\":360,\"publisher\":{\"@id\":\"http:\\\/\\\/unaymilletras.com\\\/#organization\"},\"image\":{\"@id\":\"https:\\\/\\\/unaymilletras.com\\\/dystinct-lanza-ya-baba-junto-a-french-montana-primer-adelanto-de-su-tercer-album\\\/#primaryimage\"},\"thumbnailUrl\":\"https:\\\/\\\/unaymilletras.com\\\/wp-content\\\/uploads\\\/2025\\\/04\\\/EXPORT-DYSTINCT-FRENCH-MONTANA-202-scaled-e1744999605585.jpg\",\"articleSection\":[\"M\u00fasica\"],\"inLanguage\":\"en-GB\"},{\"@type\":\"WebPage\",\"@id\":\"https:\\\/\\\/unaymilletras.com\\\/dystinct-lanza-ya-baba-junto-a-french-montana-primer-adelanto-de-su-tercer-album\\\/\",\"url\":\"https:\\\/\\\/unaymilletras.com\\\/dystinct-lanza-ya-baba-junto-a-french-montana-primer-adelanto-de-su-tercer-album\\\/\",\"name\":\"DYSTINCT lanza \u201cYa Baba\u201d junto a French Montana, primer adelanto de su tercer \u00e1lbum\",\"isPartOf\":{\"@id\":\"http:\\\/\\\/unaymilletras.com\\\/#website\"},\"primaryImageOfPage\":{\"@id\":\"https:\\\/\\\/unaymilletras.com\\\/dystinct-lanza-ya-baba-junto-a-french-montana-primer-adelanto-de-su-tercer-album\\\/#primaryimage\"},\"image\":{\"@id\":\"https:\\\/\\\/unaymilletras.com\\\/dystinct-lanza-ya-baba-junto-a-french-montana-primer-adelanto-de-su-tercer-album\\\/#primaryimage\"},\"thumbnailUrl\":\"https:\\\/\\\/unaymilletras.com\\\/wp-content\\\/uploads\\\/2025\\\/04\\\/EXPORT-DYSTINCT-FRENCH-MONTANA-202-scaled-e1744999605585.jpg\",\"datePublished\":\"2025-04-18T18:07:49+00:00\",\"dateModified\":\"2025-04-18T18:12:19+00:00\",\"description\":\"La colaboraci\u00f3n de DYSTINCT une influencias marroqu\u00edes, afrobeat y letras multiling\u00fces en un potente retrato de \u00e9xito y ra\u00edces\",\"breadcrumb\":{\"@id\":\"https:\\\/\\\/unaymilletras.com\\\/dystinct-lanza-ya-baba-junto-a-french-montana-primer-adelanto-de-su-tercer-album\\\/#breadcrumb\"},\"inLanguage\":\"en-GB\",\"potentialAction\":[{\"@type\":\"ReadAction\",\"target\":[\"https:\\\/\\\/unaymilletras.com\\\/dystinct-lanza-ya-baba-junto-a-french-montana-primer-adelanto-de-su-tercer-album\\\/\"]}]},{\"@type\":\"ImageObject\",\"inLanguage\":\"en-GB\",\"@id\":\"https:\\\/\\\/unaymilletras.com\\\/dystinct-lanza-ya-baba-junto-a-french-montana-primer-adelanto-de-su-tercer-album\\\/#primaryimage\",\"url\":\"https:\\\/\\\/unaymilletras.com\\\/wp-content\\\/uploads\\\/2025\\\/04\\\/EXPORT-DYSTINCT-FRENCH-MONTANA-202-scaled-e1744999605585.jpg\",\"contentUrl\":\"https:\\\/\\\/unaymilletras.com\\\/wp-content\\\/uploads\\\/2025\\\/04\\\/EXPORT-DYSTINCT-FRENCH-MONTANA-202-scaled-e1744999605585.jpg\",\"width\":600,\"height\":750,\"caption\":\"DYSTINCT\"},{\"@type\":\"BreadcrumbList\",\"@id\":\"https:\\\/\\\/unaymilletras.com\\\/dystinct-lanza-ya-baba-junto-a-french-montana-primer-adelanto-de-su-tercer-album\\\/#breadcrumb\",\"itemListElement\":[{\"@type\":\"ListItem\",\"position\":1,\"name\":\"Home\",\"item\":\"http:\\\/\\\/unaymilletras.com\\\/\"},{\"@type\":\"ListItem\",\"position\":2,\"name\":\"DYSTINCT lanza \u201cYa Baba\u201d junto a French Montana, primer adelanto de su tercer \u00e1lbum\"}]},{\"@type\":\"WebSite\",\"@id\":\"http:\\\/\\\/unaymilletras.com\\\/#website\",\"url\":\"http:\\\/\\\/unaymilletras.com\\\/\",\"name\":\"Una y Mil Letras\",\"description\":\"\",\"publisher\":{\"@id\":\"http:\\\/\\\/unaymilletras.com\\\/#organization\"},\"potentialAction\":[{\"@type\":\"SearchAction\",\"target\":{\"@type\":\"EntryPoint\",\"urlTemplate\":\"http:\\\/\\\/unaymilletras.com\\\/?s={search_term_string}\"},\"query-input\":{\"@type\":\"PropertyValueSpecification\",\"valueRequired\":true,\"valueName\":\"search_term_string\"}}],\"inLanguage\":\"en-GB\"},{\"@type\":\"Organization\",\"@id\":\"http:\\\/\\\/unaymilletras.com\\\/#organization\",\"name\":\"Una y Mil Letras\",\"url\":\"http:\\\/\\\/unaymilletras.com\\\/\",\"logo\":{\"@type\":\"ImageObject\",\"inLanguage\":\"en-GB\",\"@id\":\"http:\\\/\\\/unaymilletras.com\\\/#\\\/schema\\\/logo\\\/image\\\/\",\"url\":\"https:\\\/\\\/unaymilletras.com\\\/wp-content\\\/uploads\\\/2024\\\/06\\\/cropped-Logo-removebg-preview.png\",\"contentUrl\":\"https:\\\/\\\/unaymilletras.com\\\/wp-content\\\/uploads\\\/2024\\\/06\\\/cropped-Logo-removebg-preview.png\",\"width\":512,\"height\":512,\"caption\":\"Una y Mil Letras\"},\"image\":{\"@id\":\"http:\\\/\\\/unaymilletras.com\\\/#\\\/schema\\\/logo\\\/image\\\/\"},\"sameAs\":[\"https:\\\/\\\/x.com\\\/UnaYMilLetras\",\"https:\\\/\\\/instagram.com\\\/UnaYMilLetras\"]},{\"@type\":\"Person\",\"@id\":\"http:\\\/\\\/unaymilletras.com\\\/#\\\/schema\\\/person\\\/0860dc8a218329991ee2c7591f4f849d\",\"name\":\"Redacci\u00f3n\",\"image\":{\"@type\":\"ImageObject\",\"inLanguage\":\"en-GB\",\"@id\":\"https:\\\/\\\/secure.gravatar.com\\\/avatar\\\/d8f55e05a8b6597e45c55a1dcbdbfe44f4a360d88b48e00de5216a79b7732796?s=96&d=mm&r=g\",\"url\":\"https:\\\/\\\/secure.gravatar.com\\\/avatar\\\/d8f55e05a8b6597e45c55a1dcbdbfe44f4a360d88b48e00de5216a79b7732796?s=96&d=mm&r=g\",\"contentUrl\":\"https:\\\/\\\/secure.gravatar.com\\\/avatar\\\/d8f55e05a8b6597e45c55a1dcbdbfe44f4a360d88b48e00de5216a79b7732796?s=96&d=mm&r=g\",\"caption\":\"Redacci\u00f3n\"},\"url\":\"https:\\\/\\\/unaymilletras.com\\\/en\\\/author\\\/redaccion\\\/\"}]}<\/script>\n<!-- \/ Yoast SEO plugin. -->","yoast_head_json":{"title":"DYSTINCT lanza \u201cYa Baba\u201d junto a French Montana, primer adelanto de su tercer \u00e1lbum","description":"La colaboraci\u00f3n de DYSTINCT une influencias marroqu\u00edes, afrobeat y letras multiling\u00fces en un potente retrato de \u00e9xito y ra\u00edces","robots":{"index":"index","follow":"follow","max-snippet":"max-snippet:-1","max-image-preview":"max-image-preview:large","max-video-preview":"max-video-preview:-1"},"canonical":"https:\/\/unaymilletras.com\/en\/dystinct-lanza-ya-baba-junto-a-french-montana-primer-adelanto-de-su-tercer-album\/","og_locale":"en_GB","og_type":"article","og_title":"DYSTINCT lanza \u201cYa Baba\u201d junto a French Montana, primer adelanto de su tercer \u00e1lbum","og_description":"La colaboraci\u00f3n de DYSTINCT une influencias marroqu\u00edes, afrobeat y letras multiling\u00fces en un potente retrato de \u00e9xito y ra\u00edces","og_url":"https:\/\/unaymilletras.com\/en\/dystinct-lanza-ya-baba-junto-a-french-montana-primer-adelanto-de-su-tercer-album\/","og_site_name":"Una y Mil Letras","article_published_time":"2025-04-18T18:07:49+00:00","article_modified_time":"2025-04-18T18:12:19+00:00","og_image":[{"width":600,"height":750,"url":"http:\/\/unaymilletras.com\/wp-content\/uploads\/2025\/04\/EXPORT-DYSTINCT-FRENCH-MONTANA-202-scaled-e1744999605585.jpg","type":"image\/jpeg"}],"author":"Redacci\u00f3n","twitter_card":"summary_large_image","twitter_creator":"@UnaYMilLetras","twitter_site":"@UnaYMilLetras","twitter_misc":{"Written by":"Redacci\u00f3n","Estimated reading time":"2 minutes"},"schema":{"@context":"https:\/\/schema.org","@graph":[{"@type":"Article","@id":"https:\/\/unaymilletras.com\/dystinct-lanza-ya-baba-junto-a-french-montana-primer-adelanto-de-su-tercer-album\/#article","isPartOf":{"@id":"https:\/\/unaymilletras.com\/dystinct-lanza-ya-baba-junto-a-french-montana-primer-adelanto-de-su-tercer-album\/"},"author":{"name":"Redacci\u00f3n","@id":"http:\/\/unaymilletras.com\/#\/schema\/person\/0860dc8a218329991ee2c7591f4f849d"},"headline":"DYSTINCT lanza \u201cYa Baba\u201d junto a French Montana, primer adelanto de su tercer \u00e1lbum","datePublished":"2025-04-18T18:07:49+00:00","dateModified":"2025-04-18T18:12:19+00:00","mainEntityOfPage":{"@id":"https:\/\/unaymilletras.com\/dystinct-lanza-ya-baba-junto-a-french-montana-primer-adelanto-de-su-tercer-album\/"},"wordCount":360,"publisher":{"@id":"http:\/\/unaymilletras.com\/#organization"},"image":{"@id":"https:\/\/unaymilletras.com\/dystinct-lanza-ya-baba-junto-a-french-montana-primer-adelanto-de-su-tercer-album\/#primaryimage"},"thumbnailUrl":"https:\/\/unaymilletras.com\/wp-content\/uploads\/2025\/04\/EXPORT-DYSTINCT-FRENCH-MONTANA-202-scaled-e1744999605585.jpg","articleSection":["M\u00fasica"],"inLanguage":"en-GB"},{"@type":"WebPage","@id":"https:\/\/unaymilletras.com\/dystinct-lanza-ya-baba-junto-a-french-montana-primer-adelanto-de-su-tercer-album\/","url":"https:\/\/unaymilletras.com\/dystinct-lanza-ya-baba-junto-a-french-montana-primer-adelanto-de-su-tercer-album\/","name":"DYSTINCT lanza \u201cYa Baba\u201d junto a French Montana, primer adelanto de su tercer \u00e1lbum","isPartOf":{"@id":"http:\/\/unaymilletras.com\/#website"},"primaryImageOfPage":{"@id":"https:\/\/unaymilletras.com\/dystinct-lanza-ya-baba-junto-a-french-montana-primer-adelanto-de-su-tercer-album\/#primaryimage"},"image":{"@id":"https:\/\/unaymilletras.com\/dystinct-lanza-ya-baba-junto-a-french-montana-primer-adelanto-de-su-tercer-album\/#primaryimage"},"thumbnailUrl":"https:\/\/unaymilletras.com\/wp-content\/uploads\/2025\/04\/EXPORT-DYSTINCT-FRENCH-MONTANA-202-scaled-e1744999605585.jpg","datePublished":"2025-04-18T18:07:49+00:00","dateModified":"2025-04-18T18:12:19+00:00","description":"La colaboraci\u00f3n de DYSTINCT une influencias marroqu\u00edes, afrobeat y letras multiling\u00fces en un potente retrato de \u00e9xito y ra\u00edces","breadcrumb":{"@id":"https:\/\/unaymilletras.com\/dystinct-lanza-ya-baba-junto-a-french-montana-primer-adelanto-de-su-tercer-album\/#breadcrumb"},"inLanguage":"en-GB","potentialAction":[{"@type":"ReadAction","target":["https:\/\/unaymilletras.com\/dystinct-lanza-ya-baba-junto-a-french-montana-primer-adelanto-de-su-tercer-album\/"]}]},{"@type":"ImageObject","inLanguage":"en-GB","@id":"https:\/\/unaymilletras.com\/dystinct-lanza-ya-baba-junto-a-french-montana-primer-adelanto-de-su-tercer-album\/#primaryimage","url":"https:\/\/unaymilletras.com\/wp-content\/uploads\/2025\/04\/EXPORT-DYSTINCT-FRENCH-MONTANA-202-scaled-e1744999605585.jpg","contentUrl":"https:\/\/unaymilletras.com\/wp-content\/uploads\/2025\/04\/EXPORT-DYSTINCT-FRENCH-MONTANA-202-scaled-e1744999605585.jpg","width":600,"height":750,"caption":"DYSTINCT"},{"@type":"BreadcrumbList","@id":"https:\/\/unaymilletras.com\/dystinct-lanza-ya-baba-junto-a-french-montana-primer-adelanto-de-su-tercer-album\/#breadcrumb","itemListElement":[{"@type":"ListItem","position":1,"name":"Home","item":"http:\/\/unaymilletras.com\/"},{"@type":"ListItem","position":2,"name":"DYSTINCT lanza \u201cYa Baba\u201d junto a French Montana, primer adelanto de su tercer \u00e1lbum"}]},{"@type":"WebSite","@id":"http:\/\/unaymilletras.com\/#website","url":"http:\/\/unaymilletras.com\/","name":"Una y Mil Letras","description":"","publisher":{"@id":"http:\/\/unaymilletras.com\/#organization"},"potentialAction":[{"@type":"SearchAction","target":{"@type":"EntryPoint","urlTemplate":"http:\/\/unaymilletras.com\/?s={search_term_string}"},"query-input":{"@type":"PropertyValueSpecification","valueRequired":true,"valueName":"search_term_string"}}],"inLanguage":"en-GB"},{"@type":"Organization","@id":"http:\/\/unaymilletras.com\/#organization","name":"Una y Mil Letras","url":"http:\/\/unaymilletras.com\/","logo":{"@type":"ImageObject","inLanguage":"en-GB","@id":"http:\/\/unaymilletras.com\/#\/schema\/logo\/image\/","url":"https:\/\/unaymilletras.com\/wp-content\/uploads\/2024\/06\/cropped-Logo-removebg-preview.png","contentUrl":"https:\/\/unaymilletras.com\/wp-content\/uploads\/2024\/06\/cropped-Logo-removebg-preview.png","width":512,"height":512,"caption":"Una y Mil Letras"},"image":{"@id":"http:\/\/unaymilletras.com\/#\/schema\/logo\/image\/"},"sameAs":["https:\/\/x.com\/UnaYMilLetras","https:\/\/instagram.com\/UnaYMilLetras"]},{"@type":"Person","@id":"http:\/\/unaymilletras.com\/#\/schema\/person\/0860dc8a218329991ee2c7591f4f849d","name":"Redacci\u00f3n","image":{"@type":"ImageObject","inLanguage":"en-GB","@id":"https:\/\/secure.gravatar.com\/avatar\/d8f55e05a8b6597e45c55a1dcbdbfe44f4a360d88b48e00de5216a79b7732796?s=96&d=mm&r=g","url":"https:\/\/secure.gravatar.com\/avatar\/d8f55e05a8b6597e45c55a1dcbdbfe44f4a360d88b48e00de5216a79b7732796?s=96&d=mm&r=g","contentUrl":"https:\/\/secure.gravatar.com\/avatar\/d8f55e05a8b6597e45c55a1dcbdbfe44f4a360d88b48e00de5216a79b7732796?s=96&d=mm&r=g","caption":"Redacci\u00f3n"},"url":"https:\/\/unaymilletras.com\/en\/author\/redaccion\/"}]}},"_links":{"self":[{"href":"https:\/\/unaymilletras.com\/en\/wp-json\/wp\/v2\/posts\/4432","targetHints":{"allow":["GET"]}}],"collection":[{"href":"https:\/\/unaymilletras.com\/en\/wp-json\/wp\/v2\/posts"}],"about":[{"href":"https:\/\/unaymilletras.com\/en\/wp-json\/wp\/v2\/types\/post"}],"author":[{"embeddable":true,"href":"https:\/\/unaymilletras.com\/en\/wp-json\/wp\/v2\/users\/6"}],"replies":[{"embeddable":true,"href":"https:\/\/unaymilletras.com\/en\/wp-json\/wp\/v2\/comments?post=4432"}],"version-history":[{"count":4,"href":"https:\/\/unaymilletras.com\/en\/wp-json\/wp\/v2\/posts\/4432\/revisions"}],"predecessor-version":[{"id":4438,"href":"https:\/\/unaymilletras.com\/en\/wp-json\/wp\/v2\/posts\/4432\/revisions\/4438"}],"wp:featuredmedia":[{"embeddable":true,"href":"https:\/\/unaymilletras.com\/en\/wp-json\/wp\/v2\/media\/4435"}],"wp:attachment":[{"href":"https:\/\/unaymilletras.com\/en\/wp-json\/wp\/v2\/media?parent=4432"}],"wp:term":[{"taxonomy":"category","embeddable":true,"href":"https:\/\/unaymilletras.com\/en\/wp-json\/wp\/v2\/categories?post=4432"},{"taxonomy":"post_tag","embeddable":true,"href":"https:\/\/unaymilletras.com\/en\/wp-json\/wp\/v2\/tags?post=4432"}],"curies":[{"name":"wp","href":"https:\/\/api.w.org\/{rel}","templated":true}]}}