{"id":4442,"date":"2025-04-26T15:08:47","date_gmt":"2025-04-26T13:08:47","guid":{"rendered":"https:\/\/unaymilletras.com\/?p=4442"},"modified":"2025-04-28T12:21:16","modified_gmt":"2025-04-28T10:21:16","slug":"antonio-orozco-lanza-el-tiempo-no-es-oro-el-disco-mas-personal-de-su-carrera","status":"publish","type":"post","link":"https:\/\/unaymilletras.com\/en\/antonio-orozco-lanza-el-tiempo-no-es-oro-el-disco-mas-personal-de-su-carrera\/","title":{"rendered":"Antonio Orozco lanza \u201cEl tiempo no es oro\u201d, el disco m\u00e1s personal de su carrera"},"content":{"rendered":"<div data-elementor-type=\"wp-post\" data-elementor-id=\"4442\" class=\"elementor elementor-4442\">\n\t\t\t\t\t\t<section class=\"elementor-section elementor-top-section elementor-element elementor-element-7dd0f62 elementor-section-boxed elementor-section-height-default elementor-section-height-default\" data-id=\"7dd0f62\" data-element_type=\"section\" data-e-type=\"section\">\n\t\t\t\t\t\t<div class=\"elementor-container elementor-column-gap-default\">\n\t\t\t\t\t<div class=\"elementor-column elementor-col-100 elementor-top-column elementor-element elementor-element-3456f40\" data-id=\"3456f40\" data-element_type=\"column\" data-e-type=\"column\">\n\t\t\t<div class=\"elementor-widget-wrap elementor-element-populated\">\n\t\t\t\t\t\t<div class=\"elementor-element elementor-element-5863d99 elementor-widget elementor-widget-text-editor\" data-id=\"5863d99\" data-element_type=\"widget\" data-e-type=\"widget\" data-widget_type=\"text-editor.default\">\n\t\t\t\t<div class=\"elementor-widget-container\">\n\t\t\t\t\t\t\t\t\t<h2 style=\"text-align: center;\"><span style=\"color: #808080;\"><em>Antonio Orozco reflexiona sobre el valor del tiempo con trece canciones \u00edntimas que presentar\u00e1 en una gira por toda Espa\u00f1a<\/em><\/span><\/h2>\t\t\t\t\t\t\t\t<\/div>\n\t\t\t\t<\/div>\n\t\t\t\t\t<\/div>\n\t\t<\/div>\n\t\t\t\t\t<\/div>\n\t\t<\/section>\n\t\t\t\t<section class=\"elementor-section elementor-top-section elementor-element elementor-element-84f6398 elementor-section-boxed elementor-section-height-default elementor-section-height-default\" data-id=\"84f6398\" data-element_type=\"section\" data-e-type=\"section\">\n\t\t\t\t\t\t<div class=\"elementor-container elementor-column-gap-default\">\n\t\t\t\t\t<div class=\"elementor-column elementor-col-100 elementor-top-column elementor-element elementor-element-00bbb54\" data-id=\"00bbb54\" data-element_type=\"column\" data-e-type=\"column\">\n\t\t\t<div class=\"elementor-widget-wrap elementor-element-populated\">\n\t\t\t\t\t\t<div class=\"elementor-element elementor-element-6daf42a elementor-widget elementor-widget-text-editor\" data-id=\"6daf42a\" data-element_type=\"widget\" data-e-type=\"widget\" data-widget_type=\"text-editor.default\">\n\t\t\t\t<div class=\"elementor-widget-container\">\n\t\t\t\t\t\t\t\t\t<p class=\"\" data-start=\"225\" data-end=\"496\"><strong data-start=\"225\" data-end=\"243\">Antonio Orozco<\/strong> acaba de publicar <em><strong data-start=\"262\" data-end=\"287\">El tiempo no es oro<\/strong><\/em>, un \u00e1lbum que \u00e9l mismo define como <strong data-start=\"323\" data-end=\"348\">\u00abel mejor de su vida\u00bb<\/strong>. M\u00e1s que un conjunto de canciones, este trabajo representa una profunda declaraci\u00f3n sobre lo esencial, lo intangible y lo verdaderamente valioso.<\/p><p class=\"\" data-start=\"498\" data-end=\"764\">Con trece temas in\u00e9ditos, entre los que destacan t\u00edtulos como <em><strong data-start=\"560\" data-end=\"615\">Te juro que no hay un segundo que no piense en ti<\/strong><\/em>, <em><strong data-start=\"617\" data-end=\"642\">Te estaba esperando<\/strong><\/em> o <em><strong data-start=\"645\" data-end=\"664\">Lo inevitable<\/strong><\/em>, Orozco abre su coraz\u00f3n y construye un relato sincero, lleno de emociones y vivencias personales.<\/p>\t\t\t\t\t\t\t\t<\/div>\n\t\t\t\t<\/div>\n\t\t\t\t\t<\/div>\n\t\t<\/div>\n\t\t\t\t\t<\/div>\n\t\t<\/section>\n\t\t\t\t<section class=\"elementor-section elementor-top-section elementor-element elementor-element-051e3ca elementor-section-boxed elementor-section-height-default elementor-section-height-default\" data-id=\"051e3ca\" data-element_type=\"section\" data-e-type=\"section\">\n\t\t\t\t\t\t<div class=\"elementor-container elementor-column-gap-default\">\n\t\t\t\t\t<div class=\"elementor-column elementor-col-100 elementor-top-column elementor-element elementor-element-6095261\" data-id=\"6095261\" data-element_type=\"column\" data-e-type=\"column\">\n\t\t\t<div class=\"elementor-widget-wrap elementor-element-populated\">\n\t\t\t\t\t\t<div class=\"elementor-element elementor-element-e49107b elementor-widget elementor-widget-video\" data-id=\"e49107b\" data-element_type=\"widget\" data-e-type=\"widget\" data-settings=\"{&quot;youtube_url&quot;:&quot;https:\\\/\\\/www.youtube.com\\\/watch?v=k7rUgrbL0GI&amp;ab_channel=AntonioOrozcoVEVO&quot;,&quot;video_type&quot;:&quot;youtube&quot;,&quot;controls&quot;:&quot;yes&quot;}\" data-widget_type=\"video.default\">\n\t\t\t\t<div class=\"elementor-widget-container\">\n\t\t\t\t\t\t\t<div class=\"elementor-wrapper elementor-open-inline\">\n\t\t\t<div class=\"elementor-video\"><\/div>\t\t<\/div>\n\t\t\t\t\t\t<\/div>\n\t\t\t\t<\/div>\n\t\t\t\t\t<\/div>\n\t\t<\/div>\n\t\t\t\t\t<\/div>\n\t\t<\/section>\n\t\t\t\t<section class=\"elementor-section elementor-top-section elementor-element elementor-element-ac3155f elementor-section-boxed elementor-section-height-default elementor-section-height-default\" data-id=\"ac3155f\" data-element_type=\"section\" data-e-type=\"section\">\n\t\t\t\t\t\t<div class=\"elementor-container elementor-column-gap-default\">\n\t\t\t\t\t<div class=\"elementor-column elementor-col-100 elementor-top-column elementor-element elementor-element-048f286\" data-id=\"048f286\" data-element_type=\"column\" data-e-type=\"column\">\n\t\t\t<div class=\"elementor-widget-wrap elementor-element-populated\">\n\t\t\t\t\t\t<div class=\"elementor-element elementor-element-62995e0 elementor-widget elementor-widget-text-editor\" data-id=\"62995e0\" data-element_type=\"widget\" data-e-type=\"widget\" data-widget_type=\"text-editor.default\">\n\t\t\t\t<div class=\"elementor-widget-container\">\n\t\t\t\t\t\t\t\t\t<p class=\"\" data-start=\"766\" data-end=\"1117\">El disco nace con una intenci\u00f3n clara: <strong data-start=\"805\" data-end=\"851\">cuestionar la idea de que el tiempo es oro<\/strong>. Para Orozco, el tiempo va mucho m\u00e1s all\u00e1. Es vida, es aprendizaje, es memoria. \u00abYa le gustar\u00eda al oro ser tiempo\u00bb, afirma. Y a\u00f1ade: \u00abSi pudiese pedir un deseo, pedir\u00eda m\u00e1s tiempo: para aprender, para compartir, para vivir, para parar\u2026 y sobre todo, para seguir\u00bb.<\/p><p class=\"\" data-start=\"1119\" data-end=\"1457\">En un contexto en el que la velocidad parece marcar cada aspecto de la vida, el artista lanza tambi\u00e9n una cr\u00edtica al ritmo fren\u00e9tico que nos aleja del presente. \u00abEste \u00e1lbum es mi nuevo sistema operativo\u00bb, explica. \u00abElimina errores que d\u00e1bamos por hechos. Es la verdad que nunca contamos, lo que siempre olvidamos, lo que tanto temimos\u00bb.<\/p>\t\t\t\t\t\t\t\t<\/div>\n\t\t\t\t<\/div>\n\t\t\t\t\t<\/div>\n\t\t<\/div>\n\t\t\t\t\t<\/div>\n\t\t<\/section>\n\t\t\t\t<section class=\"elementor-section elementor-top-section elementor-element elementor-element-9de2b33 elementor-section-boxed elementor-section-height-default elementor-section-height-default\" data-id=\"9de2b33\" data-element_type=\"section\" data-e-type=\"section\">\n\t\t\t\t\t\t<div class=\"elementor-container elementor-column-gap-default\">\n\t\t\t\t\t<div class=\"elementor-column elementor-col-50 elementor-top-column elementor-element elementor-element-be49468\" data-id=\"be49468\" data-element_type=\"column\" data-e-type=\"column\">\n\t\t\t<div class=\"elementor-widget-wrap elementor-element-populated\">\n\t\t\t\t\t\t<div class=\"elementor-element elementor-element-e5dc46b elementor-widget elementor-widget-image\" data-id=\"e5dc46b\" data-element_type=\"widget\" data-e-type=\"widget\" data-widget_type=\"image.default\">\n\t\t\t\t<div class=\"elementor-widget-container\">\n\t\t\t\t\t\t\t\t\t\t\t\t\t\t\t<img fetchpriority=\"high\" decoding=\"async\" width=\"640\" height=\"640\" src=\"https:\/\/unaymilletras.com\/wp-content\/uploads\/2025\/04\/w660_1243293_ao-portada-fina.jpg\" class=\"attachment-large size-large wp-image-4444\" alt=\"Antonio Orozco\" srcset=\"https:\/\/unaymilletras.com\/wp-content\/uploads\/2025\/04\/w660_1243293_ao-portada-fina.jpg 660w, https:\/\/unaymilletras.com\/wp-content\/uploads\/2025\/04\/w660_1243293_ao-portada-fina-300x300.jpg 300w, https:\/\/unaymilletras.com\/wp-content\/uploads\/2025\/04\/w660_1243293_ao-portada-fina-150x150.jpg 150w, https:\/\/unaymilletras.com\/wp-content\/uploads\/2025\/04\/w660_1243293_ao-portada-fina-12x12.jpg 12w\" sizes=\"(max-width: 640px) 100vw, 640px\" \/>\t\t\t\t\t\t\t\t\t\t\t\t\t\t\t<\/div>\n\t\t\t\t<\/div>\n\t\t\t\t\t<\/div>\n\t\t<\/div>\n\t\t\t\t<div class=\"elementor-column elementor-col-50 elementor-top-column elementor-element elementor-element-579c536\" data-id=\"579c536\" data-element_type=\"column\" data-e-type=\"column\">\n\t\t\t<div class=\"elementor-widget-wrap elementor-element-populated\">\n\t\t\t\t\t\t<div class=\"elementor-element elementor-element-b249a82 elementor-widget elementor-widget-image\" data-id=\"b249a82\" data-element_type=\"widget\" data-e-type=\"widget\" data-widget_type=\"image.default\">\n\t\t\t\t<div class=\"elementor-widget-container\">\n\t\t\t\t\t\t\t\t\t\t\t\t\t\t\t<img decoding=\"async\" width=\"640\" height=\"640\" src=\"https:\/\/unaymilletras.com\/wp-content\/uploads\/2025\/04\/w660_1248711_orozco_gira_post_10.jpg\" class=\"attachment-large size-large wp-image-4445\" alt=\"Antonio Orozco\" srcset=\"https:\/\/unaymilletras.com\/wp-content\/uploads\/2025\/04\/w660_1248711_orozco_gira_post_10.jpg 660w, https:\/\/unaymilletras.com\/wp-content\/uploads\/2025\/04\/w660_1248711_orozco_gira_post_10-300x300.jpg 300w, https:\/\/unaymilletras.com\/wp-content\/uploads\/2025\/04\/w660_1248711_orozco_gira_post_10-150x150.jpg 150w, https:\/\/unaymilletras.com\/wp-content\/uploads\/2025\/04\/w660_1248711_orozco_gira_post_10-12x12.jpg 12w\" sizes=\"(max-width: 640px) 100vw, 640px\" \/>\t\t\t\t\t\t\t\t\t\t\t\t\t\t\t<\/div>\n\t\t\t\t<\/div>\n\t\t\t\t\t<\/div>\n\t\t<\/div>\n\t\t\t\t\t<\/div>\n\t\t<\/section>\n\t\t\t\t<section class=\"elementor-section elementor-top-section elementor-element elementor-element-4307543 elementor-section-boxed elementor-section-height-default elementor-section-height-default\" data-id=\"4307543\" data-element_type=\"section\" data-e-type=\"section\">\n\t\t\t\t\t\t<div class=\"elementor-container elementor-column-gap-default\">\n\t\t\t\t\t<div class=\"elementor-column elementor-col-100 elementor-top-column elementor-element elementor-element-4f6cfbd\" data-id=\"4f6cfbd\" data-element_type=\"column\" data-e-type=\"column\">\n\t\t\t<div class=\"elementor-widget-wrap elementor-element-populated\">\n\t\t\t\t\t\t<div class=\"elementor-element elementor-element-00cb65a elementor-widget elementor-widget-text-editor\" data-id=\"00cb65a\" data-element_type=\"widget\" data-e-type=\"widget\" data-widget_type=\"text-editor.default\">\n\t\t\t\t<div class=\"elementor-widget-container\">\n\t\t\t\t\t\t\t\t\t<p class=\"\" data-start=\"1459\" data-end=\"1755\">Para celebrar el lanzamiento, Orozco present\u00f3 el disco en la <strong data-start=\"1520\" data-end=\"1552\">Galer\u00eda de Arte David Bard\u00eda<\/strong>, acompa\u00f1ado por una exposici\u00f3n del artista <strong data-start=\"1596\" data-end=\"1610\">Pepe Baena<\/strong>, donde cada canci\u00f3n fue interpretada como una obra visual. Una fusi\u00f3n entre m\u00fasica y arte que refuerza el car\u00e1cter introspectivo del proyecto.<\/p><p class=\"\" data-start=\"1757\" data-end=\"2031\">El \u00e1lbum ya est\u00e1 disponible en diferentes formatos f\u00edsicos, y se convertir\u00e1 en el eje central de <strong data-start=\"1854\" data-end=\"1878\"><i>La gira de mi vida<\/i><\/strong>, que recorrer\u00e1 25 ciudades espa\u00f1olas. La <span style=\"color: #808080;\"><a style=\"color: #808080;\" href=\"https:\/\/unaymilletras.com\/en\/antonio-orozco-enciende-la-noche-en-el-cierre-de-santalucia-universal-music-week\/\">gira<\/a><\/span> comenzar\u00e1 el <strong data-start=\"1938\" data-end=\"1962\">5 de junio en M\u00e9rida<\/strong> y concluir\u00e1 el <strong data-start=\"1978\" data-end=\"2028\">10 de diciembre en el Movistar Arena de Madrid<\/strong>.<\/p><p class=\"\" data-start=\"2033\" data-end=\"2276\">Con este nuevo trabajo, <strong data-start=\"2057\" data-end=\"2075\">Antonio Orozco<\/strong> no solo reafirma su madurez art\u00edstica, sino que invita al p\u00fablico a detenerse, mirar hacia dentro y valorar lo que realmente importa. Porque, como \u00e9l dice, \u201c<strong data-start=\"2233\" data-end=\"2274\">el tiempo no es oro, es much\u00edsimo m\u00e1s<\/strong>\u201d.<\/p>\t\t\t\t\t\t\t\t<\/div>\n\t\t\t\t<\/div>\n\t\t\t\t\t<\/div>\n\t\t<\/div>\n\t\t\t\t\t<\/div>\n\t\t<\/section>\n\t\t\t\t<\/div>","protected":false},"excerpt":{"rendered":"<p>Antonio Orozco reflexiona sobre el valor del tiempo con trece canciones \u00edntimas que presentar\u00e1 en una gira por toda Espa\u00f1a Antonio Orozco acaba de publicar El tiempo no es oro, un \u00e1lbum que \u00e9l mismo define como \u00abel mejor de su vida\u00bb. M\u00e1s que un conjunto de canciones, este trabajo representa una profunda declaraci\u00f3n sobre [&hellip;]<\/p>\n","protected":false},"author":6,"featured_media":4444,"comment_status":"closed","ping_status":"closed","sticky":false,"template":"","format":"standard","meta":{"footnotes":""},"categories":[4],"tags":[],"class_list":["post-4442","post","type-post","status-publish","format-standard","has-post-thumbnail","hentry","category-musica"],"yoast_head":"<!-- This site is optimized with the Yoast SEO plugin v27.4 - https:\/\/yoast.com\/product\/yoast-seo-wordpress\/ -->\n<title>Antonio Orozco lanza \u201cEl tiempo no es oro\u201d, el disco m\u00e1s personal de su carrera<\/title>\n<meta name=\"description\" content=\"Antonio Orozco reflexiona sobre el valor del tiempo con trece canciones \u00edntimas que presentar\u00e1 en una gira por toda Espa\u00f1a\" \/>\n<meta name=\"robots\" content=\"index, follow, max-snippet:-1, max-image-preview:large, max-video-preview:-1\" \/>\n<link rel=\"canonical\" href=\"https:\/\/unaymilletras.com\/en\/antonio-orozco-lanza-el-tiempo-no-es-oro-el-disco-mas-personal-de-su-carrera\/\" \/>\n<meta property=\"og:locale\" content=\"en_GB\" \/>\n<meta property=\"og:type\" content=\"article\" \/>\n<meta property=\"og:title\" content=\"Antonio Orozco lanza \u201cEl tiempo no es oro\u201d, el disco m\u00e1s personal de su carrera\" \/>\n<meta property=\"og:description\" content=\"Antonio Orozco reflexiona sobre el valor del tiempo con trece canciones \u00edntimas que presentar\u00e1 en una gira por toda Espa\u00f1a\" \/>\n<meta property=\"og:url\" content=\"https:\/\/unaymilletras.com\/en\/antonio-orozco-lanza-el-tiempo-no-es-oro-el-disco-mas-personal-de-su-carrera\/\" \/>\n<meta property=\"og:site_name\" content=\"Una y Mil Letras\" \/>\n<meta property=\"article:published_time\" content=\"2025-04-26T13:08:47+00:00\" \/>\n<meta property=\"article:modified_time\" content=\"2025-04-28T10:21:16+00:00\" \/>\n<meta property=\"og:image\" content=\"http:\/\/unaymilletras.com\/wp-content\/uploads\/2025\/04\/w660_1243293_ao-portada-fina.jpg\" \/>\n\t<meta property=\"og:image:width\" content=\"660\" \/>\n\t<meta property=\"og:image:height\" content=\"660\" \/>\n\t<meta property=\"og:image:type\" content=\"image\/jpeg\" \/>\n<meta name=\"author\" content=\"Redacci\u00f3n\" \/>\n<meta name=\"twitter:card\" content=\"summary_large_image\" \/>\n<meta name=\"twitter:creator\" content=\"@UnaYMilLetras\" \/>\n<meta name=\"twitter:site\" content=\"@UnaYMilLetras\" \/>\n<meta name=\"twitter:label1\" content=\"Written by\" \/>\n\t<meta name=\"twitter:data1\" content=\"Redacci\u00f3n\" \/>\n\t<meta name=\"twitter:label2\" content=\"Estimated reading time\" \/>\n\t<meta name=\"twitter:data2\" content=\"3 minutes\" \/>\n<script type=\"application\/ld+json\" class=\"yoast-schema-graph\">{\"@context\":\"https:\\\/\\\/schema.org\",\"@graph\":[{\"@type\":\"Article\",\"@id\":\"https:\\\/\\\/unaymilletras.com\\\/antonio-orozco-lanza-el-tiempo-no-es-oro-el-disco-mas-personal-de-su-carrera\\\/#article\",\"isPartOf\":{\"@id\":\"https:\\\/\\\/unaymilletras.com\\\/antonio-orozco-lanza-el-tiempo-no-es-oro-el-disco-mas-personal-de-su-carrera\\\/\"},\"author\":{\"name\":\"Redacci\u00f3n\",\"@id\":\"http:\\\/\\\/unaymilletras.com\\\/#\\\/schema\\\/person\\\/0860dc8a218329991ee2c7591f4f849d\"},\"headline\":\"Antonio Orozco lanza \u201cEl tiempo no es oro\u201d, el disco m\u00e1s personal de su carrera\",\"datePublished\":\"2025-04-26T13:08:47+00:00\",\"dateModified\":\"2025-04-28T10:21:16+00:00\",\"mainEntityOfPage\":{\"@id\":\"https:\\\/\\\/unaymilletras.com\\\/antonio-orozco-lanza-el-tiempo-no-es-oro-el-disco-mas-personal-de-su-carrera\\\/\"},\"wordCount\":412,\"publisher\":{\"@id\":\"http:\\\/\\\/unaymilletras.com\\\/#organization\"},\"image\":{\"@id\":\"https:\\\/\\\/unaymilletras.com\\\/antonio-orozco-lanza-el-tiempo-no-es-oro-el-disco-mas-personal-de-su-carrera\\\/#primaryimage\"},\"thumbnailUrl\":\"https:\\\/\\\/unaymilletras.com\\\/wp-content\\\/uploads\\\/2025\\\/04\\\/w660_1243293_ao-portada-fina.jpg\",\"articleSection\":[\"M\u00fasica\"],\"inLanguage\":\"en-GB\"},{\"@type\":\"WebPage\",\"@id\":\"https:\\\/\\\/unaymilletras.com\\\/antonio-orozco-lanza-el-tiempo-no-es-oro-el-disco-mas-personal-de-su-carrera\\\/\",\"url\":\"https:\\\/\\\/unaymilletras.com\\\/antonio-orozco-lanza-el-tiempo-no-es-oro-el-disco-mas-personal-de-su-carrera\\\/\",\"name\":\"Antonio Orozco lanza \u201cEl tiempo no es oro\u201d, el disco m\u00e1s personal de su carrera\",\"isPartOf\":{\"@id\":\"http:\\\/\\\/unaymilletras.com\\\/#website\"},\"primaryImageOfPage\":{\"@id\":\"https:\\\/\\\/unaymilletras.com\\\/antonio-orozco-lanza-el-tiempo-no-es-oro-el-disco-mas-personal-de-su-carrera\\\/#primaryimage\"},\"image\":{\"@id\":\"https:\\\/\\\/unaymilletras.com\\\/antonio-orozco-lanza-el-tiempo-no-es-oro-el-disco-mas-personal-de-su-carrera\\\/#primaryimage\"},\"thumbnailUrl\":\"https:\\\/\\\/unaymilletras.com\\\/wp-content\\\/uploads\\\/2025\\\/04\\\/w660_1243293_ao-portada-fina.jpg\",\"datePublished\":\"2025-04-26T13:08:47+00:00\",\"dateModified\":\"2025-04-28T10:21:16+00:00\",\"description\":\"Antonio Orozco reflexiona sobre el valor del tiempo con trece canciones \u00edntimas que presentar\u00e1 en una gira por toda Espa\u00f1a\",\"breadcrumb\":{\"@id\":\"https:\\\/\\\/unaymilletras.com\\\/antonio-orozco-lanza-el-tiempo-no-es-oro-el-disco-mas-personal-de-su-carrera\\\/#breadcrumb\"},\"inLanguage\":\"en-GB\",\"potentialAction\":[{\"@type\":\"ReadAction\",\"target\":[\"https:\\\/\\\/unaymilletras.com\\\/antonio-orozco-lanza-el-tiempo-no-es-oro-el-disco-mas-personal-de-su-carrera\\\/\"]}]},{\"@type\":\"ImageObject\",\"inLanguage\":\"en-GB\",\"@id\":\"https:\\\/\\\/unaymilletras.com\\\/antonio-orozco-lanza-el-tiempo-no-es-oro-el-disco-mas-personal-de-su-carrera\\\/#primaryimage\",\"url\":\"https:\\\/\\\/unaymilletras.com\\\/wp-content\\\/uploads\\\/2025\\\/04\\\/w660_1243293_ao-portada-fina.jpg\",\"contentUrl\":\"https:\\\/\\\/unaymilletras.com\\\/wp-content\\\/uploads\\\/2025\\\/04\\\/w660_1243293_ao-portada-fina.jpg\",\"width\":660,\"height\":660,\"caption\":\"Antonio Orozco\"},{\"@type\":\"BreadcrumbList\",\"@id\":\"https:\\\/\\\/unaymilletras.com\\\/antonio-orozco-lanza-el-tiempo-no-es-oro-el-disco-mas-personal-de-su-carrera\\\/#breadcrumb\",\"itemListElement\":[{\"@type\":\"ListItem\",\"position\":1,\"name\":\"Home\",\"item\":\"http:\\\/\\\/unaymilletras.com\\\/\"},{\"@type\":\"ListItem\",\"position\":2,\"name\":\"Antonio Orozco lanza \u201cEl tiempo no es oro\u201d, el disco m\u00e1s personal de su carrera\"}]},{\"@type\":\"WebSite\",\"@id\":\"http:\\\/\\\/unaymilletras.com\\\/#website\",\"url\":\"http:\\\/\\\/unaymilletras.com\\\/\",\"name\":\"Una y Mil Letras\",\"description\":\"\",\"publisher\":{\"@id\":\"http:\\\/\\\/unaymilletras.com\\\/#organization\"},\"potentialAction\":[{\"@type\":\"SearchAction\",\"target\":{\"@type\":\"EntryPoint\",\"urlTemplate\":\"http:\\\/\\\/unaymilletras.com\\\/?s={search_term_string}\"},\"query-input\":{\"@type\":\"PropertyValueSpecification\",\"valueRequired\":true,\"valueName\":\"search_term_string\"}}],\"inLanguage\":\"en-GB\"},{\"@type\":\"Organization\",\"@id\":\"http:\\\/\\\/unaymilletras.com\\\/#organization\",\"name\":\"Una y Mil Letras\",\"url\":\"http:\\\/\\\/unaymilletras.com\\\/\",\"logo\":{\"@type\":\"ImageObject\",\"inLanguage\":\"en-GB\",\"@id\":\"http:\\\/\\\/unaymilletras.com\\\/#\\\/schema\\\/logo\\\/image\\\/\",\"url\":\"https:\\\/\\\/unaymilletras.com\\\/wp-content\\\/uploads\\\/2024\\\/06\\\/cropped-Logo-removebg-preview.png\",\"contentUrl\":\"https:\\\/\\\/unaymilletras.com\\\/wp-content\\\/uploads\\\/2024\\\/06\\\/cropped-Logo-removebg-preview.png\",\"width\":512,\"height\":512,\"caption\":\"Una y Mil Letras\"},\"image\":{\"@id\":\"http:\\\/\\\/unaymilletras.com\\\/#\\\/schema\\\/logo\\\/image\\\/\"},\"sameAs\":[\"https:\\\/\\\/x.com\\\/UnaYMilLetras\",\"https:\\\/\\\/instagram.com\\\/UnaYMilLetras\"]},{\"@type\":\"Person\",\"@id\":\"http:\\\/\\\/unaymilletras.com\\\/#\\\/schema\\\/person\\\/0860dc8a218329991ee2c7591f4f849d\",\"name\":\"Redacci\u00f3n\",\"image\":{\"@type\":\"ImageObject\",\"inLanguage\":\"en-GB\",\"@id\":\"https:\\\/\\\/secure.gravatar.com\\\/avatar\\\/d8f55e05a8b6597e45c55a1dcbdbfe44f4a360d88b48e00de5216a79b7732796?s=96&d=mm&r=g\",\"url\":\"https:\\\/\\\/secure.gravatar.com\\\/avatar\\\/d8f55e05a8b6597e45c55a1dcbdbfe44f4a360d88b48e00de5216a79b7732796?s=96&d=mm&r=g\",\"contentUrl\":\"https:\\\/\\\/secure.gravatar.com\\\/avatar\\\/d8f55e05a8b6597e45c55a1dcbdbfe44f4a360d88b48e00de5216a79b7732796?s=96&d=mm&r=g\",\"caption\":\"Redacci\u00f3n\"},\"url\":\"https:\\\/\\\/unaymilletras.com\\\/en\\\/author\\\/redaccion\\\/\"}]}<\/script>\n<!-- \/ Yoast SEO plugin. -->","yoast_head_json":{"title":"Antonio Orozco lanza \u201cEl tiempo no es oro\u201d, el disco m\u00e1s personal de su carrera","description":"Antonio Orozco reflexiona sobre el valor del tiempo con trece canciones \u00edntimas que presentar\u00e1 en una gira por toda Espa\u00f1a","robots":{"index":"index","follow":"follow","max-snippet":"max-snippet:-1","max-image-preview":"max-image-preview:large","max-video-preview":"max-video-preview:-1"},"canonical":"https:\/\/unaymilletras.com\/en\/antonio-orozco-lanza-el-tiempo-no-es-oro-el-disco-mas-personal-de-su-carrera\/","og_locale":"en_GB","og_type":"article","og_title":"Antonio Orozco lanza \u201cEl tiempo no es oro\u201d, el disco m\u00e1s personal de su carrera","og_description":"Antonio Orozco reflexiona sobre el valor del tiempo con trece canciones \u00edntimas que presentar\u00e1 en una gira por toda Espa\u00f1a","og_url":"https:\/\/unaymilletras.com\/en\/antonio-orozco-lanza-el-tiempo-no-es-oro-el-disco-mas-personal-de-su-carrera\/","og_site_name":"Una y Mil Letras","article_published_time":"2025-04-26T13:08:47+00:00","article_modified_time":"2025-04-28T10:21:16+00:00","og_image":[{"width":660,"height":660,"url":"http:\/\/unaymilletras.com\/wp-content\/uploads\/2025\/04\/w660_1243293_ao-portada-fina.jpg","type":"image\/jpeg"}],"author":"Redacci\u00f3n","twitter_card":"summary_large_image","twitter_creator":"@UnaYMilLetras","twitter_site":"@UnaYMilLetras","twitter_misc":{"Written by":"Redacci\u00f3n","Estimated reading time":"3 minutes"},"schema":{"@context":"https:\/\/schema.org","@graph":[{"@type":"Article","@id":"https:\/\/unaymilletras.com\/antonio-orozco-lanza-el-tiempo-no-es-oro-el-disco-mas-personal-de-su-carrera\/#article","isPartOf":{"@id":"https:\/\/unaymilletras.com\/antonio-orozco-lanza-el-tiempo-no-es-oro-el-disco-mas-personal-de-su-carrera\/"},"author":{"name":"Redacci\u00f3n","@id":"http:\/\/unaymilletras.com\/#\/schema\/person\/0860dc8a218329991ee2c7591f4f849d"},"headline":"Antonio Orozco lanza \u201cEl tiempo no es oro\u201d, el disco m\u00e1s personal de su carrera","datePublished":"2025-04-26T13:08:47+00:00","dateModified":"2025-04-28T10:21:16+00:00","mainEntityOfPage":{"@id":"https:\/\/unaymilletras.com\/antonio-orozco-lanza-el-tiempo-no-es-oro-el-disco-mas-personal-de-su-carrera\/"},"wordCount":412,"publisher":{"@id":"http:\/\/unaymilletras.com\/#organization"},"image":{"@id":"https:\/\/unaymilletras.com\/antonio-orozco-lanza-el-tiempo-no-es-oro-el-disco-mas-personal-de-su-carrera\/#primaryimage"},"thumbnailUrl":"https:\/\/unaymilletras.com\/wp-content\/uploads\/2025\/04\/w660_1243293_ao-portada-fina.jpg","articleSection":["M\u00fasica"],"inLanguage":"en-GB"},{"@type":"WebPage","@id":"https:\/\/unaymilletras.com\/antonio-orozco-lanza-el-tiempo-no-es-oro-el-disco-mas-personal-de-su-carrera\/","url":"https:\/\/unaymilletras.com\/antonio-orozco-lanza-el-tiempo-no-es-oro-el-disco-mas-personal-de-su-carrera\/","name":"Antonio Orozco lanza \u201cEl tiempo no es oro\u201d, el disco m\u00e1s personal de su carrera","isPartOf":{"@id":"http:\/\/unaymilletras.com\/#website"},"primaryImageOfPage":{"@id":"https:\/\/unaymilletras.com\/antonio-orozco-lanza-el-tiempo-no-es-oro-el-disco-mas-personal-de-su-carrera\/#primaryimage"},"image":{"@id":"https:\/\/unaymilletras.com\/antonio-orozco-lanza-el-tiempo-no-es-oro-el-disco-mas-personal-de-su-carrera\/#primaryimage"},"thumbnailUrl":"https:\/\/unaymilletras.com\/wp-content\/uploads\/2025\/04\/w660_1243293_ao-portada-fina.jpg","datePublished":"2025-04-26T13:08:47+00:00","dateModified":"2025-04-28T10:21:16+00:00","description":"Antonio Orozco reflexiona sobre el valor del tiempo con trece canciones \u00edntimas que presentar\u00e1 en una gira por toda Espa\u00f1a","breadcrumb":{"@id":"https:\/\/unaymilletras.com\/antonio-orozco-lanza-el-tiempo-no-es-oro-el-disco-mas-personal-de-su-carrera\/#breadcrumb"},"inLanguage":"en-GB","potentialAction":[{"@type":"ReadAction","target":["https:\/\/unaymilletras.com\/antonio-orozco-lanza-el-tiempo-no-es-oro-el-disco-mas-personal-de-su-carrera\/"]}]},{"@type":"ImageObject","inLanguage":"en-GB","@id":"https:\/\/unaymilletras.com\/antonio-orozco-lanza-el-tiempo-no-es-oro-el-disco-mas-personal-de-su-carrera\/#primaryimage","url":"https:\/\/unaymilletras.com\/wp-content\/uploads\/2025\/04\/w660_1243293_ao-portada-fina.jpg","contentUrl":"https:\/\/unaymilletras.com\/wp-content\/uploads\/2025\/04\/w660_1243293_ao-portada-fina.jpg","width":660,"height":660,"caption":"Antonio Orozco"},{"@type":"BreadcrumbList","@id":"https:\/\/unaymilletras.com\/antonio-orozco-lanza-el-tiempo-no-es-oro-el-disco-mas-personal-de-su-carrera\/#breadcrumb","itemListElement":[{"@type":"ListItem","position":1,"name":"Home","item":"http:\/\/unaymilletras.com\/"},{"@type":"ListItem","position":2,"name":"Antonio Orozco lanza \u201cEl tiempo no es oro\u201d, el disco m\u00e1s personal de su carrera"}]},{"@type":"WebSite","@id":"http:\/\/unaymilletras.com\/#website","url":"http:\/\/unaymilletras.com\/","name":"Una y Mil Letras","description":"","publisher":{"@id":"http:\/\/unaymilletras.com\/#organization"},"potentialAction":[{"@type":"SearchAction","target":{"@type":"EntryPoint","urlTemplate":"http:\/\/unaymilletras.com\/?s={search_term_string}"},"query-input":{"@type":"PropertyValueSpecification","valueRequired":true,"valueName":"search_term_string"}}],"inLanguage":"en-GB"},{"@type":"Organization","@id":"http:\/\/unaymilletras.com\/#organization","name":"Una y Mil Letras","url":"http:\/\/unaymilletras.com\/","logo":{"@type":"ImageObject","inLanguage":"en-GB","@id":"http:\/\/unaymilletras.com\/#\/schema\/logo\/image\/","url":"https:\/\/unaymilletras.com\/wp-content\/uploads\/2024\/06\/cropped-Logo-removebg-preview.png","contentUrl":"https:\/\/unaymilletras.com\/wp-content\/uploads\/2024\/06\/cropped-Logo-removebg-preview.png","width":512,"height":512,"caption":"Una y Mil Letras"},"image":{"@id":"http:\/\/unaymilletras.com\/#\/schema\/logo\/image\/"},"sameAs":["https:\/\/x.com\/UnaYMilLetras","https:\/\/instagram.com\/UnaYMilLetras"]},{"@type":"Person","@id":"http:\/\/unaymilletras.com\/#\/schema\/person\/0860dc8a218329991ee2c7591f4f849d","name":"Redacci\u00f3n","image":{"@type":"ImageObject","inLanguage":"en-GB","@id":"https:\/\/secure.gravatar.com\/avatar\/d8f55e05a8b6597e45c55a1dcbdbfe44f4a360d88b48e00de5216a79b7732796?s=96&d=mm&r=g","url":"https:\/\/secure.gravatar.com\/avatar\/d8f55e05a8b6597e45c55a1dcbdbfe44f4a360d88b48e00de5216a79b7732796?s=96&d=mm&r=g","contentUrl":"https:\/\/secure.gravatar.com\/avatar\/d8f55e05a8b6597e45c55a1dcbdbfe44f4a360d88b48e00de5216a79b7732796?s=96&d=mm&r=g","caption":"Redacci\u00f3n"},"url":"https:\/\/unaymilletras.com\/en\/author\/redaccion\/"}]}},"_links":{"self":[{"href":"https:\/\/unaymilletras.com\/en\/wp-json\/wp\/v2\/posts\/4442","targetHints":{"allow":["GET"]}}],"collection":[{"href":"https:\/\/unaymilletras.com\/en\/wp-json\/wp\/v2\/posts"}],"about":[{"href":"https:\/\/unaymilletras.com\/en\/wp-json\/wp\/v2\/types\/post"}],"author":[{"embeddable":true,"href":"https:\/\/unaymilletras.com\/en\/wp-json\/wp\/v2\/users\/6"}],"replies":[{"embeddable":true,"href":"https:\/\/unaymilletras.com\/en\/wp-json\/wp\/v2\/comments?post=4442"}],"version-history":[{"count":7,"href":"https:\/\/unaymilletras.com\/en\/wp-json\/wp\/v2\/posts\/4442\/revisions"}],"predecessor-version":[{"id":4451,"href":"https:\/\/unaymilletras.com\/en\/wp-json\/wp\/v2\/posts\/4442\/revisions\/4451"}],"wp:featuredmedia":[{"embeddable":true,"href":"https:\/\/unaymilletras.com\/en\/wp-json\/wp\/v2\/media\/4444"}],"wp:attachment":[{"href":"https:\/\/unaymilletras.com\/en\/wp-json\/wp\/v2\/media?parent=4442"}],"wp:term":[{"taxonomy":"category","embeddable":true,"href":"https:\/\/unaymilletras.com\/en\/wp-json\/wp\/v2\/categories?post=4442"},{"taxonomy":"post_tag","embeddable":true,"href":"https:\/\/unaymilletras.com\/en\/wp-json\/wp\/v2\/tags?post=4442"}],"curies":[{"name":"wp","href":"https:\/\/api.w.org\/{rel}","templated":true}]}}