{"id":4462,"date":"2025-04-28T12:13:23","date_gmt":"2025-04-28T10:13:23","guid":{"rendered":"https:\/\/unaymilletras.com\/?p=4462"},"modified":"2025-04-28T12:21:49","modified_gmt":"2025-04-28T10:21:49","slug":"elena-farga-se-prepara-para-sus-conciertos-en-madrid-y-barcelona","status":"publish","type":"post","link":"https:\/\/unaymilletras.com\/en\/elena-farga-se-prepara-para-sus-conciertos-en-madrid-y-barcelona\/","title":{"rendered":"Elena Farga se prepara para sus conciertos en Madrid y Barcelona"},"content":{"rendered":"<div data-elementor-type=\"wp-post\" data-elementor-id=\"4462\" class=\"elementor elementor-4462\">\n\t\t\t\t\t\t<section class=\"elementor-section elementor-top-section elementor-element elementor-element-3d00742 elementor-section-boxed elementor-section-height-default elementor-section-height-default\" data-id=\"3d00742\" data-element_type=\"section\" data-e-type=\"section\">\n\t\t\t\t\t\t<div class=\"elementor-container elementor-column-gap-default\">\n\t\t\t\t\t<div class=\"elementor-column elementor-col-100 elementor-top-column elementor-element elementor-element-72b5677\" data-id=\"72b5677\" data-element_type=\"column\" data-e-type=\"column\">\n\t\t\t<div class=\"elementor-widget-wrap elementor-element-populated\">\n\t\t\t\t\t\t<div class=\"elementor-element elementor-element-2ffe486 elementor-widget elementor-widget-text-editor\" data-id=\"2ffe486\" data-element_type=\"widget\" data-e-type=\"widget\" data-widget_type=\"text-editor.default\">\n\t\t\t\t<div class=\"elementor-widget-container\">\n\t\t\t\t\t\t\t\t\t<h2 style=\"text-align: center;\"><span style=\"color: #808080;\"><em>Elena Farga presentar\u00e1 su EP aunque suene un poco CURSI en un concierto \u00edntimo y lleno de sorpresas en la Sala Cadavra el 9 de mayo<\/em><\/span><\/h2>\t\t\t\t\t\t\t\t<\/div>\n\t\t\t\t<\/div>\n\t\t\t\t\t<\/div>\n\t\t<\/div>\n\t\t\t\t\t<\/div>\n\t\t<\/section>\n\t\t\t\t<section class=\"elementor-section elementor-top-section elementor-element elementor-element-3d87ab4 elementor-section-boxed elementor-section-height-default elementor-section-height-default\" data-id=\"3d87ab4\" data-element_type=\"section\" data-e-type=\"section\">\n\t\t\t\t\t\t<div class=\"elementor-container elementor-column-gap-default\">\n\t\t\t\t\t<div class=\"elementor-column elementor-col-100 elementor-top-column elementor-element elementor-element-c497c1a\" data-id=\"c497c1a\" data-element_type=\"column\" data-e-type=\"column\">\n\t\t\t<div class=\"elementor-widget-wrap elementor-element-populated\">\n\t\t\t\t\t\t<div class=\"elementor-element elementor-element-b54c36b elementor-widget elementor-widget-text-editor\" data-id=\"b54c36b\" data-element_type=\"widget\" data-e-type=\"widget\" data-widget_type=\"text-editor.default\">\n\t\t\t\t<div class=\"elementor-widget-container\">\n\t\t\t\t\t\t\t\t\t<p class=\"\" data-start=\"231\" data-end=\"575\"><strong data-start=\"231\" data-end=\"246\">Elena Farga<\/strong> ha regresado a los escenarios con fuerza y el respaldo incondicional de su p\u00fablico. Su concierto en la <strong data-start=\"350\" data-end=\"376\">Sala Cadavra de Madrid<\/strong>, programado para el <strong data-start=\"397\" data-end=\"410\">9 de mayo<\/strong>, ha logrado agotar todas las entradas en <strong data-start=\"452\" data-end=\"473\">menos de 24 horas<\/strong>. Un hecho que confirma la expectaci\u00f3n generada por su vuelta tras un tiempo sin conciertos en sala.<\/p>\t\t\t\t\t\t\t\t<\/div>\n\t\t\t\t<\/div>\n\t\t\t\t\t<\/div>\n\t\t<\/div>\n\t\t\t\t\t<\/div>\n\t\t<\/section>\n\t\t\t\t<section class=\"elementor-section elementor-top-section elementor-element elementor-element-39c29f4 elementor-section-boxed elementor-section-height-default elementor-section-height-default\" data-id=\"39c29f4\" data-element_type=\"section\" data-e-type=\"section\">\n\t\t\t\t\t\t<div class=\"elementor-container elementor-column-gap-default\">\n\t\t\t\t\t<div class=\"elementor-column elementor-col-50 elementor-top-column elementor-element elementor-element-c7b5769\" data-id=\"c7b5769\" data-element_type=\"column\" data-e-type=\"column\">\n\t\t\t<div class=\"elementor-widget-wrap elementor-element-populated\">\n\t\t\t\t\t\t<div class=\"elementor-element elementor-element-7cf35aa elementor-widget elementor-widget-text-editor\" data-id=\"7cf35aa\" data-element_type=\"widget\" data-e-type=\"widget\" data-widget_type=\"text-editor.default\">\n\t\t\t\t<div class=\"elementor-widget-container\">\n\t\t\t\t\t\t\t\t\t<p class=\"\" data-start=\"577\" data-end=\"998\">La cantante y compositora presentar\u00e1 en directo su \u00faltimo EP, <span style=\"color: #808080;\"><a style=\"color: #808080;\" href=\"https:\/\/open.spotify.com\/intl-es\/album\/5LEH6xJZ8oqDzE3V65dWmv?si=PesuWrHcRAy57O7y3O256Q\"><strong data-start=\"639\" data-end=\"669\"><i>aunque suene un poco CURSI<\/i><\/strong><\/a>.<\/span>\u00a0Un trabajo cargado de referencias a la cultura pop donde aborda temas como el <strong data-start=\"749\" data-end=\"767\">amor rom\u00e1ntico<\/strong>, el <strong data-start=\"772\" data-end=\"796\">inconformismo social<\/strong> y la <strong data-start=\"802\" data-end=\"835\">presi\u00f3n de las redes sociales<\/strong>. Este nuevo proyecto muestra una faceta a\u00fan m\u00e1s madura y personal de Farga, que no ha dudado en volcar sus emociones y reflexiones en cada una de las canciones.<\/p>\t\t\t\t\t\t\t\t<\/div>\n\t\t\t\t<\/div>\n\t\t\t\t\t<\/div>\n\t\t<\/div>\n\t\t\t\t<div class=\"elementor-column elementor-col-50 elementor-top-column elementor-element elementor-element-54d01a7\" data-id=\"54d01a7\" data-element_type=\"column\" data-e-type=\"column\">\n\t\t\t<div class=\"elementor-widget-wrap elementor-element-populated\">\n\t\t\t\t\t\t<div class=\"elementor-element elementor-element-8d9b11a elementor-widget elementor-widget-image\" data-id=\"8d9b11a\" data-element_type=\"widget\" data-e-type=\"widget\" data-widget_type=\"image.default\">\n\t\t\t\t<div class=\"elementor-widget-container\">\n\t\t\t\t\t\t\t\t\t\t\t\t\t\t\t<img fetchpriority=\"high\" decoding=\"async\" width=\"600\" height=\"600\" src=\"https:\/\/unaymilletras.com\/wp-content\/uploads\/2025\/04\/4JjrgmuJbkOB.jpg\" class=\"attachment-large size-large wp-image-4464\" alt=\"Elena Farga\" srcset=\"https:\/\/unaymilletras.com\/wp-content\/uploads\/2025\/04\/4JjrgmuJbkOB.jpg 600w, https:\/\/unaymilletras.com\/wp-content\/uploads\/2025\/04\/4JjrgmuJbkOB-300x300.jpg 300w, https:\/\/unaymilletras.com\/wp-content\/uploads\/2025\/04\/4JjrgmuJbkOB-150x150.jpg 150w, https:\/\/unaymilletras.com\/wp-content\/uploads\/2025\/04\/4JjrgmuJbkOB-12x12.jpg 12w\" sizes=\"(max-width: 600px) 100vw, 600px\" \/>\t\t\t\t\t\t\t\t\t\t\t\t\t\t\t<\/div>\n\t\t\t\t<\/div>\n\t\t\t\t\t<\/div>\n\t\t<\/div>\n\t\t\t\t\t<\/div>\n\t\t<\/section>\n\t\t\t\t<section class=\"elementor-section elementor-top-section elementor-element elementor-element-c411dd3 elementor-section-boxed elementor-section-height-default elementor-section-height-default\" data-id=\"c411dd3\" data-element_type=\"section\" data-e-type=\"section\">\n\t\t\t\t\t\t<div class=\"elementor-container elementor-column-gap-default\">\n\t\t\t\t\t<div class=\"elementor-column elementor-col-100 elementor-top-column elementor-element elementor-element-13b479e\" data-id=\"13b479e\" data-element_type=\"column\" data-e-type=\"column\">\n\t\t\t<div class=\"elementor-widget-wrap elementor-element-populated\">\n\t\t\t\t\t\t<div class=\"elementor-element elementor-element-4e27e00 elementor-widget elementor-widget-text-editor\" data-id=\"4e27e00\" data-element_type=\"widget\" data-e-type=\"widget\" data-widget_type=\"text-editor.default\">\n\t\t\t\t<div class=\"elementor-widget-container\">\n\t\t\t\t\t\t\t\t\t<p>El concierto en Madrid promete ser un evento muy especial. Adem\u00e1s de interpretar los temas de su nuevo EP, Elena ha adelantado que habr\u00e1\u00a0<strong data-start=\"1137\" data-end=\"1150\">sorpresas<\/strong>\u00a0preparadas para sus seguidores, en una noche que promete ser emotiva y cercana. La artista, agradecida por la respuesta del p\u00fablico, escribi\u00f3: \u201c<strong data-start=\"1295\" data-end=\"1385\">GRACIAS por haberme esperado, GRACIAS por seguir aqu\u00ed. OS PROMETO que merecer\u00e1 la pena<\/strong>\u201d, celebrando el sold out en sus redes sociales.<\/p><p class=\"\" data-start=\"1437\" data-end=\"1807\">Pero las buenas noticias no terminan ah\u00ed. Debido al \u00e9xito y la alta demanda, <strong data-start=\"1514\" data-end=\"1529\">Elena Farga<\/strong> ha anunciado tambi\u00e9n un nuevo concierto en <strong data-start=\"1573\" data-end=\"1586\">Barcelona<\/strong>, que se celebrar\u00e1 el <strong data-start=\"1608\" data-end=\"1621\">2 de mayo<\/strong>, unos d\u00edas antes de su cita madrile\u00f1a. Con esta fecha, la artista vuelve a su ciudad para reencontrarse con sus fans y presentar en casa el universo de <strong data-start=\"1774\" data-end=\"1804\">aunque suene un poco CURSI<\/strong>.<\/p><p class=\"\" data-start=\"1809\" data-end=\"2074\">Con su sensibilidad art\u00edstica, sus letras directas y su conexi\u00f3n genuina con el p\u00fablico, Elena Farga sigue consolid\u00e1ndose como una de las voces m\u00e1s interesantes y prometedoras de la escena musical actual. Todo apunta a que este 2025 ser\u00e1 un a\u00f1o clave en su carrera.<\/p>\t\t\t\t\t\t\t\t<\/div>\n\t\t\t\t<\/div>\n\t\t\t\t\t<\/div>\n\t\t<\/div>\n\t\t\t\t\t<\/div>\n\t\t<\/section>\n\t\t\t\t<\/div>","protected":false},"excerpt":{"rendered":"<p>Elena Farga presentar\u00e1 su EP aunque suene un poco CURSI en un concierto \u00edntimo y lleno de sorpresas en la Sala Cadavra el 9 de mayo Elena Farga ha regresado a los escenarios con fuerza y el respaldo incondicional de su p\u00fablico. Su concierto en la Sala Cadavra de Madrid, programado para el 9 de [&hellip;]<\/p>\n","protected":false},"author":6,"featured_media":4464,"comment_status":"closed","ping_status":"closed","sticky":false,"template":"","format":"standard","meta":{"footnotes":""},"categories":[4],"tags":[],"class_list":["post-4462","post","type-post","status-publish","format-standard","has-post-thumbnail","hentry","category-musica"],"yoast_head":"<!-- This site is optimized with the Yoast SEO plugin v27.4 - https:\/\/yoast.com\/product\/yoast-seo-wordpress\/ -->\n<title>Elena Farga se prepara para sus conciertos en Madrid y Barcelona<\/title>\n<meta name=\"description\" content=\"Elena Farga presentar\u00e1 su EP aunque suene un poco CURSI en un concierto \u00edntimo y lleno de sorpresas en la Sala Cadavra el pr\u00f3ximo 9 de mayo\" \/>\n<meta name=\"robots\" content=\"index, follow, max-snippet:-1, max-image-preview:large, max-video-preview:-1\" \/>\n<link rel=\"canonical\" href=\"https:\/\/unaymilletras.com\/en\/elena-farga-se-prepara-para-sus-conciertos-en-madrid-y-barcelona\/\" \/>\n<meta property=\"og:locale\" content=\"en_GB\" \/>\n<meta property=\"og:type\" content=\"article\" \/>\n<meta property=\"og:title\" content=\"Elena Farga se prepara para sus conciertos en Madrid y Barcelona\" \/>\n<meta property=\"og:description\" content=\"Elena Farga presentar\u00e1 su EP aunque suene un poco CURSI en un concierto \u00edntimo y lleno de sorpresas en la Sala Cadavra el pr\u00f3ximo 9 de mayo\" \/>\n<meta property=\"og:url\" content=\"https:\/\/unaymilletras.com\/en\/elena-farga-se-prepara-para-sus-conciertos-en-madrid-y-barcelona\/\" \/>\n<meta property=\"og:site_name\" content=\"Una y Mil Letras\" \/>\n<meta property=\"article:published_time\" content=\"2025-04-28T10:13:23+00:00\" \/>\n<meta property=\"article:modified_time\" content=\"2025-04-28T10:21:49+00:00\" \/>\n<meta property=\"og:image\" content=\"http:\/\/unaymilletras.com\/wp-content\/uploads\/2025\/04\/4JjrgmuJbkOB.jpg\" \/>\n\t<meta property=\"og:image:width\" content=\"600\" \/>\n\t<meta property=\"og:image:height\" content=\"600\" \/>\n\t<meta property=\"og:image:type\" content=\"image\/jpeg\" \/>\n<meta name=\"author\" content=\"Redacci\u00f3n\" \/>\n<meta name=\"twitter:card\" content=\"summary_large_image\" \/>\n<meta name=\"twitter:creator\" content=\"@UnaYMilLetras\" \/>\n<meta name=\"twitter:site\" content=\"@UnaYMilLetras\" \/>\n<meta name=\"twitter:label1\" content=\"Written by\" \/>\n\t<meta name=\"twitter:data1\" content=\"Redacci\u00f3n\" \/>\n\t<meta name=\"twitter:label2\" content=\"Estimated reading time\" \/>\n\t<meta name=\"twitter:data2\" content=\"2 minutes\" \/>\n<script type=\"application\/ld+json\" class=\"yoast-schema-graph\">{\"@context\":\"https:\\\/\\\/schema.org\",\"@graph\":[{\"@type\":\"Article\",\"@id\":\"https:\\\/\\\/unaymilletras.com\\\/elena-farga-se-prepara-para-sus-conciertos-en-madrid-y-barcelona\\\/#article\",\"isPartOf\":{\"@id\":\"https:\\\/\\\/unaymilletras.com\\\/elena-farga-se-prepara-para-sus-conciertos-en-madrid-y-barcelona\\\/\"},\"author\":{\"name\":\"Redacci\u00f3n\",\"@id\":\"http:\\\/\\\/unaymilletras.com\\\/#\\\/schema\\\/person\\\/0860dc8a218329991ee2c7591f4f849d\"},\"headline\":\"Elena Farga se prepara para sus conciertos en Madrid y Barcelona\",\"datePublished\":\"2025-04-28T10:13:23+00:00\",\"dateModified\":\"2025-04-28T10:21:49+00:00\",\"mainEntityOfPage\":{\"@id\":\"https:\\\/\\\/unaymilletras.com\\\/elena-farga-se-prepara-para-sus-conciertos-en-madrid-y-barcelona\\\/\"},\"wordCount\":355,\"publisher\":{\"@id\":\"http:\\\/\\\/unaymilletras.com\\\/#organization\"},\"image\":{\"@id\":\"https:\\\/\\\/unaymilletras.com\\\/elena-farga-se-prepara-para-sus-conciertos-en-madrid-y-barcelona\\\/#primaryimage\"},\"thumbnailUrl\":\"https:\\\/\\\/unaymilletras.com\\\/wp-content\\\/uploads\\\/2025\\\/04\\\/4JjrgmuJbkOB.jpg\",\"articleSection\":[\"M\u00fasica\"],\"inLanguage\":\"en-GB\"},{\"@type\":\"WebPage\",\"@id\":\"https:\\\/\\\/unaymilletras.com\\\/elena-farga-se-prepara-para-sus-conciertos-en-madrid-y-barcelona\\\/\",\"url\":\"https:\\\/\\\/unaymilletras.com\\\/elena-farga-se-prepara-para-sus-conciertos-en-madrid-y-barcelona\\\/\",\"name\":\"Elena Farga se prepara para sus conciertos en Madrid y Barcelona\",\"isPartOf\":{\"@id\":\"http:\\\/\\\/unaymilletras.com\\\/#website\"},\"primaryImageOfPage\":{\"@id\":\"https:\\\/\\\/unaymilletras.com\\\/elena-farga-se-prepara-para-sus-conciertos-en-madrid-y-barcelona\\\/#primaryimage\"},\"image\":{\"@id\":\"https:\\\/\\\/unaymilletras.com\\\/elena-farga-se-prepara-para-sus-conciertos-en-madrid-y-barcelona\\\/#primaryimage\"},\"thumbnailUrl\":\"https:\\\/\\\/unaymilletras.com\\\/wp-content\\\/uploads\\\/2025\\\/04\\\/4JjrgmuJbkOB.jpg\",\"datePublished\":\"2025-04-28T10:13:23+00:00\",\"dateModified\":\"2025-04-28T10:21:49+00:00\",\"description\":\"Elena Farga presentar\u00e1 su EP aunque suene un poco CURSI en un concierto \u00edntimo y lleno de sorpresas en la Sala Cadavra el pr\u00f3ximo 9 de mayo\",\"breadcrumb\":{\"@id\":\"https:\\\/\\\/unaymilletras.com\\\/elena-farga-se-prepara-para-sus-conciertos-en-madrid-y-barcelona\\\/#breadcrumb\"},\"inLanguage\":\"en-GB\",\"potentialAction\":[{\"@type\":\"ReadAction\",\"target\":[\"https:\\\/\\\/unaymilletras.com\\\/elena-farga-se-prepara-para-sus-conciertos-en-madrid-y-barcelona\\\/\"]}]},{\"@type\":\"ImageObject\",\"inLanguage\":\"en-GB\",\"@id\":\"https:\\\/\\\/unaymilletras.com\\\/elena-farga-se-prepara-para-sus-conciertos-en-madrid-y-barcelona\\\/#primaryimage\",\"url\":\"https:\\\/\\\/unaymilletras.com\\\/wp-content\\\/uploads\\\/2025\\\/04\\\/4JjrgmuJbkOB.jpg\",\"contentUrl\":\"https:\\\/\\\/unaymilletras.com\\\/wp-content\\\/uploads\\\/2025\\\/04\\\/4JjrgmuJbkOB.jpg\",\"width\":600,\"height\":600,\"caption\":\"Elena Farga\"},{\"@type\":\"BreadcrumbList\",\"@id\":\"https:\\\/\\\/unaymilletras.com\\\/elena-farga-se-prepara-para-sus-conciertos-en-madrid-y-barcelona\\\/#breadcrumb\",\"itemListElement\":[{\"@type\":\"ListItem\",\"position\":1,\"name\":\"Home\",\"item\":\"http:\\\/\\\/unaymilletras.com\\\/\"},{\"@type\":\"ListItem\",\"position\":2,\"name\":\"Elena Farga se prepara para sus conciertos en Madrid y Barcelona\"}]},{\"@type\":\"WebSite\",\"@id\":\"http:\\\/\\\/unaymilletras.com\\\/#website\",\"url\":\"http:\\\/\\\/unaymilletras.com\\\/\",\"name\":\"Una y Mil Letras\",\"description\":\"\",\"publisher\":{\"@id\":\"http:\\\/\\\/unaymilletras.com\\\/#organization\"},\"potentialAction\":[{\"@type\":\"SearchAction\",\"target\":{\"@type\":\"EntryPoint\",\"urlTemplate\":\"http:\\\/\\\/unaymilletras.com\\\/?s={search_term_string}\"},\"query-input\":{\"@type\":\"PropertyValueSpecification\",\"valueRequired\":true,\"valueName\":\"search_term_string\"}}],\"inLanguage\":\"en-GB\"},{\"@type\":\"Organization\",\"@id\":\"http:\\\/\\\/unaymilletras.com\\\/#organization\",\"name\":\"Una y Mil Letras\",\"url\":\"http:\\\/\\\/unaymilletras.com\\\/\",\"logo\":{\"@type\":\"ImageObject\",\"inLanguage\":\"en-GB\",\"@id\":\"http:\\\/\\\/unaymilletras.com\\\/#\\\/schema\\\/logo\\\/image\\\/\",\"url\":\"https:\\\/\\\/unaymilletras.com\\\/wp-content\\\/uploads\\\/2024\\\/06\\\/cropped-Logo-removebg-preview.png\",\"contentUrl\":\"https:\\\/\\\/unaymilletras.com\\\/wp-content\\\/uploads\\\/2024\\\/06\\\/cropped-Logo-removebg-preview.png\",\"width\":512,\"height\":512,\"caption\":\"Una y Mil Letras\"},\"image\":{\"@id\":\"http:\\\/\\\/unaymilletras.com\\\/#\\\/schema\\\/logo\\\/image\\\/\"},\"sameAs\":[\"https:\\\/\\\/x.com\\\/UnaYMilLetras\",\"https:\\\/\\\/instagram.com\\\/UnaYMilLetras\"]},{\"@type\":\"Person\",\"@id\":\"http:\\\/\\\/unaymilletras.com\\\/#\\\/schema\\\/person\\\/0860dc8a218329991ee2c7591f4f849d\",\"name\":\"Redacci\u00f3n\",\"image\":{\"@type\":\"ImageObject\",\"inLanguage\":\"en-GB\",\"@id\":\"https:\\\/\\\/secure.gravatar.com\\\/avatar\\\/d8f55e05a8b6597e45c55a1dcbdbfe44f4a360d88b48e00de5216a79b7732796?s=96&d=mm&r=g\",\"url\":\"https:\\\/\\\/secure.gravatar.com\\\/avatar\\\/d8f55e05a8b6597e45c55a1dcbdbfe44f4a360d88b48e00de5216a79b7732796?s=96&d=mm&r=g\",\"contentUrl\":\"https:\\\/\\\/secure.gravatar.com\\\/avatar\\\/d8f55e05a8b6597e45c55a1dcbdbfe44f4a360d88b48e00de5216a79b7732796?s=96&d=mm&r=g\",\"caption\":\"Redacci\u00f3n\"},\"url\":\"https:\\\/\\\/unaymilletras.com\\\/en\\\/author\\\/redaccion\\\/\"}]}<\/script>\n<!-- \/ Yoast SEO plugin. -->","yoast_head_json":{"title":"Elena Farga se prepara para sus conciertos en Madrid y Barcelona","description":"Elena Farga presentar\u00e1 su EP aunque suene un poco CURSI en un concierto \u00edntimo y lleno de sorpresas en la Sala Cadavra el pr\u00f3ximo 9 de mayo","robots":{"index":"index","follow":"follow","max-snippet":"max-snippet:-1","max-image-preview":"max-image-preview:large","max-video-preview":"max-video-preview:-1"},"canonical":"https:\/\/unaymilletras.com\/en\/elena-farga-se-prepara-para-sus-conciertos-en-madrid-y-barcelona\/","og_locale":"en_GB","og_type":"article","og_title":"Elena Farga se prepara para sus conciertos en Madrid y Barcelona","og_description":"Elena Farga presentar\u00e1 su EP aunque suene un poco CURSI en un concierto \u00edntimo y lleno de sorpresas en la Sala Cadavra el pr\u00f3ximo 9 de mayo","og_url":"https:\/\/unaymilletras.com\/en\/elena-farga-se-prepara-para-sus-conciertos-en-madrid-y-barcelona\/","og_site_name":"Una y Mil Letras","article_published_time":"2025-04-28T10:13:23+00:00","article_modified_time":"2025-04-28T10:21:49+00:00","og_image":[{"width":600,"height":600,"url":"http:\/\/unaymilletras.com\/wp-content\/uploads\/2025\/04\/4JjrgmuJbkOB.jpg","type":"image\/jpeg"}],"author":"Redacci\u00f3n","twitter_card":"summary_large_image","twitter_creator":"@UnaYMilLetras","twitter_site":"@UnaYMilLetras","twitter_misc":{"Written by":"Redacci\u00f3n","Estimated reading time":"2 minutes"},"schema":{"@context":"https:\/\/schema.org","@graph":[{"@type":"Article","@id":"https:\/\/unaymilletras.com\/elena-farga-se-prepara-para-sus-conciertos-en-madrid-y-barcelona\/#article","isPartOf":{"@id":"https:\/\/unaymilletras.com\/elena-farga-se-prepara-para-sus-conciertos-en-madrid-y-barcelona\/"},"author":{"name":"Redacci\u00f3n","@id":"http:\/\/unaymilletras.com\/#\/schema\/person\/0860dc8a218329991ee2c7591f4f849d"},"headline":"Elena Farga se prepara para sus conciertos en Madrid y Barcelona","datePublished":"2025-04-28T10:13:23+00:00","dateModified":"2025-04-28T10:21:49+00:00","mainEntityOfPage":{"@id":"https:\/\/unaymilletras.com\/elena-farga-se-prepara-para-sus-conciertos-en-madrid-y-barcelona\/"},"wordCount":355,"publisher":{"@id":"http:\/\/unaymilletras.com\/#organization"},"image":{"@id":"https:\/\/unaymilletras.com\/elena-farga-se-prepara-para-sus-conciertos-en-madrid-y-barcelona\/#primaryimage"},"thumbnailUrl":"https:\/\/unaymilletras.com\/wp-content\/uploads\/2025\/04\/4JjrgmuJbkOB.jpg","articleSection":["M\u00fasica"],"inLanguage":"en-GB"},{"@type":"WebPage","@id":"https:\/\/unaymilletras.com\/elena-farga-se-prepara-para-sus-conciertos-en-madrid-y-barcelona\/","url":"https:\/\/unaymilletras.com\/elena-farga-se-prepara-para-sus-conciertos-en-madrid-y-barcelona\/","name":"Elena Farga se prepara para sus conciertos en Madrid y Barcelona","isPartOf":{"@id":"http:\/\/unaymilletras.com\/#website"},"primaryImageOfPage":{"@id":"https:\/\/unaymilletras.com\/elena-farga-se-prepara-para-sus-conciertos-en-madrid-y-barcelona\/#primaryimage"},"image":{"@id":"https:\/\/unaymilletras.com\/elena-farga-se-prepara-para-sus-conciertos-en-madrid-y-barcelona\/#primaryimage"},"thumbnailUrl":"https:\/\/unaymilletras.com\/wp-content\/uploads\/2025\/04\/4JjrgmuJbkOB.jpg","datePublished":"2025-04-28T10:13:23+00:00","dateModified":"2025-04-28T10:21:49+00:00","description":"Elena Farga presentar\u00e1 su EP aunque suene un poco CURSI en un concierto \u00edntimo y lleno de sorpresas en la Sala Cadavra el pr\u00f3ximo 9 de mayo","breadcrumb":{"@id":"https:\/\/unaymilletras.com\/elena-farga-se-prepara-para-sus-conciertos-en-madrid-y-barcelona\/#breadcrumb"},"inLanguage":"en-GB","potentialAction":[{"@type":"ReadAction","target":["https:\/\/unaymilletras.com\/elena-farga-se-prepara-para-sus-conciertos-en-madrid-y-barcelona\/"]}]},{"@type":"ImageObject","inLanguage":"en-GB","@id":"https:\/\/unaymilletras.com\/elena-farga-se-prepara-para-sus-conciertos-en-madrid-y-barcelona\/#primaryimage","url":"https:\/\/unaymilletras.com\/wp-content\/uploads\/2025\/04\/4JjrgmuJbkOB.jpg","contentUrl":"https:\/\/unaymilletras.com\/wp-content\/uploads\/2025\/04\/4JjrgmuJbkOB.jpg","width":600,"height":600,"caption":"Elena Farga"},{"@type":"BreadcrumbList","@id":"https:\/\/unaymilletras.com\/elena-farga-se-prepara-para-sus-conciertos-en-madrid-y-barcelona\/#breadcrumb","itemListElement":[{"@type":"ListItem","position":1,"name":"Home","item":"http:\/\/unaymilletras.com\/"},{"@type":"ListItem","position":2,"name":"Elena Farga se prepara para sus conciertos en Madrid y Barcelona"}]},{"@type":"WebSite","@id":"http:\/\/unaymilletras.com\/#website","url":"http:\/\/unaymilletras.com\/","name":"Una y Mil Letras","description":"","publisher":{"@id":"http:\/\/unaymilletras.com\/#organization"},"potentialAction":[{"@type":"SearchAction","target":{"@type":"EntryPoint","urlTemplate":"http:\/\/unaymilletras.com\/?s={search_term_string}"},"query-input":{"@type":"PropertyValueSpecification","valueRequired":true,"valueName":"search_term_string"}}],"inLanguage":"en-GB"},{"@type":"Organization","@id":"http:\/\/unaymilletras.com\/#organization","name":"Una y Mil Letras","url":"http:\/\/unaymilletras.com\/","logo":{"@type":"ImageObject","inLanguage":"en-GB","@id":"http:\/\/unaymilletras.com\/#\/schema\/logo\/image\/","url":"https:\/\/unaymilletras.com\/wp-content\/uploads\/2024\/06\/cropped-Logo-removebg-preview.png","contentUrl":"https:\/\/unaymilletras.com\/wp-content\/uploads\/2024\/06\/cropped-Logo-removebg-preview.png","width":512,"height":512,"caption":"Una y Mil Letras"},"image":{"@id":"http:\/\/unaymilletras.com\/#\/schema\/logo\/image\/"},"sameAs":["https:\/\/x.com\/UnaYMilLetras","https:\/\/instagram.com\/UnaYMilLetras"]},{"@type":"Person","@id":"http:\/\/unaymilletras.com\/#\/schema\/person\/0860dc8a218329991ee2c7591f4f849d","name":"Redacci\u00f3n","image":{"@type":"ImageObject","inLanguage":"en-GB","@id":"https:\/\/secure.gravatar.com\/avatar\/d8f55e05a8b6597e45c55a1dcbdbfe44f4a360d88b48e00de5216a79b7732796?s=96&d=mm&r=g","url":"https:\/\/secure.gravatar.com\/avatar\/d8f55e05a8b6597e45c55a1dcbdbfe44f4a360d88b48e00de5216a79b7732796?s=96&d=mm&r=g","contentUrl":"https:\/\/secure.gravatar.com\/avatar\/d8f55e05a8b6597e45c55a1dcbdbfe44f4a360d88b48e00de5216a79b7732796?s=96&d=mm&r=g","caption":"Redacci\u00f3n"},"url":"https:\/\/unaymilletras.com\/en\/author\/redaccion\/"}]}},"_links":{"self":[{"href":"https:\/\/unaymilletras.com\/en\/wp-json\/wp\/v2\/posts\/4462","targetHints":{"allow":["GET"]}}],"collection":[{"href":"https:\/\/unaymilletras.com\/en\/wp-json\/wp\/v2\/posts"}],"about":[{"href":"https:\/\/unaymilletras.com\/en\/wp-json\/wp\/v2\/types\/post"}],"author":[{"embeddable":true,"href":"https:\/\/unaymilletras.com\/en\/wp-json\/wp\/v2\/users\/6"}],"replies":[{"embeddable":true,"href":"https:\/\/unaymilletras.com\/en\/wp-json\/wp\/v2\/comments?post=4462"}],"version-history":[{"count":7,"href":"https:\/\/unaymilletras.com\/en\/wp-json\/wp\/v2\/posts\/4462\/revisions"}],"predecessor-version":[{"id":4470,"href":"https:\/\/unaymilletras.com\/en\/wp-json\/wp\/v2\/posts\/4462\/revisions\/4470"}],"wp:featuredmedia":[{"embeddable":true,"href":"https:\/\/unaymilletras.com\/en\/wp-json\/wp\/v2\/media\/4464"}],"wp:attachment":[{"href":"https:\/\/unaymilletras.com\/en\/wp-json\/wp\/v2\/media?parent=4462"}],"wp:term":[{"taxonomy":"category","embeddable":true,"href":"https:\/\/unaymilletras.com\/en\/wp-json\/wp\/v2\/categories?post=4462"},{"taxonomy":"post_tag","embeddable":true,"href":"https:\/\/unaymilletras.com\/en\/wp-json\/wp\/v2\/tags?post=4462"}],"curies":[{"name":"wp","href":"https:\/\/api.w.org\/{rel}","templated":true}]}}