{"id":447,"date":"2023-04-28T15:27:52","date_gmt":"2023-04-28T13:27:52","guid":{"rendered":"https:\/\/unaymilletras.wordpress.com\/?p=447"},"modified":"2023-05-06T14:06:31","modified_gmt":"2023-05-06T14:06:31","slug":"maria-becerra-llega-a-mexico","status":"publish","type":"post","link":"https:\/\/unaymilletras.com\/en\/maria-becerra-llega-a-mexico\/","title":{"rendered":"La Nena de Argentina llega a Mexico"},"content":{"rendered":"<div data-elementor-type=\"wp-post\" data-elementor-id=\"447\" class=\"elementor elementor-447\">\n\t\t\t\t\t\t<section class=\"elementor-section elementor-top-section elementor-element elementor-element-723cc8e elementor-section-boxed elementor-section-height-default elementor-section-height-default\" data-id=\"723cc8e\" data-element_type=\"section\" data-e-type=\"section\">\n\t\t\t\t\t\t<div class=\"elementor-container elementor-column-gap-default\">\n\t\t\t\t\t<div class=\"elementor-column elementor-col-100 elementor-top-column elementor-element elementor-element-2ca1d1f\" data-id=\"2ca1d1f\" data-element_type=\"column\" data-e-type=\"column\">\n\t\t\t<div class=\"elementor-widget-wrap elementor-element-populated\">\n\t\t\t\t\t\t<div class=\"elementor-element elementor-element-77208c8 elementor-widget elementor-widget-text-editor\" data-id=\"77208c8\" data-element_type=\"widget\" data-e-type=\"widget\" data-widget_type=\"text-editor.default\">\n\t\t\t\t<div class=\"elementor-widget-container\">\n\t\t\t\t\t\t\t\t\t<h2 class=\"has-text-align-center has-large-font-size\"><em>Mar\u00eda Becerra llegar\u00e1 a Mexico el pr\u00f3ximo mes de octubre con su La Nena de Argentina Tour<\/em><\/h2>\t\t\t\t\t\t\t\t<\/div>\n\t\t\t\t<\/div>\n\t\t\t\t\t<\/div>\n\t\t<\/div>\n\t\t\t\t\t<\/div>\n\t\t<\/section>\n\t\t\t\t<section class=\"elementor-section elementor-top-section elementor-element elementor-element-5dc15a9 elementor-section-boxed elementor-section-height-default elementor-section-height-default\" data-id=\"5dc15a9\" data-element_type=\"section\" data-e-type=\"section\">\n\t\t\t\t\t\t<div class=\"elementor-container elementor-column-gap-default\">\n\t\t\t\t\t<div class=\"elementor-column elementor-col-100 elementor-top-column elementor-element elementor-element-87b38e0\" data-id=\"87b38e0\" data-element_type=\"column\" data-e-type=\"column\">\n\t\t\t<div class=\"elementor-widget-wrap elementor-element-populated\">\n\t\t\t\t\t\t<div class=\"elementor-element elementor-element-3c3b336 elementor-widget elementor-widget-text-editor\" data-id=\"3c3b336\" data-element_type=\"widget\" data-e-type=\"widget\" data-widget_type=\"text-editor.default\">\n\t\t\t\t<div class=\"elementor-widget-container\">\n\t\t\t\t\t\t\t\t\t<p><strong><a href=\"https:\/\/open.spotify.com\/artist\/1DxLCyH42yaHKGK3cl5bvG?si=Rlydap6ZRpyocw0XHvTIgQ\">Mar\u00eda Becerra<\/a><\/strong>\u00a0acaba de anunciar que\u00a0<strong>La Nena de Argentina Tour<\/strong>\u00a0pasar\u00e1 por\u00a0<strong>Mexico<\/strong>. El cartel cuenta con seis fechas repartidas por todo el pa\u00eds que comienzan el 5 de octubre en M\u00e9rida y termina el 15 del mismo mes en Guadalajara. Adem\u00e1s, tambi\u00e9n visitar\u00e1 Mexico el<strong>\u00a03 de junio\u00a0<\/strong>ya que estar\u00e1 presente en el\u00a0<strong><a href=\"https:\/\/dseafest.com\/informacion\/\">D&#8217;Sea Fest<\/a><\/strong>, en\u00a0<strong>Mazatlan<\/strong>.<\/p>\t\t\t\t\t\t\t\t<\/div>\n\t\t\t\t<\/div>\n\t\t\t\t\t<\/div>\n\t\t<\/div>\n\t\t\t\t\t<\/div>\n\t\t<\/section>\n\t\t\t\t<section class=\"elementor-section elementor-top-section elementor-element elementor-element-fa08853 elementor-section-boxed elementor-section-height-default elementor-section-height-default\" data-id=\"fa08853\" data-element_type=\"section\" data-e-type=\"section\">\n\t\t\t\t\t\t<div class=\"elementor-container elementor-column-gap-default\">\n\t\t\t\t\t<div class=\"elementor-column elementor-col-50 elementor-top-column elementor-element elementor-element-8082bc4\" data-id=\"8082bc4\" data-element_type=\"column\" data-e-type=\"column\">\n\t\t\t<div class=\"elementor-widget-wrap elementor-element-populated\">\n\t\t\t\t\t\t<div class=\"elementor-element elementor-element-b8d4ae0 elementor-widget elementor-widget-text-editor\" data-id=\"b8d4ae0\" data-element_type=\"widget\" data-e-type=\"widget\" data-widget_type=\"text-editor.default\">\n\t\t\t\t<div class=\"elementor-widget-container\">\n\t\t\t\t\t\t\t\t\t<p>SAB 03\/06 &#8212;&#8212;&#8212;&#8212;&#8212;&#8212;&#8211; MAZATLAN -&gt; D&#8217;SEA FEST<br \/>JUE 05\/10 &#8212;&#8212;&#8212;&#8212;&#8212;&#8212;&#8211; M\u00c9RIDA -&gt; FORO GNP<br \/>VIE 08\/10 &#8212;&#8212;&#8212;&#8212;&#8212;&#8212;&#8211; CANC\u00daN -&gt; PLAZA DE TOROS<br \/>SAB 07\/10 &#8212;&#8212;&#8212;&#8212;&#8212;&#8212;&#8211; QUER\u00c9TARO -&gt; AUDITORIO JOSEFA ORTIZ<br \/>JUE 12\/10 &#8212;&#8212;&#8212;&#8212;&#8212;&#8212;&#8211; CIUDAD DE M\u00c9XICO -&gt; AUDITORIO NACIONAL<br \/>VIE 13\/10 &#8212;&#8212;&#8212;&#8212;&#8212;&#8212;&#8211; MONTERREY -&gt; AUDITORIO CITIBANAMEX<br \/>DOM 15\/10 &#8212;&#8212;&#8212;&#8212;&#8212;&#8212;&#8211; GUADALAJARA -&gt; AUDITORIO TELMEX &#8211; FERIA<\/p>\t\t\t\t\t\t\t\t<\/div>\n\t\t\t\t<\/div>\n\t\t\t\t\t<\/div>\n\t\t<\/div>\n\t\t\t\t<div class=\"elementor-column elementor-col-50 elementor-top-column elementor-element elementor-element-6e8203b\" data-id=\"6e8203b\" data-element_type=\"column\" data-e-type=\"column\">\n\t\t\t<div class=\"elementor-widget-wrap elementor-element-populated\">\n\t\t\t\t\t\t<div class=\"elementor-element elementor-element-5787175 elementor-widget elementor-widget-image\" data-id=\"5787175\" data-element_type=\"widget\" data-e-type=\"widget\" data-widget_type=\"image.default\">\n\t\t\t\t<div class=\"elementor-widget-container\">\n\t\t\t\t\t\t\t\t\t\t\t\t\t\t\t<img fetchpriority=\"high\" decoding=\"async\" width=\"640\" height=\"640\" src=\"https:\/\/unaymilletras.com\/wp-content\/uploads\/2023\/04\/lnda-mx-1024x1024.jpeg\" class=\"attachment-large size-large wp-image-452\" alt=\"LNDA MX Mar\u00eda Becerra\" srcset=\"https:\/\/unaymilletras.com\/wp-content\/uploads\/2023\/04\/lnda-mx-1024x1024.jpeg 1024w, https:\/\/unaymilletras.com\/wp-content\/uploads\/2023\/04\/lnda-mx-e1683381398954-300x300.jpeg 300w, https:\/\/unaymilletras.com\/wp-content\/uploads\/2023\/04\/lnda-mx-e1683381398954-150x150.jpeg 150w, https:\/\/unaymilletras.com\/wp-content\/uploads\/2023\/04\/lnda-mx-768x768.jpeg 768w, https:\/\/unaymilletras.com\/wp-content\/uploads\/2023\/04\/lnda-mx-e1683381398954.jpeg 600w\" sizes=\"(max-width: 640px) 100vw, 640px\" \/>\t\t\t\t\t\t\t\t\t\t\t\t\t\t\t<\/div>\n\t\t\t\t<\/div>\n\t\t\t\t\t<\/div>\n\t\t<\/div>\n\t\t\t\t\t<\/div>\n\t\t<\/section>\n\t\t\t\t<section class=\"elementor-section elementor-top-section elementor-element elementor-element-23b44e8 elementor-section-boxed elementor-section-height-default elementor-section-height-default\" data-id=\"23b44e8\" data-element_type=\"section\" data-e-type=\"section\">\n\t\t\t\t\t\t<div class=\"elementor-container elementor-column-gap-default\">\n\t\t\t\t\t<div class=\"elementor-column elementor-col-100 elementor-top-column elementor-element elementor-element-7fc23d4\" data-id=\"7fc23d4\" data-element_type=\"column\" data-e-type=\"column\">\n\t\t\t<div class=\"elementor-widget-wrap elementor-element-populated\">\n\t\t\t\t\t\t<div class=\"elementor-element elementor-element-b7d00a5 elementor-widget elementor-widget-text-editor\" data-id=\"b7d00a5\" data-element_type=\"widget\" data-e-type=\"widget\" data-widget_type=\"text-editor.default\">\n\t\t\t\t<div class=\"elementor-widget-container\">\n\t\t\t\t\t\t\t\t\t<p>Las entradas se vender\u00e1n en dos plataformas distintas dependiendo del concierto al que se quiera asistir. En caso de ir a\u00a0<strong>M\u00e9rida<\/strong>,\u00a0<strong>Canc\u00fan<\/strong>\u00a0o\u00a0<strong>Quer\u00e9taro<\/strong>, las entradas se pondr\u00e1n a la venta en\u00a0<strong><a href=\"https:\/\/www.eticket.mx\/eventos.aspx?idartista=3670\">eticket<\/a><\/strong>. Por su parte, para los shows de\u00a0<strong>Monterrey<\/strong>\u00a0y\u00a0<strong>Ciudad de M\u00e9xico<\/strong>\u00a0los tickets estar\u00e1n disponibles en\u00a0<strong><a href=\"https:\/\/www.ticketmaster.com.mx\/\">Ticketmaster<\/a><\/strong>. La venta general tendr\u00e1 lugar ma\u00f1ana, 1 de mayo a las 10h (hora Mexico). Pero tambi\u00e9n habr\u00e1 una preventa de fans exclusiva ma\u00f1ana, 29 de abril a las 10h (hora Mexico), con el c\u00f3digo\u00a0<strong>LANENA<\/strong>. La segunda preventa ser\u00e1 la de\u00a0<strong>Citibanamex<\/strong>, tambi\u00e9n a las 10h (hora Mexico) del domingo 30 de abril.<\/p>\t\t\t\t\t\t\t\t<\/div>\n\t\t\t\t<\/div>\n\t\t\t\t\t<\/div>\n\t\t<\/div>\n\t\t\t\t\t<\/div>\n\t\t<\/section>\n\t\t\t\t<section class=\"elementor-section elementor-top-section elementor-element elementor-element-d9c59ef elementor-section-boxed elementor-section-height-default elementor-section-height-default\" data-id=\"d9c59ef\" data-element_type=\"section\" data-e-type=\"section\">\n\t\t\t\t\t\t<div class=\"elementor-container elementor-column-gap-default\">\n\t\t\t\t\t<div class=\"elementor-column elementor-col-50 elementor-top-column elementor-element elementor-element-1bd497a\" data-id=\"1bd497a\" data-element_type=\"column\" data-e-type=\"column\">\n\t\t\t<div class=\"elementor-widget-wrap elementor-element-populated\">\n\t\t\t\t\t\t<div class=\"elementor-element elementor-element-b91a48c elementor-widget elementor-widget-html\" data-id=\"b91a48c\" data-element_type=\"widget\" data-e-type=\"widget\" data-widget_type=\"html.default\">\n\t\t\t\t<div class=\"elementor-widget-container\">\n\t\t\t\t\t<blockquote class=\"instagram-media\" data-instgrm-captioned data-instgrm-permalink=\"https:\/\/www.instagram.com\/reel\/CrhTgjxIP4c\/?utm_source=ig_embed&amp;utm_campaign=loading\" data-instgrm-version=\"14\" style=\" background:#FFF; border:0; border-radius:3px; box-shadow:0 0 1px 0 rgba(0,0,0,0.5),0 1px 10px 0 rgba(0,0,0,0.15); margin: 1px; max-width:540px; min-width:326px; padding:0; width:99.375%; width:-webkit-calc(100% - 2px); width:calc(100% - 2px);\"><div style=\"padding:16px;\"> <a href=\"https:\/\/www.instagram.com\/reel\/CrhTgjxIP4c\/?utm_source=ig_embed&amp;utm_campaign=loading\" style=\" background:#FFFFFF; line-height:0; padding:0 0; text-align:center; text-decoration:none; width:100%;\" target=\"_blank\"> <div style=\" display: flex; flex-direction: row; align-items: center;\"> <div style=\"background-color: #F4F4F4; border-radius: 50%; flex-grow: 0; height: 40px; margin-right: 14px; width: 40px;\"><\/div> <div style=\"display: flex; flex-direction: column; flex-grow: 1; justify-content: center;\"> <div style=\" background-color: #F4F4F4; border-radius: 4px; flex-grow: 0; height: 14px; margin-bottom: 6px; width: 100px;\"><\/div> <div style=\" background-color: #F4F4F4; border-radius: 4px; flex-grow: 0; height: 14px; width: 60px;\"><\/div><\/div><\/div><div style=\"padding: 19% 0;\"><\/div> <div style=\"display:block; height:50px; margin:0 auto 12px; width:50px;\"><svg width=\"50px\" height=\"50px\" viewbox=\"0 0 60 60\" version=\"1.1\" xmlns=\"https:\/\/www.w3.org\/2000\/svg\" xmlns:xlink=\"https:\/\/www.w3.org\/1999\/xlink\"><g stroke=\"none\" stroke-width=\"1\" fill=\"none\" fill-rule=\"evenodd\"><g transform=\"translate(-511.000000, -20.000000)\" fill=\"#000000\"><g><path d=\"M556.869,30.41 C554.814,30.41 553.148,32.076 553.148,34.131 C553.148,36.186 554.814,37.852 556.869,37.852 C558.924,37.852 560.59,36.186 560.59,34.131 C560.59,32.076 558.924,30.41 556.869,30.41 M541,60.657 C535.114,60.657 530.342,55.887 530.342,50 C530.342,44.114 535.114,39.342 541,39.342 C546.887,39.342 551.658,44.114 551.658,50 C551.658,55.887 546.887,60.657 541,60.657 M541,33.886 C532.1,33.886 524.886,41.1 524.886,50 C524.886,58.899 532.1,66.113 541,66.113 C549.9,66.113 557.115,58.899 557.115,50 C557.115,41.1 549.9,33.886 541,33.886 M565.378,62.101 C565.244,65.022 564.756,66.606 564.346,67.663 C563.803,69.06 563.154,70.057 562.106,71.106 C561.058,72.155 560.06,72.803 558.662,73.347 C557.607,73.757 556.021,74.244 553.102,74.378 C549.944,74.521 548.997,74.552 541,74.552 C533.003,74.552 532.056,74.521 528.898,74.378 C525.979,74.244 524.393,73.757 523.338,73.347 C521.94,72.803 520.942,72.155 519.894,71.106 C518.846,70.057 518.197,69.06 517.654,67.663 C517.244,66.606 516.755,65.022 516.623,62.101 C516.479,58.943 516.448,57.996 516.448,50 C516.448,42.003 516.479,41.056 516.623,37.899 C516.755,34.978 517.244,33.391 517.654,32.338 C518.197,30.938 518.846,29.942 519.894,28.894 C520.942,27.846 521.94,27.196 523.338,26.654 C524.393,26.244 525.979,25.756 528.898,25.623 C532.057,25.479 533.004,25.448 541,25.448 C548.997,25.448 549.943,25.479 553.102,25.623 C556.021,25.756 557.607,26.244 558.662,26.654 C560.06,27.196 561.058,27.846 562.106,28.894 C563.154,29.942 563.803,30.938 564.346,32.338 C564.756,33.391 565.244,34.978 565.378,37.899 C565.522,41.056 565.552,42.003 565.552,50 C565.552,57.996 565.522,58.943 565.378,62.101 M570.82,37.631 C570.674,34.438 570.167,32.258 569.425,30.349 C568.659,28.377 567.633,26.702 565.965,25.035 C564.297,23.368 562.623,22.342 560.652,21.575 C558.743,20.834 556.562,20.326 553.369,20.18 C550.169,20.033 549.148,20 541,20 C532.853,20 531.831,20.033 528.631,20.18 C525.438,20.326 523.257,20.834 521.349,21.575 C519.376,22.342 517.703,23.368 516.035,25.035 C514.368,26.702 513.342,28.377 512.574,30.349 C511.834,32.258 511.326,34.438 511.181,37.631 C511.035,40.831 511,41.851 511,50 C511,58.147 511.035,59.17 511.181,62.369 C511.326,65.562 511.834,67.743 512.574,69.651 C513.342,71.625 514.368,73.296 516.035,74.965 C517.703,76.634 519.376,77.658 521.349,78.425 C523.257,79.167 525.438,79.673 528.631,79.82 C531.831,79.965 532.853,80.001 541,80.001 C549.148,80.001 550.169,79.965 553.369,79.82 C556.562,79.673 558.743,79.167 560.652,78.425 C562.623,77.658 564.297,76.634 565.965,74.965 C567.633,73.296 568.659,71.625 569.425,69.651 C570.167,67.743 570.674,65.562 570.82,62.369 C570.966,59.17 571,58.147 571,50 C571,41.851 570.966,40.831 570.82,37.631\"><\/path><\/g><\/g><\/g><\/svg><\/div><div style=\"padding-top: 8px;\"> <div style=\" color:#3897f0; font-family:Arial,sans-serif; font-size:14px; font-style:normal; font-weight:550; line-height:18px;\">Ver esta publicaci\u00f3n en Instagram<\/div><\/div><div style=\"padding: 12.5% 0;\"><\/div> <div style=\"display: flex; flex-direction: row; margin-bottom: 14px; align-items: center;\"><div> <div style=\"background-color: #F4F4F4; border-radius: 50%; height: 12.5px; width: 12.5px; transform: translateX(0px) translateY(7px);\"><\/div> <div style=\"background-color: #F4F4F4; height: 12.5px; transform: rotate(-45deg) translateX(3px) translateY(1px); width: 12.5px; flex-grow: 0; margin-right: 14px; margin-left: 2px;\"><\/div> <div style=\"background-color: #F4F4F4; border-radius: 50%; height: 12.5px; width: 12.5px; transform: translateX(9px) translateY(-18px);\"><\/div><\/div><div style=\"margin-left: 8px;\"> <div style=\" background-color: #F4F4F4; border-radius: 50%; flex-grow: 0; height: 20px; width: 20px;\"><\/div> <div style=\" width: 0; height: 0; border-top: 2px solid transparent; border-left: 6px solid #f4f4f4; border-bottom: 2px solid transparent; transform: translateX(16px) translateY(-4px) rotate(30deg)\"><\/div><\/div><div style=\"margin-left: auto;\"> <div style=\" width: 0px; border-top: 8px solid #F4F4F4; border-right: 8px solid transparent; transform: translateY(16px);\"><\/div> <div style=\" background-color: #F4F4F4; flex-grow: 0; height: 12px; width: 16px; transform: translateY(-4px);\"><\/div> <div style=\" width: 0; height: 0; border-top: 8px solid #F4F4F4; border-left: 8px solid transparent; transform: translateY(-4px) translateX(8px);\"><\/div><\/div><\/div> <div style=\"display: flex; flex-direction: column; flex-grow: 1; justify-content: center; margin-bottom: 24px;\"> <div style=\" background-color: #F4F4F4; border-radius: 4px; flex-grow: 0; height: 14px; margin-bottom: 6px; width: 224px;\"><\/div> <div style=\" background-color: #F4F4F4; border-radius: 4px; flex-grow: 0; height: 14px; width: 144px;\"><\/div><\/div><\/a><p style=\" color:#c9c8cd; font-family:Arial,sans-serif; font-size:14px; line-height:17px; margin-bottom:0; margin-top:8px; overflow:hidden; padding:8px 0 7px; text-align:center; text-overflow:ellipsis; white-space:nowrap;\"><a href=\"https:\/\/www.instagram.com\/reel\/CrhTgjxIP4c\/?utm_source=ig_embed&amp;utm_campaign=loading\" style=\" color:#c9c8cd; font-family:Arial,sans-serif; font-size:14px; font-style:normal; font-weight:normal; line-height:17px; text-decoration:none;\" target=\"_blank\">Una publicaci\u00f3n compartida de Maria Becerra (@mariabecerra)<\/a><\/p><\/div><\/blockquote> <script async src=\"\/\/www.instagram.com\/embed.js\"><\/script>\t\t\t\t<\/div>\n\t\t\t\t<\/div>\n\t\t\t\t\t<\/div>\n\t\t<\/div>\n\t\t\t\t<div class=\"elementor-column elementor-col-50 elementor-top-column elementor-element elementor-element-5dbc9ef\" data-id=\"5dbc9ef\" data-element_type=\"column\" data-e-type=\"column\">\n\t\t\t<div class=\"elementor-widget-wrap elementor-element-populated\">\n\t\t\t\t\t\t<div class=\"elementor-element elementor-element-d4fb8d9 elementor-widget elementor-widget-text-editor\" data-id=\"d4fb8d9\" data-element_type=\"widget\" data-e-type=\"widget\" data-widget_type=\"text-editor.default\">\n\t\t\t\t<div class=\"elementor-widget-container\">\n\t\t\t\t\t\t\t\t\t<blockquote>\n<p>\u00abInfo Importante Preventa Fans:<br \/>Para las primeras 200 personas que compren su ticket con el c\u00f3digo de preventa fans obtendr\u00e1n autom\u00e1ticamente un acceso exclusivo a la prueba de sonido de su ciudad <img decoding=\"async\" class=\"emoji\" role=\"img\" draggable=\"false\" src=\"https:\/\/s.w.org\/images\/core\/emoji\/14.0.0\/svg\/2764.svg\" alt=\"\u2764\ufe0f\" \/>\u00ab, Mar\u00eda Becerra v\u00eda Instagram<\/p>\n<\/blockquote>\t\t\t\t\t\t\t\t<\/div>\n\t\t\t\t<\/div>\n\t\t\t\t\t<\/div>\n\t\t<\/div>\n\t\t\t\t\t<\/div>\n\t\t<\/section>\n\t\t\t\t<section class=\"elementor-section elementor-top-section elementor-element elementor-element-2791322 elementor-section-boxed elementor-section-height-default elementor-section-height-default\" data-id=\"2791322\" data-element_type=\"section\" data-e-type=\"section\">\n\t\t\t\t\t\t<div class=\"elementor-container elementor-column-gap-default\">\n\t\t\t\t\t<div class=\"elementor-column elementor-col-100 elementor-top-column elementor-element elementor-element-83d7e5c\" data-id=\"83d7e5c\" data-element_type=\"column\" data-e-type=\"column\">\n\t\t\t<div class=\"elementor-widget-wrap elementor-element-populated\">\n\t\t\t\t\t\t<div class=\"elementor-element elementor-element-8712458 elementor-widget elementor-widget-text-editor\" data-id=\"8712458\" data-element_type=\"widget\" data-e-type=\"widget\" data-widget_type=\"text-editor.default\">\n\t\t\t\t<div class=\"elementor-widget-container\">\n\t\t\t\t\t\t\t\t\t<p>La cantante argentina ya triunf\u00f3 con el\u00a0<strong>Animal Tour<\/strong>, el cual la llev\u00f3 a numerosas ciudades, tanto de Latinoam\u00e9rica como de Espa\u00f1a en conciertos propios y festivales. A los shows llev\u00f3 numerosos invitados como\u00a0<strong><a href=\"https:\/\/open.spotify.com\/artist\/0haZhu4fFKt0Ag94kZDiz2?si=_w9oTricQ5iZO_-60XmF0g\">Sof\u00eda Reyes<\/a><\/strong>, con quien comparte\u00a0<em><strong><a href=\"https:\/\/open.spotify.com\/track\/1uK5rDY3BnikyG0sl3tPpc?si=9c6a34bd57584e17\">Marte<\/a><\/strong><\/em>;\u00a0<strong><a href=\"https:\/\/open.spotify.com\/artist\/3bvfu2KAve4lPHrhEFDZna?si=AmA3lN8qSsui3ysiwGmCAA\">Lola \u00edndigo<\/a><\/strong>, junto a la que interpret\u00f3\u00a0<em><strong><a href=\"https:\/\/open.spotify.com\/track\/6PSyxMi8vTq5m25Yh6Oc6J?si=a6c4aa401f6b4d89\">Discoteka<\/a><\/strong><\/em>; o\u00a0<strong><a href=\"https:\/\/open.spotify.com\/artist\/6w3SkAHYPsQ1bxV7VDlG5y?si=-7liuuFOS8KvDN0digkufQ\">Cazzu<\/a><\/strong>, quien le acompa\u00f1\u00f3 en\u00a0<em><strong><a href=\"https:\/\/open.spotify.com\/track\/1lnogoGekR3zgFBpcVVkac?si=e66a6041d7704a15\">Animal<\/a><\/strong><\/em>, canci\u00f3n que le daba nombre al disco. 37 fueron los shows que ofreci\u00f3, 8 de los cuales tuvieron lugar en Espa\u00f1a.<\/p>\t\t\t\t\t\t\t\t<\/div>\n\t\t\t\t<\/div>\n\t\t\t\t\t<\/div>\n\t\t<\/div>\n\t\t\t\t\t<\/div>\n\t\t<\/section>\n\t\t\t\t<\/div>","protected":false},"excerpt":{"rendered":"<p>Mar\u00eda Becerra llegar\u00e1 a Mexico el pr\u00f3ximo mes de octubre con su La Nena de Argentina Tour Mar\u00eda Becerra\u00a0acaba de anunciar que\u00a0La Nena de Argentina Tour\u00a0pasar\u00e1 por\u00a0Mexico. El cartel cuenta con seis fechas repartidas por todo el pa\u00eds que comienzan el 5 de octubre en M\u00e9rida y termina el 15 del mismo mes en Guadalajara. [&hellip;]<\/p>\n","protected":false},"author":1,"featured_media":452,"comment_status":"open","ping_status":"open","sticky":false,"template":"","format":"standard","meta":{"footnotes":""},"categories":[4],"tags":[],"class_list":["post-447","post","type-post","status-publish","format-standard","has-post-thumbnail","hentry","category-musica"],"yoast_head":"<!-- This site is optimized with the Yoast SEO plugin v27.4 - https:\/\/yoast.com\/product\/yoast-seo-wordpress\/ -->\n<title>La Nena de Argentina llega a Mexico &#8902; Una y Mil Letras<\/title>\n<meta name=\"description\" content=\"Mar\u00eda Becerra llegar\u00e1 a M\u00e9xico el pr\u00f3ximo mes de octubre con su La Nena de Argentina Tour\" \/>\n<meta name=\"robots\" content=\"index, follow, max-snippet:-1, max-image-preview:large, max-video-preview:-1\" \/>\n<link rel=\"canonical\" href=\"https:\/\/unaymilletras.com\/en\/maria-becerra-llega-a-mexico\/\" \/>\n<meta property=\"og:locale\" content=\"en_GB\" \/>\n<meta property=\"og:type\" content=\"article\" \/>\n<meta property=\"og:title\" content=\"La Nena de Argentina llega a Mexico &#8902; Una y Mil Letras\" \/>\n<meta property=\"og:description\" content=\"Mar\u00eda Becerra llegar\u00e1 a M\u00e9xico el pr\u00f3ximo mes de octubre con su La Nena de Argentina Tour\" \/>\n<meta property=\"og:url\" content=\"https:\/\/unaymilletras.com\/en\/maria-becerra-llega-a-mexico\/\" \/>\n<meta property=\"og:site_name\" content=\"Una y Mil Letras\" \/>\n<meta property=\"article:published_time\" content=\"2023-04-28T13:27:52+00:00\" \/>\n<meta property=\"article:modified_time\" content=\"2023-05-06T14:06:31+00:00\" \/>\n<meta property=\"og:image\" content=\"https:\/\/unaymilletras.com\/wp-content\/uploads\/2023\/04\/lnda-mx-e1683381398954.jpeg\" \/>\n\t<meta property=\"og:image:width\" content=\"600\" \/>\n\t<meta property=\"og:image:height\" content=\"600\" \/>\n\t<meta property=\"og:image:type\" content=\"image\/jpeg\" \/>\n<meta name=\"author\" content=\"Maria Gil Robledo\" \/>\n<meta name=\"twitter:card\" content=\"summary_large_image\" \/>\n<meta name=\"twitter:creator\" content=\"@UnaYMilLetras\" \/>\n<meta name=\"twitter:site\" content=\"@UnaYMilLetras\" \/>\n<meta name=\"twitter:label1\" content=\"Written by\" \/>\n\t<meta name=\"twitter:data1\" content=\"Maria Gil Robledo\" \/>\n\t<meta name=\"twitter:label2\" content=\"Estimated reading time\" \/>\n\t<meta name=\"twitter:data2\" content=\"3 minutes\" \/>\n<script type=\"application\/ld+json\" class=\"yoast-schema-graph\">{\"@context\":\"https:\\\/\\\/schema.org\",\"@graph\":[{\"@type\":\"Article\",\"@id\":\"https:\\\/\\\/unaymilletras.com\\\/maria-becerra-llega-a-mexico\\\/#article\",\"isPartOf\":{\"@id\":\"https:\\\/\\\/unaymilletras.com\\\/maria-becerra-llega-a-mexico\\\/\"},\"author\":{\"name\":\"Maria Gil Robledo\",\"@id\":\"http:\\\/\\\/unaymilletras.com\\\/#\\\/schema\\\/person\\\/d55ba681b8a4e463d8982dbe36a5dc94\"},\"headline\":\"La Nena de Argentina llega a Mexico\",\"datePublished\":\"2023-04-28T13:27:52+00:00\",\"dateModified\":\"2023-05-06T14:06:31+00:00\",\"mainEntityOfPage\":{\"@id\":\"https:\\\/\\\/unaymilletras.com\\\/maria-becerra-llega-a-mexico\\\/\"},\"wordCount\":390,\"commentCount\":0,\"publisher\":{\"@id\":\"http:\\\/\\\/unaymilletras.com\\\/#organization\"},\"image\":{\"@id\":\"https:\\\/\\\/unaymilletras.com\\\/maria-becerra-llega-a-mexico\\\/#primaryimage\"},\"thumbnailUrl\":\"https:\\\/\\\/unaymilletras.com\\\/wp-content\\\/uploads\\\/2023\\\/04\\\/lnda-mx-e1683381398954.jpeg\",\"articleSection\":[\"M\u00fasica\"],\"inLanguage\":\"en-GB\",\"potentialAction\":[{\"@type\":\"CommentAction\",\"name\":\"Comment\",\"target\":[\"https:\\\/\\\/unaymilletras.com\\\/maria-becerra-llega-a-mexico\\\/#respond\"]}]},{\"@type\":\"WebPage\",\"@id\":\"https:\\\/\\\/unaymilletras.com\\\/maria-becerra-llega-a-mexico\\\/\",\"url\":\"https:\\\/\\\/unaymilletras.com\\\/maria-becerra-llega-a-mexico\\\/\",\"name\":\"La Nena de Argentina llega a Mexico &#8902; Una y Mil Letras\",\"isPartOf\":{\"@id\":\"http:\\\/\\\/unaymilletras.com\\\/#website\"},\"primaryImageOfPage\":{\"@id\":\"https:\\\/\\\/unaymilletras.com\\\/maria-becerra-llega-a-mexico\\\/#primaryimage\"},\"image\":{\"@id\":\"https:\\\/\\\/unaymilletras.com\\\/maria-becerra-llega-a-mexico\\\/#primaryimage\"},\"thumbnailUrl\":\"https:\\\/\\\/unaymilletras.com\\\/wp-content\\\/uploads\\\/2023\\\/04\\\/lnda-mx-e1683381398954.jpeg\",\"datePublished\":\"2023-04-28T13:27:52+00:00\",\"dateModified\":\"2023-05-06T14:06:31+00:00\",\"description\":\"Mar\u00eda Becerra llegar\u00e1 a M\u00e9xico el pr\u00f3ximo mes de octubre con su La Nena de Argentina Tour\",\"breadcrumb\":{\"@id\":\"https:\\\/\\\/unaymilletras.com\\\/maria-becerra-llega-a-mexico\\\/#breadcrumb\"},\"inLanguage\":\"en-GB\",\"potentialAction\":[{\"@type\":\"ReadAction\",\"target\":[\"https:\\\/\\\/unaymilletras.com\\\/maria-becerra-llega-a-mexico\\\/\"]}]},{\"@type\":\"ImageObject\",\"inLanguage\":\"en-GB\",\"@id\":\"https:\\\/\\\/unaymilletras.com\\\/maria-becerra-llega-a-mexico\\\/#primaryimage\",\"url\":\"https:\\\/\\\/unaymilletras.com\\\/wp-content\\\/uploads\\\/2023\\\/04\\\/lnda-mx-e1683381398954.jpeg\",\"contentUrl\":\"https:\\\/\\\/unaymilletras.com\\\/wp-content\\\/uploads\\\/2023\\\/04\\\/lnda-mx-e1683381398954.jpeg\",\"width\":600,\"height\":600,\"caption\":\"LNDA MX Mar\u00eda Becerra\"},{\"@type\":\"BreadcrumbList\",\"@id\":\"https:\\\/\\\/unaymilletras.com\\\/maria-becerra-llega-a-mexico\\\/#breadcrumb\",\"itemListElement\":[{\"@type\":\"ListItem\",\"position\":1,\"name\":\"Home\",\"item\":\"http:\\\/\\\/unaymilletras.com\\\/\"},{\"@type\":\"ListItem\",\"position\":2,\"name\":\"La Nena de Argentina llega a Mexico\"}]},{\"@type\":\"WebSite\",\"@id\":\"http:\\\/\\\/unaymilletras.com\\\/#website\",\"url\":\"http:\\\/\\\/unaymilletras.com\\\/\",\"name\":\"Una y Mil Letras\",\"description\":\"\",\"publisher\":{\"@id\":\"http:\\\/\\\/unaymilletras.com\\\/#organization\"},\"potentialAction\":[{\"@type\":\"SearchAction\",\"target\":{\"@type\":\"EntryPoint\",\"urlTemplate\":\"http:\\\/\\\/unaymilletras.com\\\/?s={search_term_string}\"},\"query-input\":{\"@type\":\"PropertyValueSpecification\",\"valueRequired\":true,\"valueName\":\"search_term_string\"}}],\"inLanguage\":\"en-GB\"},{\"@type\":\"Organization\",\"@id\":\"http:\\\/\\\/unaymilletras.com\\\/#organization\",\"name\":\"Una y Mil Letras\",\"url\":\"http:\\\/\\\/unaymilletras.com\\\/\",\"logo\":{\"@type\":\"ImageObject\",\"inLanguage\":\"en-GB\",\"@id\":\"http:\\\/\\\/unaymilletras.com\\\/#\\\/schema\\\/logo\\\/image\\\/\",\"url\":\"https:\\\/\\\/unaymilletras.com\\\/wp-content\\\/uploads\\\/2024\\\/06\\\/cropped-Logo-removebg-preview.png\",\"contentUrl\":\"https:\\\/\\\/unaymilletras.com\\\/wp-content\\\/uploads\\\/2024\\\/06\\\/cropped-Logo-removebg-preview.png\",\"width\":512,\"height\":512,\"caption\":\"Una y Mil Letras\"},\"image\":{\"@id\":\"http:\\\/\\\/unaymilletras.com\\\/#\\\/schema\\\/logo\\\/image\\\/\"},\"sameAs\":[\"https:\\\/\\\/x.com\\\/UnaYMilLetras\",\"https:\\\/\\\/instagram.com\\\/UnaYMilLetras\"]},{\"@type\":\"Person\",\"@id\":\"http:\\\/\\\/unaymilletras.com\\\/#\\\/schema\\\/person\\\/d55ba681b8a4e463d8982dbe36a5dc94\",\"name\":\"Maria Gil Robledo\",\"image\":{\"@type\":\"ImageObject\",\"inLanguage\":\"en-GB\",\"@id\":\"https:\\\/\\\/secure.gravatar.com\\\/avatar\\\/4b8e5102e0015789407eb4870b12f0f2857952d83ca124058f92b764bd1840c3?s=96&d=mm&r=g\",\"url\":\"https:\\\/\\\/secure.gravatar.com\\\/avatar\\\/4b8e5102e0015789407eb4870b12f0f2857952d83ca124058f92b764bd1840c3?s=96&d=mm&r=g\",\"contentUrl\":\"https:\\\/\\\/secure.gravatar.com\\\/avatar\\\/4b8e5102e0015789407eb4870b12f0f2857952d83ca124058f92b764bd1840c3?s=96&d=mm&r=g\",\"caption\":\"Maria Gil Robledo\"},\"sameAs\":[\"http:\\\/\\\/unaymilletras.com\"],\"url\":\"https:\\\/\\\/unaymilletras.com\\\/en\\\/author\\\/mariiagiil02_\\\/\"}]}<\/script>\n<!-- \/ Yoast SEO plugin. -->","yoast_head_json":{"title":"La Nena de Argentina llega a Mexico &#8902; Una y Mil Letras","description":"Mar\u00eda Becerra llegar\u00e1 a M\u00e9xico el pr\u00f3ximo mes de octubre con su La Nena de Argentina Tour","robots":{"index":"index","follow":"follow","max-snippet":"max-snippet:-1","max-image-preview":"max-image-preview:large","max-video-preview":"max-video-preview:-1"},"canonical":"https:\/\/unaymilletras.com\/en\/maria-becerra-llega-a-mexico\/","og_locale":"en_GB","og_type":"article","og_title":"La Nena de Argentina llega a Mexico &#8902; Una y Mil Letras","og_description":"Mar\u00eda Becerra llegar\u00e1 a M\u00e9xico el pr\u00f3ximo mes de octubre con su La Nena de Argentina Tour","og_url":"https:\/\/unaymilletras.com\/en\/maria-becerra-llega-a-mexico\/","og_site_name":"Una y Mil Letras","article_published_time":"2023-04-28T13:27:52+00:00","article_modified_time":"2023-05-06T14:06:31+00:00","og_image":[{"width":600,"height":600,"url":"https:\/\/unaymilletras.com\/wp-content\/uploads\/2023\/04\/lnda-mx-e1683381398954.jpeg","type":"image\/jpeg"}],"author":"Maria Gil Robledo","twitter_card":"summary_large_image","twitter_creator":"@UnaYMilLetras","twitter_site":"@UnaYMilLetras","twitter_misc":{"Written by":"Maria Gil Robledo","Estimated reading time":"3 minutes"},"schema":{"@context":"https:\/\/schema.org","@graph":[{"@type":"Article","@id":"https:\/\/unaymilletras.com\/maria-becerra-llega-a-mexico\/#article","isPartOf":{"@id":"https:\/\/unaymilletras.com\/maria-becerra-llega-a-mexico\/"},"author":{"name":"Maria Gil Robledo","@id":"http:\/\/unaymilletras.com\/#\/schema\/person\/d55ba681b8a4e463d8982dbe36a5dc94"},"headline":"La Nena de Argentina llega a Mexico","datePublished":"2023-04-28T13:27:52+00:00","dateModified":"2023-05-06T14:06:31+00:00","mainEntityOfPage":{"@id":"https:\/\/unaymilletras.com\/maria-becerra-llega-a-mexico\/"},"wordCount":390,"commentCount":0,"publisher":{"@id":"http:\/\/unaymilletras.com\/#organization"},"image":{"@id":"https:\/\/unaymilletras.com\/maria-becerra-llega-a-mexico\/#primaryimage"},"thumbnailUrl":"https:\/\/unaymilletras.com\/wp-content\/uploads\/2023\/04\/lnda-mx-e1683381398954.jpeg","articleSection":["M\u00fasica"],"inLanguage":"en-GB","potentialAction":[{"@type":"CommentAction","name":"Comment","target":["https:\/\/unaymilletras.com\/maria-becerra-llega-a-mexico\/#respond"]}]},{"@type":"WebPage","@id":"https:\/\/unaymilletras.com\/maria-becerra-llega-a-mexico\/","url":"https:\/\/unaymilletras.com\/maria-becerra-llega-a-mexico\/","name":"La Nena de Argentina llega a Mexico &#8902; Una y Mil Letras","isPartOf":{"@id":"http:\/\/unaymilletras.com\/#website"},"primaryImageOfPage":{"@id":"https:\/\/unaymilletras.com\/maria-becerra-llega-a-mexico\/#primaryimage"},"image":{"@id":"https:\/\/unaymilletras.com\/maria-becerra-llega-a-mexico\/#primaryimage"},"thumbnailUrl":"https:\/\/unaymilletras.com\/wp-content\/uploads\/2023\/04\/lnda-mx-e1683381398954.jpeg","datePublished":"2023-04-28T13:27:52+00:00","dateModified":"2023-05-06T14:06:31+00:00","description":"Mar\u00eda Becerra llegar\u00e1 a M\u00e9xico el pr\u00f3ximo mes de octubre con su La Nena de Argentina Tour","breadcrumb":{"@id":"https:\/\/unaymilletras.com\/maria-becerra-llega-a-mexico\/#breadcrumb"},"inLanguage":"en-GB","potentialAction":[{"@type":"ReadAction","target":["https:\/\/unaymilletras.com\/maria-becerra-llega-a-mexico\/"]}]},{"@type":"ImageObject","inLanguage":"en-GB","@id":"https:\/\/unaymilletras.com\/maria-becerra-llega-a-mexico\/#primaryimage","url":"https:\/\/unaymilletras.com\/wp-content\/uploads\/2023\/04\/lnda-mx-e1683381398954.jpeg","contentUrl":"https:\/\/unaymilletras.com\/wp-content\/uploads\/2023\/04\/lnda-mx-e1683381398954.jpeg","width":600,"height":600,"caption":"LNDA MX Mar\u00eda Becerra"},{"@type":"BreadcrumbList","@id":"https:\/\/unaymilletras.com\/maria-becerra-llega-a-mexico\/#breadcrumb","itemListElement":[{"@type":"ListItem","position":1,"name":"Home","item":"http:\/\/unaymilletras.com\/"},{"@type":"ListItem","position":2,"name":"La Nena de Argentina llega a Mexico"}]},{"@type":"WebSite","@id":"http:\/\/unaymilletras.com\/#website","url":"http:\/\/unaymilletras.com\/","name":"Una y Mil Letras","description":"","publisher":{"@id":"http:\/\/unaymilletras.com\/#organization"},"potentialAction":[{"@type":"SearchAction","target":{"@type":"EntryPoint","urlTemplate":"http:\/\/unaymilletras.com\/?s={search_term_string}"},"query-input":{"@type":"PropertyValueSpecification","valueRequired":true,"valueName":"search_term_string"}}],"inLanguage":"en-GB"},{"@type":"Organization","@id":"http:\/\/unaymilletras.com\/#organization","name":"Una y Mil Letras","url":"http:\/\/unaymilletras.com\/","logo":{"@type":"ImageObject","inLanguage":"en-GB","@id":"http:\/\/unaymilletras.com\/#\/schema\/logo\/image\/","url":"https:\/\/unaymilletras.com\/wp-content\/uploads\/2024\/06\/cropped-Logo-removebg-preview.png","contentUrl":"https:\/\/unaymilletras.com\/wp-content\/uploads\/2024\/06\/cropped-Logo-removebg-preview.png","width":512,"height":512,"caption":"Una y Mil Letras"},"image":{"@id":"http:\/\/unaymilletras.com\/#\/schema\/logo\/image\/"},"sameAs":["https:\/\/x.com\/UnaYMilLetras","https:\/\/instagram.com\/UnaYMilLetras"]},{"@type":"Person","@id":"http:\/\/unaymilletras.com\/#\/schema\/person\/d55ba681b8a4e463d8982dbe36a5dc94","name":"Maria Gil Robledo","image":{"@type":"ImageObject","inLanguage":"en-GB","@id":"https:\/\/secure.gravatar.com\/avatar\/4b8e5102e0015789407eb4870b12f0f2857952d83ca124058f92b764bd1840c3?s=96&d=mm&r=g","url":"https:\/\/secure.gravatar.com\/avatar\/4b8e5102e0015789407eb4870b12f0f2857952d83ca124058f92b764bd1840c3?s=96&d=mm&r=g","contentUrl":"https:\/\/secure.gravatar.com\/avatar\/4b8e5102e0015789407eb4870b12f0f2857952d83ca124058f92b764bd1840c3?s=96&d=mm&r=g","caption":"Maria Gil Robledo"},"sameAs":["http:\/\/unaymilletras.com"],"url":"https:\/\/unaymilletras.com\/en\/author\/mariiagiil02_\/"}]}},"_links":{"self":[{"href":"https:\/\/unaymilletras.com\/en\/wp-json\/wp\/v2\/posts\/447","targetHints":{"allow":["GET"]}}],"collection":[{"href":"https:\/\/unaymilletras.com\/en\/wp-json\/wp\/v2\/posts"}],"about":[{"href":"https:\/\/unaymilletras.com\/en\/wp-json\/wp\/v2\/types\/post"}],"author":[{"embeddable":true,"href":"https:\/\/unaymilletras.com\/en\/wp-json\/wp\/v2\/users\/1"}],"replies":[{"embeddable":true,"href":"https:\/\/unaymilletras.com\/en\/wp-json\/wp\/v2\/comments?post=447"}],"version-history":[{"count":3,"href":"https:\/\/unaymilletras.com\/en\/wp-json\/wp\/v2\/posts\/447\/revisions"}],"predecessor-version":[{"id":539,"href":"https:\/\/unaymilletras.com\/en\/wp-json\/wp\/v2\/posts\/447\/revisions\/539"}],"wp:featuredmedia":[{"embeddable":true,"href":"https:\/\/unaymilletras.com\/en\/wp-json\/wp\/v2\/media\/452"}],"wp:attachment":[{"href":"https:\/\/unaymilletras.com\/en\/wp-json\/wp\/v2\/media?parent=447"}],"wp:term":[{"taxonomy":"category","embeddable":true,"href":"https:\/\/unaymilletras.com\/en\/wp-json\/wp\/v2\/categories?post=447"},{"taxonomy":"post_tag","embeddable":true,"href":"https:\/\/unaymilletras.com\/en\/wp-json\/wp\/v2\/tags?post=447"}],"curies":[{"name":"wp","href":"https:\/\/api.w.org\/{rel}","templated":true}]}}