{"id":4471,"date":"2025-04-30T10:16:49","date_gmt":"2025-04-30T08:16:49","guid":{"rendered":"https:\/\/unaymilletras.com\/?p=4471"},"modified":"2025-04-30T10:19:54","modified_gmt":"2025-04-30T08:19:54","slug":"the-lumineers-llegan-a-espana-con-su-esperado-brightside-tour","status":"publish","type":"post","link":"https:\/\/unaymilletras.com\/en\/the-lumineers-llegan-a-espana-con-su-esperado-brightside-tour\/","title":{"rendered":"The Lumineers llegan a Espa\u00f1a con su esperado \u00abBrightside Tour\u00bb"},"content":{"rendered":"<div data-elementor-type=\"wp-post\" data-elementor-id=\"4471\" class=\"elementor elementor-4471\">\n\t\t\t\t\t\t<section class=\"elementor-section elementor-top-section elementor-element elementor-element-5c68902 elementor-section-boxed elementor-section-height-default elementor-section-height-default\" data-id=\"5c68902\" data-element_type=\"section\" data-e-type=\"section\">\n\t\t\t\t\t\t<div class=\"elementor-container elementor-column-gap-default\">\n\t\t\t\t\t<div class=\"elementor-column elementor-col-100 elementor-top-column elementor-element elementor-element-2d593db\" data-id=\"2d593db\" data-element_type=\"column\" data-e-type=\"column\">\n\t\t\t<div class=\"elementor-widget-wrap elementor-element-populated\">\n\t\t\t\t\t\t<div class=\"elementor-element elementor-element-2f46128 elementor-widget elementor-widget-text-editor\" data-id=\"2f46128\" data-element_type=\"widget\" data-e-type=\"widget\" data-widget_type=\"text-editor.default\">\n\t\t\t\t<div class=\"elementor-widget-container\">\n\t\t\t\t\t\t\t\t\t<h2 style=\"text-align: center;\"><span style=\"color: #808080;\"><em>The Lumineers presentar\u00e1 su \u00faltimo \u00e1lbum en dos noches \u00fanicas que prometen emoci\u00f3n, folk y grandes himnos\u00a0<\/em><\/span><\/h2>\t\t\t\t\t\t\t\t<\/div>\n\t\t\t\t<\/div>\n\t\t\t\t\t<\/div>\n\t\t<\/div>\n\t\t\t\t\t<\/div>\n\t\t<\/section>\n\t\t\t\t<section class=\"elementor-section elementor-top-section elementor-element elementor-element-7e3f734 elementor-section-boxed elementor-section-height-default elementor-section-height-default\" data-id=\"7e3f734\" data-element_type=\"section\" data-e-type=\"section\">\n\t\t\t\t\t\t<div class=\"elementor-container elementor-column-gap-default\">\n\t\t\t\t\t<div class=\"elementor-column elementor-col-100 elementor-top-column elementor-element elementor-element-fcc6d76\" data-id=\"fcc6d76\" data-element_type=\"column\" data-e-type=\"column\">\n\t\t\t<div class=\"elementor-widget-wrap elementor-element-populated\">\n\t\t\t\t\t\t<div class=\"elementor-element elementor-element-f113b0e elementor-widget elementor-widget-text-editor\" data-id=\"f113b0e\" data-element_type=\"widget\" data-e-type=\"widget\" data-widget_type=\"text-editor.default\">\n\t\t\t\t<div class=\"elementor-widget-container\">\n\t\t\t\t\t\t\t\t\t<p class=\"\" data-start=\"285\" data-end=\"713\">La cuenta atr\u00e1s ha comenzado. <strong data-start=\"315\" data-end=\"332\">The Lumineers<\/strong>, una de las bandas m\u00e1s influyentes del folk-rock contempor\u00e1neo, aterriza esta semana en Espa\u00f1a como parte de su <strong data-start=\"445\" data-end=\"466\"><i>Brightside Tour<\/i><\/strong>, con dos conciertos muy esperados en el <strong data-start=\"507\" data-end=\"523\">Bilbao Arena<\/strong> (30 de abril) y el <strong data-start=\"543\" data-end=\"570\">WiZink Center de Madrid<\/strong> (3 de mayo). Ambos shows se enmarcan dentro de una extensa gira europea que incluye paradas en ciudades como Londres, Par\u00eds, Viena o Dubl\u00edn.<\/p>\t\t\t\t\t\t\t\t<\/div>\n\t\t\t\t<\/div>\n\t\t\t\t\t<\/div>\n\t\t<\/div>\n\t\t\t\t\t<\/div>\n\t\t<\/section>\n\t\t\t\t<section class=\"elementor-section elementor-top-section elementor-element elementor-element-26dcd19 elementor-section-boxed elementor-section-height-default elementor-section-height-default\" data-id=\"26dcd19\" data-element_type=\"section\" data-e-type=\"section\">\n\t\t\t\t\t\t<div class=\"elementor-container elementor-column-gap-default\">\n\t\t\t\t\t<div class=\"elementor-column elementor-col-100 elementor-top-column elementor-element elementor-element-a22c379\" data-id=\"a22c379\" data-element_type=\"column\" data-e-type=\"column\">\n\t\t\t<div class=\"elementor-widget-wrap elementor-element-populated\">\n\t\t\t\t\t\t<div class=\"elementor-element elementor-element-b118e61 elementor-widget elementor-widget-image\" data-id=\"b118e61\" data-element_type=\"widget\" data-e-type=\"widget\" data-widget_type=\"image.default\">\n\t\t\t\t<div class=\"elementor-widget-container\">\n\t\t\t\t\t\t\t\t\t\t\t\t\t\t\t<img fetchpriority=\"high\" decoding=\"async\" width=\"600\" height=\"330\" src=\"https:\/\/unaymilletras.com\/wp-content\/uploads\/2025\/04\/Lumineers_890x490_TW-copia-e1746001044850.jpg\" class=\"attachment-large size-large wp-image-4473\" alt=\"The Lumineers\" \/>\t\t\t\t\t\t\t\t\t\t\t\t\t\t\t<\/div>\n\t\t\t\t<\/div>\n\t\t\t\t\t<\/div>\n\t\t<\/div>\n\t\t\t\t\t<\/div>\n\t\t<\/section>\n\t\t\t\t<section class=\"elementor-section elementor-top-section elementor-element elementor-element-d61fd1e elementor-section-boxed elementor-section-height-default elementor-section-height-default\" data-id=\"d61fd1e\" data-element_type=\"section\" data-e-type=\"section\">\n\t\t\t\t\t\t<div class=\"elementor-container elementor-column-gap-default\">\n\t\t\t\t\t<div class=\"elementor-column elementor-col-100 elementor-top-column elementor-element elementor-element-2b68a20\" data-id=\"2b68a20\" data-element_type=\"column\" data-e-type=\"column\">\n\t\t\t<div class=\"elementor-widget-wrap elementor-element-populated\">\n\t\t\t\t\t\t<div class=\"elementor-element elementor-element-0a179a1 elementor-widget elementor-widget-text-editor\" data-id=\"0a179a1\" data-element_type=\"widget\" data-e-type=\"widget\" data-widget_type=\"text-editor.default\">\n\t\t\t\t<div class=\"elementor-widget-container\">\n\t\t\t\t\t\t\t\t\t<p class=\"\" data-start=\"715\" data-end=\"1173\">Los conciertos en nuestro pa\u00eds ser\u00e1n una oportunidad \u00fanica para ver en directo a la banda liderada por <strong data-start=\"818\" data-end=\"836\">Wesley Schultz<\/strong> y <strong data-start=\"839\" data-end=\"859\">Jeremiah Fraites<\/strong>, que regresa tras varios a\u00f1os sin pisar escenarios espa\u00f1oles. Esta vez lo hace con un repertorio renovado en el que no faltar\u00e1n los himnos que marcaron a toda una generaci\u00f3n como <strong data-start=\"1039\" data-end=\"1051\"><em>Ho Hey<\/em><\/strong>, <strong data-start=\"1053\" data-end=\"1066\"><em>Ophelia<\/em><\/strong>\u00a0o <strong data-start=\"1069\" data-end=\"1084\"><em>Cleopatra<\/em><\/strong>, as\u00ed como las canciones de su m\u00e1s reciente trabajo, <strong data-start=\"1137\" data-end=\"1153\"><em>Brightside<\/em><\/strong>, lanzado en 2022.<\/p><p class=\"\" data-start=\"1175\" data-end=\"1644\">El \u00e1lbum, el cuarto de su discograf\u00eda, recibi\u00f3 elogios de la cr\u00edtica y fue un \u00e9xito comercial, alcanzando el <strong data-start=\"1284\" data-end=\"1314\">Top 10 en EE. UU. y Canad\u00e1<\/strong>. La canci\u00f3n que le da nombre se convirti\u00f3 en su sexto n\u00famero 1 en menos de diez a\u00f1os en las listas de <em data-start=\"1417\" data-end=\"1428\">Billboard<\/em>. Adem\u00e1s, su gira mundial ha sido un fen\u00f3meno global: m\u00e1s de <strong data-start=\"1489\" data-end=\"1542\">1.1 millones de entradas vendidas en 120 ciudades<\/strong>, con r\u00e9cords de asistencia en estadios como el Coors Field de Denver y el Wrigley Field de Chicago.<\/p><p class=\"\" data-start=\"1646\" data-end=\"2059\">La trayectoria de The Lumineers es una de las m\u00e1s s\u00f3lidas del indie-folk moderno. Desde su irrupci\u00f3n en 2012 con el hit <strong data-start=\"1766\" data-end=\"1778\"><em>Ho Hey<\/em><\/strong>, han acumulado millones de discos vendidos, m\u00faltiples certificaciones de platino y dos nominaciones a los premios <strong data-start=\"1893\" data-end=\"1904\">GRAMMY\u00ae<\/strong>. Con cada disco han demostrado una evoluci\u00f3n constante, manteniendo la esencia emocional de su sonido con letras honestas y puestas en escena vibrantes.<\/p>\t\t\t\t\t\t\t\t<\/div>\n\t\t\t\t<\/div>\n\t\t\t\t\t<\/div>\n\t\t<\/div>\n\t\t\t\t\t<\/div>\n\t\t<\/section>\n\t\t\t\t<section class=\"elementor-section elementor-top-section elementor-element elementor-element-0bbba05 elementor-section-boxed elementor-section-height-default elementor-section-height-default\" data-id=\"0bbba05\" data-element_type=\"section\" data-e-type=\"section\">\n\t\t\t\t\t\t<div class=\"elementor-container elementor-column-gap-default\">\n\t\t\t\t\t<div class=\"elementor-column elementor-col-100 elementor-top-column elementor-element elementor-element-9239b92\" data-id=\"9239b92\" data-element_type=\"column\" data-e-type=\"column\">\n\t\t\t<div class=\"elementor-widget-wrap elementor-element-populated\">\n\t\t\t\t\t\t<div class=\"elementor-element elementor-element-6e28995 elementor-widget elementor-widget-video\" data-id=\"6e28995\" data-element_type=\"widget\" data-e-type=\"widget\" data-settings=\"{&quot;youtube_url&quot;:&quot;https:\\\/\\\/www.youtube.com\\\/watch?v=zvCBSSwgtg4&amp;ab_channel=TheLumineers&quot;,&quot;video_type&quot;:&quot;youtube&quot;,&quot;controls&quot;:&quot;yes&quot;}\" data-widget_type=\"video.default\">\n\t\t\t\t<div class=\"elementor-widget-container\">\n\t\t\t\t\t\t\t<div class=\"elementor-wrapper elementor-open-inline\">\n\t\t\t<div class=\"elementor-video\"><\/div>\t\t<\/div>\n\t\t\t\t\t\t<\/div>\n\t\t\t\t<\/div>\n\t\t\t\t\t<\/div>\n\t\t<\/div>\n\t\t\t\t\t<\/div>\n\t\t<\/section>\n\t\t\t\t<section class=\"elementor-section elementor-top-section elementor-element elementor-element-436f16f elementor-section-boxed elementor-section-height-default elementor-section-height-default\" data-id=\"436f16f\" data-element_type=\"section\" data-e-type=\"section\">\n\t\t\t\t\t\t<div class=\"elementor-container elementor-column-gap-default\">\n\t\t\t\t\t<div class=\"elementor-column elementor-col-100 elementor-top-column elementor-element elementor-element-11f16e7\" data-id=\"11f16e7\" data-element_type=\"column\" data-e-type=\"column\">\n\t\t\t<div class=\"elementor-widget-wrap elementor-element-populated\">\n\t\t\t\t\t\t<div class=\"elementor-element elementor-element-bc38918 elementor-widget elementor-widget-text-editor\" data-id=\"bc38918\" data-element_type=\"widget\" data-e-type=\"widget\" data-widget_type=\"text-editor.default\">\n\t\t\t\t<div class=\"elementor-widget-container\">\n\t\t\t\t\t\t\t\t\t<p class=\"\" data-start=\"2061\" data-end=\"2386\">Adem\u00e1s de sus grandes \u00e9xitos, el grupo presentar\u00e1 en vivo nuevas piezas que reflejan una madurez art\u00edstica notable, sin perder la capacidad de conectar emocionalmente con el p\u00fablico. Su directo se caracteriza por la cercan\u00eda, la energ\u00eda contagiosa y momentos \u00edntimos que hacen de cada concierto una experiencia inolvidable.<\/p><p class=\"\" data-start=\"2642\" data-end=\"2931\">El paso de The Lumineers por Bilbao y Madrid marcar\u00e1 uno de los puntos \u00e1lgidos del calendario de conciertos internacional en nuestro pa\u00eds este 2025. Folk con alma, letras que calan y una banda en plena forma que, m\u00e1s de una d\u00e9cada despu\u00e9s de su debut, sigue emocionando como el primer d\u00eda.<\/p>\t\t\t\t\t\t\t\t<\/div>\n\t\t\t\t<\/div>\n\t\t\t\t\t<\/div>\n\t\t<\/div>\n\t\t\t\t\t<\/div>\n\t\t<\/section>\n\t\t\t\t<\/div>","protected":false},"excerpt":{"rendered":"<p>The Lumineers presentar\u00e1 su \u00faltimo \u00e1lbum en dos noches \u00fanicas que prometen emoci\u00f3n, folk y grandes himnos\u00a0 La cuenta atr\u00e1s ha comenzado. The Lumineers, una de las bandas m\u00e1s influyentes del folk-rock contempor\u00e1neo, aterriza esta semana en Espa\u00f1a como parte de su Brightside Tour, con dos conciertos muy esperados en el Bilbao Arena (30 de [&hellip;]<\/p>\n","protected":false},"author":6,"featured_media":4473,"comment_status":"closed","ping_status":"closed","sticky":false,"template":"","format":"standard","meta":{"footnotes":""},"categories":[4],"tags":[],"class_list":["post-4471","post","type-post","status-publish","format-standard","has-post-thumbnail","hentry","category-musica"],"yoast_head":"<!-- This site is optimized with the Yoast SEO plugin v27.4 - https:\/\/yoast.com\/product\/yoast-seo-wordpress\/ -->\n<title>The Lumineers llegan a Espa\u00f1a con su esperado &quot;Brightside Tour&quot;<\/title>\n<meta name=\"description\" content=\"The Lumineers presentar\u00e1 su \u00faltimo \u00e1lbum en dos noches \u00fanicas que prometen emoci\u00f3n, folk y grandes himnos coreados por miles de fans\" \/>\n<meta name=\"robots\" content=\"index, follow, max-snippet:-1, max-image-preview:large, max-video-preview:-1\" \/>\n<link rel=\"canonical\" href=\"https:\/\/unaymilletras.com\/en\/the-lumineers-llegan-a-espana-con-su-esperado-brightside-tour\/\" \/>\n<meta property=\"og:locale\" content=\"en_GB\" \/>\n<meta property=\"og:type\" content=\"article\" \/>\n<meta property=\"og:title\" content=\"The Lumineers llegan a Espa\u00f1a con su esperado &quot;Brightside Tour&quot;\" \/>\n<meta property=\"og:description\" content=\"The Lumineers presentar\u00e1 su \u00faltimo \u00e1lbum en dos noches \u00fanicas que prometen emoci\u00f3n, folk y grandes himnos coreados por miles de fans\" \/>\n<meta property=\"og:url\" content=\"https:\/\/unaymilletras.com\/en\/the-lumineers-llegan-a-espana-con-su-esperado-brightside-tour\/\" \/>\n<meta property=\"og:site_name\" content=\"Una y Mil Letras\" \/>\n<meta property=\"article:published_time\" content=\"2025-04-30T08:16:49+00:00\" \/>\n<meta property=\"article:modified_time\" content=\"2025-04-30T08:19:54+00:00\" \/>\n<meta property=\"og:image\" content=\"http:\/\/unaymilletras.com\/wp-content\/uploads\/2025\/04\/Lumineers_890x490_TW-copia-e1746001044850.jpg\" \/>\n\t<meta property=\"og:image:width\" content=\"600\" \/>\n\t<meta property=\"og:image:height\" content=\"330\" \/>\n\t<meta property=\"og:image:type\" content=\"image\/jpeg\" \/>\n<meta name=\"author\" content=\"Redacci\u00f3n\" \/>\n<meta name=\"twitter:card\" content=\"summary_large_image\" \/>\n<meta name=\"twitter:creator\" content=\"@UnaYMilLetras\" \/>\n<meta name=\"twitter:site\" content=\"@UnaYMilLetras\" \/>\n<meta name=\"twitter:label1\" content=\"Written by\" \/>\n\t<meta name=\"twitter:data1\" content=\"Redacci\u00f3n\" \/>\n\t<meta name=\"twitter:label2\" content=\"Estimated reading time\" \/>\n\t<meta name=\"twitter:data2\" content=\"3 minutes\" \/>\n<script type=\"application\/ld+json\" class=\"yoast-schema-graph\">{\"@context\":\"https:\\\/\\\/schema.org\",\"@graph\":[{\"@type\":\"Article\",\"@id\":\"https:\\\/\\\/unaymilletras.com\\\/the-lumineers-llegan-a-espana-con-su-esperado-brightside-tour\\\/#article\",\"isPartOf\":{\"@id\":\"https:\\\/\\\/unaymilletras.com\\\/the-lumineers-llegan-a-espana-con-su-esperado-brightside-tour\\\/\"},\"author\":{\"name\":\"Redacci\u00f3n\",\"@id\":\"http:\\\/\\\/unaymilletras.com\\\/#\\\/schema\\\/person\\\/0860dc8a218329991ee2c7591f4f849d\"},\"headline\":\"The Lumineers llegan a Espa\u00f1a con su esperado \u00abBrightside Tour\u00bb\",\"datePublished\":\"2025-04-30T08:16:49+00:00\",\"dateModified\":\"2025-04-30T08:19:54+00:00\",\"mainEntityOfPage\":{\"@id\":\"https:\\\/\\\/unaymilletras.com\\\/the-lumineers-llegan-a-espana-con-su-esperado-brightside-tour\\\/\"},\"wordCount\":458,\"publisher\":{\"@id\":\"http:\\\/\\\/unaymilletras.com\\\/#organization\"},\"image\":{\"@id\":\"https:\\\/\\\/unaymilletras.com\\\/the-lumineers-llegan-a-espana-con-su-esperado-brightside-tour\\\/#primaryimage\"},\"thumbnailUrl\":\"https:\\\/\\\/unaymilletras.com\\\/wp-content\\\/uploads\\\/2025\\\/04\\\/Lumineers_890x490_TW-copia-e1746001044850.jpg\",\"articleSection\":[\"M\u00fasica\"],\"inLanguage\":\"en-GB\"},{\"@type\":\"WebPage\",\"@id\":\"https:\\\/\\\/unaymilletras.com\\\/the-lumineers-llegan-a-espana-con-su-esperado-brightside-tour\\\/\",\"url\":\"https:\\\/\\\/unaymilletras.com\\\/the-lumineers-llegan-a-espana-con-su-esperado-brightside-tour\\\/\",\"name\":\"The Lumineers llegan a Espa\u00f1a con su esperado \\\"Brightside Tour\\\"\",\"isPartOf\":{\"@id\":\"http:\\\/\\\/unaymilletras.com\\\/#website\"},\"primaryImageOfPage\":{\"@id\":\"https:\\\/\\\/unaymilletras.com\\\/the-lumineers-llegan-a-espana-con-su-esperado-brightside-tour\\\/#primaryimage\"},\"image\":{\"@id\":\"https:\\\/\\\/unaymilletras.com\\\/the-lumineers-llegan-a-espana-con-su-esperado-brightside-tour\\\/#primaryimage\"},\"thumbnailUrl\":\"https:\\\/\\\/unaymilletras.com\\\/wp-content\\\/uploads\\\/2025\\\/04\\\/Lumineers_890x490_TW-copia-e1746001044850.jpg\",\"datePublished\":\"2025-04-30T08:16:49+00:00\",\"dateModified\":\"2025-04-30T08:19:54+00:00\",\"description\":\"The Lumineers presentar\u00e1 su \u00faltimo \u00e1lbum en dos noches \u00fanicas que prometen emoci\u00f3n, folk y grandes himnos coreados por miles de fans\",\"breadcrumb\":{\"@id\":\"https:\\\/\\\/unaymilletras.com\\\/the-lumineers-llegan-a-espana-con-su-esperado-brightside-tour\\\/#breadcrumb\"},\"inLanguage\":\"en-GB\",\"potentialAction\":[{\"@type\":\"ReadAction\",\"target\":[\"https:\\\/\\\/unaymilletras.com\\\/the-lumineers-llegan-a-espana-con-su-esperado-brightside-tour\\\/\"]}]},{\"@type\":\"ImageObject\",\"inLanguage\":\"en-GB\",\"@id\":\"https:\\\/\\\/unaymilletras.com\\\/the-lumineers-llegan-a-espana-con-su-esperado-brightside-tour\\\/#primaryimage\",\"url\":\"https:\\\/\\\/unaymilletras.com\\\/wp-content\\\/uploads\\\/2025\\\/04\\\/Lumineers_890x490_TW-copia-e1746001044850.jpg\",\"contentUrl\":\"https:\\\/\\\/unaymilletras.com\\\/wp-content\\\/uploads\\\/2025\\\/04\\\/Lumineers_890x490_TW-copia-e1746001044850.jpg\",\"width\":600,\"height\":330,\"caption\":\"The Lumineers\"},{\"@type\":\"BreadcrumbList\",\"@id\":\"https:\\\/\\\/unaymilletras.com\\\/the-lumineers-llegan-a-espana-con-su-esperado-brightside-tour\\\/#breadcrumb\",\"itemListElement\":[{\"@type\":\"ListItem\",\"position\":1,\"name\":\"Home\",\"item\":\"http:\\\/\\\/unaymilletras.com\\\/\"},{\"@type\":\"ListItem\",\"position\":2,\"name\":\"The Lumineers llegan a Espa\u00f1a con su esperado \u00abBrightside Tour\u00bb\"}]},{\"@type\":\"WebSite\",\"@id\":\"http:\\\/\\\/unaymilletras.com\\\/#website\",\"url\":\"http:\\\/\\\/unaymilletras.com\\\/\",\"name\":\"Una y Mil Letras\",\"description\":\"\",\"publisher\":{\"@id\":\"http:\\\/\\\/unaymilletras.com\\\/#organization\"},\"potentialAction\":[{\"@type\":\"SearchAction\",\"target\":{\"@type\":\"EntryPoint\",\"urlTemplate\":\"http:\\\/\\\/unaymilletras.com\\\/?s={search_term_string}\"},\"query-input\":{\"@type\":\"PropertyValueSpecification\",\"valueRequired\":true,\"valueName\":\"search_term_string\"}}],\"inLanguage\":\"en-GB\"},{\"@type\":\"Organization\",\"@id\":\"http:\\\/\\\/unaymilletras.com\\\/#organization\",\"name\":\"Una y Mil Letras\",\"url\":\"http:\\\/\\\/unaymilletras.com\\\/\",\"logo\":{\"@type\":\"ImageObject\",\"inLanguage\":\"en-GB\",\"@id\":\"http:\\\/\\\/unaymilletras.com\\\/#\\\/schema\\\/logo\\\/image\\\/\",\"url\":\"https:\\\/\\\/unaymilletras.com\\\/wp-content\\\/uploads\\\/2024\\\/06\\\/cropped-Logo-removebg-preview.png\",\"contentUrl\":\"https:\\\/\\\/unaymilletras.com\\\/wp-content\\\/uploads\\\/2024\\\/06\\\/cropped-Logo-removebg-preview.png\",\"width\":512,\"height\":512,\"caption\":\"Una y Mil Letras\"},\"image\":{\"@id\":\"http:\\\/\\\/unaymilletras.com\\\/#\\\/schema\\\/logo\\\/image\\\/\"},\"sameAs\":[\"https:\\\/\\\/x.com\\\/UnaYMilLetras\",\"https:\\\/\\\/instagram.com\\\/UnaYMilLetras\"]},{\"@type\":\"Person\",\"@id\":\"http:\\\/\\\/unaymilletras.com\\\/#\\\/schema\\\/person\\\/0860dc8a218329991ee2c7591f4f849d\",\"name\":\"Redacci\u00f3n\",\"image\":{\"@type\":\"ImageObject\",\"inLanguage\":\"en-GB\",\"@id\":\"https:\\\/\\\/secure.gravatar.com\\\/avatar\\\/d8f55e05a8b6597e45c55a1dcbdbfe44f4a360d88b48e00de5216a79b7732796?s=96&d=mm&r=g\",\"url\":\"https:\\\/\\\/secure.gravatar.com\\\/avatar\\\/d8f55e05a8b6597e45c55a1dcbdbfe44f4a360d88b48e00de5216a79b7732796?s=96&d=mm&r=g\",\"contentUrl\":\"https:\\\/\\\/secure.gravatar.com\\\/avatar\\\/d8f55e05a8b6597e45c55a1dcbdbfe44f4a360d88b48e00de5216a79b7732796?s=96&d=mm&r=g\",\"caption\":\"Redacci\u00f3n\"},\"url\":\"https:\\\/\\\/unaymilletras.com\\\/en\\\/author\\\/redaccion\\\/\"}]}<\/script>\n<!-- \/ Yoast SEO plugin. -->","yoast_head_json":{"title":"The Lumineers llegan a Espa\u00f1a con su esperado \"Brightside Tour\"","description":"The Lumineers presentar\u00e1 su \u00faltimo \u00e1lbum en dos noches \u00fanicas que prometen emoci\u00f3n, folk y grandes himnos coreados por miles de fans","robots":{"index":"index","follow":"follow","max-snippet":"max-snippet:-1","max-image-preview":"max-image-preview:large","max-video-preview":"max-video-preview:-1"},"canonical":"https:\/\/unaymilletras.com\/en\/the-lumineers-llegan-a-espana-con-su-esperado-brightside-tour\/","og_locale":"en_GB","og_type":"article","og_title":"The Lumineers llegan a Espa\u00f1a con su esperado \"Brightside Tour\"","og_description":"The Lumineers presentar\u00e1 su \u00faltimo \u00e1lbum en dos noches \u00fanicas que prometen emoci\u00f3n, folk y grandes himnos coreados por miles de fans","og_url":"https:\/\/unaymilletras.com\/en\/the-lumineers-llegan-a-espana-con-su-esperado-brightside-tour\/","og_site_name":"Una y Mil Letras","article_published_time":"2025-04-30T08:16:49+00:00","article_modified_time":"2025-04-30T08:19:54+00:00","og_image":[{"width":600,"height":330,"url":"http:\/\/unaymilletras.com\/wp-content\/uploads\/2025\/04\/Lumineers_890x490_TW-copia-e1746001044850.jpg","type":"image\/jpeg"}],"author":"Redacci\u00f3n","twitter_card":"summary_large_image","twitter_creator":"@UnaYMilLetras","twitter_site":"@UnaYMilLetras","twitter_misc":{"Written by":"Redacci\u00f3n","Estimated reading time":"3 minutes"},"schema":{"@context":"https:\/\/schema.org","@graph":[{"@type":"Article","@id":"https:\/\/unaymilletras.com\/the-lumineers-llegan-a-espana-con-su-esperado-brightside-tour\/#article","isPartOf":{"@id":"https:\/\/unaymilletras.com\/the-lumineers-llegan-a-espana-con-su-esperado-brightside-tour\/"},"author":{"name":"Redacci\u00f3n","@id":"http:\/\/unaymilletras.com\/#\/schema\/person\/0860dc8a218329991ee2c7591f4f849d"},"headline":"The Lumineers llegan a Espa\u00f1a con su esperado \u00abBrightside Tour\u00bb","datePublished":"2025-04-30T08:16:49+00:00","dateModified":"2025-04-30T08:19:54+00:00","mainEntityOfPage":{"@id":"https:\/\/unaymilletras.com\/the-lumineers-llegan-a-espana-con-su-esperado-brightside-tour\/"},"wordCount":458,"publisher":{"@id":"http:\/\/unaymilletras.com\/#organization"},"image":{"@id":"https:\/\/unaymilletras.com\/the-lumineers-llegan-a-espana-con-su-esperado-brightside-tour\/#primaryimage"},"thumbnailUrl":"https:\/\/unaymilletras.com\/wp-content\/uploads\/2025\/04\/Lumineers_890x490_TW-copia-e1746001044850.jpg","articleSection":["M\u00fasica"],"inLanguage":"en-GB"},{"@type":"WebPage","@id":"https:\/\/unaymilletras.com\/the-lumineers-llegan-a-espana-con-su-esperado-brightside-tour\/","url":"https:\/\/unaymilletras.com\/the-lumineers-llegan-a-espana-con-su-esperado-brightside-tour\/","name":"The Lumineers llegan a Espa\u00f1a con su esperado \"Brightside Tour\"","isPartOf":{"@id":"http:\/\/unaymilletras.com\/#website"},"primaryImageOfPage":{"@id":"https:\/\/unaymilletras.com\/the-lumineers-llegan-a-espana-con-su-esperado-brightside-tour\/#primaryimage"},"image":{"@id":"https:\/\/unaymilletras.com\/the-lumineers-llegan-a-espana-con-su-esperado-brightside-tour\/#primaryimage"},"thumbnailUrl":"https:\/\/unaymilletras.com\/wp-content\/uploads\/2025\/04\/Lumineers_890x490_TW-copia-e1746001044850.jpg","datePublished":"2025-04-30T08:16:49+00:00","dateModified":"2025-04-30T08:19:54+00:00","description":"The Lumineers presentar\u00e1 su \u00faltimo \u00e1lbum en dos noches \u00fanicas que prometen emoci\u00f3n, folk y grandes himnos coreados por miles de fans","breadcrumb":{"@id":"https:\/\/unaymilletras.com\/the-lumineers-llegan-a-espana-con-su-esperado-brightside-tour\/#breadcrumb"},"inLanguage":"en-GB","potentialAction":[{"@type":"ReadAction","target":["https:\/\/unaymilletras.com\/the-lumineers-llegan-a-espana-con-su-esperado-brightside-tour\/"]}]},{"@type":"ImageObject","inLanguage":"en-GB","@id":"https:\/\/unaymilletras.com\/the-lumineers-llegan-a-espana-con-su-esperado-brightside-tour\/#primaryimage","url":"https:\/\/unaymilletras.com\/wp-content\/uploads\/2025\/04\/Lumineers_890x490_TW-copia-e1746001044850.jpg","contentUrl":"https:\/\/unaymilletras.com\/wp-content\/uploads\/2025\/04\/Lumineers_890x490_TW-copia-e1746001044850.jpg","width":600,"height":330,"caption":"The Lumineers"},{"@type":"BreadcrumbList","@id":"https:\/\/unaymilletras.com\/the-lumineers-llegan-a-espana-con-su-esperado-brightside-tour\/#breadcrumb","itemListElement":[{"@type":"ListItem","position":1,"name":"Home","item":"http:\/\/unaymilletras.com\/"},{"@type":"ListItem","position":2,"name":"The Lumineers llegan a Espa\u00f1a con su esperado \u00abBrightside Tour\u00bb"}]},{"@type":"WebSite","@id":"http:\/\/unaymilletras.com\/#website","url":"http:\/\/unaymilletras.com\/","name":"Una y Mil Letras","description":"","publisher":{"@id":"http:\/\/unaymilletras.com\/#organization"},"potentialAction":[{"@type":"SearchAction","target":{"@type":"EntryPoint","urlTemplate":"http:\/\/unaymilletras.com\/?s={search_term_string}"},"query-input":{"@type":"PropertyValueSpecification","valueRequired":true,"valueName":"search_term_string"}}],"inLanguage":"en-GB"},{"@type":"Organization","@id":"http:\/\/unaymilletras.com\/#organization","name":"Una y Mil Letras","url":"http:\/\/unaymilletras.com\/","logo":{"@type":"ImageObject","inLanguage":"en-GB","@id":"http:\/\/unaymilletras.com\/#\/schema\/logo\/image\/","url":"https:\/\/unaymilletras.com\/wp-content\/uploads\/2024\/06\/cropped-Logo-removebg-preview.png","contentUrl":"https:\/\/unaymilletras.com\/wp-content\/uploads\/2024\/06\/cropped-Logo-removebg-preview.png","width":512,"height":512,"caption":"Una y Mil Letras"},"image":{"@id":"http:\/\/unaymilletras.com\/#\/schema\/logo\/image\/"},"sameAs":["https:\/\/x.com\/UnaYMilLetras","https:\/\/instagram.com\/UnaYMilLetras"]},{"@type":"Person","@id":"http:\/\/unaymilletras.com\/#\/schema\/person\/0860dc8a218329991ee2c7591f4f849d","name":"Redacci\u00f3n","image":{"@type":"ImageObject","inLanguage":"en-GB","@id":"https:\/\/secure.gravatar.com\/avatar\/d8f55e05a8b6597e45c55a1dcbdbfe44f4a360d88b48e00de5216a79b7732796?s=96&d=mm&r=g","url":"https:\/\/secure.gravatar.com\/avatar\/d8f55e05a8b6597e45c55a1dcbdbfe44f4a360d88b48e00de5216a79b7732796?s=96&d=mm&r=g","contentUrl":"https:\/\/secure.gravatar.com\/avatar\/d8f55e05a8b6597e45c55a1dcbdbfe44f4a360d88b48e00de5216a79b7732796?s=96&d=mm&r=g","caption":"Redacci\u00f3n"},"url":"https:\/\/unaymilletras.com\/en\/author\/redaccion\/"}]}},"_links":{"self":[{"href":"https:\/\/unaymilletras.com\/en\/wp-json\/wp\/v2\/posts\/4471","targetHints":{"allow":["GET"]}}],"collection":[{"href":"https:\/\/unaymilletras.com\/en\/wp-json\/wp\/v2\/posts"}],"about":[{"href":"https:\/\/unaymilletras.com\/en\/wp-json\/wp\/v2\/types\/post"}],"author":[{"embeddable":true,"href":"https:\/\/unaymilletras.com\/en\/wp-json\/wp\/v2\/users\/6"}],"replies":[{"embeddable":true,"href":"https:\/\/unaymilletras.com\/en\/wp-json\/wp\/v2\/comments?post=4471"}],"version-history":[{"count":7,"href":"https:\/\/unaymilletras.com\/en\/wp-json\/wp\/v2\/posts\/4471\/revisions"}],"predecessor-version":[{"id":4479,"href":"https:\/\/unaymilletras.com\/en\/wp-json\/wp\/v2\/posts\/4471\/revisions\/4479"}],"wp:featuredmedia":[{"embeddable":true,"href":"https:\/\/unaymilletras.com\/en\/wp-json\/wp\/v2\/media\/4473"}],"wp:attachment":[{"href":"https:\/\/unaymilletras.com\/en\/wp-json\/wp\/v2\/media?parent=4471"}],"wp:term":[{"taxonomy":"category","embeddable":true,"href":"https:\/\/unaymilletras.com\/en\/wp-json\/wp\/v2\/categories?post=4471"},{"taxonomy":"post_tag","embeddable":true,"href":"https:\/\/unaymilletras.com\/en\/wp-json\/wp\/v2\/tags?post=4471"}],"curies":[{"name":"wp","href":"https:\/\/api.w.org\/{rel}","templated":true}]}}