{"id":4492,"date":"2025-05-01T19:20:47","date_gmt":"2025-05-01T17:20:47","guid":{"rendered":"https:\/\/unaymilletras.com\/?p=4492"},"modified":"2025-05-01T19:27:54","modified_gmt":"2025-05-01T17:27:54","slug":"dua-lipa-llegara-a-madrid-con-su-radical-optimism-tour","status":"publish","type":"post","link":"https:\/\/unaymilletras.com\/en\/dua-lipa-llegara-a-madrid-con-su-radical-optimism-tour\/","title":{"rendered":"Dua Lipa llegar\u00e1 a Madrid con su \u201cRadical Optimism Tour\u201d"},"content":{"rendered":"<div data-elementor-type=\"wp-post\" data-elementor-id=\"4492\" class=\"elementor elementor-4492\">\n\t\t\t\t\t\t<section class=\"elementor-section elementor-top-section elementor-element elementor-element-4343fb9 elementor-section-boxed elementor-section-height-default elementor-section-height-default\" data-id=\"4343fb9\" data-element_type=\"section\" data-e-type=\"section\">\n\t\t\t\t\t\t<div class=\"elementor-container elementor-column-gap-default\">\n\t\t\t\t\t<div class=\"elementor-column elementor-col-100 elementor-top-column elementor-element elementor-element-40d551a\" data-id=\"40d551a\" data-element_type=\"column\" data-e-type=\"column\">\n\t\t\t<div class=\"elementor-widget-wrap elementor-element-populated\">\n\t\t\t\t\t\t<div class=\"elementor-element elementor-element-c1894b4 elementor-widget elementor-widget-text-editor\" data-id=\"c1894b4\" data-element_type=\"widget\" data-e-type=\"widget\" data-widget_type=\"text-editor.default\">\n\t\t\t\t<div class=\"elementor-widget-container\">\n\t\t\t\t\t\t\t\t\t<h2 style=\"text-align: center;\"><span style=\"color: #808080;\"><em>El 11 y 12 de mayo Dua Lipa actuar\u00e1 en el Movistar Arena con todas las entradas agotadas\u00a0<\/em><\/span><\/h2>\t\t\t\t\t\t\t\t<\/div>\n\t\t\t\t<\/div>\n\t\t\t\t\t<\/div>\n\t\t<\/div>\n\t\t\t\t\t<\/div>\n\t\t<\/section>\n\t\t\t\t<section class=\"elementor-section elementor-top-section elementor-element elementor-element-9185207 elementor-section-boxed elementor-section-height-default elementor-section-height-default\" data-id=\"9185207\" data-element_type=\"section\" data-e-type=\"section\">\n\t\t\t\t\t\t<div class=\"elementor-container elementor-column-gap-default\">\n\t\t\t\t\t<div class=\"elementor-column elementor-col-100 elementor-top-column elementor-element elementor-element-9a1892f\" data-id=\"9a1892f\" data-element_type=\"column\" data-e-type=\"column\">\n\t\t\t<div class=\"elementor-widget-wrap elementor-element-populated\">\n\t\t\t\t\t\t<div class=\"elementor-element elementor-element-3961dcf elementor-widget elementor-widget-text-editor\" data-id=\"3961dcf\" data-element_type=\"widget\" data-e-type=\"widget\" data-widget_type=\"text-editor.default\">\n\t\t\t\t<div class=\"elementor-widget-container\">\n\t\t\t\t\t\t\t\t\t<p class=\"\" data-start=\"272\" data-end=\"683\">Dua Lipa regresa esta semana a Madrid en uno de los conciertos m\u00e1s esperados del a\u00f1o. La superestrella del pop brit\u00e1nico presentar\u00e1 su nueva gira mundial, <em><strong data-start=\"427\" data-end=\"454\">Radical Optimism Tour<\/strong><\/em>, los d\u00edas <strong data-start=\"465\" data-end=\"484\">11 y 12 de mayo<\/strong> en el <strong data-start=\"491\" data-end=\"508\">Movistar Arena<\/strong>, con <strong data-start=\"514\" data-end=\"545\">todas las entradas agotadas<\/strong> desde hace semanas. Ser\u00e1 el arranque de su tramo europeo tras una primera etapa por Asia y Ocean\u00eda, donde ha recibido una gran acogida.<\/p><p class=\"\" data-start=\"685\" data-end=\"1256\">La gira toma el nombre de su <strong data-start=\"714\" data-end=\"761\">tercer \u00e1lbum de estudio, <em data-start=\"741\" data-end=\"759\">Radical Optimism<\/em><\/strong>, que debut\u00f3 en el <strong data-start=\"780\" data-end=\"805\">n\u00famero 1 en 11 pa\u00edses. <\/strong><span data-start=\"780\" data-end=\"805\">E<\/span>ntre ellos Espa\u00f1a y Reino Unido, y ha sido aclamado por medios como <em data-start=\"876\" data-end=\"896\">The New York Times<\/em> y <em data-start=\"899\" data-end=\"908\">Variety<\/em>.\u00a0<\/p>\t\t\t\t\t\t\t\t<\/div>\n\t\t\t\t<\/div>\n\t\t\t\t\t<\/div>\n\t\t<\/div>\n\t\t\t\t\t<\/div>\n\t\t<\/section>\n\t\t\t\t<section class=\"elementor-section elementor-top-section elementor-element elementor-element-0615bc3 elementor-section-boxed elementor-section-height-default elementor-section-height-default\" data-id=\"0615bc3\" data-element_type=\"section\" data-e-type=\"section\">\n\t\t\t\t\t\t<div class=\"elementor-container elementor-column-gap-default\">\n\t\t\t\t\t<div class=\"elementor-column elementor-col-100 elementor-top-column elementor-element elementor-element-17f1f0c\" data-id=\"17f1f0c\" data-element_type=\"column\" data-e-type=\"column\">\n\t\t\t<div class=\"elementor-widget-wrap elementor-element-populated\">\n\t\t\t\t\t\t<div class=\"elementor-element elementor-element-e0760e8 elementor-widget elementor-widget-image\" data-id=\"e0760e8\" data-element_type=\"widget\" data-e-type=\"widget\" data-widget_type=\"image.default\">\n\t\t\t\t<div class=\"elementor-widget-container\">\n\t\t\t\t\t\t\t\t\t\t\t\t\t\t\t<img fetchpriority=\"high\" decoding=\"async\" width=\"640\" height=\"352\" src=\"https:\/\/unaymilletras.com\/wp-content\/uploads\/2025\/05\/DuaLipa_890x490_TW-copia.jpg\" class=\"attachment-large size-large wp-image-4494\" alt=\"Dua Lipa\" srcset=\"https:\/\/unaymilletras.com\/wp-content\/uploads\/2025\/05\/DuaLipa_890x490_TW-copia.jpg 890w, https:\/\/unaymilletras.com\/wp-content\/uploads\/2025\/05\/DuaLipa_890x490_TW-copia-300x165.jpg 300w, https:\/\/unaymilletras.com\/wp-content\/uploads\/2025\/05\/DuaLipa_890x490_TW-copia-768x423.jpg 768w, https:\/\/unaymilletras.com\/wp-content\/uploads\/2025\/05\/DuaLipa_890x490_TW-copia-18x10.jpg 18w\" sizes=\"(max-width: 640px) 100vw, 640px\" \/>\t\t\t\t\t\t\t\t\t\t\t\t\t\t\t<\/div>\n\t\t\t\t<\/div>\n\t\t\t\t\t<\/div>\n\t\t<\/div>\n\t\t\t\t\t<\/div>\n\t\t<\/section>\n\t\t\t\t<section class=\"elementor-section elementor-top-section elementor-element elementor-element-3659c61 elementor-section-boxed elementor-section-height-default elementor-section-height-default\" data-id=\"3659c61\" data-element_type=\"section\" data-e-type=\"section\">\n\t\t\t\t\t\t<div class=\"elementor-container elementor-column-gap-default\">\n\t\t\t\t\t<div class=\"elementor-column elementor-col-100 elementor-top-column elementor-element elementor-element-e2bf502\" data-id=\"e2bf502\" data-element_type=\"column\" data-e-type=\"column\">\n\t\t\t<div class=\"elementor-widget-wrap elementor-element-populated\">\n\t\t\t\t\t\t<div class=\"elementor-element elementor-element-eb1d05f elementor-widget elementor-widget-text-editor\" data-id=\"eb1d05f\" data-element_type=\"widget\" data-e-type=\"widget\" data-widget_type=\"text-editor.default\">\n\t\t\t\t<div class=\"elementor-widget-container\">\n\t\t\t\t\t\t\t\t\t<p class=\"\" data-start=\"1258\" data-end=\"1593\">Durante los conciertos en Madrid, la artista repasar\u00e1 tambi\u00e9n los grandes \u00e9xitos que la convirtieron en un fen\u00f3meno global, como <strong data-start=\"1387\" data-end=\"1408\"><em>Don\u2019t Start Now<\/em><\/strong>, <strong data-start=\"1410\" data-end=\"1426\"><em>Levitating<\/em><\/strong>, <em><strong data-start=\"1428\" data-end=\"1443\">New Rules<\/strong><\/em>, <strong data-start=\"1445\" data-end=\"1459\"><em>One Kiss<\/em><\/strong> o <strong data-start=\"1462\" data-end=\"1482\"><em>Break My Heart<\/em><\/strong>, en un show que promete coreograf\u00edas vibrantes, visuales de alto impacto y una producci\u00f3n al m\u00e1s alto nivel.<\/p><p class=\"\" data-start=\"1595\" data-end=\"1964\">Los fans disfrutar\u00e1n de una experiencia completa desde el primer momento gracias a la participaci\u00f3n de <strong data-start=\"1698\" data-end=\"1713\">Alessi Rose<\/strong>, encargada de abrir ambas noches con su propuesta de indie pop introspectivo. La joven artista brit\u00e1nica es una de las nuevas voces emergentes del panorama alternativo y ha sido personalmente seleccionada por Dua Lipa para acompa\u00f1arla en esta gira.<\/p><p class=\"\" data-start=\"1966\" data-end=\"2322\">Con solo <strong data-start=\"1975\" data-end=\"2004\">tres discos en su carrera<\/strong>, Dua Lipa ha conseguido lo que muchos artistas tardan d\u00e9cadas en lograr. Acumula m\u00e1s de <strong data-start=\"2093\" data-end=\"2130\">45 mil millones de reproducciones<\/strong>, ha sido reconocida con <strong data-start=\"2155\" data-end=\"2175\">3 premios GRAMMY<\/strong>, <strong data-start=\"2177\" data-end=\"2194\">7 BRIT Awards<\/strong>, y recientemente recibi\u00f3 nuevas nominaciones por su participaci\u00f3n en la pel\u00edcula <em data-start=\"2276\" data-end=\"2284\">Barbie<\/em> con el \u00e9xito <em><strong data-start=\"2298\" data-end=\"2319\">Dance the Night<\/strong>.<\/em><\/p>\t\t\t\t\t\t\t\t<\/div>\n\t\t\t\t<\/div>\n\t\t\t\t\t<\/div>\n\t\t<\/div>\n\t\t\t\t\t<\/div>\n\t\t<\/section>\n\t\t\t\t<section class=\"elementor-section elementor-top-section elementor-element elementor-element-f2418bd elementor-section-boxed elementor-section-height-default elementor-section-height-default\" data-id=\"f2418bd\" data-element_type=\"section\" data-e-type=\"section\">\n\t\t\t\t\t\t<div class=\"elementor-container elementor-column-gap-default\">\n\t\t\t\t\t<div class=\"elementor-column elementor-col-100 elementor-top-column elementor-element elementor-element-0a07402\" data-id=\"0a07402\" data-element_type=\"column\" data-e-type=\"column\">\n\t\t\t<div class=\"elementor-widget-wrap elementor-element-populated\">\n\t\t\t\t\t\t<div class=\"elementor-element elementor-element-21554a4 elementor-widget elementor-widget-video\" data-id=\"21554a4\" data-element_type=\"widget\" data-e-type=\"widget\" data-settings=\"{&quot;youtube_url&quot;:&quot;https:\\\/\\\/www.youtube.com\\\/watch?v=suAR1PYFNYA&amp;ab_channel=DuaLipa&quot;,&quot;video_type&quot;:&quot;youtube&quot;,&quot;controls&quot;:&quot;yes&quot;}\" data-widget_type=\"video.default\">\n\t\t\t\t<div class=\"elementor-widget-container\">\n\t\t\t\t\t\t\t<div class=\"elementor-wrapper elementor-open-inline\">\n\t\t\t<div class=\"elementor-video\"><\/div>\t\t<\/div>\n\t\t\t\t\t\t<\/div>\n\t\t\t\t<\/div>\n\t\t\t\t\t<\/div>\n\t\t<\/div>\n\t\t\t\t\t<\/div>\n\t\t<\/section>\n\t\t\t\t<section class=\"elementor-section elementor-top-section elementor-element elementor-element-8135075 elementor-section-boxed elementor-section-height-default elementor-section-height-default\" data-id=\"8135075\" data-element_type=\"section\" data-e-type=\"section\">\n\t\t\t\t\t\t<div class=\"elementor-container elementor-column-gap-default\">\n\t\t\t\t\t<div class=\"elementor-column elementor-col-100 elementor-top-column elementor-element elementor-element-fea16eb\" data-id=\"fea16eb\" data-element_type=\"column\" data-e-type=\"column\">\n\t\t\t<div class=\"elementor-widget-wrap elementor-element-populated\">\n\t\t\t\t\t\t<div class=\"elementor-element elementor-element-caaa248 elementor-widget elementor-widget-text-editor\" data-id=\"caaa248\" data-element_type=\"widget\" data-e-type=\"widget\" data-widget_type=\"text-editor.default\">\n\t\t\t\t<div class=\"elementor-widget-container\">\n\t\t\t\t\t\t\t\t\t<p class=\"\" data-start=\"2324\" data-end=\"2691\">Tras su paso por Madrid, la artista continuar\u00e1 su gira por ciudades como <strong data-start=\"2397\" data-end=\"2458\">Lyon, Par\u00eds, Hamburgo, \u00c1msterdam, Mil\u00e1n, Londres y Dubl\u00edn<\/strong>, antes de cruzar el Atl\u00e1ntico para actuar en <strong data-start=\"2504\" data-end=\"2557\">Toronto, Nueva York, Miami, Los \u00c1ngeles y Seattle<\/strong>, entre otras. En Londres, ha agotado dos estadios Wembley consecutivos, donde m\u00e1s de 160.000 personas la ver\u00e1n en directo en junio.<\/p><p class=\"\" data-start=\"2693\" data-end=\"3012\">Adem\u00e1s de su carrera musical, Dua Lipa ha ganado peso como <strong data-start=\"2752\" data-end=\"2809\">referente cultural y figura creativa multidisciplinar<\/strong>. A trav\u00e9s de su plataforma <em data-start=\"2837\" data-end=\"2848\">Service95<\/em>, un bolet\u00edn editorial y p\u00f3dcast de entrevistas, y su incursi\u00f3n en la moda de la mano de <strong data-start=\"2937\" data-end=\"2948\">Versace<\/strong>, la artista ha ampliado su influencia m\u00e1s all\u00e1 del escenario.<\/p><p class=\"\" data-start=\"3014\" data-end=\"3327\">La gira <em>Radical Optimism<\/em>\u00a0no es solo la presentaci\u00f3n de un disco: es la consolidaci\u00f3n de una artista que, a sus 28 a\u00f1os, ha alcanzado un nivel de madurez y proyecci\u00f3n global que la sit\u00faa como una de las grandes voces del pop del siglo XXI. Y Madrid ser\u00e1 testigo, este fin de semana, de ese momento en pleno auge.<\/p>\t\t\t\t\t\t\t\t<\/div>\n\t\t\t\t<\/div>\n\t\t\t\t\t<\/div>\n\t\t<\/div>\n\t\t\t\t\t<\/div>\n\t\t<\/section>\n\t\t\t\t<\/div>","protected":false},"excerpt":{"rendered":"<p>El 11 y 12 de mayo Dua Lipa actuar\u00e1 en el Movistar Arena con todas las entradas agotadas\u00a0 Dua Lipa regresa esta semana a Madrid en uno de los conciertos m\u00e1s esperados del a\u00f1o. La superestrella del pop brit\u00e1nico presentar\u00e1 su nueva gira mundial, Radical Optimism Tour, los d\u00edas 11 y 12 de mayo en [&hellip;]<\/p>\n","protected":false},"author":6,"featured_media":4494,"comment_status":"closed","ping_status":"closed","sticky":false,"template":"","format":"standard","meta":{"footnotes":""},"categories":[4],"tags":[],"class_list":["post-4492","post","type-post","status-publish","format-standard","has-post-thumbnail","hentry","category-musica"],"yoast_head":"<!-- This site is optimized with the Yoast SEO plugin v27.4 - https:\/\/yoast.com\/product\/yoast-seo-wordpress\/ -->\n<title>Dua Lipa llegar\u00e1 a Madrid con su \u201cRadical Optimism Tour\u201d<\/title>\n<meta name=\"description\" content=\"El 11 y 12 de mayo Dua Lipa actuar\u00e1 en el Movistar Arena con todas las entradas agotadas y un espect\u00e1culo que ser\u00e1 uno de los eventos del a\u00f1o\" \/>\n<meta name=\"robots\" content=\"index, follow, max-snippet:-1, max-image-preview:large, max-video-preview:-1\" \/>\n<link rel=\"canonical\" href=\"https:\/\/unaymilletras.com\/en\/dua-lipa-llegara-a-madrid-con-su-radical-optimism-tour\/\" \/>\n<meta property=\"og:locale\" content=\"en_GB\" \/>\n<meta property=\"og:type\" content=\"article\" \/>\n<meta property=\"og:title\" content=\"Dua Lipa llegar\u00e1 a Madrid con su \u201cRadical Optimism Tour\u201d\" \/>\n<meta property=\"og:description\" content=\"El 11 y 12 de mayo Dua Lipa actuar\u00e1 en el Movistar Arena con todas las entradas agotadas y un espect\u00e1culo que ser\u00e1 uno de los eventos del a\u00f1o\" \/>\n<meta property=\"og:url\" content=\"https:\/\/unaymilletras.com\/en\/dua-lipa-llegara-a-madrid-con-su-radical-optimism-tour\/\" \/>\n<meta property=\"og:site_name\" content=\"Una y Mil Letras\" \/>\n<meta property=\"article:published_time\" content=\"2025-05-01T17:20:47+00:00\" \/>\n<meta property=\"article:modified_time\" content=\"2025-05-01T17:27:54+00:00\" \/>\n<meta property=\"og:image\" content=\"http:\/\/unaymilletras.com\/wp-content\/uploads\/2025\/05\/DuaLipa_890x490_TW-copia.jpg\" \/>\n\t<meta property=\"og:image:width\" content=\"890\" \/>\n\t<meta property=\"og:image:height\" content=\"490\" \/>\n\t<meta property=\"og:image:type\" content=\"image\/jpeg\" \/>\n<meta name=\"author\" content=\"Redacci\u00f3n\" \/>\n<meta name=\"twitter:card\" content=\"summary_large_image\" \/>\n<meta name=\"twitter:creator\" content=\"@UnaYMilLetras\" \/>\n<meta name=\"twitter:site\" content=\"@UnaYMilLetras\" \/>\n<meta name=\"twitter:label1\" content=\"Written by\" \/>\n\t<meta name=\"twitter:data1\" content=\"Redacci\u00f3n\" \/>\n\t<meta name=\"twitter:label2\" content=\"Estimated reading time\" \/>\n\t<meta name=\"twitter:data2\" content=\"3 minutes\" \/>\n<script type=\"application\/ld+json\" class=\"yoast-schema-graph\">{\"@context\":\"https:\\\/\\\/schema.org\",\"@graph\":[{\"@type\":\"Article\",\"@id\":\"https:\\\/\\\/unaymilletras.com\\\/dua-lipa-llegara-a-madrid-con-su-radical-optimism-tour\\\/#article\",\"isPartOf\":{\"@id\":\"https:\\\/\\\/unaymilletras.com\\\/dua-lipa-llegara-a-madrid-con-su-radical-optimism-tour\\\/\"},\"author\":{\"name\":\"Redacci\u00f3n\",\"@id\":\"http:\\\/\\\/unaymilletras.com\\\/#\\\/schema\\\/person\\\/0860dc8a218329991ee2c7591f4f849d\"},\"headline\":\"Dua Lipa llegar\u00e1 a Madrid con su \u201cRadical Optimism Tour\u201d\",\"datePublished\":\"2025-05-01T17:20:47+00:00\",\"dateModified\":\"2025-05-01T17:27:54+00:00\",\"mainEntityOfPage\":{\"@id\":\"https:\\\/\\\/unaymilletras.com\\\/dua-lipa-llegara-a-madrid-con-su-radical-optimism-tour\\\/\"},\"wordCount\":507,\"publisher\":{\"@id\":\"http:\\\/\\\/unaymilletras.com\\\/#organization\"},\"image\":{\"@id\":\"https:\\\/\\\/unaymilletras.com\\\/dua-lipa-llegara-a-madrid-con-su-radical-optimism-tour\\\/#primaryimage\"},\"thumbnailUrl\":\"https:\\\/\\\/unaymilletras.com\\\/wp-content\\\/uploads\\\/2025\\\/05\\\/DuaLipa_890x490_TW-copia.jpg\",\"articleSection\":[\"M\u00fasica\"],\"inLanguage\":\"en-GB\"},{\"@type\":\"WebPage\",\"@id\":\"https:\\\/\\\/unaymilletras.com\\\/dua-lipa-llegara-a-madrid-con-su-radical-optimism-tour\\\/\",\"url\":\"https:\\\/\\\/unaymilletras.com\\\/dua-lipa-llegara-a-madrid-con-su-radical-optimism-tour\\\/\",\"name\":\"Dua Lipa llegar\u00e1 a Madrid con su \u201cRadical Optimism Tour\u201d\",\"isPartOf\":{\"@id\":\"http:\\\/\\\/unaymilletras.com\\\/#website\"},\"primaryImageOfPage\":{\"@id\":\"https:\\\/\\\/unaymilletras.com\\\/dua-lipa-llegara-a-madrid-con-su-radical-optimism-tour\\\/#primaryimage\"},\"image\":{\"@id\":\"https:\\\/\\\/unaymilletras.com\\\/dua-lipa-llegara-a-madrid-con-su-radical-optimism-tour\\\/#primaryimage\"},\"thumbnailUrl\":\"https:\\\/\\\/unaymilletras.com\\\/wp-content\\\/uploads\\\/2025\\\/05\\\/DuaLipa_890x490_TW-copia.jpg\",\"datePublished\":\"2025-05-01T17:20:47+00:00\",\"dateModified\":\"2025-05-01T17:27:54+00:00\",\"description\":\"El 11 y 12 de mayo Dua Lipa actuar\u00e1 en el Movistar Arena con todas las entradas agotadas y un espect\u00e1culo que ser\u00e1 uno de los eventos del a\u00f1o\",\"breadcrumb\":{\"@id\":\"https:\\\/\\\/unaymilletras.com\\\/dua-lipa-llegara-a-madrid-con-su-radical-optimism-tour\\\/#breadcrumb\"},\"inLanguage\":\"en-GB\",\"potentialAction\":[{\"@type\":\"ReadAction\",\"target\":[\"https:\\\/\\\/unaymilletras.com\\\/dua-lipa-llegara-a-madrid-con-su-radical-optimism-tour\\\/\"]}]},{\"@type\":\"ImageObject\",\"inLanguage\":\"en-GB\",\"@id\":\"https:\\\/\\\/unaymilletras.com\\\/dua-lipa-llegara-a-madrid-con-su-radical-optimism-tour\\\/#primaryimage\",\"url\":\"https:\\\/\\\/unaymilletras.com\\\/wp-content\\\/uploads\\\/2025\\\/05\\\/DuaLipa_890x490_TW-copia.jpg\",\"contentUrl\":\"https:\\\/\\\/unaymilletras.com\\\/wp-content\\\/uploads\\\/2025\\\/05\\\/DuaLipa_890x490_TW-copia.jpg\",\"width\":890,\"height\":490,\"caption\":\"Dua Lipa\"},{\"@type\":\"BreadcrumbList\",\"@id\":\"https:\\\/\\\/unaymilletras.com\\\/dua-lipa-llegara-a-madrid-con-su-radical-optimism-tour\\\/#breadcrumb\",\"itemListElement\":[{\"@type\":\"ListItem\",\"position\":1,\"name\":\"Home\",\"item\":\"http:\\\/\\\/unaymilletras.com\\\/\"},{\"@type\":\"ListItem\",\"position\":2,\"name\":\"Dua Lipa llegar\u00e1 a Madrid con su \u201cRadical Optimism Tour\u201d\"}]},{\"@type\":\"WebSite\",\"@id\":\"http:\\\/\\\/unaymilletras.com\\\/#website\",\"url\":\"http:\\\/\\\/unaymilletras.com\\\/\",\"name\":\"Una y Mil Letras\",\"description\":\"\",\"publisher\":{\"@id\":\"http:\\\/\\\/unaymilletras.com\\\/#organization\"},\"potentialAction\":[{\"@type\":\"SearchAction\",\"target\":{\"@type\":\"EntryPoint\",\"urlTemplate\":\"http:\\\/\\\/unaymilletras.com\\\/?s={search_term_string}\"},\"query-input\":{\"@type\":\"PropertyValueSpecification\",\"valueRequired\":true,\"valueName\":\"search_term_string\"}}],\"inLanguage\":\"en-GB\"},{\"@type\":\"Organization\",\"@id\":\"http:\\\/\\\/unaymilletras.com\\\/#organization\",\"name\":\"Una y Mil Letras\",\"url\":\"http:\\\/\\\/unaymilletras.com\\\/\",\"logo\":{\"@type\":\"ImageObject\",\"inLanguage\":\"en-GB\",\"@id\":\"http:\\\/\\\/unaymilletras.com\\\/#\\\/schema\\\/logo\\\/image\\\/\",\"url\":\"https:\\\/\\\/unaymilletras.com\\\/wp-content\\\/uploads\\\/2024\\\/06\\\/cropped-Logo-removebg-preview.png\",\"contentUrl\":\"https:\\\/\\\/unaymilletras.com\\\/wp-content\\\/uploads\\\/2024\\\/06\\\/cropped-Logo-removebg-preview.png\",\"width\":512,\"height\":512,\"caption\":\"Una y Mil Letras\"},\"image\":{\"@id\":\"http:\\\/\\\/unaymilletras.com\\\/#\\\/schema\\\/logo\\\/image\\\/\"},\"sameAs\":[\"https:\\\/\\\/x.com\\\/UnaYMilLetras\",\"https:\\\/\\\/instagram.com\\\/UnaYMilLetras\"]},{\"@type\":\"Person\",\"@id\":\"http:\\\/\\\/unaymilletras.com\\\/#\\\/schema\\\/person\\\/0860dc8a218329991ee2c7591f4f849d\",\"name\":\"Redacci\u00f3n\",\"image\":{\"@type\":\"ImageObject\",\"inLanguage\":\"en-GB\",\"@id\":\"https:\\\/\\\/secure.gravatar.com\\\/avatar\\\/d8f55e05a8b6597e45c55a1dcbdbfe44f4a360d88b48e00de5216a79b7732796?s=96&d=mm&r=g\",\"url\":\"https:\\\/\\\/secure.gravatar.com\\\/avatar\\\/d8f55e05a8b6597e45c55a1dcbdbfe44f4a360d88b48e00de5216a79b7732796?s=96&d=mm&r=g\",\"contentUrl\":\"https:\\\/\\\/secure.gravatar.com\\\/avatar\\\/d8f55e05a8b6597e45c55a1dcbdbfe44f4a360d88b48e00de5216a79b7732796?s=96&d=mm&r=g\",\"caption\":\"Redacci\u00f3n\"},\"url\":\"https:\\\/\\\/unaymilletras.com\\\/en\\\/author\\\/redaccion\\\/\"}]}<\/script>\n<!-- \/ Yoast SEO plugin. -->","yoast_head_json":{"title":"Dua Lipa llegar\u00e1 a Madrid con su \u201cRadical Optimism Tour\u201d","description":"El 11 y 12 de mayo Dua Lipa actuar\u00e1 en el Movistar Arena con todas las entradas agotadas y un espect\u00e1culo que ser\u00e1 uno de los eventos del a\u00f1o","robots":{"index":"index","follow":"follow","max-snippet":"max-snippet:-1","max-image-preview":"max-image-preview:large","max-video-preview":"max-video-preview:-1"},"canonical":"https:\/\/unaymilletras.com\/en\/dua-lipa-llegara-a-madrid-con-su-radical-optimism-tour\/","og_locale":"en_GB","og_type":"article","og_title":"Dua Lipa llegar\u00e1 a Madrid con su \u201cRadical Optimism Tour\u201d","og_description":"El 11 y 12 de mayo Dua Lipa actuar\u00e1 en el Movistar Arena con todas las entradas agotadas y un espect\u00e1culo que ser\u00e1 uno de los eventos del a\u00f1o","og_url":"https:\/\/unaymilletras.com\/en\/dua-lipa-llegara-a-madrid-con-su-radical-optimism-tour\/","og_site_name":"Una y Mil Letras","article_published_time":"2025-05-01T17:20:47+00:00","article_modified_time":"2025-05-01T17:27:54+00:00","og_image":[{"width":890,"height":490,"url":"http:\/\/unaymilletras.com\/wp-content\/uploads\/2025\/05\/DuaLipa_890x490_TW-copia.jpg","type":"image\/jpeg"}],"author":"Redacci\u00f3n","twitter_card":"summary_large_image","twitter_creator":"@UnaYMilLetras","twitter_site":"@UnaYMilLetras","twitter_misc":{"Written by":"Redacci\u00f3n","Estimated reading time":"3 minutes"},"schema":{"@context":"https:\/\/schema.org","@graph":[{"@type":"Article","@id":"https:\/\/unaymilletras.com\/dua-lipa-llegara-a-madrid-con-su-radical-optimism-tour\/#article","isPartOf":{"@id":"https:\/\/unaymilletras.com\/dua-lipa-llegara-a-madrid-con-su-radical-optimism-tour\/"},"author":{"name":"Redacci\u00f3n","@id":"http:\/\/unaymilletras.com\/#\/schema\/person\/0860dc8a218329991ee2c7591f4f849d"},"headline":"Dua Lipa llegar\u00e1 a Madrid con su \u201cRadical Optimism Tour\u201d","datePublished":"2025-05-01T17:20:47+00:00","dateModified":"2025-05-01T17:27:54+00:00","mainEntityOfPage":{"@id":"https:\/\/unaymilletras.com\/dua-lipa-llegara-a-madrid-con-su-radical-optimism-tour\/"},"wordCount":507,"publisher":{"@id":"http:\/\/unaymilletras.com\/#organization"},"image":{"@id":"https:\/\/unaymilletras.com\/dua-lipa-llegara-a-madrid-con-su-radical-optimism-tour\/#primaryimage"},"thumbnailUrl":"https:\/\/unaymilletras.com\/wp-content\/uploads\/2025\/05\/DuaLipa_890x490_TW-copia.jpg","articleSection":["M\u00fasica"],"inLanguage":"en-GB"},{"@type":"WebPage","@id":"https:\/\/unaymilletras.com\/dua-lipa-llegara-a-madrid-con-su-radical-optimism-tour\/","url":"https:\/\/unaymilletras.com\/dua-lipa-llegara-a-madrid-con-su-radical-optimism-tour\/","name":"Dua Lipa llegar\u00e1 a Madrid con su \u201cRadical Optimism Tour\u201d","isPartOf":{"@id":"http:\/\/unaymilletras.com\/#website"},"primaryImageOfPage":{"@id":"https:\/\/unaymilletras.com\/dua-lipa-llegara-a-madrid-con-su-radical-optimism-tour\/#primaryimage"},"image":{"@id":"https:\/\/unaymilletras.com\/dua-lipa-llegara-a-madrid-con-su-radical-optimism-tour\/#primaryimage"},"thumbnailUrl":"https:\/\/unaymilletras.com\/wp-content\/uploads\/2025\/05\/DuaLipa_890x490_TW-copia.jpg","datePublished":"2025-05-01T17:20:47+00:00","dateModified":"2025-05-01T17:27:54+00:00","description":"El 11 y 12 de mayo Dua Lipa actuar\u00e1 en el Movistar Arena con todas las entradas agotadas y un espect\u00e1culo que ser\u00e1 uno de los eventos del a\u00f1o","breadcrumb":{"@id":"https:\/\/unaymilletras.com\/dua-lipa-llegara-a-madrid-con-su-radical-optimism-tour\/#breadcrumb"},"inLanguage":"en-GB","potentialAction":[{"@type":"ReadAction","target":["https:\/\/unaymilletras.com\/dua-lipa-llegara-a-madrid-con-su-radical-optimism-tour\/"]}]},{"@type":"ImageObject","inLanguage":"en-GB","@id":"https:\/\/unaymilletras.com\/dua-lipa-llegara-a-madrid-con-su-radical-optimism-tour\/#primaryimage","url":"https:\/\/unaymilletras.com\/wp-content\/uploads\/2025\/05\/DuaLipa_890x490_TW-copia.jpg","contentUrl":"https:\/\/unaymilletras.com\/wp-content\/uploads\/2025\/05\/DuaLipa_890x490_TW-copia.jpg","width":890,"height":490,"caption":"Dua Lipa"},{"@type":"BreadcrumbList","@id":"https:\/\/unaymilletras.com\/dua-lipa-llegara-a-madrid-con-su-radical-optimism-tour\/#breadcrumb","itemListElement":[{"@type":"ListItem","position":1,"name":"Home","item":"http:\/\/unaymilletras.com\/"},{"@type":"ListItem","position":2,"name":"Dua Lipa llegar\u00e1 a Madrid con su \u201cRadical Optimism Tour\u201d"}]},{"@type":"WebSite","@id":"http:\/\/unaymilletras.com\/#website","url":"http:\/\/unaymilletras.com\/","name":"Una y Mil Letras","description":"","publisher":{"@id":"http:\/\/unaymilletras.com\/#organization"},"potentialAction":[{"@type":"SearchAction","target":{"@type":"EntryPoint","urlTemplate":"http:\/\/unaymilletras.com\/?s={search_term_string}"},"query-input":{"@type":"PropertyValueSpecification","valueRequired":true,"valueName":"search_term_string"}}],"inLanguage":"en-GB"},{"@type":"Organization","@id":"http:\/\/unaymilletras.com\/#organization","name":"Una y Mil Letras","url":"http:\/\/unaymilletras.com\/","logo":{"@type":"ImageObject","inLanguage":"en-GB","@id":"http:\/\/unaymilletras.com\/#\/schema\/logo\/image\/","url":"https:\/\/unaymilletras.com\/wp-content\/uploads\/2024\/06\/cropped-Logo-removebg-preview.png","contentUrl":"https:\/\/unaymilletras.com\/wp-content\/uploads\/2024\/06\/cropped-Logo-removebg-preview.png","width":512,"height":512,"caption":"Una y Mil Letras"},"image":{"@id":"http:\/\/unaymilletras.com\/#\/schema\/logo\/image\/"},"sameAs":["https:\/\/x.com\/UnaYMilLetras","https:\/\/instagram.com\/UnaYMilLetras"]},{"@type":"Person","@id":"http:\/\/unaymilletras.com\/#\/schema\/person\/0860dc8a218329991ee2c7591f4f849d","name":"Redacci\u00f3n","image":{"@type":"ImageObject","inLanguage":"en-GB","@id":"https:\/\/secure.gravatar.com\/avatar\/d8f55e05a8b6597e45c55a1dcbdbfe44f4a360d88b48e00de5216a79b7732796?s=96&d=mm&r=g","url":"https:\/\/secure.gravatar.com\/avatar\/d8f55e05a8b6597e45c55a1dcbdbfe44f4a360d88b48e00de5216a79b7732796?s=96&d=mm&r=g","contentUrl":"https:\/\/secure.gravatar.com\/avatar\/d8f55e05a8b6597e45c55a1dcbdbfe44f4a360d88b48e00de5216a79b7732796?s=96&d=mm&r=g","caption":"Redacci\u00f3n"},"url":"https:\/\/unaymilletras.com\/en\/author\/redaccion\/"}]}},"_links":{"self":[{"href":"https:\/\/unaymilletras.com\/en\/wp-json\/wp\/v2\/posts\/4492","targetHints":{"allow":["GET"]}}],"collection":[{"href":"https:\/\/unaymilletras.com\/en\/wp-json\/wp\/v2\/posts"}],"about":[{"href":"https:\/\/unaymilletras.com\/en\/wp-json\/wp\/v2\/types\/post"}],"author":[{"embeddable":true,"href":"https:\/\/unaymilletras.com\/en\/wp-json\/wp\/v2\/users\/6"}],"replies":[{"embeddable":true,"href":"https:\/\/unaymilletras.com\/en\/wp-json\/wp\/v2\/comments?post=4492"}],"version-history":[{"count":7,"href":"https:\/\/unaymilletras.com\/en\/wp-json\/wp\/v2\/posts\/4492\/revisions"}],"predecessor-version":[{"id":4500,"href":"https:\/\/unaymilletras.com\/en\/wp-json\/wp\/v2\/posts\/4492\/revisions\/4500"}],"wp:featuredmedia":[{"embeddable":true,"href":"https:\/\/unaymilletras.com\/en\/wp-json\/wp\/v2\/media\/4494"}],"wp:attachment":[{"href":"https:\/\/unaymilletras.com\/en\/wp-json\/wp\/v2\/media?parent=4492"}],"wp:term":[{"taxonomy":"category","embeddable":true,"href":"https:\/\/unaymilletras.com\/en\/wp-json\/wp\/v2\/categories?post=4492"},{"taxonomy":"post_tag","embeddable":true,"href":"https:\/\/unaymilletras.com\/en\/wp-json\/wp\/v2\/tags?post=4492"}],"curies":[{"name":"wp","href":"https:\/\/api.w.org\/{rel}","templated":true}]}}