{"id":4513,"date":"2025-05-06T11:00:34","date_gmt":"2025-05-06T09:00:34","guid":{"rendered":"https:\/\/unaymilletras.com\/?p=4513"},"modified":"2025-05-06T11:02:42","modified_gmt":"2025-05-06T09:02:42","slug":"borja-y-greeicy-cocinan-macarrones-con-queso","status":"publish","type":"post","link":"https:\/\/unaymilletras.com\/en\/borja-y-greeicy-cocinan-macarrones-con-queso\/","title":{"rendered":"BORJA y Greeicy cocinan \u201cMacarrones con queso\u201d"},"content":{"rendered":"<div data-elementor-type=\"wp-post\" data-elementor-id=\"4513\" class=\"elementor elementor-4513\">\n\t\t\t\t\t\t<section class=\"elementor-section elementor-top-section elementor-element elementor-element-5aed855 elementor-section-boxed elementor-section-height-default elementor-section-height-default\" data-id=\"5aed855\" data-element_type=\"section\" data-e-type=\"section\">\n\t\t\t\t\t\t<div class=\"elementor-container elementor-column-gap-default\">\n\t\t\t\t\t<div class=\"elementor-column elementor-col-100 elementor-top-column elementor-element elementor-element-f7bf235\" data-id=\"f7bf235\" data-element_type=\"column\" data-e-type=\"column\">\n\t\t\t<div class=\"elementor-widget-wrap elementor-element-populated\">\n\t\t\t\t\t\t<div class=\"elementor-element elementor-element-ec77147 elementor-widget elementor-widget-text-editor\" data-id=\"ec77147\" data-element_type=\"widget\" data-e-type=\"widget\" data-widget_type=\"text-editor.default\">\n\t\t\t\t<div class=\"elementor-widget-container\">\n\t\t\t\t\t\t\t\t\t<h2 style=\"text-align: center;\"><em><span style=\"color: #808080;\">Greeicy y invitada en una colaboraci\u00f3n emocional que evoca la nostalgia de los amores imposibles y adelanta el pr\u00f3ximo disco de BORJA<\/span><\/em><\/h2>\t\t\t\t\t\t\t\t<\/div>\n\t\t\t\t<\/div>\n\t\t\t\t\t<\/div>\n\t\t<\/div>\n\t\t\t\t\t<\/div>\n\t\t<\/section>\n\t\t\t\t<section class=\"elementor-section elementor-top-section elementor-element elementor-element-ed4baf1 elementor-section-boxed elementor-section-height-default elementor-section-height-default\" data-id=\"ed4baf1\" data-element_type=\"section\" data-e-type=\"section\">\n\t\t\t\t\t\t<div class=\"elementor-container elementor-column-gap-default\">\n\t\t\t\t\t<div class=\"elementor-column elementor-col-100 elementor-top-column elementor-element elementor-element-98c6741\" data-id=\"98c6741\" data-element_type=\"column\" data-e-type=\"column\">\n\t\t\t<div class=\"elementor-widget-wrap elementor-element-populated\">\n\t\t\t\t\t\t<div class=\"elementor-element elementor-element-163959f elementor-widget elementor-widget-text-editor\" data-id=\"163959f\" data-element_type=\"widget\" data-e-type=\"widget\" data-widget_type=\"text-editor.default\">\n\t\t\t\t<div class=\"elementor-widget-container\">\n\t\t\t\t\t\t\t\t\t<p class=\"\" data-start=\"342\" data-end=\"663\">El cantautor espa\u00f1ol <strong>BORJA<\/strong> vuelve a tocar el alma con<strong> <em>Macarrones con queso<\/em><\/strong>, una colaboraci\u00f3n emocional junto a la estrella colombiana <strong>Greeicy<\/strong>. El tema, lanzado este 30 de abril, explora con delicadeza y nostalgia la historia de un amor no resuelto, de esos que dejan huella aunque el tiempo y la vida jueguen en contra.<\/p>\t\t\t\t\t\t\t\t<\/div>\n\t\t\t\t<\/div>\n\t\t\t\t\t<\/div>\n\t\t<\/div>\n\t\t\t\t\t<\/div>\n\t\t<\/section>\n\t\t\t\t<section class=\"elementor-section elementor-top-section elementor-element elementor-element-41e6644 elementor-section-boxed elementor-section-height-default elementor-section-height-default\" data-id=\"41e6644\" data-element_type=\"section\" data-e-type=\"section\">\n\t\t\t\t\t\t<div class=\"elementor-container elementor-column-gap-default\">\n\t\t\t\t\t<div class=\"elementor-column elementor-col-100 elementor-top-column elementor-element elementor-element-1e18de9\" data-id=\"1e18de9\" data-element_type=\"column\" data-e-type=\"column\">\n\t\t\t<div class=\"elementor-widget-wrap elementor-element-populated\">\n\t\t\t\t\t\t<div class=\"elementor-element elementor-element-314aa75 elementor-widget elementor-widget-video\" data-id=\"314aa75\" data-element_type=\"widget\" data-e-type=\"widget\" data-settings=\"{&quot;youtube_url&quot;:&quot;https:\\\/\\\/www.youtube.com\\\/watch?v=pzTjdqjCTTc&amp;ab_channel=BORJAVEVO&quot;,&quot;video_type&quot;:&quot;youtube&quot;,&quot;controls&quot;:&quot;yes&quot;}\" data-widget_type=\"video.default\">\n\t\t\t\t<div class=\"elementor-widget-container\">\n\t\t\t\t\t\t\t<div class=\"elementor-wrapper elementor-open-inline\">\n\t\t\t<div class=\"elementor-video\"><\/div>\t\t<\/div>\n\t\t\t\t\t\t<\/div>\n\t\t\t\t<\/div>\n\t\t\t\t\t<\/div>\n\t\t<\/div>\n\t\t\t\t\t<\/div>\n\t\t<\/section>\n\t\t\t\t<section class=\"elementor-section elementor-top-section elementor-element elementor-element-381d351 elementor-section-boxed elementor-section-height-default elementor-section-height-default\" data-id=\"381d351\" data-element_type=\"section\" data-e-type=\"section\">\n\t\t\t\t\t\t<div class=\"elementor-container elementor-column-gap-default\">\n\t\t\t\t\t<div class=\"elementor-column elementor-col-100 elementor-top-column elementor-element elementor-element-1277363\" data-id=\"1277363\" data-element_type=\"column\" data-e-type=\"column\">\n\t\t\t<div class=\"elementor-widget-wrap elementor-element-populated\">\n\t\t\t\t\t\t<div class=\"elementor-element elementor-element-093c906 elementor-widget elementor-widget-text-editor\" data-id=\"093c906\" data-element_type=\"widget\" data-e-type=\"widget\" data-widget_type=\"text-editor.default\">\n\t\t\t\t<div class=\"elementor-widget-container\">\n\t\t\t\t\t\t\t\t\t<p class=\"\" data-start=\"665\" data-end=\"1135\">Este sencillo, que ya est\u00e1 disponible en todas las plataformas digitales, es el quinto adelanto del esperado segundo \u00e1lbum de BORJA, previsto para este verano. Fiel a su estilo introspectivo y honesto, el artista barcelon\u00e9s presenta una canci\u00f3n construida sobre una base ac\u00fastica, donde la guitarra y las voces transmiten una cercan\u00eda casi palpable. La producci\u00f3n, a cargo del propio BORJA junto a Joel Iglesias, crea el espacio perfecto para que las emociones respiren.<\/p><p class=\"\" data-start=\"1137\" data-end=\"1443\">\u201cHabla del deseo de coincidir con alguien, de tener esos peque\u00f1os momentos que significan mucho. Pero a veces la vida no se da as\u00ed\u201d, explica BORJA. La canci\u00f3n nace precisamente de eso: de los recuerdos sencillos, como preparar una comida juntos, que se transforman en s\u00edmbolos de una conexi\u00f3n m\u00e1s profunda.<\/p><p class=\"\" data-start=\"1445\" data-end=\"1747\">Greeicy, con su calidez inconfundible, aporta una dimensi\u00f3n \u00edntima y conmovedora: \u201cEs una canci\u00f3n que captura la dulzura y la nostalgia de amar a alguien a la distancia. BORJA y yo pusimos el coraz\u00f3n en esta canci\u00f3n, y espero que le recuerde a todos que el amor siempre encuentra el camino de regreso\u201d.<\/p>\t\t\t\t\t\t\t\t<\/div>\n\t\t\t\t<\/div>\n\t\t\t\t\t<\/div>\n\t\t<\/div>\n\t\t\t\t\t<\/div>\n\t\t<\/section>\n\t\t\t\t<section class=\"elementor-section elementor-top-section elementor-element elementor-element-c88d75d elementor-section-boxed elementor-section-height-default elementor-section-height-default\" data-id=\"c88d75d\" data-element_type=\"section\" data-e-type=\"section\">\n\t\t\t\t\t\t<div class=\"elementor-container elementor-column-gap-default\">\n\t\t\t\t\t<div class=\"elementor-column elementor-col-50 elementor-top-column elementor-element elementor-element-f3e2b26\" data-id=\"f3e2b26\" data-element_type=\"column\" data-e-type=\"column\">\n\t\t\t<div class=\"elementor-widget-wrap elementor-element-populated\">\n\t\t\t\t\t\t<div class=\"elementor-element elementor-element-5487d3f elementor-widget elementor-widget-image\" data-id=\"5487d3f\" data-element_type=\"widget\" data-e-type=\"widget\" data-widget_type=\"image.default\">\n\t\t\t\t<div class=\"elementor-widget-container\">\n\t\t\t\t\t\t\t\t\t\t\t\t\t\t\t<img fetchpriority=\"high\" decoding=\"async\" width=\"640\" height=\"427\" src=\"https:\/\/unaymilletras.com\/wp-content\/uploads\/2025\/05\/MCQ-01-Credit_-Landro-Wrld-1024x683.jpg\" class=\"attachment-large size-large wp-image-4515\" alt=\"Borja\" srcset=\"https:\/\/unaymilletras.com\/wp-content\/uploads\/2025\/05\/MCQ-01-Credit_-Landro-Wrld-1024x683.jpg 1024w, https:\/\/unaymilletras.com\/wp-content\/uploads\/2025\/05\/MCQ-01-Credit_-Landro-Wrld-300x200.jpg 300w, https:\/\/unaymilletras.com\/wp-content\/uploads\/2025\/05\/MCQ-01-Credit_-Landro-Wrld-768x512.jpg 768w, https:\/\/unaymilletras.com\/wp-content\/uploads\/2025\/05\/MCQ-01-Credit_-Landro-Wrld-1536x1024.jpg 1536w, https:\/\/unaymilletras.com\/wp-content\/uploads\/2025\/05\/MCQ-01-Credit_-Landro-Wrld-2048x1365.jpg 2048w, https:\/\/unaymilletras.com\/wp-content\/uploads\/2025\/05\/MCQ-01-Credit_-Landro-Wrld-18x12.jpg 18w, https:\/\/unaymilletras.com\/wp-content\/uploads\/2025\/05\/MCQ-01-Credit_-Landro-Wrld-scaled-e1746522124831.jpg 600w\" sizes=\"(max-width: 640px) 100vw, 640px\" \/>\t\t\t\t\t\t\t\t\t\t\t\t\t\t\t<\/div>\n\t\t\t\t<\/div>\n\t\t\t\t\t<\/div>\n\t\t<\/div>\n\t\t\t\t<div class=\"elementor-column elementor-col-50 elementor-top-column elementor-element elementor-element-e19c290\" data-id=\"e19c290\" data-element_type=\"column\" data-e-type=\"column\">\n\t\t\t<div class=\"elementor-widget-wrap elementor-element-populated\">\n\t\t\t\t\t\t<div class=\"elementor-element elementor-element-bd24b4f elementor-widget elementor-widget-image\" data-id=\"bd24b4f\" data-element_type=\"widget\" data-e-type=\"widget\" data-widget_type=\"image.default\">\n\t\t\t\t<div class=\"elementor-widget-container\">\n\t\t\t\t\t\t\t\t\t\t\t\t\t\t\t<img decoding=\"async\" width=\"640\" height=\"427\" src=\"https:\/\/unaymilletras.com\/wp-content\/uploads\/2025\/05\/MCQ-03-Credit_-Andres-Saavedra-1024x683.jpg\" class=\"attachment-large size-large wp-image-4516\" alt=\"Borja\" srcset=\"https:\/\/unaymilletras.com\/wp-content\/uploads\/2025\/05\/MCQ-03-Credit_-Andres-Saavedra-1024x683.jpg 1024w, https:\/\/unaymilletras.com\/wp-content\/uploads\/2025\/05\/MCQ-03-Credit_-Andres-Saavedra-300x200.jpg 300w, https:\/\/unaymilletras.com\/wp-content\/uploads\/2025\/05\/MCQ-03-Credit_-Andres-Saavedra-768x512.jpg 768w, https:\/\/unaymilletras.com\/wp-content\/uploads\/2025\/05\/MCQ-03-Credit_-Andres-Saavedra-1536x1024.jpg 1536w, https:\/\/unaymilletras.com\/wp-content\/uploads\/2025\/05\/MCQ-03-Credit_-Andres-Saavedra-18x12.jpg 18w, https:\/\/unaymilletras.com\/wp-content\/uploads\/2025\/05\/MCQ-03-Credit_-Andres-Saavedra-e1746522139635.jpg 600w\" sizes=\"(max-width: 640px) 100vw, 640px\" \/>\t\t\t\t\t\t\t\t\t\t\t\t\t\t\t<\/div>\n\t\t\t\t<\/div>\n\t\t\t\t\t<\/div>\n\t\t<\/div>\n\t\t\t\t\t<\/div>\n\t\t<\/section>\n\t\t\t\t<section class=\"elementor-section elementor-top-section elementor-element elementor-element-1b69317 elementor-section-boxed elementor-section-height-default elementor-section-height-default\" data-id=\"1b69317\" data-element_type=\"section\" data-e-type=\"section\">\n\t\t\t\t\t\t<div class=\"elementor-container elementor-column-gap-default\">\n\t\t\t\t\t<div class=\"elementor-column elementor-col-100 elementor-top-column elementor-element elementor-element-595c839\" data-id=\"595c839\" data-element_type=\"column\" data-e-type=\"column\">\n\t\t\t<div class=\"elementor-widget-wrap elementor-element-populated\">\n\t\t\t\t\t\t<div class=\"elementor-element elementor-element-f6585e0 elementor-widget elementor-widget-text-editor\" data-id=\"f6585e0\" data-element_type=\"widget\" data-e-type=\"widget\" data-widget_type=\"text-editor.default\">\n\t\t\t\t<div class=\"elementor-widget-container\">\n\t\t\t\t\t\t\t\t\t<p class=\"\" data-start=\"1989\" data-end=\"2286\">Con esta colaboraci\u00f3n, BORJA consolida un universo sonoro y emocional que ya ha empezado a dibujar con anteriores sencillos como <em>Mallorca<\/em>, <em>Se Busca<\/em> o <em>Brutal<\/em>. El nuevo disco promete ser una obra cohesionada donde cada canci\u00f3n ser\u00e1 una pieza clave del puzle emocional que el artista construye.<\/p><p class=\"\" data-start=\"2288\" data-end=\"2486\">Por su parte, Greeicy sigue demostrando su versatilidad y sensibilidad, tanto con sus lanzamientos recientes como <em>\u00bfQu\u00e9 Te Pas\u00f3?<\/em> junto a Jay Wheeler, como en su actual <em>Greeicy Yeliana World Tour<\/em>.<\/p><p class=\"\" data-start=\"2488\" data-end=\"2646\"><em>Macarrones con queso<\/em>\u00a0no es solo una canci\u00f3n, es un suspiro convertido en melod\u00eda. Un himno a los amores que no fueron, pero que siempre viven en la memoria.<\/p>\t\t\t\t\t\t\t\t<\/div>\n\t\t\t\t<\/div>\n\t\t\t\t\t<\/div>\n\t\t<\/div>\n\t\t\t\t\t<\/div>\n\t\t<\/section>\n\t\t\t\t<\/div>","protected":false},"excerpt":{"rendered":"<p>Greeicy y invitada en una colaboraci\u00f3n emocional que evoca la nostalgia de los amores imposibles y adelanta el pr\u00f3ximo disco de BORJA El cantautor espa\u00f1ol BORJA vuelve a tocar el alma con Macarrones con queso, una colaboraci\u00f3n emocional junto a la estrella colombiana Greeicy. El tema, lanzado este 30 de abril, explora con delicadeza y [&hellip;]<\/p>\n","protected":false},"author":6,"featured_media":4516,"comment_status":"closed","ping_status":"closed","sticky":false,"template":"","format":"standard","meta":{"footnotes":""},"categories":[4],"tags":[],"class_list":["post-4513","post","type-post","status-publish","format-standard","has-post-thumbnail","hentry","category-musica"],"yoast_head":"<!-- This site is optimized with the Yoast SEO plugin v27.4 - https:\/\/yoast.com\/product\/yoast-seo-wordpress\/ -->\n<title>BORJA y Greeicy cocinan \u201cMacarrones con queso\u201d<\/title>\n<meta name=\"description\" content=\"Greeicy y el catal\u00e1n firman una colaboraci\u00f3n emocional que evoca la nostalgia de los amores imposibles y adelanta el pr\u00f3ximo disco de BORJA\" \/>\n<meta name=\"robots\" content=\"index, follow, max-snippet:-1, max-image-preview:large, max-video-preview:-1\" \/>\n<link rel=\"canonical\" href=\"https:\/\/unaymilletras.com\/en\/borja-y-greeicy-cocinan-macarrones-con-queso\/\" \/>\n<meta property=\"og:locale\" content=\"en_GB\" \/>\n<meta property=\"og:type\" content=\"article\" \/>\n<meta property=\"og:title\" content=\"BORJA y Greeicy cocinan \u201cMacarrones con queso\u201d\" \/>\n<meta property=\"og:description\" content=\"Greeicy y el catal\u00e1n firman una colaboraci\u00f3n emocional que evoca la nostalgia de los amores imposibles y adelanta el pr\u00f3ximo disco de BORJA\" \/>\n<meta property=\"og:url\" content=\"https:\/\/unaymilletras.com\/en\/borja-y-greeicy-cocinan-macarrones-con-queso\/\" \/>\n<meta property=\"og:site_name\" content=\"Una y Mil Letras\" \/>\n<meta property=\"article:published_time\" content=\"2025-05-06T09:00:34+00:00\" \/>\n<meta property=\"article:modified_time\" content=\"2025-05-06T09:02:42+00:00\" \/>\n<meta property=\"og:image\" content=\"http:\/\/unaymilletras.com\/wp-content\/uploads\/2025\/05\/MCQ-03-Credit_-Andres-Saavedra-e1746522139635.jpg\" \/>\n\t<meta property=\"og:image:width\" content=\"600\" \/>\n\t<meta property=\"og:image:height\" content=\"400\" \/>\n\t<meta property=\"og:image:type\" content=\"image\/jpeg\" \/>\n<meta name=\"author\" content=\"Redacci\u00f3n\" \/>\n<meta name=\"twitter:card\" content=\"summary_large_image\" \/>\n<meta name=\"twitter:creator\" content=\"@UnaYMilLetras\" \/>\n<meta name=\"twitter:site\" content=\"@UnaYMilLetras\" \/>\n<meta name=\"twitter:label1\" content=\"Written by\" \/>\n\t<meta name=\"twitter:data1\" content=\"Redacci\u00f3n\" \/>\n\t<meta name=\"twitter:label2\" content=\"Estimated reading time\" \/>\n\t<meta name=\"twitter:data2\" content=\"3 minutes\" \/>\n<script type=\"application\/ld+json\" class=\"yoast-schema-graph\">{\"@context\":\"https:\\\/\\\/schema.org\",\"@graph\":[{\"@type\":\"Article\",\"@id\":\"https:\\\/\\\/unaymilletras.com\\\/borja-y-greeicy-cocinan-macarrones-con-queso\\\/#article\",\"isPartOf\":{\"@id\":\"https:\\\/\\\/unaymilletras.com\\\/borja-y-greeicy-cocinan-macarrones-con-queso\\\/\"},\"author\":{\"name\":\"Redacci\u00f3n\",\"@id\":\"http:\\\/\\\/unaymilletras.com\\\/#\\\/schema\\\/person\\\/0860dc8a218329991ee2c7591f4f849d\"},\"headline\":\"BORJA y Greeicy cocinan \u201cMacarrones con queso\u201d\",\"datePublished\":\"2025-05-06T09:00:34+00:00\",\"dateModified\":\"2025-05-06T09:02:42+00:00\",\"mainEntityOfPage\":{\"@id\":\"https:\\\/\\\/unaymilletras.com\\\/borja-y-greeicy-cocinan-macarrones-con-queso\\\/\"},\"wordCount\":399,\"publisher\":{\"@id\":\"http:\\\/\\\/unaymilletras.com\\\/#organization\"},\"image\":{\"@id\":\"https:\\\/\\\/unaymilletras.com\\\/borja-y-greeicy-cocinan-macarrones-con-queso\\\/#primaryimage\"},\"thumbnailUrl\":\"https:\\\/\\\/unaymilletras.com\\\/wp-content\\\/uploads\\\/2025\\\/05\\\/MCQ-03-Credit_-Andres-Saavedra-e1746522139635.jpg\",\"articleSection\":[\"M\u00fasica\"],\"inLanguage\":\"en-GB\"},{\"@type\":\"WebPage\",\"@id\":\"https:\\\/\\\/unaymilletras.com\\\/borja-y-greeicy-cocinan-macarrones-con-queso\\\/\",\"url\":\"https:\\\/\\\/unaymilletras.com\\\/borja-y-greeicy-cocinan-macarrones-con-queso\\\/\",\"name\":\"BORJA y Greeicy cocinan \u201cMacarrones con queso\u201d\",\"isPartOf\":{\"@id\":\"http:\\\/\\\/unaymilletras.com\\\/#website\"},\"primaryImageOfPage\":{\"@id\":\"https:\\\/\\\/unaymilletras.com\\\/borja-y-greeicy-cocinan-macarrones-con-queso\\\/#primaryimage\"},\"image\":{\"@id\":\"https:\\\/\\\/unaymilletras.com\\\/borja-y-greeicy-cocinan-macarrones-con-queso\\\/#primaryimage\"},\"thumbnailUrl\":\"https:\\\/\\\/unaymilletras.com\\\/wp-content\\\/uploads\\\/2025\\\/05\\\/MCQ-03-Credit_-Andres-Saavedra-e1746522139635.jpg\",\"datePublished\":\"2025-05-06T09:00:34+00:00\",\"dateModified\":\"2025-05-06T09:02:42+00:00\",\"description\":\"Greeicy y el catal\u00e1n firman una colaboraci\u00f3n emocional que evoca la nostalgia de los amores imposibles y adelanta el pr\u00f3ximo disco de BORJA\",\"breadcrumb\":{\"@id\":\"https:\\\/\\\/unaymilletras.com\\\/borja-y-greeicy-cocinan-macarrones-con-queso\\\/#breadcrumb\"},\"inLanguage\":\"en-GB\",\"potentialAction\":[{\"@type\":\"ReadAction\",\"target\":[\"https:\\\/\\\/unaymilletras.com\\\/borja-y-greeicy-cocinan-macarrones-con-queso\\\/\"]}]},{\"@type\":\"ImageObject\",\"inLanguage\":\"en-GB\",\"@id\":\"https:\\\/\\\/unaymilletras.com\\\/borja-y-greeicy-cocinan-macarrones-con-queso\\\/#primaryimage\",\"url\":\"https:\\\/\\\/unaymilletras.com\\\/wp-content\\\/uploads\\\/2025\\\/05\\\/MCQ-03-Credit_-Andres-Saavedra-e1746522139635.jpg\",\"contentUrl\":\"https:\\\/\\\/unaymilletras.com\\\/wp-content\\\/uploads\\\/2025\\\/05\\\/MCQ-03-Credit_-Andres-Saavedra-e1746522139635.jpg\",\"width\":600,\"height\":400,\"caption\":\"Borja\"},{\"@type\":\"BreadcrumbList\",\"@id\":\"https:\\\/\\\/unaymilletras.com\\\/borja-y-greeicy-cocinan-macarrones-con-queso\\\/#breadcrumb\",\"itemListElement\":[{\"@type\":\"ListItem\",\"position\":1,\"name\":\"Home\",\"item\":\"http:\\\/\\\/unaymilletras.com\\\/\"},{\"@type\":\"ListItem\",\"position\":2,\"name\":\"BORJA y Greeicy cocinan \u201cMacarrones con queso\u201d\"}]},{\"@type\":\"WebSite\",\"@id\":\"http:\\\/\\\/unaymilletras.com\\\/#website\",\"url\":\"http:\\\/\\\/unaymilletras.com\\\/\",\"name\":\"Una y Mil Letras\",\"description\":\"\",\"publisher\":{\"@id\":\"http:\\\/\\\/unaymilletras.com\\\/#organization\"},\"potentialAction\":[{\"@type\":\"SearchAction\",\"target\":{\"@type\":\"EntryPoint\",\"urlTemplate\":\"http:\\\/\\\/unaymilletras.com\\\/?s={search_term_string}\"},\"query-input\":{\"@type\":\"PropertyValueSpecification\",\"valueRequired\":true,\"valueName\":\"search_term_string\"}}],\"inLanguage\":\"en-GB\"},{\"@type\":\"Organization\",\"@id\":\"http:\\\/\\\/unaymilletras.com\\\/#organization\",\"name\":\"Una y Mil Letras\",\"url\":\"http:\\\/\\\/unaymilletras.com\\\/\",\"logo\":{\"@type\":\"ImageObject\",\"inLanguage\":\"en-GB\",\"@id\":\"http:\\\/\\\/unaymilletras.com\\\/#\\\/schema\\\/logo\\\/image\\\/\",\"url\":\"https:\\\/\\\/unaymilletras.com\\\/wp-content\\\/uploads\\\/2024\\\/06\\\/cropped-Logo-removebg-preview.png\",\"contentUrl\":\"https:\\\/\\\/unaymilletras.com\\\/wp-content\\\/uploads\\\/2024\\\/06\\\/cropped-Logo-removebg-preview.png\",\"width\":512,\"height\":512,\"caption\":\"Una y Mil Letras\"},\"image\":{\"@id\":\"http:\\\/\\\/unaymilletras.com\\\/#\\\/schema\\\/logo\\\/image\\\/\"},\"sameAs\":[\"https:\\\/\\\/x.com\\\/UnaYMilLetras\",\"https:\\\/\\\/instagram.com\\\/UnaYMilLetras\"]},{\"@type\":\"Person\",\"@id\":\"http:\\\/\\\/unaymilletras.com\\\/#\\\/schema\\\/person\\\/0860dc8a218329991ee2c7591f4f849d\",\"name\":\"Redacci\u00f3n\",\"image\":{\"@type\":\"ImageObject\",\"inLanguage\":\"en-GB\",\"@id\":\"https:\\\/\\\/secure.gravatar.com\\\/avatar\\\/d8f55e05a8b6597e45c55a1dcbdbfe44f4a360d88b48e00de5216a79b7732796?s=96&d=mm&r=g\",\"url\":\"https:\\\/\\\/secure.gravatar.com\\\/avatar\\\/d8f55e05a8b6597e45c55a1dcbdbfe44f4a360d88b48e00de5216a79b7732796?s=96&d=mm&r=g\",\"contentUrl\":\"https:\\\/\\\/secure.gravatar.com\\\/avatar\\\/d8f55e05a8b6597e45c55a1dcbdbfe44f4a360d88b48e00de5216a79b7732796?s=96&d=mm&r=g\",\"caption\":\"Redacci\u00f3n\"},\"url\":\"https:\\\/\\\/unaymilletras.com\\\/en\\\/author\\\/redaccion\\\/\"}]}<\/script>\n<!-- \/ Yoast SEO plugin. -->","yoast_head_json":{"title":"BORJA y Greeicy cocinan \u201cMacarrones con queso\u201d","description":"Greeicy y el catal\u00e1n firman una colaboraci\u00f3n emocional que evoca la nostalgia de los amores imposibles y adelanta el pr\u00f3ximo disco de BORJA","robots":{"index":"index","follow":"follow","max-snippet":"max-snippet:-1","max-image-preview":"max-image-preview:large","max-video-preview":"max-video-preview:-1"},"canonical":"https:\/\/unaymilletras.com\/en\/borja-y-greeicy-cocinan-macarrones-con-queso\/","og_locale":"en_GB","og_type":"article","og_title":"BORJA y Greeicy cocinan \u201cMacarrones con queso\u201d","og_description":"Greeicy y el catal\u00e1n firman una colaboraci\u00f3n emocional que evoca la nostalgia de los amores imposibles y adelanta el pr\u00f3ximo disco de BORJA","og_url":"https:\/\/unaymilletras.com\/en\/borja-y-greeicy-cocinan-macarrones-con-queso\/","og_site_name":"Una y Mil Letras","article_published_time":"2025-05-06T09:00:34+00:00","article_modified_time":"2025-05-06T09:02:42+00:00","og_image":[{"width":600,"height":400,"url":"http:\/\/unaymilletras.com\/wp-content\/uploads\/2025\/05\/MCQ-03-Credit_-Andres-Saavedra-e1746522139635.jpg","type":"image\/jpeg"}],"author":"Redacci\u00f3n","twitter_card":"summary_large_image","twitter_creator":"@UnaYMilLetras","twitter_site":"@UnaYMilLetras","twitter_misc":{"Written by":"Redacci\u00f3n","Estimated reading time":"3 minutes"},"schema":{"@context":"https:\/\/schema.org","@graph":[{"@type":"Article","@id":"https:\/\/unaymilletras.com\/borja-y-greeicy-cocinan-macarrones-con-queso\/#article","isPartOf":{"@id":"https:\/\/unaymilletras.com\/borja-y-greeicy-cocinan-macarrones-con-queso\/"},"author":{"name":"Redacci\u00f3n","@id":"http:\/\/unaymilletras.com\/#\/schema\/person\/0860dc8a218329991ee2c7591f4f849d"},"headline":"BORJA y Greeicy cocinan \u201cMacarrones con queso\u201d","datePublished":"2025-05-06T09:00:34+00:00","dateModified":"2025-05-06T09:02:42+00:00","mainEntityOfPage":{"@id":"https:\/\/unaymilletras.com\/borja-y-greeicy-cocinan-macarrones-con-queso\/"},"wordCount":399,"publisher":{"@id":"http:\/\/unaymilletras.com\/#organization"},"image":{"@id":"https:\/\/unaymilletras.com\/borja-y-greeicy-cocinan-macarrones-con-queso\/#primaryimage"},"thumbnailUrl":"https:\/\/unaymilletras.com\/wp-content\/uploads\/2025\/05\/MCQ-03-Credit_-Andres-Saavedra-e1746522139635.jpg","articleSection":["M\u00fasica"],"inLanguage":"en-GB"},{"@type":"WebPage","@id":"https:\/\/unaymilletras.com\/borja-y-greeicy-cocinan-macarrones-con-queso\/","url":"https:\/\/unaymilletras.com\/borja-y-greeicy-cocinan-macarrones-con-queso\/","name":"BORJA y Greeicy cocinan \u201cMacarrones con queso\u201d","isPartOf":{"@id":"http:\/\/unaymilletras.com\/#website"},"primaryImageOfPage":{"@id":"https:\/\/unaymilletras.com\/borja-y-greeicy-cocinan-macarrones-con-queso\/#primaryimage"},"image":{"@id":"https:\/\/unaymilletras.com\/borja-y-greeicy-cocinan-macarrones-con-queso\/#primaryimage"},"thumbnailUrl":"https:\/\/unaymilletras.com\/wp-content\/uploads\/2025\/05\/MCQ-03-Credit_-Andres-Saavedra-e1746522139635.jpg","datePublished":"2025-05-06T09:00:34+00:00","dateModified":"2025-05-06T09:02:42+00:00","description":"Greeicy y el catal\u00e1n firman una colaboraci\u00f3n emocional que evoca la nostalgia de los amores imposibles y adelanta el pr\u00f3ximo disco de BORJA","breadcrumb":{"@id":"https:\/\/unaymilletras.com\/borja-y-greeicy-cocinan-macarrones-con-queso\/#breadcrumb"},"inLanguage":"en-GB","potentialAction":[{"@type":"ReadAction","target":["https:\/\/unaymilletras.com\/borja-y-greeicy-cocinan-macarrones-con-queso\/"]}]},{"@type":"ImageObject","inLanguage":"en-GB","@id":"https:\/\/unaymilletras.com\/borja-y-greeicy-cocinan-macarrones-con-queso\/#primaryimage","url":"https:\/\/unaymilletras.com\/wp-content\/uploads\/2025\/05\/MCQ-03-Credit_-Andres-Saavedra-e1746522139635.jpg","contentUrl":"https:\/\/unaymilletras.com\/wp-content\/uploads\/2025\/05\/MCQ-03-Credit_-Andres-Saavedra-e1746522139635.jpg","width":600,"height":400,"caption":"Borja"},{"@type":"BreadcrumbList","@id":"https:\/\/unaymilletras.com\/borja-y-greeicy-cocinan-macarrones-con-queso\/#breadcrumb","itemListElement":[{"@type":"ListItem","position":1,"name":"Home","item":"http:\/\/unaymilletras.com\/"},{"@type":"ListItem","position":2,"name":"BORJA y Greeicy cocinan \u201cMacarrones con queso\u201d"}]},{"@type":"WebSite","@id":"http:\/\/unaymilletras.com\/#website","url":"http:\/\/unaymilletras.com\/","name":"Una y Mil Letras","description":"","publisher":{"@id":"http:\/\/unaymilletras.com\/#organization"},"potentialAction":[{"@type":"SearchAction","target":{"@type":"EntryPoint","urlTemplate":"http:\/\/unaymilletras.com\/?s={search_term_string}"},"query-input":{"@type":"PropertyValueSpecification","valueRequired":true,"valueName":"search_term_string"}}],"inLanguage":"en-GB"},{"@type":"Organization","@id":"http:\/\/unaymilletras.com\/#organization","name":"Una y Mil Letras","url":"http:\/\/unaymilletras.com\/","logo":{"@type":"ImageObject","inLanguage":"en-GB","@id":"http:\/\/unaymilletras.com\/#\/schema\/logo\/image\/","url":"https:\/\/unaymilletras.com\/wp-content\/uploads\/2024\/06\/cropped-Logo-removebg-preview.png","contentUrl":"https:\/\/unaymilletras.com\/wp-content\/uploads\/2024\/06\/cropped-Logo-removebg-preview.png","width":512,"height":512,"caption":"Una y Mil Letras"},"image":{"@id":"http:\/\/unaymilletras.com\/#\/schema\/logo\/image\/"},"sameAs":["https:\/\/x.com\/UnaYMilLetras","https:\/\/instagram.com\/UnaYMilLetras"]},{"@type":"Person","@id":"http:\/\/unaymilletras.com\/#\/schema\/person\/0860dc8a218329991ee2c7591f4f849d","name":"Redacci\u00f3n","image":{"@type":"ImageObject","inLanguage":"en-GB","@id":"https:\/\/secure.gravatar.com\/avatar\/d8f55e05a8b6597e45c55a1dcbdbfe44f4a360d88b48e00de5216a79b7732796?s=96&d=mm&r=g","url":"https:\/\/secure.gravatar.com\/avatar\/d8f55e05a8b6597e45c55a1dcbdbfe44f4a360d88b48e00de5216a79b7732796?s=96&d=mm&r=g","contentUrl":"https:\/\/secure.gravatar.com\/avatar\/d8f55e05a8b6597e45c55a1dcbdbfe44f4a360d88b48e00de5216a79b7732796?s=96&d=mm&r=g","caption":"Redacci\u00f3n"},"url":"https:\/\/unaymilletras.com\/en\/author\/redaccion\/"}]}},"_links":{"self":[{"href":"https:\/\/unaymilletras.com\/en\/wp-json\/wp\/v2\/posts\/4513","targetHints":{"allow":["GET"]}}],"collection":[{"href":"https:\/\/unaymilletras.com\/en\/wp-json\/wp\/v2\/posts"}],"about":[{"href":"https:\/\/unaymilletras.com\/en\/wp-json\/wp\/v2\/types\/post"}],"author":[{"embeddable":true,"href":"https:\/\/unaymilletras.com\/en\/wp-json\/wp\/v2\/users\/6"}],"replies":[{"embeddable":true,"href":"https:\/\/unaymilletras.com\/en\/wp-json\/wp\/v2\/comments?post=4513"}],"version-history":[{"count":7,"href":"https:\/\/unaymilletras.com\/en\/wp-json\/wp\/v2\/posts\/4513\/revisions"}],"predecessor-version":[{"id":4522,"href":"https:\/\/unaymilletras.com\/en\/wp-json\/wp\/v2\/posts\/4513\/revisions\/4522"}],"wp:featuredmedia":[{"embeddable":true,"href":"https:\/\/unaymilletras.com\/en\/wp-json\/wp\/v2\/media\/4516"}],"wp:attachment":[{"href":"https:\/\/unaymilletras.com\/en\/wp-json\/wp\/v2\/media?parent=4513"}],"wp:term":[{"taxonomy":"category","embeddable":true,"href":"https:\/\/unaymilletras.com\/en\/wp-json\/wp\/v2\/categories?post=4513"},{"taxonomy":"post_tag","embeddable":true,"href":"https:\/\/unaymilletras.com\/en\/wp-json\/wp\/v2\/tags?post=4513"}],"curies":[{"name":"wp","href":"https:\/\/api.w.org\/{rel}","templated":true}]}}