{"id":4523,"date":"2025-05-06T17:12:34","date_gmt":"2025-05-06T15:12:34","guid":{"rendered":"https:\/\/unaymilletras.com\/?p=4523"},"modified":"2025-05-18T16:48:48","modified_gmt":"2025-05-18T14:48:48","slug":"alvaro-de-luna-se-prepara-para-el-movistar-arena","status":"publish","type":"post","link":"https:\/\/unaymilletras.com\/en\/alvaro-de-luna-se-prepara-para-el-movistar-arena\/","title":{"rendered":"\u00c1lvaro de Luna se prepara para el Movistar Arena"},"content":{"rendered":"<div data-elementor-type=\"wp-post\" data-elementor-id=\"4523\" class=\"elementor elementor-4523\">\n\t\t\t\t\t\t<section class=\"elementor-section elementor-top-section elementor-element elementor-element-fcb8790 elementor-section-boxed elementor-section-height-default elementor-section-height-default\" data-id=\"fcb8790\" data-element_type=\"section\" data-e-type=\"section\">\n\t\t\t\t\t\t<div class=\"elementor-container elementor-column-gap-default\">\n\t\t\t\t\t<div class=\"elementor-column elementor-col-100 elementor-top-column elementor-element elementor-element-4ad5f14\" data-id=\"4ad5f14\" data-element_type=\"column\" data-e-type=\"column\">\n\t\t\t<div class=\"elementor-widget-wrap elementor-element-populated\">\n\t\t\t\t\t\t<div class=\"elementor-element elementor-element-f4aa55b elementor-widget elementor-widget-text-editor\" data-id=\"f4aa55b\" data-element_type=\"widget\" data-e-type=\"widget\" data-widget_type=\"text-editor.default\">\n\t\t\t\t<div class=\"elementor-widget-container\">\n\t\t\t\t\t\t\t\t\t<h2 style=\"text-align: center;\"><span style=\"color: #808080;\"><em>\u00abme va a doler\u00bb es el nuevo sencillo de \u00c1lvaro de Luna que estrena antes de uno de sus conciertos m\u00e1s importantes<\/em><\/span><\/h2>\t\t\t\t\t\t\t\t<\/div>\n\t\t\t\t<\/div>\n\t\t\t\t\t<\/div>\n\t\t<\/div>\n\t\t\t\t\t<\/div>\n\t\t<\/section>\n\t\t\t\t<section class=\"elementor-section elementor-top-section elementor-element elementor-element-d2b3667 elementor-section-boxed elementor-section-height-default elementor-section-height-default\" data-id=\"d2b3667\" data-element_type=\"section\" data-e-type=\"section\">\n\t\t\t\t\t\t<div class=\"elementor-container elementor-column-gap-default\">\n\t\t\t\t\t<div class=\"elementor-column elementor-col-100 elementor-top-column elementor-element elementor-element-42ecb0c\" data-id=\"42ecb0c\" data-element_type=\"column\" data-e-type=\"column\">\n\t\t\t<div class=\"elementor-widget-wrap elementor-element-populated\">\n\t\t\t\t\t\t<div class=\"elementor-element elementor-element-9c3b01c elementor-widget elementor-widget-text-editor\" data-id=\"9c3b01c\" data-element_type=\"widget\" data-e-type=\"widget\" data-widget_type=\"text-editor.default\">\n\t\t\t\t<div class=\"elementor-widget-container\">\n\t\t\t\t\t\t\t\t\t<p class=\"\" data-start=\"353\" data-end=\"733\"><b>\u00c1lvaro de Luna<\/b> sigue imparable. Tras conquistar al p\u00fablico con su energ\u00eda arrolladora en el <i><b>UNO Tour<\/b><\/i>, el sevillano se prepara para dar un paso gigante en su carrera: debutar por primera vez en el ic\u00f3nico <b>Movistar Arena de Madrid <\/b>este s\u00e1bado <b>10 de mayo<\/b>. Un concierto que promete ser una aut\u00e9ntica celebraci\u00f3n y que llega tras agotar entradas en ciudades como Sevilla y Barcelona.<\/p>\t\t\t\t\t\t\t\t<\/div>\n\t\t\t\t<\/div>\n\t\t\t\t\t<\/div>\n\t\t<\/div>\n\t\t\t\t\t<\/div>\n\t\t<\/section>\n\t\t\t\t<section class=\"elementor-section elementor-top-section elementor-element elementor-element-ad44de1 elementor-section-boxed elementor-section-height-default elementor-section-height-default\" data-id=\"ad44de1\" data-element_type=\"section\" data-e-type=\"section\">\n\t\t\t\t\t\t<div class=\"elementor-container elementor-column-gap-default\">\n\t\t\t\t\t<div class=\"elementor-column elementor-col-50 elementor-top-column elementor-element elementor-element-c0028fe\" data-id=\"c0028fe\" data-element_type=\"column\" data-e-type=\"column\">\n\t\t\t<div class=\"elementor-widget-wrap elementor-element-populated\">\n\t\t\t\t\t\t<div class=\"elementor-element elementor-element-5955786 elementor-widget elementor-widget-text-editor\" data-id=\"5955786\" data-element_type=\"widget\" data-e-type=\"widget\" data-widget_type=\"text-editor.default\">\n\t\t\t\t<div class=\"elementor-widget-container\">\n\t\t\t\t\t\t\t\t\t<p class=\"\" data-start=\"735\" data-end=\"1182\">La expectaci\u00f3n es m\u00e1xima. El anuncio de este concierto marc\u00f3 un antes y un despu\u00e9s en su trayectoria. para comunicarlo, \u00c1lvaro sorprendi\u00f3 con un v\u00eddeo repleto de grandes nombres del panorama musical y cultural: Dani Fern\u00e1ndez, Iv\u00e1n Ferreiro, Amaral, La Pegatina, Rayden, Nil Moliner, Rozal\u00e9n, La La Love You y muchos m\u00e1s se sumaron a este original anuncio, reafirmando el cari\u00f1o y respeto que el artista despierta entre sus colegas de profesi\u00f3n.<\/p>\t\t\t\t\t\t\t\t<\/div>\n\t\t\t\t<\/div>\n\t\t\t\t\t<\/div>\n\t\t<\/div>\n\t\t\t\t<div class=\"elementor-column elementor-col-50 elementor-top-column elementor-element elementor-element-d3cde0b\" data-id=\"d3cde0b\" data-element_type=\"column\" data-e-type=\"column\">\n\t\t\t<div class=\"elementor-widget-wrap elementor-element-populated\">\n\t\t\t\t\t\t<div class=\"elementor-element elementor-element-9e5fea4 elementor-widget elementor-widget-image\" data-id=\"9e5fea4\" data-element_type=\"widget\" data-e-type=\"widget\" data-widget_type=\"image.default\">\n\t\t\t\t<div class=\"elementor-widget-container\">\n\t\t\t\t\t\t\t\t\t\t\t\t\t\t\t<img fetchpriority=\"high\" decoding=\"async\" width=\"300\" height=\"300\" src=\"https:\/\/unaymilletras.com\/wp-content\/uploads\/2025\/05\/300_x_300.webp\" class=\"attachment-large size-large wp-image-4526\" alt=\"\u00c1LVARO DE LUNA\" srcset=\"https:\/\/unaymilletras.com\/wp-content\/uploads\/2025\/05\/300_x_300.webp 300w, https:\/\/unaymilletras.com\/wp-content\/uploads\/2025\/05\/300_x_300-150x150.webp 150w, https:\/\/unaymilletras.com\/wp-content\/uploads\/2025\/05\/300_x_300-12x12.webp 12w\" sizes=\"(max-width: 300px) 100vw, 300px\" \/>\t\t\t\t\t\t\t\t\t\t\t\t\t\t\t<\/div>\n\t\t\t\t<\/div>\n\t\t\t\t\t<\/div>\n\t\t<\/div>\n\t\t\t\t\t<\/div>\n\t\t<\/section>\n\t\t\t\t<section class=\"elementor-section elementor-top-section elementor-element elementor-element-6b41a3b elementor-section-boxed elementor-section-height-default elementor-section-height-default\" data-id=\"6b41a3b\" data-element_type=\"section\" data-e-type=\"section\">\n\t\t\t\t\t\t<div class=\"elementor-container elementor-column-gap-default\">\n\t\t\t\t\t<div class=\"elementor-column elementor-col-100 elementor-top-column elementor-element elementor-element-d17737b\" data-id=\"d17737b\" data-element_type=\"column\" data-e-type=\"column\">\n\t\t\t<div class=\"elementor-widget-wrap elementor-element-populated\">\n\t\t\t\t\t\t<div class=\"elementor-element elementor-element-5229c1b elementor-widget elementor-widget-text-editor\" data-id=\"5229c1b\" data-element_type=\"widget\" data-e-type=\"widget\" data-widget_type=\"text-editor.default\">\n\t\t\t\t<div class=\"elementor-widget-container\">\n\t\t\t\t\t\t\t\t\t<p class=\"\" data-start=\"1184\" data-end=\"1648\">Adem\u00e1s de su cita en Madrid, la gira tambi\u00e9n ha pasado por el Sant Jordi Club de Barcelona (12 de abril) y el Cartuja Center de Sevilla (3 de mayo), donde el artista colg\u00f3 el cartel de \u201csold out\u201d. Con un repertorio que re\u00fane sus grandes \u00e9xitos como <em data-start=\"1433\" data-end=\"1458\">Juramento eterno de sal<\/em> o <em data-start=\"1461\" data-end=\"1475\">Todo contigo<\/em>, y nuevas canciones que exploran su lado m\u00e1s \u00edntimo, \u00c1lvaro de Luna ofrece una experiencia musical intensa y cercana, donde cada show se convierte en una noche inolvidable.<\/p><p class=\"\" data-start=\"1650\" data-end=\"1981\">En paralelo, el cantante ha lanzado dos nuevos sencillos que reflejan la madurez de su propuesta. Por un lado, <em data-start=\"1761\" data-end=\"1776\">En tu costado<\/em>, una oda al amor desde la vulnerabilidad, con una melod\u00eda ac\u00fastica y una interpretaci\u00f3n cargada de sensibilidad. El videoclip, \u00edntimo y simb\u00f3lico, refuerza ese tono emocional que tan bien sabe transmitir.<\/p>\t\t\t\t\t\t\t\t<\/div>\n\t\t\t\t<\/div>\n\t\t\t\t\t<\/div>\n\t\t<\/div>\n\t\t\t\t\t<\/div>\n\t\t<\/section>\n\t\t\t\t<section class=\"elementor-section elementor-top-section elementor-element elementor-element-8eb9a39 elementor-section-boxed elementor-section-height-default elementor-section-height-default\" data-id=\"8eb9a39\" data-element_type=\"section\" data-e-type=\"section\">\n\t\t\t\t\t\t<div class=\"elementor-container elementor-column-gap-default\">\n\t\t\t\t\t<div class=\"elementor-column elementor-col-100 elementor-top-column elementor-element elementor-element-ba4866c\" data-id=\"ba4866c\" data-element_type=\"column\" data-e-type=\"column\">\n\t\t\t<div class=\"elementor-widget-wrap elementor-element-populated\">\n\t\t\t\t\t\t<div class=\"elementor-element elementor-element-e8cc2bf elementor-widget elementor-widget-video\" data-id=\"e8cc2bf\" data-element_type=\"widget\" data-e-type=\"widget\" data-settings=\"{&quot;youtube_url&quot;:&quot;https:\\\/\\\/www.youtube.com\\\/watch?v=Kc1v1ksU1MY&amp;ab_channel=%C3%81lvaroDeLuna&quot;,&quot;video_type&quot;:&quot;youtube&quot;,&quot;controls&quot;:&quot;yes&quot;}\" data-widget_type=\"video.default\">\n\t\t\t\t<div class=\"elementor-widget-container\">\n\t\t\t\t\t\t\t<div class=\"elementor-wrapper elementor-open-inline\">\n\t\t\t<div class=\"elementor-video\"><\/div>\t\t<\/div>\n\t\t\t\t\t\t<\/div>\n\t\t\t\t<\/div>\n\t\t\t\t\t<\/div>\n\t\t<\/div>\n\t\t\t\t\t<\/div>\n\t\t<\/section>\n\t\t\t\t<section class=\"elementor-section elementor-top-section elementor-element elementor-element-2a4686d elementor-section-boxed elementor-section-height-default elementor-section-height-default\" data-id=\"2a4686d\" data-element_type=\"section\" data-e-type=\"section\">\n\t\t\t\t\t\t<div class=\"elementor-container elementor-column-gap-default\">\n\t\t\t\t\t<div class=\"elementor-column elementor-col-100 elementor-top-column elementor-element elementor-element-c3cdce0\" data-id=\"c3cdce0\" data-element_type=\"column\" data-e-type=\"column\">\n\t\t\t<div class=\"elementor-widget-wrap elementor-element-populated\">\n\t\t\t\t\t\t<div class=\"elementor-element elementor-element-977c380 elementor-widget elementor-widget-text-editor\" data-id=\"977c380\" data-element_type=\"widget\" data-e-type=\"widget\" data-widget_type=\"text-editor.default\">\n\t\t\t\t<div class=\"elementor-widget-container\">\n\t\t\t\t\t\t\t\t\t<p class=\"\" data-start=\"1983\" data-end=\"2326\">Y por otro, <em data-start=\"1995\" data-end=\"2010\">me va a doler<\/em>, una canci\u00f3n que habla de la valent\u00eda de soltar. Un tema sobre el amor propio, el duelo y la dignidad emocional, que refleja con crudeza y belleza el momento en que uno decide priorizarse. \u00abNo romantiza la huida, pero la entiende\u00bb, reza el mensaje detr\u00e1s de este tema que ya resuena con fuerza entre sus seguidores.<\/p><p class=\"\" data-start=\"2328\" data-end=\"2605\">Con todo esto, el concierto del 10 de mayo en el Movistar Arena se perfila como uno de los grandes eventos del a\u00f1o para la m\u00fasica espa\u00f1ola. Una noche donde \u00c1lvaro de Luna volver\u00e1 a demostrar por qu\u00e9 se ha convertido en uno de los artistas m\u00e1s queridos y escuchados del momento.<\/p>\t\t\t\t\t\t\t\t<\/div>\n\t\t\t\t<\/div>\n\t\t\t\t\t<\/div>\n\t\t<\/div>\n\t\t\t\t\t<\/div>\n\t\t<\/section>\n\t\t\t\t<\/div>","protected":false},"excerpt":{"rendered":"<p>\u00abme va a doler\u00bb es el nuevo sencillo de \u00c1lvaro de Luna que estrena antes de uno de sus conciertos m\u00e1s importantes \u00c1lvaro de Luna sigue imparable. Tras conquistar al p\u00fablico con su energ\u00eda arrolladora en el UNO Tour, el sevillano se prepara para dar un paso gigante en su carrera: debutar por primera vez [&hellip;]<\/p>\n","protected":false},"author":6,"featured_media":4526,"comment_status":"closed","ping_status":"closed","sticky":false,"template":"","format":"standard","meta":{"footnotes":""},"categories":[4],"tags":[],"class_list":["post-4523","post","type-post","status-publish","format-standard","has-post-thumbnail","hentry","category-musica"],"yoast_head":"<!-- This site is optimized with the Yoast SEO plugin v27.4 - https:\/\/yoast.com\/product\/yoast-seo-wordpress\/ -->\n<title>\u00c1lvaro de Luna se prepara para el Movistar Arena<\/title>\n<meta name=\"description\" content=\"&quot;no me va a doler&quot; es el nuevo sencillo de \u00c1lvaro de Luna que estrena antes de uno de sus conciertos m\u00e1s importantes\" \/>\n<meta name=\"robots\" content=\"index, follow, max-snippet:-1, max-image-preview:large, max-video-preview:-1\" \/>\n<link rel=\"canonical\" href=\"https:\/\/unaymilletras.com\/en\/alvaro-de-luna-se-prepara-para-el-movistar-arena\/\" \/>\n<meta property=\"og:locale\" content=\"en_GB\" \/>\n<meta property=\"og:type\" content=\"article\" \/>\n<meta property=\"og:title\" content=\"\u00c1lvaro de Luna se prepara para el Movistar Arena\" \/>\n<meta property=\"og:description\" content=\"&quot;no me va a doler&quot; es el nuevo sencillo de \u00c1lvaro de Luna que estrena antes de uno de sus conciertos m\u00e1s importantes\" \/>\n<meta property=\"og:url\" content=\"https:\/\/unaymilletras.com\/en\/alvaro-de-luna-se-prepara-para-el-movistar-arena\/\" \/>\n<meta property=\"og:site_name\" content=\"Una y Mil Letras\" \/>\n<meta property=\"article:published_time\" content=\"2025-05-06T15:12:34+00:00\" \/>\n<meta property=\"article:modified_time\" content=\"2025-05-18T14:48:48+00:00\" \/>\n<meta property=\"og:image\" content=\"http:\/\/unaymilletras.com\/wp-content\/uploads\/2025\/05\/300_x_300.webp\" \/>\n\t<meta property=\"og:image:width\" content=\"300\" \/>\n\t<meta property=\"og:image:height\" content=\"300\" \/>\n\t<meta property=\"og:image:type\" content=\"image\/jpeg\" \/>\n<meta name=\"author\" content=\"Redacci\u00f3n\" \/>\n<meta name=\"twitter:card\" content=\"summary_large_image\" \/>\n<meta name=\"twitter:creator\" content=\"@UnaYMilLetras\" \/>\n<meta name=\"twitter:site\" content=\"@UnaYMilLetras\" \/>\n<meta name=\"twitter:label1\" content=\"Written by\" \/>\n\t<meta name=\"twitter:data1\" content=\"Redacci\u00f3n\" \/>\n\t<meta name=\"twitter:label2\" content=\"Estimated reading time\" \/>\n\t<meta name=\"twitter:data2\" content=\"3 minutes\" \/>\n<script type=\"application\/ld+json\" class=\"yoast-schema-graph\">{\"@context\":\"https:\\\/\\\/schema.org\",\"@graph\":[{\"@type\":\"Article\",\"@id\":\"https:\\\/\\\/unaymilletras.com\\\/alvaro-de-luna-se-prepara-para-el-movistar-arena\\\/#article\",\"isPartOf\":{\"@id\":\"https:\\\/\\\/unaymilletras.com\\\/alvaro-de-luna-se-prepara-para-el-movistar-arena\\\/\"},\"author\":{\"name\":\"Redacci\u00f3n\",\"@id\":\"http:\\\/\\\/unaymilletras.com\\\/#\\\/schema\\\/person\\\/0860dc8a218329991ee2c7591f4f849d\"},\"headline\":\"\u00c1lvaro de Luna se prepara para el Movistar Arena\",\"datePublished\":\"2025-05-06T15:12:34+00:00\",\"dateModified\":\"2025-05-18T14:48:48+00:00\",\"mainEntityOfPage\":{\"@id\":\"https:\\\/\\\/unaymilletras.com\\\/alvaro-de-luna-se-prepara-para-el-movistar-arena\\\/\"},\"wordCount\":460,\"publisher\":{\"@id\":\"http:\\\/\\\/unaymilletras.com\\\/#organization\"},\"image\":{\"@id\":\"https:\\\/\\\/unaymilletras.com\\\/alvaro-de-luna-se-prepara-para-el-movistar-arena\\\/#primaryimage\"},\"thumbnailUrl\":\"https:\\\/\\\/unaymilletras.com\\\/wp-content\\\/uploads\\\/2025\\\/05\\\/300_x_300.webp\",\"articleSection\":[\"M\u00fasica\"],\"inLanguage\":\"en-GB\"},{\"@type\":\"WebPage\",\"@id\":\"https:\\\/\\\/unaymilletras.com\\\/alvaro-de-luna-se-prepara-para-el-movistar-arena\\\/\",\"url\":\"https:\\\/\\\/unaymilletras.com\\\/alvaro-de-luna-se-prepara-para-el-movistar-arena\\\/\",\"name\":\"\u00c1lvaro de Luna se prepara para el Movistar Arena\",\"isPartOf\":{\"@id\":\"http:\\\/\\\/unaymilletras.com\\\/#website\"},\"primaryImageOfPage\":{\"@id\":\"https:\\\/\\\/unaymilletras.com\\\/alvaro-de-luna-se-prepara-para-el-movistar-arena\\\/#primaryimage\"},\"image\":{\"@id\":\"https:\\\/\\\/unaymilletras.com\\\/alvaro-de-luna-se-prepara-para-el-movistar-arena\\\/#primaryimage\"},\"thumbnailUrl\":\"https:\\\/\\\/unaymilletras.com\\\/wp-content\\\/uploads\\\/2025\\\/05\\\/300_x_300.webp\",\"datePublished\":\"2025-05-06T15:12:34+00:00\",\"dateModified\":\"2025-05-18T14:48:48+00:00\",\"description\":\"\\\"no me va a doler\\\" es el nuevo sencillo de \u00c1lvaro de Luna que estrena antes de uno de sus conciertos m\u00e1s importantes\",\"breadcrumb\":{\"@id\":\"https:\\\/\\\/unaymilletras.com\\\/alvaro-de-luna-se-prepara-para-el-movistar-arena\\\/#breadcrumb\"},\"inLanguage\":\"en-GB\",\"potentialAction\":[{\"@type\":\"ReadAction\",\"target\":[\"https:\\\/\\\/unaymilletras.com\\\/alvaro-de-luna-se-prepara-para-el-movistar-arena\\\/\"]}]},{\"@type\":\"ImageObject\",\"inLanguage\":\"en-GB\",\"@id\":\"https:\\\/\\\/unaymilletras.com\\\/alvaro-de-luna-se-prepara-para-el-movistar-arena\\\/#primaryimage\",\"url\":\"https:\\\/\\\/unaymilletras.com\\\/wp-content\\\/uploads\\\/2025\\\/05\\\/300_x_300.webp\",\"contentUrl\":\"https:\\\/\\\/unaymilletras.com\\\/wp-content\\\/uploads\\\/2025\\\/05\\\/300_x_300.webp\",\"width\":300,\"height\":300,\"caption\":\"\u00c1LVARO DE LUNA\"},{\"@type\":\"BreadcrumbList\",\"@id\":\"https:\\\/\\\/unaymilletras.com\\\/alvaro-de-luna-se-prepara-para-el-movistar-arena\\\/#breadcrumb\",\"itemListElement\":[{\"@type\":\"ListItem\",\"position\":1,\"name\":\"Home\",\"item\":\"http:\\\/\\\/unaymilletras.com\\\/\"},{\"@type\":\"ListItem\",\"position\":2,\"name\":\"\u00c1lvaro de Luna se prepara para el Movistar Arena\"}]},{\"@type\":\"WebSite\",\"@id\":\"http:\\\/\\\/unaymilletras.com\\\/#website\",\"url\":\"http:\\\/\\\/unaymilletras.com\\\/\",\"name\":\"Una y Mil Letras\",\"description\":\"\",\"publisher\":{\"@id\":\"http:\\\/\\\/unaymilletras.com\\\/#organization\"},\"potentialAction\":[{\"@type\":\"SearchAction\",\"target\":{\"@type\":\"EntryPoint\",\"urlTemplate\":\"http:\\\/\\\/unaymilletras.com\\\/?s={search_term_string}\"},\"query-input\":{\"@type\":\"PropertyValueSpecification\",\"valueRequired\":true,\"valueName\":\"search_term_string\"}}],\"inLanguage\":\"en-GB\"},{\"@type\":\"Organization\",\"@id\":\"http:\\\/\\\/unaymilletras.com\\\/#organization\",\"name\":\"Una y Mil Letras\",\"url\":\"http:\\\/\\\/unaymilletras.com\\\/\",\"logo\":{\"@type\":\"ImageObject\",\"inLanguage\":\"en-GB\",\"@id\":\"http:\\\/\\\/unaymilletras.com\\\/#\\\/schema\\\/logo\\\/image\\\/\",\"url\":\"https:\\\/\\\/unaymilletras.com\\\/wp-content\\\/uploads\\\/2024\\\/06\\\/cropped-Logo-removebg-preview.png\",\"contentUrl\":\"https:\\\/\\\/unaymilletras.com\\\/wp-content\\\/uploads\\\/2024\\\/06\\\/cropped-Logo-removebg-preview.png\",\"width\":512,\"height\":512,\"caption\":\"Una y Mil Letras\"},\"image\":{\"@id\":\"http:\\\/\\\/unaymilletras.com\\\/#\\\/schema\\\/logo\\\/image\\\/\"},\"sameAs\":[\"https:\\\/\\\/x.com\\\/UnaYMilLetras\",\"https:\\\/\\\/instagram.com\\\/UnaYMilLetras\"]},{\"@type\":\"Person\",\"@id\":\"http:\\\/\\\/unaymilletras.com\\\/#\\\/schema\\\/person\\\/0860dc8a218329991ee2c7591f4f849d\",\"name\":\"Redacci\u00f3n\",\"image\":{\"@type\":\"ImageObject\",\"inLanguage\":\"en-GB\",\"@id\":\"https:\\\/\\\/secure.gravatar.com\\\/avatar\\\/d8f55e05a8b6597e45c55a1dcbdbfe44f4a360d88b48e00de5216a79b7732796?s=96&d=mm&r=g\",\"url\":\"https:\\\/\\\/secure.gravatar.com\\\/avatar\\\/d8f55e05a8b6597e45c55a1dcbdbfe44f4a360d88b48e00de5216a79b7732796?s=96&d=mm&r=g\",\"contentUrl\":\"https:\\\/\\\/secure.gravatar.com\\\/avatar\\\/d8f55e05a8b6597e45c55a1dcbdbfe44f4a360d88b48e00de5216a79b7732796?s=96&d=mm&r=g\",\"caption\":\"Redacci\u00f3n\"},\"url\":\"https:\\\/\\\/unaymilletras.com\\\/en\\\/author\\\/redaccion\\\/\"}]}<\/script>\n<!-- \/ Yoast SEO plugin. -->","yoast_head_json":{"title":"\u00c1lvaro de Luna se prepara para el Movistar Arena","description":"\"no me va a doler\" es el nuevo sencillo de \u00c1lvaro de Luna que estrena antes de uno de sus conciertos m\u00e1s importantes","robots":{"index":"index","follow":"follow","max-snippet":"max-snippet:-1","max-image-preview":"max-image-preview:large","max-video-preview":"max-video-preview:-1"},"canonical":"https:\/\/unaymilletras.com\/en\/alvaro-de-luna-se-prepara-para-el-movistar-arena\/","og_locale":"en_GB","og_type":"article","og_title":"\u00c1lvaro de Luna se prepara para el Movistar Arena","og_description":"\"no me va a doler\" es el nuevo sencillo de \u00c1lvaro de Luna que estrena antes de uno de sus conciertos m\u00e1s importantes","og_url":"https:\/\/unaymilletras.com\/en\/alvaro-de-luna-se-prepara-para-el-movistar-arena\/","og_site_name":"Una y Mil Letras","article_published_time":"2025-05-06T15:12:34+00:00","article_modified_time":"2025-05-18T14:48:48+00:00","og_image":[{"width":300,"height":300,"url":"http:\/\/unaymilletras.com\/wp-content\/uploads\/2025\/05\/300_x_300.webp","type":"image\/jpeg"}],"author":"Redacci\u00f3n","twitter_card":"summary_large_image","twitter_creator":"@UnaYMilLetras","twitter_site":"@UnaYMilLetras","twitter_misc":{"Written by":"Redacci\u00f3n","Estimated reading time":"3 minutes"},"schema":{"@context":"https:\/\/schema.org","@graph":[{"@type":"Article","@id":"https:\/\/unaymilletras.com\/alvaro-de-luna-se-prepara-para-el-movistar-arena\/#article","isPartOf":{"@id":"https:\/\/unaymilletras.com\/alvaro-de-luna-se-prepara-para-el-movistar-arena\/"},"author":{"name":"Redacci\u00f3n","@id":"http:\/\/unaymilletras.com\/#\/schema\/person\/0860dc8a218329991ee2c7591f4f849d"},"headline":"\u00c1lvaro de Luna se prepara para el Movistar Arena","datePublished":"2025-05-06T15:12:34+00:00","dateModified":"2025-05-18T14:48:48+00:00","mainEntityOfPage":{"@id":"https:\/\/unaymilletras.com\/alvaro-de-luna-se-prepara-para-el-movistar-arena\/"},"wordCount":460,"publisher":{"@id":"http:\/\/unaymilletras.com\/#organization"},"image":{"@id":"https:\/\/unaymilletras.com\/alvaro-de-luna-se-prepara-para-el-movistar-arena\/#primaryimage"},"thumbnailUrl":"https:\/\/unaymilletras.com\/wp-content\/uploads\/2025\/05\/300_x_300.webp","articleSection":["M\u00fasica"],"inLanguage":"en-GB"},{"@type":"WebPage","@id":"https:\/\/unaymilletras.com\/alvaro-de-luna-se-prepara-para-el-movistar-arena\/","url":"https:\/\/unaymilletras.com\/alvaro-de-luna-se-prepara-para-el-movistar-arena\/","name":"\u00c1lvaro de Luna se prepara para el Movistar Arena","isPartOf":{"@id":"http:\/\/unaymilletras.com\/#website"},"primaryImageOfPage":{"@id":"https:\/\/unaymilletras.com\/alvaro-de-luna-se-prepara-para-el-movistar-arena\/#primaryimage"},"image":{"@id":"https:\/\/unaymilletras.com\/alvaro-de-luna-se-prepara-para-el-movistar-arena\/#primaryimage"},"thumbnailUrl":"https:\/\/unaymilletras.com\/wp-content\/uploads\/2025\/05\/300_x_300.webp","datePublished":"2025-05-06T15:12:34+00:00","dateModified":"2025-05-18T14:48:48+00:00","description":"\"no me va a doler\" es el nuevo sencillo de \u00c1lvaro de Luna que estrena antes de uno de sus conciertos m\u00e1s importantes","breadcrumb":{"@id":"https:\/\/unaymilletras.com\/alvaro-de-luna-se-prepara-para-el-movistar-arena\/#breadcrumb"},"inLanguage":"en-GB","potentialAction":[{"@type":"ReadAction","target":["https:\/\/unaymilletras.com\/alvaro-de-luna-se-prepara-para-el-movistar-arena\/"]}]},{"@type":"ImageObject","inLanguage":"en-GB","@id":"https:\/\/unaymilletras.com\/alvaro-de-luna-se-prepara-para-el-movistar-arena\/#primaryimage","url":"https:\/\/unaymilletras.com\/wp-content\/uploads\/2025\/05\/300_x_300.webp","contentUrl":"https:\/\/unaymilletras.com\/wp-content\/uploads\/2025\/05\/300_x_300.webp","width":300,"height":300,"caption":"\u00c1LVARO DE LUNA"},{"@type":"BreadcrumbList","@id":"https:\/\/unaymilletras.com\/alvaro-de-luna-se-prepara-para-el-movistar-arena\/#breadcrumb","itemListElement":[{"@type":"ListItem","position":1,"name":"Home","item":"http:\/\/unaymilletras.com\/"},{"@type":"ListItem","position":2,"name":"\u00c1lvaro de Luna se prepara para el Movistar Arena"}]},{"@type":"WebSite","@id":"http:\/\/unaymilletras.com\/#website","url":"http:\/\/unaymilletras.com\/","name":"Una y Mil Letras","description":"","publisher":{"@id":"http:\/\/unaymilletras.com\/#organization"},"potentialAction":[{"@type":"SearchAction","target":{"@type":"EntryPoint","urlTemplate":"http:\/\/unaymilletras.com\/?s={search_term_string}"},"query-input":{"@type":"PropertyValueSpecification","valueRequired":true,"valueName":"search_term_string"}}],"inLanguage":"en-GB"},{"@type":"Organization","@id":"http:\/\/unaymilletras.com\/#organization","name":"Una y Mil Letras","url":"http:\/\/unaymilletras.com\/","logo":{"@type":"ImageObject","inLanguage":"en-GB","@id":"http:\/\/unaymilletras.com\/#\/schema\/logo\/image\/","url":"https:\/\/unaymilletras.com\/wp-content\/uploads\/2024\/06\/cropped-Logo-removebg-preview.png","contentUrl":"https:\/\/unaymilletras.com\/wp-content\/uploads\/2024\/06\/cropped-Logo-removebg-preview.png","width":512,"height":512,"caption":"Una y Mil Letras"},"image":{"@id":"http:\/\/unaymilletras.com\/#\/schema\/logo\/image\/"},"sameAs":["https:\/\/x.com\/UnaYMilLetras","https:\/\/instagram.com\/UnaYMilLetras"]},{"@type":"Person","@id":"http:\/\/unaymilletras.com\/#\/schema\/person\/0860dc8a218329991ee2c7591f4f849d","name":"Redacci\u00f3n","image":{"@type":"ImageObject","inLanguage":"en-GB","@id":"https:\/\/secure.gravatar.com\/avatar\/d8f55e05a8b6597e45c55a1dcbdbfe44f4a360d88b48e00de5216a79b7732796?s=96&d=mm&r=g","url":"https:\/\/secure.gravatar.com\/avatar\/d8f55e05a8b6597e45c55a1dcbdbfe44f4a360d88b48e00de5216a79b7732796?s=96&d=mm&r=g","contentUrl":"https:\/\/secure.gravatar.com\/avatar\/d8f55e05a8b6597e45c55a1dcbdbfe44f4a360d88b48e00de5216a79b7732796?s=96&d=mm&r=g","caption":"Redacci\u00f3n"},"url":"https:\/\/unaymilletras.com\/en\/author\/redaccion\/"}]}},"_links":{"self":[{"href":"https:\/\/unaymilletras.com\/en\/wp-json\/wp\/v2\/posts\/4523","targetHints":{"allow":["GET"]}}],"collection":[{"href":"https:\/\/unaymilletras.com\/en\/wp-json\/wp\/v2\/posts"}],"about":[{"href":"https:\/\/unaymilletras.com\/en\/wp-json\/wp\/v2\/types\/post"}],"author":[{"embeddable":true,"href":"https:\/\/unaymilletras.com\/en\/wp-json\/wp\/v2\/users\/6"}],"replies":[{"embeddable":true,"href":"https:\/\/unaymilletras.com\/en\/wp-json\/wp\/v2\/comments?post=4523"}],"version-history":[{"count":8,"href":"https:\/\/unaymilletras.com\/en\/wp-json\/wp\/v2\/posts\/4523\/revisions"}],"predecessor-version":[{"id":4716,"href":"https:\/\/unaymilletras.com\/en\/wp-json\/wp\/v2\/posts\/4523\/revisions\/4716"}],"wp:featuredmedia":[{"embeddable":true,"href":"https:\/\/unaymilletras.com\/en\/wp-json\/wp\/v2\/media\/4526"}],"wp:attachment":[{"href":"https:\/\/unaymilletras.com\/en\/wp-json\/wp\/v2\/media?parent=4523"}],"wp:term":[{"taxonomy":"category","embeddable":true,"href":"https:\/\/unaymilletras.com\/en\/wp-json\/wp\/v2\/categories?post=4523"},{"taxonomy":"post_tag","embeddable":true,"href":"https:\/\/unaymilletras.com\/en\/wp-json\/wp\/v2\/tags?post=4523"}],"curies":[{"name":"wp","href":"https:\/\/api.w.org\/{rel}","templated":true}]}}