{"id":4556,"date":"2025-05-07T16:00:00","date_gmt":"2025-05-07T14:00:00","guid":{"rendered":"https:\/\/unaymilletras.com\/?p=4556"},"modified":"2025-05-18T16:46:54","modified_gmt":"2025-05-18T14:46:54","slug":"lola-indigo-si-ira-a-barcelona-nueva-fecha-nuevo-estadio-y-una-promesa-cumplida","status":"publish","type":"post","link":"https:\/\/unaymilletras.com\/en\/lola-indigo-si-ira-a-barcelona-nueva-fecha-nuevo-estadio-y-una-promesa-cumplida\/","title":{"rendered":"Lola \u00cdndigo SI ir\u00e1 a Barcelona: nueva fecha, nuevo estadio y una promesa cumplida"},"content":{"rendered":"<div data-elementor-type=\"wp-post\" data-elementor-id=\"4556\" class=\"elementor elementor-4556\">\n\t\t\t\t\t\t<section class=\"elementor-section elementor-top-section elementor-element elementor-element-d113dc6 elementor-section-boxed elementor-section-height-default elementor-section-height-default\" data-id=\"d113dc6\" data-element_type=\"section\" data-e-type=\"section\">\n\t\t\t\t\t\t<div class=\"elementor-container elementor-column-gap-default\">\n\t\t\t\t\t<div class=\"elementor-column elementor-col-100 elementor-top-column elementor-element elementor-element-7f501bf\" data-id=\"7f501bf\" data-element_type=\"column\" data-e-type=\"column\">\n\t\t\t<div class=\"elementor-widget-wrap elementor-element-populated\">\n\t\t\t\t\t\t<div class=\"elementor-element elementor-element-1e705fc elementor-widget elementor-widget-text-editor\" data-id=\"1e705fc\" data-element_type=\"widget\" data-e-type=\"widget\" data-widget_type=\"text-editor.default\">\n\t\t\t\t<div class=\"elementor-widget-container\">\n\t\t\t\t\t\t\t\t\t<h2 style=\"text-align: center;\"><span style=\"color: #808080;\"><em>Tras d\u00edas de incertidumbre y b\u00fasqueda contrarreloj, Lola \u00edndigo confirma su concierto en Montjuic el 10 de julio<\/em><\/span><\/h2>\t\t\t\t\t\t\t\t<\/div>\n\t\t\t\t<\/div>\n\t\t\t\t\t<\/div>\n\t\t<\/div>\n\t\t\t\t\t<\/div>\n\t\t<\/section>\n\t\t\t\t<section class=\"elementor-section elementor-top-section elementor-element elementor-element-6b70165 elementor-section-boxed elementor-section-height-default elementor-section-height-default\" data-id=\"6b70165\" data-element_type=\"section\" data-e-type=\"section\">\n\t\t\t\t\t\t<div class=\"elementor-container elementor-column-gap-default\">\n\t\t\t\t\t<div class=\"elementor-column elementor-col-100 elementor-top-column elementor-element elementor-element-c321e68\" data-id=\"c321e68\" data-element_type=\"column\" data-e-type=\"column\">\n\t\t\t<div class=\"elementor-widget-wrap elementor-element-populated\">\n\t\t\t\t\t\t<div class=\"elementor-element elementor-element-fbc21ba elementor-widget elementor-widget-text-editor\" data-id=\"fbc21ba\" data-element_type=\"widget\" data-e-type=\"widget\" data-widget_type=\"text-editor.default\">\n\t\t\t\t<div class=\"elementor-widget-container\">\n\t\t\t\t\t\t\t\t\t<p data-start=\"469\" data-end=\"859\">Lola \u00cdndigo lo ha logrado. Despu\u00e9s de varios d\u00edas de incertidumbre tras la cancelaci\u00f3n del concierto previsto en el RCDE Stadium, la artista granadina ha anunciado que <strong data-start=\"637\" data-end=\"664\">s\u00ed actuar\u00e1 en Barcelona<\/strong> este verano. La nueva cita ser\u00e1 el <strong data-start=\"700\" data-end=\"725\">mi\u00e9rcoles 10 de julio<\/strong> en el <strong data-start=\"732\" data-end=\"765\">Estadi Ol\u00edmpic Llu\u00eds Companys<\/strong>, uno de los recintos m\u00e1s importantes de la ciudad, con capacidad para m\u00e1s de 50.000 personas.<\/p>\t\t\t\t\t\t\t\t<\/div>\n\t\t\t\t<\/div>\n\t\t\t\t\t<\/div>\n\t\t<\/div>\n\t\t\t\t\t<\/div>\n\t\t<\/section>\n\t\t\t\t<section class=\"elementor-section elementor-top-section elementor-element elementor-element-4e0af4b elementor-section-boxed elementor-section-height-default elementor-section-height-default\" data-id=\"4e0af4b\" data-element_type=\"section\" data-e-type=\"section\">\n\t\t\t\t\t\t<div class=\"elementor-container elementor-column-gap-default\">\n\t\t\t\t\t<div class=\"elementor-column elementor-col-50 elementor-top-column elementor-element elementor-element-9b079e5\" data-id=\"9b079e5\" data-element_type=\"column\" data-e-type=\"column\">\n\t\t\t<div class=\"elementor-widget-wrap elementor-element-populated\">\n\t\t\t\t\t\t<div class=\"elementor-element elementor-element-3fa69da elementor-widget elementor-widget-text-editor\" data-id=\"3fa69da\" data-element_type=\"widget\" data-e-type=\"widget\" data-widget_type=\"text-editor.default\">\n\t\t\t\t<div class=\"elementor-widget-container\">\n\t\t\t\t\t\t\t\t\t<h4 data-start=\"861\" data-end=\"892\"><strong>Una soluci\u00f3n a contrarreloj<\/strong><\/h4><p data-start=\"894\" data-end=\"1412\">La noticia llega tras la negativa del Ayuntamiento de Cornell\u00e0 de permitir m\u00e1s de un evento no deportivo al mes en el RCDE Stadium, recinto inicialmente previsto para el show de Lola \u00cdndigo. La coincidencia en fechas con el concierto de Robbie Williams (programado cinco d\u00edas antes) provoc\u00f3 la cancelaci\u00f3n forzosa de su cita en Barcelona, desatando una ola de incertidumbre entre sus seguidores. Frente a esta situaci\u00f3n inesperada, el equipo de la artista se moviliz\u00f3 r\u00e1pidamente para encontrar una alternativa viable.<\/p><p data-start=\"1414\" data-end=\"1596\">A pesar de la alta ocupaci\u00f3n de los recintos barceloneses en verano, y las dificultades log\u00edsticas que ello supone, la cantante hab\u00eda mostrado su compromiso con el p\u00fablico catal\u00e1n:<\/p>\t\t\t\t\t\t\t\t<\/div>\n\t\t\t\t<\/div>\n\t\t\t\t\t<\/div>\n\t\t<\/div>\n\t\t\t\t<div class=\"elementor-column elementor-col-50 elementor-top-column elementor-element elementor-element-f52c689\" data-id=\"f52c689\" data-element_type=\"column\" data-e-type=\"column\">\n\t\t\t<div class=\"elementor-widget-wrap elementor-element-populated\">\n\t\t\t\t\t\t<div class=\"elementor-element elementor-element-4a3f7e8 elementor-widget elementor-widget-image\" data-id=\"4a3f7e8\" data-element_type=\"widget\" data-e-type=\"widget\" data-widget_type=\"image.default\">\n\t\t\t\t<div class=\"elementor-widget-container\">\n\t\t\t\t\t\t\t\t\t\t\t\t\t\t\t<img fetchpriority=\"high\" decoding=\"async\" width=\"640\" height=\"800\" src=\"https:\/\/unaymilletras.com\/wp-content\/uploads\/2025\/05\/WhatsApp-Image-2025-05-05-at-20.24.10-819x1024.webp\" class=\"attachment-large size-large wp-image-4558\" alt=\"Lola \u00cdndigo\" srcset=\"https:\/\/unaymilletras.com\/wp-content\/uploads\/2025\/05\/WhatsApp-Image-2025-05-05-at-20.24.10-819x1024.webp 819w, https:\/\/unaymilletras.com\/wp-content\/uploads\/2025\/05\/WhatsApp-Image-2025-05-05-at-20.24.10-240x300.webp 240w, https:\/\/unaymilletras.com\/wp-content\/uploads\/2025\/05\/WhatsApp-Image-2025-05-05-at-20.24.10-768x960.webp 768w, https:\/\/unaymilletras.com\/wp-content\/uploads\/2025\/05\/WhatsApp-Image-2025-05-05-at-20.24.10-1229x1536.webp 1229w, https:\/\/unaymilletras.com\/wp-content\/uploads\/2025\/05\/WhatsApp-Image-2025-05-05-at-20.24.10-10x12.webp 10w, https:\/\/unaymilletras.com\/wp-content\/uploads\/2025\/05\/WhatsApp-Image-2025-05-05-at-20.24.10-1024x1280.webp 1024w, https:\/\/unaymilletras.com\/wp-content\/uploads\/2025\/05\/WhatsApp-Image-2025-05-05-at-20.24.10-e1746620006945.webp 600w\" sizes=\"(max-width: 640px) 100vw, 640px\" \/>\t\t\t\t\t\t\t\t\t\t\t\t\t\t\t<\/div>\n\t\t\t\t<\/div>\n\t\t\t\t\t<\/div>\n\t\t<\/div>\n\t\t\t\t\t<\/div>\n\t\t<\/section>\n\t\t\t\t<section class=\"elementor-section elementor-top-section elementor-element elementor-element-675d52e elementor-section-boxed elementor-section-height-default elementor-section-height-default\" data-id=\"675d52e\" data-element_type=\"section\" data-e-type=\"section\">\n\t\t\t\t\t\t<div class=\"elementor-container elementor-column-gap-default\">\n\t\t\t\t\t<div class=\"elementor-column elementor-col-100 elementor-top-column elementor-element elementor-element-c78e660\" data-id=\"c78e660\" data-element_type=\"column\" data-e-type=\"column\">\n\t\t\t<div class=\"elementor-widget-wrap elementor-element-populated\">\n\t\t\t\t\t\t<div class=\"elementor-element elementor-element-f17a868 elementor-widget elementor-widget-text-editor\" data-id=\"f17a868\" data-element_type=\"widget\" data-e-type=\"widget\" data-widget_type=\"text-editor.default\">\n\t\t\t\t<div class=\"elementor-widget-container\">\n\t\t\t\t\t\t\t\t\t<blockquote><p>\u201c<strong data-start=\"1600\" data-end=\"1711\">Seguimos buscando un lugar para el concierto de Barcelona, no nos rendimos. De momento no est\u00e1 todo perdido<\/strong>\u201d, escribi\u00f3 el viernes pasado en su canal de difusi\u00f3n oficial.<\/p><\/blockquote>\t\t\t\t\t\t\t\t<\/div>\n\t\t\t\t<\/div>\n\t\t\t\t\t<\/div>\n\t\t<\/div>\n\t\t\t\t\t<\/div>\n\t\t<\/section>\n\t\t\t\t<section class=\"elementor-section elementor-top-section elementor-element elementor-element-45fbf78 elementor-section-boxed elementor-section-height-default elementor-section-height-default\" data-id=\"45fbf78\" data-element_type=\"section\" data-e-type=\"section\">\n\t\t\t\t\t\t<div class=\"elementor-container elementor-column-gap-default\">\n\t\t\t\t\t<div class=\"elementor-column elementor-col-100 elementor-top-column elementor-element elementor-element-a9f6ca3\" data-id=\"a9f6ca3\" data-element_type=\"column\" data-e-type=\"column\">\n\t\t\t<div class=\"elementor-widget-wrap elementor-element-populated\">\n\t\t\t\t\t\t<div class=\"elementor-element elementor-element-ddc8296 elementor-widget elementor-widget-text-editor\" data-id=\"ddc8296\" data-element_type=\"widget\" data-e-type=\"widget\" data-widget_type=\"text-editor.default\">\n\t\t\t\t<div class=\"elementor-widget-container\">\n\t\t\t\t\t\t\t\t\t<p data-start=\"1775\" data-end=\"1964\">La perseverancia ha dado sus frutos: <strong data-start=\"1812\" data-end=\"1848\">el Estadi Ol\u00edmpic Llu\u00eds Companys<\/strong> acoger\u00e1 finalmente el show, garantizando no solo su celebraci\u00f3n, sino ampliando a\u00fan m\u00e1s el alcance del espect\u00e1culo.<\/p><h4 data-start=\"1966\" data-end=\"2002\"><strong>Entradas: lo que necesitas saber<\/strong><\/h4><p data-start=\"2004\" data-end=\"2102\">Para los fans que ya hab\u00edan adquirido entradas para el RCDE Stadium, el proceso ser\u00e1 autom\u00e1tico:<\/p><ul data-start=\"2103\" data-end=\"2403\"><li data-start=\"2103\" data-end=\"2147\"><p data-start=\"2105\" data-end=\"2147\"><strong data-start=\"2105\" data-end=\"2145\">No es necesario hacer ning\u00fan cambio.<\/strong><\/p><\/li><li data-start=\"2148\" data-end=\"2296\"><p data-start=\"2150\" data-end=\"2296\">Entre el <strong data-start=\"2159\" data-end=\"2180\">9 y el 11 de mayo<\/strong>, recibir\u00e1n un nuevo c\u00f3digo QR por correo electr\u00f3nico que <strong data-start=\"2238\" data-end=\"2293\">servir\u00e1 para acceder directamente al Estadi Ol\u00edmpic<\/strong>.<\/p><\/li><li data-start=\"2297\" data-end=\"2403\"><p data-start=\"2299\" data-end=\"2403\">La distribuci\u00f3n de localidades ser\u00e1 <strong data-start=\"2335\" data-end=\"2367\">equivalente en zona y precio<\/strong> a la entrada previamente adquirida.<\/p><\/li><\/ul><p data-start=\"2405\" data-end=\"2670\">Adem\u00e1s, el pr\u00f3ximo <strong data-start=\"2424\" data-end=\"2459\">domingo 12 de mayo a las 12:00h<\/strong>, se pondr\u00e1n a la venta nuevas entradas en la web oficial:<br data-start=\"2517\" data-end=\"2520\" \/>\ud83d\udc49 <a class=\"\" href=\"https:\/\/tienda.lolaindigomusic.com\/pages\/informacion-relevante-sobre-el-concierto-de-lola-indigo-en-barcelona\" target=\"_new\" rel=\"noopener\" data-start=\"2523\" data-end=\"2670\">https:\/\/tienda.lolaindigomusic.com<\/a><\/p><h4 data-start=\"2672\" data-end=\"2711\"><strong>La gira m\u00e1s ambiciosa de su carrera<\/strong><\/h4><p data-start=\"2713\" data-end=\"2981\">El concierto en Barcelona forma parte de \u201c<strong data-start=\"2755\" data-end=\"2788\">La bruja, la ni\u00f1a y el drag\u00f3n<\/strong>\u201d, la gira m\u00e1s ambiciosa hasta la fecha de Lola \u00cdndigo. Una experiencia esc\u00e9nica dividida en tres actos, que mezcla m\u00fasica, visuales, coreograf\u00eda, narrativa y direcci\u00f3n art\u00edstica a gran escala.<\/p><p data-start=\"2983\" data-end=\"3246\">Junto a las fechas en <strong data-start=\"3005\" data-end=\"3053\">el Santiago Bernab\u00e9u de Madrid (14 de junio)<\/strong> y <strong data-start=\"3056\" data-end=\"3095\">La Cartuja de Sevilla (21 de junio)<\/strong>, esta actuaci\u00f3n en el Estadi Ol\u00edmpic consolida una trilog\u00eda de conciertos \u00fanicos en estadios, algo in\u00e9dito para una artista espa\u00f1ola de su generaci\u00f3n.<\/p><p data-start=\"3248\" data-end=\"3583\">Adem\u00e1s de ser un hito en su carrera, este concierto en el Estadi Ol\u00edmpic tiene un fuerte valor simb\u00f3lico: en 2019, cuando a\u00fan era una artista emergente, Lola \u00cdndigo fue telonera de Daddy Yankee en este mismo recinto. Seis a\u00f1os despu\u00e9s, regresa como cabeza de cartel, con un show propio y una legi\u00f3n de fans que ha crecido junto a ella.<\/p><h4 data-start=\"3585\" data-end=\"3617\"><strong>Un compromiso con su p\u00fablico<\/strong><\/h4><p data-start=\"3619\" data-end=\"3932\">Con este anuncio, Lola \u00cdndigo demuestra no solo profesionalidad y entrega, sino un profundo respeto por su p\u00fablico. La artista ha luchado por mantener la cita con sus seguidores de Catalu\u00f1a, incluso en condiciones complejas, y ha convertido un obst\u00e1culo en una oportunidad para ofrecer un show todav\u00eda m\u00e1s grande.<\/p><p data-start=\"3934\" data-end=\"4099\">El 10 de julio, Barcelona ser\u00e1 testigo de un nuevo cap\u00edtulo en la historia de una artista que no deja de crecer y que, como ha demostrado, <strong data-start=\"4073\" data-end=\"4098\">cumple lo que promete<\/strong>.<\/p>\t\t\t\t\t\t\t\t<\/div>\n\t\t\t\t<\/div>\n\t\t\t\t\t<\/div>\n\t\t<\/div>\n\t\t\t\t\t<\/div>\n\t\t<\/section>\n\t\t\t\t<\/div>","protected":false},"excerpt":{"rendered":"<p>Tras d\u00edas de incertidumbre y b\u00fasqueda contrarreloj, Lola \u00edndigo confirma su concierto en Montjuic el 10 de julio Lola \u00cdndigo lo ha logrado. Despu\u00e9s de varios d\u00edas de incertidumbre tras la cancelaci\u00f3n del concierto previsto en el RCDE Stadium, la artista granadina ha anunciado que s\u00ed actuar\u00e1 en Barcelona este verano. La nueva cita ser\u00e1 [&hellip;]<\/p>\n","protected":false},"author":6,"featured_media":4558,"comment_status":"closed","ping_status":"closed","sticky":false,"template":"","format":"standard","meta":{"footnotes":""},"categories":[4],"tags":[],"class_list":["post-4556","post","type-post","status-publish","format-standard","has-post-thumbnail","hentry","category-musica"],"yoast_head":"<!-- This site is optimized with the Yoast SEO plugin v27.4 - https:\/\/yoast.com\/product\/yoast-seo-wordpress\/ -->\n<title>Lola \u00cdndigo SI ir\u00e1 a Barcelona: nueva fecha, nuevo estadio y una promesa cumplida<\/title>\n<meta name=\"description\" content=\"Tras d\u00edas de incertidumbre y b\u00fasqueda contrarreloj, Lola \u00edndigo confirma su concierto en el Estadi Ol\u00edmpic Llu\u00eds Companys el 10 de julio\" \/>\n<meta name=\"robots\" content=\"index, follow, max-snippet:-1, max-image-preview:large, max-video-preview:-1\" \/>\n<link rel=\"canonical\" href=\"https:\/\/unaymilletras.com\/en\/lola-indigo-si-ira-a-barcelona-nueva-fecha-nuevo-estadio-y-una-promesa-cumplida\/\" \/>\n<meta property=\"og:locale\" content=\"en_GB\" \/>\n<meta property=\"og:type\" content=\"article\" \/>\n<meta property=\"og:title\" content=\"Lola \u00cdndigo SI ir\u00e1 a Barcelona: nueva fecha, nuevo estadio y una promesa cumplida\" \/>\n<meta property=\"og:description\" content=\"Tras d\u00edas de incertidumbre y b\u00fasqueda contrarreloj, Lola \u00edndigo confirma su concierto en el Estadi Ol\u00edmpic Llu\u00eds Companys el 10 de julio\" \/>\n<meta property=\"og:url\" content=\"https:\/\/unaymilletras.com\/en\/lola-indigo-si-ira-a-barcelona-nueva-fecha-nuevo-estadio-y-una-promesa-cumplida\/\" \/>\n<meta property=\"og:site_name\" content=\"Una y Mil Letras\" \/>\n<meta property=\"article:published_time\" content=\"2025-05-07T14:00:00+00:00\" \/>\n<meta property=\"article:modified_time\" content=\"2025-05-18T14:46:54+00:00\" \/>\n<meta property=\"og:image\" content=\"http:\/\/unaymilletras.com\/wp-content\/uploads\/2025\/05\/WhatsApp-Image-2025-05-05-at-20.24.10-e1746620006945.webp\" \/>\n\t<meta property=\"og:image:width\" content=\"600\" \/>\n\t<meta property=\"og:image:height\" content=\"750\" \/>\n\t<meta property=\"og:image:type\" content=\"image\/jpeg\" \/>\n<meta name=\"author\" content=\"Redacci\u00f3n\" \/>\n<meta name=\"twitter:card\" content=\"summary_large_image\" \/>\n<meta name=\"twitter:creator\" content=\"@UnaYMilLetras\" \/>\n<meta name=\"twitter:site\" content=\"@UnaYMilLetras\" \/>\n<meta name=\"twitter:label1\" content=\"Written by\" \/>\n\t<meta name=\"twitter:data1\" content=\"Redacci\u00f3n\" \/>\n\t<meta name=\"twitter:label2\" content=\"Estimated reading time\" \/>\n\t<meta name=\"twitter:data2\" content=\"3 minutes\" \/>\n<script type=\"application\/ld+json\" class=\"yoast-schema-graph\">{\"@context\":\"https:\\\/\\\/schema.org\",\"@graph\":[{\"@type\":\"Article\",\"@id\":\"https:\\\/\\\/unaymilletras.com\\\/lola-indigo-si-ira-a-barcelona-nueva-fecha-nuevo-estadio-y-una-promesa-cumplida\\\/#article\",\"isPartOf\":{\"@id\":\"https:\\\/\\\/unaymilletras.com\\\/lola-indigo-si-ira-a-barcelona-nueva-fecha-nuevo-estadio-y-una-promesa-cumplida\\\/\"},\"author\":{\"name\":\"Redacci\u00f3n\",\"@id\":\"http:\\\/\\\/unaymilletras.com\\\/#\\\/schema\\\/person\\\/0860dc8a218329991ee2c7591f4f849d\"},\"headline\":\"Lola \u00cdndigo SI ir\u00e1 a Barcelona: nueva fecha, nuevo estadio y una promesa cumplida\",\"datePublished\":\"2025-05-07T14:00:00+00:00\",\"dateModified\":\"2025-05-18T14:46:54+00:00\",\"mainEntityOfPage\":{\"@id\":\"https:\\\/\\\/unaymilletras.com\\\/lola-indigo-si-ira-a-barcelona-nueva-fecha-nuevo-estadio-y-una-promesa-cumplida\\\/\"},\"wordCount\":658,\"publisher\":{\"@id\":\"http:\\\/\\\/unaymilletras.com\\\/#organization\"},\"image\":{\"@id\":\"https:\\\/\\\/unaymilletras.com\\\/lola-indigo-si-ira-a-barcelona-nueva-fecha-nuevo-estadio-y-una-promesa-cumplida\\\/#primaryimage\"},\"thumbnailUrl\":\"https:\\\/\\\/unaymilletras.com\\\/wp-content\\\/uploads\\\/2025\\\/05\\\/WhatsApp-Image-2025-05-05-at-20.24.10-e1746620006945.webp\",\"articleSection\":[\"M\u00fasica\"],\"inLanguage\":\"en-GB\"},{\"@type\":\"WebPage\",\"@id\":\"https:\\\/\\\/unaymilletras.com\\\/lola-indigo-si-ira-a-barcelona-nueva-fecha-nuevo-estadio-y-una-promesa-cumplida\\\/\",\"url\":\"https:\\\/\\\/unaymilletras.com\\\/lola-indigo-si-ira-a-barcelona-nueva-fecha-nuevo-estadio-y-una-promesa-cumplida\\\/\",\"name\":\"Lola \u00cdndigo SI ir\u00e1 a Barcelona: nueva fecha, nuevo estadio y una promesa cumplida\",\"isPartOf\":{\"@id\":\"http:\\\/\\\/unaymilletras.com\\\/#website\"},\"primaryImageOfPage\":{\"@id\":\"https:\\\/\\\/unaymilletras.com\\\/lola-indigo-si-ira-a-barcelona-nueva-fecha-nuevo-estadio-y-una-promesa-cumplida\\\/#primaryimage\"},\"image\":{\"@id\":\"https:\\\/\\\/unaymilletras.com\\\/lola-indigo-si-ira-a-barcelona-nueva-fecha-nuevo-estadio-y-una-promesa-cumplida\\\/#primaryimage\"},\"thumbnailUrl\":\"https:\\\/\\\/unaymilletras.com\\\/wp-content\\\/uploads\\\/2025\\\/05\\\/WhatsApp-Image-2025-05-05-at-20.24.10-e1746620006945.webp\",\"datePublished\":\"2025-05-07T14:00:00+00:00\",\"dateModified\":\"2025-05-18T14:46:54+00:00\",\"description\":\"Tras d\u00edas de incertidumbre y b\u00fasqueda contrarreloj, Lola \u00edndigo confirma su concierto en el Estadi Ol\u00edmpic Llu\u00eds Companys el 10 de julio\",\"breadcrumb\":{\"@id\":\"https:\\\/\\\/unaymilletras.com\\\/lola-indigo-si-ira-a-barcelona-nueva-fecha-nuevo-estadio-y-una-promesa-cumplida\\\/#breadcrumb\"},\"inLanguage\":\"en-GB\",\"potentialAction\":[{\"@type\":\"ReadAction\",\"target\":[\"https:\\\/\\\/unaymilletras.com\\\/lola-indigo-si-ira-a-barcelona-nueva-fecha-nuevo-estadio-y-una-promesa-cumplida\\\/\"]}]},{\"@type\":\"ImageObject\",\"inLanguage\":\"en-GB\",\"@id\":\"https:\\\/\\\/unaymilletras.com\\\/lola-indigo-si-ira-a-barcelona-nueva-fecha-nuevo-estadio-y-una-promesa-cumplida\\\/#primaryimage\",\"url\":\"https:\\\/\\\/unaymilletras.com\\\/wp-content\\\/uploads\\\/2025\\\/05\\\/WhatsApp-Image-2025-05-05-at-20.24.10-e1746620006945.webp\",\"contentUrl\":\"https:\\\/\\\/unaymilletras.com\\\/wp-content\\\/uploads\\\/2025\\\/05\\\/WhatsApp-Image-2025-05-05-at-20.24.10-e1746620006945.webp\",\"width\":600,\"height\":750,\"caption\":\"Lola \u00cdndigo\"},{\"@type\":\"BreadcrumbList\",\"@id\":\"https:\\\/\\\/unaymilletras.com\\\/lola-indigo-si-ira-a-barcelona-nueva-fecha-nuevo-estadio-y-una-promesa-cumplida\\\/#breadcrumb\",\"itemListElement\":[{\"@type\":\"ListItem\",\"position\":1,\"name\":\"Home\",\"item\":\"http:\\\/\\\/unaymilletras.com\\\/\"},{\"@type\":\"ListItem\",\"position\":2,\"name\":\"Lola \u00cdndigo SI ir\u00e1 a Barcelona: nueva fecha, nuevo estadio y una promesa cumplida\"}]},{\"@type\":\"WebSite\",\"@id\":\"http:\\\/\\\/unaymilletras.com\\\/#website\",\"url\":\"http:\\\/\\\/unaymilletras.com\\\/\",\"name\":\"Una y Mil Letras\",\"description\":\"\",\"publisher\":{\"@id\":\"http:\\\/\\\/unaymilletras.com\\\/#organization\"},\"potentialAction\":[{\"@type\":\"SearchAction\",\"target\":{\"@type\":\"EntryPoint\",\"urlTemplate\":\"http:\\\/\\\/unaymilletras.com\\\/?s={search_term_string}\"},\"query-input\":{\"@type\":\"PropertyValueSpecification\",\"valueRequired\":true,\"valueName\":\"search_term_string\"}}],\"inLanguage\":\"en-GB\"},{\"@type\":\"Organization\",\"@id\":\"http:\\\/\\\/unaymilletras.com\\\/#organization\",\"name\":\"Una y Mil Letras\",\"url\":\"http:\\\/\\\/unaymilletras.com\\\/\",\"logo\":{\"@type\":\"ImageObject\",\"inLanguage\":\"en-GB\",\"@id\":\"http:\\\/\\\/unaymilletras.com\\\/#\\\/schema\\\/logo\\\/image\\\/\",\"url\":\"https:\\\/\\\/unaymilletras.com\\\/wp-content\\\/uploads\\\/2024\\\/06\\\/cropped-Logo-removebg-preview.png\",\"contentUrl\":\"https:\\\/\\\/unaymilletras.com\\\/wp-content\\\/uploads\\\/2024\\\/06\\\/cropped-Logo-removebg-preview.png\",\"width\":512,\"height\":512,\"caption\":\"Una y Mil Letras\"},\"image\":{\"@id\":\"http:\\\/\\\/unaymilletras.com\\\/#\\\/schema\\\/logo\\\/image\\\/\"},\"sameAs\":[\"https:\\\/\\\/x.com\\\/UnaYMilLetras\",\"https:\\\/\\\/instagram.com\\\/UnaYMilLetras\"]},{\"@type\":\"Person\",\"@id\":\"http:\\\/\\\/unaymilletras.com\\\/#\\\/schema\\\/person\\\/0860dc8a218329991ee2c7591f4f849d\",\"name\":\"Redacci\u00f3n\",\"image\":{\"@type\":\"ImageObject\",\"inLanguage\":\"en-GB\",\"@id\":\"https:\\\/\\\/secure.gravatar.com\\\/avatar\\\/d8f55e05a8b6597e45c55a1dcbdbfe44f4a360d88b48e00de5216a79b7732796?s=96&d=mm&r=g\",\"url\":\"https:\\\/\\\/secure.gravatar.com\\\/avatar\\\/d8f55e05a8b6597e45c55a1dcbdbfe44f4a360d88b48e00de5216a79b7732796?s=96&d=mm&r=g\",\"contentUrl\":\"https:\\\/\\\/secure.gravatar.com\\\/avatar\\\/d8f55e05a8b6597e45c55a1dcbdbfe44f4a360d88b48e00de5216a79b7732796?s=96&d=mm&r=g\",\"caption\":\"Redacci\u00f3n\"},\"url\":\"https:\\\/\\\/unaymilletras.com\\\/en\\\/author\\\/redaccion\\\/\"}]}<\/script>\n<!-- \/ Yoast SEO plugin. -->","yoast_head_json":{"title":"Lola \u00cdndigo SI ir\u00e1 a Barcelona: nueva fecha, nuevo estadio y una promesa cumplida","description":"Tras d\u00edas de incertidumbre y b\u00fasqueda contrarreloj, Lola \u00edndigo confirma su concierto en el Estadi Ol\u00edmpic Llu\u00eds Companys el 10 de julio","robots":{"index":"index","follow":"follow","max-snippet":"max-snippet:-1","max-image-preview":"max-image-preview:large","max-video-preview":"max-video-preview:-1"},"canonical":"https:\/\/unaymilletras.com\/en\/lola-indigo-si-ira-a-barcelona-nueva-fecha-nuevo-estadio-y-una-promesa-cumplida\/","og_locale":"en_GB","og_type":"article","og_title":"Lola \u00cdndigo SI ir\u00e1 a Barcelona: nueva fecha, nuevo estadio y una promesa cumplida","og_description":"Tras d\u00edas de incertidumbre y b\u00fasqueda contrarreloj, Lola \u00edndigo confirma su concierto en el Estadi Ol\u00edmpic Llu\u00eds Companys el 10 de julio","og_url":"https:\/\/unaymilletras.com\/en\/lola-indigo-si-ira-a-barcelona-nueva-fecha-nuevo-estadio-y-una-promesa-cumplida\/","og_site_name":"Una y Mil Letras","article_published_time":"2025-05-07T14:00:00+00:00","article_modified_time":"2025-05-18T14:46:54+00:00","og_image":[{"width":600,"height":750,"url":"http:\/\/unaymilletras.com\/wp-content\/uploads\/2025\/05\/WhatsApp-Image-2025-05-05-at-20.24.10-e1746620006945.webp","type":"image\/jpeg"}],"author":"Redacci\u00f3n","twitter_card":"summary_large_image","twitter_creator":"@UnaYMilLetras","twitter_site":"@UnaYMilLetras","twitter_misc":{"Written by":"Redacci\u00f3n","Estimated reading time":"3 minutes"},"schema":{"@context":"https:\/\/schema.org","@graph":[{"@type":"Article","@id":"https:\/\/unaymilletras.com\/lola-indigo-si-ira-a-barcelona-nueva-fecha-nuevo-estadio-y-una-promesa-cumplida\/#article","isPartOf":{"@id":"https:\/\/unaymilletras.com\/lola-indigo-si-ira-a-barcelona-nueva-fecha-nuevo-estadio-y-una-promesa-cumplida\/"},"author":{"name":"Redacci\u00f3n","@id":"http:\/\/unaymilletras.com\/#\/schema\/person\/0860dc8a218329991ee2c7591f4f849d"},"headline":"Lola \u00cdndigo SI ir\u00e1 a Barcelona: nueva fecha, nuevo estadio y una promesa cumplida","datePublished":"2025-05-07T14:00:00+00:00","dateModified":"2025-05-18T14:46:54+00:00","mainEntityOfPage":{"@id":"https:\/\/unaymilletras.com\/lola-indigo-si-ira-a-barcelona-nueva-fecha-nuevo-estadio-y-una-promesa-cumplida\/"},"wordCount":658,"publisher":{"@id":"http:\/\/unaymilletras.com\/#organization"},"image":{"@id":"https:\/\/unaymilletras.com\/lola-indigo-si-ira-a-barcelona-nueva-fecha-nuevo-estadio-y-una-promesa-cumplida\/#primaryimage"},"thumbnailUrl":"https:\/\/unaymilletras.com\/wp-content\/uploads\/2025\/05\/WhatsApp-Image-2025-05-05-at-20.24.10-e1746620006945.webp","articleSection":["M\u00fasica"],"inLanguage":"en-GB"},{"@type":"WebPage","@id":"https:\/\/unaymilletras.com\/lola-indigo-si-ira-a-barcelona-nueva-fecha-nuevo-estadio-y-una-promesa-cumplida\/","url":"https:\/\/unaymilletras.com\/lola-indigo-si-ira-a-barcelona-nueva-fecha-nuevo-estadio-y-una-promesa-cumplida\/","name":"Lola \u00cdndigo SI ir\u00e1 a Barcelona: nueva fecha, nuevo estadio y una promesa cumplida","isPartOf":{"@id":"http:\/\/unaymilletras.com\/#website"},"primaryImageOfPage":{"@id":"https:\/\/unaymilletras.com\/lola-indigo-si-ira-a-barcelona-nueva-fecha-nuevo-estadio-y-una-promesa-cumplida\/#primaryimage"},"image":{"@id":"https:\/\/unaymilletras.com\/lola-indigo-si-ira-a-barcelona-nueva-fecha-nuevo-estadio-y-una-promesa-cumplida\/#primaryimage"},"thumbnailUrl":"https:\/\/unaymilletras.com\/wp-content\/uploads\/2025\/05\/WhatsApp-Image-2025-05-05-at-20.24.10-e1746620006945.webp","datePublished":"2025-05-07T14:00:00+00:00","dateModified":"2025-05-18T14:46:54+00:00","description":"Tras d\u00edas de incertidumbre y b\u00fasqueda contrarreloj, Lola \u00edndigo confirma su concierto en el Estadi Ol\u00edmpic Llu\u00eds Companys el 10 de julio","breadcrumb":{"@id":"https:\/\/unaymilletras.com\/lola-indigo-si-ira-a-barcelona-nueva-fecha-nuevo-estadio-y-una-promesa-cumplida\/#breadcrumb"},"inLanguage":"en-GB","potentialAction":[{"@type":"ReadAction","target":["https:\/\/unaymilletras.com\/lola-indigo-si-ira-a-barcelona-nueva-fecha-nuevo-estadio-y-una-promesa-cumplida\/"]}]},{"@type":"ImageObject","inLanguage":"en-GB","@id":"https:\/\/unaymilletras.com\/lola-indigo-si-ira-a-barcelona-nueva-fecha-nuevo-estadio-y-una-promesa-cumplida\/#primaryimage","url":"https:\/\/unaymilletras.com\/wp-content\/uploads\/2025\/05\/WhatsApp-Image-2025-05-05-at-20.24.10-e1746620006945.webp","contentUrl":"https:\/\/unaymilletras.com\/wp-content\/uploads\/2025\/05\/WhatsApp-Image-2025-05-05-at-20.24.10-e1746620006945.webp","width":600,"height":750,"caption":"Lola \u00cdndigo"},{"@type":"BreadcrumbList","@id":"https:\/\/unaymilletras.com\/lola-indigo-si-ira-a-barcelona-nueva-fecha-nuevo-estadio-y-una-promesa-cumplida\/#breadcrumb","itemListElement":[{"@type":"ListItem","position":1,"name":"Home","item":"http:\/\/unaymilletras.com\/"},{"@type":"ListItem","position":2,"name":"Lola \u00cdndigo SI ir\u00e1 a Barcelona: nueva fecha, nuevo estadio y una promesa cumplida"}]},{"@type":"WebSite","@id":"http:\/\/unaymilletras.com\/#website","url":"http:\/\/unaymilletras.com\/","name":"Una y Mil Letras","description":"","publisher":{"@id":"http:\/\/unaymilletras.com\/#organization"},"potentialAction":[{"@type":"SearchAction","target":{"@type":"EntryPoint","urlTemplate":"http:\/\/unaymilletras.com\/?s={search_term_string}"},"query-input":{"@type":"PropertyValueSpecification","valueRequired":true,"valueName":"search_term_string"}}],"inLanguage":"en-GB"},{"@type":"Organization","@id":"http:\/\/unaymilletras.com\/#organization","name":"Una y Mil Letras","url":"http:\/\/unaymilletras.com\/","logo":{"@type":"ImageObject","inLanguage":"en-GB","@id":"http:\/\/unaymilletras.com\/#\/schema\/logo\/image\/","url":"https:\/\/unaymilletras.com\/wp-content\/uploads\/2024\/06\/cropped-Logo-removebg-preview.png","contentUrl":"https:\/\/unaymilletras.com\/wp-content\/uploads\/2024\/06\/cropped-Logo-removebg-preview.png","width":512,"height":512,"caption":"Una y Mil Letras"},"image":{"@id":"http:\/\/unaymilletras.com\/#\/schema\/logo\/image\/"},"sameAs":["https:\/\/x.com\/UnaYMilLetras","https:\/\/instagram.com\/UnaYMilLetras"]},{"@type":"Person","@id":"http:\/\/unaymilletras.com\/#\/schema\/person\/0860dc8a218329991ee2c7591f4f849d","name":"Redacci\u00f3n","image":{"@type":"ImageObject","inLanguage":"en-GB","@id":"https:\/\/secure.gravatar.com\/avatar\/d8f55e05a8b6597e45c55a1dcbdbfe44f4a360d88b48e00de5216a79b7732796?s=96&d=mm&r=g","url":"https:\/\/secure.gravatar.com\/avatar\/d8f55e05a8b6597e45c55a1dcbdbfe44f4a360d88b48e00de5216a79b7732796?s=96&d=mm&r=g","contentUrl":"https:\/\/secure.gravatar.com\/avatar\/d8f55e05a8b6597e45c55a1dcbdbfe44f4a360d88b48e00de5216a79b7732796?s=96&d=mm&r=g","caption":"Redacci\u00f3n"},"url":"https:\/\/unaymilletras.com\/en\/author\/redaccion\/"}]}},"_links":{"self":[{"href":"https:\/\/unaymilletras.com\/en\/wp-json\/wp\/v2\/posts\/4556","targetHints":{"allow":["GET"]}}],"collection":[{"href":"https:\/\/unaymilletras.com\/en\/wp-json\/wp\/v2\/posts"}],"about":[{"href":"https:\/\/unaymilletras.com\/en\/wp-json\/wp\/v2\/types\/post"}],"author":[{"embeddable":true,"href":"https:\/\/unaymilletras.com\/en\/wp-json\/wp\/v2\/users\/6"}],"replies":[{"embeddable":true,"href":"https:\/\/unaymilletras.com\/en\/wp-json\/wp\/v2\/comments?post=4556"}],"version-history":[{"count":5,"href":"https:\/\/unaymilletras.com\/en\/wp-json\/wp\/v2\/posts\/4556\/revisions"}],"predecessor-version":[{"id":4711,"href":"https:\/\/unaymilletras.com\/en\/wp-json\/wp\/v2\/posts\/4556\/revisions\/4711"}],"wp:featuredmedia":[{"embeddable":true,"href":"https:\/\/unaymilletras.com\/en\/wp-json\/wp\/v2\/media\/4558"}],"wp:attachment":[{"href":"https:\/\/unaymilletras.com\/en\/wp-json\/wp\/v2\/media?parent=4556"}],"wp:term":[{"taxonomy":"category","embeddable":true,"href":"https:\/\/unaymilletras.com\/en\/wp-json\/wp\/v2\/categories?post=4556"},{"taxonomy":"post_tag","embeddable":true,"href":"https:\/\/unaymilletras.com\/en\/wp-json\/wp\/v2\/tags?post=4556"}],"curies":[{"name":"wp","href":"https:\/\/api.w.org\/{rel}","templated":true}]}}