{"id":4562,"date":"2025-05-08T19:06:46","date_gmt":"2025-05-08T17:06:46","guid":{"rendered":"https:\/\/unaymilletras.com\/?p=4562"},"modified":"2025-05-18T16:46:34","modified_gmt":"2025-05-18T14:46:34","slug":"los-premios-edm-radio-2025-calientan-motores-con-su-edicion-en-fuenlabrada","status":"publish","type":"post","link":"https:\/\/unaymilletras.com\/en\/los-premios-edm-radio-2025-calientan-motores-con-su-edicion-en-fuenlabrada\/","title":{"rendered":"Los Premios EDM Radio 2025 calientan motores con su edici\u00f3n en Fuenlabrada"},"content":{"rendered":"<div data-elementor-type=\"wp-post\" data-elementor-id=\"4562\" class=\"elementor elementor-4562\">\n\t\t\t\t\t\t<section class=\"elementor-section elementor-top-section elementor-element elementor-element-0f84ecd elementor-section-boxed elementor-section-height-default elementor-section-height-default\" data-id=\"0f84ecd\" data-element_type=\"section\" data-e-type=\"section\">\n\t\t\t\t\t\t<div class=\"elementor-container elementor-column-gap-default\">\n\t\t\t\t\t<div class=\"elementor-column elementor-col-100 elementor-top-column elementor-element elementor-element-7bf18e1\" data-id=\"7bf18e1\" data-element_type=\"column\" data-e-type=\"column\">\n\t\t\t<div class=\"elementor-widget-wrap elementor-element-populated\">\n\t\t\t\t\t\t<div class=\"elementor-element elementor-element-3e34d6c elementor-widget elementor-widget-text-editor\" data-id=\"3e34d6c\" data-element_type=\"widget\" data-e-type=\"widget\" data-widget_type=\"text-editor.default\">\n\t\t\t\t<div class=\"elementor-widget-container\">\n\t\t\t\t\t\t\t\t\t<h2 style=\"text-align: center;\" data-start=\"207\" data-end=\"369\"><span style=\"color: #808080;\"><em>M\u00e1s de 60 artistas de todo tipo actuar\u00e1n en directo en los Premios EDM el 17 de mayo<\/em><\/span><\/h2>\t\t\t\t\t\t\t\t<\/div>\n\t\t\t\t<\/div>\n\t\t\t\t\t<\/div>\n\t\t<\/div>\n\t\t\t\t\t<\/div>\n\t\t<\/section>\n\t\t\t\t<section class=\"elementor-section elementor-top-section elementor-element elementor-element-a649c0d elementor-section-boxed elementor-section-height-default elementor-section-height-default\" data-id=\"a649c0d\" data-element_type=\"section\" data-e-type=\"section\">\n\t\t\t\t\t\t<div class=\"elementor-container elementor-column-gap-default\">\n\t\t\t\t\t<div class=\"elementor-column elementor-col-100 elementor-top-column elementor-element elementor-element-29a566c\" data-id=\"29a566c\" data-element_type=\"column\" data-e-type=\"column\">\n\t\t\t<div class=\"elementor-widget-wrap elementor-element-populated\">\n\t\t\t\t\t\t<div class=\"elementor-element elementor-element-5050f90 elementor-widget elementor-widget-text-editor\" data-id=\"5050f90\" data-element_type=\"widget\" data-e-type=\"widget\" data-widget_type=\"text-editor.default\">\n\t\t\t\t<div class=\"elementor-widget-container\">\n\t\t\t\t\t\t\t\t\t<p data-start=\"371\" data-end=\"844\">La ciudad de Fuenlabrada se prepara para vivir una de las noches m\u00e1s importantes del calendario musical con la celebraci\u00f3n de los <b>Premios EDM Radio 2025<\/b>. La gala tendr\u00e1 lugar el pr\u00f3ximo <b>17 de mayo <\/b>en el <b>Pabell\u00f3n Fernando Mart\u00edn<\/b>, un recinto con capacidad para miles de personas que acoger\u00e1 un espect\u00e1culo lleno de emoci\u00f3n, m\u00fasica en vivo y talento nacional. Las entradas ya est\u00e1n disponibles en <span style=\"color: #808080;\"><a style=\"color: #808080;\" href=\"https:\/\/www.enterticket.es\/eventos\/gala-premios-edm-radio-2025-402208\">Enterticket<\/a><\/span> a un precio de 15 euros de forma anticipada y 20 euros en taquilla.<\/p><p data-start=\"846\" data-end=\"1336\">El cartel de esta edici\u00f3n re\u00fane a m\u00e1s de 60 artistas, entre ellos figuras como Nerea Rodr\u00edguez, Natalia, DJ Valdi, Sonia G\u00f3mez, Daniel Da Silva, Polo Nandez, Carlos Peralias, Suzie Del Vecchio y Vik Faded, adem\u00e1s de numerosos talentos emergentes de distintos estilos musicales como Sim\u00e9trica, Riazza, Elio Leiros, ANI Queen, Jey Swag, Lex, Emma Garc\u00eda, Blanca Vergara o Javiolo. Esta variedad refleja la esencia de unos premios que celebran la diversidad sonora del panorama espa\u00f1ol actual.<\/p>\t\t\t\t\t\t\t\t<\/div>\n\t\t\t\t<\/div>\n\t\t\t\t\t<\/div>\n\t\t<\/div>\n\t\t\t\t\t<\/div>\n\t\t<\/section>\n\t\t\t\t<section class=\"elementor-section elementor-top-section elementor-element elementor-element-7b78a9a elementor-section-boxed elementor-section-height-default elementor-section-height-default\" data-id=\"7b78a9a\" data-element_type=\"section\" data-e-type=\"section\">\n\t\t\t\t\t\t<div class=\"elementor-container elementor-column-gap-default\">\n\t\t\t\t\t<div class=\"elementor-column elementor-col-100 elementor-top-column elementor-element elementor-element-159ba87\" data-id=\"159ba87\" data-element_type=\"column\" data-e-type=\"column\">\n\t\t\t<div class=\"elementor-widget-wrap elementor-element-populated\">\n\t\t\t\t\t\t<div class=\"elementor-element elementor-element-5efcb33 elementor-widget elementor-widget-image\" data-id=\"5efcb33\" data-element_type=\"widget\" data-e-type=\"widget\" data-widget_type=\"image.default\">\n\t\t\t\t<div class=\"elementor-widget-container\">\n\t\t\t\t\t\t\t\t\t\t\t\t\t\t\t<img fetchpriority=\"high\" decoding=\"async\" width=\"640\" height=\"640\" src=\"https:\/\/unaymilletras.com\/wp-content\/uploads\/2025\/05\/Cartel-Premios-1080-3-1024x1024.webp\" class=\"attachment-large size-large wp-image-4564\" alt=\"Premios EDM\" srcset=\"https:\/\/unaymilletras.com\/wp-content\/uploads\/2025\/05\/Cartel-Premios-1080-3-1024x1024.webp 1024w, https:\/\/unaymilletras.com\/wp-content\/uploads\/2025\/05\/Cartel-Premios-1080-3-300x300.webp 300w, https:\/\/unaymilletras.com\/wp-content\/uploads\/2025\/05\/Cartel-Premios-1080-3-150x150.webp 150w, https:\/\/unaymilletras.com\/wp-content\/uploads\/2025\/05\/Cartel-Premios-1080-3-768x768.webp 768w, https:\/\/unaymilletras.com\/wp-content\/uploads\/2025\/05\/Cartel-Premios-1080-3-12x12.webp 12w, https:\/\/unaymilletras.com\/wp-content\/uploads\/2025\/05\/Cartel-Premios-1080-3-e1746723931131.webp 600w\" sizes=\"(max-width: 640px) 100vw, 640px\" \/>\t\t\t\t\t\t\t\t\t\t\t\t\t\t\t<\/div>\n\t\t\t\t<\/div>\n\t\t\t\t\t<\/div>\n\t\t<\/div>\n\t\t\t\t\t<\/div>\n\t\t<\/section>\n\t\t\t\t<section class=\"elementor-section elementor-top-section elementor-element elementor-element-79990c4 elementor-section-boxed elementor-section-height-default elementor-section-height-default\" data-id=\"79990c4\" data-element_type=\"section\" data-e-type=\"section\">\n\t\t\t\t\t\t<div class=\"elementor-container elementor-column-gap-default\">\n\t\t\t\t\t<div class=\"elementor-column elementor-col-100 elementor-top-column elementor-element elementor-element-8e13776\" data-id=\"8e13776\" data-element_type=\"column\" data-e-type=\"column\">\n\t\t\t<div class=\"elementor-widget-wrap elementor-element-populated\">\n\t\t\t\t\t\t<div class=\"elementor-element elementor-element-836d7f0 elementor-widget elementor-widget-text-editor\" data-id=\"836d7f0\" data-element_type=\"widget\" data-e-type=\"widget\" data-widget_type=\"text-editor.default\">\n\t\t\t\t<div class=\"elementor-widget-container\">\n\t\t\t\t\t\t\t\t\t<p data-start=\"1338\" data-end=\"1705\">Los Premios EDM Radio no solo reconocen a artistas por su m\u00fasica, sino que tambi\u00e9n premian la creatividad audiovisual, la innovaci\u00f3n en redes sociales y la conexi\u00f3n con el p\u00fablico. Es una plataforma que sirve tanto para destacar a grandes nombres como para dar visibilidad a nuevas promesas, reforzando su compromiso con una industria musical m\u00e1s abierta e inclusiva.<\/p><p data-start=\"1707\" data-end=\"2023\">La gala contar\u00e1 con una puesta en escena espectacular, una producci\u00f3n t\u00e9cnica de gran nivel y una atm\u00f3sfera pensada para que cada actuaci\u00f3n sea una experiencia \u00fanica. Adem\u00e1s, habr\u00e1 cobertura especial en redes sociales, contenido exclusivo y participaci\u00f3n del p\u00fablico en tiempo real a trav\u00e9s de plataformas digitales.<\/p><p data-start=\"2025\" data-end=\"2337\" data-is-last-node=\"\" data-is-only-node=\"\">Con el apoyo del Ayuntamiento de Fuenlabrada y marcas como Estrella Galicia, los Premios EDM Radio se consolidan como una cita imprescindible en el calendario musical. Una celebraci\u00f3n que no entiende de g\u00e9neros, sino de talento, esfuerzo y pasi\u00f3n por la m\u00fasica. El 17 de mayo, Fuenlabrada ser\u00e1 el centro de todo.<\/p>\t\t\t\t\t\t\t\t<\/div>\n\t\t\t\t<\/div>\n\t\t\t\t\t<\/div>\n\t\t<\/div>\n\t\t\t\t\t<\/div>\n\t\t<\/section>\n\t\t\t\t<\/div>","protected":false},"excerpt":{"rendered":"<p>M\u00e1s de 60 artistas de todo tipo actuar\u00e1n en directo en los Premios EDM el 17 de mayo La ciudad de Fuenlabrada se prepara para vivir una de las noches m\u00e1s importantes del calendario musical con la celebraci\u00f3n de los Premios EDM Radio 2025. La gala tendr\u00e1 lugar el pr\u00f3ximo 17 de mayo en el [&hellip;]<\/p>\n","protected":false},"author":6,"featured_media":4564,"comment_status":"closed","ping_status":"closed","sticky":false,"template":"","format":"standard","meta":{"footnotes":""},"categories":[4],"tags":[],"class_list":["post-4562","post","type-post","status-publish","format-standard","has-post-thumbnail","hentry","category-musica"],"yoast_head":"<!-- This site is optimized with the Yoast SEO plugin v27.4 - https:\/\/yoast.com\/product\/yoast-seo-wordpress\/ -->\n<title>Los Premios EDM Radio 2025 calientan motores con su edici\u00f3n en Fuenlabrada<\/title>\n<meta name=\"description\" content=\"M\u00e1s de 60 artistas, como Sonia G\u00f3mez, Elio Leiros o Sim\u00e9trica actuar\u00e1n en directo en los Premios EDM el 17 de mayo\" \/>\n<meta name=\"robots\" content=\"index, follow, max-snippet:-1, max-image-preview:large, max-video-preview:-1\" \/>\n<link rel=\"canonical\" href=\"https:\/\/unaymilletras.com\/en\/los-premios-edm-radio-2025-calientan-motores-con-su-edicion-en-fuenlabrada\/\" \/>\n<meta property=\"og:locale\" content=\"en_GB\" \/>\n<meta property=\"og:type\" content=\"article\" \/>\n<meta property=\"og:title\" content=\"Los Premios EDM Radio 2025 calientan motores con su edici\u00f3n en Fuenlabrada\" \/>\n<meta property=\"og:description\" content=\"M\u00e1s de 60 artistas, como Sonia G\u00f3mez, Elio Leiros o Sim\u00e9trica actuar\u00e1n en directo en los Premios EDM el 17 de mayo\" \/>\n<meta property=\"og:url\" content=\"https:\/\/unaymilletras.com\/en\/los-premios-edm-radio-2025-calientan-motores-con-su-edicion-en-fuenlabrada\/\" \/>\n<meta property=\"og:site_name\" content=\"Una y Mil Letras\" \/>\n<meta property=\"article:published_time\" content=\"2025-05-08T17:06:46+00:00\" \/>\n<meta property=\"article:modified_time\" content=\"2025-05-18T14:46:34+00:00\" \/>\n<meta property=\"og:image\" content=\"http:\/\/unaymilletras.com\/wp-content\/uploads\/2025\/05\/Cartel-Premios-1080-3-e1746723931131.webp\" \/>\n\t<meta property=\"og:image:width\" content=\"600\" \/>\n\t<meta property=\"og:image:height\" content=\"600\" \/>\n\t<meta property=\"og:image:type\" content=\"image\/jpeg\" \/>\n<meta name=\"author\" content=\"Redacci\u00f3n\" \/>\n<meta name=\"twitter:card\" content=\"summary_large_image\" \/>\n<meta name=\"twitter:creator\" content=\"@UnaYMilLetras\" \/>\n<meta name=\"twitter:site\" content=\"@UnaYMilLetras\" \/>\n<meta name=\"twitter:label1\" content=\"Written by\" \/>\n\t<meta name=\"twitter:data1\" content=\"Redacci\u00f3n\" \/>\n\t<meta name=\"twitter:label2\" content=\"Estimated reading time\" \/>\n\t<meta name=\"twitter:data2\" content=\"2 minutes\" \/>\n<script type=\"application\/ld+json\" class=\"yoast-schema-graph\">{\"@context\":\"https:\\\/\\\/schema.org\",\"@graph\":[{\"@type\":\"Article\",\"@id\":\"https:\\\/\\\/unaymilletras.com\\\/los-premios-edm-radio-2025-calientan-motores-con-su-edicion-en-fuenlabrada\\\/#article\",\"isPartOf\":{\"@id\":\"https:\\\/\\\/unaymilletras.com\\\/los-premios-edm-radio-2025-calientan-motores-con-su-edicion-en-fuenlabrada\\\/\"},\"author\":{\"name\":\"Redacci\u00f3n\",\"@id\":\"http:\\\/\\\/unaymilletras.com\\\/#\\\/schema\\\/person\\\/0860dc8a218329991ee2c7591f4f849d\"},\"headline\":\"Los Premios EDM Radio 2025 calientan motores con su edici\u00f3n en Fuenlabrada\",\"datePublished\":\"2025-05-08T17:06:46+00:00\",\"dateModified\":\"2025-05-18T14:46:34+00:00\",\"mainEntityOfPage\":{\"@id\":\"https:\\\/\\\/unaymilletras.com\\\/los-premios-edm-radio-2025-calientan-motores-con-su-edicion-en-fuenlabrada\\\/\"},\"wordCount\":378,\"publisher\":{\"@id\":\"http:\\\/\\\/unaymilletras.com\\\/#organization\"},\"image\":{\"@id\":\"https:\\\/\\\/unaymilletras.com\\\/los-premios-edm-radio-2025-calientan-motores-con-su-edicion-en-fuenlabrada\\\/#primaryimage\"},\"thumbnailUrl\":\"https:\\\/\\\/unaymilletras.com\\\/wp-content\\\/uploads\\\/2025\\\/05\\\/Cartel-Premios-1080-3-e1746723931131.webp\",\"articleSection\":[\"M\u00fasica\"],\"inLanguage\":\"en-GB\"},{\"@type\":\"WebPage\",\"@id\":\"https:\\\/\\\/unaymilletras.com\\\/los-premios-edm-radio-2025-calientan-motores-con-su-edicion-en-fuenlabrada\\\/\",\"url\":\"https:\\\/\\\/unaymilletras.com\\\/los-premios-edm-radio-2025-calientan-motores-con-su-edicion-en-fuenlabrada\\\/\",\"name\":\"Los Premios EDM Radio 2025 calientan motores con su edici\u00f3n en Fuenlabrada\",\"isPartOf\":{\"@id\":\"http:\\\/\\\/unaymilletras.com\\\/#website\"},\"primaryImageOfPage\":{\"@id\":\"https:\\\/\\\/unaymilletras.com\\\/los-premios-edm-radio-2025-calientan-motores-con-su-edicion-en-fuenlabrada\\\/#primaryimage\"},\"image\":{\"@id\":\"https:\\\/\\\/unaymilletras.com\\\/los-premios-edm-radio-2025-calientan-motores-con-su-edicion-en-fuenlabrada\\\/#primaryimage\"},\"thumbnailUrl\":\"https:\\\/\\\/unaymilletras.com\\\/wp-content\\\/uploads\\\/2025\\\/05\\\/Cartel-Premios-1080-3-e1746723931131.webp\",\"datePublished\":\"2025-05-08T17:06:46+00:00\",\"dateModified\":\"2025-05-18T14:46:34+00:00\",\"description\":\"M\u00e1s de 60 artistas, como Sonia G\u00f3mez, Elio Leiros o Sim\u00e9trica actuar\u00e1n en directo en los Premios EDM el 17 de mayo\",\"breadcrumb\":{\"@id\":\"https:\\\/\\\/unaymilletras.com\\\/los-premios-edm-radio-2025-calientan-motores-con-su-edicion-en-fuenlabrada\\\/#breadcrumb\"},\"inLanguage\":\"en-GB\",\"potentialAction\":[{\"@type\":\"ReadAction\",\"target\":[\"https:\\\/\\\/unaymilletras.com\\\/los-premios-edm-radio-2025-calientan-motores-con-su-edicion-en-fuenlabrada\\\/\"]}]},{\"@type\":\"ImageObject\",\"inLanguage\":\"en-GB\",\"@id\":\"https:\\\/\\\/unaymilletras.com\\\/los-premios-edm-radio-2025-calientan-motores-con-su-edicion-en-fuenlabrada\\\/#primaryimage\",\"url\":\"https:\\\/\\\/unaymilletras.com\\\/wp-content\\\/uploads\\\/2025\\\/05\\\/Cartel-Premios-1080-3-e1746723931131.webp\",\"contentUrl\":\"https:\\\/\\\/unaymilletras.com\\\/wp-content\\\/uploads\\\/2025\\\/05\\\/Cartel-Premios-1080-3-e1746723931131.webp\",\"width\":600,\"height\":600,\"caption\":\"Premios EDM\"},{\"@type\":\"BreadcrumbList\",\"@id\":\"https:\\\/\\\/unaymilletras.com\\\/los-premios-edm-radio-2025-calientan-motores-con-su-edicion-en-fuenlabrada\\\/#breadcrumb\",\"itemListElement\":[{\"@type\":\"ListItem\",\"position\":1,\"name\":\"Home\",\"item\":\"http:\\\/\\\/unaymilletras.com\\\/\"},{\"@type\":\"ListItem\",\"position\":2,\"name\":\"Los Premios EDM Radio 2025 calientan motores con su edici\u00f3n en Fuenlabrada\"}]},{\"@type\":\"WebSite\",\"@id\":\"http:\\\/\\\/unaymilletras.com\\\/#website\",\"url\":\"http:\\\/\\\/unaymilletras.com\\\/\",\"name\":\"Una y Mil Letras\",\"description\":\"\",\"publisher\":{\"@id\":\"http:\\\/\\\/unaymilletras.com\\\/#organization\"},\"potentialAction\":[{\"@type\":\"SearchAction\",\"target\":{\"@type\":\"EntryPoint\",\"urlTemplate\":\"http:\\\/\\\/unaymilletras.com\\\/?s={search_term_string}\"},\"query-input\":{\"@type\":\"PropertyValueSpecification\",\"valueRequired\":true,\"valueName\":\"search_term_string\"}}],\"inLanguage\":\"en-GB\"},{\"@type\":\"Organization\",\"@id\":\"http:\\\/\\\/unaymilletras.com\\\/#organization\",\"name\":\"Una y Mil Letras\",\"url\":\"http:\\\/\\\/unaymilletras.com\\\/\",\"logo\":{\"@type\":\"ImageObject\",\"inLanguage\":\"en-GB\",\"@id\":\"http:\\\/\\\/unaymilletras.com\\\/#\\\/schema\\\/logo\\\/image\\\/\",\"url\":\"https:\\\/\\\/unaymilletras.com\\\/wp-content\\\/uploads\\\/2024\\\/06\\\/cropped-Logo-removebg-preview.png\",\"contentUrl\":\"https:\\\/\\\/unaymilletras.com\\\/wp-content\\\/uploads\\\/2024\\\/06\\\/cropped-Logo-removebg-preview.png\",\"width\":512,\"height\":512,\"caption\":\"Una y Mil Letras\"},\"image\":{\"@id\":\"http:\\\/\\\/unaymilletras.com\\\/#\\\/schema\\\/logo\\\/image\\\/\"},\"sameAs\":[\"https:\\\/\\\/x.com\\\/UnaYMilLetras\",\"https:\\\/\\\/instagram.com\\\/UnaYMilLetras\"]},{\"@type\":\"Person\",\"@id\":\"http:\\\/\\\/unaymilletras.com\\\/#\\\/schema\\\/person\\\/0860dc8a218329991ee2c7591f4f849d\",\"name\":\"Redacci\u00f3n\",\"image\":{\"@type\":\"ImageObject\",\"inLanguage\":\"en-GB\",\"@id\":\"https:\\\/\\\/secure.gravatar.com\\\/avatar\\\/d8f55e05a8b6597e45c55a1dcbdbfe44f4a360d88b48e00de5216a79b7732796?s=96&d=mm&r=g\",\"url\":\"https:\\\/\\\/secure.gravatar.com\\\/avatar\\\/d8f55e05a8b6597e45c55a1dcbdbfe44f4a360d88b48e00de5216a79b7732796?s=96&d=mm&r=g\",\"contentUrl\":\"https:\\\/\\\/secure.gravatar.com\\\/avatar\\\/d8f55e05a8b6597e45c55a1dcbdbfe44f4a360d88b48e00de5216a79b7732796?s=96&d=mm&r=g\",\"caption\":\"Redacci\u00f3n\"},\"url\":\"https:\\\/\\\/unaymilletras.com\\\/en\\\/author\\\/redaccion\\\/\"}]}<\/script>\n<!-- \/ Yoast SEO plugin. -->","yoast_head_json":{"title":"Los Premios EDM Radio 2025 calientan motores con su edici\u00f3n en Fuenlabrada","description":"M\u00e1s de 60 artistas, como Sonia G\u00f3mez, Elio Leiros o Sim\u00e9trica actuar\u00e1n en directo en los Premios EDM el 17 de mayo","robots":{"index":"index","follow":"follow","max-snippet":"max-snippet:-1","max-image-preview":"max-image-preview:large","max-video-preview":"max-video-preview:-1"},"canonical":"https:\/\/unaymilletras.com\/en\/los-premios-edm-radio-2025-calientan-motores-con-su-edicion-en-fuenlabrada\/","og_locale":"en_GB","og_type":"article","og_title":"Los Premios EDM Radio 2025 calientan motores con su edici\u00f3n en Fuenlabrada","og_description":"M\u00e1s de 60 artistas, como Sonia G\u00f3mez, Elio Leiros o Sim\u00e9trica actuar\u00e1n en directo en los Premios EDM el 17 de mayo","og_url":"https:\/\/unaymilletras.com\/en\/los-premios-edm-radio-2025-calientan-motores-con-su-edicion-en-fuenlabrada\/","og_site_name":"Una y Mil Letras","article_published_time":"2025-05-08T17:06:46+00:00","article_modified_time":"2025-05-18T14:46:34+00:00","og_image":[{"width":600,"height":600,"url":"http:\/\/unaymilletras.com\/wp-content\/uploads\/2025\/05\/Cartel-Premios-1080-3-e1746723931131.webp","type":"image\/jpeg"}],"author":"Redacci\u00f3n","twitter_card":"summary_large_image","twitter_creator":"@UnaYMilLetras","twitter_site":"@UnaYMilLetras","twitter_misc":{"Written by":"Redacci\u00f3n","Estimated reading time":"2 minutes"},"schema":{"@context":"https:\/\/schema.org","@graph":[{"@type":"Article","@id":"https:\/\/unaymilletras.com\/los-premios-edm-radio-2025-calientan-motores-con-su-edicion-en-fuenlabrada\/#article","isPartOf":{"@id":"https:\/\/unaymilletras.com\/los-premios-edm-radio-2025-calientan-motores-con-su-edicion-en-fuenlabrada\/"},"author":{"name":"Redacci\u00f3n","@id":"http:\/\/unaymilletras.com\/#\/schema\/person\/0860dc8a218329991ee2c7591f4f849d"},"headline":"Los Premios EDM Radio 2025 calientan motores con su edici\u00f3n en Fuenlabrada","datePublished":"2025-05-08T17:06:46+00:00","dateModified":"2025-05-18T14:46:34+00:00","mainEntityOfPage":{"@id":"https:\/\/unaymilletras.com\/los-premios-edm-radio-2025-calientan-motores-con-su-edicion-en-fuenlabrada\/"},"wordCount":378,"publisher":{"@id":"http:\/\/unaymilletras.com\/#organization"},"image":{"@id":"https:\/\/unaymilletras.com\/los-premios-edm-radio-2025-calientan-motores-con-su-edicion-en-fuenlabrada\/#primaryimage"},"thumbnailUrl":"https:\/\/unaymilletras.com\/wp-content\/uploads\/2025\/05\/Cartel-Premios-1080-3-e1746723931131.webp","articleSection":["M\u00fasica"],"inLanguage":"en-GB"},{"@type":"WebPage","@id":"https:\/\/unaymilletras.com\/los-premios-edm-radio-2025-calientan-motores-con-su-edicion-en-fuenlabrada\/","url":"https:\/\/unaymilletras.com\/los-premios-edm-radio-2025-calientan-motores-con-su-edicion-en-fuenlabrada\/","name":"Los Premios EDM Radio 2025 calientan motores con su edici\u00f3n en Fuenlabrada","isPartOf":{"@id":"http:\/\/unaymilletras.com\/#website"},"primaryImageOfPage":{"@id":"https:\/\/unaymilletras.com\/los-premios-edm-radio-2025-calientan-motores-con-su-edicion-en-fuenlabrada\/#primaryimage"},"image":{"@id":"https:\/\/unaymilletras.com\/los-premios-edm-radio-2025-calientan-motores-con-su-edicion-en-fuenlabrada\/#primaryimage"},"thumbnailUrl":"https:\/\/unaymilletras.com\/wp-content\/uploads\/2025\/05\/Cartel-Premios-1080-3-e1746723931131.webp","datePublished":"2025-05-08T17:06:46+00:00","dateModified":"2025-05-18T14:46:34+00:00","description":"M\u00e1s de 60 artistas, como Sonia G\u00f3mez, Elio Leiros o Sim\u00e9trica actuar\u00e1n en directo en los Premios EDM el 17 de mayo","breadcrumb":{"@id":"https:\/\/unaymilletras.com\/los-premios-edm-radio-2025-calientan-motores-con-su-edicion-en-fuenlabrada\/#breadcrumb"},"inLanguage":"en-GB","potentialAction":[{"@type":"ReadAction","target":["https:\/\/unaymilletras.com\/los-premios-edm-radio-2025-calientan-motores-con-su-edicion-en-fuenlabrada\/"]}]},{"@type":"ImageObject","inLanguage":"en-GB","@id":"https:\/\/unaymilletras.com\/los-premios-edm-radio-2025-calientan-motores-con-su-edicion-en-fuenlabrada\/#primaryimage","url":"https:\/\/unaymilletras.com\/wp-content\/uploads\/2025\/05\/Cartel-Premios-1080-3-e1746723931131.webp","contentUrl":"https:\/\/unaymilletras.com\/wp-content\/uploads\/2025\/05\/Cartel-Premios-1080-3-e1746723931131.webp","width":600,"height":600,"caption":"Premios EDM"},{"@type":"BreadcrumbList","@id":"https:\/\/unaymilletras.com\/los-premios-edm-radio-2025-calientan-motores-con-su-edicion-en-fuenlabrada\/#breadcrumb","itemListElement":[{"@type":"ListItem","position":1,"name":"Home","item":"http:\/\/unaymilletras.com\/"},{"@type":"ListItem","position":2,"name":"Los Premios EDM Radio 2025 calientan motores con su edici\u00f3n en Fuenlabrada"}]},{"@type":"WebSite","@id":"http:\/\/unaymilletras.com\/#website","url":"http:\/\/unaymilletras.com\/","name":"Una y Mil Letras","description":"","publisher":{"@id":"http:\/\/unaymilletras.com\/#organization"},"potentialAction":[{"@type":"SearchAction","target":{"@type":"EntryPoint","urlTemplate":"http:\/\/unaymilletras.com\/?s={search_term_string}"},"query-input":{"@type":"PropertyValueSpecification","valueRequired":true,"valueName":"search_term_string"}}],"inLanguage":"en-GB"},{"@type":"Organization","@id":"http:\/\/unaymilletras.com\/#organization","name":"Una y Mil Letras","url":"http:\/\/unaymilletras.com\/","logo":{"@type":"ImageObject","inLanguage":"en-GB","@id":"http:\/\/unaymilletras.com\/#\/schema\/logo\/image\/","url":"https:\/\/unaymilletras.com\/wp-content\/uploads\/2024\/06\/cropped-Logo-removebg-preview.png","contentUrl":"https:\/\/unaymilletras.com\/wp-content\/uploads\/2024\/06\/cropped-Logo-removebg-preview.png","width":512,"height":512,"caption":"Una y Mil Letras"},"image":{"@id":"http:\/\/unaymilletras.com\/#\/schema\/logo\/image\/"},"sameAs":["https:\/\/x.com\/UnaYMilLetras","https:\/\/instagram.com\/UnaYMilLetras"]},{"@type":"Person","@id":"http:\/\/unaymilletras.com\/#\/schema\/person\/0860dc8a218329991ee2c7591f4f849d","name":"Redacci\u00f3n","image":{"@type":"ImageObject","inLanguage":"en-GB","@id":"https:\/\/secure.gravatar.com\/avatar\/d8f55e05a8b6597e45c55a1dcbdbfe44f4a360d88b48e00de5216a79b7732796?s=96&d=mm&r=g","url":"https:\/\/secure.gravatar.com\/avatar\/d8f55e05a8b6597e45c55a1dcbdbfe44f4a360d88b48e00de5216a79b7732796?s=96&d=mm&r=g","contentUrl":"https:\/\/secure.gravatar.com\/avatar\/d8f55e05a8b6597e45c55a1dcbdbfe44f4a360d88b48e00de5216a79b7732796?s=96&d=mm&r=g","caption":"Redacci\u00f3n"},"url":"https:\/\/unaymilletras.com\/en\/author\/redaccion\/"}]}},"_links":{"self":[{"href":"https:\/\/unaymilletras.com\/en\/wp-json\/wp\/v2\/posts\/4562","targetHints":{"allow":["GET"]}}],"collection":[{"href":"https:\/\/unaymilletras.com\/en\/wp-json\/wp\/v2\/posts"}],"about":[{"href":"https:\/\/unaymilletras.com\/en\/wp-json\/wp\/v2\/types\/post"}],"author":[{"embeddable":true,"href":"https:\/\/unaymilletras.com\/en\/wp-json\/wp\/v2\/users\/6"}],"replies":[{"embeddable":true,"href":"https:\/\/unaymilletras.com\/en\/wp-json\/wp\/v2\/comments?post=4562"}],"version-history":[{"count":8,"href":"https:\/\/unaymilletras.com\/en\/wp-json\/wp\/v2\/posts\/4562\/revisions"}],"predecessor-version":[{"id":4710,"href":"https:\/\/unaymilletras.com\/en\/wp-json\/wp\/v2\/posts\/4562\/revisions\/4710"}],"wp:featuredmedia":[{"embeddable":true,"href":"https:\/\/unaymilletras.com\/en\/wp-json\/wp\/v2\/media\/4564"}],"wp:attachment":[{"href":"https:\/\/unaymilletras.com\/en\/wp-json\/wp\/v2\/media?parent=4562"}],"wp:term":[{"taxonomy":"category","embeddable":true,"href":"https:\/\/unaymilletras.com\/en\/wp-json\/wp\/v2\/categories?post=4562"},{"taxonomy":"post_tag","embeddable":true,"href":"https:\/\/unaymilletras.com\/en\/wp-json\/wp\/v2\/tags?post=4562"}],"curies":[{"name":"wp","href":"https:\/\/api.w.org\/{rel}","templated":true}]}}