{"id":4574,"date":"2025-05-09T11:24:59","date_gmt":"2025-05-09T09:24:59","guid":{"rendered":"https:\/\/unaymilletras.com\/?p=4574"},"modified":"2025-05-18T16:46:13","modified_gmt":"2025-05-18T14:46:13","slug":"ca7riel-paco-amoroso-a-punto-de-llegar-a-espana-una-vez-mas","status":"publish","type":"post","link":"https:\/\/unaymilletras.com\/en\/ca7riel-paco-amoroso-a-punto-de-llegar-a-espana-una-vez-mas\/","title":{"rendered":"CA7RIEL &amp; Paco Amoroso a punto de llegar a Espa\u00f1a una vez m\u00e1s"},"content":{"rendered":"<div data-elementor-type=\"wp-post\" data-elementor-id=\"4574\" class=\"elementor elementor-4574\">\n\t\t\t\t\t\t<section class=\"elementor-section elementor-top-section elementor-element elementor-element-c1ea892 elementor-section-boxed elementor-section-height-default elementor-section-height-default\" data-id=\"c1ea892\" data-element_type=\"section\" data-e-type=\"section\">\n\t\t\t\t\t\t<div class=\"elementor-container elementor-column-gap-default\">\n\t\t\t\t\t<div class=\"elementor-column elementor-col-100 elementor-top-column elementor-element elementor-element-3d1d560\" data-id=\"3d1d560\" data-element_type=\"column\" data-e-type=\"column\">\n\t\t\t<div class=\"elementor-widget-wrap elementor-element-populated\">\n\t\t\t\t\t\t<div class=\"elementor-element elementor-element-0f9bdf4 elementor-widget elementor-widget-text-editor\" data-id=\"0f9bdf4\" data-element_type=\"widget\" data-e-type=\"widget\" data-widget_type=\"text-editor.default\">\n\t\t\t\t<div class=\"elementor-widget-container\">\n\t\t\t\t\t\t\t\t\t<h2 style=\"text-align: center;\"><span style=\"color: #808080;\"><em>CA7RIEL &amp; Paco Amoroso presentar\u00e1 su \u00e1lbum debut Ba\u00f1o Mar\u00eda en dos conciertos muy esperados en Barcelona y Madrid<\/em><\/span><\/h2>\t\t\t\t\t\t\t\t<\/div>\n\t\t\t\t<\/div>\n\t\t\t\t\t<\/div>\n\t\t<\/div>\n\t\t\t\t\t<\/div>\n\t\t<\/section>\n\t\t\t\t<section class=\"elementor-section elementor-top-section elementor-element elementor-element-3b5dbd1 elementor-section-boxed elementor-section-height-default elementor-section-height-default\" data-id=\"3b5dbd1\" data-element_type=\"section\" data-e-type=\"section\">\n\t\t\t\t\t\t<div class=\"elementor-container elementor-column-gap-default\">\n\t\t\t\t\t<div class=\"elementor-column elementor-col-100 elementor-top-column elementor-element elementor-element-335d376\" data-id=\"335d376\" data-element_type=\"column\" data-e-type=\"column\">\n\t\t\t<div class=\"elementor-widget-wrap elementor-element-populated\">\n\t\t\t\t\t\t<div class=\"elementor-element elementor-element-0b21131 elementor-widget elementor-widget-text-editor\" data-id=\"0b21131\" data-element_type=\"widget\" data-e-type=\"widget\" data-widget_type=\"text-editor.default\">\n\t\t\t\t<div class=\"elementor-widget-container\">\n\t\t\t\t\t\t\t\t\t<p data-start=\"426\" data-end=\"818\">La cuenta atr\u00e1s ha comenzado. Tras agotar todas las entradas en sus conciertos en salas durante 2024, <strong data-start=\"528\" data-end=\"554\">CA7RIEL &amp; Paco Amoroso<\/strong> regresan a Espa\u00f1a por la puerta grande. Lo har\u00e1n este mismo mes, con dos fechas clave: <strong data-start=\"642\" data-end=\"741\">el 27 de mayo en el Sant Jordi Club de Barcelona y el 28 de mayo en el Movistar Arena de Madrid<\/strong>, donde mostrar\u00e1n la contundencia de su nuevo directo ante miles de personas.<\/p>\t\t\t\t\t\t\t\t<\/div>\n\t\t\t\t<\/div>\n\t\t\t\t\t<\/div>\n\t\t<\/div>\n\t\t\t\t\t<\/div>\n\t\t<\/section>\n\t\t\t\t<section class=\"elementor-section elementor-top-section elementor-element elementor-element-80f1ac7 elementor-section-boxed elementor-section-height-default elementor-section-height-default\" data-id=\"80f1ac7\" data-element_type=\"section\" data-e-type=\"section\">\n\t\t\t\t\t\t<div class=\"elementor-container elementor-column-gap-default\">\n\t\t\t\t\t<div class=\"elementor-column elementor-col-50 elementor-top-column elementor-element elementor-element-7fe923e\" data-id=\"7fe923e\" data-element_type=\"column\" data-e-type=\"column\">\n\t\t\t<div class=\"elementor-widget-wrap elementor-element-populated\">\n\t\t\t\t\t\t<div class=\"elementor-element elementor-element-d8ddfe6 elementor-widget elementor-widget-text-editor\" data-id=\"d8ddfe6\" data-element_type=\"widget\" data-e-type=\"widget\" data-widget_type=\"text-editor.default\">\n\t\t\t\t<div class=\"elementor-widget-container\">\n\t\t\t\t\t\t\t\t\t<p data-start=\"820\" data-end=\"1304\">Ambos shows forman parte de la gira internacional de presentaci\u00f3n de <em data-start=\"889\" data-end=\"901\"><span style=\"color: #808080;\"><a style=\"color: #808080;\" href=\"https:\/\/open.spotify.com\/intl-es\/album\/1XX2taUAddEZQX4QinYxX2?si=00c93f11190048f9\">Ba\u00f1o Mar\u00eda<\/a><\/span>. E<\/em>l esperado <strong data-start=\"915\" data-end=\"930\">\u00e1lbum debut<\/strong> del d\u00fao ha afianzado su estatus como una de las propuestas m\u00e1s rompedoras de la m\u00fasica latinoamericana actual. En este trabajo, CA7RIEL &amp; Paco Amoroso despliegan un abanico de sonidos que van desde el funk carioca y la electr\u00f3nica hasta el rap y el pop experimental. Canciones como <em data-start=\"1218\" data-end=\"1226\">DUMBAI<\/em> o <em data-start=\"1229\" data-end=\"1239\">EL \u00daNICO<\/em> ya se han convertido en imprescindibles dentro de su repertorio.<\/p><p data-start=\"1306\" data-end=\"1671\">El anuncio de estas fechas se hizo viral cuando ambos artistas participaron en <em data-start=\"1385\" data-end=\"1398\">La Revuelta<\/em>. Desde entonces, las expectativas no han hecho m\u00e1s que crecer. Su \u00faltima visita a Espa\u00f1a dej\u00f3 claro que la conexi\u00f3n con el p\u00fablico local es real, y ahora vuelven preparados para escalar a otro nivel con actuaciones en grandes recintos.<\/p>\t\t\t\t\t\t\t\t<\/div>\n\t\t\t\t<\/div>\n\t\t\t\t\t<\/div>\n\t\t<\/div>\n\t\t\t\t<div class=\"elementor-column elementor-col-50 elementor-top-column elementor-element elementor-element-b86315d\" data-id=\"b86315d\" data-element_type=\"column\" data-e-type=\"column\">\n\t\t\t<div class=\"elementor-widget-wrap elementor-element-populated\">\n\t\t\t\t\t\t<div class=\"elementor-element elementor-element-8440f82 elementor-widget elementor-widget-image\" data-id=\"8440f82\" data-element_type=\"widget\" data-e-type=\"widget\" data-widget_type=\"image.default\">\n\t\t\t\t<div class=\"elementor-widget-container\">\n\t\t\t\t\t\t\t\t\t\t\t\t\t\t\t<img fetchpriority=\"high\" decoding=\"async\" width=\"640\" height=\"800\" src=\"https:\/\/unaymilletras.com\/wp-content\/uploads\/2025\/05\/CPA-Cartel-Base-4-5-819x1024.webp\" class=\"attachment-large size-large wp-image-4576\" alt=\"CA7RIEL &amp; Paco Amoroso\" srcset=\"https:\/\/unaymilletras.com\/wp-content\/uploads\/2025\/05\/CPA-Cartel-Base-4-5-819x1024.webp 819w, https:\/\/unaymilletras.com\/wp-content\/uploads\/2025\/05\/CPA-Cartel-Base-4-5-240x300.webp 240w, https:\/\/unaymilletras.com\/wp-content\/uploads\/2025\/05\/CPA-Cartel-Base-4-5-768x960.webp 768w, https:\/\/unaymilletras.com\/wp-content\/uploads\/2025\/05\/CPA-Cartel-Base-4-5-10x12.webp 10w, https:\/\/unaymilletras.com\/wp-content\/uploads\/2025\/05\/CPA-Cartel-Base-4-5-1024x1280.webp 1024w, https:\/\/unaymilletras.com\/wp-content\/uploads\/2025\/05\/CPA-Cartel-Base-4-5-e1746782525473.webp 600w\" sizes=\"(max-width: 640px) 100vw, 640px\" \/>\t\t\t\t\t\t\t\t\t\t\t\t\t\t\t<\/div>\n\t\t\t\t<\/div>\n\t\t\t\t\t<\/div>\n\t\t<\/div>\n\t\t\t\t\t<\/div>\n\t\t<\/section>\n\t\t\t\t<section class=\"elementor-section elementor-top-section elementor-element elementor-element-5611904 elementor-section-boxed elementor-section-height-default elementor-section-height-default\" data-id=\"5611904\" data-element_type=\"section\" data-e-type=\"section\">\n\t\t\t\t\t\t<div class=\"elementor-container elementor-column-gap-default\">\n\t\t\t\t\t<div class=\"elementor-column elementor-col-100 elementor-top-column elementor-element elementor-element-542a9bd\" data-id=\"542a9bd\" data-element_type=\"column\" data-e-type=\"column\">\n\t\t\t<div class=\"elementor-widget-wrap elementor-element-populated\">\n\t\t\t\t\t\t<div class=\"elementor-element elementor-element-a6c38df elementor-widget elementor-widget-text-editor\" data-id=\"a6c38df\" data-element_type=\"widget\" data-e-type=\"widget\" data-widget_type=\"text-editor.default\">\n\t\t\t\t<div class=\"elementor-widget-container\">\n\t\t\t\t\t\t\t\t\t<p data-start=\"1673\" data-end=\"2098\">CA7RIEL &amp; Paco Amoroso se han posicionado como un fen\u00f3meno global tras su paso por <em data-start=\"1756\" data-end=\"1767\">Tiny Desk<\/em> y gracias a una propuesta esc\u00e9nica potente, sin etiquetas, que desborda energ\u00eda y originalidad. Su estilo, que mezcla rap, trap, rock y electr\u00f3nica con frescura y libertad, los ha llevado a girar por todo el continente americano y a formar parte del cartel de festivales como <strong data-start=\"2044\" data-end=\"2057\">Coachella<\/strong>, <strong data-start=\"2059\" data-end=\"2075\">Lollapalooza<\/strong> y <strong data-start=\"2078\" data-end=\"2097\">Primavera Sound<\/strong>.<\/p><p data-start=\"2100\" data-end=\"2422\">Las entradas para sus conciertos en Barcelona y Madrid siguen a la venta en <strong data-start=\"2176\" data-end=\"2193\">livenation.es<\/strong> y <strong data-start=\"2196\" data-end=\"2215\">ticketmaster.es<\/strong>, aunque el ritmo de ventas apunta a que podr\u00edan agotarse en los pr\u00f3ximos d\u00edas. Quienes los han visto en directo saben que no es solo un concierto: es una descarga creativa y sensorial dif\u00edcil de clasificar.<\/p><p data-start=\"2424\" data-end=\"2699\" data-is-last-node=\"\" data-is-only-node=\"\">Con <em data-start=\"2428\" data-end=\"2440\">Ba\u00f1o Mar\u00eda<\/em>, CA7RIEL &amp; Paco Amoroso no solo confirman su regreso, sino que lo hacen m\u00e1s fuertes, m\u00e1s ambiciosos y con el mismo esp\u00edritu provocador con el que comenzaron. El 27 y 28 de mayo, Barcelona y Madrid ser\u00e1n testigos de un show que promete quedarse en la memoria.<\/p>\t\t\t\t\t\t\t\t<\/div>\n\t\t\t\t<\/div>\n\t\t\t\t\t<\/div>\n\t\t<\/div>\n\t\t\t\t\t<\/div>\n\t\t<\/section>\n\t\t\t\t<\/div>","protected":false},"excerpt":{"rendered":"<p>CA7RIEL &amp; Paco Amoroso presentar\u00e1 su \u00e1lbum debut Ba\u00f1o Mar\u00eda en dos conciertos muy esperados en Barcelona y Madrid La cuenta atr\u00e1s ha comenzado. Tras agotar todas las entradas en sus conciertos en salas durante 2024, CA7RIEL &amp; Paco Amoroso regresan a Espa\u00f1a por la puerta grande. Lo har\u00e1n este mismo mes, con dos fechas [&hellip;]<\/p>\n","protected":false},"author":6,"featured_media":4576,"comment_status":"closed","ping_status":"closed","sticky":false,"template":"","format":"standard","meta":{"footnotes":""},"categories":[4],"tags":[],"class_list":["post-4574","post","type-post","status-publish","format-standard","has-post-thumbnail","hentry","category-musica"],"yoast_head":"<!-- This site is optimized with the Yoast SEO plugin v27.4 - https:\/\/yoast.com\/product\/yoast-seo-wordpress\/ -->\n<title>CA7RIEL &amp; Paco Amoroso a punto de llegar a Espa\u00f1a una vez m\u00e1s<\/title>\n<meta name=\"description\" content=\"CA7RIEL &amp; Paco Amoroso presentar\u00e1 su \u00e1lbum debut Ba\u00f1o Mar\u00eda en dos conciertos muy esperados en Barcelona y Madrid los d\u00edas 27 y 28 de mayo\" \/>\n<meta name=\"robots\" content=\"index, follow, max-snippet:-1, max-image-preview:large, max-video-preview:-1\" \/>\n<link rel=\"canonical\" href=\"https:\/\/unaymilletras.com\/en\/ca7riel-paco-amoroso-a-punto-de-llegar-a-espana-una-vez-mas\/\" \/>\n<meta property=\"og:locale\" content=\"en_GB\" \/>\n<meta property=\"og:type\" content=\"article\" \/>\n<meta property=\"og:title\" content=\"CA7RIEL &amp; Paco Amoroso a punto de llegar a Espa\u00f1a una vez m\u00e1s\" \/>\n<meta property=\"og:description\" content=\"CA7RIEL &amp; Paco Amoroso presentar\u00e1 su \u00e1lbum debut Ba\u00f1o Mar\u00eda en dos conciertos muy esperados en Barcelona y Madrid los d\u00edas 27 y 28 de mayo\" \/>\n<meta property=\"og:url\" content=\"https:\/\/unaymilletras.com\/en\/ca7riel-paco-amoroso-a-punto-de-llegar-a-espana-una-vez-mas\/\" \/>\n<meta property=\"og:site_name\" content=\"Una y Mil Letras\" \/>\n<meta property=\"article:published_time\" content=\"2025-05-09T09:24:59+00:00\" \/>\n<meta property=\"article:modified_time\" content=\"2025-05-18T14:46:13+00:00\" \/>\n<meta property=\"og:image\" content=\"http:\/\/unaymilletras.com\/wp-content\/uploads\/2025\/05\/CPA-Cartel-Base-4-5-e1746782525473.webp\" \/>\n\t<meta property=\"og:image:width\" content=\"600\" \/>\n\t<meta property=\"og:image:height\" content=\"750\" \/>\n\t<meta property=\"og:image:type\" content=\"image\/jpeg\" \/>\n<meta name=\"author\" content=\"Redacci\u00f3n\" \/>\n<meta name=\"twitter:card\" content=\"summary_large_image\" \/>\n<meta name=\"twitter:creator\" content=\"@UnaYMilLetras\" \/>\n<meta name=\"twitter:site\" content=\"@UnaYMilLetras\" \/>\n<meta name=\"twitter:label1\" content=\"Written by\" \/>\n\t<meta name=\"twitter:data1\" content=\"Redacci\u00f3n\" \/>\n\t<meta name=\"twitter:label2\" content=\"Estimated reading time\" \/>\n\t<meta name=\"twitter:data2\" content=\"2 minutes\" \/>\n<script type=\"application\/ld+json\" class=\"yoast-schema-graph\">{\"@context\":\"https:\\\/\\\/schema.org\",\"@graph\":[{\"@type\":\"Article\",\"@id\":\"https:\\\/\\\/unaymilletras.com\\\/ca7riel-paco-amoroso-a-punto-de-llegar-a-espana-una-vez-mas\\\/#article\",\"isPartOf\":{\"@id\":\"https:\\\/\\\/unaymilletras.com\\\/ca7riel-paco-amoroso-a-punto-de-llegar-a-espana-una-vez-mas\\\/\"},\"author\":{\"name\":\"Redacci\u00f3n\",\"@id\":\"http:\\\/\\\/unaymilletras.com\\\/#\\\/schema\\\/person\\\/0860dc8a218329991ee2c7591f4f849d\"},\"headline\":\"CA7RIEL &amp; Paco Amoroso a punto de llegar a Espa\u00f1a una vez m\u00e1s\",\"datePublished\":\"2025-05-09T09:24:59+00:00\",\"dateModified\":\"2025-05-18T14:46:13+00:00\",\"mainEntityOfPage\":{\"@id\":\"https:\\\/\\\/unaymilletras.com\\\/ca7riel-paco-amoroso-a-punto-de-llegar-a-espana-una-vez-mas\\\/\"},\"wordCount\":444,\"publisher\":{\"@id\":\"http:\\\/\\\/unaymilletras.com\\\/#organization\"},\"image\":{\"@id\":\"https:\\\/\\\/unaymilletras.com\\\/ca7riel-paco-amoroso-a-punto-de-llegar-a-espana-una-vez-mas\\\/#primaryimage\"},\"thumbnailUrl\":\"https:\\\/\\\/unaymilletras.com\\\/wp-content\\\/uploads\\\/2025\\\/05\\\/CPA-Cartel-Base-4-5-e1746782525473.webp\",\"articleSection\":[\"M\u00fasica\"],\"inLanguage\":\"en-GB\"},{\"@type\":\"WebPage\",\"@id\":\"https:\\\/\\\/unaymilletras.com\\\/ca7riel-paco-amoroso-a-punto-de-llegar-a-espana-una-vez-mas\\\/\",\"url\":\"https:\\\/\\\/unaymilletras.com\\\/ca7riel-paco-amoroso-a-punto-de-llegar-a-espana-una-vez-mas\\\/\",\"name\":\"CA7RIEL &amp; Paco Amoroso a punto de llegar a Espa\u00f1a una vez m\u00e1s\",\"isPartOf\":{\"@id\":\"http:\\\/\\\/unaymilletras.com\\\/#website\"},\"primaryImageOfPage\":{\"@id\":\"https:\\\/\\\/unaymilletras.com\\\/ca7riel-paco-amoroso-a-punto-de-llegar-a-espana-una-vez-mas\\\/#primaryimage\"},\"image\":{\"@id\":\"https:\\\/\\\/unaymilletras.com\\\/ca7riel-paco-amoroso-a-punto-de-llegar-a-espana-una-vez-mas\\\/#primaryimage\"},\"thumbnailUrl\":\"https:\\\/\\\/unaymilletras.com\\\/wp-content\\\/uploads\\\/2025\\\/05\\\/CPA-Cartel-Base-4-5-e1746782525473.webp\",\"datePublished\":\"2025-05-09T09:24:59+00:00\",\"dateModified\":\"2025-05-18T14:46:13+00:00\",\"description\":\"CA7RIEL & Paco Amoroso presentar\u00e1 su \u00e1lbum debut Ba\u00f1o Mar\u00eda en dos conciertos muy esperados en Barcelona y Madrid los d\u00edas 27 y 28 de mayo\",\"breadcrumb\":{\"@id\":\"https:\\\/\\\/unaymilletras.com\\\/ca7riel-paco-amoroso-a-punto-de-llegar-a-espana-una-vez-mas\\\/#breadcrumb\"},\"inLanguage\":\"en-GB\",\"potentialAction\":[{\"@type\":\"ReadAction\",\"target\":[\"https:\\\/\\\/unaymilletras.com\\\/ca7riel-paco-amoroso-a-punto-de-llegar-a-espana-una-vez-mas\\\/\"]}]},{\"@type\":\"ImageObject\",\"inLanguage\":\"en-GB\",\"@id\":\"https:\\\/\\\/unaymilletras.com\\\/ca7riel-paco-amoroso-a-punto-de-llegar-a-espana-una-vez-mas\\\/#primaryimage\",\"url\":\"https:\\\/\\\/unaymilletras.com\\\/wp-content\\\/uploads\\\/2025\\\/05\\\/CPA-Cartel-Base-4-5-e1746782525473.webp\",\"contentUrl\":\"https:\\\/\\\/unaymilletras.com\\\/wp-content\\\/uploads\\\/2025\\\/05\\\/CPA-Cartel-Base-4-5-e1746782525473.webp\",\"width\":600,\"height\":750,\"caption\":\"CA7RIEL & Paco Amoroso\"},{\"@type\":\"BreadcrumbList\",\"@id\":\"https:\\\/\\\/unaymilletras.com\\\/ca7riel-paco-amoroso-a-punto-de-llegar-a-espana-una-vez-mas\\\/#breadcrumb\",\"itemListElement\":[{\"@type\":\"ListItem\",\"position\":1,\"name\":\"Home\",\"item\":\"http:\\\/\\\/unaymilletras.com\\\/\"},{\"@type\":\"ListItem\",\"position\":2,\"name\":\"CA7RIEL &amp; Paco Amoroso a punto de llegar a Espa\u00f1a una vez m\u00e1s\"}]},{\"@type\":\"WebSite\",\"@id\":\"http:\\\/\\\/unaymilletras.com\\\/#website\",\"url\":\"http:\\\/\\\/unaymilletras.com\\\/\",\"name\":\"Una y Mil Letras\",\"description\":\"\",\"publisher\":{\"@id\":\"http:\\\/\\\/unaymilletras.com\\\/#organization\"},\"potentialAction\":[{\"@type\":\"SearchAction\",\"target\":{\"@type\":\"EntryPoint\",\"urlTemplate\":\"http:\\\/\\\/unaymilletras.com\\\/?s={search_term_string}\"},\"query-input\":{\"@type\":\"PropertyValueSpecification\",\"valueRequired\":true,\"valueName\":\"search_term_string\"}}],\"inLanguage\":\"en-GB\"},{\"@type\":\"Organization\",\"@id\":\"http:\\\/\\\/unaymilletras.com\\\/#organization\",\"name\":\"Una y Mil Letras\",\"url\":\"http:\\\/\\\/unaymilletras.com\\\/\",\"logo\":{\"@type\":\"ImageObject\",\"inLanguage\":\"en-GB\",\"@id\":\"http:\\\/\\\/unaymilletras.com\\\/#\\\/schema\\\/logo\\\/image\\\/\",\"url\":\"https:\\\/\\\/unaymilletras.com\\\/wp-content\\\/uploads\\\/2024\\\/06\\\/cropped-Logo-removebg-preview.png\",\"contentUrl\":\"https:\\\/\\\/unaymilletras.com\\\/wp-content\\\/uploads\\\/2024\\\/06\\\/cropped-Logo-removebg-preview.png\",\"width\":512,\"height\":512,\"caption\":\"Una y Mil Letras\"},\"image\":{\"@id\":\"http:\\\/\\\/unaymilletras.com\\\/#\\\/schema\\\/logo\\\/image\\\/\"},\"sameAs\":[\"https:\\\/\\\/x.com\\\/UnaYMilLetras\",\"https:\\\/\\\/instagram.com\\\/UnaYMilLetras\"]},{\"@type\":\"Person\",\"@id\":\"http:\\\/\\\/unaymilletras.com\\\/#\\\/schema\\\/person\\\/0860dc8a218329991ee2c7591f4f849d\",\"name\":\"Redacci\u00f3n\",\"image\":{\"@type\":\"ImageObject\",\"inLanguage\":\"en-GB\",\"@id\":\"https:\\\/\\\/secure.gravatar.com\\\/avatar\\\/d8f55e05a8b6597e45c55a1dcbdbfe44f4a360d88b48e00de5216a79b7732796?s=96&d=mm&r=g\",\"url\":\"https:\\\/\\\/secure.gravatar.com\\\/avatar\\\/d8f55e05a8b6597e45c55a1dcbdbfe44f4a360d88b48e00de5216a79b7732796?s=96&d=mm&r=g\",\"contentUrl\":\"https:\\\/\\\/secure.gravatar.com\\\/avatar\\\/d8f55e05a8b6597e45c55a1dcbdbfe44f4a360d88b48e00de5216a79b7732796?s=96&d=mm&r=g\",\"caption\":\"Redacci\u00f3n\"},\"url\":\"https:\\\/\\\/unaymilletras.com\\\/en\\\/author\\\/redaccion\\\/\"}]}<\/script>\n<!-- \/ Yoast SEO plugin. -->","yoast_head_json":{"title":"CA7RIEL &amp; Paco Amoroso a punto de llegar a Espa\u00f1a una vez m\u00e1s","description":"CA7RIEL & Paco Amoroso presentar\u00e1 su \u00e1lbum debut Ba\u00f1o Mar\u00eda en dos conciertos muy esperados en Barcelona y Madrid los d\u00edas 27 y 28 de mayo","robots":{"index":"index","follow":"follow","max-snippet":"max-snippet:-1","max-image-preview":"max-image-preview:large","max-video-preview":"max-video-preview:-1"},"canonical":"https:\/\/unaymilletras.com\/en\/ca7riel-paco-amoroso-a-punto-de-llegar-a-espana-una-vez-mas\/","og_locale":"en_GB","og_type":"article","og_title":"CA7RIEL &amp; Paco Amoroso a punto de llegar a Espa\u00f1a una vez m\u00e1s","og_description":"CA7RIEL & Paco Amoroso presentar\u00e1 su \u00e1lbum debut Ba\u00f1o Mar\u00eda en dos conciertos muy esperados en Barcelona y Madrid los d\u00edas 27 y 28 de mayo","og_url":"https:\/\/unaymilletras.com\/en\/ca7riel-paco-amoroso-a-punto-de-llegar-a-espana-una-vez-mas\/","og_site_name":"Una y Mil Letras","article_published_time":"2025-05-09T09:24:59+00:00","article_modified_time":"2025-05-18T14:46:13+00:00","og_image":[{"width":600,"height":750,"url":"http:\/\/unaymilletras.com\/wp-content\/uploads\/2025\/05\/CPA-Cartel-Base-4-5-e1746782525473.webp","type":"image\/jpeg"}],"author":"Redacci\u00f3n","twitter_card":"summary_large_image","twitter_creator":"@UnaYMilLetras","twitter_site":"@UnaYMilLetras","twitter_misc":{"Written by":"Redacci\u00f3n","Estimated reading time":"2 minutes"},"schema":{"@context":"https:\/\/schema.org","@graph":[{"@type":"Article","@id":"https:\/\/unaymilletras.com\/ca7riel-paco-amoroso-a-punto-de-llegar-a-espana-una-vez-mas\/#article","isPartOf":{"@id":"https:\/\/unaymilletras.com\/ca7riel-paco-amoroso-a-punto-de-llegar-a-espana-una-vez-mas\/"},"author":{"name":"Redacci\u00f3n","@id":"http:\/\/unaymilletras.com\/#\/schema\/person\/0860dc8a218329991ee2c7591f4f849d"},"headline":"CA7RIEL &amp; Paco Amoroso a punto de llegar a Espa\u00f1a una vez m\u00e1s","datePublished":"2025-05-09T09:24:59+00:00","dateModified":"2025-05-18T14:46:13+00:00","mainEntityOfPage":{"@id":"https:\/\/unaymilletras.com\/ca7riel-paco-amoroso-a-punto-de-llegar-a-espana-una-vez-mas\/"},"wordCount":444,"publisher":{"@id":"http:\/\/unaymilletras.com\/#organization"},"image":{"@id":"https:\/\/unaymilletras.com\/ca7riel-paco-amoroso-a-punto-de-llegar-a-espana-una-vez-mas\/#primaryimage"},"thumbnailUrl":"https:\/\/unaymilletras.com\/wp-content\/uploads\/2025\/05\/CPA-Cartel-Base-4-5-e1746782525473.webp","articleSection":["M\u00fasica"],"inLanguage":"en-GB"},{"@type":"WebPage","@id":"https:\/\/unaymilletras.com\/ca7riel-paco-amoroso-a-punto-de-llegar-a-espana-una-vez-mas\/","url":"https:\/\/unaymilletras.com\/ca7riel-paco-amoroso-a-punto-de-llegar-a-espana-una-vez-mas\/","name":"CA7RIEL &amp; Paco Amoroso a punto de llegar a Espa\u00f1a una vez m\u00e1s","isPartOf":{"@id":"http:\/\/unaymilletras.com\/#website"},"primaryImageOfPage":{"@id":"https:\/\/unaymilletras.com\/ca7riel-paco-amoroso-a-punto-de-llegar-a-espana-una-vez-mas\/#primaryimage"},"image":{"@id":"https:\/\/unaymilletras.com\/ca7riel-paco-amoroso-a-punto-de-llegar-a-espana-una-vez-mas\/#primaryimage"},"thumbnailUrl":"https:\/\/unaymilletras.com\/wp-content\/uploads\/2025\/05\/CPA-Cartel-Base-4-5-e1746782525473.webp","datePublished":"2025-05-09T09:24:59+00:00","dateModified":"2025-05-18T14:46:13+00:00","description":"CA7RIEL & Paco Amoroso presentar\u00e1 su \u00e1lbum debut Ba\u00f1o Mar\u00eda en dos conciertos muy esperados en Barcelona y Madrid los d\u00edas 27 y 28 de mayo","breadcrumb":{"@id":"https:\/\/unaymilletras.com\/ca7riel-paco-amoroso-a-punto-de-llegar-a-espana-una-vez-mas\/#breadcrumb"},"inLanguage":"en-GB","potentialAction":[{"@type":"ReadAction","target":["https:\/\/unaymilletras.com\/ca7riel-paco-amoroso-a-punto-de-llegar-a-espana-una-vez-mas\/"]}]},{"@type":"ImageObject","inLanguage":"en-GB","@id":"https:\/\/unaymilletras.com\/ca7riel-paco-amoroso-a-punto-de-llegar-a-espana-una-vez-mas\/#primaryimage","url":"https:\/\/unaymilletras.com\/wp-content\/uploads\/2025\/05\/CPA-Cartel-Base-4-5-e1746782525473.webp","contentUrl":"https:\/\/unaymilletras.com\/wp-content\/uploads\/2025\/05\/CPA-Cartel-Base-4-5-e1746782525473.webp","width":600,"height":750,"caption":"CA7RIEL & Paco Amoroso"},{"@type":"BreadcrumbList","@id":"https:\/\/unaymilletras.com\/ca7riel-paco-amoroso-a-punto-de-llegar-a-espana-una-vez-mas\/#breadcrumb","itemListElement":[{"@type":"ListItem","position":1,"name":"Home","item":"http:\/\/unaymilletras.com\/"},{"@type":"ListItem","position":2,"name":"CA7RIEL &amp; Paco Amoroso a punto de llegar a Espa\u00f1a una vez m\u00e1s"}]},{"@type":"WebSite","@id":"http:\/\/unaymilletras.com\/#website","url":"http:\/\/unaymilletras.com\/","name":"Una y Mil Letras","description":"","publisher":{"@id":"http:\/\/unaymilletras.com\/#organization"},"potentialAction":[{"@type":"SearchAction","target":{"@type":"EntryPoint","urlTemplate":"http:\/\/unaymilletras.com\/?s={search_term_string}"},"query-input":{"@type":"PropertyValueSpecification","valueRequired":true,"valueName":"search_term_string"}}],"inLanguage":"en-GB"},{"@type":"Organization","@id":"http:\/\/unaymilletras.com\/#organization","name":"Una y Mil Letras","url":"http:\/\/unaymilletras.com\/","logo":{"@type":"ImageObject","inLanguage":"en-GB","@id":"http:\/\/unaymilletras.com\/#\/schema\/logo\/image\/","url":"https:\/\/unaymilletras.com\/wp-content\/uploads\/2024\/06\/cropped-Logo-removebg-preview.png","contentUrl":"https:\/\/unaymilletras.com\/wp-content\/uploads\/2024\/06\/cropped-Logo-removebg-preview.png","width":512,"height":512,"caption":"Una y Mil Letras"},"image":{"@id":"http:\/\/unaymilletras.com\/#\/schema\/logo\/image\/"},"sameAs":["https:\/\/x.com\/UnaYMilLetras","https:\/\/instagram.com\/UnaYMilLetras"]},{"@type":"Person","@id":"http:\/\/unaymilletras.com\/#\/schema\/person\/0860dc8a218329991ee2c7591f4f849d","name":"Redacci\u00f3n","image":{"@type":"ImageObject","inLanguage":"en-GB","@id":"https:\/\/secure.gravatar.com\/avatar\/d8f55e05a8b6597e45c55a1dcbdbfe44f4a360d88b48e00de5216a79b7732796?s=96&d=mm&r=g","url":"https:\/\/secure.gravatar.com\/avatar\/d8f55e05a8b6597e45c55a1dcbdbfe44f4a360d88b48e00de5216a79b7732796?s=96&d=mm&r=g","contentUrl":"https:\/\/secure.gravatar.com\/avatar\/d8f55e05a8b6597e45c55a1dcbdbfe44f4a360d88b48e00de5216a79b7732796?s=96&d=mm&r=g","caption":"Redacci\u00f3n"},"url":"https:\/\/unaymilletras.com\/en\/author\/redaccion\/"}]}},"_links":{"self":[{"href":"https:\/\/unaymilletras.com\/en\/wp-json\/wp\/v2\/posts\/4574","targetHints":{"allow":["GET"]}}],"collection":[{"href":"https:\/\/unaymilletras.com\/en\/wp-json\/wp\/v2\/posts"}],"about":[{"href":"https:\/\/unaymilletras.com\/en\/wp-json\/wp\/v2\/types\/post"}],"author":[{"embeddable":true,"href":"https:\/\/unaymilletras.com\/en\/wp-json\/wp\/v2\/users\/6"}],"replies":[{"embeddable":true,"href":"https:\/\/unaymilletras.com\/en\/wp-json\/wp\/v2\/comments?post=4574"}],"version-history":[{"count":8,"href":"https:\/\/unaymilletras.com\/en\/wp-json\/wp\/v2\/posts\/4574\/revisions"}],"predecessor-version":[{"id":4709,"href":"https:\/\/unaymilletras.com\/en\/wp-json\/wp\/v2\/posts\/4574\/revisions\/4709"}],"wp:featuredmedia":[{"embeddable":true,"href":"https:\/\/unaymilletras.com\/en\/wp-json\/wp\/v2\/media\/4576"}],"wp:attachment":[{"href":"https:\/\/unaymilletras.com\/en\/wp-json\/wp\/v2\/media?parent=4574"}],"wp:term":[{"taxonomy":"category","embeddable":true,"href":"https:\/\/unaymilletras.com\/en\/wp-json\/wp\/v2\/categories?post=4574"},{"taxonomy":"post_tag","embeddable":true,"href":"https:\/\/unaymilletras.com\/en\/wp-json\/wp\/v2\/tags?post=4574"}],"curies":[{"name":"wp","href":"https:\/\/api.w.org\/{rel}","templated":true}]}}