{"id":4583,"date":"2025-05-09T13:40:24","date_gmt":"2025-05-09T11:40:24","guid":{"rendered":"https:\/\/unaymilletras.com\/?p=4583"},"modified":"2025-05-18T16:45:49","modified_gmt":"2025-05-18T14:45:49","slug":"camilo-y-luis-cortes-unen-fuerzas-en-desamarte","status":"publish","type":"post","link":"https:\/\/unaymilletras.com\/en\/camilo-y-luis-cortes-unen-fuerzas-en-desamarte\/","title":{"rendered":"Camilo y Luis Cort\u00e9s unen fuerzas en \u201cDesamarte\u201d"},"content":{"rendered":"<div data-elementor-type=\"wp-post\" data-elementor-id=\"4583\" class=\"elementor elementor-4583\">\n\t\t\t\t\t\t<section class=\"elementor-section elementor-top-section elementor-element elementor-element-18e17b1 elementor-section-boxed elementor-section-height-default elementor-section-height-default\" data-id=\"18e17b1\" data-element_type=\"section\" data-e-type=\"section\">\n\t\t\t\t\t\t<div class=\"elementor-container elementor-column-gap-default\">\n\t\t\t\t\t<div class=\"elementor-column elementor-col-100 elementor-top-column elementor-element elementor-element-9dc5080\" data-id=\"9dc5080\" data-element_type=\"column\" data-e-type=\"column\">\n\t\t\t<div class=\"elementor-widget-wrap elementor-element-populated\">\n\t\t\t\t\t\t<div class=\"elementor-element elementor-element-0993b29 elementor-widget elementor-widget-text-editor\" data-id=\"0993b29\" data-element_type=\"widget\" data-e-type=\"widget\" data-widget_type=\"text-editor.default\">\n\t\t\t\t<div class=\"elementor-widget-container\">\n\t\t\t\t\t\t\t\t\t<h2 style=\"text-align: center;\"><span style=\"color: #808080;\"><em>La colaboraci\u00f3n de Luis Cort\u00e9s con Camilo nace de una historia \u00edntima y sincera, perfecto para los amantes del pop emocional<\/em><\/span><\/h2>\t\t\t\t\t\t\t\t<\/div>\n\t\t\t\t<\/div>\n\t\t\t\t\t<\/div>\n\t\t<\/div>\n\t\t\t\t\t<\/div>\n\t\t<\/section>\n\t\t\t\t<section class=\"elementor-section elementor-top-section elementor-element elementor-element-eaba4cd elementor-section-boxed elementor-section-height-default elementor-section-height-default\" data-id=\"eaba4cd\" data-element_type=\"section\" data-e-type=\"section\">\n\t\t\t\t\t\t<div class=\"elementor-container elementor-column-gap-default\">\n\t\t\t\t\t<div class=\"elementor-column elementor-col-100 elementor-top-column elementor-element elementor-element-ac5c2a0\" data-id=\"ac5c2a0\" data-element_type=\"column\" data-e-type=\"column\">\n\t\t\t<div class=\"elementor-widget-wrap elementor-element-populated\">\n\t\t\t\t\t\t<div class=\"elementor-element elementor-element-aa56759 elementor-widget elementor-widget-text-editor\" data-id=\"aa56759\" data-element_type=\"widget\" data-e-type=\"widget\" data-widget_type=\"text-editor.default\">\n\t\t\t\t<div class=\"elementor-widget-container\">\n\t\t\t\t\t\t\t\t\t<p data-start=\"334\" data-end=\"795\"><strong>Luis Cort\u00e9s<\/strong> contin\u00faa su ascenso como una de las voces m\u00e1s prometedoras del pop espa\u00f1ol y lo hace con fuerza. Acaba de lanzar <span style=\"color: #808080;\"><a style=\"color: #808080;\" href=\"https:\/\/open.spotify.com\/intl-es\/track\/3xH7WdukxUJ90f4wZ0L5Ah?si=59c1d5f34f6f48c8\"><em><strong data-start=\"459\" data-end=\"474\">Desamarte<\/strong><\/em><\/a><\/span>, una colaboraci\u00f3n con el colombiano <strong data-start=\"511\" data-end=\"521\">Camilo<\/strong> que marca un nuevo hito en su carrera. El tema, que forma parte del pr\u00f3ximo \u00e1lbum del artista valenciano, <em data-start=\"628\" data-end=\"643\">Coraz\u00f3n Negro<\/em>, llega como segundo adelanto. Tras el \u00e9xito de <em data-start=\"690\" data-end=\"708\">Ens\u00e9\u00f1ame a volar<\/em>, promete conectar profundamente con un p\u00fablico que ha seguido de cerca su evoluci\u00f3n.<\/p>\t\t\t\t\t\t\t\t<\/div>\n\t\t\t\t<\/div>\n\t\t\t\t\t<\/div>\n\t\t<\/div>\n\t\t\t\t\t<\/div>\n\t\t<\/section>\n\t\t\t\t<section class=\"elementor-section elementor-top-section elementor-element elementor-element-5cb7267 elementor-section-boxed elementor-section-height-default elementor-section-height-default\" data-id=\"5cb7267\" data-element_type=\"section\" data-e-type=\"section\">\n\t\t\t\t\t\t<div class=\"elementor-container elementor-column-gap-default\">\n\t\t\t\t\t<div class=\"elementor-column elementor-col-100 elementor-top-column elementor-element elementor-element-ac1e22b\" data-id=\"ac1e22b\" data-element_type=\"column\" data-e-type=\"column\">\n\t\t\t<div class=\"elementor-widget-wrap elementor-element-populated\">\n\t\t\t\t\t\t<div class=\"elementor-element elementor-element-5f0078c elementor-widget elementor-widget-image\" data-id=\"5f0078c\" data-element_type=\"widget\" data-e-type=\"widget\" data-widget_type=\"image.default\">\n\t\t\t\t<div class=\"elementor-widget-container\">\n\t\t\t\t\t\t\t\t\t\t\t\t\t\t\t<img fetchpriority=\"high\" decoding=\"async\" width=\"640\" height=\"427\" src=\"https:\/\/unaymilletras.com\/wp-content\/uploads\/2025\/05\/IMG_1940-1024x683.webp\" class=\"attachment-large size-large wp-image-4585\" alt=\"\" srcset=\"https:\/\/unaymilletras.com\/wp-content\/uploads\/2025\/05\/IMG_1940-1024x683.webp 1024w, https:\/\/unaymilletras.com\/wp-content\/uploads\/2025\/05\/IMG_1940-300x200.webp 300w, https:\/\/unaymilletras.com\/wp-content\/uploads\/2025\/05\/IMG_1940-768x512.webp 768w, https:\/\/unaymilletras.com\/wp-content\/uploads\/2025\/05\/IMG_1940-1536x1024.webp 1536w, https:\/\/unaymilletras.com\/wp-content\/uploads\/2025\/05\/IMG_1940-2048x1365.webp 1920w, https:\/\/unaymilletras.com\/wp-content\/uploads\/2025\/05\/IMG_1940-18x12.webp 18w, https:\/\/unaymilletras.com\/wp-content\/uploads\/2025\/05\/IMG_1940-scaled-e1746790749181.webp 600w\" sizes=\"(max-width: 640px) 100vw, 640px\" \/>\t\t\t\t\t\t\t\t\t\t\t\t\t\t\t<\/div>\n\t\t\t\t<\/div>\n\t\t\t\t\t<\/div>\n\t\t<\/div>\n\t\t\t\t\t<\/div>\n\t\t<\/section>\n\t\t\t\t<section class=\"elementor-section elementor-top-section elementor-element elementor-element-ed72a32 elementor-section-boxed elementor-section-height-default elementor-section-height-default\" data-id=\"ed72a32\" data-element_type=\"section\" data-e-type=\"section\">\n\t\t\t\t\t\t<div class=\"elementor-container elementor-column-gap-default\">\n\t\t\t\t\t<div class=\"elementor-column elementor-col-100 elementor-top-column elementor-element elementor-element-e49a9cc\" data-id=\"e49a9cc\" data-element_type=\"column\" data-e-type=\"column\">\n\t\t\t<div class=\"elementor-widget-wrap elementor-element-populated\">\n\t\t\t\t\t\t<div class=\"elementor-element elementor-element-514000f elementor-widget elementor-widget-text-editor\" data-id=\"514000f\" data-element_type=\"widget\" data-e-type=\"widget\" data-widget_type=\"text-editor.default\">\n\t\t\t\t<div class=\"elementor-widget-container\">\n\t\t\t\t\t\t\t\t\t<p data-start=\"797\" data-end=\"1229\">Lejos de los t\u00f3picos del desamor, <em>Desamarte<\/em>\u00a0se presenta como una caricia para quienes atraviesan el dif\u00edcil proceso de soltar a alguien que a\u00fan ocupa un lugar en su coraz\u00f3n. El tema apuesta por la vulnerabilidad y el reconocimiento del dolor cotidiano que dejan ciertos recuerdos.<\/p><p data-start=\"1231\" data-end=\"1646\">La historia detr\u00e1s del tema es casi tan potente como la canci\u00f3n en s\u00ed. Todo comenz\u00f3 cuando la hija de Camilo, \u00cdndigo, escuchaba repetidamente el EP <em data-start=\"1379\" data-end=\"1388\">Dolores<\/em> de Luis Cort\u00e9s y le pregunt\u00f3 a su padre por qu\u00e9 ese chico cantaba con tanta tristeza. Esa curiosidad infantil fue el inicio de una conexi\u00f3n entre ambos artistas que acab\u00f3 materializ\u00e1ndose en una sesi\u00f3n de estudio en Miami, de la que naci\u00f3 esta colaboraci\u00f3n.<\/p>\t\t\t\t\t\t\t\t<\/div>\n\t\t\t\t<\/div>\n\t\t\t\t\t<\/div>\n\t\t<\/div>\n\t\t\t\t\t<\/div>\n\t\t<\/section>\n\t\t\t\t<section class=\"elementor-section elementor-top-section elementor-element elementor-element-47021db elementor-section-boxed elementor-section-height-default elementor-section-height-default\" data-id=\"47021db\" data-element_type=\"section\" data-e-type=\"section\">\n\t\t\t\t\t\t<div class=\"elementor-container elementor-column-gap-default\">\n\t\t\t\t\t<div class=\"elementor-column elementor-col-100 elementor-top-column elementor-element elementor-element-d5e6138\" data-id=\"d5e6138\" data-element_type=\"column\" data-e-type=\"column\">\n\t\t\t<div class=\"elementor-widget-wrap elementor-element-populated\">\n\t\t\t\t\t\t<div class=\"elementor-element elementor-element-80f2d62 elementor-widget elementor-widget-video\" data-id=\"80f2d62\" data-element_type=\"widget\" data-e-type=\"widget\" data-settings=\"{&quot;youtube_url&quot;:&quot;https:\\\/\\\/www.youtube.com\\\/watch?v=V9Cy3MXFI4U&amp;ab_channel=SoundBlasterRecords&quot;,&quot;video_type&quot;:&quot;youtube&quot;,&quot;controls&quot;:&quot;yes&quot;}\" data-widget_type=\"video.default\">\n\t\t\t\t<div class=\"elementor-widget-container\">\n\t\t\t\t\t\t\t<div class=\"elementor-wrapper elementor-open-inline\">\n\t\t\t<div class=\"elementor-video\"><\/div>\t\t<\/div>\n\t\t\t\t\t\t<\/div>\n\t\t\t\t<\/div>\n\t\t\t\t\t<\/div>\n\t\t<\/div>\n\t\t\t\t\t<\/div>\n\t\t<\/section>\n\t\t\t\t<section class=\"elementor-section elementor-top-section elementor-element elementor-element-c81182c elementor-section-boxed elementor-section-height-default elementor-section-height-default\" data-id=\"c81182c\" data-element_type=\"section\" data-e-type=\"section\">\n\t\t\t\t\t\t<div class=\"elementor-container elementor-column-gap-default\">\n\t\t\t\t\t<div class=\"elementor-column elementor-col-100 elementor-top-column elementor-element elementor-element-d763191\" data-id=\"d763191\" data-element_type=\"column\" data-e-type=\"column\">\n\t\t\t<div class=\"elementor-widget-wrap elementor-element-populated\">\n\t\t\t\t\t\t<div class=\"elementor-element elementor-element-97a12ba elementor-widget elementor-widget-text-editor\" data-id=\"97a12ba\" data-element_type=\"widget\" data-e-type=\"widget\" data-widget_type=\"text-editor.default\">\n\t\t\t\t<div class=\"elementor-widget-container\">\n\t\t\t\t\t\t\t\t\t<p data-start=\"2118\" data-end=\"2512\">Este nuevo single, junto a <em data-start=\"2145\" data-end=\"2163\">Ens\u00e9\u00f1ame a volar<\/em>, encabeza la recta final hacia el lanzamiento de <em data-start=\"2213\" data-end=\"2228\">Coraz\u00f3n Negro. <\/em><span data-start=\"2213\" data-end=\"2228\">E<\/span>l primer \u00e1lbum largo de Luis Cort\u00e9s ver\u00e1 la luz a finales de este mes. Con m\u00e1s de <strong data-start=\"2318\" data-end=\"2351\">22 millones de reproducciones<\/strong> en su tema <em data-start=\"2363\" data-end=\"2385\">Que me lleve el aire<\/em>, cinco <strong data-start=\"2393\" data-end=\"2410\">Discos de Oro<\/strong> y una gira nacional con m\u00faltiples sold outs, Luis se confirma como el fen\u00f3meno pop del a\u00f1o en Espa\u00f1a.<\/p>\t\t\t\t\t\t\t\t<\/div>\n\t\t\t\t<\/div>\n\t\t\t\t\t<\/div>\n\t\t<\/div>\n\t\t\t\t\t<\/div>\n\t\t<\/section>\n\t\t\t\t<\/div>","protected":false},"excerpt":{"rendered":"<p>La colaboraci\u00f3n de Luis Cort\u00e9s con Camilo nace de una historia \u00edntima y sincera, perfecto para los amantes del pop emocional Luis Cort\u00e9s contin\u00faa su ascenso como una de las voces m\u00e1s prometedoras del pop espa\u00f1ol y lo hace con fuerza. Acaba de lanzar Desamarte, una colaboraci\u00f3n con el colombiano Camilo que marca un nuevo [&hellip;]<\/p>\n","protected":false},"author":6,"featured_media":4585,"comment_status":"closed","ping_status":"closed","sticky":false,"template":"","format":"standard","meta":{"footnotes":""},"categories":[4],"tags":[],"class_list":["post-4583","post","type-post","status-publish","format-standard","has-post-thumbnail","hentry","category-musica"],"yoast_head":"<!-- This site is optimized with the Yoast SEO plugin v27.4 - https:\/\/yoast.com\/product\/yoast-seo-wordpress\/ -->\n<title>Camilo y Luis Cort\u00e9s unen fuerzas en \u201cDesamarte\u201d<\/title>\n<meta name=\"description\" content=\"La colaboraci\u00f3n de Luis Cort\u00e9s con Camilo nace de una historia \u00edntima y sincera, perfecto para los amantes del pop emocional\" \/>\n<meta name=\"robots\" content=\"index, follow, max-snippet:-1, max-image-preview:large, max-video-preview:-1\" \/>\n<link rel=\"canonical\" href=\"https:\/\/unaymilletras.com\/en\/camilo-y-luis-cortes-unen-fuerzas-en-desamarte\/\" \/>\n<meta property=\"og:locale\" content=\"en_GB\" \/>\n<meta property=\"og:type\" content=\"article\" \/>\n<meta property=\"og:title\" content=\"Camilo y Luis Cort\u00e9s unen fuerzas en \u201cDesamarte\u201d\" \/>\n<meta property=\"og:description\" content=\"La colaboraci\u00f3n de Luis Cort\u00e9s con Camilo nace de una historia \u00edntima y sincera, perfecto para los amantes del pop emocional\" \/>\n<meta property=\"og:url\" content=\"https:\/\/unaymilletras.com\/en\/camilo-y-luis-cortes-unen-fuerzas-en-desamarte\/\" \/>\n<meta property=\"og:site_name\" content=\"Una y Mil Letras\" \/>\n<meta property=\"article:published_time\" content=\"2025-05-09T11:40:24+00:00\" \/>\n<meta property=\"article:modified_time\" content=\"2025-05-18T14:45:49+00:00\" \/>\n<meta property=\"og:image\" content=\"http:\/\/unaymilletras.com\/wp-content\/uploads\/2025\/05\/IMG_1940-scaled-e1746790749181.webp\" \/>\n\t<meta property=\"og:image:width\" content=\"600\" \/>\n\t<meta property=\"og:image:height\" content=\"400\" \/>\n\t<meta property=\"og:image:type\" content=\"image\/jpeg\" \/>\n<meta name=\"author\" content=\"Redacci\u00f3n\" \/>\n<meta name=\"twitter:card\" content=\"summary_large_image\" \/>\n<meta name=\"twitter:creator\" content=\"@UnaYMilLetras\" \/>\n<meta name=\"twitter:site\" content=\"@UnaYMilLetras\" \/>\n<meta name=\"twitter:label1\" content=\"Written by\" \/>\n\t<meta name=\"twitter:data1\" content=\"Redacci\u00f3n\" \/>\n\t<meta name=\"twitter:label2\" content=\"Estimated reading time\" \/>\n\t<meta name=\"twitter:data2\" content=\"2 minutes\" \/>\n<script type=\"application\/ld+json\" class=\"yoast-schema-graph\">{\"@context\":\"https:\\\/\\\/schema.org\",\"@graph\":[{\"@type\":\"Article\",\"@id\":\"https:\\\/\\\/unaymilletras.com\\\/camilo-y-luis-cortes-unen-fuerzas-en-desamarte\\\/#article\",\"isPartOf\":{\"@id\":\"https:\\\/\\\/unaymilletras.com\\\/camilo-y-luis-cortes-unen-fuerzas-en-desamarte\\\/\"},\"author\":{\"name\":\"Redacci\u00f3n\",\"@id\":\"http:\\\/\\\/unaymilletras.com\\\/#\\\/schema\\\/person\\\/0860dc8a218329991ee2c7591f4f849d\"},\"headline\":\"Camilo y Luis Cort\u00e9s unen fuerzas en \u201cDesamarte\u201d\",\"datePublished\":\"2025-05-09T11:40:24+00:00\",\"dateModified\":\"2025-05-18T14:45:49+00:00\",\"mainEntityOfPage\":{\"@id\":\"https:\\\/\\\/unaymilletras.com\\\/camilo-y-luis-cortes-unen-fuerzas-en-desamarte\\\/\"},\"wordCount\":336,\"publisher\":{\"@id\":\"http:\\\/\\\/unaymilletras.com\\\/#organization\"},\"image\":{\"@id\":\"https:\\\/\\\/unaymilletras.com\\\/camilo-y-luis-cortes-unen-fuerzas-en-desamarte\\\/#primaryimage\"},\"thumbnailUrl\":\"https:\\\/\\\/unaymilletras.com\\\/wp-content\\\/uploads\\\/2025\\\/05\\\/IMG_1940-scaled-e1746790749181.webp\",\"articleSection\":[\"M\u00fasica\"],\"inLanguage\":\"en-GB\"},{\"@type\":\"WebPage\",\"@id\":\"https:\\\/\\\/unaymilletras.com\\\/camilo-y-luis-cortes-unen-fuerzas-en-desamarte\\\/\",\"url\":\"https:\\\/\\\/unaymilletras.com\\\/camilo-y-luis-cortes-unen-fuerzas-en-desamarte\\\/\",\"name\":\"Camilo y Luis Cort\u00e9s unen fuerzas en \u201cDesamarte\u201d\",\"isPartOf\":{\"@id\":\"http:\\\/\\\/unaymilletras.com\\\/#website\"},\"primaryImageOfPage\":{\"@id\":\"https:\\\/\\\/unaymilletras.com\\\/camilo-y-luis-cortes-unen-fuerzas-en-desamarte\\\/#primaryimage\"},\"image\":{\"@id\":\"https:\\\/\\\/unaymilletras.com\\\/camilo-y-luis-cortes-unen-fuerzas-en-desamarte\\\/#primaryimage\"},\"thumbnailUrl\":\"https:\\\/\\\/unaymilletras.com\\\/wp-content\\\/uploads\\\/2025\\\/05\\\/IMG_1940-scaled-e1746790749181.webp\",\"datePublished\":\"2025-05-09T11:40:24+00:00\",\"dateModified\":\"2025-05-18T14:45:49+00:00\",\"description\":\"La colaboraci\u00f3n de Luis Cort\u00e9s con Camilo nace de una historia \u00edntima y sincera, perfecto para los amantes del pop emocional\",\"breadcrumb\":{\"@id\":\"https:\\\/\\\/unaymilletras.com\\\/camilo-y-luis-cortes-unen-fuerzas-en-desamarte\\\/#breadcrumb\"},\"inLanguage\":\"en-GB\",\"potentialAction\":[{\"@type\":\"ReadAction\",\"target\":[\"https:\\\/\\\/unaymilletras.com\\\/camilo-y-luis-cortes-unen-fuerzas-en-desamarte\\\/\"]}]},{\"@type\":\"ImageObject\",\"inLanguage\":\"en-GB\",\"@id\":\"https:\\\/\\\/unaymilletras.com\\\/camilo-y-luis-cortes-unen-fuerzas-en-desamarte\\\/#primaryimage\",\"url\":\"https:\\\/\\\/unaymilletras.com\\\/wp-content\\\/uploads\\\/2025\\\/05\\\/IMG_1940-scaled-e1746790749181.webp\",\"contentUrl\":\"https:\\\/\\\/unaymilletras.com\\\/wp-content\\\/uploads\\\/2025\\\/05\\\/IMG_1940-scaled-e1746790749181.webp\",\"width\":600,\"height\":400},{\"@type\":\"BreadcrumbList\",\"@id\":\"https:\\\/\\\/unaymilletras.com\\\/camilo-y-luis-cortes-unen-fuerzas-en-desamarte\\\/#breadcrumb\",\"itemListElement\":[{\"@type\":\"ListItem\",\"position\":1,\"name\":\"Home\",\"item\":\"http:\\\/\\\/unaymilletras.com\\\/\"},{\"@type\":\"ListItem\",\"position\":2,\"name\":\"Camilo y Luis Cort\u00e9s unen fuerzas en \u201cDesamarte\u201d\"}]},{\"@type\":\"WebSite\",\"@id\":\"http:\\\/\\\/unaymilletras.com\\\/#website\",\"url\":\"http:\\\/\\\/unaymilletras.com\\\/\",\"name\":\"Una y Mil Letras\",\"description\":\"\",\"publisher\":{\"@id\":\"http:\\\/\\\/unaymilletras.com\\\/#organization\"},\"potentialAction\":[{\"@type\":\"SearchAction\",\"target\":{\"@type\":\"EntryPoint\",\"urlTemplate\":\"http:\\\/\\\/unaymilletras.com\\\/?s={search_term_string}\"},\"query-input\":{\"@type\":\"PropertyValueSpecification\",\"valueRequired\":true,\"valueName\":\"search_term_string\"}}],\"inLanguage\":\"en-GB\"},{\"@type\":\"Organization\",\"@id\":\"http:\\\/\\\/unaymilletras.com\\\/#organization\",\"name\":\"Una y Mil Letras\",\"url\":\"http:\\\/\\\/unaymilletras.com\\\/\",\"logo\":{\"@type\":\"ImageObject\",\"inLanguage\":\"en-GB\",\"@id\":\"http:\\\/\\\/unaymilletras.com\\\/#\\\/schema\\\/logo\\\/image\\\/\",\"url\":\"https:\\\/\\\/unaymilletras.com\\\/wp-content\\\/uploads\\\/2024\\\/06\\\/cropped-Logo-removebg-preview.png\",\"contentUrl\":\"https:\\\/\\\/unaymilletras.com\\\/wp-content\\\/uploads\\\/2024\\\/06\\\/cropped-Logo-removebg-preview.png\",\"width\":512,\"height\":512,\"caption\":\"Una y Mil Letras\"},\"image\":{\"@id\":\"http:\\\/\\\/unaymilletras.com\\\/#\\\/schema\\\/logo\\\/image\\\/\"},\"sameAs\":[\"https:\\\/\\\/x.com\\\/UnaYMilLetras\",\"https:\\\/\\\/instagram.com\\\/UnaYMilLetras\"]},{\"@type\":\"Person\",\"@id\":\"http:\\\/\\\/unaymilletras.com\\\/#\\\/schema\\\/person\\\/0860dc8a218329991ee2c7591f4f849d\",\"name\":\"Redacci\u00f3n\",\"image\":{\"@type\":\"ImageObject\",\"inLanguage\":\"en-GB\",\"@id\":\"https:\\\/\\\/secure.gravatar.com\\\/avatar\\\/d8f55e05a8b6597e45c55a1dcbdbfe44f4a360d88b48e00de5216a79b7732796?s=96&d=mm&r=g\",\"url\":\"https:\\\/\\\/secure.gravatar.com\\\/avatar\\\/d8f55e05a8b6597e45c55a1dcbdbfe44f4a360d88b48e00de5216a79b7732796?s=96&d=mm&r=g\",\"contentUrl\":\"https:\\\/\\\/secure.gravatar.com\\\/avatar\\\/d8f55e05a8b6597e45c55a1dcbdbfe44f4a360d88b48e00de5216a79b7732796?s=96&d=mm&r=g\",\"caption\":\"Redacci\u00f3n\"},\"url\":\"https:\\\/\\\/unaymilletras.com\\\/en\\\/author\\\/redaccion\\\/\"}]}<\/script>\n<!-- \/ Yoast SEO plugin. -->","yoast_head_json":{"title":"Camilo y Luis Cort\u00e9s unen fuerzas en \u201cDesamarte\u201d","description":"La colaboraci\u00f3n de Luis Cort\u00e9s con Camilo nace de una historia \u00edntima y sincera, perfecto para los amantes del pop emocional","robots":{"index":"index","follow":"follow","max-snippet":"max-snippet:-1","max-image-preview":"max-image-preview:large","max-video-preview":"max-video-preview:-1"},"canonical":"https:\/\/unaymilletras.com\/en\/camilo-y-luis-cortes-unen-fuerzas-en-desamarte\/","og_locale":"en_GB","og_type":"article","og_title":"Camilo y Luis Cort\u00e9s unen fuerzas en \u201cDesamarte\u201d","og_description":"La colaboraci\u00f3n de Luis Cort\u00e9s con Camilo nace de una historia \u00edntima y sincera, perfecto para los amantes del pop emocional","og_url":"https:\/\/unaymilletras.com\/en\/camilo-y-luis-cortes-unen-fuerzas-en-desamarte\/","og_site_name":"Una y Mil Letras","article_published_time":"2025-05-09T11:40:24+00:00","article_modified_time":"2025-05-18T14:45:49+00:00","og_image":[{"width":600,"height":400,"url":"http:\/\/unaymilletras.com\/wp-content\/uploads\/2025\/05\/IMG_1940-scaled-e1746790749181.webp","type":"image\/jpeg"}],"author":"Redacci\u00f3n","twitter_card":"summary_large_image","twitter_creator":"@UnaYMilLetras","twitter_site":"@UnaYMilLetras","twitter_misc":{"Written by":"Redacci\u00f3n","Estimated reading time":"2 minutes"},"schema":{"@context":"https:\/\/schema.org","@graph":[{"@type":"Article","@id":"https:\/\/unaymilletras.com\/camilo-y-luis-cortes-unen-fuerzas-en-desamarte\/#article","isPartOf":{"@id":"https:\/\/unaymilletras.com\/camilo-y-luis-cortes-unen-fuerzas-en-desamarte\/"},"author":{"name":"Redacci\u00f3n","@id":"http:\/\/unaymilletras.com\/#\/schema\/person\/0860dc8a218329991ee2c7591f4f849d"},"headline":"Camilo y Luis Cort\u00e9s unen fuerzas en \u201cDesamarte\u201d","datePublished":"2025-05-09T11:40:24+00:00","dateModified":"2025-05-18T14:45:49+00:00","mainEntityOfPage":{"@id":"https:\/\/unaymilletras.com\/camilo-y-luis-cortes-unen-fuerzas-en-desamarte\/"},"wordCount":336,"publisher":{"@id":"http:\/\/unaymilletras.com\/#organization"},"image":{"@id":"https:\/\/unaymilletras.com\/camilo-y-luis-cortes-unen-fuerzas-en-desamarte\/#primaryimage"},"thumbnailUrl":"https:\/\/unaymilletras.com\/wp-content\/uploads\/2025\/05\/IMG_1940-scaled-e1746790749181.webp","articleSection":["M\u00fasica"],"inLanguage":"en-GB"},{"@type":"WebPage","@id":"https:\/\/unaymilletras.com\/camilo-y-luis-cortes-unen-fuerzas-en-desamarte\/","url":"https:\/\/unaymilletras.com\/camilo-y-luis-cortes-unen-fuerzas-en-desamarte\/","name":"Camilo y Luis Cort\u00e9s unen fuerzas en \u201cDesamarte\u201d","isPartOf":{"@id":"http:\/\/unaymilletras.com\/#website"},"primaryImageOfPage":{"@id":"https:\/\/unaymilletras.com\/camilo-y-luis-cortes-unen-fuerzas-en-desamarte\/#primaryimage"},"image":{"@id":"https:\/\/unaymilletras.com\/camilo-y-luis-cortes-unen-fuerzas-en-desamarte\/#primaryimage"},"thumbnailUrl":"https:\/\/unaymilletras.com\/wp-content\/uploads\/2025\/05\/IMG_1940-scaled-e1746790749181.webp","datePublished":"2025-05-09T11:40:24+00:00","dateModified":"2025-05-18T14:45:49+00:00","description":"La colaboraci\u00f3n de Luis Cort\u00e9s con Camilo nace de una historia \u00edntima y sincera, perfecto para los amantes del pop emocional","breadcrumb":{"@id":"https:\/\/unaymilletras.com\/camilo-y-luis-cortes-unen-fuerzas-en-desamarte\/#breadcrumb"},"inLanguage":"en-GB","potentialAction":[{"@type":"ReadAction","target":["https:\/\/unaymilletras.com\/camilo-y-luis-cortes-unen-fuerzas-en-desamarte\/"]}]},{"@type":"ImageObject","inLanguage":"en-GB","@id":"https:\/\/unaymilletras.com\/camilo-y-luis-cortes-unen-fuerzas-en-desamarte\/#primaryimage","url":"https:\/\/unaymilletras.com\/wp-content\/uploads\/2025\/05\/IMG_1940-scaled-e1746790749181.webp","contentUrl":"https:\/\/unaymilletras.com\/wp-content\/uploads\/2025\/05\/IMG_1940-scaled-e1746790749181.webp","width":600,"height":400},{"@type":"BreadcrumbList","@id":"https:\/\/unaymilletras.com\/camilo-y-luis-cortes-unen-fuerzas-en-desamarte\/#breadcrumb","itemListElement":[{"@type":"ListItem","position":1,"name":"Home","item":"http:\/\/unaymilletras.com\/"},{"@type":"ListItem","position":2,"name":"Camilo y Luis Cort\u00e9s unen fuerzas en \u201cDesamarte\u201d"}]},{"@type":"WebSite","@id":"http:\/\/unaymilletras.com\/#website","url":"http:\/\/unaymilletras.com\/","name":"Una y Mil Letras","description":"","publisher":{"@id":"http:\/\/unaymilletras.com\/#organization"},"potentialAction":[{"@type":"SearchAction","target":{"@type":"EntryPoint","urlTemplate":"http:\/\/unaymilletras.com\/?s={search_term_string}"},"query-input":{"@type":"PropertyValueSpecification","valueRequired":true,"valueName":"search_term_string"}}],"inLanguage":"en-GB"},{"@type":"Organization","@id":"http:\/\/unaymilletras.com\/#organization","name":"Una y Mil Letras","url":"http:\/\/unaymilletras.com\/","logo":{"@type":"ImageObject","inLanguage":"en-GB","@id":"http:\/\/unaymilletras.com\/#\/schema\/logo\/image\/","url":"https:\/\/unaymilletras.com\/wp-content\/uploads\/2024\/06\/cropped-Logo-removebg-preview.png","contentUrl":"https:\/\/unaymilletras.com\/wp-content\/uploads\/2024\/06\/cropped-Logo-removebg-preview.png","width":512,"height":512,"caption":"Una y Mil Letras"},"image":{"@id":"http:\/\/unaymilletras.com\/#\/schema\/logo\/image\/"},"sameAs":["https:\/\/x.com\/UnaYMilLetras","https:\/\/instagram.com\/UnaYMilLetras"]},{"@type":"Person","@id":"http:\/\/unaymilletras.com\/#\/schema\/person\/0860dc8a218329991ee2c7591f4f849d","name":"Redacci\u00f3n","image":{"@type":"ImageObject","inLanguage":"en-GB","@id":"https:\/\/secure.gravatar.com\/avatar\/d8f55e05a8b6597e45c55a1dcbdbfe44f4a360d88b48e00de5216a79b7732796?s=96&d=mm&r=g","url":"https:\/\/secure.gravatar.com\/avatar\/d8f55e05a8b6597e45c55a1dcbdbfe44f4a360d88b48e00de5216a79b7732796?s=96&d=mm&r=g","contentUrl":"https:\/\/secure.gravatar.com\/avatar\/d8f55e05a8b6597e45c55a1dcbdbfe44f4a360d88b48e00de5216a79b7732796?s=96&d=mm&r=g","caption":"Redacci\u00f3n"},"url":"https:\/\/unaymilletras.com\/en\/author\/redaccion\/"}]}},"_links":{"self":[{"href":"https:\/\/unaymilletras.com\/en\/wp-json\/wp\/v2\/posts\/4583","targetHints":{"allow":["GET"]}}],"collection":[{"href":"https:\/\/unaymilletras.com\/en\/wp-json\/wp\/v2\/posts"}],"about":[{"href":"https:\/\/unaymilletras.com\/en\/wp-json\/wp\/v2\/types\/post"}],"author":[{"embeddable":true,"href":"https:\/\/unaymilletras.com\/en\/wp-json\/wp\/v2\/users\/6"}],"replies":[{"embeddable":true,"href":"https:\/\/unaymilletras.com\/en\/wp-json\/wp\/v2\/comments?post=4583"}],"version-history":[{"count":8,"href":"https:\/\/unaymilletras.com\/en\/wp-json\/wp\/v2\/posts\/4583\/revisions"}],"predecessor-version":[{"id":4708,"href":"https:\/\/unaymilletras.com\/en\/wp-json\/wp\/v2\/posts\/4583\/revisions\/4708"}],"wp:featuredmedia":[{"embeddable":true,"href":"https:\/\/unaymilletras.com\/en\/wp-json\/wp\/v2\/media\/4585"}],"wp:attachment":[{"href":"https:\/\/unaymilletras.com\/en\/wp-json\/wp\/v2\/media?parent=4583"}],"wp:term":[{"taxonomy":"category","embeddable":true,"href":"https:\/\/unaymilletras.com\/en\/wp-json\/wp\/v2\/categories?post=4583"},{"taxonomy":"post_tag","embeddable":true,"href":"https:\/\/unaymilletras.com\/en\/wp-json\/wp\/v2\/tags?post=4583"}],"curies":[{"name":"wp","href":"https:\/\/api.w.org\/{rel}","templated":true}]}}