{"id":4592,"date":"2025-05-09T16:00:00","date_gmt":"2025-05-09T14:00:00","guid":{"rendered":"https:\/\/unaymilletras.com\/?p=4592"},"modified":"2025-05-18T16:45:40","modified_gmt":"2025-05-18T14:45:40","slug":"aitana-anuncia-cuarto-azul-su-album-mas-intimo-y-global-hasta-ahora","status":"publish","type":"post","link":"https:\/\/unaymilletras.com\/en\/aitana-anuncia-cuarto-azul-su-album-mas-intimo-y-global-hasta-ahora\/","title":{"rendered":"Aitana anuncia Cuarto Azul, su \u00e1lbum m\u00e1s \u00edntimo y global hasta ahora"},"content":{"rendered":"<div data-elementor-type=\"wp-post\" data-elementor-id=\"4592\" class=\"elementor elementor-4592\">\n\t\t\t\t\t\t<section class=\"elementor-section elementor-top-section elementor-element elementor-element-14f3eb8 elementor-section-boxed elementor-section-height-default elementor-section-height-default\" data-id=\"14f3eb8\" data-element_type=\"section\" data-e-type=\"section\">\n\t\t\t\t\t\t<div class=\"elementor-container elementor-column-gap-default\">\n\t\t\t\t\t<div class=\"elementor-column elementor-col-100 elementor-top-column elementor-element elementor-element-6abe6e1\" data-id=\"6abe6e1\" data-element_type=\"column\" data-e-type=\"column\">\n\t\t\t<div class=\"elementor-widget-wrap elementor-element-populated\">\n\t\t\t\t\t\t<div class=\"elementor-element elementor-element-255afbd elementor-widget elementor-widget-text-editor\" data-id=\"255afbd\" data-element_type=\"widget\" data-e-type=\"widget\" data-widget_type=\"text-editor.default\">\n\t\t\t\t<div class=\"elementor-widget-container\">\n\t\t\t\t\t\t\t\t\t<h2 style=\"text-align: center;\"><span style=\"color: #808080;\"><em>El nuevo disco de Aitana ver\u00e1 la luz el pr\u00f3ximo 30 de mayo con colaboraciones y una fusi\u00f3n sonora centrada en el pop<\/em><\/span><\/h2>\t\t\t\t\t\t\t\t<\/div>\n\t\t\t\t<\/div>\n\t\t\t\t\t<\/div>\n\t\t<\/div>\n\t\t\t\t\t<\/div>\n\t\t<\/section>\n\t\t\t\t<section class=\"elementor-section elementor-top-section elementor-element elementor-element-a61e2b7 elementor-section-boxed elementor-section-height-default elementor-section-height-default\" data-id=\"a61e2b7\" data-element_type=\"section\" data-e-type=\"section\">\n\t\t\t\t\t\t<div class=\"elementor-container elementor-column-gap-default\">\n\t\t\t\t\t<div class=\"elementor-column elementor-col-100 elementor-top-column elementor-element elementor-element-1804edf\" data-id=\"1804edf\" data-element_type=\"column\" data-e-type=\"column\">\n\t\t\t<div class=\"elementor-widget-wrap elementor-element-populated\">\n\t\t\t\t\t\t<div class=\"elementor-element elementor-element-5e2f648 elementor-widget elementor-widget-text-editor\" data-id=\"5e2f648\" data-element_type=\"widget\" data-e-type=\"widget\" data-widget_type=\"text-editor.default\">\n\t\t\t\t<div class=\"elementor-widget-container\">\n\t\t\t\t\t\t\t\t\t<p data-start=\"322\" data-end=\"682\">Aitana acaba de anunciar el lanzamiento de su cuarto \u00e1lbum de estudio, <em data-start=\"393\" data-end=\"406\">Cuarto Azul<\/em>, un proyecto que promete ser el m\u00e1s personal y ambicioso de su carrera. El disco estar\u00e1 disponible a partir del <strong data-start=\"519\" data-end=\"533\">30 de mayo<\/strong> en plataformas digitales y en formato f\u00edsico, y desde este viernes 9 de mayo a las 19:00h CET estar\u00e1 disponible en preventa exclusiva para sus fans.<\/p>\t\t\t\t\t\t\t\t<\/div>\n\t\t\t\t<\/div>\n\t\t\t\t\t<\/div>\n\t\t<\/div>\n\t\t\t\t\t<\/div>\n\t\t<\/section>\n\t\t\t\t<section class=\"elementor-section elementor-top-section elementor-element elementor-element-fc552d0 elementor-section-boxed elementor-section-height-default elementor-section-height-default\" data-id=\"fc552d0\" data-element_type=\"section\" data-e-type=\"section\">\n\t\t\t\t\t\t<div class=\"elementor-container elementor-column-gap-default\">\n\t\t\t\t\t<div class=\"elementor-column elementor-col-100 elementor-top-column elementor-element elementor-element-7eb0899\" data-id=\"7eb0899\" data-element_type=\"column\" data-e-type=\"column\">\n\t\t\t<div class=\"elementor-widget-wrap elementor-element-populated\">\n\t\t\t\t\t\t<div class=\"elementor-element elementor-element-090e866 elementor-widget elementor-widget-image\" data-id=\"090e866\" data-element_type=\"widget\" data-e-type=\"widget\" data-widget_type=\"image.default\">\n\t\t\t\t<div class=\"elementor-widget-container\">\n\t\t\t\t\t\t\t\t\t\t\t\t\t\t\t<img fetchpriority=\"high\" decoding=\"async\" width=\"640\" height=\"360\" src=\"https:\/\/unaymilletras.com\/wp-content\/uploads\/2025\/05\/aitana.webp\" class=\"attachment-large size-large wp-image-4594\" alt=\"Aitana\" srcset=\"https:\/\/unaymilletras.com\/wp-content\/uploads\/2025\/05\/aitana.webp 686w, https:\/\/unaymilletras.com\/wp-content\/uploads\/2025\/05\/aitana-300x169.webp 300w, https:\/\/unaymilletras.com\/wp-content\/uploads\/2025\/05\/aitana-18x10.webp 18w\" sizes=\"(max-width: 640px) 100vw, 640px\" \/>\t\t\t\t\t\t\t\t\t\t\t\t\t\t\t<\/div>\n\t\t\t\t<\/div>\n\t\t\t\t\t<\/div>\n\t\t<\/div>\n\t\t\t\t\t<\/div>\n\t\t<\/section>\n\t\t\t\t<section class=\"elementor-section elementor-top-section elementor-element elementor-element-153fd44 elementor-section-boxed elementor-section-height-default elementor-section-height-default\" data-id=\"153fd44\" data-element_type=\"section\" data-e-type=\"section\">\n\t\t\t\t\t\t<div class=\"elementor-container elementor-column-gap-default\">\n\t\t\t\t\t<div class=\"elementor-column elementor-col-100 elementor-top-column elementor-element elementor-element-7a158b2\" data-id=\"7a158b2\" data-element_type=\"column\" data-e-type=\"column\">\n\t\t\t<div class=\"elementor-widget-wrap elementor-element-populated\">\n\t\t\t\t\t\t<div class=\"elementor-element elementor-element-c7c7fd9 elementor-widget elementor-widget-text-editor\" data-id=\"c7c7fd9\" data-element_type=\"widget\" data-e-type=\"widget\" data-widget_type=\"text-editor.default\">\n\t\t\t\t<div class=\"elementor-widget-container\">\n\t\t\t\t\t\t\t\t\t<p data-start=\"684\" data-end=\"1170\">Descrito como su trabajo m\u00e1s internacional y a la vez m\u00e1s \u00edntimo, <em data-start=\"750\" data-end=\"763\">Cuarto Azul<\/em> es una ventana a su universo emocional. Aitana presenta este nuevo \u00e1lbum como un espacio donde \u201cla oscuridad y la luz se entrelazan\u201d, reflejando las m\u00faltiples facetas que la han forjado tanto como artista como mujer. Con un total de <strong data-start=\"997\" data-end=\"1013\">19 canciones<\/strong>, el \u00e1lbum incluye los sencillos ya conocidos por el p\u00fablico como <em data-start=\"1079\" data-end=\"1093\">6 de febrero<\/em>, <em data-start=\"1095\" data-end=\"1112\">Segundo intento<\/em> y <em data-start=\"1115\" data-end=\"1136\">Sentimiento natural<\/em>, este \u00faltimo junto a <span style=\"color: #808080;\"><a style=\"color: #808080;\" href=\"https:\/\/unaymilletras.com\/en\/aitana-y-myke-towers-unen-fuerzas-y-estilos-en-sentimiento-natural\/\">Myke Towers<\/a><\/span>.<\/p><p data-start=\"1172\" data-end=\"1558\">A nivel musical, Aitana apuesta una vez m\u00e1s por el pop como eje central, pero esta vez con una fusi\u00f3n m\u00e1s rica de sonidos que atraviesan varias d\u00e9cadas. Su evoluci\u00f3n desde <em data-start=\"1344\" data-end=\"1353\">Spoiler<\/em> (2019), <em data-start=\"1362\" data-end=\"1374\">11 Razones<\/em> (2020) y <em data-start=\"1384\" data-end=\"1391\">Alpha<\/em> (2023) ha sido constante, hasta consolidarse como una voz generacional que combina autenticidad, carisma y una habilidad innata para conectar con millones de oyentes.<\/p>\t\t\t\t\t\t\t\t<\/div>\n\t\t\t\t<\/div>\n\t\t\t\t\t<\/div>\n\t\t<\/div>\n\t\t\t\t\t<\/div>\n\t\t<\/section>\n\t\t\t\t<section class=\"elementor-section elementor-top-section elementor-element elementor-element-3a09791 elementor-section-boxed elementor-section-height-default elementor-section-height-default\" data-id=\"3a09791\" data-element_type=\"section\" data-e-type=\"section\">\n\t\t\t\t\t\t<div class=\"elementor-container elementor-column-gap-default\">\n\t\t\t\t\t<div class=\"elementor-column elementor-col-100 elementor-top-column elementor-element elementor-element-1f79a3c\" data-id=\"1f79a3c\" data-element_type=\"column\" data-e-type=\"column\">\n\t\t\t<div class=\"elementor-widget-wrap elementor-element-populated\">\n\t\t\t\t\t\t<div class=\"elementor-element elementor-element-996b4dc elementor-widget elementor-widget-video\" data-id=\"996b4dc\" data-element_type=\"widget\" data-e-type=\"widget\" data-settings=\"{&quot;youtube_url&quot;:&quot;https:\\\/\\\/www.youtube.com\\\/watch?v=7csX6CfgMoo&amp;ab_channel=AitanaVEVO&quot;,&quot;video_type&quot;:&quot;youtube&quot;,&quot;controls&quot;:&quot;yes&quot;}\" data-widget_type=\"video.default\">\n\t\t\t\t<div class=\"elementor-widget-container\">\n\t\t\t\t\t\t\t<div class=\"elementor-wrapper elementor-open-inline\">\n\t\t\t<div class=\"elementor-video\"><\/div>\t\t<\/div>\n\t\t\t\t\t\t<\/div>\n\t\t\t\t<\/div>\n\t\t\t\t\t<\/div>\n\t\t<\/div>\n\t\t\t\t\t<\/div>\n\t\t<\/section>\n\t\t\t\t<section class=\"elementor-section elementor-top-section elementor-element elementor-element-3f38e18 elementor-section-boxed elementor-section-height-default elementor-section-height-default\" data-id=\"3f38e18\" data-element_type=\"section\" data-e-type=\"section\">\n\t\t\t\t\t\t<div class=\"elementor-container elementor-column-gap-default\">\n\t\t\t\t\t<div class=\"elementor-column elementor-col-100 elementor-top-column elementor-element elementor-element-6408fb8\" data-id=\"6408fb8\" data-element_type=\"column\" data-e-type=\"column\">\n\t\t\t<div class=\"elementor-widget-wrap elementor-element-populated\">\n\t\t\t\t\t\t<div class=\"elementor-element elementor-element-3dc2340 elementor-widget elementor-widget-text-editor\" data-id=\"3dc2340\" data-element_type=\"widget\" data-e-type=\"widget\" data-widget_type=\"text-editor.default\">\n\t\t\t\t<div class=\"elementor-widget-container\">\n\t\t\t\t\t\t\t\t\t<p data-start=\"1560\" data-end=\"1928\">La artista catalana, que se encuentra en uno de los momentos m\u00e1s s\u00f3lidos de su carrera, da as\u00ed un nuevo paso hacia la consolidaci\u00f3n de un sonido propio y sin fronteras. <em data-start=\"1729\" data-end=\"1742\">Cuarto Azul<\/em> no solo supone una nueva etapa musical, sino tambi\u00e9n una declaraci\u00f3n art\u00edstica que promete emocionar, sorprender y reafirmar a Aitana como una de las grandes figuras del pop en espa\u00f1ol.<\/p><p data-start=\"1930\" data-end=\"2065\" data-is-last-node=\"\" data-is-only-node=\"\">El 30 de mayo ser\u00e1 el momento de entrar en ese cuarto azul y descubrir qu\u00e9 nuevas historias, sonidos y emociones guarda esta nueva era.<\/p>\t\t\t\t\t\t\t\t<\/div>\n\t\t\t\t<\/div>\n\t\t\t\t\t<\/div>\n\t\t<\/div>\n\t\t\t\t\t<\/div>\n\t\t<\/section>\n\t\t\t\t<\/div>","protected":false},"excerpt":{"rendered":"<p>El nuevo disco de Aitana ver\u00e1 la luz el pr\u00f3ximo 30 de mayo con colaboraciones y una fusi\u00f3n sonora centrada en el pop Aitana acaba de anunciar el lanzamiento de su cuarto \u00e1lbum de estudio, Cuarto Azul, un proyecto que promete ser el m\u00e1s personal y ambicioso de su carrera. El disco estar\u00e1 disponible a [&hellip;]<\/p>\n","protected":false},"author":6,"featured_media":4594,"comment_status":"closed","ping_status":"closed","sticky":false,"template":"","format":"standard","meta":{"footnotes":""},"categories":[4],"tags":[],"class_list":["post-4592","post","type-post","status-publish","format-standard","has-post-thumbnail","hentry","category-musica"],"yoast_head":"<!-- This site is optimized with the Yoast SEO plugin v27.4 - https:\/\/yoast.com\/product\/yoast-seo-wordpress\/ -->\n<title>Aitana anuncia Cuarto Azul, su \u00e1lbum m\u00e1s \u00edntimo y global hasta ahora<\/title>\n<meta name=\"description\" content=\"El nuevo disco de Aitana ver\u00e1 la luz el pr\u00f3ximo 30 de mayo con 19 canciones, incluyendo colaboraciones y una fusi\u00f3n sonora centrada en el pop\" \/>\n<meta name=\"robots\" content=\"index, follow, max-snippet:-1, max-image-preview:large, max-video-preview:-1\" \/>\n<link rel=\"canonical\" href=\"https:\/\/unaymilletras.com\/en\/aitana-anuncia-cuarto-azul-su-album-mas-intimo-y-global-hasta-ahora\/\" \/>\n<meta property=\"og:locale\" content=\"en_GB\" \/>\n<meta property=\"og:type\" content=\"article\" \/>\n<meta property=\"og:title\" content=\"Aitana anuncia Cuarto Azul, su \u00e1lbum m\u00e1s \u00edntimo y global hasta ahora\" \/>\n<meta property=\"og:description\" content=\"El nuevo disco de Aitana ver\u00e1 la luz el pr\u00f3ximo 30 de mayo con 19 canciones, incluyendo colaboraciones y una fusi\u00f3n sonora centrada en el pop\" \/>\n<meta property=\"og:url\" content=\"https:\/\/unaymilletras.com\/en\/aitana-anuncia-cuarto-azul-su-album-mas-intimo-y-global-hasta-ahora\/\" \/>\n<meta property=\"og:site_name\" content=\"Una y Mil Letras\" \/>\n<meta property=\"article:published_time\" content=\"2025-05-09T14:00:00+00:00\" \/>\n<meta property=\"article:modified_time\" content=\"2025-05-18T14:45:40+00:00\" \/>\n<meta property=\"og:image\" content=\"http:\/\/unaymilletras.com\/wp-content\/uploads\/2025\/05\/aitana.webp\" \/>\n\t<meta property=\"og:image:width\" content=\"686\" \/>\n\t<meta property=\"og:image:height\" content=\"386\" \/>\n\t<meta property=\"og:image:type\" content=\"image\/png\" \/>\n<meta name=\"author\" content=\"Redacci\u00f3n\" \/>\n<meta name=\"twitter:card\" content=\"summary_large_image\" \/>\n<meta name=\"twitter:creator\" content=\"@UnaYMilLetras\" \/>\n<meta name=\"twitter:site\" content=\"@UnaYMilLetras\" \/>\n<meta name=\"twitter:label1\" content=\"Written by\" \/>\n\t<meta name=\"twitter:data1\" content=\"Redacci\u00f3n\" \/>\n\t<meta name=\"twitter:label2\" content=\"Estimated reading time\" \/>\n\t<meta name=\"twitter:data2\" content=\"2 minutes\" \/>\n<script type=\"application\/ld+json\" class=\"yoast-schema-graph\">{\"@context\":\"https:\\\/\\\/schema.org\",\"@graph\":[{\"@type\":\"Article\",\"@id\":\"https:\\\/\\\/unaymilletras.com\\\/aitana-anuncia-cuarto-azul-su-album-mas-intimo-y-global-hasta-ahora\\\/#article\",\"isPartOf\":{\"@id\":\"https:\\\/\\\/unaymilletras.com\\\/aitana-anuncia-cuarto-azul-su-album-mas-intimo-y-global-hasta-ahora\\\/\"},\"author\":{\"name\":\"Redacci\u00f3n\",\"@id\":\"http:\\\/\\\/unaymilletras.com\\\/#\\\/schema\\\/person\\\/0860dc8a218329991ee2c7591f4f849d\"},\"headline\":\"Aitana anuncia Cuarto Azul, su \u00e1lbum m\u00e1s \u00edntimo y global hasta ahora\",\"datePublished\":\"2025-05-09T14:00:00+00:00\",\"dateModified\":\"2025-05-18T14:45:40+00:00\",\"mainEntityOfPage\":{\"@id\":\"https:\\\/\\\/unaymilletras.com\\\/aitana-anuncia-cuarto-azul-su-album-mas-intimo-y-global-hasta-ahora\\\/\"},\"wordCount\":350,\"publisher\":{\"@id\":\"http:\\\/\\\/unaymilletras.com\\\/#organization\"},\"image\":{\"@id\":\"https:\\\/\\\/unaymilletras.com\\\/aitana-anuncia-cuarto-azul-su-album-mas-intimo-y-global-hasta-ahora\\\/#primaryimage\"},\"thumbnailUrl\":\"https:\\\/\\\/unaymilletras.com\\\/wp-content\\\/uploads\\\/2025\\\/05\\\/aitana.webp\",\"articleSection\":[\"M\u00fasica\"],\"inLanguage\":\"en-GB\"},{\"@type\":\"WebPage\",\"@id\":\"https:\\\/\\\/unaymilletras.com\\\/aitana-anuncia-cuarto-azul-su-album-mas-intimo-y-global-hasta-ahora\\\/\",\"url\":\"https:\\\/\\\/unaymilletras.com\\\/aitana-anuncia-cuarto-azul-su-album-mas-intimo-y-global-hasta-ahora\\\/\",\"name\":\"Aitana anuncia Cuarto Azul, su \u00e1lbum m\u00e1s \u00edntimo y global hasta ahora\",\"isPartOf\":{\"@id\":\"http:\\\/\\\/unaymilletras.com\\\/#website\"},\"primaryImageOfPage\":{\"@id\":\"https:\\\/\\\/unaymilletras.com\\\/aitana-anuncia-cuarto-azul-su-album-mas-intimo-y-global-hasta-ahora\\\/#primaryimage\"},\"image\":{\"@id\":\"https:\\\/\\\/unaymilletras.com\\\/aitana-anuncia-cuarto-azul-su-album-mas-intimo-y-global-hasta-ahora\\\/#primaryimage\"},\"thumbnailUrl\":\"https:\\\/\\\/unaymilletras.com\\\/wp-content\\\/uploads\\\/2025\\\/05\\\/aitana.webp\",\"datePublished\":\"2025-05-09T14:00:00+00:00\",\"dateModified\":\"2025-05-18T14:45:40+00:00\",\"description\":\"El nuevo disco de Aitana ver\u00e1 la luz el pr\u00f3ximo 30 de mayo con 19 canciones, incluyendo colaboraciones y una fusi\u00f3n sonora centrada en el pop\",\"breadcrumb\":{\"@id\":\"https:\\\/\\\/unaymilletras.com\\\/aitana-anuncia-cuarto-azul-su-album-mas-intimo-y-global-hasta-ahora\\\/#breadcrumb\"},\"inLanguage\":\"en-GB\",\"potentialAction\":[{\"@type\":\"ReadAction\",\"target\":[\"https:\\\/\\\/unaymilletras.com\\\/aitana-anuncia-cuarto-azul-su-album-mas-intimo-y-global-hasta-ahora\\\/\"]}]},{\"@type\":\"ImageObject\",\"inLanguage\":\"en-GB\",\"@id\":\"https:\\\/\\\/unaymilletras.com\\\/aitana-anuncia-cuarto-azul-su-album-mas-intimo-y-global-hasta-ahora\\\/#primaryimage\",\"url\":\"https:\\\/\\\/unaymilletras.com\\\/wp-content\\\/uploads\\\/2025\\\/05\\\/aitana.webp\",\"contentUrl\":\"https:\\\/\\\/unaymilletras.com\\\/wp-content\\\/uploads\\\/2025\\\/05\\\/aitana.webp\",\"width\":686,\"height\":386,\"caption\":\"Aitana\"},{\"@type\":\"BreadcrumbList\",\"@id\":\"https:\\\/\\\/unaymilletras.com\\\/aitana-anuncia-cuarto-azul-su-album-mas-intimo-y-global-hasta-ahora\\\/#breadcrumb\",\"itemListElement\":[{\"@type\":\"ListItem\",\"position\":1,\"name\":\"Home\",\"item\":\"http:\\\/\\\/unaymilletras.com\\\/\"},{\"@type\":\"ListItem\",\"position\":2,\"name\":\"Aitana anuncia Cuarto Azul, su \u00e1lbum m\u00e1s \u00edntimo y global hasta ahora\"}]},{\"@type\":\"WebSite\",\"@id\":\"http:\\\/\\\/unaymilletras.com\\\/#website\",\"url\":\"http:\\\/\\\/unaymilletras.com\\\/\",\"name\":\"Una y Mil Letras\",\"description\":\"\",\"publisher\":{\"@id\":\"http:\\\/\\\/unaymilletras.com\\\/#organization\"},\"potentialAction\":[{\"@type\":\"SearchAction\",\"target\":{\"@type\":\"EntryPoint\",\"urlTemplate\":\"http:\\\/\\\/unaymilletras.com\\\/?s={search_term_string}\"},\"query-input\":{\"@type\":\"PropertyValueSpecification\",\"valueRequired\":true,\"valueName\":\"search_term_string\"}}],\"inLanguage\":\"en-GB\"},{\"@type\":\"Organization\",\"@id\":\"http:\\\/\\\/unaymilletras.com\\\/#organization\",\"name\":\"Una y Mil Letras\",\"url\":\"http:\\\/\\\/unaymilletras.com\\\/\",\"logo\":{\"@type\":\"ImageObject\",\"inLanguage\":\"en-GB\",\"@id\":\"http:\\\/\\\/unaymilletras.com\\\/#\\\/schema\\\/logo\\\/image\\\/\",\"url\":\"https:\\\/\\\/unaymilletras.com\\\/wp-content\\\/uploads\\\/2024\\\/06\\\/cropped-Logo-removebg-preview.png\",\"contentUrl\":\"https:\\\/\\\/unaymilletras.com\\\/wp-content\\\/uploads\\\/2024\\\/06\\\/cropped-Logo-removebg-preview.png\",\"width\":512,\"height\":512,\"caption\":\"Una y Mil Letras\"},\"image\":{\"@id\":\"http:\\\/\\\/unaymilletras.com\\\/#\\\/schema\\\/logo\\\/image\\\/\"},\"sameAs\":[\"https:\\\/\\\/x.com\\\/UnaYMilLetras\",\"https:\\\/\\\/instagram.com\\\/UnaYMilLetras\"]},{\"@type\":\"Person\",\"@id\":\"http:\\\/\\\/unaymilletras.com\\\/#\\\/schema\\\/person\\\/0860dc8a218329991ee2c7591f4f849d\",\"name\":\"Redacci\u00f3n\",\"image\":{\"@type\":\"ImageObject\",\"inLanguage\":\"en-GB\",\"@id\":\"https:\\\/\\\/secure.gravatar.com\\\/avatar\\\/d8f55e05a8b6597e45c55a1dcbdbfe44f4a360d88b48e00de5216a79b7732796?s=96&d=mm&r=g\",\"url\":\"https:\\\/\\\/secure.gravatar.com\\\/avatar\\\/d8f55e05a8b6597e45c55a1dcbdbfe44f4a360d88b48e00de5216a79b7732796?s=96&d=mm&r=g\",\"contentUrl\":\"https:\\\/\\\/secure.gravatar.com\\\/avatar\\\/d8f55e05a8b6597e45c55a1dcbdbfe44f4a360d88b48e00de5216a79b7732796?s=96&d=mm&r=g\",\"caption\":\"Redacci\u00f3n\"},\"url\":\"https:\\\/\\\/unaymilletras.com\\\/en\\\/author\\\/redaccion\\\/\"}]}<\/script>\n<!-- \/ Yoast SEO plugin. -->","yoast_head_json":{"title":"Aitana anuncia Cuarto Azul, su \u00e1lbum m\u00e1s \u00edntimo y global hasta ahora","description":"El nuevo disco de Aitana ver\u00e1 la luz el pr\u00f3ximo 30 de mayo con 19 canciones, incluyendo colaboraciones y una fusi\u00f3n sonora centrada en el pop","robots":{"index":"index","follow":"follow","max-snippet":"max-snippet:-1","max-image-preview":"max-image-preview:large","max-video-preview":"max-video-preview:-1"},"canonical":"https:\/\/unaymilletras.com\/en\/aitana-anuncia-cuarto-azul-su-album-mas-intimo-y-global-hasta-ahora\/","og_locale":"en_GB","og_type":"article","og_title":"Aitana anuncia Cuarto Azul, su \u00e1lbum m\u00e1s \u00edntimo y global hasta ahora","og_description":"El nuevo disco de Aitana ver\u00e1 la luz el pr\u00f3ximo 30 de mayo con 19 canciones, incluyendo colaboraciones y una fusi\u00f3n sonora centrada en el pop","og_url":"https:\/\/unaymilletras.com\/en\/aitana-anuncia-cuarto-azul-su-album-mas-intimo-y-global-hasta-ahora\/","og_site_name":"Una y Mil Letras","article_published_time":"2025-05-09T14:00:00+00:00","article_modified_time":"2025-05-18T14:45:40+00:00","og_image":[{"width":686,"height":386,"url":"http:\/\/unaymilletras.com\/wp-content\/uploads\/2025\/05\/aitana.webp","type":"image\/png"}],"author":"Redacci\u00f3n","twitter_card":"summary_large_image","twitter_creator":"@UnaYMilLetras","twitter_site":"@UnaYMilLetras","twitter_misc":{"Written by":"Redacci\u00f3n","Estimated reading time":"2 minutes"},"schema":{"@context":"https:\/\/schema.org","@graph":[{"@type":"Article","@id":"https:\/\/unaymilletras.com\/aitana-anuncia-cuarto-azul-su-album-mas-intimo-y-global-hasta-ahora\/#article","isPartOf":{"@id":"https:\/\/unaymilletras.com\/aitana-anuncia-cuarto-azul-su-album-mas-intimo-y-global-hasta-ahora\/"},"author":{"name":"Redacci\u00f3n","@id":"http:\/\/unaymilletras.com\/#\/schema\/person\/0860dc8a218329991ee2c7591f4f849d"},"headline":"Aitana anuncia Cuarto Azul, su \u00e1lbum m\u00e1s \u00edntimo y global hasta ahora","datePublished":"2025-05-09T14:00:00+00:00","dateModified":"2025-05-18T14:45:40+00:00","mainEntityOfPage":{"@id":"https:\/\/unaymilletras.com\/aitana-anuncia-cuarto-azul-su-album-mas-intimo-y-global-hasta-ahora\/"},"wordCount":350,"publisher":{"@id":"http:\/\/unaymilletras.com\/#organization"},"image":{"@id":"https:\/\/unaymilletras.com\/aitana-anuncia-cuarto-azul-su-album-mas-intimo-y-global-hasta-ahora\/#primaryimage"},"thumbnailUrl":"https:\/\/unaymilletras.com\/wp-content\/uploads\/2025\/05\/aitana.webp","articleSection":["M\u00fasica"],"inLanguage":"en-GB"},{"@type":"WebPage","@id":"https:\/\/unaymilletras.com\/aitana-anuncia-cuarto-azul-su-album-mas-intimo-y-global-hasta-ahora\/","url":"https:\/\/unaymilletras.com\/aitana-anuncia-cuarto-azul-su-album-mas-intimo-y-global-hasta-ahora\/","name":"Aitana anuncia Cuarto Azul, su \u00e1lbum m\u00e1s \u00edntimo y global hasta ahora","isPartOf":{"@id":"http:\/\/unaymilletras.com\/#website"},"primaryImageOfPage":{"@id":"https:\/\/unaymilletras.com\/aitana-anuncia-cuarto-azul-su-album-mas-intimo-y-global-hasta-ahora\/#primaryimage"},"image":{"@id":"https:\/\/unaymilletras.com\/aitana-anuncia-cuarto-azul-su-album-mas-intimo-y-global-hasta-ahora\/#primaryimage"},"thumbnailUrl":"https:\/\/unaymilletras.com\/wp-content\/uploads\/2025\/05\/aitana.webp","datePublished":"2025-05-09T14:00:00+00:00","dateModified":"2025-05-18T14:45:40+00:00","description":"El nuevo disco de Aitana ver\u00e1 la luz el pr\u00f3ximo 30 de mayo con 19 canciones, incluyendo colaboraciones y una fusi\u00f3n sonora centrada en el pop","breadcrumb":{"@id":"https:\/\/unaymilletras.com\/aitana-anuncia-cuarto-azul-su-album-mas-intimo-y-global-hasta-ahora\/#breadcrumb"},"inLanguage":"en-GB","potentialAction":[{"@type":"ReadAction","target":["https:\/\/unaymilletras.com\/aitana-anuncia-cuarto-azul-su-album-mas-intimo-y-global-hasta-ahora\/"]}]},{"@type":"ImageObject","inLanguage":"en-GB","@id":"https:\/\/unaymilletras.com\/aitana-anuncia-cuarto-azul-su-album-mas-intimo-y-global-hasta-ahora\/#primaryimage","url":"https:\/\/unaymilletras.com\/wp-content\/uploads\/2025\/05\/aitana.webp","contentUrl":"https:\/\/unaymilletras.com\/wp-content\/uploads\/2025\/05\/aitana.webp","width":686,"height":386,"caption":"Aitana"},{"@type":"BreadcrumbList","@id":"https:\/\/unaymilletras.com\/aitana-anuncia-cuarto-azul-su-album-mas-intimo-y-global-hasta-ahora\/#breadcrumb","itemListElement":[{"@type":"ListItem","position":1,"name":"Home","item":"http:\/\/unaymilletras.com\/"},{"@type":"ListItem","position":2,"name":"Aitana anuncia Cuarto Azul, su \u00e1lbum m\u00e1s \u00edntimo y global hasta ahora"}]},{"@type":"WebSite","@id":"http:\/\/unaymilletras.com\/#website","url":"http:\/\/unaymilletras.com\/","name":"Una y Mil Letras","description":"","publisher":{"@id":"http:\/\/unaymilletras.com\/#organization"},"potentialAction":[{"@type":"SearchAction","target":{"@type":"EntryPoint","urlTemplate":"http:\/\/unaymilletras.com\/?s={search_term_string}"},"query-input":{"@type":"PropertyValueSpecification","valueRequired":true,"valueName":"search_term_string"}}],"inLanguage":"en-GB"},{"@type":"Organization","@id":"http:\/\/unaymilletras.com\/#organization","name":"Una y Mil Letras","url":"http:\/\/unaymilletras.com\/","logo":{"@type":"ImageObject","inLanguage":"en-GB","@id":"http:\/\/unaymilletras.com\/#\/schema\/logo\/image\/","url":"https:\/\/unaymilletras.com\/wp-content\/uploads\/2024\/06\/cropped-Logo-removebg-preview.png","contentUrl":"https:\/\/unaymilletras.com\/wp-content\/uploads\/2024\/06\/cropped-Logo-removebg-preview.png","width":512,"height":512,"caption":"Una y Mil Letras"},"image":{"@id":"http:\/\/unaymilletras.com\/#\/schema\/logo\/image\/"},"sameAs":["https:\/\/x.com\/UnaYMilLetras","https:\/\/instagram.com\/UnaYMilLetras"]},{"@type":"Person","@id":"http:\/\/unaymilletras.com\/#\/schema\/person\/0860dc8a218329991ee2c7591f4f849d","name":"Redacci\u00f3n","image":{"@type":"ImageObject","inLanguage":"en-GB","@id":"https:\/\/secure.gravatar.com\/avatar\/d8f55e05a8b6597e45c55a1dcbdbfe44f4a360d88b48e00de5216a79b7732796?s=96&d=mm&r=g","url":"https:\/\/secure.gravatar.com\/avatar\/d8f55e05a8b6597e45c55a1dcbdbfe44f4a360d88b48e00de5216a79b7732796?s=96&d=mm&r=g","contentUrl":"https:\/\/secure.gravatar.com\/avatar\/d8f55e05a8b6597e45c55a1dcbdbfe44f4a360d88b48e00de5216a79b7732796?s=96&d=mm&r=g","caption":"Redacci\u00f3n"},"url":"https:\/\/unaymilletras.com\/en\/author\/redaccion\/"}]}},"_links":{"self":[{"href":"https:\/\/unaymilletras.com\/en\/wp-json\/wp\/v2\/posts\/4592","targetHints":{"allow":["GET"]}}],"collection":[{"href":"https:\/\/unaymilletras.com\/en\/wp-json\/wp\/v2\/posts"}],"about":[{"href":"https:\/\/unaymilletras.com\/en\/wp-json\/wp\/v2\/types\/post"}],"author":[{"embeddable":true,"href":"https:\/\/unaymilletras.com\/en\/wp-json\/wp\/v2\/users\/6"}],"replies":[{"embeddable":true,"href":"https:\/\/unaymilletras.com\/en\/wp-json\/wp\/v2\/comments?post=4592"}],"version-history":[{"count":5,"href":"https:\/\/unaymilletras.com\/en\/wp-json\/wp\/v2\/posts\/4592\/revisions"}],"predecessor-version":[{"id":4707,"href":"https:\/\/unaymilletras.com\/en\/wp-json\/wp\/v2\/posts\/4592\/revisions\/4707"}],"wp:featuredmedia":[{"embeddable":true,"href":"https:\/\/unaymilletras.com\/en\/wp-json\/wp\/v2\/media\/4594"}],"wp:attachment":[{"href":"https:\/\/unaymilletras.com\/en\/wp-json\/wp\/v2\/media?parent=4592"}],"wp:term":[{"taxonomy":"category","embeddable":true,"href":"https:\/\/unaymilletras.com\/en\/wp-json\/wp\/v2\/categories?post=4592"},{"taxonomy":"post_tag","embeddable":true,"href":"https:\/\/unaymilletras.com\/en\/wp-json\/wp\/v2\/tags?post=4592"}],"curies":[{"name":"wp","href":"https:\/\/api.w.org\/{rel}","templated":true}]}}