{"id":4599,"date":"2025-05-12T10:14:32","date_gmt":"2025-05-12T08:14:32","guid":{"rendered":"https:\/\/unaymilletras.com\/?p=4599"},"modified":"2025-05-12T10:19:17","modified_gmt":"2025-05-12T08:19:17","slug":"kidd-keo-se-estrena-en-el-movistar-arena-en-un-ano-remarcable","status":"publish","type":"post","link":"https:\/\/unaymilletras.com\/en\/kidd-keo-se-estrena-en-el-movistar-arena-en-un-ano-remarcable\/","title":{"rendered":"Kidd Keo se estrena en el Movistar Arena en un a\u00f1o remarcable"},"content":{"rendered":"<div data-elementor-type=\"wp-post\" data-elementor-id=\"4599\" class=\"elementor elementor-4599\">\n\t\t\t\t\t\t<section class=\"elementor-section elementor-top-section elementor-element elementor-element-8010e2f elementor-section-boxed elementor-section-height-default elementor-section-height-default\" data-id=\"8010e2f\" data-element_type=\"section\" data-e-type=\"section\">\n\t\t\t\t\t\t<div class=\"elementor-container elementor-column-gap-default\">\n\t\t\t\t\t<div class=\"elementor-column elementor-col-100 elementor-top-column elementor-element elementor-element-1370fd1\" data-id=\"1370fd1\" data-element_type=\"column\" data-e-type=\"column\">\n\t\t\t<div class=\"elementor-widget-wrap elementor-element-populated\">\n\t\t\t\t\t\t<div class=\"elementor-element elementor-element-804054c elementor-widget elementor-widget-text-editor\" data-id=\"804054c\" data-element_type=\"widget\" data-e-type=\"widget\" data-widget_type=\"text-editor.default\">\n\t\t\t\t<div class=\"elementor-widget-container\">\n\t\t\t\t\t\t\t\t\t<h2 class=\"p1\" style=\"text-align: center;\"><span style=\"color: #808080;\"><i>Un nuevo hito que reafirma a Kidd Keo junto a su legi\u00f3n como el referente del trap en Espa\u00f1a<\/i><\/span><\/h2>\t\t\t\t\t\t\t\t<\/div>\n\t\t\t\t<\/div>\n\t\t\t\t\t<\/div>\n\t\t<\/div>\n\t\t\t\t\t<\/div>\n\t\t<\/section>\n\t\t\t\t<section class=\"elementor-section elementor-top-section elementor-element elementor-element-4b7a810 elementor-section-boxed elementor-section-height-default elementor-section-height-default\" data-id=\"4b7a810\" data-element_type=\"section\" data-e-type=\"section\">\n\t\t\t\t\t\t<div class=\"elementor-container elementor-column-gap-default\">\n\t\t\t\t\t<div class=\"elementor-column elementor-col-100 elementor-top-column elementor-element elementor-element-4b178cc\" data-id=\"4b178cc\" data-element_type=\"column\" data-e-type=\"column\">\n\t\t\t<div class=\"elementor-widget-wrap elementor-element-populated\">\n\t\t\t\t\t\t<div class=\"elementor-element elementor-element-9471855 elementor-widget elementor-widget-text-editor\" data-id=\"9471855\" data-element_type=\"widget\" data-e-type=\"widget\" data-widget_type=\"text-editor.default\">\n\t\t\t\t<div class=\"elementor-widget-container\">\n\t\t\t\t\t\t\t\t\t<p class=\"p1\">8 de mayo de 2025: una noche inolvidable tanto para <b>Kidd Keo<\/b> como para los m\u00e1s de 8.000 fans que le esperaban. Nada m\u00e1s entrar al recinto ya nos pod\u00edamos dar cuenta del gran espect\u00e1culo que \u00edbamos a presenciar al ver un coche sobre el gran escenario.<\/p><p class=\"p1\">El artista marcaba la diferencia desde antes de empezar al show. Los minutos previos al inicio, empezaron a mostrar el backstage y c\u00f3mo recorr\u00eda los pasillos del Movistar Arena hacia el escenario. Un peque\u00f1o detalle que hizo mucho m\u00e1s amena la espera.<\/p>\t\t\t\t\t\t\t\t<\/div>\n\t\t\t\t<\/div>\n\t\t\t\t\t<\/div>\n\t\t<\/div>\n\t\t\t\t\t<\/div>\n\t\t<\/section>\n\t\t\t\t<section class=\"elementor-section elementor-top-section elementor-element elementor-element-7ee4db3 elementor-section-boxed elementor-section-height-default elementor-section-height-default\" data-id=\"7ee4db3\" data-element_type=\"section\" data-e-type=\"section\">\n\t\t\t\t\t\t<div class=\"elementor-container elementor-column-gap-default\">\n\t\t\t\t\t<div class=\"elementor-column elementor-col-50 elementor-top-column elementor-element elementor-element-258d879\" data-id=\"258d879\" data-element_type=\"column\" data-e-type=\"column\">\n\t\t\t<div class=\"elementor-widget-wrap elementor-element-populated\">\n\t\t\t\t\t\t<div class=\"elementor-element elementor-element-6920ce3 elementor-widget elementor-widget-text-editor\" data-id=\"6920ce3\" data-element_type=\"widget\" data-e-type=\"widget\" data-widget_type=\"text-editor.default\">\n\t\t\t\t<div class=\"elementor-widget-container\">\n\t\t\t\t\t\t\t\t\t<blockquote><p>\u201cEn cuanto a conciertos posiblemente este sea el a\u00f1o m\u00e1s importante de mi carrera. Es mi primer Movistar\u201d, se sinceraba el alicantino a mitad de concierto<\/p><\/blockquote>\t\t\t\t\t\t\t\t<\/div>\n\t\t\t\t<\/div>\n\t\t\t\t\t<\/div>\n\t\t<\/div>\n\t\t\t\t<div class=\"elementor-column elementor-col-50 elementor-top-column elementor-element elementor-element-5dad582\" data-id=\"5dad582\" data-element_type=\"column\" data-e-type=\"column\">\n\t\t\t<div class=\"elementor-widget-wrap elementor-element-populated\">\n\t\t\t\t\t\t<div class=\"elementor-element elementor-element-2a565c5 elementor-widget elementor-widget-text-editor\" data-id=\"2a565c5\" data-element_type=\"widget\" data-e-type=\"widget\" data-widget_type=\"text-editor.default\">\n\t\t\t\t<div class=\"elementor-widget-container\">\n\t\t\t\t\t\t\t\t\t<p>El show empez\u00f3 de forma puntual cuando, en cuanto a las 21h los asistentes comenzaban a gritar su nombre. Los \u00e9xitos de Kidd Keo sonaron por todo el recinto poniendo a todos los fans a saltar, no importaba si estaban en pista o en grada. Un recorrido por sus 10 a\u00f1os de carrera que no dejaron indiferente a nada.<\/p>\t\t\t\t\t\t\t\t<\/div>\n\t\t\t\t<\/div>\n\t\t\t\t\t<\/div>\n\t\t<\/div>\n\t\t\t\t\t<\/div>\n\t\t<\/section>\n\t\t\t\t<section class=\"elementor-section elementor-top-section elementor-element elementor-element-296e05f elementor-section-boxed elementor-section-height-default elementor-section-height-default\" data-id=\"296e05f\" data-element_type=\"section\" data-e-type=\"section\">\n\t\t\t\t\t\t<div class=\"elementor-container elementor-column-gap-default\">\n\t\t\t\t\t<div class=\"elementor-column elementor-col-100 elementor-top-column elementor-element elementor-element-9fb6181\" data-id=\"9fb6181\" data-element_type=\"column\" data-e-type=\"column\">\n\t\t\t<div class=\"elementor-widget-wrap elementor-element-populated\">\n\t\t\t\t\t\t<div class=\"elementor-element elementor-element-0577d06 elementor-widget elementor-widget-text-editor\" data-id=\"0577d06\" data-element_type=\"widget\" data-e-type=\"widget\" data-widget_type=\"text-editor.default\">\n\t\t\t\t<div class=\"elementor-widget-container\">\n\t\t\t\t\t\t\t\t\t<p class=\"p1\">Una botella de alcohol, bailarinas de pole dance y mucha conversaci\u00f3n con el p\u00fablico. Sin duda, si no fuese cantante, podr\u00eda ser c\u00f3mico. Kidd Keo no paraba de interactuar con los asistentes. Una peque\u00f1a bronca a algunos presentes que no paraban de pedirle v\u00eddeos y muchas pausas para darle agua a todos aquellos que no se encontraban bien. Tuvo que detenerlo tantas veces que se vio obligado a recortar cinco canciones del setlist.<\/p>\n<p class=\"p1\">El concierto se dividi\u00f3 en dos etapas. La primera de ellas fue m\u00e1s tranquila e incluy\u00f3 temas como <i>Como Vas?<\/i>, <i>V\u00e1monos<\/i>, <i>Bando Boyz free1<\/i> o <i>Supertstars. <\/i>Tras esto, hubo cinco m minutos de descanso en el que entretuvo al p\u00fablico con un v\u00eddeo tambi\u00e9n bastante c\u00f3mico. En la segunda, sal\u00eda dispuesto a demostrar por qu\u00e9 es el referente del trap en Espa\u00f1a e incluy\u00f3 algunos de sus temas m\u00e1s duros.<\/p>\t\t\t\t\t\t\t\t<\/div>\n\t\t\t\t<\/div>\n\t\t\t\t\t<\/div>\n\t\t<\/div>\n\t\t\t\t\t<\/div>\n\t\t<\/section>\n\t\t\t\t<section class=\"elementor-section elementor-top-section elementor-element elementor-element-c11b044 elementor-section-boxed elementor-section-height-default elementor-section-height-default\" data-id=\"c11b044\" data-element_type=\"section\" data-e-type=\"section\">\n\t\t\t\t\t\t<div class=\"elementor-container elementor-column-gap-default\">\n\t\t\t\t\t<div class=\"elementor-column elementor-col-100 elementor-top-column elementor-element elementor-element-fc0a762\" data-id=\"fc0a762\" data-element_type=\"column\" data-e-type=\"column\">\n\t\t\t<div class=\"elementor-widget-wrap elementor-element-populated\">\n\t\t\t\t\t\t<div class=\"elementor-element elementor-element-2c1bd5b elementor-widget elementor-widget-text-editor\" data-id=\"2c1bd5b\" data-element_type=\"widget\" data-e-type=\"widget\" data-widget_type=\"text-editor.default\">\n\t\t\t\t<div class=\"elementor-widget-container\">\n\t\t\t\t\t\t\t\t\t<blockquote><p>\u201cEsto no es un concierto, esto es un canto de una legi\u00f3n, somos una legi\u00f3n\u201d<\/p><\/blockquote>\t\t\t\t\t\t\t\t<\/div>\n\t\t\t\t<\/div>\n\t\t\t\t\t<\/div>\n\t\t<\/div>\n\t\t\t\t\t<\/div>\n\t\t<\/section>\n\t\t\t\t<section class=\"elementor-section elementor-top-section elementor-element elementor-element-5d0abd3 elementor-section-boxed elementor-section-height-default elementor-section-height-default\" data-id=\"5d0abd3\" data-element_type=\"section\" data-e-type=\"section\">\n\t\t\t\t\t\t<div class=\"elementor-container elementor-column-gap-default\">\n\t\t\t\t\t<div class=\"elementor-column elementor-col-100 elementor-top-column elementor-element elementor-element-9bf5c0b\" data-id=\"9bf5c0b\" data-element_type=\"column\" data-e-type=\"column\">\n\t\t\t<div class=\"elementor-widget-wrap elementor-element-populated\">\n\t\t\t\t\t\t<div class=\"elementor-element elementor-element-0575b63 elementor-widget elementor-widget-text-editor\" data-id=\"0575b63\" data-element_type=\"widget\" data-e-type=\"widget\" data-widget_type=\"text-editor.default\">\n\t\t\t\t<div class=\"elementor-widget-container\">\n\t\t\t\t\t\t\t\t\t<p class=\"p1\"><i>Besos<\/i>,\u00a0<i>Diabla<\/i>\u00a0y\u00a0<i>Drakukeo<\/i>\u00a0fueron algunos de los temas clave del show. Sin embargo, el protagonismo se lo llev\u00f3\u00a0<i>Celine<\/i>. Una canci\u00f3n muy especial en su carrera y que dedic\u00f3 nuevamente en directo, a pesar de no saber muy bien d\u00f3nde se encontraba esa persona especial.<\/p><p class=\"p1\">Los peque\u00f1os fallos t\u00e9cnicos del principio que le imped\u00edan escucharse a si mismo no fueron un impedimento para que el concierto fuese todo un \u00e9xito. Un nuevo paso en su carrera que demuestra el ascenso constante que ha tenido durante toda su carrera.<\/p>\t\t\t\t\t\t\t\t<\/div>\n\t\t\t\t<\/div>\n\t\t\t\t\t<\/div>\n\t\t<\/div>\n\t\t\t\t\t<\/div>\n\t\t<\/section>\n\t\t\t\t<\/div>","protected":false},"excerpt":{"rendered":"<p>Un nuevo hito que reafirma a Kidd Keo junto a su legi\u00f3n como el referente del trap en Espa\u00f1a 8 de mayo de 2025: una noche inolvidable tanto para Kidd Keo como para los m\u00e1s de 8.000 fans que le esperaban. Nada m\u00e1s entrar al recinto ya nos pod\u00edamos dar cuenta del gran espect\u00e1culo que [&hellip;]<\/p>\n","protected":false},"author":1,"featured_media":4306,"comment_status":"closed","ping_status":"closed","sticky":false,"template":"","format":"standard","meta":{"footnotes":""},"categories":[4],"tags":[],"class_list":["post-4599","post","type-post","status-publish","format-standard","has-post-thumbnail","hentry","category-musica"],"yoast_head":"<!-- This site is optimized with the Yoast SEO plugin v27.4 - https:\/\/yoast.com\/product\/yoast-seo-wordpress\/ -->\n<title>Kidd Keo se estrena en el Movistar Arena en un a\u00f1o remarcable<\/title>\n<meta name=\"description\" content=\"Un nuevo hito en la carrera del artista que reafirma que Kidd Keo es el referente indiscutible del trap en Espa\u00f1a\" \/>\n<meta name=\"robots\" content=\"index, follow, max-snippet:-1, max-image-preview:large, max-video-preview:-1\" \/>\n<link rel=\"canonical\" href=\"https:\/\/unaymilletras.com\/en\/kidd-keo-se-estrena-en-el-movistar-arena-en-un-ano-remarcable\/\" \/>\n<meta property=\"og:locale\" content=\"en_GB\" \/>\n<meta property=\"og:type\" content=\"article\" \/>\n<meta property=\"og:title\" content=\"Kidd Keo se estrena en el Movistar Arena en un a\u00f1o remarcable\" \/>\n<meta property=\"og:description\" content=\"Un nuevo hito en la carrera del artista que reafirma que Kidd Keo es el referente indiscutible del trap en Espa\u00f1a\" \/>\n<meta property=\"og:url\" content=\"https:\/\/unaymilletras.com\/en\/kidd-keo-se-estrena-en-el-movistar-arena-en-un-ano-remarcable\/\" \/>\n<meta property=\"og:site_name\" content=\"Una y Mil Letras\" \/>\n<meta property=\"article:published_time\" content=\"2025-05-12T08:14:32+00:00\" \/>\n<meta property=\"article:modified_time\" content=\"2025-05-12T08:19:17+00:00\" \/>\n<meta property=\"og:image\" content=\"http:\/\/unaymilletras.com\/wp-content\/uploads\/2025\/03\/51b516bc-612b-4c64-8357-9b6f2f9d-e1743458267715.jpg\" \/>\n\t<meta property=\"og:image:width\" content=\"600\" \/>\n\t<meta property=\"og:image:height\" content=\"338\" \/>\n\t<meta property=\"og:image:type\" content=\"image\/jpeg\" \/>\n<meta name=\"author\" content=\"Maria Gil Robledo\" \/>\n<meta name=\"twitter:card\" content=\"summary_large_image\" \/>\n<meta name=\"twitter:creator\" content=\"@UnaYMilLetras\" \/>\n<meta name=\"twitter:site\" content=\"@UnaYMilLetras\" \/>\n<meta name=\"twitter:label1\" content=\"Written by\" \/>\n\t<meta name=\"twitter:data1\" content=\"Maria Gil Robledo\" \/>\n\t<meta name=\"twitter:label2\" content=\"Estimated reading time\" \/>\n\t<meta name=\"twitter:data2\" content=\"2 minutes\" \/>\n<script type=\"application\/ld+json\" class=\"yoast-schema-graph\">{\"@context\":\"https:\\\/\\\/schema.org\",\"@graph\":[{\"@type\":\"Article\",\"@id\":\"https:\\\/\\\/unaymilletras.com\\\/kidd-keo-se-estrena-en-el-movistar-arena-en-un-ano-remarcable\\\/#article\",\"isPartOf\":{\"@id\":\"https:\\\/\\\/unaymilletras.com\\\/kidd-keo-se-estrena-en-el-movistar-arena-en-un-ano-remarcable\\\/\"},\"author\":{\"name\":\"Maria Gil Robledo\",\"@id\":\"http:\\\/\\\/unaymilletras.com\\\/#\\\/schema\\\/person\\\/d55ba681b8a4e463d8982dbe36a5dc94\"},\"headline\":\"Kidd Keo se estrena en el Movistar Arena en un a\u00f1o remarcable\",\"datePublished\":\"2025-05-12T08:14:32+00:00\",\"dateModified\":\"2025-05-12T08:19:17+00:00\",\"mainEntityOfPage\":{\"@id\":\"https:\\\/\\\/unaymilletras.com\\\/kidd-keo-se-estrena-en-el-movistar-arena-en-un-ano-remarcable\\\/\"},\"wordCount\":484,\"publisher\":{\"@id\":\"http:\\\/\\\/unaymilletras.com\\\/#organization\"},\"image\":{\"@id\":\"https:\\\/\\\/unaymilletras.com\\\/kidd-keo-se-estrena-en-el-movistar-arena-en-un-ano-remarcable\\\/#primaryimage\"},\"thumbnailUrl\":\"https:\\\/\\\/unaymilletras.com\\\/wp-content\\\/uploads\\\/2025\\\/03\\\/51b516bc-612b-4c64-8357-9b6f2f9d-e1743458267715.jpg\",\"articleSection\":[\"M\u00fasica\"],\"inLanguage\":\"en-GB\"},{\"@type\":\"WebPage\",\"@id\":\"https:\\\/\\\/unaymilletras.com\\\/kidd-keo-se-estrena-en-el-movistar-arena-en-un-ano-remarcable\\\/\",\"url\":\"https:\\\/\\\/unaymilletras.com\\\/kidd-keo-se-estrena-en-el-movistar-arena-en-un-ano-remarcable\\\/\",\"name\":\"Kidd Keo se estrena en el Movistar Arena en un a\u00f1o remarcable\",\"isPartOf\":{\"@id\":\"http:\\\/\\\/unaymilletras.com\\\/#website\"},\"primaryImageOfPage\":{\"@id\":\"https:\\\/\\\/unaymilletras.com\\\/kidd-keo-se-estrena-en-el-movistar-arena-en-un-ano-remarcable\\\/#primaryimage\"},\"image\":{\"@id\":\"https:\\\/\\\/unaymilletras.com\\\/kidd-keo-se-estrena-en-el-movistar-arena-en-un-ano-remarcable\\\/#primaryimage\"},\"thumbnailUrl\":\"https:\\\/\\\/unaymilletras.com\\\/wp-content\\\/uploads\\\/2025\\\/03\\\/51b516bc-612b-4c64-8357-9b6f2f9d-e1743458267715.jpg\",\"datePublished\":\"2025-05-12T08:14:32+00:00\",\"dateModified\":\"2025-05-12T08:19:17+00:00\",\"description\":\"Un nuevo hito en la carrera del artista que reafirma que Kidd Keo es el referente indiscutible del trap en Espa\u00f1a\",\"breadcrumb\":{\"@id\":\"https:\\\/\\\/unaymilletras.com\\\/kidd-keo-se-estrena-en-el-movistar-arena-en-un-ano-remarcable\\\/#breadcrumb\"},\"inLanguage\":\"en-GB\",\"potentialAction\":[{\"@type\":\"ReadAction\",\"target\":[\"https:\\\/\\\/unaymilletras.com\\\/kidd-keo-se-estrena-en-el-movistar-arena-en-un-ano-remarcable\\\/\"]}]},{\"@type\":\"ImageObject\",\"inLanguage\":\"en-GB\",\"@id\":\"https:\\\/\\\/unaymilletras.com\\\/kidd-keo-se-estrena-en-el-movistar-arena-en-un-ano-remarcable\\\/#primaryimage\",\"url\":\"https:\\\/\\\/unaymilletras.com\\\/wp-content\\\/uploads\\\/2025\\\/03\\\/51b516bc-612b-4c64-8357-9b6f2f9d-e1743458267715.jpg\",\"contentUrl\":\"https:\\\/\\\/unaymilletras.com\\\/wp-content\\\/uploads\\\/2025\\\/03\\\/51b516bc-612b-4c64-8357-9b6f2f9d-e1743458267715.jpg\",\"width\":600,\"height\":338,\"caption\":\"Fot\u00f3grafa: Lourdes de Vicente\"},{\"@type\":\"BreadcrumbList\",\"@id\":\"https:\\\/\\\/unaymilletras.com\\\/kidd-keo-se-estrena-en-el-movistar-arena-en-un-ano-remarcable\\\/#breadcrumb\",\"itemListElement\":[{\"@type\":\"ListItem\",\"position\":1,\"name\":\"Home\",\"item\":\"http:\\\/\\\/unaymilletras.com\\\/\"},{\"@type\":\"ListItem\",\"position\":2,\"name\":\"Kidd Keo se estrena en el Movistar Arena en un a\u00f1o remarcable\"}]},{\"@type\":\"WebSite\",\"@id\":\"http:\\\/\\\/unaymilletras.com\\\/#website\",\"url\":\"http:\\\/\\\/unaymilletras.com\\\/\",\"name\":\"Una y Mil Letras\",\"description\":\"\",\"publisher\":{\"@id\":\"http:\\\/\\\/unaymilletras.com\\\/#organization\"},\"potentialAction\":[{\"@type\":\"SearchAction\",\"target\":{\"@type\":\"EntryPoint\",\"urlTemplate\":\"http:\\\/\\\/unaymilletras.com\\\/?s={search_term_string}\"},\"query-input\":{\"@type\":\"PropertyValueSpecification\",\"valueRequired\":true,\"valueName\":\"search_term_string\"}}],\"inLanguage\":\"en-GB\"},{\"@type\":\"Organization\",\"@id\":\"http:\\\/\\\/unaymilletras.com\\\/#organization\",\"name\":\"Una y Mil Letras\",\"url\":\"http:\\\/\\\/unaymilletras.com\\\/\",\"logo\":{\"@type\":\"ImageObject\",\"inLanguage\":\"en-GB\",\"@id\":\"http:\\\/\\\/unaymilletras.com\\\/#\\\/schema\\\/logo\\\/image\\\/\",\"url\":\"https:\\\/\\\/unaymilletras.com\\\/wp-content\\\/uploads\\\/2024\\\/06\\\/cropped-Logo-removebg-preview.png\",\"contentUrl\":\"https:\\\/\\\/unaymilletras.com\\\/wp-content\\\/uploads\\\/2024\\\/06\\\/cropped-Logo-removebg-preview.png\",\"width\":512,\"height\":512,\"caption\":\"Una y Mil Letras\"},\"image\":{\"@id\":\"http:\\\/\\\/unaymilletras.com\\\/#\\\/schema\\\/logo\\\/image\\\/\"},\"sameAs\":[\"https:\\\/\\\/x.com\\\/UnaYMilLetras\",\"https:\\\/\\\/instagram.com\\\/UnaYMilLetras\"]},{\"@type\":\"Person\",\"@id\":\"http:\\\/\\\/unaymilletras.com\\\/#\\\/schema\\\/person\\\/d55ba681b8a4e463d8982dbe36a5dc94\",\"name\":\"Maria Gil Robledo\",\"image\":{\"@type\":\"ImageObject\",\"inLanguage\":\"en-GB\",\"@id\":\"https:\\\/\\\/secure.gravatar.com\\\/avatar\\\/4b8e5102e0015789407eb4870b12f0f2857952d83ca124058f92b764bd1840c3?s=96&d=mm&r=g\",\"url\":\"https:\\\/\\\/secure.gravatar.com\\\/avatar\\\/4b8e5102e0015789407eb4870b12f0f2857952d83ca124058f92b764bd1840c3?s=96&d=mm&r=g\",\"contentUrl\":\"https:\\\/\\\/secure.gravatar.com\\\/avatar\\\/4b8e5102e0015789407eb4870b12f0f2857952d83ca124058f92b764bd1840c3?s=96&d=mm&r=g\",\"caption\":\"Maria Gil Robledo\"},\"sameAs\":[\"http:\\\/\\\/unaymilletras.com\"],\"url\":\"https:\\\/\\\/unaymilletras.com\\\/en\\\/author\\\/mariiagiil02_\\\/\"}]}<\/script>\n<!-- \/ Yoast SEO plugin. -->","yoast_head_json":{"title":"Kidd Keo se estrena en el Movistar Arena en un a\u00f1o remarcable","description":"Un nuevo hito en la carrera del artista que reafirma que Kidd Keo es el referente indiscutible del trap en Espa\u00f1a","robots":{"index":"index","follow":"follow","max-snippet":"max-snippet:-1","max-image-preview":"max-image-preview:large","max-video-preview":"max-video-preview:-1"},"canonical":"https:\/\/unaymilletras.com\/en\/kidd-keo-se-estrena-en-el-movistar-arena-en-un-ano-remarcable\/","og_locale":"en_GB","og_type":"article","og_title":"Kidd Keo se estrena en el Movistar Arena en un a\u00f1o remarcable","og_description":"Un nuevo hito en la carrera del artista que reafirma que Kidd Keo es el referente indiscutible del trap en Espa\u00f1a","og_url":"https:\/\/unaymilletras.com\/en\/kidd-keo-se-estrena-en-el-movistar-arena-en-un-ano-remarcable\/","og_site_name":"Una y Mil Letras","article_published_time":"2025-05-12T08:14:32+00:00","article_modified_time":"2025-05-12T08:19:17+00:00","og_image":[{"width":600,"height":338,"url":"http:\/\/unaymilletras.com\/wp-content\/uploads\/2025\/03\/51b516bc-612b-4c64-8357-9b6f2f9d-e1743458267715.jpg","type":"image\/jpeg"}],"author":"Maria Gil Robledo","twitter_card":"summary_large_image","twitter_creator":"@UnaYMilLetras","twitter_site":"@UnaYMilLetras","twitter_misc":{"Written by":"Maria Gil Robledo","Estimated reading time":"2 minutes"},"schema":{"@context":"https:\/\/schema.org","@graph":[{"@type":"Article","@id":"https:\/\/unaymilletras.com\/kidd-keo-se-estrena-en-el-movistar-arena-en-un-ano-remarcable\/#article","isPartOf":{"@id":"https:\/\/unaymilletras.com\/kidd-keo-se-estrena-en-el-movistar-arena-en-un-ano-remarcable\/"},"author":{"name":"Maria Gil Robledo","@id":"http:\/\/unaymilletras.com\/#\/schema\/person\/d55ba681b8a4e463d8982dbe36a5dc94"},"headline":"Kidd Keo se estrena en el Movistar Arena en un a\u00f1o remarcable","datePublished":"2025-05-12T08:14:32+00:00","dateModified":"2025-05-12T08:19:17+00:00","mainEntityOfPage":{"@id":"https:\/\/unaymilletras.com\/kidd-keo-se-estrena-en-el-movistar-arena-en-un-ano-remarcable\/"},"wordCount":484,"publisher":{"@id":"http:\/\/unaymilletras.com\/#organization"},"image":{"@id":"https:\/\/unaymilletras.com\/kidd-keo-se-estrena-en-el-movistar-arena-en-un-ano-remarcable\/#primaryimage"},"thumbnailUrl":"https:\/\/unaymilletras.com\/wp-content\/uploads\/2025\/03\/51b516bc-612b-4c64-8357-9b6f2f9d-e1743458267715.jpg","articleSection":["M\u00fasica"],"inLanguage":"en-GB"},{"@type":"WebPage","@id":"https:\/\/unaymilletras.com\/kidd-keo-se-estrena-en-el-movistar-arena-en-un-ano-remarcable\/","url":"https:\/\/unaymilletras.com\/kidd-keo-se-estrena-en-el-movistar-arena-en-un-ano-remarcable\/","name":"Kidd Keo se estrena en el Movistar Arena en un a\u00f1o remarcable","isPartOf":{"@id":"http:\/\/unaymilletras.com\/#website"},"primaryImageOfPage":{"@id":"https:\/\/unaymilletras.com\/kidd-keo-se-estrena-en-el-movistar-arena-en-un-ano-remarcable\/#primaryimage"},"image":{"@id":"https:\/\/unaymilletras.com\/kidd-keo-se-estrena-en-el-movistar-arena-en-un-ano-remarcable\/#primaryimage"},"thumbnailUrl":"https:\/\/unaymilletras.com\/wp-content\/uploads\/2025\/03\/51b516bc-612b-4c64-8357-9b6f2f9d-e1743458267715.jpg","datePublished":"2025-05-12T08:14:32+00:00","dateModified":"2025-05-12T08:19:17+00:00","description":"Un nuevo hito en la carrera del artista que reafirma que Kidd Keo es el referente indiscutible del trap en Espa\u00f1a","breadcrumb":{"@id":"https:\/\/unaymilletras.com\/kidd-keo-se-estrena-en-el-movistar-arena-en-un-ano-remarcable\/#breadcrumb"},"inLanguage":"en-GB","potentialAction":[{"@type":"ReadAction","target":["https:\/\/unaymilletras.com\/kidd-keo-se-estrena-en-el-movistar-arena-en-un-ano-remarcable\/"]}]},{"@type":"ImageObject","inLanguage":"en-GB","@id":"https:\/\/unaymilletras.com\/kidd-keo-se-estrena-en-el-movistar-arena-en-un-ano-remarcable\/#primaryimage","url":"https:\/\/unaymilletras.com\/wp-content\/uploads\/2025\/03\/51b516bc-612b-4c64-8357-9b6f2f9d-e1743458267715.jpg","contentUrl":"https:\/\/unaymilletras.com\/wp-content\/uploads\/2025\/03\/51b516bc-612b-4c64-8357-9b6f2f9d-e1743458267715.jpg","width":600,"height":338,"caption":"Fot\u00f3grafa: Lourdes de Vicente"},{"@type":"BreadcrumbList","@id":"https:\/\/unaymilletras.com\/kidd-keo-se-estrena-en-el-movistar-arena-en-un-ano-remarcable\/#breadcrumb","itemListElement":[{"@type":"ListItem","position":1,"name":"Home","item":"http:\/\/unaymilletras.com\/"},{"@type":"ListItem","position":2,"name":"Kidd Keo se estrena en el Movistar Arena en un a\u00f1o remarcable"}]},{"@type":"WebSite","@id":"http:\/\/unaymilletras.com\/#website","url":"http:\/\/unaymilletras.com\/","name":"Una y Mil Letras","description":"","publisher":{"@id":"http:\/\/unaymilletras.com\/#organization"},"potentialAction":[{"@type":"SearchAction","target":{"@type":"EntryPoint","urlTemplate":"http:\/\/unaymilletras.com\/?s={search_term_string}"},"query-input":{"@type":"PropertyValueSpecification","valueRequired":true,"valueName":"search_term_string"}}],"inLanguage":"en-GB"},{"@type":"Organization","@id":"http:\/\/unaymilletras.com\/#organization","name":"Una y Mil Letras","url":"http:\/\/unaymilletras.com\/","logo":{"@type":"ImageObject","inLanguage":"en-GB","@id":"http:\/\/unaymilletras.com\/#\/schema\/logo\/image\/","url":"https:\/\/unaymilletras.com\/wp-content\/uploads\/2024\/06\/cropped-Logo-removebg-preview.png","contentUrl":"https:\/\/unaymilletras.com\/wp-content\/uploads\/2024\/06\/cropped-Logo-removebg-preview.png","width":512,"height":512,"caption":"Una y Mil Letras"},"image":{"@id":"http:\/\/unaymilletras.com\/#\/schema\/logo\/image\/"},"sameAs":["https:\/\/x.com\/UnaYMilLetras","https:\/\/instagram.com\/UnaYMilLetras"]},{"@type":"Person","@id":"http:\/\/unaymilletras.com\/#\/schema\/person\/d55ba681b8a4e463d8982dbe36a5dc94","name":"Maria Gil Robledo","image":{"@type":"ImageObject","inLanguage":"en-GB","@id":"https:\/\/secure.gravatar.com\/avatar\/4b8e5102e0015789407eb4870b12f0f2857952d83ca124058f92b764bd1840c3?s=96&d=mm&r=g","url":"https:\/\/secure.gravatar.com\/avatar\/4b8e5102e0015789407eb4870b12f0f2857952d83ca124058f92b764bd1840c3?s=96&d=mm&r=g","contentUrl":"https:\/\/secure.gravatar.com\/avatar\/4b8e5102e0015789407eb4870b12f0f2857952d83ca124058f92b764bd1840c3?s=96&d=mm&r=g","caption":"Maria Gil Robledo"},"sameAs":["http:\/\/unaymilletras.com"],"url":"https:\/\/unaymilletras.com\/en\/author\/mariiagiil02_\/"}]}},"_links":{"self":[{"href":"https:\/\/unaymilletras.com\/en\/wp-json\/wp\/v2\/posts\/4599","targetHints":{"allow":["GET"]}}],"collection":[{"href":"https:\/\/unaymilletras.com\/en\/wp-json\/wp\/v2\/posts"}],"about":[{"href":"https:\/\/unaymilletras.com\/en\/wp-json\/wp\/v2\/types\/post"}],"author":[{"embeddable":true,"href":"https:\/\/unaymilletras.com\/en\/wp-json\/wp\/v2\/users\/1"}],"replies":[{"embeddable":true,"href":"https:\/\/unaymilletras.com\/en\/wp-json\/wp\/v2\/comments?post=4599"}],"version-history":[{"count":7,"href":"https:\/\/unaymilletras.com\/en\/wp-json\/wp\/v2\/posts\/4599\/revisions"}],"predecessor-version":[{"id":4606,"href":"https:\/\/unaymilletras.com\/en\/wp-json\/wp\/v2\/posts\/4599\/revisions\/4606"}],"wp:featuredmedia":[{"embeddable":true,"href":"https:\/\/unaymilletras.com\/en\/wp-json\/wp\/v2\/media\/4306"}],"wp:attachment":[{"href":"https:\/\/unaymilletras.com\/en\/wp-json\/wp\/v2\/media?parent=4599"}],"wp:term":[{"taxonomy":"category","embeddable":true,"href":"https:\/\/unaymilletras.com\/en\/wp-json\/wp\/v2\/categories?post=4599"},{"taxonomy":"post_tag","embeddable":true,"href":"https:\/\/unaymilletras.com\/en\/wp-json\/wp\/v2\/tags?post=4599"}],"curies":[{"name":"wp","href":"https:\/\/api.w.org\/{rel}","templated":true}]}}