{"id":4607,"date":"2025-05-13T16:20:58","date_gmt":"2025-05-13T14:20:58","guid":{"rendered":"https:\/\/unaymilletras.com\/?p=4607"},"modified":"2025-05-18T16:45:25","modified_gmt":"2025-05-18T14:45:25","slug":"inna-llega-a-barcelona-con-su-echoes-tour","status":"publish","type":"post","link":"https:\/\/unaymilletras.com\/en\/inna-llega-a-barcelona-con-su-echoes-tour\/","title":{"rendered":"INNA llega a Barcelona con su Echoes Tour"},"content":{"rendered":"<div data-elementor-type=\"wp-post\" data-elementor-id=\"4607\" class=\"elementor elementor-4607\">\n\t\t\t\t\t\t<section class=\"elementor-section elementor-top-section elementor-element elementor-element-bb5b060 elementor-section-boxed elementor-section-height-default elementor-section-height-default\" data-id=\"bb5b060\" data-element_type=\"section\" data-e-type=\"section\">\n\t\t\t\t\t\t<div class=\"elementor-container elementor-column-gap-default\">\n\t\t\t\t\t<div class=\"elementor-column elementor-col-100 elementor-top-column elementor-element elementor-element-5092a59\" data-id=\"5092a59\" data-element_type=\"column\" data-e-type=\"column\">\n\t\t\t<div class=\"elementor-widget-wrap elementor-element-populated\">\n\t\t\t\t\t\t<div class=\"elementor-element elementor-element-1e699e0 elementor-widget elementor-widget-text-editor\" data-id=\"1e699e0\" data-element_type=\"widget\" data-e-type=\"widget\" data-widget_type=\"text-editor.default\">\n\t\t\t\t<div class=\"elementor-widget-container\">\n\t\t\t\t\t\t\t\t\t<h2 style=\"text-align: center;\"><span style=\"color: #808080;\"><em>La artista INNA adelanta parte de su concierto en las calles de Barcelona y ha causado sensaci\u00f3n en TikTok<\/em><\/span><\/h2>\t\t\t\t\t\t\t\t<\/div>\n\t\t\t\t<\/div>\n\t\t\t\t\t<\/div>\n\t\t<\/div>\n\t\t\t\t\t<\/div>\n\t\t<\/section>\n\t\t\t\t<section class=\"elementor-section elementor-top-section elementor-element elementor-element-eeeee60 elementor-section-boxed elementor-section-height-default elementor-section-height-default\" data-id=\"eeeee60\" data-element_type=\"section\" data-e-type=\"section\">\n\t\t\t\t\t\t<div class=\"elementor-container elementor-column-gap-default\">\n\t\t\t\t\t<div class=\"elementor-column elementor-col-100 elementor-top-column elementor-element elementor-element-9fdb90f\" data-id=\"9fdb90f\" data-element_type=\"column\" data-e-type=\"column\">\n\t\t\t<div class=\"elementor-widget-wrap elementor-element-populated\">\n\t\t\t\t\t\t<div class=\"elementor-element elementor-element-ca896e3 elementor-widget elementor-widget-text-editor\" data-id=\"ca896e3\" data-element_type=\"widget\" data-e-type=\"widget\" data-widget_type=\"text-editor.default\">\n\t\t\t\t<div class=\"elementor-widget-container\">\n\t\t\t\t\t\t\t\t\t<p data-start=\"466\" data-end=\"871\">La espera ha terminado: <strong data-start=\"490\" data-end=\"498\">INNA<\/strong> regresa a Espa\u00f1a y lo hace con una de las giras m\u00e1s esperadas de la temporada. Este <strong data-start=\"583\" data-end=\"607\">mi\u00e9rcoles 14 de mayo<\/strong>, la superestrella rumana del pop electr\u00f3nico actuar\u00e1 en la sala <strong data-start=\"672\" data-end=\"699\">Razzmatazz de Barcelona<\/strong><span data-start=\"672\" data-end=\"699\">. Ser\u00e1<\/span>\u00a0parte de su tour europeo <em data-start=\"730\" data-end=\"738\">Echoes<\/em>, que ha recorrido ciudades como Viena, Praga, \u00c1msterdam y Par\u00eds con un show renovado que mezcla nostalgia dance y energ\u00eda explosiva.<\/p><p data-start=\"873\" data-end=\"1329\">La cita en Barcelona no es una parada cualquiera. Es su \u00fanica fecha en nuestro pa\u00eds. Espa\u00f1a ha sido uno de los pa\u00edses donde INNA ha mantenido una conexi\u00f3n especial desde que irrumpi\u00f3 en las listas de \u00e9xitos en 2010 con <em data-start=\"1057\" data-end=\"1062\">Hot<\/em>, y lo ha demostrado en cada visita. En este concierto, los fans podr\u00e1n disfrutar de himnos como <em data-start=\"1159\" data-end=\"1170\">Sun Is Up<\/em>, <em data-start=\"1172\" data-end=\"1181\">D\u00e9j\u00e0 Vu<\/em>, <em data-start=\"1183\" data-end=\"1194\">Cola Song<\/em>\u00a0o\u00a0<em data-start=\"1213\" data-end=\"1233\">Queen of My Castle<\/em>, adem\u00e1s de su reciente etapa en espa\u00f1ol con canciones de <em data-start=\"1291\" data-end=\"1302\">El Pasado<\/em>, su \u00e1lbum lanzado en 2024.<\/p>\t\t\t\t\t\t\t\t<\/div>\n\t\t\t\t<\/div>\n\t\t\t\t\t<\/div>\n\t\t<\/div>\n\t\t\t\t\t<\/div>\n\t\t<\/section>\n\t\t\t\t<section class=\"elementor-section elementor-top-section elementor-element elementor-element-f82dc0e elementor-section-boxed elementor-section-height-default elementor-section-height-default\" data-id=\"f82dc0e\" data-element_type=\"section\" data-e-type=\"section\">\n\t\t\t\t\t\t<div class=\"elementor-container elementor-column-gap-default\">\n\t\t\t\t\t<div class=\"elementor-column elementor-col-50 elementor-top-column elementor-element elementor-element-08b8d93\" data-id=\"08b8d93\" data-element_type=\"column\" data-e-type=\"column\">\n\t\t\t<div class=\"elementor-widget-wrap elementor-element-populated\">\n\t\t\t\t\t\t<div class=\"elementor-element elementor-element-0a7915d elementor-widget elementor-widget-image\" data-id=\"0a7915d\" data-element_type=\"widget\" data-e-type=\"widget\" data-widget_type=\"image.default\">\n\t\t\t\t<div class=\"elementor-widget-container\">\n\t\t\t\t\t\t\t\t\t\t\t\t\t\t\t<img fetchpriority=\"high\" decoding=\"async\" width=\"640\" height=\"893\" src=\"https:\/\/unaymilletras.com\/wp-content\/uploads\/2025\/05\/INNA-3-734x1024.webp\" class=\"attachment-large size-large wp-image-4613\" alt=\"INNA\" srcset=\"https:\/\/unaymilletras.com\/wp-content\/uploads\/2025\/05\/INNA-3-734x1024.webp 734w, https:\/\/unaymilletras.com\/wp-content\/uploads\/2025\/05\/INNA-3-215x300.webp 215w, https:\/\/unaymilletras.com\/wp-content\/uploads\/2025\/05\/INNA-3-768x1071.webp 768w, https:\/\/unaymilletras.com\/wp-content\/uploads\/2025\/05\/INNA-3-1102x1536.webp 1102w, https:\/\/unaymilletras.com\/wp-content\/uploads\/2025\/05\/INNA-3-1469x2048.webp 1377w, https:\/\/unaymilletras.com\/wp-content\/uploads\/2025\/05\/INNA-3-9x12.webp 9w, https:\/\/unaymilletras.com\/wp-content\/uploads\/2025\/05\/INNA-3-1024x1428.webp 1024w, https:\/\/unaymilletras.com\/wp-content\/uploads\/2025\/05\/INNA-3-scaled-e1747145692283.webp 600w\" sizes=\"(max-width: 640px) 100vw, 640px\" \/>\t\t\t\t\t\t\t\t\t\t\t\t\t\t\t<\/div>\n\t\t\t\t<\/div>\n\t\t\t\t\t<\/div>\n\t\t<\/div>\n\t\t\t\t<div class=\"elementor-column elementor-col-50 elementor-top-column elementor-element elementor-element-4249e6b\" data-id=\"4249e6b\" data-element_type=\"column\" data-e-type=\"column\">\n\t\t\t<div class=\"elementor-widget-wrap elementor-element-populated\">\n\t\t\t\t\t\t<div class=\"elementor-element elementor-element-82be61a elementor-widget elementor-widget-image\" data-id=\"82be61a\" data-element_type=\"widget\" data-e-type=\"widget\" data-widget_type=\"image.default\">\n\t\t\t\t<div class=\"elementor-widget-container\">\n\t\t\t\t\t\t\t\t\t\t\t\t\t\t\t<img decoding=\"async\" width=\"640\" height=\"640\" src=\"https:\/\/unaymilletras.com\/wp-content\/uploads\/2025\/05\/FEED-1024x1024.webp\" class=\"attachment-large size-large wp-image-4612\" alt=\"INNA\" srcset=\"https:\/\/unaymilletras.com\/wp-content\/uploads\/2025\/05\/FEED-1024x1024.webp 1024w, https:\/\/unaymilletras.com\/wp-content\/uploads\/2025\/05\/FEED-300x300.webp 300w, https:\/\/unaymilletras.com\/wp-content\/uploads\/2025\/05\/FEED-150x150.webp 150w, https:\/\/unaymilletras.com\/wp-content\/uploads\/2025\/05\/FEED-768x768.webp 768w, https:\/\/unaymilletras.com\/wp-content\/uploads\/2025\/05\/FEED-12x12.webp 12w, https:\/\/unaymilletras.com\/wp-content\/uploads\/2025\/05\/FEED-e1747147126917.webp 600w\" sizes=\"(max-width: 640px) 100vw, 640px\" \/>\t\t\t\t\t\t\t\t\t\t\t\t\t\t\t<\/div>\n\t\t\t\t<\/div>\n\t\t\t\t\t<\/div>\n\t\t<\/div>\n\t\t\t\t\t<\/div>\n\t\t<\/section>\n\t\t\t\t<section class=\"elementor-section elementor-top-section elementor-element elementor-element-823e4cd elementor-section-boxed elementor-section-height-default elementor-section-height-default\" data-id=\"823e4cd\" data-element_type=\"section\" data-e-type=\"section\">\n\t\t\t\t\t\t<div class=\"elementor-container elementor-column-gap-default\">\n\t\t\t\t\t<div class=\"elementor-column elementor-col-100 elementor-top-column elementor-element elementor-element-1444c9f\" data-id=\"1444c9f\" data-element_type=\"column\" data-e-type=\"column\">\n\t\t\t<div class=\"elementor-widget-wrap elementor-element-populated\">\n\t\t\t\t\t\t<div class=\"elementor-element elementor-element-962e1a4 elementor-widget elementor-widget-text-editor\" data-id=\"962e1a4\" data-element_type=\"widget\" data-e-type=\"widget\" data-widget_type=\"text-editor.default\">\n\t\t\t\t<div class=\"elementor-widget-container\">\n\t\t\t\t\t\t\t\t\t<p data-start=\"1331\" data-end=\"1777\">Uno de los grandes momentos del espect\u00e1culo llegar\u00e1 con su m\u00e1s reciente colaboraci\u00f3n junto a <strong data-start=\"1424\" data-end=\"1437\">Sean Paul<\/strong>, <em data-start=\"1439\" data-end=\"1458\">Let It Talk To Me.<\/em>\u00a0Un tema el\u00e9ctrico que fusiona el EDM y el dancehall y que INNA interpretar\u00e1 por primera vez en nuestro pa\u00eds en directo. La canci\u00f3n, que ha sido muy bien recibida por sus seguidores, marca su segunda colaboraci\u00f3n con el artista jamaicano tras el \u00e9xito de <em data-start=\"1714\" data-end=\"1718\">UP<\/em> (2021).<\/p><p data-start=\"1779\" data-end=\"2128\">Adem\u00e1s, ayer soprendi\u00f3 dando un peque\u00f1o concierto improvisado en las calles de Barcelona, aumentando el hype por su show y cautivando a los transeuntes.\u00a0<\/p><p data-start=\"2130\" data-end=\"2550\" data-is-last-node=\"\" data-is-only-node=\"\">Con <em data-start=\"2134\" data-end=\"2147\">Echoes Tour<\/em>, INNA celebra quince a\u00f1os de carrera internacional con un espect\u00e1culo que no solo repasa sus grandes \u00e9xitos. Tambi\u00e9n presenta su presente art\u00edstico: una artista madura, vers\u00e1til y con una capacidad \u00fanica para hacer bailar a generaciones enteras. Este 14 de mayo, Barcelona bailar\u00e1 al ritmo de una de las reinas indiscutibles del EDM global. Entradas disponibles en las principales plataformas.<\/p>\t\t\t\t\t\t\t\t<\/div>\n\t\t\t\t<\/div>\n\t\t\t\t\t<\/div>\n\t\t<\/div>\n\t\t\t\t\t<\/div>\n\t\t<\/section>\n\t\t\t\t<\/div>","protected":false},"excerpt":{"rendered":"<p>La artista INNA adelanta parte de su concierto en las calles de Barcelona y ha causado sensaci\u00f3n en TikTok La espera ha terminado: INNA regresa a Espa\u00f1a y lo hace con una de las giras m\u00e1s esperadas de la temporada. Este mi\u00e9rcoles 14 de mayo, la superestrella rumana del pop electr\u00f3nico actuar\u00e1 en la sala [&hellip;]<\/p>\n","protected":false},"author":6,"featured_media":4612,"comment_status":"closed","ping_status":"closed","sticky":false,"template":"","format":"standard","meta":{"footnotes":""},"categories":[4],"tags":[],"class_list":["post-4607","post","type-post","status-publish","format-standard","has-post-thumbnail","hentry","category-musica"],"yoast_head":"<!-- This site is optimized with the Yoast SEO plugin v27.4 - https:\/\/yoast.com\/product\/yoast-seo-wordpress\/ -->\n<title>INNA llega a Barcelona con su Echoes Tour<\/title>\n<meta name=\"description\" content=\"La artista INNA adelanta parte de su concierto en las calles de Barcelona y ha causado sensaci\u00f3n en TikTok\" \/>\n<meta name=\"robots\" content=\"index, follow, max-snippet:-1, max-image-preview:large, max-video-preview:-1\" \/>\n<link rel=\"canonical\" href=\"https:\/\/unaymilletras.com\/en\/inna-llega-a-barcelona-con-su-echoes-tour\/\" \/>\n<meta property=\"og:locale\" content=\"en_GB\" \/>\n<meta property=\"og:type\" content=\"article\" \/>\n<meta property=\"og:title\" content=\"INNA llega a Barcelona con su Echoes Tour\" \/>\n<meta property=\"og:description\" content=\"La artista INNA adelanta parte de su concierto en las calles de Barcelona y ha causado sensaci\u00f3n en TikTok\" \/>\n<meta property=\"og:url\" content=\"https:\/\/unaymilletras.com\/en\/inna-llega-a-barcelona-con-su-echoes-tour\/\" \/>\n<meta property=\"og:site_name\" content=\"Una y Mil Letras\" \/>\n<meta property=\"article:published_time\" content=\"2025-05-13T14:20:58+00:00\" \/>\n<meta property=\"article:modified_time\" content=\"2025-05-18T14:45:25+00:00\" \/>\n<meta property=\"og:image\" content=\"http:\/\/unaymilletras.com\/wp-content\/uploads\/2025\/05\/FEED-e1747147126917.webp\" \/>\n\t<meta property=\"og:image:width\" content=\"600\" \/>\n\t<meta property=\"og:image:height\" content=\"600\" \/>\n\t<meta property=\"og:image:type\" content=\"image\/png\" \/>\n<meta name=\"author\" content=\"Redacci\u00f3n\" \/>\n<meta name=\"twitter:card\" content=\"summary_large_image\" \/>\n<meta name=\"twitter:creator\" content=\"@UnaYMilLetras\" \/>\n<meta name=\"twitter:site\" content=\"@UnaYMilLetras\" \/>\n<meta name=\"twitter:label1\" content=\"Written by\" \/>\n\t<meta name=\"twitter:data1\" content=\"Redacci\u00f3n\" \/>\n\t<meta name=\"twitter:label2\" content=\"Estimated reading time\" \/>\n\t<meta name=\"twitter:data2\" content=\"2 minutes\" \/>\n<script type=\"application\/ld+json\" class=\"yoast-schema-graph\">{\"@context\":\"https:\\\/\\\/schema.org\",\"@graph\":[{\"@type\":\"Article\",\"@id\":\"https:\\\/\\\/unaymilletras.com\\\/inna-llega-a-barcelona-con-su-echoes-tour\\\/#article\",\"isPartOf\":{\"@id\":\"https:\\\/\\\/unaymilletras.com\\\/inna-llega-a-barcelona-con-su-echoes-tour\\\/\"},\"author\":{\"name\":\"Redacci\u00f3n\",\"@id\":\"http:\\\/\\\/unaymilletras.com\\\/#\\\/schema\\\/person\\\/0860dc8a218329991ee2c7591f4f849d\"},\"headline\":\"INNA llega a Barcelona con su Echoes Tour\",\"datePublished\":\"2025-05-13T14:20:58+00:00\",\"dateModified\":\"2025-05-18T14:45:25+00:00\",\"mainEntityOfPage\":{\"@id\":\"https:\\\/\\\/unaymilletras.com\\\/inna-llega-a-barcelona-con-su-echoes-tour\\\/\"},\"wordCount\":362,\"publisher\":{\"@id\":\"http:\\\/\\\/unaymilletras.com\\\/#organization\"},\"image\":{\"@id\":\"https:\\\/\\\/unaymilletras.com\\\/inna-llega-a-barcelona-con-su-echoes-tour\\\/#primaryimage\"},\"thumbnailUrl\":\"https:\\\/\\\/unaymilletras.com\\\/wp-content\\\/uploads\\\/2025\\\/05\\\/FEED-e1747147126917.webp\",\"articleSection\":[\"M\u00fasica\"],\"inLanguage\":\"en-GB\"},{\"@type\":\"WebPage\",\"@id\":\"https:\\\/\\\/unaymilletras.com\\\/inna-llega-a-barcelona-con-su-echoes-tour\\\/\",\"url\":\"https:\\\/\\\/unaymilletras.com\\\/inna-llega-a-barcelona-con-su-echoes-tour\\\/\",\"name\":\"INNA llega a Barcelona con su Echoes Tour\",\"isPartOf\":{\"@id\":\"http:\\\/\\\/unaymilletras.com\\\/#website\"},\"primaryImageOfPage\":{\"@id\":\"https:\\\/\\\/unaymilletras.com\\\/inna-llega-a-barcelona-con-su-echoes-tour\\\/#primaryimage\"},\"image\":{\"@id\":\"https:\\\/\\\/unaymilletras.com\\\/inna-llega-a-barcelona-con-su-echoes-tour\\\/#primaryimage\"},\"thumbnailUrl\":\"https:\\\/\\\/unaymilletras.com\\\/wp-content\\\/uploads\\\/2025\\\/05\\\/FEED-e1747147126917.webp\",\"datePublished\":\"2025-05-13T14:20:58+00:00\",\"dateModified\":\"2025-05-18T14:45:25+00:00\",\"description\":\"La artista INNA adelanta parte de su concierto en las calles de Barcelona y ha causado sensaci\u00f3n en TikTok\",\"breadcrumb\":{\"@id\":\"https:\\\/\\\/unaymilletras.com\\\/inna-llega-a-barcelona-con-su-echoes-tour\\\/#breadcrumb\"},\"inLanguage\":\"en-GB\",\"potentialAction\":[{\"@type\":\"ReadAction\",\"target\":[\"https:\\\/\\\/unaymilletras.com\\\/inna-llega-a-barcelona-con-su-echoes-tour\\\/\"]}]},{\"@type\":\"ImageObject\",\"inLanguage\":\"en-GB\",\"@id\":\"https:\\\/\\\/unaymilletras.com\\\/inna-llega-a-barcelona-con-su-echoes-tour\\\/#primaryimage\",\"url\":\"https:\\\/\\\/unaymilletras.com\\\/wp-content\\\/uploads\\\/2025\\\/05\\\/FEED-e1747147126917.webp\",\"contentUrl\":\"https:\\\/\\\/unaymilletras.com\\\/wp-content\\\/uploads\\\/2025\\\/05\\\/FEED-e1747147126917.webp\",\"width\":600,\"height\":600,\"caption\":\"INNA\"},{\"@type\":\"BreadcrumbList\",\"@id\":\"https:\\\/\\\/unaymilletras.com\\\/inna-llega-a-barcelona-con-su-echoes-tour\\\/#breadcrumb\",\"itemListElement\":[{\"@type\":\"ListItem\",\"position\":1,\"name\":\"Home\",\"item\":\"http:\\\/\\\/unaymilletras.com\\\/\"},{\"@type\":\"ListItem\",\"position\":2,\"name\":\"INNA llega a Barcelona con su Echoes Tour\"}]},{\"@type\":\"WebSite\",\"@id\":\"http:\\\/\\\/unaymilletras.com\\\/#website\",\"url\":\"http:\\\/\\\/unaymilletras.com\\\/\",\"name\":\"Una y Mil Letras\",\"description\":\"\",\"publisher\":{\"@id\":\"http:\\\/\\\/unaymilletras.com\\\/#organization\"},\"potentialAction\":[{\"@type\":\"SearchAction\",\"target\":{\"@type\":\"EntryPoint\",\"urlTemplate\":\"http:\\\/\\\/unaymilletras.com\\\/?s={search_term_string}\"},\"query-input\":{\"@type\":\"PropertyValueSpecification\",\"valueRequired\":true,\"valueName\":\"search_term_string\"}}],\"inLanguage\":\"en-GB\"},{\"@type\":\"Organization\",\"@id\":\"http:\\\/\\\/unaymilletras.com\\\/#organization\",\"name\":\"Una y Mil Letras\",\"url\":\"http:\\\/\\\/unaymilletras.com\\\/\",\"logo\":{\"@type\":\"ImageObject\",\"inLanguage\":\"en-GB\",\"@id\":\"http:\\\/\\\/unaymilletras.com\\\/#\\\/schema\\\/logo\\\/image\\\/\",\"url\":\"https:\\\/\\\/unaymilletras.com\\\/wp-content\\\/uploads\\\/2024\\\/06\\\/cropped-Logo-removebg-preview.png\",\"contentUrl\":\"https:\\\/\\\/unaymilletras.com\\\/wp-content\\\/uploads\\\/2024\\\/06\\\/cropped-Logo-removebg-preview.png\",\"width\":512,\"height\":512,\"caption\":\"Una y Mil Letras\"},\"image\":{\"@id\":\"http:\\\/\\\/unaymilletras.com\\\/#\\\/schema\\\/logo\\\/image\\\/\"},\"sameAs\":[\"https:\\\/\\\/x.com\\\/UnaYMilLetras\",\"https:\\\/\\\/instagram.com\\\/UnaYMilLetras\"]},{\"@type\":\"Person\",\"@id\":\"http:\\\/\\\/unaymilletras.com\\\/#\\\/schema\\\/person\\\/0860dc8a218329991ee2c7591f4f849d\",\"name\":\"Redacci\u00f3n\",\"image\":{\"@type\":\"ImageObject\",\"inLanguage\":\"en-GB\",\"@id\":\"https:\\\/\\\/secure.gravatar.com\\\/avatar\\\/d8f55e05a8b6597e45c55a1dcbdbfe44f4a360d88b48e00de5216a79b7732796?s=96&d=mm&r=g\",\"url\":\"https:\\\/\\\/secure.gravatar.com\\\/avatar\\\/d8f55e05a8b6597e45c55a1dcbdbfe44f4a360d88b48e00de5216a79b7732796?s=96&d=mm&r=g\",\"contentUrl\":\"https:\\\/\\\/secure.gravatar.com\\\/avatar\\\/d8f55e05a8b6597e45c55a1dcbdbfe44f4a360d88b48e00de5216a79b7732796?s=96&d=mm&r=g\",\"caption\":\"Redacci\u00f3n\"},\"url\":\"https:\\\/\\\/unaymilletras.com\\\/en\\\/author\\\/redaccion\\\/\"}]}<\/script>\n<!-- \/ Yoast SEO plugin. -->","yoast_head_json":{"title":"INNA llega a Barcelona con su Echoes Tour","description":"La artista INNA adelanta parte de su concierto en las calles de Barcelona y ha causado sensaci\u00f3n en TikTok","robots":{"index":"index","follow":"follow","max-snippet":"max-snippet:-1","max-image-preview":"max-image-preview:large","max-video-preview":"max-video-preview:-1"},"canonical":"https:\/\/unaymilletras.com\/en\/inna-llega-a-barcelona-con-su-echoes-tour\/","og_locale":"en_GB","og_type":"article","og_title":"INNA llega a Barcelona con su Echoes Tour","og_description":"La artista INNA adelanta parte de su concierto en las calles de Barcelona y ha causado sensaci\u00f3n en TikTok","og_url":"https:\/\/unaymilletras.com\/en\/inna-llega-a-barcelona-con-su-echoes-tour\/","og_site_name":"Una y Mil Letras","article_published_time":"2025-05-13T14:20:58+00:00","article_modified_time":"2025-05-18T14:45:25+00:00","og_image":[{"width":600,"height":600,"url":"http:\/\/unaymilletras.com\/wp-content\/uploads\/2025\/05\/FEED-e1747147126917.webp","type":"image\/png"}],"author":"Redacci\u00f3n","twitter_card":"summary_large_image","twitter_creator":"@UnaYMilLetras","twitter_site":"@UnaYMilLetras","twitter_misc":{"Written by":"Redacci\u00f3n","Estimated reading time":"2 minutes"},"schema":{"@context":"https:\/\/schema.org","@graph":[{"@type":"Article","@id":"https:\/\/unaymilletras.com\/inna-llega-a-barcelona-con-su-echoes-tour\/#article","isPartOf":{"@id":"https:\/\/unaymilletras.com\/inna-llega-a-barcelona-con-su-echoes-tour\/"},"author":{"name":"Redacci\u00f3n","@id":"http:\/\/unaymilletras.com\/#\/schema\/person\/0860dc8a218329991ee2c7591f4f849d"},"headline":"INNA llega a Barcelona con su Echoes Tour","datePublished":"2025-05-13T14:20:58+00:00","dateModified":"2025-05-18T14:45:25+00:00","mainEntityOfPage":{"@id":"https:\/\/unaymilletras.com\/inna-llega-a-barcelona-con-su-echoes-tour\/"},"wordCount":362,"publisher":{"@id":"http:\/\/unaymilletras.com\/#organization"},"image":{"@id":"https:\/\/unaymilletras.com\/inna-llega-a-barcelona-con-su-echoes-tour\/#primaryimage"},"thumbnailUrl":"https:\/\/unaymilletras.com\/wp-content\/uploads\/2025\/05\/FEED-e1747147126917.webp","articleSection":["M\u00fasica"],"inLanguage":"en-GB"},{"@type":"WebPage","@id":"https:\/\/unaymilletras.com\/inna-llega-a-barcelona-con-su-echoes-tour\/","url":"https:\/\/unaymilletras.com\/inna-llega-a-barcelona-con-su-echoes-tour\/","name":"INNA llega a Barcelona con su Echoes Tour","isPartOf":{"@id":"http:\/\/unaymilletras.com\/#website"},"primaryImageOfPage":{"@id":"https:\/\/unaymilletras.com\/inna-llega-a-barcelona-con-su-echoes-tour\/#primaryimage"},"image":{"@id":"https:\/\/unaymilletras.com\/inna-llega-a-barcelona-con-su-echoes-tour\/#primaryimage"},"thumbnailUrl":"https:\/\/unaymilletras.com\/wp-content\/uploads\/2025\/05\/FEED-e1747147126917.webp","datePublished":"2025-05-13T14:20:58+00:00","dateModified":"2025-05-18T14:45:25+00:00","description":"La artista INNA adelanta parte de su concierto en las calles de Barcelona y ha causado sensaci\u00f3n en TikTok","breadcrumb":{"@id":"https:\/\/unaymilletras.com\/inna-llega-a-barcelona-con-su-echoes-tour\/#breadcrumb"},"inLanguage":"en-GB","potentialAction":[{"@type":"ReadAction","target":["https:\/\/unaymilletras.com\/inna-llega-a-barcelona-con-su-echoes-tour\/"]}]},{"@type":"ImageObject","inLanguage":"en-GB","@id":"https:\/\/unaymilletras.com\/inna-llega-a-barcelona-con-su-echoes-tour\/#primaryimage","url":"https:\/\/unaymilletras.com\/wp-content\/uploads\/2025\/05\/FEED-e1747147126917.webp","contentUrl":"https:\/\/unaymilletras.com\/wp-content\/uploads\/2025\/05\/FEED-e1747147126917.webp","width":600,"height":600,"caption":"INNA"},{"@type":"BreadcrumbList","@id":"https:\/\/unaymilletras.com\/inna-llega-a-barcelona-con-su-echoes-tour\/#breadcrumb","itemListElement":[{"@type":"ListItem","position":1,"name":"Home","item":"http:\/\/unaymilletras.com\/"},{"@type":"ListItem","position":2,"name":"INNA llega a Barcelona con su Echoes Tour"}]},{"@type":"WebSite","@id":"http:\/\/unaymilletras.com\/#website","url":"http:\/\/unaymilletras.com\/","name":"Una y Mil Letras","description":"","publisher":{"@id":"http:\/\/unaymilletras.com\/#organization"},"potentialAction":[{"@type":"SearchAction","target":{"@type":"EntryPoint","urlTemplate":"http:\/\/unaymilletras.com\/?s={search_term_string}"},"query-input":{"@type":"PropertyValueSpecification","valueRequired":true,"valueName":"search_term_string"}}],"inLanguage":"en-GB"},{"@type":"Organization","@id":"http:\/\/unaymilletras.com\/#organization","name":"Una y Mil Letras","url":"http:\/\/unaymilletras.com\/","logo":{"@type":"ImageObject","inLanguage":"en-GB","@id":"http:\/\/unaymilletras.com\/#\/schema\/logo\/image\/","url":"https:\/\/unaymilletras.com\/wp-content\/uploads\/2024\/06\/cropped-Logo-removebg-preview.png","contentUrl":"https:\/\/unaymilletras.com\/wp-content\/uploads\/2024\/06\/cropped-Logo-removebg-preview.png","width":512,"height":512,"caption":"Una y Mil Letras"},"image":{"@id":"http:\/\/unaymilletras.com\/#\/schema\/logo\/image\/"},"sameAs":["https:\/\/x.com\/UnaYMilLetras","https:\/\/instagram.com\/UnaYMilLetras"]},{"@type":"Person","@id":"http:\/\/unaymilletras.com\/#\/schema\/person\/0860dc8a218329991ee2c7591f4f849d","name":"Redacci\u00f3n","image":{"@type":"ImageObject","inLanguage":"en-GB","@id":"https:\/\/secure.gravatar.com\/avatar\/d8f55e05a8b6597e45c55a1dcbdbfe44f4a360d88b48e00de5216a79b7732796?s=96&d=mm&r=g","url":"https:\/\/secure.gravatar.com\/avatar\/d8f55e05a8b6597e45c55a1dcbdbfe44f4a360d88b48e00de5216a79b7732796?s=96&d=mm&r=g","contentUrl":"https:\/\/secure.gravatar.com\/avatar\/d8f55e05a8b6597e45c55a1dcbdbfe44f4a360d88b48e00de5216a79b7732796?s=96&d=mm&r=g","caption":"Redacci\u00f3n"},"url":"https:\/\/unaymilletras.com\/en\/author\/redaccion\/"}]}},"_links":{"self":[{"href":"https:\/\/unaymilletras.com\/en\/wp-json\/wp\/v2\/posts\/4607","targetHints":{"allow":["GET"]}}],"collection":[{"href":"https:\/\/unaymilletras.com\/en\/wp-json\/wp\/v2\/posts"}],"about":[{"href":"https:\/\/unaymilletras.com\/en\/wp-json\/wp\/v2\/types\/post"}],"author":[{"embeddable":true,"href":"https:\/\/unaymilletras.com\/en\/wp-json\/wp\/v2\/users\/6"}],"replies":[{"embeddable":true,"href":"https:\/\/unaymilletras.com\/en\/wp-json\/wp\/v2\/comments?post=4607"}],"version-history":[{"count":12,"href":"https:\/\/unaymilletras.com\/en\/wp-json\/wp\/v2\/posts\/4607\/revisions"}],"predecessor-version":[{"id":4706,"href":"https:\/\/unaymilletras.com\/en\/wp-json\/wp\/v2\/posts\/4607\/revisions\/4706"}],"wp:featuredmedia":[{"embeddable":true,"href":"https:\/\/unaymilletras.com\/en\/wp-json\/wp\/v2\/media\/4612"}],"wp:attachment":[{"href":"https:\/\/unaymilletras.com\/en\/wp-json\/wp\/v2\/media?parent=4607"}],"wp:term":[{"taxonomy":"category","embeddable":true,"href":"https:\/\/unaymilletras.com\/en\/wp-json\/wp\/v2\/categories?post=4607"},{"taxonomy":"post_tag","embeddable":true,"href":"https:\/\/unaymilletras.com\/en\/wp-json\/wp\/v2\/tags?post=4607"}],"curies":[{"name":"wp","href":"https:\/\/api.w.org\/{rel}","templated":true}]}}