{"id":462,"date":"2023-05-03T18:50:39","date_gmt":"2023-05-03T16:50:39","guid":{"rendered":"https:\/\/unaymilletras.wordpress.com\/?p=462"},"modified":"2023-05-05T19:50:40","modified_gmt":"2023-05-05T19:50:40","slug":"trueno-llega-a-espana-este-verano","status":"publish","type":"post","link":"https:\/\/unaymilletras.com\/en\/trueno-llega-a-espana-este-verano\/","title":{"rendered":"Trueno vuelve a Espa\u00f1a este verano"},"content":{"rendered":"<div data-elementor-type=\"wp-post\" data-elementor-id=\"462\" class=\"elementor elementor-462\">\n\t\t\t\t\t\t<section class=\"elementor-section elementor-top-section elementor-element elementor-element-ad9ba80 elementor-section-boxed elementor-section-height-default elementor-section-height-default\" data-id=\"ad9ba80\" data-element_type=\"section\" data-e-type=\"section\">\n\t\t\t\t\t\t<div class=\"elementor-container elementor-column-gap-default\">\n\t\t\t\t\t<div class=\"elementor-column elementor-col-100 elementor-top-column elementor-element elementor-element-b042ed8\" data-id=\"b042ed8\" data-element_type=\"column\" data-e-type=\"column\">\n\t\t\t<div class=\"elementor-widget-wrap elementor-element-populated\">\n\t\t\t\t\t\t<div class=\"elementor-element elementor-element-0a39dde elementor-widget elementor-widget-text-editor\" data-id=\"0a39dde\" data-element_type=\"widget\" data-e-type=\"widget\" data-widget_type=\"text-editor.default\">\n\t\t\t\t<div class=\"elementor-widget-container\">\n\t\t\t\t\t\t\t\t\t<h2><em>En rapero argentino Trueno estar\u00e1 presente en varios carteles de festivales alrededor de todo el pa\u00eds este verano<\/em><\/h2>\t\t\t\t\t\t\t\t<\/div>\n\t\t\t\t<\/div>\n\t\t\t\t\t<\/div>\n\t\t<\/div>\n\t\t\t\t\t<\/div>\n\t\t<\/section>\n\t\t\t\t<section class=\"elementor-section elementor-top-section elementor-element elementor-element-1cfb7cb elementor-section-boxed elementor-section-height-default elementor-section-height-default\" data-id=\"1cfb7cb\" data-element_type=\"section\" data-e-type=\"section\">\n\t\t\t\t\t\t<div class=\"elementor-container elementor-column-gap-default\">\n\t\t\t\t\t<div class=\"elementor-column elementor-col-100 elementor-top-column elementor-element elementor-element-158dec4\" data-id=\"158dec4\" data-element_type=\"column\" data-e-type=\"column\">\n\t\t\t<div class=\"elementor-widget-wrap elementor-element-populated\">\n\t\t\t\t\t\t<div class=\"elementor-element elementor-element-5922870 elementor-widget elementor-widget-text-editor\" data-id=\"5922870\" data-element_type=\"widget\" data-e-type=\"widget\" data-widget_type=\"text-editor.default\">\n\t\t\t\t<div class=\"elementor-widget-container\">\n\t\t\t\t\t\t\t\t\t<p>Hace un par de d\u00edas\u00a0<a href=\"https:\/\/open.spotify.com\/artist\/2x7PC78TmgqpEIjaGAZ0Oz?si=qu4xkT4sRWKFU4BRRGh3Mg\">Trueno<\/a>\u00a0anunciaba por sus historias de\u00a0<a href=\"https:\/\/www.instagram.com\/trueno\/\">Instagram<\/a>\u00a0que ten\u00eda una sorpresa preparada para Espa\u00f1a. Ayer colgaba en sus redes sociales el cartel de los sitios que visitar\u00eda el pr\u00f3ximo mes de junio. A principio de 2021 daba comienzo su\u00a0<em><strong>Atrevido Tour<\/strong><\/em>\u00a0el cual le trajo por nuestro pa\u00eds visitando ciudades como Madrid, M\u00e1laga o Coru\u00f1a. Dos a\u00f1os despu\u00e9s vuelve para volver a mostrar su talento encima de un escenario.<\/p>\t\t\t\t\t\t\t\t<\/div>\n\t\t\t\t<\/div>\n\t\t\t\t\t<\/div>\n\t\t<\/div>\n\t\t\t\t\t<\/div>\n\t\t<\/section>\n\t\t\t\t<section class=\"elementor-section elementor-top-section elementor-element elementor-element-add643e elementor-section-boxed elementor-section-height-default elementor-section-height-default\" data-id=\"add643e\" data-element_type=\"section\" data-e-type=\"section\">\n\t\t\t\t\t\t<div class=\"elementor-container elementor-column-gap-default\">\n\t\t\t\t\t<div class=\"elementor-column elementor-col-50 elementor-top-column elementor-element elementor-element-07b1ca1\" data-id=\"07b1ca1\" data-element_type=\"column\" data-e-type=\"column\">\n\t\t\t<div class=\"elementor-widget-wrap elementor-element-populated\">\n\t\t\t\t\t\t<div class=\"elementor-element elementor-element-58c0866 elementor-widget elementor-widget-image\" data-id=\"58c0866\" data-element_type=\"widget\" data-e-type=\"widget\" data-widget_type=\"image.default\">\n\t\t\t\t<div class=\"elementor-widget-container\">\n\t\t\t\t\t\t\t\t\t\t\t\t\t\t\t<img fetchpriority=\"high\" decoding=\"async\" width=\"640\" height=\"800\" src=\"https:\/\/unaymilletras.com\/wp-content\/uploads\/2023\/05\/trueno-sp-819x1024.jpeg\" class=\"attachment-large size-large wp-image-465\" alt=\"\" srcset=\"https:\/\/unaymilletras.com\/wp-content\/uploads\/2023\/05\/trueno-sp-819x1024.jpeg 819w, https:\/\/unaymilletras.com\/wp-content\/uploads\/2023\/05\/trueno-sp-240x300.jpeg 240w, https:\/\/unaymilletras.com\/wp-content\/uploads\/2023\/05\/trueno-sp-768x960.jpeg 768w, https:\/\/unaymilletras.com\/wp-content\/uploads\/2023\/05\/trueno-sp-1024x1280.jpeg 1024w, https:\/\/unaymilletras.com\/wp-content\/uploads\/2023\/05\/trueno-sp.jpeg 1080w\" sizes=\"(max-width: 640px) 100vw, 640px\" \/>\t\t\t\t\t\t\t\t\t\t\t\t\t\t\t<\/div>\n\t\t\t\t<\/div>\n\t\t\t\t\t<\/div>\n\t\t<\/div>\n\t\t\t\t<div class=\"elementor-column elementor-col-50 elementor-top-column elementor-element elementor-element-54ce65f\" data-id=\"54ce65f\" data-element_type=\"column\" data-e-type=\"column\">\n\t\t\t<div class=\"elementor-widget-wrap elementor-element-populated\">\n\t\t\t\t\t\t<div class=\"elementor-element elementor-element-63fc103 elementor-widget elementor-widget-text-editor\" data-id=\"63fc103\" data-element_type=\"widget\" data-e-type=\"widget\" data-widget_type=\"text-editor.default\">\n\t\t\t\t<div class=\"elementor-widget-container\">\n\t\t\t\t\t\t\t\t\t<p>02\/06\/2023 &#8211; Primavera Sound, Barcelona<br \/>04\/06\/2023 &#8211; Pabell\u00f3n Municipal, Granada<br \/>07\/06\/2023 &#8211; Cartuja Center, Sevilla<br \/>09\/06\/2023 &#8211; Primavera Sound, Madrid<br \/>11\/06\/2023 &#8211; Paris 15, M\u00e1laga<br \/>16\/06\/2023 &#8211; O Son Do Camino, Stg, de Compostela<\/p>\t\t\t\t\t\t\t\t<\/div>\n\t\t\t\t<\/div>\n\t\t\t\t\t<\/div>\n\t\t<\/div>\n\t\t\t\t\t<\/div>\n\t\t<\/section>\n\t\t\t\t<section class=\"elementor-section elementor-top-section elementor-element elementor-element-2de9654 elementor-section-boxed elementor-section-height-default elementor-section-height-default\" data-id=\"2de9654\" data-element_type=\"section\" data-e-type=\"section\">\n\t\t\t\t\t\t<div class=\"elementor-container elementor-column-gap-default\">\n\t\t\t\t\t<div class=\"elementor-column elementor-col-100 elementor-top-column elementor-element elementor-element-969338b\" data-id=\"969338b\" data-element_type=\"column\" data-e-type=\"column\">\n\t\t\t<div class=\"elementor-widget-wrap elementor-element-populated\">\n\t\t\t\t\t\t<div class=\"elementor-element elementor-element-fdf3ac2 elementor-widget elementor-widget-text-editor\" data-id=\"fdf3ac2\" data-element_type=\"widget\" data-e-type=\"widget\" data-widget_type=\"text-editor.default\">\n\t\t\t\t<div class=\"elementor-widget-container\">\n\t\t\t\t\t\t\t\t\t<p><strong>Primavera Sound<br \/><\/strong>Se trata de un\u00a0<a href=\"https:\/\/www.primaverasound.com\/es\/primavera-sound-barcelona-madrid-2023\">festival<\/a>\u00a0espa\u00f1ol que se celebra desde el a\u00f1o 2001 y suele darse entre finales de mayo y primeros de junio en\u00a0<strong>Madrid\u00a0<\/strong>y\u00a0<strong>Barcelona<\/strong>. Adem\u00e1s, tambi\u00e9n se celebra en otros pa\u00edses como Portugal o Argentina. Tiene lugar al aire libre y en su cartel junta a artistas referentes en el g\u00e9nero pop y rock, pero tambi\u00e9n incluye tendencias\u00a0<em>underground\u00a0<\/em>o electr\u00f3nica. Por su escenario han pasado incontables artistas del tama\u00f1o de<strong>\u00a0Artic Monkeys<\/strong>,\u00a0<strong>J Balvin<\/strong>\u00a0o<strong>\u00a0Dua Lipa<\/strong>.<\/p><p>Este a\u00f1o tendr\u00e1 lugar en Barcelona del 1 al 3 de junio y del 8 al 10 de junio en Madrid.<\/p>\t\t\t\t\t\t\t\t<\/div>\n\t\t\t\t<\/div>\n\t\t\t\t\t<\/div>\n\t\t<\/div>\n\t\t\t\t\t<\/div>\n\t\t<\/section>\n\t\t\t\t<section class=\"elementor-section elementor-top-section elementor-element elementor-element-6563163 elementor-section-boxed elementor-section-height-default elementor-section-height-default\" data-id=\"6563163\" data-element_type=\"section\" data-e-type=\"section\">\n\t\t\t\t\t\t<div class=\"elementor-container elementor-column-gap-default\">\n\t\t\t\t\t<div class=\"elementor-column elementor-col-50 elementor-top-column elementor-element elementor-element-5ca9d6b\" data-id=\"5ca9d6b\" data-element_type=\"column\" data-e-type=\"column\">\n\t\t\t<div class=\"elementor-widget-wrap elementor-element-populated\">\n\t\t\t\t\t\t<div class=\"elementor-element elementor-element-2450380 elementor-widget elementor-widget-image\" data-id=\"2450380\" data-element_type=\"widget\" data-e-type=\"widget\" data-widget_type=\"image.default\">\n\t\t\t\t<div class=\"elementor-widget-container\">\n\t\t\t\t\t\t\t\t\t\t\t\t\t\t\t<img decoding=\"async\" width=\"640\" height=\"800\" src=\"https:\/\/unaymilletras.com\/wp-content\/uploads\/2023\/05\/ps-bcn-819x1024.jpeg\" class=\"attachment-large size-large wp-image-468\" alt=\"\" srcset=\"https:\/\/unaymilletras.com\/wp-content\/uploads\/2023\/05\/ps-bcn-819x1024.jpeg 819w, https:\/\/unaymilletras.com\/wp-content\/uploads\/2023\/05\/ps-bcn-e1683315967809-240x300.jpeg 240w, https:\/\/unaymilletras.com\/wp-content\/uploads\/2023\/05\/ps-bcn-768x960.jpeg 768w, https:\/\/unaymilletras.com\/wp-content\/uploads\/2023\/05\/ps-bcn-1229x1536.jpeg 1229w, https:\/\/unaymilletras.com\/wp-content\/uploads\/2023\/05\/ps-bcn-1639x2048.jpeg 1639w, https:\/\/unaymilletras.com\/wp-content\/uploads\/2023\/05\/ps-bcn-1024x1280.jpeg 1024w, https:\/\/unaymilletras.com\/wp-content\/uploads\/2023\/05\/ps-bcn-e1683315967809.jpeg 600w\" sizes=\"(max-width: 640px) 100vw, 640px\" \/>\t\t\t\t\t\t\t\t\t\t\t\t\t\t\t<\/div>\n\t\t\t\t<\/div>\n\t\t\t\t\t<\/div>\n\t\t<\/div>\n\t\t\t\t<div class=\"elementor-column elementor-col-50 elementor-top-column elementor-element elementor-element-ea2de55\" data-id=\"ea2de55\" data-element_type=\"column\" data-e-type=\"column\">\n\t\t\t<div class=\"elementor-widget-wrap elementor-element-populated\">\n\t\t\t\t\t\t<div class=\"elementor-element elementor-element-67a159a elementor-widget elementor-widget-image\" data-id=\"67a159a\" data-element_type=\"widget\" data-e-type=\"widget\" data-widget_type=\"image.default\">\n\t\t\t\t<div class=\"elementor-widget-container\">\n\t\t\t\t\t\t\t\t\t\t\t\t\t\t\t<img decoding=\"async\" width=\"640\" height=\"800\" src=\"https:\/\/unaymilletras.com\/wp-content\/uploads\/2023\/05\/ps-madrid-819x1024.jpeg\" class=\"attachment-large size-large wp-image-466\" alt=\"\" srcset=\"https:\/\/unaymilletras.com\/wp-content\/uploads\/2023\/05\/ps-madrid-819x1024.jpeg 819w, https:\/\/unaymilletras.com\/wp-content\/uploads\/2023\/05\/ps-madrid-e1683315960820-240x300.jpeg 240w, https:\/\/unaymilletras.com\/wp-content\/uploads\/2023\/05\/ps-madrid-768x960.jpeg 768w, https:\/\/unaymilletras.com\/wp-content\/uploads\/2023\/05\/ps-madrid-1229x1536.jpeg 1229w, https:\/\/unaymilletras.com\/wp-content\/uploads\/2023\/05\/ps-madrid-1639x2048.jpeg 1639w, https:\/\/unaymilletras.com\/wp-content\/uploads\/2023\/05\/ps-madrid-1024x1280.jpeg 1024w, https:\/\/unaymilletras.com\/wp-content\/uploads\/2023\/05\/ps-madrid-e1683315960820.jpeg 600w\" sizes=\"(max-width: 640px) 100vw, 640px\" \/>\t\t\t\t\t\t\t\t\t\t\t\t\t\t\t<\/div>\n\t\t\t\t<\/div>\n\t\t\t\t\t<\/div>\n\t\t<\/div>\n\t\t\t\t\t<\/div>\n\t\t<\/section>\n\t\t\t\t<section class=\"elementor-section elementor-top-section elementor-element elementor-element-de527f5 elementor-section-boxed elementor-section-height-default elementor-section-height-default\" data-id=\"de527f5\" data-element_type=\"section\" data-e-type=\"section\">\n\t\t\t\t\t\t<div class=\"elementor-container elementor-column-gap-default\">\n\t\t\t\t\t<div class=\"elementor-column elementor-col-100 elementor-top-column elementor-element elementor-element-4ec8bbe\" data-id=\"4ec8bbe\" data-element_type=\"column\" data-e-type=\"column\">\n\t\t\t<div class=\"elementor-widget-wrap elementor-element-populated\">\n\t\t\t\t\t\t<div class=\"elementor-element elementor-element-bd475c0 elementor-widget elementor-widget-text-editor\" data-id=\"bd475c0\" data-element_type=\"widget\" data-e-type=\"widget\" data-widget_type=\"text-editor.default\">\n\t\t\t\t<div class=\"elementor-widget-container\">\n\t\t\t\t\t\t\t\t\t<p><strong>O son do Cami\u00f1o<\/strong><br \/>Se trata de un\u00a0<a href=\"https:\/\/landingpage.osondocamino.es\/\">festival<\/a>\u00a0gallego celebrado en\u00a0<strong>Monte do Gozo<\/strong>, un lugar a las afueras de\u00a0<strong>Santiago de Compostela<\/strong>. Este a\u00f1o tendr\u00e1 lugar del 15 al 17 de junio. Comenz\u00f3 en el a\u00f1o 2018 y este a\u00f1o se llevar\u00e1 a cabo su cuarta edici\u00f3n. A pesar de su corta trayectoria, ha conseguido acoger a artistas como\u00a0<strong>Martin Garrix<\/strong>\u00a0o\u00a0<strong>C. Tangana<\/strong>.<\/p>\t\t\t\t\t\t\t\t<\/div>\n\t\t\t\t<\/div>\n\t\t\t\t\t<\/div>\n\t\t<\/div>\n\t\t\t\t\t<\/div>\n\t\t<\/section>\n\t\t\t\t<section class=\"elementor-section elementor-top-section elementor-element elementor-element-63b2146 elementor-section-boxed elementor-section-height-default elementor-section-height-default\" data-id=\"63b2146\" data-element_type=\"section\" data-e-type=\"section\">\n\t\t\t\t\t\t<div class=\"elementor-container elementor-column-gap-default\">\n\t\t\t\t\t<div class=\"elementor-column elementor-col-100 elementor-top-column elementor-element elementor-element-5dd7c81\" data-id=\"5dd7c81\" data-element_type=\"column\" data-e-type=\"column\">\n\t\t\t<div class=\"elementor-widget-wrap elementor-element-populated\">\n\t\t\t\t\t\t<div class=\"elementor-element elementor-element-19f08ec elementor-widget elementor-widget-image\" data-id=\"19f08ec\" data-element_type=\"widget\" data-e-type=\"widget\" data-widget_type=\"image.default\">\n\t\t\t\t<div class=\"elementor-widget-container\">\n\t\t\t\t\t\t\t\t\t\t\t\t\t\t\t<img loading=\"lazy\" decoding=\"async\" width=\"640\" height=\"800\" src=\"https:\/\/unaymilletras.com\/wp-content\/uploads\/2023\/05\/cartel-o-son-do-camino-2023-819x1024.jpg\" class=\"attachment-large size-large wp-image-471\" alt=\"\" srcset=\"https:\/\/unaymilletras.com\/wp-content\/uploads\/2023\/05\/cartel-o-son-do-camino-2023-819x1024.jpg 819w, https:\/\/unaymilletras.com\/wp-content\/uploads\/2023\/05\/cartel-o-son-do-camino-2023-240x300.jpg 240w, https:\/\/unaymilletras.com\/wp-content\/uploads\/2023\/05\/cartel-o-son-do-camino-2023-768x960.jpg 768w, https:\/\/unaymilletras.com\/wp-content\/uploads\/2023\/05\/cartel-o-son-do-camino-2023.jpg 1000w\" sizes=\"(max-width: 640px) 100vw, 640px\" \/>\t\t\t\t\t\t\t\t\t\t\t\t\t\t\t<\/div>\n\t\t\t\t<\/div>\n\t\t\t\t\t<\/div>\n\t\t<\/div>\n\t\t\t\t\t<\/div>\n\t\t<\/section>\n\t\t\t\t<\/div>","protected":false},"excerpt":{"rendered":"<p>En rapero argentino Trueno estar\u00e1 presente en varios carteles de festivales alrededor de todo el pa\u00eds este verano Hace un par de d\u00edas\u00a0Trueno\u00a0anunciaba por sus historias de\u00a0Instagram\u00a0que ten\u00eda una sorpresa preparada para Espa\u00f1a. Ayer colgaba en sus redes sociales el cartel de los sitios que visitar\u00eda el pr\u00f3ximo mes de junio. A principio de 2021 [&hellip;]<\/p>\n","protected":false},"author":1,"featured_media":465,"comment_status":"open","ping_status":"open","sticky":false,"template":"","format":"standard","meta":{"footnotes":""},"categories":[4],"tags":[],"class_list":["post-462","post","type-post","status-publish","format-standard","has-post-thumbnail","hentry","category-musica"],"yoast_head":"<!-- This site is optimized with the Yoast SEO plugin v27.4 - https:\/\/yoast.com\/product\/yoast-seo-wordpress\/ -->\n<title>Trueno vuelve a Espa\u00f1a este verano &#8902; Una y Mil Letras<\/title>\n<meta name=\"description\" content=\"En rapero argentino Trueno estar\u00e1 presente en varios carteles de festivales alrededor de todo el pa\u00eds este verano\" \/>\n<meta name=\"robots\" content=\"index, follow, max-snippet:-1, max-image-preview:large, max-video-preview:-1\" \/>\n<link rel=\"canonical\" href=\"https:\/\/unaymilletras.com\/en\/trueno-llega-a-espana-este-verano\/\" \/>\n<meta property=\"og:locale\" content=\"en_GB\" \/>\n<meta property=\"og:type\" content=\"article\" \/>\n<meta property=\"og:title\" content=\"Trueno vuelve a Espa\u00f1a este verano &#8902; Una y Mil Letras\" \/>\n<meta property=\"og:description\" content=\"En rapero argentino Trueno estar\u00e1 presente en varios carteles de festivales alrededor de todo el pa\u00eds este verano\" \/>\n<meta property=\"og:url\" content=\"https:\/\/unaymilletras.com\/en\/trueno-llega-a-espana-este-verano\/\" \/>\n<meta property=\"og:site_name\" content=\"Una y Mil Letras\" \/>\n<meta property=\"article:published_time\" content=\"2023-05-03T16:50:39+00:00\" \/>\n<meta property=\"article:modified_time\" content=\"2023-05-05T19:50:40+00:00\" \/>\n<meta property=\"og:image\" content=\"https:\/\/unaymilletras.com\/wp-content\/uploads\/2023\/05\/trueno-sp.jpeg\" \/>\n\t<meta property=\"og:image:width\" content=\"1080\" \/>\n\t<meta property=\"og:image:height\" content=\"1350\" \/>\n\t<meta property=\"og:image:type\" content=\"image\/jpeg\" \/>\n<meta name=\"author\" content=\"Maria Gil Robledo\" \/>\n<meta name=\"twitter:card\" content=\"summary_large_image\" \/>\n<meta name=\"twitter:creator\" content=\"@UnaYMilLetras\" \/>\n<meta name=\"twitter:site\" content=\"@UnaYMilLetras\" \/>\n<meta name=\"twitter:label1\" content=\"Written by\" \/>\n\t<meta name=\"twitter:data1\" content=\"Maria Gil Robledo\" \/>\n\t<meta name=\"twitter:label2\" content=\"Estimated reading time\" \/>\n\t<meta name=\"twitter:data2\" content=\"3 minutes\" \/>\n<script type=\"application\/ld+json\" class=\"yoast-schema-graph\">{\"@context\":\"https:\\\/\\\/schema.org\",\"@graph\":[{\"@type\":\"Article\",\"@id\":\"https:\\\/\\\/unaymilletras.com\\\/trueno-llega-a-espana-este-verano\\\/#article\",\"isPartOf\":{\"@id\":\"https:\\\/\\\/unaymilletras.com\\\/trueno-llega-a-espana-este-verano\\\/\"},\"author\":{\"name\":\"Maria Gil Robledo\",\"@id\":\"http:\\\/\\\/unaymilletras.com\\\/#\\\/schema\\\/person\\\/d55ba681b8a4e463d8982dbe36a5dc94\"},\"headline\":\"Trueno vuelve a Espa\u00f1a este verano\",\"datePublished\":\"2023-05-03T16:50:39+00:00\",\"dateModified\":\"2023-05-05T19:50:40+00:00\",\"mainEntityOfPage\":{\"@id\":\"https:\\\/\\\/unaymilletras.com\\\/trueno-llega-a-espana-este-verano\\\/\"},\"wordCount\":316,\"commentCount\":0,\"publisher\":{\"@id\":\"http:\\\/\\\/unaymilletras.com\\\/#organization\"},\"image\":{\"@id\":\"https:\\\/\\\/unaymilletras.com\\\/trueno-llega-a-espana-este-verano\\\/#primaryimage\"},\"thumbnailUrl\":\"https:\\\/\\\/unaymilletras.com\\\/wp-content\\\/uploads\\\/2023\\\/05\\\/trueno-sp.jpeg\",\"articleSection\":[\"M\u00fasica\"],\"inLanguage\":\"en-GB\",\"potentialAction\":[{\"@type\":\"CommentAction\",\"name\":\"Comment\",\"target\":[\"https:\\\/\\\/unaymilletras.com\\\/trueno-llega-a-espana-este-verano\\\/#respond\"]}]},{\"@type\":\"WebPage\",\"@id\":\"https:\\\/\\\/unaymilletras.com\\\/trueno-llega-a-espana-este-verano\\\/\",\"url\":\"https:\\\/\\\/unaymilletras.com\\\/trueno-llega-a-espana-este-verano\\\/\",\"name\":\"Trueno vuelve a Espa\u00f1a este verano &#8902; Una y Mil Letras\",\"isPartOf\":{\"@id\":\"http:\\\/\\\/unaymilletras.com\\\/#website\"},\"primaryImageOfPage\":{\"@id\":\"https:\\\/\\\/unaymilletras.com\\\/trueno-llega-a-espana-este-verano\\\/#primaryimage\"},\"image\":{\"@id\":\"https:\\\/\\\/unaymilletras.com\\\/trueno-llega-a-espana-este-verano\\\/#primaryimage\"},\"thumbnailUrl\":\"https:\\\/\\\/unaymilletras.com\\\/wp-content\\\/uploads\\\/2023\\\/05\\\/trueno-sp.jpeg\",\"datePublished\":\"2023-05-03T16:50:39+00:00\",\"dateModified\":\"2023-05-05T19:50:40+00:00\",\"description\":\"En rapero argentino Trueno estar\u00e1 presente en varios carteles de festivales alrededor de todo el pa\u00eds este verano\",\"breadcrumb\":{\"@id\":\"https:\\\/\\\/unaymilletras.com\\\/trueno-llega-a-espana-este-verano\\\/#breadcrumb\"},\"inLanguage\":\"en-GB\",\"potentialAction\":[{\"@type\":\"ReadAction\",\"target\":[\"https:\\\/\\\/unaymilletras.com\\\/trueno-llega-a-espana-este-verano\\\/\"]}]},{\"@type\":\"ImageObject\",\"inLanguage\":\"en-GB\",\"@id\":\"https:\\\/\\\/unaymilletras.com\\\/trueno-llega-a-espana-este-verano\\\/#primaryimage\",\"url\":\"https:\\\/\\\/unaymilletras.com\\\/wp-content\\\/uploads\\\/2023\\\/05\\\/trueno-sp.jpeg\",\"contentUrl\":\"https:\\\/\\\/unaymilletras.com\\\/wp-content\\\/uploads\\\/2023\\\/05\\\/trueno-sp.jpeg\",\"width\":1080,\"height\":1350},{\"@type\":\"BreadcrumbList\",\"@id\":\"https:\\\/\\\/unaymilletras.com\\\/trueno-llega-a-espana-este-verano\\\/#breadcrumb\",\"itemListElement\":[{\"@type\":\"ListItem\",\"position\":1,\"name\":\"Home\",\"item\":\"http:\\\/\\\/unaymilletras.com\\\/\"},{\"@type\":\"ListItem\",\"position\":2,\"name\":\"Trueno vuelve a Espa\u00f1a este verano\"}]},{\"@type\":\"WebSite\",\"@id\":\"http:\\\/\\\/unaymilletras.com\\\/#website\",\"url\":\"http:\\\/\\\/unaymilletras.com\\\/\",\"name\":\"Una y Mil Letras\",\"description\":\"\",\"publisher\":{\"@id\":\"http:\\\/\\\/unaymilletras.com\\\/#organization\"},\"potentialAction\":[{\"@type\":\"SearchAction\",\"target\":{\"@type\":\"EntryPoint\",\"urlTemplate\":\"http:\\\/\\\/unaymilletras.com\\\/?s={search_term_string}\"},\"query-input\":{\"@type\":\"PropertyValueSpecification\",\"valueRequired\":true,\"valueName\":\"search_term_string\"}}],\"inLanguage\":\"en-GB\"},{\"@type\":\"Organization\",\"@id\":\"http:\\\/\\\/unaymilletras.com\\\/#organization\",\"name\":\"Una y Mil Letras\",\"url\":\"http:\\\/\\\/unaymilletras.com\\\/\",\"logo\":{\"@type\":\"ImageObject\",\"inLanguage\":\"en-GB\",\"@id\":\"http:\\\/\\\/unaymilletras.com\\\/#\\\/schema\\\/logo\\\/image\\\/\",\"url\":\"https:\\\/\\\/unaymilletras.com\\\/wp-content\\\/uploads\\\/2024\\\/06\\\/cropped-Logo-removebg-preview.png\",\"contentUrl\":\"https:\\\/\\\/unaymilletras.com\\\/wp-content\\\/uploads\\\/2024\\\/06\\\/cropped-Logo-removebg-preview.png\",\"width\":512,\"height\":512,\"caption\":\"Una y Mil Letras\"},\"image\":{\"@id\":\"http:\\\/\\\/unaymilletras.com\\\/#\\\/schema\\\/logo\\\/image\\\/\"},\"sameAs\":[\"https:\\\/\\\/x.com\\\/UnaYMilLetras\",\"https:\\\/\\\/instagram.com\\\/UnaYMilLetras\"]},{\"@type\":\"Person\",\"@id\":\"http:\\\/\\\/unaymilletras.com\\\/#\\\/schema\\\/person\\\/d55ba681b8a4e463d8982dbe36a5dc94\",\"name\":\"Maria Gil Robledo\",\"image\":{\"@type\":\"ImageObject\",\"inLanguage\":\"en-GB\",\"@id\":\"https:\\\/\\\/secure.gravatar.com\\\/avatar\\\/4b8e5102e0015789407eb4870b12f0f2857952d83ca124058f92b764bd1840c3?s=96&d=mm&r=g\",\"url\":\"https:\\\/\\\/secure.gravatar.com\\\/avatar\\\/4b8e5102e0015789407eb4870b12f0f2857952d83ca124058f92b764bd1840c3?s=96&d=mm&r=g\",\"contentUrl\":\"https:\\\/\\\/secure.gravatar.com\\\/avatar\\\/4b8e5102e0015789407eb4870b12f0f2857952d83ca124058f92b764bd1840c3?s=96&d=mm&r=g\",\"caption\":\"Maria Gil Robledo\"},\"sameAs\":[\"http:\\\/\\\/unaymilletras.com\"],\"url\":\"https:\\\/\\\/unaymilletras.com\\\/en\\\/author\\\/mariiagiil02_\\\/\"}]}<\/script>\n<!-- \/ Yoast SEO plugin. -->","yoast_head_json":{"title":"Trueno vuelve a Espa\u00f1a este verano &#8902; Una y Mil Letras","description":"En rapero argentino Trueno estar\u00e1 presente en varios carteles de festivales alrededor de todo el pa\u00eds este verano","robots":{"index":"index","follow":"follow","max-snippet":"max-snippet:-1","max-image-preview":"max-image-preview:large","max-video-preview":"max-video-preview:-1"},"canonical":"https:\/\/unaymilletras.com\/en\/trueno-llega-a-espana-este-verano\/","og_locale":"en_GB","og_type":"article","og_title":"Trueno vuelve a Espa\u00f1a este verano &#8902; Una y Mil Letras","og_description":"En rapero argentino Trueno estar\u00e1 presente en varios carteles de festivales alrededor de todo el pa\u00eds este verano","og_url":"https:\/\/unaymilletras.com\/en\/trueno-llega-a-espana-este-verano\/","og_site_name":"Una y Mil Letras","article_published_time":"2023-05-03T16:50:39+00:00","article_modified_time":"2023-05-05T19:50:40+00:00","og_image":[{"width":1080,"height":1350,"url":"https:\/\/unaymilletras.com\/wp-content\/uploads\/2023\/05\/trueno-sp.jpeg","type":"image\/jpeg"}],"author":"Maria Gil Robledo","twitter_card":"summary_large_image","twitter_creator":"@UnaYMilLetras","twitter_site":"@UnaYMilLetras","twitter_misc":{"Written by":"Maria Gil Robledo","Estimated reading time":"3 minutes"},"schema":{"@context":"https:\/\/schema.org","@graph":[{"@type":"Article","@id":"https:\/\/unaymilletras.com\/trueno-llega-a-espana-este-verano\/#article","isPartOf":{"@id":"https:\/\/unaymilletras.com\/trueno-llega-a-espana-este-verano\/"},"author":{"name":"Maria Gil Robledo","@id":"http:\/\/unaymilletras.com\/#\/schema\/person\/d55ba681b8a4e463d8982dbe36a5dc94"},"headline":"Trueno vuelve a Espa\u00f1a este verano","datePublished":"2023-05-03T16:50:39+00:00","dateModified":"2023-05-05T19:50:40+00:00","mainEntityOfPage":{"@id":"https:\/\/unaymilletras.com\/trueno-llega-a-espana-este-verano\/"},"wordCount":316,"commentCount":0,"publisher":{"@id":"http:\/\/unaymilletras.com\/#organization"},"image":{"@id":"https:\/\/unaymilletras.com\/trueno-llega-a-espana-este-verano\/#primaryimage"},"thumbnailUrl":"https:\/\/unaymilletras.com\/wp-content\/uploads\/2023\/05\/trueno-sp.jpeg","articleSection":["M\u00fasica"],"inLanguage":"en-GB","potentialAction":[{"@type":"CommentAction","name":"Comment","target":["https:\/\/unaymilletras.com\/trueno-llega-a-espana-este-verano\/#respond"]}]},{"@type":"WebPage","@id":"https:\/\/unaymilletras.com\/trueno-llega-a-espana-este-verano\/","url":"https:\/\/unaymilletras.com\/trueno-llega-a-espana-este-verano\/","name":"Trueno vuelve a Espa\u00f1a este verano &#8902; Una y Mil Letras","isPartOf":{"@id":"http:\/\/unaymilletras.com\/#website"},"primaryImageOfPage":{"@id":"https:\/\/unaymilletras.com\/trueno-llega-a-espana-este-verano\/#primaryimage"},"image":{"@id":"https:\/\/unaymilletras.com\/trueno-llega-a-espana-este-verano\/#primaryimage"},"thumbnailUrl":"https:\/\/unaymilletras.com\/wp-content\/uploads\/2023\/05\/trueno-sp.jpeg","datePublished":"2023-05-03T16:50:39+00:00","dateModified":"2023-05-05T19:50:40+00:00","description":"En rapero argentino Trueno estar\u00e1 presente en varios carteles de festivales alrededor de todo el pa\u00eds este verano","breadcrumb":{"@id":"https:\/\/unaymilletras.com\/trueno-llega-a-espana-este-verano\/#breadcrumb"},"inLanguage":"en-GB","potentialAction":[{"@type":"ReadAction","target":["https:\/\/unaymilletras.com\/trueno-llega-a-espana-este-verano\/"]}]},{"@type":"ImageObject","inLanguage":"en-GB","@id":"https:\/\/unaymilletras.com\/trueno-llega-a-espana-este-verano\/#primaryimage","url":"https:\/\/unaymilletras.com\/wp-content\/uploads\/2023\/05\/trueno-sp.jpeg","contentUrl":"https:\/\/unaymilletras.com\/wp-content\/uploads\/2023\/05\/trueno-sp.jpeg","width":1080,"height":1350},{"@type":"BreadcrumbList","@id":"https:\/\/unaymilletras.com\/trueno-llega-a-espana-este-verano\/#breadcrumb","itemListElement":[{"@type":"ListItem","position":1,"name":"Home","item":"http:\/\/unaymilletras.com\/"},{"@type":"ListItem","position":2,"name":"Trueno vuelve a Espa\u00f1a este verano"}]},{"@type":"WebSite","@id":"http:\/\/unaymilletras.com\/#website","url":"http:\/\/unaymilletras.com\/","name":"Una y Mil Letras","description":"","publisher":{"@id":"http:\/\/unaymilletras.com\/#organization"},"potentialAction":[{"@type":"SearchAction","target":{"@type":"EntryPoint","urlTemplate":"http:\/\/unaymilletras.com\/?s={search_term_string}"},"query-input":{"@type":"PropertyValueSpecification","valueRequired":true,"valueName":"search_term_string"}}],"inLanguage":"en-GB"},{"@type":"Organization","@id":"http:\/\/unaymilletras.com\/#organization","name":"Una y Mil Letras","url":"http:\/\/unaymilletras.com\/","logo":{"@type":"ImageObject","inLanguage":"en-GB","@id":"http:\/\/unaymilletras.com\/#\/schema\/logo\/image\/","url":"https:\/\/unaymilletras.com\/wp-content\/uploads\/2024\/06\/cropped-Logo-removebg-preview.png","contentUrl":"https:\/\/unaymilletras.com\/wp-content\/uploads\/2024\/06\/cropped-Logo-removebg-preview.png","width":512,"height":512,"caption":"Una y Mil Letras"},"image":{"@id":"http:\/\/unaymilletras.com\/#\/schema\/logo\/image\/"},"sameAs":["https:\/\/x.com\/UnaYMilLetras","https:\/\/instagram.com\/UnaYMilLetras"]},{"@type":"Person","@id":"http:\/\/unaymilletras.com\/#\/schema\/person\/d55ba681b8a4e463d8982dbe36a5dc94","name":"Maria Gil Robledo","image":{"@type":"ImageObject","inLanguage":"en-GB","@id":"https:\/\/secure.gravatar.com\/avatar\/4b8e5102e0015789407eb4870b12f0f2857952d83ca124058f92b764bd1840c3?s=96&d=mm&r=g","url":"https:\/\/secure.gravatar.com\/avatar\/4b8e5102e0015789407eb4870b12f0f2857952d83ca124058f92b764bd1840c3?s=96&d=mm&r=g","contentUrl":"https:\/\/secure.gravatar.com\/avatar\/4b8e5102e0015789407eb4870b12f0f2857952d83ca124058f92b764bd1840c3?s=96&d=mm&r=g","caption":"Maria Gil Robledo"},"sameAs":["http:\/\/unaymilletras.com"],"url":"https:\/\/unaymilletras.com\/en\/author\/mariiagiil02_\/"}]}},"_links":{"self":[{"href":"https:\/\/unaymilletras.com\/en\/wp-json\/wp\/v2\/posts\/462","targetHints":{"allow":["GET"]}}],"collection":[{"href":"https:\/\/unaymilletras.com\/en\/wp-json\/wp\/v2\/posts"}],"about":[{"href":"https:\/\/unaymilletras.com\/en\/wp-json\/wp\/v2\/types\/post"}],"author":[{"embeddable":true,"href":"https:\/\/unaymilletras.com\/en\/wp-json\/wp\/v2\/users\/1"}],"replies":[{"embeddable":true,"href":"https:\/\/unaymilletras.com\/en\/wp-json\/wp\/v2\/comments?post=462"}],"version-history":[{"count":10,"href":"https:\/\/unaymilletras.com\/en\/wp-json\/wp\/v2\/posts\/462\/revisions"}],"predecessor-version":[{"id":535,"href":"https:\/\/unaymilletras.com\/en\/wp-json\/wp\/v2\/posts\/462\/revisions\/535"}],"wp:featuredmedia":[{"embeddable":true,"href":"https:\/\/unaymilletras.com\/en\/wp-json\/wp\/v2\/media\/465"}],"wp:attachment":[{"href":"https:\/\/unaymilletras.com\/en\/wp-json\/wp\/v2\/media?parent=462"}],"wp:term":[{"taxonomy":"category","embeddable":true,"href":"https:\/\/unaymilletras.com\/en\/wp-json\/wp\/v2\/categories?post=462"},{"taxonomy":"post_tag","embeddable":true,"href":"https:\/\/unaymilletras.com\/en\/wp-json\/wp\/v2\/tags?post=462"}],"curies":[{"name":"wp","href":"https:\/\/api.w.org\/{rel}","templated":true}]}}