{"id":4621,"date":"2025-05-14T20:56:39","date_gmt":"2025-05-14T18:56:39","guid":{"rendered":"https:\/\/unaymilletras.com\/?p=4621"},"modified":"2025-05-18T16:44:45","modified_gmt":"2025-05-18T14:44:45","slug":"el-chojin-y-dani-martin-lanzan-dejales-que-hablen-uniendo-rap-y-pop","status":"publish","type":"post","link":"https:\/\/unaymilletras.com\/en\/el-chojin-y-dani-martin-lanzan-dejales-que-hablen-uniendo-rap-y-pop\/","title":{"rendered":"El Chojin y Dani Mart\u00edn lanzan \u201cD\u00e9jales que hablen\u201d, uniendo rap y pop"},"content":{"rendered":"<div data-elementor-type=\"wp-post\" data-elementor-id=\"4621\" class=\"elementor elementor-4621\">\n\t\t\t\t\t\t<section class=\"elementor-section elementor-top-section elementor-element elementor-element-1ad5ec4 elementor-section-boxed elementor-section-height-default elementor-section-height-default\" data-id=\"1ad5ec4\" data-element_type=\"section\" data-e-type=\"section\">\n\t\t\t\t\t\t<div class=\"elementor-container elementor-column-gap-default\">\n\t\t\t\t\t<div class=\"elementor-column elementor-col-100 elementor-top-column elementor-element elementor-element-147541e\" data-id=\"147541e\" data-element_type=\"column\" data-e-type=\"column\">\n\t\t\t<div class=\"elementor-widget-wrap elementor-element-populated\">\n\t\t\t\t\t\t<div class=\"elementor-element elementor-element-d51a5fa elementor-widget elementor-widget-text-editor\" data-id=\"d51a5fa\" data-element_type=\"widget\" data-e-type=\"widget\" data-widget_type=\"text-editor.default\">\n\t\t\t\t<div class=\"elementor-widget-container\">\n\t\t\t\t\t\t\t\t\t<h2 style=\"text-align: center;\"><span style=\"color: #808080;\"><em>El adelanto del pr\u00f3ximo disco de El Chojin, estar\u00e1 disponible el 14 de mayo en todas las plataformas digitales<\/em><\/span><\/h2>\t\t\t\t\t\t\t\t<\/div>\n\t\t\t\t<\/div>\n\t\t\t\t\t<\/div>\n\t\t<\/div>\n\t\t\t\t\t<\/div>\n\t\t<\/section>\n\t\t\t\t<section class=\"elementor-section elementor-top-section elementor-element elementor-element-d4df6f5 elementor-section-boxed elementor-section-height-default elementor-section-height-default\" data-id=\"d4df6f5\" data-element_type=\"section\" data-e-type=\"section\">\n\t\t\t\t\t\t<div class=\"elementor-container elementor-column-gap-default\">\n\t\t\t\t\t<div class=\"elementor-column elementor-col-100 elementor-top-column elementor-element elementor-element-3de66f1\" data-id=\"3de66f1\" data-element_type=\"column\" data-e-type=\"column\">\n\t\t\t<div class=\"elementor-widget-wrap elementor-element-populated\">\n\t\t\t\t\t\t<div class=\"elementor-element elementor-element-da93b48 elementor-widget elementor-widget-text-editor\" data-id=\"da93b48\" data-element_type=\"widget\" data-e-type=\"widget\" data-widget_type=\"text-editor.default\">\n\t\t\t\t<div class=\"elementor-widget-container\">\n\t\t\t\t\t\t\t\t\t<p data-start=\"391\" data-end=\"805\">El Chojin est\u00e1 celebrando su 25\u00ba aniversario en la m\u00fasica por todo lo alto, y lo hace sumando aliados inesperados. En esta ocasi\u00f3n, el rapero madrile\u00f1o une fuerzas con <strong data-start=\"559\" data-end=\"574\">Dani Mart\u00edn<\/strong> en el segundo adelanto de su pr\u00f3ximo disco <em data-start=\"618\" data-end=\"627\">Balance<\/em>. El resultado es <strong data-start=\"645\" data-end=\"669\"><em>D\u00e9jales que hablen<\/em><\/strong>, una canci\u00f3n que mezcla rap, actitud pop y mensaje social, y que estar\u00e1 disponible en todas las plataformas <strong data-start=\"778\" data-end=\"804\">este martes 14 de mayo<\/strong>.<\/p><p data-start=\"807\" data-end=\"1291\">Lejos de ser una colaboraci\u00f3n superficial, El Chojin y Dani Mart\u00edn han conseguido una conexi\u00f3n natural y aut\u00e9ntica. \u201cCuando escuch\u00e9 su \u00faltimo disco, supe que era la persona perfecta para este tema\u201d, explica El Chojin. Ambos comparten algo m\u00e1s que trayectoria: una visi\u00f3n com\u00fan sobre lo que implica hacer m\u00fasica con prop\u00f3sito en una era en la que las cr\u00edticas en redes sociales son inevitables. \u201cLa m\u00fasica sirve si entretiene, pero si adem\u00e1s aporta un mensaje, mejor que mejor\u201d, a\u00f1ade.<\/p>\t\t\t\t\t\t\t\t<\/div>\n\t\t\t\t<\/div>\n\t\t\t\t\t<\/div>\n\t\t<\/div>\n\t\t\t\t\t<\/div>\n\t\t<\/section>\n\t\t\t\t<section class=\"elementor-section elementor-top-section elementor-element elementor-element-f29db6a elementor-section-boxed elementor-section-height-default elementor-section-height-default\" data-id=\"f29db6a\" data-element_type=\"section\" data-e-type=\"section\">\n\t\t\t\t\t\t<div class=\"elementor-container elementor-column-gap-default\">\n\t\t\t\t\t<div class=\"elementor-column elementor-col-100 elementor-top-column elementor-element elementor-element-c3a9a45\" data-id=\"c3a9a45\" data-element_type=\"column\" data-e-type=\"column\">\n\t\t\t<div class=\"elementor-widget-wrap elementor-element-populated\">\n\t\t\t\t\t\t<div class=\"elementor-element elementor-element-6698f43 elementor-widget elementor-widget-image\" data-id=\"6698f43\" data-element_type=\"widget\" data-e-type=\"widget\" data-widget_type=\"image.default\">\n\t\t\t\t<div class=\"elementor-widget-container\">\n\t\t\t\t\t\t\t\t\t\t\t\t\t\t\t<img fetchpriority=\"high\" decoding=\"async\" width=\"640\" height=\"403\" src=\"https:\/\/unaymilletras.com\/wp-content\/uploads\/2025\/05\/image-1.webp\" class=\"attachment-large size-large wp-image-4626\" alt=\"El Chojin\" srcset=\"https:\/\/unaymilletras.com\/wp-content\/uploads\/2025\/05\/image-1.webp 890w, https:\/\/unaymilletras.com\/wp-content\/uploads\/2025\/05\/image-1-300x189.webp 300w, https:\/\/unaymilletras.com\/wp-content\/uploads\/2025\/05\/image-1-768x484.webp 768w, https:\/\/unaymilletras.com\/wp-content\/uploads\/2025\/05\/image-1-18x12.webp 18w\" sizes=\"(max-width: 640px) 100vw, 640px\" \/>\t\t\t\t\t\t\t\t\t\t\t\t\t\t\t<\/div>\n\t\t\t\t<\/div>\n\t\t\t\t\t<\/div>\n\t\t<\/div>\n\t\t\t\t\t<\/div>\n\t\t<\/section>\n\t\t\t\t<section class=\"elementor-section elementor-top-section elementor-element elementor-element-e6c16f2 elementor-section-boxed elementor-section-height-default elementor-section-height-default\" data-id=\"e6c16f2\" data-element_type=\"section\" data-e-type=\"section\">\n\t\t\t\t\t\t<div class=\"elementor-container elementor-column-gap-default\">\n\t\t\t\t\t<div class=\"elementor-column elementor-col-100 elementor-top-column elementor-element elementor-element-59f2bef\" data-id=\"59f2bef\" data-element_type=\"column\" data-e-type=\"column\">\n\t\t\t<div class=\"elementor-widget-wrap elementor-element-populated\">\n\t\t\t\t\t\t<div class=\"elementor-element elementor-element-5177a5f elementor-widget elementor-widget-text-editor\" data-id=\"5177a5f\" data-element_type=\"widget\" data-e-type=\"widget\" data-widget_type=\"text-editor.default\">\n\t\t\t\t<div class=\"elementor-widget-container\">\n\t\t\t\t\t\t\t\t\t<p data-start=\"1293\" data-end=\"1600\">La canci\u00f3n es, en palabras del propio artista, \u201cun paraguas para cuando llueva mala vibra\u201d. Un tema con tono burlesco y desenfadado que convierte las habladur\u00edas y las opiniones ajenas en ruido de fondo. Una forma de quitarle poder a la cr\u00edtica y reivindicar la libertad de ser y de crear sin pedir permiso.<\/p>\n<p data-start=\"1602\" data-end=\"1933\">En lo musical, la colaboraci\u00f3n se arm\u00f3 desde cero con el pianista V\u00edctor El\u00edas, que fue clave para dar con ese tono ligero pero directo. La producci\u00f3n, a cargo de <strong data-start=\"1765\" data-end=\"1798\">Richie Palac\u00edn y Paco Salazar<\/strong>, se complet\u00f3 sin conflictos, con un equipo de lujo que incluye a <strong data-start=\"1864\" data-end=\"1895\">Jaime Vaquero en la bater\u00eda<\/strong> y <strong data-start=\"1898\" data-end=\"1932\">Sendy en la mezcla y m\u00e1stering<\/strong>.<\/p>\n<p data-start=\"1935\" data-end=\"2259\">El lanzamiento se acompa\u00f1ar\u00e1 de un <strong data-start=\"1970\" data-end=\"2013\">videoclip que ver\u00e1 la luz el 16 de mayo<\/strong>, y que refleja el buen rollo de la grabaci\u00f3n. Dirigido con un enfoque l\u00fadico, el v\u00eddeo cuenta con las apariciones estelares de <strong data-start=\"2141\" data-end=\"2190\">Javier Coronas, Emilio Buale y Elena Mart\u00ednez<\/strong>, y refuerza la intenci\u00f3n de la canci\u00f3n: re\u00edrse de lo que no importa.<\/p>\n<p data-start=\"2261\" data-end=\"2589\">Sobre el futuro de la canci\u00f3n en directo, El Chojin ha sido claro: \u201cRotundamente s\u00ed. Solo digo que en diciembre presentamos el disco en Madrid\u201d. Con <em data-start=\"2410\" data-end=\"2419\">Balance<\/em>, su nuevo \u00e1lbum, el rapero promete una serie de colaboraciones que cruzan g\u00e9neros y generaciones, celebrando el respeto y la conexi\u00f3n entre artistas de mundos distintos.<\/p>\n<p data-start=\"2591\" data-end=\"2786\" data-is-last-node=\"\" data-is-only-node=\"\"><i>D\u00e9jales que hablen<\/i>&nbsp;no es solo un sencillo: es una declaraci\u00f3n de principios, una celebraci\u00f3n de la autenticidad y un nuevo paso de El Chojin hacia un disco que, sin duda, dar\u00e1 mucho que hablar.<\/p>\t\t\t\t\t\t\t\t<\/div>\n\t\t\t\t<\/div>\n\t\t\t\t\t<\/div>\n\t\t<\/div>\n\t\t\t\t\t<\/div>\n\t\t<\/section>\n\t\t\t\t<\/div>","protected":false},"excerpt":{"rendered":"<p>El adelanto del pr\u00f3ximo disco de El Chojin, estar\u00e1 disponible el 14 de mayo en todas las plataformas digitales El Chojin est\u00e1 celebrando su 25\u00ba aniversario en la m\u00fasica por todo lo alto, y lo hace sumando aliados inesperados. En esta ocasi\u00f3n, el rapero madrile\u00f1o une fuerzas con Dani Mart\u00edn en el segundo adelanto de [&hellip;]<\/p>\n","protected":false},"author":6,"featured_media":4626,"comment_status":"closed","ping_status":"closed","sticky":false,"template":"","format":"standard","meta":{"footnotes":""},"categories":[4],"tags":[],"class_list":["post-4621","post","type-post","status-publish","format-standard","has-post-thumbnail","hentry","category-musica"],"yoast_head":"<!-- This site is optimized with the Yoast SEO plugin v27.4 - https:\/\/yoast.com\/product\/yoast-seo-wordpress\/ -->\n<title>El Chojin y Dani Mart\u00edn lanzan \u201cD\u00e9jales que hablen\u201d, uniendo rap y pop<\/title>\n<meta name=\"description\" content=\"El adelanto del pr\u00f3ximo disco de El Chojin, estar\u00e1 disponible el 14 de mayo en todas las plataformas digitales\" \/>\n<meta name=\"robots\" content=\"index, follow, max-snippet:-1, max-image-preview:large, max-video-preview:-1\" \/>\n<link rel=\"canonical\" href=\"https:\/\/unaymilletras.com\/en\/el-chojin-y-dani-martin-lanzan-dejales-que-hablen-uniendo-rap-y-pop\/\" \/>\n<meta property=\"og:locale\" content=\"en_GB\" \/>\n<meta property=\"og:type\" content=\"article\" \/>\n<meta property=\"og:title\" content=\"El Chojin y Dani Mart\u00edn lanzan \u201cD\u00e9jales que hablen\u201d, uniendo rap y pop\" \/>\n<meta property=\"og:description\" content=\"El adelanto del pr\u00f3ximo disco de El Chojin, estar\u00e1 disponible el 14 de mayo en todas las plataformas digitales\" \/>\n<meta property=\"og:url\" content=\"https:\/\/unaymilletras.com\/en\/el-chojin-y-dani-martin-lanzan-dejales-que-hablen-uniendo-rap-y-pop\/\" \/>\n<meta property=\"og:site_name\" content=\"Una y Mil Letras\" \/>\n<meta property=\"article:published_time\" content=\"2025-05-14T18:56:39+00:00\" \/>\n<meta property=\"article:modified_time\" content=\"2025-05-18T14:44:45+00:00\" \/>\n<meta property=\"og:image\" content=\"http:\/\/unaymilletras.com\/wp-content\/uploads\/2025\/05\/image-1.webp\" \/>\n\t<meta property=\"og:image:width\" content=\"890\" \/>\n\t<meta property=\"og:image:height\" content=\"561\" \/>\n\t<meta property=\"og:image:type\" content=\"image\/jpeg\" \/>\n<meta name=\"author\" content=\"Redacci\u00f3n\" \/>\n<meta name=\"twitter:card\" content=\"summary_large_image\" \/>\n<meta name=\"twitter:creator\" content=\"@UnaYMilLetras\" \/>\n<meta name=\"twitter:site\" content=\"@UnaYMilLetras\" \/>\n<meta name=\"twitter:label1\" content=\"Written by\" \/>\n\t<meta name=\"twitter:data1\" content=\"Redacci\u00f3n\" \/>\n\t<meta name=\"twitter:label2\" content=\"Estimated reading time\" \/>\n\t<meta name=\"twitter:data2\" content=\"3 minutes\" \/>\n<script type=\"application\/ld+json\" class=\"yoast-schema-graph\">{\"@context\":\"https:\\\/\\\/schema.org\",\"@graph\":[{\"@type\":\"Article\",\"@id\":\"https:\\\/\\\/unaymilletras.com\\\/el-chojin-y-dani-martin-lanzan-dejales-que-hablen-uniendo-rap-y-pop\\\/#article\",\"isPartOf\":{\"@id\":\"https:\\\/\\\/unaymilletras.com\\\/el-chojin-y-dani-martin-lanzan-dejales-que-hablen-uniendo-rap-y-pop\\\/\"},\"author\":{\"name\":\"Redacci\u00f3n\",\"@id\":\"http:\\\/\\\/unaymilletras.com\\\/#\\\/schema\\\/person\\\/0860dc8a218329991ee2c7591f4f849d\"},\"headline\":\"El Chojin y Dani Mart\u00edn lanzan \u201cD\u00e9jales que hablen\u201d, uniendo rap y pop\",\"datePublished\":\"2025-05-14T18:56:39+00:00\",\"dateModified\":\"2025-05-18T14:44:45+00:00\",\"mainEntityOfPage\":{\"@id\":\"https:\\\/\\\/unaymilletras.com\\\/el-chojin-y-dani-martin-lanzan-dejales-que-hablen-uniendo-rap-y-pop\\\/\"},\"wordCount\":483,\"publisher\":{\"@id\":\"http:\\\/\\\/unaymilletras.com\\\/#organization\"},\"image\":{\"@id\":\"https:\\\/\\\/unaymilletras.com\\\/el-chojin-y-dani-martin-lanzan-dejales-que-hablen-uniendo-rap-y-pop\\\/#primaryimage\"},\"thumbnailUrl\":\"https:\\\/\\\/unaymilletras.com\\\/wp-content\\\/uploads\\\/2025\\\/05\\\/image-1.webp\",\"articleSection\":[\"M\u00fasica\"],\"inLanguage\":\"en-GB\"},{\"@type\":\"WebPage\",\"@id\":\"https:\\\/\\\/unaymilletras.com\\\/el-chojin-y-dani-martin-lanzan-dejales-que-hablen-uniendo-rap-y-pop\\\/\",\"url\":\"https:\\\/\\\/unaymilletras.com\\\/el-chojin-y-dani-martin-lanzan-dejales-que-hablen-uniendo-rap-y-pop\\\/\",\"name\":\"El Chojin y Dani Mart\u00edn lanzan \u201cD\u00e9jales que hablen\u201d, uniendo rap y pop\",\"isPartOf\":{\"@id\":\"http:\\\/\\\/unaymilletras.com\\\/#website\"},\"primaryImageOfPage\":{\"@id\":\"https:\\\/\\\/unaymilletras.com\\\/el-chojin-y-dani-martin-lanzan-dejales-que-hablen-uniendo-rap-y-pop\\\/#primaryimage\"},\"image\":{\"@id\":\"https:\\\/\\\/unaymilletras.com\\\/el-chojin-y-dani-martin-lanzan-dejales-que-hablen-uniendo-rap-y-pop\\\/#primaryimage\"},\"thumbnailUrl\":\"https:\\\/\\\/unaymilletras.com\\\/wp-content\\\/uploads\\\/2025\\\/05\\\/image-1.webp\",\"datePublished\":\"2025-05-14T18:56:39+00:00\",\"dateModified\":\"2025-05-18T14:44:45+00:00\",\"description\":\"El adelanto del pr\u00f3ximo disco de El Chojin, estar\u00e1 disponible el 14 de mayo en todas las plataformas digitales\",\"breadcrumb\":{\"@id\":\"https:\\\/\\\/unaymilletras.com\\\/el-chojin-y-dani-martin-lanzan-dejales-que-hablen-uniendo-rap-y-pop\\\/#breadcrumb\"},\"inLanguage\":\"en-GB\",\"potentialAction\":[{\"@type\":\"ReadAction\",\"target\":[\"https:\\\/\\\/unaymilletras.com\\\/el-chojin-y-dani-martin-lanzan-dejales-que-hablen-uniendo-rap-y-pop\\\/\"]}]},{\"@type\":\"ImageObject\",\"inLanguage\":\"en-GB\",\"@id\":\"https:\\\/\\\/unaymilletras.com\\\/el-chojin-y-dani-martin-lanzan-dejales-que-hablen-uniendo-rap-y-pop\\\/#primaryimage\",\"url\":\"https:\\\/\\\/unaymilletras.com\\\/wp-content\\\/uploads\\\/2025\\\/05\\\/image-1.webp\",\"contentUrl\":\"https:\\\/\\\/unaymilletras.com\\\/wp-content\\\/uploads\\\/2025\\\/05\\\/image-1.webp\",\"width\":890,\"height\":561,\"caption\":\"El Chojin\"},{\"@type\":\"BreadcrumbList\",\"@id\":\"https:\\\/\\\/unaymilletras.com\\\/el-chojin-y-dani-martin-lanzan-dejales-que-hablen-uniendo-rap-y-pop\\\/#breadcrumb\",\"itemListElement\":[{\"@type\":\"ListItem\",\"position\":1,\"name\":\"Home\",\"item\":\"http:\\\/\\\/unaymilletras.com\\\/\"},{\"@type\":\"ListItem\",\"position\":2,\"name\":\"El Chojin y Dani Mart\u00edn lanzan \u201cD\u00e9jales que hablen\u201d, uniendo rap y pop\"}]},{\"@type\":\"WebSite\",\"@id\":\"http:\\\/\\\/unaymilletras.com\\\/#website\",\"url\":\"http:\\\/\\\/unaymilletras.com\\\/\",\"name\":\"Una y Mil Letras\",\"description\":\"\",\"publisher\":{\"@id\":\"http:\\\/\\\/unaymilletras.com\\\/#organization\"},\"potentialAction\":[{\"@type\":\"SearchAction\",\"target\":{\"@type\":\"EntryPoint\",\"urlTemplate\":\"http:\\\/\\\/unaymilletras.com\\\/?s={search_term_string}\"},\"query-input\":{\"@type\":\"PropertyValueSpecification\",\"valueRequired\":true,\"valueName\":\"search_term_string\"}}],\"inLanguage\":\"en-GB\"},{\"@type\":\"Organization\",\"@id\":\"http:\\\/\\\/unaymilletras.com\\\/#organization\",\"name\":\"Una y Mil Letras\",\"url\":\"http:\\\/\\\/unaymilletras.com\\\/\",\"logo\":{\"@type\":\"ImageObject\",\"inLanguage\":\"en-GB\",\"@id\":\"http:\\\/\\\/unaymilletras.com\\\/#\\\/schema\\\/logo\\\/image\\\/\",\"url\":\"https:\\\/\\\/unaymilletras.com\\\/wp-content\\\/uploads\\\/2024\\\/06\\\/cropped-Logo-removebg-preview.png\",\"contentUrl\":\"https:\\\/\\\/unaymilletras.com\\\/wp-content\\\/uploads\\\/2024\\\/06\\\/cropped-Logo-removebg-preview.png\",\"width\":512,\"height\":512,\"caption\":\"Una y Mil Letras\"},\"image\":{\"@id\":\"http:\\\/\\\/unaymilletras.com\\\/#\\\/schema\\\/logo\\\/image\\\/\"},\"sameAs\":[\"https:\\\/\\\/x.com\\\/UnaYMilLetras\",\"https:\\\/\\\/instagram.com\\\/UnaYMilLetras\"]},{\"@type\":\"Person\",\"@id\":\"http:\\\/\\\/unaymilletras.com\\\/#\\\/schema\\\/person\\\/0860dc8a218329991ee2c7591f4f849d\",\"name\":\"Redacci\u00f3n\",\"image\":{\"@type\":\"ImageObject\",\"inLanguage\":\"en-GB\",\"@id\":\"https:\\\/\\\/secure.gravatar.com\\\/avatar\\\/d8f55e05a8b6597e45c55a1dcbdbfe44f4a360d88b48e00de5216a79b7732796?s=96&d=mm&r=g\",\"url\":\"https:\\\/\\\/secure.gravatar.com\\\/avatar\\\/d8f55e05a8b6597e45c55a1dcbdbfe44f4a360d88b48e00de5216a79b7732796?s=96&d=mm&r=g\",\"contentUrl\":\"https:\\\/\\\/secure.gravatar.com\\\/avatar\\\/d8f55e05a8b6597e45c55a1dcbdbfe44f4a360d88b48e00de5216a79b7732796?s=96&d=mm&r=g\",\"caption\":\"Redacci\u00f3n\"},\"url\":\"https:\\\/\\\/unaymilletras.com\\\/en\\\/author\\\/redaccion\\\/\"}]}<\/script>\n<!-- \/ Yoast SEO plugin. -->","yoast_head_json":{"title":"El Chojin y Dani Mart\u00edn lanzan \u201cD\u00e9jales que hablen\u201d, uniendo rap y pop","description":"El adelanto del pr\u00f3ximo disco de El Chojin, estar\u00e1 disponible el 14 de mayo en todas las plataformas digitales","robots":{"index":"index","follow":"follow","max-snippet":"max-snippet:-1","max-image-preview":"max-image-preview:large","max-video-preview":"max-video-preview:-1"},"canonical":"https:\/\/unaymilletras.com\/en\/el-chojin-y-dani-martin-lanzan-dejales-que-hablen-uniendo-rap-y-pop\/","og_locale":"en_GB","og_type":"article","og_title":"El Chojin y Dani Mart\u00edn lanzan \u201cD\u00e9jales que hablen\u201d, uniendo rap y pop","og_description":"El adelanto del pr\u00f3ximo disco de El Chojin, estar\u00e1 disponible el 14 de mayo en todas las plataformas digitales","og_url":"https:\/\/unaymilletras.com\/en\/el-chojin-y-dani-martin-lanzan-dejales-que-hablen-uniendo-rap-y-pop\/","og_site_name":"Una y Mil Letras","article_published_time":"2025-05-14T18:56:39+00:00","article_modified_time":"2025-05-18T14:44:45+00:00","og_image":[{"width":890,"height":561,"url":"http:\/\/unaymilletras.com\/wp-content\/uploads\/2025\/05\/image-1.webp","type":"image\/jpeg"}],"author":"Redacci\u00f3n","twitter_card":"summary_large_image","twitter_creator":"@UnaYMilLetras","twitter_site":"@UnaYMilLetras","twitter_misc":{"Written by":"Redacci\u00f3n","Estimated reading time":"3 minutes"},"schema":{"@context":"https:\/\/schema.org","@graph":[{"@type":"Article","@id":"https:\/\/unaymilletras.com\/el-chojin-y-dani-martin-lanzan-dejales-que-hablen-uniendo-rap-y-pop\/#article","isPartOf":{"@id":"https:\/\/unaymilletras.com\/el-chojin-y-dani-martin-lanzan-dejales-que-hablen-uniendo-rap-y-pop\/"},"author":{"name":"Redacci\u00f3n","@id":"http:\/\/unaymilletras.com\/#\/schema\/person\/0860dc8a218329991ee2c7591f4f849d"},"headline":"El Chojin y Dani Mart\u00edn lanzan \u201cD\u00e9jales que hablen\u201d, uniendo rap y pop","datePublished":"2025-05-14T18:56:39+00:00","dateModified":"2025-05-18T14:44:45+00:00","mainEntityOfPage":{"@id":"https:\/\/unaymilletras.com\/el-chojin-y-dani-martin-lanzan-dejales-que-hablen-uniendo-rap-y-pop\/"},"wordCount":483,"publisher":{"@id":"http:\/\/unaymilletras.com\/#organization"},"image":{"@id":"https:\/\/unaymilletras.com\/el-chojin-y-dani-martin-lanzan-dejales-que-hablen-uniendo-rap-y-pop\/#primaryimage"},"thumbnailUrl":"https:\/\/unaymilletras.com\/wp-content\/uploads\/2025\/05\/image-1.webp","articleSection":["M\u00fasica"],"inLanguage":"en-GB"},{"@type":"WebPage","@id":"https:\/\/unaymilletras.com\/el-chojin-y-dani-martin-lanzan-dejales-que-hablen-uniendo-rap-y-pop\/","url":"https:\/\/unaymilletras.com\/el-chojin-y-dani-martin-lanzan-dejales-que-hablen-uniendo-rap-y-pop\/","name":"El Chojin y Dani Mart\u00edn lanzan \u201cD\u00e9jales que hablen\u201d, uniendo rap y pop","isPartOf":{"@id":"http:\/\/unaymilletras.com\/#website"},"primaryImageOfPage":{"@id":"https:\/\/unaymilletras.com\/el-chojin-y-dani-martin-lanzan-dejales-que-hablen-uniendo-rap-y-pop\/#primaryimage"},"image":{"@id":"https:\/\/unaymilletras.com\/el-chojin-y-dani-martin-lanzan-dejales-que-hablen-uniendo-rap-y-pop\/#primaryimage"},"thumbnailUrl":"https:\/\/unaymilletras.com\/wp-content\/uploads\/2025\/05\/image-1.webp","datePublished":"2025-05-14T18:56:39+00:00","dateModified":"2025-05-18T14:44:45+00:00","description":"El adelanto del pr\u00f3ximo disco de El Chojin, estar\u00e1 disponible el 14 de mayo en todas las plataformas digitales","breadcrumb":{"@id":"https:\/\/unaymilletras.com\/el-chojin-y-dani-martin-lanzan-dejales-que-hablen-uniendo-rap-y-pop\/#breadcrumb"},"inLanguage":"en-GB","potentialAction":[{"@type":"ReadAction","target":["https:\/\/unaymilletras.com\/el-chojin-y-dani-martin-lanzan-dejales-que-hablen-uniendo-rap-y-pop\/"]}]},{"@type":"ImageObject","inLanguage":"en-GB","@id":"https:\/\/unaymilletras.com\/el-chojin-y-dani-martin-lanzan-dejales-que-hablen-uniendo-rap-y-pop\/#primaryimage","url":"https:\/\/unaymilletras.com\/wp-content\/uploads\/2025\/05\/image-1.webp","contentUrl":"https:\/\/unaymilletras.com\/wp-content\/uploads\/2025\/05\/image-1.webp","width":890,"height":561,"caption":"El Chojin"},{"@type":"BreadcrumbList","@id":"https:\/\/unaymilletras.com\/el-chojin-y-dani-martin-lanzan-dejales-que-hablen-uniendo-rap-y-pop\/#breadcrumb","itemListElement":[{"@type":"ListItem","position":1,"name":"Home","item":"http:\/\/unaymilletras.com\/"},{"@type":"ListItem","position":2,"name":"El Chojin y Dani Mart\u00edn lanzan \u201cD\u00e9jales que hablen\u201d, uniendo rap y pop"}]},{"@type":"WebSite","@id":"http:\/\/unaymilletras.com\/#website","url":"http:\/\/unaymilletras.com\/","name":"Una y Mil Letras","description":"","publisher":{"@id":"http:\/\/unaymilletras.com\/#organization"},"potentialAction":[{"@type":"SearchAction","target":{"@type":"EntryPoint","urlTemplate":"http:\/\/unaymilletras.com\/?s={search_term_string}"},"query-input":{"@type":"PropertyValueSpecification","valueRequired":true,"valueName":"search_term_string"}}],"inLanguage":"en-GB"},{"@type":"Organization","@id":"http:\/\/unaymilletras.com\/#organization","name":"Una y Mil Letras","url":"http:\/\/unaymilletras.com\/","logo":{"@type":"ImageObject","inLanguage":"en-GB","@id":"http:\/\/unaymilletras.com\/#\/schema\/logo\/image\/","url":"https:\/\/unaymilletras.com\/wp-content\/uploads\/2024\/06\/cropped-Logo-removebg-preview.png","contentUrl":"https:\/\/unaymilletras.com\/wp-content\/uploads\/2024\/06\/cropped-Logo-removebg-preview.png","width":512,"height":512,"caption":"Una y Mil Letras"},"image":{"@id":"http:\/\/unaymilletras.com\/#\/schema\/logo\/image\/"},"sameAs":["https:\/\/x.com\/UnaYMilLetras","https:\/\/instagram.com\/UnaYMilLetras"]},{"@type":"Person","@id":"http:\/\/unaymilletras.com\/#\/schema\/person\/0860dc8a218329991ee2c7591f4f849d","name":"Redacci\u00f3n","image":{"@type":"ImageObject","inLanguage":"en-GB","@id":"https:\/\/secure.gravatar.com\/avatar\/d8f55e05a8b6597e45c55a1dcbdbfe44f4a360d88b48e00de5216a79b7732796?s=96&d=mm&r=g","url":"https:\/\/secure.gravatar.com\/avatar\/d8f55e05a8b6597e45c55a1dcbdbfe44f4a360d88b48e00de5216a79b7732796?s=96&d=mm&r=g","contentUrl":"https:\/\/secure.gravatar.com\/avatar\/d8f55e05a8b6597e45c55a1dcbdbfe44f4a360d88b48e00de5216a79b7732796?s=96&d=mm&r=g","caption":"Redacci\u00f3n"},"url":"https:\/\/unaymilletras.com\/en\/author\/redaccion\/"}]}},"_links":{"self":[{"href":"https:\/\/unaymilletras.com\/en\/wp-json\/wp\/v2\/posts\/4621","targetHints":{"allow":["GET"]}}],"collection":[{"href":"https:\/\/unaymilletras.com\/en\/wp-json\/wp\/v2\/posts"}],"about":[{"href":"https:\/\/unaymilletras.com\/en\/wp-json\/wp\/v2\/types\/post"}],"author":[{"embeddable":true,"href":"https:\/\/unaymilletras.com\/en\/wp-json\/wp\/v2\/users\/6"}],"replies":[{"embeddable":true,"href":"https:\/\/unaymilletras.com\/en\/wp-json\/wp\/v2\/comments?post=4621"}],"version-history":[{"count":9,"href":"https:\/\/unaymilletras.com\/en\/wp-json\/wp\/v2\/posts\/4621\/revisions"}],"predecessor-version":[{"id":4704,"href":"https:\/\/unaymilletras.com\/en\/wp-json\/wp\/v2\/posts\/4621\/revisions\/4704"}],"wp:featuredmedia":[{"embeddable":true,"href":"https:\/\/unaymilletras.com\/en\/wp-json\/wp\/v2\/media\/4626"}],"wp:attachment":[{"href":"https:\/\/unaymilletras.com\/en\/wp-json\/wp\/v2\/media?parent=4621"}],"wp:term":[{"taxonomy":"category","embeddable":true,"href":"https:\/\/unaymilletras.com\/en\/wp-json\/wp\/v2\/categories?post=4621"},{"taxonomy":"post_tag","embeddable":true,"href":"https:\/\/unaymilletras.com\/en\/wp-json\/wp\/v2\/tags?post=4621"}],"curies":[{"name":"wp","href":"https:\/\/api.w.org\/{rel}","templated":true}]}}