{"id":4646,"date":"2025-05-15T22:06:13","date_gmt":"2025-05-15T20:06:13","guid":{"rendered":"https:\/\/unaymilletras.com\/?p=4646"},"modified":"2025-05-18T16:49:45","modified_gmt":"2025-05-18T14:49:45","slug":"mora-vuelve-a-generar-incertidumbre-entre-sus-oyentes","status":"publish","type":"post","link":"https:\/\/unaymilletras.com\/en\/mora-vuelve-a-generar-incertidumbre-entre-sus-oyentes\/","title":{"rendered":"Mora vuelve a generar incertidumbre entre sus oyentes"},"content":{"rendered":"<div data-elementor-type=\"wp-post\" data-elementor-id=\"4646\" class=\"elementor elementor-4646\">\n\t\t\t\t\t\t<section class=\"elementor-section elementor-top-section elementor-element elementor-element-6a39c91 elementor-section-boxed elementor-section-height-default elementor-section-height-default\" data-id=\"6a39c91\" data-element_type=\"section\" data-e-type=\"section\">\n\t\t\t\t\t\t<div class=\"elementor-container elementor-column-gap-default\">\n\t\t\t\t\t<div class=\"elementor-column elementor-col-100 elementor-top-column elementor-element elementor-element-c60a413\" data-id=\"c60a413\" data-element_type=\"column\" data-e-type=\"column\">\n\t\t\t<div class=\"elementor-widget-wrap elementor-element-populated\">\n\t\t\t\t\t\t<div class=\"elementor-element elementor-element-6bfe7af elementor-widget elementor-widget-heading\" data-id=\"6bfe7af\" data-element_type=\"widget\" data-e-type=\"widget\" data-widget_type=\"heading.default\">\n\t\t\t\t<div class=\"elementor-widget-container\">\n\t\t\t\t\t<h2 class=\"elementor-heading-title elementor-size-default\">El artista puertorrique\u00f1o Mora comparti\u00f3 un enlace en el que se pod\u00eda adquirir algo misterioso por el precio de un d\u00f3lar<\/h2>\t\t\t\t<\/div>\n\t\t\t\t<\/div>\n\t\t\t\t\t<\/div>\n\t\t<\/div>\n\t\t\t\t\t<\/div>\n\t\t<\/section>\n\t\t\t\t<section class=\"elementor-section elementor-top-section elementor-element elementor-element-fc0582b elementor-section-boxed elementor-section-height-default elementor-section-height-default\" data-id=\"fc0582b\" data-element_type=\"section\" data-e-type=\"section\">\n\t\t\t\t\t\t<div class=\"elementor-container elementor-column-gap-default\">\n\t\t\t\t\t<div class=\"elementor-column elementor-col-100 elementor-top-column elementor-element elementor-element-23bddab\" data-id=\"23bddab\" data-element_type=\"column\" data-e-type=\"column\">\n\t\t\t<div class=\"elementor-widget-wrap elementor-element-populated\">\n\t\t\t\t\t\t<div class=\"elementor-element elementor-element-4832487 elementor-widget elementor-widget-text-editor\" data-id=\"4832487\" data-element_type=\"widget\" data-e-type=\"widget\" data-widget_type=\"text-editor.default\">\n\t\t\t\t<div class=\"elementor-widget-container\">\n\t\t\t\t\t\t\t\t\t<p>Mora volvi\u00f3 a sacudir las redes. Esta medianoche, el cantante boricua comparti\u00f3 una historia en Instagram con un enlace, a trav\u00e9s del cu\u00e1l se pod\u00eda adquirir algo. Ten\u00eda el precio de un d\u00f3lar y se pod\u00eda comprar en cualquier pa\u00eds de habla hispana, pero a los minutos de salir se agot\u00f3 aquello que el artista quisiera vender a sus seguidores.<\/p>\t\t\t\t\t\t\t\t<\/div>\n\t\t\t\t<\/div>\n\t\t\t\t\t<\/div>\n\t\t<\/div>\n\t\t\t\t\t<\/div>\n\t\t<\/section>\n\t\t\t\t<section class=\"elementor-section elementor-top-section elementor-element elementor-element-0a2d57a elementor-section-boxed elementor-section-height-default elementor-section-height-default\" data-id=\"0a2d57a\" data-element_type=\"section\" data-e-type=\"section\">\n\t\t\t\t\t\t<div class=\"elementor-container elementor-column-gap-default\">\n\t\t\t\t\t<div class=\"elementor-column elementor-col-100 elementor-top-column elementor-element elementor-element-8059318\" data-id=\"8059318\" data-element_type=\"column\" data-e-type=\"column\">\n\t\t\t<div class=\"elementor-widget-wrap elementor-element-populated\">\n\t\t\t\t\t\t<div class=\"elementor-element elementor-element-4037368 elementor-widget elementor-widget-image\" data-id=\"4037368\" data-element_type=\"widget\" data-e-type=\"widget\" data-widget_type=\"image.default\">\n\t\t\t\t<div class=\"elementor-widget-container\">\n\t\t\t\t\t\t\t\t\t\t\t\t\t\t\t<img fetchpriority=\"high\" decoding=\"async\" width=\"598\" height=\"380\" src=\"https:\/\/unaymilletras.com\/wp-content\/uploads\/2025\/05\/IMG_0622-e1747336776827-598x380.webp\" class=\"attachment-fameup-medium size-fameup-medium wp-image-4649\" alt=\"Mora\" srcset=\"https:\/\/unaymilletras.com\/wp-content\/uploads\/2025\/05\/IMG_0622-e1747336776827-598x380.webp 598w, https:\/\/unaymilletras.com\/wp-content\/uploads\/2025\/05\/IMG_0622-e1747336776827-18x12.webp 18w\" sizes=\"(max-width: 598px) 100vw, 598px\" \/>\t\t\t\t\t\t\t\t\t\t\t\t\t\t\t<\/div>\n\t\t\t\t<\/div>\n\t\t\t\t\t<\/div>\n\t\t<\/div>\n\t\t\t\t\t<\/div>\n\t\t<\/section>\n\t\t\t\t<section class=\"elementor-section elementor-top-section elementor-element elementor-element-e9d1c11 elementor-section-boxed elementor-section-height-default elementor-section-height-default\" data-id=\"e9d1c11\" data-element_type=\"section\" data-e-type=\"section\">\n\t\t\t\t\t\t<div class=\"elementor-container elementor-column-gap-default\">\n\t\t\t\t\t<div class=\"elementor-column elementor-col-100 elementor-top-column elementor-element elementor-element-670c192\" data-id=\"670c192\" data-element_type=\"column\" data-e-type=\"column\">\n\t\t\t<div class=\"elementor-widget-wrap elementor-element-populated\">\n\t\t\t\t\t\t<div class=\"elementor-element elementor-element-3652a3d elementor-widget elementor-widget-text-editor\" data-id=\"3652a3d\" data-element_type=\"widget\" data-e-type=\"widget\" data-widget_type=\"text-editor.default\">\n\t\t\t\t<div class=\"elementor-widget-container\">\n\t\t\t\t\t\t\t\t\t<p>Los rumores y las especulaciones no han tardado en salir. Se podr\u00eda decir que son las cl\u00e1sicas cosas que hace Mora antes de sacar un disco. Su \u00faltimo proyecto fue <em><span style=\"color: #808080;\"><a style=\"color: #808080;\" href=\"https:\/\/www.youtube.com\/playlist?list=PLxA687tYuMWh9zjToBqkluT-Ln9vXRVoV\" target=\"_blank\" rel=\"noopener\">Estrella<\/a><\/span><\/em>\u00a0el cu\u00e1l se estren\u00f3 en agosto de 2023. El artista estaba sacando un disco m\u00e1s o menos al a\u00f1o, pero justo en 2024 estuvo casi desaparecido. Mora sac\u00f3 apenas cinco canciones que fueron en calidad de colaboraci\u00f3n en el \u00e1lbum de otros artistas. Sus seguidores en redes se preguntaban cuanto tiempo iba a seguir as\u00ed, pero parece que falta cada vez menos para volver a disfrutar de la m\u00fasica del puertorrique\u00f1o.<\/p>\t\t\t\t\t\t\t\t<\/div>\n\t\t\t\t<\/div>\n\t\t\t\t\t<\/div>\n\t\t<\/div>\n\t\t\t\t\t<\/div>\n\t\t<\/section>\n\t\t\t\t<section class=\"elementor-section elementor-top-section elementor-element elementor-element-8f337de elementor-section-boxed elementor-section-height-default elementor-section-height-default\" data-id=\"8f337de\" data-element_type=\"section\" data-e-type=\"section\">\n\t\t\t\t\t\t<div class=\"elementor-container elementor-column-gap-default\">\n\t\t\t\t\t<div class=\"elementor-column elementor-col-100 elementor-top-column elementor-element elementor-element-a3d9c90\" data-id=\"a3d9c90\" data-element_type=\"column\" data-e-type=\"column\">\n\t\t\t<div class=\"elementor-widget-wrap elementor-element-populated\">\n\t\t\t\t\t\t<div class=\"elementor-element elementor-element-827519b elementor-widget elementor-widget-text-editor\" data-id=\"827519b\" data-element_type=\"widget\" data-e-type=\"widget\" data-widget_type=\"text-editor.default\">\n\t\t\t\t<div class=\"elementor-widget-container\">\n\t\t\t\t\t\t\t\t\t<p>Su reciente colaboraci\u00f3n con Cristi\u00e1n Ventura, conocido por su frase \u00abcon permiso buenas tardes\u00bb, fue el detonante de la ola de rumores. En ese video presentado en la cuenta de TikTok del espa\u00f1ol, este le tra\u00eda \u00absu disco\u00bb, a lo que Mora respondi\u00f3 que no hab\u00eda pedido nada. Lo de hoy es el segundo paso, adem\u00e1s, acompa\u00f1ado de la frase \u00bflo mismo de siempre? En cualquier caso, habr\u00e1 que esperar para saber qu\u00e9 es lo que le va a llegar a casa a los compradores. Un disco f\u00edsico, una entrada a una &#8216;listening party&#8217;, una camiseta, son algunas de las opciones m\u00e1s probables. Aunque con Mora nunca se sabe y el artista agradeci\u00f3 a un usuario que dijo que le estaban pagando los pa\u00f1ales al hijo de Mora.&nbsp;<\/p>\t\t\t\t\t\t\t\t<\/div>\n\t\t\t\t<\/div>\n\t\t\t\t\t<\/div>\n\t\t<\/div>\n\t\t\t\t\t<\/div>\n\t\t<\/section>\n\t\t\t\t<\/div>","protected":false},"excerpt":{"rendered":"<p>El artista puertorrique\u00f1o Mora comparti\u00f3 un enlace en el que se pod\u00eda adquirir algo misterioso por el precio de un d\u00f3lar Mora volvi\u00f3 a sacudir las redes. Esta medianoche, el cantante boricua comparti\u00f3 una historia en Instagram con un enlace, a trav\u00e9s del cu\u00e1l se pod\u00eda adquirir algo. Ten\u00eda el precio de un d\u00f3lar y [&hellip;]<\/p>\n","protected":false},"author":10,"featured_media":4648,"comment_status":"closed","ping_status":"closed","sticky":false,"template":"","format":"standard","meta":{"footnotes":""},"categories":[4],"tags":[],"class_list":["post-4646","post","type-post","status-publish","format-standard","has-post-thumbnail","hentry","category-musica"],"yoast_head":"<!-- This site is optimized with the Yoast SEO plugin v27.4 - https:\/\/yoast.com\/product\/yoast-seo-wordpress\/ -->\n<title>Mora vuelve a generar incertidumbre entre sus oyentes &#8902; Una y Mil Letras<\/title>\n<meta name=\"description\" content=\"El artista puertorrique\u00f1o Mora comparti\u00f3 un enlace en el que se pod\u00eda adquirir algo misterioso por el precio de un d\u00f3lar\u200b\" \/>\n<meta name=\"robots\" content=\"index, follow, max-snippet:-1, max-image-preview:large, max-video-preview:-1\" \/>\n<link rel=\"canonical\" href=\"https:\/\/unaymilletras.com\/en\/mora-vuelve-a-generar-incertidumbre-entre-sus-oyentes\/\" \/>\n<meta property=\"og:locale\" content=\"en_GB\" \/>\n<meta property=\"og:type\" content=\"article\" \/>\n<meta property=\"og:title\" content=\"Mora vuelve a generar incertidumbre entre sus oyentes &#8902; Una y Mil Letras\" \/>\n<meta property=\"og:description\" content=\"El artista puertorrique\u00f1o Mora comparti\u00f3 un enlace en el que se pod\u00eda adquirir algo misterioso por el precio de un d\u00f3lar\u200b\" \/>\n<meta property=\"og:url\" content=\"https:\/\/unaymilletras.com\/en\/mora-vuelve-a-generar-incertidumbre-entre-sus-oyentes\/\" \/>\n<meta property=\"og:site_name\" content=\"Una y Mil Letras\" \/>\n<meta property=\"article:published_time\" content=\"2025-05-15T20:06:13+00:00\" \/>\n<meta property=\"article:modified_time\" content=\"2025-05-18T14:49:45+00:00\" \/>\n<meta property=\"og:image\" content=\"http:\/\/unaymilletras.com\/wp-content\/uploads\/2025\/05\/IMG_0623-e1747337957678.webp\" \/>\n\t<meta property=\"og:image:width\" content=\"600\" \/>\n\t<meta property=\"og:image:height\" content=\"687\" \/>\n\t<meta property=\"og:image:type\" content=\"image\/webp\" \/>\n<meta name=\"author\" content=\"David Hern\u00e1ndez\" \/>\n<meta name=\"twitter:card\" content=\"summary_large_image\" \/>\n<meta name=\"twitter:creator\" content=\"@UnaYMilLetras\" \/>\n<meta name=\"twitter:site\" content=\"@UnaYMilLetras\" \/>\n<meta name=\"twitter:label1\" content=\"Written by\" \/>\n\t<meta name=\"twitter:data1\" content=\"David Hern\u00e1ndez\" \/>\n\t<meta name=\"twitter:label2\" content=\"Estimated reading time\" \/>\n\t<meta name=\"twitter:data2\" content=\"2 minutes\" \/>\n<script type=\"application\/ld+json\" class=\"yoast-schema-graph\">{\"@context\":\"https:\\\/\\\/schema.org\",\"@graph\":[{\"@type\":\"Article\",\"@id\":\"https:\\\/\\\/unaymilletras.com\\\/mora-vuelve-a-generar-incertidumbre-entre-sus-oyentes\\\/#article\",\"isPartOf\":{\"@id\":\"https:\\\/\\\/unaymilletras.com\\\/mora-vuelve-a-generar-incertidumbre-entre-sus-oyentes\\\/\"},\"author\":{\"name\":\"David Hern\u00e1ndez\",\"@id\":\"http:\\\/\\\/unaymilletras.com\\\/#\\\/schema\\\/person\\\/0c171c80bc49a58d7a8ed3394548370c\"},\"headline\":\"Mora vuelve a generar incertidumbre entre sus oyentes\",\"datePublished\":\"2025-05-15T20:06:13+00:00\",\"dateModified\":\"2025-05-18T14:49:45+00:00\",\"mainEntityOfPage\":{\"@id\":\"https:\\\/\\\/unaymilletras.com\\\/mora-vuelve-a-generar-incertidumbre-entre-sus-oyentes\\\/\"},\"wordCount\":346,\"publisher\":{\"@id\":\"http:\\\/\\\/unaymilletras.com\\\/#organization\"},\"image\":{\"@id\":\"https:\\\/\\\/unaymilletras.com\\\/mora-vuelve-a-generar-incertidumbre-entre-sus-oyentes\\\/#primaryimage\"},\"thumbnailUrl\":\"https:\\\/\\\/unaymilletras.com\\\/wp-content\\\/uploads\\\/2025\\\/05\\\/IMG_0623-e1747337957678.webp\",\"articleSection\":[\"M\u00fasica\"],\"inLanguage\":\"en-GB\"},{\"@type\":\"WebPage\",\"@id\":\"https:\\\/\\\/unaymilletras.com\\\/mora-vuelve-a-generar-incertidumbre-entre-sus-oyentes\\\/\",\"url\":\"https:\\\/\\\/unaymilletras.com\\\/mora-vuelve-a-generar-incertidumbre-entre-sus-oyentes\\\/\",\"name\":\"Mora vuelve a generar incertidumbre entre sus oyentes &#8902; Una y Mil Letras\",\"isPartOf\":{\"@id\":\"http:\\\/\\\/unaymilletras.com\\\/#website\"},\"primaryImageOfPage\":{\"@id\":\"https:\\\/\\\/unaymilletras.com\\\/mora-vuelve-a-generar-incertidumbre-entre-sus-oyentes\\\/#primaryimage\"},\"image\":{\"@id\":\"https:\\\/\\\/unaymilletras.com\\\/mora-vuelve-a-generar-incertidumbre-entre-sus-oyentes\\\/#primaryimage\"},\"thumbnailUrl\":\"https:\\\/\\\/unaymilletras.com\\\/wp-content\\\/uploads\\\/2025\\\/05\\\/IMG_0623-e1747337957678.webp\",\"datePublished\":\"2025-05-15T20:06:13+00:00\",\"dateModified\":\"2025-05-18T14:49:45+00:00\",\"description\":\"El artista puertorrique\u00f1o Mora comparti\u00f3 un enlace en el que se pod\u00eda adquirir algo misterioso por el precio de un d\u00f3lar\u200b\",\"breadcrumb\":{\"@id\":\"https:\\\/\\\/unaymilletras.com\\\/mora-vuelve-a-generar-incertidumbre-entre-sus-oyentes\\\/#breadcrumb\"},\"inLanguage\":\"en-GB\",\"potentialAction\":[{\"@type\":\"ReadAction\",\"target\":[\"https:\\\/\\\/unaymilletras.com\\\/mora-vuelve-a-generar-incertidumbre-entre-sus-oyentes\\\/\"]}]},{\"@type\":\"ImageObject\",\"inLanguage\":\"en-GB\",\"@id\":\"https:\\\/\\\/unaymilletras.com\\\/mora-vuelve-a-generar-incertidumbre-entre-sus-oyentes\\\/#primaryimage\",\"url\":\"https:\\\/\\\/unaymilletras.com\\\/wp-content\\\/uploads\\\/2025\\\/05\\\/IMG_0623-e1747337957678.webp\",\"contentUrl\":\"https:\\\/\\\/unaymilletras.com\\\/wp-content\\\/uploads\\\/2025\\\/05\\\/IMG_0623-e1747337957678.webp\",\"width\":600,\"height\":687,\"caption\":\"Mora\"},{\"@type\":\"BreadcrumbList\",\"@id\":\"https:\\\/\\\/unaymilletras.com\\\/mora-vuelve-a-generar-incertidumbre-entre-sus-oyentes\\\/#breadcrumb\",\"itemListElement\":[{\"@type\":\"ListItem\",\"position\":1,\"name\":\"Home\",\"item\":\"http:\\\/\\\/unaymilletras.com\\\/\"},{\"@type\":\"ListItem\",\"position\":2,\"name\":\"Mora vuelve a generar incertidumbre entre sus oyentes\"}]},{\"@type\":\"WebSite\",\"@id\":\"http:\\\/\\\/unaymilletras.com\\\/#website\",\"url\":\"http:\\\/\\\/unaymilletras.com\\\/\",\"name\":\"Una y Mil Letras\",\"description\":\"\",\"publisher\":{\"@id\":\"http:\\\/\\\/unaymilletras.com\\\/#organization\"},\"potentialAction\":[{\"@type\":\"SearchAction\",\"target\":{\"@type\":\"EntryPoint\",\"urlTemplate\":\"http:\\\/\\\/unaymilletras.com\\\/?s={search_term_string}\"},\"query-input\":{\"@type\":\"PropertyValueSpecification\",\"valueRequired\":true,\"valueName\":\"search_term_string\"}}],\"inLanguage\":\"en-GB\"},{\"@type\":\"Organization\",\"@id\":\"http:\\\/\\\/unaymilletras.com\\\/#organization\",\"name\":\"Una y Mil Letras\",\"url\":\"http:\\\/\\\/unaymilletras.com\\\/\",\"logo\":{\"@type\":\"ImageObject\",\"inLanguage\":\"en-GB\",\"@id\":\"http:\\\/\\\/unaymilletras.com\\\/#\\\/schema\\\/logo\\\/image\\\/\",\"url\":\"https:\\\/\\\/unaymilletras.com\\\/wp-content\\\/uploads\\\/2024\\\/06\\\/cropped-Logo-removebg-preview.png\",\"contentUrl\":\"https:\\\/\\\/unaymilletras.com\\\/wp-content\\\/uploads\\\/2024\\\/06\\\/cropped-Logo-removebg-preview.png\",\"width\":512,\"height\":512,\"caption\":\"Una y Mil Letras\"},\"image\":{\"@id\":\"http:\\\/\\\/unaymilletras.com\\\/#\\\/schema\\\/logo\\\/image\\\/\"},\"sameAs\":[\"https:\\\/\\\/x.com\\\/UnaYMilLetras\",\"https:\\\/\\\/instagram.com\\\/UnaYMilLetras\"]},{\"@type\":\"Person\",\"@id\":\"http:\\\/\\\/unaymilletras.com\\\/#\\\/schema\\\/person\\\/0c171c80bc49a58d7a8ed3394548370c\",\"name\":\"David Hern\u00e1ndez\",\"image\":{\"@type\":\"ImageObject\",\"inLanguage\":\"en-GB\",\"@id\":\"https:\\\/\\\/secure.gravatar.com\\\/avatar\\\/86739d73874dcbc11e4278af33fb905704f5c29329727efb3b0e0bc838b0d469?s=96&d=mm&r=g\",\"url\":\"https:\\\/\\\/secure.gravatar.com\\\/avatar\\\/86739d73874dcbc11e4278af33fb905704f5c29329727efb3b0e0bc838b0d469?s=96&d=mm&r=g\",\"contentUrl\":\"https:\\\/\\\/secure.gravatar.com\\\/avatar\\\/86739d73874dcbc11e4278af33fb905704f5c29329727efb3b0e0bc838b0d469?s=96&d=mm&r=g\",\"caption\":\"David Hern\u00e1ndez\"},\"url\":\"https:\\\/\\\/unaymilletras.com\\\/en\\\/author\\\/davidesel\\\/\"}]}<\/script>\n<!-- \/ Yoast SEO plugin. -->","yoast_head_json":{"title":"Mora vuelve a generar incertidumbre entre sus oyentes &#8902; Una y Mil Letras","description":"El artista puertorrique\u00f1o Mora comparti\u00f3 un enlace en el que se pod\u00eda adquirir algo misterioso por el precio de un d\u00f3lar\u200b","robots":{"index":"index","follow":"follow","max-snippet":"max-snippet:-1","max-image-preview":"max-image-preview:large","max-video-preview":"max-video-preview:-1"},"canonical":"https:\/\/unaymilletras.com\/en\/mora-vuelve-a-generar-incertidumbre-entre-sus-oyentes\/","og_locale":"en_GB","og_type":"article","og_title":"Mora vuelve a generar incertidumbre entre sus oyentes &#8902; Una y Mil Letras","og_description":"El artista puertorrique\u00f1o Mora comparti\u00f3 un enlace en el que se pod\u00eda adquirir algo misterioso por el precio de un d\u00f3lar\u200b","og_url":"https:\/\/unaymilletras.com\/en\/mora-vuelve-a-generar-incertidumbre-entre-sus-oyentes\/","og_site_name":"Una y Mil Letras","article_published_time":"2025-05-15T20:06:13+00:00","article_modified_time":"2025-05-18T14:49:45+00:00","og_image":[{"width":600,"height":687,"url":"http:\/\/unaymilletras.com\/wp-content\/uploads\/2025\/05\/IMG_0623-e1747337957678.webp","type":"image\/webp"}],"author":"David Hern\u00e1ndez","twitter_card":"summary_large_image","twitter_creator":"@UnaYMilLetras","twitter_site":"@UnaYMilLetras","twitter_misc":{"Written by":"David Hern\u00e1ndez","Estimated reading time":"2 minutes"},"schema":{"@context":"https:\/\/schema.org","@graph":[{"@type":"Article","@id":"https:\/\/unaymilletras.com\/mora-vuelve-a-generar-incertidumbre-entre-sus-oyentes\/#article","isPartOf":{"@id":"https:\/\/unaymilletras.com\/mora-vuelve-a-generar-incertidumbre-entre-sus-oyentes\/"},"author":{"name":"David Hern\u00e1ndez","@id":"http:\/\/unaymilletras.com\/#\/schema\/person\/0c171c80bc49a58d7a8ed3394548370c"},"headline":"Mora vuelve a generar incertidumbre entre sus oyentes","datePublished":"2025-05-15T20:06:13+00:00","dateModified":"2025-05-18T14:49:45+00:00","mainEntityOfPage":{"@id":"https:\/\/unaymilletras.com\/mora-vuelve-a-generar-incertidumbre-entre-sus-oyentes\/"},"wordCount":346,"publisher":{"@id":"http:\/\/unaymilletras.com\/#organization"},"image":{"@id":"https:\/\/unaymilletras.com\/mora-vuelve-a-generar-incertidumbre-entre-sus-oyentes\/#primaryimage"},"thumbnailUrl":"https:\/\/unaymilletras.com\/wp-content\/uploads\/2025\/05\/IMG_0623-e1747337957678.webp","articleSection":["M\u00fasica"],"inLanguage":"en-GB"},{"@type":"WebPage","@id":"https:\/\/unaymilletras.com\/mora-vuelve-a-generar-incertidumbre-entre-sus-oyentes\/","url":"https:\/\/unaymilletras.com\/mora-vuelve-a-generar-incertidumbre-entre-sus-oyentes\/","name":"Mora vuelve a generar incertidumbre entre sus oyentes &#8902; Una y Mil Letras","isPartOf":{"@id":"http:\/\/unaymilletras.com\/#website"},"primaryImageOfPage":{"@id":"https:\/\/unaymilletras.com\/mora-vuelve-a-generar-incertidumbre-entre-sus-oyentes\/#primaryimage"},"image":{"@id":"https:\/\/unaymilletras.com\/mora-vuelve-a-generar-incertidumbre-entre-sus-oyentes\/#primaryimage"},"thumbnailUrl":"https:\/\/unaymilletras.com\/wp-content\/uploads\/2025\/05\/IMG_0623-e1747337957678.webp","datePublished":"2025-05-15T20:06:13+00:00","dateModified":"2025-05-18T14:49:45+00:00","description":"El artista puertorrique\u00f1o Mora comparti\u00f3 un enlace en el que se pod\u00eda adquirir algo misterioso por el precio de un d\u00f3lar\u200b","breadcrumb":{"@id":"https:\/\/unaymilletras.com\/mora-vuelve-a-generar-incertidumbre-entre-sus-oyentes\/#breadcrumb"},"inLanguage":"en-GB","potentialAction":[{"@type":"ReadAction","target":["https:\/\/unaymilletras.com\/mora-vuelve-a-generar-incertidumbre-entre-sus-oyentes\/"]}]},{"@type":"ImageObject","inLanguage":"en-GB","@id":"https:\/\/unaymilletras.com\/mora-vuelve-a-generar-incertidumbre-entre-sus-oyentes\/#primaryimage","url":"https:\/\/unaymilletras.com\/wp-content\/uploads\/2025\/05\/IMG_0623-e1747337957678.webp","contentUrl":"https:\/\/unaymilletras.com\/wp-content\/uploads\/2025\/05\/IMG_0623-e1747337957678.webp","width":600,"height":687,"caption":"Mora"},{"@type":"BreadcrumbList","@id":"https:\/\/unaymilletras.com\/mora-vuelve-a-generar-incertidumbre-entre-sus-oyentes\/#breadcrumb","itemListElement":[{"@type":"ListItem","position":1,"name":"Home","item":"http:\/\/unaymilletras.com\/"},{"@type":"ListItem","position":2,"name":"Mora vuelve a generar incertidumbre entre sus oyentes"}]},{"@type":"WebSite","@id":"http:\/\/unaymilletras.com\/#website","url":"http:\/\/unaymilletras.com\/","name":"Una y Mil Letras","description":"","publisher":{"@id":"http:\/\/unaymilletras.com\/#organization"},"potentialAction":[{"@type":"SearchAction","target":{"@type":"EntryPoint","urlTemplate":"http:\/\/unaymilletras.com\/?s={search_term_string}"},"query-input":{"@type":"PropertyValueSpecification","valueRequired":true,"valueName":"search_term_string"}}],"inLanguage":"en-GB"},{"@type":"Organization","@id":"http:\/\/unaymilletras.com\/#organization","name":"Una y Mil Letras","url":"http:\/\/unaymilletras.com\/","logo":{"@type":"ImageObject","inLanguage":"en-GB","@id":"http:\/\/unaymilletras.com\/#\/schema\/logo\/image\/","url":"https:\/\/unaymilletras.com\/wp-content\/uploads\/2024\/06\/cropped-Logo-removebg-preview.png","contentUrl":"https:\/\/unaymilletras.com\/wp-content\/uploads\/2024\/06\/cropped-Logo-removebg-preview.png","width":512,"height":512,"caption":"Una y Mil Letras"},"image":{"@id":"http:\/\/unaymilletras.com\/#\/schema\/logo\/image\/"},"sameAs":["https:\/\/x.com\/UnaYMilLetras","https:\/\/instagram.com\/UnaYMilLetras"]},{"@type":"Person","@id":"http:\/\/unaymilletras.com\/#\/schema\/person\/0c171c80bc49a58d7a8ed3394548370c","name":"David Hern\u00e1ndez","image":{"@type":"ImageObject","inLanguage":"en-GB","@id":"https:\/\/secure.gravatar.com\/avatar\/86739d73874dcbc11e4278af33fb905704f5c29329727efb3b0e0bc838b0d469?s=96&d=mm&r=g","url":"https:\/\/secure.gravatar.com\/avatar\/86739d73874dcbc11e4278af33fb905704f5c29329727efb3b0e0bc838b0d469?s=96&d=mm&r=g","contentUrl":"https:\/\/secure.gravatar.com\/avatar\/86739d73874dcbc11e4278af33fb905704f5c29329727efb3b0e0bc838b0d469?s=96&d=mm&r=g","caption":"David Hern\u00e1ndez"},"url":"https:\/\/unaymilletras.com\/en\/author\/davidesel\/"}]}},"_links":{"self":[{"href":"https:\/\/unaymilletras.com\/en\/wp-json\/wp\/v2\/posts\/4646","targetHints":{"allow":["GET"]}}],"collection":[{"href":"https:\/\/unaymilletras.com\/en\/wp-json\/wp\/v2\/posts"}],"about":[{"href":"https:\/\/unaymilletras.com\/en\/wp-json\/wp\/v2\/types\/post"}],"author":[{"embeddable":true,"href":"https:\/\/unaymilletras.com\/en\/wp-json\/wp\/v2\/users\/10"}],"replies":[{"embeddable":true,"href":"https:\/\/unaymilletras.com\/en\/wp-json\/wp\/v2\/comments?post=4646"}],"version-history":[{"count":20,"href":"https:\/\/unaymilletras.com\/en\/wp-json\/wp\/v2\/posts\/4646\/revisions"}],"predecessor-version":[{"id":4719,"href":"https:\/\/unaymilletras.com\/en\/wp-json\/wp\/v2\/posts\/4646\/revisions\/4719"}],"wp:featuredmedia":[{"embeddable":true,"href":"https:\/\/unaymilletras.com\/en\/wp-json\/wp\/v2\/media\/4648"}],"wp:attachment":[{"href":"https:\/\/unaymilletras.com\/en\/wp-json\/wp\/v2\/media?parent=4646"}],"wp:term":[{"taxonomy":"category","embeddable":true,"href":"https:\/\/unaymilletras.com\/en\/wp-json\/wp\/v2\/categories?post=4646"},{"taxonomy":"post_tag","embeddable":true,"href":"https:\/\/unaymilletras.com\/en\/wp-json\/wp\/v2\/tags?post=4646"}],"curies":[{"name":"wp","href":"https:\/\/api.w.org\/{rel}","templated":true}]}}