{"id":4671,"date":"2025-05-16T19:28:40","date_gmt":"2025-05-16T17:28:40","guid":{"rendered":"https:\/\/unaymilletras.com\/?p=4671"},"modified":"2025-05-18T16:43:21","modified_gmt":"2025-05-18T14:43:21","slug":"inna-y-r3hab-tienen-el-nuevo-himno-para-arrancar-el-verano","status":"publish","type":"post","link":"https:\/\/unaymilletras.com\/en\/inna-y-r3hab-tienen-el-nuevo-himno-para-arrancar-el-verano\/","title":{"rendered":"INNA y R3HAB tienen el nuevo himno para arrancar el verano"},"content":{"rendered":"<div data-elementor-type=\"wp-post\" data-elementor-id=\"4671\" class=\"elementor elementor-4671\">\n\t\t\t\t\t\t<section class=\"elementor-section elementor-top-section elementor-element elementor-element-d9030db elementor-section-boxed elementor-section-height-default elementor-section-height-default\" data-id=\"d9030db\" data-element_type=\"section\" data-e-type=\"section\">\n\t\t\t\t\t\t<div class=\"elementor-container elementor-column-gap-default\">\n\t\t\t\t\t<div class=\"elementor-column elementor-col-100 elementor-top-column elementor-element elementor-element-b35f618\" data-id=\"b35f618\" data-element_type=\"column\" data-e-type=\"column\">\n\t\t\t<div class=\"elementor-widget-wrap elementor-element-populated\">\n\t\t\t\t\t\t<div class=\"elementor-element elementor-element-f14d32e elementor-widget elementor-widget-text-editor\" data-id=\"f14d32e\" data-element_type=\"widget\" data-e-type=\"widget\" data-widget_type=\"text-editor.default\">\n\t\t\t\t<div class=\"elementor-widget-container\">\n\t\t\t\t\t\t\t\t\t<h2 style=\"text-align: center;\" data-start=\"236\" data-end=\"382\"><span style=\"color: #808080;\"><em>La artista rumana INNA se une al DJ y productor en una potente revisi\u00f3n del cl\u00e1sico \u00ab7 Seconds\u00bb, tras el \u00e9xito de \u00abRock My Body\u00bb<\/em><\/span><\/h2>\t\t\t\t\t\t\t\t<\/div>\n\t\t\t\t<\/div>\n\t\t\t\t\t<\/div>\n\t\t<\/div>\n\t\t\t\t\t<\/div>\n\t\t<\/section>\n\t\t\t\t<section class=\"elementor-section elementor-top-section elementor-element elementor-element-b6b51f2 elementor-section-boxed elementor-section-height-default elementor-section-height-default\" data-id=\"b6b51f2\" data-element_type=\"section\" data-e-type=\"section\">\n\t\t\t\t\t\t<div class=\"elementor-container elementor-column-gap-default\">\n\t\t\t\t\t<div class=\"elementor-column elementor-col-100 elementor-top-column elementor-element elementor-element-26cace9\" data-id=\"26cace9\" data-element_type=\"column\" data-e-type=\"column\">\n\t\t\t<div class=\"elementor-widget-wrap elementor-element-populated\">\n\t\t\t\t\t\t<div class=\"elementor-element elementor-element-6c00201 elementor-widget elementor-widget-text-editor\" data-id=\"6c00201\" data-element_type=\"widget\" data-e-type=\"widget\" data-widget_type=\"text-editor.default\">\n\t\t\t\t<div class=\"elementor-widget-container\">\n\t\t\t\t\t\t\t\t\t<p data-start=\"384\" data-end=\"716\"><b>INNA<\/b> marca oficialmente el inicio del verano con un nuevo lanzamiento junto al DJ y productor <b>R3HAB<\/b>: <span data-start=\"498\" data-end=\"519\"><i style=\"\"><b>I\u2019ll Be Waiting<\/b>.<\/i><\/span>&nbsp;Una versi\u00f3n moderna del ic\u00f3nico tema <em data-start=\"558\" data-end=\"569\">7 Seconds<\/em>, original de Youssou N&#8217;Dour y Neneh Cherry. La canci\u00f3n ya est\u00e1 disponible en plataformas y promete convertirse en uno de los hits de la temporada.<\/p>\t\t\t\t\t\t\t\t<\/div>\n\t\t\t\t<\/div>\n\t\t\t\t\t<\/div>\n\t\t<\/div>\n\t\t\t\t\t<\/div>\n\t\t<\/section>\n\t\t\t\t<section class=\"elementor-section elementor-top-section elementor-element elementor-element-83a6568 elementor-section-boxed elementor-section-height-default elementor-section-height-default\" data-id=\"83a6568\" data-element_type=\"section\" data-e-type=\"section\">\n\t\t\t\t\t\t<div class=\"elementor-container elementor-column-gap-default\">\n\t\t\t\t\t<div class=\"elementor-column elementor-col-100 elementor-top-column elementor-element elementor-element-d3e6f62\" data-id=\"d3e6f62\" data-element_type=\"column\" data-e-type=\"column\">\n\t\t\t<div class=\"elementor-widget-wrap elementor-element-populated\">\n\t\t\t\t\t\t<div class=\"elementor-element elementor-element-52dc179 elementor-widget elementor-widget-image\" data-id=\"52dc179\" data-element_type=\"widget\" data-e-type=\"widget\" data-widget_type=\"image.default\">\n\t\t\t\t<div class=\"elementor-widget-container\">\n\t\t\t\t\t\t\t\t\t\t\t\t\t\t\t<img fetchpriority=\"high\" decoding=\"async\" width=\"640\" height=\"640\" src=\"https:\/\/unaymilletras.com\/wp-content\/uploads\/2025\/05\/INNAxR3HAB-Official-Artwork-1024x1024.webp\" class=\"attachment-large size-large wp-image-4673\" alt=\"INNA\" srcset=\"https:\/\/unaymilletras.com\/wp-content\/uploads\/2025\/05\/INNAxR3HAB-Official-Artwork-1024x1024.webp 1024w, https:\/\/unaymilletras.com\/wp-content\/uploads\/2025\/05\/INNAxR3HAB-Official-Artwork-300x300.webp 300w, https:\/\/unaymilletras.com\/wp-content\/uploads\/2025\/05\/INNAxR3HAB-Official-Artwork-150x150.webp 150w, https:\/\/unaymilletras.com\/wp-content\/uploads\/2025\/05\/INNAxR3HAB-Official-Artwork-768x768.webp 768w, https:\/\/unaymilletras.com\/wp-content\/uploads\/2025\/05\/INNAxR3HAB-Official-Artwork-1536x1536.webp 1536w, https:\/\/unaymilletras.com\/wp-content\/uploads\/2025\/05\/INNAxR3HAB-Official-Artwork-2048x2048.webp 1920w, https:\/\/unaymilletras.com\/wp-content\/uploads\/2025\/05\/INNAxR3HAB-Official-Artwork-12x12.webp 12w, https:\/\/unaymilletras.com\/wp-content\/uploads\/2025\/05\/INNAxR3HAB-Official-Artwork-scaled-e1747416640857.webp 600w\" sizes=\"(max-width: 640px) 100vw, 640px\" \/>\t\t\t\t\t\t\t\t\t\t\t\t\t\t\t<\/div>\n\t\t\t\t<\/div>\n\t\t\t\t\t<\/div>\n\t\t<\/div>\n\t\t\t\t\t<\/div>\n\t\t<\/section>\n\t\t\t\t<section class=\"elementor-section elementor-top-section elementor-element elementor-element-647eb9c elementor-section-boxed elementor-section-height-default elementor-section-height-default\" data-id=\"647eb9c\" data-element_type=\"section\" data-e-type=\"section\">\n\t\t\t\t\t\t<div class=\"elementor-container elementor-column-gap-default\">\n\t\t\t\t\t<div class=\"elementor-column elementor-col-100 elementor-top-column elementor-element elementor-element-986192b\" data-id=\"986192b\" data-element_type=\"column\" data-e-type=\"column\">\n\t\t\t<div class=\"elementor-widget-wrap elementor-element-populated\">\n\t\t\t\t\t\t<div class=\"elementor-element elementor-element-1045242 elementor-widget elementor-widget-text-editor\" data-id=\"1045242\" data-element_type=\"widget\" data-e-type=\"widget\" data-widget_type=\"text-editor.default\">\n\t\t\t\t<div class=\"elementor-widget-container\">\n\t\t\t\t\t\t\t\t\t<p data-start=\"718\" data-end=\"1129\">Esta colaboraci\u00f3n es la segunda entre ambos artistas, despu\u00e9s del \u00e9xito de <em data-start=\"793\" data-end=\"807\">Rock My Body. <\/em><span data-start=\"793\" data-end=\"807\">A<\/span>lcanz\u00f3 la certificaci\u00f3n de platino en Francia y acumula m\u00e1s de 30 millones de reproducciones en plataformas digitales. En esta ocasi\u00f3n, R3HAB no solo produce el tema, sino que tambi\u00e9n firma la mezcla y el m\u00e1ster. Refuerza as\u00ed su rol clave en esta reinterpretaci\u00f3n de uno de los cl\u00e1sicos m\u00e1s recordados de los noventa.<\/p><p data-start=\"1131\" data-end=\"1633\">El lanzamiento de <em data-start=\"1149\" data-end=\"1166\">I\u2019ll Be Waiting<\/em> llega tras la primera etapa del <span style=\"color: #808080;\"><a style=\"color: #808080;\" href=\"https:\/\/unaymilletras.com\/en\/inna-llega-a-barcelona-con-su-echoes-tour\/\"><strong data-start=\"1199\" data-end=\"1214\">Echoes Tour<\/strong><\/a><\/span><span data-start=\"1199\" data-end=\"1214\">. L<\/span>a gira europea de INNA ha recorrido ciudades como Londres, Viena, Praga, Par\u00eds, \u00c1msterdam y Barcelona. En todas ellas logr\u00f3 encender al p\u00fablico con su energ\u00eda sobre el escenario y colg\u00f3 el cartel de \u00absold out\u00bb en la mayor\u00eda de fechas.\u00a0<\/p>\t\t\t\t\t\t\t\t<\/div>\n\t\t\t\t<\/div>\n\t\t\t\t\t<\/div>\n\t\t<\/div>\n\t\t\t\t\t<\/div>\n\t\t<\/section>\n\t\t\t\t<section class=\"elementor-section elementor-top-section elementor-element elementor-element-e8c73ec elementor-section-boxed elementor-section-height-default elementor-section-height-default\" data-id=\"e8c73ec\" data-element_type=\"section\" data-e-type=\"section\">\n\t\t\t\t\t\t<div class=\"elementor-container elementor-column-gap-default\">\n\t\t\t\t\t<div class=\"elementor-column elementor-col-100 elementor-top-column elementor-element elementor-element-31e34f9\" data-id=\"31e34f9\" data-element_type=\"column\" data-e-type=\"column\">\n\t\t\t<div class=\"elementor-widget-wrap elementor-element-populated\">\n\t\t\t\t\t\t<div class=\"elementor-element elementor-element-356731e elementor-widget elementor-widget-video\" data-id=\"356731e\" data-element_type=\"widget\" data-e-type=\"widget\" data-settings=\"{&quot;youtube_url&quot;:&quot;https:\\\/\\\/www.youtube.com\\\/watch?v=aYCuEONIIDM&amp;ab_channel=Spinnin%27Records&quot;,&quot;video_type&quot;:&quot;youtube&quot;,&quot;controls&quot;:&quot;yes&quot;}\" data-widget_type=\"video.default\">\n\t\t\t\t<div class=\"elementor-widget-container\">\n\t\t\t\t\t\t\t<div class=\"elementor-wrapper elementor-open-inline\">\n\t\t\t<div class=\"elementor-video\"><\/div>\t\t<\/div>\n\t\t\t\t\t\t<\/div>\n\t\t\t\t<\/div>\n\t\t\t\t\t<\/div>\n\t\t<\/div>\n\t\t\t\t\t<\/div>\n\t\t<\/section>\n\t\t\t\t<section class=\"elementor-section elementor-top-section elementor-element elementor-element-15bc37a elementor-section-boxed elementor-section-height-default elementor-section-height-default\" data-id=\"15bc37a\" data-element_type=\"section\" data-e-type=\"section\">\n\t\t\t\t\t\t<div class=\"elementor-container elementor-column-gap-default\">\n\t\t\t\t\t<div class=\"elementor-column elementor-col-100 elementor-top-column elementor-element elementor-element-62dda28\" data-id=\"62dda28\" data-element_type=\"column\" data-e-type=\"column\">\n\t\t\t<div class=\"elementor-widget-wrap elementor-element-populated\">\n\t\t\t\t\t\t<div class=\"elementor-element elementor-element-a568e0c elementor-widget elementor-widget-text-editor\" data-id=\"a568e0c\" data-element_type=\"widget\" data-e-type=\"widget\" data-widget_type=\"text-editor.default\">\n\t\t\t\t<div class=\"elementor-widget-container\">\n\t\t\t\t\t\t\t\t\t<p data-start=\"1635\" data-end=\"2063\">Uno de los momentos m\u00e1s virales del tour fue en <strong data-start=\"1683\" data-end=\"1696\">Barcelona<\/strong>, donde INNA actu\u00f3 por sorpresa en la calle junto al artista catal\u00e1n <strong data-start=\"1765\" data-end=\"1784\">Cesc Sansalvad\u00f3. <\/strong><span data-start=\"1765\" data-end=\"1784\">Juntos, interpretaron<\/span>&nbsp;<em data-start=\"1807\" data-end=\"1826\">More Than Friends<\/em> y este nuevo single <em data-start=\"1847\" data-end=\"1864\">I\u2019ll Be Waiting<\/em>. Esta iniciativa de sacar la m\u00fasica fuera del escenario se ha repetido en varias ciudades, y ha sido celebrada por fans y curiosos que se toparon con una de las divas del EDM en plena acci\u00f3n urbana.<\/p>\n<p data-start=\"2065\" data-end=\"2568\">INNA contin\u00faa consolidando su estatus como una de las artistas m\u00e1s influyentes de la m\u00fasica electr\u00f3nica a nivel global. Con m\u00e1s de <strong data-start=\"2196\" data-end=\"2233\">10.000 millones de reproducciones<\/strong> y <strong data-start=\"2236\" data-end=\"2289\">m\u00e1s de 9 millones de oyentes mensuales en Spotify<\/strong>, sigue liderando programas como <strong data-start=\"2322\" data-end=\"2339\">Spotify EQUAL<\/strong>, superando en escuchas a artistas como Alicia Keys y P!nk. Adem\u00e1s, fue la primera artista de Europa Central y del Este en colaborar con <strong data-start=\"2476\" data-end=\"2495\">Spotify Singles<\/strong>, confirmando su capacidad de traspasar fronteras culturales y musicales.<\/p>\n<p data-start=\"2570\" data-end=\"2791\" data-is-last-node=\"\" data-is-only-node=\"\">Con nuevas fechas por anunciar en <strong data-start=\"2604\" data-end=\"2644\">Madrid, Budapest, M\u00fanich y Frankfurt<\/strong>, y el \u00e9xito imparable de <em data-start=\"2670\" data-end=\"2687\">I\u2019ll Be Waiting<\/em>, INNA demuestra una vez m\u00e1s por qu\u00e9 sigue siendo una de las voces imprescindibles del dance pop global.<\/p>\t\t\t\t\t\t\t\t<\/div>\n\t\t\t\t<\/div>\n\t\t\t\t\t<\/div>\n\t\t<\/div>\n\t\t\t\t\t<\/div>\n\t\t<\/section>\n\t\t\t\t<\/div>","protected":false},"excerpt":{"rendered":"<p>La artista rumana INNA se une al DJ y productor en una potente revisi\u00f3n del cl\u00e1sico \u00ab7 Seconds\u00bb, tras el \u00e9xito de \u00abRock My Body\u00bb INNA marca oficialmente el inicio del verano con un nuevo lanzamiento junto al DJ y productor R3HAB: I\u2019ll Be Waiting.&nbsp;Una versi\u00f3n moderna del ic\u00f3nico tema 7 Seconds, original de Youssou [&hellip;]<\/p>\n","protected":false},"author":6,"featured_media":4673,"comment_status":"closed","ping_status":"closed","sticky":false,"template":"","format":"standard","meta":{"footnotes":""},"categories":[4],"tags":[],"class_list":["post-4671","post","type-post","status-publish","format-standard","has-post-thumbnail","hentry","category-musica"],"yoast_head":"<!-- This site is optimized with the Yoast SEO plugin v27.4 - https:\/\/yoast.com\/product\/yoast-seo-wordpress\/ -->\n<title>INNA y R3HAB tienen el nuevo himno para arrancar el verano &#8902; Una y Mil Letras<\/title>\n<meta name=\"description\" content=\"La artista rumana INNA se une al DJ y productor en una potente revisi\u00f3n del cl\u00e1sico &quot;7 Seconds&quot;, tras el \u00e9xito de &quot;Rock My Body&quot;\" \/>\n<meta name=\"robots\" content=\"index, follow, max-snippet:-1, max-image-preview:large, max-video-preview:-1\" \/>\n<link rel=\"canonical\" href=\"https:\/\/unaymilletras.com\/en\/inna-y-r3hab-tienen-el-nuevo-himno-para-arrancar-el-verano\/\" \/>\n<meta property=\"og:locale\" content=\"en_GB\" \/>\n<meta property=\"og:type\" content=\"article\" \/>\n<meta property=\"og:title\" content=\"INNA y R3HAB tienen el nuevo himno para arrancar el verano &#8902; Una y Mil Letras\" \/>\n<meta property=\"og:description\" content=\"La artista rumana INNA se une al DJ y productor en una potente revisi\u00f3n del cl\u00e1sico &quot;7 Seconds&quot;, tras el \u00e9xito de &quot;Rock My Body&quot;\" \/>\n<meta property=\"og:url\" content=\"https:\/\/unaymilletras.com\/en\/inna-y-r3hab-tienen-el-nuevo-himno-para-arrancar-el-verano\/\" \/>\n<meta property=\"og:site_name\" content=\"Una y Mil Letras\" \/>\n<meta property=\"article:published_time\" content=\"2025-05-16T17:28:40+00:00\" \/>\n<meta property=\"article:modified_time\" content=\"2025-05-18T14:43:21+00:00\" \/>\n<meta property=\"og:image\" content=\"http:\/\/unaymilletras.com\/wp-content\/uploads\/2025\/05\/INNAxR3HAB-Official-Artwork-scaled-e1747416640857.webp\" \/>\n\t<meta property=\"og:image:width\" content=\"600\" \/>\n\t<meta property=\"og:image:height\" content=\"600\" \/>\n\t<meta property=\"og:image:type\" content=\"image\/jpeg\" \/>\n<meta name=\"author\" content=\"Redacci\u00f3n\" \/>\n<meta name=\"twitter:card\" content=\"summary_large_image\" \/>\n<meta name=\"twitter:creator\" content=\"@UnaYMilLetras\" \/>\n<meta name=\"twitter:site\" content=\"@UnaYMilLetras\" \/>\n<meta name=\"twitter:label1\" content=\"Written by\" \/>\n\t<meta name=\"twitter:data1\" content=\"Redacci\u00f3n\" \/>\n\t<meta name=\"twitter:label2\" content=\"Estimated reading time\" \/>\n\t<meta name=\"twitter:data2\" content=\"2 minutes\" \/>\n<script type=\"application\/ld+json\" class=\"yoast-schema-graph\">{\"@context\":\"https:\\\/\\\/schema.org\",\"@graph\":[{\"@type\":\"Article\",\"@id\":\"https:\\\/\\\/unaymilletras.com\\\/inna-y-r3hab-tienen-el-nuevo-himno-para-arrancar-el-verano\\\/#article\",\"isPartOf\":{\"@id\":\"https:\\\/\\\/unaymilletras.com\\\/inna-y-r3hab-tienen-el-nuevo-himno-para-arrancar-el-verano\\\/\"},\"author\":{\"name\":\"Redacci\u00f3n\",\"@id\":\"http:\\\/\\\/unaymilletras.com\\\/#\\\/schema\\\/person\\\/0860dc8a218329991ee2c7591f4f849d\"},\"headline\":\"INNA y R3HAB tienen el nuevo himno para arrancar el verano\",\"datePublished\":\"2025-05-16T17:28:40+00:00\",\"dateModified\":\"2025-05-18T14:43:21+00:00\",\"mainEntityOfPage\":{\"@id\":\"https:\\\/\\\/unaymilletras.com\\\/inna-y-r3hab-tienen-el-nuevo-himno-para-arrancar-el-verano\\\/\"},\"wordCount\":449,\"publisher\":{\"@id\":\"http:\\\/\\\/unaymilletras.com\\\/#organization\"},\"image\":{\"@id\":\"https:\\\/\\\/unaymilletras.com\\\/inna-y-r3hab-tienen-el-nuevo-himno-para-arrancar-el-verano\\\/#primaryimage\"},\"thumbnailUrl\":\"https:\\\/\\\/unaymilletras.com\\\/wp-content\\\/uploads\\\/2025\\\/05\\\/INNAxR3HAB-Official-Artwork-scaled-e1747416640857.webp\",\"articleSection\":[\"M\u00fasica\"],\"inLanguage\":\"en-GB\"},{\"@type\":\"WebPage\",\"@id\":\"https:\\\/\\\/unaymilletras.com\\\/inna-y-r3hab-tienen-el-nuevo-himno-para-arrancar-el-verano\\\/\",\"url\":\"https:\\\/\\\/unaymilletras.com\\\/inna-y-r3hab-tienen-el-nuevo-himno-para-arrancar-el-verano\\\/\",\"name\":\"INNA y R3HAB tienen el nuevo himno para arrancar el verano &#8902; Una y Mil Letras\",\"isPartOf\":{\"@id\":\"http:\\\/\\\/unaymilletras.com\\\/#website\"},\"primaryImageOfPage\":{\"@id\":\"https:\\\/\\\/unaymilletras.com\\\/inna-y-r3hab-tienen-el-nuevo-himno-para-arrancar-el-verano\\\/#primaryimage\"},\"image\":{\"@id\":\"https:\\\/\\\/unaymilletras.com\\\/inna-y-r3hab-tienen-el-nuevo-himno-para-arrancar-el-verano\\\/#primaryimage\"},\"thumbnailUrl\":\"https:\\\/\\\/unaymilletras.com\\\/wp-content\\\/uploads\\\/2025\\\/05\\\/INNAxR3HAB-Official-Artwork-scaled-e1747416640857.webp\",\"datePublished\":\"2025-05-16T17:28:40+00:00\",\"dateModified\":\"2025-05-18T14:43:21+00:00\",\"description\":\"La artista rumana INNA se une al DJ y productor en una potente revisi\u00f3n del cl\u00e1sico \\\"7 Seconds\\\", tras el \u00e9xito de \\\"Rock My Body\\\"\",\"breadcrumb\":{\"@id\":\"https:\\\/\\\/unaymilletras.com\\\/inna-y-r3hab-tienen-el-nuevo-himno-para-arrancar-el-verano\\\/#breadcrumb\"},\"inLanguage\":\"en-GB\",\"potentialAction\":[{\"@type\":\"ReadAction\",\"target\":[\"https:\\\/\\\/unaymilletras.com\\\/inna-y-r3hab-tienen-el-nuevo-himno-para-arrancar-el-verano\\\/\"]}]},{\"@type\":\"ImageObject\",\"inLanguage\":\"en-GB\",\"@id\":\"https:\\\/\\\/unaymilletras.com\\\/inna-y-r3hab-tienen-el-nuevo-himno-para-arrancar-el-verano\\\/#primaryimage\",\"url\":\"https:\\\/\\\/unaymilletras.com\\\/wp-content\\\/uploads\\\/2025\\\/05\\\/INNAxR3HAB-Official-Artwork-scaled-e1747416640857.webp\",\"contentUrl\":\"https:\\\/\\\/unaymilletras.com\\\/wp-content\\\/uploads\\\/2025\\\/05\\\/INNAxR3HAB-Official-Artwork-scaled-e1747416640857.webp\",\"width\":600,\"height\":600,\"caption\":\"INNA\"},{\"@type\":\"BreadcrumbList\",\"@id\":\"https:\\\/\\\/unaymilletras.com\\\/inna-y-r3hab-tienen-el-nuevo-himno-para-arrancar-el-verano\\\/#breadcrumb\",\"itemListElement\":[{\"@type\":\"ListItem\",\"position\":1,\"name\":\"Home\",\"item\":\"http:\\\/\\\/unaymilletras.com\\\/\"},{\"@type\":\"ListItem\",\"position\":2,\"name\":\"INNA y R3HAB tienen el nuevo himno para arrancar el verano\"}]},{\"@type\":\"WebSite\",\"@id\":\"http:\\\/\\\/unaymilletras.com\\\/#website\",\"url\":\"http:\\\/\\\/unaymilletras.com\\\/\",\"name\":\"Una y Mil Letras\",\"description\":\"\",\"publisher\":{\"@id\":\"http:\\\/\\\/unaymilletras.com\\\/#organization\"},\"potentialAction\":[{\"@type\":\"SearchAction\",\"target\":{\"@type\":\"EntryPoint\",\"urlTemplate\":\"http:\\\/\\\/unaymilletras.com\\\/?s={search_term_string}\"},\"query-input\":{\"@type\":\"PropertyValueSpecification\",\"valueRequired\":true,\"valueName\":\"search_term_string\"}}],\"inLanguage\":\"en-GB\"},{\"@type\":\"Organization\",\"@id\":\"http:\\\/\\\/unaymilletras.com\\\/#organization\",\"name\":\"Una y Mil Letras\",\"url\":\"http:\\\/\\\/unaymilletras.com\\\/\",\"logo\":{\"@type\":\"ImageObject\",\"inLanguage\":\"en-GB\",\"@id\":\"http:\\\/\\\/unaymilletras.com\\\/#\\\/schema\\\/logo\\\/image\\\/\",\"url\":\"https:\\\/\\\/unaymilletras.com\\\/wp-content\\\/uploads\\\/2024\\\/06\\\/cropped-Logo-removebg-preview.png\",\"contentUrl\":\"https:\\\/\\\/unaymilletras.com\\\/wp-content\\\/uploads\\\/2024\\\/06\\\/cropped-Logo-removebg-preview.png\",\"width\":512,\"height\":512,\"caption\":\"Una y Mil Letras\"},\"image\":{\"@id\":\"http:\\\/\\\/unaymilletras.com\\\/#\\\/schema\\\/logo\\\/image\\\/\"},\"sameAs\":[\"https:\\\/\\\/x.com\\\/UnaYMilLetras\",\"https:\\\/\\\/instagram.com\\\/UnaYMilLetras\"]},{\"@type\":\"Person\",\"@id\":\"http:\\\/\\\/unaymilletras.com\\\/#\\\/schema\\\/person\\\/0860dc8a218329991ee2c7591f4f849d\",\"name\":\"Redacci\u00f3n\",\"image\":{\"@type\":\"ImageObject\",\"inLanguage\":\"en-GB\",\"@id\":\"https:\\\/\\\/secure.gravatar.com\\\/avatar\\\/d8f55e05a8b6597e45c55a1dcbdbfe44f4a360d88b48e00de5216a79b7732796?s=96&d=mm&r=g\",\"url\":\"https:\\\/\\\/secure.gravatar.com\\\/avatar\\\/d8f55e05a8b6597e45c55a1dcbdbfe44f4a360d88b48e00de5216a79b7732796?s=96&d=mm&r=g\",\"contentUrl\":\"https:\\\/\\\/secure.gravatar.com\\\/avatar\\\/d8f55e05a8b6597e45c55a1dcbdbfe44f4a360d88b48e00de5216a79b7732796?s=96&d=mm&r=g\",\"caption\":\"Redacci\u00f3n\"},\"url\":\"https:\\\/\\\/unaymilletras.com\\\/en\\\/author\\\/redaccion\\\/\"}]}<\/script>\n<!-- \/ Yoast SEO plugin. -->","yoast_head_json":{"title":"INNA y R3HAB tienen el nuevo himno para arrancar el verano &#8902; Una y Mil Letras","description":"La artista rumana INNA se une al DJ y productor en una potente revisi\u00f3n del cl\u00e1sico \"7 Seconds\", tras el \u00e9xito de \"Rock My Body\"","robots":{"index":"index","follow":"follow","max-snippet":"max-snippet:-1","max-image-preview":"max-image-preview:large","max-video-preview":"max-video-preview:-1"},"canonical":"https:\/\/unaymilletras.com\/en\/inna-y-r3hab-tienen-el-nuevo-himno-para-arrancar-el-verano\/","og_locale":"en_GB","og_type":"article","og_title":"INNA y R3HAB tienen el nuevo himno para arrancar el verano &#8902; Una y Mil Letras","og_description":"La artista rumana INNA se une al DJ y productor en una potente revisi\u00f3n del cl\u00e1sico \"7 Seconds\", tras el \u00e9xito de \"Rock My Body\"","og_url":"https:\/\/unaymilletras.com\/en\/inna-y-r3hab-tienen-el-nuevo-himno-para-arrancar-el-verano\/","og_site_name":"Una y Mil Letras","article_published_time":"2025-05-16T17:28:40+00:00","article_modified_time":"2025-05-18T14:43:21+00:00","og_image":[{"width":600,"height":600,"url":"http:\/\/unaymilletras.com\/wp-content\/uploads\/2025\/05\/INNAxR3HAB-Official-Artwork-scaled-e1747416640857.webp","type":"image\/jpeg"}],"author":"Redacci\u00f3n","twitter_card":"summary_large_image","twitter_creator":"@UnaYMilLetras","twitter_site":"@UnaYMilLetras","twitter_misc":{"Written by":"Redacci\u00f3n","Estimated reading time":"2 minutes"},"schema":{"@context":"https:\/\/schema.org","@graph":[{"@type":"Article","@id":"https:\/\/unaymilletras.com\/inna-y-r3hab-tienen-el-nuevo-himno-para-arrancar-el-verano\/#article","isPartOf":{"@id":"https:\/\/unaymilletras.com\/inna-y-r3hab-tienen-el-nuevo-himno-para-arrancar-el-verano\/"},"author":{"name":"Redacci\u00f3n","@id":"http:\/\/unaymilletras.com\/#\/schema\/person\/0860dc8a218329991ee2c7591f4f849d"},"headline":"INNA y R3HAB tienen el nuevo himno para arrancar el verano","datePublished":"2025-05-16T17:28:40+00:00","dateModified":"2025-05-18T14:43:21+00:00","mainEntityOfPage":{"@id":"https:\/\/unaymilletras.com\/inna-y-r3hab-tienen-el-nuevo-himno-para-arrancar-el-verano\/"},"wordCount":449,"publisher":{"@id":"http:\/\/unaymilletras.com\/#organization"},"image":{"@id":"https:\/\/unaymilletras.com\/inna-y-r3hab-tienen-el-nuevo-himno-para-arrancar-el-verano\/#primaryimage"},"thumbnailUrl":"https:\/\/unaymilletras.com\/wp-content\/uploads\/2025\/05\/INNAxR3HAB-Official-Artwork-scaled-e1747416640857.webp","articleSection":["M\u00fasica"],"inLanguage":"en-GB"},{"@type":"WebPage","@id":"https:\/\/unaymilletras.com\/inna-y-r3hab-tienen-el-nuevo-himno-para-arrancar-el-verano\/","url":"https:\/\/unaymilletras.com\/inna-y-r3hab-tienen-el-nuevo-himno-para-arrancar-el-verano\/","name":"INNA y R3HAB tienen el nuevo himno para arrancar el verano &#8902; Una y Mil Letras","isPartOf":{"@id":"http:\/\/unaymilletras.com\/#website"},"primaryImageOfPage":{"@id":"https:\/\/unaymilletras.com\/inna-y-r3hab-tienen-el-nuevo-himno-para-arrancar-el-verano\/#primaryimage"},"image":{"@id":"https:\/\/unaymilletras.com\/inna-y-r3hab-tienen-el-nuevo-himno-para-arrancar-el-verano\/#primaryimage"},"thumbnailUrl":"https:\/\/unaymilletras.com\/wp-content\/uploads\/2025\/05\/INNAxR3HAB-Official-Artwork-scaled-e1747416640857.webp","datePublished":"2025-05-16T17:28:40+00:00","dateModified":"2025-05-18T14:43:21+00:00","description":"La artista rumana INNA se une al DJ y productor en una potente revisi\u00f3n del cl\u00e1sico \"7 Seconds\", tras el \u00e9xito de \"Rock My Body\"","breadcrumb":{"@id":"https:\/\/unaymilletras.com\/inna-y-r3hab-tienen-el-nuevo-himno-para-arrancar-el-verano\/#breadcrumb"},"inLanguage":"en-GB","potentialAction":[{"@type":"ReadAction","target":["https:\/\/unaymilletras.com\/inna-y-r3hab-tienen-el-nuevo-himno-para-arrancar-el-verano\/"]}]},{"@type":"ImageObject","inLanguage":"en-GB","@id":"https:\/\/unaymilletras.com\/inna-y-r3hab-tienen-el-nuevo-himno-para-arrancar-el-verano\/#primaryimage","url":"https:\/\/unaymilletras.com\/wp-content\/uploads\/2025\/05\/INNAxR3HAB-Official-Artwork-scaled-e1747416640857.webp","contentUrl":"https:\/\/unaymilletras.com\/wp-content\/uploads\/2025\/05\/INNAxR3HAB-Official-Artwork-scaled-e1747416640857.webp","width":600,"height":600,"caption":"INNA"},{"@type":"BreadcrumbList","@id":"https:\/\/unaymilletras.com\/inna-y-r3hab-tienen-el-nuevo-himno-para-arrancar-el-verano\/#breadcrumb","itemListElement":[{"@type":"ListItem","position":1,"name":"Home","item":"http:\/\/unaymilletras.com\/"},{"@type":"ListItem","position":2,"name":"INNA y R3HAB tienen el nuevo himno para arrancar el verano"}]},{"@type":"WebSite","@id":"http:\/\/unaymilletras.com\/#website","url":"http:\/\/unaymilletras.com\/","name":"Una y Mil Letras","description":"","publisher":{"@id":"http:\/\/unaymilletras.com\/#organization"},"potentialAction":[{"@type":"SearchAction","target":{"@type":"EntryPoint","urlTemplate":"http:\/\/unaymilletras.com\/?s={search_term_string}"},"query-input":{"@type":"PropertyValueSpecification","valueRequired":true,"valueName":"search_term_string"}}],"inLanguage":"en-GB"},{"@type":"Organization","@id":"http:\/\/unaymilletras.com\/#organization","name":"Una y Mil Letras","url":"http:\/\/unaymilletras.com\/","logo":{"@type":"ImageObject","inLanguage":"en-GB","@id":"http:\/\/unaymilletras.com\/#\/schema\/logo\/image\/","url":"https:\/\/unaymilletras.com\/wp-content\/uploads\/2024\/06\/cropped-Logo-removebg-preview.png","contentUrl":"https:\/\/unaymilletras.com\/wp-content\/uploads\/2024\/06\/cropped-Logo-removebg-preview.png","width":512,"height":512,"caption":"Una y Mil Letras"},"image":{"@id":"http:\/\/unaymilletras.com\/#\/schema\/logo\/image\/"},"sameAs":["https:\/\/x.com\/UnaYMilLetras","https:\/\/instagram.com\/UnaYMilLetras"]},{"@type":"Person","@id":"http:\/\/unaymilletras.com\/#\/schema\/person\/0860dc8a218329991ee2c7591f4f849d","name":"Redacci\u00f3n","image":{"@type":"ImageObject","inLanguage":"en-GB","@id":"https:\/\/secure.gravatar.com\/avatar\/d8f55e05a8b6597e45c55a1dcbdbfe44f4a360d88b48e00de5216a79b7732796?s=96&d=mm&r=g","url":"https:\/\/secure.gravatar.com\/avatar\/d8f55e05a8b6597e45c55a1dcbdbfe44f4a360d88b48e00de5216a79b7732796?s=96&d=mm&r=g","contentUrl":"https:\/\/secure.gravatar.com\/avatar\/d8f55e05a8b6597e45c55a1dcbdbfe44f4a360d88b48e00de5216a79b7732796?s=96&d=mm&r=g","caption":"Redacci\u00f3n"},"url":"https:\/\/unaymilletras.com\/en\/author\/redaccion\/"}]}},"_links":{"self":[{"href":"https:\/\/unaymilletras.com\/en\/wp-json\/wp\/v2\/posts\/4671","targetHints":{"allow":["GET"]}}],"collection":[{"href":"https:\/\/unaymilletras.com\/en\/wp-json\/wp\/v2\/posts"}],"about":[{"href":"https:\/\/unaymilletras.com\/en\/wp-json\/wp\/v2\/types\/post"}],"author":[{"embeddable":true,"href":"https:\/\/unaymilletras.com\/en\/wp-json\/wp\/v2\/users\/6"}],"replies":[{"embeddable":true,"href":"https:\/\/unaymilletras.com\/en\/wp-json\/wp\/v2\/comments?post=4671"}],"version-history":[{"count":8,"href":"https:\/\/unaymilletras.com\/en\/wp-json\/wp\/v2\/posts\/4671\/revisions"}],"predecessor-version":[{"id":4702,"href":"https:\/\/unaymilletras.com\/en\/wp-json\/wp\/v2\/posts\/4671\/revisions\/4702"}],"wp:featuredmedia":[{"embeddable":true,"href":"https:\/\/unaymilletras.com\/en\/wp-json\/wp\/v2\/media\/4673"}],"wp:attachment":[{"href":"https:\/\/unaymilletras.com\/en\/wp-json\/wp\/v2\/media?parent=4671"}],"wp:term":[{"taxonomy":"category","embeddable":true,"href":"https:\/\/unaymilletras.com\/en\/wp-json\/wp\/v2\/categories?post=4671"},{"taxonomy":"post_tag","embeddable":true,"href":"https:\/\/unaymilletras.com\/en\/wp-json\/wp\/v2\/tags?post=4671"}],"curies":[{"name":"wp","href":"https:\/\/api.w.org\/{rel}","templated":true}]}}