{"id":4681,"date":"2025-05-17T12:00:00","date_gmt":"2025-05-17T10:00:00","guid":{"rendered":"https:\/\/unaymilletras.com\/?p=4681"},"modified":"2025-05-18T16:43:01","modified_gmt":"2025-05-18T14:43:01","slug":"lali-anuncia-su-gira-en-espana-tres-conciertos-para-presentar-su-disco-mas-radical","status":"publish","type":"post","link":"https:\/\/unaymilletras.com\/en\/lali-anuncia-su-gira-en-espana-tres-conciertos-para-presentar-su-disco-mas-radical\/","title":{"rendered":"Lali anuncia su gira en Espa\u00f1a: tres conciertos para presentar su disco m\u00e1s radical"},"content":{"rendered":"<div data-elementor-type=\"wp-post\" data-elementor-id=\"4681\" class=\"elementor elementor-4681\">\n\t\t\t\t\t\t<section class=\"elementor-section elementor-top-section elementor-element elementor-element-5d480df elementor-section-boxed elementor-section-height-default elementor-section-height-default\" data-id=\"5d480df\" data-element_type=\"section\" data-e-type=\"section\">\n\t\t\t\t\t\t<div class=\"elementor-container elementor-column-gap-default\">\n\t\t\t\t\t<div class=\"elementor-column elementor-col-100 elementor-top-column elementor-element elementor-element-25d8b04\" data-id=\"25d8b04\" data-element_type=\"column\" data-e-type=\"column\">\n\t\t\t<div class=\"elementor-widget-wrap elementor-element-populated\">\n\t\t\t\t\t\t<div class=\"elementor-element elementor-element-77a0bcc elementor-widget elementor-widget-text-editor\" data-id=\"77a0bcc\" data-element_type=\"widget\" data-e-type=\"widget\" data-widget_type=\"text-editor.default\">\n\t\t\t\t<div class=\"elementor-widget-container\">\n\t\t\t\t\t\t\t\t\t<h2 style=\"text-align: center;\" data-start=\"223\" data-end=\"390\"><span style=\"color: #808080;\"><em>La artista LALI actuar\u00e1 en Barcelona, Sevilla y Madrid con NO VAYAS A ATENDER CUANDO EL DEMONIO LLAMA Tour<\/em><\/span><\/h2>\t\t\t\t\t\t\t\t<\/div>\n\t\t\t\t<\/div>\n\t\t\t\t\t<\/div>\n\t\t<\/div>\n\t\t\t\t\t<\/div>\n\t\t<\/section>\n\t\t\t\t<section class=\"elementor-section elementor-top-section elementor-element elementor-element-d063dfb elementor-section-boxed elementor-section-height-default elementor-section-height-default\" data-id=\"d063dfb\" data-element_type=\"section\" data-e-type=\"section\">\n\t\t\t\t\t\t<div class=\"elementor-container elementor-column-gap-default\">\n\t\t\t\t\t<div class=\"elementor-column elementor-col-100 elementor-top-column elementor-element elementor-element-dadf5cf\" data-id=\"dadf5cf\" data-element_type=\"column\" data-e-type=\"column\">\n\t\t\t<div class=\"elementor-widget-wrap elementor-element-populated\">\n\t\t\t\t\t\t<div class=\"elementor-element elementor-element-ecbb6f3 elementor-widget elementor-widget-text-editor\" data-id=\"ecbb6f3\" data-element_type=\"widget\" data-e-type=\"widget\" data-widget_type=\"text-editor.default\">\n\t\t\t\t<div class=\"elementor-widget-container\">\n\t\t\t\t\t\t\t\t\t<p data-start=\"392\" data-end=\"783\">Lali regresa con fuerza a los escenarios y lo hace con una gira que promete ser un aut\u00e9ntico manifiesto art\u00edstico. La cantante argentina ha anunciado el <strong data-start=\"545\" data-end=\"563\">LALI TOUR 2025. <\/strong><span data-start=\"545\" data-end=\"563\">U<\/span>na ambiciosa gira que la llevar\u00e1 por Argentina, Uruguay y Espa\u00f1a en los pr\u00f3ximos meses. En nuestro pa\u00eds, la cita ser\u00e1 este oto\u00f1o con tres conciertos: <strong data-start=\"716\" data-end=\"782\">el 1 de octubre en Barcelona, el 4 en Sevilla y el 6 en Madrid<\/strong>.<\/p><p data-start=\"785\" data-end=\"1142\">Las entradas para sus shows en Espa\u00f1a ya est\u00e1n <strong data-start=\"832\" data-end=\"864\">a la venta desde esta ma\u00f1ana<\/strong> a trav\u00e9s de <strong data-start=\"877\" data-end=\"912\">livenation.es y ticketmaster.es.<\/strong>\u00a0Todo apunta a que seguir\u00e1n el mismo ritmo vertiginoso que en Argentina. El precio de las entradas parte desde <strong data-start=\"1099\" data-end=\"1141\">33,50\u20ac m\u00e1s gastos de distribuci\u00f3n<\/strong>.<\/p>\t\t\t\t\t\t\t\t<\/div>\n\t\t\t\t<\/div>\n\t\t\t\t\t<\/div>\n\t\t<\/div>\n\t\t\t\t\t<\/div>\n\t\t<\/section>\n\t\t\t\t<section class=\"elementor-section elementor-top-section elementor-element elementor-element-5224a62 elementor-section-boxed elementor-section-height-default elementor-section-height-default\" data-id=\"5224a62\" data-element_type=\"section\" data-e-type=\"section\">\n\t\t\t\t\t\t<div class=\"elementor-container elementor-column-gap-default\">\n\t\t\t\t\t<div class=\"elementor-column elementor-col-100 elementor-top-column elementor-element elementor-element-5018f1d\" data-id=\"5018f1d\" data-element_type=\"column\" data-e-type=\"column\">\n\t\t\t<div class=\"elementor-widget-wrap elementor-element-populated\">\n\t\t\t\t\t\t<div class=\"elementor-element elementor-element-133bcb6 elementor-widget elementor-widget-image\" data-id=\"133bcb6\" data-element_type=\"widget\" data-e-type=\"widget\" data-widget_type=\"image.default\">\n\t\t\t\t<div class=\"elementor-widget-container\">\n\t\t\t\t\t\t\t\t\t\t\t\t\t\t\t<img fetchpriority=\"high\" decoding=\"async\" width=\"640\" height=\"360\" src=\"https:\/\/unaymilletras.com\/wp-content\/uploads\/2025\/05\/META-1920x1080-X-1024x576.webp\" class=\"attachment-large size-large wp-image-4683\" alt=\"LALI\" srcset=\"https:\/\/unaymilletras.com\/wp-content\/uploads\/2025\/05\/META-1920x1080-X-1024x576.webp 1024w, https:\/\/unaymilletras.com\/wp-content\/uploads\/2025\/05\/META-1920x1080-X-300x169.webp 300w, https:\/\/unaymilletras.com\/wp-content\/uploads\/2025\/05\/META-1920x1080-X-768x432.webp 768w, https:\/\/unaymilletras.com\/wp-content\/uploads\/2025\/05\/META-1920x1080-X-1536x864.webp 1536w, https:\/\/unaymilletras.com\/wp-content\/uploads\/2025\/05\/META-1920x1080-X-18x10.webp 18w, https:\/\/unaymilletras.com\/wp-content\/uploads\/2025\/05\/META-1920x1080-X-1280x720.webp 1280w, https:\/\/unaymilletras.com\/wp-content\/uploads\/2025\/05\/META-1920x1080-X-e1747419154574.webp 600w\" sizes=\"(max-width: 640px) 100vw, 640px\" \/>\t\t\t\t\t\t\t\t\t\t\t\t\t\t\t<\/div>\n\t\t\t\t<\/div>\n\t\t\t\t\t<\/div>\n\t\t<\/div>\n\t\t\t\t\t<\/div>\n\t\t<\/section>\n\t\t\t\t<section class=\"elementor-section elementor-top-section elementor-element elementor-element-8f4d357 elementor-section-boxed elementor-section-height-default elementor-section-height-default\" data-id=\"8f4d357\" data-element_type=\"section\" data-e-type=\"section\">\n\t\t\t\t\t\t<div class=\"elementor-container elementor-column-gap-default\">\n\t\t\t\t\t<div class=\"elementor-column elementor-col-100 elementor-top-column elementor-element elementor-element-35f5b8e\" data-id=\"35f5b8e\" data-element_type=\"column\" data-e-type=\"column\">\n\t\t\t<div class=\"elementor-widget-wrap elementor-element-populated\">\n\t\t\t\t\t\t<div class=\"elementor-element elementor-element-16e26e2 elementor-widget elementor-widget-text-editor\" data-id=\"16e26e2\" data-element_type=\"widget\" data-e-type=\"widget\" data-widget_type=\"text-editor.default\">\n\t\t\t\t<div class=\"elementor-widget-container\">\n\t\t\t\t\t\t\t\t\t<p data-start=\"1144\" data-end=\"1562\">En esta nueva etapa, Lali presentar\u00e1 su sexto \u00e1lbum de estudio, <em data-start=\"1208\" data-end=\"1252\"><span style=\"color: #808080;\"><a style=\"color: #808080;\" href=\"https:\/\/unaymilletras.com\/en\/lali-lanza-su-disco-mas-audaz-no-vayas-a-atender-cuando-el-demonio-llama\/\">NO VAYAS A ATENDER CUANDO EL DEMONIO LLAMA<\/a><\/span>. <\/em><span data-start=\"1208\" data-end=\"1252\">U<\/span>n trabajo contundente, rockero y sin concesiones, con el que rompe moldes y se muestra m\u00e1s provocadora y libre que nunca. Con letras que exploran lo oscuro, lo sensual y lo inc\u00f3modo. El disco ha sido recibido como una evoluci\u00f3n potente en su carrera, sin perder la esencia pop que la ha convertido en icono.<\/p><p data-start=\"1564\" data-end=\"1886\">La gira promete una puesta en escena intensa, conceptual y emocional. Ser\u00e1 una experiencia sensorial que mezclar\u00e1 momentos \u00edntimos con la energ\u00eda el\u00e9ctrica del nuevo repertorio. Lali ha definido este espect\u00e1culo como \u201cuna catarsis en vivo\u201d, una forma de conectar con el p\u00fablico desde un lugar mucho m\u00e1s profundo y honesto.<\/p>\t\t\t\t\t\t\t\t<\/div>\n\t\t\t\t<\/div>\n\t\t\t\t\t<\/div>\n\t\t<\/div>\n\t\t\t\t\t<\/div>\n\t\t<\/section>\n\t\t\t\t<section class=\"elementor-section elementor-top-section elementor-element elementor-element-5030509 elementor-section-boxed elementor-section-height-default elementor-section-height-default\" data-id=\"5030509\" data-element_type=\"section\" data-e-type=\"section\">\n\t\t\t\t\t\t<div class=\"elementor-container elementor-column-gap-default\">\n\t\t\t\t\t<div class=\"elementor-column elementor-col-100 elementor-top-column elementor-element elementor-element-334232b\" data-id=\"334232b\" data-element_type=\"column\" data-e-type=\"column\">\n\t\t\t<div class=\"elementor-widget-wrap elementor-element-populated\">\n\t\t\t\t\t\t<div class=\"elementor-element elementor-element-cd57b9a elementor-widget elementor-widget-video\" data-id=\"cd57b9a\" data-element_type=\"widget\" data-e-type=\"widget\" data-settings=\"{&quot;youtube_url&quot;:&quot;https:\\\/\\\/www.youtube.com\\\/watch?v=S5epcbupTeo&amp;ab_channel=LaliMusicaVEVO&quot;,&quot;video_type&quot;:&quot;youtube&quot;,&quot;controls&quot;:&quot;yes&quot;}\" data-widget_type=\"video.default\">\n\t\t\t\t<div class=\"elementor-widget-container\">\n\t\t\t\t\t\t\t<div class=\"elementor-wrapper elementor-open-inline\">\n\t\t\t<div class=\"elementor-video\"><\/div>\t\t<\/div>\n\t\t\t\t\t\t<\/div>\n\t\t\t\t<\/div>\n\t\t\t\t\t<\/div>\n\t\t<\/div>\n\t\t\t\t\t<\/div>\n\t\t<\/section>\n\t\t\t\t<section class=\"elementor-section elementor-top-section elementor-element elementor-element-657388f elementor-section-boxed elementor-section-height-default elementor-section-height-default\" data-id=\"657388f\" data-element_type=\"section\" data-e-type=\"section\">\n\t\t\t\t\t\t<div class=\"elementor-container elementor-column-gap-default\">\n\t\t\t\t\t<div class=\"elementor-column elementor-col-100 elementor-top-column elementor-element elementor-element-6f52332\" data-id=\"6f52332\" data-element_type=\"column\" data-e-type=\"column\">\n\t\t\t<div class=\"elementor-widget-wrap elementor-element-populated\">\n\t\t\t\t\t\t<div class=\"elementor-element elementor-element-91f29f5 elementor-widget elementor-widget-text-editor\" data-id=\"91f29f5\" data-element_type=\"widget\" data-e-type=\"widget\" data-widget_type=\"text-editor.default\">\n\t\t\t\t<div class=\"elementor-widget-container\">\n\t\t\t\t\t\t\t\t\t<p data-start=\"1564\" data-end=\"1886\">El impacto de esta nueva era se ha dejado sentir en cada uno de los adelantos del disco y tambi\u00e9n en el universo visual que los acompa\u00f1a. Una narrativa dist\u00f3pica y combativa que refuerza el mensaje rebelde del proyecto. En redes sociales, la reacci\u00f3n a la gira ha sido masiva, con miles de fans celebrando el regreso de la artista a Espa\u00f1a.<\/p>\n<p data-start=\"2230\" data-end=\"2480\" data-is-last-node=\"\" data-is-only-node=\"\">Con m\u00e1s fechas por confirmar y una gira que ya es un fen\u00f3meno en Argentina, <strong data-start=\"2306\" data-end=\"2389\">Lali reafirma su lugar como una de las voces m\u00e1s potentes del pop latino actual<\/strong>. El <em data-start=\"2394\" data-end=\"2410\">LALI TOUR 2025<\/em> no ser\u00e1 un concierto cualquiera: ser\u00e1 una declaraci\u00f3n de intenciones.<\/p>\t\t\t\t\t\t\t\t<\/div>\n\t\t\t\t<\/div>\n\t\t\t\t\t<\/div>\n\t\t<\/div>\n\t\t\t\t\t<\/div>\n\t\t<\/section>\n\t\t\t\t<\/div>","protected":false},"excerpt":{"rendered":"<p>La artista LALI actuar\u00e1 en Barcelona, Sevilla y Madrid con NO VAYAS A ATENDER CUANDO EL DEMONIO LLAMA Tour Lali regresa con fuerza a los escenarios y lo hace con una gira que promete ser un aut\u00e9ntico manifiesto art\u00edstico. La cantante argentina ha anunciado el LALI TOUR 2025. Una ambiciosa gira que la llevar\u00e1 por [&hellip;]<\/p>\n","protected":false},"author":6,"featured_media":4683,"comment_status":"closed","ping_status":"closed","sticky":false,"template":"","format":"standard","meta":{"footnotes":""},"categories":[4],"tags":[],"class_list":["post-4681","post","type-post","status-publish","format-standard","has-post-thumbnail","hentry","category-musica"],"yoast_head":"<!-- This site is optimized with the Yoast SEO plugin v27.4 - https:\/\/yoast.com\/product\/yoast-seo-wordpress\/ -->\n<title>Lali anuncia su gira en Espa\u00f1a: tres conciertos para presentar su disco m\u00e1s radical<\/title>\n<meta name=\"description\" content=\"La artista LALI actuar\u00e1 en Barcelona, Sevilla y Madrid con NO VAYAS A ATENDER CUANDO EL DEMONIO LLAMA Tour\" \/>\n<meta name=\"robots\" content=\"index, follow, max-snippet:-1, max-image-preview:large, max-video-preview:-1\" \/>\n<link rel=\"canonical\" href=\"https:\/\/unaymilletras.com\/en\/lali-anuncia-su-gira-en-espana-tres-conciertos-para-presentar-su-disco-mas-radical\/\" \/>\n<meta property=\"og:locale\" content=\"en_GB\" \/>\n<meta property=\"og:type\" content=\"article\" \/>\n<meta property=\"og:title\" content=\"Lali anuncia su gira en Espa\u00f1a: tres conciertos para presentar su disco m\u00e1s radical\" \/>\n<meta property=\"og:description\" content=\"La artista LALI actuar\u00e1 en Barcelona, Sevilla y Madrid con NO VAYAS A ATENDER CUANDO EL DEMONIO LLAMA Tour\" \/>\n<meta property=\"og:url\" content=\"https:\/\/unaymilletras.com\/en\/lali-anuncia-su-gira-en-espana-tres-conciertos-para-presentar-su-disco-mas-radical\/\" \/>\n<meta property=\"og:site_name\" content=\"Una y Mil Letras\" \/>\n<meta property=\"article:published_time\" content=\"2025-05-17T10:00:00+00:00\" \/>\n<meta property=\"article:modified_time\" content=\"2025-05-18T14:43:01+00:00\" \/>\n<meta property=\"og:image\" content=\"http:\/\/unaymilletras.com\/wp-content\/uploads\/2025\/05\/META-1920x1080-X-e1747419154574.webp\" \/>\n\t<meta property=\"og:image:width\" content=\"600\" \/>\n\t<meta property=\"og:image:height\" content=\"338\" \/>\n\t<meta property=\"og:image:type\" content=\"image\/jpeg\" \/>\n<meta name=\"author\" content=\"Redacci\u00f3n\" \/>\n<meta name=\"twitter:card\" content=\"summary_large_image\" \/>\n<meta name=\"twitter:creator\" content=\"@UnaYMilLetras\" \/>\n<meta name=\"twitter:site\" content=\"@UnaYMilLetras\" \/>\n<meta name=\"twitter:label1\" content=\"Written by\" \/>\n\t<meta name=\"twitter:data1\" content=\"Redacci\u00f3n\" \/>\n\t<meta name=\"twitter:label2\" content=\"Estimated reading time\" \/>\n\t<meta name=\"twitter:data2\" content=\"3 minutes\" \/>\n<script type=\"application\/ld+json\" class=\"yoast-schema-graph\">{\"@context\":\"https:\\\/\\\/schema.org\",\"@graph\":[{\"@type\":\"Article\",\"@id\":\"https:\\\/\\\/unaymilletras.com\\\/lali-anuncia-su-gira-en-espana-tres-conciertos-para-presentar-su-disco-mas-radical\\\/#article\",\"isPartOf\":{\"@id\":\"https:\\\/\\\/unaymilletras.com\\\/lali-anuncia-su-gira-en-espana-tres-conciertos-para-presentar-su-disco-mas-radical\\\/\"},\"author\":{\"name\":\"Redacci\u00f3n\",\"@id\":\"http:\\\/\\\/unaymilletras.com\\\/#\\\/schema\\\/person\\\/0860dc8a218329991ee2c7591f4f849d\"},\"headline\":\"Lali anuncia su gira en Espa\u00f1a: tres conciertos para presentar su disco m\u00e1s radical\",\"datePublished\":\"2025-05-17T10:00:00+00:00\",\"dateModified\":\"2025-05-18T14:43:01+00:00\",\"mainEntityOfPage\":{\"@id\":\"https:\\\/\\\/unaymilletras.com\\\/lali-anuncia-su-gira-en-espana-tres-conciertos-para-presentar-su-disco-mas-radical\\\/\"},\"wordCount\":417,\"publisher\":{\"@id\":\"http:\\\/\\\/unaymilletras.com\\\/#organization\"},\"image\":{\"@id\":\"https:\\\/\\\/unaymilletras.com\\\/lali-anuncia-su-gira-en-espana-tres-conciertos-para-presentar-su-disco-mas-radical\\\/#primaryimage\"},\"thumbnailUrl\":\"https:\\\/\\\/unaymilletras.com\\\/wp-content\\\/uploads\\\/2025\\\/05\\\/META-1920x1080-X-e1747419154574.webp\",\"articleSection\":[\"M\u00fasica\"],\"inLanguage\":\"en-GB\"},{\"@type\":\"WebPage\",\"@id\":\"https:\\\/\\\/unaymilletras.com\\\/lali-anuncia-su-gira-en-espana-tres-conciertos-para-presentar-su-disco-mas-radical\\\/\",\"url\":\"https:\\\/\\\/unaymilletras.com\\\/lali-anuncia-su-gira-en-espana-tres-conciertos-para-presentar-su-disco-mas-radical\\\/\",\"name\":\"Lali anuncia su gira en Espa\u00f1a: tres conciertos para presentar su disco m\u00e1s radical\",\"isPartOf\":{\"@id\":\"http:\\\/\\\/unaymilletras.com\\\/#website\"},\"primaryImageOfPage\":{\"@id\":\"https:\\\/\\\/unaymilletras.com\\\/lali-anuncia-su-gira-en-espana-tres-conciertos-para-presentar-su-disco-mas-radical\\\/#primaryimage\"},\"image\":{\"@id\":\"https:\\\/\\\/unaymilletras.com\\\/lali-anuncia-su-gira-en-espana-tres-conciertos-para-presentar-su-disco-mas-radical\\\/#primaryimage\"},\"thumbnailUrl\":\"https:\\\/\\\/unaymilletras.com\\\/wp-content\\\/uploads\\\/2025\\\/05\\\/META-1920x1080-X-e1747419154574.webp\",\"datePublished\":\"2025-05-17T10:00:00+00:00\",\"dateModified\":\"2025-05-18T14:43:01+00:00\",\"description\":\"La artista LALI actuar\u00e1 en Barcelona, Sevilla y Madrid con NO VAYAS A ATENDER CUANDO EL DEMONIO LLAMA Tour\",\"breadcrumb\":{\"@id\":\"https:\\\/\\\/unaymilletras.com\\\/lali-anuncia-su-gira-en-espana-tres-conciertos-para-presentar-su-disco-mas-radical\\\/#breadcrumb\"},\"inLanguage\":\"en-GB\",\"potentialAction\":[{\"@type\":\"ReadAction\",\"target\":[\"https:\\\/\\\/unaymilletras.com\\\/lali-anuncia-su-gira-en-espana-tres-conciertos-para-presentar-su-disco-mas-radical\\\/\"]}]},{\"@type\":\"ImageObject\",\"inLanguage\":\"en-GB\",\"@id\":\"https:\\\/\\\/unaymilletras.com\\\/lali-anuncia-su-gira-en-espana-tres-conciertos-para-presentar-su-disco-mas-radical\\\/#primaryimage\",\"url\":\"https:\\\/\\\/unaymilletras.com\\\/wp-content\\\/uploads\\\/2025\\\/05\\\/META-1920x1080-X-e1747419154574.webp\",\"contentUrl\":\"https:\\\/\\\/unaymilletras.com\\\/wp-content\\\/uploads\\\/2025\\\/05\\\/META-1920x1080-X-e1747419154574.webp\",\"width\":600,\"height\":338,\"caption\":\"LALI\"},{\"@type\":\"BreadcrumbList\",\"@id\":\"https:\\\/\\\/unaymilletras.com\\\/lali-anuncia-su-gira-en-espana-tres-conciertos-para-presentar-su-disco-mas-radical\\\/#breadcrumb\",\"itemListElement\":[{\"@type\":\"ListItem\",\"position\":1,\"name\":\"Home\",\"item\":\"http:\\\/\\\/unaymilletras.com\\\/\"},{\"@type\":\"ListItem\",\"position\":2,\"name\":\"Lali anuncia su gira en Espa\u00f1a: tres conciertos para presentar su disco m\u00e1s radical\"}]},{\"@type\":\"WebSite\",\"@id\":\"http:\\\/\\\/unaymilletras.com\\\/#website\",\"url\":\"http:\\\/\\\/unaymilletras.com\\\/\",\"name\":\"Una y Mil Letras\",\"description\":\"\",\"publisher\":{\"@id\":\"http:\\\/\\\/unaymilletras.com\\\/#organization\"},\"potentialAction\":[{\"@type\":\"SearchAction\",\"target\":{\"@type\":\"EntryPoint\",\"urlTemplate\":\"http:\\\/\\\/unaymilletras.com\\\/?s={search_term_string}\"},\"query-input\":{\"@type\":\"PropertyValueSpecification\",\"valueRequired\":true,\"valueName\":\"search_term_string\"}}],\"inLanguage\":\"en-GB\"},{\"@type\":\"Organization\",\"@id\":\"http:\\\/\\\/unaymilletras.com\\\/#organization\",\"name\":\"Una y Mil Letras\",\"url\":\"http:\\\/\\\/unaymilletras.com\\\/\",\"logo\":{\"@type\":\"ImageObject\",\"inLanguage\":\"en-GB\",\"@id\":\"http:\\\/\\\/unaymilletras.com\\\/#\\\/schema\\\/logo\\\/image\\\/\",\"url\":\"https:\\\/\\\/unaymilletras.com\\\/wp-content\\\/uploads\\\/2024\\\/06\\\/cropped-Logo-removebg-preview.png\",\"contentUrl\":\"https:\\\/\\\/unaymilletras.com\\\/wp-content\\\/uploads\\\/2024\\\/06\\\/cropped-Logo-removebg-preview.png\",\"width\":512,\"height\":512,\"caption\":\"Una y Mil Letras\"},\"image\":{\"@id\":\"http:\\\/\\\/unaymilletras.com\\\/#\\\/schema\\\/logo\\\/image\\\/\"},\"sameAs\":[\"https:\\\/\\\/x.com\\\/UnaYMilLetras\",\"https:\\\/\\\/instagram.com\\\/UnaYMilLetras\"]},{\"@type\":\"Person\",\"@id\":\"http:\\\/\\\/unaymilletras.com\\\/#\\\/schema\\\/person\\\/0860dc8a218329991ee2c7591f4f849d\",\"name\":\"Redacci\u00f3n\",\"image\":{\"@type\":\"ImageObject\",\"inLanguage\":\"en-GB\",\"@id\":\"https:\\\/\\\/secure.gravatar.com\\\/avatar\\\/d8f55e05a8b6597e45c55a1dcbdbfe44f4a360d88b48e00de5216a79b7732796?s=96&d=mm&r=g\",\"url\":\"https:\\\/\\\/secure.gravatar.com\\\/avatar\\\/d8f55e05a8b6597e45c55a1dcbdbfe44f4a360d88b48e00de5216a79b7732796?s=96&d=mm&r=g\",\"contentUrl\":\"https:\\\/\\\/secure.gravatar.com\\\/avatar\\\/d8f55e05a8b6597e45c55a1dcbdbfe44f4a360d88b48e00de5216a79b7732796?s=96&d=mm&r=g\",\"caption\":\"Redacci\u00f3n\"},\"url\":\"https:\\\/\\\/unaymilletras.com\\\/en\\\/author\\\/redaccion\\\/\"}]}<\/script>\n<!-- \/ Yoast SEO plugin. -->","yoast_head_json":{"title":"Lali anuncia su gira en Espa\u00f1a: tres conciertos para presentar su disco m\u00e1s radical","description":"La artista LALI actuar\u00e1 en Barcelona, Sevilla y Madrid con NO VAYAS A ATENDER CUANDO EL DEMONIO LLAMA Tour","robots":{"index":"index","follow":"follow","max-snippet":"max-snippet:-1","max-image-preview":"max-image-preview:large","max-video-preview":"max-video-preview:-1"},"canonical":"https:\/\/unaymilletras.com\/en\/lali-anuncia-su-gira-en-espana-tres-conciertos-para-presentar-su-disco-mas-radical\/","og_locale":"en_GB","og_type":"article","og_title":"Lali anuncia su gira en Espa\u00f1a: tres conciertos para presentar su disco m\u00e1s radical","og_description":"La artista LALI actuar\u00e1 en Barcelona, Sevilla y Madrid con NO VAYAS A ATENDER CUANDO EL DEMONIO LLAMA Tour","og_url":"https:\/\/unaymilletras.com\/en\/lali-anuncia-su-gira-en-espana-tres-conciertos-para-presentar-su-disco-mas-radical\/","og_site_name":"Una y Mil Letras","article_published_time":"2025-05-17T10:00:00+00:00","article_modified_time":"2025-05-18T14:43:01+00:00","og_image":[{"width":600,"height":338,"url":"http:\/\/unaymilletras.com\/wp-content\/uploads\/2025\/05\/META-1920x1080-X-e1747419154574.webp","type":"image\/jpeg"}],"author":"Redacci\u00f3n","twitter_card":"summary_large_image","twitter_creator":"@UnaYMilLetras","twitter_site":"@UnaYMilLetras","twitter_misc":{"Written by":"Redacci\u00f3n","Estimated reading time":"3 minutes"},"schema":{"@context":"https:\/\/schema.org","@graph":[{"@type":"Article","@id":"https:\/\/unaymilletras.com\/lali-anuncia-su-gira-en-espana-tres-conciertos-para-presentar-su-disco-mas-radical\/#article","isPartOf":{"@id":"https:\/\/unaymilletras.com\/lali-anuncia-su-gira-en-espana-tres-conciertos-para-presentar-su-disco-mas-radical\/"},"author":{"name":"Redacci\u00f3n","@id":"http:\/\/unaymilletras.com\/#\/schema\/person\/0860dc8a218329991ee2c7591f4f849d"},"headline":"Lali anuncia su gira en Espa\u00f1a: tres conciertos para presentar su disco m\u00e1s radical","datePublished":"2025-05-17T10:00:00+00:00","dateModified":"2025-05-18T14:43:01+00:00","mainEntityOfPage":{"@id":"https:\/\/unaymilletras.com\/lali-anuncia-su-gira-en-espana-tres-conciertos-para-presentar-su-disco-mas-radical\/"},"wordCount":417,"publisher":{"@id":"http:\/\/unaymilletras.com\/#organization"},"image":{"@id":"https:\/\/unaymilletras.com\/lali-anuncia-su-gira-en-espana-tres-conciertos-para-presentar-su-disco-mas-radical\/#primaryimage"},"thumbnailUrl":"https:\/\/unaymilletras.com\/wp-content\/uploads\/2025\/05\/META-1920x1080-X-e1747419154574.webp","articleSection":["M\u00fasica"],"inLanguage":"en-GB"},{"@type":"WebPage","@id":"https:\/\/unaymilletras.com\/lali-anuncia-su-gira-en-espana-tres-conciertos-para-presentar-su-disco-mas-radical\/","url":"https:\/\/unaymilletras.com\/lali-anuncia-su-gira-en-espana-tres-conciertos-para-presentar-su-disco-mas-radical\/","name":"Lali anuncia su gira en Espa\u00f1a: tres conciertos para presentar su disco m\u00e1s radical","isPartOf":{"@id":"http:\/\/unaymilletras.com\/#website"},"primaryImageOfPage":{"@id":"https:\/\/unaymilletras.com\/lali-anuncia-su-gira-en-espana-tres-conciertos-para-presentar-su-disco-mas-radical\/#primaryimage"},"image":{"@id":"https:\/\/unaymilletras.com\/lali-anuncia-su-gira-en-espana-tres-conciertos-para-presentar-su-disco-mas-radical\/#primaryimage"},"thumbnailUrl":"https:\/\/unaymilletras.com\/wp-content\/uploads\/2025\/05\/META-1920x1080-X-e1747419154574.webp","datePublished":"2025-05-17T10:00:00+00:00","dateModified":"2025-05-18T14:43:01+00:00","description":"La artista LALI actuar\u00e1 en Barcelona, Sevilla y Madrid con NO VAYAS A ATENDER CUANDO EL DEMONIO LLAMA Tour","breadcrumb":{"@id":"https:\/\/unaymilletras.com\/lali-anuncia-su-gira-en-espana-tres-conciertos-para-presentar-su-disco-mas-radical\/#breadcrumb"},"inLanguage":"en-GB","potentialAction":[{"@type":"ReadAction","target":["https:\/\/unaymilletras.com\/lali-anuncia-su-gira-en-espana-tres-conciertos-para-presentar-su-disco-mas-radical\/"]}]},{"@type":"ImageObject","inLanguage":"en-GB","@id":"https:\/\/unaymilletras.com\/lali-anuncia-su-gira-en-espana-tres-conciertos-para-presentar-su-disco-mas-radical\/#primaryimage","url":"https:\/\/unaymilletras.com\/wp-content\/uploads\/2025\/05\/META-1920x1080-X-e1747419154574.webp","contentUrl":"https:\/\/unaymilletras.com\/wp-content\/uploads\/2025\/05\/META-1920x1080-X-e1747419154574.webp","width":600,"height":338,"caption":"LALI"},{"@type":"BreadcrumbList","@id":"https:\/\/unaymilletras.com\/lali-anuncia-su-gira-en-espana-tres-conciertos-para-presentar-su-disco-mas-radical\/#breadcrumb","itemListElement":[{"@type":"ListItem","position":1,"name":"Home","item":"http:\/\/unaymilletras.com\/"},{"@type":"ListItem","position":2,"name":"Lali anuncia su gira en Espa\u00f1a: tres conciertos para presentar su disco m\u00e1s radical"}]},{"@type":"WebSite","@id":"http:\/\/unaymilletras.com\/#website","url":"http:\/\/unaymilletras.com\/","name":"Una y Mil Letras","description":"","publisher":{"@id":"http:\/\/unaymilletras.com\/#organization"},"potentialAction":[{"@type":"SearchAction","target":{"@type":"EntryPoint","urlTemplate":"http:\/\/unaymilletras.com\/?s={search_term_string}"},"query-input":{"@type":"PropertyValueSpecification","valueRequired":true,"valueName":"search_term_string"}}],"inLanguage":"en-GB"},{"@type":"Organization","@id":"http:\/\/unaymilletras.com\/#organization","name":"Una y Mil Letras","url":"http:\/\/unaymilletras.com\/","logo":{"@type":"ImageObject","inLanguage":"en-GB","@id":"http:\/\/unaymilletras.com\/#\/schema\/logo\/image\/","url":"https:\/\/unaymilletras.com\/wp-content\/uploads\/2024\/06\/cropped-Logo-removebg-preview.png","contentUrl":"https:\/\/unaymilletras.com\/wp-content\/uploads\/2024\/06\/cropped-Logo-removebg-preview.png","width":512,"height":512,"caption":"Una y Mil Letras"},"image":{"@id":"http:\/\/unaymilletras.com\/#\/schema\/logo\/image\/"},"sameAs":["https:\/\/x.com\/UnaYMilLetras","https:\/\/instagram.com\/UnaYMilLetras"]},{"@type":"Person","@id":"http:\/\/unaymilletras.com\/#\/schema\/person\/0860dc8a218329991ee2c7591f4f849d","name":"Redacci\u00f3n","image":{"@type":"ImageObject","inLanguage":"en-GB","@id":"https:\/\/secure.gravatar.com\/avatar\/d8f55e05a8b6597e45c55a1dcbdbfe44f4a360d88b48e00de5216a79b7732796?s=96&d=mm&r=g","url":"https:\/\/secure.gravatar.com\/avatar\/d8f55e05a8b6597e45c55a1dcbdbfe44f4a360d88b48e00de5216a79b7732796?s=96&d=mm&r=g","contentUrl":"https:\/\/secure.gravatar.com\/avatar\/d8f55e05a8b6597e45c55a1dcbdbfe44f4a360d88b48e00de5216a79b7732796?s=96&d=mm&r=g","caption":"Redacci\u00f3n"},"url":"https:\/\/unaymilletras.com\/en\/author\/redaccion\/"}]}},"_links":{"self":[{"href":"https:\/\/unaymilletras.com\/en\/wp-json\/wp\/v2\/posts\/4681","targetHints":{"allow":["GET"]}}],"collection":[{"href":"https:\/\/unaymilletras.com\/en\/wp-json\/wp\/v2\/posts"}],"about":[{"href":"https:\/\/unaymilletras.com\/en\/wp-json\/wp\/v2\/types\/post"}],"author":[{"embeddable":true,"href":"https:\/\/unaymilletras.com\/en\/wp-json\/wp\/v2\/users\/6"}],"replies":[{"embeddable":true,"href":"https:\/\/unaymilletras.com\/en\/wp-json\/wp\/v2\/comments?post=4681"}],"version-history":[{"count":8,"href":"https:\/\/unaymilletras.com\/en\/wp-json\/wp\/v2\/posts\/4681\/revisions"}],"predecessor-version":[{"id":4701,"href":"https:\/\/unaymilletras.com\/en\/wp-json\/wp\/v2\/posts\/4681\/revisions\/4701"}],"wp:featuredmedia":[{"embeddable":true,"href":"https:\/\/unaymilletras.com\/en\/wp-json\/wp\/v2\/media\/4683"}],"wp:attachment":[{"href":"https:\/\/unaymilletras.com\/en\/wp-json\/wp\/v2\/media?parent=4681"}],"wp:term":[{"taxonomy":"category","embeddable":true,"href":"https:\/\/unaymilletras.com\/en\/wp-json\/wp\/v2\/categories?post=4681"},{"taxonomy":"post_tag","embeddable":true,"href":"https:\/\/unaymilletras.com\/en\/wp-json\/wp\/v2\/tags?post=4681"}],"curies":[{"name":"wp","href":"https:\/\/api.w.org\/{rel}","templated":true}]}}