{"id":4693,"date":"2025-05-18T11:00:00","date_gmt":"2025-05-18T09:00:00","guid":{"rendered":"https:\/\/unaymilletras.com\/?p=4693"},"modified":"2025-05-18T16:42:43","modified_gmt":"2025-05-18T14:42:43","slug":"sebastian-yatra-lanza-milagro-un-disco-muy-especial","status":"publish","type":"post","link":"https:\/\/unaymilletras.com\/en\/sebastian-yatra-lanza-milagro-un-disco-muy-especial\/","title":{"rendered":"Sebasti\u00e1n Yatra lanza Milagro, un disco muy especial"},"content":{"rendered":"<div data-elementor-type=\"wp-post\" data-elementor-id=\"4693\" class=\"elementor elementor-4693\">\n\t\t\t\t\t\t<section class=\"elementor-section elementor-top-section elementor-element elementor-element-f9d0a0f elementor-section-boxed elementor-section-height-default elementor-section-height-default\" data-id=\"f9d0a0f\" data-element_type=\"section\" data-e-type=\"section\">\n\t\t\t\t\t\t<div class=\"elementor-container elementor-column-gap-default\">\n\t\t\t\t\t<div class=\"elementor-column elementor-col-100 elementor-top-column elementor-element elementor-element-ba4624a\" data-id=\"ba4624a\" data-element_type=\"column\" data-e-type=\"column\">\n\t\t\t<div class=\"elementor-widget-wrap elementor-element-populated\">\n\t\t\t\t\t\t<div class=\"elementor-element elementor-element-f8f9d4e elementor-widget elementor-widget-text-editor\" data-id=\"f8f9d4e\" data-element_type=\"widget\" data-e-type=\"widget\" data-widget_type=\"text-editor.default\">\n\t\t\t\t<div class=\"elementor-widget-container\">\n\t\t\t\t\t\t\t\t\t<h2 style=\"text-align: center;\"><span style=\"color: #808080;\"><em>Con Milagro, Sebasti\u00e1n Yatra propone un viaje emocional para descubrir lo extraordinario en los detalles m\u00e1s cotidianos<\/em><\/span><\/h2>\t\t\t\t\t\t\t\t<\/div>\n\t\t\t\t<\/div>\n\t\t\t\t\t<\/div>\n\t\t<\/div>\n\t\t\t\t\t<\/div>\n\t\t<\/section>\n\t\t\t\t<section class=\"elementor-section elementor-top-section elementor-element elementor-element-9409f71 elementor-section-boxed elementor-section-height-default elementor-section-height-default\" data-id=\"9409f71\" data-element_type=\"section\" data-e-type=\"section\">\n\t\t\t\t\t\t<div class=\"elementor-container elementor-column-gap-default\">\n\t\t\t\t\t<div class=\"elementor-column elementor-col-100 elementor-top-column elementor-element elementor-element-41e2173\" data-id=\"41e2173\" data-element_type=\"column\" data-e-type=\"column\">\n\t\t\t<div class=\"elementor-widget-wrap elementor-element-populated\">\n\t\t\t\t\t\t<div class=\"elementor-element elementor-element-71edd30 elementor-widget elementor-widget-text-editor\" data-id=\"71edd30\" data-element_type=\"widget\" data-e-type=\"widget\" data-widget_type=\"text-editor.default\">\n\t\t\t\t<div class=\"elementor-widget-container\">\n\t\t\t\t\t\t\t\t\t<p data-start=\"361\" data-end=\"611\"><b>Sebasti\u00e1n Yatra<\/b> ha vuelto con fuerza. Tras tres a\u00f1os sin publicar un \u00e1lbum, el colombiano lanza <em data-start=\"457\" data-end=\"466\"><b>Milagro<\/b><\/em>, un trabajo profundamente personal. El disco explora el amor, la sanaci\u00f3n y el crecimiento interior desde un enfoque m\u00e1s emocional y espiritual.<\/p>\t\t\t\t\t\t\t\t<\/div>\n\t\t\t\t<\/div>\n\t\t\t\t\t<\/div>\n\t\t<\/div>\n\t\t\t\t\t<\/div>\n\t\t<\/section>\n\t\t\t\t<section class=\"elementor-section elementor-top-section elementor-element elementor-element-99d0f4b elementor-section-boxed elementor-section-height-default elementor-section-height-default\" data-id=\"99d0f4b\" data-element_type=\"section\" data-e-type=\"section\">\n\t\t\t\t\t\t<div class=\"elementor-container elementor-column-gap-default\">\n\t\t\t\t\t<div class=\"elementor-column elementor-col-50 elementor-top-column elementor-element elementor-element-afc7d48\" data-id=\"afc7d48\" data-element_type=\"column\" data-e-type=\"column\">\n\t\t\t<div class=\"elementor-widget-wrap elementor-element-populated\">\n\t\t\t\t\t\t<div class=\"elementor-element elementor-element-10bceb2 elementor-widget elementor-widget-text-editor\" data-id=\"10bceb2\" data-element_type=\"widget\" data-e-type=\"widget\" data-widget_type=\"text-editor.default\">\n\t\t\t\t<div class=\"elementor-widget-container\">\n\t\t\t\t\t\t\t\t\t<p data-start=\"857\" data-end=\"1102\">El disco est\u00e1 formado por 17 canciones, nueve de ellas in\u00e9ditas. Cada una representa un \u201cmilagro\u201d emocional. Con melod\u00edas suaves, letras honestas y producci\u00f3n cuidada, Yatra ofrece un refugio musical donde el oyente puede detenerse y reconectar.<\/p><p data-start=\"1104\" data-end=\"1337\">La canci\u00f3n que abre el \u00e1lbum, <em data-start=\"1134\" data-end=\"1143\">Milagro<\/em>, marca el tono del viaje. El videoclip muestra a una comunidad conectada por su sensibilidad. Yatra entra en contacto con ellos desde la observaci\u00f3n y, poco a poco, se integra en sus historias.<\/p>\t\t\t\t\t\t\t\t<\/div>\n\t\t\t\t<\/div>\n\t\t\t\t\t<\/div>\n\t\t<\/div>\n\t\t\t\t<div class=\"elementor-column elementor-col-50 elementor-top-column elementor-element elementor-element-6641f51\" data-id=\"6641f51\" data-element_type=\"column\" data-e-type=\"column\">\n\t\t\t<div class=\"elementor-widget-wrap elementor-element-populated\">\n\t\t\t\t\t\t<div class=\"elementor-element elementor-element-8f5e4cf elementor-widget elementor-widget-image\" data-id=\"8f5e4cf\" data-element_type=\"widget\" data-e-type=\"widget\" data-widget_type=\"image.default\">\n\t\t\t\t<div class=\"elementor-widget-container\">\n\t\t\t\t\t\t\t\t\t\t\t\t\t\t\t<img fetchpriority=\"high\" decoding=\"async\" width=\"640\" height=\"639\" src=\"https:\/\/unaymilletras.com\/wp-content\/uploads\/2025\/05\/1292117_screenshot-2025-05-12-at.webp\" class=\"attachment-large size-large wp-image-4695\" alt=\"Sebasti\u00e1n Yatra\" srcset=\"https:\/\/unaymilletras.com\/wp-content\/uploads\/2025\/05\/1292117_screenshot-2025-05-12-at.webp 992w, https:\/\/unaymilletras.com\/wp-content\/uploads\/2025\/05\/1292117_screenshot-2025-05-12-at-300x300.webp 300w, https:\/\/unaymilletras.com\/wp-content\/uploads\/2025\/05\/1292117_screenshot-2025-05-12-at-150x150.webp 150w, https:\/\/unaymilletras.com\/wp-content\/uploads\/2025\/05\/1292117_screenshot-2025-05-12-at-768x766.webp 768w, https:\/\/unaymilletras.com\/wp-content\/uploads\/2025\/05\/1292117_screenshot-2025-05-12-at-12x12.webp 12w\" sizes=\"(max-width: 640px) 100vw, 640px\" \/>\t\t\t\t\t\t\t\t\t\t\t\t\t\t\t<\/div>\n\t\t\t\t<\/div>\n\t\t\t\t\t<\/div>\n\t\t<\/div>\n\t\t\t\t\t<\/div>\n\t\t<\/section>\n\t\t\t\t<section class=\"elementor-section elementor-top-section elementor-element elementor-element-5ed9b9b elementor-section-boxed elementor-section-height-default elementor-section-height-default\" data-id=\"5ed9b9b\" data-element_type=\"section\" data-e-type=\"section\">\n\t\t\t\t\t\t<div class=\"elementor-container elementor-column-gap-default\">\n\t\t\t\t\t<div class=\"elementor-column elementor-col-100 elementor-top-column elementor-element elementor-element-eeae583\" data-id=\"eeae583\" data-element_type=\"column\" data-e-type=\"column\">\n\t\t\t<div class=\"elementor-widget-wrap elementor-element-populated\">\n\t\t\t\t\t\t<div class=\"elementor-element elementor-element-889decd elementor-widget elementor-widget-text-editor\" data-id=\"889decd\" data-element_type=\"widget\" data-e-type=\"widget\" data-widget_type=\"text-editor.default\">\n\t\t\t\t<div class=\"elementor-widget-container\">\n\t\t\t\t\t\t\t\t\t<p data-start=\"1339\" data-end=\"1586\">En <em data-start=\"1342\" data-end=\"1350\">Lienzo<\/em>, junto a Robi, habla del milagro de imaginar. En <em data-start=\"1400\" data-end=\"1414\">La Pelirroja<\/em>, interpreta con lenguaje de se\u00f1as el milagro de comunicarse m\u00e1s all\u00e1 de las palabras. <em data-start=\"1501\" data-end=\"1512\">Vagabundo<\/em>, con Manuel Turizo y Be\u00e9le, celebra el milagro del baile y la liberaci\u00f3n.<\/p><p data-start=\"1588\" data-end=\"1817\"><em data-start=\"1588\" data-end=\"1602\">Disco Rayado<\/em> explora la necesidad de desahogo. Otras colaboraciones, como <em data-start=\"1664\" data-end=\"1682\">Templo de Piceas<\/em> con Humbe o <em data-start=\"1695\" data-end=\"1702\">Par\u00eds<\/em> con Gus, refuerzan la profundidad emocional del \u00e1lbum. Cada tema es una pieza m\u00e1s en este recorrido introspectivo.<\/p><p data-start=\"1819\" data-end=\"2045\">Uno de los momentos m\u00e1s emotivos llega al final. Yatra interpreta <em data-start=\"1885\" data-end=\"1913\">\u00d3leo de mujer con sombrero<\/em> de Silvio Rodr\u00edguez junto a su padre. Es un homenaje al milagro de la familia, al arte compartido y a los v\u00ednculos que trascienden.<\/p>\t\t\t\t\t\t\t\t<\/div>\n\t\t\t\t<\/div>\n\t\t\t\t\t<\/div>\n\t\t<\/div>\n\t\t\t\t\t<\/div>\n\t\t<\/section>\n\t\t\t\t<section class=\"elementor-section elementor-top-section elementor-element elementor-element-f53a12e elementor-section-boxed elementor-section-height-default elementor-section-height-default\" data-id=\"f53a12e\" data-element_type=\"section\" data-e-type=\"section\">\n\t\t\t\t\t\t<div class=\"elementor-container elementor-column-gap-default\">\n\t\t\t\t\t<div class=\"elementor-column elementor-col-100 elementor-top-column elementor-element elementor-element-fdda8d0\" data-id=\"fdda8d0\" data-element_type=\"column\" data-e-type=\"column\">\n\t\t\t<div class=\"elementor-widget-wrap elementor-element-populated\">\n\t\t\t\t\t\t<div class=\"elementor-element elementor-element-7944f6c elementor-widget elementor-widget-video\" data-id=\"7944f6c\" data-element_type=\"widget\" data-e-type=\"widget\" data-settings=\"{&quot;youtube_url&quot;:&quot;https:\\\/\\\/www.youtube.com\\\/watch?v=QYsRbW4LEXc&amp;ab_channel=SebastianYatraVEVO&quot;,&quot;video_type&quot;:&quot;youtube&quot;,&quot;controls&quot;:&quot;yes&quot;}\" data-widget_type=\"video.default\">\n\t\t\t\t<div class=\"elementor-widget-container\">\n\t\t\t\t\t\t\t<div class=\"elementor-wrapper elementor-open-inline\">\n\t\t\t<div class=\"elementor-video\"><\/div>\t\t<\/div>\n\t\t\t\t\t\t<\/div>\n\t\t\t\t<\/div>\n\t\t\t\t\t<\/div>\n\t\t<\/div>\n\t\t\t\t\t<\/div>\n\t\t<\/section>\n\t\t\t\t<section class=\"elementor-section elementor-top-section elementor-element elementor-element-17db251 elementor-section-boxed elementor-section-height-default elementor-section-height-default\" data-id=\"17db251\" data-element_type=\"section\" data-e-type=\"section\">\n\t\t\t\t\t\t<div class=\"elementor-container elementor-column-gap-default\">\n\t\t\t\t\t<div class=\"elementor-column elementor-col-100 elementor-top-column elementor-element elementor-element-88be8dc\" data-id=\"88be8dc\" data-element_type=\"column\" data-e-type=\"column\">\n\t\t\t<div class=\"elementor-widget-wrap elementor-element-populated\">\n\t\t\t\t\t\t<div class=\"elementor-element elementor-element-82d05c5 elementor-widget elementor-widget-text-editor\" data-id=\"82d05c5\" data-element_type=\"widget\" data-e-type=\"widget\" data-widget_type=\"text-editor.default\">\n\t\t\t\t<div class=\"elementor-widget-container\">\n\t\t\t\t\t\t\t\t\t<p data-start=\"2047\" data-end=\"2258\">Adem\u00e1s del sonido, el universo visual de <em data-start=\"2088\" data-end=\"2097\">Milagro<\/em> est\u00e1 meticulosamente construido. Los videoclips comparten una narrativa com\u00fan. Todos hablan de lo invisible que transforma, de lo cotidiano que se vuelve \u00fanico.<\/p><p data-start=\"2260\" data-end=\"2470\">El lanzamiento de <em data-start=\"2278\" data-end=\"2287\">Milagro<\/em> llega en plena gira por Espa\u00f1a. Yatra recorre 12 ciudades con su tour <em data-start=\"2358\" data-end=\"2377\">Entre Tanta Gente<\/em>. El p\u00fablico espa\u00f1ol podr\u00e1 disfrutar en vivo de este nuevo repertorio durante todo el verano.<\/p><p data-start=\"2472\" data-end=\"2714\" data-is-last-node=\"\" data-is-only-node=\"\">Con <em data-start=\"2476\" data-end=\"2485\">Milagro<\/em>, Sebasti\u00e1n Yatra demuestra su madurez art\u00edstica. Se aleja del hit inmediato para ofrecer un disco con alma. Un trabajo que busca emocionar, inspirar y acompa\u00f1ar. Porque a veces, el verdadero milagro es aprender a mirar de nuevo.<\/p>\t\t\t\t\t\t\t\t<\/div>\n\t\t\t\t<\/div>\n\t\t\t\t\t<\/div>\n\t\t<\/div>\n\t\t\t\t\t<\/div>\n\t\t<\/section>\n\t\t\t\t<\/div>","protected":false},"excerpt":{"rendered":"<p>Con Milagro, Sebasti\u00e1n Yatra propone un viaje emocional para descubrir lo extraordinario en los detalles m\u00e1s cotidianos Sebasti\u00e1n Yatra ha vuelto con fuerza. Tras tres a\u00f1os sin publicar un \u00e1lbum, el colombiano lanza Milagro, un trabajo profundamente personal. El disco explora el amor, la sanaci\u00f3n y el crecimiento interior desde un enfoque m\u00e1s emocional y [&hellip;]<\/p>\n","protected":false},"author":6,"featured_media":4695,"comment_status":"closed","ping_status":"closed","sticky":false,"template":"","format":"standard","meta":{"footnotes":""},"categories":[4],"tags":[],"class_list":["post-4693","post","type-post","status-publish","format-standard","has-post-thumbnail","hentry","category-musica"],"yoast_head":"<!-- This site is optimized with the Yoast SEO plugin v27.4 - https:\/\/yoast.com\/product\/yoast-seo-wordpress\/ -->\n<title>Sebasti\u00e1n Yatra lanza Milagro, un disco muy especial<\/title>\n<meta name=\"description\" content=\"Con Milagro, Sebasti\u00e1n Yatra propone un viaje emocional para descubrir lo extraordinario en los detalles m\u00e1s cotidianos\" \/>\n<meta name=\"robots\" content=\"index, follow, max-snippet:-1, max-image-preview:large, max-video-preview:-1\" \/>\n<link rel=\"canonical\" href=\"https:\/\/unaymilletras.com\/en\/sebastian-yatra-lanza-milagro-un-disco-muy-especial\/\" \/>\n<meta property=\"og:locale\" content=\"en_GB\" \/>\n<meta property=\"og:type\" content=\"article\" \/>\n<meta property=\"og:title\" content=\"Sebasti\u00e1n Yatra lanza Milagro, un disco muy especial\" \/>\n<meta property=\"og:description\" content=\"Con Milagro, Sebasti\u00e1n Yatra propone un viaje emocional para descubrir lo extraordinario en los detalles m\u00e1s cotidianos\" \/>\n<meta property=\"og:url\" content=\"https:\/\/unaymilletras.com\/en\/sebastian-yatra-lanza-milagro-un-disco-muy-especial\/\" \/>\n<meta property=\"og:site_name\" content=\"Una y Mil Letras\" \/>\n<meta property=\"article:published_time\" content=\"2025-05-18T09:00:00+00:00\" \/>\n<meta property=\"article:modified_time\" content=\"2025-05-18T14:42:43+00:00\" \/>\n<meta property=\"og:image\" content=\"https:\/\/unaymilletras.com\/wp-content\/uploads\/2025\/05\/1292117_screenshot-2025-05-12-at.webp\" \/>\n\t<meta property=\"og:image:width\" content=\"992\" \/>\n\t<meta property=\"og:image:height\" content=\"990\" \/>\n\t<meta property=\"og:image:type\" content=\"image\/jpeg\" \/>\n<meta name=\"author\" content=\"Redacci\u00f3n\" \/>\n<meta name=\"twitter:card\" content=\"summary_large_image\" \/>\n<meta name=\"twitter:creator\" content=\"@UnaYMilLetras\" \/>\n<meta name=\"twitter:site\" content=\"@UnaYMilLetras\" \/>\n<meta name=\"twitter:label1\" content=\"Written by\" \/>\n\t<meta name=\"twitter:data1\" content=\"Redacci\u00f3n\" \/>\n\t<meta name=\"twitter:label2\" content=\"Estimated reading time\" \/>\n\t<meta name=\"twitter:data2\" content=\"3 minutes\" \/>\n<script type=\"application\/ld+json\" class=\"yoast-schema-graph\">{\"@context\":\"https:\\\/\\\/schema.org\",\"@graph\":[{\"@type\":\"Article\",\"@id\":\"https:\\\/\\\/unaymilletras.com\\\/sebastian-yatra-lanza-milagro-un-disco-muy-especial\\\/#article\",\"isPartOf\":{\"@id\":\"https:\\\/\\\/unaymilletras.com\\\/sebastian-yatra-lanza-milagro-un-disco-muy-especial\\\/\"},\"author\":{\"name\":\"Redacci\u00f3n\",\"@id\":\"http:\\\/\\\/unaymilletras.com\\\/#\\\/schema\\\/person\\\/0860dc8a218329991ee2c7591f4f849d\"},\"headline\":\"Sebasti\u00e1n Yatra lanza Milagro, un disco muy especial\",\"datePublished\":\"2025-05-18T09:00:00+00:00\",\"dateModified\":\"2025-05-18T14:42:43+00:00\",\"mainEntityOfPage\":{\"@id\":\"https:\\\/\\\/unaymilletras.com\\\/sebastian-yatra-lanza-milagro-un-disco-muy-especial\\\/\"},\"wordCount\":399,\"publisher\":{\"@id\":\"http:\\\/\\\/unaymilletras.com\\\/#organization\"},\"image\":{\"@id\":\"https:\\\/\\\/unaymilletras.com\\\/sebastian-yatra-lanza-milagro-un-disco-muy-especial\\\/#primaryimage\"},\"thumbnailUrl\":\"https:\\\/\\\/unaymilletras.com\\\/wp-content\\\/uploads\\\/2025\\\/05\\\/1292117_screenshot-2025-05-12-at.webp\",\"articleSection\":[\"M\u00fasica\"],\"inLanguage\":\"en-GB\"},{\"@type\":\"WebPage\",\"@id\":\"https:\\\/\\\/unaymilletras.com\\\/sebastian-yatra-lanza-milagro-un-disco-muy-especial\\\/\",\"url\":\"https:\\\/\\\/unaymilletras.com\\\/sebastian-yatra-lanza-milagro-un-disco-muy-especial\\\/\",\"name\":\"Sebasti\u00e1n Yatra lanza Milagro, un disco muy especial\",\"isPartOf\":{\"@id\":\"http:\\\/\\\/unaymilletras.com\\\/#website\"},\"primaryImageOfPage\":{\"@id\":\"https:\\\/\\\/unaymilletras.com\\\/sebastian-yatra-lanza-milagro-un-disco-muy-especial\\\/#primaryimage\"},\"image\":{\"@id\":\"https:\\\/\\\/unaymilletras.com\\\/sebastian-yatra-lanza-milagro-un-disco-muy-especial\\\/#primaryimage\"},\"thumbnailUrl\":\"https:\\\/\\\/unaymilletras.com\\\/wp-content\\\/uploads\\\/2025\\\/05\\\/1292117_screenshot-2025-05-12-at.webp\",\"datePublished\":\"2025-05-18T09:00:00+00:00\",\"dateModified\":\"2025-05-18T14:42:43+00:00\",\"description\":\"Con Milagro, Sebasti\u00e1n Yatra propone un viaje emocional para descubrir lo extraordinario en los detalles m\u00e1s cotidianos\",\"breadcrumb\":{\"@id\":\"https:\\\/\\\/unaymilletras.com\\\/sebastian-yatra-lanza-milagro-un-disco-muy-especial\\\/#breadcrumb\"},\"inLanguage\":\"en-GB\",\"potentialAction\":[{\"@type\":\"ReadAction\",\"target\":[\"https:\\\/\\\/unaymilletras.com\\\/sebastian-yatra-lanza-milagro-un-disco-muy-especial\\\/\"]}]},{\"@type\":\"ImageObject\",\"inLanguage\":\"en-GB\",\"@id\":\"https:\\\/\\\/unaymilletras.com\\\/sebastian-yatra-lanza-milagro-un-disco-muy-especial\\\/#primaryimage\",\"url\":\"https:\\\/\\\/unaymilletras.com\\\/wp-content\\\/uploads\\\/2025\\\/05\\\/1292117_screenshot-2025-05-12-at.webp\",\"contentUrl\":\"https:\\\/\\\/unaymilletras.com\\\/wp-content\\\/uploads\\\/2025\\\/05\\\/1292117_screenshot-2025-05-12-at.webp\",\"width\":992,\"height\":990,\"caption\":\"Sebasti\u00e1n Yatra\"},{\"@type\":\"BreadcrumbList\",\"@id\":\"https:\\\/\\\/unaymilletras.com\\\/sebastian-yatra-lanza-milagro-un-disco-muy-especial\\\/#breadcrumb\",\"itemListElement\":[{\"@type\":\"ListItem\",\"position\":1,\"name\":\"Home\",\"item\":\"http:\\\/\\\/unaymilletras.com\\\/\"},{\"@type\":\"ListItem\",\"position\":2,\"name\":\"Sebasti\u00e1n Yatra lanza Milagro, un disco muy especial\"}]},{\"@type\":\"WebSite\",\"@id\":\"http:\\\/\\\/unaymilletras.com\\\/#website\",\"url\":\"http:\\\/\\\/unaymilletras.com\\\/\",\"name\":\"Una y Mil Letras\",\"description\":\"\",\"publisher\":{\"@id\":\"http:\\\/\\\/unaymilletras.com\\\/#organization\"},\"potentialAction\":[{\"@type\":\"SearchAction\",\"target\":{\"@type\":\"EntryPoint\",\"urlTemplate\":\"http:\\\/\\\/unaymilletras.com\\\/?s={search_term_string}\"},\"query-input\":{\"@type\":\"PropertyValueSpecification\",\"valueRequired\":true,\"valueName\":\"search_term_string\"}}],\"inLanguage\":\"en-GB\"},{\"@type\":\"Organization\",\"@id\":\"http:\\\/\\\/unaymilletras.com\\\/#organization\",\"name\":\"Una y Mil Letras\",\"url\":\"http:\\\/\\\/unaymilletras.com\\\/\",\"logo\":{\"@type\":\"ImageObject\",\"inLanguage\":\"en-GB\",\"@id\":\"http:\\\/\\\/unaymilletras.com\\\/#\\\/schema\\\/logo\\\/image\\\/\",\"url\":\"https:\\\/\\\/unaymilletras.com\\\/wp-content\\\/uploads\\\/2024\\\/06\\\/cropped-Logo-removebg-preview.png\",\"contentUrl\":\"https:\\\/\\\/unaymilletras.com\\\/wp-content\\\/uploads\\\/2024\\\/06\\\/cropped-Logo-removebg-preview.png\",\"width\":512,\"height\":512,\"caption\":\"Una y Mil Letras\"},\"image\":{\"@id\":\"http:\\\/\\\/unaymilletras.com\\\/#\\\/schema\\\/logo\\\/image\\\/\"},\"sameAs\":[\"https:\\\/\\\/x.com\\\/UnaYMilLetras\",\"https:\\\/\\\/instagram.com\\\/UnaYMilLetras\"]},{\"@type\":\"Person\",\"@id\":\"http:\\\/\\\/unaymilletras.com\\\/#\\\/schema\\\/person\\\/0860dc8a218329991ee2c7591f4f849d\",\"name\":\"Redacci\u00f3n\",\"image\":{\"@type\":\"ImageObject\",\"inLanguage\":\"en-GB\",\"@id\":\"https:\\\/\\\/secure.gravatar.com\\\/avatar\\\/d8f55e05a8b6597e45c55a1dcbdbfe44f4a360d88b48e00de5216a79b7732796?s=96&d=mm&r=g\",\"url\":\"https:\\\/\\\/secure.gravatar.com\\\/avatar\\\/d8f55e05a8b6597e45c55a1dcbdbfe44f4a360d88b48e00de5216a79b7732796?s=96&d=mm&r=g\",\"contentUrl\":\"https:\\\/\\\/secure.gravatar.com\\\/avatar\\\/d8f55e05a8b6597e45c55a1dcbdbfe44f4a360d88b48e00de5216a79b7732796?s=96&d=mm&r=g\",\"caption\":\"Redacci\u00f3n\"},\"url\":\"https:\\\/\\\/unaymilletras.com\\\/en\\\/author\\\/redaccion\\\/\"}]}<\/script>\n<!-- \/ Yoast SEO plugin. -->","yoast_head_json":{"title":"Sebasti\u00e1n Yatra lanza Milagro, un disco muy especial","description":"Con Milagro, Sebasti\u00e1n Yatra propone un viaje emocional para descubrir lo extraordinario en los detalles m\u00e1s cotidianos","robots":{"index":"index","follow":"follow","max-snippet":"max-snippet:-1","max-image-preview":"max-image-preview:large","max-video-preview":"max-video-preview:-1"},"canonical":"https:\/\/unaymilletras.com\/en\/sebastian-yatra-lanza-milagro-un-disco-muy-especial\/","og_locale":"en_GB","og_type":"article","og_title":"Sebasti\u00e1n Yatra lanza Milagro, un disco muy especial","og_description":"Con Milagro, Sebasti\u00e1n Yatra propone un viaje emocional para descubrir lo extraordinario en los detalles m\u00e1s cotidianos","og_url":"https:\/\/unaymilletras.com\/en\/sebastian-yatra-lanza-milagro-un-disco-muy-especial\/","og_site_name":"Una y Mil Letras","article_published_time":"2025-05-18T09:00:00+00:00","article_modified_time":"2025-05-18T14:42:43+00:00","og_image":[{"width":992,"height":990,"url":"https:\/\/unaymilletras.com\/wp-content\/uploads\/2025\/05\/1292117_screenshot-2025-05-12-at.webp","type":"image\/jpeg"}],"author":"Redacci\u00f3n","twitter_card":"summary_large_image","twitter_creator":"@UnaYMilLetras","twitter_site":"@UnaYMilLetras","twitter_misc":{"Written by":"Redacci\u00f3n","Estimated reading time":"3 minutes"},"schema":{"@context":"https:\/\/schema.org","@graph":[{"@type":"Article","@id":"https:\/\/unaymilletras.com\/sebastian-yatra-lanza-milagro-un-disco-muy-especial\/#article","isPartOf":{"@id":"https:\/\/unaymilletras.com\/sebastian-yatra-lanza-milagro-un-disco-muy-especial\/"},"author":{"name":"Redacci\u00f3n","@id":"http:\/\/unaymilletras.com\/#\/schema\/person\/0860dc8a218329991ee2c7591f4f849d"},"headline":"Sebasti\u00e1n Yatra lanza Milagro, un disco muy especial","datePublished":"2025-05-18T09:00:00+00:00","dateModified":"2025-05-18T14:42:43+00:00","mainEntityOfPage":{"@id":"https:\/\/unaymilletras.com\/sebastian-yatra-lanza-milagro-un-disco-muy-especial\/"},"wordCount":399,"publisher":{"@id":"http:\/\/unaymilletras.com\/#organization"},"image":{"@id":"https:\/\/unaymilletras.com\/sebastian-yatra-lanza-milagro-un-disco-muy-especial\/#primaryimage"},"thumbnailUrl":"https:\/\/unaymilletras.com\/wp-content\/uploads\/2025\/05\/1292117_screenshot-2025-05-12-at.webp","articleSection":["M\u00fasica"],"inLanguage":"en-GB"},{"@type":"WebPage","@id":"https:\/\/unaymilletras.com\/sebastian-yatra-lanza-milagro-un-disco-muy-especial\/","url":"https:\/\/unaymilletras.com\/sebastian-yatra-lanza-milagro-un-disco-muy-especial\/","name":"Sebasti\u00e1n Yatra lanza Milagro, un disco muy especial","isPartOf":{"@id":"http:\/\/unaymilletras.com\/#website"},"primaryImageOfPage":{"@id":"https:\/\/unaymilletras.com\/sebastian-yatra-lanza-milagro-un-disco-muy-especial\/#primaryimage"},"image":{"@id":"https:\/\/unaymilletras.com\/sebastian-yatra-lanza-milagro-un-disco-muy-especial\/#primaryimage"},"thumbnailUrl":"https:\/\/unaymilletras.com\/wp-content\/uploads\/2025\/05\/1292117_screenshot-2025-05-12-at.webp","datePublished":"2025-05-18T09:00:00+00:00","dateModified":"2025-05-18T14:42:43+00:00","description":"Con Milagro, Sebasti\u00e1n Yatra propone un viaje emocional para descubrir lo extraordinario en los detalles m\u00e1s cotidianos","breadcrumb":{"@id":"https:\/\/unaymilletras.com\/sebastian-yatra-lanza-milagro-un-disco-muy-especial\/#breadcrumb"},"inLanguage":"en-GB","potentialAction":[{"@type":"ReadAction","target":["https:\/\/unaymilletras.com\/sebastian-yatra-lanza-milagro-un-disco-muy-especial\/"]}]},{"@type":"ImageObject","inLanguage":"en-GB","@id":"https:\/\/unaymilletras.com\/sebastian-yatra-lanza-milagro-un-disco-muy-especial\/#primaryimage","url":"https:\/\/unaymilletras.com\/wp-content\/uploads\/2025\/05\/1292117_screenshot-2025-05-12-at.webp","contentUrl":"https:\/\/unaymilletras.com\/wp-content\/uploads\/2025\/05\/1292117_screenshot-2025-05-12-at.webp","width":992,"height":990,"caption":"Sebasti\u00e1n Yatra"},{"@type":"BreadcrumbList","@id":"https:\/\/unaymilletras.com\/sebastian-yatra-lanza-milagro-un-disco-muy-especial\/#breadcrumb","itemListElement":[{"@type":"ListItem","position":1,"name":"Home","item":"http:\/\/unaymilletras.com\/"},{"@type":"ListItem","position":2,"name":"Sebasti\u00e1n Yatra lanza Milagro, un disco muy especial"}]},{"@type":"WebSite","@id":"http:\/\/unaymilletras.com\/#website","url":"http:\/\/unaymilletras.com\/","name":"Una y Mil Letras","description":"","publisher":{"@id":"http:\/\/unaymilletras.com\/#organization"},"potentialAction":[{"@type":"SearchAction","target":{"@type":"EntryPoint","urlTemplate":"http:\/\/unaymilletras.com\/?s={search_term_string}"},"query-input":{"@type":"PropertyValueSpecification","valueRequired":true,"valueName":"search_term_string"}}],"inLanguage":"en-GB"},{"@type":"Organization","@id":"http:\/\/unaymilletras.com\/#organization","name":"Una y Mil Letras","url":"http:\/\/unaymilletras.com\/","logo":{"@type":"ImageObject","inLanguage":"en-GB","@id":"http:\/\/unaymilletras.com\/#\/schema\/logo\/image\/","url":"https:\/\/unaymilletras.com\/wp-content\/uploads\/2024\/06\/cropped-Logo-removebg-preview.png","contentUrl":"https:\/\/unaymilletras.com\/wp-content\/uploads\/2024\/06\/cropped-Logo-removebg-preview.png","width":512,"height":512,"caption":"Una y Mil Letras"},"image":{"@id":"http:\/\/unaymilletras.com\/#\/schema\/logo\/image\/"},"sameAs":["https:\/\/x.com\/UnaYMilLetras","https:\/\/instagram.com\/UnaYMilLetras"]},{"@type":"Person","@id":"http:\/\/unaymilletras.com\/#\/schema\/person\/0860dc8a218329991ee2c7591f4f849d","name":"Redacci\u00f3n","image":{"@type":"ImageObject","inLanguage":"en-GB","@id":"https:\/\/secure.gravatar.com\/avatar\/d8f55e05a8b6597e45c55a1dcbdbfe44f4a360d88b48e00de5216a79b7732796?s=96&d=mm&r=g","url":"https:\/\/secure.gravatar.com\/avatar\/d8f55e05a8b6597e45c55a1dcbdbfe44f4a360d88b48e00de5216a79b7732796?s=96&d=mm&r=g","contentUrl":"https:\/\/secure.gravatar.com\/avatar\/d8f55e05a8b6597e45c55a1dcbdbfe44f4a360d88b48e00de5216a79b7732796?s=96&d=mm&r=g","caption":"Redacci\u00f3n"},"url":"https:\/\/unaymilletras.com\/en\/author\/redaccion\/"}]}},"_links":{"self":[{"href":"https:\/\/unaymilletras.com\/en\/wp-json\/wp\/v2\/posts\/4693","targetHints":{"allow":["GET"]}}],"collection":[{"href":"https:\/\/unaymilletras.com\/en\/wp-json\/wp\/v2\/posts"}],"about":[{"href":"https:\/\/unaymilletras.com\/en\/wp-json\/wp\/v2\/types\/post"}],"author":[{"embeddable":true,"href":"https:\/\/unaymilletras.com\/en\/wp-json\/wp\/v2\/users\/6"}],"replies":[{"embeddable":true,"href":"https:\/\/unaymilletras.com\/en\/wp-json\/wp\/v2\/comments?post=4693"}],"version-history":[{"count":5,"href":"https:\/\/unaymilletras.com\/en\/wp-json\/wp\/v2\/posts\/4693\/revisions"}],"predecessor-version":[{"id":4700,"href":"https:\/\/unaymilletras.com\/en\/wp-json\/wp\/v2\/posts\/4693\/revisions\/4700"}],"wp:featuredmedia":[{"embeddable":true,"href":"https:\/\/unaymilletras.com\/en\/wp-json\/wp\/v2\/media\/4695"}],"wp:attachment":[{"href":"https:\/\/unaymilletras.com\/en\/wp-json\/wp\/v2\/media?parent=4693"}],"wp:term":[{"taxonomy":"category","embeddable":true,"href":"https:\/\/unaymilletras.com\/en\/wp-json\/wp\/v2\/categories?post=4693"},{"taxonomy":"post_tag","embeddable":true,"href":"https:\/\/unaymilletras.com\/en\/wp-json\/wp\/v2\/tags?post=4693"}],"curies":[{"name":"wp","href":"https:\/\/api.w.org\/{rel}","templated":true}]}}