{"id":4725,"date":"2025-05-18T17:13:27","date_gmt":"2025-05-18T15:13:27","guid":{"rendered":"https:\/\/unaymilletras.com\/?p=4725"},"modified":"2025-05-25T00:50:14","modified_gmt":"2025-05-24T22:50:14","slug":"yeri-mua-lanza-de-chava-su-esperado-album-debut","status":"publish","type":"post","link":"https:\/\/unaymilletras.com\/en\/yeri-mua-lanza-de-chava-su-esperado-album-debut\/","title":{"rendered":"Yeri MUA lanza DE CHAVA, su esperado \u00e1lbum debut"},"content":{"rendered":"<div data-elementor-type=\"wp-post\" data-elementor-id=\"4725\" class=\"elementor elementor-4725\">\n\t\t\t\t\t\t<section class=\"elementor-section elementor-top-section elementor-element elementor-element-1d31a0e elementor-section-boxed elementor-section-height-default elementor-section-height-default\" data-id=\"1d31a0e\" data-element_type=\"section\" data-e-type=\"section\">\n\t\t\t\t\t\t<div class=\"elementor-container elementor-column-gap-default\">\n\t\t\t\t\t<div class=\"elementor-column elementor-col-100 elementor-top-column elementor-element elementor-element-0d21d2a\" data-id=\"0d21d2a\" data-element_type=\"column\" data-e-type=\"column\">\n\t\t\t<div class=\"elementor-widget-wrap elementor-element-populated\">\n\t\t\t\t\t\t<div class=\"elementor-element elementor-element-8a15b57 elementor-widget elementor-widget-text-editor\" data-id=\"8a15b57\" data-element_type=\"widget\" data-e-type=\"widget\" data-widget_type=\"text-editor.default\">\n\t\t\t\t<div class=\"elementor-widget-container\">\n\t\t\t\t\t\t\t\t\t<h2 style=\"text-align: center;\"><span style=\"color: #808080;\"><em>Con \u00abDE CHAVA\u00bb, Yeri MUA confirma su dominio absoluto en TikTok y la m\u00fasica urbana latina<\/em><\/span><\/h2>\t\t\t\t\t\t\t\t<\/div>\n\t\t\t\t<\/div>\n\t\t\t\t\t<\/div>\n\t\t<\/div>\n\t\t\t\t\t<\/div>\n\t\t<\/section>\n\t\t\t\t<section class=\"elementor-section elementor-top-section elementor-element elementor-element-8c4b83e elementor-section-boxed elementor-section-height-default elementor-section-height-default\" data-id=\"8c4b83e\" data-element_type=\"section\" data-e-type=\"section\">\n\t\t\t\t\t\t<div class=\"elementor-container elementor-column-gap-default\">\n\t\t\t\t\t<div class=\"elementor-column elementor-col-100 elementor-top-column elementor-element elementor-element-cbc0e25\" data-id=\"cbc0e25\" data-element_type=\"column\" data-e-type=\"column\">\n\t\t\t<div class=\"elementor-widget-wrap elementor-element-populated\">\n\t\t\t\t\t\t<div class=\"elementor-element elementor-element-7008706 elementor-widget elementor-widget-text-editor\" data-id=\"7008706\" data-element_type=\"widget\" data-e-type=\"widget\" data-widget_type=\"text-editor.default\">\n\t\t\t\t<div class=\"elementor-widget-container\">\n\t\t\t\t\t\t\t\t\t<p data-start=\"251\" data-end=\"489\"><b>Yeri MUA<\/b> ya no es solo una estrella de las redes. Ahora es una fuerza musical imparable. La veracruzana ha lanzado su primer \u00e1lbum <em data-start=\"382\" data-end=\"392\"><b>DE CHAVA<\/b><\/em>, un proyecto que muestra su consolidaci\u00f3n como cantante y figura influyente en la m\u00fasica latina. Con m\u00e1s de 27 millones de seguidores en TikTok y 12.4 millones en Instagram, su impacto es indiscutible. Cada tema suyo se vuelve tendencia. Y <em data-start=\"634\" data-end=\"644\">DE CHAVA<\/em> no ser\u00e1 la excepci\u00f3n.<\/p>\t\t\t\t\t\t\t\t<\/div>\n\t\t\t\t<\/div>\n\t\t\t\t\t<\/div>\n\t\t<\/div>\n\t\t\t\t\t<\/div>\n\t\t<\/section>\n\t\t\t\t<section class=\"elementor-section elementor-top-section elementor-element elementor-element-af6816a elementor-section-boxed elementor-section-height-default elementor-section-height-default\" data-id=\"af6816a\" data-element_type=\"section\" data-e-type=\"section\">\n\t\t\t\t\t\t<div class=\"elementor-container elementor-column-gap-default\">\n\t\t\t\t\t<div class=\"elementor-column elementor-col-100 elementor-top-column elementor-element elementor-element-dd5ab60\" data-id=\"dd5ab60\" data-element_type=\"column\" data-e-type=\"column\">\n\t\t\t<div class=\"elementor-widget-wrap elementor-element-populated\">\n\t\t\t\t\t\t<div class=\"elementor-element elementor-element-614597e elementor-widget elementor-widget-image\" data-id=\"614597e\" data-element_type=\"widget\" data-e-type=\"widget\" data-widget_type=\"image.default\">\n\t\t\t\t<div class=\"elementor-widget-container\">\n\t\t\t\t\t\t\t\t\t\t\t\t\t\t\t<img fetchpriority=\"high\" decoding=\"async\" width=\"640\" height=\"427\" src=\"https:\/\/unaymilletras.com\/wp-content\/uploads\/2025\/05\/Yeri-Mua-Image-1-1024x683.webp\" class=\"attachment-large size-large wp-image-4727\" alt=\"\" srcset=\"https:\/\/unaymilletras.com\/wp-content\/uploads\/2025\/05\/Yeri-Mua-Image-1-1024x683.webp 1024w, https:\/\/unaymilletras.com\/wp-content\/uploads\/2025\/05\/Yeri-Mua-Image-1-300x200.webp 300w, https:\/\/unaymilletras.com\/wp-content\/uploads\/2025\/05\/Yeri-Mua-Image-1-768x512.webp 768w, https:\/\/unaymilletras.com\/wp-content\/uploads\/2025\/05\/Yeri-Mua-Image-1-1536x1024.webp 1536w, https:\/\/unaymilletras.com\/wp-content\/uploads\/2025\/05\/Yeri-Mua-Image-1-2048x1365.webp 1920w, https:\/\/unaymilletras.com\/wp-content\/uploads\/2025\/05\/Yeri-Mua-Image-1-18x12.webp 18w, https:\/\/unaymilletras.com\/wp-content\/uploads\/2025\/05\/Yeri-Mua-Image-1-scaled-e1747581068773.webp 600w\" sizes=\"(max-width: 640px) 100vw, 640px\" \/>\t\t\t\t\t\t\t\t\t\t\t\t\t\t\t<\/div>\n\t\t\t\t<\/div>\n\t\t\t\t\t<\/div>\n\t\t<\/div>\n\t\t\t\t\t<\/div>\n\t\t<\/section>\n\t\t\t\t<section class=\"elementor-section elementor-top-section elementor-element elementor-element-e88b7d0 elementor-section-boxed elementor-section-height-default elementor-section-height-default\" data-id=\"e88b7d0\" data-element_type=\"section\" data-e-type=\"section\">\n\t\t\t\t\t\t<div class=\"elementor-container elementor-column-gap-default\">\n\t\t\t\t\t<div class=\"elementor-column elementor-col-100 elementor-top-column elementor-element elementor-element-249b1b5\" data-id=\"249b1b5\" data-element_type=\"column\" data-e-type=\"column\">\n\t\t\t<div class=\"elementor-widget-wrap elementor-element-populated\">\n\t\t\t\t\t\t<div class=\"elementor-element elementor-element-5ca3361 elementor-widget elementor-widget-text-editor\" data-id=\"5ca3361\" data-element_type=\"widget\" data-e-type=\"widget\" data-widget_type=\"text-editor.default\">\n\t\t\t\t<div class=\"elementor-widget-container\">\n\t\t\t\t\t\t\t\t\t<p data-start=\"668\" data-end=\"876\">El \u00e1lbum est\u00e1 compuesto por 15 canciones. Incluye colaboraciones de alto nivel con artistas como Bellakath, La Joaqui, El Malilla y Snow Tha Product. Todas ellas suman fuerza al sonido distintivo de Yeri MUA. Canciones como <em data-start=\"893\" data-end=\"904\">Croketita<\/em>, <em data-start=\"906\" data-end=\"921\">Avi\u00f3n Privado<\/em>, <em data-start=\"923\" data-end=\"943\">Modo Antidepresivo<\/em> y <em data-start=\"946\" data-end=\"961\">\u00c9l No Es Tuyo<\/em> ya han revolucionado las redes. Sus cifras de reproducciones en plataformas lo demuestran.<\/p><p data-start=\"1054\" data-end=\"1242\">La artista ha sido reconocida por Spotify como parte del programa EQUAL. Un proyecto que impulsa a mujeres artistas a nivel global. Yeri representa una nueva generaci\u00f3n de voces poderosas.<\/p><p data-start=\"1244\" data-end=\"1390\"><em data-start=\"1244\" data-end=\"1254\">DE CHAVA<\/em> no es solo un disco. Es una declaraci\u00f3n de identidad. Muestra su fuerza, su autenticidad y su conexi\u00f3n con millones de j\u00f3venes latinos.<\/p>\t\t\t\t\t\t\t\t<\/div>\n\t\t\t\t<\/div>\n\t\t\t\t\t<\/div>\n\t\t<\/div>\n\t\t\t\t\t<\/div>\n\t\t<\/section>\n\t\t\t\t<section class=\"elementor-section elementor-top-section elementor-element elementor-element-e5ef799 elementor-section-boxed elementor-section-height-default elementor-section-height-default\" data-id=\"e5ef799\" data-element_type=\"section\" data-e-type=\"section\">\n\t\t\t\t\t\t<div class=\"elementor-container elementor-column-gap-default\">\n\t\t\t\t\t<div class=\"elementor-column elementor-col-100 elementor-top-column elementor-element elementor-element-75d1e59\" data-id=\"75d1e59\" data-element_type=\"column\" data-e-type=\"column\">\n\t\t\t<div class=\"elementor-widget-wrap elementor-element-populated\">\n\t\t\t\t\t\t<div class=\"elementor-element elementor-element-4d795fb elementor-widget elementor-widget-video\" data-id=\"4d795fb\" data-element_type=\"widget\" data-e-type=\"widget\" data-settings=\"{&quot;youtube_url&quot;:&quot;https:\\\/\\\/www.youtube.com\\\/watch?v=cUjBVTg4eLU&amp;ab_channel=YeriMuaVEVO&quot;,&quot;video_type&quot;:&quot;youtube&quot;,&quot;controls&quot;:&quot;yes&quot;}\" data-widget_type=\"video.default\">\n\t\t\t\t<div class=\"elementor-widget-container\">\n\t\t\t\t\t\t\t<div class=\"elementor-wrapper elementor-open-inline\">\n\t\t\t<div class=\"elementor-video\"><\/div>\t\t<\/div>\n\t\t\t\t\t\t<\/div>\n\t\t\t\t<\/div>\n\t\t\t\t\t<\/div>\n\t\t<\/div>\n\t\t\t\t\t<\/div>\n\t\t<\/section>\n\t\t\t\t<section class=\"elementor-section elementor-top-section elementor-element elementor-element-faea52a elementor-section-boxed elementor-section-height-default elementor-section-height-default\" data-id=\"faea52a\" data-element_type=\"section\" data-e-type=\"section\">\n\t\t\t\t\t\t<div class=\"elementor-container elementor-column-gap-default\">\n\t\t\t\t\t<div class=\"elementor-column elementor-col-100 elementor-top-column elementor-element elementor-element-6733cda\" data-id=\"6733cda\" data-element_type=\"column\" data-e-type=\"column\">\n\t\t\t<div class=\"elementor-widget-wrap elementor-element-populated\">\n\t\t\t\t\t\t<div class=\"elementor-element elementor-element-b7fdb81 elementor-widget elementor-widget-text-editor\" data-id=\"b7fdb81\" data-element_type=\"widget\" data-e-type=\"widget\" data-widget_type=\"text-editor.default\">\n\t\t\t\t<div class=\"elementor-widget-container\">\n\t\t\t\t\t\t\t\t\t<p>El pr\u00f3ximo 30 de mayo, Yeri presentar\u00e1 el \u00e1lbum en su primer gran show en solitario. Ser\u00e1 en el Pepsi Center de Ciudad de M\u00e9xico. Las expectativas son alt\u00edsimas. Despu\u00e9s, continuar\u00e1 con el <em data-start=\"1582\" data-end=\"1600\">Traka Tour LATAM<\/em>. Visitar\u00e1 pa\u00edses como Argentina, Chile, Per\u00fa y Colombia. El fen\u00f3meno <em data-start=\"1670\" data-end=\"1680\">DE CHAVA<\/em> se vivir\u00e1 tambi\u00e9n en vivo.<\/p><p data-start=\"1709\" data-end=\"1864\">A sus 22 a\u00f1os, Yeri MUA ha logrado lo que pocos. Ha superado en escuchas en TikTok a artistas como Billie Eilish o Sabrina Carpenter. Su impacto es global. Desde sus inicios como influencer de maquillaje en 2018, ha demostrado visi\u00f3n, carisma y determinaci\u00f3n. Hoy, conquista un nuevo territorio: la industria musical.<\/p><p data-start=\"2029\" data-end=\"2202\" data-is-last-node=\"\" data-is-only-node=\"\">Con <em data-start=\"2033\" data-end=\"2043\">DE CHAVA<\/em>, Yeri MUA confirma que su \u00e9xito no es pasajero. Es un fen\u00f3meno cultural que conecta, representa y rompe moldes. La reina viral ya tiene su trono en la m\u00fasica.<\/p>\t\t\t\t\t\t\t\t<\/div>\n\t\t\t\t<\/div>\n\t\t\t\t\t<\/div>\n\t\t<\/div>\n\t\t\t\t\t<\/div>\n\t\t<\/section>\n\t\t\t\t<\/div>","protected":false},"excerpt":{"rendered":"<p>Con \u00abDE CHAVA\u00bb, Yeri MUA confirma su dominio absoluto en TikTok y la m\u00fasica urbana latina Yeri MUA ya no es solo una estrella de las redes. Ahora es una fuerza musical imparable. La veracruzana ha lanzado su primer \u00e1lbum DE CHAVA, un proyecto que muestra su consolidaci\u00f3n como cantante y figura influyente en la [&hellip;]<\/p>\n","protected":false},"author":6,"featured_media":4727,"comment_status":"closed","ping_status":"closed","sticky":false,"template":"","format":"standard","meta":{"footnotes":""},"categories":[4],"tags":[],"class_list":["post-4725","post","type-post","status-publish","format-standard","has-post-thumbnail","hentry","category-musica"],"yoast_head":"<!-- This site is optimized with the Yoast SEO plugin v27.4 - https:\/\/yoast.com\/product\/yoast-seo-wordpress\/ -->\n<title>Yeri MUA lanza DE CHAVA, su esperado \u00e1lbum debut<\/title>\n<meta name=\"description\" content=\"Con DE CHAVA, Yeri MUA confirma su dominio absoluto en TikTok y la m\u00fasica urbana latina, llevando su poder viral al escenario musical\" \/>\n<meta name=\"robots\" content=\"index, follow, max-snippet:-1, max-image-preview:large, max-video-preview:-1\" \/>\n<link rel=\"canonical\" href=\"https:\/\/unaymilletras.com\/en\/yeri-mua-lanza-de-chava-su-esperado-album-debut\/\" \/>\n<meta property=\"og:locale\" content=\"en_GB\" \/>\n<meta property=\"og:type\" content=\"article\" \/>\n<meta property=\"og:title\" content=\"Yeri MUA lanza DE CHAVA, su esperado \u00e1lbum debut\" \/>\n<meta property=\"og:description\" content=\"Con DE CHAVA, Yeri MUA confirma su dominio absoluto en TikTok y la m\u00fasica urbana latina, llevando su poder viral al escenario musical\" \/>\n<meta property=\"og:url\" content=\"https:\/\/unaymilletras.com\/en\/yeri-mua-lanza-de-chava-su-esperado-album-debut\/\" \/>\n<meta property=\"og:site_name\" content=\"Una y Mil Letras\" \/>\n<meta property=\"article:published_time\" content=\"2025-05-18T15:13:27+00:00\" \/>\n<meta property=\"article:modified_time\" content=\"2025-05-24T22:50:14+00:00\" \/>\n<meta property=\"og:image\" content=\"http:\/\/unaymilletras.com\/wp-content\/uploads\/2025\/05\/Yeri-Mua-Image-1-scaled-e1747581068773.webp\" \/>\n\t<meta property=\"og:image:width\" content=\"600\" \/>\n\t<meta property=\"og:image:height\" content=\"400\" \/>\n\t<meta property=\"og:image:type\" content=\"image\/webp\" \/>\n<meta name=\"author\" content=\"Redacci\u00f3n\" \/>\n<meta name=\"twitter:card\" content=\"summary_large_image\" \/>\n<meta name=\"twitter:creator\" content=\"@UnaYMilLetras\" \/>\n<meta name=\"twitter:site\" content=\"@UnaYMilLetras\" \/>\n<meta name=\"twitter:label1\" content=\"Written by\" \/>\n\t<meta name=\"twitter:data1\" content=\"Redacci\u00f3n\" \/>\n\t<meta name=\"twitter:label2\" content=\"Estimated reading time\" \/>\n\t<meta name=\"twitter:data2\" content=\"2 minutes\" \/>\n<script type=\"application\/ld+json\" class=\"yoast-schema-graph\">{\"@context\":\"https:\\\/\\\/schema.org\",\"@graph\":[{\"@type\":\"Article\",\"@id\":\"https:\\\/\\\/unaymilletras.com\\\/yeri-mua-lanza-de-chava-su-esperado-album-debut\\\/#article\",\"isPartOf\":{\"@id\":\"https:\\\/\\\/unaymilletras.com\\\/yeri-mua-lanza-de-chava-su-esperado-album-debut\\\/\"},\"author\":{\"name\":\"Redacci\u00f3n\",\"@id\":\"http:\\\/\\\/unaymilletras.com\\\/#\\\/schema\\\/person\\\/0860dc8a218329991ee2c7591f4f849d\"},\"headline\":\"Yeri MUA lanza DE CHAVA, su esperado \u00e1lbum debut\",\"datePublished\":\"2025-05-18T15:13:27+00:00\",\"dateModified\":\"2025-05-24T22:50:14+00:00\",\"mainEntityOfPage\":{\"@id\":\"https:\\\/\\\/unaymilletras.com\\\/yeri-mua-lanza-de-chava-su-esperado-album-debut\\\/\"},\"wordCount\":374,\"publisher\":{\"@id\":\"http:\\\/\\\/unaymilletras.com\\\/#organization\"},\"image\":{\"@id\":\"https:\\\/\\\/unaymilletras.com\\\/yeri-mua-lanza-de-chava-su-esperado-album-debut\\\/#primaryimage\"},\"thumbnailUrl\":\"https:\\\/\\\/unaymilletras.com\\\/wp-content\\\/uploads\\\/2025\\\/05\\\/Yeri-Mua-Image-1-scaled-e1747581068773.webp\",\"articleSection\":[\"M\u00fasica\"],\"inLanguage\":\"en-GB\"},{\"@type\":\"WebPage\",\"@id\":\"https:\\\/\\\/unaymilletras.com\\\/yeri-mua-lanza-de-chava-su-esperado-album-debut\\\/\",\"url\":\"https:\\\/\\\/unaymilletras.com\\\/yeri-mua-lanza-de-chava-su-esperado-album-debut\\\/\",\"name\":\"Yeri MUA lanza DE CHAVA, su esperado \u00e1lbum debut\",\"isPartOf\":{\"@id\":\"http:\\\/\\\/unaymilletras.com\\\/#website\"},\"primaryImageOfPage\":{\"@id\":\"https:\\\/\\\/unaymilletras.com\\\/yeri-mua-lanza-de-chava-su-esperado-album-debut\\\/#primaryimage\"},\"image\":{\"@id\":\"https:\\\/\\\/unaymilletras.com\\\/yeri-mua-lanza-de-chava-su-esperado-album-debut\\\/#primaryimage\"},\"thumbnailUrl\":\"https:\\\/\\\/unaymilletras.com\\\/wp-content\\\/uploads\\\/2025\\\/05\\\/Yeri-Mua-Image-1-scaled-e1747581068773.webp\",\"datePublished\":\"2025-05-18T15:13:27+00:00\",\"dateModified\":\"2025-05-24T22:50:14+00:00\",\"description\":\"Con DE CHAVA, Yeri MUA confirma su dominio absoluto en TikTok y la m\u00fasica urbana latina, llevando su poder viral al escenario musical\",\"breadcrumb\":{\"@id\":\"https:\\\/\\\/unaymilletras.com\\\/yeri-mua-lanza-de-chava-su-esperado-album-debut\\\/#breadcrumb\"},\"inLanguage\":\"en-GB\",\"potentialAction\":[{\"@type\":\"ReadAction\",\"target\":[\"https:\\\/\\\/unaymilletras.com\\\/yeri-mua-lanza-de-chava-su-esperado-album-debut\\\/\"]}]},{\"@type\":\"ImageObject\",\"inLanguage\":\"en-GB\",\"@id\":\"https:\\\/\\\/unaymilletras.com\\\/yeri-mua-lanza-de-chava-su-esperado-album-debut\\\/#primaryimage\",\"url\":\"https:\\\/\\\/unaymilletras.com\\\/wp-content\\\/uploads\\\/2025\\\/05\\\/Yeri-Mua-Image-1-scaled-e1747581068773.webp\",\"contentUrl\":\"https:\\\/\\\/unaymilletras.com\\\/wp-content\\\/uploads\\\/2025\\\/05\\\/Yeri-Mua-Image-1-scaled-e1747581068773.webp\",\"width\":600,\"height\":400,\"caption\":\"Evoto\"},{\"@type\":\"BreadcrumbList\",\"@id\":\"https:\\\/\\\/unaymilletras.com\\\/yeri-mua-lanza-de-chava-su-esperado-album-debut\\\/#breadcrumb\",\"itemListElement\":[{\"@type\":\"ListItem\",\"position\":1,\"name\":\"Home\",\"item\":\"http:\\\/\\\/unaymilletras.com\\\/\"},{\"@type\":\"ListItem\",\"position\":2,\"name\":\"Yeri MUA lanza DE CHAVA, su esperado \u00e1lbum debut\"}]},{\"@type\":\"WebSite\",\"@id\":\"http:\\\/\\\/unaymilletras.com\\\/#website\",\"url\":\"http:\\\/\\\/unaymilletras.com\\\/\",\"name\":\"Una y Mil Letras\",\"description\":\"\",\"publisher\":{\"@id\":\"http:\\\/\\\/unaymilletras.com\\\/#organization\"},\"potentialAction\":[{\"@type\":\"SearchAction\",\"target\":{\"@type\":\"EntryPoint\",\"urlTemplate\":\"http:\\\/\\\/unaymilletras.com\\\/?s={search_term_string}\"},\"query-input\":{\"@type\":\"PropertyValueSpecification\",\"valueRequired\":true,\"valueName\":\"search_term_string\"}}],\"inLanguage\":\"en-GB\"},{\"@type\":\"Organization\",\"@id\":\"http:\\\/\\\/unaymilletras.com\\\/#organization\",\"name\":\"Una y Mil Letras\",\"url\":\"http:\\\/\\\/unaymilletras.com\\\/\",\"logo\":{\"@type\":\"ImageObject\",\"inLanguage\":\"en-GB\",\"@id\":\"http:\\\/\\\/unaymilletras.com\\\/#\\\/schema\\\/logo\\\/image\\\/\",\"url\":\"https:\\\/\\\/unaymilletras.com\\\/wp-content\\\/uploads\\\/2024\\\/06\\\/cropped-Logo-removebg-preview.png\",\"contentUrl\":\"https:\\\/\\\/unaymilletras.com\\\/wp-content\\\/uploads\\\/2024\\\/06\\\/cropped-Logo-removebg-preview.png\",\"width\":512,\"height\":512,\"caption\":\"Una y Mil Letras\"},\"image\":{\"@id\":\"http:\\\/\\\/unaymilletras.com\\\/#\\\/schema\\\/logo\\\/image\\\/\"},\"sameAs\":[\"https:\\\/\\\/x.com\\\/UnaYMilLetras\",\"https:\\\/\\\/instagram.com\\\/UnaYMilLetras\"]},{\"@type\":\"Person\",\"@id\":\"http:\\\/\\\/unaymilletras.com\\\/#\\\/schema\\\/person\\\/0860dc8a218329991ee2c7591f4f849d\",\"name\":\"Redacci\u00f3n\",\"image\":{\"@type\":\"ImageObject\",\"inLanguage\":\"en-GB\",\"@id\":\"https:\\\/\\\/secure.gravatar.com\\\/avatar\\\/d8f55e05a8b6597e45c55a1dcbdbfe44f4a360d88b48e00de5216a79b7732796?s=96&d=mm&r=g\",\"url\":\"https:\\\/\\\/secure.gravatar.com\\\/avatar\\\/d8f55e05a8b6597e45c55a1dcbdbfe44f4a360d88b48e00de5216a79b7732796?s=96&d=mm&r=g\",\"contentUrl\":\"https:\\\/\\\/secure.gravatar.com\\\/avatar\\\/d8f55e05a8b6597e45c55a1dcbdbfe44f4a360d88b48e00de5216a79b7732796?s=96&d=mm&r=g\",\"caption\":\"Redacci\u00f3n\"},\"url\":\"https:\\\/\\\/unaymilletras.com\\\/en\\\/author\\\/redaccion\\\/\"}]}<\/script>\n<!-- \/ Yoast SEO plugin. -->","yoast_head_json":{"title":"Yeri MUA lanza DE CHAVA, su esperado \u00e1lbum debut","description":"Con DE CHAVA, Yeri MUA confirma su dominio absoluto en TikTok y la m\u00fasica urbana latina, llevando su poder viral al escenario musical","robots":{"index":"index","follow":"follow","max-snippet":"max-snippet:-1","max-image-preview":"max-image-preview:large","max-video-preview":"max-video-preview:-1"},"canonical":"https:\/\/unaymilletras.com\/en\/yeri-mua-lanza-de-chava-su-esperado-album-debut\/","og_locale":"en_GB","og_type":"article","og_title":"Yeri MUA lanza DE CHAVA, su esperado \u00e1lbum debut","og_description":"Con DE CHAVA, Yeri MUA confirma su dominio absoluto en TikTok y la m\u00fasica urbana latina, llevando su poder viral al escenario musical","og_url":"https:\/\/unaymilletras.com\/en\/yeri-mua-lanza-de-chava-su-esperado-album-debut\/","og_site_name":"Una y Mil Letras","article_published_time":"2025-05-18T15:13:27+00:00","article_modified_time":"2025-05-24T22:50:14+00:00","og_image":[{"width":600,"height":400,"url":"http:\/\/unaymilletras.com\/wp-content\/uploads\/2025\/05\/Yeri-Mua-Image-1-scaled-e1747581068773.webp","type":"image\/webp"}],"author":"Redacci\u00f3n","twitter_card":"summary_large_image","twitter_creator":"@UnaYMilLetras","twitter_site":"@UnaYMilLetras","twitter_misc":{"Written by":"Redacci\u00f3n","Estimated reading time":"2 minutes"},"schema":{"@context":"https:\/\/schema.org","@graph":[{"@type":"Article","@id":"https:\/\/unaymilletras.com\/yeri-mua-lanza-de-chava-su-esperado-album-debut\/#article","isPartOf":{"@id":"https:\/\/unaymilletras.com\/yeri-mua-lanza-de-chava-su-esperado-album-debut\/"},"author":{"name":"Redacci\u00f3n","@id":"http:\/\/unaymilletras.com\/#\/schema\/person\/0860dc8a218329991ee2c7591f4f849d"},"headline":"Yeri MUA lanza DE CHAVA, su esperado \u00e1lbum debut","datePublished":"2025-05-18T15:13:27+00:00","dateModified":"2025-05-24T22:50:14+00:00","mainEntityOfPage":{"@id":"https:\/\/unaymilletras.com\/yeri-mua-lanza-de-chava-su-esperado-album-debut\/"},"wordCount":374,"publisher":{"@id":"http:\/\/unaymilletras.com\/#organization"},"image":{"@id":"https:\/\/unaymilletras.com\/yeri-mua-lanza-de-chava-su-esperado-album-debut\/#primaryimage"},"thumbnailUrl":"https:\/\/unaymilletras.com\/wp-content\/uploads\/2025\/05\/Yeri-Mua-Image-1-scaled-e1747581068773.webp","articleSection":["M\u00fasica"],"inLanguage":"en-GB"},{"@type":"WebPage","@id":"https:\/\/unaymilletras.com\/yeri-mua-lanza-de-chava-su-esperado-album-debut\/","url":"https:\/\/unaymilletras.com\/yeri-mua-lanza-de-chava-su-esperado-album-debut\/","name":"Yeri MUA lanza DE CHAVA, su esperado \u00e1lbum debut","isPartOf":{"@id":"http:\/\/unaymilletras.com\/#website"},"primaryImageOfPage":{"@id":"https:\/\/unaymilletras.com\/yeri-mua-lanza-de-chava-su-esperado-album-debut\/#primaryimage"},"image":{"@id":"https:\/\/unaymilletras.com\/yeri-mua-lanza-de-chava-su-esperado-album-debut\/#primaryimage"},"thumbnailUrl":"https:\/\/unaymilletras.com\/wp-content\/uploads\/2025\/05\/Yeri-Mua-Image-1-scaled-e1747581068773.webp","datePublished":"2025-05-18T15:13:27+00:00","dateModified":"2025-05-24T22:50:14+00:00","description":"Con DE CHAVA, Yeri MUA confirma su dominio absoluto en TikTok y la m\u00fasica urbana latina, llevando su poder viral al escenario musical","breadcrumb":{"@id":"https:\/\/unaymilletras.com\/yeri-mua-lanza-de-chava-su-esperado-album-debut\/#breadcrumb"},"inLanguage":"en-GB","potentialAction":[{"@type":"ReadAction","target":["https:\/\/unaymilletras.com\/yeri-mua-lanza-de-chava-su-esperado-album-debut\/"]}]},{"@type":"ImageObject","inLanguage":"en-GB","@id":"https:\/\/unaymilletras.com\/yeri-mua-lanza-de-chava-su-esperado-album-debut\/#primaryimage","url":"https:\/\/unaymilletras.com\/wp-content\/uploads\/2025\/05\/Yeri-Mua-Image-1-scaled-e1747581068773.webp","contentUrl":"https:\/\/unaymilletras.com\/wp-content\/uploads\/2025\/05\/Yeri-Mua-Image-1-scaled-e1747581068773.webp","width":600,"height":400,"caption":"Evoto"},{"@type":"BreadcrumbList","@id":"https:\/\/unaymilletras.com\/yeri-mua-lanza-de-chava-su-esperado-album-debut\/#breadcrumb","itemListElement":[{"@type":"ListItem","position":1,"name":"Home","item":"http:\/\/unaymilletras.com\/"},{"@type":"ListItem","position":2,"name":"Yeri MUA lanza DE CHAVA, su esperado \u00e1lbum debut"}]},{"@type":"WebSite","@id":"http:\/\/unaymilletras.com\/#website","url":"http:\/\/unaymilletras.com\/","name":"Una y Mil Letras","description":"","publisher":{"@id":"http:\/\/unaymilletras.com\/#organization"},"potentialAction":[{"@type":"SearchAction","target":{"@type":"EntryPoint","urlTemplate":"http:\/\/unaymilletras.com\/?s={search_term_string}"},"query-input":{"@type":"PropertyValueSpecification","valueRequired":true,"valueName":"search_term_string"}}],"inLanguage":"en-GB"},{"@type":"Organization","@id":"http:\/\/unaymilletras.com\/#organization","name":"Una y Mil Letras","url":"http:\/\/unaymilletras.com\/","logo":{"@type":"ImageObject","inLanguage":"en-GB","@id":"http:\/\/unaymilletras.com\/#\/schema\/logo\/image\/","url":"https:\/\/unaymilletras.com\/wp-content\/uploads\/2024\/06\/cropped-Logo-removebg-preview.png","contentUrl":"https:\/\/unaymilletras.com\/wp-content\/uploads\/2024\/06\/cropped-Logo-removebg-preview.png","width":512,"height":512,"caption":"Una y Mil Letras"},"image":{"@id":"http:\/\/unaymilletras.com\/#\/schema\/logo\/image\/"},"sameAs":["https:\/\/x.com\/UnaYMilLetras","https:\/\/instagram.com\/UnaYMilLetras"]},{"@type":"Person","@id":"http:\/\/unaymilletras.com\/#\/schema\/person\/0860dc8a218329991ee2c7591f4f849d","name":"Redacci\u00f3n","image":{"@type":"ImageObject","inLanguage":"en-GB","@id":"https:\/\/secure.gravatar.com\/avatar\/d8f55e05a8b6597e45c55a1dcbdbfe44f4a360d88b48e00de5216a79b7732796?s=96&d=mm&r=g","url":"https:\/\/secure.gravatar.com\/avatar\/d8f55e05a8b6597e45c55a1dcbdbfe44f4a360d88b48e00de5216a79b7732796?s=96&d=mm&r=g","contentUrl":"https:\/\/secure.gravatar.com\/avatar\/d8f55e05a8b6597e45c55a1dcbdbfe44f4a360d88b48e00de5216a79b7732796?s=96&d=mm&r=g","caption":"Redacci\u00f3n"},"url":"https:\/\/unaymilletras.com\/en\/author\/redaccion\/"}]}},"_links":{"self":[{"href":"https:\/\/unaymilletras.com\/en\/wp-json\/wp\/v2\/posts\/4725","targetHints":{"allow":["GET"]}}],"collection":[{"href":"https:\/\/unaymilletras.com\/en\/wp-json\/wp\/v2\/posts"}],"about":[{"href":"https:\/\/unaymilletras.com\/en\/wp-json\/wp\/v2\/types\/post"}],"author":[{"embeddable":true,"href":"https:\/\/unaymilletras.com\/en\/wp-json\/wp\/v2\/users\/6"}],"replies":[{"embeddable":true,"href":"https:\/\/unaymilletras.com\/en\/wp-json\/wp\/v2\/comments?post=4725"}],"version-history":[{"count":7,"href":"https:\/\/unaymilletras.com\/en\/wp-json\/wp\/v2\/posts\/4725\/revisions"}],"predecessor-version":[{"id":4733,"href":"https:\/\/unaymilletras.com\/en\/wp-json\/wp\/v2\/posts\/4725\/revisions\/4733"}],"wp:featuredmedia":[{"embeddable":true,"href":"https:\/\/unaymilletras.com\/en\/wp-json\/wp\/v2\/media\/4727"}],"wp:attachment":[{"href":"https:\/\/unaymilletras.com\/en\/wp-json\/wp\/v2\/media?parent=4725"}],"wp:term":[{"taxonomy":"category","embeddable":true,"href":"https:\/\/unaymilletras.com\/en\/wp-json\/wp\/v2\/categories?post=4725"},{"taxonomy":"post_tag","embeddable":true,"href":"https:\/\/unaymilletras.com\/en\/wp-json\/wp\/v2\/tags?post=4725"}],"curies":[{"name":"wp","href":"https:\/\/api.w.org\/{rel}","templated":true}]}}