{"id":4734,"date":"2025-05-20T11:19:15","date_gmt":"2025-05-20T09:19:15","guid":{"rendered":"https:\/\/unaymilletras.com\/?p=4734"},"modified":"2025-05-25T00:50:05","modified_gmt":"2025-05-24T22:50:05","slug":"mora-lanza-su-disco-lo-mismo-de-siempre","status":"publish","type":"post","link":"https:\/\/unaymilletras.com\/en\/mora-lanza-su-disco-lo-mismo-de-siempre\/","title":{"rendered":"Mora lanza su disco: Lo Mismo de Siempre"},"content":{"rendered":"<div data-elementor-type=\"wp-post\" data-elementor-id=\"4734\" class=\"elementor elementor-4734\">\n\t\t\t\t\t\t<section class=\"elementor-section elementor-top-section elementor-element elementor-element-9934f42 elementor-section-boxed elementor-section-height-default elementor-section-height-default\" data-id=\"9934f42\" data-element_type=\"section\" data-e-type=\"section\">\n\t\t\t\t\t\t<div class=\"elementor-container elementor-column-gap-default\">\n\t\t\t\t\t<div class=\"elementor-column elementor-col-100 elementor-top-column elementor-element elementor-element-333ad54\" data-id=\"333ad54\" data-element_type=\"column\" data-e-type=\"column\">\n\t\t\t<div class=\"elementor-widget-wrap elementor-element-populated\">\n\t\t\t\t\t\t<div class=\"elementor-element elementor-element-04a024d elementor-widget elementor-widget-heading\" data-id=\"04a024d\" data-element_type=\"widget\" data-e-type=\"widget\" data-widget_type=\"heading.default\">\n\t\t\t\t<div class=\"elementor-widget-container\">\n\t\t\t\t\t<h2 class=\"elementor-heading-title elementor-size-default\">Mora sac\u00f3 por sorpresa su nuevo proyecto: Lo Mismo de Siempre en el que se incluyen 17 nuevas canciones con varias colaboraciones<\/h2>\t\t\t\t<\/div>\n\t\t\t\t<\/div>\n\t\t\t\t\t<\/div>\n\t\t<\/div>\n\t\t\t\t\t<\/div>\n\t\t<\/section>\n\t\t\t\t<section class=\"elementor-section elementor-top-section elementor-element elementor-element-b20ea7d elementor-section-boxed elementor-section-height-default elementor-section-height-default\" data-id=\"b20ea7d\" data-element_type=\"section\" data-e-type=\"section\">\n\t\t\t\t\t\t<div class=\"elementor-container elementor-column-gap-default\">\n\t\t\t\t\t<div class=\"elementor-column elementor-col-100 elementor-top-column elementor-element elementor-element-61dcfba\" data-id=\"61dcfba\" data-element_type=\"column\" data-e-type=\"column\">\n\t\t\t<div class=\"elementor-widget-wrap elementor-element-populated\">\n\t\t\t\t\t\t<div class=\"elementor-element elementor-element-4051bd9 elementor-widget elementor-widget-text-editor\" data-id=\"4051bd9\" data-element_type=\"widget\" data-e-type=\"widget\" data-widget_type=\"text-editor.default\">\n\t\t\t\t<div class=\"elementor-widget-container\">\n\t\t\t\t\t\t\t\t\t<p>El lanzamiento del disco de Mora: Lo Mismo de Siempre era algo que estaba generando algo de revuelo en las redes sociales. Desde hace unos d\u00edas se sab\u00eda que algo iba a suceder con Mora y el misterio ha sido resuelto hoy. Los numerosos &#8216;<a href=\"https:\/\/unaymilletras.com\/en\/mora-vuelve-a-generar-incertidumbre-entre-sus-oyentes\/\" target=\"_blank\" rel=\"noopener\">spoilers<\/a>&#8216; que estaba haciendo, adem\u00e1s, de lo que puso a la venta la semana pasada haciendo referencia al t\u00edtulo \u00ab<a href=\"https:\/\/open.spotify.com\/intl-es\/album\/3beZ5DRcWVTpXaU3ViLIF6\" target=\"_blank\" rel=\"noopener\">lo mismo de siempre<\/a>\u00bb eran las \u00faltimas se\u00f1ales del nuevo proyecto musical que ha lanzado el artista puertorrique\u00f1o.<\/p>\t\t\t\t\t\t\t\t<\/div>\n\t\t\t\t<\/div>\n\t\t\t\t\t<\/div>\n\t\t<\/div>\n\t\t\t\t\t<\/div>\n\t\t<\/section>\n\t\t\t\t<section class=\"elementor-section elementor-top-section elementor-element elementor-element-e595512 elementor-section-boxed elementor-section-height-default elementor-section-height-default\" data-id=\"e595512\" data-element_type=\"section\" data-e-type=\"section\">\n\t\t\t\t\t\t<div class=\"elementor-container elementor-column-gap-default\">\n\t\t\t\t\t<div class=\"elementor-column elementor-col-33 elementor-top-column elementor-element elementor-element-90a7ee6\" data-id=\"90a7ee6\" data-element_type=\"column\" data-e-type=\"column\">\n\t\t\t<div class=\"elementor-widget-wrap elementor-element-populated\">\n\t\t\t\t\t\t<div class=\"elementor-element elementor-element-bc68138 elementor-widget elementor-widget-text-editor\" data-id=\"bc68138\" data-element_type=\"widget\" data-e-type=\"widget\" data-widget_type=\"text-editor.default\">\n\t\t\t\t<div class=\"elementor-widget-container\">\n\t\t\t\t\t\t\t\t\t<p>Este lanzamiento es el primero que realiza Mora por su cuenta en m\u00e1s de un a\u00f1o y medio. Los fan\u00e1ticos estaban deseosos de volver a disfrutar de nueva m\u00fasica del boricua y finalmente su d\u00eda ha llegado. Mora ha vuelto de la \u00fanica manera que pod\u00eda ser, sin avisar, un domingo por la noche y sin ning\u00fan tema filtrado.<\/p>\t\t\t\t\t\t\t\t<\/div>\n\t\t\t\t<\/div>\n\t\t\t\t\t<\/div>\n\t\t<\/div>\n\t\t\t\t<div class=\"elementor-column elementor-col-33 elementor-top-column elementor-element elementor-element-babeee9\" data-id=\"babeee9\" data-element_type=\"column\" data-e-type=\"column\">\n\t\t\t<div class=\"elementor-widget-wrap elementor-element-populated\">\n\t\t\t\t\t\t<div class=\"elementor-element elementor-element-2f4fa71 elementor-widget elementor-widget-image\" data-id=\"2f4fa71\" data-element_type=\"widget\" data-e-type=\"widget\" data-widget_type=\"image.default\">\n\t\t\t\t<div class=\"elementor-widget-container\">\n\t\t\t\t\t\t\t\t\t\t\t\t\t\t\t<img fetchpriority=\"high\" decoding=\"async\" width=\"401\" height=\"397\" src=\"https:\/\/unaymilletras.com\/wp-content\/uploads\/2025\/05\/Captura-de-pantalla-2025-05-19-210512.webp\" class=\"attachment-large size-large wp-image-4736\" alt=\"Mora\" srcset=\"https:\/\/unaymilletras.com\/wp-content\/uploads\/2025\/05\/Captura-de-pantalla-2025-05-19-210512.webp 401w, https:\/\/unaymilletras.com\/wp-content\/uploads\/2025\/05\/Captura-de-pantalla-2025-05-19-210512-300x297.webp 300w, https:\/\/unaymilletras.com\/wp-content\/uploads\/2025\/05\/Captura-de-pantalla-2025-05-19-210512-150x150.webp 150w, https:\/\/unaymilletras.com\/wp-content\/uploads\/2025\/05\/Captura-de-pantalla-2025-05-19-210512-12x12.webp 12w\" sizes=\"(max-width: 401px) 100vw, 401px\" \/>\t\t\t\t\t\t\t\t\t\t\t\t\t\t\t<\/div>\n\t\t\t\t<\/div>\n\t\t\t\t\t<\/div>\n\t\t<\/div>\n\t\t\t\t<div class=\"elementor-column elementor-col-33 elementor-top-column elementor-element elementor-element-d74b6d9\" data-id=\"d74b6d9\" data-element_type=\"column\" data-e-type=\"column\">\n\t\t\t<div class=\"elementor-widget-wrap elementor-element-populated\">\n\t\t\t\t\t\t<div class=\"elementor-element elementor-element-1453a88 elementor-widget elementor-widget-text-editor\" data-id=\"1453a88\" data-element_type=\"widget\" data-e-type=\"widget\" data-widget_type=\"text-editor.default\">\n\t\t\t\t<div class=\"elementor-widget-container\">\n\t\t\t\t\t\t\t\t\t<p>Las 17 canciones incluyen varias colaboraciones. Para los espa\u00f1oles, lo m\u00e1s destacado es que ha sacado una canci\u00f3n con C. Tangana titulada <i>Droga. <\/i>Tambi\u00e9n hay colaboraciones con los\u00a0 m\u00e1s destacados de la &#8216;nueva&#8217; de Puerto Rico como son Omar Courtz, De la Rose, Young Miko y Dei V. Por \u00faltimo, tambi\u00e9n hay con Sech y Ryan Castro.<\/p>\t\t\t\t\t\t\t\t<\/div>\n\t\t\t\t<\/div>\n\t\t\t\t\t<\/div>\n\t\t<\/div>\n\t\t\t\t\t<\/div>\n\t\t<\/section>\n\t\t\t\t<section class=\"elementor-section elementor-top-section elementor-element elementor-element-5a04f1c elementor-section-boxed elementor-section-height-default elementor-section-height-default\" data-id=\"5a04f1c\" data-element_type=\"section\" data-e-type=\"section\">\n\t\t\t\t\t\t<div class=\"elementor-container elementor-column-gap-default\">\n\t\t\t\t\t<div class=\"elementor-column elementor-col-100 elementor-top-column elementor-element elementor-element-c270a91\" data-id=\"c270a91\" data-element_type=\"column\" data-e-type=\"column\">\n\t\t\t<div class=\"elementor-widget-wrap elementor-element-populated\">\n\t\t\t\t\t\t<div class=\"elementor-element elementor-element-5d0e7ee elementor-widget elementor-widget-text-editor\" data-id=\"5d0e7ee\" data-element_type=\"widget\" data-e-type=\"widget\" data-widget_type=\"text-editor.default\">\n\t\t\t\t<div class=\"elementor-widget-container\">\n\t\t\t\t\t\t\t\t\t<p>A\u00fan es pronto para dar una valoraci\u00f3n musical sobre este proyecto. De hecho, hay mucha gente que probablemente no se haya enterado de este lanzamiento, ya que Mora es muy de hacer estas cosas sin llamar demasiado la atenci\u00f3n. Habr\u00e1 que esperar para ver si alguno de sus nuevos temas se vuelven himnos para sus fan\u00e1ticos, aunque es de esperar que posiblemente s\u00ed, ya que Mora en todos sus discos ha tenido al menos una canci\u00f3n que haya sobrepasado la barrera de las 100 millones de reproducciones.<\/p>\t\t\t\t\t\t\t\t<\/div>\n\t\t\t\t<\/div>\n\t\t\t\t\t<\/div>\n\t\t<\/div>\n\t\t\t\t\t<\/div>\n\t\t<\/section>\n\t\t\t\t<section class=\"elementor-section elementor-top-section elementor-element elementor-element-01cd967 elementor-section-boxed elementor-section-height-default elementor-section-height-default\" data-id=\"01cd967\" data-element_type=\"section\" data-e-type=\"section\">\n\t\t\t\t\t\t<div class=\"elementor-container elementor-column-gap-default\">\n\t\t\t\t\t<div class=\"elementor-column elementor-col-100 elementor-top-column elementor-element elementor-element-23062ef\" data-id=\"23062ef\" data-element_type=\"column\" data-e-type=\"column\">\n\t\t\t<div class=\"elementor-widget-wrap elementor-element-populated\">\n\t\t\t\t\t\t<div class=\"elementor-element elementor-element-dec5adb elementor-widget elementor-widget-text-editor\" data-id=\"dec5adb\" data-element_type=\"widget\" data-e-type=\"widget\" data-widget_type=\"text-editor.default\">\n\t\t\t\t<div class=\"elementor-widget-container\">\n\t\t\t\t\t\t\t\t\t<p>La participaci\u00f3n de &#8216;El Madrile\u00f1o&#8217; en este proyecto lo vuelve a\u00fan m\u00e1s llamativo, debido a que este llevaba una cifra parecida de tiempo a la de Mora sin sacar una canci\u00f3n. Esta espera puede satisfacer a los fan\u00e1ticos de ambos artistas. A pesar de toda la sorpresa, en una publicaci\u00f3n del 30 de abril de Mora, C.Tangana le coment\u00f3. Esto provoc\u00f3 la fantas\u00eda de una colaboraci\u00f3n internacional que no tuviera sentido, pues el estilo musical de ambos no son los m\u00e1s parecidos. Aun as\u00ed parece que ambos artistas est\u00e1n brindando una oportunidad \u00fanica en un momento de &#8216;hype&#8217; m\u00e1ximo.<\/p>\t\t\t\t\t\t\t\t<\/div>\n\t\t\t\t<\/div>\n\t\t\t\t\t<\/div>\n\t\t<\/div>\n\t\t\t\t\t<\/div>\n\t\t<\/section>\n\t\t\t\t<\/div>","protected":false},"excerpt":{"rendered":"<p>Mora sac\u00f3 por sorpresa su nuevo proyecto: Lo Mismo de Siempre en el que se incluyen 17 nuevas canciones con varias colaboraciones El lanzamiento del disco de Mora: Lo Mismo de Siempre era algo que estaba generando algo de revuelo en las redes sociales. Desde hace unos d\u00edas se sab\u00eda que algo iba a suceder [&hellip;]<\/p>\n","protected":false},"author":10,"featured_media":4737,"comment_status":"closed","ping_status":"closed","sticky":false,"template":"","format":"standard","meta":{"footnotes":""},"categories":[4],"tags":[167,168,166,169],"class_list":["post-4734","post","type-post","status-publish","format-standard","has-post-thumbnail","hentry","category-musica","tag-album","tag-disco","tag-mora","tag-musica"],"yoast_head":"<!-- This site is optimized with the Yoast SEO plugin v27.4 - https:\/\/yoast.com\/product\/yoast-seo-wordpress\/ -->\n<title>Mora lanza su disco: Lo Mismo de Siempre &#8902; Una y Mil Letras<\/title>\n<meta name=\"description\" content=\"Mora sac\u00f3 por sorpresa su nuevo proyecto: Lo Mismo de Siempre en el que se incluyen 17 nuevas canciones con varias colaboraciones\u200b\" \/>\n<meta name=\"robots\" content=\"index, follow, max-snippet:-1, max-image-preview:large, max-video-preview:-1\" \/>\n<link rel=\"canonical\" href=\"https:\/\/unaymilletras.com\/en\/mora-lanza-su-disco-lo-mismo-de-siempre\/\" \/>\n<meta property=\"og:locale\" content=\"en_GB\" \/>\n<meta property=\"og:type\" content=\"article\" \/>\n<meta property=\"og:title\" content=\"Mora lanza su disco: Lo Mismo de Siempre &#8902; Una y Mil Letras\" \/>\n<meta property=\"og:description\" content=\"Mora sac\u00f3 por sorpresa su nuevo proyecto: Lo Mismo de Siempre en el que se incluyen 17 nuevas canciones con varias colaboraciones\u200b\" \/>\n<meta property=\"og:url\" content=\"https:\/\/unaymilletras.com\/en\/mora-lanza-su-disco-lo-mismo-de-siempre\/\" \/>\n<meta property=\"og:site_name\" content=\"Una y Mil Letras\" \/>\n<meta property=\"article:published_time\" content=\"2025-05-20T09:19:15+00:00\" \/>\n<meta property=\"article:modified_time\" content=\"2025-05-24T22:50:05+00:00\" \/>\n<meta property=\"og:image\" content=\"http:\/\/unaymilletras.com\/wp-content\/uploads\/2025\/05\/IMG_0652-e1747681759623.webp\" \/>\n\t<meta property=\"og:image:width\" content=\"600\" \/>\n\t<meta property=\"og:image:height\" content=\"597\" \/>\n\t<meta property=\"og:image:type\" content=\"image\/webp\" \/>\n<meta name=\"author\" content=\"David Hern\u00e1ndez\" \/>\n<meta name=\"twitter:card\" content=\"summary_large_image\" \/>\n<meta name=\"twitter:creator\" content=\"@UnaYMilLetras\" \/>\n<meta name=\"twitter:site\" content=\"@UnaYMilLetras\" \/>\n<meta name=\"twitter:label1\" content=\"Written by\" \/>\n\t<meta name=\"twitter:data1\" content=\"David Hern\u00e1ndez\" \/>\n\t<meta name=\"twitter:label2\" content=\"Estimated reading time\" \/>\n\t<meta name=\"twitter:data2\" content=\"3 minutes\" \/>\n<script type=\"application\/ld+json\" class=\"yoast-schema-graph\">{\"@context\":\"https:\\\/\\\/schema.org\",\"@graph\":[{\"@type\":\"Article\",\"@id\":\"https:\\\/\\\/unaymilletras.com\\\/mora-lanza-su-disco-lo-mismo-de-siempre\\\/#article\",\"isPartOf\":{\"@id\":\"https:\\\/\\\/unaymilletras.com\\\/mora-lanza-su-disco-lo-mismo-de-siempre\\\/\"},\"author\":{\"name\":\"David Hern\u00e1ndez\",\"@id\":\"http:\\\/\\\/unaymilletras.com\\\/#\\\/schema\\\/person\\\/0c171c80bc49a58d7a8ed3394548370c\"},\"headline\":\"Mora lanza su disco: Lo Mismo de Siempre\",\"datePublished\":\"2025-05-20T09:19:15+00:00\",\"dateModified\":\"2025-05-24T22:50:05+00:00\",\"mainEntityOfPage\":{\"@id\":\"https:\\\/\\\/unaymilletras.com\\\/mora-lanza-su-disco-lo-mismo-de-siempre\\\/\"},\"wordCount\":446,\"publisher\":{\"@id\":\"http:\\\/\\\/unaymilletras.com\\\/#organization\"},\"image\":{\"@id\":\"https:\\\/\\\/unaymilletras.com\\\/mora-lanza-su-disco-lo-mismo-de-siempre\\\/#primaryimage\"},\"thumbnailUrl\":\"https:\\\/\\\/unaymilletras.com\\\/wp-content\\\/uploads\\\/2025\\\/05\\\/IMG_0652-e1747681759623.webp\",\"keywords\":[\"\u00e1lbum\",\"disco\",\"Mora\",\"musica\"],\"articleSection\":[\"M\u00fasica\"],\"inLanguage\":\"en-GB\"},{\"@type\":\"WebPage\",\"@id\":\"https:\\\/\\\/unaymilletras.com\\\/mora-lanza-su-disco-lo-mismo-de-siempre\\\/\",\"url\":\"https:\\\/\\\/unaymilletras.com\\\/mora-lanza-su-disco-lo-mismo-de-siempre\\\/\",\"name\":\"Mora lanza su disco: Lo Mismo de Siempre &#8902; Una y Mil Letras\",\"isPartOf\":{\"@id\":\"http:\\\/\\\/unaymilletras.com\\\/#website\"},\"primaryImageOfPage\":{\"@id\":\"https:\\\/\\\/unaymilletras.com\\\/mora-lanza-su-disco-lo-mismo-de-siempre\\\/#primaryimage\"},\"image\":{\"@id\":\"https:\\\/\\\/unaymilletras.com\\\/mora-lanza-su-disco-lo-mismo-de-siempre\\\/#primaryimage\"},\"thumbnailUrl\":\"https:\\\/\\\/unaymilletras.com\\\/wp-content\\\/uploads\\\/2025\\\/05\\\/IMG_0652-e1747681759623.webp\",\"datePublished\":\"2025-05-20T09:19:15+00:00\",\"dateModified\":\"2025-05-24T22:50:05+00:00\",\"description\":\"Mora sac\u00f3 por sorpresa su nuevo proyecto: Lo Mismo de Siempre en el que se incluyen 17 nuevas canciones con varias colaboraciones\u200b\",\"breadcrumb\":{\"@id\":\"https:\\\/\\\/unaymilletras.com\\\/mora-lanza-su-disco-lo-mismo-de-siempre\\\/#breadcrumb\"},\"inLanguage\":\"en-GB\",\"potentialAction\":[{\"@type\":\"ReadAction\",\"target\":[\"https:\\\/\\\/unaymilletras.com\\\/mora-lanza-su-disco-lo-mismo-de-siempre\\\/\"]}]},{\"@type\":\"ImageObject\",\"inLanguage\":\"en-GB\",\"@id\":\"https:\\\/\\\/unaymilletras.com\\\/mora-lanza-su-disco-lo-mismo-de-siempre\\\/#primaryimage\",\"url\":\"https:\\\/\\\/unaymilletras.com\\\/wp-content\\\/uploads\\\/2025\\\/05\\\/IMG_0652-e1747681759623.webp\",\"contentUrl\":\"https:\\\/\\\/unaymilletras.com\\\/wp-content\\\/uploads\\\/2025\\\/05\\\/IMG_0652-e1747681759623.webp\",\"width\":600,\"height\":597,\"caption\":\"Mora\"},{\"@type\":\"BreadcrumbList\",\"@id\":\"https:\\\/\\\/unaymilletras.com\\\/mora-lanza-su-disco-lo-mismo-de-siempre\\\/#breadcrumb\",\"itemListElement\":[{\"@type\":\"ListItem\",\"position\":1,\"name\":\"Home\",\"item\":\"http:\\\/\\\/unaymilletras.com\\\/\"},{\"@type\":\"ListItem\",\"position\":2,\"name\":\"Mora lanza su disco: Lo Mismo de Siempre\"}]},{\"@type\":\"WebSite\",\"@id\":\"http:\\\/\\\/unaymilletras.com\\\/#website\",\"url\":\"http:\\\/\\\/unaymilletras.com\\\/\",\"name\":\"Una y Mil Letras\",\"description\":\"\",\"publisher\":{\"@id\":\"http:\\\/\\\/unaymilletras.com\\\/#organization\"},\"potentialAction\":[{\"@type\":\"SearchAction\",\"target\":{\"@type\":\"EntryPoint\",\"urlTemplate\":\"http:\\\/\\\/unaymilletras.com\\\/?s={search_term_string}\"},\"query-input\":{\"@type\":\"PropertyValueSpecification\",\"valueRequired\":true,\"valueName\":\"search_term_string\"}}],\"inLanguage\":\"en-GB\"},{\"@type\":\"Organization\",\"@id\":\"http:\\\/\\\/unaymilletras.com\\\/#organization\",\"name\":\"Una y Mil Letras\",\"url\":\"http:\\\/\\\/unaymilletras.com\\\/\",\"logo\":{\"@type\":\"ImageObject\",\"inLanguage\":\"en-GB\",\"@id\":\"http:\\\/\\\/unaymilletras.com\\\/#\\\/schema\\\/logo\\\/image\\\/\",\"url\":\"https:\\\/\\\/unaymilletras.com\\\/wp-content\\\/uploads\\\/2024\\\/06\\\/cropped-Logo-removebg-preview.png\",\"contentUrl\":\"https:\\\/\\\/unaymilletras.com\\\/wp-content\\\/uploads\\\/2024\\\/06\\\/cropped-Logo-removebg-preview.png\",\"width\":512,\"height\":512,\"caption\":\"Una y Mil Letras\"},\"image\":{\"@id\":\"http:\\\/\\\/unaymilletras.com\\\/#\\\/schema\\\/logo\\\/image\\\/\"},\"sameAs\":[\"https:\\\/\\\/x.com\\\/UnaYMilLetras\",\"https:\\\/\\\/instagram.com\\\/UnaYMilLetras\"]},{\"@type\":\"Person\",\"@id\":\"http:\\\/\\\/unaymilletras.com\\\/#\\\/schema\\\/person\\\/0c171c80bc49a58d7a8ed3394548370c\",\"name\":\"David Hern\u00e1ndez\",\"image\":{\"@type\":\"ImageObject\",\"inLanguage\":\"en-GB\",\"@id\":\"https:\\\/\\\/secure.gravatar.com\\\/avatar\\\/86739d73874dcbc11e4278af33fb905704f5c29329727efb3b0e0bc838b0d469?s=96&d=mm&r=g\",\"url\":\"https:\\\/\\\/secure.gravatar.com\\\/avatar\\\/86739d73874dcbc11e4278af33fb905704f5c29329727efb3b0e0bc838b0d469?s=96&d=mm&r=g\",\"contentUrl\":\"https:\\\/\\\/secure.gravatar.com\\\/avatar\\\/86739d73874dcbc11e4278af33fb905704f5c29329727efb3b0e0bc838b0d469?s=96&d=mm&r=g\",\"caption\":\"David Hern\u00e1ndez\"},\"url\":\"https:\\\/\\\/unaymilletras.com\\\/en\\\/author\\\/davidesel\\\/\"}]}<\/script>\n<!-- \/ Yoast SEO plugin. -->","yoast_head_json":{"title":"Mora lanza su disco: Lo Mismo de Siempre &#8902; Una y Mil Letras","description":"Mora sac\u00f3 por sorpresa su nuevo proyecto: Lo Mismo de Siempre en el que se incluyen 17 nuevas canciones con varias colaboraciones\u200b","robots":{"index":"index","follow":"follow","max-snippet":"max-snippet:-1","max-image-preview":"max-image-preview:large","max-video-preview":"max-video-preview:-1"},"canonical":"https:\/\/unaymilletras.com\/en\/mora-lanza-su-disco-lo-mismo-de-siempre\/","og_locale":"en_GB","og_type":"article","og_title":"Mora lanza su disco: Lo Mismo de Siempre &#8902; Una y Mil Letras","og_description":"Mora sac\u00f3 por sorpresa su nuevo proyecto: Lo Mismo de Siempre en el que se incluyen 17 nuevas canciones con varias colaboraciones\u200b","og_url":"https:\/\/unaymilletras.com\/en\/mora-lanza-su-disco-lo-mismo-de-siempre\/","og_site_name":"Una y Mil Letras","article_published_time":"2025-05-20T09:19:15+00:00","article_modified_time":"2025-05-24T22:50:05+00:00","og_image":[{"width":600,"height":597,"url":"http:\/\/unaymilletras.com\/wp-content\/uploads\/2025\/05\/IMG_0652-e1747681759623.webp","type":"image\/webp"}],"author":"David Hern\u00e1ndez","twitter_card":"summary_large_image","twitter_creator":"@UnaYMilLetras","twitter_site":"@UnaYMilLetras","twitter_misc":{"Written by":"David Hern\u00e1ndez","Estimated reading time":"3 minutes"},"schema":{"@context":"https:\/\/schema.org","@graph":[{"@type":"Article","@id":"https:\/\/unaymilletras.com\/mora-lanza-su-disco-lo-mismo-de-siempre\/#article","isPartOf":{"@id":"https:\/\/unaymilletras.com\/mora-lanza-su-disco-lo-mismo-de-siempre\/"},"author":{"name":"David Hern\u00e1ndez","@id":"http:\/\/unaymilletras.com\/#\/schema\/person\/0c171c80bc49a58d7a8ed3394548370c"},"headline":"Mora lanza su disco: Lo Mismo de Siempre","datePublished":"2025-05-20T09:19:15+00:00","dateModified":"2025-05-24T22:50:05+00:00","mainEntityOfPage":{"@id":"https:\/\/unaymilletras.com\/mora-lanza-su-disco-lo-mismo-de-siempre\/"},"wordCount":446,"publisher":{"@id":"http:\/\/unaymilletras.com\/#organization"},"image":{"@id":"https:\/\/unaymilletras.com\/mora-lanza-su-disco-lo-mismo-de-siempre\/#primaryimage"},"thumbnailUrl":"https:\/\/unaymilletras.com\/wp-content\/uploads\/2025\/05\/IMG_0652-e1747681759623.webp","keywords":["\u00e1lbum","disco","Mora","musica"],"articleSection":["M\u00fasica"],"inLanguage":"en-GB"},{"@type":"WebPage","@id":"https:\/\/unaymilletras.com\/mora-lanza-su-disco-lo-mismo-de-siempre\/","url":"https:\/\/unaymilletras.com\/mora-lanza-su-disco-lo-mismo-de-siempre\/","name":"Mora lanza su disco: Lo Mismo de Siempre &#8902; Una y Mil Letras","isPartOf":{"@id":"http:\/\/unaymilletras.com\/#website"},"primaryImageOfPage":{"@id":"https:\/\/unaymilletras.com\/mora-lanza-su-disco-lo-mismo-de-siempre\/#primaryimage"},"image":{"@id":"https:\/\/unaymilletras.com\/mora-lanza-su-disco-lo-mismo-de-siempre\/#primaryimage"},"thumbnailUrl":"https:\/\/unaymilletras.com\/wp-content\/uploads\/2025\/05\/IMG_0652-e1747681759623.webp","datePublished":"2025-05-20T09:19:15+00:00","dateModified":"2025-05-24T22:50:05+00:00","description":"Mora sac\u00f3 por sorpresa su nuevo proyecto: Lo Mismo de Siempre en el que se incluyen 17 nuevas canciones con varias colaboraciones\u200b","breadcrumb":{"@id":"https:\/\/unaymilletras.com\/mora-lanza-su-disco-lo-mismo-de-siempre\/#breadcrumb"},"inLanguage":"en-GB","potentialAction":[{"@type":"ReadAction","target":["https:\/\/unaymilletras.com\/mora-lanza-su-disco-lo-mismo-de-siempre\/"]}]},{"@type":"ImageObject","inLanguage":"en-GB","@id":"https:\/\/unaymilletras.com\/mora-lanza-su-disco-lo-mismo-de-siempre\/#primaryimage","url":"https:\/\/unaymilletras.com\/wp-content\/uploads\/2025\/05\/IMG_0652-e1747681759623.webp","contentUrl":"https:\/\/unaymilletras.com\/wp-content\/uploads\/2025\/05\/IMG_0652-e1747681759623.webp","width":600,"height":597,"caption":"Mora"},{"@type":"BreadcrumbList","@id":"https:\/\/unaymilletras.com\/mora-lanza-su-disco-lo-mismo-de-siempre\/#breadcrumb","itemListElement":[{"@type":"ListItem","position":1,"name":"Home","item":"http:\/\/unaymilletras.com\/"},{"@type":"ListItem","position":2,"name":"Mora lanza su disco: Lo Mismo de Siempre"}]},{"@type":"WebSite","@id":"http:\/\/unaymilletras.com\/#website","url":"http:\/\/unaymilletras.com\/","name":"Una y Mil Letras","description":"","publisher":{"@id":"http:\/\/unaymilletras.com\/#organization"},"potentialAction":[{"@type":"SearchAction","target":{"@type":"EntryPoint","urlTemplate":"http:\/\/unaymilletras.com\/?s={search_term_string}"},"query-input":{"@type":"PropertyValueSpecification","valueRequired":true,"valueName":"search_term_string"}}],"inLanguage":"en-GB"},{"@type":"Organization","@id":"http:\/\/unaymilletras.com\/#organization","name":"Una y Mil Letras","url":"http:\/\/unaymilletras.com\/","logo":{"@type":"ImageObject","inLanguage":"en-GB","@id":"http:\/\/unaymilletras.com\/#\/schema\/logo\/image\/","url":"https:\/\/unaymilletras.com\/wp-content\/uploads\/2024\/06\/cropped-Logo-removebg-preview.png","contentUrl":"https:\/\/unaymilletras.com\/wp-content\/uploads\/2024\/06\/cropped-Logo-removebg-preview.png","width":512,"height":512,"caption":"Una y Mil Letras"},"image":{"@id":"http:\/\/unaymilletras.com\/#\/schema\/logo\/image\/"},"sameAs":["https:\/\/x.com\/UnaYMilLetras","https:\/\/instagram.com\/UnaYMilLetras"]},{"@type":"Person","@id":"http:\/\/unaymilletras.com\/#\/schema\/person\/0c171c80bc49a58d7a8ed3394548370c","name":"David Hern\u00e1ndez","image":{"@type":"ImageObject","inLanguage":"en-GB","@id":"https:\/\/secure.gravatar.com\/avatar\/86739d73874dcbc11e4278af33fb905704f5c29329727efb3b0e0bc838b0d469?s=96&d=mm&r=g","url":"https:\/\/secure.gravatar.com\/avatar\/86739d73874dcbc11e4278af33fb905704f5c29329727efb3b0e0bc838b0d469?s=96&d=mm&r=g","contentUrl":"https:\/\/secure.gravatar.com\/avatar\/86739d73874dcbc11e4278af33fb905704f5c29329727efb3b0e0bc838b0d469?s=96&d=mm&r=g","caption":"David Hern\u00e1ndez"},"url":"https:\/\/unaymilletras.com\/en\/author\/davidesel\/"}]}},"_links":{"self":[{"href":"https:\/\/unaymilletras.com\/en\/wp-json\/wp\/v2\/posts\/4734","targetHints":{"allow":["GET"]}}],"collection":[{"href":"https:\/\/unaymilletras.com\/en\/wp-json\/wp\/v2\/posts"}],"about":[{"href":"https:\/\/unaymilletras.com\/en\/wp-json\/wp\/v2\/types\/post"}],"author":[{"embeddable":true,"href":"https:\/\/unaymilletras.com\/en\/wp-json\/wp\/v2\/users\/10"}],"replies":[{"embeddable":true,"href":"https:\/\/unaymilletras.com\/en\/wp-json\/wp\/v2\/comments?post=4734"}],"version-history":[{"count":17,"href":"https:\/\/unaymilletras.com\/en\/wp-json\/wp\/v2\/posts\/4734\/revisions"}],"predecessor-version":[{"id":4757,"href":"https:\/\/unaymilletras.com\/en\/wp-json\/wp\/v2\/posts\/4734\/revisions\/4757"}],"wp:featuredmedia":[{"embeddable":true,"href":"https:\/\/unaymilletras.com\/en\/wp-json\/wp\/v2\/media\/4737"}],"wp:attachment":[{"href":"https:\/\/unaymilletras.com\/en\/wp-json\/wp\/v2\/media?parent=4734"}],"wp:term":[{"taxonomy":"category","embeddable":true,"href":"https:\/\/unaymilletras.com\/en\/wp-json\/wp\/v2\/categories?post=4734"},{"taxonomy":"post_tag","embeddable":true,"href":"https:\/\/unaymilletras.com\/en\/wp-json\/wp\/v2\/tags?post=4734"}],"curies":[{"name":"wp","href":"https:\/\/api.w.org\/{rel}","templated":true}]}}