{"id":474,"date":"2023-05-04T23:28:23","date_gmt":"2023-05-04T21:28:23","guid":{"rendered":"https:\/\/unaymilletras.wordpress.com\/?p=474"},"modified":"2023-05-05T12:13:41","modified_gmt":"2023-05-05T12:13:41","slug":"artistas-para-la-velada-del-ano-iii","status":"publish","type":"post","link":"https:\/\/unaymilletras.com\/en\/artistas-para-la-velada-del-ano-iii\/","title":{"rendered":"Artistas para La Velada del A\u00f1o III"},"content":{"rendered":"<div data-elementor-type=\"wp-post\" data-elementor-id=\"474\" class=\"elementor elementor-474\">\n\t\t\t\t\t\t<section class=\"elementor-section elementor-top-section elementor-element elementor-element-662fed3 elementor-section-boxed elementor-section-height-default elementor-section-height-default\" data-id=\"662fed3\" data-element_type=\"section\" data-e-type=\"section\">\n\t\t\t\t\t\t<div class=\"elementor-container elementor-column-gap-default\">\n\t\t\t\t\t<div class=\"elementor-column elementor-col-100 elementor-top-column elementor-element elementor-element-ed49f27\" data-id=\"ed49f27\" data-element_type=\"column\" data-e-type=\"column\">\n\t\t\t<div class=\"elementor-widget-wrap elementor-element-populated\">\n\t\t\t\t\t\t<div class=\"elementor-element elementor-element-f3a830c elementor-widget elementor-widget-text-editor\" data-id=\"f3a830c\" data-element_type=\"widget\" data-e-type=\"widget\" data-widget_type=\"text-editor.default\">\n\t\t\t\t<div class=\"elementor-widget-container\">\n\t\t\t\t\t\t\t\t\t<h2><em>Quevedo Rosario Flores, Mar\u00eda Becerra, Estopa, Feid y Ozuna ser\u00e1n los artistas que actuar\u00e1n en La Velada del A\u00f1o<\/em><\/h2>\t\t\t\t\t\t\t\t<\/div>\n\t\t\t\t<\/div>\n\t\t\t\t\t<\/div>\n\t\t<\/div>\n\t\t\t\t\t<\/div>\n\t\t<\/section>\n\t\t\t\t<section class=\"elementor-section elementor-top-section elementor-element elementor-element-49acd2a elementor-section-boxed elementor-section-height-default elementor-section-height-default\" data-id=\"49acd2a\" data-element_type=\"section\" data-e-type=\"section\">\n\t\t\t\t\t\t<div class=\"elementor-container elementor-column-gap-default\">\n\t\t\t\t\t<div class=\"elementor-column elementor-col-100 elementor-top-column elementor-element elementor-element-dacb3b7\" data-id=\"dacb3b7\" data-element_type=\"column\" data-e-type=\"column\">\n\t\t\t<div class=\"elementor-widget-wrap elementor-element-populated\">\n\t\t\t\t\t\t<div class=\"elementor-element elementor-element-5becdb6 elementor-widget elementor-widget-text-editor\" data-id=\"5becdb6\" data-element_type=\"widget\" data-e-type=\"widget\" data-widget_type=\"text-editor.default\">\n\t\t\t\t<div class=\"elementor-widget-container\">\n\t\t\t\t\t\t\t\t\t<p><strong>Ibai Llanos<\/strong>\u00a0ha conseguido reunir a algunos de los artistas m\u00e1s importantes del panorama actual. Hoy, ha hecho un directo acompa\u00f1ado de\u00a0<strong>Gerard Piqu\u00e9<\/strong>\u00a0en su canal de\u00a0<a href=\"https:\/\/www.twitch.tv\/ibai\">Twitch<\/a>\u00a0para anunciar cu\u00e1les ser\u00e1n los artistas que actuar\u00e1n en La Velada del A\u00f1o III y poner las\u00a0<em><a href=\"https:\/\/www.entradas.com\/artist\/la-velada-del-ano\/?affiliate=LVL\">entradas a la venta<\/a><\/em>.<\/p>\t\t\t\t\t\t\t\t<\/div>\n\t\t\t\t<\/div>\n\t\t\t\t\t<\/div>\n\t\t<\/div>\n\t\t\t\t\t<\/div>\n\t\t<\/section>\n\t\t\t\t<section class=\"elementor-section elementor-top-section elementor-element elementor-element-9ce9ad6 elementor-section-boxed elementor-section-height-default elementor-section-height-default\" data-id=\"9ce9ad6\" data-element_type=\"section\" data-e-type=\"section\">\n\t\t\t\t\t\t<div class=\"elementor-container elementor-column-gap-default\">\n\t\t\t\t\t<div class=\"elementor-column elementor-col-50 elementor-top-column elementor-element elementor-element-40d87f5\" data-id=\"40d87f5\" data-element_type=\"column\" data-e-type=\"column\">\n\t\t\t<div class=\"elementor-widget-wrap elementor-element-populated\">\n\t\t\t\t\t\t<div class=\"elementor-element elementor-element-26b4d31 elementor-widget elementor-widget-text-editor\" data-id=\"26b4d31\" data-element_type=\"widget\" data-e-type=\"widget\" data-widget_type=\"text-editor.default\">\n\t\t\t\t<div class=\"elementor-widget-container\">\n\t\t\t\t\t\t\t\t\t<p><strong>Quevedo<\/strong><br \/>Ha sido el primer artista confirmado para el gran evento. El canario inaugur\u00f3 el cartel de los artistas que estar\u00edan en La Velada del A\u00f1o III. Un artista que durante este a\u00f1o ha conseguido numerosos logros y ha tenido un crecimiento abismal.<\/p>\n<p>El artista que todas las canciones que saca acaban siendo un palo y que en la poca trayectoria que tiene ha logrado colaborar con los artistas m\u00e1s grandes.<\/p>\t\t\t\t\t\t\t\t<\/div>\n\t\t\t\t<\/div>\n\t\t\t\t\t<\/div>\n\t\t<\/div>\n\t\t\t\t<div class=\"elementor-column elementor-col-50 elementor-top-column elementor-element elementor-element-af8bf19\" data-id=\"af8bf19\" data-element_type=\"column\" data-e-type=\"column\">\n\t\t\t<div class=\"elementor-widget-wrap elementor-element-populated\">\n\t\t\t\t\t\t<div class=\"elementor-element elementor-element-9d5063b elementor-widget elementor-widget-image\" data-id=\"9d5063b\" data-element_type=\"widget\" data-e-type=\"widget\" data-widget_type=\"image.default\">\n\t\t\t\t<div class=\"elementor-widget-container\">\n\t\t\t\t\t\t\t\t\t\t\t\t\t\t\t<img fetchpriority=\"high\" decoding=\"async\" width=\"640\" height=\"823\" src=\"https:\/\/unaymilletras.com\/wp-content\/uploads\/2023\/05\/image-2-796x1024.png\" class=\"attachment-large size-large wp-image-481\" alt=\"Quevedo\" srcset=\"https:\/\/unaymilletras.com\/wp-content\/uploads\/2023\/05\/image-2-796x1024.png 796w, https:\/\/unaymilletras.com\/wp-content\/uploads\/2023\/05\/image-2-e1683286861340-233x300.png 233w, https:\/\/unaymilletras.com\/wp-content\/uploads\/2023\/05\/image-2-768x988.png 768w, https:\/\/unaymilletras.com\/wp-content\/uploads\/2023\/05\/image-2-1194x1536.png 1194w, https:\/\/unaymilletras.com\/wp-content\/uploads\/2023\/05\/image-2-1024x1317.png 1024w, https:\/\/unaymilletras.com\/wp-content\/uploads\/2023\/05\/image-2-e1683286861340.png 600w\" sizes=\"(max-width: 640px) 100vw, 640px\" \/>\t\t\t\t\t\t\t\t\t\t\t\t\t\t\t<\/div>\n\t\t\t\t<\/div>\n\t\t\t\t\t<\/div>\n\t\t<\/div>\n\t\t\t\t\t<\/div>\n\t\t<\/section>\n\t\t\t\t<section class=\"elementor-section elementor-top-section elementor-element elementor-element-9d21709 elementor-section-boxed elementor-section-height-default elementor-section-height-default\" data-id=\"9d21709\" data-element_type=\"section\" data-e-type=\"section\">\n\t\t\t\t\t\t<div class=\"elementor-container elementor-column-gap-default\">\n\t\t\t\t\t<div class=\"elementor-column elementor-col-100 elementor-top-column elementor-element elementor-element-6f4716b\" data-id=\"6f4716b\" data-element_type=\"column\" data-e-type=\"column\">\n\t\t\t<div class=\"elementor-widget-wrap elementor-element-populated\">\n\t\t\t\t\t\t<div class=\"elementor-element elementor-element-e190f20 elementor-widget elementor-widget-spacer\" data-id=\"e190f20\" data-element_type=\"widget\" data-e-type=\"widget\" data-widget_type=\"spacer.default\">\n\t\t\t\t<div class=\"elementor-widget-container\">\n\t\t\t\t\t\t\t<div class=\"elementor-spacer\">\n\t\t\t<div class=\"elementor-spacer-inner\"><\/div>\n\t\t<\/div>\n\t\t\t\t\t\t<\/div>\n\t\t\t\t<\/div>\n\t\t\t\t\t<\/div>\n\t\t<\/div>\n\t\t\t\t\t<\/div>\n\t\t<\/section>\n\t\t\t\t<section class=\"elementor-section elementor-top-section elementor-element elementor-element-80ed130 elementor-section-boxed elementor-section-height-default elementor-section-height-default\" data-id=\"80ed130\" data-element_type=\"section\" data-e-type=\"section\">\n\t\t\t\t\t\t<div class=\"elementor-container elementor-column-gap-default\">\n\t\t\t\t\t<div class=\"elementor-column elementor-col-50 elementor-top-column elementor-element elementor-element-560981f\" data-id=\"560981f\" data-element_type=\"column\" data-e-type=\"column\">\n\t\t\t<div class=\"elementor-widget-wrap elementor-element-populated\">\n\t\t\t\t\t\t<div class=\"elementor-element elementor-element-d1d7348 elementor-widget elementor-widget-image\" data-id=\"d1d7348\" data-element_type=\"widget\" data-e-type=\"widget\" data-widget_type=\"image.default\">\n\t\t\t\t<div class=\"elementor-widget-container\">\n\t\t\t\t\t\t\t\t\t\t\t\t\t\t\t<img decoding=\"async\" width=\"640\" height=\"823\" src=\"https:\/\/unaymilletras.com\/wp-content\/uploads\/2023\/05\/image-4-796x1024.png\" class=\"attachment-large size-large wp-image-484\" alt=\"Rosario\" srcset=\"https:\/\/unaymilletras.com\/wp-content\/uploads\/2023\/05\/image-4-796x1024.png 796w, https:\/\/unaymilletras.com\/wp-content\/uploads\/2023\/05\/image-4-e1683286947215-233x300.png 233w, https:\/\/unaymilletras.com\/wp-content\/uploads\/2023\/05\/image-4-768x987.png 768w, https:\/\/unaymilletras.com\/wp-content\/uploads\/2023\/05\/image-4-1195x1536.png 1195w, https:\/\/unaymilletras.com\/wp-content\/uploads\/2023\/05\/image-4-1593x2048.png 1593w, https:\/\/unaymilletras.com\/wp-content\/uploads\/2023\/05\/image-4-1024x1317.png 1024w, https:\/\/unaymilletras.com\/wp-content\/uploads\/2023\/05\/image-4-e1683286947215.png 600w\" sizes=\"(max-width: 640px) 100vw, 640px\" \/>\t\t\t\t\t\t\t\t\t\t\t\t\t\t\t<\/div>\n\t\t\t\t<\/div>\n\t\t\t\t\t<\/div>\n\t\t<\/div>\n\t\t\t\t<div class=\"elementor-column elementor-col-50 elementor-top-column elementor-element elementor-element-7cff0a8\" data-id=\"7cff0a8\" data-element_type=\"column\" data-e-type=\"column\">\n\t\t\t<div class=\"elementor-widget-wrap elementor-element-populated\">\n\t\t\t\t\t\t<div class=\"elementor-element elementor-element-21a1a0f elementor-widget elementor-widget-text-editor\" data-id=\"21a1a0f\" data-element_type=\"widget\" data-e-type=\"widget\" data-widget_type=\"text-editor.default\">\n\t\t\t\t<div class=\"elementor-widget-container\">\n\t\t\t\t\t\t\t\t\t<div class=\"wp-block-column is-vertically-aligned-center\"><strong>Rosario Flores<\/strong><br \/>Una de las artistas m\u00e1s ic\u00f3nicas e importantes de Espa\u00f1a. Con esta artista han querido recordar e incluir a la gente m\u00e1s mayor para que pueda disfrutar del evento tanto como los j\u00f3venes. La int\u00e9rprete de himnos como\u00a0<em>No dudar\u00eda<\/em>,\u00a0<em>Sabor, sabor<\/em>, o\u00a0<em>\u00a1Qu\u00e9 bonito!<\/em>. Adem\u00e1s de cantante tambi\u00e9n es actriz y compositora y ha obtenido numerosos premios, como un Grammy Latino al mejor \u00e1lbum pop femenino.<\/div>\t\t\t\t\t\t\t\t<\/div>\n\t\t\t\t<\/div>\n\t\t\t\t\t<\/div>\n\t\t<\/div>\n\t\t\t\t\t<\/div>\n\t\t<\/section>\n\t\t\t\t<section class=\"elementor-section elementor-top-section elementor-element elementor-element-9f95e0e elementor-section-boxed elementor-section-height-default elementor-section-height-default\" data-id=\"9f95e0e\" data-element_type=\"section\" data-e-type=\"section\">\n\t\t\t\t\t\t<div class=\"elementor-container elementor-column-gap-default\">\n\t\t\t\t\t<div class=\"elementor-column elementor-col-100 elementor-top-column elementor-element elementor-element-9662f40\" data-id=\"9662f40\" data-element_type=\"column\" data-e-type=\"column\">\n\t\t\t<div class=\"elementor-widget-wrap elementor-element-populated\">\n\t\t\t\t\t\t<div class=\"elementor-element elementor-element-00481a0 elementor-widget elementor-widget-spacer\" data-id=\"00481a0\" data-element_type=\"widget\" data-e-type=\"widget\" data-widget_type=\"spacer.default\">\n\t\t\t\t<div class=\"elementor-widget-container\">\n\t\t\t\t\t\t\t<div class=\"elementor-spacer\">\n\t\t\t<div class=\"elementor-spacer-inner\"><\/div>\n\t\t<\/div>\n\t\t\t\t\t\t<\/div>\n\t\t\t\t<\/div>\n\t\t\t\t\t<\/div>\n\t\t<\/div>\n\t\t\t\t\t<\/div>\n\t\t<\/section>\n\t\t\t\t<section class=\"elementor-section elementor-top-section elementor-element elementor-element-f7fcc39 elementor-section-boxed elementor-section-height-default elementor-section-height-default\" data-id=\"f7fcc39\" data-element_type=\"section\" data-e-type=\"section\">\n\t\t\t\t\t\t<div class=\"elementor-container elementor-column-gap-default\">\n\t\t\t\t\t<div class=\"elementor-column elementor-col-50 elementor-top-column elementor-element elementor-element-75637b8\" data-id=\"75637b8\" data-element_type=\"column\" data-e-type=\"column\">\n\t\t\t<div class=\"elementor-widget-wrap elementor-element-populated\">\n\t\t\t\t\t\t<div class=\"elementor-element elementor-element-ad91a44 elementor-widget elementor-widget-text-editor\" data-id=\"ad91a44\" data-element_type=\"widget\" data-e-type=\"widget\" data-widget_type=\"text-editor.default\">\n\t\t\t\t<div class=\"elementor-widget-container\">\n\t\t\t\t\t\t\t\t\t<p><strong>Mar\u00eda Becerra<br><\/strong>La <a href=\"http:\/\/unaymilletras.com\/en\/la-nena-de-argentina-llega-a-mexico\/\">artista argentina<\/a> que ha conquistado el panorama musical en el \u00faltimo a\u00f1o. Artista que ha hecho canciones que se han convertido en \u00e9xitos mundiales como&nbsp;<em>Autom\u00e1tico&nbsp;<\/em>o&nbsp;<em>High<\/em>&nbsp;estar\u00e1 actuando en el evento del a\u00f1o.<\/p>\n<p>Ya visit\u00f3 Espa\u00f1a el a\u00f1o pasado actuando en varios festivales y recorri\u00f3 varias ciudades con su&nbsp;<em>Animal Tour<\/em>. Una artista que est\u00e1 en pleno crecimiento y que cuenta con una gran puesta en escena.<\/p>\t\t\t\t\t\t\t\t<\/div>\n\t\t\t\t<\/div>\n\t\t\t\t\t<\/div>\n\t\t<\/div>\n\t\t\t\t<div class=\"elementor-column elementor-col-50 elementor-top-column elementor-element elementor-element-2a87d54\" data-id=\"2a87d54\" data-element_type=\"column\" data-e-type=\"column\">\n\t\t\t<div class=\"elementor-widget-wrap elementor-element-populated\">\n\t\t\t\t\t\t<div class=\"elementor-element elementor-element-f77a745 elementor-widget elementor-widget-image\" data-id=\"f77a745\" data-element_type=\"widget\" data-e-type=\"widget\" data-widget_type=\"image.default\">\n\t\t\t\t<div class=\"elementor-widget-container\">\n\t\t\t\t\t\t\t\t\t\t\t\t\t\t\t<img decoding=\"async\" width=\"640\" height=\"823\" src=\"https:\/\/unaymilletras.com\/wp-content\/uploads\/2023\/05\/image-5-796x1024.png\" class=\"attachment-large size-large wp-image-487\" alt=\"Mar\u00eda Becerra\" srcset=\"https:\/\/unaymilletras.com\/wp-content\/uploads\/2023\/05\/image-5-796x1024.png 796w, https:\/\/unaymilletras.com\/wp-content\/uploads\/2023\/05\/image-5-e1683288035810-233x300.png 233w, https:\/\/unaymilletras.com\/wp-content\/uploads\/2023\/05\/image-5-768x988.png 768w, https:\/\/unaymilletras.com\/wp-content\/uploads\/2023\/05\/image-5-1194x1536.png 1194w, https:\/\/unaymilletras.com\/wp-content\/uploads\/2023\/05\/image-5-1024x1317.png 1024w, https:\/\/unaymilletras.com\/wp-content\/uploads\/2023\/05\/image-5-e1683288035810.png 600w\" sizes=\"(max-width: 640px) 100vw, 640px\" \/>\t\t\t\t\t\t\t\t\t\t\t\t\t\t\t<\/div>\n\t\t\t\t<\/div>\n\t\t\t\t\t<\/div>\n\t\t<\/div>\n\t\t\t\t\t<\/div>\n\t\t<\/section>\n\t\t\t\t<section class=\"elementor-section elementor-top-section elementor-element elementor-element-9d84afb elementor-section-boxed elementor-section-height-default elementor-section-height-default\" data-id=\"9d84afb\" data-element_type=\"section\" data-e-type=\"section\">\n\t\t\t\t\t\t<div class=\"elementor-container elementor-column-gap-default\">\n\t\t\t\t\t<div class=\"elementor-column elementor-col-100 elementor-top-column elementor-element elementor-element-4f64f68\" data-id=\"4f64f68\" data-element_type=\"column\" data-e-type=\"column\">\n\t\t\t<div class=\"elementor-widget-wrap elementor-element-populated\">\n\t\t\t\t\t\t<div class=\"elementor-element elementor-element-7425208 elementor-widget elementor-widget-spacer\" data-id=\"7425208\" data-element_type=\"widget\" data-e-type=\"widget\" data-widget_type=\"spacer.default\">\n\t\t\t\t<div class=\"elementor-widget-container\">\n\t\t\t\t\t\t\t<div class=\"elementor-spacer\">\n\t\t\t<div class=\"elementor-spacer-inner\"><\/div>\n\t\t<\/div>\n\t\t\t\t\t\t<\/div>\n\t\t\t\t<\/div>\n\t\t\t\t\t<\/div>\n\t\t<\/div>\n\t\t\t\t\t<\/div>\n\t\t<\/section>\n\t\t\t\t<section class=\"elementor-section elementor-top-section elementor-element elementor-element-1942309 elementor-section-boxed elementor-section-height-default elementor-section-height-default\" data-id=\"1942309\" data-element_type=\"section\" data-e-type=\"section\">\n\t\t\t\t\t\t<div class=\"elementor-container elementor-column-gap-default\">\n\t\t\t\t\t<div class=\"elementor-column elementor-col-50 elementor-top-column elementor-element elementor-element-da1a5af\" data-id=\"da1a5af\" data-element_type=\"column\" data-e-type=\"column\">\n\t\t\t<div class=\"elementor-widget-wrap elementor-element-populated\">\n\t\t\t\t\t\t<div class=\"elementor-element elementor-element-d5b3c27 elementor-widget elementor-widget-image\" data-id=\"d5b3c27\" data-element_type=\"widget\" data-e-type=\"widget\" data-widget_type=\"image.default\">\n\t\t\t\t<div class=\"elementor-widget-container\">\n\t\t\t\t\t\t\t\t\t\t\t\t\t\t\t<img loading=\"lazy\" decoding=\"async\" width=\"640\" height=\"823\" src=\"https:\/\/unaymilletras.com\/wp-content\/uploads\/2023\/05\/image-6-796x1024.png\" class=\"attachment-large size-large wp-image-489\" alt=\"Estopa\" srcset=\"https:\/\/unaymilletras.com\/wp-content\/uploads\/2023\/05\/image-6-796x1024.png 796w, https:\/\/unaymilletras.com\/wp-content\/uploads\/2023\/05\/image-6-e1683287978692-233x300.png 233w, https:\/\/unaymilletras.com\/wp-content\/uploads\/2023\/05\/image-6-768x988.png 768w, https:\/\/unaymilletras.com\/wp-content\/uploads\/2023\/05\/image-6-1194x1536.png 1194w, https:\/\/unaymilletras.com\/wp-content\/uploads\/2023\/05\/image-6-1024x1317.png 1024w, https:\/\/unaymilletras.com\/wp-content\/uploads\/2023\/05\/image-6-e1683287978692.png 600w\" sizes=\"(max-width: 640px) 100vw, 640px\" \/>\t\t\t\t\t\t\t\t\t\t\t\t\t\t\t<\/div>\n\t\t\t\t<\/div>\n\t\t\t\t\t<\/div>\n\t\t<\/div>\n\t\t\t\t<div class=\"elementor-column elementor-col-50 elementor-top-column elementor-element elementor-element-0d3fa3a\" data-id=\"0d3fa3a\" data-element_type=\"column\" data-e-type=\"column\">\n\t\t\t<div class=\"elementor-widget-wrap elementor-element-populated\">\n\t\t\t\t\t\t<div class=\"elementor-element elementor-element-d28cf56 elementor-widget elementor-widget-text-editor\" data-id=\"d28cf56\" data-element_type=\"widget\" data-e-type=\"widget\" data-widget_type=\"text-editor.default\">\n\t\t\t\t<div class=\"elementor-widget-container\">\n\t\t\t\t\t\t\t\t\t<p><strong>Estopa<\/strong><\/p>\n<div class=\"wp-block-column is-vertically-aligned-center\">Un d\u00fao que, al igual que Rosario, est\u00e1n m\u00e1s enfocados para un p\u00fablico m\u00e1s adulto. Dos artistas que han marcado a varias generaciones y son un referente espa\u00f1ol. Han sido los \u00fanicos que han estado presentes en el directo de forma presencial y han charlado un rato con los presentadores.<\/div>\t\t\t\t\t\t\t\t<\/div>\n\t\t\t\t<\/div>\n\t\t\t\t\t<\/div>\n\t\t<\/div>\n\t\t\t\t\t<\/div>\n\t\t<\/section>\n\t\t\t\t<section class=\"elementor-section elementor-top-section elementor-element elementor-element-1e79ec7 elementor-section-boxed elementor-section-height-default elementor-section-height-default\" data-id=\"1e79ec7\" data-element_type=\"section\" data-e-type=\"section\">\n\t\t\t\t\t\t<div class=\"elementor-container elementor-column-gap-default\">\n\t\t\t\t\t<div class=\"elementor-column elementor-col-100 elementor-top-column elementor-element elementor-element-cd96a54\" data-id=\"cd96a54\" data-element_type=\"column\" data-e-type=\"column\">\n\t\t\t<div class=\"elementor-widget-wrap elementor-element-populated\">\n\t\t\t\t\t\t<div class=\"elementor-element elementor-element-ac33be3 elementor-widget elementor-widget-spacer\" data-id=\"ac33be3\" data-element_type=\"widget\" data-e-type=\"widget\" data-widget_type=\"spacer.default\">\n\t\t\t\t<div class=\"elementor-widget-container\">\n\t\t\t\t\t\t\t<div class=\"elementor-spacer\">\n\t\t\t<div class=\"elementor-spacer-inner\"><\/div>\n\t\t<\/div>\n\t\t\t\t\t\t<\/div>\n\t\t\t\t<\/div>\n\t\t\t\t\t<\/div>\n\t\t<\/div>\n\t\t\t\t\t<\/div>\n\t\t<\/section>\n\t\t\t\t<section class=\"elementor-section elementor-top-section elementor-element elementor-element-07b38af elementor-section-boxed elementor-section-height-default elementor-section-height-default\" data-id=\"07b38af\" data-element_type=\"section\" data-e-type=\"section\">\n\t\t\t\t\t\t<div class=\"elementor-container elementor-column-gap-default\">\n\t\t\t\t\t<div class=\"elementor-column elementor-col-50 elementor-top-column elementor-element elementor-element-95dd331\" data-id=\"95dd331\" data-element_type=\"column\" data-e-type=\"column\">\n\t\t\t<div class=\"elementor-widget-wrap elementor-element-populated\">\n\t\t\t\t\t\t<div class=\"elementor-element elementor-element-632def3 elementor-widget elementor-widget-text-editor\" data-id=\"632def3\" data-element_type=\"widget\" data-e-type=\"widget\" data-widget_type=\"text-editor.default\">\n\t\t\t\t<div class=\"elementor-widget-container\">\n\t\t\t\t\t\t\t\t\t<p><strong>Feid<\/strong><br>El artista del momento que logr\u00f3 hacer&nbsp;<em>sold out<\/em>&nbsp;en todos sus conciertos de Espa\u00f1a el mismo d\u00eda de la salida de las entradas estar\u00e1 presente en La Velada del A\u00f1o III. El autor de \u00e9xitos como&nbsp;<em>Normal<\/em>,&nbsp;<em>Si te la encuentras por ah\u00ed<\/em>&nbsp;o&nbsp;<em>Classy 101<\/em>.<\/p>\n<p>Se trata de un cantante que est\u00e1 en pleno auge y todo lo que toca lo convierte en oro y que est\u00e1 en boca de todos.<\/p>\t\t\t\t\t\t\t\t<\/div>\n\t\t\t\t<\/div>\n\t\t\t\t\t<\/div>\n\t\t<\/div>\n\t\t\t\t<div class=\"elementor-column elementor-col-50 elementor-top-column elementor-element elementor-element-e96266f\" data-id=\"e96266f\" data-element_type=\"column\" data-e-type=\"column\">\n\t\t\t<div class=\"elementor-widget-wrap elementor-element-populated\">\n\t\t\t\t\t\t<div class=\"elementor-element elementor-element-a504854 elementor-widget elementor-widget-image\" data-id=\"a504854\" data-element_type=\"widget\" data-e-type=\"widget\" data-widget_type=\"image.default\">\n\t\t\t\t<div class=\"elementor-widget-container\">\n\t\t\t\t\t\t\t\t\t\t\t\t\t\t\t<img loading=\"lazy\" decoding=\"async\" width=\"640\" height=\"823\" src=\"https:\/\/unaymilletras.com\/wp-content\/uploads\/2023\/05\/image-7-796x1024.png\" class=\"attachment-large size-large wp-image-492\" alt=\"Feid\" srcset=\"https:\/\/unaymilletras.com\/wp-content\/uploads\/2023\/05\/image-7-796x1024.png 796w, https:\/\/unaymilletras.com\/wp-content\/uploads\/2023\/05\/image-7-e1683287950277-233x300.png 233w, https:\/\/unaymilletras.com\/wp-content\/uploads\/2023\/05\/image-7-768x988.png 768w, https:\/\/unaymilletras.com\/wp-content\/uploads\/2023\/05\/image-7-1194x1536.png 1194w, https:\/\/unaymilletras.com\/wp-content\/uploads\/2023\/05\/image-7-1024x1317.png 1024w, https:\/\/unaymilletras.com\/wp-content\/uploads\/2023\/05\/image-7-e1683287950277.png 600w\" sizes=\"(max-width: 640px) 100vw, 640px\" \/>\t\t\t\t\t\t\t\t\t\t\t\t\t\t\t<\/div>\n\t\t\t\t<\/div>\n\t\t\t\t\t<\/div>\n\t\t<\/div>\n\t\t\t\t\t<\/div>\n\t\t<\/section>\n\t\t\t\t<section class=\"elementor-section elementor-top-section elementor-element elementor-element-fb261ed elementor-section-boxed elementor-section-height-default elementor-section-height-default\" data-id=\"fb261ed\" data-element_type=\"section\" data-e-type=\"section\">\n\t\t\t\t\t\t<div class=\"elementor-container elementor-column-gap-default\">\n\t\t\t\t\t<div class=\"elementor-column elementor-col-100 elementor-top-column elementor-element elementor-element-86f49db\" data-id=\"86f49db\" data-element_type=\"column\" data-e-type=\"column\">\n\t\t\t<div class=\"elementor-widget-wrap elementor-element-populated\">\n\t\t\t\t\t\t<div class=\"elementor-element elementor-element-1a7174c elementor-widget elementor-widget-spacer\" data-id=\"1a7174c\" data-element_type=\"widget\" data-e-type=\"widget\" data-widget_type=\"spacer.default\">\n\t\t\t\t<div class=\"elementor-widget-container\">\n\t\t\t\t\t\t\t<div class=\"elementor-spacer\">\n\t\t\t<div class=\"elementor-spacer-inner\"><\/div>\n\t\t<\/div>\n\t\t\t\t\t\t<\/div>\n\t\t\t\t<\/div>\n\t\t\t\t\t<\/div>\n\t\t<\/div>\n\t\t\t\t\t<\/div>\n\t\t<\/section>\n\t\t\t\t<section class=\"elementor-section elementor-top-section elementor-element elementor-element-8d8b24b elementor-section-boxed elementor-section-height-default elementor-section-height-default\" data-id=\"8d8b24b\" data-element_type=\"section\" data-e-type=\"section\">\n\t\t\t\t\t\t<div class=\"elementor-container elementor-column-gap-default\">\n\t\t\t\t\t<div class=\"elementor-column elementor-col-50 elementor-top-column elementor-element elementor-element-d9c1e75\" data-id=\"d9c1e75\" data-element_type=\"column\" data-e-type=\"column\">\n\t\t\t<div class=\"elementor-widget-wrap elementor-element-populated\">\n\t\t\t\t\t\t<div class=\"elementor-element elementor-element-bfd82b7 elementor-widget elementor-widget-image\" data-id=\"bfd82b7\" data-element_type=\"widget\" data-e-type=\"widget\" data-widget_type=\"image.default\">\n\t\t\t\t<div class=\"elementor-widget-container\">\n\t\t\t\t\t\t\t\t\t\t\t\t\t\t\t<img loading=\"lazy\" decoding=\"async\" width=\"529\" height=\"680\" src=\"https:\/\/unaymilletras.com\/wp-content\/uploads\/2023\/05\/image-8.png\" class=\"attachment-large size-large wp-image-494\" alt=\"Ozuna\" srcset=\"https:\/\/unaymilletras.com\/wp-content\/uploads\/2023\/05\/image-8.png 529w, https:\/\/unaymilletras.com\/wp-content\/uploads\/2023\/05\/image-8-233x300.png 233w\" sizes=\"(max-width: 529px) 100vw, 529px\" \/>\t\t\t\t\t\t\t\t\t\t\t\t\t\t\t<\/div>\n\t\t\t\t<\/div>\n\t\t\t\t\t<\/div>\n\t\t<\/div>\n\t\t\t\t<div class=\"elementor-column elementor-col-50 elementor-top-column elementor-element elementor-element-0f55b4f\" data-id=\"0f55b4f\" data-element_type=\"column\" data-e-type=\"column\">\n\t\t\t<div class=\"elementor-widget-wrap elementor-element-populated\">\n\t\t\t\t\t\t<div class=\"elementor-element elementor-element-2f03c0b elementor-widget elementor-widget-text-editor\" data-id=\"2f03c0b\" data-element_type=\"widget\" data-e-type=\"widget\" data-widget_type=\"text-editor.default\">\n\t\t\t\t<div class=\"elementor-widget-container\">\n\t\t\t\t\t\t\t\t\t<p><strong>Ozuna<\/strong><\/p>\n<div class=\"wp-block-column is-vertically-aligned-center\">El puertorrique\u00f1o ha anunciado su actuaci\u00f3n el mismo tras conectar con \u00e9l en directo en el\u00a0<em>stream<\/em>. En cuanto su voz ha sonado a trav\u00e9s de la v\u00eda telef\u00f3nica los fans han reconocido de qui\u00e9n se trataba.Un referente dentro del mundo reguet\u00f3n que ha logrado colocar numerosas canciones en el top 1 global y ha colaborado con los artistas m\u00e1s grandes.<\/div>\t\t\t\t\t\t\t\t<\/div>\n\t\t\t\t<\/div>\n\t\t\t\t\t<\/div>\n\t\t<\/div>\n\t\t\t\t\t<\/div>\n\t\t<\/section>\n\t\t\t\t<section class=\"elementor-section elementor-top-section elementor-element elementor-element-0f3fd33 elementor-section-boxed elementor-section-height-default elementor-section-height-default\" data-id=\"0f3fd33\" data-element_type=\"section\" data-e-type=\"section\">\n\t\t\t\t\t\t<div class=\"elementor-container elementor-column-gap-default\">\n\t\t\t\t\t<div class=\"elementor-column elementor-col-100 elementor-top-column elementor-element elementor-element-3e956f7\" data-id=\"3e956f7\" data-element_type=\"column\" data-e-type=\"column\">\n\t\t\t<div class=\"elementor-widget-wrap elementor-element-populated\">\n\t\t\t\t\t\t<div class=\"elementor-element elementor-element-12a79fa elementor-widget elementor-widget-text-editor\" data-id=\"12a79fa\" data-element_type=\"widget\" data-e-type=\"widget\" data-widget_type=\"text-editor.default\">\n\t\t\t\t<div class=\"elementor-widget-container\">\n\t\t\t\t\t\t\t\t\t<p>A las 21:00 ten\u00eda previsto empezar el directo en el que se anunciar\u00eda una de las mayores inc\u00f3gnitas sobre el que ya se ha proclamado como Evento del A\u00f1o. M\u00e1s de 20.000 seguidores estaban esperando al\u00a0<em>streamer<\/em>\u00a0deseosos de conocer la noticia que ten\u00eda que dar. A las 21:45 se anunci\u00f3 la p\u00e1gina oficial en el que se podr\u00edan comprar las entradas tan solo 15 min despu\u00e9s e instant\u00e1neamente se cay\u00f3 debido a la gran afluencia de usuarios que intentaron entrar, lo que hizo que la venta se retrasase 30 minutos y tuviesen que habilitar una nueva web.<\/p>\t\t\t\t\t\t\t\t<\/div>\n\t\t\t\t<\/div>\n\t\t\t\t\t<\/div>\n\t\t<\/div>\n\t\t\t\t\t<\/div>\n\t\t<\/section>\n\t\t\t\t<section class=\"elementor-section elementor-top-section elementor-element elementor-element-5d8313b elementor-section-boxed elementor-section-height-default elementor-section-height-default\" data-id=\"5d8313b\" data-element_type=\"section\" data-e-type=\"section\">\n\t\t\t\t\t\t<div class=\"elementor-container elementor-column-gap-default\">\n\t\t\t\t\t<div class=\"elementor-column elementor-col-100 elementor-top-column elementor-element elementor-element-f768b80\" data-id=\"f768b80\" data-element_type=\"column\" data-e-type=\"column\">\n\t\t\t<div class=\"elementor-widget-wrap elementor-element-populated\">\n\t\t\t\t\t\t<div class=\"elementor-element elementor-element-2716e82 elementor-widget elementor-widget-image\" data-id=\"2716e82\" data-element_type=\"widget\" data-e-type=\"widget\" data-widget_type=\"image.default\">\n\t\t\t\t<div class=\"elementor-widget-container\">\n\t\t\t\t\t\t\t\t\t\t\t\t\t\t\t<img loading=\"lazy\" decoding=\"async\" width=\"555\" height=\"140\" src=\"https:\/\/unaymilletras.com\/wp-content\/uploads\/2023\/05\/image-1-1.png\" class=\"attachment-large size-large wp-image-519\" alt=\"\" srcset=\"https:\/\/unaymilletras.com\/wp-content\/uploads\/2023\/05\/image-1-1.png 555w, https:\/\/unaymilletras.com\/wp-content\/uploads\/2023\/05\/image-1-1-300x76.png 300w\" sizes=\"(max-width: 555px) 100vw, 555px\" \/>\t\t\t\t\t\t\t\t\t\t\t\t\t\t\t<\/div>\n\t\t\t\t<\/div>\n\t\t\t\t\t<\/div>\n\t\t<\/div>\n\t\t\t\t\t<\/div>\n\t\t<\/section>\n\t\t\t\t<section class=\"elementor-section elementor-top-section elementor-element elementor-element-f190ea1 elementor-section-boxed elementor-section-height-default elementor-section-height-default\" data-id=\"f190ea1\" data-element_type=\"section\" data-e-type=\"section\">\n\t\t\t\t\t\t<div class=\"elementor-container elementor-column-gap-default\">\n\t\t\t\t\t<div class=\"elementor-column elementor-col-100 elementor-top-column elementor-element elementor-element-d59cd62\" data-id=\"d59cd62\" data-element_type=\"column\" data-e-type=\"column\">\n\t\t\t<div class=\"elementor-widget-wrap elementor-element-populated\">\n\t\t\t\t\t\t<div class=\"elementor-element elementor-element-07cbdca elementor-widget elementor-widget-text-editor\" data-id=\"07cbdca\" data-element_type=\"widget\" data-e-type=\"widget\" data-widget_type=\"text-editor.default\">\n\t\t\t\t<div class=\"elementor-widget-container\">\n\t\t\t\t\t\t\t\t\t<p>Despu\u00e9s de un rato de evento Ibai y Piqu\u00e9 han invitado a dos personas para que se sienten junto a ellos, anunciando as\u00ed el cuarto d\u00fao del evento. Estopa han aparecido enmascarados para anunciar su actuaci\u00f3n en La Velada del A\u00f1o. A las 22:30 las entradas salieron a la venta y hab\u00eda m\u00e1s de 100.000 personas en la cola. Una hora despu\u00e9s ya se hab\u00eda hecho casi sold out. A\u00fan quedan dos artistas m\u00e1s que se anunciar\u00e1n pr\u00f3ximamente debido a la privacidad de los artistas.<\/p>\n<p>Un evento que durar\u00e1 unas siete horas aproximadamente y al que acudir\u00e1n algunas de las caras m\u00e1s conocidas de todos los \u00e1rbitros.\u00a0<strong>IlloJuan<\/strong>,\u00a0<strong>Sergio Reguil\u00f3n<\/strong>\u00a0y\u00a0<strong>Mario Casas<\/strong>\u00a0son solo algunos de los nombres que estar\u00e1n presentes. En el evento se escuchar\u00e1n algunas de las canciones m\u00e1s m\u00edticas.<\/p>\n<p>Si no has conseguido tu entrada, pr\u00f3ximamente saldr\u00e1n m\u00e1s a la venta.<\/p>\t\t\t\t\t\t\t\t<\/div>\n\t\t\t\t<\/div>\n\t\t\t\t\t<\/div>\n\t\t<\/div>\n\t\t\t\t\t<\/div>\n\t\t<\/section>\n\t\t\t\t<section class=\"elementor-section elementor-top-section elementor-element elementor-element-34795a7 elementor-section-boxed elementor-section-height-default elementor-section-height-default\" data-id=\"34795a7\" data-element_type=\"section\" data-e-type=\"section\">\n\t\t\t\t\t\t<div class=\"elementor-container elementor-column-gap-default\">\n\t\t\t\t\t<div class=\"elementor-column elementor-col-50 elementor-top-column elementor-element elementor-element-6dcf46a\" data-id=\"6dcf46a\" data-element_type=\"column\" data-e-type=\"column\">\n\t\t\t<div class=\"elementor-widget-wrap elementor-element-populated\">\n\t\t\t\t\t\t<div class=\"elementor-element elementor-element-18efcf8 elementor-widget elementor-widget-text-editor\" data-id=\"18efcf8\" data-element_type=\"widget\" data-e-type=\"widget\" data-widget_type=\"text-editor.default\">\n\t\t\t\t<div class=\"elementor-widget-container\">\n\t\t\t\t\t\t\t\t\t<p><em>\ud83e\udd4a Compra tu entrada de la Velada con Revolut y consigue 20\u20ac \ud83d\udc47\ud83c\udffb\u00a0<a href=\"https:\/\/www.revolut.com\/es-ES\/promo\/velada-de-ibai\/\" target=\"_blank\" rel=\"noreferrer noopener\">https:\/\/www.revolut.com\/es-ES\/promo\/velada-de-ibai\/<\/a>\u00a0Solo para nuevos clientes GB\/EU. Aplican t\u00e9rminos y condiciones.<\/em><\/p>\t\t\t\t\t\t\t\t<\/div>\n\t\t\t\t<\/div>\n\t\t\t\t\t<\/div>\n\t\t<\/div>\n\t\t\t\t<div class=\"elementor-column elementor-col-50 elementor-top-column elementor-element elementor-element-1ba1ab9\" data-id=\"1ba1ab9\" data-element_type=\"column\" data-e-type=\"column\">\n\t\t\t<div class=\"elementor-widget-wrap elementor-element-populated\">\n\t\t\t\t\t\t<div class=\"elementor-element elementor-element-b37112a elementor-widget elementor-widget-text-editor\" data-id=\"b37112a\" data-element_type=\"widget\" data-e-type=\"widget\" data-widget_type=\"text-editor.default\">\n\t\t\t\t<div class=\"elementor-widget-container\">\n\t\t\t\t\t\t\t\t\t<p>\ud83d\udea8 \u00a1\u00a1\u00a1DESCUENTAZO!!! \ud83d\udea8 40% para viajar en Alsa \ud83d\ude8c a La Velada. Compra tus billetes aqu\u00ed \ud83d\udc49\u00a0<a href=\"https:\/\/bit.ly\/3AN4kut\" target=\"_blank\" rel=\"noreferrer noopener\">https:\/\/bit.ly\/3AN4kut<\/a><\/p>\t\t\t\t\t\t\t\t<\/div>\n\t\t\t\t<\/div>\n\t\t\t\t\t<\/div>\n\t\t<\/div>\n\t\t\t\t\t<\/div>\n\t\t<\/section>\n\t\t\t\t<\/div>","protected":false},"excerpt":{"rendered":"<p>Quevedo Rosario Flores, Mar\u00eda Becerra, Estopa, Feid y Ozuna ser\u00e1n los artistas que actuar\u00e1n en La Velada del A\u00f1o Ibai Llanos\u00a0ha conseguido reunir a algunos de los artistas m\u00e1s importantes del panorama actual. Hoy, ha hecho un directo acompa\u00f1ado de\u00a0Gerard Piqu\u00e9\u00a0en su canal de\u00a0Twitch\u00a0para anunciar cu\u00e1les ser\u00e1n los artistas que actuar\u00e1n en La Velada del [&hellip;]<\/p>\n","protected":false},"author":1,"featured_media":498,"comment_status":"open","ping_status":"open","sticky":false,"template":"","format":"standard","meta":{"footnotes":""},"categories":[4,7],"tags":[],"class_list":["post-474","post","type-post","status-publish","format-standard","has-post-thumbnail","hentry","category-musica","category-streamers"],"yoast_head":"<!-- This site is optimized with the Yoast SEO plugin v27.4 - https:\/\/yoast.com\/product\/yoast-seo-wordpress\/ -->\n<title>Artistas para La Velada del A\u00f1o III &#8902; Una y Mil Letras<\/title>\n<meta name=\"robots\" content=\"index, follow, max-snippet:-1, max-image-preview:large, max-video-preview:-1\" \/>\n<link rel=\"canonical\" href=\"https:\/\/unaymilletras.com\/en\/artistas-para-la-velada-del-ano-iii\/\" \/>\n<meta property=\"og:locale\" content=\"en_GB\" \/>\n<meta property=\"og:type\" content=\"article\" \/>\n<meta property=\"og:title\" content=\"Artistas para La Velada del A\u00f1o III &#8902; Una y Mil Letras\" \/>\n<meta property=\"og:description\" content=\"Quevedo Rosario Flores, Mar\u00eda Becerra, Estopa, Feid y Ozuna ser\u00e1n los artistas que actuar\u00e1n en La Velada del A\u00f1o Ibai Llanos\u00a0ha conseguido reunir a algunos de los artistas m\u00e1s importantes del panorama actual. Hoy, ha hecho un directo acompa\u00f1ado de\u00a0Gerard Piqu\u00e9\u00a0en su canal de\u00a0Twitch\u00a0para anunciar cu\u00e1les ser\u00e1n los artistas que actuar\u00e1n en La Velada del [&hellip;]\" \/>\n<meta property=\"og:url\" content=\"https:\/\/unaymilletras.com\/en\/artistas-para-la-velada-del-ano-iii\/\" \/>\n<meta property=\"og:site_name\" content=\"Una y Mil Letras\" \/>\n<meta property=\"article:published_time\" content=\"2023-05-04T21:28:23+00:00\" \/>\n<meta property=\"article:modified_time\" content=\"2023-05-05T12:13:41+00:00\" \/>\n<meta property=\"og:image\" content=\"https:\/\/unaymilletras.com\/wp-content\/uploads\/2023\/05\/artistas.jpeg\" \/>\n\t<meta property=\"og:image:width\" content=\"1244\" \/>\n\t<meta property=\"og:image:height\" content=\"1600\" \/>\n\t<meta property=\"og:image:type\" content=\"image\/jpeg\" \/>\n<meta name=\"author\" content=\"Maria Gil Robledo\" \/>\n<meta name=\"twitter:card\" content=\"summary_large_image\" \/>\n<meta name=\"twitter:creator\" content=\"@UnaYMilLetras\" \/>\n<meta name=\"twitter:site\" content=\"@UnaYMilLetras\" \/>\n<meta name=\"twitter:label1\" content=\"Written by\" \/>\n\t<meta name=\"twitter:data1\" content=\"Maria Gil Robledo\" \/>\n\t<meta name=\"twitter:label2\" content=\"Estimated reading time\" \/>\n\t<meta name=\"twitter:data2\" content=\"5 minutes\" \/>\n<script type=\"application\/ld+json\" class=\"yoast-schema-graph\">{\"@context\":\"https:\\\/\\\/schema.org\",\"@graph\":[{\"@type\":\"Article\",\"@id\":\"https:\\\/\\\/unaymilletras.com\\\/artistas-para-la-velada-del-ano-iii\\\/#article\",\"isPartOf\":{\"@id\":\"https:\\\/\\\/unaymilletras.com\\\/artistas-para-la-velada-del-ano-iii\\\/\"},\"author\":{\"name\":\"Maria Gil Robledo\",\"@id\":\"http:\\\/\\\/unaymilletras.com\\\/#\\\/schema\\\/person\\\/d55ba681b8a4e463d8982dbe36a5dc94\"},\"headline\":\"Artistas para La Velada del A\u00f1o III\",\"datePublished\":\"2023-05-04T21:28:23+00:00\",\"dateModified\":\"2023-05-05T12:13:41+00:00\",\"mainEntityOfPage\":{\"@id\":\"https:\\\/\\\/unaymilletras.com\\\/artistas-para-la-velada-del-ano-iii\\\/\"},\"wordCount\":845,\"commentCount\":0,\"publisher\":{\"@id\":\"http:\\\/\\\/unaymilletras.com\\\/#organization\"},\"image\":{\"@id\":\"https:\\\/\\\/unaymilletras.com\\\/artistas-para-la-velada-del-ano-iii\\\/#primaryimage\"},\"thumbnailUrl\":\"https:\\\/\\\/unaymilletras.com\\\/wp-content\\\/uploads\\\/2023\\\/05\\\/artistas.jpeg\",\"articleSection\":[\"M\u00fasica\",\"Streamers\"],\"inLanguage\":\"en-GB\",\"potentialAction\":[{\"@type\":\"CommentAction\",\"name\":\"Comment\",\"target\":[\"https:\\\/\\\/unaymilletras.com\\\/artistas-para-la-velada-del-ano-iii\\\/#respond\"]}]},{\"@type\":\"WebPage\",\"@id\":\"https:\\\/\\\/unaymilletras.com\\\/artistas-para-la-velada-del-ano-iii\\\/\",\"url\":\"https:\\\/\\\/unaymilletras.com\\\/artistas-para-la-velada-del-ano-iii\\\/\",\"name\":\"Artistas para La Velada del A\u00f1o III &#8902; Una y Mil Letras\",\"isPartOf\":{\"@id\":\"http:\\\/\\\/unaymilletras.com\\\/#website\"},\"primaryImageOfPage\":{\"@id\":\"https:\\\/\\\/unaymilletras.com\\\/artistas-para-la-velada-del-ano-iii\\\/#primaryimage\"},\"image\":{\"@id\":\"https:\\\/\\\/unaymilletras.com\\\/artistas-para-la-velada-del-ano-iii\\\/#primaryimage\"},\"thumbnailUrl\":\"https:\\\/\\\/unaymilletras.com\\\/wp-content\\\/uploads\\\/2023\\\/05\\\/artistas.jpeg\",\"datePublished\":\"2023-05-04T21:28:23+00:00\",\"dateModified\":\"2023-05-05T12:13:41+00:00\",\"breadcrumb\":{\"@id\":\"https:\\\/\\\/unaymilletras.com\\\/artistas-para-la-velada-del-ano-iii\\\/#breadcrumb\"},\"inLanguage\":\"en-GB\",\"potentialAction\":[{\"@type\":\"ReadAction\",\"target\":[\"https:\\\/\\\/unaymilletras.com\\\/artistas-para-la-velada-del-ano-iii\\\/\"]}]},{\"@type\":\"ImageObject\",\"inLanguage\":\"en-GB\",\"@id\":\"https:\\\/\\\/unaymilletras.com\\\/artistas-para-la-velada-del-ano-iii\\\/#primaryimage\",\"url\":\"https:\\\/\\\/unaymilletras.com\\\/wp-content\\\/uploads\\\/2023\\\/05\\\/artistas.jpeg\",\"contentUrl\":\"https:\\\/\\\/unaymilletras.com\\\/wp-content\\\/uploads\\\/2023\\\/05\\\/artistas.jpeg\",\"width\":1244,\"height\":1600},{\"@type\":\"BreadcrumbList\",\"@id\":\"https:\\\/\\\/unaymilletras.com\\\/artistas-para-la-velada-del-ano-iii\\\/#breadcrumb\",\"itemListElement\":[{\"@type\":\"ListItem\",\"position\":1,\"name\":\"Home\",\"item\":\"http:\\\/\\\/unaymilletras.com\\\/\"},{\"@type\":\"ListItem\",\"position\":2,\"name\":\"Artistas para La Velada del A\u00f1o III\"}]},{\"@type\":\"WebSite\",\"@id\":\"http:\\\/\\\/unaymilletras.com\\\/#website\",\"url\":\"http:\\\/\\\/unaymilletras.com\\\/\",\"name\":\"Una y Mil Letras\",\"description\":\"\",\"publisher\":{\"@id\":\"http:\\\/\\\/unaymilletras.com\\\/#organization\"},\"potentialAction\":[{\"@type\":\"SearchAction\",\"target\":{\"@type\":\"EntryPoint\",\"urlTemplate\":\"http:\\\/\\\/unaymilletras.com\\\/?s={search_term_string}\"},\"query-input\":{\"@type\":\"PropertyValueSpecification\",\"valueRequired\":true,\"valueName\":\"search_term_string\"}}],\"inLanguage\":\"en-GB\"},{\"@type\":\"Organization\",\"@id\":\"http:\\\/\\\/unaymilletras.com\\\/#organization\",\"name\":\"Una y Mil Letras\",\"url\":\"http:\\\/\\\/unaymilletras.com\\\/\",\"logo\":{\"@type\":\"ImageObject\",\"inLanguage\":\"en-GB\",\"@id\":\"http:\\\/\\\/unaymilletras.com\\\/#\\\/schema\\\/logo\\\/image\\\/\",\"url\":\"https:\\\/\\\/unaymilletras.com\\\/wp-content\\\/uploads\\\/2024\\\/06\\\/cropped-Logo-removebg-preview.png\",\"contentUrl\":\"https:\\\/\\\/unaymilletras.com\\\/wp-content\\\/uploads\\\/2024\\\/06\\\/cropped-Logo-removebg-preview.png\",\"width\":512,\"height\":512,\"caption\":\"Una y Mil Letras\"},\"image\":{\"@id\":\"http:\\\/\\\/unaymilletras.com\\\/#\\\/schema\\\/logo\\\/image\\\/\"},\"sameAs\":[\"https:\\\/\\\/x.com\\\/UnaYMilLetras\",\"https:\\\/\\\/instagram.com\\\/UnaYMilLetras\"]},{\"@type\":\"Person\",\"@id\":\"http:\\\/\\\/unaymilletras.com\\\/#\\\/schema\\\/person\\\/d55ba681b8a4e463d8982dbe36a5dc94\",\"name\":\"Maria Gil Robledo\",\"image\":{\"@type\":\"ImageObject\",\"inLanguage\":\"en-GB\",\"@id\":\"https:\\\/\\\/secure.gravatar.com\\\/avatar\\\/4b8e5102e0015789407eb4870b12f0f2857952d83ca124058f92b764bd1840c3?s=96&d=mm&r=g\",\"url\":\"https:\\\/\\\/secure.gravatar.com\\\/avatar\\\/4b8e5102e0015789407eb4870b12f0f2857952d83ca124058f92b764bd1840c3?s=96&d=mm&r=g\",\"contentUrl\":\"https:\\\/\\\/secure.gravatar.com\\\/avatar\\\/4b8e5102e0015789407eb4870b12f0f2857952d83ca124058f92b764bd1840c3?s=96&d=mm&r=g\",\"caption\":\"Maria Gil Robledo\"},\"sameAs\":[\"http:\\\/\\\/unaymilletras.com\"],\"url\":\"https:\\\/\\\/unaymilletras.com\\\/en\\\/author\\\/mariiagiil02_\\\/\"}]}<\/script>\n<!-- \/ Yoast SEO plugin. -->","yoast_head_json":{"title":"Artistas para La Velada del A\u00f1o III &#8902; Una y Mil Letras","robots":{"index":"index","follow":"follow","max-snippet":"max-snippet:-1","max-image-preview":"max-image-preview:large","max-video-preview":"max-video-preview:-1"},"canonical":"https:\/\/unaymilletras.com\/en\/artistas-para-la-velada-del-ano-iii\/","og_locale":"en_GB","og_type":"article","og_title":"Artistas para La Velada del A\u00f1o III &#8902; Una y Mil Letras","og_description":"Quevedo Rosario Flores, Mar\u00eda Becerra, Estopa, Feid y Ozuna ser\u00e1n los artistas que actuar\u00e1n en La Velada del A\u00f1o Ibai Llanos\u00a0ha conseguido reunir a algunos de los artistas m\u00e1s importantes del panorama actual. Hoy, ha hecho un directo acompa\u00f1ado de\u00a0Gerard Piqu\u00e9\u00a0en su canal de\u00a0Twitch\u00a0para anunciar cu\u00e1les ser\u00e1n los artistas que actuar\u00e1n en La Velada del [&hellip;]","og_url":"https:\/\/unaymilletras.com\/en\/artistas-para-la-velada-del-ano-iii\/","og_site_name":"Una y Mil Letras","article_published_time":"2023-05-04T21:28:23+00:00","article_modified_time":"2023-05-05T12:13:41+00:00","og_image":[{"width":1244,"height":1600,"url":"https:\/\/unaymilletras.com\/wp-content\/uploads\/2023\/05\/artistas.jpeg","type":"image\/jpeg"}],"author":"Maria Gil Robledo","twitter_card":"summary_large_image","twitter_creator":"@UnaYMilLetras","twitter_site":"@UnaYMilLetras","twitter_misc":{"Written by":"Maria Gil Robledo","Estimated reading time":"5 minutes"},"schema":{"@context":"https:\/\/schema.org","@graph":[{"@type":"Article","@id":"https:\/\/unaymilletras.com\/artistas-para-la-velada-del-ano-iii\/#article","isPartOf":{"@id":"https:\/\/unaymilletras.com\/artistas-para-la-velada-del-ano-iii\/"},"author":{"name":"Maria Gil Robledo","@id":"http:\/\/unaymilletras.com\/#\/schema\/person\/d55ba681b8a4e463d8982dbe36a5dc94"},"headline":"Artistas para La Velada del A\u00f1o III","datePublished":"2023-05-04T21:28:23+00:00","dateModified":"2023-05-05T12:13:41+00:00","mainEntityOfPage":{"@id":"https:\/\/unaymilletras.com\/artistas-para-la-velada-del-ano-iii\/"},"wordCount":845,"commentCount":0,"publisher":{"@id":"http:\/\/unaymilletras.com\/#organization"},"image":{"@id":"https:\/\/unaymilletras.com\/artistas-para-la-velada-del-ano-iii\/#primaryimage"},"thumbnailUrl":"https:\/\/unaymilletras.com\/wp-content\/uploads\/2023\/05\/artistas.jpeg","articleSection":["M\u00fasica","Streamers"],"inLanguage":"en-GB","potentialAction":[{"@type":"CommentAction","name":"Comment","target":["https:\/\/unaymilletras.com\/artistas-para-la-velada-del-ano-iii\/#respond"]}]},{"@type":"WebPage","@id":"https:\/\/unaymilletras.com\/artistas-para-la-velada-del-ano-iii\/","url":"https:\/\/unaymilletras.com\/artistas-para-la-velada-del-ano-iii\/","name":"Artistas para La Velada del A\u00f1o III &#8902; Una y Mil Letras","isPartOf":{"@id":"http:\/\/unaymilletras.com\/#website"},"primaryImageOfPage":{"@id":"https:\/\/unaymilletras.com\/artistas-para-la-velada-del-ano-iii\/#primaryimage"},"image":{"@id":"https:\/\/unaymilletras.com\/artistas-para-la-velada-del-ano-iii\/#primaryimage"},"thumbnailUrl":"https:\/\/unaymilletras.com\/wp-content\/uploads\/2023\/05\/artistas.jpeg","datePublished":"2023-05-04T21:28:23+00:00","dateModified":"2023-05-05T12:13:41+00:00","breadcrumb":{"@id":"https:\/\/unaymilletras.com\/artistas-para-la-velada-del-ano-iii\/#breadcrumb"},"inLanguage":"en-GB","potentialAction":[{"@type":"ReadAction","target":["https:\/\/unaymilletras.com\/artistas-para-la-velada-del-ano-iii\/"]}]},{"@type":"ImageObject","inLanguage":"en-GB","@id":"https:\/\/unaymilletras.com\/artistas-para-la-velada-del-ano-iii\/#primaryimage","url":"https:\/\/unaymilletras.com\/wp-content\/uploads\/2023\/05\/artistas.jpeg","contentUrl":"https:\/\/unaymilletras.com\/wp-content\/uploads\/2023\/05\/artistas.jpeg","width":1244,"height":1600},{"@type":"BreadcrumbList","@id":"https:\/\/unaymilletras.com\/artistas-para-la-velada-del-ano-iii\/#breadcrumb","itemListElement":[{"@type":"ListItem","position":1,"name":"Home","item":"http:\/\/unaymilletras.com\/"},{"@type":"ListItem","position":2,"name":"Artistas para La Velada del A\u00f1o III"}]},{"@type":"WebSite","@id":"http:\/\/unaymilletras.com\/#website","url":"http:\/\/unaymilletras.com\/","name":"Una y Mil Letras","description":"","publisher":{"@id":"http:\/\/unaymilletras.com\/#organization"},"potentialAction":[{"@type":"SearchAction","target":{"@type":"EntryPoint","urlTemplate":"http:\/\/unaymilletras.com\/?s={search_term_string}"},"query-input":{"@type":"PropertyValueSpecification","valueRequired":true,"valueName":"search_term_string"}}],"inLanguage":"en-GB"},{"@type":"Organization","@id":"http:\/\/unaymilletras.com\/#organization","name":"Una y Mil Letras","url":"http:\/\/unaymilletras.com\/","logo":{"@type":"ImageObject","inLanguage":"en-GB","@id":"http:\/\/unaymilletras.com\/#\/schema\/logo\/image\/","url":"https:\/\/unaymilletras.com\/wp-content\/uploads\/2024\/06\/cropped-Logo-removebg-preview.png","contentUrl":"https:\/\/unaymilletras.com\/wp-content\/uploads\/2024\/06\/cropped-Logo-removebg-preview.png","width":512,"height":512,"caption":"Una y Mil Letras"},"image":{"@id":"http:\/\/unaymilletras.com\/#\/schema\/logo\/image\/"},"sameAs":["https:\/\/x.com\/UnaYMilLetras","https:\/\/instagram.com\/UnaYMilLetras"]},{"@type":"Person","@id":"http:\/\/unaymilletras.com\/#\/schema\/person\/d55ba681b8a4e463d8982dbe36a5dc94","name":"Maria Gil Robledo","image":{"@type":"ImageObject","inLanguage":"en-GB","@id":"https:\/\/secure.gravatar.com\/avatar\/4b8e5102e0015789407eb4870b12f0f2857952d83ca124058f92b764bd1840c3?s=96&d=mm&r=g","url":"https:\/\/secure.gravatar.com\/avatar\/4b8e5102e0015789407eb4870b12f0f2857952d83ca124058f92b764bd1840c3?s=96&d=mm&r=g","contentUrl":"https:\/\/secure.gravatar.com\/avatar\/4b8e5102e0015789407eb4870b12f0f2857952d83ca124058f92b764bd1840c3?s=96&d=mm&r=g","caption":"Maria Gil Robledo"},"sameAs":["http:\/\/unaymilletras.com"],"url":"https:\/\/unaymilletras.com\/en\/author\/mariiagiil02_\/"}]}},"_links":{"self":[{"href":"https:\/\/unaymilletras.com\/en\/wp-json\/wp\/v2\/posts\/474","targetHints":{"allow":["GET"]}}],"collection":[{"href":"https:\/\/unaymilletras.com\/en\/wp-json\/wp\/v2\/posts"}],"about":[{"href":"https:\/\/unaymilletras.com\/en\/wp-json\/wp\/v2\/types\/post"}],"author":[{"embeddable":true,"href":"https:\/\/unaymilletras.com\/en\/wp-json\/wp\/v2\/users\/1"}],"replies":[{"embeddable":true,"href":"https:\/\/unaymilletras.com\/en\/wp-json\/wp\/v2\/comments?post=474"}],"version-history":[{"count":3,"href":"https:\/\/unaymilletras.com\/en\/wp-json\/wp\/v2\/posts\/474\/revisions"}],"predecessor-version":[{"id":524,"href":"https:\/\/unaymilletras.com\/en\/wp-json\/wp\/v2\/posts\/474\/revisions\/524"}],"wp:featuredmedia":[{"embeddable":true,"href":"https:\/\/unaymilletras.com\/en\/wp-json\/wp\/v2\/media\/498"}],"wp:attachment":[{"href":"https:\/\/unaymilletras.com\/en\/wp-json\/wp\/v2\/media?parent=474"}],"wp:term":[{"taxonomy":"category","embeddable":true,"href":"https:\/\/unaymilletras.com\/en\/wp-json\/wp\/v2\/categories?post=474"},{"taxonomy":"post_tag","embeddable":true,"href":"https:\/\/unaymilletras.com\/en\/wp-json\/wp\/v2\/tags?post=474"}],"curies":[{"name":"wp","href":"https:\/\/api.w.org\/{rel}","templated":true}]}}