{"id":4758,"date":"2025-05-21T18:02:02","date_gmt":"2025-05-21T16:02:02","guid":{"rendered":"https:\/\/unaymilletras.com\/?p=4758"},"modified":"2025-05-25T00:50:00","modified_gmt":"2025-05-24T22:50:00","slug":"manuel-turizo-imagen-de-nesquik-en-su-nueva-campana","status":"publish","type":"post","link":"https:\/\/unaymilletras.com\/en\/manuel-turizo-imagen-de-nesquik-en-su-nueva-campana\/","title":{"rendered":"Manuel Turizo: imagen de Nesquik en su nueva campa\u00f1a"},"content":{"rendered":"<div data-elementor-type=\"wp-post\" data-elementor-id=\"4758\" class=\"elementor elementor-4758\">\n\t\t\t\t\t\t<section class=\"elementor-section elementor-top-section elementor-element elementor-element-a3e0b51 elementor-section-boxed elementor-section-height-default elementor-section-height-default\" data-id=\"a3e0b51\" data-element_type=\"section\" data-e-type=\"section\">\n\t\t\t\t\t\t<div class=\"elementor-container elementor-column-gap-default\">\n\t\t\t\t\t<div class=\"elementor-column elementor-col-100 elementor-top-column elementor-element elementor-element-3491021\" data-id=\"3491021\" data-element_type=\"column\" data-e-type=\"column\">\n\t\t\t<div class=\"elementor-widget-wrap elementor-element-populated\">\n\t\t\t\t\t\t<div class=\"elementor-element elementor-element-949787b elementor-widget elementor-widget-text-editor\" data-id=\"949787b\" data-element_type=\"widget\" data-e-type=\"widget\" data-widget_type=\"text-editor.default\">\n\t\t\t\t<div class=\"elementor-widget-container\">\n\t\t\t\t\t\t\t\t\t<h2 style=\"text-align: center;\"><span style=\"color: #808080;\"><em>La campa\u00f1a protagonizada por Manuel Turizo sortea encuentros exclusivos con el artista en los estudios 5020<\/em><\/span><\/h2>\t\t\t\t\t\t\t\t<\/div>\n\t\t\t\t<\/div>\n\t\t\t\t\t<\/div>\n\t\t<\/div>\n\t\t\t\t\t<\/div>\n\t\t<\/section>\n\t\t\t\t<section class=\"elementor-section elementor-top-section elementor-element elementor-element-793d386 elementor-section-boxed elementor-section-height-default elementor-section-height-default\" data-id=\"793d386\" data-element_type=\"section\" data-e-type=\"section\">\n\t\t\t\t\t\t<div class=\"elementor-container elementor-column-gap-default\">\n\t\t\t\t\t<div class=\"elementor-column elementor-col-100 elementor-top-column elementor-element elementor-element-0cab549\" data-id=\"0cab549\" data-element_type=\"column\" data-e-type=\"column\">\n\t\t\t<div class=\"elementor-widget-wrap elementor-element-populated\">\n\t\t\t\t\t\t<div class=\"elementor-element elementor-element-6689455 elementor-widget elementor-widget-text-editor\" data-id=\"6689455\" data-element_type=\"widget\" data-e-type=\"widget\" data-widget_type=\"text-editor.default\">\n\t\t\t\t<div class=\"elementor-widget-container\">\n\t\t\t\t\t\t\t\t\t<p data-start=\"254\" data-end=\"414\"><b>Manuel Turizo<\/b> es el nuevo embajador de <b>Nesquik<\/b>. El artista colombiano se une a la marca con una campa\u00f1a fresca, positiva y pensada para las nuevas generaciones. Con el lema \u201cCacao disuelto, cacao resuelto\u201d, la campa\u00f1a apuesta por mostrar c\u00f3mo los problemas del d\u00eda a d\u00eda se pueden enfrentar con buena actitud. Turizo representa ese mensaje. Su energ\u00eda, su cercan\u00eda y su v\u00ednculo con el p\u00fablico joven lo convierten en el rostro ideal para esta acci\u00f3n de marca.<\/p>\t\t\t\t\t\t\t\t<\/div>\n\t\t\t\t<\/div>\n\t\t\t\t\t<\/div>\n\t\t<\/div>\n\t\t\t\t\t<\/div>\n\t\t<\/section>\n\t\t\t\t<section class=\"elementor-section elementor-top-section elementor-element elementor-element-7fc90fb elementor-section-boxed elementor-section-height-default elementor-section-height-default\" data-id=\"7fc90fb\" data-element_type=\"section\" data-e-type=\"section\">\n\t\t\t\t\t\t<div class=\"elementor-container elementor-column-gap-default\">\n\t\t\t\t\t<div class=\"elementor-column elementor-col-100 elementor-top-column elementor-element elementor-element-e2065ff\" data-id=\"e2065ff\" data-element_type=\"column\" data-e-type=\"column\">\n\t\t\t<div class=\"elementor-widget-wrap elementor-element-populated\">\n\t\t\t\t\t\t<div class=\"elementor-element elementor-element-1a70ba1 elementor-widget elementor-widget-image\" data-id=\"1a70ba1\" data-element_type=\"widget\" data-e-type=\"widget\" data-widget_type=\"image.default\">\n\t\t\t\t<div class=\"elementor-widget-container\">\n\t\t\t\t\t\t\t\t\t\t\t\t\t\t\t<img fetchpriority=\"high\" decoding=\"async\" width=\"600\" height=\"287\" src=\"https:\/\/unaymilletras.com\/wp-content\/uploads\/2025\/05\/image-2-e1747843685280.jpg\" class=\"attachment-large size-large wp-image-4760\" alt=\"Manuel Turizo\" \/>\t\t\t\t\t\t\t\t\t\t\t\t\t\t\t<\/div>\n\t\t\t\t<\/div>\n\t\t\t\t\t<\/div>\n\t\t<\/div>\n\t\t\t\t\t<\/div>\n\t\t<\/section>\n\t\t\t\t<section class=\"elementor-section elementor-top-section elementor-element elementor-element-47c1773 elementor-section-boxed elementor-section-height-default elementor-section-height-default\" data-id=\"47c1773\" data-element_type=\"section\" data-e-type=\"section\">\n\t\t\t\t\t\t<div class=\"elementor-container elementor-column-gap-default\">\n\t\t\t\t\t<div class=\"elementor-column elementor-col-100 elementor-top-column elementor-element elementor-element-f1165d1\" data-id=\"f1165d1\" data-element_type=\"column\" data-e-type=\"column\">\n\t\t\t<div class=\"elementor-widget-wrap elementor-element-populated\">\n\t\t\t\t\t\t<div class=\"elementor-element elementor-element-144ef43 elementor-widget elementor-widget-text-editor\" data-id=\"144ef43\" data-element_type=\"widget\" data-e-type=\"widget\" data-widget_type=\"text-editor.default\">\n\t\t\t\t<div class=\"elementor-widget-container\">\n\t\t\t\t\t\t\t\t\t<p data-start=\"716\" data-end=\"857\">La campa\u00f1a se lanza con un gran despliegue en redes sociales, televisi\u00f3n conectada, marquesinas, autobuses y puntos de venta de todo el pa\u00eds. Hasta el 30 de junio, se podr\u00e1 participar en una promoci\u00f3n especial con cada pack grande de Nesquik. Incluye una gorra exclusiva como regalo.<\/p><p data-start=\"1002\" data-end=\"1153\">Adem\u00e1s, los participantes podr\u00e1n ganar un encuentro con Manuel Turizo y visitar los estudios 5020, uno de los m\u00e1s importantes de Europa e Iberoam\u00e9rica. La gorra, dise\u00f1ada especialmente para esta campa\u00f1a, incluye detalles del \u00e1lbum <em data-start=\"1234\" data-end=\"1240\">2000<\/em>, homenaje al apartamento donde creci\u00f3 el cantante en Monter\u00eda.<\/p><p data-start=\"1305\" data-end=\"1449\">Tambi\u00e9n lleva bordadas las siglas <span style=\"color: #808080;\"><a style=\"color: #808080;\" href=\"https:\/\/unaymilletras.com\/en\/manuel-turizo-lanza-su-nuevo-album-201\/\">MTZ<\/a><\/span>, una marca personal que ha acompa\u00f1ado al artista desde sus inicios. Un gui\u00f1o a su historia y su identidad. Turizo no olvida de d\u00f3nde viene. Esa conexi\u00f3n con sus ra\u00edces es lo que hace tan potente su colaboraci\u00f3n con Nesquik.<\/p><p data-start=\"1569\" data-end=\"1715\">M\u00e1s all\u00e1 de un producto, la campa\u00f1a busca transmitir actitud, cercan\u00eda y autenticidad. Valores que definen tanto a Nesquik como al propio artista. Manuel Turizo y Nesquik se unen para endulzar los d\u00edas con m\u00fasica, cacao y una actitud que convierte cualquier problema en una oportunidad.<\/p>\t\t\t\t\t\t\t\t<\/div>\n\t\t\t\t<\/div>\n\t\t\t\t\t<\/div>\n\t\t<\/div>\n\t\t\t\t\t<\/div>\n\t\t<\/section>\n\t\t\t\t<\/div>","protected":false},"excerpt":{"rendered":"<p>La campa\u00f1a protagonizada por Manuel Turizo sortea encuentros exclusivos con el artista en los estudios 5020 Manuel Turizo es el nuevo embajador de Nesquik. El artista colombiano se une a la marca con una campa\u00f1a fresca, positiva y pensada para las nuevas generaciones. Con el lema \u201cCacao disuelto, cacao resuelto\u201d, la campa\u00f1a apuesta por mostrar [&hellip;]<\/p>\n","protected":false},"author":6,"featured_media":4760,"comment_status":"closed","ping_status":"closed","sticky":false,"template":"","format":"standard","meta":{"footnotes":""},"categories":[4],"tags":[],"class_list":["post-4758","post","type-post","status-publish","format-standard","has-post-thumbnail","hentry","category-musica"],"yoast_head":"<!-- This site is optimized with the Yoast SEO plugin v27.5 - https:\/\/yoast.com\/product\/yoast-seo-wordpress\/ -->\n<title>Manuel Turizo: imagen de Nesquik en su nueva campa\u00f1a<\/title>\n<meta name=\"description\" content=\"La campa\u00f1a de Nesquik protagonizada por Manuel Turizo sortea encuentros exclusivos con el artista y experiencias \u00fanicas en los estudios 5020\" \/>\n<meta name=\"robots\" content=\"index, follow, max-snippet:-1, max-image-preview:large, max-video-preview:-1\" \/>\n<link rel=\"canonical\" href=\"https:\/\/unaymilletras.com\/en\/manuel-turizo-imagen-de-nesquik-en-su-nueva-campana\/\" \/>\n<meta property=\"og:locale\" content=\"en_GB\" \/>\n<meta property=\"og:type\" content=\"article\" \/>\n<meta property=\"og:title\" content=\"Manuel Turizo: imagen de Nesquik en su nueva campa\u00f1a\" \/>\n<meta property=\"og:description\" content=\"La campa\u00f1a de Nesquik protagonizada por Manuel Turizo sortea encuentros exclusivos con el artista y experiencias \u00fanicas en los estudios 5020\" \/>\n<meta property=\"og:url\" content=\"https:\/\/unaymilletras.com\/en\/manuel-turizo-imagen-de-nesquik-en-su-nueva-campana\/\" \/>\n<meta property=\"og:site_name\" content=\"Una y Mil Letras\" \/>\n<meta property=\"article:published_time\" content=\"2025-05-21T16:02:02+00:00\" \/>\n<meta property=\"article:modified_time\" content=\"2025-05-24T22:50:00+00:00\" \/>\n<meta property=\"og:image\" content=\"http:\/\/unaymilletras.com\/wp-content\/uploads\/2025\/05\/image-2-e1747843685280.jpg\" \/>\n\t<meta property=\"og:image:width\" content=\"600\" \/>\n\t<meta property=\"og:image:height\" content=\"287\" \/>\n\t<meta property=\"og:image:type\" content=\"image\/jpeg\" \/>\n<meta name=\"author\" content=\"Redacci\u00f3n\" \/>\n<meta name=\"twitter:card\" content=\"summary_large_image\" \/>\n<meta name=\"twitter:creator\" content=\"@UnaYMilLetras\" \/>\n<meta name=\"twitter:site\" content=\"@UnaYMilLetras\" \/>\n<meta name=\"twitter:label1\" content=\"Written by\" \/>\n\t<meta name=\"twitter:data1\" content=\"Redacci\u00f3n\" \/>\n\t<meta name=\"twitter:label2\" content=\"Estimated reading time\" \/>\n\t<meta name=\"twitter:data2\" content=\"2 minutes\" \/>\n<script type=\"application\/ld+json\" class=\"yoast-schema-graph\">{\"@context\":\"https:\\\/\\\/schema.org\",\"@graph\":[{\"@type\":\"Article\",\"@id\":\"https:\\\/\\\/unaymilletras.com\\\/manuel-turizo-imagen-de-nesquik-en-su-nueva-campana\\\/#article\",\"isPartOf\":{\"@id\":\"https:\\\/\\\/unaymilletras.com\\\/manuel-turizo-imagen-de-nesquik-en-su-nueva-campana\\\/\"},\"author\":{\"name\":\"Redacci\u00f3n\",\"@id\":\"http:\\\/\\\/unaymilletras.com\\\/#\\\/schema\\\/person\\\/0860dc8a218329991ee2c7591f4f849d\"},\"headline\":\"Manuel Turizo: imagen de Nesquik en su nueva campa\u00f1a\",\"datePublished\":\"2025-05-21T16:02:02+00:00\",\"dateModified\":\"2025-05-24T22:50:00+00:00\",\"mainEntityOfPage\":{\"@id\":\"https:\\\/\\\/unaymilletras.com\\\/manuel-turizo-imagen-de-nesquik-en-su-nueva-campana\\\/\"},\"wordCount\":318,\"publisher\":{\"@id\":\"http:\\\/\\\/unaymilletras.com\\\/#organization\"},\"image\":{\"@id\":\"https:\\\/\\\/unaymilletras.com\\\/manuel-turizo-imagen-de-nesquik-en-su-nueva-campana\\\/#primaryimage\"},\"thumbnailUrl\":\"https:\\\/\\\/unaymilletras.com\\\/wp-content\\\/uploads\\\/2025\\\/05\\\/image-2-e1747843685280.jpg\",\"articleSection\":[\"M\u00fasica\"],\"inLanguage\":\"en-GB\"},{\"@type\":\"WebPage\",\"@id\":\"https:\\\/\\\/unaymilletras.com\\\/manuel-turizo-imagen-de-nesquik-en-su-nueva-campana\\\/\",\"url\":\"https:\\\/\\\/unaymilletras.com\\\/manuel-turizo-imagen-de-nesquik-en-su-nueva-campana\\\/\",\"name\":\"Manuel Turizo: imagen de Nesquik en su nueva campa\u00f1a\",\"isPartOf\":{\"@id\":\"http:\\\/\\\/unaymilletras.com\\\/#website\"},\"primaryImageOfPage\":{\"@id\":\"https:\\\/\\\/unaymilletras.com\\\/manuel-turizo-imagen-de-nesquik-en-su-nueva-campana\\\/#primaryimage\"},\"image\":{\"@id\":\"https:\\\/\\\/unaymilletras.com\\\/manuel-turizo-imagen-de-nesquik-en-su-nueva-campana\\\/#primaryimage\"},\"thumbnailUrl\":\"https:\\\/\\\/unaymilletras.com\\\/wp-content\\\/uploads\\\/2025\\\/05\\\/image-2-e1747843685280.jpg\",\"datePublished\":\"2025-05-21T16:02:02+00:00\",\"dateModified\":\"2025-05-24T22:50:00+00:00\",\"description\":\"La campa\u00f1a de Nesquik protagonizada por Manuel Turizo sortea encuentros exclusivos con el artista y experiencias \u00fanicas en los estudios 5020\",\"breadcrumb\":{\"@id\":\"https:\\\/\\\/unaymilletras.com\\\/manuel-turizo-imagen-de-nesquik-en-su-nueva-campana\\\/#breadcrumb\"},\"inLanguage\":\"en-GB\",\"potentialAction\":[{\"@type\":\"ReadAction\",\"target\":[\"https:\\\/\\\/unaymilletras.com\\\/manuel-turizo-imagen-de-nesquik-en-su-nueva-campana\\\/\"]}]},{\"@type\":\"ImageObject\",\"inLanguage\":\"en-GB\",\"@id\":\"https:\\\/\\\/unaymilletras.com\\\/manuel-turizo-imagen-de-nesquik-en-su-nueva-campana\\\/#primaryimage\",\"url\":\"https:\\\/\\\/unaymilletras.com\\\/wp-content\\\/uploads\\\/2025\\\/05\\\/image-2-e1747843685280.jpg\",\"contentUrl\":\"https:\\\/\\\/unaymilletras.com\\\/wp-content\\\/uploads\\\/2025\\\/05\\\/image-2-e1747843685280.jpg\",\"width\":600,\"height\":287,\"caption\":\"Manuel Turizo\"},{\"@type\":\"BreadcrumbList\",\"@id\":\"https:\\\/\\\/unaymilletras.com\\\/manuel-turizo-imagen-de-nesquik-en-su-nueva-campana\\\/#breadcrumb\",\"itemListElement\":[{\"@type\":\"ListItem\",\"position\":1,\"name\":\"Home\",\"item\":\"http:\\\/\\\/unaymilletras.com\\\/\"},{\"@type\":\"ListItem\",\"position\":2,\"name\":\"Manuel Turizo: imagen de Nesquik en su nueva campa\u00f1a\"}]},{\"@type\":\"WebSite\",\"@id\":\"http:\\\/\\\/unaymilletras.com\\\/#website\",\"url\":\"http:\\\/\\\/unaymilletras.com\\\/\",\"name\":\"Una y Mil Letras\",\"description\":\"\",\"publisher\":{\"@id\":\"http:\\\/\\\/unaymilletras.com\\\/#organization\"},\"potentialAction\":[{\"@type\":\"SearchAction\",\"target\":{\"@type\":\"EntryPoint\",\"urlTemplate\":\"http:\\\/\\\/unaymilletras.com\\\/?s={search_term_string}\"},\"query-input\":{\"@type\":\"PropertyValueSpecification\",\"valueRequired\":true,\"valueName\":\"search_term_string\"}}],\"inLanguage\":\"en-GB\"},{\"@type\":\"Organization\",\"@id\":\"http:\\\/\\\/unaymilletras.com\\\/#organization\",\"name\":\"Una y Mil Letras\",\"url\":\"http:\\\/\\\/unaymilletras.com\\\/\",\"logo\":{\"@type\":\"ImageObject\",\"inLanguage\":\"en-GB\",\"@id\":\"http:\\\/\\\/unaymilletras.com\\\/#\\\/schema\\\/logo\\\/image\\\/\",\"url\":\"https:\\\/\\\/unaymilletras.com\\\/wp-content\\\/uploads\\\/2024\\\/06\\\/cropped-Logo-removebg-preview.png\",\"contentUrl\":\"https:\\\/\\\/unaymilletras.com\\\/wp-content\\\/uploads\\\/2024\\\/06\\\/cropped-Logo-removebg-preview.png\",\"width\":512,\"height\":512,\"caption\":\"Una y Mil Letras\"},\"image\":{\"@id\":\"http:\\\/\\\/unaymilletras.com\\\/#\\\/schema\\\/logo\\\/image\\\/\"},\"sameAs\":[\"https:\\\/\\\/x.com\\\/UnaYMilLetras\",\"https:\\\/\\\/instagram.com\\\/UnaYMilLetras\"]},{\"@type\":\"Person\",\"@id\":\"http:\\\/\\\/unaymilletras.com\\\/#\\\/schema\\\/person\\\/0860dc8a218329991ee2c7591f4f849d\",\"name\":\"Redacci\u00f3n\",\"image\":{\"@type\":\"ImageObject\",\"inLanguage\":\"en-GB\",\"@id\":\"https:\\\/\\\/secure.gravatar.com\\\/avatar\\\/d8f55e05a8b6597e45c55a1dcbdbfe44f4a360d88b48e00de5216a79b7732796?s=96&d=mm&r=g\",\"url\":\"https:\\\/\\\/secure.gravatar.com\\\/avatar\\\/d8f55e05a8b6597e45c55a1dcbdbfe44f4a360d88b48e00de5216a79b7732796?s=96&d=mm&r=g\",\"contentUrl\":\"https:\\\/\\\/secure.gravatar.com\\\/avatar\\\/d8f55e05a8b6597e45c55a1dcbdbfe44f4a360d88b48e00de5216a79b7732796?s=96&d=mm&r=g\",\"caption\":\"Redacci\u00f3n\"},\"url\":\"https:\\\/\\\/unaymilletras.com\\\/en\\\/author\\\/redaccion\\\/\"}]}<\/script>\n<!-- \/ Yoast SEO plugin. -->","yoast_head_json":{"title":"Manuel Turizo: imagen de Nesquik en su nueva campa\u00f1a","description":"La campa\u00f1a de Nesquik protagonizada por Manuel Turizo sortea encuentros exclusivos con el artista y experiencias \u00fanicas en los estudios 5020","robots":{"index":"index","follow":"follow","max-snippet":"max-snippet:-1","max-image-preview":"max-image-preview:large","max-video-preview":"max-video-preview:-1"},"canonical":"https:\/\/unaymilletras.com\/en\/manuel-turizo-imagen-de-nesquik-en-su-nueva-campana\/","og_locale":"en_GB","og_type":"article","og_title":"Manuel Turizo: imagen de Nesquik en su nueva campa\u00f1a","og_description":"La campa\u00f1a de Nesquik protagonizada por Manuel Turizo sortea encuentros exclusivos con el artista y experiencias \u00fanicas en los estudios 5020","og_url":"https:\/\/unaymilletras.com\/en\/manuel-turizo-imagen-de-nesquik-en-su-nueva-campana\/","og_site_name":"Una y Mil Letras","article_published_time":"2025-05-21T16:02:02+00:00","article_modified_time":"2025-05-24T22:50:00+00:00","og_image":[{"width":600,"height":287,"url":"http:\/\/unaymilletras.com\/wp-content\/uploads\/2025\/05\/image-2-e1747843685280.jpg","type":"image\/jpeg"}],"author":"Redacci\u00f3n","twitter_card":"summary_large_image","twitter_creator":"@UnaYMilLetras","twitter_site":"@UnaYMilLetras","twitter_misc":{"Written by":"Redacci\u00f3n","Estimated reading time":"2 minutes"},"schema":{"@context":"https:\/\/schema.org","@graph":[{"@type":"Article","@id":"https:\/\/unaymilletras.com\/manuel-turizo-imagen-de-nesquik-en-su-nueva-campana\/#article","isPartOf":{"@id":"https:\/\/unaymilletras.com\/manuel-turizo-imagen-de-nesquik-en-su-nueva-campana\/"},"author":{"name":"Redacci\u00f3n","@id":"http:\/\/unaymilletras.com\/#\/schema\/person\/0860dc8a218329991ee2c7591f4f849d"},"headline":"Manuel Turizo: imagen de Nesquik en su nueva campa\u00f1a","datePublished":"2025-05-21T16:02:02+00:00","dateModified":"2025-05-24T22:50:00+00:00","mainEntityOfPage":{"@id":"https:\/\/unaymilletras.com\/manuel-turizo-imagen-de-nesquik-en-su-nueva-campana\/"},"wordCount":318,"publisher":{"@id":"http:\/\/unaymilletras.com\/#organization"},"image":{"@id":"https:\/\/unaymilletras.com\/manuel-turizo-imagen-de-nesquik-en-su-nueva-campana\/#primaryimage"},"thumbnailUrl":"https:\/\/unaymilletras.com\/wp-content\/uploads\/2025\/05\/image-2-e1747843685280.jpg","articleSection":["M\u00fasica"],"inLanguage":"en-GB"},{"@type":"WebPage","@id":"https:\/\/unaymilletras.com\/manuel-turizo-imagen-de-nesquik-en-su-nueva-campana\/","url":"https:\/\/unaymilletras.com\/manuel-turizo-imagen-de-nesquik-en-su-nueva-campana\/","name":"Manuel Turizo: imagen de Nesquik en su nueva campa\u00f1a","isPartOf":{"@id":"http:\/\/unaymilletras.com\/#website"},"primaryImageOfPage":{"@id":"https:\/\/unaymilletras.com\/manuel-turizo-imagen-de-nesquik-en-su-nueva-campana\/#primaryimage"},"image":{"@id":"https:\/\/unaymilletras.com\/manuel-turizo-imagen-de-nesquik-en-su-nueva-campana\/#primaryimage"},"thumbnailUrl":"https:\/\/unaymilletras.com\/wp-content\/uploads\/2025\/05\/image-2-e1747843685280.jpg","datePublished":"2025-05-21T16:02:02+00:00","dateModified":"2025-05-24T22:50:00+00:00","description":"La campa\u00f1a de Nesquik protagonizada por Manuel Turizo sortea encuentros exclusivos con el artista y experiencias \u00fanicas en los estudios 5020","breadcrumb":{"@id":"https:\/\/unaymilletras.com\/manuel-turizo-imagen-de-nesquik-en-su-nueva-campana\/#breadcrumb"},"inLanguage":"en-GB","potentialAction":[{"@type":"ReadAction","target":["https:\/\/unaymilletras.com\/manuel-turizo-imagen-de-nesquik-en-su-nueva-campana\/"]}]},{"@type":"ImageObject","inLanguage":"en-GB","@id":"https:\/\/unaymilletras.com\/manuel-turizo-imagen-de-nesquik-en-su-nueva-campana\/#primaryimage","url":"https:\/\/unaymilletras.com\/wp-content\/uploads\/2025\/05\/image-2-e1747843685280.jpg","contentUrl":"https:\/\/unaymilletras.com\/wp-content\/uploads\/2025\/05\/image-2-e1747843685280.jpg","width":600,"height":287,"caption":"Manuel Turizo"},{"@type":"BreadcrumbList","@id":"https:\/\/unaymilletras.com\/manuel-turizo-imagen-de-nesquik-en-su-nueva-campana\/#breadcrumb","itemListElement":[{"@type":"ListItem","position":1,"name":"Home","item":"http:\/\/unaymilletras.com\/"},{"@type":"ListItem","position":2,"name":"Manuel Turizo: imagen de Nesquik en su nueva campa\u00f1a"}]},{"@type":"WebSite","@id":"http:\/\/unaymilletras.com\/#website","url":"http:\/\/unaymilletras.com\/","name":"Una y Mil Letras","description":"","publisher":{"@id":"http:\/\/unaymilletras.com\/#organization"},"potentialAction":[{"@type":"SearchAction","target":{"@type":"EntryPoint","urlTemplate":"http:\/\/unaymilletras.com\/?s={search_term_string}"},"query-input":{"@type":"PropertyValueSpecification","valueRequired":true,"valueName":"search_term_string"}}],"inLanguage":"en-GB"},{"@type":"Organization","@id":"http:\/\/unaymilletras.com\/#organization","name":"Una y Mil Letras","url":"http:\/\/unaymilletras.com\/","logo":{"@type":"ImageObject","inLanguage":"en-GB","@id":"http:\/\/unaymilletras.com\/#\/schema\/logo\/image\/","url":"https:\/\/unaymilletras.com\/wp-content\/uploads\/2024\/06\/cropped-Logo-removebg-preview.png","contentUrl":"https:\/\/unaymilletras.com\/wp-content\/uploads\/2024\/06\/cropped-Logo-removebg-preview.png","width":512,"height":512,"caption":"Una y Mil Letras"},"image":{"@id":"http:\/\/unaymilletras.com\/#\/schema\/logo\/image\/"},"sameAs":["https:\/\/x.com\/UnaYMilLetras","https:\/\/instagram.com\/UnaYMilLetras"]},{"@type":"Person","@id":"http:\/\/unaymilletras.com\/#\/schema\/person\/0860dc8a218329991ee2c7591f4f849d","name":"Redacci\u00f3n","image":{"@type":"ImageObject","inLanguage":"en-GB","@id":"https:\/\/secure.gravatar.com\/avatar\/d8f55e05a8b6597e45c55a1dcbdbfe44f4a360d88b48e00de5216a79b7732796?s=96&d=mm&r=g","url":"https:\/\/secure.gravatar.com\/avatar\/d8f55e05a8b6597e45c55a1dcbdbfe44f4a360d88b48e00de5216a79b7732796?s=96&d=mm&r=g","contentUrl":"https:\/\/secure.gravatar.com\/avatar\/d8f55e05a8b6597e45c55a1dcbdbfe44f4a360d88b48e00de5216a79b7732796?s=96&d=mm&r=g","caption":"Redacci\u00f3n"},"url":"https:\/\/unaymilletras.com\/en\/author\/redaccion\/"}]}},"_links":{"self":[{"href":"https:\/\/unaymilletras.com\/en\/wp-json\/wp\/v2\/posts\/4758","targetHints":{"allow":["GET"]}}],"collection":[{"href":"https:\/\/unaymilletras.com\/en\/wp-json\/wp\/v2\/posts"}],"about":[{"href":"https:\/\/unaymilletras.com\/en\/wp-json\/wp\/v2\/types\/post"}],"author":[{"embeddable":true,"href":"https:\/\/unaymilletras.com\/en\/wp-json\/wp\/v2\/users\/6"}],"replies":[{"embeddable":true,"href":"https:\/\/unaymilletras.com\/en\/wp-json\/wp\/v2\/comments?post=4758"}],"version-history":[{"count":7,"href":"https:\/\/unaymilletras.com\/en\/wp-json\/wp\/v2\/posts\/4758\/revisions"}],"predecessor-version":[{"id":4766,"href":"https:\/\/unaymilletras.com\/en\/wp-json\/wp\/v2\/posts\/4758\/revisions\/4766"}],"wp:featuredmedia":[{"embeddable":true,"href":"https:\/\/unaymilletras.com\/en\/wp-json\/wp\/v2\/media\/4760"}],"wp:attachment":[{"href":"https:\/\/unaymilletras.com\/en\/wp-json\/wp\/v2\/media?parent=4758"}],"wp:term":[{"taxonomy":"category","embeddable":true,"href":"https:\/\/unaymilletras.com\/en\/wp-json\/wp\/v2\/categories?post=4758"},{"taxonomy":"post_tag","embeddable":true,"href":"https:\/\/unaymilletras.com\/en\/wp-json\/wp\/v2\/tags?post=4758"}],"curies":[{"name":"wp","href":"https:\/\/api.w.org\/{rel}","templated":true}]}}