{"id":4767,"date":"2025-05-22T16:52:42","date_gmt":"2025-05-22T14:52:42","guid":{"rendered":"https:\/\/unaymilletras.com\/?p=4767"},"modified":"2025-05-22T16:54:42","modified_gmt":"2025-05-22T14:54:42","slug":"ramma-suena-despierto-con-su-proximo-ep","status":"publish","type":"post","link":"https:\/\/unaymilletras.com\/en\/ramma-suena-despierto-con-su-proximo-ep\/","title":{"rendered":"RAMMA Sue\u00f1a despierto con su pr\u00f3ximo EP"},"content":{"rendered":"<div data-elementor-type=\"wp-post\" data-elementor-id=\"4767\" class=\"elementor elementor-4767\">\n\t\t\t\t\t\t<section class=\"elementor-section elementor-top-section elementor-element elementor-element-eef492a elementor-section-boxed elementor-section-height-default elementor-section-height-default\" data-id=\"eef492a\" data-element_type=\"section\" data-e-type=\"section\">\n\t\t\t\t\t\t<div class=\"elementor-container elementor-column-gap-default\">\n\t\t\t\t\t<div class=\"elementor-column elementor-col-100 elementor-top-column elementor-element elementor-element-8697961\" data-id=\"8697961\" data-element_type=\"column\" data-e-type=\"column\">\n\t\t\t<div class=\"elementor-widget-wrap elementor-element-populated\">\n\t\t\t\t\t\t<div class=\"elementor-element elementor-element-fcf486c elementor-widget elementor-widget-text-editor\" data-id=\"fcf486c\" data-element_type=\"widget\" data-e-type=\"widget\" data-widget_type=\"text-editor.default\">\n\t\t\t\t<div class=\"elementor-widget-container\">\n\t\t\t\t\t\t\t\t\t<h2 style=\"text-align: center;\" data-start=\"73\" data-end=\"210\"><em><span style=\"color: #808080;\">El nuevo single de RAMMA llega junto al anuncio de su gira internacional y anticipa una etapa clave tras \u201cInmortal\u201d<\/span><\/em><\/h2>\t\t\t\t\t\t\t\t<\/div>\n\t\t\t\t<\/div>\n\t\t\t\t\t<\/div>\n\t\t<\/div>\n\t\t\t\t\t<\/div>\n\t\t<\/section>\n\t\t\t\t<section class=\"elementor-section elementor-top-section elementor-element elementor-element-41f6e67 elementor-section-boxed elementor-section-height-default elementor-section-height-default\" data-id=\"41f6e67\" data-element_type=\"section\" data-e-type=\"section\">\n\t\t\t\t\t\t<div class=\"elementor-container elementor-column-gap-default\">\n\t\t\t\t\t<div class=\"elementor-column elementor-col-100 elementor-top-column elementor-element elementor-element-08a765c\" data-id=\"08a765c\" data-element_type=\"column\" data-e-type=\"column\">\n\t\t\t<div class=\"elementor-widget-wrap elementor-element-populated\">\n\t\t\t\t\t\t<div class=\"elementor-element elementor-element-95d9db9 elementor-widget elementor-widget-text-editor\" data-id=\"95d9db9\" data-element_type=\"widget\" data-e-type=\"widget\" data-widget_type=\"text-editor.default\">\n\t\t\t\t<div class=\"elementor-widget-container\">\n\t\t\t\t\t\t\t\t\t<p data-start=\"212\" data-end=\"489\">RAMMA ha estrenado<strong> <em>So\u00f1ando despierto<\/em><\/strong>, el primer adelanto de su pr\u00f3ximo EP titulado <strong><em>Trip 2<\/em><\/strong>. La canci\u00f3n marca el inicio de una nueva etapa para el artista argentino, tras el impacto de su \u00faltimo \u00e1lbum <span style=\"color: #808080;\"><a style=\"color: #808080;\" href=\"https:\/\/unaymilletras.com\/en\/ramma-lanza-inmortal-su-tercer-album-de-la-triologia\/\"><strong><em>Inmortal<\/em><\/strong><\/a><\/span>, con el que debut\u00f3 en el Top 8 global de Spotify el 1 de enero.<\/p>\t\t\t\t\t\t\t\t<\/div>\n\t\t\t\t<\/div>\n\t\t\t\t\t<\/div>\n\t\t<\/div>\n\t\t\t\t\t<\/div>\n\t\t<\/section>\n\t\t\t\t<section class=\"elementor-section elementor-top-section elementor-element elementor-element-942040a elementor-section-boxed elementor-section-height-default elementor-section-height-default\" data-id=\"942040a\" data-element_type=\"section\" data-e-type=\"section\">\n\t\t\t\t\t\t<div class=\"elementor-container elementor-column-gap-default\">\n\t\t\t\t\t<div class=\"elementor-column elementor-col-50 elementor-top-column elementor-element elementor-element-16b0802\" data-id=\"16b0802\" data-element_type=\"column\" data-e-type=\"column\">\n\t\t\t<div class=\"elementor-widget-wrap elementor-element-populated\">\n\t\t\t\t\t\t<div class=\"elementor-element elementor-element-0b900e1 elementor-widget elementor-widget-text-editor\" data-id=\"0b900e1\" data-element_type=\"widget\" data-e-type=\"widget\" data-widget_type=\"text-editor.default\">\n\t\t\t\t<div class=\"elementor-widget-container\">\n\t\t\t\t\t\t\t\t\t<p data-start=\"491\" data-end=\"884\">El videoclip de <em>So\u00f1ando despierto<\/em>, ya disponible en YouTube, complementa el universo sonoro con una est\u00e9tica envolvente y on\u00edrica. RAMMA mantiene as\u00ed su apuesta por un relato visual que acompa\u00f1a a cada una de sus producciones. La canci\u00f3n, adem\u00e1s, abre camino a una nueva gira: el <em>Inmortal World Tour<\/em>, que lo llevar\u00e1 por m\u00e1s de 10 festivales en Espa\u00f1a y m\u00faltiples fechas en Am\u00e9rica del Sur.<\/p><p data-start=\"886\" data-end=\"1142\">Este anuncio llega despu\u00e9s de haber agotado el Complejo C Art Media en Buenos Aires y haber triunfado en Madrid y Barcelona con sold outs en Sala El Sol y Sauvage. Durante 2024, RAMMA tambi\u00e9n se present\u00f3 en el Buenos Aires Trap ante m\u00e1s de 10.000 personas.<\/p>\t\t\t\t\t\t\t\t<\/div>\n\t\t\t\t<\/div>\n\t\t\t\t\t<\/div>\n\t\t<\/div>\n\t\t\t\t<div class=\"elementor-column elementor-col-50 elementor-top-column elementor-element elementor-element-a4342d8\" data-id=\"a4342d8\" data-element_type=\"column\" data-e-type=\"column\">\n\t\t\t<div class=\"elementor-widget-wrap elementor-element-populated\">\n\t\t\t\t\t\t<div class=\"elementor-element elementor-element-9e9987d elementor-widget elementor-widget-image\" data-id=\"9e9987d\" data-element_type=\"widget\" data-e-type=\"widget\" data-widget_type=\"image.default\">\n\t\t\t\t<div class=\"elementor-widget-container\">\n\t\t\t\t\t\t\t\t\t\t\t\t\t\t\t<img fetchpriority=\"high\" decoding=\"async\" width=\"640\" height=\"960\" src=\"https:\/\/unaymilletras.com\/wp-content\/uploads\/2025\/05\/Copia-de-PLATAFORMAS-05292-683x1024.jpg\" class=\"attachment-large size-large wp-image-4769\" alt=\"RAMMA\" srcset=\"https:\/\/unaymilletras.com\/wp-content\/uploads\/2025\/05\/Copia-de-PLATAFORMAS-05292-683x1024.jpg 683w, https:\/\/unaymilletras.com\/wp-content\/uploads\/2025\/05\/Copia-de-PLATAFORMAS-05292-200x300.jpg 200w, https:\/\/unaymilletras.com\/wp-content\/uploads\/2025\/05\/Copia-de-PLATAFORMAS-05292-768x1152.jpg 768w, https:\/\/unaymilletras.com\/wp-content\/uploads\/2025\/05\/Copia-de-PLATAFORMAS-05292-1024x1536.jpg 1024w, https:\/\/unaymilletras.com\/wp-content\/uploads\/2025\/05\/Copia-de-PLATAFORMAS-05292-1365x2048.jpg 1365w, https:\/\/unaymilletras.com\/wp-content\/uploads\/2025\/05\/Copia-de-PLATAFORMAS-05292-8x12.jpg 8w, https:\/\/unaymilletras.com\/wp-content\/uploads\/2025\/05\/Copia-de-PLATAFORMAS-05292-scaled-e1747925572137.jpg 600w\" sizes=\"(max-width: 640px) 100vw, 640px\" \/>\t\t\t\t\t\t\t\t\t\t\t\t\t\t\t<\/div>\n\t\t\t\t<\/div>\n\t\t\t\t\t<\/div>\n\t\t<\/div>\n\t\t\t\t\t<\/div>\n\t\t<\/section>\n\t\t\t\t<section class=\"elementor-section elementor-top-section elementor-element elementor-element-cb606f3 elementor-section-boxed elementor-section-height-default elementor-section-height-default\" data-id=\"cb606f3\" data-element_type=\"section\" data-e-type=\"section\">\n\t\t\t\t\t\t<div class=\"elementor-container elementor-column-gap-default\">\n\t\t\t\t\t<div class=\"elementor-column elementor-col-100 elementor-top-column elementor-element elementor-element-b988dd3\" data-id=\"b988dd3\" data-element_type=\"column\" data-e-type=\"column\">\n\t\t\t<div class=\"elementor-widget-wrap elementor-element-populated\">\n\t\t\t\t\t\t<div class=\"elementor-element elementor-element-fd86488 elementor-widget elementor-widget-text-editor\" data-id=\"fd86488\" data-element_type=\"widget\" data-e-type=\"widget\" data-widget_type=\"text-editor.default\">\n\t\t\t\t<div class=\"elementor-widget-container\">\n\t\t\t\t\t\t\t\t\t<p data-start=\"1144\" data-end=\"1444\">La nueva etapa contin\u00faa una trilog\u00eda iniciada en 2022 con <em>Incr\u00e9dulo<\/em>, seguida por <em>Intr\u00e9pido<\/em> y culminada en enero con <em>Inmortal<\/em>. En sus propias palabras, este \u00faltimo \u00e1lbum marc\u00f3 su madurez: \u201cEstoy decidido de lo que quiero hacer. No quiero ser un artista pasajero. Quiero ser un artista inmortal\u201d.<\/p><p data-start=\"1446\" data-end=\"1666\" data-is-last-node=\"\" data-is-only-node=\"\">Con <em>So\u00f1ando despierto<\/em>, RAMMA reafirma esa ambici\u00f3n. Su sonido sigue evolucionando y su mensaje gana fuerza. La promesa de su nueva gira es clara: emoci\u00f3n, conexi\u00f3n con el p\u00fablico y un viaje sonoro con identidad propia.<\/p>\t\t\t\t\t\t\t\t<\/div>\n\t\t\t\t<\/div>\n\t\t\t\t\t<\/div>\n\t\t<\/div>\n\t\t\t\t\t<\/div>\n\t\t<\/section>\n\t\t\t\t<\/div>","protected":false},"excerpt":{"rendered":"<p>El nuevo single de RAMMA llega junto al anuncio de su gira internacional y anticipa una etapa clave tras \u201cInmortal\u201d RAMMA ha estrenado So\u00f1ando despierto, el primer adelanto de su pr\u00f3ximo EP titulado Trip 2. La canci\u00f3n marca el inicio de una nueva etapa para el artista argentino, tras el impacto de su \u00faltimo \u00e1lbum [&hellip;]<\/p>\n","protected":false},"author":6,"featured_media":4769,"comment_status":"closed","ping_status":"closed","sticky":false,"template":"","format":"standard","meta":{"footnotes":""},"categories":[4],"tags":[],"class_list":["post-4767","post","type-post","status-publish","format-standard","has-post-thumbnail","hentry","category-musica"],"yoast_head":"<!-- This site is optimized with the Yoast SEO plugin v27.4 - https:\/\/yoast.com\/product\/yoast-seo-wordpress\/ -->\n<title>RAMMA Sue\u00f1a despierto con su pr\u00f3ximo EP<\/title>\n<meta name=\"description\" content=\"El nuevo single de RAMMA llega acompa\u00f1ado del anuncio de su gira internacional y anticipa una etapa clave tras el \u00e9xito de \u201cInmortal\u201d\" \/>\n<meta name=\"robots\" content=\"index, follow, max-snippet:-1, max-image-preview:large, max-video-preview:-1\" \/>\n<link rel=\"canonical\" href=\"https:\/\/unaymilletras.com\/en\/ramma-suena-despierto-con-su-proximo-ep\/\" \/>\n<meta property=\"og:locale\" content=\"en_GB\" \/>\n<meta property=\"og:type\" content=\"article\" \/>\n<meta property=\"og:title\" content=\"RAMMA Sue\u00f1a despierto con su pr\u00f3ximo EP\" \/>\n<meta property=\"og:description\" content=\"El nuevo single de RAMMA llega acompa\u00f1ado del anuncio de su gira internacional y anticipa una etapa clave tras el \u00e9xito de \u201cInmortal\u201d\" \/>\n<meta property=\"og:url\" content=\"https:\/\/unaymilletras.com\/en\/ramma-suena-despierto-con-su-proximo-ep\/\" \/>\n<meta property=\"og:site_name\" content=\"Una y Mil Letras\" \/>\n<meta property=\"article:published_time\" content=\"2025-05-22T14:52:42+00:00\" \/>\n<meta property=\"article:modified_time\" content=\"2025-05-22T14:54:42+00:00\" \/>\n<meta property=\"og:image\" content=\"http:\/\/unaymilletras.com\/wp-content\/uploads\/2025\/05\/Copia-de-PLATAFORMAS-05292-scaled-e1747925572137.jpg\" \/>\n\t<meta property=\"og:image:width\" content=\"600\" \/>\n\t<meta property=\"og:image:height\" content=\"900\" \/>\n\t<meta property=\"og:image:type\" content=\"image\/jpeg\" \/>\n<meta name=\"author\" content=\"Redacci\u00f3n\" \/>\n<meta name=\"twitter:card\" content=\"summary_large_image\" \/>\n<meta name=\"twitter:creator\" content=\"@UnaYMilLetras\" \/>\n<meta name=\"twitter:site\" content=\"@UnaYMilLetras\" \/>\n<meta name=\"twitter:label1\" content=\"Written by\" \/>\n\t<meta name=\"twitter:data1\" content=\"Redacci\u00f3n\" \/>\n\t<meta name=\"twitter:label2\" content=\"Estimated reading time\" \/>\n\t<meta name=\"twitter:data2\" content=\"2 minutes\" \/>\n<script type=\"application\/ld+json\" class=\"yoast-schema-graph\">{\"@context\":\"https:\\\/\\\/schema.org\",\"@graph\":[{\"@type\":\"Article\",\"@id\":\"https:\\\/\\\/unaymilletras.com\\\/ramma-suena-despierto-con-su-proximo-ep\\\/#article\",\"isPartOf\":{\"@id\":\"https:\\\/\\\/unaymilletras.com\\\/ramma-suena-despierto-con-su-proximo-ep\\\/\"},\"author\":{\"name\":\"Redacci\u00f3n\",\"@id\":\"http:\\\/\\\/unaymilletras.com\\\/#\\\/schema\\\/person\\\/0860dc8a218329991ee2c7591f4f849d\"},\"headline\":\"RAMMA Sue\u00f1a despierto con su pr\u00f3ximo EP\",\"datePublished\":\"2025-05-22T14:52:42+00:00\",\"dateModified\":\"2025-05-22T14:54:42+00:00\",\"mainEntityOfPage\":{\"@id\":\"https:\\\/\\\/unaymilletras.com\\\/ramma-suena-despierto-con-su-proximo-ep\\\/\"},\"wordCount\":295,\"publisher\":{\"@id\":\"http:\\\/\\\/unaymilletras.com\\\/#organization\"},\"image\":{\"@id\":\"https:\\\/\\\/unaymilletras.com\\\/ramma-suena-despierto-con-su-proximo-ep\\\/#primaryimage\"},\"thumbnailUrl\":\"https:\\\/\\\/unaymilletras.com\\\/wp-content\\\/uploads\\\/2025\\\/05\\\/Copia-de-PLATAFORMAS-05292-scaled-e1747925572137.jpg\",\"articleSection\":[\"M\u00fasica\"],\"inLanguage\":\"en-GB\"},{\"@type\":\"WebPage\",\"@id\":\"https:\\\/\\\/unaymilletras.com\\\/ramma-suena-despierto-con-su-proximo-ep\\\/\",\"url\":\"https:\\\/\\\/unaymilletras.com\\\/ramma-suena-despierto-con-su-proximo-ep\\\/\",\"name\":\"RAMMA Sue\u00f1a despierto con su pr\u00f3ximo EP\",\"isPartOf\":{\"@id\":\"http:\\\/\\\/unaymilletras.com\\\/#website\"},\"primaryImageOfPage\":{\"@id\":\"https:\\\/\\\/unaymilletras.com\\\/ramma-suena-despierto-con-su-proximo-ep\\\/#primaryimage\"},\"image\":{\"@id\":\"https:\\\/\\\/unaymilletras.com\\\/ramma-suena-despierto-con-su-proximo-ep\\\/#primaryimage\"},\"thumbnailUrl\":\"https:\\\/\\\/unaymilletras.com\\\/wp-content\\\/uploads\\\/2025\\\/05\\\/Copia-de-PLATAFORMAS-05292-scaled-e1747925572137.jpg\",\"datePublished\":\"2025-05-22T14:52:42+00:00\",\"dateModified\":\"2025-05-22T14:54:42+00:00\",\"description\":\"El nuevo single de RAMMA llega acompa\u00f1ado del anuncio de su gira internacional y anticipa una etapa clave tras el \u00e9xito de \u201cInmortal\u201d\",\"breadcrumb\":{\"@id\":\"https:\\\/\\\/unaymilletras.com\\\/ramma-suena-despierto-con-su-proximo-ep\\\/#breadcrumb\"},\"inLanguage\":\"en-GB\",\"potentialAction\":[{\"@type\":\"ReadAction\",\"target\":[\"https:\\\/\\\/unaymilletras.com\\\/ramma-suena-despierto-con-su-proximo-ep\\\/\"]}]},{\"@type\":\"ImageObject\",\"inLanguage\":\"en-GB\",\"@id\":\"https:\\\/\\\/unaymilletras.com\\\/ramma-suena-despierto-con-su-proximo-ep\\\/#primaryimage\",\"url\":\"https:\\\/\\\/unaymilletras.com\\\/wp-content\\\/uploads\\\/2025\\\/05\\\/Copia-de-PLATAFORMAS-05292-scaled-e1747925572137.jpg\",\"contentUrl\":\"https:\\\/\\\/unaymilletras.com\\\/wp-content\\\/uploads\\\/2025\\\/05\\\/Copia-de-PLATAFORMAS-05292-scaled-e1747925572137.jpg\",\"width\":600,\"height\":900,\"caption\":\"RAMMA\"},{\"@type\":\"BreadcrumbList\",\"@id\":\"https:\\\/\\\/unaymilletras.com\\\/ramma-suena-despierto-con-su-proximo-ep\\\/#breadcrumb\",\"itemListElement\":[{\"@type\":\"ListItem\",\"position\":1,\"name\":\"Home\",\"item\":\"http:\\\/\\\/unaymilletras.com\\\/\"},{\"@type\":\"ListItem\",\"position\":2,\"name\":\"RAMMA Sue\u00f1a despierto con su pr\u00f3ximo EP\"}]},{\"@type\":\"WebSite\",\"@id\":\"http:\\\/\\\/unaymilletras.com\\\/#website\",\"url\":\"http:\\\/\\\/unaymilletras.com\\\/\",\"name\":\"Una y Mil Letras\",\"description\":\"\",\"publisher\":{\"@id\":\"http:\\\/\\\/unaymilletras.com\\\/#organization\"},\"potentialAction\":[{\"@type\":\"SearchAction\",\"target\":{\"@type\":\"EntryPoint\",\"urlTemplate\":\"http:\\\/\\\/unaymilletras.com\\\/?s={search_term_string}\"},\"query-input\":{\"@type\":\"PropertyValueSpecification\",\"valueRequired\":true,\"valueName\":\"search_term_string\"}}],\"inLanguage\":\"en-GB\"},{\"@type\":\"Organization\",\"@id\":\"http:\\\/\\\/unaymilletras.com\\\/#organization\",\"name\":\"Una y Mil Letras\",\"url\":\"http:\\\/\\\/unaymilletras.com\\\/\",\"logo\":{\"@type\":\"ImageObject\",\"inLanguage\":\"en-GB\",\"@id\":\"http:\\\/\\\/unaymilletras.com\\\/#\\\/schema\\\/logo\\\/image\\\/\",\"url\":\"https:\\\/\\\/unaymilletras.com\\\/wp-content\\\/uploads\\\/2024\\\/06\\\/cropped-Logo-removebg-preview.png\",\"contentUrl\":\"https:\\\/\\\/unaymilletras.com\\\/wp-content\\\/uploads\\\/2024\\\/06\\\/cropped-Logo-removebg-preview.png\",\"width\":512,\"height\":512,\"caption\":\"Una y Mil Letras\"},\"image\":{\"@id\":\"http:\\\/\\\/unaymilletras.com\\\/#\\\/schema\\\/logo\\\/image\\\/\"},\"sameAs\":[\"https:\\\/\\\/x.com\\\/UnaYMilLetras\",\"https:\\\/\\\/instagram.com\\\/UnaYMilLetras\"]},{\"@type\":\"Person\",\"@id\":\"http:\\\/\\\/unaymilletras.com\\\/#\\\/schema\\\/person\\\/0860dc8a218329991ee2c7591f4f849d\",\"name\":\"Redacci\u00f3n\",\"image\":{\"@type\":\"ImageObject\",\"inLanguage\":\"en-GB\",\"@id\":\"https:\\\/\\\/secure.gravatar.com\\\/avatar\\\/d8f55e05a8b6597e45c55a1dcbdbfe44f4a360d88b48e00de5216a79b7732796?s=96&d=mm&r=g\",\"url\":\"https:\\\/\\\/secure.gravatar.com\\\/avatar\\\/d8f55e05a8b6597e45c55a1dcbdbfe44f4a360d88b48e00de5216a79b7732796?s=96&d=mm&r=g\",\"contentUrl\":\"https:\\\/\\\/secure.gravatar.com\\\/avatar\\\/d8f55e05a8b6597e45c55a1dcbdbfe44f4a360d88b48e00de5216a79b7732796?s=96&d=mm&r=g\",\"caption\":\"Redacci\u00f3n\"},\"url\":\"https:\\\/\\\/unaymilletras.com\\\/en\\\/author\\\/redaccion\\\/\"}]}<\/script>\n<!-- \/ Yoast SEO plugin. -->","yoast_head_json":{"title":"RAMMA Sue\u00f1a despierto con su pr\u00f3ximo EP","description":"El nuevo single de RAMMA llega acompa\u00f1ado del anuncio de su gira internacional y anticipa una etapa clave tras el \u00e9xito de \u201cInmortal\u201d","robots":{"index":"index","follow":"follow","max-snippet":"max-snippet:-1","max-image-preview":"max-image-preview:large","max-video-preview":"max-video-preview:-1"},"canonical":"https:\/\/unaymilletras.com\/en\/ramma-suena-despierto-con-su-proximo-ep\/","og_locale":"en_GB","og_type":"article","og_title":"RAMMA Sue\u00f1a despierto con su pr\u00f3ximo EP","og_description":"El nuevo single de RAMMA llega acompa\u00f1ado del anuncio de su gira internacional y anticipa una etapa clave tras el \u00e9xito de \u201cInmortal\u201d","og_url":"https:\/\/unaymilletras.com\/en\/ramma-suena-despierto-con-su-proximo-ep\/","og_site_name":"Una y Mil Letras","article_published_time":"2025-05-22T14:52:42+00:00","article_modified_time":"2025-05-22T14:54:42+00:00","og_image":[{"width":600,"height":900,"url":"http:\/\/unaymilletras.com\/wp-content\/uploads\/2025\/05\/Copia-de-PLATAFORMAS-05292-scaled-e1747925572137.jpg","type":"image\/jpeg"}],"author":"Redacci\u00f3n","twitter_card":"summary_large_image","twitter_creator":"@UnaYMilLetras","twitter_site":"@UnaYMilLetras","twitter_misc":{"Written by":"Redacci\u00f3n","Estimated reading time":"2 minutes"},"schema":{"@context":"https:\/\/schema.org","@graph":[{"@type":"Article","@id":"https:\/\/unaymilletras.com\/ramma-suena-despierto-con-su-proximo-ep\/#article","isPartOf":{"@id":"https:\/\/unaymilletras.com\/ramma-suena-despierto-con-su-proximo-ep\/"},"author":{"name":"Redacci\u00f3n","@id":"http:\/\/unaymilletras.com\/#\/schema\/person\/0860dc8a218329991ee2c7591f4f849d"},"headline":"RAMMA Sue\u00f1a despierto con su pr\u00f3ximo EP","datePublished":"2025-05-22T14:52:42+00:00","dateModified":"2025-05-22T14:54:42+00:00","mainEntityOfPage":{"@id":"https:\/\/unaymilletras.com\/ramma-suena-despierto-con-su-proximo-ep\/"},"wordCount":295,"publisher":{"@id":"http:\/\/unaymilletras.com\/#organization"},"image":{"@id":"https:\/\/unaymilletras.com\/ramma-suena-despierto-con-su-proximo-ep\/#primaryimage"},"thumbnailUrl":"https:\/\/unaymilletras.com\/wp-content\/uploads\/2025\/05\/Copia-de-PLATAFORMAS-05292-scaled-e1747925572137.jpg","articleSection":["M\u00fasica"],"inLanguage":"en-GB"},{"@type":"WebPage","@id":"https:\/\/unaymilletras.com\/ramma-suena-despierto-con-su-proximo-ep\/","url":"https:\/\/unaymilletras.com\/ramma-suena-despierto-con-su-proximo-ep\/","name":"RAMMA Sue\u00f1a despierto con su pr\u00f3ximo EP","isPartOf":{"@id":"http:\/\/unaymilletras.com\/#website"},"primaryImageOfPage":{"@id":"https:\/\/unaymilletras.com\/ramma-suena-despierto-con-su-proximo-ep\/#primaryimage"},"image":{"@id":"https:\/\/unaymilletras.com\/ramma-suena-despierto-con-su-proximo-ep\/#primaryimage"},"thumbnailUrl":"https:\/\/unaymilletras.com\/wp-content\/uploads\/2025\/05\/Copia-de-PLATAFORMAS-05292-scaled-e1747925572137.jpg","datePublished":"2025-05-22T14:52:42+00:00","dateModified":"2025-05-22T14:54:42+00:00","description":"El nuevo single de RAMMA llega acompa\u00f1ado del anuncio de su gira internacional y anticipa una etapa clave tras el \u00e9xito de \u201cInmortal\u201d","breadcrumb":{"@id":"https:\/\/unaymilletras.com\/ramma-suena-despierto-con-su-proximo-ep\/#breadcrumb"},"inLanguage":"en-GB","potentialAction":[{"@type":"ReadAction","target":["https:\/\/unaymilletras.com\/ramma-suena-despierto-con-su-proximo-ep\/"]}]},{"@type":"ImageObject","inLanguage":"en-GB","@id":"https:\/\/unaymilletras.com\/ramma-suena-despierto-con-su-proximo-ep\/#primaryimage","url":"https:\/\/unaymilletras.com\/wp-content\/uploads\/2025\/05\/Copia-de-PLATAFORMAS-05292-scaled-e1747925572137.jpg","contentUrl":"https:\/\/unaymilletras.com\/wp-content\/uploads\/2025\/05\/Copia-de-PLATAFORMAS-05292-scaled-e1747925572137.jpg","width":600,"height":900,"caption":"RAMMA"},{"@type":"BreadcrumbList","@id":"https:\/\/unaymilletras.com\/ramma-suena-despierto-con-su-proximo-ep\/#breadcrumb","itemListElement":[{"@type":"ListItem","position":1,"name":"Home","item":"http:\/\/unaymilletras.com\/"},{"@type":"ListItem","position":2,"name":"RAMMA Sue\u00f1a despierto con su pr\u00f3ximo EP"}]},{"@type":"WebSite","@id":"http:\/\/unaymilletras.com\/#website","url":"http:\/\/unaymilletras.com\/","name":"Una y Mil Letras","description":"","publisher":{"@id":"http:\/\/unaymilletras.com\/#organization"},"potentialAction":[{"@type":"SearchAction","target":{"@type":"EntryPoint","urlTemplate":"http:\/\/unaymilletras.com\/?s={search_term_string}"},"query-input":{"@type":"PropertyValueSpecification","valueRequired":true,"valueName":"search_term_string"}}],"inLanguage":"en-GB"},{"@type":"Organization","@id":"http:\/\/unaymilletras.com\/#organization","name":"Una y Mil Letras","url":"http:\/\/unaymilletras.com\/","logo":{"@type":"ImageObject","inLanguage":"en-GB","@id":"http:\/\/unaymilletras.com\/#\/schema\/logo\/image\/","url":"https:\/\/unaymilletras.com\/wp-content\/uploads\/2024\/06\/cropped-Logo-removebg-preview.png","contentUrl":"https:\/\/unaymilletras.com\/wp-content\/uploads\/2024\/06\/cropped-Logo-removebg-preview.png","width":512,"height":512,"caption":"Una y Mil Letras"},"image":{"@id":"http:\/\/unaymilletras.com\/#\/schema\/logo\/image\/"},"sameAs":["https:\/\/x.com\/UnaYMilLetras","https:\/\/instagram.com\/UnaYMilLetras"]},{"@type":"Person","@id":"http:\/\/unaymilletras.com\/#\/schema\/person\/0860dc8a218329991ee2c7591f4f849d","name":"Redacci\u00f3n","image":{"@type":"ImageObject","inLanguage":"en-GB","@id":"https:\/\/secure.gravatar.com\/avatar\/d8f55e05a8b6597e45c55a1dcbdbfe44f4a360d88b48e00de5216a79b7732796?s=96&d=mm&r=g","url":"https:\/\/secure.gravatar.com\/avatar\/d8f55e05a8b6597e45c55a1dcbdbfe44f4a360d88b48e00de5216a79b7732796?s=96&d=mm&r=g","contentUrl":"https:\/\/secure.gravatar.com\/avatar\/d8f55e05a8b6597e45c55a1dcbdbfe44f4a360d88b48e00de5216a79b7732796?s=96&d=mm&r=g","caption":"Redacci\u00f3n"},"url":"https:\/\/unaymilletras.com\/en\/author\/redaccion\/"}]}},"_links":{"self":[{"href":"https:\/\/unaymilletras.com\/en\/wp-json\/wp\/v2\/posts\/4767","targetHints":{"allow":["GET"]}}],"collection":[{"href":"https:\/\/unaymilletras.com\/en\/wp-json\/wp\/v2\/posts"}],"about":[{"href":"https:\/\/unaymilletras.com\/en\/wp-json\/wp\/v2\/types\/post"}],"author":[{"embeddable":true,"href":"https:\/\/unaymilletras.com\/en\/wp-json\/wp\/v2\/users\/6"}],"replies":[{"embeddable":true,"href":"https:\/\/unaymilletras.com\/en\/wp-json\/wp\/v2\/comments?post=4767"}],"version-history":[{"count":7,"href":"https:\/\/unaymilletras.com\/en\/wp-json\/wp\/v2\/posts\/4767\/revisions"}],"predecessor-version":[{"id":4775,"href":"https:\/\/unaymilletras.com\/en\/wp-json\/wp\/v2\/posts\/4767\/revisions\/4775"}],"wp:featuredmedia":[{"embeddable":true,"href":"https:\/\/unaymilletras.com\/en\/wp-json\/wp\/v2\/media\/4769"}],"wp:attachment":[{"href":"https:\/\/unaymilletras.com\/en\/wp-json\/wp\/v2\/media?parent=4767"}],"wp:term":[{"taxonomy":"category","embeddable":true,"href":"https:\/\/unaymilletras.com\/en\/wp-json\/wp\/v2\/categories?post=4767"},{"taxonomy":"post_tag","embeddable":true,"href":"https:\/\/unaymilletras.com\/en\/wp-json\/wp\/v2\/tags?post=4767"}],"curies":[{"name":"wp","href":"https:\/\/api.w.org\/{rel}","templated":true}]}}