{"id":4776,"date":"2025-05-22T17:06:21","date_gmt":"2025-05-22T15:06:21","guid":{"rendered":"https:\/\/unaymilletras.com\/?p=4776"},"modified":"2025-05-25T00:49:50","modified_gmt":"2025-05-24T22:49:50","slug":"saiko-juega-en-casa","status":"publish","type":"post","link":"https:\/\/unaymilletras.com\/en\/saiko-juega-en-casa\/","title":{"rendered":"Saiko juega en casa"},"content":{"rendered":"<div data-elementor-type=\"wp-post\" data-elementor-id=\"4776\" class=\"elementor elementor-4776\">\n\t\t\t\t\t\t<section class=\"elementor-section elementor-top-section elementor-element elementor-element-2e3d8f0 elementor-section-boxed elementor-section-height-default elementor-section-height-default\" data-id=\"2e3d8f0\" data-element_type=\"section\" data-e-type=\"section\">\n\t\t\t\t\t\t<div class=\"elementor-container elementor-column-gap-default\">\n\t\t\t\t\t<div class=\"elementor-column elementor-col-100 elementor-top-column elementor-element elementor-element-e8e883d\" data-id=\"e8e883d\" data-element_type=\"column\" data-e-type=\"column\">\n\t\t\t<div class=\"elementor-widget-wrap elementor-element-populated\">\n\t\t\t\t\t\t<div class=\"elementor-element elementor-element-44815eb elementor-widget elementor-widget-text-editor\" data-id=\"44815eb\" data-element_type=\"widget\" data-e-type=\"widget\" data-widget_type=\"text-editor.default\">\n\t\t\t\t<div class=\"elementor-widget-container\">\n\t\t\t\t\t\t\t\t\t<h2 style=\"text-align: center;\"><span style=\"color: #808080;\"><em>El 4 de julio Saiko actuar\u00e1 en la explanada del Centro Comercial Nevada para presentar su nueva etapa musical<\/em><\/span><\/h2>\t\t\t\t\t\t\t\t<\/div>\n\t\t\t\t<\/div>\n\t\t\t\t\t<\/div>\n\t\t<\/div>\n\t\t\t\t\t<\/div>\n\t\t<\/section>\n\t\t\t\t<section class=\"elementor-section elementor-top-section elementor-element elementor-element-4b5598f elementor-section-boxed elementor-section-height-default elementor-section-height-default\" data-id=\"4b5598f\" data-element_type=\"section\" data-e-type=\"section\">\n\t\t\t\t\t\t<div class=\"elementor-container elementor-column-gap-default\">\n\t\t\t\t\t<div class=\"elementor-column elementor-col-100 elementor-top-column elementor-element elementor-element-4c2960b\" data-id=\"4c2960b\" data-element_type=\"column\" data-e-type=\"column\">\n\t\t\t<div class=\"elementor-widget-wrap elementor-element-populated\">\n\t\t\t\t\t\t<div class=\"elementor-element elementor-element-307ebb0 elementor-widget elementor-widget-text-editor\" data-id=\"307ebb0\" data-element_type=\"widget\" data-e-type=\"widget\" data-widget_type=\"text-editor.default\">\n\t\t\t\t<div class=\"elementor-widget-container\">\n\t\t\t\t\t\t\t\t\t<p data-start=\"190\" data-end=\"482\">Saiko regresa a los escenarios y lo hace con una cita muy especial en su tierra natal. El pr\u00f3ximo 4 de julio, el artista actuar\u00e1 en Armilla (Granada), concretamente en la explanada del Centro Comercial Nevada, para ofrecer un concierto \u00fanico con el que abrir\u00e1 una nueva etapa en su carrera.<\/p>\t\t\t\t\t\t\t\t<\/div>\n\t\t\t\t<\/div>\n\t\t\t\t\t<\/div>\n\t\t<\/div>\n\t\t\t\t\t<\/div>\n\t\t<\/section>\n\t\t\t\t<section class=\"elementor-section elementor-top-section elementor-element elementor-element-70e2d0d elementor-section-boxed elementor-section-height-default elementor-section-height-default\" data-id=\"70e2d0d\" data-element_type=\"section\" data-e-type=\"section\">\n\t\t\t\t\t\t<div class=\"elementor-container elementor-column-gap-default\">\n\t\t\t\t\t<div class=\"elementor-column elementor-col-50 elementor-top-column elementor-element elementor-element-aacb3cb\" data-id=\"aacb3cb\" data-element_type=\"column\" data-e-type=\"column\">\n\t\t\t<div class=\"elementor-widget-wrap elementor-element-populated\">\n\t\t\t\t\t\t<div class=\"elementor-element elementor-element-55a1779 elementor-widget elementor-widget-text-editor\" data-id=\"55a1779\" data-element_type=\"widget\" data-e-type=\"widget\" data-widget_type=\"text-editor.default\">\n\t\t\t\t<div class=\"elementor-widget-container\">\n\t\t\t\t\t\t\t\t\t<p data-start=\"484\" data-end=\"882\">No ser\u00e1 una fecha m\u00e1s. El evento marca el reencuentro del cantante con sus ra\u00edces y con ese p\u00fablico que lo vio crecer, tanto personal como art\u00edsticamente. Despu\u00e9s del \u00e9xito de su primer \u00e1lbum <em data-start=\"676\" data-end=\"684\">SAKURA<\/em>, Saiko ha pasado meses alej\u00e1ndose del foco para trabajar en silencio en su nuevo proyecto. Este concierto ser\u00e1 la ocasi\u00f3n perfecta para presentarlo por primera vez, en el lugar donde todo empez\u00f3.<\/p><p data-start=\"884\" data-end=\"1207\">El artista granadino, que se ha consolidado como uno de los referentes del g\u00e9nero urbano en Espa\u00f1a, ha demostrado una capacidad \u00fanica para conectar con las emociones de su generaci\u00f3n. Su propuesta musical, que mezcla pop, trap y electr\u00f3nica, ha conquistado tanto las listas de \u00e9xitos como los corazones de sus seguidores.<\/p>\t\t\t\t\t\t\t\t<\/div>\n\t\t\t\t<\/div>\n\t\t\t\t\t<\/div>\n\t\t<\/div>\n\t\t\t\t<div class=\"elementor-column elementor-col-50 elementor-top-column elementor-element elementor-element-f2220e5\" data-id=\"f2220e5\" data-element_type=\"column\" data-e-type=\"column\">\n\t\t\t<div class=\"elementor-widget-wrap elementor-element-populated\">\n\t\t\t\t\t\t<div class=\"elementor-element elementor-element-4174b3f elementor-widget elementor-widget-image\" data-id=\"4174b3f\" data-element_type=\"widget\" data-e-type=\"widget\" data-widget_type=\"image.default\">\n\t\t\t\t<div class=\"elementor-widget-container\">\n\t\t\t\t\t\t\t\t\t\t\t\t\t\t\t<img decoding=\"async\" width=\"1\" height=\"1\" src=\"https:\/\/unaymilletras.com\/wp-content\/uploads\/2025\/05\/FOTOBIOGRAFIA.jpg\" class=\"attachment-large size-large wp-image-4778\" alt=\"Saiko\" \/>\t\t\t\t\t\t\t\t\t\t\t\t\t\t\t<\/div>\n\t\t\t\t<\/div>\n\t\t\t\t\t<\/div>\n\t\t<\/div>\n\t\t\t\t\t<\/div>\n\t\t<\/section>\n\t\t\t\t<section class=\"elementor-section elementor-top-section elementor-element elementor-element-afa6b84 elementor-section-boxed elementor-section-height-default elementor-section-height-default\" data-id=\"afa6b84\" data-element_type=\"section\" data-e-type=\"section\">\n\t\t\t\t\t\t<div class=\"elementor-container elementor-column-gap-default\">\n\t\t\t\t\t<div class=\"elementor-column elementor-col-100 elementor-top-column elementor-element elementor-element-4c1d196\" data-id=\"4c1d196\" data-element_type=\"column\" data-e-type=\"column\">\n\t\t\t<div class=\"elementor-widget-wrap elementor-element-populated\">\n\t\t\t\t\t\t<div class=\"elementor-element elementor-element-9a490f5 elementor-widget elementor-widget-text-editor\" data-id=\"9a490f5\" data-element_type=\"widget\" data-e-type=\"widget\" data-widget_type=\"text-editor.default\">\n\t\t\t\t<div class=\"elementor-widget-container\">\n\t\t\t\t\t\t\t\t\t<p data-start=\"1209\" data-end=\"1467\">Durante el show, los asistentes podr\u00e1n disfrutar de algunos de sus temas m\u00e1s populares, como <em>Supernova<\/em>, <em>Buenas<\/em>, <em>Polaris<\/em> o <em>Cosas que no te dij<\/em>e, pero tambi\u00e9n descubrir\u00e1n por primera vez las nuevas canciones que marcar\u00e1n el rumbo de su pr\u00f3xima etapa.<\/p><p data-start=\"1469\" data-end=\"1775\">Con este concierto, Saiko busca algo m\u00e1s que llenar un recinto. Busca reconectar con sus or\u00edgenes, devolver el cari\u00f1o recibido y compartir en vivo la evoluci\u00f3n de su m\u00fasica. Ser\u00e1 un evento cargado de emoci\u00f3n, identidad y muchas sorpresas que el propio artista ha prometido a trav\u00e9s de sus redes sociales.<\/p><p data-start=\"1777\" data-end=\"2093\" data-is-last-node=\"\" data-is-only-node=\"\">Las <a href=\"http:\/\/enterticket.net\/saikogranada2025\">entradas<\/a> ya est\u00e1n disponibles. Todo apunta a que ser\u00e1 una cita imprescindible para sus fans y un nuevo hito en la trayectoria de uno de los artistas m\u00e1s prometedores de la escena actual.<\/p>\t\t\t\t\t\t\t\t<\/div>\n\t\t\t\t<\/div>\n\t\t\t\t\t<\/div>\n\t\t<\/div>\n\t\t\t\t\t<\/div>\n\t\t<\/section>\n\t\t\t\t<\/div>","protected":false},"excerpt":{"rendered":"<p>El 4 de julio Saiko actuar\u00e1 en la explanada del Centro Comercial Nevada para presentar su nueva etapa musical Saiko regresa a los escenarios y lo hace con una cita muy especial en su tierra natal. El pr\u00f3ximo 4 de julio, el artista actuar\u00e1 en Armilla (Granada), concretamente en la explanada del Centro Comercial Nevada, [&hellip;]<\/p>\n","protected":false},"author":6,"featured_media":4778,"comment_status":"closed","ping_status":"closed","sticky":false,"template":"","format":"standard","meta":{"footnotes":""},"categories":[4],"tags":[],"class_list":["post-4776","post","type-post","status-publish","format-standard","has-post-thumbnail","hentry","category-musica"],"yoast_head":"<!-- This site is optimized with the Yoast SEO plugin v27.5 - https:\/\/yoast.com\/product\/yoast-seo-wordpress\/ -->\n<title>Saiko juega en casa &#8902; Una y Mil Letras<\/title>\n<meta name=\"description\" content=\"El 4 de julio Saiko actuar\u00e1 en la explanada del Centro Comercial Nevada para presentar su nueva etapa musical\" \/>\n<meta name=\"robots\" content=\"index, follow, max-snippet:-1, max-image-preview:large, max-video-preview:-1\" \/>\n<link rel=\"canonical\" href=\"https:\/\/unaymilletras.com\/en\/saiko-juega-en-casa\/\" \/>\n<meta property=\"og:locale\" content=\"en_GB\" \/>\n<meta property=\"og:type\" content=\"article\" \/>\n<meta property=\"og:title\" content=\"Saiko juega en casa &#8902; Una y Mil Letras\" \/>\n<meta property=\"og:description\" content=\"El 4 de julio Saiko actuar\u00e1 en la explanada del Centro Comercial Nevada para presentar su nueva etapa musical\" \/>\n<meta property=\"og:url\" content=\"https:\/\/unaymilletras.com\/en\/saiko-juega-en-casa\/\" \/>\n<meta property=\"og:site_name\" content=\"Una y Mil Letras\" \/>\n<meta property=\"article:published_time\" content=\"2025-05-22T15:06:21+00:00\" \/>\n<meta property=\"article:modified_time\" content=\"2025-05-24T22:49:50+00:00\" \/>\n<meta property=\"og:image\" content=\"http:\/\/unaymilletras.com\/wp-content\/uploads\/2025\/05\/FOTOBIOGRAFIA.jpg\" \/>\n\t<meta property=\"og:image:width\" content=\"1\" \/>\n\t<meta property=\"og:image:height\" content=\"1\" \/>\n\t<meta property=\"og:image:type\" content=\"image\/jpeg\" \/>\n<meta name=\"author\" content=\"Redacci\u00f3n\" \/>\n<meta name=\"twitter:card\" content=\"summary_large_image\" \/>\n<meta name=\"twitter:creator\" content=\"@UnaYMilLetras\" \/>\n<meta name=\"twitter:site\" content=\"@UnaYMilLetras\" \/>\n<meta name=\"twitter:label1\" content=\"Written by\" \/>\n\t<meta name=\"twitter:data1\" content=\"Redacci\u00f3n\" \/>\n\t<meta name=\"twitter:label2\" content=\"Estimated reading time\" \/>\n\t<meta name=\"twitter:data2\" content=\"2 minutes\" \/>\n<script type=\"application\/ld+json\" class=\"yoast-schema-graph\">{\"@context\":\"https:\\\/\\\/schema.org\",\"@graph\":[{\"@type\":\"Article\",\"@id\":\"https:\\\/\\\/unaymilletras.com\\\/saiko-juega-en-casa\\\/#article\",\"isPartOf\":{\"@id\":\"https:\\\/\\\/unaymilletras.com\\\/saiko-juega-en-casa\\\/\"},\"author\":{\"name\":\"Redacci\u00f3n\",\"@id\":\"http:\\\/\\\/unaymilletras.com\\\/#\\\/schema\\\/person\\\/0860dc8a218329991ee2c7591f4f849d\"},\"headline\":\"Saiko juega en casa\",\"datePublished\":\"2025-05-22T15:06:21+00:00\",\"dateModified\":\"2025-05-24T22:49:50+00:00\",\"mainEntityOfPage\":{\"@id\":\"https:\\\/\\\/unaymilletras.com\\\/saiko-juega-en-casa\\\/\"},\"wordCount\":344,\"publisher\":{\"@id\":\"http:\\\/\\\/unaymilletras.com\\\/#organization\"},\"image\":{\"@id\":\"https:\\\/\\\/unaymilletras.com\\\/saiko-juega-en-casa\\\/#primaryimage\"},\"thumbnailUrl\":\"https:\\\/\\\/unaymilletras.com\\\/wp-content\\\/uploads\\\/2025\\\/05\\\/FOTOBIOGRAFIA.jpg\",\"articleSection\":[\"M\u00fasica\"],\"inLanguage\":\"en-GB\"},{\"@type\":\"WebPage\",\"@id\":\"https:\\\/\\\/unaymilletras.com\\\/saiko-juega-en-casa\\\/\",\"url\":\"https:\\\/\\\/unaymilletras.com\\\/saiko-juega-en-casa\\\/\",\"name\":\"Saiko juega en casa &#8902; Una y Mil Letras\",\"isPartOf\":{\"@id\":\"http:\\\/\\\/unaymilletras.com\\\/#website\"},\"primaryImageOfPage\":{\"@id\":\"https:\\\/\\\/unaymilletras.com\\\/saiko-juega-en-casa\\\/#primaryimage\"},\"image\":{\"@id\":\"https:\\\/\\\/unaymilletras.com\\\/saiko-juega-en-casa\\\/#primaryimage\"},\"thumbnailUrl\":\"https:\\\/\\\/unaymilletras.com\\\/wp-content\\\/uploads\\\/2025\\\/05\\\/FOTOBIOGRAFIA.jpg\",\"datePublished\":\"2025-05-22T15:06:21+00:00\",\"dateModified\":\"2025-05-24T22:49:50+00:00\",\"description\":\"El 4 de julio Saiko actuar\u00e1 en la explanada del Centro Comercial Nevada para presentar su nueva etapa musical\",\"breadcrumb\":{\"@id\":\"https:\\\/\\\/unaymilletras.com\\\/saiko-juega-en-casa\\\/#breadcrumb\"},\"inLanguage\":\"en-GB\",\"potentialAction\":[{\"@type\":\"ReadAction\",\"target\":[\"https:\\\/\\\/unaymilletras.com\\\/saiko-juega-en-casa\\\/\"]}]},{\"@type\":\"ImageObject\",\"inLanguage\":\"en-GB\",\"@id\":\"https:\\\/\\\/unaymilletras.com\\\/saiko-juega-en-casa\\\/#primaryimage\",\"url\":\"https:\\\/\\\/unaymilletras.com\\\/wp-content\\\/uploads\\\/2025\\\/05\\\/FOTOBIOGRAFIA.jpg\",\"contentUrl\":\"https:\\\/\\\/unaymilletras.com\\\/wp-content\\\/uploads\\\/2025\\\/05\\\/FOTOBIOGRAFIA.jpg\",\"caption\":\"Saiko\"},{\"@type\":\"BreadcrumbList\",\"@id\":\"https:\\\/\\\/unaymilletras.com\\\/saiko-juega-en-casa\\\/#breadcrumb\",\"itemListElement\":[{\"@type\":\"ListItem\",\"position\":1,\"name\":\"Home\",\"item\":\"http:\\\/\\\/unaymilletras.com\\\/\"},{\"@type\":\"ListItem\",\"position\":2,\"name\":\"Saiko juega en casa\"}]},{\"@type\":\"WebSite\",\"@id\":\"http:\\\/\\\/unaymilletras.com\\\/#website\",\"url\":\"http:\\\/\\\/unaymilletras.com\\\/\",\"name\":\"Una y Mil Letras\",\"description\":\"\",\"publisher\":{\"@id\":\"http:\\\/\\\/unaymilletras.com\\\/#organization\"},\"potentialAction\":[{\"@type\":\"SearchAction\",\"target\":{\"@type\":\"EntryPoint\",\"urlTemplate\":\"http:\\\/\\\/unaymilletras.com\\\/?s={search_term_string}\"},\"query-input\":{\"@type\":\"PropertyValueSpecification\",\"valueRequired\":true,\"valueName\":\"search_term_string\"}}],\"inLanguage\":\"en-GB\"},{\"@type\":\"Organization\",\"@id\":\"http:\\\/\\\/unaymilletras.com\\\/#organization\",\"name\":\"Una y Mil Letras\",\"url\":\"http:\\\/\\\/unaymilletras.com\\\/\",\"logo\":{\"@type\":\"ImageObject\",\"inLanguage\":\"en-GB\",\"@id\":\"http:\\\/\\\/unaymilletras.com\\\/#\\\/schema\\\/logo\\\/image\\\/\",\"url\":\"https:\\\/\\\/unaymilletras.com\\\/wp-content\\\/uploads\\\/2024\\\/06\\\/cropped-Logo-removebg-preview.png\",\"contentUrl\":\"https:\\\/\\\/unaymilletras.com\\\/wp-content\\\/uploads\\\/2024\\\/06\\\/cropped-Logo-removebg-preview.png\",\"width\":512,\"height\":512,\"caption\":\"Una y Mil Letras\"},\"image\":{\"@id\":\"http:\\\/\\\/unaymilletras.com\\\/#\\\/schema\\\/logo\\\/image\\\/\"},\"sameAs\":[\"https:\\\/\\\/x.com\\\/UnaYMilLetras\",\"https:\\\/\\\/instagram.com\\\/UnaYMilLetras\"]},{\"@type\":\"Person\",\"@id\":\"http:\\\/\\\/unaymilletras.com\\\/#\\\/schema\\\/person\\\/0860dc8a218329991ee2c7591f4f849d\",\"name\":\"Redacci\u00f3n\",\"image\":{\"@type\":\"ImageObject\",\"inLanguage\":\"en-GB\",\"@id\":\"https:\\\/\\\/secure.gravatar.com\\\/avatar\\\/d8f55e05a8b6597e45c55a1dcbdbfe44f4a360d88b48e00de5216a79b7732796?s=96&d=mm&r=g\",\"url\":\"https:\\\/\\\/secure.gravatar.com\\\/avatar\\\/d8f55e05a8b6597e45c55a1dcbdbfe44f4a360d88b48e00de5216a79b7732796?s=96&d=mm&r=g\",\"contentUrl\":\"https:\\\/\\\/secure.gravatar.com\\\/avatar\\\/d8f55e05a8b6597e45c55a1dcbdbfe44f4a360d88b48e00de5216a79b7732796?s=96&d=mm&r=g\",\"caption\":\"Redacci\u00f3n\"},\"url\":\"https:\\\/\\\/unaymilletras.com\\\/en\\\/author\\\/redaccion\\\/\"}]}<\/script>\n<!-- \/ Yoast SEO plugin. -->","yoast_head_json":{"title":"Saiko juega en casa &#8902; Una y Mil Letras","description":"El 4 de julio Saiko actuar\u00e1 en la explanada del Centro Comercial Nevada para presentar su nueva etapa musical","robots":{"index":"index","follow":"follow","max-snippet":"max-snippet:-1","max-image-preview":"max-image-preview:large","max-video-preview":"max-video-preview:-1"},"canonical":"https:\/\/unaymilletras.com\/en\/saiko-juega-en-casa\/","og_locale":"en_GB","og_type":"article","og_title":"Saiko juega en casa &#8902; Una y Mil Letras","og_description":"El 4 de julio Saiko actuar\u00e1 en la explanada del Centro Comercial Nevada para presentar su nueva etapa musical","og_url":"https:\/\/unaymilletras.com\/en\/saiko-juega-en-casa\/","og_site_name":"Una y Mil Letras","article_published_time":"2025-05-22T15:06:21+00:00","article_modified_time":"2025-05-24T22:49:50+00:00","og_image":[{"url":"http:\/\/unaymilletras.com\/wp-content\/uploads\/2025\/05\/FOTOBIOGRAFIA.jpg","width":1,"height":1,"type":"image\/jpeg"}],"author":"Redacci\u00f3n","twitter_card":"summary_large_image","twitter_creator":"@UnaYMilLetras","twitter_site":"@UnaYMilLetras","twitter_misc":{"Written by":"Redacci\u00f3n","Estimated reading time":"2 minutes"},"schema":{"@context":"https:\/\/schema.org","@graph":[{"@type":"Article","@id":"https:\/\/unaymilletras.com\/saiko-juega-en-casa\/#article","isPartOf":{"@id":"https:\/\/unaymilletras.com\/saiko-juega-en-casa\/"},"author":{"name":"Redacci\u00f3n","@id":"http:\/\/unaymilletras.com\/#\/schema\/person\/0860dc8a218329991ee2c7591f4f849d"},"headline":"Saiko juega en casa","datePublished":"2025-05-22T15:06:21+00:00","dateModified":"2025-05-24T22:49:50+00:00","mainEntityOfPage":{"@id":"https:\/\/unaymilletras.com\/saiko-juega-en-casa\/"},"wordCount":344,"publisher":{"@id":"http:\/\/unaymilletras.com\/#organization"},"image":{"@id":"https:\/\/unaymilletras.com\/saiko-juega-en-casa\/#primaryimage"},"thumbnailUrl":"https:\/\/unaymilletras.com\/wp-content\/uploads\/2025\/05\/FOTOBIOGRAFIA.jpg","articleSection":["M\u00fasica"],"inLanguage":"en-GB"},{"@type":"WebPage","@id":"https:\/\/unaymilletras.com\/saiko-juega-en-casa\/","url":"https:\/\/unaymilletras.com\/saiko-juega-en-casa\/","name":"Saiko juega en casa &#8902; Una y Mil Letras","isPartOf":{"@id":"http:\/\/unaymilletras.com\/#website"},"primaryImageOfPage":{"@id":"https:\/\/unaymilletras.com\/saiko-juega-en-casa\/#primaryimage"},"image":{"@id":"https:\/\/unaymilletras.com\/saiko-juega-en-casa\/#primaryimage"},"thumbnailUrl":"https:\/\/unaymilletras.com\/wp-content\/uploads\/2025\/05\/FOTOBIOGRAFIA.jpg","datePublished":"2025-05-22T15:06:21+00:00","dateModified":"2025-05-24T22:49:50+00:00","description":"El 4 de julio Saiko actuar\u00e1 en la explanada del Centro Comercial Nevada para presentar su nueva etapa musical","breadcrumb":{"@id":"https:\/\/unaymilletras.com\/saiko-juega-en-casa\/#breadcrumb"},"inLanguage":"en-GB","potentialAction":[{"@type":"ReadAction","target":["https:\/\/unaymilletras.com\/saiko-juega-en-casa\/"]}]},{"@type":"ImageObject","inLanguage":"en-GB","@id":"https:\/\/unaymilletras.com\/saiko-juega-en-casa\/#primaryimage","url":"https:\/\/unaymilletras.com\/wp-content\/uploads\/2025\/05\/FOTOBIOGRAFIA.jpg","contentUrl":"https:\/\/unaymilletras.com\/wp-content\/uploads\/2025\/05\/FOTOBIOGRAFIA.jpg","caption":"Saiko"},{"@type":"BreadcrumbList","@id":"https:\/\/unaymilletras.com\/saiko-juega-en-casa\/#breadcrumb","itemListElement":[{"@type":"ListItem","position":1,"name":"Home","item":"http:\/\/unaymilletras.com\/"},{"@type":"ListItem","position":2,"name":"Saiko juega en casa"}]},{"@type":"WebSite","@id":"http:\/\/unaymilletras.com\/#website","url":"http:\/\/unaymilletras.com\/","name":"Una y Mil Letras","description":"","publisher":{"@id":"http:\/\/unaymilletras.com\/#organization"},"potentialAction":[{"@type":"SearchAction","target":{"@type":"EntryPoint","urlTemplate":"http:\/\/unaymilletras.com\/?s={search_term_string}"},"query-input":{"@type":"PropertyValueSpecification","valueRequired":true,"valueName":"search_term_string"}}],"inLanguage":"en-GB"},{"@type":"Organization","@id":"http:\/\/unaymilletras.com\/#organization","name":"Una y Mil Letras","url":"http:\/\/unaymilletras.com\/","logo":{"@type":"ImageObject","inLanguage":"en-GB","@id":"http:\/\/unaymilletras.com\/#\/schema\/logo\/image\/","url":"https:\/\/unaymilletras.com\/wp-content\/uploads\/2024\/06\/cropped-Logo-removebg-preview.png","contentUrl":"https:\/\/unaymilletras.com\/wp-content\/uploads\/2024\/06\/cropped-Logo-removebg-preview.png","width":512,"height":512,"caption":"Una y Mil Letras"},"image":{"@id":"http:\/\/unaymilletras.com\/#\/schema\/logo\/image\/"},"sameAs":["https:\/\/x.com\/UnaYMilLetras","https:\/\/instagram.com\/UnaYMilLetras"]},{"@type":"Person","@id":"http:\/\/unaymilletras.com\/#\/schema\/person\/0860dc8a218329991ee2c7591f4f849d","name":"Redacci\u00f3n","image":{"@type":"ImageObject","inLanguage":"en-GB","@id":"https:\/\/secure.gravatar.com\/avatar\/d8f55e05a8b6597e45c55a1dcbdbfe44f4a360d88b48e00de5216a79b7732796?s=96&d=mm&r=g","url":"https:\/\/secure.gravatar.com\/avatar\/d8f55e05a8b6597e45c55a1dcbdbfe44f4a360d88b48e00de5216a79b7732796?s=96&d=mm&r=g","contentUrl":"https:\/\/secure.gravatar.com\/avatar\/d8f55e05a8b6597e45c55a1dcbdbfe44f4a360d88b48e00de5216a79b7732796?s=96&d=mm&r=g","caption":"Redacci\u00f3n"},"url":"https:\/\/unaymilletras.com\/en\/author\/redaccion\/"}]}},"_links":{"self":[{"href":"https:\/\/unaymilletras.com\/en\/wp-json\/wp\/v2\/posts\/4776","targetHints":{"allow":["GET"]}}],"collection":[{"href":"https:\/\/unaymilletras.com\/en\/wp-json\/wp\/v2\/posts"}],"about":[{"href":"https:\/\/unaymilletras.com\/en\/wp-json\/wp\/v2\/types\/post"}],"author":[{"embeddable":true,"href":"https:\/\/unaymilletras.com\/en\/wp-json\/wp\/v2\/users\/6"}],"replies":[{"embeddable":true,"href":"https:\/\/unaymilletras.com\/en\/wp-json\/wp\/v2\/comments?post=4776"}],"version-history":[{"count":7,"href":"https:\/\/unaymilletras.com\/en\/wp-json\/wp\/v2\/posts\/4776\/revisions"}],"predecessor-version":[{"id":4784,"href":"https:\/\/unaymilletras.com\/en\/wp-json\/wp\/v2\/posts\/4776\/revisions\/4784"}],"wp:featuredmedia":[{"embeddable":true,"href":"https:\/\/unaymilletras.com\/en\/wp-json\/wp\/v2\/media\/4778"}],"wp:attachment":[{"href":"https:\/\/unaymilletras.com\/en\/wp-json\/wp\/v2\/media?parent=4776"}],"wp:term":[{"taxonomy":"category","embeddable":true,"href":"https:\/\/unaymilletras.com\/en\/wp-json\/wp\/v2\/categories?post=4776"},{"taxonomy":"post_tag","embeddable":true,"href":"https:\/\/unaymilletras.com\/en\/wp-json\/wp\/v2\/tags?post=4776"}],"curies":[{"name":"wp","href":"https:\/\/api.w.org\/{rel}","templated":true}]}}