{"id":4787,"date":"2025-05-23T15:00:00","date_gmt":"2025-05-23T13:00:00","guid":{"rendered":"https:\/\/unaymilletras.com\/?p=4787"},"modified":"2025-05-23T11:17:59","modified_gmt":"2025-05-23T09:17:59","slug":"myke-towers-supera-las-expectativas-en-el-movistar-arena","status":"publish","type":"post","link":"https:\/\/unaymilletras.com\/en\/myke-towers-supera-las-expectativas-en-el-movistar-arena\/","title":{"rendered":"Myke Towers supera las expectativas en el Movistar Arena"},"content":{"rendered":"<div data-elementor-type=\"wp-post\" data-elementor-id=\"4787\" class=\"elementor elementor-4787\">\n\t\t\t\t\t\t<section class=\"elementor-section elementor-top-section elementor-element elementor-element-8e187bb elementor-section-boxed elementor-section-height-default elementor-section-height-default\" data-id=\"8e187bb\" data-element_type=\"section\" data-e-type=\"section\">\n\t\t\t\t\t\t<div class=\"elementor-container elementor-column-gap-default\">\n\t\t\t\t\t<div class=\"elementor-column elementor-col-100 elementor-top-column elementor-element elementor-element-3ff16cb\" data-id=\"3ff16cb\" data-element_type=\"column\" data-e-type=\"column\">\n\t\t\t<div class=\"elementor-widget-wrap elementor-element-populated\">\n\t\t\t\t\t\t<div class=\"elementor-element elementor-element-2b25f8d elementor-widget elementor-widget-heading\" data-id=\"2b25f8d\" data-element_type=\"widget\" data-e-type=\"widget\" data-widget_type=\"heading.default\">\n\t\t\t\t<div class=\"elementor-widget-container\">\n\t\t\t\t\t<h2 class=\"elementor-heading-title elementor-size-default\">El tour europeo comenz\u00f3 en Madrid con un Myke Towers que cant\u00f3 las mejores canciones de todo su recorrido<\/h2>\t\t\t\t<\/div>\n\t\t\t\t<\/div>\n\t\t\t\t\t<\/div>\n\t\t<\/div>\n\t\t\t\t\t<\/div>\n\t\t<\/section>\n\t\t\t\t<section class=\"elementor-section elementor-top-section elementor-element elementor-element-1f861c5 elementor-section-boxed elementor-section-height-default elementor-section-height-default\" data-id=\"1f861c5\" data-element_type=\"section\" data-e-type=\"section\">\n\t\t\t\t\t\t<div class=\"elementor-container elementor-column-gap-default\">\n\t\t\t\t\t<div class=\"elementor-column elementor-col-100 elementor-top-column elementor-element elementor-element-7a80b0f\" data-id=\"7a80b0f\" data-element_type=\"column\" data-e-type=\"column\">\n\t\t\t<div class=\"elementor-widget-wrap elementor-element-populated\">\n\t\t\t\t\t\t<div class=\"elementor-element elementor-element-f793966 elementor-widget elementor-widget-text-editor\" data-id=\"f793966\" data-element_type=\"widget\" data-e-type=\"widget\" data-widget_type=\"text-editor.default\">\n\t\t\t\t<div class=\"elementor-widget-container\">\n\t\t\t\t\t\t\t\t\t<p>Dos noches m\u00e1gicas ha dejado Myke Towers en Madrid. El\u00a0<a href=\"https:\/\/unaymilletras.com\/en\/kidd-keo-se-estrena-en-el-movistar-arena-en-un-ano-remarcable\/\" target=\"_blank\" rel=\"noopener\">Movistar Arena\u00a0<\/a>fue testigo del inicio del tour europeo del puertorrique\u00f1o los pasados d\u00edas 20 y 21 de mayo. Esta gira gener\u00f3 cierta intriga y desconfianza entre los fan\u00e1ticos m\u00e1s casuales, ya que se rumoreaba que en sus conciertos iba a cantar muchas de las canciones de sus \u00faltimos discos, las cuales no han tenido un gran \u00e9xito en cuanto a n\u00fameros. Esto simplemente fue una breva y es que Myke brind\u00f3 a los espectadores casi dos horas de los mejores temas que tiene a lo largo de su carrera.<\/p>\t\t\t\t\t\t\t\t<\/div>\n\t\t\t\t<\/div>\n\t\t\t\t\t<\/div>\n\t\t<\/div>\n\t\t\t\t\t<\/div>\n\t\t<\/section>\n\t\t\t\t<section class=\"elementor-section elementor-top-section elementor-element elementor-element-f27a348 elementor-section-boxed elementor-section-height-default elementor-section-height-default\" data-id=\"f27a348\" data-element_type=\"section\" data-e-type=\"section\">\n\t\t\t\t\t\t<div class=\"elementor-container elementor-column-gap-default\">\n\t\t\t\t\t<div class=\"elementor-column elementor-col-50 elementor-top-column elementor-element elementor-element-cde606c\" data-id=\"cde606c\" data-element_type=\"column\" data-e-type=\"column\">\n\t\t\t<div class=\"elementor-widget-wrap elementor-element-populated\">\n\t\t\t\t\t\t<div class=\"elementor-element elementor-element-a6258b4 elementor-widget elementor-widget-text-editor\" data-id=\"a6258b4\" data-element_type=\"widget\" data-e-type=\"widget\" data-widget_type=\"text-editor.default\">\n\t\t\t\t<div class=\"elementor-widget-container\">\n\t\t\t\t\t\t\t\t\t<p>Empez\u00f3 poco antes de las 21:30, hora a la que estaba programado, no cont\u00f3 con DJ en el escenario ni equipo de baile ni un decorado muy especial. Simplemente fue \u00e9l solo el encargado de dar un show espectacular, sin casi descansos, ni cambios de vestuario. Solo se prioriz\u00f3 la m\u00fasica. Numerosas veces subi\u00f3 o se subieron fan\u00e1ticos a cumplir su sue\u00f1o de cantar con \u00e9l e inmortalizar el momento.<\/p>\t\t\t\t\t\t\t\t<\/div>\n\t\t\t\t<\/div>\n\t\t\t\t\t<\/div>\n\t\t<\/div>\n\t\t\t\t<div class=\"elementor-column elementor-col-50 elementor-top-column elementor-element elementor-element-886e54b\" data-id=\"886e54b\" data-element_type=\"column\" data-e-type=\"column\">\n\t\t\t<div class=\"elementor-widget-wrap elementor-element-populated\">\n\t\t\t\t\t\t<div class=\"elementor-element elementor-element-6d57b53 elementor-widget elementor-widget-image\" data-id=\"6d57b53\" data-element_type=\"widget\" data-e-type=\"widget\" data-widget_type=\"image.default\">\n\t\t\t\t<div class=\"elementor-widget-container\">\n\t\t\t\t\t\t\t\t\t\t\t\t\t\t\t<img fetchpriority=\"high\" decoding=\"async\" width=\"640\" height=\"427\" src=\"https:\/\/unaymilletras.com\/wp-content\/uploads\/2025\/05\/MYKE-TOWERS-LA-PANTERA-NEGRA-TOUR-MADRID-20-05-25-5-1024x683.jpg\" class=\"attachment-large size-large wp-image-4789\" alt=\"Myke Towers\" srcset=\"https:\/\/unaymilletras.com\/wp-content\/uploads\/2025\/05\/MYKE-TOWERS-LA-PANTERA-NEGRA-TOUR-MADRID-20-05-25-5-1024x683.jpg 1024w, https:\/\/unaymilletras.com\/wp-content\/uploads\/2025\/05\/MYKE-TOWERS-LA-PANTERA-NEGRA-TOUR-MADRID-20-05-25-5-300x200.jpg 300w, https:\/\/unaymilletras.com\/wp-content\/uploads\/2025\/05\/MYKE-TOWERS-LA-PANTERA-NEGRA-TOUR-MADRID-20-05-25-5-768x512.jpg 768w, https:\/\/unaymilletras.com\/wp-content\/uploads\/2025\/05\/MYKE-TOWERS-LA-PANTERA-NEGRA-TOUR-MADRID-20-05-25-5-1536x1024.jpg 1536w, https:\/\/unaymilletras.com\/wp-content\/uploads\/2025\/05\/MYKE-TOWERS-LA-PANTERA-NEGRA-TOUR-MADRID-20-05-25-5-2048x1365.jpg 2048w, https:\/\/unaymilletras.com\/wp-content\/uploads\/2025\/05\/MYKE-TOWERS-LA-PANTERA-NEGRA-TOUR-MADRID-20-05-25-5-18x12.jpg 18w, https:\/\/unaymilletras.com\/wp-content\/uploads\/2025\/05\/MYKE-TOWERS-LA-PANTERA-NEGRA-TOUR-MADRID-20-05-25-5-scaled-e1747953250870.jpg 600w\" sizes=\"(max-width: 640px) 100vw, 640px\" \/>\t\t\t\t\t\t\t\t\t\t\t\t\t\t\t<\/div>\n\t\t\t\t<\/div>\n\t\t\t\t\t<\/div>\n\t\t<\/div>\n\t\t\t\t\t<\/div>\n\t\t<\/section>\n\t\t\t\t<section class=\"elementor-section elementor-top-section elementor-element elementor-element-50b13bc elementor-section-boxed elementor-section-height-default elementor-section-height-default\" data-id=\"50b13bc\" data-element_type=\"section\" data-e-type=\"section\">\n\t\t\t\t\t\t<div class=\"elementor-container elementor-column-gap-default\">\n\t\t\t\t\t<div class=\"elementor-column elementor-col-100 elementor-top-column elementor-element elementor-element-e7bb6be\" data-id=\"e7bb6be\" data-element_type=\"column\" data-e-type=\"column\">\n\t\t\t<div class=\"elementor-widget-wrap elementor-element-populated\">\n\t\t\t\t\t\t<div class=\"elementor-element elementor-element-84dae47 elementor-widget elementor-widget-text-editor\" data-id=\"84dae47\" data-element_type=\"widget\" data-e-type=\"widget\" data-widget_type=\"text-editor.default\">\n\t\t\t\t<div class=\"elementor-widget-container\">\n\t\t\t\t\t\t\t\t\t<p>Se dice pronto que Myke Towers fue el\u00a0<a href=\"https:\/\/www.abc.es\/cultura\/musica\/myke-towers-artista-escuchado-ano-spotify-espana-20241204144404-nt.html?ref=https%3A%2F%2Fes.search.yahoo.com%2F\" target=\"_blank\" rel=\"noopener\">artista m\u00e1s escuchado<\/a>\u00a0en Espa\u00f1a en todo 2024. Esto avala a\u00fan m\u00e1s el motivo de su gira por el pa\u00eds. Las expectativas fueron superadas con creces. Empez\u00f3 con una entrada incre\u00edble con uno de sus recientes traps\u00a0<i>Reverendo <\/i>seguido de<i> Competencia<\/i>, la cu\u00e1l es viral en TikTo<i>k.<\/i><\/p><p>Myke Towers demostr\u00f3 no tener competencia como bien dice y empez\u00f3 a cantar <i>Lala<\/i>, la cual encendi\u00f3 definitivamente a todo el p\u00fablico. Fue combinando canciones de diferentes etapas y es que, de un instante a otro pasaba de cantar un trap\u00a0a un reggaeton. De\u00a0<i>Nueva Era\u00a0<\/i>a\u00a0<i>La Playa.<\/i>\u00a0Una versatilidad al alcance de pocos.<\/p>\t\t\t\t\t\t\t\t<\/div>\n\t\t\t\t<\/div>\n\t\t\t\t\t<\/div>\n\t\t<\/div>\n\t\t\t\t\t<\/div>\n\t\t<\/section>\n\t\t\t\t<section class=\"elementor-section elementor-top-section elementor-element elementor-element-1973d7c elementor-section-boxed elementor-section-height-default elementor-section-height-default\" data-id=\"1973d7c\" data-element_type=\"section\" data-e-type=\"section\">\n\t\t\t\t\t\t<div class=\"elementor-container elementor-column-gap-default\">\n\t\t\t\t\t<div class=\"elementor-column elementor-col-50 elementor-top-column elementor-element elementor-element-90ab254\" data-id=\"90ab254\" data-element_type=\"column\" data-e-type=\"column\">\n\t\t\t<div class=\"elementor-widget-wrap elementor-element-populated\">\n\t\t\t\t\t\t<div class=\"elementor-element elementor-element-1a33244 elementor-widget elementor-widget-html\" data-id=\"1a33244\" data-element_type=\"widget\" data-e-type=\"widget\" data-widget_type=\"html.default\">\n\t\t\t\t<div class=\"elementor-widget-container\">\n\t\t\t\t\t<blockquote class=\"tiktok-embed\" cite=\"https:\/\/www.tiktok.com\/@unaymilletras.media\/video\/7507379372223991062\" data-video-id=\"7507379372223991062\" style=\"max-width: 605px;min-width: 325px;\" > <section> <a target=\"_blank\" title=\"@unaymilletras.media\" href=\"https:\/\/www.tiktok.com\/@unaymilletras.media?refer=embed\">@unaymilletras.media<\/a> \u00bfConfirmamos que La Curiosidad siempre va a ser un \u00e9xito? @Myke Towers \ud83d\udca5 \ud83d\udcf9: @David Hern\u00e1ndez  @Jay Wheeler <a title=\"myketowers\" target=\"_blank\" href=\"https:\/\/www.tiktok.com\/tag\/myketowers?refer=embed\">#MykeTowers<\/a> <a title=\"lacuriosidad\" target=\"_blank\" href=\"https:\/\/www.tiktok.com\/tag\/lacuriosidad?refer=embed\">#LaCuriosidad<\/a> <a title=\"jaywheeler\" target=\"_blank\" href=\"https:\/\/www.tiktok.com\/tag\/jaywheeler?refer=embed\">#JayWheeler<\/a> <a target=\"_blank\" title=\"\u266c sonido original - Una y Mil Letras \ud83d\udc8e\" href=\"https:\/\/www.tiktok.com\/music\/sonido-original-7507379367094946582?refer=embed\">\u266c sonido original - Una y Mil Letras \ud83d\udc8e<\/a> <\/section> <\/blockquote> <script async src=\"https:\/\/www.tiktok.com\/embed.js\"><\/script>\t\t\t\t<\/div>\n\t\t\t\t<\/div>\n\t\t\t\t\t<\/div>\n\t\t<\/div>\n\t\t\t\t<div class=\"elementor-column elementor-col-50 elementor-top-column elementor-element elementor-element-baa012c\" data-id=\"baa012c\" data-element_type=\"column\" data-e-type=\"column\">\n\t\t\t<div class=\"elementor-widget-wrap elementor-element-populated\">\n\t\t\t\t\t\t<div class=\"elementor-element elementor-element-c6e135e elementor-widget elementor-widget-text-editor\" data-id=\"c6e135e\" data-element_type=\"widget\" data-e-type=\"widget\" data-widget_type=\"text-editor.default\">\n\t\t\t\t<div class=\"elementor-widget-container\">\n\t\t\t\t\t\t\t\t\t<p>El tiempo iba pasando, pero a la vez se respiraba una atm\u00f3sfera que te hac\u00eda perder la noci\u00f3n del mismo. Tras un inicio variado con algunos de los &#8216;hits&#8217; mencionados pas\u00f3 a centrarse por unos instantes en temas \u00abpara los que vienen de la calle\u00bb. Sac\u00f3 como artista invitado a\u00a0<a href=\"https:\/\/www.youtube.com\/@PRESSURE9x19\" target=\"_blank\" rel=\"noopener\">Pressure 9X19<\/a>\u00a0y se cantaron su colaboraci\u00f3n <i>Titeres<\/i>. Adem\u00e1s, cantaron un fragmento de la canci\u00f3n que reson\u00f3 el verano pasado <i>VVS Switch<\/i>. De nuevo y como si nada hubo otro cambio de estilo musical y empez\u00f3 a sonar <i>Ella no es Tuya<\/i>. Estuvo un buen rato cantando reggaetones de los m\u00e1s populares entre los que destacaron <i>Adivino <\/i>o <i>Experimento<\/i>.\u00a0<\/p>\t\t\t\t\t\t\t\t<\/div>\n\t\t\t\t<\/div>\n\t\t\t\t\t<\/div>\n\t\t<\/div>\n\t\t\t\t\t<\/div>\n\t\t<\/section>\n\t\t\t\t<section class=\"elementor-section elementor-top-section elementor-element elementor-element-da27ba2 elementor-section-boxed elementor-section-height-default elementor-section-height-default\" data-id=\"da27ba2\" data-element_type=\"section\" data-e-type=\"section\">\n\t\t\t\t\t\t<div class=\"elementor-container elementor-column-gap-default\">\n\t\t\t\t\t<div class=\"elementor-column elementor-col-100 elementor-top-column elementor-element elementor-element-64415c6\" data-id=\"64415c6\" data-element_type=\"column\" data-e-type=\"column\">\n\t\t\t<div class=\"elementor-widget-wrap elementor-element-populated\">\n\t\t\t\t\t\t<div class=\"elementor-element elementor-element-bf96f8b elementor-widget elementor-widget-text-editor\" data-id=\"bf96f8b\" data-element_type=\"widget\" data-e-type=\"widget\" data-widget_type=\"text-editor.default\">\n\t\t\t\t<div class=\"elementor-widget-container\">\n\t\t\t\t\t\t\t\t\t<p>Posteriormente pas\u00f3 a un tramo de trap marcado por la mezcla inesperada que hizo entre\u00a0<i>MIB\u00a0<\/i>y\u00a0<i>Burberry\u00a0<\/i>sorprendiendo al p\u00fablico. Tambi\u00e9n fue llamativo un chico que cumpli\u00f3 su sue\u00f1o de cantar\u00a0<i>M\u00edrenme Ahora<\/i>\u00a0(ten\u00eda una pancarta que dec\u00eda esto) mientras Myke le grababa desde todos los \u00e1ngulos con el m\u00f3vil del chico. Este tuvo, sin duda, el que ser\u00e1 el mejor v\u00eddeo de su vida.<\/p><p>El tramo final mezcl\u00f3 temas con los que se hizo conocido, como\u00a0<i>Bandido\u00a0<\/i>y\u00a0<i>La Curiosidad,<\/i>\u00a0con las m\u00e1s populares de los \u00faltimos tiempos, como\u00a0<i>Degenere\u00a0<\/i>y\u00a0<i>Playa del Ingles.\u00a0<\/i>El broche final lo pondr\u00eda<i>\u00a0La Falda<\/i>\u00a0con el que el Movistar Arena tembl\u00f3 con las casi 17.000 personas que se dejaron la garganta ante la tercera canci\u00f3n m\u00e1s escuchada del 2024 en Espa\u00f1a.<\/p><p>Myke demostr\u00f3 el motivo por el que es tan escuchado por la gente y se march\u00f3. La condici\u00f3n de artista es innegable y la de atleta se le podr\u00eda atribuir. Tras salir sudando del show debido a su actuaci\u00f3n y quitarse la camiseta para el clamor del p\u00fablico, ya pone rumbo a su siguiente destino, ya que todav\u00eda le quedan 16 conciertos en los pr\u00f3ximos 19 d\u00edas. En muchos rincones de la pen\u00ednsula se podr\u00e1 disfrutar de algo similar a lo vivido estos d\u00edas en Madrid.<\/p>\t\t\t\t\t\t\t\t<\/div>\n\t\t\t\t<\/div>\n\t\t\t\t\t<\/div>\n\t\t<\/div>\n\t\t\t\t\t<\/div>\n\t\t<\/section>\n\t\t\t\t<section class=\"elementor-section elementor-top-section elementor-element elementor-element-8ea478d elementor-section-boxed elementor-section-height-default elementor-section-height-default\" data-id=\"8ea478d\" data-element_type=\"section\" data-e-type=\"section\">\n\t\t\t\t\t\t<div class=\"elementor-container elementor-column-gap-default\">\n\t\t\t\t\t<div class=\"elementor-column elementor-col-100 elementor-top-column elementor-element elementor-element-08b7637\" data-id=\"08b7637\" data-element_type=\"column\" data-e-type=\"column\">\n\t\t\t<div class=\"elementor-widget-wrap\">\n\t\t\t\t\t\t\t<\/div>\n\t\t<\/div>\n\t\t\t\t\t<\/div>\n\t\t<\/section>\n\t\t\t\t<\/div>","protected":false},"excerpt":{"rendered":"<p>El tour europeo comenz\u00f3 en Madrid con un Myke Towers que cant\u00f3 las mejores canciones de todo su recorrido Dos noches m\u00e1gicas ha dejado Myke Towers en Madrid. El\u00a0Movistar Arena\u00a0fue testigo del inicio del tour europeo del puertorrique\u00f1o los pasados d\u00edas 20 y 21 de mayo. Esta gira gener\u00f3 cierta intriga y desconfianza entre los [&hellip;]<\/p>\n","protected":false},"author":10,"featured_media":4790,"comment_status":"closed","ping_status":"closed","sticky":false,"template":"","format":"standard","meta":{"footnotes":""},"categories":[4],"tags":[173,171,170,123,122,172],"class_list":["post-4787","post","type-post","status-publish","format-standard","has-post-thumbnail","hentry","category-musica","tag-concierto","tag-gira","tag-movistar-arena","tag-myke-towers","tag-myke-towers-la-pantera-negra","tag-tour"],"yoast_head":"<!-- This site is optimized with the Yoast SEO plugin v27.4 - https:\/\/yoast.com\/product\/yoast-seo-wordpress\/ -->\n<title>Myke Towers supera las expectativas en el Movistar Arena<\/title>\n<meta name=\"description\" content=\"El tour europeo comenz\u00f3 en Madrid con un Myke Towers que cant\u00f3 las mejores canciones de todo su recorrido\u200b\" \/>\n<meta name=\"robots\" content=\"index, follow, max-snippet:-1, max-image-preview:large, max-video-preview:-1\" \/>\n<link rel=\"canonical\" href=\"https:\/\/unaymilletras.com\/en\/myke-towers-supera-las-expectativas-en-el-movistar-arena\/\" \/>\n<meta property=\"og:locale\" content=\"en_GB\" \/>\n<meta property=\"og:type\" content=\"article\" \/>\n<meta property=\"og:title\" content=\"Myke Towers supera las expectativas en el Movistar Arena\" \/>\n<meta property=\"og:description\" content=\"El tour europeo comenz\u00f3 en Madrid con un Myke Towers que cant\u00f3 las mejores canciones de todo su recorrido\u200b\" \/>\n<meta property=\"og:url\" content=\"https:\/\/unaymilletras.com\/en\/myke-towers-supera-las-expectativas-en-el-movistar-arena\/\" \/>\n<meta property=\"og:site_name\" content=\"Una y Mil Letras\" \/>\n<meta property=\"article:published_time\" content=\"2025-05-23T13:00:00+00:00\" \/>\n<meta property=\"og:image\" content=\"https:\/\/unaymilletras.com\/wp-content\/uploads\/2025\/05\/MYKE-TOWERS-LA-PANTERA-NEGRA-TOUR-MADRID-20-05-25-4-scaled.jpg\" \/>\n\t<meta property=\"og:image:width\" content=\"2560\" \/>\n\t<meta property=\"og:image:height\" content=\"1707\" \/>\n\t<meta property=\"og:image:type\" content=\"image\/jpeg\" \/>\n<meta name=\"author\" content=\"David Hern\u00e1ndez\" \/>\n<meta name=\"twitter:card\" content=\"summary_large_image\" \/>\n<meta name=\"twitter:creator\" content=\"@UnaYMilLetras\" \/>\n<meta name=\"twitter:site\" content=\"@UnaYMilLetras\" \/>\n<meta name=\"twitter:label1\" content=\"Written by\" \/>\n\t<meta name=\"twitter:data1\" content=\"David Hern\u00e1ndez\" \/>\n\t<meta name=\"twitter:label2\" content=\"Estimated reading time\" \/>\n\t<meta name=\"twitter:data2\" content=\"4 minutes\" \/>\n<script type=\"application\/ld+json\" class=\"yoast-schema-graph\">{\"@context\":\"https:\\\/\\\/schema.org\",\"@graph\":[{\"@type\":\"Article\",\"@id\":\"https:\\\/\\\/unaymilletras.com\\\/myke-towers-supera-las-expectativas-en-el-movistar-arena\\\/#article\",\"isPartOf\":{\"@id\":\"https:\\\/\\\/unaymilletras.com\\\/myke-towers-supera-las-expectativas-en-el-movistar-arena\\\/\"},\"author\":{\"name\":\"David Hern\u00e1ndez\",\"@id\":\"http:\\\/\\\/unaymilletras.com\\\/#\\\/schema\\\/person\\\/0c171c80bc49a58d7a8ed3394548370c\"},\"headline\":\"Myke Towers supera las expectativas en el Movistar Arena\",\"datePublished\":\"2025-05-23T13:00:00+00:00\",\"mainEntityOfPage\":{\"@id\":\"https:\\\/\\\/unaymilletras.com\\\/myke-towers-supera-las-expectativas-en-el-movistar-arena\\\/\"},\"wordCount\":701,\"publisher\":{\"@id\":\"http:\\\/\\\/unaymilletras.com\\\/#organization\"},\"image\":{\"@id\":\"https:\\\/\\\/unaymilletras.com\\\/myke-towers-supera-las-expectativas-en-el-movistar-arena\\\/#primaryimage\"},\"thumbnailUrl\":\"https:\\\/\\\/unaymilletras.com\\\/wp-content\\\/uploads\\\/2025\\\/05\\\/MYKE-TOWERS-LA-PANTERA-NEGRA-TOUR-MADRID-20-05-25-4-scaled.jpg\",\"keywords\":[\"Concierto\",\"Gira\",\"Movistar Arena\",\"myke towers\",\"myke towers la pantera negra\",\"Tour\"],\"articleSection\":[\"M\u00fasica\"],\"inLanguage\":\"en-GB\"},{\"@type\":\"WebPage\",\"@id\":\"https:\\\/\\\/unaymilletras.com\\\/myke-towers-supera-las-expectativas-en-el-movistar-arena\\\/\",\"url\":\"https:\\\/\\\/unaymilletras.com\\\/myke-towers-supera-las-expectativas-en-el-movistar-arena\\\/\",\"name\":\"Myke Towers supera las expectativas en el Movistar Arena\",\"isPartOf\":{\"@id\":\"http:\\\/\\\/unaymilletras.com\\\/#website\"},\"primaryImageOfPage\":{\"@id\":\"https:\\\/\\\/unaymilletras.com\\\/myke-towers-supera-las-expectativas-en-el-movistar-arena\\\/#primaryimage\"},\"image\":{\"@id\":\"https:\\\/\\\/unaymilletras.com\\\/myke-towers-supera-las-expectativas-en-el-movistar-arena\\\/#primaryimage\"},\"thumbnailUrl\":\"https:\\\/\\\/unaymilletras.com\\\/wp-content\\\/uploads\\\/2025\\\/05\\\/MYKE-TOWERS-LA-PANTERA-NEGRA-TOUR-MADRID-20-05-25-4-scaled.jpg\",\"datePublished\":\"2025-05-23T13:00:00+00:00\",\"description\":\"El tour europeo comenz\u00f3 en Madrid con un Myke Towers que cant\u00f3 las mejores canciones de todo su recorrido\u200b\",\"breadcrumb\":{\"@id\":\"https:\\\/\\\/unaymilletras.com\\\/myke-towers-supera-las-expectativas-en-el-movistar-arena\\\/#breadcrumb\"},\"inLanguage\":\"en-GB\",\"potentialAction\":[{\"@type\":\"ReadAction\",\"target\":[\"https:\\\/\\\/unaymilletras.com\\\/myke-towers-supera-las-expectativas-en-el-movistar-arena\\\/\"]}]},{\"@type\":\"ImageObject\",\"inLanguage\":\"en-GB\",\"@id\":\"https:\\\/\\\/unaymilletras.com\\\/myke-towers-supera-las-expectativas-en-el-movistar-arena\\\/#primaryimage\",\"url\":\"https:\\\/\\\/unaymilletras.com\\\/wp-content\\\/uploads\\\/2025\\\/05\\\/MYKE-TOWERS-LA-PANTERA-NEGRA-TOUR-MADRID-20-05-25-4-scaled.jpg\",\"contentUrl\":\"https:\\\/\\\/unaymilletras.com\\\/wp-content\\\/uploads\\\/2025\\\/05\\\/MYKE-TOWERS-LA-PANTERA-NEGRA-TOUR-MADRID-20-05-25-4-scaled.jpg\",\"width\":2560,\"height\":1707,\"caption\":\"Myke Towers\"},{\"@type\":\"BreadcrumbList\",\"@id\":\"https:\\\/\\\/unaymilletras.com\\\/myke-towers-supera-las-expectativas-en-el-movistar-arena\\\/#breadcrumb\",\"itemListElement\":[{\"@type\":\"ListItem\",\"position\":1,\"name\":\"Home\",\"item\":\"http:\\\/\\\/unaymilletras.com\\\/\"},{\"@type\":\"ListItem\",\"position\":2,\"name\":\"Myke Towers supera las expectativas en el Movistar Arena\"}]},{\"@type\":\"WebSite\",\"@id\":\"http:\\\/\\\/unaymilletras.com\\\/#website\",\"url\":\"http:\\\/\\\/unaymilletras.com\\\/\",\"name\":\"Una y Mil Letras\",\"description\":\"\",\"publisher\":{\"@id\":\"http:\\\/\\\/unaymilletras.com\\\/#organization\"},\"potentialAction\":[{\"@type\":\"SearchAction\",\"target\":{\"@type\":\"EntryPoint\",\"urlTemplate\":\"http:\\\/\\\/unaymilletras.com\\\/?s={search_term_string}\"},\"query-input\":{\"@type\":\"PropertyValueSpecification\",\"valueRequired\":true,\"valueName\":\"search_term_string\"}}],\"inLanguage\":\"en-GB\"},{\"@type\":\"Organization\",\"@id\":\"http:\\\/\\\/unaymilletras.com\\\/#organization\",\"name\":\"Una y Mil Letras\",\"url\":\"http:\\\/\\\/unaymilletras.com\\\/\",\"logo\":{\"@type\":\"ImageObject\",\"inLanguage\":\"en-GB\",\"@id\":\"http:\\\/\\\/unaymilletras.com\\\/#\\\/schema\\\/logo\\\/image\\\/\",\"url\":\"https:\\\/\\\/unaymilletras.com\\\/wp-content\\\/uploads\\\/2024\\\/06\\\/cropped-Logo-removebg-preview.png\",\"contentUrl\":\"https:\\\/\\\/unaymilletras.com\\\/wp-content\\\/uploads\\\/2024\\\/06\\\/cropped-Logo-removebg-preview.png\",\"width\":512,\"height\":512,\"caption\":\"Una y Mil Letras\"},\"image\":{\"@id\":\"http:\\\/\\\/unaymilletras.com\\\/#\\\/schema\\\/logo\\\/image\\\/\"},\"sameAs\":[\"https:\\\/\\\/x.com\\\/UnaYMilLetras\",\"https:\\\/\\\/instagram.com\\\/UnaYMilLetras\"]},{\"@type\":\"Person\",\"@id\":\"http:\\\/\\\/unaymilletras.com\\\/#\\\/schema\\\/person\\\/0c171c80bc49a58d7a8ed3394548370c\",\"name\":\"David Hern\u00e1ndez\",\"image\":{\"@type\":\"ImageObject\",\"inLanguage\":\"en-GB\",\"@id\":\"https:\\\/\\\/secure.gravatar.com\\\/avatar\\\/86739d73874dcbc11e4278af33fb905704f5c29329727efb3b0e0bc838b0d469?s=96&d=mm&r=g\",\"url\":\"https:\\\/\\\/secure.gravatar.com\\\/avatar\\\/86739d73874dcbc11e4278af33fb905704f5c29329727efb3b0e0bc838b0d469?s=96&d=mm&r=g\",\"contentUrl\":\"https:\\\/\\\/secure.gravatar.com\\\/avatar\\\/86739d73874dcbc11e4278af33fb905704f5c29329727efb3b0e0bc838b0d469?s=96&d=mm&r=g\",\"caption\":\"David Hern\u00e1ndez\"},\"url\":\"https:\\\/\\\/unaymilletras.com\\\/en\\\/author\\\/davidesel\\\/\"}]}<\/script>\n<!-- \/ Yoast SEO plugin. -->","yoast_head_json":{"title":"Myke Towers supera las expectativas en el Movistar Arena","description":"El tour europeo comenz\u00f3 en Madrid con un Myke Towers que cant\u00f3 las mejores canciones de todo su recorrido\u200b","robots":{"index":"index","follow":"follow","max-snippet":"max-snippet:-1","max-image-preview":"max-image-preview:large","max-video-preview":"max-video-preview:-1"},"canonical":"https:\/\/unaymilletras.com\/en\/myke-towers-supera-las-expectativas-en-el-movistar-arena\/","og_locale":"en_GB","og_type":"article","og_title":"Myke Towers supera las expectativas en el Movistar Arena","og_description":"El tour europeo comenz\u00f3 en Madrid con un Myke Towers que cant\u00f3 las mejores canciones de todo su recorrido\u200b","og_url":"https:\/\/unaymilletras.com\/en\/myke-towers-supera-las-expectativas-en-el-movistar-arena\/","og_site_name":"Una y Mil Letras","article_published_time":"2025-05-23T13:00:00+00:00","og_image":[{"width":2560,"height":1707,"url":"https:\/\/unaymilletras.com\/wp-content\/uploads\/2025\/05\/MYKE-TOWERS-LA-PANTERA-NEGRA-TOUR-MADRID-20-05-25-4-scaled.jpg","type":"image\/jpeg"}],"author":"David Hern\u00e1ndez","twitter_card":"summary_large_image","twitter_creator":"@UnaYMilLetras","twitter_site":"@UnaYMilLetras","twitter_misc":{"Written by":"David Hern\u00e1ndez","Estimated reading time":"4 minutes"},"schema":{"@context":"https:\/\/schema.org","@graph":[{"@type":"Article","@id":"https:\/\/unaymilletras.com\/myke-towers-supera-las-expectativas-en-el-movistar-arena\/#article","isPartOf":{"@id":"https:\/\/unaymilletras.com\/myke-towers-supera-las-expectativas-en-el-movistar-arena\/"},"author":{"name":"David Hern\u00e1ndez","@id":"http:\/\/unaymilletras.com\/#\/schema\/person\/0c171c80bc49a58d7a8ed3394548370c"},"headline":"Myke Towers supera las expectativas en el Movistar Arena","datePublished":"2025-05-23T13:00:00+00:00","mainEntityOfPage":{"@id":"https:\/\/unaymilletras.com\/myke-towers-supera-las-expectativas-en-el-movistar-arena\/"},"wordCount":701,"publisher":{"@id":"http:\/\/unaymilletras.com\/#organization"},"image":{"@id":"https:\/\/unaymilletras.com\/myke-towers-supera-las-expectativas-en-el-movistar-arena\/#primaryimage"},"thumbnailUrl":"https:\/\/unaymilletras.com\/wp-content\/uploads\/2025\/05\/MYKE-TOWERS-LA-PANTERA-NEGRA-TOUR-MADRID-20-05-25-4-scaled.jpg","keywords":["Concierto","Gira","Movistar Arena","myke towers","myke towers la pantera negra","Tour"],"articleSection":["M\u00fasica"],"inLanguage":"en-GB"},{"@type":"WebPage","@id":"https:\/\/unaymilletras.com\/myke-towers-supera-las-expectativas-en-el-movistar-arena\/","url":"https:\/\/unaymilletras.com\/myke-towers-supera-las-expectativas-en-el-movistar-arena\/","name":"Myke Towers supera las expectativas en el Movistar Arena","isPartOf":{"@id":"http:\/\/unaymilletras.com\/#website"},"primaryImageOfPage":{"@id":"https:\/\/unaymilletras.com\/myke-towers-supera-las-expectativas-en-el-movistar-arena\/#primaryimage"},"image":{"@id":"https:\/\/unaymilletras.com\/myke-towers-supera-las-expectativas-en-el-movistar-arena\/#primaryimage"},"thumbnailUrl":"https:\/\/unaymilletras.com\/wp-content\/uploads\/2025\/05\/MYKE-TOWERS-LA-PANTERA-NEGRA-TOUR-MADRID-20-05-25-4-scaled.jpg","datePublished":"2025-05-23T13:00:00+00:00","description":"El tour europeo comenz\u00f3 en Madrid con un Myke Towers que cant\u00f3 las mejores canciones de todo su recorrido\u200b","breadcrumb":{"@id":"https:\/\/unaymilletras.com\/myke-towers-supera-las-expectativas-en-el-movistar-arena\/#breadcrumb"},"inLanguage":"en-GB","potentialAction":[{"@type":"ReadAction","target":["https:\/\/unaymilletras.com\/myke-towers-supera-las-expectativas-en-el-movistar-arena\/"]}]},{"@type":"ImageObject","inLanguage":"en-GB","@id":"https:\/\/unaymilletras.com\/myke-towers-supera-las-expectativas-en-el-movistar-arena\/#primaryimage","url":"https:\/\/unaymilletras.com\/wp-content\/uploads\/2025\/05\/MYKE-TOWERS-LA-PANTERA-NEGRA-TOUR-MADRID-20-05-25-4-scaled.jpg","contentUrl":"https:\/\/unaymilletras.com\/wp-content\/uploads\/2025\/05\/MYKE-TOWERS-LA-PANTERA-NEGRA-TOUR-MADRID-20-05-25-4-scaled.jpg","width":2560,"height":1707,"caption":"Myke Towers"},{"@type":"BreadcrumbList","@id":"https:\/\/unaymilletras.com\/myke-towers-supera-las-expectativas-en-el-movistar-arena\/#breadcrumb","itemListElement":[{"@type":"ListItem","position":1,"name":"Home","item":"http:\/\/unaymilletras.com\/"},{"@type":"ListItem","position":2,"name":"Myke Towers supera las expectativas en el Movistar Arena"}]},{"@type":"WebSite","@id":"http:\/\/unaymilletras.com\/#website","url":"http:\/\/unaymilletras.com\/","name":"Una y Mil Letras","description":"","publisher":{"@id":"http:\/\/unaymilletras.com\/#organization"},"potentialAction":[{"@type":"SearchAction","target":{"@type":"EntryPoint","urlTemplate":"http:\/\/unaymilletras.com\/?s={search_term_string}"},"query-input":{"@type":"PropertyValueSpecification","valueRequired":true,"valueName":"search_term_string"}}],"inLanguage":"en-GB"},{"@type":"Organization","@id":"http:\/\/unaymilletras.com\/#organization","name":"Una y Mil Letras","url":"http:\/\/unaymilletras.com\/","logo":{"@type":"ImageObject","inLanguage":"en-GB","@id":"http:\/\/unaymilletras.com\/#\/schema\/logo\/image\/","url":"https:\/\/unaymilletras.com\/wp-content\/uploads\/2024\/06\/cropped-Logo-removebg-preview.png","contentUrl":"https:\/\/unaymilletras.com\/wp-content\/uploads\/2024\/06\/cropped-Logo-removebg-preview.png","width":512,"height":512,"caption":"Una y Mil Letras"},"image":{"@id":"http:\/\/unaymilletras.com\/#\/schema\/logo\/image\/"},"sameAs":["https:\/\/x.com\/UnaYMilLetras","https:\/\/instagram.com\/UnaYMilLetras"]},{"@type":"Person","@id":"http:\/\/unaymilletras.com\/#\/schema\/person\/0c171c80bc49a58d7a8ed3394548370c","name":"David Hern\u00e1ndez","image":{"@type":"ImageObject","inLanguage":"en-GB","@id":"https:\/\/secure.gravatar.com\/avatar\/86739d73874dcbc11e4278af33fb905704f5c29329727efb3b0e0bc838b0d469?s=96&d=mm&r=g","url":"https:\/\/secure.gravatar.com\/avatar\/86739d73874dcbc11e4278af33fb905704f5c29329727efb3b0e0bc838b0d469?s=96&d=mm&r=g","contentUrl":"https:\/\/secure.gravatar.com\/avatar\/86739d73874dcbc11e4278af33fb905704f5c29329727efb3b0e0bc838b0d469?s=96&d=mm&r=g","caption":"David Hern\u00e1ndez"},"url":"https:\/\/unaymilletras.com\/en\/author\/davidesel\/"}]}},"_links":{"self":[{"href":"https:\/\/unaymilletras.com\/en\/wp-json\/wp\/v2\/posts\/4787","targetHints":{"allow":["GET"]}}],"collection":[{"href":"https:\/\/unaymilletras.com\/en\/wp-json\/wp\/v2\/posts"}],"about":[{"href":"https:\/\/unaymilletras.com\/en\/wp-json\/wp\/v2\/types\/post"}],"author":[{"embeddable":true,"href":"https:\/\/unaymilletras.com\/en\/wp-json\/wp\/v2\/users\/10"}],"replies":[{"embeddable":true,"href":"https:\/\/unaymilletras.com\/en\/wp-json\/wp\/v2\/comments?post=4787"}],"version-history":[{"count":13,"href":"https:\/\/unaymilletras.com\/en\/wp-json\/wp\/v2\/posts\/4787\/revisions"}],"predecessor-version":[{"id":4802,"href":"https:\/\/unaymilletras.com\/en\/wp-json\/wp\/v2\/posts\/4787\/revisions\/4802"}],"wp:featuredmedia":[{"embeddable":true,"href":"https:\/\/unaymilletras.com\/en\/wp-json\/wp\/v2\/media\/4790"}],"wp:attachment":[{"href":"https:\/\/unaymilletras.com\/en\/wp-json\/wp\/v2\/media?parent=4787"}],"wp:term":[{"taxonomy":"category","embeddable":true,"href":"https:\/\/unaymilletras.com\/en\/wp-json\/wp\/v2\/categories?post=4787"},{"taxonomy":"post_tag","embeddable":true,"href":"https:\/\/unaymilletras.com\/en\/wp-json\/wp\/v2\/tags?post=4787"}],"curies":[{"name":"wp","href":"https:\/\/api.w.org\/{rel}","templated":true}]}}