{"id":4803,"date":"2025-05-23T12:00:22","date_gmt":"2025-05-23T10:00:22","guid":{"rendered":"https:\/\/unaymilletras.com\/?p=4803"},"modified":"2025-05-25T00:49:42","modified_gmt":"2025-05-24T22:49:42","slug":"vic-mirallas-despues-de-esta-gira-y-de-este-ep-quiero-parar-un-tiempo","status":"publish","type":"post","link":"https:\/\/unaymilletras.com\/en\/vic-mirallas-despues-de-esta-gira-y-de-este-ep-quiero-parar-un-tiempo\/","title":{"rendered":"Vic Mirallas: \u00abDespu\u00e9s de esta gira y de este EP quiero parar un tiempo\u00bb"},"content":{"rendered":"<div data-elementor-type=\"wp-post\" data-elementor-id=\"4803\" class=\"elementor elementor-4803\">\n\t\t\t\t\t\t<section class=\"elementor-section elementor-top-section elementor-element elementor-element-9cd1e8a elementor-section-boxed elementor-section-height-default elementor-section-height-default\" data-id=\"9cd1e8a\" data-element_type=\"section\" data-e-type=\"section\">\n\t\t\t\t\t\t<div class=\"elementor-container elementor-column-gap-default\">\n\t\t\t\t\t<div class=\"elementor-column elementor-col-100 elementor-top-column elementor-element elementor-element-724a022\" data-id=\"724a022\" data-element_type=\"column\" data-e-type=\"column\">\n\t\t\t<div class=\"elementor-widget-wrap elementor-element-populated\">\n\t\t\t\t\t\t<div class=\"elementor-element elementor-element-c6b44b9 elementor-widget elementor-widget-text-editor\" data-id=\"c6b44b9\" data-element_type=\"widget\" data-e-type=\"widget\" data-widget_type=\"text-editor.default\">\n\t\t\t\t<div class=\"elementor-widget-container\">\n\t\t\t\t\t\t\t\t\t<h2 style=\"text-align: center;\"><span style=\"color: #808080;\"><em>Con una propuesta sonora \u00fanica y un papel clave en la industria, Vic Mirallas se posiciona como una de las voces m\u00e1s prometedoras<\/em><\/span><\/h2>\t\t\t\t\t\t\t\t<\/div>\n\t\t\t\t<\/div>\n\t\t\t\t\t<\/div>\n\t\t<\/div>\n\t\t\t\t\t<\/div>\n\t\t<\/section>\n\t\t\t\t<section class=\"elementor-section elementor-top-section elementor-element elementor-element-c565155 elementor-section-boxed elementor-section-height-default elementor-section-height-default\" data-id=\"c565155\" data-element_type=\"section\" data-e-type=\"section\">\n\t\t\t\t\t\t<div class=\"elementor-container elementor-column-gap-default\">\n\t\t\t\t\t<div class=\"elementor-column elementor-col-100 elementor-top-column elementor-element elementor-element-183785e\" data-id=\"183785e\" data-element_type=\"column\" data-e-type=\"column\">\n\t\t\t<div class=\"elementor-widget-wrap elementor-element-populated\">\n\t\t\t\t\t\t<div class=\"elementor-element elementor-element-ff3bf34 elementor-widget elementor-widget-text-editor\" data-id=\"ff3bf34\" data-element_type=\"widget\" data-e-type=\"widget\" data-widget_type=\"text-editor.default\">\n\t\t\t\t<div class=\"elementor-widget-container\">\n\t\t\t\t\t\t\t\t\t<p data-start=\"117\" data-end=\"543\">Vic Mirallas es uno de esos artistas que logra destacar por su autenticidad y talento multifac\u00e9tico. Con una s\u00f3lida formaci\u00f3n musical y una capacidad innata para fusionar estilos como el pop, el r&amp;b, el jazz y el urbano, ha construido una propuesta \u00fanica dentro del panorama actual. Sus canciones suman millones de reproducciones y ha colaborado con nombres de gran peso como Camilo, Don Patricio, Juancho Marqu\u00e9s o Ca7riel.<\/p><p data-start=\"545\" data-end=\"900\" data-is-last-node=\"\" data-is-only-node=\"\">A esto se suman hitos como el <em data-start=\"575\" data-end=\"585\">sold out<\/em> en salas como Villanos o La 2 de Apolo, su papel como coach en la Academia de OT 2024, y su labor como director art\u00edstico en la gira de OT, en Tu Otra Bonita o en la serie <em data-start=\"758\" data-end=\"771\">Mariliendre<\/em> de Los Javis. En esta entrevista, hablamos con Vic sobre su evoluci\u00f3n art\u00edstica, sus proyectos actuales y lo que est\u00e1 por venir.<\/p>\t\t\t\t\t\t\t\t<\/div>\n\t\t\t\t<\/div>\n\t\t\t\t\t<\/div>\n\t\t<\/div>\n\t\t\t\t\t<\/div>\n\t\t<\/section>\n\t\t\t\t<section class=\"elementor-section elementor-top-section elementor-element elementor-element-bb2ebe0 elementor-section-boxed elementor-section-height-default elementor-section-height-default\" data-id=\"bb2ebe0\" data-element_type=\"section\" data-e-type=\"section\">\n\t\t\t\t\t\t<div class=\"elementor-container elementor-column-gap-default\">\n\t\t\t\t\t<div class=\"elementor-column elementor-col-100 elementor-top-column elementor-element elementor-element-7e64687\" data-id=\"7e64687\" data-element_type=\"column\" data-e-type=\"column\">\n\t\t\t<div class=\"elementor-widget-wrap elementor-element-populated\">\n\t\t\t\t\t\t<div class=\"elementor-element elementor-element-69d2cb2 elementor-widget elementor-widget-text-editor\" data-id=\"69d2cb2\" data-element_type=\"widget\" data-e-type=\"widget\" data-widget_type=\"text-editor.default\">\n\t\t\t\t<div class=\"elementor-widget-container\">\n\t\t\t\t\t\t\t\t\t<p class=\"p1\"><em><strong>\u00bfQu\u00e9 fue lo primero que grabaste de \u201cM\u00e1s que eso\u201d? \u00bfLetra, melod\u00eda,<span class=\"s2\"> armon\u00eda?<br \/><\/span><\/strong><\/em>En el caso de la canci\u00f3n \u201cm\u00e1s que eso\u201d ten\u00eda muy claro de lo que quer\u00eda <span class=\"s2\">escribir <\/span>as\u00ed que empec\u00e9 con la letra, era una situaci\u00f3n muy personal que necesitaba sacarme de <span class=\"s2\">encima.<\/span><\/p><p class=\"p5\">A\u00fan as\u00ed, tenia la melod\u00eda que hace el sintetizador pensada de antes y la quer\u00eda usar s\u00ed o s\u00ed que termin\u00f3 fusion\u00e1ndose con la letra que paralelamente estaba escribiendo.<\/p>\t\t\t\t\t\t\t\t<\/div>\n\t\t\t\t<\/div>\n\t\t\t\t\t<\/div>\n\t\t<\/div>\n\t\t\t\t\t<\/div>\n\t\t<\/section>\n\t\t\t\t<section class=\"elementor-section elementor-top-section elementor-element elementor-element-c1f5085 elementor-section-boxed elementor-section-height-default elementor-section-height-default\" data-id=\"c1f5085\" data-element_type=\"section\" data-e-type=\"section\">\n\t\t\t\t\t\t<div class=\"elementor-container elementor-column-gap-default\">\n\t\t\t\t\t<div class=\"elementor-column elementor-col-50 elementor-top-column elementor-element elementor-element-f7520ab\" data-id=\"f7520ab\" data-element_type=\"column\" data-e-type=\"column\">\n\t\t\t<div class=\"elementor-widget-wrap elementor-element-populated\">\n\t\t\t\t\t\t<div class=\"elementor-element elementor-element-2df254f elementor-widget elementor-widget-text-editor\" data-id=\"2df254f\" data-element_type=\"widget\" data-e-type=\"widget\" data-widget_type=\"text-editor.default\">\n\t\t\t\t<div class=\"elementor-widget-container\">\n\t\t\t\t\t\t\t\t\t<p class=\"p1\"><em><strong>\u00bfPor qu\u00e9 decidiste empezar esta etapa con \u201cM\u00e1s que eso\u201d y no otro<span class=\"s2\"> tema?<br><\/span><\/strong><\/em>Siempre me ha costado ordenar los temas de una forma l\u00f3gica, para mi el momento en el que los temas fueron concebidos, producidos y mezclados ya es suficiente para<span class=\"s1\"> c<\/span>ompartirlos. Si no, ya me ha pasado varias veces que pasas demasiado tiempo en sacarlo y pierdes el \u201cfeeling\u201d con el que lo <span class=\"s2\">escribiste.<\/span><\/p>\n<p class=\"p1\"><em><strong><span class=\"s1\">\u00bfTienes alguna canci\u00f3n guardada desde hace a\u00f1os que por fin est\u00e1s preparado para lanzar?<br><\/span><\/strong><\/em>C\u00f3mo he dicho intento que no pase mucho tiempo, aunque a veces por temas colaborativos es necesario esperar, la canci\u00f3n con MARO <i>tal vez<\/i>&nbsp;la compuse hace dos a\u00f1os y era una versi\u00f3n totalmente diferente, bastante <span class=\"s6\">electr\u00f3nica.<\/span><\/p>\t\t\t\t\t\t\t\t<\/div>\n\t\t\t\t<\/div>\n\t\t\t\t\t<\/div>\n\t\t<\/div>\n\t\t\t\t<div class=\"elementor-column elementor-col-50 elementor-top-column elementor-element elementor-element-0b60319\" data-id=\"0b60319\" data-element_type=\"column\" data-e-type=\"column\">\n\t\t\t<div class=\"elementor-widget-wrap elementor-element-populated\">\n\t\t\t\t\t\t<div class=\"elementor-element elementor-element-c81e871 elementor-widget elementor-widget-image\" data-id=\"c81e871\" data-element_type=\"widget\" data-e-type=\"widget\" data-widget_type=\"image.default\">\n\t\t\t\t<div class=\"elementor-widget-container\">\n\t\t\t\t\t\t\t\t\t\t\t\t\t\t\t<img fetchpriority=\"high\" decoding=\"async\" width=\"640\" height=\"640\" src=\"https:\/\/unaymilletras.com\/wp-content\/uploads\/2025\/05\/VICM-SEVILLA-POST-1024x1024.jpg\" class=\"attachment-large size-large wp-image-4805\" alt=\"Vic Mirallas\" srcset=\"https:\/\/unaymilletras.com\/wp-content\/uploads\/2025\/05\/VICM-SEVILLA-POST-1024x1024.jpg 1024w, https:\/\/unaymilletras.com\/wp-content\/uploads\/2025\/05\/VICM-SEVILLA-POST-300x300.jpg 300w, https:\/\/unaymilletras.com\/wp-content\/uploads\/2025\/05\/VICM-SEVILLA-POST-150x150.jpg 150w, https:\/\/unaymilletras.com\/wp-content\/uploads\/2025\/05\/VICM-SEVILLA-POST-768x768.jpg 768w, https:\/\/unaymilletras.com\/wp-content\/uploads\/2025\/05\/VICM-SEVILLA-POST-12x12.jpg 12w, https:\/\/unaymilletras.com\/wp-content\/uploads\/2025\/05\/VICM-SEVILLA-POST-e1747993961396.jpg 600w\" sizes=\"(max-width: 640px) 100vw, 640px\" \/>\t\t\t\t\t\t\t\t\t\t\t\t\t\t\t<\/div>\n\t\t\t\t<\/div>\n\t\t\t\t\t<\/div>\n\t\t<\/div>\n\t\t\t\t\t<\/div>\n\t\t<\/section>\n\t\t\t\t<section class=\"elementor-section elementor-top-section elementor-element elementor-element-dbcb3b1 elementor-section-boxed elementor-section-height-default elementor-section-height-default\" data-id=\"dbcb3b1\" data-element_type=\"section\" data-e-type=\"section\">\n\t\t\t\t\t\t<div class=\"elementor-container elementor-column-gap-default\">\n\t\t\t\t\t<div class=\"elementor-column elementor-col-100 elementor-top-column elementor-element elementor-element-ea8ab3c\" data-id=\"ea8ab3c\" data-element_type=\"column\" data-e-type=\"column\">\n\t\t\t<div class=\"elementor-widget-wrap elementor-element-populated\">\n\t\t\t\t\t\t<div class=\"elementor-element elementor-element-e1f4de3 elementor-widget elementor-widget-text-editor\" data-id=\"e1f4de3\" data-element_type=\"widget\" data-e-type=\"widget\" data-widget_type=\"text-editor.default\">\n\t\t\t\t<div class=\"elementor-widget-container\">\n\t\t\t\t\t\t\t\t\t<p class=\"p1\"><em><strong>A la hora de componer, \u00bfprefieres componer en soledad o en colaboraci\u00f3n con otros artistas?<br \/><\/strong><\/em>Va por \u00e9pocas, creo que la parte musical me gusta hacerla solo, experimentar y buscar melod\u00edas y harmon\u00edas yo solito, creo que este es mi fuerte. Con las letras, a no ser que me levante muy inspirado y tenga muy claro lo que quiero transmitir, siento que me aporta mucho componer en <span class=\"s9\">colaboraci\u00f3n<\/span><\/p><p class=\"p3\"><em><strong>\u00bfTienes claro el formato final del proyecto o est\u00e1s dej\u00e1ndote <\/strong><span class=\"s9\"><strong>llevar?<\/strong> <br \/><\/span><\/em>Siempre me he dejado llevar, incluso demasiado. Despu\u00e9s de esta gira en solitario y de este EP quiero parar un tiempo, ir a mi pueblo, desconectar de las redes y pensarme bien todos los aspectos de mi proyecto antes de sacar lo que ser\u00e1 mi tercer <span class=\"s9\">disco.<\/span><\/p><p class=\"p1\"><em><strong>\u00bfTienes alguna rutina emocional o mental antes de un<span class=\"s9\"> concierto?<br \/><\/span><\/strong><\/em>Me gusta estar solo antes de los conciertos, o con mi banda, cuando voy con ellos. No me gusta hablar con gente ni que me coman mucho la oreja, de hecho es posible que est\u00e9 un poco de mal humor antes de salir. Hago respiraciones, toco el saxo, notas largas <span class=\"s3\">etc\u2026<\/span><\/p>\t\t\t\t\t\t\t\t<\/div>\n\t\t\t\t<\/div>\n\t\t\t\t\t<\/div>\n\t\t<\/div>\n\t\t\t\t\t<\/div>\n\t\t<\/section>\n\t\t\t\t<section class=\"elementor-section elementor-top-section elementor-element elementor-element-f971272 elementor-section-boxed elementor-section-height-default elementor-section-height-default\" data-id=\"f971272\" data-element_type=\"section\" data-e-type=\"section\">\n\t\t\t\t\t\t<div class=\"elementor-container elementor-column-gap-default\">\n\t\t\t\t\t<div class=\"elementor-column elementor-col-100 elementor-top-column elementor-element elementor-element-20f28d9\" data-id=\"20f28d9\" data-element_type=\"column\" data-e-type=\"column\">\n\t\t\t<div class=\"elementor-widget-wrap elementor-element-populated\">\n\t\t\t\t\t\t<div class=\"elementor-element elementor-element-2c0ef66 elementor-widget elementor-widget-video\" data-id=\"2c0ef66\" data-element_type=\"widget\" data-e-type=\"widget\" data-settings=\"{&quot;youtube_url&quot;:&quot;https:\\\/\\\/www.youtube.com\\\/watch?v=Ho4A8FLBNHM&amp;ab_channel=VicMirallas&quot;,&quot;video_type&quot;:&quot;youtube&quot;,&quot;controls&quot;:&quot;yes&quot;}\" data-widget_type=\"video.default\">\n\t\t\t\t<div class=\"elementor-widget-container\">\n\t\t\t\t\t\t\t<div class=\"elementor-wrapper elementor-open-inline\">\n\t\t\t<div class=\"elementor-video\"><\/div>\t\t<\/div>\n\t\t\t\t\t\t<\/div>\n\t\t\t\t<\/div>\n\t\t\t\t\t<\/div>\n\t\t<\/div>\n\t\t\t\t\t<\/div>\n\t\t<\/section>\n\t\t\t\t<section class=\"elementor-section elementor-top-section elementor-element elementor-element-edfa823 elementor-section-boxed elementor-section-height-default elementor-section-height-default\" data-id=\"edfa823\" data-element_type=\"section\" data-e-type=\"section\">\n\t\t\t\t\t\t<div class=\"elementor-container elementor-column-gap-default\">\n\t\t\t\t\t<div class=\"elementor-column elementor-col-100 elementor-top-column elementor-element elementor-element-5001ea8\" data-id=\"5001ea8\" data-element_type=\"column\" data-e-type=\"column\">\n\t\t\t<div class=\"elementor-widget-wrap elementor-element-populated\">\n\t\t\t\t\t\t<div class=\"elementor-element elementor-element-567d125 elementor-widget elementor-widget-text-editor\" data-id=\"567d125\" data-element_type=\"widget\" data-e-type=\"widget\" data-widget_type=\"text-editor.default\">\n\t\t\t\t<div class=\"elementor-widget-container\">\n\t\t\t\t\t\t\t\t\t<p class=\"p1\"><em><strong>\u00bfQu\u00e9 ciudad te ha sorprendido m\u00e1s en tus \u00faltimos conciertos por la conexi\u00f3n con la<span class=\"s2\"> gente?<br \/><\/span><\/strong><\/em>Justo antes de ayer tocamos en St Feliu de Llobregat, una ciudad a la periferia de Barcelona, que se ve que es una plaza dif\u00edcil, o eso dicen. En ese caso vino bastante gente y la energ\u00eda fue incre\u00edble, me sent\u00ed super <span class=\"s2\">arropado.<\/span><\/p><p class=\"p3\"><em><strong><span class=\"s6\">\u00bfQu\u00e9 canci\u00f3n nunca puede faltar en tu repertorio aunque est\u00e9s en una nueva etapa?<br \/><\/span><\/strong><\/em>Siempre he tocado la de <i>super vac\u00edo<\/i>\u00a0aunque en streaming no tenga muchos n\u00fameros siento que en concierto aporta una energ\u00eda muy vacilona, tambi\u00e9n es verdad que estoy pensando en dejarla de tocar para mis pr\u00f3ximos shows y renovar un poco mi <span class=\"s2\">repertorio.<\/span><\/p><p class=\"p1\"><em><strong>T\u00fa le has ense\u00f1ado mucho a los chicos de <span style=\"color: #808080;\"><a style=\"color: #808080;\" href=\"https:\/\/unaymilletras.com\/en\/los-castings-de-operacion-triunfo-baten-records\/\">OT<\/a><\/span> pero, \u00bfqu\u00e9 te han ense\u00f1ado ellos a ti?<br \/><\/strong><\/em>Pues much\u00edsimo, la verdad, yo entr\u00e9 en la academia como profesor pero me sent\u00ed mucho m\u00e1s \u201cproductor\u201d de directos. Vas viendo cuales son sus fortalezas y debilidades y decides potenciarlas para que den lo m\u00e1ximo de ellxs en las galas. Es muy importante escucharlos, preguntarles c\u00f3mo se <span class=\"s2\">sienten <\/span>e intentar empatizar con ellxs porqu\u00e9 est\u00e1n viviendo una monta\u00f1a rusa de<span class=\"s2\"> emociones.<\/span><\/p>\t\t\t\t\t\t\t\t<\/div>\n\t\t\t\t<\/div>\n\t\t\t\t\t<\/div>\n\t\t<\/div>\n\t\t\t\t\t<\/div>\n\t\t<\/section>\n\t\t\t\t<\/div>","protected":false},"excerpt":{"rendered":"<p>Con una propuesta sonora \u00fanica y un papel clave en la industria, Vic Mirallas se posiciona como una de las voces m\u00e1s prometedoras Vic Mirallas es uno de esos artistas que logra destacar por su autenticidad y talento multifac\u00e9tico. Con una s\u00f3lida formaci\u00f3n musical y una capacidad innata para fusionar estilos como el pop, el [&hellip;]<\/p>\n","protected":false},"author":1,"featured_media":4805,"comment_status":"closed","ping_status":"closed","sticky":false,"template":"","format":"standard","meta":{"footnotes":""},"categories":[4],"tags":[],"class_list":["post-4803","post","type-post","status-publish","format-standard","has-post-thumbnail","hentry","category-musica"],"yoast_head":"<!-- This site is optimized with the Yoast SEO plugin v27.4 - https:\/\/yoast.com\/product\/yoast-seo-wordpress\/ -->\n<title>Vic Mirallas: &quot;Despu\u00e9s de esta gira y de este EP quiero parar un tiempo&quot;<\/title>\n<meta name=\"description\" content=\"Con una propuesta sonora \u00fanica y un papel clave en la industria, Vic Mirallas se posiciona como una de las voces m\u00e1s prometedoras\" \/>\n<meta name=\"robots\" content=\"index, follow, max-snippet:-1, max-image-preview:large, max-video-preview:-1\" \/>\n<link rel=\"canonical\" href=\"https:\/\/unaymilletras.com\/en\/vic-mirallas-despues-de-esta-gira-y-de-este-ep-quiero-parar-un-tiempo\/\" \/>\n<meta property=\"og:locale\" content=\"en_GB\" \/>\n<meta property=\"og:type\" content=\"article\" \/>\n<meta property=\"og:title\" content=\"Vic Mirallas: &quot;Despu\u00e9s de esta gira y de este EP quiero parar un tiempo&quot;\" \/>\n<meta property=\"og:description\" content=\"Con una propuesta sonora \u00fanica y un papel clave en la industria, Vic Mirallas se posiciona como una de las voces m\u00e1s prometedoras\" \/>\n<meta property=\"og:url\" content=\"https:\/\/unaymilletras.com\/en\/vic-mirallas-despues-de-esta-gira-y-de-este-ep-quiero-parar-un-tiempo\/\" \/>\n<meta property=\"og:site_name\" content=\"Una y Mil Letras\" \/>\n<meta property=\"article:published_time\" content=\"2025-05-23T10:00:22+00:00\" \/>\n<meta property=\"article:modified_time\" content=\"2025-05-24T22:49:42+00:00\" \/>\n<meta property=\"og:image\" content=\"http:\/\/unaymilletras.com\/wp-content\/uploads\/2025\/05\/VICM-SEVILLA-POST-e1747993961396.jpg\" \/>\n\t<meta property=\"og:image:width\" content=\"600\" \/>\n\t<meta property=\"og:image:height\" content=\"600\" \/>\n\t<meta property=\"og:image:type\" content=\"image\/jpeg\" \/>\n<meta name=\"author\" content=\"Maria Gil Robledo\" \/>\n<meta name=\"twitter:card\" content=\"summary_large_image\" \/>\n<meta name=\"twitter:creator\" content=\"@UnaYMilLetras\" \/>\n<meta name=\"twitter:site\" content=\"@UnaYMilLetras\" \/>\n<meta name=\"twitter:label1\" content=\"Written by\" \/>\n\t<meta name=\"twitter:data1\" content=\"Maria Gil Robledo\" \/>\n\t<meta name=\"twitter:label2\" content=\"Estimated reading time\" \/>\n\t<meta name=\"twitter:data2\" content=\"4 minutes\" \/>\n<script type=\"application\/ld+json\" class=\"yoast-schema-graph\">{\"@context\":\"https:\\\/\\\/schema.org\",\"@graph\":[{\"@type\":\"Article\",\"@id\":\"https:\\\/\\\/unaymilletras.com\\\/vic-mirallas-despues-de-esta-gira-y-de-este-ep-quiero-parar-un-tiempo\\\/#article\",\"isPartOf\":{\"@id\":\"https:\\\/\\\/unaymilletras.com\\\/vic-mirallas-despues-de-esta-gira-y-de-este-ep-quiero-parar-un-tiempo\\\/\"},\"author\":{\"name\":\"Maria Gil Robledo\",\"@id\":\"http:\\\/\\\/unaymilletras.com\\\/#\\\/schema\\\/person\\\/d55ba681b8a4e463d8982dbe36a5dc94\"},\"headline\":\"Vic Mirallas: \u00abDespu\u00e9s de esta gira y de este EP quiero parar un tiempo\u00bb\",\"datePublished\":\"2025-05-23T10:00:22+00:00\",\"dateModified\":\"2025-05-24T22:49:42+00:00\",\"mainEntityOfPage\":{\"@id\":\"https:\\\/\\\/unaymilletras.com\\\/vic-mirallas-despues-de-esta-gira-y-de-este-ep-quiero-parar-un-tiempo\\\/\"},\"wordCount\":823,\"publisher\":{\"@id\":\"http:\\\/\\\/unaymilletras.com\\\/#organization\"},\"image\":{\"@id\":\"https:\\\/\\\/unaymilletras.com\\\/vic-mirallas-despues-de-esta-gira-y-de-este-ep-quiero-parar-un-tiempo\\\/#primaryimage\"},\"thumbnailUrl\":\"https:\\\/\\\/unaymilletras.com\\\/wp-content\\\/uploads\\\/2025\\\/05\\\/VICM-SEVILLA-POST-e1747993961396.jpg\",\"articleSection\":[\"M\u00fasica\"],\"inLanguage\":\"en-GB\"},{\"@type\":\"WebPage\",\"@id\":\"https:\\\/\\\/unaymilletras.com\\\/vic-mirallas-despues-de-esta-gira-y-de-este-ep-quiero-parar-un-tiempo\\\/\",\"url\":\"https:\\\/\\\/unaymilletras.com\\\/vic-mirallas-despues-de-esta-gira-y-de-este-ep-quiero-parar-un-tiempo\\\/\",\"name\":\"Vic Mirallas: \\\"Despu\u00e9s de esta gira y de este EP quiero parar un tiempo\\\"\",\"isPartOf\":{\"@id\":\"http:\\\/\\\/unaymilletras.com\\\/#website\"},\"primaryImageOfPage\":{\"@id\":\"https:\\\/\\\/unaymilletras.com\\\/vic-mirallas-despues-de-esta-gira-y-de-este-ep-quiero-parar-un-tiempo\\\/#primaryimage\"},\"image\":{\"@id\":\"https:\\\/\\\/unaymilletras.com\\\/vic-mirallas-despues-de-esta-gira-y-de-este-ep-quiero-parar-un-tiempo\\\/#primaryimage\"},\"thumbnailUrl\":\"https:\\\/\\\/unaymilletras.com\\\/wp-content\\\/uploads\\\/2025\\\/05\\\/VICM-SEVILLA-POST-e1747993961396.jpg\",\"datePublished\":\"2025-05-23T10:00:22+00:00\",\"dateModified\":\"2025-05-24T22:49:42+00:00\",\"description\":\"Con una propuesta sonora \u00fanica y un papel clave en la industria, Vic Mirallas se posiciona como una de las voces m\u00e1s prometedoras\",\"breadcrumb\":{\"@id\":\"https:\\\/\\\/unaymilletras.com\\\/vic-mirallas-despues-de-esta-gira-y-de-este-ep-quiero-parar-un-tiempo\\\/#breadcrumb\"},\"inLanguage\":\"en-GB\",\"potentialAction\":[{\"@type\":\"ReadAction\",\"target\":[\"https:\\\/\\\/unaymilletras.com\\\/vic-mirallas-despues-de-esta-gira-y-de-este-ep-quiero-parar-un-tiempo\\\/\"]}]},{\"@type\":\"ImageObject\",\"inLanguage\":\"en-GB\",\"@id\":\"https:\\\/\\\/unaymilletras.com\\\/vic-mirallas-despues-de-esta-gira-y-de-este-ep-quiero-parar-un-tiempo\\\/#primaryimage\",\"url\":\"https:\\\/\\\/unaymilletras.com\\\/wp-content\\\/uploads\\\/2025\\\/05\\\/VICM-SEVILLA-POST-e1747993961396.jpg\",\"contentUrl\":\"https:\\\/\\\/unaymilletras.com\\\/wp-content\\\/uploads\\\/2025\\\/05\\\/VICM-SEVILLA-POST-e1747993961396.jpg\",\"width\":600,\"height\":600,\"caption\":\"Vic Mirallas\"},{\"@type\":\"BreadcrumbList\",\"@id\":\"https:\\\/\\\/unaymilletras.com\\\/vic-mirallas-despues-de-esta-gira-y-de-este-ep-quiero-parar-un-tiempo\\\/#breadcrumb\",\"itemListElement\":[{\"@type\":\"ListItem\",\"position\":1,\"name\":\"Home\",\"item\":\"http:\\\/\\\/unaymilletras.com\\\/\"},{\"@type\":\"ListItem\",\"position\":2,\"name\":\"Vic Mirallas: \u00abDespu\u00e9s de esta gira y de este EP quiero parar un tiempo\u00bb\"}]},{\"@type\":\"WebSite\",\"@id\":\"http:\\\/\\\/unaymilletras.com\\\/#website\",\"url\":\"http:\\\/\\\/unaymilletras.com\\\/\",\"name\":\"Una y Mil Letras\",\"description\":\"\",\"publisher\":{\"@id\":\"http:\\\/\\\/unaymilletras.com\\\/#organization\"},\"potentialAction\":[{\"@type\":\"SearchAction\",\"target\":{\"@type\":\"EntryPoint\",\"urlTemplate\":\"http:\\\/\\\/unaymilletras.com\\\/?s={search_term_string}\"},\"query-input\":{\"@type\":\"PropertyValueSpecification\",\"valueRequired\":true,\"valueName\":\"search_term_string\"}}],\"inLanguage\":\"en-GB\"},{\"@type\":\"Organization\",\"@id\":\"http:\\\/\\\/unaymilletras.com\\\/#organization\",\"name\":\"Una y Mil Letras\",\"url\":\"http:\\\/\\\/unaymilletras.com\\\/\",\"logo\":{\"@type\":\"ImageObject\",\"inLanguage\":\"en-GB\",\"@id\":\"http:\\\/\\\/unaymilletras.com\\\/#\\\/schema\\\/logo\\\/image\\\/\",\"url\":\"https:\\\/\\\/unaymilletras.com\\\/wp-content\\\/uploads\\\/2024\\\/06\\\/cropped-Logo-removebg-preview.png\",\"contentUrl\":\"https:\\\/\\\/unaymilletras.com\\\/wp-content\\\/uploads\\\/2024\\\/06\\\/cropped-Logo-removebg-preview.png\",\"width\":512,\"height\":512,\"caption\":\"Una y Mil Letras\"},\"image\":{\"@id\":\"http:\\\/\\\/unaymilletras.com\\\/#\\\/schema\\\/logo\\\/image\\\/\"},\"sameAs\":[\"https:\\\/\\\/x.com\\\/UnaYMilLetras\",\"https:\\\/\\\/instagram.com\\\/UnaYMilLetras\"]},{\"@type\":\"Person\",\"@id\":\"http:\\\/\\\/unaymilletras.com\\\/#\\\/schema\\\/person\\\/d55ba681b8a4e463d8982dbe36a5dc94\",\"name\":\"Maria Gil Robledo\",\"image\":{\"@type\":\"ImageObject\",\"inLanguage\":\"en-GB\",\"@id\":\"https:\\\/\\\/secure.gravatar.com\\\/avatar\\\/4b8e5102e0015789407eb4870b12f0f2857952d83ca124058f92b764bd1840c3?s=96&d=mm&r=g\",\"url\":\"https:\\\/\\\/secure.gravatar.com\\\/avatar\\\/4b8e5102e0015789407eb4870b12f0f2857952d83ca124058f92b764bd1840c3?s=96&d=mm&r=g\",\"contentUrl\":\"https:\\\/\\\/secure.gravatar.com\\\/avatar\\\/4b8e5102e0015789407eb4870b12f0f2857952d83ca124058f92b764bd1840c3?s=96&d=mm&r=g\",\"caption\":\"Maria Gil Robledo\"},\"sameAs\":[\"http:\\\/\\\/unaymilletras.com\"],\"url\":\"https:\\\/\\\/unaymilletras.com\\\/en\\\/author\\\/mariiagiil02_\\\/\"}]}<\/script>\n<!-- \/ Yoast SEO plugin. -->","yoast_head_json":{"title":"Vic Mirallas: \"Despu\u00e9s de esta gira y de este EP quiero parar un tiempo\"","description":"Con una propuesta sonora \u00fanica y un papel clave en la industria, Vic Mirallas se posiciona como una de las voces m\u00e1s prometedoras","robots":{"index":"index","follow":"follow","max-snippet":"max-snippet:-1","max-image-preview":"max-image-preview:large","max-video-preview":"max-video-preview:-1"},"canonical":"https:\/\/unaymilletras.com\/en\/vic-mirallas-despues-de-esta-gira-y-de-este-ep-quiero-parar-un-tiempo\/","og_locale":"en_GB","og_type":"article","og_title":"Vic Mirallas: \"Despu\u00e9s de esta gira y de este EP quiero parar un tiempo\"","og_description":"Con una propuesta sonora \u00fanica y un papel clave en la industria, Vic Mirallas se posiciona como una de las voces m\u00e1s prometedoras","og_url":"https:\/\/unaymilletras.com\/en\/vic-mirallas-despues-de-esta-gira-y-de-este-ep-quiero-parar-un-tiempo\/","og_site_name":"Una y Mil Letras","article_published_time":"2025-05-23T10:00:22+00:00","article_modified_time":"2025-05-24T22:49:42+00:00","og_image":[{"width":600,"height":600,"url":"http:\/\/unaymilletras.com\/wp-content\/uploads\/2025\/05\/VICM-SEVILLA-POST-e1747993961396.jpg","type":"image\/jpeg"}],"author":"Maria Gil Robledo","twitter_card":"summary_large_image","twitter_creator":"@UnaYMilLetras","twitter_site":"@UnaYMilLetras","twitter_misc":{"Written by":"Maria Gil Robledo","Estimated reading time":"4 minutes"},"schema":{"@context":"https:\/\/schema.org","@graph":[{"@type":"Article","@id":"https:\/\/unaymilletras.com\/vic-mirallas-despues-de-esta-gira-y-de-este-ep-quiero-parar-un-tiempo\/#article","isPartOf":{"@id":"https:\/\/unaymilletras.com\/vic-mirallas-despues-de-esta-gira-y-de-este-ep-quiero-parar-un-tiempo\/"},"author":{"name":"Maria Gil Robledo","@id":"http:\/\/unaymilletras.com\/#\/schema\/person\/d55ba681b8a4e463d8982dbe36a5dc94"},"headline":"Vic Mirallas: \u00abDespu\u00e9s de esta gira y de este EP quiero parar un tiempo\u00bb","datePublished":"2025-05-23T10:00:22+00:00","dateModified":"2025-05-24T22:49:42+00:00","mainEntityOfPage":{"@id":"https:\/\/unaymilletras.com\/vic-mirallas-despues-de-esta-gira-y-de-este-ep-quiero-parar-un-tiempo\/"},"wordCount":823,"publisher":{"@id":"http:\/\/unaymilletras.com\/#organization"},"image":{"@id":"https:\/\/unaymilletras.com\/vic-mirallas-despues-de-esta-gira-y-de-este-ep-quiero-parar-un-tiempo\/#primaryimage"},"thumbnailUrl":"https:\/\/unaymilletras.com\/wp-content\/uploads\/2025\/05\/VICM-SEVILLA-POST-e1747993961396.jpg","articleSection":["M\u00fasica"],"inLanguage":"en-GB"},{"@type":"WebPage","@id":"https:\/\/unaymilletras.com\/vic-mirallas-despues-de-esta-gira-y-de-este-ep-quiero-parar-un-tiempo\/","url":"https:\/\/unaymilletras.com\/vic-mirallas-despues-de-esta-gira-y-de-este-ep-quiero-parar-un-tiempo\/","name":"Vic Mirallas: \"Despu\u00e9s de esta gira y de este EP quiero parar un tiempo\"","isPartOf":{"@id":"http:\/\/unaymilletras.com\/#website"},"primaryImageOfPage":{"@id":"https:\/\/unaymilletras.com\/vic-mirallas-despues-de-esta-gira-y-de-este-ep-quiero-parar-un-tiempo\/#primaryimage"},"image":{"@id":"https:\/\/unaymilletras.com\/vic-mirallas-despues-de-esta-gira-y-de-este-ep-quiero-parar-un-tiempo\/#primaryimage"},"thumbnailUrl":"https:\/\/unaymilletras.com\/wp-content\/uploads\/2025\/05\/VICM-SEVILLA-POST-e1747993961396.jpg","datePublished":"2025-05-23T10:00:22+00:00","dateModified":"2025-05-24T22:49:42+00:00","description":"Con una propuesta sonora \u00fanica y un papel clave en la industria, Vic Mirallas se posiciona como una de las voces m\u00e1s prometedoras","breadcrumb":{"@id":"https:\/\/unaymilletras.com\/vic-mirallas-despues-de-esta-gira-y-de-este-ep-quiero-parar-un-tiempo\/#breadcrumb"},"inLanguage":"en-GB","potentialAction":[{"@type":"ReadAction","target":["https:\/\/unaymilletras.com\/vic-mirallas-despues-de-esta-gira-y-de-este-ep-quiero-parar-un-tiempo\/"]}]},{"@type":"ImageObject","inLanguage":"en-GB","@id":"https:\/\/unaymilletras.com\/vic-mirallas-despues-de-esta-gira-y-de-este-ep-quiero-parar-un-tiempo\/#primaryimage","url":"https:\/\/unaymilletras.com\/wp-content\/uploads\/2025\/05\/VICM-SEVILLA-POST-e1747993961396.jpg","contentUrl":"https:\/\/unaymilletras.com\/wp-content\/uploads\/2025\/05\/VICM-SEVILLA-POST-e1747993961396.jpg","width":600,"height":600,"caption":"Vic Mirallas"},{"@type":"BreadcrumbList","@id":"https:\/\/unaymilletras.com\/vic-mirallas-despues-de-esta-gira-y-de-este-ep-quiero-parar-un-tiempo\/#breadcrumb","itemListElement":[{"@type":"ListItem","position":1,"name":"Home","item":"http:\/\/unaymilletras.com\/"},{"@type":"ListItem","position":2,"name":"Vic Mirallas: \u00abDespu\u00e9s de esta gira y de este EP quiero parar un tiempo\u00bb"}]},{"@type":"WebSite","@id":"http:\/\/unaymilletras.com\/#website","url":"http:\/\/unaymilletras.com\/","name":"Una y Mil Letras","description":"","publisher":{"@id":"http:\/\/unaymilletras.com\/#organization"},"potentialAction":[{"@type":"SearchAction","target":{"@type":"EntryPoint","urlTemplate":"http:\/\/unaymilletras.com\/?s={search_term_string}"},"query-input":{"@type":"PropertyValueSpecification","valueRequired":true,"valueName":"search_term_string"}}],"inLanguage":"en-GB"},{"@type":"Organization","@id":"http:\/\/unaymilletras.com\/#organization","name":"Una y Mil Letras","url":"http:\/\/unaymilletras.com\/","logo":{"@type":"ImageObject","inLanguage":"en-GB","@id":"http:\/\/unaymilletras.com\/#\/schema\/logo\/image\/","url":"https:\/\/unaymilletras.com\/wp-content\/uploads\/2024\/06\/cropped-Logo-removebg-preview.png","contentUrl":"https:\/\/unaymilletras.com\/wp-content\/uploads\/2024\/06\/cropped-Logo-removebg-preview.png","width":512,"height":512,"caption":"Una y Mil Letras"},"image":{"@id":"http:\/\/unaymilletras.com\/#\/schema\/logo\/image\/"},"sameAs":["https:\/\/x.com\/UnaYMilLetras","https:\/\/instagram.com\/UnaYMilLetras"]},{"@type":"Person","@id":"http:\/\/unaymilletras.com\/#\/schema\/person\/d55ba681b8a4e463d8982dbe36a5dc94","name":"Maria Gil Robledo","image":{"@type":"ImageObject","inLanguage":"en-GB","@id":"https:\/\/secure.gravatar.com\/avatar\/4b8e5102e0015789407eb4870b12f0f2857952d83ca124058f92b764bd1840c3?s=96&d=mm&r=g","url":"https:\/\/secure.gravatar.com\/avatar\/4b8e5102e0015789407eb4870b12f0f2857952d83ca124058f92b764bd1840c3?s=96&d=mm&r=g","contentUrl":"https:\/\/secure.gravatar.com\/avatar\/4b8e5102e0015789407eb4870b12f0f2857952d83ca124058f92b764bd1840c3?s=96&d=mm&r=g","caption":"Maria Gil Robledo"},"sameAs":["http:\/\/unaymilletras.com"],"url":"https:\/\/unaymilletras.com\/en\/author\/mariiagiil02_\/"}]}},"_links":{"self":[{"href":"https:\/\/unaymilletras.com\/en\/wp-json\/wp\/v2\/posts\/4803","targetHints":{"allow":["GET"]}}],"collection":[{"href":"https:\/\/unaymilletras.com\/en\/wp-json\/wp\/v2\/posts"}],"about":[{"href":"https:\/\/unaymilletras.com\/en\/wp-json\/wp\/v2\/types\/post"}],"author":[{"embeddable":true,"href":"https:\/\/unaymilletras.com\/en\/wp-json\/wp\/v2\/users\/1"}],"replies":[{"embeddable":true,"href":"https:\/\/unaymilletras.com\/en\/wp-json\/wp\/v2\/comments?post=4803"}],"version-history":[{"count":7,"href":"https:\/\/unaymilletras.com\/en\/wp-json\/wp\/v2\/posts\/4803\/revisions"}],"predecessor-version":[{"id":4811,"href":"https:\/\/unaymilletras.com\/en\/wp-json\/wp\/v2\/posts\/4803\/revisions\/4811"}],"wp:featuredmedia":[{"embeddable":true,"href":"https:\/\/unaymilletras.com\/en\/wp-json\/wp\/v2\/media\/4805"}],"wp:attachment":[{"href":"https:\/\/unaymilletras.com\/en\/wp-json\/wp\/v2\/media?parent=4803"}],"wp:term":[{"taxonomy":"category","embeddable":true,"href":"https:\/\/unaymilletras.com\/en\/wp-json\/wp\/v2\/categories?post=4803"},{"taxonomy":"post_tag","embeddable":true,"href":"https:\/\/unaymilletras.com\/en\/wp-json\/wp\/v2\/tags?post=4803"}],"curies":[{"name":"wp","href":"https:\/\/api.w.org\/{rel}","templated":true}]}}